{"id":111694,"date":"2013-09-05T04:08:21","date_gmt":"2013-09-05T03:08:21","guid":{"rendered":"https:\/\/joyana.fr\/?p=11694"},"modified":"2013-09-05T04:08:21","modified_gmt":"2013-09-05T03:08:21","slug":"maison-objet-2013-le-live-reportages-et-informations","status":"publish","type":"post","link":"https:\/\/joyana.fr\/en\/maison-objet-2013-le-live-reportages-et-informations\/111694\/","title":{"rendered":"MAISON &#038; OBJET Septembre 2013 &#8211; Reportages, D\u00e9couvertes, Programme et Informations"},"content":{"rendered":"<p><a title=\"MAISON &#038; OBJET\" href=\"https:\/\/joyana.fr\/category\/actualite\/salon\/maison-et-objet\/\"><strong>Maison &#038; Objet 2013<\/strong><\/a> le salon fran\u00e7ais r\u00e9f\u00e9rence de la d\u00e9coration et du design c\u2019est du<strong> 06 au 10 Septembre 2013<\/strong> \u00e0 <strong>Paris<\/strong> Villepinte. D\u00e9couvrez sur place toutes les nouvelles tendances et collections de la rentr\u00e9e <strong>Septembre<\/strong>\u00a0<strong>2013 <\/strong>; et pour ne rien g\u00e2cher, \u00a0<a title=\"BLOG DECO DESIGN\" href=\"https:\/\/joyana.fr\" target=\"_blank\"><strong>Deco-Design<\/strong><\/a>\u00a0a le plaisir de d\u00e9cerner le prix Les D\u00e9couvertes du hall NOW! Design \u00e0 Vivre !<\/p>\n<p><img data-recalc-dims=\"1\" fetchpriority=\"high\" decoding=\"async\" class=\"alignnone size-large wp-image-14174\" alt=\"MAISON-ET-OBJET-S13_adPress_MO_MaisonObjet\" src=\"https:\/\/i0.wp.com\/joyana.fr\/wp-content\/uploads\/2013\/01\/MAISON-ET-OBJET-S13_adPress_MO_MaisonObjet.jpg?resize=576%2C786&#038;ssl=1\" width=\"576\" height=\"786\" \/><\/p>\n<p style=\"text-align: center;\">\n<h3 style=\"text-align: center;\"><\/h3>\n<h3 style=\"text-align: center;\">NOS REPORTAGES MAISON &#038; OBJET<br \/>\nSeptembre 2013 :<\/h3>\n<table style=\"text-align: left; width: 576px; height: 150px;\" border=\"0\" cellspacing=\"2\" cellpadding=\"2\">\n<tbody>\n<tr>\n<td><a href=\"https:\/\/joyana.fr\/mo13-table-subduction-prix-les-decouvertes-benoit-chabert-x-altiligne\/14186\/\" target=\"_blank\"><img data-recalc-dims=\"1\" decoding=\"async\" style=\"width: 300px; height: 100px;\" alt=\"altiligne\" src=\"https:\/\/i0.wp.com\/joyana.fr\/wp-content\/uploads\/2013\/09\/MAISON-ET-OBJET-SEPT-2013_1.jpg?ssl=1\" \/><\/a><\/td>\n<td>Deco-Design a d\u00e9cern\u00e9 le prix Les D\u00e9couvertes sur le secteur NOW! Design \u00e0 Vivre. Voici notre laur\u00e9at \u2013 Benoit Chabert et sa table SUBDUCTION chez Altiligne<a href=\"https:\/\/joyana.fr\/mo13-table-subduction-prix-les-decouvertes-benoit-chabert-x-altiligne\/14186\/\" target=\"_blank\">\u2026<\/a><\/td>\n<\/tr>\n<tr>\n<td><a href=\"https:\/\/joyana.fr\/mo13-buffet-design-falling-box-par-minimalist-editions\/14214\/\" target=\"_blank\"><img data-recalc-dims=\"1\" decoding=\"async\" style=\"width: 300px; height: 100px;\" alt=\"FALLING PART BUFFET\" src=\"https:\/\/i0.wp.com\/joyana.fr\/wp-content\/uploads\/2013\/09\/MAISON-ET-OBJET-SEPT-2013_8.jpg?ssl=1\" \/><\/a><\/td>\n<td>D\u00e9couverte du buffet FALLING BOX dans les all\u00e9es du salon Maison &#038; Objet, sign\u00e9 par Manes Ga\u00ebl fondateur de Minimalist Editions<a href=\"https:\/\/joyana.fr\/mo13-buffet-design-falling-box-par-minimalist-editions\/14214\/\" target=\"_blank\">\u2026<\/a><\/td>\n<\/tr>\n<tr>\n<td><a href=\"https:\/\/joyana.fr\/lampe-tetatet-par-christofle-x-davide-groppi\/14198\/\" target=\"_blank\"><img data-recalc-dims=\"1\" decoding=\"async\" style=\"width: 300px; height: 100px;\" alt=\"Lampe TETATET Christofle\" src=\"https:\/\/i0.wp.com\/joyana.fr\/wp-content\/uploads\/2013\/09\/MAISON-ET-OBJET-SEPT-2013_7.jpg?ssl=1\" \/><\/a><\/td>\n<td>Christofle collabore avec le designer Davide Groppi pour nous pr\u00e9senter une lampe ing\u00e9nieuse \u2013 intitul\u00e9e TETATET<a href=\"https:\/\/joyana.fr\/lampe-tetatet-par-christofle-x-davide-groppi\/14198\/\" target=\"_blank\">\u2026<\/a><\/td>\n<\/tr>\n<tr>\n<td><a href=\"https:\/\/joyana.fr\/mo13-tables-beton-fly-me-to-the-moon-par-numero-unique\/14237\/\" target=\"_blank\"><img data-recalc-dims=\"1\" decoding=\"async\" style=\"width: 300px; height: 100px;\" alt=\"table b\u00e9ton NUMERO UNIQUE\" src=\"https:\/\/i0.wp.com\/joyana.fr\/wp-content\/uploads\/2013\/09\/MAISON-ET-OBJET-SEPT-2013_6.jpg?ssl=1\" \/><\/a><\/td>\n<td>Numero-Unique pr\u00e9sentait les tables FLY ME TO THE MOON, qui ont la particularit\u00e9 d\u2019associer bois et b\u00e9ton<a href=\"https:\/\/joyana.fr\/mo13-tables-beton-fly-me-to-the-moon-par-numero-unique\/14237\/\" target=\"_blank\">\u2026<\/a><\/td>\n<\/tr>\n<tr>\n<td><a href=\"https:\/\/joyana.fr\/mo13-collection-muse-par-fenny-ganatra-aka-fennyg\/14207\/\" target=\"_blank\"><img data-recalc-dims=\"1\" decoding=\"async\" style=\"width: 300px; height: 100px;\" alt=\"FENNYG Corian\" src=\"https:\/\/i0.wp.com\/joyana.fr\/wp-content\/uploads\/2013\/09\/MAISON-ET-OBJET-SEPT-2013_5.jpg?ssl=1\" \/><\/a><\/td>\n<td>collection MUSE \u2013 sign\u00e9e par la designer Fenny Ganatra \u2013 dont la sculpture qui part et soutien en m\u00eame temps la table, en a \u00e9tonn\u00e9 plus d\u2019uns sur place<a href=\"https:\/\/joyana.fr\/mo13-collection-muse-par-fenny-ganatra-aka-fennyg\/14207\/\" target=\"_blank\">\u2026<\/a><\/td>\n<\/tr>\n<tr>\n<td><a href=\"https:\/\/joyana.fr\/mo13table-design-jean-phi-par-exsud\/14250\/\" target=\"_blank\"><img data-recalc-dims=\"1\" decoding=\"async\" style=\"width: 300px; height: 100px;\" alt=\"EXSUD Maison et objet\" src=\"https:\/\/i0.wp.com\/joyana.fr\/wp-content\/uploads\/2013\/09\/MAISON-ET-OBJET-SEPT-2013_4.jpg?ssl=1\" \/><\/a><\/td>\n<td>Le studio polonais Exsud nous pr\u00e9sente une superbe table \u2013 intitul\u00e9e JEAN-PHI \u2013 qui allie la modernit\u00e9 de l\u2019inox, au naturel d\u2019un tronc d\u2019arbre en ch\u00eane<a href=\"https:\/\/joyana.fr\/mo13table-design-jean-phi-par-exsud\/14250\/\" target=\"_blank\">\u2026<\/a><\/td>\n<\/tr>\n<tr>\n<td><a href=\"https:\/\/joyana.fr\/mo13-collection-shine-par-emu-x-arik-levy\/14224\/\" target=\"_blank\"><img data-recalc-dims=\"1\" decoding=\"async\" style=\"width: 300px; height: 100px;\" alt=\"LAMPE UP\" src=\"https:\/\/i0.wp.com\/joyana.fr\/wp-content\/uploads\/2013\/09\/MAISON-ET-OBJET-SEPT-2013_3.jpg?ssl=1\" \/><\/a><\/td>\n<td>Arik Levy et Emu pr\u00e9sentent le fruit de leur collaboration \u2013 une collection de mobilier pour l\u2019ext\u00e9rieur intitul\u00e9e SHINE<a href=\"https:\/\/joyana.fr\/mo13-collection-shine-par-emu-x-arik-levy\/14224\/\" target=\"_blank\">\u2026<\/a><\/td>\n<\/tr>\n<tr>\n<td><a href=\"https:\/\/joyana.fr\/mo13-appliques-design-nenuphar-par-kristian-gavoille-x-designheure\/14244\/\" target=\"_blank\"><img data-recalc-dims=\"1\" decoding=\"async\" style=\"width: 300px; height: 100px;\" alt=\"Applique LAHUMIERE\" src=\"https:\/\/i0.wp.com\/joyana.fr\/wp-content\/uploads\/2013\/09\/MAISON-ET-OBJET-SEPT-2013_2.jpg?ssl=1\" \/><\/a><\/td>\n<td>DesignHeure proposait aux visiteurs de leur stand sur Maison &#038; Objet, un immense mur orn\u00e9 de dizaines d\u2019appliques NENUPHAR \u2013 sign\u00e9e par Kristian Gavoille<a href=\"https:\/\/joyana.fr\/mo13-appliques-design-nenuphar-par-kristian-gavoille-x-designheure\/14244\/\" target=\"_blank\">\u2026<\/a><\/td>\n<\/tr>\n<tr>\n<td><a href=\"https:\/\/joyana.fr\/category\/actualite\/salon\/paris-design-week\/\" target=\"_blank\"><img data-recalc-dims=\"1\" decoding=\"async\" style=\"width: 300px; height: 100px;\" alt=\"STRUCTURE S7\" src=\"https:\/\/i0.wp.com\/joyana.fr\/wp-content\/uploads\/2013\/09\/MAISON-ET-OBJET-SEPT-2013_PARIS-DESIGN-WEEK.jpg?ssl=1\" \/><\/a><\/td>\n<td>D\u00e9couvrez nos coups de coeur durant la PARIS DESIGN WEEK<a href=\"https:\/\/joyana.fr\/category\/actualite\/salon\/paris-design-week\/\" target=\"_blank\">\u2026<\/a><\/td>\n<\/tr>\n<\/tbody>\n<\/table>\n<p><span style=\"color: #000000;\">.<\/span><\/p>\n<h3 style=\"text-align: center;\">MAISON &#038; OBJET Septembre 2013 &#8211; Le Programme :<\/h3>\n<p>1. TENDANCES AUTOMNE\/HIVER 2013-2014<br \/>\n1. 1 Energies, le parcours tendances automne\/hiver 2013 1. 2 Illuminations<br \/>\n1. 3 Funt@sy<br \/>\n1. 4 Psychotropia<\/p>\n<p>2. L&#8217;ACTUALITE DES SALONS<br \/>\n2. 1 Ethnic chic &#8211; mic 2. 2 Textile<br \/>\n2. 3 Cook+design<br \/>\n2. 4 Cote Deco<br \/>\n2. 5 ACTUEL<br \/>\n2. 6 Craft<br \/>\n2. 7 Accessoires Maison<br \/>\n2. 8 sc\u00e8nes d&#8217;int\u00e9rieur<br \/>\n2. 9 MAISON&#038;OBJETS I projets I 2. 10 now! design \u00e0 vivre o\u00f9 <a title=\"MAGAZINE DECORATION DESIGN\" href=\"https:\/\/joyana.fr\" target=\"_blank\"><strong>Deco-Design<\/strong><\/a> d\u00e9cernera le prix Les D\u00e9couvertes&#8230;<\/p>\n<p><img data-recalc-dims=\"1\" decoding=\"async\" alt=\"MAISON-ET-OBJET-SEPTEMBRE13_adPress_MO_nowDesignAvivre\" src=\"https:\/\/i0.wp.com\/joyana.fr\/wp-content\/uploads\/2013\/01\/MAISON-ET-OBJET-SEPTEMBRE13_adPress_MO_nowDesignAvivre.jpg?resize=576%2C784&#038;ssl=1\" width=\"576\" height=\"784\" \/><\/p>\n<p>3. EXPOSITIONS ET ANIMATIONS<br \/>\n3. 1 Odile Decq, cr\u00e9ateur MAISON&#038;OBJET 2013<br \/>\n3. 2 Joseph Dirand, cr\u00e9ateur sc\u00e8nes d&#8217;int\u00e9rieur 2013 3. 3 Talents \u00e0 la Carte<br \/>\n3. 4 Motoko Ishii &#038; Akari-Ishii Light Essentials, hall 7 3. 5 Le lab materiO, hall 7<br \/>\n3. 6 M\u00e9tiers d&#8217;art, hall 5A<br \/>\n3. 7 Les conf\u00e9rences, hall 5B<br \/>\n3. 8 Val&#8217;Hor &#8211; DESIGN PAR NATURE<\/p>\n<p>\ufffc4. COT\u00c9 BUSINESS : RENDEZ-VOUS ET SERVICES<br \/>\n4. 1 MyMAISON&#038;OBET pour r\u00e9ussir son salon 4. 2 Le Club<br \/>\n4. 3 Le BUSINESS LOUNGE, hall 5B<br \/>\n4. 4 L&#8217;espace Retail, hall 5A<\/p>\n<p>5. VIDEO CONFERENCE DE PRESSE<\/p>\n<p>&nbsp;<\/p>\n<p>6. PARIS DESIGN WEEK &#8211; Deco-Design arpentera la capitale d&#8217;expositions en expositions pour vous faire d\u00e9couvrir le meilleur de la <strong>PARIS DESIGN WEEK 2013<\/strong>&#8230;<\/p>\n<p><img data-recalc-dims=\"1\" decoding=\"async\" class=\"alignnone size-large wp-image-14176\" alt=\"MAISON-ET-OBJET-SEPTEMBRE-2013-S13_adPress_PDW_avril2013\" src=\"https:\/\/i0.wp.com\/joyana.fr\/wp-content\/uploads\/2013\/01\/MAISON-ET-OBJET-SEPTEMBRE-2013-S13_adPress_PDW_avril2013.jpg?resize=576%2C786&#038;ssl=1\" width=\"576\" height=\"786\" \/><\/p>\n<p>&nbsp;<\/p>\n<p>&nbsp;<\/p>\n<h3 style=\"text-align: center;\"><span style=\"color: #000000;\">.<\/span><\/h3>\n<h3 style=\"text-align: center;\">NOS REPORTAGES MAISON &#038; OBJET<br \/>\nJanvier 2013 :<\/h3>\n<table style=\"text-align: left; width: 576px; height: 150px;\" border=\"0\" cellspacing=\"2\" cellpadding=\"2\">\n<tbody>\n<tr>\n<td><a href=\"https:\/\/joyana.fr\/blackbody-nouveautes-2013\/11775\/\" target=\"_blank\"><img data-recalc-dims=\"1\" decoding=\"async\" style=\"width: 300px; height: 100px;\" alt=\"BLACKBODY 2013\" src=\"https:\/\/i0.wp.com\/joyana.fr\/wp-content\/uploads\/2013\/01\/REPORTAGE_.jpg?ssl=1\" \/><\/a><\/td>\n<td>BLACKBODY, cr\u00e9ateur de luminaires OLED innovantes\u00a0nous pr\u00e9sente ses nouveaut\u00e9s exclusives\u00a0au Salon Maison &#038; Objet 2013<a href=\"https:\/\/joyana.fr\/blackbody-nouveautes-2013\/11775\/\" target=\"_blank\">\u2026<\/a><\/td>\n<\/tr>\n<tr>\n<td><a href=\"https:\/\/joyana.fr\/mo-13-coiffeuse-daan-koers-prix-les-decouvertes\/12012\/\" target=\"_blank\"><img data-recalc-dims=\"1\" decoding=\"async\" style=\"width: 300px; height: 100px;\" alt=\"PRIX DECOUVERTES DECODESIGN\" src=\"https:\/\/i0.wp.com\/joyana.fr\/wp-content\/uploads\/2013\/01\/REPORTAGE_2.jpg?ssl=1\" \/><\/a><\/td>\n<td>D\u00e9co-Design a eu l\u2019honneur de remettre le prix Les D\u00e9couvertes dans le secteurs CRAFT de Maison &#038; Objet.<a href=\"https:\/\/joyana.fr\/mo-13-coiffeuse-daan-koers-prix-les-decouvertes\/12012\/\" target=\"_blank\">\u2026<\/a><\/td>\n<\/tr>\n<tr>\n<td><a href=\"https:\/\/joyana.fr\/mo-13-fujisato-woodcraft-x-ron-gilad\/11851\/\" target=\"_blank\"><img data-recalc-dims=\"1\" decoding=\"async\" style=\"width: 300px; height: 100px;\" alt=\"JAPAN CREATIVE\" src=\"https:\/\/i0.wp.com\/joyana.fr\/wp-content\/uploads\/2013\/01\/REPORTAGE_7.jpg?ssl=1\" \/><\/a><\/td>\n<td>D\u00e9couvrez la collection ARTS METALLIQUES ET ARMOIRES sign\u00e9e par Ron Gilad pour Fujisato Woodcraft<a href=\"https:\/\/joyana.fr\/mo-13-fujisato-woodcraft-x-ron-gilad\/11851\/\" target=\"_blank\">\u2026<\/a><\/td>\n<\/tr>\n<tr>\n<td><a href=\"https:\/\/joyana.fr\/mo-13-christofle-arborescence-x-ora-ito\/11879\/\" target=\"_blank\"><img data-recalc-dims=\"1\" decoding=\"async\" style=\"width: 300px; height: 100px;\" alt=\"ora ito christofle\" src=\"https:\/\/i0.wp.com\/joyana.fr\/wp-content\/uploads\/2013\/01\/REPORTAGE_6.jpg?ssl=1\" \/><\/a><\/td>\n<td>Le designer Ora-\u00cfto poursuit sa collaboration avec Christofle et signe de nouvelles cr\u00e9ations dans l\u2019univers du mobilier \u00e0 travers la collection ARBORESCENCE<a href=\"https:\/\/joyana.fr\/mo-13-christofle-arborescence-x-ora-ito\/11879\/\" target=\"_blank\">\u2026<\/a><\/td>\n<\/tr>\n<tr>\n<td><a href=\"https:\/\/joyana.fr\/mo13-plus-de-50-nouveautes-cette-annee-chez-cinna\/11954\/\" target=\"_blank\"><img data-recalc-dims=\"1\" decoding=\"async\" style=\"width: 300px; height: 100px;\" alt=\"NOUVEAUTE CINNA 2013\" src=\"https:\/\/i0.wp.com\/joyana.fr\/wp-content\/uploads\/2013\/01\/REPORTAGE_3.jpg?ssl=1\" \/><\/a><\/td>\n<td>CINNA nous pr\u00e9sente en exclusivit\u00e9 pour Maison &#038; Objet sa nouvelle collection 2013 &#8211; qui comprend de nombreuses nouveaut\u00e9s<a href=\"https:\/\/joyana.fr\/mo13-plus-de-50-nouveautes-cette-annee-chez-cinna\/11954\/\" target=\"_blank\">\u2026<\/a><\/td>\n<\/tr>\n<tr>\n<td><a href=\"https:\/\/joyana.fr\/mo13-minipipistrello-hommage-a-gae-aulenti\/11992\/\" target=\"_blank\"><img data-recalc-dims=\"1\" decoding=\"async\" style=\"width: 300px; height: 100px;\" alt=\"MINIPIPISTRELLO\" src=\"https:\/\/i0.wp.com\/joyana.fr\/wp-content\/uploads\/2013\/01\/REPORTAGE_4.jpg?ssl=1\" \/><\/a><\/td>\n<td>Avec la lampe MINIPIPISTRELLO, Martinelli Luce a voulu rappeler l\u2019architecte Gae Aulenti de la seule fa\u00e7on possible<a href=\"https:\/\/joyana.fr\/mo13-minipipistrello-hommage-a-gae-aulenti\/11992\/\" target=\"_blank\">\u2026<\/a><\/td>\n<\/tr>\n<tr>\n<td><a href=\"https:\/\/joyana.fr\/mo-13-lampe-up-par-muuto\/12040\/\" target=\"_blank\"><img data-recalc-dims=\"1\" decoding=\"async\" style=\"width: 300px; height: 100px;\" alt=\"LAMPE UP\" src=\"https:\/\/i0.wp.com\/joyana.fr\/wp-content\/uploads\/2013\/01\/REPORTAGE_8.jpg?ssl=1\" \/><\/a><\/td>\n<td>Pr\u00e9sentation exclusive pour le salon Maison &#038; Objet chez Muuto, de leur nouvelle lampe de table UP<a href=\"https:\/\/joyana.fr\/mo-13-lampe-up-par-muuto\/12040\/\" target=\"_blank\">\u2026<\/a><\/td>\n<\/tr>\n<tr>\n<td><a href=\"https:\/\/joyana.fr\/mo-13-treteaux-robba-edition-730\/11862\/\" target=\"_blank\"><img data-recalc-dims=\"1\" decoding=\"async\" style=\"width: 300px; height: 100px;\" alt=\"TRETEAUX DESIGN 730\" src=\"https:\/\/i0.wp.com\/joyana.fr\/wp-content\/uploads\/2013\/01\/REPORTAGE_10.jpg?ssl=1\" \/><\/a><\/td>\n<td>730 est une des plus belles d\u00e9couvertes que nous avons faites sur le salon Maison &#038; Objet<a href=\"https:\/\/joyana.fr\/mo-13-treteaux-robba-edition-730\/11862\/\" target=\"_blank\">\u2026<\/a><\/td>\n<\/tr>\n<tr>\n<td><a href=\"https:\/\/joyana.fr\/maison-et-objet-structures-s7-nicolas-pichelin\/12065\/\" target=\"_blank\"><img data-recalc-dims=\"1\" decoding=\"async\" style=\"width: 300px; height: 100px;\" alt=\"STRUCTURE S7\" src=\"https:\/\/i0.wp.com\/joyana.fr\/wp-content\/uploads\/2013\/01\/REPORTAGE_11.jpg?ssl=1\" \/><\/a><\/td>\n<td>Pr\u00e9sent\u00e9e pour la premi\u00e8re fois \u00e0 Maison &#038; Objet, cette lampe surprenante \u2013 S7 \u2013 est dessin\u00e9e par Nicolas Pichelin<a href=\"https:\/\/joyana.fr\/maison-et-objet-structures-s7-nicolas-pichelin\/12065\/\" target=\"_blank\">\u2026<\/a><\/td>\n<\/tr>\n<tr>\n<td><a href=\"https:\/\/joyana.fr\/mo13-lampe-design-tuca-tuca-elia-mangia-foundry\/12074\/\" target=\"_blank\"><img data-recalc-dims=\"1\" decoding=\"async\" style=\"width: 300px; height: 100px;\" alt=\"LAMPE TUCA TUCA\" src=\"https:\/\/i0.wp.com\/joyana.fr\/wp-content\/uploads\/2013\/01\/REPORTAGE_12.jpg?ssl=1\" \/><\/a><\/td>\n<td>Oui, mais on ne se lasse pas des nouvelles cr\u00e9ations lumineuses des designers, comme cette lampe TUCA-TUCA de Elia Mangia<a href=\"https:\/\/joyana.fr\/mo13-lampe-design-tuca-tuca-elia-mangia-foundry\/12074\/\" target=\"_blank\">\u2026<\/a><\/td>\n<\/tr>\n<tr>\n<td><a href=\"https:\/\/joyana.fr\/table-et-chaise-sloo-par-vondom-x-karim-rashid\/12023\/\" target=\"_blank\"><img data-recalc-dims=\"1\" decoding=\"async\" style=\"width: 300px; height: 100px;\" alt=\"KARIM RASHID VONDOM\" src=\"https:\/\/i0.wp.com\/joyana.fr\/wp-content\/uploads\/2013\/01\/REPORTAGE_16.jpg?ssl=1\" \/><\/a><\/td>\n<td>Petit d\u00e9tour par le stand VONDOM \u2013 o\u00f9 l\u2019\u00e9diteur espagnol pr\u00e9sentait SLOO sa derni\u00e8re collaboration avec le designer Karim Rashid<a href=\"https:\/\/joyana.fr\/table-et-chaise-sloo-par-vondom-x-karim-rashid\/12023\/\" target=\"_blank\">\u2026<\/a><\/td>\n<\/tr>\n<\/tbody>\n<\/table>\n<h3 style=\"text-align: center;\"><\/h3>\n<p><span style=\"color: #000000;\">.<\/span><\/p>\n<h3 style=\"text-align: center;\"><\/h3>\n<h3 style=\"text-align: center;\">INFOS PRATIQUES MAISON ET OBJET SEPTEMBRE 2013 :<\/h3>\n<p>Horaires d&#8217;ouverture de <strong>Maison et objet<\/strong> : Du vendredi 06 Septembre au Mardi 10 Septembre 2013 de 9h30 \u00e0 19h.<\/p>\n<p>Acc\u00e8s au Parc des Expositions, Paris Nord &#8211; Villepinte :<\/p>\n<p>&#8211; depuis Paris, prendre le RER B, direction Roissy Charles de Gaule, station &#8220;Parc des Expositions&#8221;.<br \/>\n&#8211; des navettes sont mises \u00e0 disposition depuis Paris (Porte Maillot) et depuis l&#8217;a\u00e9roport Charles de Gaulle.<\/p>\n<p><span style=\"color: #000000;\">.<\/span><\/p>\n<p style=\"text-align: center;\">En savoir<strong> +<\/strong> sur <a title=\"MAISON ET OBJET\" href=\"http:\/\/www.maison-objet.com\/\"><strong>MAISON&#038;OBJET<\/strong><\/a><\/p>\n","protected":false},"excerpt":{"rendered":"<p>Maison &#038; Objet 2013 le salon fran\u00e7ais r\u00e9f\u00e9rence de la d\u00e9coration et du design c\u2019est du 06 au 10 Septembre 2013 \u00e0 Paris Villepinte. D\u00e9couvrez sur place toutes les nouvelles tendances et collections de la rentr\u00e9e Septembre\u00a02013 ; et pour ne rien g\u00e2cher, \u00a0Deco-Design\u00a0a le plaisir de d\u00e9cerner le prix Les D\u00e9couvertes du hall NOW! [&hellip;]<\/p>\n","protected":false},"author":3,"featured_media":114177,"comment_status":"open","ping_status":"open","sticky":false,"template":"","format":"standard","meta":{"_coblocks_attr":"","_coblocks_dimensions":"","_coblocks_responsive_height":"","_coblocks_accordion_ie_support":"","_uag_custom_page_level_css":"","advgb_blocks_editor_width":"","advgb_blocks_columns_visual_guide":"","_genesis_hide_title":false,"_genesis_hide_breadcrumbs":false,"_genesis_hide_singular_image":false,"_genesis_hide_footer_widgets":false,"_genesis_custom_body_class":"","_genesis_custom_post_class":"","_genesis_layout":"","_themeisle_gutenberg_block_has_review":false,"_jetpack_newsletter_access":"","_jetpack_dont_email_post_to_subs":false,"_jetpack_newsletter_tier_id":0,"_jetpack_memberships_contains_paywalled_content":false,"_jetpack_memberships_contains_paid_content":false,"footnotes":""},"categories":[1036,905,961,1015],"tags":[962,1447,963],"class_list":{"0":"post-111694","1":"post","2":"type-post","3":"status-publish","4":"format-standard","5":"has-post-thumbnail","7":"category-a-la-une","8":"category-deco-design","9":"category-maison-et-objet","10":"category-salon","11":"tag-maison-objet","12":"tag-paris-design-week","13":"tag-salons-design","14":"entry"},"featured_image_urls":{"full":["https:\/\/i0.wp.com\/joyana.fr\/wp-content\/uploads\/2013\/01\/MAISON-ET-OBJET-2013-CAROUSSEL-DECODESIGN1.jpg?fit=1500%2C320&ssl=1",1500,320,false],"thumbnail":["https:\/\/i0.wp.com\/joyana.fr\/wp-content\/uploads\/2013\/01\/MAISON-ET-OBJET-2013-CAROUSSEL-DECODESIGN1.jpg?resize=150%2C150&ssl=1",150,150,true],"medium":["https:\/\/i0.wp.com\/joyana.fr\/wp-content\/uploads\/2013\/01\/MAISON-ET-OBJET-2013-CAROUSSEL-DECODESIGN1.jpg?fit=389%2C83&ssl=1",389,83,true],"medium_large":["https:\/\/i0.wp.com\/joyana.fr\/wp-content\/uploads\/2013\/01\/MAISON-ET-OBJET-2013-CAROUSSEL-DECODESIGN1.jpg?fit=768%2C164&ssl=1",768,164,true],"large":["https:\/\/i0.wp.com\/joyana.fr\/wp-content\/uploads\/2013\/01\/MAISON-ET-OBJET-2013-CAROUSSEL-DECODESIGN1.jpg?fit=1024%2C218&ssl=1",1024,218,true],"1536x1536":["https:\/\/i0.wp.com\/joyana.fr\/wp-content\/uploads\/2013\/01\/MAISON-ET-OBJET-2013-CAROUSSEL-DECODESIGN1.jpg?fit=1500%2C320&ssl=1",1500,320,true],"2048x2048":["https:\/\/i0.wp.com\/joyana.fr\/wp-content\/uploads\/2013\/01\/MAISON-ET-OBJET-2013-CAROUSSEL-DECODESIGN1.jpg?fit=1500%2C320&ssl=1",1500,320,true],"featured-thumb":["https:\/\/i0.wp.com\/joyana.fr\/wp-content\/uploads\/2013\/01\/MAISON-ET-OBJET-2013-CAROUSSEL-DECODESIGN1.jpg?resize=1500%2C320&ssl=1",1500,320,true],"ab-block-post-grid-landscape":["https:\/\/i0.wp.com\/joyana.fr\/wp-content\/uploads\/2013\/01\/MAISON-ET-OBJET-2013-CAROUSSEL-DECODESIGN1.jpg?resize=600%2C320&ssl=1",600,320,true],"ab-block-post-grid-square":["https:\/\/i0.wp.com\/joyana.fr\/wp-content\/uploads\/2013\/01\/MAISON-ET-OBJET-2013-CAROUSSEL-DECODESIGN1.jpg?resize=600%2C320&ssl=1",600,320,true],"author-pro-image":["https:\/\/i0.wp.com\/joyana.fr\/wp-content\/uploads\/2013\/01\/MAISON-ET-OBJET-2013-CAROUSSEL-DECODESIGN1.jpg?resize=360%2C320&ssl=1",360,320,true],"slider":["https:\/\/i0.wp.com\/joyana.fr\/wp-content\/uploads\/2013\/01\/MAISON-ET-OBJET-2013-CAROUSSEL-DECODESIGN1.jpg?resize=920%2C320&ssl=1",920,320,true],"woocommerce_thumbnail":["https:\/\/i0.wp.com\/joyana.fr\/wp-content\/uploads\/2013\/01\/MAISON-ET-OBJET-2013-CAROUSSEL-DECODESIGN1.jpg?resize=450%2C320&ssl=1",450,320,true],"woocommerce_single":["https:\/\/i0.wp.com\/joyana.fr\/wp-content\/uploads\/2013\/01\/MAISON-ET-OBJET-2013-CAROUSSEL-DECODESIGN1.jpg?fit=920%2C196&ssl=1",920,196,true],"woocommerce_gallery_thumbnail":["https:\/\/i0.wp.com\/joyana.fr\/wp-content\/uploads\/2013\/01\/MAISON-ET-OBJET-2013-CAROUSSEL-DECODESIGN1.jpg?resize=180%2C180&ssl=1",180,180,true],"sow-carousel-default":["https:\/\/i0.wp.com\/joyana.fr\/wp-content\/uploads\/2013\/01\/MAISON-ET-OBJET-2013-CAROUSSEL-DECODESIGN1.jpg?resize=272%2C182&ssl=1",272,182,true]},"post_excerpt_stackable":"<p>Maison &#038; Objet 2013 le salon fran\u00e7ais r\u00e9f\u00e9rence de la d\u00e9coration et du design c\u2019est du 06 au 10 Septembre 2013 \u00e0 Paris Villepinte. D\u00e9couvrez sur place toutes les nouvelles tendances et collections de la rentr\u00e9e Septembre\u00a02013 ; et pour ne rien g\u00e2cher, \u00a0Deco-Design\u00a0a le plaisir de d\u00e9cerner le prix Les D\u00e9couvertes du hall NOW! Design \u00e0 Vivre ! NOS REPORTAGES MAISON &#038; OBJET Septembre 2013 : Deco-Design a d\u00e9cern\u00e9 le prix Les D\u00e9couvertes sur le secteur NOW! Design \u00e0 Vivre. Voici notre laur\u00e9at \u2013 Benoit Chabert et sa table SUBDUCTION chez Altiligne\u2026 D\u00e9couverte du buffet FALLING BOX dans les&hellip;<\/p>\n","category_list":"<a href=\"https:\/\/joyana.fr\/en\/category\/a-la-une\/\" rel=\"category tag\">A la une !!!<\/a>, <a href=\"https:\/\/joyana.fr\/en\/category\/deco-design\/\" rel=\"category tag\">DECO-DESIGN<\/a>, <a href=\"https:\/\/joyana.fr\/en\/category\/deco-design\/actualite\/salon\/maison-et-objet\/\" rel=\"category tag\">MAISON &amp; OBJET<\/a>, <a href=\"https:\/\/joyana.fr\/en\/category\/deco-design\/actualite\/salon\/\" rel=\"category tag\">Salon &amp; Ev\u00e8nement<\/a>","author_info":{"display_name":"Jo Yana","author_link":"https:\/\/joyana.fr\/en\/author\/joyana\/"},"comments_num":"9 comments","featured_image_urls_v2":{"full":["https:\/\/i0.wp.com\/joyana.fr\/wp-content\/uploads\/2013\/01\/MAISON-ET-OBJET-2013-CAROUSSEL-DECODESIGN1.jpg?fit=1500%2C320&ssl=1",1500,320,false],"thumbnail":["https:\/\/i0.wp.com\/joyana.fr\/wp-content\/uploads\/2013\/01\/MAISON-ET-OBJET-2013-CAROUSSEL-DECODESIGN1.jpg?resize=150%2C150&ssl=1",150,150,true],"medium":["https:\/\/i0.wp.com\/joyana.fr\/wp-content\/uploads\/2013\/01\/MAISON-ET-OBJET-2013-CAROUSSEL-DECODESIGN1.jpg?fit=389%2C83&ssl=1",389,83,true],"medium_large":["https:\/\/i0.wp.com\/joyana.fr\/wp-content\/uploads\/2013\/01\/MAISON-ET-OBJET-2013-CAROUSSEL-DECODESIGN1.jpg?fit=768%2C164&ssl=1",768,164,true],"large":["https:\/\/i0.wp.com\/joyana.fr\/wp-content\/uploads\/2013\/01\/MAISON-ET-OBJET-2013-CAROUSSEL-DECODESIGN1.jpg?fit=1024%2C218&ssl=1",1024,218,true],"1536x1536":["https:\/\/i0.wp.com\/joyana.fr\/wp-content\/uploads\/2013\/01\/MAISON-ET-OBJET-2013-CAROUSSEL-DECODESIGN1.jpg?fit=1500%2C320&ssl=1",1500,320,true],"2048x2048":["https:\/\/i0.wp.com\/joyana.fr\/wp-content\/uploads\/2013\/01\/MAISON-ET-OBJET-2013-CAROUSSEL-DECODESIGN1.jpg?fit=1500%2C320&ssl=1",1500,320,true],"featured-thumb":["https:\/\/i0.wp.com\/joyana.fr\/wp-content\/uploads\/2013\/01\/MAISON-ET-OBJET-2013-CAROUSSEL-DECODESIGN1.jpg?resize=1500%2C320&ssl=1",1500,320,true],"ab-block-post-grid-landscape":["https:\/\/i0.wp.com\/joyana.fr\/wp-content\/uploads\/2013\/01\/MAISON-ET-OBJET-2013-CAROUSSEL-DECODESIGN1.jpg?resize=600%2C320&ssl=1",600,320,true],"ab-block-post-grid-square":["https:\/\/i0.wp.com\/joyana.fr\/wp-content\/uploads\/2013\/01\/MAISON-ET-OBJET-2013-CAROUSSEL-DECODESIGN1.jpg?resize=600%2C320&ssl=1",600,320,true],"author-pro-image":["https:\/\/i0.wp.com\/joyana.fr\/wp-content\/uploads\/2013\/01\/MAISON-ET-OBJET-2013-CAROUSSEL-DECODESIGN1.jpg?resize=360%2C320&ssl=1",360,320,true],"slider":["https:\/\/i0.wp.com\/joyana.fr\/wp-content\/uploads\/2013\/01\/MAISON-ET-OBJET-2013-CAROUSSEL-DECODESIGN1.jpg?resize=920%2C320&ssl=1",920,320,true],"woocommerce_thumbnail":["https:\/\/i0.wp.com\/joyana.fr\/wp-content\/uploads\/2013\/01\/MAISON-ET-OBJET-2013-CAROUSSEL-DECODESIGN1.jpg?resize=450%2C320&ssl=1",450,320,true],"woocommerce_single":["https:\/\/i0.wp.com\/joyana.fr\/wp-content\/uploads\/2013\/01\/MAISON-ET-OBJET-2013-CAROUSSEL-DECODESIGN1.jpg?fit=920%2C196&ssl=1",920,196,true],"woocommerce_gallery_thumbnail":["https:\/\/i0.wp.com\/joyana.fr\/wp-content\/uploads\/2013\/01\/MAISON-ET-OBJET-2013-CAROUSSEL-DECODESIGN1.jpg?resize=180%2C180&ssl=1",180,180,true],"sow-carousel-default":["https:\/\/i0.wp.com\/joyana.fr\/wp-content\/uploads\/2013\/01\/MAISON-ET-OBJET-2013-CAROUSSEL-DECODESIGN1.jpg?resize=272%2C182&ssl=1",272,182,true]},"post_excerpt_stackable_v2":"<p>Maison &#038; Objet 2013 le salon fran\u00e7ais r\u00e9f\u00e9rence de la d\u00e9coration et du design c\u2019est du 06 au 10 Septembre 2013 \u00e0 Paris Villepinte. D\u00e9couvrez sur place toutes les nouvelles tendances et collections de la rentr\u00e9e Septembre\u00a02013 ; et pour ne rien g\u00e2cher, \u00a0Deco-Design\u00a0a le plaisir de d\u00e9cerner le prix Les D\u00e9couvertes du hall NOW! Design \u00e0 Vivre ! NOS REPORTAGES MAISON &#038; OBJET Septembre 2013 : Deco-Design a d\u00e9cern\u00e9 le prix Les D\u00e9couvertes sur le secteur NOW! Design \u00e0 Vivre. Voici notre laur\u00e9at \u2013 Benoit Chabert et sa table SUBDUCTION chez Altiligne\u2026 D\u00e9couverte du buffet FALLING BOX dans les&hellip;<\/p>\n","category_list_v2":"<a href=\"https:\/\/joyana.fr\/en\/category\/a-la-une\/\" rel=\"category tag\">A la une !!!<\/a>, <a href=\"https:\/\/joyana.fr\/en\/category\/deco-design\/\" rel=\"category tag\">DECO-DESIGN<\/a>, <a href=\"https:\/\/joyana.fr\/en\/category\/deco-design\/actualite\/salon\/maison-et-objet\/\" rel=\"category tag\">MAISON &amp; OBJET<\/a>, <a href=\"https:\/\/joyana.fr\/en\/category\/deco-design\/actualite\/salon\/\" rel=\"category tag\">Salon &amp; Ev\u00e8nement<\/a>","author_info_v2":{"name":"Jo Yana","url":"https:\/\/joyana.fr\/en\/author\/joyana\/"},"comments_num_v2":"9 comments","yoast_head":"<!-- This site is optimized with the Yoast SEO plugin v26.8 - https:\/\/yoast.com\/product\/yoast-seo-wordpress\/ -->\n<title>MAISON &amp; OBJET Septembre 2013 - Reportages, D\u00e9couvertes, Programme et Informations - JO YANA<\/title>\n<meta name=\"robots\" content=\"index, follow, max-snippet:-1, max-image-preview:large, max-video-preview:-1\" \/>\n<link rel=\"canonical\" href=\"https:\/\/joyana.fr\/en\/maison-objet-2013-le-live-reportages-et-informations\/111694\/\" \/>\n<meta property=\"og:locale\" content=\"en_US\" \/>\n<meta property=\"og:locale:alternate\" content=\"fr_FR\" \/>\n<meta property=\"og:locale:alternate\" content=\"ja\" \/>\n<meta property=\"og:type\" content=\"article\" \/>\n<meta property=\"og:title\" content=\"MAISON &amp; OBJET Septembre 2013 - Reportages, D\u00e9couvertes, Programme et Informations - JO YANA\" \/>\n<meta property=\"og:description\" content=\"Maison &amp; Objet 2013 le salon fran\u00e7ais r\u00e9f\u00e9rence de la d\u00e9coration et du design c\u2019est du 06 au 10 Septembre 2013 \u00e0 Paris Villepinte. D\u00e9couvrez sur place toutes les nouvelles tendances et collections de la rentr\u00e9e Septembre\u00a02013 ; et pour ne rien g\u00e2cher, \u00a0Deco-Design\u00a0a le plaisir de d\u00e9cerner le prix Les D\u00e9couvertes du hall NOW! [&hellip;]\" \/>\n<meta property=\"og:url\" content=\"https:\/\/joyana.fr\/en\/maison-objet-2013-le-live-reportages-et-informations\/111694\/\" \/>\n<meta property=\"og:site_name\" content=\"JO YANA\" \/>\n<meta property=\"article:published_time\" content=\"2013-09-05T03:08:21+00:00\" \/>\n<meta property=\"og:image\" content=\"https:\/\/i0.wp.com\/joyana.fr\/wp-content\/uploads\/2013\/01\/MAISON-ET-OBJET-2013-CAROUSSEL-DECODESIGN1.jpg?fit=1500%2C320&ssl=1\" \/>\n\t<meta property=\"og:image:width\" content=\"1500\" \/>\n\t<meta property=\"og:image:height\" content=\"320\" \/>\n\t<meta property=\"og:image:type\" content=\"image\/jpeg\" \/>\n<meta name=\"author\" content=\"Jo Yana\" \/>\n<meta name=\"twitter:card\" content=\"summary_large_image\" \/>\n<meta name=\"twitter:creator\" content=\"@Jo_Yana\" \/>\n<meta name=\"twitter:site\" content=\"@Jo_Yana\" \/>\n<meta name=\"twitter:label1\" content=\"Written by\" \/>\n\t<meta name=\"twitter:data1\" content=\"Jo Yana\" \/>\n\t<meta name=\"twitter:label2\" content=\"Est. reading time\" \/>\n\t<meta name=\"twitter:data2\" content=\"4 minutes\" \/>\n<script type=\"application\/ld+json\" class=\"yoast-schema-graph\">{\"@context\":\"https:\/\/schema.org\",\"@graph\":[{\"@type\":\"Article\",\"@id\":\"https:\/\/joyana.fr\/en\/maison-objet-2013-le-live-reportages-et-informations\/111694\/#article\",\"isPartOf\":{\"@id\":\"https:\/\/joyana.fr\/en\/maison-objet-2013-le-live-reportages-et-informations\/111694\/\"},\"author\":{\"name\":\"Jo Yana\",\"@id\":\"https:\/\/www.joyana.fr\/#\/schema\/person\/cf2a1ad12a27c12c21801075bf37407c\"},\"headline\":\"MAISON &#038; OBJET Septembre 2013 &#8211; Reportages, D\u00e9couvertes, Programme et Informations\",\"datePublished\":\"2013-09-05T03:08:21+00:00\",\"mainEntityOfPage\":{\"@id\":\"https:\/\/joyana.fr\/en\/maison-objet-2013-le-live-reportages-et-informations\/111694\/\"},\"wordCount\":732,\"commentCount\":7,\"publisher\":{\"@id\":\"https:\/\/www.joyana.fr\/#\/schema\/person\/cf2a1ad12a27c12c21801075bf37407c\"},\"image\":{\"@id\":\"https:\/\/joyana.fr\/en\/maison-objet-2013-le-live-reportages-et-informations\/111694\/#primaryimage\"},\"thumbnailUrl\":\"https:\/\/i0.wp.com\/joyana.fr\/wp-content\/uploads\/2013\/01\/MAISON-ET-OBJET-2013-CAROUSSEL-DECODESIGN1.jpg?fit=1500%2C320&ssl=1\",\"keywords\":[\"Maison &amp; Objet\",\"Paris Design Week\",\"Salons design\"],\"articleSection\":[\"A la une !!!\",\"DECO-DESIGN\",\"MAISON &amp; OBJET\",\"Salon &amp; Ev\u00e8nement\"],\"inLanguage\":\"en-US\",\"potentialAction\":[{\"@type\":\"CommentAction\",\"name\":\"Comment\",\"target\":[\"https:\/\/joyana.fr\/en\/maison-objet-2013-le-live-reportages-et-informations\/111694\/#respond\"]}]},{\"@type\":\"WebPage\",\"@id\":\"https:\/\/joyana.fr\/en\/maison-objet-2013-le-live-reportages-et-informations\/111694\/\",\"url\":\"https:\/\/joyana.fr\/en\/maison-objet-2013-le-live-reportages-et-informations\/111694\/\",\"name\":\"MAISON & OBJET Septembre 2013 - Reportages, D\u00e9couvertes, Programme et Informations - JO YANA\",\"isPartOf\":{\"@id\":\"https:\/\/www.joyana.fr\/#website\"},\"primaryImageOfPage\":{\"@id\":\"https:\/\/joyana.fr\/en\/maison-objet-2013-le-live-reportages-et-informations\/111694\/#primaryimage\"},\"image\":{\"@id\":\"https:\/\/joyana.fr\/en\/maison-objet-2013-le-live-reportages-et-informations\/111694\/#primaryimage\"},\"thumbnailUrl\":\"https:\/\/i0.wp.com\/joyana.fr\/wp-content\/uploads\/2013\/01\/MAISON-ET-OBJET-2013-CAROUSSEL-DECODESIGN1.jpg?fit=1500%2C320&ssl=1\",\"datePublished\":\"2013-09-05T03:08:21+00:00\",\"breadcrumb\":{\"@id\":\"https:\/\/joyana.fr\/en\/maison-objet-2013-le-live-reportages-et-informations\/111694\/#breadcrumb\"},\"inLanguage\":\"en-US\",\"potentialAction\":[{\"@type\":\"ReadAction\",\"target\":[\"https:\/\/joyana.fr\/en\/maison-objet-2013-le-live-reportages-et-informations\/111694\/\"]}]},{\"@type\":\"ImageObject\",\"inLanguage\":\"en-US\",\"@id\":\"https:\/\/joyana.fr\/en\/maison-objet-2013-le-live-reportages-et-informations\/111694\/#primaryimage\",\"url\":\"https:\/\/i0.wp.com\/joyana.fr\/wp-content\/uploads\/2013\/01\/MAISON-ET-OBJET-2013-CAROUSSEL-DECODESIGN1.jpg?fit=1500%2C320&ssl=1\",\"contentUrl\":\"https:\/\/i0.wp.com\/joyana.fr\/wp-content\/uploads\/2013\/01\/MAISON-ET-OBJET-2013-CAROUSSEL-DECODESIGN1.jpg?fit=1500%2C320&ssl=1\",\"width\":1500,\"height\":320},{\"@type\":\"BreadcrumbList\",\"@id\":\"https:\/\/joyana.fr\/en\/maison-objet-2013-le-live-reportages-et-informations\/111694\/#breadcrumb\",\"itemListElement\":[{\"@type\":\"ListItem\",\"position\":1,\"name\":\"Accueil\",\"item\":\"https:\/\/www.joyana.fr\/\"},{\"@type\":\"ListItem\",\"position\":2,\"name\":\"MAISON &#038; OBJET Septembre 2013 &#8211; Reportages, D\u00e9couvertes, Programme et Informations\"}]},{\"@type\":\"WebSite\",\"@id\":\"https:\/\/www.joyana.fr\/#website\",\"url\":\"https:\/\/www.joyana.fr\/\",\"name\":\"JO YANA\",\"description\":\"Blog Mode Homme, Lifestyle, D\u00e9co-Design\",\"publisher\":{\"@id\":\"https:\/\/www.joyana.fr\/#\/schema\/person\/cf2a1ad12a27c12c21801075bf37407c\"},\"potentialAction\":[{\"@type\":\"SearchAction\",\"target\":{\"@type\":\"EntryPoint\",\"urlTemplate\":\"https:\/\/www.joyana.fr\/?s={search_term_string}\"},\"query-input\":{\"@type\":\"PropertyValueSpecification\",\"valueRequired\":true,\"valueName\":\"search_term_string\"}}],\"inLanguage\":\"en-US\"},{\"@type\":[\"Person\",\"Organization\"],\"@id\":\"https:\/\/www.joyana.fr\/#\/schema\/person\/cf2a1ad12a27c12c21801075bf37407c\",\"name\":\"Jo Yana\",\"image\":{\"@type\":\"ImageObject\",\"inLanguage\":\"en-US\",\"@id\":\"https:\/\/www.joyana.fr\/#\/schema\/person\/image\/\",\"url\":\"https:\/\/i0.wp.com\/joyana.fr\/wp-content\/uploads\/2016\/08\/cropped-joyana-logo-black-360x180.png?fit=343%2C164&ssl=1\",\"contentUrl\":\"https:\/\/i0.wp.com\/joyana.fr\/wp-content\/uploads\/2016\/08\/cropped-joyana-logo-black-360x180.png?fit=343%2C164&ssl=1\",\"width\":343,\"height\":164,\"caption\":\"Jo Yana\"},\"logo\":{\"@id\":\"https:\/\/www.joyana.fr\/#\/schema\/person\/image\/\"},\"description\":\"Jo Yana est le cr\u00e9ateur et r\u00e9dacteur en chef des sites DECO-DESIGN. Passionn\u00e9 de Design, Mode, Photo, Luxe, Lifestyle, Musique, mais avant tout Blogueur ! Le plaisir de partager l'anime et a comme devise \\\"POUR L'AMOUR DU BEAU\\\". Retrouvez le aussi sur son blog personnel - https:\/\/joyana.fr...\",\"sameAs\":[\"https:\/\/joyana.fr\/\"],\"url\":\"https:\/\/joyana.fr\/en\/author\/joyana\/\"}]}<\/script>\n<!-- \/ Yoast SEO plugin. -->","yoast_head_json":{"title":"MAISON & OBJET Septembre 2013 - Reportages, D\u00e9couvertes, Programme et Informations - JO YANA","robots":{"index":"index","follow":"follow","max-snippet":"max-snippet:-1","max-image-preview":"max-image-preview:large","max-video-preview":"max-video-preview:-1"},"canonical":"https:\/\/joyana.fr\/en\/maison-objet-2013-le-live-reportages-et-informations\/111694\/","og_locale":"en_US","og_type":"article","og_title":"MAISON & OBJET Septembre 2013 - Reportages, D\u00e9couvertes, Programme et Informations - JO YANA","og_description":"Maison &#038; Objet 2013 le salon fran\u00e7ais r\u00e9f\u00e9rence de la d\u00e9coration et du design c\u2019est du 06 au 10 Septembre 2013 \u00e0 Paris Villepinte. D\u00e9couvrez sur place toutes les nouvelles tendances et collections de la rentr\u00e9e Septembre\u00a02013 ; et pour ne rien g\u00e2cher, \u00a0Deco-Design\u00a0a le plaisir de d\u00e9cerner le prix Les D\u00e9couvertes du hall NOW! [&hellip;]","og_url":"https:\/\/joyana.fr\/en\/maison-objet-2013-le-live-reportages-et-informations\/111694\/","og_site_name":"JO YANA","article_published_time":"2013-09-05T03:08:21+00:00","og_image":[{"width":1500,"height":320,"url":"https:\/\/i0.wp.com\/joyana.fr\/wp-content\/uploads\/2013\/01\/MAISON-ET-OBJET-2013-CAROUSSEL-DECODESIGN1.jpg?fit=1500%2C320&ssl=1","type":"image\/jpeg"}],"author":"Jo Yana","twitter_card":"summary_large_image","twitter_creator":"@Jo_Yana","twitter_site":"@Jo_Yana","twitter_misc":{"Written by":"Jo Yana","Est. reading time":"4 minutes"},"schema":{"@context":"https:\/\/schema.org","@graph":[{"@type":"Article","@id":"https:\/\/joyana.fr\/en\/maison-objet-2013-le-live-reportages-et-informations\/111694\/#article","isPartOf":{"@id":"https:\/\/joyana.fr\/en\/maison-objet-2013-le-live-reportages-et-informations\/111694\/"},"author":{"name":"Jo Yana","@id":"https:\/\/www.joyana.fr\/#\/schema\/person\/cf2a1ad12a27c12c21801075bf37407c"},"headline":"MAISON &#038; OBJET Septembre 2013 &#8211; Reportages, D\u00e9couvertes, Programme et Informations","datePublished":"2013-09-05T03:08:21+00:00","mainEntityOfPage":{"@id":"https:\/\/joyana.fr\/en\/maison-objet-2013-le-live-reportages-et-informations\/111694\/"},"wordCount":732,"commentCount":7,"publisher":{"@id":"https:\/\/www.joyana.fr\/#\/schema\/person\/cf2a1ad12a27c12c21801075bf37407c"},"image":{"@id":"https:\/\/joyana.fr\/en\/maison-objet-2013-le-live-reportages-et-informations\/111694\/#primaryimage"},"thumbnailUrl":"https:\/\/i0.wp.com\/joyana.fr\/wp-content\/uploads\/2013\/01\/MAISON-ET-OBJET-2013-CAROUSSEL-DECODESIGN1.jpg?fit=1500%2C320&ssl=1","keywords":["Maison &amp; Objet","Paris Design Week","Salons design"],"articleSection":["A la une !!!","DECO-DESIGN","MAISON &amp; OBJET","Salon &amp; Ev\u00e8nement"],"inLanguage":"en-US","potentialAction":[{"@type":"CommentAction","name":"Comment","target":["https:\/\/joyana.fr\/en\/maison-objet-2013-le-live-reportages-et-informations\/111694\/#respond"]}]},{"@type":"WebPage","@id":"https:\/\/joyana.fr\/en\/maison-objet-2013-le-live-reportages-et-informations\/111694\/","url":"https:\/\/joyana.fr\/en\/maison-objet-2013-le-live-reportages-et-informations\/111694\/","name":"MAISON & OBJET Septembre 2013 - Reportages, D\u00e9couvertes, Programme et Informations - JO YANA","isPartOf":{"@id":"https:\/\/www.joyana.fr\/#website"},"primaryImageOfPage":{"@id":"https:\/\/joyana.fr\/en\/maison-objet-2013-le-live-reportages-et-informations\/111694\/#primaryimage"},"image":{"@id":"https:\/\/joyana.fr\/en\/maison-objet-2013-le-live-reportages-et-informations\/111694\/#primaryimage"},"thumbnailUrl":"https:\/\/i0.wp.com\/joyana.fr\/wp-content\/uploads\/2013\/01\/MAISON-ET-OBJET-2013-CAROUSSEL-DECODESIGN1.jpg?fit=1500%2C320&ssl=1","datePublished":"2013-09-05T03:08:21+00:00","breadcrumb":{"@id":"https:\/\/joyana.fr\/en\/maison-objet-2013-le-live-reportages-et-informations\/111694\/#breadcrumb"},"inLanguage":"en-US","potentialAction":[{"@type":"ReadAction","target":["https:\/\/joyana.fr\/en\/maison-objet-2013-le-live-reportages-et-informations\/111694\/"]}]},{"@type":"ImageObject","inLanguage":"en-US","@id":"https:\/\/joyana.fr\/en\/maison-objet-2013-le-live-reportages-et-informations\/111694\/#primaryimage","url":"https:\/\/i0.wp.com\/joyana.fr\/wp-content\/uploads\/2013\/01\/MAISON-ET-OBJET-2013-CAROUSSEL-DECODESIGN1.jpg?fit=1500%2C320&ssl=1","contentUrl":"https:\/\/i0.wp.com\/joyana.fr\/wp-content\/uploads\/2013\/01\/MAISON-ET-OBJET-2013-CAROUSSEL-DECODESIGN1.jpg?fit=1500%2C320&ssl=1","width":1500,"height":320},{"@type":"BreadcrumbList","@id":"https:\/\/joyana.fr\/en\/maison-objet-2013-le-live-reportages-et-informations\/111694\/#breadcrumb","itemListElement":[{"@type":"ListItem","position":1,"name":"Accueil","item":"https:\/\/www.joyana.fr\/"},{"@type":"ListItem","position":2,"name":"MAISON &#038; OBJET Septembre 2013 &#8211; Reportages, D\u00e9couvertes, Programme et Informations"}]},{"@type":"WebSite","@id":"https:\/\/www.joyana.fr\/#website","url":"https:\/\/www.joyana.fr\/","name":"JO YANA","description":"Blog Mode Homme, Lifestyle, D\u00e9co-Design","publisher":{"@id":"https:\/\/www.joyana.fr\/#\/schema\/person\/cf2a1ad12a27c12c21801075bf37407c"},"potentialAction":[{"@type":"SearchAction","target":{"@type":"EntryPoint","urlTemplate":"https:\/\/www.joyana.fr\/?s={search_term_string}"},"query-input":{"@type":"PropertyValueSpecification","valueRequired":true,"valueName":"search_term_string"}}],"inLanguage":"en-US"},{"@type":["Person","Organization"],"@id":"https:\/\/www.joyana.fr\/#\/schema\/person\/cf2a1ad12a27c12c21801075bf37407c","name":"Jo Yana","image":{"@type":"ImageObject","inLanguage":"en-US","@id":"https:\/\/www.joyana.fr\/#\/schema\/person\/image\/","url":"https:\/\/i0.wp.com\/joyana.fr\/wp-content\/uploads\/2016\/08\/cropped-joyana-logo-black-360x180.png?fit=343%2C164&ssl=1","contentUrl":"https:\/\/i0.wp.com\/joyana.fr\/wp-content\/uploads\/2016\/08\/cropped-joyana-logo-black-360x180.png?fit=343%2C164&ssl=1","width":343,"height":164,"caption":"Jo Yana"},"logo":{"@id":"https:\/\/www.joyana.fr\/#\/schema\/person\/image\/"},"description":"Jo Yana est le cr\u00e9ateur et r\u00e9dacteur en chef des sites DECO-DESIGN. Passionn\u00e9 de Design, Mode, Photo, Luxe, Lifestyle, Musique, mais avant tout Blogueur ! Le plaisir de partager l'anime et a comme devise \"POUR L'AMOUR DU BEAU\". Retrouvez le aussi sur son blog personnel - https:\/\/joyana.fr...","sameAs":["https:\/\/joyana.fr\/"],"url":"https:\/\/joyana.fr\/en\/author\/joyana\/"}]}},"author_meta":{"display_name":"Jo Yana","author_link":"https:\/\/joyana.fr\/en\/author\/joyana\/"},"featured_img":"https:\/\/i0.wp.com\/joyana.fr\/wp-content\/uploads\/2013\/01\/MAISON-ET-OBJET-2013-CAROUSSEL-DECODESIGN1.jpg?fit=389%2C83&ssl=1","featured_image_src":"https:\/\/i0.wp.com\/joyana.fr\/wp-content\/uploads\/2013\/01\/MAISON-ET-OBJET-2013-CAROUSSEL-DECODESIGN1.jpg?resize=600%2C320&ssl=1","featured_image_src_square":"https:\/\/i0.wp.com\/joyana.fr\/wp-content\/uploads\/2013\/01\/MAISON-ET-OBJET-2013-CAROUSSEL-DECODESIGN1.jpg?resize=600%2C320&ssl=1","jetpack_featured_media_url":"https:\/\/i0.wp.com\/joyana.fr\/wp-content\/uploads\/2013\/01\/MAISON-ET-OBJET-2013-CAROUSSEL-DECODESIGN1.jpg?fit=1500%2C320&ssl=1","uagb_featured_image_src":{"full":["https:\/\/i0.wp.com\/joyana.fr\/wp-content\/uploads\/2013\/01\/MAISON-ET-OBJET-2013-CAROUSSEL-DECODESIGN1.jpg?fit=1500%2C320&ssl=1",1500,320,false],"thumbnail":["https:\/\/i0.wp.com\/joyana.fr\/wp-content\/uploads\/2013\/01\/MAISON-ET-OBJET-2013-CAROUSSEL-DECODESIGN1.jpg?resize=150%2C150&ssl=1",150,150,true],"medium":["https:\/\/i0.wp.com\/joyana.fr\/wp-content\/uploads\/2013\/01\/MAISON-ET-OBJET-2013-CAROUSSEL-DECODESIGN1.jpg?fit=389%2C83&ssl=1",389,83,true],"medium_large":["https:\/\/i0.wp.com\/joyana.fr\/wp-content\/uploads\/2013\/01\/MAISON-ET-OBJET-2013-CAROUSSEL-DECODESIGN1.jpg?fit=768%2C164&ssl=1",768,164,true],"large":["https:\/\/i0.wp.com\/joyana.fr\/wp-content\/uploads\/2013\/01\/MAISON-ET-OBJET-2013-CAROUSSEL-DECODESIGN1.jpg?fit=1024%2C218&ssl=1",1024,218,true],"1536x1536":["https:\/\/i0.wp.com\/joyana.fr\/wp-content\/uploads\/2013\/01\/MAISON-ET-OBJET-2013-CAROUSSEL-DECODESIGN1.jpg?fit=1500%2C320&ssl=1",1500,320,true],"2048x2048":["https:\/\/i0.wp.com\/joyana.fr\/wp-content\/uploads\/2013\/01\/MAISON-ET-OBJET-2013-CAROUSSEL-DECODESIGN1.jpg?fit=1500%2C320&ssl=1",1500,320,true],"featured-thumb":["https:\/\/i0.wp.com\/joyana.fr\/wp-content\/uploads\/2013\/01\/MAISON-ET-OBJET-2013-CAROUSSEL-DECODESIGN1.jpg?resize=1500%2C320&ssl=1",1500,320,true],"ab-block-post-grid-landscape":["https:\/\/i0.wp.com\/joyana.fr\/wp-content\/uploads\/2013\/01\/MAISON-ET-OBJET-2013-CAROUSSEL-DECODESIGN1.jpg?resize=600%2C320&ssl=1",600,320,true],"ab-block-post-grid-square":["https:\/\/i0.wp.com\/joyana.fr\/wp-content\/uploads\/2013\/01\/MAISON-ET-OBJET-2013-CAROUSSEL-DECODESIGN1.jpg?resize=600%2C320&ssl=1",600,320,true],"author-pro-image":["https:\/\/i0.wp.com\/joyana.fr\/wp-content\/uploads\/2013\/01\/MAISON-ET-OBJET-2013-CAROUSSEL-DECODESIGN1.jpg?resize=360%2C320&ssl=1",360,320,true],"slider":["https:\/\/i0.wp.com\/joyana.fr\/wp-content\/uploads\/2013\/01\/MAISON-ET-OBJET-2013-CAROUSSEL-DECODESIGN1.jpg?resize=920%2C320&ssl=1",920,320,true],"woocommerce_thumbnail":["https:\/\/i0.wp.com\/joyana.fr\/wp-content\/uploads\/2013\/01\/MAISON-ET-OBJET-2013-CAROUSSEL-DECODESIGN1.jpg?resize=450%2C320&ssl=1",450,320,true],"woocommerce_single":["https:\/\/i0.wp.com\/joyana.fr\/wp-content\/uploads\/2013\/01\/MAISON-ET-OBJET-2013-CAROUSSEL-DECODESIGN1.jpg?fit=920%2C196&ssl=1",920,196,true],"woocommerce_gallery_thumbnail":["https:\/\/i0.wp.com\/joyana.fr\/wp-content\/uploads\/2013\/01\/MAISON-ET-OBJET-2013-CAROUSSEL-DECODESIGN1.jpg?resize=180%2C180&ssl=1",180,180,true],"sow-carousel-default":["https:\/\/i0.wp.com\/joyana.fr\/wp-content\/uploads\/2013\/01\/MAISON-ET-OBJET-2013-CAROUSSEL-DECODESIGN1.jpg?resize=272%2C182&ssl=1",272,182,true]},"uagb_author_info":{"display_name":"Jo Yana","author_link":"https:\/\/joyana.fr\/en\/author\/joyana\/"},"uagb_comment_info":9,"uagb_excerpt":"Maison &#038; Objet 2013 le salon fran\u00e7ais r\u00e9f\u00e9rence de la d\u00e9coration et du design c\u2019est du 06 au 10 Septembre 2013 \u00e0 Paris Villepinte. D\u00e9couvrez sur place toutes les nouvelles tendances et collections de la rentr\u00e9e Septembre\u00a02013 ; et pour ne rien g\u00e2cher, \u00a0Deco-Design\u00a0a le plaisir de d\u00e9cerner le prix Les D\u00e9couvertes du hall NOW!&hellip;","coauthors":[],"tax_additional":{"categories":{"linked":["<a href=\"https:\/\/joyana.fr\/en\/category\/a-la-une\/\" class=\"advgb-post-tax-term\">A la une !!!<\/a>","<a href=\"https:\/\/joyana.fr\/en\/category\/deco-design\/\" class=\"advgb-post-tax-term\">DECO-DESIGN<\/a>","<a href=\"https:\/\/joyana.fr\/en\/category\/deco-design\/actualite\/salon\/maison-et-objet\/\" class=\"advgb-post-tax-term\">MAISON &amp; OBJET<\/a>","<a href=\"https:\/\/joyana.fr\/en\/category\/deco-design\/actualite\/salon\/\" class=\"advgb-post-tax-term\">Salon &amp; Ev\u00e8nement<\/a>"],"unlinked":["<span class=\"advgb-post-tax-term\">A la une !!!<\/span>","<span class=\"advgb-post-tax-term\">DECO-DESIGN<\/span>","<span class=\"advgb-post-tax-term\">MAISON &amp; OBJET<\/span>","<span class=\"advgb-post-tax-term\">Salon &amp; Ev\u00e8nement<\/span>"]},"tags":{"linked":["<a href=\"https:\/\/joyana.fr\/en\/category\/deco-design\/actualite\/salon\/\" class=\"advgb-post-tax-term\">Maison &amp; Objet<\/a>","<a href=\"https:\/\/joyana.fr\/en\/category\/deco-design\/actualite\/salon\/\" class=\"advgb-post-tax-term\">Paris Design Week<\/a>","<a href=\"https:\/\/joyana.fr\/en\/category\/deco-design\/actualite\/salon\/\" class=\"advgb-post-tax-term\">Salons design<\/a>"],"unlinked":["<span class=\"advgb-post-tax-term\">Maison &amp; Objet<\/span>","<span class=\"advgb-post-tax-term\">Paris Design Week<\/span>","<span class=\"advgb-post-tax-term\">Salons design<\/span>"]}},"comment_count":9,"relative_dates":{"created":"Posted 13 years ago","modified":"Updated 13 years ago"},"absolute_dates":{"created":"Posted on 5 September 2013","modified":"Updated on 5 September 2013"},"absolute_dates_time":{"created":"Posted on 5 September 2013 4:08","modified":"Updated on 5 September 2013 4:08"},"featured_img_caption":"","series_order":"","jetpack_sharing_enabled":true,"jetpack_shortlink":"https:\/\/wp.me\/p9bteI-t3w","jetpack-related-posts":[],"_links":{"self":[{"href":"https:\/\/joyana.fr\/en\/wp-json\/wp\/v2\/posts\/111694","targetHints":{"allow":["GET"]}}],"collection":[{"href":"https:\/\/joyana.fr\/en\/wp-json\/wp\/v2\/posts"}],"about":[{"href":"https:\/\/joyana.fr\/en\/wp-json\/wp\/v2\/types\/post"}],"author":[{"embeddable":true,"href":"https:\/\/joyana.fr\/en\/wp-json\/wp\/v2\/users\/3"}],"replies":[{"embeddable":true,"href":"https:\/\/joyana.fr\/en\/wp-json\/wp\/v2\/comments?post=111694"}],"version-history":[{"count":0,"href":"https:\/\/joyana.fr\/en\/wp-json\/wp\/v2\/posts\/111694\/revisions"}],"wp:featuredmedia":[{"embeddable":true,"href":"https:\/\/joyana.fr\/en\/wp-json\/wp\/v2\/media\/114177"}],"wp:attachment":[{"href":"https:\/\/joyana.fr\/en\/wp-json\/wp\/v2\/media?parent=111694"}],"wp:term":[{"taxonomy":"category","embeddable":true,"href":"https:\/\/joyana.fr\/en\/wp-json\/wp\/v2\/categories?post=111694"},{"taxonomy":"post_tag","embeddable":true,"href":"https:\/\/joyana.fr\/en\/wp-json\/wp\/v2\/tags?post=111694"}],"curies":[{"name":"wp","href":"https:\/\/api.w.org\/{rel}","templated":true}]}}