{"id":112799,"date":"2013-03-20T08:21:12","date_gmt":"2013-03-20T07:21:12","guid":{"rendered":"https:\/\/joyana.fr\/?p=12799"},"modified":"2013-03-20T08:21:12","modified_gmt":"2013-03-20T07:21:12","slug":"exposition-lage-du-faire-par-particule-14","status":"publish","type":"post","link":"https:\/\/joyana.fr\/en\/exposition-lage-du-faire-par-particule-14\/112799\/","title":{"rendered":"Exposition L&#8217;\u00c2GE DU FAIRE par PARTICULE 14"},"content":{"rendered":"<p>Rendez-vous \u00e0 la Cit\u00e9 du design pour d\u00e9couvrir l&#8217;exposition <strong>L&#8217;\u00c2GE DU FAIRE<\/strong> sign\u00e9 par l&#8217;association <strong>PARTICULE 14<\/strong> &#8211; qui invite ici douze designers de talent \u00e0 s&#8217;exprimer sur le th\u00e8me f\u00e9d\u00e9rateur de la <strong><a title=\"BIENNALE INTERNATIONALE DESIGN SAINT ETIENNE 2013\" href=\"https:\/\/joyana.fr\/biennale-internationale-design-saint-etienne-2013\/10871\/\" target=\"_blank\">Biennale<\/a><\/strong>&#8230;<\/p>\n<p><img data-recalc-dims=\"1\" fetchpriority=\"high\" decoding=\"async\" class=\"alignnone size-large wp-image-12807\" alt=\"Exposition L'AGE DU FAIRE par Particule 14\" src=\"https:\/\/i0.wp.com\/joyana.fr\/wp-content\/uploads\/2013\/03\/LAGE-DU-FAIRE-8.jpg?resize=576%2C383&#038;ssl=1\" width=\"576\" height=\"383\" \/><\/p>\n<p><img data-recalc-dims=\"1\" decoding=\"async\" class=\"alignnone size-large wp-image-12809\" alt=\"Baille-baille_1024\" src=\"https:\/\/i0.wp.com\/joyana.fr\/wp-content\/uploads\/2013\/03\/Baille-baille_1024.jpg?resize=576%2C192&#038;ssl=1\" width=\"576\" height=\"192\" \/><\/p>\n<p>MARC AUREL, FX BALL\u00c9RY, THIERRY DE BEAUMONT, GERMAIN BOURR\u00c9, MARC BR\u00c9TILLOT, MATHILDE BRETILLOT, MARIE-CHRISTINE DORNER, ICH&#038;KAR, C\u00c9DRIC MARTINEAUD, PATRICK NADEAU, NORMAL STUDIO, \u00c9RIC TROCHON nous pr\u00e9sentent leur cr\u00e9ation \u00e0 travers lesquelles ils explorent l\u2019urbanit\u00e9 avec des objets, pi\u00e8ces de mobilier et installations et d\u00e9veloppent les techniques de l\u2019acier et du b\u00e9ton l\u00e9ger&#8230;<\/p>\n<p><img data-recalc-dims=\"1\" decoding=\"async\" class=\"alignnone size-large wp-image-12801\" alt=\"Exposition L'AGE DU FAIRE par Particule 14\" src=\"https:\/\/i0.wp.com\/joyana.fr\/wp-content\/uploads\/2013\/03\/LAGE-DU-FAIRE-1.jpg?resize=576%2C725&#038;ssl=1\" width=\"576\" height=\"725\" \/><\/p>\n<p><img data-recalc-dims=\"1\" loading=\"lazy\" decoding=\"async\" class=\"alignnone size-large wp-image-12806\" alt=\"Exposition L'AGE DU FAIRE par Particule 14\" src=\"https:\/\/i0.wp.com\/joyana.fr\/wp-content\/uploads\/2013\/03\/LAGE-DU-FAIRE-6.jpg?resize=576%2C383&#038;ssl=1\" width=\"576\" height=\"383\" \/><\/p>\n<p><img data-recalc-dims=\"1\" loading=\"lazy\" decoding=\"async\" class=\"alignnone size-large wp-image-12805\" alt=\"Exposition L'AGE DU FAIRE par Particule 14\" src=\"https:\/\/i0.wp.com\/joyana.fr\/wp-content\/uploads\/2013\/03\/LAGE-DU-FAIRE-5.jpg?resize=576%2C383&#038;ssl=1\" width=\"576\" height=\"383\" \/><\/p>\n<p><img data-recalc-dims=\"1\" loading=\"lazy\" decoding=\"async\" class=\"alignnone size-large wp-image-12804\" alt=\"Exposition L'AGE DU FAIRE par Particule 14\" src=\"https:\/\/i0.wp.com\/joyana.fr\/wp-content\/uploads\/2013\/03\/LAGE-DU-FAIRE-4.jpg?resize=576%2C383&#038;ssl=1\" width=\"576\" height=\"383\" \/><\/p>\n<p><img data-recalc-dims=\"1\" loading=\"lazy\" decoding=\"async\" class=\"alignnone size-large wp-image-12803\" alt=\"Exposition L'AGE DU FAIRE par Particule 14\" src=\"https:\/\/i0.wp.com\/joyana.fr\/wp-content\/uploads\/2013\/03\/LAGE-DU-FAIRE-3.jpg?resize=576%2C383&#038;ssl=1\" width=\"576\" height=\"383\" \/><\/p>\n<p><img data-recalc-dims=\"1\" loading=\"lazy\" decoding=\"async\" class=\"alignnone size-large wp-image-12802\" alt=\"Exposition L'AGE DU FAIRE par Particule 14\" src=\"https:\/\/i0.wp.com\/joyana.fr\/wp-content\/uploads\/2013\/03\/LAGE-DU-FAIRE-2.jpg?resize=576%2C871&#038;ssl=1\" width=\"576\" height=\"871\" \/><\/p>\n<p>Ci-dessous MARIE-CHRISTINE DORNER pose avec sa T\u00f4lerie Forezienne !<\/p>\n<p><img data-recalc-dims=\"1\" loading=\"lazy\" decoding=\"async\" class=\"alignnone size-large wp-image-12808\" alt=\"Exposition L'AGE DU FAIRE par Particule 14\" src=\"https:\/\/i0.wp.com\/joyana.fr\/wp-content\/uploads\/2013\/03\/LAGE-DU-FAIRE-85.jpg?resize=576%2C739&#038;ssl=1\" width=\"576\" height=\"739\" \/><\/p>\n<p style=\"text-align: center;\">En savoir + sur <a href=\"http:\/\/www.particule14.com\/saison_04-lage-du-faire\/\" target=\"_blank\"><strong>L&#8217;exposition L&#8217;\u00c2GE DU FAIRE<\/strong><\/a><\/p>\n","protected":false},"excerpt":{"rendered":"<p>Rendez-vous \u00e0 la Cit\u00e9 du design pour d\u00e9couvrir l&#8217;exposition L&#8217;\u00c2GE DU FAIRE sign\u00e9 par l&#8217;association PARTICULE 14 &#8211; qui invite ici douze designers de talent \u00e0 s&#8217;exprimer sur le th\u00e8me f\u00e9d\u00e9rateur de la Biennale&#8230; MARC AUREL, FX BALL\u00c9RY, THIERRY DE BEAUMONT, GERMAIN BOURR\u00c9, MARC BR\u00c9TILLOT, MATHILDE BRETILLOT, MARIE-CHRISTINE DORNER, ICH&#038;KAR, C\u00c9DRIC MARTINEAUD, PATRICK NADEAU, NORMAL [&hellip;]<\/p>\n","protected":false},"author":3,"featured_media":112807,"comment_status":"open","ping_status":"open","sticky":false,"template":"","format":"standard","meta":{"_coblocks_attr":"","_coblocks_dimensions":"","_coblocks_responsive_height":"","_coblocks_accordion_ie_support":"","_uag_custom_page_level_css":"","advgb_blocks_editor_width":"","advgb_blocks_columns_visual_guide":"","_genesis_hide_title":false,"_genesis_hide_breadcrumbs":false,"_genesis_hide_singular_image":false,"_genesis_hide_footer_widgets":false,"_genesis_custom_body_class":"","_genesis_custom_post_class":"","_genesis_layout":"","_themeisle_gutenberg_block_has_review":false,"_jetpack_newsletter_access":"","_jetpack_dont_email_post_to_subs":false,"_jetpack_newsletter_tier_id":0,"_jetpack_memberships_contains_paywalled_content":false,"_jetpack_memberships_contains_paid_content":false,"footnotes":""},"categories":[1035,905,911],"tags":[1284,1302,1181],"class_list":{"0":"post-112799","1":"post","2":"type-post","3":"status-publish","4":"format-standard","5":"has-post-thumbnail","7":"category-biennale-design-internationale-saint-etienne","8":"category-deco-design","9":"category-designer","10":"tag-biennale-du-design-de-saint-etienne","11":"tag-designers","12":"tag-exposition","13":"entry"},"featured_image_urls":{"full":["https:\/\/i0.wp.com\/joyana.fr\/wp-content\/uploads\/2013\/03\/LAGE-DU-FAIRE-8.jpg?fit=650%2C433&ssl=1",650,433,false],"thumbnail":["https:\/\/i0.wp.com\/joyana.fr\/wp-content\/uploads\/2013\/03\/LAGE-DU-FAIRE-8.jpg?resize=150%2C150&ssl=1",150,150,true],"medium":["https:\/\/i0.wp.com\/joyana.fr\/wp-content\/uploads\/2013\/03\/LAGE-DU-FAIRE-8.jpg?fit=389%2C259&ssl=1",389,259,true],"medium_large":["https:\/\/i0.wp.com\/joyana.fr\/wp-content\/uploads\/2013\/03\/LAGE-DU-FAIRE-8.jpg?fit=650%2C433&ssl=1",650,433,true],"large":["https:\/\/i0.wp.com\/joyana.fr\/wp-content\/uploads\/2013\/03\/LAGE-DU-FAIRE-8.jpg?fit=650%2C433&ssl=1",650,433,true],"1536x1536":["https:\/\/i0.wp.com\/joyana.fr\/wp-content\/uploads\/2013\/03\/LAGE-DU-FAIRE-8.jpg?fit=650%2C433&ssl=1",650,433,true],"2048x2048":["https:\/\/i0.wp.com\/joyana.fr\/wp-content\/uploads\/2013\/03\/LAGE-DU-FAIRE-8.jpg?fit=650%2C433&ssl=1",650,433,true],"featured-thumb":["https:\/\/i0.wp.com\/joyana.fr\/wp-content\/uploads\/2013\/03\/LAGE-DU-FAIRE-8.jpg?resize=650%2C433&ssl=1",650,433,true],"ab-block-post-grid-landscape":["https:\/\/i0.wp.com\/joyana.fr\/wp-content\/uploads\/2013\/03\/LAGE-DU-FAIRE-8.jpg?resize=600%2C400&ssl=1",600,400,true],"ab-block-post-grid-square":["https:\/\/i0.wp.com\/joyana.fr\/wp-content\/uploads\/2013\/03\/LAGE-DU-FAIRE-8.jpg?resize=600%2C433&ssl=1",600,433,true],"author-pro-image":["https:\/\/i0.wp.com\/joyana.fr\/wp-content\/uploads\/2013\/03\/LAGE-DU-FAIRE-8.jpg?resize=360%2C433&ssl=1",360,433,true],"slider":["https:\/\/i0.wp.com\/joyana.fr\/wp-content\/uploads\/2013\/03\/LAGE-DU-FAIRE-8.jpg?resize=650%2C400&ssl=1",650,400,true],"woocommerce_thumbnail":["https:\/\/i0.wp.com\/joyana.fr\/wp-content\/uploads\/2013\/03\/LAGE-DU-FAIRE-8.jpg?resize=450%2C433&ssl=1",450,433,true],"woocommerce_single":["https:\/\/i0.wp.com\/joyana.fr\/wp-content\/uploads\/2013\/03\/LAGE-DU-FAIRE-8.jpg?fit=650%2C433&ssl=1",650,433,true],"woocommerce_gallery_thumbnail":["https:\/\/i0.wp.com\/joyana.fr\/wp-content\/uploads\/2013\/03\/LAGE-DU-FAIRE-8.jpg?resize=180%2C180&ssl=1",180,180,true],"sow-carousel-default":["https:\/\/i0.wp.com\/joyana.fr\/wp-content\/uploads\/2013\/03\/LAGE-DU-FAIRE-8.jpg?resize=272%2C182&ssl=1",272,182,true]},"post_excerpt_stackable":"<p>Rendez-vous \u00e0 la Cit\u00e9 du design pour d\u00e9couvrir l&#8217;exposition L&#8217;\u00c2GE DU FAIRE sign\u00e9 par l&#8217;association PARTICULE 14 &#8211; qui invite ici douze designers de talent \u00e0 s&#8217;exprimer sur le th\u00e8me f\u00e9d\u00e9rateur de la Biennale&#8230; MARC AUREL, FX BALL\u00c9RY, THIERRY DE BEAUMONT, GERMAIN BOURR\u00c9, MARC BR\u00c9TILLOT, MATHILDE BRETILLOT, MARIE-CHRISTINE DORNER, ICH&#038;KAR, C\u00c9DRIC MARTINEAUD, PATRICK NADEAU, NORMAL STUDIO, \u00c9RIC TROCHON nous pr\u00e9sentent leur cr\u00e9ation \u00e0 travers lesquelles ils explorent l\u2019urbanit\u00e9 avec des objets, pi\u00e8ces de mobilier et installations et d\u00e9veloppent les techniques de l\u2019acier et du b\u00e9ton l\u00e9ger&#8230; Ci-dessous MARIE-CHRISTINE DORNER pose avec sa T\u00f4lerie Forezienne ! En savoir + sur L&#8217;exposition&hellip;<\/p>\n","category_list":"<a href=\"https:\/\/joyana.fr\/en\/category\/deco-design\/actualite\/salon\/biennale-design-internationale-saint-etienne\/\" rel=\"category tag\">Biennale Internationale Design (Saint-Etienne)<\/a>, <a href=\"https:\/\/joyana.fr\/en\/category\/deco-design\/\" rel=\"category tag\">DECO-DESIGN<\/a>, <a href=\"https:\/\/joyana.fr\/en\/category\/deco-design\/designer\/\" rel=\"category tag\">Designer<\/a>","author_info":{"display_name":"Jo Yana","author_link":"https:\/\/joyana.fr\/en\/author\/joyana\/"},"comments_num":"4 comments","featured_image_urls_v2":{"full":["https:\/\/i0.wp.com\/joyana.fr\/wp-content\/uploads\/2013\/03\/LAGE-DU-FAIRE-8.jpg?fit=650%2C433&ssl=1",650,433,false],"thumbnail":["https:\/\/i0.wp.com\/joyana.fr\/wp-content\/uploads\/2013\/03\/LAGE-DU-FAIRE-8.jpg?resize=150%2C150&ssl=1",150,150,true],"medium":["https:\/\/i0.wp.com\/joyana.fr\/wp-content\/uploads\/2013\/03\/LAGE-DU-FAIRE-8.jpg?fit=389%2C259&ssl=1",389,259,true],"medium_large":["https:\/\/i0.wp.com\/joyana.fr\/wp-content\/uploads\/2013\/03\/LAGE-DU-FAIRE-8.jpg?fit=650%2C433&ssl=1",650,433,true],"large":["https:\/\/i0.wp.com\/joyana.fr\/wp-content\/uploads\/2013\/03\/LAGE-DU-FAIRE-8.jpg?fit=650%2C433&ssl=1",650,433,true],"1536x1536":["https:\/\/i0.wp.com\/joyana.fr\/wp-content\/uploads\/2013\/03\/LAGE-DU-FAIRE-8.jpg?fit=650%2C433&ssl=1",650,433,true],"2048x2048":["https:\/\/i0.wp.com\/joyana.fr\/wp-content\/uploads\/2013\/03\/LAGE-DU-FAIRE-8.jpg?fit=650%2C433&ssl=1",650,433,true],"featured-thumb":["https:\/\/i0.wp.com\/joyana.fr\/wp-content\/uploads\/2013\/03\/LAGE-DU-FAIRE-8.jpg?resize=650%2C433&ssl=1",650,433,true],"ab-block-post-grid-landscape":["https:\/\/i0.wp.com\/joyana.fr\/wp-content\/uploads\/2013\/03\/LAGE-DU-FAIRE-8.jpg?resize=600%2C400&ssl=1",600,400,true],"ab-block-post-grid-square":["https:\/\/i0.wp.com\/joyana.fr\/wp-content\/uploads\/2013\/03\/LAGE-DU-FAIRE-8.jpg?resize=600%2C433&ssl=1",600,433,true],"author-pro-image":["https:\/\/i0.wp.com\/joyana.fr\/wp-content\/uploads\/2013\/03\/LAGE-DU-FAIRE-8.jpg?resize=360%2C433&ssl=1",360,433,true],"slider":["https:\/\/i0.wp.com\/joyana.fr\/wp-content\/uploads\/2013\/03\/LAGE-DU-FAIRE-8.jpg?resize=650%2C400&ssl=1",650,400,true],"woocommerce_thumbnail":["https:\/\/i0.wp.com\/joyana.fr\/wp-content\/uploads\/2013\/03\/LAGE-DU-FAIRE-8.jpg?resize=450%2C433&ssl=1",450,433,true],"woocommerce_single":["https:\/\/i0.wp.com\/joyana.fr\/wp-content\/uploads\/2013\/03\/LAGE-DU-FAIRE-8.jpg?fit=650%2C433&ssl=1",650,433,true],"woocommerce_gallery_thumbnail":["https:\/\/i0.wp.com\/joyana.fr\/wp-content\/uploads\/2013\/03\/LAGE-DU-FAIRE-8.jpg?resize=180%2C180&ssl=1",180,180,true],"sow-carousel-default":["https:\/\/i0.wp.com\/joyana.fr\/wp-content\/uploads\/2013\/03\/LAGE-DU-FAIRE-8.jpg?resize=272%2C182&ssl=1",272,182,true]},"post_excerpt_stackable_v2":"<p>Rendez-vous \u00e0 la Cit\u00e9 du design pour d\u00e9couvrir l&#8217;exposition L&#8217;\u00c2GE DU FAIRE sign\u00e9 par l&#8217;association PARTICULE 14 &#8211; qui invite ici douze designers de talent \u00e0 s&#8217;exprimer sur le th\u00e8me f\u00e9d\u00e9rateur de la Biennale&#8230; MARC AUREL, FX BALL\u00c9RY, THIERRY DE BEAUMONT, GERMAIN BOURR\u00c9, MARC BR\u00c9TILLOT, MATHILDE BRETILLOT, MARIE-CHRISTINE DORNER, ICH&#038;KAR, C\u00c9DRIC MARTINEAUD, PATRICK NADEAU, NORMAL STUDIO, \u00c9RIC TROCHON nous pr\u00e9sentent leur cr\u00e9ation \u00e0 travers lesquelles ils explorent l\u2019urbanit\u00e9 avec des objets, pi\u00e8ces de mobilier et installations et d\u00e9veloppent les techniques de l\u2019acier et du b\u00e9ton l\u00e9ger&#8230; Ci-dessous MARIE-CHRISTINE DORNER pose avec sa T\u00f4lerie Forezienne ! En savoir + sur L&#8217;exposition&hellip;<\/p>\n","category_list_v2":"<a href=\"https:\/\/joyana.fr\/en\/category\/deco-design\/actualite\/salon\/biennale-design-internationale-saint-etienne\/\" rel=\"category tag\">Biennale Internationale Design (Saint-Etienne)<\/a>, <a href=\"https:\/\/joyana.fr\/en\/category\/deco-design\/\" rel=\"category tag\">DECO-DESIGN<\/a>, <a href=\"https:\/\/joyana.fr\/en\/category\/deco-design\/designer\/\" rel=\"category tag\">Designer<\/a>","author_info_v2":{"name":"Jo Yana","url":"https:\/\/joyana.fr\/en\/author\/joyana\/"},"comments_num_v2":"4 comments","yoast_head":"<!-- This site is optimized with the Yoast SEO plugin v26.8 - https:\/\/yoast.com\/product\/yoast-seo-wordpress\/ -->\n<title>Exposition L&#039;\u00c2GE DU FAIRE par PARTICULE 14 - JO YANA<\/title>\n<meta name=\"robots\" content=\"index, follow, max-snippet:-1, max-image-preview:large, max-video-preview:-1\" \/>\n<link rel=\"canonical\" href=\"https:\/\/www.joyana.fr\/en\/exposition-lage-du-faire-par-particule-14\/112799\/\" \/>\n<meta property=\"og:locale\" content=\"en_US\" \/>\n<meta property=\"og:locale:alternate\" content=\"fr_FR\" \/>\n<meta property=\"og:locale:alternate\" content=\"ja\" \/>\n<meta property=\"og:type\" content=\"article\" \/>\n<meta property=\"og:title\" content=\"Exposition L&#039;\u00c2GE DU FAIRE par PARTICULE 14 - JO YANA\" \/>\n<meta property=\"og:description\" content=\"Rendez-vous \u00e0 la Cit\u00e9 du design pour d\u00e9couvrir l&#8217;exposition L&#8217;\u00c2GE DU FAIRE sign\u00e9 par l&#8217;association PARTICULE 14 &#8211; qui invite ici douze designers de talent \u00e0 s&#8217;exprimer sur le th\u00e8me f\u00e9d\u00e9rateur de la Biennale&#8230; MARC AUREL, FX BALL\u00c9RY, THIERRY DE BEAUMONT, GERMAIN BOURR\u00c9, MARC BR\u00c9TILLOT, MATHILDE BRETILLOT, MARIE-CHRISTINE DORNER, ICH&amp;KAR, C\u00c9DRIC MARTINEAUD, PATRICK NADEAU, NORMAL [&hellip;]\" \/>\n<meta property=\"og:url\" content=\"https:\/\/joyana.fr\/en\/exposition-lage-du-faire-par-particule-14\/112799\/\" \/>\n<meta property=\"og:site_name\" content=\"JO YANA\" \/>\n<meta property=\"article:published_time\" content=\"2013-03-20T07:21:12+00:00\" \/>\n<meta property=\"og:image\" content=\"https:\/\/www.joyana.fr\/wp-content\/uploads\/2013\/03\/LAGE-DU-FAIRE-8.jpg\" \/>\n\t<meta property=\"og:image:width\" content=\"650\" \/>\n\t<meta property=\"og:image:height\" content=\"433\" \/>\n\t<meta property=\"og:image:type\" content=\"image\/jpeg\" \/>\n<meta name=\"author\" content=\"Jo Yana\" \/>\n<meta name=\"twitter:card\" content=\"summary_large_image\" \/>\n<meta name=\"twitter:creator\" content=\"@Jo_Yana\" \/>\n<meta name=\"twitter:site\" content=\"@Jo_Yana\" \/>\n<meta name=\"twitter:label1\" content=\"Written by\" \/>\n\t<meta name=\"twitter:data1\" content=\"Jo Yana\" \/>\n\t<meta name=\"twitter:label2\" content=\"Est. reading time\" \/>\n\t<meta name=\"twitter:data2\" content=\"1 minute\" \/>\n<script type=\"application\/ld+json\" class=\"yoast-schema-graph\">{\"@context\":\"https:\/\/schema.org\",\"@graph\":[{\"@type\":\"Article\",\"@id\":\"https:\/\/www.joyana.fr\/en\/exposition-lage-du-faire-par-particule-14\/112799\/#article\",\"isPartOf\":{\"@id\":\"https:\/\/www.joyana.fr\/en\/exposition-lage-du-faire-par-particule-14\/112799\/\"},\"author\":{\"name\":\"Jo Yana\",\"@id\":\"https:\/\/www.joyana.fr\/ja\/#\/schema\/person\/cf2a1ad12a27c12c21801075bf37407c\"},\"headline\":\"Exposition L&#8217;\u00c2GE DU FAIRE par PARTICULE 14\",\"datePublished\":\"2013-03-20T07:21:12+00:00\",\"mainEntityOfPage\":{\"@id\":\"https:\/\/www.joyana.fr\/en\/exposition-lage-du-faire-par-particule-14\/112799\/\"},\"wordCount\":127,\"commentCount\":2,\"publisher\":{\"@id\":\"https:\/\/www.joyana.fr\/ja\/#\/schema\/person\/cf2a1ad12a27c12c21801075bf37407c\"},\"image\":{\"@id\":\"https:\/\/www.joyana.fr\/en\/exposition-lage-du-faire-par-particule-14\/112799\/#primaryimage\"},\"thumbnailUrl\":\"https:\/\/i0.wp.com\/joyana.fr\/wp-content\/uploads\/2013\/03\/LAGE-DU-FAIRE-8.jpg?fit=650%2C433&ssl=1\",\"keywords\":[\"Biennale du Design de Saint-Etienne\",\"Designers\",\"Exposition\"],\"articleSection\":[\"Biennale Internationale Design (Saint-Etienne)\",\"DECO-DESIGN\",\"Designer\"],\"inLanguage\":\"en-US\",\"potentialAction\":[{\"@type\":\"CommentAction\",\"name\":\"Comment\",\"target\":[\"https:\/\/www.joyana.fr\/en\/exposition-lage-du-faire-par-particule-14\/112799\/#respond\"]}]},{\"@type\":\"WebPage\",\"@id\":\"https:\/\/www.joyana.fr\/en\/exposition-lage-du-faire-par-particule-14\/112799\/\",\"url\":\"https:\/\/www.joyana.fr\/en\/exposition-lage-du-faire-par-particule-14\/112799\/\",\"name\":\"Exposition L'\u00c2GE DU FAIRE par PARTICULE 14 - JO YANA\",\"isPartOf\":{\"@id\":\"https:\/\/www.joyana.fr\/ja\/#website\"},\"primaryImageOfPage\":{\"@id\":\"https:\/\/www.joyana.fr\/en\/exposition-lage-du-faire-par-particule-14\/112799\/#primaryimage\"},\"image\":{\"@id\":\"https:\/\/www.joyana.fr\/en\/exposition-lage-du-faire-par-particule-14\/112799\/#primaryimage\"},\"thumbnailUrl\":\"https:\/\/i0.wp.com\/joyana.fr\/wp-content\/uploads\/2013\/03\/LAGE-DU-FAIRE-8.jpg?fit=650%2C433&ssl=1\",\"datePublished\":\"2013-03-20T07:21:12+00:00\",\"breadcrumb\":{\"@id\":\"https:\/\/www.joyana.fr\/en\/exposition-lage-du-faire-par-particule-14\/112799\/#breadcrumb\"},\"inLanguage\":\"en-US\",\"potentialAction\":[{\"@type\":\"ReadAction\",\"target\":[\"https:\/\/www.joyana.fr\/en\/exposition-lage-du-faire-par-particule-14\/112799\/\"]}]},{\"@type\":\"ImageObject\",\"inLanguage\":\"en-US\",\"@id\":\"https:\/\/www.joyana.fr\/en\/exposition-lage-du-faire-par-particule-14\/112799\/#primaryimage\",\"url\":\"https:\/\/i0.wp.com\/joyana.fr\/wp-content\/uploads\/2013\/03\/LAGE-DU-FAIRE-8.jpg?fit=650%2C433&ssl=1\",\"contentUrl\":\"https:\/\/i0.wp.com\/joyana.fr\/wp-content\/uploads\/2013\/03\/LAGE-DU-FAIRE-8.jpg?fit=650%2C433&ssl=1\",\"width\":650,\"height\":433},{\"@type\":\"BreadcrumbList\",\"@id\":\"https:\/\/www.joyana.fr\/en\/exposition-lage-du-faire-par-particule-14\/112799\/#breadcrumb\",\"itemListElement\":[{\"@type\":\"ListItem\",\"position\":1,\"name\":\"Accueil\",\"item\":\"https:\/\/www.joyana.fr\/ja\/\"},{\"@type\":\"ListItem\",\"position\":2,\"name\":\"Exposition L&#8217;\u00c2GE DU FAIRE par PARTICULE 14\"}]},{\"@type\":\"WebSite\",\"@id\":\"https:\/\/www.joyana.fr\/ja\/#website\",\"url\":\"https:\/\/www.joyana.fr\/ja\/\",\"name\":\"JO YANA\",\"description\":\"Blog Mode Homme, Lifestyle, D\u00e9co-Design\",\"publisher\":{\"@id\":\"https:\/\/www.joyana.fr\/ja\/#\/schema\/person\/cf2a1ad12a27c12c21801075bf37407c\"},\"potentialAction\":[{\"@type\":\"SearchAction\",\"target\":{\"@type\":\"EntryPoint\",\"urlTemplate\":\"https:\/\/www.joyana.fr\/ja\/?s={search_term_string}\"},\"query-input\":{\"@type\":\"PropertyValueSpecification\",\"valueRequired\":true,\"valueName\":\"search_term_string\"}}],\"inLanguage\":\"en-US\"},{\"@type\":[\"Person\",\"Organization\"],\"@id\":\"https:\/\/www.joyana.fr\/ja\/#\/schema\/person\/cf2a1ad12a27c12c21801075bf37407c\",\"name\":\"Jo Yana\",\"image\":{\"@type\":\"ImageObject\",\"inLanguage\":\"en-US\",\"@id\":\"https:\/\/www.joyana.fr\/ja\/#\/schema\/person\/image\/\",\"url\":\"https:\/\/i0.wp.com\/joyana.fr\/wp-content\/uploads\/2016\/08\/cropped-joyana-logo-black-360x180.png?fit=343%2C164&ssl=1\",\"contentUrl\":\"https:\/\/i0.wp.com\/joyana.fr\/wp-content\/uploads\/2016\/08\/cropped-joyana-logo-black-360x180.png?fit=343%2C164&ssl=1\",\"width\":343,\"height\":164,\"caption\":\"Jo Yana\"},\"logo\":{\"@id\":\"https:\/\/www.joyana.fr\/ja\/#\/schema\/person\/image\/\"},\"description\":\"Jo Yana est le cr\u00e9ateur et r\u00e9dacteur en chef des sites DECO-DESIGN. Passionn\u00e9 de Design, Mode, Photo, Luxe, Lifestyle, Musique, mais avant tout Blogueur ! Le plaisir de partager l'anime et a comme devise \\\"POUR L'AMOUR DU BEAU\\\". Retrouvez le aussi sur son blog personnel - https:\/\/joyana.fr...\",\"sameAs\":[\"https:\/\/joyana.fr\/\"],\"url\":\"https:\/\/joyana.fr\/en\/author\/joyana\/\"}]}<\/script>\n<!-- \/ Yoast SEO plugin. -->","yoast_head_json":{"title":"Exposition L'\u00c2GE DU FAIRE par PARTICULE 14 - JO YANA","robots":{"index":"index","follow":"follow","max-snippet":"max-snippet:-1","max-image-preview":"max-image-preview:large","max-video-preview":"max-video-preview:-1"},"canonical":"https:\/\/www.joyana.fr\/en\/exposition-lage-du-faire-par-particule-14\/112799\/","og_locale":"en_US","og_type":"article","og_title":"Exposition L'\u00c2GE DU FAIRE par PARTICULE 14 - JO YANA","og_description":"Rendez-vous \u00e0 la Cit\u00e9 du design pour d\u00e9couvrir l&#8217;exposition L&#8217;\u00c2GE DU FAIRE sign\u00e9 par l&#8217;association PARTICULE 14 &#8211; qui invite ici douze designers de talent \u00e0 s&#8217;exprimer sur le th\u00e8me f\u00e9d\u00e9rateur de la Biennale&#8230; MARC AUREL, FX BALL\u00c9RY, THIERRY DE BEAUMONT, GERMAIN BOURR\u00c9, MARC BR\u00c9TILLOT, MATHILDE BRETILLOT, MARIE-CHRISTINE DORNER, ICH&#038;KAR, C\u00c9DRIC MARTINEAUD, PATRICK NADEAU, NORMAL [&hellip;]","og_url":"https:\/\/joyana.fr\/en\/exposition-lage-du-faire-par-particule-14\/112799\/","og_site_name":"JO YANA","article_published_time":"2013-03-20T07:21:12+00:00","og_image":[{"width":650,"height":433,"url":"https:\/\/www.joyana.fr\/wp-content\/uploads\/2013\/03\/LAGE-DU-FAIRE-8.jpg","type":"image\/jpeg"}],"author":"Jo Yana","twitter_card":"summary_large_image","twitter_creator":"@Jo_Yana","twitter_site":"@Jo_Yana","twitter_misc":{"Written by":"Jo Yana","Est. reading time":"1 minute"},"schema":{"@context":"https:\/\/schema.org","@graph":[{"@type":"Article","@id":"https:\/\/www.joyana.fr\/en\/exposition-lage-du-faire-par-particule-14\/112799\/#article","isPartOf":{"@id":"https:\/\/www.joyana.fr\/en\/exposition-lage-du-faire-par-particule-14\/112799\/"},"author":{"name":"Jo Yana","@id":"https:\/\/www.joyana.fr\/ja\/#\/schema\/person\/cf2a1ad12a27c12c21801075bf37407c"},"headline":"Exposition L&#8217;\u00c2GE DU FAIRE par PARTICULE 14","datePublished":"2013-03-20T07:21:12+00:00","mainEntityOfPage":{"@id":"https:\/\/www.joyana.fr\/en\/exposition-lage-du-faire-par-particule-14\/112799\/"},"wordCount":127,"commentCount":2,"publisher":{"@id":"https:\/\/www.joyana.fr\/ja\/#\/schema\/person\/cf2a1ad12a27c12c21801075bf37407c"},"image":{"@id":"https:\/\/www.joyana.fr\/en\/exposition-lage-du-faire-par-particule-14\/112799\/#primaryimage"},"thumbnailUrl":"https:\/\/i0.wp.com\/joyana.fr\/wp-content\/uploads\/2013\/03\/LAGE-DU-FAIRE-8.jpg?fit=650%2C433&ssl=1","keywords":["Biennale du Design de Saint-Etienne","Designers","Exposition"],"articleSection":["Biennale Internationale Design (Saint-Etienne)","DECO-DESIGN","Designer"],"inLanguage":"en-US","potentialAction":[{"@type":"CommentAction","name":"Comment","target":["https:\/\/www.joyana.fr\/en\/exposition-lage-du-faire-par-particule-14\/112799\/#respond"]}]},{"@type":"WebPage","@id":"https:\/\/www.joyana.fr\/en\/exposition-lage-du-faire-par-particule-14\/112799\/","url":"https:\/\/www.joyana.fr\/en\/exposition-lage-du-faire-par-particule-14\/112799\/","name":"Exposition L'\u00c2GE DU FAIRE par PARTICULE 14 - JO YANA","isPartOf":{"@id":"https:\/\/www.joyana.fr\/ja\/#website"},"primaryImageOfPage":{"@id":"https:\/\/www.joyana.fr\/en\/exposition-lage-du-faire-par-particule-14\/112799\/#primaryimage"},"image":{"@id":"https:\/\/www.joyana.fr\/en\/exposition-lage-du-faire-par-particule-14\/112799\/#primaryimage"},"thumbnailUrl":"https:\/\/i0.wp.com\/joyana.fr\/wp-content\/uploads\/2013\/03\/LAGE-DU-FAIRE-8.jpg?fit=650%2C433&ssl=1","datePublished":"2013-03-20T07:21:12+00:00","breadcrumb":{"@id":"https:\/\/www.joyana.fr\/en\/exposition-lage-du-faire-par-particule-14\/112799\/#breadcrumb"},"inLanguage":"en-US","potentialAction":[{"@type":"ReadAction","target":["https:\/\/www.joyana.fr\/en\/exposition-lage-du-faire-par-particule-14\/112799\/"]}]},{"@type":"ImageObject","inLanguage":"en-US","@id":"https:\/\/www.joyana.fr\/en\/exposition-lage-du-faire-par-particule-14\/112799\/#primaryimage","url":"https:\/\/i0.wp.com\/joyana.fr\/wp-content\/uploads\/2013\/03\/LAGE-DU-FAIRE-8.jpg?fit=650%2C433&ssl=1","contentUrl":"https:\/\/i0.wp.com\/joyana.fr\/wp-content\/uploads\/2013\/03\/LAGE-DU-FAIRE-8.jpg?fit=650%2C433&ssl=1","width":650,"height":433},{"@type":"BreadcrumbList","@id":"https:\/\/www.joyana.fr\/en\/exposition-lage-du-faire-par-particule-14\/112799\/#breadcrumb","itemListElement":[{"@type":"ListItem","position":1,"name":"Accueil","item":"https:\/\/www.joyana.fr\/ja\/"},{"@type":"ListItem","position":2,"name":"Exposition L&#8217;\u00c2GE DU FAIRE par PARTICULE 14"}]},{"@type":"WebSite","@id":"https:\/\/www.joyana.fr\/ja\/#website","url":"https:\/\/www.joyana.fr\/ja\/","name":"JO YANA","description":"Blog Mode Homme, Lifestyle, D\u00e9co-Design","publisher":{"@id":"https:\/\/www.joyana.fr\/ja\/#\/schema\/person\/cf2a1ad12a27c12c21801075bf37407c"},"potentialAction":[{"@type":"SearchAction","target":{"@type":"EntryPoint","urlTemplate":"https:\/\/www.joyana.fr\/ja\/?s={search_term_string}"},"query-input":{"@type":"PropertyValueSpecification","valueRequired":true,"valueName":"search_term_string"}}],"inLanguage":"en-US"},{"@type":["Person","Organization"],"@id":"https:\/\/www.joyana.fr\/ja\/#\/schema\/person\/cf2a1ad12a27c12c21801075bf37407c","name":"Jo Yana","image":{"@type":"ImageObject","inLanguage":"en-US","@id":"https:\/\/www.joyana.fr\/ja\/#\/schema\/person\/image\/","url":"https:\/\/i0.wp.com\/joyana.fr\/wp-content\/uploads\/2016\/08\/cropped-joyana-logo-black-360x180.png?fit=343%2C164&ssl=1","contentUrl":"https:\/\/i0.wp.com\/joyana.fr\/wp-content\/uploads\/2016\/08\/cropped-joyana-logo-black-360x180.png?fit=343%2C164&ssl=1","width":343,"height":164,"caption":"Jo Yana"},"logo":{"@id":"https:\/\/www.joyana.fr\/ja\/#\/schema\/person\/image\/"},"description":"Jo Yana est le cr\u00e9ateur et r\u00e9dacteur en chef des sites DECO-DESIGN. Passionn\u00e9 de Design, Mode, Photo, Luxe, Lifestyle, Musique, mais avant tout Blogueur ! Le plaisir de partager l'anime et a comme devise \"POUR L'AMOUR DU BEAU\". Retrouvez le aussi sur son blog personnel - https:\/\/joyana.fr...","sameAs":["https:\/\/joyana.fr\/"],"url":"https:\/\/joyana.fr\/en\/author\/joyana\/"}]}},"author_meta":{"display_name":"Jo Yana","author_link":"https:\/\/joyana.fr\/en\/author\/joyana\/"},"featured_img":"https:\/\/i0.wp.com\/joyana.fr\/wp-content\/uploads\/2013\/03\/LAGE-DU-FAIRE-8.jpg?fit=389%2C259&ssl=1","featured_image_src":"https:\/\/i0.wp.com\/joyana.fr\/wp-content\/uploads\/2013\/03\/LAGE-DU-FAIRE-8.jpg?resize=600%2C400&ssl=1","featured_image_src_square":"https:\/\/i0.wp.com\/joyana.fr\/wp-content\/uploads\/2013\/03\/LAGE-DU-FAIRE-8.jpg?resize=600%2C433&ssl=1","jetpack_featured_media_url":"https:\/\/i0.wp.com\/joyana.fr\/wp-content\/uploads\/2013\/03\/LAGE-DU-FAIRE-8.jpg?fit=650%2C433&ssl=1","uagb_featured_image_src":{"full":["https:\/\/i0.wp.com\/joyana.fr\/wp-content\/uploads\/2013\/03\/LAGE-DU-FAIRE-8.jpg?fit=650%2C433&ssl=1",650,433,false],"thumbnail":["https:\/\/i0.wp.com\/joyana.fr\/wp-content\/uploads\/2013\/03\/LAGE-DU-FAIRE-8.jpg?resize=150%2C150&ssl=1",150,150,true],"medium":["https:\/\/i0.wp.com\/joyana.fr\/wp-content\/uploads\/2013\/03\/LAGE-DU-FAIRE-8.jpg?fit=389%2C259&ssl=1",389,259,true],"medium_large":["https:\/\/i0.wp.com\/joyana.fr\/wp-content\/uploads\/2013\/03\/LAGE-DU-FAIRE-8.jpg?fit=650%2C433&ssl=1",650,433,true],"large":["https:\/\/i0.wp.com\/joyana.fr\/wp-content\/uploads\/2013\/03\/LAGE-DU-FAIRE-8.jpg?fit=650%2C433&ssl=1",650,433,true],"1536x1536":["https:\/\/i0.wp.com\/joyana.fr\/wp-content\/uploads\/2013\/03\/LAGE-DU-FAIRE-8.jpg?fit=650%2C433&ssl=1",650,433,true],"2048x2048":["https:\/\/i0.wp.com\/joyana.fr\/wp-content\/uploads\/2013\/03\/LAGE-DU-FAIRE-8.jpg?fit=650%2C433&ssl=1",650,433,true],"featured-thumb":["https:\/\/i0.wp.com\/joyana.fr\/wp-content\/uploads\/2013\/03\/LAGE-DU-FAIRE-8.jpg?resize=650%2C433&ssl=1",650,433,true],"ab-block-post-grid-landscape":["https:\/\/i0.wp.com\/joyana.fr\/wp-content\/uploads\/2013\/03\/LAGE-DU-FAIRE-8.jpg?resize=600%2C400&ssl=1",600,400,true],"ab-block-post-grid-square":["https:\/\/i0.wp.com\/joyana.fr\/wp-content\/uploads\/2013\/03\/LAGE-DU-FAIRE-8.jpg?resize=600%2C433&ssl=1",600,433,true],"author-pro-image":["https:\/\/i0.wp.com\/joyana.fr\/wp-content\/uploads\/2013\/03\/LAGE-DU-FAIRE-8.jpg?resize=360%2C433&ssl=1",360,433,true],"slider":["https:\/\/i0.wp.com\/joyana.fr\/wp-content\/uploads\/2013\/03\/LAGE-DU-FAIRE-8.jpg?resize=650%2C400&ssl=1",650,400,true],"woocommerce_thumbnail":["https:\/\/i0.wp.com\/joyana.fr\/wp-content\/uploads\/2013\/03\/LAGE-DU-FAIRE-8.jpg?resize=450%2C433&ssl=1",450,433,true],"woocommerce_single":["https:\/\/i0.wp.com\/joyana.fr\/wp-content\/uploads\/2013\/03\/LAGE-DU-FAIRE-8.jpg?fit=650%2C433&ssl=1",650,433,true],"woocommerce_gallery_thumbnail":["https:\/\/i0.wp.com\/joyana.fr\/wp-content\/uploads\/2013\/03\/LAGE-DU-FAIRE-8.jpg?resize=180%2C180&ssl=1",180,180,true],"sow-carousel-default":["https:\/\/i0.wp.com\/joyana.fr\/wp-content\/uploads\/2013\/03\/LAGE-DU-FAIRE-8.jpg?resize=272%2C182&ssl=1",272,182,true]},"uagb_author_info":{"display_name":"Jo Yana","author_link":"https:\/\/joyana.fr\/en\/author\/joyana\/"},"uagb_comment_info":4,"uagb_excerpt":"Rendez-vous \u00e0 la Cit\u00e9 du design pour d\u00e9couvrir l&#8217;exposition L&#8217;\u00c2GE DU FAIRE sign\u00e9 par l&#8217;association PARTICULE 14 &#8211; qui invite ici douze designers de talent \u00e0 s&#8217;exprimer sur le th\u00e8me f\u00e9d\u00e9rateur de la Biennale&#8230; MARC AUREL, FX BALL\u00c9RY, THIERRY DE BEAUMONT, GERMAIN BOURR\u00c9, MARC BR\u00c9TILLOT, MATHILDE BRETILLOT, MARIE-CHRISTINE DORNER, ICH&#038;KAR, C\u00c9DRIC MARTINEAUD, PATRICK NADEAU, NORMAL&hellip;","coauthors":[],"tax_additional":{"categories":{"linked":["<a href=\"https:\/\/joyana.fr\/en\/category\/deco-design\/actualite\/salon\/biennale-design-internationale-saint-etienne\/\" class=\"advgb-post-tax-term\">Biennale Internationale Design (Saint-Etienne)<\/a>","<a href=\"https:\/\/joyana.fr\/en\/category\/deco-design\/\" class=\"advgb-post-tax-term\">DECO-DESIGN<\/a>","<a href=\"https:\/\/joyana.fr\/en\/category\/deco-design\/designer\/\" class=\"advgb-post-tax-term\">Designer<\/a>"],"unlinked":["<span class=\"advgb-post-tax-term\">Biennale Internationale Design (Saint-Etienne)<\/span>","<span class=\"advgb-post-tax-term\">DECO-DESIGN<\/span>","<span class=\"advgb-post-tax-term\">Designer<\/span>"]},"tags":{"linked":["<a href=\"https:\/\/joyana.fr\/en\/category\/deco-design\/designer\/\" class=\"advgb-post-tax-term\">Biennale du Design de Saint-Etienne<\/a>","<a href=\"https:\/\/joyana.fr\/en\/category\/deco-design\/designer\/\" class=\"advgb-post-tax-term\">Designers<\/a>","<a href=\"https:\/\/joyana.fr\/en\/category\/deco-design\/designer\/\" class=\"advgb-post-tax-term\">Exposition<\/a>"],"unlinked":["<span class=\"advgb-post-tax-term\">Biennale du Design de Saint-Etienne<\/span>","<span class=\"advgb-post-tax-term\">Designers<\/span>","<span class=\"advgb-post-tax-term\">Exposition<\/span>"]}},"comment_count":4,"relative_dates":{"created":"Posted 13 years ago","modified":"Updated 13 years ago"},"absolute_dates":{"created":"Posted on 20 March 2013","modified":"Updated on 20 March 2013"},"absolute_dates_time":{"created":"Posted on 20 March 2013 8:21","modified":"Updated on 20 March 2013 8:21"},"featured_img_caption":"","series_order":"","jetpack_sharing_enabled":true,"jetpack_shortlink":"https:\/\/wp.me\/p9bteI-tll","jetpack-related-posts":[],"_links":{"self":[{"href":"https:\/\/joyana.fr\/en\/wp-json\/wp\/v2\/posts\/112799","targetHints":{"allow":["GET"]}}],"collection":[{"href":"https:\/\/joyana.fr\/en\/wp-json\/wp\/v2\/posts"}],"about":[{"href":"https:\/\/joyana.fr\/en\/wp-json\/wp\/v2\/types\/post"}],"author":[{"embeddable":true,"href":"https:\/\/joyana.fr\/en\/wp-json\/wp\/v2\/users\/3"}],"replies":[{"embeddable":true,"href":"https:\/\/joyana.fr\/en\/wp-json\/wp\/v2\/comments?post=112799"}],"version-history":[{"count":0,"href":"https:\/\/joyana.fr\/en\/wp-json\/wp\/v2\/posts\/112799\/revisions"}],"wp:featuredmedia":[{"embeddable":true,"href":"https:\/\/joyana.fr\/en\/wp-json\/wp\/v2\/media\/112807"}],"wp:attachment":[{"href":"https:\/\/joyana.fr\/en\/wp-json\/wp\/v2\/media?parent=112799"}],"wp:term":[{"taxonomy":"category","embeddable":true,"href":"https:\/\/joyana.fr\/en\/wp-json\/wp\/v2\/categories?post=112799"},{"taxonomy":"post_tag","embeddable":true,"href":"https:\/\/joyana.fr\/en\/wp-json\/wp\/v2\/tags?post=112799"}],"curies":[{"name":"wp","href":"https:\/\/api.w.org\/{rel}","templated":true}]}}