{"id":112902,"date":"2016-07-27T19:03:20","date_gmt":"2016-07-27T18:03:20","guid":{"rendered":"https:\/\/joyana.fr\/?p=12902"},"modified":"2016-07-28T15:35:57","modified_gmt":"2016-07-28T14:35:57","slug":"collection-salle-de-bains-kartell-palomba-laufen","status":"publish","type":"post","link":"https:\/\/joyana.fr\/en\/collection-salle-de-bains-kartell-palomba-laufen\/112902\/","title":{"rendered":"Collection Salle de Bains KARTELL by LAUFEN"},"content":{"rendered":"<p style=\"text-align: justify;\"><strong>KARTELL by LAUFEN<\/strong> est une collection pour la salle de bains, fruit du design de <strong>Ludovica + Roberto Palomba<\/strong>, de la r\u00e9alisation de deux superbes entreprises, <a title=\"KARTELL\" href=\"https:\/\/joyana.fr\/tag\/kartell\/\" target=\"_blank\"><strong>Kartell<\/strong><\/a> et son plastique design color\u00e9 et transparent, et <strong>Laufen<\/strong> sp\u00e9cialiste suisse de la c\u00e9ramique&#8230;<!--more--><\/p>\n<p><img data-recalc-dims=\"1\" fetchpriority=\"high\" decoding=\"async\" data-attachment-id=\"124272\" data-permalink=\"https:\/\/joyana.fr\/en\/collection-salle-de-bains-kartell-palomba-laufen\/112902\/kartell-by-laufen_ambience-38\/\" data-orig-file=\"https:\/\/i0.wp.com\/joyana.fr\/wp-content\/uploads\/2013\/03\/Kartell-by-Laufen_Ambience-38.jpg?fit=1500%2C2250&amp;ssl=1\" data-orig-size=\"1500,2250\" data-comments-opened=\"1\" data-image-meta=\"{&quot;aperture&quot;:&quot;16&quot;,&quot;credit&quot;:&quot;&quot;,&quot;camera&quot;:&quot;Canon EOS-1Ds Mark III&quot;,&quot;caption&quot;:&quot;&quot;,&quot;created_timestamp&quot;:&quot;1361704763&quot;,&quot;copyright&quot;:&quot;&quot;,&quot;focal_length&quot;:&quot;27&quot;,&quot;iso&quot;:&quot;100&quot;,&quot;shutter_speed&quot;:&quot;0.25&quot;,&quot;title&quot;:&quot;&quot;,&quot;orientation&quot;:&quot;1&quot;}\" data-image-title=\"Kartell-by-Laufen_Ambience-38\" data-image-description=\"\" data-image-caption=\"\" data-medium-file=\"https:\/\/i0.wp.com\/joyana.fr\/wp-content\/uploads\/2013\/03\/Kartell-by-Laufen_Ambience-38.jpg?fit=259%2C389&amp;ssl=1\" data-large-file=\"https:\/\/i0.wp.com\/joyana.fr\/wp-content\/uploads\/2013\/03\/Kartell-by-Laufen_Ambience-38.jpg?fit=683%2C1024&amp;ssl=1\" class=\"alignnone size-full wp-image-124272\" src=\"https:\/\/i0.wp.com\/joyana.fr\/wp-content\/uploads\/2013\/03\/Kartell-by-Laufen_Ambience-38.jpg?resize=1500%2C2250&#038;ssl=1\" alt=\"Kartell-by-Laufen_Ambience-38\" width=\"1500\" height=\"2250\" srcset=\"https:\/\/i0.wp.com\/joyana.fr\/wp-content\/uploads\/2013\/03\/Kartell-by-Laufen_Ambience-38.jpg?w=1500&amp;ssl=1 1500w, https:\/\/i0.wp.com\/joyana.fr\/wp-content\/uploads\/2013\/03\/Kartell-by-Laufen_Ambience-38.jpg?resize=600%2C900&amp;ssl=1 600w\" sizes=\"(max-width: 1000px) 100vw, 1000px\" \/><\/p>\n<p><img data-recalc-dims=\"1\" decoding=\"async\" data-attachment-id=\"124268\" data-permalink=\"https:\/\/joyana.fr\/en\/collection-salle-de-bains-kartell-palomba-laufen\/112902\/blog-design-kartell_by_laufen_06\/\" data-orig-file=\"https:\/\/i0.wp.com\/joyana.fr\/wp-content\/uploads\/2013\/03\/blog-design-kartell_by_laufen_06.jpg?fit=1500%2C2250&amp;ssl=1\" data-orig-size=\"1500,2250\" data-comments-opened=\"1\" data-image-meta=\"{&quot;aperture&quot;:&quot;16&quot;,&quot;credit&quot;:&quot;&quot;,&quot;camera&quot;:&quot;Canon EOS-1Ds Mark III&quot;,&quot;caption&quot;:&quot;&quot;,&quot;created_timestamp&quot;:&quot;1361269771&quot;,&quot;copyright&quot;:&quot;&quot;,&quot;focal_length&quot;:&quot;34&quot;,&quot;iso&quot;:&quot;100&quot;,&quot;shutter_speed&quot;:&quot;3.2&quot;,&quot;title&quot;:&quot;&quot;,&quot;orientation&quot;:&quot;1&quot;}\" data-image-title=\"blog design kartell_by_laufen_06\" data-image-description=\"\" data-image-caption=\"\" data-medium-file=\"https:\/\/i0.wp.com\/joyana.fr\/wp-content\/uploads\/2013\/03\/blog-design-kartell_by_laufen_06.jpg?fit=259%2C389&amp;ssl=1\" data-large-file=\"https:\/\/i0.wp.com\/joyana.fr\/wp-content\/uploads\/2013\/03\/blog-design-kartell_by_laufen_06.jpg?fit=683%2C1024&amp;ssl=1\" class=\"alignnone size-full wp-image-124268\" src=\"https:\/\/i0.wp.com\/joyana.fr\/wp-content\/uploads\/2013\/03\/blog-design-kartell_by_laufen_06.jpg?resize=1500%2C2250&#038;ssl=1\" alt=\"blog design kartell_by_laufen_06\" width=\"1500\" height=\"2250\" srcset=\"https:\/\/i0.wp.com\/joyana.fr\/wp-content\/uploads\/2013\/03\/blog-design-kartell_by_laufen_06.jpg?w=1500&amp;ssl=1 1500w, https:\/\/i0.wp.com\/joyana.fr\/wp-content\/uploads\/2013\/03\/blog-design-kartell_by_laufen_06.jpg?resize=600%2C900&amp;ssl=1 600w\" sizes=\"(max-width: 1000px) 100vw, 1000px\" \/><\/p>\n<p><img data-recalc-dims=\"1\" decoding=\"async\" data-attachment-id=\"124271\" data-permalink=\"https:\/\/joyana.fr\/en\/collection-salle-de-bains-kartell-palomba-laufen\/112902\/kartell_by_laufen_01-2\/\" data-orig-file=\"https:\/\/i0.wp.com\/joyana.fr\/wp-content\/uploads\/2013\/03\/kartell_by_laufen_01.jpg?fit=1500%2C2250&amp;ssl=1\" data-orig-size=\"1500,2250\" data-comments-opened=\"1\" data-image-meta=\"{&quot;aperture&quot;:&quot;16&quot;,&quot;credit&quot;:&quot;&quot;,&quot;camera&quot;:&quot;Canon EOS-1Ds Mark III&quot;,&quot;caption&quot;:&quot;&quot;,&quot;created_timestamp&quot;:&quot;1361542542&quot;,&quot;copyright&quot;:&quot;&quot;,&quot;focal_length&quot;:&quot;25&quot;,&quot;iso&quot;:&quot;100&quot;,&quot;shutter_speed&quot;:&quot;2.5&quot;,&quot;title&quot;:&quot;&quot;,&quot;orientation&quot;:&quot;1&quot;}\" data-image-title=\"kartell_by_laufen_01\" data-image-description=\"\" data-image-caption=\"\" data-medium-file=\"https:\/\/i0.wp.com\/joyana.fr\/wp-content\/uploads\/2013\/03\/kartell_by_laufen_01.jpg?fit=259%2C389&amp;ssl=1\" data-large-file=\"https:\/\/i0.wp.com\/joyana.fr\/wp-content\/uploads\/2013\/03\/kartell_by_laufen_01.jpg?fit=683%2C1024&amp;ssl=1\" class=\"alignnone size-full wp-image-124271\" src=\"https:\/\/i0.wp.com\/joyana.fr\/wp-content\/uploads\/2013\/03\/kartell_by_laufen_01.jpg?resize=1500%2C2250&#038;ssl=1\" alt=\"kartell_by_laufen_01\" width=\"1500\" height=\"2250\" srcset=\"https:\/\/i0.wp.com\/joyana.fr\/wp-content\/uploads\/2013\/03\/kartell_by_laufen_01.jpg?w=1500&amp;ssl=1 1500w, https:\/\/i0.wp.com\/joyana.fr\/wp-content\/uploads\/2013\/03\/kartell_by_laufen_01.jpg?resize=600%2C900&amp;ssl=1 600w\" sizes=\"(max-width: 1000px) 100vw, 1000px\" \/><\/p>\n<p style=\"text-align: justify;\"><strong>KARTELL by LAUFEN<\/strong>, est un projet complet pour la salle de bains ! D\u2019un c\u00f4t\u00e9, <strong>Kartell<\/strong> &#8211; italien, qui a r\u00e9volutionn\u00e9 le monde du meuble par l\u2019utilisation de mat\u00e9riaux plastiques. De l\u2019autre, <strong>Laufen<\/strong> &#8211; suisse, rigoureux et fiable. Attach\u00e9 depuis 120 ans \u00e0 b\u00e2tir une v\u00e9ritable culture de la salle de bains et \u00e0 innover, ann\u00e9e apr\u00e8s ann\u00e9e, dans le domaine de la production d\u2019appareils sanitaire&#8230;<\/p>\n<p style=\"text-align: justify;\">Le lien naturel entre ces deux entreprises se fait par les designers <strong>Ludovica + Roberto Palomba<\/strong>, deux figures leader du design dans le secteur de la salle de bains&#8230;<\/p>\n<p><img data-recalc-dims=\"1\" loading=\"lazy\" decoding=\"async\" data-attachment-id=\"124273\" data-permalink=\"https:\/\/joyana.fr\/en\/collection-salle-de-bains-kartell-palomba-laufen\/112902\/kartell-by-laufen_ambience-39\/\" data-orig-file=\"https:\/\/i0.wp.com\/joyana.fr\/wp-content\/uploads\/2013\/03\/Kartell-by-Laufen_Ambience-39.jpg?fit=1500%2C2250&amp;ssl=1\" data-orig-size=\"1500,2250\" data-comments-opened=\"1\" data-image-meta=\"{&quot;aperture&quot;:&quot;16&quot;,&quot;credit&quot;:&quot;&quot;,&quot;camera&quot;:&quot;Canon EOS-1Ds Mark III&quot;,&quot;caption&quot;:&quot;&quot;,&quot;created_timestamp&quot;:&quot;1361214336&quot;,&quot;copyright&quot;:&quot;&quot;,&quot;focal_length&quot;:&quot;38&quot;,&quot;iso&quot;:&quot;100&quot;,&quot;shutter_speed&quot;:&quot;3.2&quot;,&quot;title&quot;:&quot;&quot;,&quot;orientation&quot;:&quot;1&quot;}\" data-image-title=\"Kartell-by-Laufen_Ambience-39\" data-image-description=\"\" data-image-caption=\"\" data-medium-file=\"https:\/\/i0.wp.com\/joyana.fr\/wp-content\/uploads\/2013\/03\/Kartell-by-Laufen_Ambience-39.jpg?fit=259%2C389&amp;ssl=1\" data-large-file=\"https:\/\/i0.wp.com\/joyana.fr\/wp-content\/uploads\/2013\/03\/Kartell-by-Laufen_Ambience-39.jpg?fit=683%2C1024&amp;ssl=1\" class=\"alignnone size-full wp-image-124273\" src=\"https:\/\/i0.wp.com\/joyana.fr\/wp-content\/uploads\/2013\/03\/Kartell-by-Laufen_Ambience-39.jpg?resize=1500%2C2250&#038;ssl=1\" alt=\"Kartell-by-Laufen_Ambience-39\" width=\"1500\" height=\"2250\" srcset=\"https:\/\/i0.wp.com\/joyana.fr\/wp-content\/uploads\/2013\/03\/Kartell-by-Laufen_Ambience-39.jpg?w=1500&amp;ssl=1 1500w, https:\/\/i0.wp.com\/joyana.fr\/wp-content\/uploads\/2013\/03\/Kartell-by-Laufen_Ambience-39.jpg?resize=600%2C900&amp;ssl=1 600w\" sizes=\"(max-width: 1000px) 100vw, 1000px\" \/><\/p>\n<p style=\"text-align: justify;\">La salle de bains <strong>KARTELL by LAUFEN<\/strong> est un projet complet, stimulant, unique, empreinte d\u2019un parfum d\u2019\u00e9motion. Un r\u00eave \u00e0 port\u00e9e de main, d\u2019une esth\u00e9tique tout \u00e0 la fois sophistiqu\u00e9e mais accessible, chic mais sobre. J&#8217;ADORE !<\/p>\n<p><img data-recalc-dims=\"1\" loading=\"lazy\" decoding=\"async\" data-attachment-id=\"124267\" data-permalink=\"https:\/\/joyana.fr\/en\/collection-salle-de-bains-kartell-palomba-laufen\/112902\/20_kartell-by-laufen-ambience\/\" data-orig-file=\"https:\/\/i0.wp.com\/joyana.fr\/wp-content\/uploads\/2013\/03\/20_Kartell-by-Laufen-ambience.jpg?fit=1500%2C1420&amp;ssl=1\" data-orig-size=\"1500,1420\" data-comments-opened=\"1\" data-image-meta=\"{&quot;aperture&quot;:&quot;11&quot;,&quot;credit&quot;:&quot;&quot;,&quot;camera&quot;:&quot;Canon EOS-1Ds Mark III&quot;,&quot;caption&quot;:&quot;&quot;,&quot;created_timestamp&quot;:&quot;1361728475&quot;,&quot;copyright&quot;:&quot;&quot;,&quot;focal_length&quot;:&quot;24&quot;,&quot;iso&quot;:&quot;100&quot;,&quot;shutter_speed&quot;:&quot;30&quot;,&quot;title&quot;:&quot;&quot;,&quot;orientation&quot;:&quot;1&quot;}\" data-image-title=\"20_Kartell-by-Laufen-ambience\" data-image-description=\"\" data-image-caption=\"\" data-medium-file=\"https:\/\/i0.wp.com\/joyana.fr\/wp-content\/uploads\/2013\/03\/20_Kartell-by-Laufen-ambience.jpg?fit=389%2C368&amp;ssl=1\" data-large-file=\"https:\/\/i0.wp.com\/joyana.fr\/wp-content\/uploads\/2013\/03\/20_Kartell-by-Laufen-ambience.jpg?fit=1024%2C969&amp;ssl=1\" class=\"alignnone size-full wp-image-124267\" src=\"https:\/\/i0.wp.com\/joyana.fr\/wp-content\/uploads\/2013\/03\/20_Kartell-by-Laufen-ambience.jpg?resize=1500%2C1420&#038;ssl=1\" alt=\"20_Kartell-by-Laufen-ambience\" width=\"1500\" height=\"1420\" srcset=\"https:\/\/i0.wp.com\/joyana.fr\/wp-content\/uploads\/2013\/03\/20_Kartell-by-Laufen-ambience.jpg?w=1500&amp;ssl=1 1500w, https:\/\/i0.wp.com\/joyana.fr\/wp-content\/uploads\/2013\/03\/20_Kartell-by-Laufen-ambience.jpg?resize=600%2C568&amp;ssl=1 600w\" sizes=\"(max-width: 1000px) 100vw, 1000px\" \/><\/p>\n<p style=\"text-align: center;\">En savoir + sur <a title=\"KARTELL\" href=\"http:\/\/www.kartell.it\/\" target=\"_blank\"><strong>KARTELL<\/strong><\/a> &amp; <a href=\"http:\/\/www.fr.laufen.com\/wps\/wcm\/connect\/LAUFEN_FR\/FR_FR\/HOME\/\" target=\"_blank\"><strong>LAUFEN<\/strong><\/a> &amp; <a href=\"http:\/\/www.palombaserafini.com\/about\" target=\"_blank\"><strong>LUDOVICA + ROBERTO PALOMBA<\/strong><\/a><\/p>\n<p style=\"text-align: center;\">Disponible sur <strong><a href=\"http:\/\/www.aufildubain.fr\/\">AU FIL DU BAIN<\/a><\/strong><\/p>\n<p><!--:--><\/p>\n","protected":false},"excerpt":{"rendered":"<p>KARTELL by LAUFEN est une collection pour la salle de bains, fruit du design de Ludovica + Roberto Palomba&#8230;<\/p>\n","protected":false},"author":3,"featured_media":124274,"comment_status":"open","ping_status":"open","sticky":false,"template":"","format":"standard","meta":{"_coblocks_attr":"","_coblocks_dimensions":"","_coblocks_responsive_height":"","_coblocks_accordion_ie_support":"","_uag_custom_page_level_css":"","advgb_blocks_editor_width":"","advgb_blocks_columns_visual_guide":"","_genesis_hide_title":false,"_genesis_hide_breadcrumbs":false,"_genesis_hide_singular_image":false,"_genesis_hide_footer_widgets":false,"_genesis_custom_body_class":"","_genesis_custom_post_class":"","_genesis_layout":"","_themeisle_gutenberg_block_has_review":false,"_jetpack_newsletter_access":"","_jetpack_dont_email_post_to_subs":false,"_jetpack_newsletter_tier_id":0,"_jetpack_memberships_contains_paywalled_content":false,"_jetpack_memberships_contains_paid_content":false,"footnotes":""},"categories":[905,2267,99],"tags":[78,982,1313,1314,960,1226],"class_list":{"0":"post-112902","1":"post","2":"type-post","3":"status-publish","4":"format-standard","5":"has-post-thumbnail","7":"category-deco-design","8":"category-deco-design-en","9":"category-the-journal","10":"tag-design","11":"tag-kartell","12":"tag-laufen","13":"tag-ludovica-roberto-palomba","14":"tag-salle-deau","15":"tag-salle-de-bains-design","16":"entry"},"featured_image_urls":{"full":["https:\/\/i0.wp.com\/joyana.fr\/wp-content\/uploads\/2013\/03\/BLOG-DECO-DESIGN-KARTELL-LAUFEN.jpg?fit=1500%2C1007&ssl=1",1500,1007,false],"thumbnail":["https:\/\/i0.wp.com\/joyana.fr\/wp-content\/uploads\/2013\/03\/BLOG-DECO-DESIGN-KARTELL-LAUFEN.jpg?resize=150%2C150&ssl=1",150,150,true],"medium":["https:\/\/i0.wp.com\/joyana.fr\/wp-content\/uploads\/2013\/03\/BLOG-DECO-DESIGN-KARTELL-LAUFEN.jpg?fit=389%2C261&ssl=1",389,261,true],"medium_large":["https:\/\/i0.wp.com\/joyana.fr\/wp-content\/uploads\/2013\/03\/BLOG-DECO-DESIGN-KARTELL-LAUFEN.jpg?fit=768%2C516&ssl=1",768,516,true],"large":["https:\/\/i0.wp.com\/joyana.fr\/wp-content\/uploads\/2013\/03\/BLOG-DECO-DESIGN-KARTELL-LAUFEN.jpg?fit=1024%2C687&ssl=1",1024,687,true],"1536x1536":["https:\/\/i0.wp.com\/joyana.fr\/wp-content\/uploads\/2013\/03\/BLOG-DECO-DESIGN-KARTELL-LAUFEN.jpg?fit=1500%2C1007&ssl=1",1500,1007,true],"2048x2048":["https:\/\/i0.wp.com\/joyana.fr\/wp-content\/uploads\/2013\/03\/BLOG-DECO-DESIGN-KARTELL-LAUFEN.jpg?fit=1500%2C1007&ssl=1",1500,1007,true],"featured-thumb":["https:\/\/i0.wp.com\/joyana.fr\/wp-content\/uploads\/2013\/03\/BLOG-DECO-DESIGN-KARTELL-LAUFEN.jpg?resize=1500%2C750&ssl=1",1500,750,true],"ab-block-post-grid-landscape":["https:\/\/i0.wp.com\/joyana.fr\/wp-content\/uploads\/2013\/03\/BLOG-DECO-DESIGN-KARTELL-LAUFEN.jpg?resize=600%2C400&ssl=1",600,400,true],"ab-block-post-grid-square":["https:\/\/i0.wp.com\/joyana.fr\/wp-content\/uploads\/2013\/03\/BLOG-DECO-DESIGN-KARTELL-LAUFEN.jpg?resize=600%2C600&ssl=1",600,600,true],"author-pro-image":["https:\/\/i0.wp.com\/joyana.fr\/wp-content\/uploads\/2013\/03\/BLOG-DECO-DESIGN-KARTELL-LAUFEN.jpg?resize=360%2C570&ssl=1",360,570,true],"slider":["https:\/\/i0.wp.com\/joyana.fr\/wp-content\/uploads\/2013\/03\/BLOG-DECO-DESIGN-KARTELL-LAUFEN.jpg?resize=920%2C400&ssl=1",920,400,true],"woocommerce_thumbnail":["https:\/\/i0.wp.com\/joyana.fr\/wp-content\/uploads\/2013\/03\/BLOG-DECO-DESIGN-KARTELL-LAUFEN.jpg?resize=450%2C450&ssl=1",450,450,true],"woocommerce_single":["https:\/\/i0.wp.com\/joyana.fr\/wp-content\/uploads\/2013\/03\/BLOG-DECO-DESIGN-KARTELL-LAUFEN.jpg?fit=920%2C618&ssl=1",920,618,true],"woocommerce_gallery_thumbnail":["https:\/\/i0.wp.com\/joyana.fr\/wp-content\/uploads\/2013\/03\/BLOG-DECO-DESIGN-KARTELL-LAUFEN.jpg?resize=180%2C180&ssl=1",180,180,true],"sow-carousel-default":["https:\/\/i0.wp.com\/joyana.fr\/wp-content\/uploads\/2013\/03\/BLOG-DECO-DESIGN-KARTELL-LAUFEN.jpg?resize=272%2C182&ssl=1",272,182,true]},"post_excerpt_stackable":"<p>KARTELL by LAUFEN est une collection pour la salle de bains, fruit du design de Ludovica + Roberto Palomba&#8230;<\/p>\n","category_list":"<a href=\"https:\/\/joyana.fr\/en\/category\/deco-design\/\" rel=\"category tag\">DECO-DESIGN<\/a>, <a href=\"https:\/\/joyana.fr\/en\/category\/deco-design-en\/\" rel=\"category tag\">DECO-DESIGN<\/a>, <a href=\"https:\/\/joyana.fr\/en\/category\/the-journal\/\" rel=\"category tag\">THE JOURNAL<\/a>","author_info":{"display_name":"Jo Yana","author_link":"https:\/\/joyana.fr\/en\/author\/joyana\/"},"comments_num":"0 comments","featured_image_urls_v2":{"full":["https:\/\/i0.wp.com\/joyana.fr\/wp-content\/uploads\/2013\/03\/BLOG-DECO-DESIGN-KARTELL-LAUFEN.jpg?fit=1500%2C1007&ssl=1",1500,1007,false],"thumbnail":["https:\/\/i0.wp.com\/joyana.fr\/wp-content\/uploads\/2013\/03\/BLOG-DECO-DESIGN-KARTELL-LAUFEN.jpg?resize=150%2C150&ssl=1",150,150,true],"medium":["https:\/\/i0.wp.com\/joyana.fr\/wp-content\/uploads\/2013\/03\/BLOG-DECO-DESIGN-KARTELL-LAUFEN.jpg?fit=389%2C261&ssl=1",389,261,true],"medium_large":["https:\/\/i0.wp.com\/joyana.fr\/wp-content\/uploads\/2013\/03\/BLOG-DECO-DESIGN-KARTELL-LAUFEN.jpg?fit=768%2C516&ssl=1",768,516,true],"large":["https:\/\/i0.wp.com\/joyana.fr\/wp-content\/uploads\/2013\/03\/BLOG-DECO-DESIGN-KARTELL-LAUFEN.jpg?fit=1024%2C687&ssl=1",1024,687,true],"1536x1536":["https:\/\/i0.wp.com\/joyana.fr\/wp-content\/uploads\/2013\/03\/BLOG-DECO-DESIGN-KARTELL-LAUFEN.jpg?fit=1500%2C1007&ssl=1",1500,1007,true],"2048x2048":["https:\/\/i0.wp.com\/joyana.fr\/wp-content\/uploads\/2013\/03\/BLOG-DECO-DESIGN-KARTELL-LAUFEN.jpg?fit=1500%2C1007&ssl=1",1500,1007,true],"featured-thumb":["https:\/\/i0.wp.com\/joyana.fr\/wp-content\/uploads\/2013\/03\/BLOG-DECO-DESIGN-KARTELL-LAUFEN.jpg?resize=1500%2C750&ssl=1",1500,750,true],"ab-block-post-grid-landscape":["https:\/\/i0.wp.com\/joyana.fr\/wp-content\/uploads\/2013\/03\/BLOG-DECO-DESIGN-KARTELL-LAUFEN.jpg?resize=600%2C400&ssl=1",600,400,true],"ab-block-post-grid-square":["https:\/\/i0.wp.com\/joyana.fr\/wp-content\/uploads\/2013\/03\/BLOG-DECO-DESIGN-KARTELL-LAUFEN.jpg?resize=600%2C600&ssl=1",600,600,true],"author-pro-image":["https:\/\/i0.wp.com\/joyana.fr\/wp-content\/uploads\/2013\/03\/BLOG-DECO-DESIGN-KARTELL-LAUFEN.jpg?resize=360%2C570&ssl=1",360,570,true],"slider":["https:\/\/i0.wp.com\/joyana.fr\/wp-content\/uploads\/2013\/03\/BLOG-DECO-DESIGN-KARTELL-LAUFEN.jpg?resize=920%2C400&ssl=1",920,400,true],"woocommerce_thumbnail":["https:\/\/i0.wp.com\/joyana.fr\/wp-content\/uploads\/2013\/03\/BLOG-DECO-DESIGN-KARTELL-LAUFEN.jpg?resize=450%2C450&ssl=1",450,450,true],"woocommerce_single":["https:\/\/i0.wp.com\/joyana.fr\/wp-content\/uploads\/2013\/03\/BLOG-DECO-DESIGN-KARTELL-LAUFEN.jpg?fit=920%2C618&ssl=1",920,618,true],"woocommerce_gallery_thumbnail":["https:\/\/i0.wp.com\/joyana.fr\/wp-content\/uploads\/2013\/03\/BLOG-DECO-DESIGN-KARTELL-LAUFEN.jpg?resize=180%2C180&ssl=1",180,180,true],"sow-carousel-default":["https:\/\/i0.wp.com\/joyana.fr\/wp-content\/uploads\/2013\/03\/BLOG-DECO-DESIGN-KARTELL-LAUFEN.jpg?resize=272%2C182&ssl=1",272,182,true]},"post_excerpt_stackable_v2":"<p>KARTELL by LAUFEN est une collection pour la salle de bains, fruit du design de Ludovica + Roberto Palomba&#8230;<\/p>\n","category_list_v2":"<a href=\"https:\/\/joyana.fr\/en\/category\/deco-design\/\" rel=\"category tag\">DECO-DESIGN<\/a>, <a href=\"https:\/\/joyana.fr\/en\/category\/deco-design-en\/\" rel=\"category tag\">DECO-DESIGN<\/a>, <a href=\"https:\/\/joyana.fr\/en\/category\/the-journal\/\" rel=\"category tag\">THE JOURNAL<\/a>","author_info_v2":{"name":"Jo Yana","url":"https:\/\/joyana.fr\/en\/author\/joyana\/"},"comments_num_v2":"0 comments","yoast_head":"<!-- This site is optimized with the Yoast SEO plugin v26.8 - https:\/\/yoast.com\/product\/yoast-seo-wordpress\/ -->\n<title>Collection Salle de Bains KARTELL by LAUFEN | JO YANA<\/title>\n<meta name=\"description\" content=\"La collaboration KARTELL by LAUFEN est une collection pour la salle de bains, fruit du design de Ludovica + Roberto Palomba...\" \/>\n<meta name=\"robots\" content=\"index, follow, max-snippet:-1, max-image-preview:large, max-video-preview:-1\" \/>\n<link rel=\"canonical\" href=\"https:\/\/joyana.fr\/en\/collection-salle-de-bains-kartell-palomba-laufen\/112902\/\" \/>\n<meta property=\"og:locale\" content=\"en_US\" \/>\n<meta property=\"og:locale:alternate\" content=\"fr_FR\" \/>\n<meta property=\"og:locale:alternate\" content=\"ja\" \/>\n<meta property=\"og:type\" content=\"article\" \/>\n<meta property=\"og:title\" content=\"Collection Salle de Bains KARTELL x LAUFEN\" \/>\n<meta property=\"og:description\" content=\"KARTELL by LAUFEN est une collection pour la salle de bains, fruit du design de Ludovica + Roberto Palomba...\" \/>\n<meta property=\"og:url\" content=\"https:\/\/joyana.fr\/en\/collection-salle-de-bains-kartell-palomba-laufen\/112902\/\" \/>\n<meta property=\"og:site_name\" content=\"JO YANA\" \/>\n<meta property=\"article:published_time\" content=\"2016-07-27T18:03:20+00:00\" \/>\n<meta property=\"article:modified_time\" content=\"2016-07-28T14:35:57+00:00\" \/>\n<meta property=\"og:image\" content=\"https:\/\/i0.wp.com\/joyana.fr\/wp-content\/uploads\/2013\/03\/blog-design-kartell_by_laufen_06.jpg?fit=1500%2C2250&ssl=1\" \/>\n\t<meta property=\"og:image:width\" content=\"1500\" \/>\n\t<meta property=\"og:image:height\" content=\"2250\" \/>\n\t<meta property=\"og:image:type\" content=\"image\/jpeg\" \/>\n<meta name=\"author\" content=\"Jo Yana\" \/>\n<meta name=\"twitter:card\" content=\"summary_large_image\" \/>\n<meta name=\"twitter:creator\" content=\"@Jo_Yana\" \/>\n<meta name=\"twitter:site\" content=\"@Jo_Yana\" \/>\n<meta name=\"twitter:label1\" content=\"Written by\" \/>\n\t<meta name=\"twitter:data1\" content=\"Jo Yana\" \/>\n\t<meta name=\"twitter:label2\" content=\"Est. reading time\" \/>\n\t<meta name=\"twitter:data2\" content=\"1 minute\" \/>\n<script type=\"application\/ld+json\" class=\"yoast-schema-graph\">{\"@context\":\"https:\/\/schema.org\",\"@graph\":[{\"@type\":\"Article\",\"@id\":\"https:\/\/joyana.fr\/en\/collection-salle-de-bains-kartell-palomba-laufen\/112902\/#article\",\"isPartOf\":{\"@id\":\"https:\/\/joyana.fr\/en\/collection-salle-de-bains-kartell-palomba-laufen\/112902\/\"},\"author\":{\"name\":\"Jo Yana\",\"@id\":\"https:\/\/joyana.fr\/#\/schema\/person\/cf2a1ad12a27c12c21801075bf37407c\"},\"headline\":\"Collection Salle de Bains KARTELL by LAUFEN\",\"datePublished\":\"2016-07-27T18:03:20+00:00\",\"dateModified\":\"2016-07-28T14:35:57+00:00\",\"mainEntityOfPage\":{\"@id\":\"https:\/\/joyana.fr\/en\/collection-salle-de-bains-kartell-palomba-laufen\/112902\/\"},\"wordCount\":210,\"commentCount\":0,\"publisher\":{\"@id\":\"https:\/\/joyana.fr\/#\/schema\/person\/cf2a1ad12a27c12c21801075bf37407c\"},\"image\":{\"@id\":\"https:\/\/joyana.fr\/en\/collection-salle-de-bains-kartell-palomba-laufen\/112902\/#primaryimage\"},\"thumbnailUrl\":\"https:\/\/i0.wp.com\/joyana.fr\/wp-content\/uploads\/2013\/03\/BLOG-DECO-DESIGN-KARTELL-LAUFEN.jpg?fit=1500%2C1007&ssl=1\",\"keywords\":[\"DESIGN\",\"Kartell\",\"Laufen\",\"LUDOVICA + ROBERTO PALOMBA\",\"Salle d'eau\",\"Salle de bains design\"],\"articleSection\":[\"DECO-DESIGN\",\"DECO-DESIGN\",\"THE JOURNAL\"],\"inLanguage\":\"en-US\",\"potentialAction\":[{\"@type\":\"CommentAction\",\"name\":\"Comment\",\"target\":[\"https:\/\/joyana.fr\/en\/collection-salle-de-bains-kartell-palomba-laufen\/112902\/#respond\"]}]},{\"@type\":\"WebPage\",\"@id\":\"https:\/\/joyana.fr\/en\/collection-salle-de-bains-kartell-palomba-laufen\/112902\/\",\"url\":\"https:\/\/joyana.fr\/en\/collection-salle-de-bains-kartell-palomba-laufen\/112902\/\",\"name\":\"Collection Salle de Bains KARTELL by LAUFEN | JO YANA\",\"isPartOf\":{\"@id\":\"https:\/\/joyana.fr\/#website\"},\"primaryImageOfPage\":{\"@id\":\"https:\/\/joyana.fr\/en\/collection-salle-de-bains-kartell-palomba-laufen\/112902\/#primaryimage\"},\"image\":{\"@id\":\"https:\/\/joyana.fr\/en\/collection-salle-de-bains-kartell-palomba-laufen\/112902\/#primaryimage\"},\"thumbnailUrl\":\"https:\/\/i0.wp.com\/joyana.fr\/wp-content\/uploads\/2013\/03\/BLOG-DECO-DESIGN-KARTELL-LAUFEN.jpg?fit=1500%2C1007&ssl=1\",\"datePublished\":\"2016-07-27T18:03:20+00:00\",\"dateModified\":\"2016-07-28T14:35:57+00:00\",\"description\":\"La collaboration KARTELL by LAUFEN est une collection pour la salle de bains, fruit du design de Ludovica + Roberto Palomba...\",\"breadcrumb\":{\"@id\":\"https:\/\/joyana.fr\/en\/collection-salle-de-bains-kartell-palomba-laufen\/112902\/#breadcrumb\"},\"inLanguage\":\"en-US\",\"potentialAction\":[{\"@type\":\"ReadAction\",\"target\":[\"https:\/\/joyana.fr\/en\/collection-salle-de-bains-kartell-palomba-laufen\/112902\/\"]}]},{\"@type\":\"ImageObject\",\"inLanguage\":\"en-US\",\"@id\":\"https:\/\/joyana.fr\/en\/collection-salle-de-bains-kartell-palomba-laufen\/112902\/#primaryimage\",\"url\":\"https:\/\/i0.wp.com\/joyana.fr\/wp-content\/uploads\/2013\/03\/BLOG-DECO-DESIGN-KARTELL-LAUFEN.jpg?fit=1500%2C1007&ssl=1\",\"contentUrl\":\"https:\/\/i0.wp.com\/joyana.fr\/wp-content\/uploads\/2013\/03\/BLOG-DECO-DESIGN-KARTELL-LAUFEN.jpg?fit=1500%2C1007&ssl=1\",\"width\":1500,\"height\":1007},{\"@type\":\"BreadcrumbList\",\"@id\":\"https:\/\/joyana.fr\/en\/collection-salle-de-bains-kartell-palomba-laufen\/112902\/#breadcrumb\",\"itemListElement\":[{\"@type\":\"ListItem\",\"position\":1,\"name\":\"Accueil\",\"item\":\"https:\/\/joyana.fr\/\"},{\"@type\":\"ListItem\",\"position\":2,\"name\":\"Collection Salle de Bains KARTELL by LAUFEN\"}]},{\"@type\":\"WebSite\",\"@id\":\"https:\/\/joyana.fr\/#website\",\"url\":\"https:\/\/joyana.fr\/\",\"name\":\"JO YANA\",\"description\":\"Blog Mode Homme, Lifestyle, D\u00e9co-Design\",\"publisher\":{\"@id\":\"https:\/\/joyana.fr\/#\/schema\/person\/cf2a1ad12a27c12c21801075bf37407c\"},\"potentialAction\":[{\"@type\":\"SearchAction\",\"target\":{\"@type\":\"EntryPoint\",\"urlTemplate\":\"https:\/\/joyana.fr\/?s={search_term_string}\"},\"query-input\":{\"@type\":\"PropertyValueSpecification\",\"valueRequired\":true,\"valueName\":\"search_term_string\"}}],\"inLanguage\":\"en-US\"},{\"@type\":[\"Person\",\"Organization\"],\"@id\":\"https:\/\/joyana.fr\/#\/schema\/person\/cf2a1ad12a27c12c21801075bf37407c\",\"name\":\"Jo Yana\",\"image\":{\"@type\":\"ImageObject\",\"inLanguage\":\"en-US\",\"@id\":\"https:\/\/joyana.fr\/#\/schema\/person\/image\/\",\"url\":\"https:\/\/i0.wp.com\/joyana.fr\/wp-content\/uploads\/2016\/08\/cropped-joyana-logo-black-360x180.png?fit=343%2C164&ssl=1\",\"contentUrl\":\"https:\/\/i0.wp.com\/joyana.fr\/wp-content\/uploads\/2016\/08\/cropped-joyana-logo-black-360x180.png?fit=343%2C164&ssl=1\",\"width\":343,\"height\":164,\"caption\":\"Jo Yana\"},\"logo\":{\"@id\":\"https:\/\/joyana.fr\/#\/schema\/person\/image\/\"},\"description\":\"Jo Yana est le cr\u00e9ateur et r\u00e9dacteur en chef des sites DECO-DESIGN. Passionn\u00e9 de Design, Mode, Photo, Luxe, Lifestyle, Musique, mais avant tout Blogueur ! Le plaisir de partager l'anime et a comme devise \\\"POUR L'AMOUR DU BEAU\\\". Retrouvez le aussi sur son blog personnel - https:\/\/joyana.fr...\",\"sameAs\":[\"https:\/\/joyana.fr\/\"],\"url\":\"https:\/\/joyana.fr\/en\/author\/joyana\/\"}]}<\/script>\n<!-- \/ Yoast SEO plugin. -->","yoast_head_json":{"title":"Collection Salle de Bains KARTELL by LAUFEN | JO YANA","description":"La collaboration KARTELL by LAUFEN est une collection pour la salle de bains, fruit du design de Ludovica + Roberto Palomba...","robots":{"index":"index","follow":"follow","max-snippet":"max-snippet:-1","max-image-preview":"max-image-preview:large","max-video-preview":"max-video-preview:-1"},"canonical":"https:\/\/joyana.fr\/en\/collection-salle-de-bains-kartell-palomba-laufen\/112902\/","og_locale":"en_US","og_type":"article","og_title":"Collection Salle de Bains KARTELL x LAUFEN","og_description":"KARTELL by LAUFEN est une collection pour la salle de bains, fruit du design de Ludovica + Roberto Palomba...","og_url":"https:\/\/joyana.fr\/en\/collection-salle-de-bains-kartell-palomba-laufen\/112902\/","og_site_name":"JO YANA","article_published_time":"2016-07-27T18:03:20+00:00","article_modified_time":"2016-07-28T14:35:57+00:00","og_image":[{"width":1500,"height":2250,"url":"https:\/\/i0.wp.com\/joyana.fr\/wp-content\/uploads\/2013\/03\/blog-design-kartell_by_laufen_06.jpg?fit=1500%2C2250&ssl=1","type":"image\/jpeg"}],"author":"Jo Yana","twitter_card":"summary_large_image","twitter_creator":"@Jo_Yana","twitter_site":"@Jo_Yana","twitter_misc":{"Written by":"Jo Yana","Est. reading time":"1 minute"},"schema":{"@context":"https:\/\/schema.org","@graph":[{"@type":"Article","@id":"https:\/\/joyana.fr\/en\/collection-salle-de-bains-kartell-palomba-laufen\/112902\/#article","isPartOf":{"@id":"https:\/\/joyana.fr\/en\/collection-salle-de-bains-kartell-palomba-laufen\/112902\/"},"author":{"name":"Jo Yana","@id":"https:\/\/joyana.fr\/#\/schema\/person\/cf2a1ad12a27c12c21801075bf37407c"},"headline":"Collection Salle de Bains KARTELL by LAUFEN","datePublished":"2016-07-27T18:03:20+00:00","dateModified":"2016-07-28T14:35:57+00:00","mainEntityOfPage":{"@id":"https:\/\/joyana.fr\/en\/collection-salle-de-bains-kartell-palomba-laufen\/112902\/"},"wordCount":210,"commentCount":0,"publisher":{"@id":"https:\/\/joyana.fr\/#\/schema\/person\/cf2a1ad12a27c12c21801075bf37407c"},"image":{"@id":"https:\/\/joyana.fr\/en\/collection-salle-de-bains-kartell-palomba-laufen\/112902\/#primaryimage"},"thumbnailUrl":"https:\/\/i0.wp.com\/joyana.fr\/wp-content\/uploads\/2013\/03\/BLOG-DECO-DESIGN-KARTELL-LAUFEN.jpg?fit=1500%2C1007&ssl=1","keywords":["DESIGN","Kartell","Laufen","LUDOVICA + ROBERTO PALOMBA","Salle d'eau","Salle de bains design"],"articleSection":["DECO-DESIGN","DECO-DESIGN","THE JOURNAL"],"inLanguage":"en-US","potentialAction":[{"@type":"CommentAction","name":"Comment","target":["https:\/\/joyana.fr\/en\/collection-salle-de-bains-kartell-palomba-laufen\/112902\/#respond"]}]},{"@type":"WebPage","@id":"https:\/\/joyana.fr\/en\/collection-salle-de-bains-kartell-palomba-laufen\/112902\/","url":"https:\/\/joyana.fr\/en\/collection-salle-de-bains-kartell-palomba-laufen\/112902\/","name":"Collection Salle de Bains KARTELL by LAUFEN | JO YANA","isPartOf":{"@id":"https:\/\/joyana.fr\/#website"},"primaryImageOfPage":{"@id":"https:\/\/joyana.fr\/en\/collection-salle-de-bains-kartell-palomba-laufen\/112902\/#primaryimage"},"image":{"@id":"https:\/\/joyana.fr\/en\/collection-salle-de-bains-kartell-palomba-laufen\/112902\/#primaryimage"},"thumbnailUrl":"https:\/\/i0.wp.com\/joyana.fr\/wp-content\/uploads\/2013\/03\/BLOG-DECO-DESIGN-KARTELL-LAUFEN.jpg?fit=1500%2C1007&ssl=1","datePublished":"2016-07-27T18:03:20+00:00","dateModified":"2016-07-28T14:35:57+00:00","description":"La collaboration KARTELL by LAUFEN est une collection pour la salle de bains, fruit du design de Ludovica + Roberto Palomba...","breadcrumb":{"@id":"https:\/\/joyana.fr\/en\/collection-salle-de-bains-kartell-palomba-laufen\/112902\/#breadcrumb"},"inLanguage":"en-US","potentialAction":[{"@type":"ReadAction","target":["https:\/\/joyana.fr\/en\/collection-salle-de-bains-kartell-palomba-laufen\/112902\/"]}]},{"@type":"ImageObject","inLanguage":"en-US","@id":"https:\/\/joyana.fr\/en\/collection-salle-de-bains-kartell-palomba-laufen\/112902\/#primaryimage","url":"https:\/\/i0.wp.com\/joyana.fr\/wp-content\/uploads\/2013\/03\/BLOG-DECO-DESIGN-KARTELL-LAUFEN.jpg?fit=1500%2C1007&ssl=1","contentUrl":"https:\/\/i0.wp.com\/joyana.fr\/wp-content\/uploads\/2013\/03\/BLOG-DECO-DESIGN-KARTELL-LAUFEN.jpg?fit=1500%2C1007&ssl=1","width":1500,"height":1007},{"@type":"BreadcrumbList","@id":"https:\/\/joyana.fr\/en\/collection-salle-de-bains-kartell-palomba-laufen\/112902\/#breadcrumb","itemListElement":[{"@type":"ListItem","position":1,"name":"Accueil","item":"https:\/\/joyana.fr\/"},{"@type":"ListItem","position":2,"name":"Collection Salle de Bains KARTELL by LAUFEN"}]},{"@type":"WebSite","@id":"https:\/\/joyana.fr\/#website","url":"https:\/\/joyana.fr\/","name":"JO YANA","description":"Blog Mode Homme, Lifestyle, D\u00e9co-Design","publisher":{"@id":"https:\/\/joyana.fr\/#\/schema\/person\/cf2a1ad12a27c12c21801075bf37407c"},"potentialAction":[{"@type":"SearchAction","target":{"@type":"EntryPoint","urlTemplate":"https:\/\/joyana.fr\/?s={search_term_string}"},"query-input":{"@type":"PropertyValueSpecification","valueRequired":true,"valueName":"search_term_string"}}],"inLanguage":"en-US"},{"@type":["Person","Organization"],"@id":"https:\/\/joyana.fr\/#\/schema\/person\/cf2a1ad12a27c12c21801075bf37407c","name":"Jo Yana","image":{"@type":"ImageObject","inLanguage":"en-US","@id":"https:\/\/joyana.fr\/#\/schema\/person\/image\/","url":"https:\/\/i0.wp.com\/joyana.fr\/wp-content\/uploads\/2016\/08\/cropped-joyana-logo-black-360x180.png?fit=343%2C164&ssl=1","contentUrl":"https:\/\/i0.wp.com\/joyana.fr\/wp-content\/uploads\/2016\/08\/cropped-joyana-logo-black-360x180.png?fit=343%2C164&ssl=1","width":343,"height":164,"caption":"Jo Yana"},"logo":{"@id":"https:\/\/joyana.fr\/#\/schema\/person\/image\/"},"description":"Jo Yana est le cr\u00e9ateur et r\u00e9dacteur en chef des sites DECO-DESIGN. Passionn\u00e9 de Design, Mode, Photo, Luxe, Lifestyle, Musique, mais avant tout Blogueur ! Le plaisir de partager l'anime et a comme devise \"POUR L'AMOUR DU BEAU\". Retrouvez le aussi sur son blog personnel - https:\/\/joyana.fr...","sameAs":["https:\/\/joyana.fr\/"],"url":"https:\/\/joyana.fr\/en\/author\/joyana\/"}]}},"author_meta":{"display_name":"Jo Yana","author_link":"https:\/\/joyana.fr\/en\/author\/joyana\/"},"featured_img":"https:\/\/i0.wp.com\/joyana.fr\/wp-content\/uploads\/2013\/03\/BLOG-DECO-DESIGN-KARTELL-LAUFEN.jpg?fit=389%2C261&ssl=1","featured_image_src":"https:\/\/i0.wp.com\/joyana.fr\/wp-content\/uploads\/2013\/03\/BLOG-DECO-DESIGN-KARTELL-LAUFEN.jpg?resize=600%2C400&ssl=1","featured_image_src_square":"https:\/\/i0.wp.com\/joyana.fr\/wp-content\/uploads\/2013\/03\/BLOG-DECO-DESIGN-KARTELL-LAUFEN.jpg?resize=600%2C600&ssl=1","jetpack_featured_media_url":"https:\/\/i0.wp.com\/joyana.fr\/wp-content\/uploads\/2013\/03\/BLOG-DECO-DESIGN-KARTELL-LAUFEN.jpg?fit=1500%2C1007&ssl=1","uagb_featured_image_src":{"full":["https:\/\/i0.wp.com\/joyana.fr\/wp-content\/uploads\/2013\/03\/BLOG-DECO-DESIGN-KARTELL-LAUFEN.jpg?fit=1500%2C1007&ssl=1",1500,1007,false],"thumbnail":["https:\/\/i0.wp.com\/joyana.fr\/wp-content\/uploads\/2013\/03\/BLOG-DECO-DESIGN-KARTELL-LAUFEN.jpg?resize=150%2C150&ssl=1",150,150,true],"medium":["https:\/\/i0.wp.com\/joyana.fr\/wp-content\/uploads\/2013\/03\/BLOG-DECO-DESIGN-KARTELL-LAUFEN.jpg?fit=389%2C261&ssl=1",389,261,true],"medium_large":["https:\/\/i0.wp.com\/joyana.fr\/wp-content\/uploads\/2013\/03\/BLOG-DECO-DESIGN-KARTELL-LAUFEN.jpg?fit=768%2C516&ssl=1",768,516,true],"large":["https:\/\/i0.wp.com\/joyana.fr\/wp-content\/uploads\/2013\/03\/BLOG-DECO-DESIGN-KARTELL-LAUFEN.jpg?fit=1024%2C687&ssl=1",1024,687,true],"1536x1536":["https:\/\/i0.wp.com\/joyana.fr\/wp-content\/uploads\/2013\/03\/BLOG-DECO-DESIGN-KARTELL-LAUFEN.jpg?fit=1500%2C1007&ssl=1",1500,1007,true],"2048x2048":["https:\/\/i0.wp.com\/joyana.fr\/wp-content\/uploads\/2013\/03\/BLOG-DECO-DESIGN-KARTELL-LAUFEN.jpg?fit=1500%2C1007&ssl=1",1500,1007,true],"featured-thumb":["https:\/\/i0.wp.com\/joyana.fr\/wp-content\/uploads\/2013\/03\/BLOG-DECO-DESIGN-KARTELL-LAUFEN.jpg?resize=1500%2C750&ssl=1",1500,750,true],"ab-block-post-grid-landscape":["https:\/\/i0.wp.com\/joyana.fr\/wp-content\/uploads\/2013\/03\/BLOG-DECO-DESIGN-KARTELL-LAUFEN.jpg?resize=600%2C400&ssl=1",600,400,true],"ab-block-post-grid-square":["https:\/\/i0.wp.com\/joyana.fr\/wp-content\/uploads\/2013\/03\/BLOG-DECO-DESIGN-KARTELL-LAUFEN.jpg?resize=600%2C600&ssl=1",600,600,true],"author-pro-image":["https:\/\/i0.wp.com\/joyana.fr\/wp-content\/uploads\/2013\/03\/BLOG-DECO-DESIGN-KARTELL-LAUFEN.jpg?resize=360%2C570&ssl=1",360,570,true],"slider":["https:\/\/i0.wp.com\/joyana.fr\/wp-content\/uploads\/2013\/03\/BLOG-DECO-DESIGN-KARTELL-LAUFEN.jpg?resize=920%2C400&ssl=1",920,400,true],"woocommerce_thumbnail":["https:\/\/i0.wp.com\/joyana.fr\/wp-content\/uploads\/2013\/03\/BLOG-DECO-DESIGN-KARTELL-LAUFEN.jpg?resize=450%2C450&ssl=1",450,450,true],"woocommerce_single":["https:\/\/i0.wp.com\/joyana.fr\/wp-content\/uploads\/2013\/03\/BLOG-DECO-DESIGN-KARTELL-LAUFEN.jpg?fit=920%2C618&ssl=1",920,618,true],"woocommerce_gallery_thumbnail":["https:\/\/i0.wp.com\/joyana.fr\/wp-content\/uploads\/2013\/03\/BLOG-DECO-DESIGN-KARTELL-LAUFEN.jpg?resize=180%2C180&ssl=1",180,180,true],"sow-carousel-default":["https:\/\/i0.wp.com\/joyana.fr\/wp-content\/uploads\/2013\/03\/BLOG-DECO-DESIGN-KARTELL-LAUFEN.jpg?resize=272%2C182&ssl=1",272,182,true]},"uagb_author_info":{"display_name":"Jo Yana","author_link":"https:\/\/joyana.fr\/en\/author\/joyana\/"},"uagb_comment_info":2,"uagb_excerpt":"KARTELL by LAUFEN est une collection pour la salle de bains, fruit du design de Ludovica + Roberto Palomba...","coauthors":[],"tax_additional":{"categories":{"linked":["<a href=\"https:\/\/joyana.fr\/en\/category\/deco-design\/\" class=\"advgb-post-tax-term\">DECO-DESIGN<\/a>","<a href=\"https:\/\/joyana.fr\/en\/category\/deco-design-en\/\" class=\"advgb-post-tax-term\">DECO-DESIGN<\/a>","<a href=\"https:\/\/joyana.fr\/en\/category\/the-journal\/\" class=\"advgb-post-tax-term\">THE JOURNAL<\/a>"],"unlinked":["<span class=\"advgb-post-tax-term\">DECO-DESIGN<\/span>","<span class=\"advgb-post-tax-term\">DECO-DESIGN<\/span>","<span class=\"advgb-post-tax-term\">THE JOURNAL<\/span>"]},"tags":{"linked":["<a href=\"https:\/\/joyana.fr\/en\/category\/the-journal\/\" class=\"advgb-post-tax-term\">DESIGN<\/a>","<a href=\"https:\/\/joyana.fr\/en\/category\/the-journal\/\" class=\"advgb-post-tax-term\">Kartell<\/a>","<a href=\"https:\/\/joyana.fr\/en\/category\/the-journal\/\" class=\"advgb-post-tax-term\">Laufen<\/a>","<a href=\"https:\/\/joyana.fr\/en\/category\/the-journal\/\" class=\"advgb-post-tax-term\">LUDOVICA + ROBERTO PALOMBA<\/a>","<a href=\"https:\/\/joyana.fr\/en\/category\/the-journal\/\" class=\"advgb-post-tax-term\">Salle d&#039;eau<\/a>","<a href=\"https:\/\/joyana.fr\/en\/category\/the-journal\/\" class=\"advgb-post-tax-term\">Salle de bains design<\/a>"],"unlinked":["<span class=\"advgb-post-tax-term\">DESIGN<\/span>","<span class=\"advgb-post-tax-term\">Kartell<\/span>","<span class=\"advgb-post-tax-term\">Laufen<\/span>","<span class=\"advgb-post-tax-term\">LUDOVICA + ROBERTO PALOMBA<\/span>","<span class=\"advgb-post-tax-term\">Salle d&#039;eau<\/span>","<span class=\"advgb-post-tax-term\">Salle de bains design<\/span>"]}},"comment_count":0,"relative_dates":{"created":"Posted 10 years ago","modified":"Updated 10 years ago"},"absolute_dates":{"created":"Posted on 27 July 2016","modified":"Updated on 28 July 2016"},"absolute_dates_time":{"created":"Posted on 27 July 2016 19:03","modified":"Updated on 28 July 2016 15:35"},"featured_img_caption":"","series_order":"","jetpack_sharing_enabled":true,"jetpack_shortlink":"https:\/\/wp.me\/p9bteI-tn0","jetpack-related-posts":[],"_links":{"self":[{"href":"https:\/\/joyana.fr\/en\/wp-json\/wp\/v2\/posts\/112902","targetHints":{"allow":["GET"]}}],"collection":[{"href":"https:\/\/joyana.fr\/en\/wp-json\/wp\/v2\/posts"}],"about":[{"href":"https:\/\/joyana.fr\/en\/wp-json\/wp\/v2\/types\/post"}],"author":[{"embeddable":true,"href":"https:\/\/joyana.fr\/en\/wp-json\/wp\/v2\/users\/3"}],"replies":[{"embeddable":true,"href":"https:\/\/joyana.fr\/en\/wp-json\/wp\/v2\/comments?post=112902"}],"version-history":[{"count":2,"href":"https:\/\/joyana.fr\/en\/wp-json\/wp\/v2\/posts\/112902\/revisions"}],"predecessor-version":[{"id":124276,"href":"https:\/\/joyana.fr\/en\/wp-json\/wp\/v2\/posts\/112902\/revisions\/124276"}],"wp:featuredmedia":[{"embeddable":true,"href":"https:\/\/joyana.fr\/en\/wp-json\/wp\/v2\/media\/124274"}],"wp:attachment":[{"href":"https:\/\/joyana.fr\/en\/wp-json\/wp\/v2\/media?parent=112902"}],"wp:term":[{"taxonomy":"category","embeddable":true,"href":"https:\/\/joyana.fr\/en\/wp-json\/wp\/v2\/categories?post=112902"},{"taxonomy":"post_tag","embeddable":true,"href":"https:\/\/joyana.fr\/en\/wp-json\/wp\/v2\/tags?post=112902"}],"curies":[{"name":"wp","href":"https:\/\/api.w.org\/{rel}","templated":true}]}}