{"id":113436,"date":"2013-06-07T17:27:04","date_gmt":"2013-06-07T16:27:04","guid":{"rendered":"https:\/\/joyana.fr\/?p=13436"},"modified":"2013-06-07T17:27:04","modified_gmt":"2013-06-07T16:27:04","slug":"designersdays-2013-le-lab-by-legrand-wilmotte","status":"publish","type":"post","link":"https:\/\/joyana.fr\/en\/designersdays-2013-le-lab-by-legrand-wilmotte\/113436\/","title":{"rendered":"D&#8217;DAYS 2013 &#8211; Le Lab by LEGRAND x Victoria WILMOTTE"},"content":{"rendered":"<p>Le sp\u00e9cialiste de l&#8217;<strong>interrupteur Legrand<\/strong> nous pr\u00e9sente durant ces <strong>Designer&#8217;s Days 2013<\/strong> une r\u00e9-interpr\u00e9tation de leur gamme industrielle par <strong>Victoria Wilmotte<\/strong>&#8230;<\/p>\n<p><img data-recalc-dims=\"1\" fetchpriority=\"high\" decoding=\"async\" class=\"alignnone size-large wp-image-13441\" alt=\"D'DAYS 2013 - Le Lab by LEGRAND\" src=\"https:\/\/i0.wp.com\/joyana.fr\/wp-content\/uploads\/2013\/06\/DDAYS2013_LEGRAND_2.jpg?resize=576%2C407&#038;ssl=1\" width=\"576\" height=\"407\" \/><\/p>\n<p>Pour cette \u00e9dition 2013 des <strong>D\u2019DAYS<\/strong>, <strong>Victoria Wilmotte<\/strong> s&#8217;est vue confi\u00e9 par Le <strong>Lab by Legrand<\/strong> le soin de traduire la th\u00e9matique <strong>\u00ab Et demain&#8230; \u00bb<\/strong> \u00e0 travers la r\u00e9interpr\u00e9tation des interrupteurs et prises industriels de la gamme <strong>Legrand<\/strong> et la sc\u00e9nographie du showroom&#8230;<\/p>\n<p>Ainsi la designer parisienne <strong>Victoria Wilmotte<\/strong> se plie \u00e0 un v\u00e9ritable exercice\u00a0de design autour de ces produits industriels ; hors normes domestiques mais toutes normes techniques ; et propose une nouvelle esth\u00e9tique tr\u00e8s color\u00e9e et g\u00e9om\u00e9trique de l\u2019interrupteur destin\u00e9e aux particuliers. Ici les prises et interrupteurs ont \u00e9t\u00e9 r\u00e9alis\u00e9s avec une imprimante 3D qui permet de r\u00e9aliser des formes complexes qui demandent une grande pr\u00e9cision&#8230;<\/p>\n<p><img data-recalc-dims=\"1\" decoding=\"async\" class=\"alignnone size-large wp-image-13438\" alt=\"D'DAYS 2013 - Le Lab by LEGRAND\" src=\"https:\/\/i0.wp.com\/joyana.fr\/wp-content\/uploads\/2013\/06\/DDAYS2013_LEGRAND_6.jpg?resize=576%2C410&#038;ssl=1\" width=\"576\" height=\"410\" \/><\/p>\n<p><img data-recalc-dims=\"1\" decoding=\"async\" class=\"alignnone size-large wp-image-13440\" alt=\"D'DAYS 2013 - Le Lab by LEGRAND\" src=\"https:\/\/i0.wp.com\/joyana.fr\/wp-content\/uploads\/2013\/06\/DDAYS2013_LEGRAND_3.jpg?resize=576%2C452&#038;ssl=1\" width=\"576\" height=\"452\" \/><\/p>\n<p><img data-recalc-dims=\"1\" loading=\"lazy\" decoding=\"async\" class=\"alignnone size-large wp-image-13442\" alt=\"D'DAYS 2013 - Le Lab by LEGRAND\" src=\"https:\/\/i0.wp.com\/joyana.fr\/wp-content\/uploads\/2013\/06\/DDAYS2013_LEGRAND_.jpg?resize=576%2C426&#038;ssl=1\" width=\"576\" height=\"426\" \/><\/p>\n<p><img data-recalc-dims=\"1\" loading=\"lazy\" decoding=\"async\" class=\"alignnone size-large wp-image-13437\" alt=\"D'DAYS 2013 - Le Lab by LEGRAND\" src=\"https:\/\/i0.wp.com\/joyana.fr\/wp-content\/uploads\/2013\/06\/DDAYS2013_LEGRAND_7.jpg?resize=576%2C644&#038;ssl=1\" width=\"576\" height=\"644\" \/><\/p>\n<p><img data-recalc-dims=\"1\" loading=\"lazy\" decoding=\"async\" class=\"alignnone size-large wp-image-13439\" alt=\"D'DAYS 2013 - Le Lab by LEGRAND\" src=\"https:\/\/i0.wp.com\/joyana.fr\/wp-content\/uploads\/2013\/06\/DDAYS2013_LEGRAND_4.jpg?resize=576%2C427&#038;ssl=1\" width=\"576\" height=\"427\" \/><\/p>\n<p>\u00ab Demain, c\u2019est aussi remettre \u00e0 la vue de tous, un design extr\u00eamement fonctionnel souvent en backstage. \u00bb <strong>Victoria Wilmotte<\/strong><\/p>\n<p><iframe src=\"http:\/\/www.youtube.com\/embed\/I5njLkv46Uk?rel=0\" height=\"324\" width=\"576\" allowfullscreen=\"\" frameborder=\"0\"><\/iframe><\/p>\n<p style=\"text-align: center;\">En savoir + sur <a title=\"LEGRAND\" href=\"http:\/\/www.legrand.fr\" target=\"_blank\"><strong>LEGRAND<\/strong><\/a> &#038; <a href=\"http:\/\/victoriawilmotte.fr\" target=\"_blank\"><strong>Victoria WILMOTTE<\/strong><\/a><\/p>\n","protected":false},"excerpt":{"rendered":"<p>Le sp\u00e9cialiste de l&#8217;interrupteur Legrand nous pr\u00e9sente durant ces Designer&#8217;s Days 2013 une r\u00e9-interpr\u00e9tation de leur gamme industrielle par Victoria Wilmotte&#8230; Pour cette \u00e9dition 2013 des D\u2019DAYS, Victoria Wilmotte s&#8217;est vue confi\u00e9 par Le Lab by Legrand le soin de traduire la th\u00e9matique \u00ab Et demain&#8230; \u00bb \u00e0 travers la r\u00e9interpr\u00e9tation des interrupteurs et prises [&hellip;]<\/p>\n","protected":false},"author":3,"featured_media":113441,"comment_status":"open","ping_status":"open","sticky":false,"template":"","format":"standard","meta":{"_coblocks_attr":"","_coblocks_dimensions":"","_coblocks_responsive_height":"","_coblocks_accordion_ie_support":"","_uag_custom_page_level_css":"","advgb_blocks_editor_width":"","advgb_blocks_columns_visual_guide":"","_genesis_hide_title":false,"_genesis_hide_breadcrumbs":false,"_genesis_hide_singular_image":false,"_genesis_hide_footer_widgets":false,"_genesis_custom_body_class":"","_genesis_custom_post_class":"","_genesis_layout":"","_themeisle_gutenberg_block_has_review":false,"_jetpack_newsletter_access":"","_jetpack_dont_email_post_to_subs":false,"_jetpack_newsletter_tier_id":0,"_jetpack_memberships_contains_paywalled_content":false,"_jetpack_memberships_contains_paid_content":false,"footnotes":""},"categories":[906,1005,905,935],"tags":[1374,1375,1376,1377,1378],"class_list":{"0":"post-113436","1":"post","2":"type-post","3":"status-publish","4":"format-standard","5":"has-post-thumbnail","7":"category-accessoires","8":"category-designers-days","9":"category-deco-design","10":"category-decoration","11":"tag-ddays-2013","12":"tag-designers-days-2013","13":"tag-interrupteur-design","14":"tag-legrand","15":"tag-victoria-wilmotte","16":"entry"},"featured_image_urls":{"full":["https:\/\/i0.wp.com\/joyana.fr\/wp-content\/uploads\/2013\/06\/DDAYS2013_LEGRAND_2.jpg?fit=650%2C460&ssl=1",650,460,false],"thumbnail":["https:\/\/i0.wp.com\/joyana.fr\/wp-content\/uploads\/2013\/06\/DDAYS2013_LEGRAND_2.jpg?resize=150%2C150&ssl=1",150,150,true],"medium":["https:\/\/i0.wp.com\/joyana.fr\/wp-content\/uploads\/2013\/06\/DDAYS2013_LEGRAND_2.jpg?fit=389%2C275&ssl=1",389,275,true],"medium_large":["https:\/\/i0.wp.com\/joyana.fr\/wp-content\/uploads\/2013\/06\/DDAYS2013_LEGRAND_2.jpg?fit=650%2C460&ssl=1",650,460,true],"large":["https:\/\/i0.wp.com\/joyana.fr\/wp-content\/uploads\/2013\/06\/DDAYS2013_LEGRAND_2.jpg?fit=650%2C460&ssl=1",650,460,true],"1536x1536":["https:\/\/i0.wp.com\/joyana.fr\/wp-content\/uploads\/2013\/06\/DDAYS2013_LEGRAND_2.jpg?fit=650%2C460&ssl=1",650,460,true],"2048x2048":["https:\/\/i0.wp.com\/joyana.fr\/wp-content\/uploads\/2013\/06\/DDAYS2013_LEGRAND_2.jpg?fit=650%2C460&ssl=1",650,460,true],"featured-thumb":["https:\/\/i0.wp.com\/joyana.fr\/wp-content\/uploads\/2013\/06\/DDAYS2013_LEGRAND_2.jpg?resize=650%2C460&ssl=1",650,460,true],"ab-block-post-grid-landscape":["https:\/\/i0.wp.com\/joyana.fr\/wp-content\/uploads\/2013\/06\/DDAYS2013_LEGRAND_2.jpg?resize=600%2C400&ssl=1",600,400,true],"ab-block-post-grid-square":["https:\/\/i0.wp.com\/joyana.fr\/wp-content\/uploads\/2013\/06\/DDAYS2013_LEGRAND_2.jpg?resize=600%2C460&ssl=1",600,460,true],"author-pro-image":["https:\/\/i0.wp.com\/joyana.fr\/wp-content\/uploads\/2013\/06\/DDAYS2013_LEGRAND_2.jpg?resize=360%2C460&ssl=1",360,460,true],"slider":["https:\/\/i0.wp.com\/joyana.fr\/wp-content\/uploads\/2013\/06\/DDAYS2013_LEGRAND_2.jpg?resize=650%2C400&ssl=1",650,400,true],"woocommerce_thumbnail":["https:\/\/i0.wp.com\/joyana.fr\/wp-content\/uploads\/2013\/06\/DDAYS2013_LEGRAND_2.jpg?resize=450%2C450&ssl=1",450,450,true],"woocommerce_single":["https:\/\/i0.wp.com\/joyana.fr\/wp-content\/uploads\/2013\/06\/DDAYS2013_LEGRAND_2.jpg?fit=650%2C460&ssl=1",650,460,true],"woocommerce_gallery_thumbnail":["https:\/\/i0.wp.com\/joyana.fr\/wp-content\/uploads\/2013\/06\/DDAYS2013_LEGRAND_2.jpg?resize=180%2C180&ssl=1",180,180,true],"sow-carousel-default":["https:\/\/i0.wp.com\/joyana.fr\/wp-content\/uploads\/2013\/06\/DDAYS2013_LEGRAND_2.jpg?resize=272%2C182&ssl=1",272,182,true]},"post_excerpt_stackable":"<p>Le sp\u00e9cialiste de l&#8217;interrupteur Legrand nous pr\u00e9sente durant ces Designer&#8217;s Days 2013 une r\u00e9-interpr\u00e9tation de leur gamme industrielle par Victoria Wilmotte&#8230; Pour cette \u00e9dition 2013 des D\u2019DAYS, Victoria Wilmotte s&#8217;est vue confi\u00e9 par Le Lab by Legrand le soin de traduire la th\u00e9matique \u00ab Et demain&#8230; \u00bb \u00e0 travers la r\u00e9interpr\u00e9tation des interrupteurs et prises industriels de la gamme Legrand et la sc\u00e9nographie du showroom&#8230; Ainsi la designer parisienne Victoria Wilmotte se plie \u00e0 un v\u00e9ritable exercice\u00a0de design autour de ces produits industriels ; hors normes domestiques mais toutes normes techniques ; et propose une nouvelle esth\u00e9tique tr\u00e8s color\u00e9e et&hellip;<\/p>\n","category_list":"<a href=\"https:\/\/joyana.fr\/en\/category\/deco-design\/decoration\/accessoires\/\" rel=\"category tag\">Accessoires<\/a>, <a href=\"https:\/\/joyana.fr\/en\/category\/deco-design\/actualite\/salon\/designers-days\/\" rel=\"category tag\">D'DAYS<\/a>, <a href=\"https:\/\/joyana.fr\/en\/category\/deco-design\/\" rel=\"category tag\">DECO-DESIGN<\/a>, <a href=\"https:\/\/joyana.fr\/en\/category\/deco-design\/decoration\/\" rel=\"category tag\">D\u00e9coration<\/a>","author_info":{"display_name":"Jo Yana","author_link":"https:\/\/joyana.fr\/en\/author\/joyana\/"},"comments_num":"6 comments","featured_image_urls_v2":{"full":["https:\/\/i0.wp.com\/joyana.fr\/wp-content\/uploads\/2013\/06\/DDAYS2013_LEGRAND_2.jpg?fit=650%2C460&ssl=1",650,460,false],"thumbnail":["https:\/\/i0.wp.com\/joyana.fr\/wp-content\/uploads\/2013\/06\/DDAYS2013_LEGRAND_2.jpg?resize=150%2C150&ssl=1",150,150,true],"medium":["https:\/\/i0.wp.com\/joyana.fr\/wp-content\/uploads\/2013\/06\/DDAYS2013_LEGRAND_2.jpg?fit=389%2C275&ssl=1",389,275,true],"medium_large":["https:\/\/i0.wp.com\/joyana.fr\/wp-content\/uploads\/2013\/06\/DDAYS2013_LEGRAND_2.jpg?fit=650%2C460&ssl=1",650,460,true],"large":["https:\/\/i0.wp.com\/joyana.fr\/wp-content\/uploads\/2013\/06\/DDAYS2013_LEGRAND_2.jpg?fit=650%2C460&ssl=1",650,460,true],"1536x1536":["https:\/\/i0.wp.com\/joyana.fr\/wp-content\/uploads\/2013\/06\/DDAYS2013_LEGRAND_2.jpg?fit=650%2C460&ssl=1",650,460,true],"2048x2048":["https:\/\/i0.wp.com\/joyana.fr\/wp-content\/uploads\/2013\/06\/DDAYS2013_LEGRAND_2.jpg?fit=650%2C460&ssl=1",650,460,true],"featured-thumb":["https:\/\/i0.wp.com\/joyana.fr\/wp-content\/uploads\/2013\/06\/DDAYS2013_LEGRAND_2.jpg?resize=650%2C460&ssl=1",650,460,true],"ab-block-post-grid-landscape":["https:\/\/i0.wp.com\/joyana.fr\/wp-content\/uploads\/2013\/06\/DDAYS2013_LEGRAND_2.jpg?resize=600%2C400&ssl=1",600,400,true],"ab-block-post-grid-square":["https:\/\/i0.wp.com\/joyana.fr\/wp-content\/uploads\/2013\/06\/DDAYS2013_LEGRAND_2.jpg?resize=600%2C460&ssl=1",600,460,true],"author-pro-image":["https:\/\/i0.wp.com\/joyana.fr\/wp-content\/uploads\/2013\/06\/DDAYS2013_LEGRAND_2.jpg?resize=360%2C460&ssl=1",360,460,true],"slider":["https:\/\/i0.wp.com\/joyana.fr\/wp-content\/uploads\/2013\/06\/DDAYS2013_LEGRAND_2.jpg?resize=650%2C400&ssl=1",650,400,true],"woocommerce_thumbnail":["https:\/\/i0.wp.com\/joyana.fr\/wp-content\/uploads\/2013\/06\/DDAYS2013_LEGRAND_2.jpg?resize=450%2C450&ssl=1",450,450,true],"woocommerce_single":["https:\/\/i0.wp.com\/joyana.fr\/wp-content\/uploads\/2013\/06\/DDAYS2013_LEGRAND_2.jpg?fit=650%2C460&ssl=1",650,460,true],"woocommerce_gallery_thumbnail":["https:\/\/i0.wp.com\/joyana.fr\/wp-content\/uploads\/2013\/06\/DDAYS2013_LEGRAND_2.jpg?resize=180%2C180&ssl=1",180,180,true],"sow-carousel-default":["https:\/\/i0.wp.com\/joyana.fr\/wp-content\/uploads\/2013\/06\/DDAYS2013_LEGRAND_2.jpg?resize=272%2C182&ssl=1",272,182,true]},"post_excerpt_stackable_v2":"<p>Le sp\u00e9cialiste de l&#8217;interrupteur Legrand nous pr\u00e9sente durant ces Designer&#8217;s Days 2013 une r\u00e9-interpr\u00e9tation de leur gamme industrielle par Victoria Wilmotte&#8230; Pour cette \u00e9dition 2013 des D\u2019DAYS, Victoria Wilmotte s&#8217;est vue confi\u00e9 par Le Lab by Legrand le soin de traduire la th\u00e9matique \u00ab Et demain&#8230; \u00bb \u00e0 travers la r\u00e9interpr\u00e9tation des interrupteurs et prises industriels de la gamme Legrand et la sc\u00e9nographie du showroom&#8230; Ainsi la designer parisienne Victoria Wilmotte se plie \u00e0 un v\u00e9ritable exercice\u00a0de design autour de ces produits industriels ; hors normes domestiques mais toutes normes techniques ; et propose une nouvelle esth\u00e9tique tr\u00e8s color\u00e9e et&hellip;<\/p>\n","category_list_v2":"<a href=\"https:\/\/joyana.fr\/en\/category\/deco-design\/decoration\/accessoires\/\" rel=\"category tag\">Accessoires<\/a>, <a href=\"https:\/\/joyana.fr\/en\/category\/deco-design\/actualite\/salon\/designers-days\/\" rel=\"category tag\">D'DAYS<\/a>, <a href=\"https:\/\/joyana.fr\/en\/category\/deco-design\/\" rel=\"category tag\">DECO-DESIGN<\/a>, <a href=\"https:\/\/joyana.fr\/en\/category\/deco-design\/decoration\/\" rel=\"category tag\">D\u00e9coration<\/a>","author_info_v2":{"name":"Jo Yana","url":"https:\/\/joyana.fr\/en\/author\/joyana\/"},"comments_num_v2":"6 comments","yoast_head":"<!-- This site is optimized with the Yoast SEO plugin v26.8 - https:\/\/yoast.com\/product\/yoast-seo-wordpress\/ -->\n<title>D&#039;DAYS 2013 - Le Lab by LEGRAND x Victoria WILMOTTE - JO YANA<\/title>\n<meta name=\"robots\" content=\"index, follow, max-snippet:-1, max-image-preview:large, max-video-preview:-1\" \/>\n<link rel=\"canonical\" href=\"https:\/\/joyana.fr\/en\/designersdays-2013-le-lab-by-legrand-wilmotte\/113436\/\" \/>\n<meta property=\"og:locale\" content=\"en_US\" \/>\n<meta property=\"og:locale:alternate\" content=\"fr_FR\" \/>\n<meta property=\"og:locale:alternate\" content=\"ja\" \/>\n<meta property=\"og:type\" content=\"article\" \/>\n<meta property=\"og:title\" content=\"D&#039;DAYS 2013 - Le Lab by LEGRAND x Victoria WILMOTTE - JO YANA\" \/>\n<meta property=\"og:description\" content=\"Le sp\u00e9cialiste de l&#8217;interrupteur Legrand nous pr\u00e9sente durant ces Designer&#8217;s Days 2013 une r\u00e9-interpr\u00e9tation de leur gamme industrielle par Victoria Wilmotte&#8230; Pour cette \u00e9dition 2013 des D\u2019DAYS, Victoria Wilmotte s&#8217;est vue confi\u00e9 par Le Lab by Legrand le soin de traduire la th\u00e9matique \u00ab Et demain&#8230; \u00bb \u00e0 travers la r\u00e9interpr\u00e9tation des interrupteurs et prises [&hellip;]\" \/>\n<meta property=\"og:url\" content=\"https:\/\/joyana.fr\/en\/designersdays-2013-le-lab-by-legrand-wilmotte\/113436\/\" \/>\n<meta property=\"og:site_name\" content=\"JO YANA\" \/>\n<meta property=\"article:published_time\" content=\"2013-06-07T16:27:04+00:00\" \/>\n<meta property=\"og:image\" content=\"https:\/\/joyana.fr\/wp-content\/uploads\/2013\/06\/DDAYS2013_LEGRAND_2.jpg\" \/>\n\t<meta property=\"og:image:width\" content=\"650\" \/>\n\t<meta property=\"og:image:height\" content=\"460\" \/>\n\t<meta property=\"og:image:type\" content=\"image\/jpeg\" \/>\n<meta name=\"author\" content=\"Jo Yana\" \/>\n<meta name=\"twitter:card\" content=\"summary_large_image\" \/>\n<meta name=\"twitter:creator\" content=\"@Jo_Yana\" \/>\n<meta name=\"twitter:site\" content=\"@Jo_Yana\" \/>\n<meta name=\"twitter:label1\" content=\"Written by\" \/>\n\t<meta name=\"twitter:data1\" content=\"Jo Yana\" \/>\n\t<meta name=\"twitter:label2\" content=\"Est. reading time\" \/>\n\t<meta name=\"twitter:data2\" content=\"1 minute\" \/>\n<script type=\"application\/ld+json\" class=\"yoast-schema-graph\">{\"@context\":\"https:\/\/schema.org\",\"@graph\":[{\"@type\":\"Article\",\"@id\":\"https:\/\/joyana.fr\/en\/designersdays-2013-le-lab-by-legrand-wilmotte\/113436\/#article\",\"isPartOf\":{\"@id\":\"https:\/\/joyana.fr\/en\/designersdays-2013-le-lab-by-legrand-wilmotte\/113436\/\"},\"author\":{\"name\":\"Jo Yana\",\"@id\":\"https:\/\/www.joyana.fr\/ja\/#\/schema\/person\/cf2a1ad12a27c12c21801075bf37407c\"},\"headline\":\"D&#8217;DAYS 2013 &#8211; Le Lab by LEGRAND x Victoria WILMOTTE\",\"datePublished\":\"2013-06-07T16:27:04+00:00\",\"mainEntityOfPage\":{\"@id\":\"https:\/\/joyana.fr\/en\/designersdays-2013-le-lab-by-legrand-wilmotte\/113436\/\"},\"wordCount\":182,\"commentCount\":3,\"publisher\":{\"@id\":\"https:\/\/www.joyana.fr\/ja\/#\/schema\/person\/cf2a1ad12a27c12c21801075bf37407c\"},\"image\":{\"@id\":\"https:\/\/joyana.fr\/en\/designersdays-2013-le-lab-by-legrand-wilmotte\/113436\/#primaryimage\"},\"thumbnailUrl\":\"https:\/\/i0.wp.com\/joyana.fr\/wp-content\/uploads\/2013\/06\/DDAYS2013_LEGRAND_2.jpg?fit=650%2C460&ssl=1\",\"keywords\":[\"D'DAYS 2013\",\"Designer's Days 2013\",\"Interrupteur design\",\"Legrand\",\"Victoria WILMOTTE\"],\"articleSection\":[\"Accessoires\",\"D'DAYS\",\"DECO-DESIGN\",\"D\u00e9coration\"],\"inLanguage\":\"en-US\",\"potentialAction\":[{\"@type\":\"CommentAction\",\"name\":\"Comment\",\"target\":[\"https:\/\/joyana.fr\/en\/designersdays-2013-le-lab-by-legrand-wilmotte\/113436\/#respond\"]}]},{\"@type\":\"WebPage\",\"@id\":\"https:\/\/joyana.fr\/en\/designersdays-2013-le-lab-by-legrand-wilmotte\/113436\/\",\"url\":\"https:\/\/joyana.fr\/en\/designersdays-2013-le-lab-by-legrand-wilmotte\/113436\/\",\"name\":\"D'DAYS 2013 - Le Lab by LEGRAND x Victoria WILMOTTE - JO YANA\",\"isPartOf\":{\"@id\":\"https:\/\/www.joyana.fr\/ja\/#website\"},\"primaryImageOfPage\":{\"@id\":\"https:\/\/joyana.fr\/en\/designersdays-2013-le-lab-by-legrand-wilmotte\/113436\/#primaryimage\"},\"image\":{\"@id\":\"https:\/\/joyana.fr\/en\/designersdays-2013-le-lab-by-legrand-wilmotte\/113436\/#primaryimage\"},\"thumbnailUrl\":\"https:\/\/i0.wp.com\/joyana.fr\/wp-content\/uploads\/2013\/06\/DDAYS2013_LEGRAND_2.jpg?fit=650%2C460&ssl=1\",\"datePublished\":\"2013-06-07T16:27:04+00:00\",\"breadcrumb\":{\"@id\":\"https:\/\/joyana.fr\/en\/designersdays-2013-le-lab-by-legrand-wilmotte\/113436\/#breadcrumb\"},\"inLanguage\":\"en-US\",\"potentialAction\":[{\"@type\":\"ReadAction\",\"target\":[\"https:\/\/joyana.fr\/en\/designersdays-2013-le-lab-by-legrand-wilmotte\/113436\/\"]}]},{\"@type\":\"ImageObject\",\"inLanguage\":\"en-US\",\"@id\":\"https:\/\/joyana.fr\/en\/designersdays-2013-le-lab-by-legrand-wilmotte\/113436\/#primaryimage\",\"url\":\"https:\/\/i0.wp.com\/joyana.fr\/wp-content\/uploads\/2013\/06\/DDAYS2013_LEGRAND_2.jpg?fit=650%2C460&ssl=1\",\"contentUrl\":\"https:\/\/i0.wp.com\/joyana.fr\/wp-content\/uploads\/2013\/06\/DDAYS2013_LEGRAND_2.jpg?fit=650%2C460&ssl=1\",\"width\":650,\"height\":460},{\"@type\":\"BreadcrumbList\",\"@id\":\"https:\/\/joyana.fr\/en\/designersdays-2013-le-lab-by-legrand-wilmotte\/113436\/#breadcrumb\",\"itemListElement\":[{\"@type\":\"ListItem\",\"position\":1,\"name\":\"Accueil\",\"item\":\"https:\/\/www.joyana.fr\/ja\/\"},{\"@type\":\"ListItem\",\"position\":2,\"name\":\"D&#8217;DAYS 2013 &#8211; Le Lab by LEGRAND x Victoria WILMOTTE\"}]},{\"@type\":\"WebSite\",\"@id\":\"https:\/\/www.joyana.fr\/ja\/#website\",\"url\":\"https:\/\/www.joyana.fr\/ja\/\",\"name\":\"JO YANA\",\"description\":\"Blog Mode Homme, Lifestyle, D\u00e9co-Design\",\"publisher\":{\"@id\":\"https:\/\/www.joyana.fr\/ja\/#\/schema\/person\/cf2a1ad12a27c12c21801075bf37407c\"},\"potentialAction\":[{\"@type\":\"SearchAction\",\"target\":{\"@type\":\"EntryPoint\",\"urlTemplate\":\"https:\/\/www.joyana.fr\/ja\/?s={search_term_string}\"},\"query-input\":{\"@type\":\"PropertyValueSpecification\",\"valueRequired\":true,\"valueName\":\"search_term_string\"}}],\"inLanguage\":\"en-US\"},{\"@type\":[\"Person\",\"Organization\"],\"@id\":\"https:\/\/www.joyana.fr\/ja\/#\/schema\/person\/cf2a1ad12a27c12c21801075bf37407c\",\"name\":\"Jo Yana\",\"image\":{\"@type\":\"ImageObject\",\"inLanguage\":\"en-US\",\"@id\":\"https:\/\/www.joyana.fr\/ja\/#\/schema\/person\/image\/\",\"url\":\"https:\/\/i0.wp.com\/joyana.fr\/wp-content\/uploads\/2016\/08\/cropped-joyana-logo-black-360x180.png?fit=343%2C164&ssl=1\",\"contentUrl\":\"https:\/\/i0.wp.com\/joyana.fr\/wp-content\/uploads\/2016\/08\/cropped-joyana-logo-black-360x180.png?fit=343%2C164&ssl=1\",\"width\":343,\"height\":164,\"caption\":\"Jo Yana\"},\"logo\":{\"@id\":\"https:\/\/www.joyana.fr\/ja\/#\/schema\/person\/image\/\"},\"description\":\"Jo Yana est le cr\u00e9ateur et r\u00e9dacteur en chef des sites DECO-DESIGN. Passionn\u00e9 de Design, Mode, Photo, Luxe, Lifestyle, Musique, mais avant tout Blogueur ! Le plaisir de partager l'anime et a comme devise \\\"POUR L'AMOUR DU BEAU\\\". Retrouvez le aussi sur son blog personnel - https:\/\/joyana.fr...\",\"sameAs\":[\"https:\/\/joyana.fr\/\"],\"url\":\"https:\/\/joyana.fr\/en\/author\/joyana\/\"}]}<\/script>\n<!-- \/ Yoast SEO plugin. -->","yoast_head_json":{"title":"D'DAYS 2013 - Le Lab by LEGRAND x Victoria WILMOTTE - JO YANA","robots":{"index":"index","follow":"follow","max-snippet":"max-snippet:-1","max-image-preview":"max-image-preview:large","max-video-preview":"max-video-preview:-1"},"canonical":"https:\/\/joyana.fr\/en\/designersdays-2013-le-lab-by-legrand-wilmotte\/113436\/","og_locale":"en_US","og_type":"article","og_title":"D'DAYS 2013 - Le Lab by LEGRAND x Victoria WILMOTTE - JO YANA","og_description":"Le sp\u00e9cialiste de l&#8217;interrupteur Legrand nous pr\u00e9sente durant ces Designer&#8217;s Days 2013 une r\u00e9-interpr\u00e9tation de leur gamme industrielle par Victoria Wilmotte&#8230; Pour cette \u00e9dition 2013 des D\u2019DAYS, Victoria Wilmotte s&#8217;est vue confi\u00e9 par Le Lab by Legrand le soin de traduire la th\u00e9matique \u00ab Et demain&#8230; \u00bb \u00e0 travers la r\u00e9interpr\u00e9tation des interrupteurs et prises [&hellip;]","og_url":"https:\/\/joyana.fr\/en\/designersdays-2013-le-lab-by-legrand-wilmotte\/113436\/","og_site_name":"JO YANA","article_published_time":"2013-06-07T16:27:04+00:00","og_image":[{"width":650,"height":460,"url":"https:\/\/joyana.fr\/wp-content\/uploads\/2013\/06\/DDAYS2013_LEGRAND_2.jpg","type":"image\/jpeg"}],"author":"Jo Yana","twitter_card":"summary_large_image","twitter_creator":"@Jo_Yana","twitter_site":"@Jo_Yana","twitter_misc":{"Written by":"Jo Yana","Est. reading time":"1 minute"},"schema":{"@context":"https:\/\/schema.org","@graph":[{"@type":"Article","@id":"https:\/\/joyana.fr\/en\/designersdays-2013-le-lab-by-legrand-wilmotte\/113436\/#article","isPartOf":{"@id":"https:\/\/joyana.fr\/en\/designersdays-2013-le-lab-by-legrand-wilmotte\/113436\/"},"author":{"name":"Jo Yana","@id":"https:\/\/www.joyana.fr\/ja\/#\/schema\/person\/cf2a1ad12a27c12c21801075bf37407c"},"headline":"D&#8217;DAYS 2013 &#8211; Le Lab by LEGRAND x Victoria WILMOTTE","datePublished":"2013-06-07T16:27:04+00:00","mainEntityOfPage":{"@id":"https:\/\/joyana.fr\/en\/designersdays-2013-le-lab-by-legrand-wilmotte\/113436\/"},"wordCount":182,"commentCount":3,"publisher":{"@id":"https:\/\/www.joyana.fr\/ja\/#\/schema\/person\/cf2a1ad12a27c12c21801075bf37407c"},"image":{"@id":"https:\/\/joyana.fr\/en\/designersdays-2013-le-lab-by-legrand-wilmotte\/113436\/#primaryimage"},"thumbnailUrl":"https:\/\/i0.wp.com\/joyana.fr\/wp-content\/uploads\/2013\/06\/DDAYS2013_LEGRAND_2.jpg?fit=650%2C460&ssl=1","keywords":["D'DAYS 2013","Designer's Days 2013","Interrupteur design","Legrand","Victoria WILMOTTE"],"articleSection":["Accessoires","D'DAYS","DECO-DESIGN","D\u00e9coration"],"inLanguage":"en-US","potentialAction":[{"@type":"CommentAction","name":"Comment","target":["https:\/\/joyana.fr\/en\/designersdays-2013-le-lab-by-legrand-wilmotte\/113436\/#respond"]}]},{"@type":"WebPage","@id":"https:\/\/joyana.fr\/en\/designersdays-2013-le-lab-by-legrand-wilmotte\/113436\/","url":"https:\/\/joyana.fr\/en\/designersdays-2013-le-lab-by-legrand-wilmotte\/113436\/","name":"D'DAYS 2013 - Le Lab by LEGRAND x Victoria WILMOTTE - JO YANA","isPartOf":{"@id":"https:\/\/www.joyana.fr\/ja\/#website"},"primaryImageOfPage":{"@id":"https:\/\/joyana.fr\/en\/designersdays-2013-le-lab-by-legrand-wilmotte\/113436\/#primaryimage"},"image":{"@id":"https:\/\/joyana.fr\/en\/designersdays-2013-le-lab-by-legrand-wilmotte\/113436\/#primaryimage"},"thumbnailUrl":"https:\/\/i0.wp.com\/joyana.fr\/wp-content\/uploads\/2013\/06\/DDAYS2013_LEGRAND_2.jpg?fit=650%2C460&ssl=1","datePublished":"2013-06-07T16:27:04+00:00","breadcrumb":{"@id":"https:\/\/joyana.fr\/en\/designersdays-2013-le-lab-by-legrand-wilmotte\/113436\/#breadcrumb"},"inLanguage":"en-US","potentialAction":[{"@type":"ReadAction","target":["https:\/\/joyana.fr\/en\/designersdays-2013-le-lab-by-legrand-wilmotte\/113436\/"]}]},{"@type":"ImageObject","inLanguage":"en-US","@id":"https:\/\/joyana.fr\/en\/designersdays-2013-le-lab-by-legrand-wilmotte\/113436\/#primaryimage","url":"https:\/\/i0.wp.com\/joyana.fr\/wp-content\/uploads\/2013\/06\/DDAYS2013_LEGRAND_2.jpg?fit=650%2C460&ssl=1","contentUrl":"https:\/\/i0.wp.com\/joyana.fr\/wp-content\/uploads\/2013\/06\/DDAYS2013_LEGRAND_2.jpg?fit=650%2C460&ssl=1","width":650,"height":460},{"@type":"BreadcrumbList","@id":"https:\/\/joyana.fr\/en\/designersdays-2013-le-lab-by-legrand-wilmotte\/113436\/#breadcrumb","itemListElement":[{"@type":"ListItem","position":1,"name":"Accueil","item":"https:\/\/www.joyana.fr\/ja\/"},{"@type":"ListItem","position":2,"name":"D&#8217;DAYS 2013 &#8211; Le Lab by LEGRAND x Victoria WILMOTTE"}]},{"@type":"WebSite","@id":"https:\/\/www.joyana.fr\/ja\/#website","url":"https:\/\/www.joyana.fr\/ja\/","name":"JO YANA","description":"Blog Mode Homme, Lifestyle, D\u00e9co-Design","publisher":{"@id":"https:\/\/www.joyana.fr\/ja\/#\/schema\/person\/cf2a1ad12a27c12c21801075bf37407c"},"potentialAction":[{"@type":"SearchAction","target":{"@type":"EntryPoint","urlTemplate":"https:\/\/www.joyana.fr\/ja\/?s={search_term_string}"},"query-input":{"@type":"PropertyValueSpecification","valueRequired":true,"valueName":"search_term_string"}}],"inLanguage":"en-US"},{"@type":["Person","Organization"],"@id":"https:\/\/www.joyana.fr\/ja\/#\/schema\/person\/cf2a1ad12a27c12c21801075bf37407c","name":"Jo Yana","image":{"@type":"ImageObject","inLanguage":"en-US","@id":"https:\/\/www.joyana.fr\/ja\/#\/schema\/person\/image\/","url":"https:\/\/i0.wp.com\/joyana.fr\/wp-content\/uploads\/2016\/08\/cropped-joyana-logo-black-360x180.png?fit=343%2C164&ssl=1","contentUrl":"https:\/\/i0.wp.com\/joyana.fr\/wp-content\/uploads\/2016\/08\/cropped-joyana-logo-black-360x180.png?fit=343%2C164&ssl=1","width":343,"height":164,"caption":"Jo Yana"},"logo":{"@id":"https:\/\/www.joyana.fr\/ja\/#\/schema\/person\/image\/"},"description":"Jo Yana est le cr\u00e9ateur et r\u00e9dacteur en chef des sites DECO-DESIGN. Passionn\u00e9 de Design, Mode, Photo, Luxe, Lifestyle, Musique, mais avant tout Blogueur ! Le plaisir de partager l'anime et a comme devise \"POUR L'AMOUR DU BEAU\". Retrouvez le aussi sur son blog personnel - https:\/\/joyana.fr...","sameAs":["https:\/\/joyana.fr\/"],"url":"https:\/\/joyana.fr\/en\/author\/joyana\/"}]}},"author_meta":{"display_name":"Jo Yana","author_link":"https:\/\/joyana.fr\/en\/author\/joyana\/"},"featured_img":"https:\/\/i0.wp.com\/joyana.fr\/wp-content\/uploads\/2013\/06\/DDAYS2013_LEGRAND_2.jpg?fit=389%2C275&ssl=1","featured_image_src":"https:\/\/i0.wp.com\/joyana.fr\/wp-content\/uploads\/2013\/06\/DDAYS2013_LEGRAND_2.jpg?resize=600%2C400&ssl=1","featured_image_src_square":"https:\/\/i0.wp.com\/joyana.fr\/wp-content\/uploads\/2013\/06\/DDAYS2013_LEGRAND_2.jpg?resize=600%2C460&ssl=1","jetpack_featured_media_url":"https:\/\/i0.wp.com\/joyana.fr\/wp-content\/uploads\/2013\/06\/DDAYS2013_LEGRAND_2.jpg?fit=650%2C460&ssl=1","uagb_featured_image_src":{"full":["https:\/\/i0.wp.com\/joyana.fr\/wp-content\/uploads\/2013\/06\/DDAYS2013_LEGRAND_2.jpg?fit=650%2C460&ssl=1",650,460,false],"thumbnail":["https:\/\/i0.wp.com\/joyana.fr\/wp-content\/uploads\/2013\/06\/DDAYS2013_LEGRAND_2.jpg?resize=150%2C150&ssl=1",150,150,true],"medium":["https:\/\/i0.wp.com\/joyana.fr\/wp-content\/uploads\/2013\/06\/DDAYS2013_LEGRAND_2.jpg?fit=389%2C275&ssl=1",389,275,true],"medium_large":["https:\/\/i0.wp.com\/joyana.fr\/wp-content\/uploads\/2013\/06\/DDAYS2013_LEGRAND_2.jpg?fit=650%2C460&ssl=1",650,460,true],"large":["https:\/\/i0.wp.com\/joyana.fr\/wp-content\/uploads\/2013\/06\/DDAYS2013_LEGRAND_2.jpg?fit=650%2C460&ssl=1",650,460,true],"1536x1536":["https:\/\/i0.wp.com\/joyana.fr\/wp-content\/uploads\/2013\/06\/DDAYS2013_LEGRAND_2.jpg?fit=650%2C460&ssl=1",650,460,true],"2048x2048":["https:\/\/i0.wp.com\/joyana.fr\/wp-content\/uploads\/2013\/06\/DDAYS2013_LEGRAND_2.jpg?fit=650%2C460&ssl=1",650,460,true],"featured-thumb":["https:\/\/i0.wp.com\/joyana.fr\/wp-content\/uploads\/2013\/06\/DDAYS2013_LEGRAND_2.jpg?resize=650%2C460&ssl=1",650,460,true],"ab-block-post-grid-landscape":["https:\/\/i0.wp.com\/joyana.fr\/wp-content\/uploads\/2013\/06\/DDAYS2013_LEGRAND_2.jpg?resize=600%2C400&ssl=1",600,400,true],"ab-block-post-grid-square":["https:\/\/i0.wp.com\/joyana.fr\/wp-content\/uploads\/2013\/06\/DDAYS2013_LEGRAND_2.jpg?resize=600%2C460&ssl=1",600,460,true],"author-pro-image":["https:\/\/i0.wp.com\/joyana.fr\/wp-content\/uploads\/2013\/06\/DDAYS2013_LEGRAND_2.jpg?resize=360%2C460&ssl=1",360,460,true],"slider":["https:\/\/i0.wp.com\/joyana.fr\/wp-content\/uploads\/2013\/06\/DDAYS2013_LEGRAND_2.jpg?resize=650%2C400&ssl=1",650,400,true],"woocommerce_thumbnail":["https:\/\/i0.wp.com\/joyana.fr\/wp-content\/uploads\/2013\/06\/DDAYS2013_LEGRAND_2.jpg?resize=450%2C450&ssl=1",450,450,true],"woocommerce_single":["https:\/\/i0.wp.com\/joyana.fr\/wp-content\/uploads\/2013\/06\/DDAYS2013_LEGRAND_2.jpg?fit=650%2C460&ssl=1",650,460,true],"woocommerce_gallery_thumbnail":["https:\/\/i0.wp.com\/joyana.fr\/wp-content\/uploads\/2013\/06\/DDAYS2013_LEGRAND_2.jpg?resize=180%2C180&ssl=1",180,180,true],"sow-carousel-default":["https:\/\/i0.wp.com\/joyana.fr\/wp-content\/uploads\/2013\/06\/DDAYS2013_LEGRAND_2.jpg?resize=272%2C182&ssl=1",272,182,true]},"uagb_author_info":{"display_name":"Jo Yana","author_link":"https:\/\/joyana.fr\/en\/author\/joyana\/"},"uagb_comment_info":6,"uagb_excerpt":"Le sp\u00e9cialiste de l&#8217;interrupteur Legrand nous pr\u00e9sente durant ces Designer&#8217;s Days 2013 une r\u00e9-interpr\u00e9tation de leur gamme industrielle par Victoria Wilmotte&#8230; Pour cette \u00e9dition 2013 des D\u2019DAYS, Victoria Wilmotte s&#8217;est vue confi\u00e9 par Le Lab by Legrand le soin de traduire la th\u00e9matique \u00ab Et demain&#8230; \u00bb \u00e0 travers la r\u00e9interpr\u00e9tation des interrupteurs et prises&hellip;","coauthors":[],"tax_additional":{"categories":{"linked":["<a href=\"https:\/\/joyana.fr\/en\/category\/deco-design\/decoration\/accessoires\/\" class=\"advgb-post-tax-term\">Accessoires<\/a>","<a href=\"https:\/\/joyana.fr\/en\/category\/deco-design\/actualite\/salon\/designers-days\/\" class=\"advgb-post-tax-term\">D&#039;DAYS<\/a>","<a href=\"https:\/\/joyana.fr\/en\/category\/deco-design\/\" class=\"advgb-post-tax-term\">DECO-DESIGN<\/a>","<a href=\"https:\/\/joyana.fr\/en\/category\/deco-design\/decoration\/\" class=\"advgb-post-tax-term\">D\u00e9coration<\/a>"],"unlinked":["<span class=\"advgb-post-tax-term\">Accessoires<\/span>","<span class=\"advgb-post-tax-term\">D&#039;DAYS<\/span>","<span class=\"advgb-post-tax-term\">DECO-DESIGN<\/span>","<span class=\"advgb-post-tax-term\">D\u00e9coration<\/span>"]},"tags":{"linked":["<a href=\"https:\/\/joyana.fr\/en\/category\/deco-design\/decoration\/\" class=\"advgb-post-tax-term\">D&#039;DAYS 2013<\/a>","<a href=\"https:\/\/joyana.fr\/en\/category\/deco-design\/decoration\/\" class=\"advgb-post-tax-term\">Designer&#039;s Days 2013<\/a>","<a href=\"https:\/\/joyana.fr\/en\/category\/deco-design\/decoration\/\" class=\"advgb-post-tax-term\">Interrupteur design<\/a>","<a href=\"https:\/\/joyana.fr\/en\/category\/deco-design\/decoration\/\" class=\"advgb-post-tax-term\">Legrand<\/a>","<a href=\"https:\/\/joyana.fr\/en\/category\/deco-design\/decoration\/\" class=\"advgb-post-tax-term\">Victoria WILMOTTE<\/a>"],"unlinked":["<span class=\"advgb-post-tax-term\">D&#039;DAYS 2013<\/span>","<span class=\"advgb-post-tax-term\">Designer&#039;s Days 2013<\/span>","<span class=\"advgb-post-tax-term\">Interrupteur design<\/span>","<span class=\"advgb-post-tax-term\">Legrand<\/span>","<span class=\"advgb-post-tax-term\">Victoria WILMOTTE<\/span>"]}},"comment_count":6,"relative_dates":{"created":"Posted 13 years ago","modified":"Updated 13 years ago"},"absolute_dates":{"created":"Posted on 7 June 2013","modified":"Updated on 7 June 2013"},"absolute_dates_time":{"created":"Posted on 7 June 2013 17:27","modified":"Updated on 7 June 2013 17:27"},"featured_img_caption":"","series_order":"","jetpack_sharing_enabled":true,"jetpack_shortlink":"https:\/\/wp.me\/p9bteI-tvC","jetpack-related-posts":[],"_links":{"self":[{"href":"https:\/\/joyana.fr\/en\/wp-json\/wp\/v2\/posts\/113436","targetHints":{"allow":["GET"]}}],"collection":[{"href":"https:\/\/joyana.fr\/en\/wp-json\/wp\/v2\/posts"}],"about":[{"href":"https:\/\/joyana.fr\/en\/wp-json\/wp\/v2\/types\/post"}],"author":[{"embeddable":true,"href":"https:\/\/joyana.fr\/en\/wp-json\/wp\/v2\/users\/3"}],"replies":[{"embeddable":true,"href":"https:\/\/joyana.fr\/en\/wp-json\/wp\/v2\/comments?post=113436"}],"version-history":[{"count":0,"href":"https:\/\/joyana.fr\/en\/wp-json\/wp\/v2\/posts\/113436\/revisions"}],"wp:featuredmedia":[{"embeddable":true,"href":"https:\/\/joyana.fr\/en\/wp-json\/wp\/v2\/media\/113441"}],"wp:attachment":[{"href":"https:\/\/joyana.fr\/en\/wp-json\/wp\/v2\/media?parent=113436"}],"wp:term":[{"taxonomy":"category","embeddable":true,"href":"https:\/\/joyana.fr\/en\/wp-json\/wp\/v2\/categories?post=113436"},{"taxonomy":"post_tag","embeddable":true,"href":"https:\/\/joyana.fr\/en\/wp-json\/wp\/v2\/tags?post=113436"}],"curies":[{"name":"wp","href":"https:\/\/api.w.org\/{rel}","templated":true}]}}