{"id":113902,"date":"2013-08-11T07:40:48","date_gmt":"2013-08-11T06:40:48","guid":{"rendered":"https:\/\/joyana.fr\/?p=13902"},"modified":"2013-08-11T07:40:48","modified_gmt":"2013-08-11T06:40:48","slug":"mercedes-benz-style-nouveautes-2013","status":"publish","type":"post","link":"https:\/\/joyana.fr\/en\/mercedes-benz-style-nouveautes-2013\/113902\/","title":{"rendered":"MERCEDES-BENZ STYLE &#8211; Nouveaut\u00e9s 2013"},"content":{"rendered":"<p>Depuis 2010, en plus de la conception automobile classique, les designers <strong>Mercedes-Benz<\/strong> ont \u00e9galement cr\u00e9\u00e9 les dessins pour d&#8217;autres produits en collaboration avec des partenaires s\u00e9lectionn\u00e9s sous la marque <strong>Mercedes-Benz Style<\/strong>. Voici les <strong>nouveaut\u00e9s 2013<\/strong>&#8230;<\/p>\n<p><img data-recalc-dims=\"1\" fetchpriority=\"high\" decoding=\"async\" alt=\"Mercedes-Benz-Style---Novit\u00e0-2013_immagine_20130729112545\" src=\"https:\/\/i0.wp.com\/joyana.fr\/wp-content\/uploads\/2013\/08\/Mercedes-Benz-Style-Novit%C3%A0-2013_immagine_20130729112545-576x288.jpg?resize=576%2C288&#038;ssl=1\" width=\"576\" height=\"288\" \/><\/p>\n<p>L&#8217;objectif est de transf\u00e9rer sans \u00e9quivoque, idiome de conception progressive de <strong>Mercedes-Benz<\/strong> et des normes \u00e9lev\u00e9es de luxe et de l&#8217;esth\u00e9tique \u00e0 d&#8217;autres sph\u00e8res de la vie. Tous les produits con\u00e7us par <strong>Mercedes-Benz Styl<\/strong>e sont caract\u00e9ris\u00e9s par la conception dynamique et avant-gardiste qui est une caract\u00e9ristique de la marque, une qualit\u00e9 sans compromis et le choix de mat\u00e9riaux nobles fini \u00e0 la perfection.<\/p>\n<p><a href=\"https:\/\/deco-design.biz\/mercedes-benz-style-2013-formitalia\/11104\/\" target=\"_blank\">L&#8217;ann\u00e9e derni\u00e8re<\/a>, une collection compl\u00e8te de meubles suivie, en collaboration avec le groupe de luxe <strong>Formitalia<\/strong>, l&#8217;un des principaux fabricants de meubles design italiens. Le mobilier se distingue par un jeu esth\u00e9tique des proportions dramatiques, les contours form\u00e9s, organiquement et par des lignes fluides, cr\u00e9ant une harmonie et une l\u00e9g\u00e8ret\u00e9 extraordinaire. Les \u00e9l\u00e9ments de mobilier semblent flotter librement dans l&#8217;espace.<br \/>\nLa <strong>collection 2013<\/strong> est enrichie avec des meubles nouvelles et fascinantes qui sont toujours produites et distribu\u00e9es par Formitalia et vendus dans le monde par les magasins de meubles exclusifs, des showrooms et des entreprises de design d&#8217;int\u00e9rieur&#8230;<\/p>\n<p><img data-recalc-dims=\"1\" decoding=\"async\" class=\"alignnone size-large wp-image-13904\" alt=\"Mercedes-Benz-Style---Novit\u00e0-2013_immagine_20130729112425\" src=\"https:\/\/i0.wp.com\/joyana.fr\/wp-content\/uploads\/2013\/08\/Mercedes-Benz-Style-Novit%C3%A0-2013_immagine_20130729112425-576x288.jpg?resize=576%2C288&#038;ssl=1\" width=\"576\" height=\"288\" \/><\/p>\n<p><img data-recalc-dims=\"1\" decoding=\"async\" class=\"alignnone size-large wp-image-13906\" alt=\"Mercedes-Benz-Style---Novit\u00e0-2013_immagine_20130729112915\" src=\"https:\/\/i0.wp.com\/joyana.fr\/wp-content\/uploads\/2013\/08\/Mercedes-Benz-Style-Novit%C3%A0-2013_immagine_20130729112915-576x288.jpg?resize=576%2C288&#038;ssl=1\" width=\"576\" height=\"288\" \/><\/p>\n<p><img data-recalc-dims=\"1\" loading=\"lazy\" decoding=\"async\" class=\"alignnone size-large wp-image-13907\" alt=\"Mercedes-Benz-Style---Novit\u00e0-2013_immagine_20130729123729\" src=\"https:\/\/i0.wp.com\/joyana.fr\/wp-content\/uploads\/2013\/08\/Mercedes-Benz-Style-Novit%C3%A0-2013_immagine_20130729123729-576x288.jpg?resize=576%2C288&#038;ssl=1\" width=\"576\" height=\"288\" \/><\/p>\n\n<p>&nbsp;<\/p>\n<p><img data-recalc-dims=\"1\" loading=\"lazy\" decoding=\"async\" class=\"alignnone size-large wp-image-13912\" alt=\"Mercedes-Benz-Style---Novit\u00e0-2013_immagine_20130729124747\" src=\"https:\/\/i0.wp.com\/joyana.fr\/wp-content\/uploads\/2013\/08\/Mercedes-Benz-Style-Novit%C3%A0-2013_immagine_20130729124747-576x288.jpg?resize=576%2C288&#038;ssl=1\" width=\"576\" height=\"288\" \/><\/p>\n<p style=\"text-align: center;\">En savoir + sur\u00a0<a title=\"FORMITALIA\" href=\"http:\/\/www.formitalia.it\/\" target=\"_blank\"><strong>FORMITALIA<\/strong><\/a>\u00a0&#038;\u00a0<a title=\"MERCEDES BENZ\" href=\"http:\/\/www.mercedes-benz.fr\/\" target=\"_blank\"><strong>MERCEDES-BENZ<\/strong><\/a><\/p>\n","protected":false},"excerpt":{"rendered":"<p>Depuis 2010, en plus de la conception automobile classique, les designers Mercedes-Benz ont \u00e9galement cr\u00e9\u00e9 les dessins pour d&#8217;autres produits en collaboration avec des partenaires s\u00e9lectionn\u00e9s sous la marque Mercedes-Benz Style. Voici les nouveaut\u00e9s 2013&#8230; L&#8217;objectif est de transf\u00e9rer sans \u00e9quivoque, idiome de conception progressive de Mercedes-Benz et des normes \u00e9lev\u00e9es de luxe et de [&hellip;]<\/p>\n","protected":false},"author":3,"featured_media":113905,"comment_status":"open","ping_status":"open","sticky":false,"template":"","format":"standard","meta":{"_coblocks_attr":"","_coblocks_dimensions":"","_coblocks_responsive_height":"","_coblocks_accordion_ie_support":"","_uag_custom_page_level_css":"","advgb_blocks_editor_width":"","advgb_blocks_columns_visual_guide":"","_genesis_hide_title":false,"_genesis_hide_breadcrumbs":false,"_genesis_hide_singular_image":false,"_genesis_hide_footer_widgets":false,"_genesis_custom_body_class":"","_genesis_custom_post_class":"","_genesis_layout":"","_themeisle_gutenberg_block_has_review":false,"_jetpack_newsletter_access":"","_jetpack_dont_email_post_to_subs":false,"_jetpack_newsletter_tier_id":0,"_jetpack_memberships_contains_paywalled_content":false,"_jetpack_memberships_contains_paid_content":false,"footnotes":""},"categories":[949,905,950,1131,1443,942,944],"tags":[78,1147,10,1148],"class_list":{"0":"post-113902","1":"post","2":"type-post","3":"status-publish","4":"format-standard","5":"has-post-thumbnail","7":"category-canape","8":"category-deco-design","9":"category-fauteuil","10":"category-lit","11":"category-mercedes-benz-style","12":"category-mobilier","13":"category-table","14":"tag-design","15":"tag-formitalia","16":"tag-luxe","17":"tag-mercedes-benz","18":"entry"},"featured_image_urls":{"full":["https:\/\/i0.wp.com\/joyana.fr\/wp-content\/uploads\/2013\/08\/Mercedes-Benz-Style-Novit%C3%83%C2%A0-2013_immagine_20130729112545.jpg?fit=%2C&ssl=1",false,false,false],"thumbnail":["https:\/\/i0.wp.com\/joyana.fr\/wp-content\/uploads\/2013\/08\/Mercedes-Benz-Style-Novit%C3%83%C2%A0-2013_immagine_20130729112545.jpg?resize=150%2C150&ssl=1",false,false,true],"medium":["https:\/\/i0.wp.com\/joyana.fr\/wp-content\/uploads\/2013\/08\/Mercedes-Benz-Style-Novit%C3%83%C2%A0-2013_immagine_20130729112545.jpg?fit=389%2C389&ssl=1",false,false,true],"medium_large":["https:\/\/i0.wp.com\/joyana.fr\/wp-content\/uploads\/2013\/08\/Mercedes-Benz-Style-Novit%C3%83%C2%A0-2013_immagine_20130729112545.jpg?w=768&ssl=1",false,false,true],"large":["https:\/\/i0.wp.com\/joyana.fr\/wp-content\/uploads\/2013\/08\/Mercedes-Benz-Style-Novit%C3%83%C2%A0-2013_immagine_20130729112545.jpg?fit=1024%2C1024&ssl=1",false,false,true],"1536x1536":["https:\/\/i0.wp.com\/joyana.fr\/wp-content\/uploads\/2013\/08\/Mercedes-Benz-Style-Novit%C3%83%C2%A0-2013_immagine_20130729112545.jpg?fit=1536%2C1536&ssl=1",false,false,true],"2048x2048":["https:\/\/i0.wp.com\/joyana.fr\/wp-content\/uploads\/2013\/08\/Mercedes-Benz-Style-Novit%C3%83%C2%A0-2013_immagine_20130729112545.jpg?fit=2048%2C2048&ssl=1",false,false,true],"featured-thumb":["https:\/\/i0.wp.com\/joyana.fr\/wp-content\/uploads\/2013\/08\/Mercedes-Benz-Style-Novit%C3%83%C2%A0-2013_immagine_20130729112545.jpg?resize=1903%2C750&ssl=1",false,false,true],"ab-block-post-grid-landscape":["https:\/\/i0.wp.com\/joyana.fr\/wp-content\/uploads\/2013\/08\/Mercedes-Benz-Style-Novit%C3%83%C2%A0-2013_immagine_20130729112545.jpg?resize=600%2C400&ssl=1",false,false,true],"ab-block-post-grid-square":["https:\/\/i0.wp.com\/joyana.fr\/wp-content\/uploads\/2013\/08\/Mercedes-Benz-Style-Novit%C3%83%C2%A0-2013_immagine_20130729112545.jpg?resize=600%2C600&ssl=1",false,false,true],"author-pro-image":["https:\/\/i0.wp.com\/joyana.fr\/wp-content\/uploads\/2013\/08\/Mercedes-Benz-Style-Novit%C3%83%C2%A0-2013_immagine_20130729112545.jpg?resize=360%2C570&ssl=1",false,false,true],"slider":["https:\/\/i0.wp.com\/joyana.fr\/wp-content\/uploads\/2013\/08\/Mercedes-Benz-Style-Novit%C3%83%C2%A0-2013_immagine_20130729112545.jpg?resize=920%2C400&ssl=1",false,false,true],"woocommerce_thumbnail":["https:\/\/i0.wp.com\/joyana.fr\/wp-content\/uploads\/2013\/08\/Mercedes-Benz-Style-Novit%C3%83%C2%A0-2013_immagine_20130729112545.jpg?resize=450%2C450&ssl=1",false,false,true],"woocommerce_single":["https:\/\/i0.wp.com\/joyana.fr\/wp-content\/uploads\/2013\/08\/Mercedes-Benz-Style-Novit%C3%83%C2%A0-2013_immagine_20130729112545.jpg?w=920&ssl=1",false,false,true],"woocommerce_gallery_thumbnail":["https:\/\/i0.wp.com\/joyana.fr\/wp-content\/uploads\/2013\/08\/Mercedes-Benz-Style-Novit%C3%83%C2%A0-2013_immagine_20130729112545.jpg?resize=180%2C180&ssl=1",false,false,true],"sow-carousel-default":["https:\/\/i0.wp.com\/joyana.fr\/wp-content\/uploads\/2013\/08\/Mercedes-Benz-Style-Novit%C3%83%C2%A0-2013_immagine_20130729112545.jpg?resize=272%2C182&ssl=1",false,false,true]},"post_excerpt_stackable":"<p>Depuis 2010, en plus de la conception automobile classique, les designers Mercedes-Benz ont \u00e9galement cr\u00e9\u00e9 les dessins pour d&#8217;autres produits en collaboration avec des partenaires s\u00e9lectionn\u00e9s sous la marque Mercedes-Benz Style. Voici les nouveaut\u00e9s 2013&#8230; L&#8217;objectif est de transf\u00e9rer sans \u00e9quivoque, idiome de conception progressive de Mercedes-Benz et des normes \u00e9lev\u00e9es de luxe et de l&#8217;esth\u00e9tique \u00e0 d&#8217;autres sph\u00e8res de la vie. Tous les produits con\u00e7us par Mercedes-Benz Style sont caract\u00e9ris\u00e9s par la conception dynamique et avant-gardiste qui est une caract\u00e9ristique de la marque, une qualit\u00e9 sans compromis et le choix de mat\u00e9riaux nobles fini \u00e0 la perfection. L&#8217;ann\u00e9e derni\u00e8re,&hellip;<\/p>\n","category_list":"<a href=\"https:\/\/joyana.fr\/en\/category\/deco-design\/mobilier\/assise\/canape\/\" rel=\"category tag\">Canap\u00e9<\/a>, <a href=\"https:\/\/joyana.fr\/en\/category\/deco-design\/\" rel=\"category tag\">DECO-DESIGN<\/a>, <a href=\"https:\/\/joyana.fr\/en\/category\/deco-design\/mobilier\/assise\/fauteuil\/\" rel=\"category tag\">Fauteuil<\/a>, <a href=\"https:\/\/joyana.fr\/en\/category\/deco-design\/mobilier\/lit\/\" rel=\"category tag\">Lit<\/a>, <a href=\"https:\/\/joyana.fr\/en\/category\/marques\/mercedes-benz-style\/\" rel=\"category tag\">Mercedes-Benz Style<\/a>, <a href=\"https:\/\/joyana.fr\/en\/category\/deco-design\/mobilier\/\" rel=\"category tag\">Mobilier<\/a>, <a href=\"https:\/\/joyana.fr\/en\/category\/deco-design\/mobilier\/table\/\" rel=\"category tag\">Table<\/a>","author_info":{"display_name":"Jo Yana","author_link":"https:\/\/joyana.fr\/en\/author\/joyana\/"},"comments_num":"0 comments","featured_image_urls_v2":{"full":["https:\/\/i0.wp.com\/joyana.fr\/wp-content\/uploads\/2013\/08\/Mercedes-Benz-Style-Novit%C3%83%C2%A0-2013_immagine_20130729112545.jpg?fit=%2C&ssl=1",false,false,false],"thumbnail":["https:\/\/i0.wp.com\/joyana.fr\/wp-content\/uploads\/2013\/08\/Mercedes-Benz-Style-Novit%C3%83%C2%A0-2013_immagine_20130729112545.jpg?resize=150%2C150&ssl=1",false,false,true],"medium":["https:\/\/i0.wp.com\/joyana.fr\/wp-content\/uploads\/2013\/08\/Mercedes-Benz-Style-Novit%C3%83%C2%A0-2013_immagine_20130729112545.jpg?fit=389%2C389&ssl=1",false,false,true],"medium_large":["https:\/\/i0.wp.com\/joyana.fr\/wp-content\/uploads\/2013\/08\/Mercedes-Benz-Style-Novit%C3%83%C2%A0-2013_immagine_20130729112545.jpg?w=768&ssl=1",false,false,true],"large":["https:\/\/i0.wp.com\/joyana.fr\/wp-content\/uploads\/2013\/08\/Mercedes-Benz-Style-Novit%C3%83%C2%A0-2013_immagine_20130729112545.jpg?fit=1024%2C1024&ssl=1",false,false,true],"1536x1536":["https:\/\/i0.wp.com\/joyana.fr\/wp-content\/uploads\/2013\/08\/Mercedes-Benz-Style-Novit%C3%83%C2%A0-2013_immagine_20130729112545.jpg?fit=1536%2C1536&ssl=1",false,false,true],"2048x2048":["https:\/\/i0.wp.com\/joyana.fr\/wp-content\/uploads\/2013\/08\/Mercedes-Benz-Style-Novit%C3%83%C2%A0-2013_immagine_20130729112545.jpg?fit=2048%2C2048&ssl=1",false,false,true],"featured-thumb":["https:\/\/i0.wp.com\/joyana.fr\/wp-content\/uploads\/2013\/08\/Mercedes-Benz-Style-Novit%C3%83%C2%A0-2013_immagine_20130729112545.jpg?resize=1903%2C750&ssl=1",false,false,true],"ab-block-post-grid-landscape":["https:\/\/i0.wp.com\/joyana.fr\/wp-content\/uploads\/2013\/08\/Mercedes-Benz-Style-Novit%C3%83%C2%A0-2013_immagine_20130729112545.jpg?resize=600%2C400&ssl=1",false,false,true],"ab-block-post-grid-square":["https:\/\/i0.wp.com\/joyana.fr\/wp-content\/uploads\/2013\/08\/Mercedes-Benz-Style-Novit%C3%83%C2%A0-2013_immagine_20130729112545.jpg?resize=600%2C600&ssl=1",false,false,true],"author-pro-image":["https:\/\/i0.wp.com\/joyana.fr\/wp-content\/uploads\/2013\/08\/Mercedes-Benz-Style-Novit%C3%83%C2%A0-2013_immagine_20130729112545.jpg?resize=360%2C570&ssl=1",false,false,true],"slider":["https:\/\/i0.wp.com\/joyana.fr\/wp-content\/uploads\/2013\/08\/Mercedes-Benz-Style-Novit%C3%83%C2%A0-2013_immagine_20130729112545.jpg?resize=920%2C400&ssl=1",false,false,true],"woocommerce_thumbnail":["https:\/\/i0.wp.com\/joyana.fr\/wp-content\/uploads\/2013\/08\/Mercedes-Benz-Style-Novit%C3%83%C2%A0-2013_immagine_20130729112545.jpg?resize=450%2C450&ssl=1",false,false,true],"woocommerce_single":["https:\/\/i0.wp.com\/joyana.fr\/wp-content\/uploads\/2013\/08\/Mercedes-Benz-Style-Novit%C3%83%C2%A0-2013_immagine_20130729112545.jpg?w=920&ssl=1",false,false,true],"woocommerce_gallery_thumbnail":["https:\/\/i0.wp.com\/joyana.fr\/wp-content\/uploads\/2013\/08\/Mercedes-Benz-Style-Novit%C3%83%C2%A0-2013_immagine_20130729112545.jpg?resize=180%2C180&ssl=1",false,false,true],"sow-carousel-default":["https:\/\/i0.wp.com\/joyana.fr\/wp-content\/uploads\/2013\/08\/Mercedes-Benz-Style-Novit%C3%83%C2%A0-2013_immagine_20130729112545.jpg?resize=272%2C182&ssl=1",false,false,true]},"post_excerpt_stackable_v2":"<p>Depuis 2010, en plus de la conception automobile classique, les designers Mercedes-Benz ont \u00e9galement cr\u00e9\u00e9 les dessins pour d&#8217;autres produits en collaboration avec des partenaires s\u00e9lectionn\u00e9s sous la marque Mercedes-Benz Style. Voici les nouveaut\u00e9s 2013&#8230; L&#8217;objectif est de transf\u00e9rer sans \u00e9quivoque, idiome de conception progressive de Mercedes-Benz et des normes \u00e9lev\u00e9es de luxe et de l&#8217;esth\u00e9tique \u00e0 d&#8217;autres sph\u00e8res de la vie. Tous les produits con\u00e7us par Mercedes-Benz Style sont caract\u00e9ris\u00e9s par la conception dynamique et avant-gardiste qui est une caract\u00e9ristique de la marque, une qualit\u00e9 sans compromis et le choix de mat\u00e9riaux nobles fini \u00e0 la perfection. L&#8217;ann\u00e9e derni\u00e8re,&hellip;<\/p>\n","category_list_v2":"<a href=\"https:\/\/joyana.fr\/en\/category\/deco-design\/mobilier\/assise\/canape\/\" rel=\"category tag\">Canap\u00e9<\/a>, <a href=\"https:\/\/joyana.fr\/en\/category\/deco-design\/\" rel=\"category tag\">DECO-DESIGN<\/a>, <a href=\"https:\/\/joyana.fr\/en\/category\/deco-design\/mobilier\/assise\/fauteuil\/\" rel=\"category tag\">Fauteuil<\/a>, <a href=\"https:\/\/joyana.fr\/en\/category\/deco-design\/mobilier\/lit\/\" rel=\"category tag\">Lit<\/a>, <a href=\"https:\/\/joyana.fr\/en\/category\/marques\/mercedes-benz-style\/\" rel=\"category tag\">Mercedes-Benz Style<\/a>, <a href=\"https:\/\/joyana.fr\/en\/category\/deco-design\/mobilier\/\" rel=\"category tag\">Mobilier<\/a>, <a href=\"https:\/\/joyana.fr\/en\/category\/deco-design\/mobilier\/table\/\" rel=\"category tag\">Table<\/a>","author_info_v2":{"name":"Jo Yana","url":"https:\/\/joyana.fr\/en\/author\/joyana\/"},"comments_num_v2":"0 comments","yoast_head":"<!-- This site is optimized with the Yoast SEO plugin v26.8 - https:\/\/yoast.com\/product\/yoast-seo-wordpress\/ -->\n<title>MERCEDES-BENZ STYLE - Nouveaut\u00e9s 2013 - JO YANA<\/title>\n<meta name=\"robots\" content=\"index, follow, max-snippet:-1, max-image-preview:large, max-video-preview:-1\" \/>\n<link rel=\"canonical\" href=\"https:\/\/joyana.fr\/en\/mercedes-benz-style-nouveautes-2013\/113902\/\" \/>\n<meta property=\"og:locale\" content=\"en_US\" \/>\n<meta property=\"og:locale:alternate\" content=\"fr_FR\" \/>\n<meta property=\"og:locale:alternate\" content=\"ja\" \/>\n<meta property=\"og:type\" content=\"article\" \/>\n<meta property=\"og:title\" content=\"MERCEDES-BENZ STYLE - Nouveaut\u00e9s 2013 - JO YANA\" \/>\n<meta property=\"og:description\" content=\"Depuis 2010, en plus de la conception automobile classique, les designers Mercedes-Benz ont \u00e9galement cr\u00e9\u00e9 les dessins pour d&#8217;autres produits en collaboration avec des partenaires s\u00e9lectionn\u00e9s sous la marque Mercedes-Benz Style. Voici les nouveaut\u00e9s 2013&#8230; L&#8217;objectif est de transf\u00e9rer sans \u00e9quivoque, idiome de conception progressive de Mercedes-Benz et des normes \u00e9lev\u00e9es de luxe et de [&hellip;]\" \/>\n<meta property=\"og:url\" content=\"https:\/\/joyana.fr\/en\/mercedes-benz-style-nouveautes-2013\/113902\/\" \/>\n<meta property=\"og:site_name\" content=\"JO YANA\" \/>\n<meta property=\"article:published_time\" content=\"2013-08-11T06:40:48+00:00\" \/>\n<meta property=\"og:image\" content=\"https:\/\/joyana.fr\/wp-content\/uploads\/2013\/08\/Mercedes-Benz-Style-Novit\u00c3\u00a0-2013_immagine_20130729112545.jpg\" \/>\n\t<meta property=\"og:image:width\" content=\"1\" \/>\n\t<meta property=\"og:image:height\" content=\"1\" \/>\n\t<meta property=\"og:image:type\" content=\"image\/jpeg\" \/>\n<meta name=\"author\" content=\"Jo Yana\" \/>\n<meta name=\"twitter:card\" content=\"summary_large_image\" \/>\n<meta name=\"twitter:creator\" content=\"@Jo_Yana\" \/>\n<meta name=\"twitter:site\" content=\"@Jo_Yana\" \/>\n<meta name=\"twitter:label1\" content=\"Written by\" \/>\n\t<meta name=\"twitter:data1\" content=\"Jo Yana\" \/>\n\t<meta name=\"twitter:label2\" content=\"Est. reading time\" \/>\n\t<meta name=\"twitter:data2\" content=\"1 minute\" \/>\n<script type=\"application\/ld+json\" class=\"yoast-schema-graph\">{\"@context\":\"https:\/\/schema.org\",\"@graph\":[{\"@type\":\"Article\",\"@id\":\"https:\/\/joyana.fr\/en\/mercedes-benz-style-nouveautes-2013\/113902\/#article\",\"isPartOf\":{\"@id\":\"https:\/\/joyana.fr\/en\/mercedes-benz-style-nouveautes-2013\/113902\/\"},\"author\":{\"name\":\"Jo Yana\",\"@id\":\"https:\/\/www.joyana.fr\/ja\/#\/schema\/person\/cf2a1ad12a27c12c21801075bf37407c\"},\"headline\":\"MERCEDES-BENZ STYLE &#8211; Nouveaut\u00e9s 2013\",\"datePublished\":\"2013-08-11T06:40:48+00:00\",\"mainEntityOfPage\":{\"@id\":\"https:\/\/joyana.fr\/en\/mercedes-benz-style-nouveautes-2013\/113902\/\"},\"wordCount\":236,\"commentCount\":0,\"publisher\":{\"@id\":\"https:\/\/www.joyana.fr\/ja\/#\/schema\/person\/cf2a1ad12a27c12c21801075bf37407c\"},\"image\":{\"@id\":\"https:\/\/joyana.fr\/en\/mercedes-benz-style-nouveautes-2013\/113902\/#primaryimage\"},\"thumbnailUrl\":\"https:\/\/i0.wp.com\/joyana.fr\/wp-content\/uploads\/2013\/08\/Mercedes-Benz-Style-Novit%C3%83%C2%A0-2013_immagine_20130729112545.jpg?fit=%2C&ssl=1\",\"keywords\":[\"DESIGN\",\"Formitalia\",\"Luxe\",\"Mercedes-Benz\"],\"articleSection\":[\"Canap\u00e9\",\"DECO-DESIGN\",\"Fauteuil\",\"Lit\",\"Mercedes-Benz Style\",\"Mobilier\",\"Table\"],\"inLanguage\":\"en-US\",\"potentialAction\":[{\"@type\":\"CommentAction\",\"name\":\"Comment\",\"target\":[\"https:\/\/joyana.fr\/en\/mercedes-benz-style-nouveautes-2013\/113902\/#respond\"]}]},{\"@type\":\"WebPage\",\"@id\":\"https:\/\/joyana.fr\/en\/mercedes-benz-style-nouveautes-2013\/113902\/\",\"url\":\"https:\/\/joyana.fr\/en\/mercedes-benz-style-nouveautes-2013\/113902\/\",\"name\":\"MERCEDES-BENZ STYLE - Nouveaut\u00e9s 2013 - JO YANA\",\"isPartOf\":{\"@id\":\"https:\/\/www.joyana.fr\/ja\/#website\"},\"primaryImageOfPage\":{\"@id\":\"https:\/\/joyana.fr\/en\/mercedes-benz-style-nouveautes-2013\/113902\/#primaryimage\"},\"image\":{\"@id\":\"https:\/\/joyana.fr\/en\/mercedes-benz-style-nouveautes-2013\/113902\/#primaryimage\"},\"thumbnailUrl\":\"https:\/\/i0.wp.com\/joyana.fr\/wp-content\/uploads\/2013\/08\/Mercedes-Benz-Style-Novit%C3%83%C2%A0-2013_immagine_20130729112545.jpg?fit=%2C&ssl=1\",\"datePublished\":\"2013-08-11T06:40:48+00:00\",\"breadcrumb\":{\"@id\":\"https:\/\/joyana.fr\/en\/mercedes-benz-style-nouveautes-2013\/113902\/#breadcrumb\"},\"inLanguage\":\"en-US\",\"potentialAction\":[{\"@type\":\"ReadAction\",\"target\":[\"https:\/\/joyana.fr\/en\/mercedes-benz-style-nouveautes-2013\/113902\/\"]}]},{\"@type\":\"ImageObject\",\"inLanguage\":\"en-US\",\"@id\":\"https:\/\/joyana.fr\/en\/mercedes-benz-style-nouveautes-2013\/113902\/#primaryimage\",\"url\":\"https:\/\/i0.wp.com\/joyana.fr\/wp-content\/uploads\/2013\/08\/Mercedes-Benz-Style-Novit%C3%83%C2%A0-2013_immagine_20130729112545.jpg?fit=%2C&ssl=1\",\"contentUrl\":\"https:\/\/i0.wp.com\/joyana.fr\/wp-content\/uploads\/2013\/08\/Mercedes-Benz-Style-Novit%C3%83%C2%A0-2013_immagine_20130729112545.jpg?fit=%2C&ssl=1\"},{\"@type\":\"BreadcrumbList\",\"@id\":\"https:\/\/joyana.fr\/en\/mercedes-benz-style-nouveautes-2013\/113902\/#breadcrumb\",\"itemListElement\":[{\"@type\":\"ListItem\",\"position\":1,\"name\":\"Accueil\",\"item\":\"https:\/\/www.joyana.fr\/ja\/\"},{\"@type\":\"ListItem\",\"position\":2,\"name\":\"MERCEDES-BENZ STYLE &#8211; Nouveaut\u00e9s 2013\"}]},{\"@type\":\"WebSite\",\"@id\":\"https:\/\/www.joyana.fr\/ja\/#website\",\"url\":\"https:\/\/www.joyana.fr\/ja\/\",\"name\":\"JO YANA\",\"description\":\"Blog Mode Homme, Lifestyle, D\u00e9co-Design\",\"publisher\":{\"@id\":\"https:\/\/www.joyana.fr\/ja\/#\/schema\/person\/cf2a1ad12a27c12c21801075bf37407c\"},\"potentialAction\":[{\"@type\":\"SearchAction\",\"target\":{\"@type\":\"EntryPoint\",\"urlTemplate\":\"https:\/\/www.joyana.fr\/ja\/?s={search_term_string}\"},\"query-input\":{\"@type\":\"PropertyValueSpecification\",\"valueRequired\":true,\"valueName\":\"search_term_string\"}}],\"inLanguage\":\"en-US\"},{\"@type\":[\"Person\",\"Organization\"],\"@id\":\"https:\/\/www.joyana.fr\/ja\/#\/schema\/person\/cf2a1ad12a27c12c21801075bf37407c\",\"name\":\"Jo Yana\",\"image\":{\"@type\":\"ImageObject\",\"inLanguage\":\"en-US\",\"@id\":\"https:\/\/www.joyana.fr\/ja\/#\/schema\/person\/image\/\",\"url\":\"https:\/\/i0.wp.com\/joyana.fr\/wp-content\/uploads\/2016\/08\/cropped-joyana-logo-black-360x180.png?fit=343%2C164&ssl=1\",\"contentUrl\":\"https:\/\/i0.wp.com\/joyana.fr\/wp-content\/uploads\/2016\/08\/cropped-joyana-logo-black-360x180.png?fit=343%2C164&ssl=1\",\"width\":343,\"height\":164,\"caption\":\"Jo Yana\"},\"logo\":{\"@id\":\"https:\/\/www.joyana.fr\/ja\/#\/schema\/person\/image\/\"},\"description\":\"Jo Yana est le cr\u00e9ateur et r\u00e9dacteur en chef des sites DECO-DESIGN. Passionn\u00e9 de Design, Mode, Photo, Luxe, Lifestyle, Musique, mais avant tout Blogueur ! Le plaisir de partager l'anime et a comme devise \\\"POUR L'AMOUR DU BEAU\\\". Retrouvez le aussi sur son blog personnel - https:\/\/joyana.fr...\",\"sameAs\":[\"https:\/\/joyana.fr\/\"],\"url\":\"https:\/\/joyana.fr\/en\/author\/joyana\/\"}]}<\/script>\n<!-- \/ Yoast SEO plugin. -->","yoast_head_json":{"title":"MERCEDES-BENZ STYLE - Nouveaut\u00e9s 2013 - JO YANA","robots":{"index":"index","follow":"follow","max-snippet":"max-snippet:-1","max-image-preview":"max-image-preview:large","max-video-preview":"max-video-preview:-1"},"canonical":"https:\/\/joyana.fr\/en\/mercedes-benz-style-nouveautes-2013\/113902\/","og_locale":"en_US","og_type":"article","og_title":"MERCEDES-BENZ STYLE - Nouveaut\u00e9s 2013 - JO YANA","og_description":"Depuis 2010, en plus de la conception automobile classique, les designers Mercedes-Benz ont \u00e9galement cr\u00e9\u00e9 les dessins pour d&#8217;autres produits en collaboration avec des partenaires s\u00e9lectionn\u00e9s sous la marque Mercedes-Benz Style. Voici les nouveaut\u00e9s 2013&#8230; L&#8217;objectif est de transf\u00e9rer sans \u00e9quivoque, idiome de conception progressive de Mercedes-Benz et des normes \u00e9lev\u00e9es de luxe et de [&hellip;]","og_url":"https:\/\/joyana.fr\/en\/mercedes-benz-style-nouveautes-2013\/113902\/","og_site_name":"JO YANA","article_published_time":"2013-08-11T06:40:48+00:00","og_image":[{"url":"https:\/\/joyana.fr\/wp-content\/uploads\/2013\/08\/Mercedes-Benz-Style-Novit\u00c3\u00a0-2013_immagine_20130729112545.jpg","width":1,"height":1,"type":"image\/jpeg"}],"author":"Jo Yana","twitter_card":"summary_large_image","twitter_creator":"@Jo_Yana","twitter_site":"@Jo_Yana","twitter_misc":{"Written by":"Jo Yana","Est. reading time":"1 minute"},"schema":{"@context":"https:\/\/schema.org","@graph":[{"@type":"Article","@id":"https:\/\/joyana.fr\/en\/mercedes-benz-style-nouveautes-2013\/113902\/#article","isPartOf":{"@id":"https:\/\/joyana.fr\/en\/mercedes-benz-style-nouveautes-2013\/113902\/"},"author":{"name":"Jo Yana","@id":"https:\/\/www.joyana.fr\/ja\/#\/schema\/person\/cf2a1ad12a27c12c21801075bf37407c"},"headline":"MERCEDES-BENZ STYLE &#8211; Nouveaut\u00e9s 2013","datePublished":"2013-08-11T06:40:48+00:00","mainEntityOfPage":{"@id":"https:\/\/joyana.fr\/en\/mercedes-benz-style-nouveautes-2013\/113902\/"},"wordCount":236,"commentCount":0,"publisher":{"@id":"https:\/\/www.joyana.fr\/ja\/#\/schema\/person\/cf2a1ad12a27c12c21801075bf37407c"},"image":{"@id":"https:\/\/joyana.fr\/en\/mercedes-benz-style-nouveautes-2013\/113902\/#primaryimage"},"thumbnailUrl":"https:\/\/i0.wp.com\/joyana.fr\/wp-content\/uploads\/2013\/08\/Mercedes-Benz-Style-Novit%C3%83%C2%A0-2013_immagine_20130729112545.jpg?fit=%2C&ssl=1","keywords":["DESIGN","Formitalia","Luxe","Mercedes-Benz"],"articleSection":["Canap\u00e9","DECO-DESIGN","Fauteuil","Lit","Mercedes-Benz Style","Mobilier","Table"],"inLanguage":"en-US","potentialAction":[{"@type":"CommentAction","name":"Comment","target":["https:\/\/joyana.fr\/en\/mercedes-benz-style-nouveautes-2013\/113902\/#respond"]}]},{"@type":"WebPage","@id":"https:\/\/joyana.fr\/en\/mercedes-benz-style-nouveautes-2013\/113902\/","url":"https:\/\/joyana.fr\/en\/mercedes-benz-style-nouveautes-2013\/113902\/","name":"MERCEDES-BENZ STYLE - Nouveaut\u00e9s 2013 - JO YANA","isPartOf":{"@id":"https:\/\/www.joyana.fr\/ja\/#website"},"primaryImageOfPage":{"@id":"https:\/\/joyana.fr\/en\/mercedes-benz-style-nouveautes-2013\/113902\/#primaryimage"},"image":{"@id":"https:\/\/joyana.fr\/en\/mercedes-benz-style-nouveautes-2013\/113902\/#primaryimage"},"thumbnailUrl":"https:\/\/i0.wp.com\/joyana.fr\/wp-content\/uploads\/2013\/08\/Mercedes-Benz-Style-Novit%C3%83%C2%A0-2013_immagine_20130729112545.jpg?fit=%2C&ssl=1","datePublished":"2013-08-11T06:40:48+00:00","breadcrumb":{"@id":"https:\/\/joyana.fr\/en\/mercedes-benz-style-nouveautes-2013\/113902\/#breadcrumb"},"inLanguage":"en-US","potentialAction":[{"@type":"ReadAction","target":["https:\/\/joyana.fr\/en\/mercedes-benz-style-nouveautes-2013\/113902\/"]}]},{"@type":"ImageObject","inLanguage":"en-US","@id":"https:\/\/joyana.fr\/en\/mercedes-benz-style-nouveautes-2013\/113902\/#primaryimage","url":"https:\/\/i0.wp.com\/joyana.fr\/wp-content\/uploads\/2013\/08\/Mercedes-Benz-Style-Novit%C3%83%C2%A0-2013_immagine_20130729112545.jpg?fit=%2C&ssl=1","contentUrl":"https:\/\/i0.wp.com\/joyana.fr\/wp-content\/uploads\/2013\/08\/Mercedes-Benz-Style-Novit%C3%83%C2%A0-2013_immagine_20130729112545.jpg?fit=%2C&ssl=1"},{"@type":"BreadcrumbList","@id":"https:\/\/joyana.fr\/en\/mercedes-benz-style-nouveautes-2013\/113902\/#breadcrumb","itemListElement":[{"@type":"ListItem","position":1,"name":"Accueil","item":"https:\/\/www.joyana.fr\/ja\/"},{"@type":"ListItem","position":2,"name":"MERCEDES-BENZ STYLE &#8211; Nouveaut\u00e9s 2013"}]},{"@type":"WebSite","@id":"https:\/\/www.joyana.fr\/ja\/#website","url":"https:\/\/www.joyana.fr\/ja\/","name":"JO YANA","description":"Blog Mode Homme, Lifestyle, D\u00e9co-Design","publisher":{"@id":"https:\/\/www.joyana.fr\/ja\/#\/schema\/person\/cf2a1ad12a27c12c21801075bf37407c"},"potentialAction":[{"@type":"SearchAction","target":{"@type":"EntryPoint","urlTemplate":"https:\/\/www.joyana.fr\/ja\/?s={search_term_string}"},"query-input":{"@type":"PropertyValueSpecification","valueRequired":true,"valueName":"search_term_string"}}],"inLanguage":"en-US"},{"@type":["Person","Organization"],"@id":"https:\/\/www.joyana.fr\/ja\/#\/schema\/person\/cf2a1ad12a27c12c21801075bf37407c","name":"Jo Yana","image":{"@type":"ImageObject","inLanguage":"en-US","@id":"https:\/\/www.joyana.fr\/ja\/#\/schema\/person\/image\/","url":"https:\/\/i0.wp.com\/joyana.fr\/wp-content\/uploads\/2016\/08\/cropped-joyana-logo-black-360x180.png?fit=343%2C164&ssl=1","contentUrl":"https:\/\/i0.wp.com\/joyana.fr\/wp-content\/uploads\/2016\/08\/cropped-joyana-logo-black-360x180.png?fit=343%2C164&ssl=1","width":343,"height":164,"caption":"Jo Yana"},"logo":{"@id":"https:\/\/www.joyana.fr\/ja\/#\/schema\/person\/image\/"},"description":"Jo Yana est le cr\u00e9ateur et r\u00e9dacteur en chef des sites DECO-DESIGN. Passionn\u00e9 de Design, Mode, Photo, Luxe, Lifestyle, Musique, mais avant tout Blogueur ! Le plaisir de partager l'anime et a comme devise \"POUR L'AMOUR DU BEAU\". Retrouvez le aussi sur son blog personnel - https:\/\/joyana.fr...","sameAs":["https:\/\/joyana.fr\/"],"url":"https:\/\/joyana.fr\/en\/author\/joyana\/"}]}},"author_meta":{"display_name":"Jo Yana","author_link":"https:\/\/joyana.fr\/en\/author\/joyana\/"},"featured_img":"https:\/\/i0.wp.com\/joyana.fr\/wp-content\/uploads\/2013\/08\/Mercedes-Benz-Style-Novit%C3%83%C2%A0-2013_immagine_20130729112545.jpg?fit=389%2C389&ssl=1","featured_image_src":"https:\/\/i0.wp.com\/joyana.fr\/wp-content\/uploads\/2013\/08\/Mercedes-Benz-Style-Novit%C3%83%C2%A0-2013_immagine_20130729112545.jpg?resize=600%2C400&ssl=1","featured_image_src_square":"https:\/\/i0.wp.com\/joyana.fr\/wp-content\/uploads\/2013\/08\/Mercedes-Benz-Style-Novit%C3%83%C2%A0-2013_immagine_20130729112545.jpg?resize=600%2C600&ssl=1","jetpack_featured_media_url":"https:\/\/i0.wp.com\/joyana.fr\/wp-content\/uploads\/2013\/08\/Mercedes-Benz-Style-Novit%C3%83%C2%A0-2013_immagine_20130729112545.jpg?fit=%2C&ssl=1","uagb_featured_image_src":{"full":["https:\/\/i0.wp.com\/joyana.fr\/wp-content\/uploads\/2013\/08\/Mercedes-Benz-Style-Novit%C3%83%C2%A0-2013_immagine_20130729112545.jpg?fit=%2C&ssl=1",false,false,false],"thumbnail":["https:\/\/i0.wp.com\/joyana.fr\/wp-content\/uploads\/2013\/08\/Mercedes-Benz-Style-Novit%C3%83%C2%A0-2013_immagine_20130729112545.jpg?resize=150%2C150&ssl=1",false,false,true],"medium":["https:\/\/i0.wp.com\/joyana.fr\/wp-content\/uploads\/2013\/08\/Mercedes-Benz-Style-Novit%C3%83%C2%A0-2013_immagine_20130729112545.jpg?fit=389%2C389&ssl=1",false,false,true],"medium_large":["https:\/\/i0.wp.com\/joyana.fr\/wp-content\/uploads\/2013\/08\/Mercedes-Benz-Style-Novit%C3%83%C2%A0-2013_immagine_20130729112545.jpg?w=768&ssl=1",false,false,true],"large":["https:\/\/i0.wp.com\/joyana.fr\/wp-content\/uploads\/2013\/08\/Mercedes-Benz-Style-Novit%C3%83%C2%A0-2013_immagine_20130729112545.jpg?fit=1024%2C1024&ssl=1",false,false,true],"1536x1536":["https:\/\/i0.wp.com\/joyana.fr\/wp-content\/uploads\/2013\/08\/Mercedes-Benz-Style-Novit%C3%83%C2%A0-2013_immagine_20130729112545.jpg?fit=1536%2C1536&ssl=1",false,false,true],"2048x2048":["https:\/\/i0.wp.com\/joyana.fr\/wp-content\/uploads\/2013\/08\/Mercedes-Benz-Style-Novit%C3%83%C2%A0-2013_immagine_20130729112545.jpg?fit=2048%2C2048&ssl=1",false,false,true],"featured-thumb":["https:\/\/i0.wp.com\/joyana.fr\/wp-content\/uploads\/2013\/08\/Mercedes-Benz-Style-Novit%C3%83%C2%A0-2013_immagine_20130729112545.jpg?resize=1903%2C750&ssl=1",false,false,true],"ab-block-post-grid-landscape":["https:\/\/i0.wp.com\/joyana.fr\/wp-content\/uploads\/2013\/08\/Mercedes-Benz-Style-Novit%C3%83%C2%A0-2013_immagine_20130729112545.jpg?resize=600%2C400&ssl=1",false,false,true],"ab-block-post-grid-square":["https:\/\/i0.wp.com\/joyana.fr\/wp-content\/uploads\/2013\/08\/Mercedes-Benz-Style-Novit%C3%83%C2%A0-2013_immagine_20130729112545.jpg?resize=600%2C600&ssl=1",false,false,true],"author-pro-image":["https:\/\/i0.wp.com\/joyana.fr\/wp-content\/uploads\/2013\/08\/Mercedes-Benz-Style-Novit%C3%83%C2%A0-2013_immagine_20130729112545.jpg?resize=360%2C570&ssl=1",false,false,true],"slider":["https:\/\/i0.wp.com\/joyana.fr\/wp-content\/uploads\/2013\/08\/Mercedes-Benz-Style-Novit%C3%83%C2%A0-2013_immagine_20130729112545.jpg?resize=920%2C400&ssl=1",false,false,true],"woocommerce_thumbnail":["https:\/\/i0.wp.com\/joyana.fr\/wp-content\/uploads\/2013\/08\/Mercedes-Benz-Style-Novit%C3%83%C2%A0-2013_immagine_20130729112545.jpg?resize=450%2C450&ssl=1",false,false,true],"woocommerce_single":["https:\/\/i0.wp.com\/joyana.fr\/wp-content\/uploads\/2013\/08\/Mercedes-Benz-Style-Novit%C3%83%C2%A0-2013_immagine_20130729112545.jpg?w=920&ssl=1",false,false,true],"woocommerce_gallery_thumbnail":["https:\/\/i0.wp.com\/joyana.fr\/wp-content\/uploads\/2013\/08\/Mercedes-Benz-Style-Novit%C3%83%C2%A0-2013_immagine_20130729112545.jpg?resize=180%2C180&ssl=1",false,false,true],"sow-carousel-default":["https:\/\/i0.wp.com\/joyana.fr\/wp-content\/uploads\/2013\/08\/Mercedes-Benz-Style-Novit%C3%83%C2%A0-2013_immagine_20130729112545.jpg?resize=272%2C182&ssl=1",false,false,true]},"uagb_author_info":{"display_name":"Jo Yana","author_link":"https:\/\/joyana.fr\/en\/author\/joyana\/"},"uagb_comment_info":0,"uagb_excerpt":"Depuis 2010, en plus de la conception automobile classique, les designers Mercedes-Benz ont \u00e9galement cr\u00e9\u00e9 les dessins pour d&#8217;autres produits en collaboration avec des partenaires s\u00e9lectionn\u00e9s sous la marque Mercedes-Benz Style. Voici les nouveaut\u00e9s 2013&#8230; L&#8217;objectif est de transf\u00e9rer sans \u00e9quivoque, idiome de conception progressive de Mercedes-Benz et des normes \u00e9lev\u00e9es de luxe et de&hellip;","coauthors":[],"tax_additional":{"categories":{"linked":["<a href=\"https:\/\/joyana.fr\/en\/category\/deco-design\/mobilier\/assise\/canape\/\" class=\"advgb-post-tax-term\">Canap\u00e9<\/a>","<a href=\"https:\/\/joyana.fr\/en\/category\/deco-design\/\" class=\"advgb-post-tax-term\">DECO-DESIGN<\/a>","<a href=\"https:\/\/joyana.fr\/en\/category\/deco-design\/mobilier\/assise\/fauteuil\/\" class=\"advgb-post-tax-term\">Fauteuil<\/a>","<a href=\"https:\/\/joyana.fr\/en\/category\/deco-design\/mobilier\/lit\/\" class=\"advgb-post-tax-term\">Lit<\/a>","<a href=\"https:\/\/joyana.fr\/en\/category\/marques\/mercedes-benz-style\/\" class=\"advgb-post-tax-term\">Mercedes-Benz Style<\/a>","<a href=\"https:\/\/joyana.fr\/en\/category\/deco-design\/mobilier\/\" class=\"advgb-post-tax-term\">Mobilier<\/a>","<a href=\"https:\/\/joyana.fr\/en\/category\/deco-design\/mobilier\/table\/\" class=\"advgb-post-tax-term\">Table<\/a>"],"unlinked":["<span class=\"advgb-post-tax-term\">Canap\u00e9<\/span>","<span class=\"advgb-post-tax-term\">DECO-DESIGN<\/span>","<span class=\"advgb-post-tax-term\">Fauteuil<\/span>","<span class=\"advgb-post-tax-term\">Lit<\/span>","<span class=\"advgb-post-tax-term\">Mercedes-Benz Style<\/span>","<span class=\"advgb-post-tax-term\">Mobilier<\/span>","<span class=\"advgb-post-tax-term\">Table<\/span>"]},"tags":{"linked":["<a href=\"https:\/\/joyana.fr\/en\/category\/deco-design\/mobilier\/table\/\" class=\"advgb-post-tax-term\">DESIGN<\/a>","<a href=\"https:\/\/joyana.fr\/en\/category\/deco-design\/mobilier\/table\/\" class=\"advgb-post-tax-term\">Formitalia<\/a>","<a href=\"https:\/\/joyana.fr\/en\/category\/deco-design\/mobilier\/table\/\" class=\"advgb-post-tax-term\">Luxe<\/a>","<a href=\"https:\/\/joyana.fr\/en\/category\/deco-design\/mobilier\/table\/\" class=\"advgb-post-tax-term\">Mercedes-Benz<\/a>"],"unlinked":["<span class=\"advgb-post-tax-term\">DESIGN<\/span>","<span class=\"advgb-post-tax-term\">Formitalia<\/span>","<span class=\"advgb-post-tax-term\">Luxe<\/span>","<span class=\"advgb-post-tax-term\">Mercedes-Benz<\/span>"]}},"comment_count":0,"relative_dates":{"created":"Posted 13 years ago","modified":"Updated 13 years ago"},"absolute_dates":{"created":"Posted on 11 August 2013","modified":"Updated on 11 August 2013"},"absolute_dates_time":{"created":"Posted on 11 August 2013 7:40","modified":"Updated on 11 August 2013 7:40"},"featured_img_caption":"","series_order":"","jetpack_sharing_enabled":true,"jetpack_shortlink":"https:\/\/wp.me\/p9bteI-tD8","jetpack-related-posts":[],"_links":{"self":[{"href":"https:\/\/joyana.fr\/en\/wp-json\/wp\/v2\/posts\/113902","targetHints":{"allow":["GET"]}}],"collection":[{"href":"https:\/\/joyana.fr\/en\/wp-json\/wp\/v2\/posts"}],"about":[{"href":"https:\/\/joyana.fr\/en\/wp-json\/wp\/v2\/types\/post"}],"author":[{"embeddable":true,"href":"https:\/\/joyana.fr\/en\/wp-json\/wp\/v2\/users\/3"}],"replies":[{"embeddable":true,"href":"https:\/\/joyana.fr\/en\/wp-json\/wp\/v2\/comments?post=113902"}],"version-history":[{"count":0,"href":"https:\/\/joyana.fr\/en\/wp-json\/wp\/v2\/posts\/113902\/revisions"}],"wp:featuredmedia":[{"embeddable":true,"href":"https:\/\/joyana.fr\/en\/wp-json\/wp\/v2\/media\/113905"}],"wp:attachment":[{"href":"https:\/\/joyana.fr\/en\/wp-json\/wp\/v2\/media?parent=113902"}],"wp:term":[{"taxonomy":"category","embeddable":true,"href":"https:\/\/joyana.fr\/en\/wp-json\/wp\/v2\/categories?post=113902"},{"taxonomy":"post_tag","embeddable":true,"href":"https:\/\/joyana.fr\/en\/wp-json\/wp\/v2\/tags?post=113902"}],"curies":[{"name":"wp","href":"https:\/\/api.w.org\/{rel}","templated":true}]}}