{"id":114273,"date":"2013-09-11T07:31:37","date_gmt":"2013-09-11T06:31:37","guid":{"rendered":"https:\/\/joyana.fr\/?p=14273"},"modified":"2013-09-11T07:31:37","modified_gmt":"2013-09-11T06:31:37","slug":"mo13-bureau-b011-par-frederic-richard-belgium-is-design","status":"publish","type":"post","link":"https:\/\/joyana.fr\/en\/mo13-bureau-b011-par-frederic-richard-belgium-is-design\/114273\/","title":{"rendered":"#MO13 &#8211; Bureau B011 par Fr\u00e9d\u00e9ric RICHARD (Belgium is Design)"},"content":{"rendered":"<p>D\u00e9couvert sur le stand de <strong>Belgium is Design<\/strong> \u00e0 <strong>Maison &#038; Objet<\/strong>, le <strong>bureau B011<\/strong> &#8211; dessin\u00e9 par <strong>Fr\u00e9d\u00e9ric Richard<\/strong> &#8211; s\u00e9duit par ses courbes si particuli\u00e8res&#8230;<\/p>\n<p><img data-recalc-dims=\"1\" fetchpriority=\"high\" decoding=\"async\" alt=\"BUREAU-B011-DSC09315\" src=\"https:\/\/i0.wp.com\/joyana.fr\/wp-content\/uploads\/2013\/09\/BUREAU-B011-DSC09315.jpg?resize=576%2C383&#038;ssl=1\" width=\"576\" height=\"383\" \/><\/p>\n<p>Le bois naturel face au blanc n&#8217;aura jamais aussi bien fonctionn\u00e9 cette ann\u00e9e ! Le <strong>bureau B011<\/strong> ne d\u00e9roge pas \u00e0 cette tendance, et le designer belge Fr\u00e9d\u00e9ric Richard nous propose une finition en Iroko huil\u00e9 et stratifi\u00e9 laqu\u00e9&#8230; Ce designer nous pr\u00e9sente une version moderne de l&#8217;ornementation du 18\u00e8me si\u00e8cle et du mobilier li\u00e9geois&#8230;<\/p>\n<p><img data-recalc-dims=\"1\" decoding=\"async\" class=\"alignnone size-large wp-image-14275\" alt=\"BUREAU-B011-DSC09316\" src=\"https:\/\/i0.wp.com\/joyana.fr\/wp-content\/uploads\/2013\/09\/BUREAU-B011-DSC09316.jpg?resize=576%2C383&#038;ssl=1\" width=\"576\" height=\"383\" \/><\/p>\n<p><img data-recalc-dims=\"1\" decoding=\"async\" class=\"alignnone size-large wp-image-14276\" alt=\"BUREAU-B011-DSC09318\" src=\"https:\/\/i0.wp.com\/joyana.fr\/wp-content\/uploads\/2013\/09\/BUREAU-B011-DSC09318.jpg?resize=576%2C446&#038;ssl=1\" width=\"576\" height=\"446\" \/><\/p>\n<p><img data-recalc-dims=\"1\" loading=\"lazy\" decoding=\"async\" alt=\"bureau-B011-frederic_richard\" src=\"https:\/\/i0.wp.com\/joyana.fr\/wp-content\/uploads\/2013\/09\/bureau-B011-frederic_richard.jpg?resize=576%2C428&#038;ssl=1\" width=\"576\" height=\"428\" \/><\/p>\n<p style=\"text-align: center;\">En savoir + sur <a href=\"http:\/\/www.frederic-richard.be\" target=\"_blank\"><strong>Fr\u00e9d\u00e9ric RICHARD<\/strong><\/a><\/p>\n","protected":false},"excerpt":{"rendered":"<p>D\u00e9couvert sur le stand de Belgium is Design \u00e0 Maison &#038; Objet, le bureau B011 &#8211; dessin\u00e9 par Fr\u00e9d\u00e9ric Richard &#8211; s\u00e9duit par ses courbes si particuli\u00e8res&#8230; Le bois naturel face au blanc n&#8217;aura jamais aussi bien fonctionn\u00e9 cette ann\u00e9e ! Le bureau B011 ne d\u00e9roge pas \u00e0 cette tendance, et le designer belge Fr\u00e9d\u00e9ric [&hellip;]<\/p>\n","protected":false},"author":3,"featured_media":114277,"comment_status":"open","ping_status":"open","sticky":false,"template":"","format":"standard","meta":{"_coblocks_attr":"","_coblocks_dimensions":"","_coblocks_responsive_height":"","_coblocks_accordion_ie_support":"","_uag_custom_page_level_css":"","advgb_blocks_editor_width":"","advgb_blocks_columns_visual_guide":"","_genesis_hide_title":false,"_genesis_hide_breadcrumbs":false,"_genesis_hide_singular_image":false,"_genesis_hide_footer_widgets":false,"_genesis_custom_body_class":"","_genesis_custom_post_class":"","_genesis_layout":"","_themeisle_gutenberg_block_has_review":false,"_jetpack_newsletter_access":"","_jetpack_dont_email_post_to_subs":false,"_jetpack_newsletter_tier_id":0,"_jetpack_memberships_contains_paywalled_content":false,"_jetpack_memberships_contains_paid_content":false,"footnotes":""},"categories":[1493,905,961,942,944],"tags":[1484,1492,908,482,1172,1473,78,1494,962],"class_list":{"0":"post-114273","1":"post","2":"type-post","3":"status-publish","4":"format-standard","5":"has-post-thumbnail","7":"category-bureau","8":"category-deco-design","9":"category-maison-et-objet","10":"category-mobilier","11":"category-table","12":"tag-mo13","13":"tag-belgium-is-design","14":"tag-blanc","15":"tag-bois","16":"tag-bureau","17":"tag-bureau-design","18":"tag-design","19":"tag-frederic-richard","20":"tag-maison-objet","21":"entry"},"featured_image_urls":{"full":["https:\/\/i0.wp.com\/joyana.fr\/wp-content\/uploads\/2013\/09\/BUREAU-B011-DSC09315.jpg?fit=650%2C433&ssl=1",650,433,false],"thumbnail":["https:\/\/i0.wp.com\/joyana.fr\/wp-content\/uploads\/2013\/09\/BUREAU-B011-DSC09315.jpg?resize=150%2C150&ssl=1",150,150,true],"medium":["https:\/\/i0.wp.com\/joyana.fr\/wp-content\/uploads\/2013\/09\/BUREAU-B011-DSC09315.jpg?fit=389%2C259&ssl=1",389,259,true],"medium_large":["https:\/\/i0.wp.com\/joyana.fr\/wp-content\/uploads\/2013\/09\/BUREAU-B011-DSC09315.jpg?fit=650%2C433&ssl=1",650,433,true],"large":["https:\/\/i0.wp.com\/joyana.fr\/wp-content\/uploads\/2013\/09\/BUREAU-B011-DSC09315.jpg?fit=650%2C433&ssl=1",650,433,true],"1536x1536":["https:\/\/i0.wp.com\/joyana.fr\/wp-content\/uploads\/2013\/09\/BUREAU-B011-DSC09315.jpg?fit=650%2C433&ssl=1",650,433,true],"2048x2048":["https:\/\/i0.wp.com\/joyana.fr\/wp-content\/uploads\/2013\/09\/BUREAU-B011-DSC09315.jpg?fit=650%2C433&ssl=1",650,433,true],"featured-thumb":["https:\/\/i0.wp.com\/joyana.fr\/wp-content\/uploads\/2013\/09\/BUREAU-B011-DSC09315.jpg?resize=650%2C433&ssl=1",650,433,true],"ab-block-post-grid-landscape":["https:\/\/i0.wp.com\/joyana.fr\/wp-content\/uploads\/2013\/09\/BUREAU-B011-DSC09315.jpg?resize=600%2C400&ssl=1",600,400,true],"ab-block-post-grid-square":["https:\/\/i0.wp.com\/joyana.fr\/wp-content\/uploads\/2013\/09\/BUREAU-B011-DSC09315.jpg?resize=600%2C433&ssl=1",600,433,true],"author-pro-image":["https:\/\/i0.wp.com\/joyana.fr\/wp-content\/uploads\/2013\/09\/BUREAU-B011-DSC09315.jpg?resize=360%2C433&ssl=1",360,433,true],"slider":["https:\/\/i0.wp.com\/joyana.fr\/wp-content\/uploads\/2013\/09\/BUREAU-B011-DSC09315.jpg?resize=650%2C400&ssl=1",650,400,true],"woocommerce_thumbnail":["https:\/\/i0.wp.com\/joyana.fr\/wp-content\/uploads\/2013\/09\/BUREAU-B011-DSC09315.jpg?resize=450%2C433&ssl=1",450,433,true],"woocommerce_single":["https:\/\/i0.wp.com\/joyana.fr\/wp-content\/uploads\/2013\/09\/BUREAU-B011-DSC09315.jpg?fit=650%2C433&ssl=1",650,433,true],"woocommerce_gallery_thumbnail":["https:\/\/i0.wp.com\/joyana.fr\/wp-content\/uploads\/2013\/09\/BUREAU-B011-DSC09315.jpg?resize=180%2C180&ssl=1",180,180,true],"sow-carousel-default":["https:\/\/i0.wp.com\/joyana.fr\/wp-content\/uploads\/2013\/09\/BUREAU-B011-DSC09315.jpg?resize=272%2C182&ssl=1",272,182,true]},"post_excerpt_stackable":"<p>D\u00e9couvert sur le stand de Belgium is Design \u00e0 Maison &#038; Objet, le bureau B011 &#8211; dessin\u00e9 par Fr\u00e9d\u00e9ric Richard &#8211; s\u00e9duit par ses courbes si particuli\u00e8res&#8230; Le bois naturel face au blanc n&#8217;aura jamais aussi bien fonctionn\u00e9 cette ann\u00e9e ! Le bureau B011 ne d\u00e9roge pas \u00e0 cette tendance, et le designer belge Fr\u00e9d\u00e9ric Richard nous propose une finition en Iroko huil\u00e9 et stratifi\u00e9 laqu\u00e9&#8230; Ce designer nous pr\u00e9sente une version moderne de l&#8217;ornementation du 18\u00e8me si\u00e8cle et du mobilier li\u00e9geois&#8230; En savoir + sur Fr\u00e9d\u00e9ric RICHARD<\/p>\n","category_list":"<a href=\"https:\/\/joyana.fr\/en\/category\/deco-design\/mobilier\/bureau\/\" rel=\"category tag\">Bureau<\/a>, <a href=\"https:\/\/joyana.fr\/en\/category\/deco-design\/\" rel=\"category tag\">DECO-DESIGN<\/a>, <a href=\"https:\/\/joyana.fr\/en\/category\/deco-design\/actualite\/salon\/maison-et-objet\/\" rel=\"category tag\">MAISON &amp; OBJET<\/a>, <a href=\"https:\/\/joyana.fr\/en\/category\/deco-design\/mobilier\/\" rel=\"category tag\">Mobilier<\/a>, <a href=\"https:\/\/joyana.fr\/en\/category\/deco-design\/mobilier\/table\/\" rel=\"category tag\">Table<\/a>","author_info":{"display_name":"Jo Yana","author_link":"https:\/\/joyana.fr\/en\/author\/joyana\/"},"comments_num":"15 comments","featured_image_urls_v2":{"full":["https:\/\/i0.wp.com\/joyana.fr\/wp-content\/uploads\/2013\/09\/BUREAU-B011-DSC09315.jpg?fit=650%2C433&ssl=1",650,433,false],"thumbnail":["https:\/\/i0.wp.com\/joyana.fr\/wp-content\/uploads\/2013\/09\/BUREAU-B011-DSC09315.jpg?resize=150%2C150&ssl=1",150,150,true],"medium":["https:\/\/i0.wp.com\/joyana.fr\/wp-content\/uploads\/2013\/09\/BUREAU-B011-DSC09315.jpg?fit=389%2C259&ssl=1",389,259,true],"medium_large":["https:\/\/i0.wp.com\/joyana.fr\/wp-content\/uploads\/2013\/09\/BUREAU-B011-DSC09315.jpg?fit=650%2C433&ssl=1",650,433,true],"large":["https:\/\/i0.wp.com\/joyana.fr\/wp-content\/uploads\/2013\/09\/BUREAU-B011-DSC09315.jpg?fit=650%2C433&ssl=1",650,433,true],"1536x1536":["https:\/\/i0.wp.com\/joyana.fr\/wp-content\/uploads\/2013\/09\/BUREAU-B011-DSC09315.jpg?fit=650%2C433&ssl=1",650,433,true],"2048x2048":["https:\/\/i0.wp.com\/joyana.fr\/wp-content\/uploads\/2013\/09\/BUREAU-B011-DSC09315.jpg?fit=650%2C433&ssl=1",650,433,true],"featured-thumb":["https:\/\/i0.wp.com\/joyana.fr\/wp-content\/uploads\/2013\/09\/BUREAU-B011-DSC09315.jpg?resize=650%2C433&ssl=1",650,433,true],"ab-block-post-grid-landscape":["https:\/\/i0.wp.com\/joyana.fr\/wp-content\/uploads\/2013\/09\/BUREAU-B011-DSC09315.jpg?resize=600%2C400&ssl=1",600,400,true],"ab-block-post-grid-square":["https:\/\/i0.wp.com\/joyana.fr\/wp-content\/uploads\/2013\/09\/BUREAU-B011-DSC09315.jpg?resize=600%2C433&ssl=1",600,433,true],"author-pro-image":["https:\/\/i0.wp.com\/joyana.fr\/wp-content\/uploads\/2013\/09\/BUREAU-B011-DSC09315.jpg?resize=360%2C433&ssl=1",360,433,true],"slider":["https:\/\/i0.wp.com\/joyana.fr\/wp-content\/uploads\/2013\/09\/BUREAU-B011-DSC09315.jpg?resize=650%2C400&ssl=1",650,400,true],"woocommerce_thumbnail":["https:\/\/i0.wp.com\/joyana.fr\/wp-content\/uploads\/2013\/09\/BUREAU-B011-DSC09315.jpg?resize=450%2C433&ssl=1",450,433,true],"woocommerce_single":["https:\/\/i0.wp.com\/joyana.fr\/wp-content\/uploads\/2013\/09\/BUREAU-B011-DSC09315.jpg?fit=650%2C433&ssl=1",650,433,true],"woocommerce_gallery_thumbnail":["https:\/\/i0.wp.com\/joyana.fr\/wp-content\/uploads\/2013\/09\/BUREAU-B011-DSC09315.jpg?resize=180%2C180&ssl=1",180,180,true],"sow-carousel-default":["https:\/\/i0.wp.com\/joyana.fr\/wp-content\/uploads\/2013\/09\/BUREAU-B011-DSC09315.jpg?resize=272%2C182&ssl=1",272,182,true]},"post_excerpt_stackable_v2":"<p>D\u00e9couvert sur le stand de Belgium is Design \u00e0 Maison &#038; Objet, le bureau B011 &#8211; dessin\u00e9 par Fr\u00e9d\u00e9ric Richard &#8211; s\u00e9duit par ses courbes si particuli\u00e8res&#8230; Le bois naturel face au blanc n&#8217;aura jamais aussi bien fonctionn\u00e9 cette ann\u00e9e ! Le bureau B011 ne d\u00e9roge pas \u00e0 cette tendance, et le designer belge Fr\u00e9d\u00e9ric Richard nous propose une finition en Iroko huil\u00e9 et stratifi\u00e9 laqu\u00e9&#8230; Ce designer nous pr\u00e9sente une version moderne de l&#8217;ornementation du 18\u00e8me si\u00e8cle et du mobilier li\u00e9geois&#8230; En savoir + sur Fr\u00e9d\u00e9ric RICHARD<\/p>\n","category_list_v2":"<a href=\"https:\/\/joyana.fr\/en\/category\/deco-design\/mobilier\/bureau\/\" rel=\"category tag\">Bureau<\/a>, <a href=\"https:\/\/joyana.fr\/en\/category\/deco-design\/\" rel=\"category tag\">DECO-DESIGN<\/a>, <a href=\"https:\/\/joyana.fr\/en\/category\/deco-design\/actualite\/salon\/maison-et-objet\/\" rel=\"category tag\">MAISON &amp; OBJET<\/a>, <a href=\"https:\/\/joyana.fr\/en\/category\/deco-design\/mobilier\/\" rel=\"category tag\">Mobilier<\/a>, <a href=\"https:\/\/joyana.fr\/en\/category\/deco-design\/mobilier\/table\/\" rel=\"category tag\">Table<\/a>","author_info_v2":{"name":"Jo Yana","url":"https:\/\/joyana.fr\/en\/author\/joyana\/"},"comments_num_v2":"15 comments","yoast_head":"<!-- This site is optimized with the Yoast SEO plugin v26.8 - https:\/\/yoast.com\/product\/yoast-seo-wordpress\/ -->\n<title>#MO13 - Bureau B011 par Fr\u00e9d\u00e9ric RICHARD (Belgium is Design) - JO YANA<\/title>\n<meta name=\"robots\" content=\"index, follow, max-snippet:-1, max-image-preview:large, max-video-preview:-1\" \/>\n<link rel=\"canonical\" href=\"https:\/\/www.joyana.fr\/mo13-bureau-b011-par-frederic-richard-belgium-is-design\/114273\/\" \/>\n<meta property=\"og:locale\" content=\"en_US\" \/>\n<meta property=\"og:locale:alternate\" content=\"fr_FR\" \/>\n<meta property=\"og:locale:alternate\" content=\"ja\" \/>\n<meta property=\"og:type\" content=\"article\" \/>\n<meta property=\"og:title\" content=\"#MO13 - Bureau B011 par Fr\u00e9d\u00e9ric RICHARD (Belgium is Design) - JO YANA\" \/>\n<meta property=\"og:description\" content=\"D\u00e9couvert sur le stand de Belgium is Design \u00e0 Maison &amp; Objet, le bureau B011 &#8211; dessin\u00e9 par Fr\u00e9d\u00e9ric Richard &#8211; s\u00e9duit par ses courbes si particuli\u00e8res&#8230; Le bois naturel face au blanc n&#8217;aura jamais aussi bien fonctionn\u00e9 cette ann\u00e9e ! Le bureau B011 ne d\u00e9roge pas \u00e0 cette tendance, et le designer belge Fr\u00e9d\u00e9ric [&hellip;]\" \/>\n<meta property=\"og:url\" content=\"https:\/\/joyana.fr\/en\/mo13-bureau-b011-par-frederic-richard-belgium-is-design\/114273\/\" \/>\n<meta property=\"og:site_name\" content=\"JO YANA\" \/>\n<meta property=\"article:published_time\" content=\"2013-09-11T06:31:37+00:00\" \/>\n<meta property=\"og:image\" content=\"https:\/\/www.joyana.fr\/wp-content\/uploads\/2013\/09\/BUREAU-B011-DSC09315.jpg\" \/>\n\t<meta property=\"og:image:width\" content=\"650\" \/>\n\t<meta property=\"og:image:height\" content=\"433\" \/>\n\t<meta property=\"og:image:type\" content=\"image\/jpeg\" \/>\n<meta name=\"author\" content=\"Jo Yana\" \/>\n<meta name=\"twitter:card\" content=\"summary_large_image\" \/>\n<meta name=\"twitter:creator\" content=\"@Jo_Yana\" \/>\n<meta name=\"twitter:site\" content=\"@Jo_Yana\" \/>\n<meta name=\"twitter:label1\" content=\"Written by\" \/>\n\t<meta name=\"twitter:data1\" content=\"Jo Yana\" \/>\n<script type=\"application\/ld+json\" class=\"yoast-schema-graph\">{\"@context\":\"https:\/\/schema.org\",\"@graph\":[{\"@type\":\"Article\",\"@id\":\"https:\/\/www.joyana.fr\/mo13-bureau-b011-par-frederic-richard-belgium-is-design\/114273\/#article\",\"isPartOf\":{\"@id\":\"https:\/\/www.joyana.fr\/mo13-bureau-b011-par-frederic-richard-belgium-is-design\/114273\/\"},\"author\":{\"name\":\"Jo Yana\",\"@id\":\"https:\/\/www.joyana.fr\/ja\/#\/schema\/person\/cf2a1ad12a27c12c21801075bf37407c\"},\"headline\":\"#MO13 &#8211; Bureau B011 par Fr\u00e9d\u00e9ric RICHARD (Belgium is Design)\",\"datePublished\":\"2013-09-11T06:31:37+00:00\",\"mainEntityOfPage\":{\"@id\":\"https:\/\/www.joyana.fr\/mo13-bureau-b011-par-frederic-richard-belgium-is-design\/114273\/\"},\"wordCount\":111,\"commentCount\":7,\"publisher\":{\"@id\":\"https:\/\/www.joyana.fr\/ja\/#\/schema\/person\/cf2a1ad12a27c12c21801075bf37407c\"},\"image\":{\"@id\":\"https:\/\/www.joyana.fr\/mo13-bureau-b011-par-frederic-richard-belgium-is-design\/114273\/#primaryimage\"},\"thumbnailUrl\":\"https:\/\/i0.wp.com\/joyana.fr\/wp-content\/uploads\/2013\/09\/BUREAU-B011-DSC09315.jpg?fit=650%2C433&ssl=1\",\"keywords\":[\"#MO13\",\"Belgium is Design\",\"Blanc\",\"Bois\",\"Bureau\",\"Bureau design\",\"DESIGN\",\"Fr\u00e9d\u00e9ric RICHARD\",\"Maison &amp; Objet\"],\"articleSection\":[\"Bureau\",\"DECO-DESIGN\",\"MAISON &amp; OBJET\",\"Mobilier\",\"Table\"],\"inLanguage\":\"en-US\",\"potentialAction\":[{\"@type\":\"CommentAction\",\"name\":\"Comment\",\"target\":[\"https:\/\/www.joyana.fr\/mo13-bureau-b011-par-frederic-richard-belgium-is-design\/114273\/#respond\"]}]},{\"@type\":\"WebPage\",\"@id\":\"https:\/\/www.joyana.fr\/mo13-bureau-b011-par-frederic-richard-belgium-is-design\/114273\/\",\"url\":\"https:\/\/www.joyana.fr\/mo13-bureau-b011-par-frederic-richard-belgium-is-design\/114273\/\",\"name\":\"#MO13 - Bureau B011 par Fr\u00e9d\u00e9ric RICHARD (Belgium is Design) - JO YANA\",\"isPartOf\":{\"@id\":\"https:\/\/www.joyana.fr\/ja\/#website\"},\"primaryImageOfPage\":{\"@id\":\"https:\/\/www.joyana.fr\/mo13-bureau-b011-par-frederic-richard-belgium-is-design\/114273\/#primaryimage\"},\"image\":{\"@id\":\"https:\/\/www.joyana.fr\/mo13-bureau-b011-par-frederic-richard-belgium-is-design\/114273\/#primaryimage\"},\"thumbnailUrl\":\"https:\/\/i0.wp.com\/joyana.fr\/wp-content\/uploads\/2013\/09\/BUREAU-B011-DSC09315.jpg?fit=650%2C433&ssl=1\",\"datePublished\":\"2013-09-11T06:31:37+00:00\",\"breadcrumb\":{\"@id\":\"https:\/\/www.joyana.fr\/mo13-bureau-b011-par-frederic-richard-belgium-is-design\/114273\/#breadcrumb\"},\"inLanguage\":\"en-US\",\"potentialAction\":[{\"@type\":\"ReadAction\",\"target\":[\"https:\/\/www.joyana.fr\/mo13-bureau-b011-par-frederic-richard-belgium-is-design\/114273\/\"]}]},{\"@type\":\"ImageObject\",\"inLanguage\":\"en-US\",\"@id\":\"https:\/\/www.joyana.fr\/mo13-bureau-b011-par-frederic-richard-belgium-is-design\/114273\/#primaryimage\",\"url\":\"https:\/\/i0.wp.com\/joyana.fr\/wp-content\/uploads\/2013\/09\/BUREAU-B011-DSC09315.jpg?fit=650%2C433&ssl=1\",\"contentUrl\":\"https:\/\/i0.wp.com\/joyana.fr\/wp-content\/uploads\/2013\/09\/BUREAU-B011-DSC09315.jpg?fit=650%2C433&ssl=1\",\"width\":650,\"height\":433},{\"@type\":\"BreadcrumbList\",\"@id\":\"https:\/\/www.joyana.fr\/mo13-bureau-b011-par-frederic-richard-belgium-is-design\/114273\/#breadcrumb\",\"itemListElement\":[{\"@type\":\"ListItem\",\"position\":1,\"name\":\"Accueil\",\"item\":\"https:\/\/www.joyana.fr\/ja\/\"},{\"@type\":\"ListItem\",\"position\":2,\"name\":\"#MO13 &#8211; Bureau B011 par Fr\u00e9d\u00e9ric RICHARD (Belgium is Design)\"}]},{\"@type\":\"WebSite\",\"@id\":\"https:\/\/www.joyana.fr\/ja\/#website\",\"url\":\"https:\/\/www.joyana.fr\/ja\/\",\"name\":\"JO YANA\",\"description\":\"Blog Mode Homme, Lifestyle, D\u00e9co-Design\",\"publisher\":{\"@id\":\"https:\/\/www.joyana.fr\/ja\/#\/schema\/person\/cf2a1ad12a27c12c21801075bf37407c\"},\"potentialAction\":[{\"@type\":\"SearchAction\",\"target\":{\"@type\":\"EntryPoint\",\"urlTemplate\":\"https:\/\/www.joyana.fr\/ja\/?s={search_term_string}\"},\"query-input\":{\"@type\":\"PropertyValueSpecification\",\"valueRequired\":true,\"valueName\":\"search_term_string\"}}],\"inLanguage\":\"en-US\"},{\"@type\":[\"Person\",\"Organization\"],\"@id\":\"https:\/\/www.joyana.fr\/ja\/#\/schema\/person\/cf2a1ad12a27c12c21801075bf37407c\",\"name\":\"Jo Yana\",\"image\":{\"@type\":\"ImageObject\",\"inLanguage\":\"en-US\",\"@id\":\"https:\/\/www.joyana.fr\/ja\/#\/schema\/person\/image\/\",\"url\":\"https:\/\/i0.wp.com\/joyana.fr\/wp-content\/uploads\/2016\/08\/cropped-joyana-logo-black-360x180.png?fit=343%2C164&ssl=1\",\"contentUrl\":\"https:\/\/i0.wp.com\/joyana.fr\/wp-content\/uploads\/2016\/08\/cropped-joyana-logo-black-360x180.png?fit=343%2C164&ssl=1\",\"width\":343,\"height\":164,\"caption\":\"Jo Yana\"},\"logo\":{\"@id\":\"https:\/\/www.joyana.fr\/ja\/#\/schema\/person\/image\/\"},\"description\":\"Jo Yana est le cr\u00e9ateur et r\u00e9dacteur en chef des sites DECO-DESIGN. Passionn\u00e9 de Design, Mode, Photo, Luxe, Lifestyle, Musique, mais avant tout Blogueur ! Le plaisir de partager l'anime et a comme devise \\\"POUR L'AMOUR DU BEAU\\\". Retrouvez le aussi sur son blog personnel - https:\/\/joyana.fr...\",\"sameAs\":[\"https:\/\/joyana.fr\/\"],\"url\":\"https:\/\/joyana.fr\/en\/author\/joyana\/\"}]}<\/script>\n<!-- \/ Yoast SEO plugin. -->","yoast_head_json":{"title":"#MO13 - Bureau B011 par Fr\u00e9d\u00e9ric RICHARD (Belgium is Design) - JO YANA","robots":{"index":"index","follow":"follow","max-snippet":"max-snippet:-1","max-image-preview":"max-image-preview:large","max-video-preview":"max-video-preview:-1"},"canonical":"https:\/\/www.joyana.fr\/mo13-bureau-b011-par-frederic-richard-belgium-is-design\/114273\/","og_locale":"en_US","og_type":"article","og_title":"#MO13 - Bureau B011 par Fr\u00e9d\u00e9ric RICHARD (Belgium is Design) - JO YANA","og_description":"D\u00e9couvert sur le stand de Belgium is Design \u00e0 Maison &#038; Objet, le bureau B011 &#8211; dessin\u00e9 par Fr\u00e9d\u00e9ric Richard &#8211; s\u00e9duit par ses courbes si particuli\u00e8res&#8230; Le bois naturel face au blanc n&#8217;aura jamais aussi bien fonctionn\u00e9 cette ann\u00e9e ! Le bureau B011 ne d\u00e9roge pas \u00e0 cette tendance, et le designer belge Fr\u00e9d\u00e9ric [&hellip;]","og_url":"https:\/\/joyana.fr\/en\/mo13-bureau-b011-par-frederic-richard-belgium-is-design\/114273\/","og_site_name":"JO YANA","article_published_time":"2013-09-11T06:31:37+00:00","og_image":[{"width":650,"height":433,"url":"https:\/\/www.joyana.fr\/wp-content\/uploads\/2013\/09\/BUREAU-B011-DSC09315.jpg","type":"image\/jpeg"}],"author":"Jo Yana","twitter_card":"summary_large_image","twitter_creator":"@Jo_Yana","twitter_site":"@Jo_Yana","twitter_misc":{"Written by":"Jo Yana"},"schema":{"@context":"https:\/\/schema.org","@graph":[{"@type":"Article","@id":"https:\/\/www.joyana.fr\/mo13-bureau-b011-par-frederic-richard-belgium-is-design\/114273\/#article","isPartOf":{"@id":"https:\/\/www.joyana.fr\/mo13-bureau-b011-par-frederic-richard-belgium-is-design\/114273\/"},"author":{"name":"Jo Yana","@id":"https:\/\/www.joyana.fr\/ja\/#\/schema\/person\/cf2a1ad12a27c12c21801075bf37407c"},"headline":"#MO13 &#8211; Bureau B011 par Fr\u00e9d\u00e9ric RICHARD (Belgium is Design)","datePublished":"2013-09-11T06:31:37+00:00","mainEntityOfPage":{"@id":"https:\/\/www.joyana.fr\/mo13-bureau-b011-par-frederic-richard-belgium-is-design\/114273\/"},"wordCount":111,"commentCount":7,"publisher":{"@id":"https:\/\/www.joyana.fr\/ja\/#\/schema\/person\/cf2a1ad12a27c12c21801075bf37407c"},"image":{"@id":"https:\/\/www.joyana.fr\/mo13-bureau-b011-par-frederic-richard-belgium-is-design\/114273\/#primaryimage"},"thumbnailUrl":"https:\/\/i0.wp.com\/joyana.fr\/wp-content\/uploads\/2013\/09\/BUREAU-B011-DSC09315.jpg?fit=650%2C433&ssl=1","keywords":["#MO13","Belgium is Design","Blanc","Bois","Bureau","Bureau design","DESIGN","Fr\u00e9d\u00e9ric RICHARD","Maison &amp; Objet"],"articleSection":["Bureau","DECO-DESIGN","MAISON &amp; OBJET","Mobilier","Table"],"inLanguage":"en-US","potentialAction":[{"@type":"CommentAction","name":"Comment","target":["https:\/\/www.joyana.fr\/mo13-bureau-b011-par-frederic-richard-belgium-is-design\/114273\/#respond"]}]},{"@type":"WebPage","@id":"https:\/\/www.joyana.fr\/mo13-bureau-b011-par-frederic-richard-belgium-is-design\/114273\/","url":"https:\/\/www.joyana.fr\/mo13-bureau-b011-par-frederic-richard-belgium-is-design\/114273\/","name":"#MO13 - Bureau B011 par Fr\u00e9d\u00e9ric RICHARD (Belgium is Design) - JO YANA","isPartOf":{"@id":"https:\/\/www.joyana.fr\/ja\/#website"},"primaryImageOfPage":{"@id":"https:\/\/www.joyana.fr\/mo13-bureau-b011-par-frederic-richard-belgium-is-design\/114273\/#primaryimage"},"image":{"@id":"https:\/\/www.joyana.fr\/mo13-bureau-b011-par-frederic-richard-belgium-is-design\/114273\/#primaryimage"},"thumbnailUrl":"https:\/\/i0.wp.com\/joyana.fr\/wp-content\/uploads\/2013\/09\/BUREAU-B011-DSC09315.jpg?fit=650%2C433&ssl=1","datePublished":"2013-09-11T06:31:37+00:00","breadcrumb":{"@id":"https:\/\/www.joyana.fr\/mo13-bureau-b011-par-frederic-richard-belgium-is-design\/114273\/#breadcrumb"},"inLanguage":"en-US","potentialAction":[{"@type":"ReadAction","target":["https:\/\/www.joyana.fr\/mo13-bureau-b011-par-frederic-richard-belgium-is-design\/114273\/"]}]},{"@type":"ImageObject","inLanguage":"en-US","@id":"https:\/\/www.joyana.fr\/mo13-bureau-b011-par-frederic-richard-belgium-is-design\/114273\/#primaryimage","url":"https:\/\/i0.wp.com\/joyana.fr\/wp-content\/uploads\/2013\/09\/BUREAU-B011-DSC09315.jpg?fit=650%2C433&ssl=1","contentUrl":"https:\/\/i0.wp.com\/joyana.fr\/wp-content\/uploads\/2013\/09\/BUREAU-B011-DSC09315.jpg?fit=650%2C433&ssl=1","width":650,"height":433},{"@type":"BreadcrumbList","@id":"https:\/\/www.joyana.fr\/mo13-bureau-b011-par-frederic-richard-belgium-is-design\/114273\/#breadcrumb","itemListElement":[{"@type":"ListItem","position":1,"name":"Accueil","item":"https:\/\/www.joyana.fr\/ja\/"},{"@type":"ListItem","position":2,"name":"#MO13 &#8211; Bureau B011 par Fr\u00e9d\u00e9ric RICHARD (Belgium is Design)"}]},{"@type":"WebSite","@id":"https:\/\/www.joyana.fr\/ja\/#website","url":"https:\/\/www.joyana.fr\/ja\/","name":"JO YANA","description":"Blog Mode Homme, Lifestyle, D\u00e9co-Design","publisher":{"@id":"https:\/\/www.joyana.fr\/ja\/#\/schema\/person\/cf2a1ad12a27c12c21801075bf37407c"},"potentialAction":[{"@type":"SearchAction","target":{"@type":"EntryPoint","urlTemplate":"https:\/\/www.joyana.fr\/ja\/?s={search_term_string}"},"query-input":{"@type":"PropertyValueSpecification","valueRequired":true,"valueName":"search_term_string"}}],"inLanguage":"en-US"},{"@type":["Person","Organization"],"@id":"https:\/\/www.joyana.fr\/ja\/#\/schema\/person\/cf2a1ad12a27c12c21801075bf37407c","name":"Jo Yana","image":{"@type":"ImageObject","inLanguage":"en-US","@id":"https:\/\/www.joyana.fr\/ja\/#\/schema\/person\/image\/","url":"https:\/\/i0.wp.com\/joyana.fr\/wp-content\/uploads\/2016\/08\/cropped-joyana-logo-black-360x180.png?fit=343%2C164&ssl=1","contentUrl":"https:\/\/i0.wp.com\/joyana.fr\/wp-content\/uploads\/2016\/08\/cropped-joyana-logo-black-360x180.png?fit=343%2C164&ssl=1","width":343,"height":164,"caption":"Jo Yana"},"logo":{"@id":"https:\/\/www.joyana.fr\/ja\/#\/schema\/person\/image\/"},"description":"Jo Yana est le cr\u00e9ateur et r\u00e9dacteur en chef des sites DECO-DESIGN. Passionn\u00e9 de Design, Mode, Photo, Luxe, Lifestyle, Musique, mais avant tout Blogueur ! Le plaisir de partager l'anime et a comme devise \"POUR L'AMOUR DU BEAU\". Retrouvez le aussi sur son blog personnel - https:\/\/joyana.fr...","sameAs":["https:\/\/joyana.fr\/"],"url":"https:\/\/joyana.fr\/en\/author\/joyana\/"}]}},"author_meta":{"display_name":"Jo Yana","author_link":"https:\/\/joyana.fr\/en\/author\/joyana\/"},"featured_img":"https:\/\/i0.wp.com\/joyana.fr\/wp-content\/uploads\/2013\/09\/BUREAU-B011-DSC09315.jpg?fit=389%2C259&ssl=1","featured_image_src":"https:\/\/i0.wp.com\/joyana.fr\/wp-content\/uploads\/2013\/09\/BUREAU-B011-DSC09315.jpg?resize=600%2C400&ssl=1","featured_image_src_square":"https:\/\/i0.wp.com\/joyana.fr\/wp-content\/uploads\/2013\/09\/BUREAU-B011-DSC09315.jpg?resize=600%2C433&ssl=1","jetpack_featured_media_url":"https:\/\/i0.wp.com\/joyana.fr\/wp-content\/uploads\/2013\/09\/BUREAU-B011-DSC09315.jpg?fit=650%2C433&ssl=1","uagb_featured_image_src":{"full":["https:\/\/i0.wp.com\/joyana.fr\/wp-content\/uploads\/2013\/09\/BUREAU-B011-DSC09315.jpg?fit=650%2C433&ssl=1",650,433,false],"thumbnail":["https:\/\/i0.wp.com\/joyana.fr\/wp-content\/uploads\/2013\/09\/BUREAU-B011-DSC09315.jpg?resize=150%2C150&ssl=1",150,150,true],"medium":["https:\/\/i0.wp.com\/joyana.fr\/wp-content\/uploads\/2013\/09\/BUREAU-B011-DSC09315.jpg?fit=389%2C259&ssl=1",389,259,true],"medium_large":["https:\/\/i0.wp.com\/joyana.fr\/wp-content\/uploads\/2013\/09\/BUREAU-B011-DSC09315.jpg?fit=650%2C433&ssl=1",650,433,true],"large":["https:\/\/i0.wp.com\/joyana.fr\/wp-content\/uploads\/2013\/09\/BUREAU-B011-DSC09315.jpg?fit=650%2C433&ssl=1",650,433,true],"1536x1536":["https:\/\/i0.wp.com\/joyana.fr\/wp-content\/uploads\/2013\/09\/BUREAU-B011-DSC09315.jpg?fit=650%2C433&ssl=1",650,433,true],"2048x2048":["https:\/\/i0.wp.com\/joyana.fr\/wp-content\/uploads\/2013\/09\/BUREAU-B011-DSC09315.jpg?fit=650%2C433&ssl=1",650,433,true],"featured-thumb":["https:\/\/i0.wp.com\/joyana.fr\/wp-content\/uploads\/2013\/09\/BUREAU-B011-DSC09315.jpg?resize=650%2C433&ssl=1",650,433,true],"ab-block-post-grid-landscape":["https:\/\/i0.wp.com\/joyana.fr\/wp-content\/uploads\/2013\/09\/BUREAU-B011-DSC09315.jpg?resize=600%2C400&ssl=1",600,400,true],"ab-block-post-grid-square":["https:\/\/i0.wp.com\/joyana.fr\/wp-content\/uploads\/2013\/09\/BUREAU-B011-DSC09315.jpg?resize=600%2C433&ssl=1",600,433,true],"author-pro-image":["https:\/\/i0.wp.com\/joyana.fr\/wp-content\/uploads\/2013\/09\/BUREAU-B011-DSC09315.jpg?resize=360%2C433&ssl=1",360,433,true],"slider":["https:\/\/i0.wp.com\/joyana.fr\/wp-content\/uploads\/2013\/09\/BUREAU-B011-DSC09315.jpg?resize=650%2C400&ssl=1",650,400,true],"woocommerce_thumbnail":["https:\/\/i0.wp.com\/joyana.fr\/wp-content\/uploads\/2013\/09\/BUREAU-B011-DSC09315.jpg?resize=450%2C433&ssl=1",450,433,true],"woocommerce_single":["https:\/\/i0.wp.com\/joyana.fr\/wp-content\/uploads\/2013\/09\/BUREAU-B011-DSC09315.jpg?fit=650%2C433&ssl=1",650,433,true],"woocommerce_gallery_thumbnail":["https:\/\/i0.wp.com\/joyana.fr\/wp-content\/uploads\/2013\/09\/BUREAU-B011-DSC09315.jpg?resize=180%2C180&ssl=1",180,180,true],"sow-carousel-default":["https:\/\/i0.wp.com\/joyana.fr\/wp-content\/uploads\/2013\/09\/BUREAU-B011-DSC09315.jpg?resize=272%2C182&ssl=1",272,182,true]},"uagb_author_info":{"display_name":"Jo Yana","author_link":"https:\/\/joyana.fr\/en\/author\/joyana\/"},"uagb_comment_info":15,"uagb_excerpt":"D\u00e9couvert sur le stand de Belgium is Design \u00e0 Maison &#038; Objet, le bureau B011 &#8211; dessin\u00e9 par Fr\u00e9d\u00e9ric Richard &#8211; s\u00e9duit par ses courbes si particuli\u00e8res&#8230; Le bois naturel face au blanc n&#8217;aura jamais aussi bien fonctionn\u00e9 cette ann\u00e9e ! Le bureau B011 ne d\u00e9roge pas \u00e0 cette tendance, et le designer belge Fr\u00e9d\u00e9ric&hellip;","coauthors":[],"tax_additional":{"categories":{"linked":["<a href=\"https:\/\/joyana.fr\/en\/category\/deco-design\/mobilier\/bureau\/\" class=\"advgb-post-tax-term\">Bureau<\/a>","<a href=\"https:\/\/joyana.fr\/en\/category\/deco-design\/\" class=\"advgb-post-tax-term\">DECO-DESIGN<\/a>","<a href=\"https:\/\/joyana.fr\/en\/category\/deco-design\/actualite\/salon\/maison-et-objet\/\" class=\"advgb-post-tax-term\">MAISON &amp; OBJET<\/a>","<a href=\"https:\/\/joyana.fr\/en\/category\/deco-design\/mobilier\/\" class=\"advgb-post-tax-term\">Mobilier<\/a>","<a href=\"https:\/\/joyana.fr\/en\/category\/deco-design\/mobilier\/table\/\" class=\"advgb-post-tax-term\">Table<\/a>"],"unlinked":["<span class=\"advgb-post-tax-term\">Bureau<\/span>","<span class=\"advgb-post-tax-term\">DECO-DESIGN<\/span>","<span class=\"advgb-post-tax-term\">MAISON &amp; OBJET<\/span>","<span class=\"advgb-post-tax-term\">Mobilier<\/span>","<span class=\"advgb-post-tax-term\">Table<\/span>"]},"tags":{"linked":["<a href=\"https:\/\/joyana.fr\/en\/category\/deco-design\/mobilier\/table\/\" class=\"advgb-post-tax-term\">#MO13<\/a>","<a href=\"https:\/\/joyana.fr\/en\/category\/deco-design\/mobilier\/table\/\" class=\"advgb-post-tax-term\">Belgium is Design<\/a>","<a href=\"https:\/\/joyana.fr\/en\/category\/deco-design\/mobilier\/table\/\" class=\"advgb-post-tax-term\">Blanc<\/a>","<a href=\"https:\/\/joyana.fr\/en\/category\/deco-design\/mobilier\/table\/\" class=\"advgb-post-tax-term\">Bois<\/a>","<a href=\"https:\/\/joyana.fr\/en\/category\/deco-design\/mobilier\/table\/\" class=\"advgb-post-tax-term\">Bureau<\/a>","<a href=\"https:\/\/joyana.fr\/en\/category\/deco-design\/mobilier\/table\/\" class=\"advgb-post-tax-term\">Bureau design<\/a>","<a href=\"https:\/\/joyana.fr\/en\/category\/deco-design\/mobilier\/table\/\" class=\"advgb-post-tax-term\">DESIGN<\/a>","<a href=\"https:\/\/joyana.fr\/en\/category\/deco-design\/mobilier\/table\/\" class=\"advgb-post-tax-term\">Fr\u00e9d\u00e9ric RICHARD<\/a>","<a href=\"https:\/\/joyana.fr\/en\/category\/deco-design\/mobilier\/table\/\" class=\"advgb-post-tax-term\">Maison &amp; Objet<\/a>"],"unlinked":["<span class=\"advgb-post-tax-term\">#MO13<\/span>","<span class=\"advgb-post-tax-term\">Belgium is Design<\/span>","<span class=\"advgb-post-tax-term\">Blanc<\/span>","<span class=\"advgb-post-tax-term\">Bois<\/span>","<span class=\"advgb-post-tax-term\">Bureau<\/span>","<span class=\"advgb-post-tax-term\">Bureau design<\/span>","<span class=\"advgb-post-tax-term\">DESIGN<\/span>","<span class=\"advgb-post-tax-term\">Fr\u00e9d\u00e9ric RICHARD<\/span>","<span class=\"advgb-post-tax-term\">Maison &amp; Objet<\/span>"]}},"comment_count":15,"relative_dates":{"created":"Posted 13 years ago","modified":"Updated 13 years ago"},"absolute_dates":{"created":"Posted on 11 September 2013","modified":"Updated on 11 September 2013"},"absolute_dates_time":{"created":"Posted on 11 September 2013 7:31","modified":"Updated on 11 September 2013 7:31"},"featured_img_caption":"","series_order":"","jetpack_sharing_enabled":true,"jetpack_shortlink":"https:\/\/wp.me\/p9bteI-tJ7","jetpack-related-posts":[],"_links":{"self":[{"href":"https:\/\/joyana.fr\/en\/wp-json\/wp\/v2\/posts\/114273","targetHints":{"allow":["GET"]}}],"collection":[{"href":"https:\/\/joyana.fr\/en\/wp-json\/wp\/v2\/posts"}],"about":[{"href":"https:\/\/joyana.fr\/en\/wp-json\/wp\/v2\/types\/post"}],"author":[{"embeddable":true,"href":"https:\/\/joyana.fr\/en\/wp-json\/wp\/v2\/users\/3"}],"replies":[{"embeddable":true,"href":"https:\/\/joyana.fr\/en\/wp-json\/wp\/v2\/comments?post=114273"}],"version-history":[{"count":0,"href":"https:\/\/joyana.fr\/en\/wp-json\/wp\/v2\/posts\/114273\/revisions"}],"wp:featuredmedia":[{"embeddable":true,"href":"https:\/\/joyana.fr\/en\/wp-json\/wp\/v2\/media\/114277"}],"wp:attachment":[{"href":"https:\/\/joyana.fr\/en\/wp-json\/wp\/v2\/media?parent=114273"}],"wp:term":[{"taxonomy":"category","embeddable":true,"href":"https:\/\/joyana.fr\/en\/wp-json\/wp\/v2\/categories?post=114273"},{"taxonomy":"post_tag","embeddable":true,"href":"https:\/\/joyana.fr\/en\/wp-json\/wp\/v2\/tags?post=114273"}],"curies":[{"name":"wp","href":"https:\/\/api.w.org\/{rel}","templated":true}]}}