{"id":116635,"date":"2014-04-09T16:12:55","date_gmt":"2014-04-09T15:12:55","guid":{"rendered":"https:\/\/joyana.fr\/?p=16635"},"modified":"2014-04-09T16:12:55","modified_gmt":"2014-04-09T15:12:55","slug":"precious-kartell-milan-design-week-2014","status":"publish","type":"post","link":"https:\/\/joyana.fr\/en\/precious-kartell-milan-design-week-2014\/116635\/","title":{"rendered":"PRECIOUS KARTELL &#8211; MILAN DESIGN WEEK 2014"},"content":{"rendered":"<p style=\"text-align: justify;\">Stand incontournable de la <strong>Milan Design Week 2014<\/strong>, <strong>Kartell<\/strong> nous pr\u00e9sente l&#8217;installation <strong>PRECIOUS KARTELL<\/strong> !<\/p>\n<p style=\"text-align: justify;\">Hyper technologique, fonctionnel, performant mais vibrant d\u2019\u00e9nergie, lumineux et \u00e9tincelant : le plastique de <strong>Kartell<\/strong>, de plus en plus pr\u00e9cieux, exclusif et sophistiqu\u00e9, donne vie \u00e0 trente nouveaut\u00e9s de produit sensationnelles, sign\u00e9es Andrea Berton, Carlo Cracco, Ferruccio Laviani, Eugeni Quitllet, Piero Lissoni, Jean-Marie Massaud, Davide Oldani, Ludovica+Roberto Palomba, Philippe Starck, Patricia Urquiola et Tokujin Yoshioka. Certains classiques de l&#8217;\u00e9diteur italien se voient orn\u00e9s de m\u00e9taux pr\u00e9cieux (or, argent, or rose&#8230;)<\/p>\n<p><a href=\"https:\/\/i0.wp.com\/joyana.fr\/wp-content\/uploads\/2014\/04\/KARTELL-MILAN-DESIGN-WEEK-2014.jpg?ssl=1\"><img data-recalc-dims=\"1\" fetchpriority=\"high\" decoding=\"async\" class=\"alignnone size-full wp-image-16643\" alt=\"KARTELL-MILAN-DESIGN-WEEK-2014\" src=\"https:\/\/i0.wp.com\/joyana.fr\/wp-content\/uploads\/2014\/04\/KARTELL-MILAN-DESIGN-WEEK-2014.jpg?resize=650%2C433&#038;ssl=1\" width=\"650\" height=\"433\" \/><\/a><\/p>\n<p style=\"text-align: justify;\"><strong>PRECIOUS KARTELL<\/strong> est tout un symbole. Gr\u00e2ce \u00e0 Kartell, le plastique est devenu pr\u00e9cieux, noble et sophistiqu\u00e9, m\u00eame s\u2019il conserve sa nature de mat\u00e9riau industriel&#8230;<\/p>\n<p><a href=\"https:\/\/i0.wp.com\/joyana.fr\/wp-content\/uploads\/2014\/04\/KARTELL-MILAN-DESIGN-WEEK-MASTERS.jpg?ssl=1\"><img data-recalc-dims=\"1\" decoding=\"async\" data-attachment-id=\"16644\" data-permalink=\"https:\/\/joyana.fr\/en\/pour-lamour-du-beau-9-nike-lab\/16643\/blog_pour-lamour-du-beau-nike-lab-copie\/\" data-orig-file=\"https:\/\/i0.wp.com\/joyana.fr\/wp-content\/uploads\/2015\/02\/BLOG_POUR-LAMOUR-DU-BEAU-NIKE-LAB-copie.jpg?fit=1000%2C1000&amp;ssl=1\" data-orig-size=\"1000,1000\" data-comments-opened=\"1\" data-image-meta=\"{&quot;aperture&quot;:&quot;0&quot;,&quot;credit&quot;:&quot;&quot;,&quot;camera&quot;:&quot;&quot;,&quot;caption&quot;:&quot;&quot;,&quot;created_timestamp&quot;:&quot;0&quot;,&quot;copyright&quot;:&quot;&quot;,&quot;focal_length&quot;:&quot;0&quot;,&quot;iso&quot;:&quot;0&quot;,&quot;shutter_speed&quot;:&quot;0&quot;,&quot;title&quot;:&quot;&quot;,&quot;orientation&quot;:&quot;1&quot;}\" data-image-title=\"BLOG_POUR LAMOUR DU BEAU NIKE LAB copie\" data-image-description=\"\" data-image-caption=\"\" data-medium-file=\"https:\/\/i0.wp.com\/joyana.fr\/wp-content\/uploads\/2015\/02\/BLOG_POUR-LAMOUR-DU-BEAU-NIKE-LAB-copie.jpg?fit=389%2C389&amp;ssl=1\" data-large-file=\"https:\/\/i0.wp.com\/joyana.fr\/wp-content\/uploads\/2015\/02\/BLOG_POUR-LAMOUR-DU-BEAU-NIKE-LAB-copie.jpg?fit=1000%2C1000&amp;ssl=1\" class=\"alignnone size-large wp-image-16644\" alt=\"KARTELL-MILAN-DESIGN-WEEK-MASTERS\" src=\"https:\/\/i0.wp.com\/joyana.fr\/wp-content\/uploads\/2014\/04\/KARTELL-MILAN-DESIGN-WEEK-MASTERS.jpg?resize=650%2C433&#038;ssl=1\" width=\"650\" height=\"433\" \/><\/a><\/p>\n<p><a href=\"https:\/\/i0.wp.com\/joyana.fr\/wp-content\/uploads\/2014\/04\/KARTELL-MILAN-DESIGN-WEEKDSC02796.jpg?ssl=1\"><img data-recalc-dims=\"1\" decoding=\"async\" class=\"alignnone size-large wp-image-16645\" alt=\"KARTELL-MILAN-DESIGN-WEEKDSC02796\" src=\"https:\/\/i0.wp.com\/joyana.fr\/wp-content\/uploads\/2014\/04\/KARTELL-MILAN-DESIGN-WEEKDSC02796.jpg?resize=650%2C433&#038;ssl=1\" width=\"650\" height=\"433\" \/><\/a><\/p>\n<p><a href=\"https:\/\/i0.wp.com\/joyana.fr\/wp-content\/uploads\/2014\/04\/KARTELL-PRECIOUS-2014-805.jpg?ssl=1\"><img data-recalc-dims=\"1\" loading=\"lazy\" decoding=\"async\" class=\"alignnone size-large wp-image-16646\" alt=\"KARTELL-PRECIOUS-2014-805\" src=\"https:\/\/i0.wp.com\/joyana.fr\/wp-content\/uploads\/2014\/04\/KARTELL-PRECIOUS-2014-805.jpg?resize=650%2C433&#038;ssl=1\" width=\"650\" height=\"433\" \/><\/a><\/p>\n<p><a href=\"https:\/\/i0.wp.com\/joyana.fr\/wp-content\/uploads\/2014\/04\/KARTELL-MILAN-DESIGN-WEEK-2014-97.jpg?ssl=1\"><img data-recalc-dims=\"1\" loading=\"lazy\" decoding=\"async\" class=\"alignnone size-large wp-image-16640\" alt=\"KARTELL-MILAN-DESIGN-WEEK-2014-97\" src=\"https:\/\/i0.wp.com\/joyana.fr\/wp-content\/uploads\/2014\/04\/KARTELL-MILAN-DESIGN-WEEK-2014-97.jpg?resize=650%2C433&#038;ssl=1\" width=\"650\" height=\"433\" \/><\/a><\/p>\n<p><a href=\"https:\/\/i0.wp.com\/joyana.fr\/wp-content\/uploads\/2014\/04\/KARTELL-MILAN-DESIGN-WEEK-2014-00.jpg?ssl=1\"><img data-recalc-dims=\"1\" loading=\"lazy\" decoding=\"async\" class=\"alignnone size-large wp-image-16639\" alt=\"KARTELL-MILAN-DESIGN-WEEK-2014-00\" src=\"https:\/\/i0.wp.com\/joyana.fr\/wp-content\/uploads\/2014\/04\/KARTELL-MILAN-DESIGN-WEEK-2014-00.jpg?resize=650%2C428&#038;ssl=1\" width=\"650\" height=\"428\" \/><\/a><\/p>\n<p><a href=\"https:\/\/i0.wp.com\/joyana.fr\/wp-content\/uploads\/2014\/04\/KARTELL-MILAN-DESIGN-WEEK-04.jpg?ssl=1\"><img data-recalc-dims=\"1\" loading=\"lazy\" decoding=\"async\" data-attachment-id=\"16638\" data-permalink=\"https:\/\/joyana.fr\/en\/adidas-originals-superstar-80-camo-pack\/16637\/adidas-originals-superstar-camo-pack\/\" data-orig-file=\"https:\/\/i0.wp.com\/joyana.fr\/wp-content\/uploads\/2015\/02\/ADIDAS-ORIGINALS-SUPERSTAR-CAMO-PACK.jpg?fit=650%2C650&amp;ssl=1\" data-orig-size=\"650,650\" data-comments-opened=\"1\" data-image-meta=\"{&quot;aperture&quot;:&quot;0&quot;,&quot;credit&quot;:&quot;&quot;,&quot;camera&quot;:&quot;&quot;,&quot;caption&quot;:&quot;&quot;,&quot;created_timestamp&quot;:&quot;0&quot;,&quot;copyright&quot;:&quot;&quot;,&quot;focal_length&quot;:&quot;0&quot;,&quot;iso&quot;:&quot;0&quot;,&quot;shutter_speed&quot;:&quot;0&quot;,&quot;title&quot;:&quot;&quot;,&quot;orientation&quot;:&quot;1&quot;}\" data-image-title=\"ADIDAS ORIGINALS SUPERSTAR CAMO PACK\" data-image-description=\"\" data-image-caption=\"\" data-medium-file=\"https:\/\/i0.wp.com\/joyana.fr\/wp-content\/uploads\/2015\/02\/ADIDAS-ORIGINALS-SUPERSTAR-CAMO-PACK.jpg?fit=389%2C389&amp;ssl=1\" data-large-file=\"https:\/\/i0.wp.com\/joyana.fr\/wp-content\/uploads\/2015\/02\/ADIDAS-ORIGINALS-SUPERSTAR-CAMO-PACK.jpg?fit=650%2C650&amp;ssl=1\" class=\"alignnone size-large wp-image-16638\" alt=\"KARTELL-MILAN-DESIGN-WEEK-04\" src=\"https:\/\/i0.wp.com\/joyana.fr\/wp-content\/uploads\/2014\/04\/KARTELL-MILAN-DESIGN-WEEK-04.jpg?resize=650%2C500&#038;ssl=1\" width=\"650\" height=\"500\" \/><\/a><\/p>\n<p><a href=\"https:\/\/i0.wp.com\/joyana.fr\/wp-content\/uploads\/2014\/04\/KARTELL-MDW-2014-DSC02803.jpg?ssl=1\"><img data-recalc-dims=\"1\" loading=\"lazy\" decoding=\"async\" class=\"alignnone size-large wp-image-16637\" alt=\"KARTELL-MDW-2014-DSC02803\" src=\"https:\/\/i0.wp.com\/joyana.fr\/wp-content\/uploads\/2014\/04\/KARTELL-MDW-2014-DSC02803.jpg?resize=650%2C433&#038;ssl=1\" width=\"650\" height=\"433\" \/><\/a><\/p>\n<p><a href=\"https:\/\/i0.wp.com\/joyana.fr\/wp-content\/uploads\/2014\/04\/KARTELL-MDW-2014-DSC02793.jpg?ssl=1\"><img data-recalc-dims=\"1\" loading=\"lazy\" decoding=\"async\" class=\"alignnone size-full wp-image-16636\" alt=\"KARTELL-MDW-2014-DSC02793\" src=\"https:\/\/i0.wp.com\/joyana.fr\/wp-content\/uploads\/2014\/04\/KARTELL-MDW-2014-DSC02793.jpg?resize=650%2C878&#038;ssl=1\" width=\"650\" height=\"878\" \/><\/a><\/p>\n<p style=\"text-align: center;\">En savoir + sur <a href=\"http:\/\/www.kartell.it\" target=\"_blank\"><strong>KARTELL<\/strong><\/a><\/p>\n<p style=\"text-align: center;\"><span style=\"color: #000000;\">.<\/span><\/p>\n","protected":false},"excerpt":{"rendered":"<p>Stand incontournable de la Milan Design Week 2014, Kartell nous pr\u00e9sente l&#8217;installation PRECIOUS KARTELL ! Hyper technologique, fonctionnel, performant mais vibrant d\u2019\u00e9nergie, lumineux et \u00e9tincelant : le plastique de Kartell, de plus en plus pr\u00e9cieux, exclusif et sophistiqu\u00e9, donne vie \u00e0 trente nouveaut\u00e9s de produit sensationnelles, sign\u00e9es Andrea Berton, Carlo Cracco, Ferruccio Laviani, Eugeni Quitllet, [&hellip;]<\/p>\n","protected":false},"author":3,"featured_media":116647,"comment_status":"open","ping_status":"open","sticky":false,"template":"","format":"aside","meta":{"_coblocks_attr":"","_coblocks_dimensions":"","_coblocks_responsive_height":"","_coblocks_accordion_ie_support":"","_uag_custom_page_level_css":"","advgb_blocks_editor_width":"","advgb_blocks_columns_visual_guide":"","_genesis_hide_title":false,"_genesis_hide_breadcrumbs":false,"_genesis_hide_singular_image":false,"_genesis_hide_footer_widgets":false,"_genesis_custom_body_class":"","_genesis_custom_post_class":"","_genesis_layout":"","_themeisle_gutenberg_block_has_review":false,"_jetpack_newsletter_access":"","_jetpack_dont_email_post_to_subs":false,"_jetpack_newsletter_tier_id":0,"_jetpack_memberships_contains_paywalled_content":false,"_jetpack_memberships_contains_paid_content":false,"footnotes":""},"categories":[905,983,993,1015],"tags":[1355,982,1669],"class_list":{"0":"post-116635","1":"post","2":"type-post","3":"status-publish","4":"format-aside","5":"has-post-thumbnail","7":"category-deco-design","8":"category-kartell","9":"category-milan-design-week","10":"category-salon","11":"tag-installation","12":"tag-kartell","13":"tag-milan-design-week-2014","14":"post_format-post-format-aside","15":"entry"},"featured_image_urls":{"full":["https:\/\/i0.wp.com\/joyana.fr\/wp-content\/uploads\/2014\/04\/KARTELL-PRECIOUS-KARTELL-DSC02799.jpg?fit=650%2C558&ssl=1",650,558,false],"thumbnail":["https:\/\/i0.wp.com\/joyana.fr\/wp-content\/uploads\/2014\/04\/KARTELL-PRECIOUS-KARTELL-DSC02799.jpg?resize=150%2C150&ssl=1",150,150,true],"medium":["https:\/\/i0.wp.com\/joyana.fr\/wp-content\/uploads\/2014\/04\/KARTELL-PRECIOUS-KARTELL-DSC02799.jpg?fit=389%2C334&ssl=1",389,334,true],"medium_large":["https:\/\/i0.wp.com\/joyana.fr\/wp-content\/uploads\/2014\/04\/KARTELL-PRECIOUS-KARTELL-DSC02799.jpg?fit=650%2C558&ssl=1",650,558,true],"large":["https:\/\/i0.wp.com\/joyana.fr\/wp-content\/uploads\/2014\/04\/KARTELL-PRECIOUS-KARTELL-DSC02799.jpg?fit=650%2C558&ssl=1",650,558,true],"1536x1536":["https:\/\/i0.wp.com\/joyana.fr\/wp-content\/uploads\/2014\/04\/KARTELL-PRECIOUS-KARTELL-DSC02799.jpg?fit=650%2C558&ssl=1",650,558,true],"2048x2048":["https:\/\/i0.wp.com\/joyana.fr\/wp-content\/uploads\/2014\/04\/KARTELL-PRECIOUS-KARTELL-DSC02799.jpg?fit=650%2C558&ssl=1",650,558,true],"featured-thumb":["https:\/\/i0.wp.com\/joyana.fr\/wp-content\/uploads\/2014\/04\/KARTELL-PRECIOUS-KARTELL-DSC02799.jpg?resize=650%2C558&ssl=1",650,558,true],"ab-block-post-grid-landscape":["https:\/\/i0.wp.com\/joyana.fr\/wp-content\/uploads\/2014\/04\/KARTELL-PRECIOUS-KARTELL-DSC02799.jpg?resize=600%2C400&ssl=1",600,400,true],"ab-block-post-grid-square":["https:\/\/i0.wp.com\/joyana.fr\/wp-content\/uploads\/2014\/04\/KARTELL-PRECIOUS-KARTELL-DSC02799.jpg?resize=600%2C558&ssl=1",600,558,true],"author-pro-image":["https:\/\/i0.wp.com\/joyana.fr\/wp-content\/uploads\/2014\/04\/KARTELL-PRECIOUS-KARTELL-DSC02799.jpg?resize=360%2C558&ssl=1",360,558,true],"slider":["https:\/\/i0.wp.com\/joyana.fr\/wp-content\/uploads\/2014\/04\/KARTELL-PRECIOUS-KARTELL-DSC02799.jpg?resize=650%2C400&ssl=1",650,400,true],"woocommerce_thumbnail":["https:\/\/i0.wp.com\/joyana.fr\/wp-content\/uploads\/2014\/04\/KARTELL-PRECIOUS-KARTELL-DSC02799.jpg?resize=450%2C450&ssl=1",450,450,true],"woocommerce_single":["https:\/\/i0.wp.com\/joyana.fr\/wp-content\/uploads\/2014\/04\/KARTELL-PRECIOUS-KARTELL-DSC02799.jpg?fit=650%2C558&ssl=1",650,558,true],"woocommerce_gallery_thumbnail":["https:\/\/i0.wp.com\/joyana.fr\/wp-content\/uploads\/2014\/04\/KARTELL-PRECIOUS-KARTELL-DSC02799.jpg?resize=180%2C180&ssl=1",180,180,true],"sow-carousel-default":["https:\/\/i0.wp.com\/joyana.fr\/wp-content\/uploads\/2014\/04\/KARTELL-PRECIOUS-KARTELL-DSC02799.jpg?resize=272%2C182&ssl=1",272,182,true]},"post_excerpt_stackable":"<p>Stand incontournable de la Milan Design Week 2014, Kartell nous pr\u00e9sente l&#8217;installation PRECIOUS KARTELL ! Hyper technologique, fonctionnel, performant mais vibrant d\u2019\u00e9nergie, lumineux et \u00e9tincelant : le plastique de Kartell, de plus en plus pr\u00e9cieux, exclusif et sophistiqu\u00e9, donne vie \u00e0 trente nouveaut\u00e9s de produit sensationnelles, sign\u00e9es Andrea Berton, Carlo Cracco, Ferruccio Laviani, Eugeni Quitllet, Piero Lissoni, Jean-Marie Massaud, Davide Oldani, Ludovica+Roberto Palomba, Philippe Starck, Patricia Urquiola et Tokujin Yoshioka. Certains classiques de l&#8217;\u00e9diteur italien se voient orn\u00e9s de m\u00e9taux pr\u00e9cieux (or, argent, or rose&#8230;) PRECIOUS KARTELL est tout un symbole. Gr\u00e2ce \u00e0 Kartell, le plastique est devenu pr\u00e9cieux, noble&hellip;<\/p>\n","category_list":"<a href=\"https:\/\/joyana.fr\/en\/category\/deco-design\/\" rel=\"category tag\">DECO-DESIGN<\/a>, <a href=\"https:\/\/joyana.fr\/en\/category\/marques\/kartell\/\" rel=\"category tag\">Kartell<\/a>, <a href=\"https:\/\/joyana.fr\/en\/category\/deco-design\/actualite\/salon\/milan-design-week\/\" rel=\"category tag\">Milan Design Week<\/a>, <a href=\"https:\/\/joyana.fr\/en\/category\/deco-design\/actualite\/salon\/\" rel=\"category tag\">Salon &amp; Ev\u00e8nement<\/a>","author_info":{"display_name":"Jo Yana","author_link":"https:\/\/joyana.fr\/en\/author\/joyana\/"},"comments_num":"3 comments","featured_image_urls_v2":{"full":["https:\/\/i0.wp.com\/joyana.fr\/wp-content\/uploads\/2014\/04\/KARTELL-PRECIOUS-KARTELL-DSC02799.jpg?fit=650%2C558&ssl=1",650,558,false],"thumbnail":["https:\/\/i0.wp.com\/joyana.fr\/wp-content\/uploads\/2014\/04\/KARTELL-PRECIOUS-KARTELL-DSC02799.jpg?resize=150%2C150&ssl=1",150,150,true],"medium":["https:\/\/i0.wp.com\/joyana.fr\/wp-content\/uploads\/2014\/04\/KARTELL-PRECIOUS-KARTELL-DSC02799.jpg?fit=389%2C334&ssl=1",389,334,true],"medium_large":["https:\/\/i0.wp.com\/joyana.fr\/wp-content\/uploads\/2014\/04\/KARTELL-PRECIOUS-KARTELL-DSC02799.jpg?fit=650%2C558&ssl=1",650,558,true],"large":["https:\/\/i0.wp.com\/joyana.fr\/wp-content\/uploads\/2014\/04\/KARTELL-PRECIOUS-KARTELL-DSC02799.jpg?fit=650%2C558&ssl=1",650,558,true],"1536x1536":["https:\/\/i0.wp.com\/joyana.fr\/wp-content\/uploads\/2014\/04\/KARTELL-PRECIOUS-KARTELL-DSC02799.jpg?fit=650%2C558&ssl=1",650,558,true],"2048x2048":["https:\/\/i0.wp.com\/joyana.fr\/wp-content\/uploads\/2014\/04\/KARTELL-PRECIOUS-KARTELL-DSC02799.jpg?fit=650%2C558&ssl=1",650,558,true],"featured-thumb":["https:\/\/i0.wp.com\/joyana.fr\/wp-content\/uploads\/2014\/04\/KARTELL-PRECIOUS-KARTELL-DSC02799.jpg?resize=650%2C558&ssl=1",650,558,true],"ab-block-post-grid-landscape":["https:\/\/i0.wp.com\/joyana.fr\/wp-content\/uploads\/2014\/04\/KARTELL-PRECIOUS-KARTELL-DSC02799.jpg?resize=600%2C400&ssl=1",600,400,true],"ab-block-post-grid-square":["https:\/\/i0.wp.com\/joyana.fr\/wp-content\/uploads\/2014\/04\/KARTELL-PRECIOUS-KARTELL-DSC02799.jpg?resize=600%2C558&ssl=1",600,558,true],"author-pro-image":["https:\/\/i0.wp.com\/joyana.fr\/wp-content\/uploads\/2014\/04\/KARTELL-PRECIOUS-KARTELL-DSC02799.jpg?resize=360%2C558&ssl=1",360,558,true],"slider":["https:\/\/i0.wp.com\/joyana.fr\/wp-content\/uploads\/2014\/04\/KARTELL-PRECIOUS-KARTELL-DSC02799.jpg?resize=650%2C400&ssl=1",650,400,true],"woocommerce_thumbnail":["https:\/\/i0.wp.com\/joyana.fr\/wp-content\/uploads\/2014\/04\/KARTELL-PRECIOUS-KARTELL-DSC02799.jpg?resize=450%2C450&ssl=1",450,450,true],"woocommerce_single":["https:\/\/i0.wp.com\/joyana.fr\/wp-content\/uploads\/2014\/04\/KARTELL-PRECIOUS-KARTELL-DSC02799.jpg?fit=650%2C558&ssl=1",650,558,true],"woocommerce_gallery_thumbnail":["https:\/\/i0.wp.com\/joyana.fr\/wp-content\/uploads\/2014\/04\/KARTELL-PRECIOUS-KARTELL-DSC02799.jpg?resize=180%2C180&ssl=1",180,180,true],"sow-carousel-default":["https:\/\/i0.wp.com\/joyana.fr\/wp-content\/uploads\/2014\/04\/KARTELL-PRECIOUS-KARTELL-DSC02799.jpg?resize=272%2C182&ssl=1",272,182,true]},"post_excerpt_stackable_v2":"<p>Stand incontournable de la Milan Design Week 2014, Kartell nous pr\u00e9sente l&#8217;installation PRECIOUS KARTELL ! Hyper technologique, fonctionnel, performant mais vibrant d\u2019\u00e9nergie, lumineux et \u00e9tincelant : le plastique de Kartell, de plus en plus pr\u00e9cieux, exclusif et sophistiqu\u00e9, donne vie \u00e0 trente nouveaut\u00e9s de produit sensationnelles, sign\u00e9es Andrea Berton, Carlo Cracco, Ferruccio Laviani, Eugeni Quitllet, Piero Lissoni, Jean-Marie Massaud, Davide Oldani, Ludovica+Roberto Palomba, Philippe Starck, Patricia Urquiola et Tokujin Yoshioka. Certains classiques de l&#8217;\u00e9diteur italien se voient orn\u00e9s de m\u00e9taux pr\u00e9cieux (or, argent, or rose&#8230;) PRECIOUS KARTELL est tout un symbole. Gr\u00e2ce \u00e0 Kartell, le plastique est devenu pr\u00e9cieux, noble&hellip;<\/p>\n","category_list_v2":"<a href=\"https:\/\/joyana.fr\/en\/category\/deco-design\/\" rel=\"category tag\">DECO-DESIGN<\/a>, <a href=\"https:\/\/joyana.fr\/en\/category\/marques\/kartell\/\" rel=\"category tag\">Kartell<\/a>, <a href=\"https:\/\/joyana.fr\/en\/category\/deco-design\/actualite\/salon\/milan-design-week\/\" rel=\"category tag\">Milan Design Week<\/a>, <a href=\"https:\/\/joyana.fr\/en\/category\/deco-design\/actualite\/salon\/\" rel=\"category tag\">Salon &amp; Ev\u00e8nement<\/a>","author_info_v2":{"name":"Jo Yana","url":"https:\/\/joyana.fr\/en\/author\/joyana\/"},"comments_num_v2":"3 comments","yoast_head":"<!-- This site is optimized with the Yoast SEO plugin v26.8 - https:\/\/yoast.com\/product\/yoast-seo-wordpress\/ -->\n<title>PRECIOUS KARTELL - MILAN DESIGN WEEK 2014 - JO YANA<\/title>\n<meta name=\"robots\" content=\"index, follow, max-snippet:-1, max-image-preview:large, max-video-preview:-1\" \/>\n<link rel=\"canonical\" href=\"https:\/\/joyana.fr\/en\/precious-kartell-milan-design-week-2014\/116635\/\" \/>\n<meta property=\"og:locale\" content=\"en_US\" \/>\n<meta property=\"og:locale:alternate\" content=\"fr_FR\" \/>\n<meta property=\"og:locale:alternate\" content=\"ja\" \/>\n<meta property=\"og:type\" content=\"article\" \/>\n<meta property=\"og:title\" content=\"PRECIOUS KARTELL - MILAN DESIGN WEEK 2014 - JO YANA\" \/>\n<meta property=\"og:description\" content=\"Stand incontournable de la Milan Design Week 2014, Kartell nous pr\u00e9sente l&#8217;installation PRECIOUS KARTELL ! Hyper technologique, fonctionnel, performant mais vibrant d\u2019\u00e9nergie, lumineux et \u00e9tincelant : le plastique de Kartell, de plus en plus pr\u00e9cieux, exclusif et sophistiqu\u00e9, donne vie \u00e0 trente nouveaut\u00e9s de produit sensationnelles, sign\u00e9es Andrea Berton, Carlo Cracco, Ferruccio Laviani, Eugeni Quitllet, [&hellip;]\" \/>\n<meta property=\"og:url\" content=\"https:\/\/joyana.fr\/en\/precious-kartell-milan-design-week-2014\/116635\/\" \/>\n<meta property=\"og:site_name\" content=\"JO YANA\" \/>\n<meta property=\"article:published_time\" content=\"2014-04-09T15:12:55+00:00\" \/>\n<meta property=\"og:image\" content=\"https:\/\/i0.wp.com\/joyana.fr\/wp-content\/uploads\/2014\/04\/KARTELL-PRECIOUS-KARTELL-DSC02799.jpg?fit=650%2C558&ssl=1\" \/>\n\t<meta property=\"og:image:width\" content=\"650\" \/>\n\t<meta property=\"og:image:height\" content=\"558\" \/>\n\t<meta property=\"og:image:type\" content=\"image\/jpeg\" \/>\n<meta name=\"author\" content=\"Jo Yana\" \/>\n<meta name=\"twitter:card\" content=\"summary_large_image\" \/>\n<meta name=\"twitter:creator\" content=\"@Jo_Yana\" \/>\n<meta name=\"twitter:site\" content=\"@Jo_Yana\" \/>\n<meta name=\"twitter:label1\" content=\"Written by\" \/>\n\t<meta name=\"twitter:data1\" content=\"Jo Yana\" \/>\n\t<meta name=\"twitter:label2\" content=\"Est. reading time\" \/>\n\t<meta name=\"twitter:data2\" content=\"1 minute\" \/>\n<script type=\"application\/ld+json\" class=\"yoast-schema-graph\">{\"@context\":\"https:\/\/schema.org\",\"@graph\":[{\"@type\":\"Article\",\"@id\":\"https:\/\/joyana.fr\/en\/precious-kartell-milan-design-week-2014\/116635\/#article\",\"isPartOf\":{\"@id\":\"https:\/\/joyana.fr\/en\/precious-kartell-milan-design-week-2014\/116635\/\"},\"author\":{\"name\":\"Jo Yana\",\"@id\":\"https:\/\/joyana.fr\/en\/#\/schema\/person\/cf2a1ad12a27c12c21801075bf37407c\"},\"headline\":\"PRECIOUS KARTELL &#8211; MILAN DESIGN WEEK 2014\",\"datePublished\":\"2014-04-09T15:12:55+00:00\",\"mainEntityOfPage\":{\"@id\":\"https:\/\/joyana.fr\/en\/precious-kartell-milan-design-week-2014\/116635\/\"},\"wordCount\":131,\"commentCount\":1,\"publisher\":{\"@id\":\"https:\/\/joyana.fr\/en\/#\/schema\/person\/cf2a1ad12a27c12c21801075bf37407c\"},\"image\":{\"@id\":\"https:\/\/joyana.fr\/en\/precious-kartell-milan-design-week-2014\/116635\/#primaryimage\"},\"thumbnailUrl\":\"https:\/\/i0.wp.com\/joyana.fr\/wp-content\/uploads\/2014\/04\/KARTELL-PRECIOUS-KARTELL-DSC02799.jpg?fit=650%2C558&ssl=1\",\"keywords\":[\"Installation\",\"Kartell\",\"Milan Design Week 2014\"],\"articleSection\":[\"DECO-DESIGN\",\"Kartell\",\"Milan Design Week\",\"Salon &amp; Ev\u00e8nement\"],\"inLanguage\":\"en-US\",\"potentialAction\":[{\"@type\":\"CommentAction\",\"name\":\"Comment\",\"target\":[\"https:\/\/joyana.fr\/en\/precious-kartell-milan-design-week-2014\/116635\/#respond\"]}]},{\"@type\":\"WebPage\",\"@id\":\"https:\/\/joyana.fr\/en\/precious-kartell-milan-design-week-2014\/116635\/\",\"url\":\"https:\/\/joyana.fr\/en\/precious-kartell-milan-design-week-2014\/116635\/\",\"name\":\"PRECIOUS KARTELL - MILAN DESIGN WEEK 2014 - JO YANA\",\"isPartOf\":{\"@id\":\"https:\/\/joyana.fr\/en\/#website\"},\"primaryImageOfPage\":{\"@id\":\"https:\/\/joyana.fr\/en\/precious-kartell-milan-design-week-2014\/116635\/#primaryimage\"},\"image\":{\"@id\":\"https:\/\/joyana.fr\/en\/precious-kartell-milan-design-week-2014\/116635\/#primaryimage\"},\"thumbnailUrl\":\"https:\/\/i0.wp.com\/joyana.fr\/wp-content\/uploads\/2014\/04\/KARTELL-PRECIOUS-KARTELL-DSC02799.jpg?fit=650%2C558&ssl=1\",\"datePublished\":\"2014-04-09T15:12:55+00:00\",\"breadcrumb\":{\"@id\":\"https:\/\/joyana.fr\/en\/precious-kartell-milan-design-week-2014\/116635\/#breadcrumb\"},\"inLanguage\":\"en-US\",\"potentialAction\":[{\"@type\":\"ReadAction\",\"target\":[\"https:\/\/joyana.fr\/en\/precious-kartell-milan-design-week-2014\/116635\/\"]}]},{\"@type\":\"ImageObject\",\"inLanguage\":\"en-US\",\"@id\":\"https:\/\/joyana.fr\/en\/precious-kartell-milan-design-week-2014\/116635\/#primaryimage\",\"url\":\"https:\/\/i0.wp.com\/joyana.fr\/wp-content\/uploads\/2014\/04\/KARTELL-PRECIOUS-KARTELL-DSC02799.jpg?fit=650%2C558&ssl=1\",\"contentUrl\":\"https:\/\/i0.wp.com\/joyana.fr\/wp-content\/uploads\/2014\/04\/KARTELL-PRECIOUS-KARTELL-DSC02799.jpg?fit=650%2C558&ssl=1\",\"width\":650,\"height\":558},{\"@type\":\"BreadcrumbList\",\"@id\":\"https:\/\/joyana.fr\/en\/precious-kartell-milan-design-week-2014\/116635\/#breadcrumb\",\"itemListElement\":[{\"@type\":\"ListItem\",\"position\":1,\"name\":\"Accueil\",\"item\":\"https:\/\/joyana.fr\/en\/\"},{\"@type\":\"ListItem\",\"position\":2,\"name\":\"PRECIOUS KARTELL &#8211; MILAN DESIGN WEEK 2014\"}]},{\"@type\":\"WebSite\",\"@id\":\"https:\/\/joyana.fr\/en\/#website\",\"url\":\"https:\/\/joyana.fr\/en\/\",\"name\":\"JO YANA\",\"description\":\"Blog Mode Homme, Lifestyle, D\u00e9co-Design\",\"publisher\":{\"@id\":\"https:\/\/joyana.fr\/en\/#\/schema\/person\/cf2a1ad12a27c12c21801075bf37407c\"},\"potentialAction\":[{\"@type\":\"SearchAction\",\"target\":{\"@type\":\"EntryPoint\",\"urlTemplate\":\"https:\/\/joyana.fr\/en\/?s={search_term_string}\"},\"query-input\":{\"@type\":\"PropertyValueSpecification\",\"valueRequired\":true,\"valueName\":\"search_term_string\"}}],\"inLanguage\":\"en-US\"},{\"@type\":[\"Person\",\"Organization\"],\"@id\":\"https:\/\/joyana.fr\/en\/#\/schema\/person\/cf2a1ad12a27c12c21801075bf37407c\",\"name\":\"Jo Yana\",\"image\":{\"@type\":\"ImageObject\",\"inLanguage\":\"en-US\",\"@id\":\"https:\/\/joyana.fr\/en\/#\/schema\/person\/image\/\",\"url\":\"https:\/\/i0.wp.com\/joyana.fr\/wp-content\/uploads\/2016\/08\/cropped-joyana-logo-black-360x180.png?fit=343%2C164&ssl=1\",\"contentUrl\":\"https:\/\/i0.wp.com\/joyana.fr\/wp-content\/uploads\/2016\/08\/cropped-joyana-logo-black-360x180.png?fit=343%2C164&ssl=1\",\"width\":343,\"height\":164,\"caption\":\"Jo Yana\"},\"logo\":{\"@id\":\"https:\/\/joyana.fr\/en\/#\/schema\/person\/image\/\"},\"description\":\"Jo Yana est le cr\u00e9ateur et r\u00e9dacteur en chef des sites DECO-DESIGN. Passionn\u00e9 de Design, Mode, Photo, Luxe, Lifestyle, Musique, mais avant tout Blogueur ! Le plaisir de partager l'anime et a comme devise \\\"POUR L'AMOUR DU BEAU\\\". Retrouvez le aussi sur son blog personnel - https:\/\/joyana.fr...\",\"sameAs\":[\"https:\/\/joyana.fr\/\"],\"url\":\"https:\/\/joyana.fr\/en\/author\/joyana\/\"}]}<\/script>\n<!-- \/ Yoast SEO plugin. -->","yoast_head_json":{"title":"PRECIOUS KARTELL - MILAN DESIGN WEEK 2014 - JO YANA","robots":{"index":"index","follow":"follow","max-snippet":"max-snippet:-1","max-image-preview":"max-image-preview:large","max-video-preview":"max-video-preview:-1"},"canonical":"https:\/\/joyana.fr\/en\/precious-kartell-milan-design-week-2014\/116635\/","og_locale":"en_US","og_type":"article","og_title":"PRECIOUS KARTELL - MILAN DESIGN WEEK 2014 - JO YANA","og_description":"Stand incontournable de la Milan Design Week 2014, Kartell nous pr\u00e9sente l&#8217;installation PRECIOUS KARTELL ! Hyper technologique, fonctionnel, performant mais vibrant d\u2019\u00e9nergie, lumineux et \u00e9tincelant : le plastique de Kartell, de plus en plus pr\u00e9cieux, exclusif et sophistiqu\u00e9, donne vie \u00e0 trente nouveaut\u00e9s de produit sensationnelles, sign\u00e9es Andrea Berton, Carlo Cracco, Ferruccio Laviani, Eugeni Quitllet, [&hellip;]","og_url":"https:\/\/joyana.fr\/en\/precious-kartell-milan-design-week-2014\/116635\/","og_site_name":"JO YANA","article_published_time":"2014-04-09T15:12:55+00:00","og_image":[{"width":650,"height":558,"url":"https:\/\/i0.wp.com\/joyana.fr\/wp-content\/uploads\/2014\/04\/KARTELL-PRECIOUS-KARTELL-DSC02799.jpg?fit=650%2C558&ssl=1","type":"image\/jpeg"}],"author":"Jo Yana","twitter_card":"summary_large_image","twitter_creator":"@Jo_Yana","twitter_site":"@Jo_Yana","twitter_misc":{"Written by":"Jo Yana","Est. reading time":"1 minute"},"schema":{"@context":"https:\/\/schema.org","@graph":[{"@type":"Article","@id":"https:\/\/joyana.fr\/en\/precious-kartell-milan-design-week-2014\/116635\/#article","isPartOf":{"@id":"https:\/\/joyana.fr\/en\/precious-kartell-milan-design-week-2014\/116635\/"},"author":{"name":"Jo Yana","@id":"https:\/\/joyana.fr\/en\/#\/schema\/person\/cf2a1ad12a27c12c21801075bf37407c"},"headline":"PRECIOUS KARTELL &#8211; MILAN DESIGN WEEK 2014","datePublished":"2014-04-09T15:12:55+00:00","mainEntityOfPage":{"@id":"https:\/\/joyana.fr\/en\/precious-kartell-milan-design-week-2014\/116635\/"},"wordCount":131,"commentCount":1,"publisher":{"@id":"https:\/\/joyana.fr\/en\/#\/schema\/person\/cf2a1ad12a27c12c21801075bf37407c"},"image":{"@id":"https:\/\/joyana.fr\/en\/precious-kartell-milan-design-week-2014\/116635\/#primaryimage"},"thumbnailUrl":"https:\/\/i0.wp.com\/joyana.fr\/wp-content\/uploads\/2014\/04\/KARTELL-PRECIOUS-KARTELL-DSC02799.jpg?fit=650%2C558&ssl=1","keywords":["Installation","Kartell","Milan Design Week 2014"],"articleSection":["DECO-DESIGN","Kartell","Milan Design Week","Salon &amp; Ev\u00e8nement"],"inLanguage":"en-US","potentialAction":[{"@type":"CommentAction","name":"Comment","target":["https:\/\/joyana.fr\/en\/precious-kartell-milan-design-week-2014\/116635\/#respond"]}]},{"@type":"WebPage","@id":"https:\/\/joyana.fr\/en\/precious-kartell-milan-design-week-2014\/116635\/","url":"https:\/\/joyana.fr\/en\/precious-kartell-milan-design-week-2014\/116635\/","name":"PRECIOUS KARTELL - MILAN DESIGN WEEK 2014 - JO YANA","isPartOf":{"@id":"https:\/\/joyana.fr\/en\/#website"},"primaryImageOfPage":{"@id":"https:\/\/joyana.fr\/en\/precious-kartell-milan-design-week-2014\/116635\/#primaryimage"},"image":{"@id":"https:\/\/joyana.fr\/en\/precious-kartell-milan-design-week-2014\/116635\/#primaryimage"},"thumbnailUrl":"https:\/\/i0.wp.com\/joyana.fr\/wp-content\/uploads\/2014\/04\/KARTELL-PRECIOUS-KARTELL-DSC02799.jpg?fit=650%2C558&ssl=1","datePublished":"2014-04-09T15:12:55+00:00","breadcrumb":{"@id":"https:\/\/joyana.fr\/en\/precious-kartell-milan-design-week-2014\/116635\/#breadcrumb"},"inLanguage":"en-US","potentialAction":[{"@type":"ReadAction","target":["https:\/\/joyana.fr\/en\/precious-kartell-milan-design-week-2014\/116635\/"]}]},{"@type":"ImageObject","inLanguage":"en-US","@id":"https:\/\/joyana.fr\/en\/precious-kartell-milan-design-week-2014\/116635\/#primaryimage","url":"https:\/\/i0.wp.com\/joyana.fr\/wp-content\/uploads\/2014\/04\/KARTELL-PRECIOUS-KARTELL-DSC02799.jpg?fit=650%2C558&ssl=1","contentUrl":"https:\/\/i0.wp.com\/joyana.fr\/wp-content\/uploads\/2014\/04\/KARTELL-PRECIOUS-KARTELL-DSC02799.jpg?fit=650%2C558&ssl=1","width":650,"height":558},{"@type":"BreadcrumbList","@id":"https:\/\/joyana.fr\/en\/precious-kartell-milan-design-week-2014\/116635\/#breadcrumb","itemListElement":[{"@type":"ListItem","position":1,"name":"Accueil","item":"https:\/\/joyana.fr\/en\/"},{"@type":"ListItem","position":2,"name":"PRECIOUS KARTELL &#8211; MILAN DESIGN WEEK 2014"}]},{"@type":"WebSite","@id":"https:\/\/joyana.fr\/en\/#website","url":"https:\/\/joyana.fr\/en\/","name":"JO YANA","description":"Blog Mode Homme, Lifestyle, D\u00e9co-Design","publisher":{"@id":"https:\/\/joyana.fr\/en\/#\/schema\/person\/cf2a1ad12a27c12c21801075bf37407c"},"potentialAction":[{"@type":"SearchAction","target":{"@type":"EntryPoint","urlTemplate":"https:\/\/joyana.fr\/en\/?s={search_term_string}"},"query-input":{"@type":"PropertyValueSpecification","valueRequired":true,"valueName":"search_term_string"}}],"inLanguage":"en-US"},{"@type":["Person","Organization"],"@id":"https:\/\/joyana.fr\/en\/#\/schema\/person\/cf2a1ad12a27c12c21801075bf37407c","name":"Jo Yana","image":{"@type":"ImageObject","inLanguage":"en-US","@id":"https:\/\/joyana.fr\/en\/#\/schema\/person\/image\/","url":"https:\/\/i0.wp.com\/joyana.fr\/wp-content\/uploads\/2016\/08\/cropped-joyana-logo-black-360x180.png?fit=343%2C164&ssl=1","contentUrl":"https:\/\/i0.wp.com\/joyana.fr\/wp-content\/uploads\/2016\/08\/cropped-joyana-logo-black-360x180.png?fit=343%2C164&ssl=1","width":343,"height":164,"caption":"Jo Yana"},"logo":{"@id":"https:\/\/joyana.fr\/en\/#\/schema\/person\/image\/"},"description":"Jo Yana est le cr\u00e9ateur et r\u00e9dacteur en chef des sites DECO-DESIGN. Passionn\u00e9 de Design, Mode, Photo, Luxe, Lifestyle, Musique, mais avant tout Blogueur ! Le plaisir de partager l'anime et a comme devise \"POUR L'AMOUR DU BEAU\". Retrouvez le aussi sur son blog personnel - https:\/\/joyana.fr...","sameAs":["https:\/\/joyana.fr\/"],"url":"https:\/\/joyana.fr\/en\/author\/joyana\/"}]}},"author_meta":{"display_name":"Jo Yana","author_link":"https:\/\/joyana.fr\/en\/author\/joyana\/"},"featured_img":"https:\/\/i0.wp.com\/joyana.fr\/wp-content\/uploads\/2014\/04\/KARTELL-PRECIOUS-KARTELL-DSC02799.jpg?fit=389%2C334&ssl=1","featured_image_src":"https:\/\/i0.wp.com\/joyana.fr\/wp-content\/uploads\/2014\/04\/KARTELL-PRECIOUS-KARTELL-DSC02799.jpg?resize=600%2C400&ssl=1","featured_image_src_square":"https:\/\/i0.wp.com\/joyana.fr\/wp-content\/uploads\/2014\/04\/KARTELL-PRECIOUS-KARTELL-DSC02799.jpg?resize=600%2C558&ssl=1","jetpack_featured_media_url":"https:\/\/i0.wp.com\/joyana.fr\/wp-content\/uploads\/2014\/04\/KARTELL-PRECIOUS-KARTELL-DSC02799.jpg?fit=650%2C558&ssl=1","uagb_featured_image_src":{"full":["https:\/\/i0.wp.com\/joyana.fr\/wp-content\/uploads\/2014\/04\/KARTELL-PRECIOUS-KARTELL-DSC02799.jpg?fit=650%2C558&ssl=1",650,558,false],"thumbnail":["https:\/\/i0.wp.com\/joyana.fr\/wp-content\/uploads\/2014\/04\/KARTELL-PRECIOUS-KARTELL-DSC02799.jpg?resize=150%2C150&ssl=1",150,150,true],"medium":["https:\/\/i0.wp.com\/joyana.fr\/wp-content\/uploads\/2014\/04\/KARTELL-PRECIOUS-KARTELL-DSC02799.jpg?fit=389%2C334&ssl=1",389,334,true],"medium_large":["https:\/\/i0.wp.com\/joyana.fr\/wp-content\/uploads\/2014\/04\/KARTELL-PRECIOUS-KARTELL-DSC02799.jpg?fit=650%2C558&ssl=1",650,558,true],"large":["https:\/\/i0.wp.com\/joyana.fr\/wp-content\/uploads\/2014\/04\/KARTELL-PRECIOUS-KARTELL-DSC02799.jpg?fit=650%2C558&ssl=1",650,558,true],"1536x1536":["https:\/\/i0.wp.com\/joyana.fr\/wp-content\/uploads\/2014\/04\/KARTELL-PRECIOUS-KARTELL-DSC02799.jpg?fit=650%2C558&ssl=1",650,558,true],"2048x2048":["https:\/\/i0.wp.com\/joyana.fr\/wp-content\/uploads\/2014\/04\/KARTELL-PRECIOUS-KARTELL-DSC02799.jpg?fit=650%2C558&ssl=1",650,558,true],"featured-thumb":["https:\/\/i0.wp.com\/joyana.fr\/wp-content\/uploads\/2014\/04\/KARTELL-PRECIOUS-KARTELL-DSC02799.jpg?resize=650%2C558&ssl=1",650,558,true],"ab-block-post-grid-landscape":["https:\/\/i0.wp.com\/joyana.fr\/wp-content\/uploads\/2014\/04\/KARTELL-PRECIOUS-KARTELL-DSC02799.jpg?resize=600%2C400&ssl=1",600,400,true],"ab-block-post-grid-square":["https:\/\/i0.wp.com\/joyana.fr\/wp-content\/uploads\/2014\/04\/KARTELL-PRECIOUS-KARTELL-DSC02799.jpg?resize=600%2C558&ssl=1",600,558,true],"author-pro-image":["https:\/\/i0.wp.com\/joyana.fr\/wp-content\/uploads\/2014\/04\/KARTELL-PRECIOUS-KARTELL-DSC02799.jpg?resize=360%2C558&ssl=1",360,558,true],"slider":["https:\/\/i0.wp.com\/joyana.fr\/wp-content\/uploads\/2014\/04\/KARTELL-PRECIOUS-KARTELL-DSC02799.jpg?resize=650%2C400&ssl=1",650,400,true],"woocommerce_thumbnail":["https:\/\/i0.wp.com\/joyana.fr\/wp-content\/uploads\/2014\/04\/KARTELL-PRECIOUS-KARTELL-DSC02799.jpg?resize=450%2C450&ssl=1",450,450,true],"woocommerce_single":["https:\/\/i0.wp.com\/joyana.fr\/wp-content\/uploads\/2014\/04\/KARTELL-PRECIOUS-KARTELL-DSC02799.jpg?fit=650%2C558&ssl=1",650,558,true],"woocommerce_gallery_thumbnail":["https:\/\/i0.wp.com\/joyana.fr\/wp-content\/uploads\/2014\/04\/KARTELL-PRECIOUS-KARTELL-DSC02799.jpg?resize=180%2C180&ssl=1",180,180,true],"sow-carousel-default":["https:\/\/i0.wp.com\/joyana.fr\/wp-content\/uploads\/2014\/04\/KARTELL-PRECIOUS-KARTELL-DSC02799.jpg?resize=272%2C182&ssl=1",272,182,true]},"uagb_author_info":{"display_name":"Jo Yana","author_link":"https:\/\/joyana.fr\/en\/author\/joyana\/"},"uagb_comment_info":3,"uagb_excerpt":"Stand incontournable de la Milan Design Week 2014, Kartell nous pr\u00e9sente l&#8217;installation PRECIOUS KARTELL ! Hyper technologique, fonctionnel, performant mais vibrant d\u2019\u00e9nergie, lumineux et \u00e9tincelant : le plastique de Kartell, de plus en plus pr\u00e9cieux, exclusif et sophistiqu\u00e9, donne vie \u00e0 trente nouveaut\u00e9s de produit sensationnelles, sign\u00e9es Andrea Berton, Carlo Cracco, Ferruccio Laviani, Eugeni Quitllet,&hellip;","coauthors":[],"tax_additional":{"categories":{"linked":["<a href=\"https:\/\/joyana.fr\/en\/category\/deco-design\/\" class=\"advgb-post-tax-term\">DECO-DESIGN<\/a>","<a href=\"https:\/\/joyana.fr\/en\/category\/marques\/kartell\/\" class=\"advgb-post-tax-term\">Kartell<\/a>","<a href=\"https:\/\/joyana.fr\/en\/category\/deco-design\/actualite\/salon\/milan-design-week\/\" class=\"advgb-post-tax-term\">Milan Design Week<\/a>","<a href=\"https:\/\/joyana.fr\/en\/category\/deco-design\/actualite\/salon\/\" class=\"advgb-post-tax-term\">Salon &amp; Ev\u00e8nement<\/a>"],"unlinked":["<span class=\"advgb-post-tax-term\">DECO-DESIGN<\/span>","<span class=\"advgb-post-tax-term\">Kartell<\/span>","<span class=\"advgb-post-tax-term\">Milan Design Week<\/span>","<span class=\"advgb-post-tax-term\">Salon &amp; Ev\u00e8nement<\/span>"]},"tags":{"linked":["<a href=\"https:\/\/joyana.fr\/en\/category\/deco-design\/actualite\/salon\/\" class=\"advgb-post-tax-term\">Installation<\/a>","<a href=\"https:\/\/joyana.fr\/en\/category\/deco-design\/actualite\/salon\/\" class=\"advgb-post-tax-term\">Kartell<\/a>","<a href=\"https:\/\/joyana.fr\/en\/category\/deco-design\/actualite\/salon\/\" class=\"advgb-post-tax-term\">Milan Design Week 2014<\/a>"],"unlinked":["<span class=\"advgb-post-tax-term\">Installation<\/span>","<span class=\"advgb-post-tax-term\">Kartell<\/span>","<span class=\"advgb-post-tax-term\">Milan Design Week 2014<\/span>"]}},"comment_count":3,"relative_dates":{"created":"Posted 12 years ago","modified":"Updated 12 years ago"},"absolute_dates":{"created":"Posted on 9 April 2014","modified":"Updated on 9 April 2014"},"absolute_dates_time":{"created":"Posted on 9 April 2014 16:12","modified":"Updated on 9 April 2014 16:12"},"featured_img_caption":"","series_order":"","jetpack_sharing_enabled":true,"jetpack_shortlink":"https:\/\/wp.me\/p9bteI-uld","jetpack-related-posts":[],"_links":{"self":[{"href":"https:\/\/joyana.fr\/en\/wp-json\/wp\/v2\/posts\/116635","targetHints":{"allow":["GET"]}}],"collection":[{"href":"https:\/\/joyana.fr\/en\/wp-json\/wp\/v2\/posts"}],"about":[{"href":"https:\/\/joyana.fr\/en\/wp-json\/wp\/v2\/types\/post"}],"author":[{"embeddable":true,"href":"https:\/\/joyana.fr\/en\/wp-json\/wp\/v2\/users\/3"}],"replies":[{"embeddable":true,"href":"https:\/\/joyana.fr\/en\/wp-json\/wp\/v2\/comments?post=116635"}],"version-history":[{"count":0,"href":"https:\/\/joyana.fr\/en\/wp-json\/wp\/v2\/posts\/116635\/revisions"}],"wp:featuredmedia":[{"embeddable":true,"href":"https:\/\/joyana.fr\/en\/wp-json\/wp\/v2\/media\/116647"}],"wp:attachment":[{"href":"https:\/\/joyana.fr\/en\/wp-json\/wp\/v2\/media?parent=116635"}],"wp:term":[{"taxonomy":"category","embeddable":true,"href":"https:\/\/joyana.fr\/en\/wp-json\/wp\/v2\/categories?post=116635"},{"taxonomy":"post_tag","embeddable":true,"href":"https:\/\/joyana.fr\/en\/wp-json\/wp\/v2\/tags?post=116635"}],"curies":[{"name":"wp","href":"https:\/\/api.w.org\/{rel}","templated":true}]}}