{"id":116741,"date":"2014-04-13T10:19:16","date_gmt":"2014-04-13T09:19:16","guid":{"rendered":"https:\/\/joyana.fr\/?p=16741"},"modified":"2014-04-13T10:19:16","modified_gmt":"2014-04-13T09:19:16","slug":"wall-object-par-sigrid-calon-milan-design-week-2014","status":"publish","type":"post","link":"https:\/\/joyana.fr\/en\/wall-object-par-sigrid-calon-milan-design-week-2014\/116741\/","title":{"rendered":"WALL OBJECT par Sigrid CALON &#8211; MILAN DESIGN WEEK 2014"},"content":{"rendered":"<p style=\"text-align: justify;\">La designer n\u00e9erlandaise <strong>Sigrid Calon<\/strong> pr\u00e9sente une collection de d\u00e9coration murale, <strong>WALL OBJECT<\/strong>, une s\u00e9rie d&#8217;oeuvres graphiques destin\u00e9es \u00e0 habiller nos murs&#8230;<\/p>\n<p><a href=\"https:\/\/i0.wp.com\/joyana.fr\/wp-content\/uploads\/2014\/04\/WALL-OBJECT-DSC02859.jpg?ssl=1\"><img data-recalc-dims=\"1\" fetchpriority=\"high\" decoding=\"async\" data-attachment-id=\"16742\" data-permalink=\"https:\/\/joyana.fr\/en\/100-accounts-to-inspire-you-on-instagram\/16654\/capture-decran-2015-02-24-a-15-42-15\/\" data-orig-file=\"https:\/\/i0.wp.com\/joyana.fr\/wp-content\/uploads\/2015\/02\/Capture-d%E2%80%99%C3%A9cran-2015-02-24-%C3%A0-15.42.15.png?fit=1018%2C505&amp;ssl=1\" data-orig-size=\"1018,505\" data-comments-opened=\"1\" data-image-meta=\"{&quot;aperture&quot;:&quot;0&quot;,&quot;credit&quot;:&quot;&quot;,&quot;camera&quot;:&quot;&quot;,&quot;caption&quot;:&quot;&quot;,&quot;created_timestamp&quot;:&quot;0&quot;,&quot;copyright&quot;:&quot;&quot;,&quot;focal_length&quot;:&quot;0&quot;,&quot;iso&quot;:&quot;0&quot;,&quot;shutter_speed&quot;:&quot;0&quot;,&quot;title&quot;:&quot;&quot;,&quot;orientation&quot;:&quot;0&quot;}\" data-image-title=\"Capture d\u2019\u00e9cran 2015-02-24 \u00e0 15.42.15\" data-image-description=\"\" data-image-caption=\"\" data-medium-file=\"https:\/\/i0.wp.com\/joyana.fr\/wp-content\/uploads\/2015\/02\/Capture-d%E2%80%99%C3%A9cran-2015-02-24-%C3%A0-15.42.15.png?fit=389%2C193&amp;ssl=1\" data-large-file=\"https:\/\/i0.wp.com\/joyana.fr\/wp-content\/uploads\/2015\/02\/Capture-d%E2%80%99%C3%A9cran-2015-02-24-%C3%A0-15.42.15.png?fit=1018%2C505&amp;ssl=1\" class=\"alignnone size-full wp-image-16742\" alt=\"WALL OBJECT DSC02859\" src=\"https:\/\/i0.wp.com\/joyana.fr\/wp-content\/uploads\/2014\/04\/WALL-OBJECT-DSC02859.jpg?resize=650%2C450&#038;ssl=1\" width=\"650\" height=\"450\" \/><\/a><\/p>\n<p style=\"text-align: justify;\">Le travail de <strong>Sigrid Calon<\/strong> d\u00e9coule de la volont\u00e9 et de la curiosit\u00e9 d&#8217;explorer, de d\u00e9couvrir et de cr\u00e9er. Qu&#8217;est-ce que l&#8217;espace ? le travail ? ou le moment ? La recherche d&#8217;identit\u00e9 est importante dans son travail: quelle est l&#8217;essence ? Y a t-il une nouvelle v\u00e9rit\u00e9 ? Dans ces questions <strong>Sigrid Calon<\/strong> se laisse inspirer par les choses autour d&#8217;elle, de pr\u00e9f\u00e9rence des choses qui sont juste destin\u00e9s \u00e0 autre chose : les mat\u00e9riaux, mais aussi des objets, des situations ou des zones. Est-il possible de voir l&#8217;autonomie de donn\u00e9es appliqu\u00e9es ?<\/p>\n<p><a href=\"https:\/\/i0.wp.com\/joyana.fr\/wp-content\/uploads\/2014\/04\/WALL-OBJECT-DSC02861.jpg?ssl=1\"><img data-recalc-dims=\"1\" decoding=\"async\" data-attachment-id=\"16744\" data-permalink=\"https:\/\/joyana.fr\/en\/100-accounts-to-inspire-you-on-instagram\/16654\/capture-decran-2015-02-24-a-15-43-11\/\" data-orig-file=\"https:\/\/i0.wp.com\/joyana.fr\/wp-content\/uploads\/2015\/02\/Capture-d%E2%80%99%C3%A9cran-2015-02-24-%C3%A0-15.43.11.png?fit=1019%2C505&amp;ssl=1\" data-orig-size=\"1019,505\" data-comments-opened=\"1\" data-image-meta=\"{&quot;aperture&quot;:&quot;0&quot;,&quot;credit&quot;:&quot;&quot;,&quot;camera&quot;:&quot;&quot;,&quot;caption&quot;:&quot;&quot;,&quot;created_timestamp&quot;:&quot;0&quot;,&quot;copyright&quot;:&quot;&quot;,&quot;focal_length&quot;:&quot;0&quot;,&quot;iso&quot;:&quot;0&quot;,&quot;shutter_speed&quot;:&quot;0&quot;,&quot;title&quot;:&quot;&quot;,&quot;orientation&quot;:&quot;0&quot;}\" data-image-title=\"Capture d\u2019\u00e9cran 2015-02-24 \u00e0 15.43.11\" data-image-description=\"\" data-image-caption=\"\" data-medium-file=\"https:\/\/i0.wp.com\/joyana.fr\/wp-content\/uploads\/2015\/02\/Capture-d%E2%80%99%C3%A9cran-2015-02-24-%C3%A0-15.43.11.png?fit=389%2C193&amp;ssl=1\" data-large-file=\"https:\/\/i0.wp.com\/joyana.fr\/wp-content\/uploads\/2015\/02\/Capture-d%E2%80%99%C3%A9cran-2015-02-24-%C3%A0-15.43.11.png?fit=1019%2C505&amp;ssl=1\" class=\"alignnone size-large wp-image-16744\" alt=\"WALL OBJECT DSC02861\" src=\"https:\/\/i0.wp.com\/joyana.fr\/wp-content\/uploads\/2014\/04\/WALL-OBJECT-DSC02861.jpg?resize=650%2C433&#038;ssl=1\" width=\"650\" height=\"433\" \/><\/a><\/p>\n<p><a href=\"https:\/\/i0.wp.com\/joyana.fr\/wp-content\/uploads\/2014\/04\/WALL-OBJECT-DSC02863.jpg?ssl=1\"><img data-recalc-dims=\"1\" decoding=\"async\" data-attachment-id=\"16745\" data-permalink=\"https:\/\/joyana.fr\/en\/100-accounts-to-inspire-you-on-instagram\/16654\/capture-decran-2015-02-24-a-15-43-40\/\" data-orig-file=\"https:\/\/i0.wp.com\/joyana.fr\/wp-content\/uploads\/2015\/02\/Capture-d%E2%80%99%C3%A9cran-2015-02-24-%C3%A0-15.43.40.png?fit=1017%2C504&amp;ssl=1\" data-orig-size=\"1017,504\" data-comments-opened=\"1\" data-image-meta=\"{&quot;aperture&quot;:&quot;0&quot;,&quot;credit&quot;:&quot;&quot;,&quot;camera&quot;:&quot;&quot;,&quot;caption&quot;:&quot;&quot;,&quot;created_timestamp&quot;:&quot;0&quot;,&quot;copyright&quot;:&quot;&quot;,&quot;focal_length&quot;:&quot;0&quot;,&quot;iso&quot;:&quot;0&quot;,&quot;shutter_speed&quot;:&quot;0&quot;,&quot;title&quot;:&quot;&quot;,&quot;orientation&quot;:&quot;0&quot;}\" data-image-title=\"Capture d\u2019\u00e9cran 2015-02-24 \u00e0 15.43.40\" data-image-description=\"\" data-image-caption=\"\" data-medium-file=\"https:\/\/i0.wp.com\/joyana.fr\/wp-content\/uploads\/2015\/02\/Capture-d%E2%80%99%C3%A9cran-2015-02-24-%C3%A0-15.43.40.png?fit=389%2C193&amp;ssl=1\" data-large-file=\"https:\/\/i0.wp.com\/joyana.fr\/wp-content\/uploads\/2015\/02\/Capture-d%E2%80%99%C3%A9cran-2015-02-24-%C3%A0-15.43.40.png?fit=1017%2C504&amp;ssl=1\" class=\"alignnone size-large wp-image-16745\" alt=\"WALL OBJECT DSC02863\" src=\"https:\/\/i0.wp.com\/joyana.fr\/wp-content\/uploads\/2014\/04\/WALL-OBJECT-DSC02863.jpg?resize=650%2C464&#038;ssl=1\" width=\"650\" height=\"464\" \/><\/a><\/p>\n<p><a href=\"https:\/\/i0.wp.com\/joyana.fr\/wp-content\/uploads\/2014\/04\/WALL-OBJECT-DSC02864.jpg?ssl=1\"><img data-recalc-dims=\"1\" loading=\"lazy\" decoding=\"async\" data-attachment-id=\"16746\" data-permalink=\"https:\/\/joyana.fr\/en\/100-accounts-to-inspire-you-on-instagram\/16654\/capture-decran-2015-02-24-a-15-44-11\/\" data-orig-file=\"https:\/\/i0.wp.com\/joyana.fr\/wp-content\/uploads\/2015\/02\/Capture-d%E2%80%99%C3%A9cran-2015-02-24-%C3%A0-15.44.11.png?fit=1020%2C519&amp;ssl=1\" data-orig-size=\"1020,519\" data-comments-opened=\"1\" data-image-meta=\"{&quot;aperture&quot;:&quot;0&quot;,&quot;credit&quot;:&quot;&quot;,&quot;camera&quot;:&quot;&quot;,&quot;caption&quot;:&quot;&quot;,&quot;created_timestamp&quot;:&quot;0&quot;,&quot;copyright&quot;:&quot;&quot;,&quot;focal_length&quot;:&quot;0&quot;,&quot;iso&quot;:&quot;0&quot;,&quot;shutter_speed&quot;:&quot;0&quot;,&quot;title&quot;:&quot;&quot;,&quot;orientation&quot;:&quot;0&quot;}\" data-image-title=\"Capture d\u2019\u00e9cran 2015-02-24 \u00e0 15.44.11\" data-image-description=\"\" data-image-caption=\"\" data-medium-file=\"https:\/\/i0.wp.com\/joyana.fr\/wp-content\/uploads\/2015\/02\/Capture-d%E2%80%99%C3%A9cran-2015-02-24-%C3%A0-15.44.11.png?fit=389%2C198&amp;ssl=1\" data-large-file=\"https:\/\/i0.wp.com\/joyana.fr\/wp-content\/uploads\/2015\/02\/Capture-d%E2%80%99%C3%A9cran-2015-02-24-%C3%A0-15.44.11.png?fit=1020%2C519&amp;ssl=1\" class=\"alignnone size-large wp-image-16746\" alt=\"WALL OBJECT DSC02864\" src=\"https:\/\/i0.wp.com\/joyana.fr\/wp-content\/uploads\/2014\/04\/WALL-OBJECT-DSC02864.jpg?resize=650%2C445&#038;ssl=1\" width=\"650\" height=\"445\" \/><\/a><\/p>\n<p><a href=\"https:\/\/i0.wp.com\/joyana.fr\/wp-content\/uploads\/2014\/04\/WALL-OBJECT-DSC02866.jpg?ssl=1\"><img data-recalc-dims=\"1\" loading=\"lazy\" decoding=\"async\" data-attachment-id=\"16747\" data-permalink=\"https:\/\/joyana.fr\/en\/100-accounts-to-inspire-you-on-instagram\/16654\/capture-decran-2015-02-24-a-15-44-37\/\" data-orig-file=\"https:\/\/i0.wp.com\/joyana.fr\/wp-content\/uploads\/2015\/02\/Capture-d%E2%80%99%C3%A9cran-2015-02-24-%C3%A0-15.44.37.png?fit=1019%2C504&amp;ssl=1\" data-orig-size=\"1019,504\" data-comments-opened=\"1\" data-image-meta=\"{&quot;aperture&quot;:&quot;0&quot;,&quot;credit&quot;:&quot;&quot;,&quot;camera&quot;:&quot;&quot;,&quot;caption&quot;:&quot;&quot;,&quot;created_timestamp&quot;:&quot;0&quot;,&quot;copyright&quot;:&quot;&quot;,&quot;focal_length&quot;:&quot;0&quot;,&quot;iso&quot;:&quot;0&quot;,&quot;shutter_speed&quot;:&quot;0&quot;,&quot;title&quot;:&quot;&quot;,&quot;orientation&quot;:&quot;0&quot;}\" data-image-title=\"Capture d\u2019\u00e9cran 2015-02-24 \u00e0 15.44.37\" data-image-description=\"\" data-image-caption=\"\" data-medium-file=\"https:\/\/i0.wp.com\/joyana.fr\/wp-content\/uploads\/2015\/02\/Capture-d%E2%80%99%C3%A9cran-2015-02-24-%C3%A0-15.44.37.png?fit=389%2C192&amp;ssl=1\" data-large-file=\"https:\/\/i0.wp.com\/joyana.fr\/wp-content\/uploads\/2015\/02\/Capture-d%E2%80%99%C3%A9cran-2015-02-24-%C3%A0-15.44.37.png?fit=1019%2C504&amp;ssl=1\" class=\"alignnone size-large wp-image-16747\" alt=\"WALL OBJECT DSC02866\" src=\"https:\/\/i0.wp.com\/joyana.fr\/wp-content\/uploads\/2014\/04\/WALL-OBJECT-DSC02866.jpg?resize=650%2C529&#038;ssl=1\" width=\"650\" height=\"529\" \/><\/a><\/p>\n<p style=\"text-align: center;\">En savoir + sur <a href=\"http:\/\/www.sigridcalon.nl\/en\/info\" target=\"_blank\"><strong>Sigrid CALON<\/strong><\/a><\/p>\n","protected":false},"excerpt":{"rendered":"<p>La designer n\u00e9erlandaise Sigrid Calon pr\u00e9sente une collection de d\u00e9coration murale, WALL OBJECT, une s\u00e9rie d&#8217;oeuvres graphiques destin\u00e9es \u00e0 habiller nos murs&#8230; Le travail de Sigrid Calon d\u00e9coule de la volont\u00e9 et de la curiosit\u00e9 d&#8217;explorer, de d\u00e9couvrir et de cr\u00e9er. Qu&#8217;est-ce que l&#8217;espace ? le travail ? ou le moment ? La recherche d&#8217;identit\u00e9 [&hellip;]<\/p>\n","protected":false},"author":3,"featured_media":116743,"comment_status":"open","ping_status":"open","sticky":false,"template":"","format":"aside","meta":{"_coblocks_attr":"","_coblocks_dimensions":"","_coblocks_responsive_height":"","_coblocks_accordion_ie_support":"","_uag_custom_page_level_css":"","advgb_blocks_editor_width":"","advgb_blocks_columns_visual_guide":"","_genesis_hide_title":false,"_genesis_hide_breadcrumbs":false,"_genesis_hide_singular_image":false,"_genesis_hide_footer_widgets":false,"_genesis_custom_body_class":"","_genesis_custom_post_class":"","_genesis_layout":"","_themeisle_gutenberg_block_has_review":false,"_jetpack_newsletter_access":"","_jetpack_dont_email_post_to_subs":false,"_jetpack_newsletter_tier_id":0,"_jetpack_memberships_contains_paywalled_content":false,"_jetpack_memberships_contains_paid_content":false,"footnotes":""},"categories":[905,941,993],"tags":[1669,1696,1211],"class_list":{"0":"post-116741","1":"post","2":"type-post","3":"status-publish","4":"format-aside","5":"has-post-thumbnail","7":"category-deco-design","8":"category-decoration-murale","9":"category-milan-design-week","10":"tag-milan-design-week-2014","11":"tag-sigrid-calon","12":"tag-tapis-design","13":"post_format-post-format-aside","14":"entry"},"featured_image_urls":{"full":["https:\/\/i0.wp.com\/joyana.fr\/wp-content\/uploads\/2014\/04\/WALL-OBJECT-DSC02860.jpg?fit=650%2C433&ssl=1",650,433,false],"thumbnail":["https:\/\/i0.wp.com\/joyana.fr\/wp-content\/uploads\/2014\/04\/WALL-OBJECT-DSC02860.jpg?resize=150%2C150&ssl=1",150,150,true],"medium":["https:\/\/i0.wp.com\/joyana.fr\/wp-content\/uploads\/2014\/04\/WALL-OBJECT-DSC02860.jpg?fit=389%2C259&ssl=1",389,259,true],"medium_large":["https:\/\/i0.wp.com\/joyana.fr\/wp-content\/uploads\/2014\/04\/WALL-OBJECT-DSC02860.jpg?fit=650%2C433&ssl=1",650,433,true],"large":["https:\/\/i0.wp.com\/joyana.fr\/wp-content\/uploads\/2014\/04\/WALL-OBJECT-DSC02860.jpg?fit=650%2C433&ssl=1",650,433,true],"1536x1536":["https:\/\/i0.wp.com\/joyana.fr\/wp-content\/uploads\/2014\/04\/WALL-OBJECT-DSC02860.jpg?fit=650%2C433&ssl=1",650,433,true],"2048x2048":["https:\/\/i0.wp.com\/joyana.fr\/wp-content\/uploads\/2014\/04\/WALL-OBJECT-DSC02860.jpg?fit=650%2C433&ssl=1",650,433,true],"featured-thumb":["https:\/\/i0.wp.com\/joyana.fr\/wp-content\/uploads\/2014\/04\/WALL-OBJECT-DSC02860.jpg?resize=650%2C433&ssl=1",650,433,true],"ab-block-post-grid-landscape":["https:\/\/i0.wp.com\/joyana.fr\/wp-content\/uploads\/2014\/04\/WALL-OBJECT-DSC02860.jpg?resize=600%2C400&ssl=1",600,400,true],"ab-block-post-grid-square":["https:\/\/i0.wp.com\/joyana.fr\/wp-content\/uploads\/2014\/04\/WALL-OBJECT-DSC02860.jpg?resize=600%2C433&ssl=1",600,433,true],"author-pro-image":["https:\/\/i0.wp.com\/joyana.fr\/wp-content\/uploads\/2014\/04\/WALL-OBJECT-DSC02860.jpg?resize=360%2C433&ssl=1",360,433,true],"slider":["https:\/\/i0.wp.com\/joyana.fr\/wp-content\/uploads\/2014\/04\/WALL-OBJECT-DSC02860.jpg?resize=650%2C400&ssl=1",650,400,true],"woocommerce_thumbnail":["https:\/\/i0.wp.com\/joyana.fr\/wp-content\/uploads\/2014\/04\/WALL-OBJECT-DSC02860.jpg?resize=450%2C433&ssl=1",450,433,true],"woocommerce_single":["https:\/\/i0.wp.com\/joyana.fr\/wp-content\/uploads\/2014\/04\/WALL-OBJECT-DSC02860.jpg?fit=650%2C433&ssl=1",650,433,true],"woocommerce_gallery_thumbnail":["https:\/\/i0.wp.com\/joyana.fr\/wp-content\/uploads\/2014\/04\/WALL-OBJECT-DSC02860.jpg?resize=180%2C180&ssl=1",180,180,true],"sow-carousel-default":["https:\/\/i0.wp.com\/joyana.fr\/wp-content\/uploads\/2014\/04\/WALL-OBJECT-DSC02860.jpg?resize=272%2C182&ssl=1",272,182,true]},"post_excerpt_stackable":"<p>La designer n\u00e9erlandaise Sigrid Calon pr\u00e9sente une collection de d\u00e9coration murale, WALL OBJECT, une s\u00e9rie d&#8217;oeuvres graphiques destin\u00e9es \u00e0 habiller nos murs&#8230; Le travail de Sigrid Calon d\u00e9coule de la volont\u00e9 et de la curiosit\u00e9 d&#8217;explorer, de d\u00e9couvrir et de cr\u00e9er. Qu&#8217;est-ce que l&#8217;espace ? le travail ? ou le moment ? La recherche d&#8217;identit\u00e9 est importante dans son travail: quelle est l&#8217;essence ? Y a t-il une nouvelle v\u00e9rit\u00e9 ? Dans ces questions Sigrid Calon se laisse inspirer par les choses autour d&#8217;elle, de pr\u00e9f\u00e9rence des choses qui sont juste destin\u00e9s \u00e0 autre chose : les mat\u00e9riaux, mais aussi&hellip;<\/p>\n","category_list":"<a href=\"https:\/\/joyana.fr\/en\/category\/deco-design\/\" rel=\"category tag\">DECO-DESIGN<\/a>, <a href=\"https:\/\/joyana.fr\/en\/category\/deco-design\/decoration\/decoration-murale\/\" rel=\"category tag\">D\u00e9coration Murale<\/a>, <a href=\"https:\/\/joyana.fr\/en\/category\/deco-design\/actualite\/salon\/milan-design-week\/\" rel=\"category tag\">Milan Design Week<\/a>","author_info":{"display_name":"Jo Yana","author_link":"https:\/\/joyana.fr\/en\/author\/joyana\/"},"comments_num":"0 comments","featured_image_urls_v2":{"full":["https:\/\/i0.wp.com\/joyana.fr\/wp-content\/uploads\/2014\/04\/WALL-OBJECT-DSC02860.jpg?fit=650%2C433&ssl=1",650,433,false],"thumbnail":["https:\/\/i0.wp.com\/joyana.fr\/wp-content\/uploads\/2014\/04\/WALL-OBJECT-DSC02860.jpg?resize=150%2C150&ssl=1",150,150,true],"medium":["https:\/\/i0.wp.com\/joyana.fr\/wp-content\/uploads\/2014\/04\/WALL-OBJECT-DSC02860.jpg?fit=389%2C259&ssl=1",389,259,true],"medium_large":["https:\/\/i0.wp.com\/joyana.fr\/wp-content\/uploads\/2014\/04\/WALL-OBJECT-DSC02860.jpg?fit=650%2C433&ssl=1",650,433,true],"large":["https:\/\/i0.wp.com\/joyana.fr\/wp-content\/uploads\/2014\/04\/WALL-OBJECT-DSC02860.jpg?fit=650%2C433&ssl=1",650,433,true],"1536x1536":["https:\/\/i0.wp.com\/joyana.fr\/wp-content\/uploads\/2014\/04\/WALL-OBJECT-DSC02860.jpg?fit=650%2C433&ssl=1",650,433,true],"2048x2048":["https:\/\/i0.wp.com\/joyana.fr\/wp-content\/uploads\/2014\/04\/WALL-OBJECT-DSC02860.jpg?fit=650%2C433&ssl=1",650,433,true],"featured-thumb":["https:\/\/i0.wp.com\/joyana.fr\/wp-content\/uploads\/2014\/04\/WALL-OBJECT-DSC02860.jpg?resize=650%2C433&ssl=1",650,433,true],"ab-block-post-grid-landscape":["https:\/\/i0.wp.com\/joyana.fr\/wp-content\/uploads\/2014\/04\/WALL-OBJECT-DSC02860.jpg?resize=600%2C400&ssl=1",600,400,true],"ab-block-post-grid-square":["https:\/\/i0.wp.com\/joyana.fr\/wp-content\/uploads\/2014\/04\/WALL-OBJECT-DSC02860.jpg?resize=600%2C433&ssl=1",600,433,true],"author-pro-image":["https:\/\/i0.wp.com\/joyana.fr\/wp-content\/uploads\/2014\/04\/WALL-OBJECT-DSC02860.jpg?resize=360%2C433&ssl=1",360,433,true],"slider":["https:\/\/i0.wp.com\/joyana.fr\/wp-content\/uploads\/2014\/04\/WALL-OBJECT-DSC02860.jpg?resize=650%2C400&ssl=1",650,400,true],"woocommerce_thumbnail":["https:\/\/i0.wp.com\/joyana.fr\/wp-content\/uploads\/2014\/04\/WALL-OBJECT-DSC02860.jpg?resize=450%2C433&ssl=1",450,433,true],"woocommerce_single":["https:\/\/i0.wp.com\/joyana.fr\/wp-content\/uploads\/2014\/04\/WALL-OBJECT-DSC02860.jpg?fit=650%2C433&ssl=1",650,433,true],"woocommerce_gallery_thumbnail":["https:\/\/i0.wp.com\/joyana.fr\/wp-content\/uploads\/2014\/04\/WALL-OBJECT-DSC02860.jpg?resize=180%2C180&ssl=1",180,180,true],"sow-carousel-default":["https:\/\/i0.wp.com\/joyana.fr\/wp-content\/uploads\/2014\/04\/WALL-OBJECT-DSC02860.jpg?resize=272%2C182&ssl=1",272,182,true]},"post_excerpt_stackable_v2":"<p>La designer n\u00e9erlandaise Sigrid Calon pr\u00e9sente une collection de d\u00e9coration murale, WALL OBJECT, une s\u00e9rie d&#8217;oeuvres graphiques destin\u00e9es \u00e0 habiller nos murs&#8230; Le travail de Sigrid Calon d\u00e9coule de la volont\u00e9 et de la curiosit\u00e9 d&#8217;explorer, de d\u00e9couvrir et de cr\u00e9er. Qu&#8217;est-ce que l&#8217;espace ? le travail ? ou le moment ? La recherche d&#8217;identit\u00e9 est importante dans son travail: quelle est l&#8217;essence ? Y a t-il une nouvelle v\u00e9rit\u00e9 ? Dans ces questions Sigrid Calon se laisse inspirer par les choses autour d&#8217;elle, de pr\u00e9f\u00e9rence des choses qui sont juste destin\u00e9s \u00e0 autre chose : les mat\u00e9riaux, mais aussi&hellip;<\/p>\n","category_list_v2":"<a href=\"https:\/\/joyana.fr\/en\/category\/deco-design\/\" rel=\"category tag\">DECO-DESIGN<\/a>, <a href=\"https:\/\/joyana.fr\/en\/category\/deco-design\/decoration\/decoration-murale\/\" rel=\"category tag\">D\u00e9coration Murale<\/a>, <a href=\"https:\/\/joyana.fr\/en\/category\/deco-design\/actualite\/salon\/milan-design-week\/\" rel=\"category tag\">Milan Design Week<\/a>","author_info_v2":{"name":"Jo Yana","url":"https:\/\/joyana.fr\/en\/author\/joyana\/"},"comments_num_v2":"0 comments","yoast_head":"<!-- This site is optimized with the Yoast SEO plugin v26.8 - https:\/\/yoast.com\/product\/yoast-seo-wordpress\/ -->\n<title>WALL OBJECT par Sigrid CALON - MILAN DESIGN WEEK 2014 - JO YANA<\/title>\n<meta name=\"robots\" content=\"index, follow, max-snippet:-1, max-image-preview:large, max-video-preview:-1\" \/>\n<link rel=\"canonical\" href=\"https:\/\/www.joyana.fr\/wall-object-par-sigrid-calon-milan-design-week-2014\/116741\/\" \/>\n<meta property=\"og:locale\" content=\"en_US\" \/>\n<meta property=\"og:locale:alternate\" content=\"fr_FR\" \/>\n<meta property=\"og:locale:alternate\" content=\"ja\" \/>\n<meta property=\"og:type\" content=\"article\" \/>\n<meta property=\"og:title\" content=\"WALL OBJECT par Sigrid CALON - MILAN DESIGN WEEK 2014 - JO YANA\" \/>\n<meta property=\"og:description\" content=\"La designer n\u00e9erlandaise Sigrid Calon pr\u00e9sente une collection de d\u00e9coration murale, WALL OBJECT, une s\u00e9rie d&#8217;oeuvres graphiques destin\u00e9es \u00e0 habiller nos murs&#8230; Le travail de Sigrid Calon d\u00e9coule de la volont\u00e9 et de la curiosit\u00e9 d&#8217;explorer, de d\u00e9couvrir et de cr\u00e9er. Qu&#8217;est-ce que l&#8217;espace ? le travail ? ou le moment ? La recherche d&#8217;identit\u00e9 [&hellip;]\" \/>\n<meta property=\"og:url\" content=\"https:\/\/joyana.fr\/en\/wall-object-par-sigrid-calon-milan-design-week-2014\/116741\/\" \/>\n<meta property=\"og:site_name\" content=\"JO YANA\" \/>\n<meta property=\"article:published_time\" content=\"2014-04-13T09:19:16+00:00\" \/>\n<meta property=\"og:image\" content=\"https:\/\/www.joyana.fr\/wp-content\/uploads\/2014\/04\/WALL-OBJECT-DSC02860.jpg\" \/>\n\t<meta property=\"og:image:width\" content=\"650\" \/>\n\t<meta property=\"og:image:height\" content=\"433\" \/>\n\t<meta property=\"og:image:type\" content=\"image\/jpeg\" \/>\n<meta name=\"author\" content=\"Jo Yana\" \/>\n<meta name=\"twitter:card\" content=\"summary_large_image\" \/>\n<meta name=\"twitter:creator\" content=\"@Jo_Yana\" \/>\n<meta name=\"twitter:site\" content=\"@Jo_Yana\" \/>\n<meta name=\"twitter:label1\" content=\"Written by\" \/>\n\t<meta name=\"twitter:data1\" content=\"Jo Yana\" \/>\n\t<meta name=\"twitter:label2\" content=\"Est. reading time\" \/>\n\t<meta name=\"twitter:data2\" content=\"1 minute\" \/>\n<script type=\"application\/ld+json\" class=\"yoast-schema-graph\">{\"@context\":\"https:\/\/schema.org\",\"@graph\":[{\"@type\":\"Article\",\"@id\":\"https:\/\/www.joyana.fr\/wall-object-par-sigrid-calon-milan-design-week-2014\/116741\/#article\",\"isPartOf\":{\"@id\":\"https:\/\/www.joyana.fr\/wall-object-par-sigrid-calon-milan-design-week-2014\/116741\/\"},\"author\":{\"name\":\"Jo Yana\",\"@id\":\"https:\/\/www.joyana.fr\/ja\/#\/schema\/person\/cf2a1ad12a27c12c21801075bf37407c\"},\"headline\":\"WALL OBJECT par Sigrid CALON &#8211; MILAN DESIGN WEEK 2014\",\"datePublished\":\"2014-04-13T09:19:16+00:00\",\"mainEntityOfPage\":{\"@id\":\"https:\/\/www.joyana.fr\/wall-object-par-sigrid-calon-milan-design-week-2014\/116741\/\"},\"wordCount\":144,\"commentCount\":0,\"publisher\":{\"@id\":\"https:\/\/www.joyana.fr\/ja\/#\/schema\/person\/cf2a1ad12a27c12c21801075bf37407c\"},\"image\":{\"@id\":\"https:\/\/www.joyana.fr\/wall-object-par-sigrid-calon-milan-design-week-2014\/116741\/#primaryimage\"},\"thumbnailUrl\":\"https:\/\/i0.wp.com\/joyana.fr\/wp-content\/uploads\/2014\/04\/WALL-OBJECT-DSC02860.jpg?fit=650%2C433&ssl=1\",\"keywords\":[\"Milan Design Week 2014\",\"Sigrid CALON\",\"Tapis design\"],\"articleSection\":[\"DECO-DESIGN\",\"D\u00e9coration Murale\",\"Milan Design Week\"],\"inLanguage\":\"en-US\",\"potentialAction\":[{\"@type\":\"CommentAction\",\"name\":\"Comment\",\"target\":[\"https:\/\/www.joyana.fr\/wall-object-par-sigrid-calon-milan-design-week-2014\/116741\/#respond\"]}]},{\"@type\":\"WebPage\",\"@id\":\"https:\/\/www.joyana.fr\/wall-object-par-sigrid-calon-milan-design-week-2014\/116741\/\",\"url\":\"https:\/\/www.joyana.fr\/wall-object-par-sigrid-calon-milan-design-week-2014\/116741\/\",\"name\":\"WALL OBJECT par Sigrid CALON - MILAN DESIGN WEEK 2014 - JO YANA\",\"isPartOf\":{\"@id\":\"https:\/\/www.joyana.fr\/ja\/#website\"},\"primaryImageOfPage\":{\"@id\":\"https:\/\/www.joyana.fr\/wall-object-par-sigrid-calon-milan-design-week-2014\/116741\/#primaryimage\"},\"image\":{\"@id\":\"https:\/\/www.joyana.fr\/wall-object-par-sigrid-calon-milan-design-week-2014\/116741\/#primaryimage\"},\"thumbnailUrl\":\"https:\/\/i0.wp.com\/joyana.fr\/wp-content\/uploads\/2014\/04\/WALL-OBJECT-DSC02860.jpg?fit=650%2C433&ssl=1\",\"datePublished\":\"2014-04-13T09:19:16+00:00\",\"breadcrumb\":{\"@id\":\"https:\/\/www.joyana.fr\/wall-object-par-sigrid-calon-milan-design-week-2014\/116741\/#breadcrumb\"},\"inLanguage\":\"en-US\",\"potentialAction\":[{\"@type\":\"ReadAction\",\"target\":[\"https:\/\/www.joyana.fr\/wall-object-par-sigrid-calon-milan-design-week-2014\/116741\/\"]}]},{\"@type\":\"ImageObject\",\"inLanguage\":\"en-US\",\"@id\":\"https:\/\/www.joyana.fr\/wall-object-par-sigrid-calon-milan-design-week-2014\/116741\/#primaryimage\",\"url\":\"https:\/\/i0.wp.com\/joyana.fr\/wp-content\/uploads\/2014\/04\/WALL-OBJECT-DSC02860.jpg?fit=650%2C433&ssl=1\",\"contentUrl\":\"https:\/\/i0.wp.com\/joyana.fr\/wp-content\/uploads\/2014\/04\/WALL-OBJECT-DSC02860.jpg?fit=650%2C433&ssl=1\",\"width\":650,\"height\":433},{\"@type\":\"BreadcrumbList\",\"@id\":\"https:\/\/www.joyana.fr\/wall-object-par-sigrid-calon-milan-design-week-2014\/116741\/#breadcrumb\",\"itemListElement\":[{\"@type\":\"ListItem\",\"position\":1,\"name\":\"Accueil\",\"item\":\"https:\/\/www.joyana.fr\/ja\/\"},{\"@type\":\"ListItem\",\"position\":2,\"name\":\"WALL OBJECT par Sigrid CALON &#8211; MILAN DESIGN WEEK 2014\"}]},{\"@type\":\"WebSite\",\"@id\":\"https:\/\/www.joyana.fr\/ja\/#website\",\"url\":\"https:\/\/www.joyana.fr\/ja\/\",\"name\":\"JO YANA\",\"description\":\"Blog Mode Homme, Lifestyle, D\u00e9co-Design\",\"publisher\":{\"@id\":\"https:\/\/www.joyana.fr\/ja\/#\/schema\/person\/cf2a1ad12a27c12c21801075bf37407c\"},\"potentialAction\":[{\"@type\":\"SearchAction\",\"target\":{\"@type\":\"EntryPoint\",\"urlTemplate\":\"https:\/\/www.joyana.fr\/ja\/?s={search_term_string}\"},\"query-input\":{\"@type\":\"PropertyValueSpecification\",\"valueRequired\":true,\"valueName\":\"search_term_string\"}}],\"inLanguage\":\"en-US\"},{\"@type\":[\"Person\",\"Organization\"],\"@id\":\"https:\/\/www.joyana.fr\/ja\/#\/schema\/person\/cf2a1ad12a27c12c21801075bf37407c\",\"name\":\"Jo Yana\",\"image\":{\"@type\":\"ImageObject\",\"inLanguage\":\"en-US\",\"@id\":\"https:\/\/www.joyana.fr\/ja\/#\/schema\/person\/image\/\",\"url\":\"https:\/\/i0.wp.com\/joyana.fr\/wp-content\/uploads\/2016\/08\/cropped-joyana-logo-black-360x180.png?fit=343%2C164&ssl=1\",\"contentUrl\":\"https:\/\/i0.wp.com\/joyana.fr\/wp-content\/uploads\/2016\/08\/cropped-joyana-logo-black-360x180.png?fit=343%2C164&ssl=1\",\"width\":343,\"height\":164,\"caption\":\"Jo Yana\"},\"logo\":{\"@id\":\"https:\/\/www.joyana.fr\/ja\/#\/schema\/person\/image\/\"},\"description\":\"Jo Yana est le cr\u00e9ateur et r\u00e9dacteur en chef des sites DECO-DESIGN. Passionn\u00e9 de Design, Mode, Photo, Luxe, Lifestyle, Musique, mais avant tout Blogueur ! Le plaisir de partager l'anime et a comme devise \\\"POUR L'AMOUR DU BEAU\\\". Retrouvez le aussi sur son blog personnel - https:\/\/joyana.fr...\",\"sameAs\":[\"https:\/\/joyana.fr\/\"],\"url\":\"https:\/\/joyana.fr\/en\/author\/joyana\/\"}]}<\/script>\n<!-- \/ Yoast SEO plugin. -->","yoast_head_json":{"title":"WALL OBJECT par Sigrid CALON - MILAN DESIGN WEEK 2014 - JO YANA","robots":{"index":"index","follow":"follow","max-snippet":"max-snippet:-1","max-image-preview":"max-image-preview:large","max-video-preview":"max-video-preview:-1"},"canonical":"https:\/\/www.joyana.fr\/wall-object-par-sigrid-calon-milan-design-week-2014\/116741\/","og_locale":"en_US","og_type":"article","og_title":"WALL OBJECT par Sigrid CALON - MILAN DESIGN WEEK 2014 - JO YANA","og_description":"La designer n\u00e9erlandaise Sigrid Calon pr\u00e9sente une collection de d\u00e9coration murale, WALL OBJECT, une s\u00e9rie d&#8217;oeuvres graphiques destin\u00e9es \u00e0 habiller nos murs&#8230; Le travail de Sigrid Calon d\u00e9coule de la volont\u00e9 et de la curiosit\u00e9 d&#8217;explorer, de d\u00e9couvrir et de cr\u00e9er. Qu&#8217;est-ce que l&#8217;espace ? le travail ? ou le moment ? La recherche d&#8217;identit\u00e9 [&hellip;]","og_url":"https:\/\/joyana.fr\/en\/wall-object-par-sigrid-calon-milan-design-week-2014\/116741\/","og_site_name":"JO YANA","article_published_time":"2014-04-13T09:19:16+00:00","og_image":[{"width":650,"height":433,"url":"https:\/\/www.joyana.fr\/wp-content\/uploads\/2014\/04\/WALL-OBJECT-DSC02860.jpg","type":"image\/jpeg"}],"author":"Jo Yana","twitter_card":"summary_large_image","twitter_creator":"@Jo_Yana","twitter_site":"@Jo_Yana","twitter_misc":{"Written by":"Jo Yana","Est. reading time":"1 minute"},"schema":{"@context":"https:\/\/schema.org","@graph":[{"@type":"Article","@id":"https:\/\/www.joyana.fr\/wall-object-par-sigrid-calon-milan-design-week-2014\/116741\/#article","isPartOf":{"@id":"https:\/\/www.joyana.fr\/wall-object-par-sigrid-calon-milan-design-week-2014\/116741\/"},"author":{"name":"Jo Yana","@id":"https:\/\/www.joyana.fr\/ja\/#\/schema\/person\/cf2a1ad12a27c12c21801075bf37407c"},"headline":"WALL OBJECT par Sigrid CALON &#8211; MILAN DESIGN WEEK 2014","datePublished":"2014-04-13T09:19:16+00:00","mainEntityOfPage":{"@id":"https:\/\/www.joyana.fr\/wall-object-par-sigrid-calon-milan-design-week-2014\/116741\/"},"wordCount":144,"commentCount":0,"publisher":{"@id":"https:\/\/www.joyana.fr\/ja\/#\/schema\/person\/cf2a1ad12a27c12c21801075bf37407c"},"image":{"@id":"https:\/\/www.joyana.fr\/wall-object-par-sigrid-calon-milan-design-week-2014\/116741\/#primaryimage"},"thumbnailUrl":"https:\/\/i0.wp.com\/joyana.fr\/wp-content\/uploads\/2014\/04\/WALL-OBJECT-DSC02860.jpg?fit=650%2C433&ssl=1","keywords":["Milan Design Week 2014","Sigrid CALON","Tapis design"],"articleSection":["DECO-DESIGN","D\u00e9coration Murale","Milan Design Week"],"inLanguage":"en-US","potentialAction":[{"@type":"CommentAction","name":"Comment","target":["https:\/\/www.joyana.fr\/wall-object-par-sigrid-calon-milan-design-week-2014\/116741\/#respond"]}]},{"@type":"WebPage","@id":"https:\/\/www.joyana.fr\/wall-object-par-sigrid-calon-milan-design-week-2014\/116741\/","url":"https:\/\/www.joyana.fr\/wall-object-par-sigrid-calon-milan-design-week-2014\/116741\/","name":"WALL OBJECT par Sigrid CALON - MILAN DESIGN WEEK 2014 - JO YANA","isPartOf":{"@id":"https:\/\/www.joyana.fr\/ja\/#website"},"primaryImageOfPage":{"@id":"https:\/\/www.joyana.fr\/wall-object-par-sigrid-calon-milan-design-week-2014\/116741\/#primaryimage"},"image":{"@id":"https:\/\/www.joyana.fr\/wall-object-par-sigrid-calon-milan-design-week-2014\/116741\/#primaryimage"},"thumbnailUrl":"https:\/\/i0.wp.com\/joyana.fr\/wp-content\/uploads\/2014\/04\/WALL-OBJECT-DSC02860.jpg?fit=650%2C433&ssl=1","datePublished":"2014-04-13T09:19:16+00:00","breadcrumb":{"@id":"https:\/\/www.joyana.fr\/wall-object-par-sigrid-calon-milan-design-week-2014\/116741\/#breadcrumb"},"inLanguage":"en-US","potentialAction":[{"@type":"ReadAction","target":["https:\/\/www.joyana.fr\/wall-object-par-sigrid-calon-milan-design-week-2014\/116741\/"]}]},{"@type":"ImageObject","inLanguage":"en-US","@id":"https:\/\/www.joyana.fr\/wall-object-par-sigrid-calon-milan-design-week-2014\/116741\/#primaryimage","url":"https:\/\/i0.wp.com\/joyana.fr\/wp-content\/uploads\/2014\/04\/WALL-OBJECT-DSC02860.jpg?fit=650%2C433&ssl=1","contentUrl":"https:\/\/i0.wp.com\/joyana.fr\/wp-content\/uploads\/2014\/04\/WALL-OBJECT-DSC02860.jpg?fit=650%2C433&ssl=1","width":650,"height":433},{"@type":"BreadcrumbList","@id":"https:\/\/www.joyana.fr\/wall-object-par-sigrid-calon-milan-design-week-2014\/116741\/#breadcrumb","itemListElement":[{"@type":"ListItem","position":1,"name":"Accueil","item":"https:\/\/www.joyana.fr\/ja\/"},{"@type":"ListItem","position":2,"name":"WALL OBJECT par Sigrid CALON &#8211; MILAN DESIGN WEEK 2014"}]},{"@type":"WebSite","@id":"https:\/\/www.joyana.fr\/ja\/#website","url":"https:\/\/www.joyana.fr\/ja\/","name":"JO YANA","description":"Blog Mode Homme, Lifestyle, D\u00e9co-Design","publisher":{"@id":"https:\/\/www.joyana.fr\/ja\/#\/schema\/person\/cf2a1ad12a27c12c21801075bf37407c"},"potentialAction":[{"@type":"SearchAction","target":{"@type":"EntryPoint","urlTemplate":"https:\/\/www.joyana.fr\/ja\/?s={search_term_string}"},"query-input":{"@type":"PropertyValueSpecification","valueRequired":true,"valueName":"search_term_string"}}],"inLanguage":"en-US"},{"@type":["Person","Organization"],"@id":"https:\/\/www.joyana.fr\/ja\/#\/schema\/person\/cf2a1ad12a27c12c21801075bf37407c","name":"Jo Yana","image":{"@type":"ImageObject","inLanguage":"en-US","@id":"https:\/\/www.joyana.fr\/ja\/#\/schema\/person\/image\/","url":"https:\/\/i0.wp.com\/joyana.fr\/wp-content\/uploads\/2016\/08\/cropped-joyana-logo-black-360x180.png?fit=343%2C164&ssl=1","contentUrl":"https:\/\/i0.wp.com\/joyana.fr\/wp-content\/uploads\/2016\/08\/cropped-joyana-logo-black-360x180.png?fit=343%2C164&ssl=1","width":343,"height":164,"caption":"Jo Yana"},"logo":{"@id":"https:\/\/www.joyana.fr\/ja\/#\/schema\/person\/image\/"},"description":"Jo Yana est le cr\u00e9ateur et r\u00e9dacteur en chef des sites DECO-DESIGN. Passionn\u00e9 de Design, Mode, Photo, Luxe, Lifestyle, Musique, mais avant tout Blogueur ! Le plaisir de partager l'anime et a comme devise \"POUR L'AMOUR DU BEAU\". Retrouvez le aussi sur son blog personnel - https:\/\/joyana.fr...","sameAs":["https:\/\/joyana.fr\/"],"url":"https:\/\/joyana.fr\/en\/author\/joyana\/"}]}},"author_meta":{"display_name":"Jo Yana","author_link":"https:\/\/joyana.fr\/en\/author\/joyana\/"},"featured_img":"https:\/\/i0.wp.com\/joyana.fr\/wp-content\/uploads\/2014\/04\/WALL-OBJECT-DSC02860.jpg?fit=389%2C259&ssl=1","featured_image_src":"https:\/\/i0.wp.com\/joyana.fr\/wp-content\/uploads\/2014\/04\/WALL-OBJECT-DSC02860.jpg?resize=600%2C400&ssl=1","featured_image_src_square":"https:\/\/i0.wp.com\/joyana.fr\/wp-content\/uploads\/2014\/04\/WALL-OBJECT-DSC02860.jpg?resize=600%2C433&ssl=1","jetpack_featured_media_url":"https:\/\/i0.wp.com\/joyana.fr\/wp-content\/uploads\/2014\/04\/WALL-OBJECT-DSC02860.jpg?fit=650%2C433&ssl=1","uagb_featured_image_src":{"full":["https:\/\/i0.wp.com\/joyana.fr\/wp-content\/uploads\/2014\/04\/WALL-OBJECT-DSC02860.jpg?fit=650%2C433&ssl=1",650,433,false],"thumbnail":["https:\/\/i0.wp.com\/joyana.fr\/wp-content\/uploads\/2014\/04\/WALL-OBJECT-DSC02860.jpg?resize=150%2C150&ssl=1",150,150,true],"medium":["https:\/\/i0.wp.com\/joyana.fr\/wp-content\/uploads\/2014\/04\/WALL-OBJECT-DSC02860.jpg?fit=389%2C259&ssl=1",389,259,true],"medium_large":["https:\/\/i0.wp.com\/joyana.fr\/wp-content\/uploads\/2014\/04\/WALL-OBJECT-DSC02860.jpg?fit=650%2C433&ssl=1",650,433,true],"large":["https:\/\/i0.wp.com\/joyana.fr\/wp-content\/uploads\/2014\/04\/WALL-OBJECT-DSC02860.jpg?fit=650%2C433&ssl=1",650,433,true],"1536x1536":["https:\/\/i0.wp.com\/joyana.fr\/wp-content\/uploads\/2014\/04\/WALL-OBJECT-DSC02860.jpg?fit=650%2C433&ssl=1",650,433,true],"2048x2048":["https:\/\/i0.wp.com\/joyana.fr\/wp-content\/uploads\/2014\/04\/WALL-OBJECT-DSC02860.jpg?fit=650%2C433&ssl=1",650,433,true],"featured-thumb":["https:\/\/i0.wp.com\/joyana.fr\/wp-content\/uploads\/2014\/04\/WALL-OBJECT-DSC02860.jpg?resize=650%2C433&ssl=1",650,433,true],"ab-block-post-grid-landscape":["https:\/\/i0.wp.com\/joyana.fr\/wp-content\/uploads\/2014\/04\/WALL-OBJECT-DSC02860.jpg?resize=600%2C400&ssl=1",600,400,true],"ab-block-post-grid-square":["https:\/\/i0.wp.com\/joyana.fr\/wp-content\/uploads\/2014\/04\/WALL-OBJECT-DSC02860.jpg?resize=600%2C433&ssl=1",600,433,true],"author-pro-image":["https:\/\/i0.wp.com\/joyana.fr\/wp-content\/uploads\/2014\/04\/WALL-OBJECT-DSC02860.jpg?resize=360%2C433&ssl=1",360,433,true],"slider":["https:\/\/i0.wp.com\/joyana.fr\/wp-content\/uploads\/2014\/04\/WALL-OBJECT-DSC02860.jpg?resize=650%2C400&ssl=1",650,400,true],"woocommerce_thumbnail":["https:\/\/i0.wp.com\/joyana.fr\/wp-content\/uploads\/2014\/04\/WALL-OBJECT-DSC02860.jpg?resize=450%2C433&ssl=1",450,433,true],"woocommerce_single":["https:\/\/i0.wp.com\/joyana.fr\/wp-content\/uploads\/2014\/04\/WALL-OBJECT-DSC02860.jpg?fit=650%2C433&ssl=1",650,433,true],"woocommerce_gallery_thumbnail":["https:\/\/i0.wp.com\/joyana.fr\/wp-content\/uploads\/2014\/04\/WALL-OBJECT-DSC02860.jpg?resize=180%2C180&ssl=1",180,180,true],"sow-carousel-default":["https:\/\/i0.wp.com\/joyana.fr\/wp-content\/uploads\/2014\/04\/WALL-OBJECT-DSC02860.jpg?resize=272%2C182&ssl=1",272,182,true]},"uagb_author_info":{"display_name":"Jo Yana","author_link":"https:\/\/joyana.fr\/en\/author\/joyana\/"},"uagb_comment_info":1,"uagb_excerpt":"La designer n\u00e9erlandaise Sigrid Calon pr\u00e9sente une collection de d\u00e9coration murale, WALL OBJECT, une s\u00e9rie d&#8217;oeuvres graphiques destin\u00e9es \u00e0 habiller nos murs&#8230; Le travail de Sigrid Calon d\u00e9coule de la volont\u00e9 et de la curiosit\u00e9 d&#8217;explorer, de d\u00e9couvrir et de cr\u00e9er. Qu&#8217;est-ce que l&#8217;espace ? le travail ? ou le moment ? La recherche d&#8217;identit\u00e9&hellip;","coauthors":[],"tax_additional":{"categories":{"linked":["<a href=\"https:\/\/joyana.fr\/en\/category\/deco-design\/\" class=\"advgb-post-tax-term\">DECO-DESIGN<\/a>","<a href=\"https:\/\/joyana.fr\/en\/category\/deco-design\/decoration\/decoration-murale\/\" class=\"advgb-post-tax-term\">D\u00e9coration Murale<\/a>","<a href=\"https:\/\/joyana.fr\/en\/category\/deco-design\/actualite\/salon\/milan-design-week\/\" class=\"advgb-post-tax-term\">Milan Design Week<\/a>"],"unlinked":["<span class=\"advgb-post-tax-term\">DECO-DESIGN<\/span>","<span class=\"advgb-post-tax-term\">D\u00e9coration Murale<\/span>","<span class=\"advgb-post-tax-term\">Milan Design Week<\/span>"]},"tags":{"linked":["<a href=\"https:\/\/joyana.fr\/en\/category\/deco-design\/actualite\/salon\/milan-design-week\/\" class=\"advgb-post-tax-term\">Milan Design Week 2014<\/a>","<a href=\"https:\/\/joyana.fr\/en\/category\/deco-design\/actualite\/salon\/milan-design-week\/\" class=\"advgb-post-tax-term\">Sigrid CALON<\/a>","<a href=\"https:\/\/joyana.fr\/en\/category\/deco-design\/actualite\/salon\/milan-design-week\/\" class=\"advgb-post-tax-term\">Tapis design<\/a>"],"unlinked":["<span class=\"advgb-post-tax-term\">Milan Design Week 2014<\/span>","<span class=\"advgb-post-tax-term\">Sigrid CALON<\/span>","<span class=\"advgb-post-tax-term\">Tapis design<\/span>"]}},"comment_count":0,"relative_dates":{"created":"Posted 12 years ago","modified":"Updated 12 years ago"},"absolute_dates":{"created":"Posted on 13 April 2014","modified":"Updated on 13 April 2014"},"absolute_dates_time":{"created":"Posted on 13 April 2014 10:19","modified":"Updated on 13 April 2014 10:19"},"featured_img_caption":"","series_order":"","jetpack_sharing_enabled":true,"jetpack_shortlink":"https:\/\/wp.me\/p9bteI-umV","jetpack-related-posts":[],"_links":{"self":[{"href":"https:\/\/joyana.fr\/en\/wp-json\/wp\/v2\/posts\/116741","targetHints":{"allow":["GET"]}}],"collection":[{"href":"https:\/\/joyana.fr\/en\/wp-json\/wp\/v2\/posts"}],"about":[{"href":"https:\/\/joyana.fr\/en\/wp-json\/wp\/v2\/types\/post"}],"author":[{"embeddable":true,"href":"https:\/\/joyana.fr\/en\/wp-json\/wp\/v2\/users\/3"}],"replies":[{"embeddable":true,"href":"https:\/\/joyana.fr\/en\/wp-json\/wp\/v2\/comments?post=116741"}],"version-history":[{"count":0,"href":"https:\/\/joyana.fr\/en\/wp-json\/wp\/v2\/posts\/116741\/revisions"}],"wp:featuredmedia":[{"embeddable":true,"href":"https:\/\/joyana.fr\/en\/wp-json\/wp\/v2\/media\/116743"}],"wp:attachment":[{"href":"https:\/\/joyana.fr\/en\/wp-json\/wp\/v2\/media?parent=116741"}],"wp:term":[{"taxonomy":"category","embeddable":true,"href":"https:\/\/joyana.fr\/en\/wp-json\/wp\/v2\/categories?post=116741"},{"taxonomy":"post_tag","embeddable":true,"href":"https:\/\/joyana.fr\/en\/wp-json\/wp\/v2\/tags?post=116741"}],"curies":[{"name":"wp","href":"https:\/\/api.w.org\/{rel}","templated":true}]}}