{"id":117734,"date":"2014-07-02T19:39:02","date_gmt":"2014-07-02T18:39:02","guid":{"rendered":"https:\/\/joyana.fr\/?p=17734"},"modified":"2014-07-02T19:39:02","modified_gmt":"2014-07-02T18:39:02","slug":"carafe-ricard-x-mathieu-lehanneur","status":"publish","type":"post","link":"https:\/\/joyana.fr\/en\/carafe-ricard-x-mathieu-lehanneur\/117734\/","title":{"rendered":"Carafe RICARD x Mathieu LEHANNEUR"},"content":{"rendered":"<p style=\"text-align: justify;\">Apr\u00e8s le <a href=\"https:\/\/joyana.fr\/duo-de-carafes-ricard-par-les-architectes-jakobmacfarlane\/14673\/\" target=\"_blank\">duo de carafes JAKOB+MACFARLANE<\/a>, <strong>Ricard<\/strong> d\u00e9voile sa nouvelle <strong>carafe<\/strong> &#8211; sign\u00e9e par <strong><a title=\"Mathieu LEHANNEUR\" href=\"https:\/\/joyana.fr\/category\/designer\/mathieu-lehanneur\/\" target=\"_blank\">Mathieu Lehanneur<\/a><\/strong> &#8211; qui accompagne \u00e0 merveille les verres sortis plus t\u00f4t&#8230;<\/p>\n<p><a href=\"https:\/\/i0.wp.com\/joyana.fr\/wp-content\/uploads\/2014\/07\/Verre-Lehanneur-rempli-louchissement-Copyright-agence-Emulsion.jpg?ssl=1\"><img data-recalc-dims=\"1\" fetchpriority=\"high\" decoding=\"async\" class=\"alignnone size-full wp-image-17738\" src=\"https:\/\/i0.wp.com\/joyana.fr\/wp-content\/uploads\/2014\/07\/Verre-Lehanneur-rempli-louchissement-Copyright-agence-Emulsion.jpg?resize=650%2C937&#038;ssl=1\" alt=\"Verre RICARD Lehanneur rempli louchissement\" width=\"650\" height=\"937\" \/><\/a><\/p>\n<p style=\"text-align: justify;\">La marque marseillaise est toujours \u00e0 la pointe du design, gr\u00e2ce aux travail des diff\u00e9rents designers qui imaginent toujours de nouveaux accessoires pour <strong>Ricard<\/strong>. Le leader de l&#8217;ap\u00e9ritif lance une nouvelle carafe sign\u00e9e <strong>Mathieu Lehanneur<\/strong> qui accompagnera le verre <strong>Ricard<\/strong> d\u00e9j\u00e0 cr\u00e9\u00e9 par le designer.<\/p>\n<p style=\"text-align: justify;\"><strong>Mathieu Lehanneur<\/strong> s\u2019est inspir\u00e9 du c\u00e9l\u00e8bre verre ballon pour cr\u00e9er cette nouvelle gamme dont le dessin est guid\u00e9 par les diff\u00e9rentes \u00e9tapes du fameux rituel <strong>Ricard<\/strong>. &#8220;Savoir doser son Ricard est tout un art\u2026 surtout lorsque les gla\u00e7ons s\u2019en m\u00ealent&#8221;, souligne Mathieu Lehanneur. Ainsi, le pied du verre est destin\u00e9 \u00e0 contenir une dose exacte de 2cl de Ricard ! De plus les puristes vous diront que le pr\u00e9cieux liquide ne doit jamais rentrer en contact avec les gla\u00e7ons. Cela est possible gr\u00e2ce \u00e0 ce creux resserr\u00e9 \u00e0 la base&#8230;<\/p>\n<p style=\"text-align: justify;\">La carafe emprunte la m\u00eame architecture et la m\u00eame vitalit\u00e9 que le verre. Avec ses lignes courbes et son ventre palpitant de fra\u00eecheur, elle semble respirer, cr\u00e9ant un mouvement ample, analogue \u00e0 celui de l\u2019eau&#8230;<\/p>\n<p><a href=\"https:\/\/i0.wp.com\/joyana.fr\/wp-content\/uploads\/2014\/07\/Verre-Lehanneur-avec-dose-de-Ricard-et-glacons-Copyright-agence-Emulsion.jpg?ssl=1\"><img data-recalc-dims=\"1\" decoding=\"async\" class=\"alignnone size-full wp-image-17737\" src=\"https:\/\/i0.wp.com\/joyana.fr\/wp-content\/uploads\/2014\/07\/Verre-Lehanneur-avec-dose-de-Ricard-et-glacons-Copyright-agence-Emulsion.jpg?resize=650%2C956&#038;ssl=1\" alt=\"Verre Lehanneur avec dose de Ricard et glacons- Copyright agence Emulsion\" width=\"650\" height=\"956\" \/><\/a><\/p>\n<p><a href=\"https:\/\/i0.wp.com\/joyana.fr\/wp-content\/uploads\/2014\/07\/Triptyque-rituel-Copyright-agence-Emulsion.jpg?ssl=1\"><img data-recalc-dims=\"1\" decoding=\"async\" data-attachment-id=\"17735\" data-permalink=\"https:\/\/joyana.fr\/en\/sneakers-fessura-karim-rashid-collection-ss16\/17717\/sd-karim-adv-ss16-1\/\" data-orig-file=\"https:\/\/i0.wp.com\/joyana.fr\/wp-content\/uploads\/2015\/08\/SD-KARIM-ADV-SS16-1.jpg?fit=1000%2C1000&amp;ssl=1\" data-orig-size=\"1000,1000\" data-comments-opened=\"1\" data-image-meta=\"{&quot;aperture&quot;:&quot;2.2&quot;,&quot;credit&quot;:&quot;&quot;,&quot;camera&quot;:&quot;iPhone 6 Plus&quot;,&quot;caption&quot;:&quot;&quot;,&quot;created_timestamp&quot;:&quot;1437523200&quot;,&quot;copyright&quot;:&quot;&quot;,&quot;focal_length&quot;:&quot;4.15&quot;,&quot;iso&quot;:&quot;50&quot;,&quot;shutter_speed&quot;:&quot;0.0083333333333333&quot;,&quot;title&quot;:&quot;&quot;,&quot;orientation&quot;:&quot;1&quot;}\" data-image-title=\"SD KARIM ADV SS16 1\" data-image-description=\"\" data-image-caption=\"\" data-medium-file=\"https:\/\/i0.wp.com\/joyana.fr\/wp-content\/uploads\/2015\/08\/SD-KARIM-ADV-SS16-1.jpg?fit=389%2C389&amp;ssl=1\" data-large-file=\"https:\/\/i0.wp.com\/joyana.fr\/wp-content\/uploads\/2015\/08\/SD-KARIM-ADV-SS16-1.jpg?fit=1000%2C1000&amp;ssl=1\" class=\"alignnone size-full wp-image-17735\" src=\"https:\/\/i0.wp.com\/joyana.fr\/wp-content\/uploads\/2014\/07\/Triptyque-rituel-Copyright-agence-Emulsion.jpg?resize=650%2C319&#038;ssl=1\" alt=\"Triptyque rituel -Copyright agence Emulsion\" width=\"650\" height=\"319\" \/><\/a><\/p>\n<p style=\"text-align: justify;\">Cette nouvelle ligne d\u2019objets <strong>Ricard x Mathieu Lehanneur<\/strong> sera disponible dans un coffret exclusif d\u00e8s cet \u00e9t\u00e9 au prix de 38\u20ac&#8230;<\/p>\n<p><a href=\"https:\/\/i0.wp.com\/joyana.fr\/wp-content\/uploads\/2014\/07\/RICARD-packaging-coffret-%2B-bouteille-et-verres_HD.jpg?ssl=1\"><img data-recalc-dims=\"1\" loading=\"lazy\" decoding=\"async\" data-attachment-id=\"17731\" data-permalink=\"https:\/\/joyana.fr\/en\/sneakers-fessura-karim-rashid-collection-ss16\/17717\/fessura-ss16-129\/\" data-orig-file=\"https:\/\/i0.wp.com\/joyana.fr\/wp-content\/uploads\/2015\/08\/FESSURA-SS16-129.jpg?fit=2048%2C1453&amp;ssl=1\" data-orig-size=\"2048,1453\" data-comments-opened=\"1\" data-image-meta=\"{&quot;aperture&quot;:&quot;2.2&quot;,&quot;credit&quot;:&quot;&quot;,&quot;camera&quot;:&quot;iPhone 6&quot;,&quot;caption&quot;:&quot;&quot;,&quot;created_timestamp&quot;:&quot;1436283424&quot;,&quot;copyright&quot;:&quot;&quot;,&quot;focal_length&quot;:&quot;4.15&quot;,&quot;iso&quot;:&quot;32&quot;,&quot;shutter_speed&quot;:&quot;0.0029585798816568&quot;,&quot;title&quot;:&quot;&quot;,&quot;orientation&quot;:&quot;1&quot;}\" data-image-title=\"FESSURA SS16 (129)\" data-image-description=\"\" data-image-caption=\"\" data-medium-file=\"https:\/\/i0.wp.com\/joyana.fr\/wp-content\/uploads\/2015\/08\/FESSURA-SS16-129.jpg?fit=389%2C276&amp;ssl=1\" data-large-file=\"https:\/\/i0.wp.com\/joyana.fr\/wp-content\/uploads\/2015\/08\/FESSURA-SS16-129.jpg?fit=1024%2C727&amp;ssl=1\" class=\"alignnone size-full wp-image-17731\" src=\"https:\/\/i0.wp.com\/joyana.fr\/wp-content\/uploads\/2014\/07\/RICARD-packaging-coffret-%2B-bouteille-et-verres_HD.jpg?resize=650%2C404&#038;ssl=1\" alt=\"RICARD packaging coffret + bouteille et verres_HD\" width=\"650\" height=\"404\" \/><\/a><\/p>\n<p>&nbsp;<\/p>\n<p style=\"text-align: center;\">En savoir + sur <a href=\"http:\/\/www.ricard.fr\" target=\"_blank\"><strong>RICARD<\/strong><\/a> &amp; <a href=\"http:\/\/www.mathieulehanneur.fr\" target=\"_blank\"><strong>Mathieu\u00a0LEHANNEUR<\/strong><\/a><\/p>\n","protected":false},"excerpt":{"rendered":"<p>Apr\u00e8s le duo de carafes JAKOB+MACFARLANE, Ricard d\u00e9voile sa nouvelle carafe &#8211; sign\u00e9e par Mathieu Lehanneur &#8211; qui accompagne \u00e0 merveille les verres sortis plus t\u00f4t&#8230; La marque marseillaise est toujours \u00e0 la pointe du design, gr\u00e2ce aux travail des diff\u00e9rents designers qui imaginent toujours de nouveaux accessoires pour Ricard. Le leader de l&#8217;ap\u00e9ritif lance [&hellip;]<\/p>\n","protected":false},"author":3,"featured_media":117739,"comment_status":"open","ping_status":"open","sticky":false,"template":"","format":"aside","meta":{"_coblocks_attr":"","_coblocks_dimensions":"","_coblocks_responsive_height":"","_coblocks_accordion_ie_support":"","_uag_custom_page_level_css":"","advgb_blocks_editor_width":"","advgb_blocks_columns_visual_guide":"","_genesis_hide_title":false,"_genesis_hide_breadcrumbs":false,"_genesis_hide_singular_image":false,"_genesis_hide_footer_widgets":false,"_genesis_custom_body_class":"","_genesis_custom_post_class":"","_genesis_layout":"","_themeisle_gutenberg_block_has_review":false,"_jetpack_newsletter_access":"","_jetpack_dont_email_post_to_subs":false,"_jetpack_newsletter_tier_id":0,"_jetpack_memberships_contains_paywalled_content":false,"_jetpack_memberships_contains_paid_content":false,"footnotes":""},"categories":[906,1033,905,1292],"tags":[1162,1555,1293,495],"class_list":{"0":"post-117734","1":"post","2":"type-post","3":"status-publish","4":"format-aside","5":"has-post-thumbnail","7":"category-accessoires","8":"category-art-de-la-table","9":"category-deco-design","10":"category-mathieu-lehanneur","11":"tag-art-de-la-table","12":"tag-carafe-design","13":"tag-mathieu-lehanneur","14":"tag-ricard","15":"post_format-post-format-aside","16":"entry"},"featured_image_urls":{"full":["https:\/\/i0.wp.com\/joyana.fr\/wp-content\/uploads\/2014\/07\/RICARD-coffret-%2B-bouteille-et-verres_HD.jpg?fit=650%2C674&ssl=1",650,674,false],"thumbnail":["https:\/\/i0.wp.com\/joyana.fr\/wp-content\/uploads\/2014\/07\/RICARD-coffret-%2B-bouteille-et-verres_HD.jpg?resize=150%2C150&ssl=1",150,150,true],"medium":["https:\/\/i0.wp.com\/joyana.fr\/wp-content\/uploads\/2014\/07\/RICARD-coffret-%2B-bouteille-et-verres_HD.jpg?fit=375%2C389&ssl=1",375,389,true],"medium_large":["https:\/\/i0.wp.com\/joyana.fr\/wp-content\/uploads\/2014\/07\/RICARD-coffret-%2B-bouteille-et-verres_HD.jpg?fit=650%2C674&ssl=1",650,674,true],"large":["https:\/\/i0.wp.com\/joyana.fr\/wp-content\/uploads\/2014\/07\/RICARD-coffret-%2B-bouteille-et-verres_HD.jpg?fit=650%2C674&ssl=1",650,674,true],"1536x1536":["https:\/\/i0.wp.com\/joyana.fr\/wp-content\/uploads\/2014\/07\/RICARD-coffret-%2B-bouteille-et-verres_HD.jpg?fit=650%2C674&ssl=1",650,674,true],"2048x2048":["https:\/\/i0.wp.com\/joyana.fr\/wp-content\/uploads\/2014\/07\/RICARD-coffret-%2B-bouteille-et-verres_HD.jpg?fit=650%2C674&ssl=1",650,674,true],"featured-thumb":["https:\/\/i0.wp.com\/joyana.fr\/wp-content\/uploads\/2014\/07\/RICARD-coffret-%2B-bouteille-et-verres_HD.jpg?resize=650%2C674&ssl=1",650,674,true],"ab-block-post-grid-landscape":["https:\/\/i0.wp.com\/joyana.fr\/wp-content\/uploads\/2014\/07\/RICARD-coffret-%2B-bouteille-et-verres_HD.jpg?resize=600%2C400&ssl=1",600,400,true],"ab-block-post-grid-square":["https:\/\/i0.wp.com\/joyana.fr\/wp-content\/uploads\/2014\/07\/RICARD-coffret-%2B-bouteille-et-verres_HD.jpg?resize=600%2C600&ssl=1",600,600,true],"author-pro-image":["https:\/\/i0.wp.com\/joyana.fr\/wp-content\/uploads\/2014\/07\/RICARD-coffret-%2B-bouteille-et-verres_HD.jpg?resize=360%2C570&ssl=1",360,570,true],"slider":["https:\/\/i0.wp.com\/joyana.fr\/wp-content\/uploads\/2014\/07\/RICARD-coffret-%2B-bouteille-et-verres_HD.jpg?resize=650%2C400&ssl=1",650,400,true],"woocommerce_thumbnail":["https:\/\/i0.wp.com\/joyana.fr\/wp-content\/uploads\/2014\/07\/RICARD-coffret-%2B-bouteille-et-verres_HD.jpg?resize=450%2C450&ssl=1",450,450,true],"woocommerce_single":["https:\/\/i0.wp.com\/joyana.fr\/wp-content\/uploads\/2014\/07\/RICARD-coffret-%2B-bouteille-et-verres_HD.jpg?fit=650%2C674&ssl=1",650,674,true],"woocommerce_gallery_thumbnail":["https:\/\/i0.wp.com\/joyana.fr\/wp-content\/uploads\/2014\/07\/RICARD-coffret-%2B-bouteille-et-verres_HD.jpg?resize=180%2C180&ssl=1",180,180,true],"sow-carousel-default":["https:\/\/i0.wp.com\/joyana.fr\/wp-content\/uploads\/2014\/07\/RICARD-coffret-%2B-bouteille-et-verres_HD.jpg?resize=272%2C182&ssl=1",272,182,true]},"post_excerpt_stackable":"<p>Apr\u00e8s le duo de carafes JAKOB+MACFARLANE, Ricard d\u00e9voile sa nouvelle carafe &#8211; sign\u00e9e par Mathieu Lehanneur &#8211; qui accompagne \u00e0 merveille les verres sortis plus t\u00f4t&#8230; La marque marseillaise est toujours \u00e0 la pointe du design, gr\u00e2ce aux travail des diff\u00e9rents designers qui imaginent toujours de nouveaux accessoires pour Ricard. Le leader de l&#8217;ap\u00e9ritif lance une nouvelle carafe sign\u00e9e Mathieu Lehanneur qui accompagnera le verre Ricard d\u00e9j\u00e0 cr\u00e9\u00e9 par le designer. Mathieu Lehanneur s\u2019est inspir\u00e9 du c\u00e9l\u00e8bre verre ballon pour cr\u00e9er cette nouvelle gamme dont le dessin est guid\u00e9 par les diff\u00e9rentes \u00e9tapes du fameux rituel Ricard. &#8220;Savoir doser son&hellip;<\/p>\n","category_list":"<a href=\"https:\/\/joyana.fr\/en\/category\/deco-design\/decoration\/accessoires\/\" rel=\"category tag\">Accessoires<\/a>, <a href=\"https:\/\/joyana.fr\/en\/category\/deco-design\/decoration\/art-de-la-table\/\" rel=\"category tag\">Art de la Table<\/a>, <a href=\"https:\/\/joyana.fr\/en\/category\/deco-design\/\" rel=\"category tag\">DECO-DESIGN<\/a>, <a href=\"https:\/\/joyana.fr\/en\/category\/deco-design\/designer\/mathieu-lehanneur\/\" rel=\"category tag\">Mathieu LEHANNEUR<\/a>","author_info":{"display_name":"Jo Yana","author_link":"https:\/\/joyana.fr\/en\/author\/joyana\/"},"comments_num":"0 comments","featured_image_urls_v2":{"full":["https:\/\/i0.wp.com\/joyana.fr\/wp-content\/uploads\/2014\/07\/RICARD-coffret-%2B-bouteille-et-verres_HD.jpg?fit=650%2C674&ssl=1",650,674,false],"thumbnail":["https:\/\/i0.wp.com\/joyana.fr\/wp-content\/uploads\/2014\/07\/RICARD-coffret-%2B-bouteille-et-verres_HD.jpg?resize=150%2C150&ssl=1",150,150,true],"medium":["https:\/\/i0.wp.com\/joyana.fr\/wp-content\/uploads\/2014\/07\/RICARD-coffret-%2B-bouteille-et-verres_HD.jpg?fit=375%2C389&ssl=1",375,389,true],"medium_large":["https:\/\/i0.wp.com\/joyana.fr\/wp-content\/uploads\/2014\/07\/RICARD-coffret-%2B-bouteille-et-verres_HD.jpg?fit=650%2C674&ssl=1",650,674,true],"large":["https:\/\/i0.wp.com\/joyana.fr\/wp-content\/uploads\/2014\/07\/RICARD-coffret-%2B-bouteille-et-verres_HD.jpg?fit=650%2C674&ssl=1",650,674,true],"1536x1536":["https:\/\/i0.wp.com\/joyana.fr\/wp-content\/uploads\/2014\/07\/RICARD-coffret-%2B-bouteille-et-verres_HD.jpg?fit=650%2C674&ssl=1",650,674,true],"2048x2048":["https:\/\/i0.wp.com\/joyana.fr\/wp-content\/uploads\/2014\/07\/RICARD-coffret-%2B-bouteille-et-verres_HD.jpg?fit=650%2C674&ssl=1",650,674,true],"featured-thumb":["https:\/\/i0.wp.com\/joyana.fr\/wp-content\/uploads\/2014\/07\/RICARD-coffret-%2B-bouteille-et-verres_HD.jpg?resize=650%2C674&ssl=1",650,674,true],"ab-block-post-grid-landscape":["https:\/\/i0.wp.com\/joyana.fr\/wp-content\/uploads\/2014\/07\/RICARD-coffret-%2B-bouteille-et-verres_HD.jpg?resize=600%2C400&ssl=1",600,400,true],"ab-block-post-grid-square":["https:\/\/i0.wp.com\/joyana.fr\/wp-content\/uploads\/2014\/07\/RICARD-coffret-%2B-bouteille-et-verres_HD.jpg?resize=600%2C600&ssl=1",600,600,true],"author-pro-image":["https:\/\/i0.wp.com\/joyana.fr\/wp-content\/uploads\/2014\/07\/RICARD-coffret-%2B-bouteille-et-verres_HD.jpg?resize=360%2C570&ssl=1",360,570,true],"slider":["https:\/\/i0.wp.com\/joyana.fr\/wp-content\/uploads\/2014\/07\/RICARD-coffret-%2B-bouteille-et-verres_HD.jpg?resize=650%2C400&ssl=1",650,400,true],"woocommerce_thumbnail":["https:\/\/i0.wp.com\/joyana.fr\/wp-content\/uploads\/2014\/07\/RICARD-coffret-%2B-bouteille-et-verres_HD.jpg?resize=450%2C450&ssl=1",450,450,true],"woocommerce_single":["https:\/\/i0.wp.com\/joyana.fr\/wp-content\/uploads\/2014\/07\/RICARD-coffret-%2B-bouteille-et-verres_HD.jpg?fit=650%2C674&ssl=1",650,674,true],"woocommerce_gallery_thumbnail":["https:\/\/i0.wp.com\/joyana.fr\/wp-content\/uploads\/2014\/07\/RICARD-coffret-%2B-bouteille-et-verres_HD.jpg?resize=180%2C180&ssl=1",180,180,true],"sow-carousel-default":["https:\/\/i0.wp.com\/joyana.fr\/wp-content\/uploads\/2014\/07\/RICARD-coffret-%2B-bouteille-et-verres_HD.jpg?resize=272%2C182&ssl=1",272,182,true]},"post_excerpt_stackable_v2":"<p>Apr\u00e8s le duo de carafes JAKOB+MACFARLANE, Ricard d\u00e9voile sa nouvelle carafe &#8211; sign\u00e9e par Mathieu Lehanneur &#8211; qui accompagne \u00e0 merveille les verres sortis plus t\u00f4t&#8230; La marque marseillaise est toujours \u00e0 la pointe du design, gr\u00e2ce aux travail des diff\u00e9rents designers qui imaginent toujours de nouveaux accessoires pour Ricard. Le leader de l&#8217;ap\u00e9ritif lance une nouvelle carafe sign\u00e9e Mathieu Lehanneur qui accompagnera le verre Ricard d\u00e9j\u00e0 cr\u00e9\u00e9 par le designer. Mathieu Lehanneur s\u2019est inspir\u00e9 du c\u00e9l\u00e8bre verre ballon pour cr\u00e9er cette nouvelle gamme dont le dessin est guid\u00e9 par les diff\u00e9rentes \u00e9tapes du fameux rituel Ricard. &#8220;Savoir doser son&hellip;<\/p>\n","category_list_v2":"<a href=\"https:\/\/joyana.fr\/en\/category\/deco-design\/decoration\/accessoires\/\" rel=\"category tag\">Accessoires<\/a>, <a href=\"https:\/\/joyana.fr\/en\/category\/deco-design\/decoration\/art-de-la-table\/\" rel=\"category tag\">Art de la Table<\/a>, <a href=\"https:\/\/joyana.fr\/en\/category\/deco-design\/\" rel=\"category tag\">DECO-DESIGN<\/a>, <a href=\"https:\/\/joyana.fr\/en\/category\/deco-design\/designer\/mathieu-lehanneur\/\" rel=\"category tag\">Mathieu LEHANNEUR<\/a>","author_info_v2":{"name":"Jo Yana","url":"https:\/\/joyana.fr\/en\/author\/joyana\/"},"comments_num_v2":"0 comments","yoast_head":"<!-- This site is optimized with the Yoast SEO plugin v26.8 - https:\/\/yoast.com\/product\/yoast-seo-wordpress\/ -->\n<title>Carafe RICARD x Mathieu LEHANNEUR - JO YANA<\/title>\n<meta name=\"robots\" content=\"index, follow, max-snippet:-1, max-image-preview:large, max-video-preview:-1\" \/>\n<link rel=\"canonical\" href=\"https:\/\/joyana.fr\/en\/carafe-ricard-x-mathieu-lehanneur\/117734\/\" \/>\n<meta property=\"og:locale\" content=\"en_US\" \/>\n<meta property=\"og:locale:alternate\" content=\"fr_FR\" \/>\n<meta property=\"og:locale:alternate\" content=\"ja\" \/>\n<meta property=\"og:type\" content=\"article\" \/>\n<meta property=\"og:title\" content=\"Carafe RICARD x Mathieu LEHANNEUR - JO YANA\" \/>\n<meta property=\"og:description\" content=\"Apr\u00e8s le duo de carafes JAKOB+MACFARLANE, Ricard d\u00e9voile sa nouvelle carafe &#8211; sign\u00e9e par Mathieu Lehanneur &#8211; qui accompagne \u00e0 merveille les verres sortis plus t\u00f4t&#8230; La marque marseillaise est toujours \u00e0 la pointe du design, gr\u00e2ce aux travail des diff\u00e9rents designers qui imaginent toujours de nouveaux accessoires pour Ricard. Le leader de l&#8217;ap\u00e9ritif lance [&hellip;]\" \/>\n<meta property=\"og:url\" content=\"https:\/\/joyana.fr\/en\/carafe-ricard-x-mathieu-lehanneur\/117734\/\" \/>\n<meta property=\"og:site_name\" content=\"JO YANA\" \/>\n<meta property=\"article:published_time\" content=\"2014-07-02T18:39:02+00:00\" \/>\n<meta property=\"og:image\" content=\"https:\/\/joyana.fr\/wp-content\/uploads\/2014\/07\/RICARD-coffret-+-bouteille-et-verres_HD.jpg\" \/>\n\t<meta property=\"og:image:width\" content=\"650\" \/>\n\t<meta property=\"og:image:height\" content=\"674\" \/>\n\t<meta property=\"og:image:type\" content=\"image\/jpeg\" \/>\n<meta name=\"author\" content=\"Jo Yana\" \/>\n<meta name=\"twitter:card\" content=\"summary_large_image\" \/>\n<meta name=\"twitter:creator\" content=\"@Jo_Yana\" \/>\n<meta name=\"twitter:site\" content=\"@Jo_Yana\" \/>\n<meta name=\"twitter:label1\" content=\"Written by\" \/>\n\t<meta name=\"twitter:data1\" content=\"Jo Yana\" \/>\n\t<meta name=\"twitter:label2\" content=\"Est. reading time\" \/>\n\t<meta name=\"twitter:data2\" content=\"1 minute\" \/>\n<script type=\"application\/ld+json\" class=\"yoast-schema-graph\">{\"@context\":\"https:\/\/schema.org\",\"@graph\":[{\"@type\":\"Article\",\"@id\":\"https:\/\/joyana.fr\/en\/carafe-ricard-x-mathieu-lehanneur\/117734\/#article\",\"isPartOf\":{\"@id\":\"https:\/\/joyana.fr\/en\/carafe-ricard-x-mathieu-lehanneur\/117734\/\"},\"author\":{\"name\":\"Jo Yana\",\"@id\":\"https:\/\/joyana.fr\/#\/schema\/person\/cf2a1ad12a27c12c21801075bf37407c\"},\"headline\":\"Carafe RICARD x Mathieu LEHANNEUR\",\"datePublished\":\"2014-07-02T18:39:02+00:00\",\"mainEntityOfPage\":{\"@id\":\"https:\/\/joyana.fr\/en\/carafe-ricard-x-mathieu-lehanneur\/117734\/\"},\"wordCount\":251,\"commentCount\":0,\"publisher\":{\"@id\":\"https:\/\/joyana.fr\/#\/schema\/person\/cf2a1ad12a27c12c21801075bf37407c\"},\"image\":{\"@id\":\"https:\/\/joyana.fr\/en\/carafe-ricard-x-mathieu-lehanneur\/117734\/#primaryimage\"},\"thumbnailUrl\":\"https:\/\/i0.wp.com\/joyana.fr\/wp-content\/uploads\/2014\/07\/RICARD-coffret-%2B-bouteille-et-verres_HD.jpg?fit=650%2C674&ssl=1\",\"keywords\":[\"Art de la Table\",\"Carafe design\",\"Mathieu LEHANNEUR\",\"Ricard\"],\"articleSection\":[\"Accessoires\",\"Art de la Table\",\"DECO-DESIGN\",\"Mathieu LEHANNEUR\"],\"inLanguage\":\"en-US\",\"potentialAction\":[{\"@type\":\"CommentAction\",\"name\":\"Comment\",\"target\":[\"https:\/\/joyana.fr\/en\/carafe-ricard-x-mathieu-lehanneur\/117734\/#respond\"]}]},{\"@type\":\"WebPage\",\"@id\":\"https:\/\/joyana.fr\/en\/carafe-ricard-x-mathieu-lehanneur\/117734\/\",\"url\":\"https:\/\/joyana.fr\/en\/carafe-ricard-x-mathieu-lehanneur\/117734\/\",\"name\":\"Carafe RICARD x Mathieu LEHANNEUR - JO YANA\",\"isPartOf\":{\"@id\":\"https:\/\/joyana.fr\/#website\"},\"primaryImageOfPage\":{\"@id\":\"https:\/\/joyana.fr\/en\/carafe-ricard-x-mathieu-lehanneur\/117734\/#primaryimage\"},\"image\":{\"@id\":\"https:\/\/joyana.fr\/en\/carafe-ricard-x-mathieu-lehanneur\/117734\/#primaryimage\"},\"thumbnailUrl\":\"https:\/\/i0.wp.com\/joyana.fr\/wp-content\/uploads\/2014\/07\/RICARD-coffret-%2B-bouteille-et-verres_HD.jpg?fit=650%2C674&ssl=1\",\"datePublished\":\"2014-07-02T18:39:02+00:00\",\"breadcrumb\":{\"@id\":\"https:\/\/joyana.fr\/en\/carafe-ricard-x-mathieu-lehanneur\/117734\/#breadcrumb\"},\"inLanguage\":\"en-US\",\"potentialAction\":[{\"@type\":\"ReadAction\",\"target\":[\"https:\/\/joyana.fr\/en\/carafe-ricard-x-mathieu-lehanneur\/117734\/\"]}]},{\"@type\":\"ImageObject\",\"inLanguage\":\"en-US\",\"@id\":\"https:\/\/joyana.fr\/en\/carafe-ricard-x-mathieu-lehanneur\/117734\/#primaryimage\",\"url\":\"https:\/\/i0.wp.com\/joyana.fr\/wp-content\/uploads\/2014\/07\/RICARD-coffret-%2B-bouteille-et-verres_HD.jpg?fit=650%2C674&ssl=1\",\"contentUrl\":\"https:\/\/i0.wp.com\/joyana.fr\/wp-content\/uploads\/2014\/07\/RICARD-coffret-%2B-bouteille-et-verres_HD.jpg?fit=650%2C674&ssl=1\",\"width\":650,\"height\":674},{\"@type\":\"BreadcrumbList\",\"@id\":\"https:\/\/joyana.fr\/en\/carafe-ricard-x-mathieu-lehanneur\/117734\/#breadcrumb\",\"itemListElement\":[{\"@type\":\"ListItem\",\"position\":1,\"name\":\"Accueil\",\"item\":\"https:\/\/joyana.fr\/\"},{\"@type\":\"ListItem\",\"position\":2,\"name\":\"Carafe RICARD x Mathieu LEHANNEUR\"}]},{\"@type\":\"WebSite\",\"@id\":\"https:\/\/joyana.fr\/#website\",\"url\":\"https:\/\/joyana.fr\/\",\"name\":\"JO YANA\",\"description\":\"Blog Mode Homme, Lifestyle, D\u00e9co-Design\",\"publisher\":{\"@id\":\"https:\/\/joyana.fr\/#\/schema\/person\/cf2a1ad12a27c12c21801075bf37407c\"},\"potentialAction\":[{\"@type\":\"SearchAction\",\"target\":{\"@type\":\"EntryPoint\",\"urlTemplate\":\"https:\/\/joyana.fr\/?s={search_term_string}\"},\"query-input\":{\"@type\":\"PropertyValueSpecification\",\"valueRequired\":true,\"valueName\":\"search_term_string\"}}],\"inLanguage\":\"en-US\"},{\"@type\":[\"Person\",\"Organization\"],\"@id\":\"https:\/\/joyana.fr\/#\/schema\/person\/cf2a1ad12a27c12c21801075bf37407c\",\"name\":\"Jo Yana\",\"image\":{\"@type\":\"ImageObject\",\"inLanguage\":\"en-US\",\"@id\":\"https:\/\/joyana.fr\/#\/schema\/person\/image\/\",\"url\":\"https:\/\/i0.wp.com\/joyana.fr\/wp-content\/uploads\/2016\/08\/cropped-joyana-logo-black-360x180.png?fit=343%2C164&ssl=1\",\"contentUrl\":\"https:\/\/i0.wp.com\/joyana.fr\/wp-content\/uploads\/2016\/08\/cropped-joyana-logo-black-360x180.png?fit=343%2C164&ssl=1\",\"width\":343,\"height\":164,\"caption\":\"Jo Yana\"},\"logo\":{\"@id\":\"https:\/\/joyana.fr\/#\/schema\/person\/image\/\"},\"description\":\"Jo Yana est le cr\u00e9ateur et r\u00e9dacteur en chef des sites DECO-DESIGN. Passionn\u00e9 de Design, Mode, Photo, Luxe, Lifestyle, Musique, mais avant tout Blogueur ! Le plaisir de partager l'anime et a comme devise \\\"POUR L'AMOUR DU BEAU\\\". Retrouvez le aussi sur son blog personnel - https:\/\/joyana.fr...\",\"sameAs\":[\"https:\/\/joyana.fr\/\"],\"url\":\"https:\/\/joyana.fr\/en\/author\/joyana\/\"}]}<\/script>\n<!-- \/ Yoast SEO plugin. -->","yoast_head_json":{"title":"Carafe RICARD x Mathieu LEHANNEUR - JO YANA","robots":{"index":"index","follow":"follow","max-snippet":"max-snippet:-1","max-image-preview":"max-image-preview:large","max-video-preview":"max-video-preview:-1"},"canonical":"https:\/\/joyana.fr\/en\/carafe-ricard-x-mathieu-lehanneur\/117734\/","og_locale":"en_US","og_type":"article","og_title":"Carafe RICARD x Mathieu LEHANNEUR - JO YANA","og_description":"Apr\u00e8s le duo de carafes JAKOB+MACFARLANE, Ricard d\u00e9voile sa nouvelle carafe &#8211; sign\u00e9e par Mathieu Lehanneur &#8211; qui accompagne \u00e0 merveille les verres sortis plus t\u00f4t&#8230; La marque marseillaise est toujours \u00e0 la pointe du design, gr\u00e2ce aux travail des diff\u00e9rents designers qui imaginent toujours de nouveaux accessoires pour Ricard. Le leader de l&#8217;ap\u00e9ritif lance [&hellip;]","og_url":"https:\/\/joyana.fr\/en\/carafe-ricard-x-mathieu-lehanneur\/117734\/","og_site_name":"JO YANA","article_published_time":"2014-07-02T18:39:02+00:00","og_image":[{"width":650,"height":674,"url":"https:\/\/joyana.fr\/wp-content\/uploads\/2014\/07\/RICARD-coffret-+-bouteille-et-verres_HD.jpg","type":"image\/jpeg"}],"author":"Jo Yana","twitter_card":"summary_large_image","twitter_creator":"@Jo_Yana","twitter_site":"@Jo_Yana","twitter_misc":{"Written by":"Jo Yana","Est. reading time":"1 minute"},"schema":{"@context":"https:\/\/schema.org","@graph":[{"@type":"Article","@id":"https:\/\/joyana.fr\/en\/carafe-ricard-x-mathieu-lehanneur\/117734\/#article","isPartOf":{"@id":"https:\/\/joyana.fr\/en\/carafe-ricard-x-mathieu-lehanneur\/117734\/"},"author":{"name":"Jo Yana","@id":"https:\/\/joyana.fr\/#\/schema\/person\/cf2a1ad12a27c12c21801075bf37407c"},"headline":"Carafe RICARD x Mathieu LEHANNEUR","datePublished":"2014-07-02T18:39:02+00:00","mainEntityOfPage":{"@id":"https:\/\/joyana.fr\/en\/carafe-ricard-x-mathieu-lehanneur\/117734\/"},"wordCount":251,"commentCount":0,"publisher":{"@id":"https:\/\/joyana.fr\/#\/schema\/person\/cf2a1ad12a27c12c21801075bf37407c"},"image":{"@id":"https:\/\/joyana.fr\/en\/carafe-ricard-x-mathieu-lehanneur\/117734\/#primaryimage"},"thumbnailUrl":"https:\/\/i0.wp.com\/joyana.fr\/wp-content\/uploads\/2014\/07\/RICARD-coffret-%2B-bouteille-et-verres_HD.jpg?fit=650%2C674&ssl=1","keywords":["Art de la Table","Carafe design","Mathieu LEHANNEUR","Ricard"],"articleSection":["Accessoires","Art de la Table","DECO-DESIGN","Mathieu LEHANNEUR"],"inLanguage":"en-US","potentialAction":[{"@type":"CommentAction","name":"Comment","target":["https:\/\/joyana.fr\/en\/carafe-ricard-x-mathieu-lehanneur\/117734\/#respond"]}]},{"@type":"WebPage","@id":"https:\/\/joyana.fr\/en\/carafe-ricard-x-mathieu-lehanneur\/117734\/","url":"https:\/\/joyana.fr\/en\/carafe-ricard-x-mathieu-lehanneur\/117734\/","name":"Carafe RICARD x Mathieu LEHANNEUR - JO YANA","isPartOf":{"@id":"https:\/\/joyana.fr\/#website"},"primaryImageOfPage":{"@id":"https:\/\/joyana.fr\/en\/carafe-ricard-x-mathieu-lehanneur\/117734\/#primaryimage"},"image":{"@id":"https:\/\/joyana.fr\/en\/carafe-ricard-x-mathieu-lehanneur\/117734\/#primaryimage"},"thumbnailUrl":"https:\/\/i0.wp.com\/joyana.fr\/wp-content\/uploads\/2014\/07\/RICARD-coffret-%2B-bouteille-et-verres_HD.jpg?fit=650%2C674&ssl=1","datePublished":"2014-07-02T18:39:02+00:00","breadcrumb":{"@id":"https:\/\/joyana.fr\/en\/carafe-ricard-x-mathieu-lehanneur\/117734\/#breadcrumb"},"inLanguage":"en-US","potentialAction":[{"@type":"ReadAction","target":["https:\/\/joyana.fr\/en\/carafe-ricard-x-mathieu-lehanneur\/117734\/"]}]},{"@type":"ImageObject","inLanguage":"en-US","@id":"https:\/\/joyana.fr\/en\/carafe-ricard-x-mathieu-lehanneur\/117734\/#primaryimage","url":"https:\/\/i0.wp.com\/joyana.fr\/wp-content\/uploads\/2014\/07\/RICARD-coffret-%2B-bouteille-et-verres_HD.jpg?fit=650%2C674&ssl=1","contentUrl":"https:\/\/i0.wp.com\/joyana.fr\/wp-content\/uploads\/2014\/07\/RICARD-coffret-%2B-bouteille-et-verres_HD.jpg?fit=650%2C674&ssl=1","width":650,"height":674},{"@type":"BreadcrumbList","@id":"https:\/\/joyana.fr\/en\/carafe-ricard-x-mathieu-lehanneur\/117734\/#breadcrumb","itemListElement":[{"@type":"ListItem","position":1,"name":"Accueil","item":"https:\/\/joyana.fr\/"},{"@type":"ListItem","position":2,"name":"Carafe RICARD x Mathieu LEHANNEUR"}]},{"@type":"WebSite","@id":"https:\/\/joyana.fr\/#website","url":"https:\/\/joyana.fr\/","name":"JO YANA","description":"Blog Mode Homme, Lifestyle, D\u00e9co-Design","publisher":{"@id":"https:\/\/joyana.fr\/#\/schema\/person\/cf2a1ad12a27c12c21801075bf37407c"},"potentialAction":[{"@type":"SearchAction","target":{"@type":"EntryPoint","urlTemplate":"https:\/\/joyana.fr\/?s={search_term_string}"},"query-input":{"@type":"PropertyValueSpecification","valueRequired":true,"valueName":"search_term_string"}}],"inLanguage":"en-US"},{"@type":["Person","Organization"],"@id":"https:\/\/joyana.fr\/#\/schema\/person\/cf2a1ad12a27c12c21801075bf37407c","name":"Jo Yana","image":{"@type":"ImageObject","inLanguage":"en-US","@id":"https:\/\/joyana.fr\/#\/schema\/person\/image\/","url":"https:\/\/i0.wp.com\/joyana.fr\/wp-content\/uploads\/2016\/08\/cropped-joyana-logo-black-360x180.png?fit=343%2C164&ssl=1","contentUrl":"https:\/\/i0.wp.com\/joyana.fr\/wp-content\/uploads\/2016\/08\/cropped-joyana-logo-black-360x180.png?fit=343%2C164&ssl=1","width":343,"height":164,"caption":"Jo Yana"},"logo":{"@id":"https:\/\/joyana.fr\/#\/schema\/person\/image\/"},"description":"Jo Yana est le cr\u00e9ateur et r\u00e9dacteur en chef des sites DECO-DESIGN. Passionn\u00e9 de Design, Mode, Photo, Luxe, Lifestyle, Musique, mais avant tout Blogueur ! Le plaisir de partager l'anime et a comme devise \"POUR L'AMOUR DU BEAU\". Retrouvez le aussi sur son blog personnel - https:\/\/joyana.fr...","sameAs":["https:\/\/joyana.fr\/"],"url":"https:\/\/joyana.fr\/en\/author\/joyana\/"}]}},"author_meta":{"display_name":"Jo Yana","author_link":"https:\/\/joyana.fr\/en\/author\/joyana\/"},"featured_img":"https:\/\/i0.wp.com\/joyana.fr\/wp-content\/uploads\/2014\/07\/RICARD-coffret-%2B-bouteille-et-verres_HD.jpg?fit=375%2C389&ssl=1","featured_image_src":"https:\/\/i0.wp.com\/joyana.fr\/wp-content\/uploads\/2014\/07\/RICARD-coffret-%2B-bouteille-et-verres_HD.jpg?resize=600%2C400&ssl=1","featured_image_src_square":"https:\/\/i0.wp.com\/joyana.fr\/wp-content\/uploads\/2014\/07\/RICARD-coffret-%2B-bouteille-et-verres_HD.jpg?resize=600%2C600&ssl=1","jetpack_featured_media_url":"https:\/\/i0.wp.com\/joyana.fr\/wp-content\/uploads\/2014\/07\/RICARD-coffret-%2B-bouteille-et-verres_HD.jpg?fit=650%2C674&ssl=1","uagb_featured_image_src":{"full":["https:\/\/i0.wp.com\/joyana.fr\/wp-content\/uploads\/2014\/07\/RICARD-coffret-%2B-bouteille-et-verres_HD.jpg?fit=650%2C674&ssl=1",650,674,false],"thumbnail":["https:\/\/i0.wp.com\/joyana.fr\/wp-content\/uploads\/2014\/07\/RICARD-coffret-%2B-bouteille-et-verres_HD.jpg?resize=150%2C150&ssl=1",150,150,true],"medium":["https:\/\/i0.wp.com\/joyana.fr\/wp-content\/uploads\/2014\/07\/RICARD-coffret-%2B-bouteille-et-verres_HD.jpg?fit=375%2C389&ssl=1",375,389,true],"medium_large":["https:\/\/i0.wp.com\/joyana.fr\/wp-content\/uploads\/2014\/07\/RICARD-coffret-%2B-bouteille-et-verres_HD.jpg?fit=650%2C674&ssl=1",650,674,true],"large":["https:\/\/i0.wp.com\/joyana.fr\/wp-content\/uploads\/2014\/07\/RICARD-coffret-%2B-bouteille-et-verres_HD.jpg?fit=650%2C674&ssl=1",650,674,true],"1536x1536":["https:\/\/i0.wp.com\/joyana.fr\/wp-content\/uploads\/2014\/07\/RICARD-coffret-%2B-bouteille-et-verres_HD.jpg?fit=650%2C674&ssl=1",650,674,true],"2048x2048":["https:\/\/i0.wp.com\/joyana.fr\/wp-content\/uploads\/2014\/07\/RICARD-coffret-%2B-bouteille-et-verres_HD.jpg?fit=650%2C674&ssl=1",650,674,true],"featured-thumb":["https:\/\/i0.wp.com\/joyana.fr\/wp-content\/uploads\/2014\/07\/RICARD-coffret-%2B-bouteille-et-verres_HD.jpg?resize=650%2C674&ssl=1",650,674,true],"ab-block-post-grid-landscape":["https:\/\/i0.wp.com\/joyana.fr\/wp-content\/uploads\/2014\/07\/RICARD-coffret-%2B-bouteille-et-verres_HD.jpg?resize=600%2C400&ssl=1",600,400,true],"ab-block-post-grid-square":["https:\/\/i0.wp.com\/joyana.fr\/wp-content\/uploads\/2014\/07\/RICARD-coffret-%2B-bouteille-et-verres_HD.jpg?resize=600%2C600&ssl=1",600,600,true],"author-pro-image":["https:\/\/i0.wp.com\/joyana.fr\/wp-content\/uploads\/2014\/07\/RICARD-coffret-%2B-bouteille-et-verres_HD.jpg?resize=360%2C570&ssl=1",360,570,true],"slider":["https:\/\/i0.wp.com\/joyana.fr\/wp-content\/uploads\/2014\/07\/RICARD-coffret-%2B-bouteille-et-verres_HD.jpg?resize=650%2C400&ssl=1",650,400,true],"woocommerce_thumbnail":["https:\/\/i0.wp.com\/joyana.fr\/wp-content\/uploads\/2014\/07\/RICARD-coffret-%2B-bouteille-et-verres_HD.jpg?resize=450%2C450&ssl=1",450,450,true],"woocommerce_single":["https:\/\/i0.wp.com\/joyana.fr\/wp-content\/uploads\/2014\/07\/RICARD-coffret-%2B-bouteille-et-verres_HD.jpg?fit=650%2C674&ssl=1",650,674,true],"woocommerce_gallery_thumbnail":["https:\/\/i0.wp.com\/joyana.fr\/wp-content\/uploads\/2014\/07\/RICARD-coffret-%2B-bouteille-et-verres_HD.jpg?resize=180%2C180&ssl=1",180,180,true],"sow-carousel-default":["https:\/\/i0.wp.com\/joyana.fr\/wp-content\/uploads\/2014\/07\/RICARD-coffret-%2B-bouteille-et-verres_HD.jpg?resize=272%2C182&ssl=1",272,182,true]},"uagb_author_info":{"display_name":"Jo Yana","author_link":"https:\/\/joyana.fr\/en\/author\/joyana\/"},"uagb_comment_info":19,"uagb_excerpt":"Apr\u00e8s le duo de carafes JAKOB+MACFARLANE, Ricard d\u00e9voile sa nouvelle carafe &#8211; sign\u00e9e par Mathieu Lehanneur &#8211; qui accompagne \u00e0 merveille les verres sortis plus t\u00f4t&#8230; La marque marseillaise est toujours \u00e0 la pointe du design, gr\u00e2ce aux travail des diff\u00e9rents designers qui imaginent toujours de nouveaux accessoires pour Ricard. Le leader de l&#8217;ap\u00e9ritif lance&hellip;","coauthors":[],"tax_additional":{"categories":{"linked":["<a href=\"https:\/\/joyana.fr\/en\/category\/deco-design\/decoration\/accessoires\/\" class=\"advgb-post-tax-term\">Accessoires<\/a>","<a href=\"https:\/\/joyana.fr\/en\/category\/deco-design\/decoration\/art-de-la-table\/\" class=\"advgb-post-tax-term\">Art de la Table<\/a>","<a href=\"https:\/\/joyana.fr\/en\/category\/deco-design\/\" class=\"advgb-post-tax-term\">DECO-DESIGN<\/a>","<a href=\"https:\/\/joyana.fr\/en\/category\/deco-design\/designer\/mathieu-lehanneur\/\" class=\"advgb-post-tax-term\">Mathieu LEHANNEUR<\/a>"],"unlinked":["<span class=\"advgb-post-tax-term\">Accessoires<\/span>","<span class=\"advgb-post-tax-term\">Art de la Table<\/span>","<span class=\"advgb-post-tax-term\">DECO-DESIGN<\/span>","<span class=\"advgb-post-tax-term\">Mathieu LEHANNEUR<\/span>"]},"tags":{"linked":["<a href=\"https:\/\/joyana.fr\/en\/category\/deco-design\/designer\/mathieu-lehanneur\/\" class=\"advgb-post-tax-term\">Art de la Table<\/a>","<a href=\"https:\/\/joyana.fr\/en\/category\/deco-design\/designer\/mathieu-lehanneur\/\" class=\"advgb-post-tax-term\">Carafe design<\/a>","<a href=\"https:\/\/joyana.fr\/en\/category\/deco-design\/designer\/mathieu-lehanneur\/\" class=\"advgb-post-tax-term\">Mathieu LEHANNEUR<\/a>","<a href=\"https:\/\/joyana.fr\/en\/category\/deco-design\/designer\/mathieu-lehanneur\/\" class=\"advgb-post-tax-term\">Ricard<\/a>"],"unlinked":["<span class=\"advgb-post-tax-term\">Art de la Table<\/span>","<span class=\"advgb-post-tax-term\">Carafe design<\/span>","<span class=\"advgb-post-tax-term\">Mathieu LEHANNEUR<\/span>","<span class=\"advgb-post-tax-term\">Ricard<\/span>"]}},"comment_count":0,"relative_dates":{"created":"Posted 12 years ago","modified":"Updated 12 years ago"},"absolute_dates":{"created":"Posted on 2 July 2014","modified":"Updated on 2 July 2014"},"absolute_dates_time":{"created":"Posted on 2 July 2014 19:39","modified":"Updated on 2 July 2014 19:39"},"featured_img_caption":"","series_order":"","jetpack_sharing_enabled":true,"jetpack_shortlink":"https:\/\/wp.me\/p9bteI-uCW","jetpack-related-posts":[],"_links":{"self":[{"href":"https:\/\/joyana.fr\/en\/wp-json\/wp\/v2\/posts\/117734","targetHints":{"allow":["GET"]}}],"collection":[{"href":"https:\/\/joyana.fr\/en\/wp-json\/wp\/v2\/posts"}],"about":[{"href":"https:\/\/joyana.fr\/en\/wp-json\/wp\/v2\/types\/post"}],"author":[{"embeddable":true,"href":"https:\/\/joyana.fr\/en\/wp-json\/wp\/v2\/users\/3"}],"replies":[{"embeddable":true,"href":"https:\/\/joyana.fr\/en\/wp-json\/wp\/v2\/comments?post=117734"}],"version-history":[{"count":0,"href":"https:\/\/joyana.fr\/en\/wp-json\/wp\/v2\/posts\/117734\/revisions"}],"wp:featuredmedia":[{"embeddable":true,"href":"https:\/\/joyana.fr\/en\/wp-json\/wp\/v2\/media\/117739"}],"wp:attachment":[{"href":"https:\/\/joyana.fr\/en\/wp-json\/wp\/v2\/media?parent=117734"}],"wp:term":[{"taxonomy":"category","embeddable":true,"href":"https:\/\/joyana.fr\/en\/wp-json\/wp\/v2\/categories?post=117734"},{"taxonomy":"post_tag","embeddable":true,"href":"https:\/\/joyana.fr\/en\/wp-json\/wp\/v2\/tags?post=117734"}],"curies":[{"name":"wp","href":"https:\/\/api.w.org\/{rel}","templated":true}]}}