{"id":118321,"date":"2014-09-17T08:50:26","date_gmt":"2014-09-17T07:50:26","guid":{"rendered":"https:\/\/joyana.fr\/?p=18321"},"modified":"2014-09-17T08:50:26","modified_gmt":"2014-09-17T07:50:26","slug":"enceinte-echoes-inspired-sound-pdw14","status":"publish","type":"post","link":"https:\/\/joyana.fr\/en\/enceinte-echoes-inspired-sound-pdw14\/118321\/","title":{"rendered":"Enceinte ECHOES Inspired Sound &#8211; #PDW14"},"content":{"rendered":"<p>Sur NOW! le Off, durant la <a title=\"PARIS DESIGN WEEK\" href=\"https:\/\/joyana.fr\/category\/actualite\/salon\/paris-design-week\/\" target=\"_blank\"><strong>Paris Design Week 2014<\/strong><\/a>, nous d\u00e9couvrons l&#8217;<strong>enceinte ECHOES<\/strong>. Un projet r\u00e9alis\u00e9 par Charlotte Juillard et Dominique Mafrand qui imaginent ici un produit novateur utilisant les technologies actu\u00adelles, offrant une acoustique de pointe alli\u00e9e \u00e0 un visuel sensible et \u00e9l\u00e9gant&#8230;<\/p>\n<p><a href=\"https:\/\/i0.wp.com\/joyana.fr\/wp-content\/uploads\/2014\/09\/echoes-6197.jpg?ssl=1\"><img data-recalc-dims=\"1\" fetchpriority=\"high\" decoding=\"async\" class=\"alignnone size-full wp-image-18322\" src=\"https:\/\/i0.wp.com\/joyana.fr\/wp-content\/uploads\/2014\/09\/echoes-6197.jpg?resize=650%2C466&#038;ssl=1\" alt=\"echoes 6197\" width=\"650\" height=\"466\" \/><\/a><\/p>\n<p style=\"text-align: justify;\">L&#8217;<strong>enceinte ECHOES<\/strong> &#8211; r\u00e9f\u00e9rence \u00e0 la c\u00e9l\u00e8bre chanson des Pink Floyd &#8211; est le fruit d\u2019une recherche pouss\u00e9e autour de l\u2019acoustique men\u00e9e par Charlotte Juil\u00adlard, designer et Dominique Mafrand, m\u00e9lomane \u00e9clectique et passionn\u00e9 de reproduction sonore. Ensemble, ils ont travaill\u00e9 autour d\u2019un enjeu cen\u00adtral, proposer une enceinte avec des capacit\u00e9s audio exceptionnelles et un dessin unique, trouver la bonne ad\u00e9quation entre artisanat et technique.<\/p>\n<p style=\"text-align: justify;\">On aime le cuir brut de la poign\u00e9e qui soutient l&#8217;enveloppe en c\u00e9ramique &#8211; mat\u00e9riau choisi pour ses qualit\u00e9s sonores inattendues. Le tout produit et assembl\u00e9 \u00e0 la main exprime la beaut\u00e9 du travail manuel et artisanal. Chaque pi\u00e8ce est unique et poss\u00e8de ses asp\u00e9rit\u00e9s et variations offrant un charme \u00e0 l&#8217;ensemble&#8230;<\/p>\n<p><a href=\"https:\/\/i0.wp.com\/joyana.fr\/wp-content\/uploads\/2014\/09\/echoes-DSC06195.jpg?ssl=1\"><img data-recalc-dims=\"1\" decoding=\"async\" class=\"alignnone size-full wp-image-18323\" src=\"https:\/\/i0.wp.com\/joyana.fr\/wp-content\/uploads\/2014\/09\/echoes-DSC06195.jpg?resize=650%2C464&#038;ssl=1\" alt=\"echoes DSC06195\" width=\"650\" height=\"464\" \/><\/a><\/p>\n\n<p style=\"text-align: justify;\">L&#8217;<strong>enceinte ECHOES<\/strong> est dot\u00e9e d&#8217;une grille textile aimant\u00e9e et interchangeable, qui vient prot\u00e9ger le haut parleur offrant \u00e0 l\u2019objet une person\u00adnalisation surprenante et inattendue. L\u2019enceinte fonctionne avec le syst\u00e8me airplay d\u2019apple permettant de contr\u00f4ler la musique sans aucun branchement. Elle existe en syst\u00e8me mono et st\u00e9r\u00e9o pour les plus m\u00e9lomanes.<\/p>\n<p><a href=\"https:\/\/i0.wp.com\/joyana.fr\/wp-content\/uploads\/2014\/09\/echoes-DSC06199.jpg?ssl=1\"><img data-recalc-dims=\"1\" decoding=\"async\" class=\"alignnone size-full wp-image-18325\" src=\"https:\/\/i0.wp.com\/joyana.fr\/wp-content\/uploads\/2014\/09\/echoes-DSC06199.jpg?resize=650%2C420&#038;ssl=1\" alt=\"echoes DSC06199\" width=\"650\" height=\"420\" \/><\/a><\/p>\n<p style=\"text-align: center;\">En savoir + sur <a href=\"http:\/\/www.echoes-inspiredsound.com\/\" target=\"_blank\"><strong>ECHOES<\/strong><\/a><\/p>\n","protected":false},"excerpt":{"rendered":"<p>Sur NOW! le Off, durant la Paris Design Week 2014, nous d\u00e9couvrons l&#8217;enceinte ECHOES. Un projet r\u00e9alis\u00e9 par Charlotte Juillard et Dominique Mafrand qui imaginent ici un produit novateur utilisant les technologies actu\u00adelles, offrant une acoustique de pointe alli\u00e9e \u00e0 un visuel sensible et \u00e9l\u00e9gant&#8230;<\/p>\n","protected":false},"author":3,"featured_media":118324,"comment_status":"open","ping_status":"open","sticky":false,"template":"","format":"aside","meta":{"_coblocks_attr":"","_coblocks_dimensions":"","_coblocks_responsive_height":"","_coblocks_accordion_ie_support":"","_uag_custom_page_level_css":"","advgb_blocks_editor_width":"","advgb_blocks_columns_visual_guide":"","_genesis_hide_title":false,"_genesis_hide_breadcrumbs":false,"_genesis_hide_singular_image":false,"_genesis_hide_footer_widgets":false,"_genesis_custom_body_class":"","_genesis_custom_post_class":"","_genesis_layout":"","_themeisle_gutenberg_block_has_review":false,"_jetpack_newsletter_access":"","_jetpack_dont_email_post_to_subs":false,"_jetpack_newsletter_tier_id":0,"_jetpack_memberships_contains_paywalled_content":false,"_jetpack_memberships_contains_paid_content":false,"footnotes":""},"categories":[905,925,1080],"tags":[1817,1515,1680,28,1447],"class_list":{"0":"post-118321","1":"post","2":"type-post","3":"status-publish","4":"format-aside","5":"has-post-thumbnail","7":"category-deco-design","8":"category-high-tech","9":"category-paris-design-week","10":"tag-pdw14","11":"tag-ceramique","12":"tag-enceinte-design","13":"tag-high-tech","14":"tag-paris-design-week","15":"post_format-post-format-aside","16":"entry"},"featured_image_urls":{"full":["https:\/\/i0.wp.com\/joyana.fr\/wp-content\/uploads\/2014\/09\/echoes-DSC06196.jpg?fit=1000%2C768&ssl=1",1000,768,false],"thumbnail":["https:\/\/i0.wp.com\/joyana.fr\/wp-content\/uploads\/2014\/09\/echoes-DSC06196.jpg?resize=150%2C150&ssl=1",150,150,true],"medium":["https:\/\/i0.wp.com\/joyana.fr\/wp-content\/uploads\/2014\/09\/echoes-DSC06196.jpg?fit=389%2C299&ssl=1",389,299,true],"medium_large":["https:\/\/i0.wp.com\/joyana.fr\/wp-content\/uploads\/2014\/09\/echoes-DSC06196.jpg?fit=768%2C590&ssl=1",768,590,true],"large":["https:\/\/i0.wp.com\/joyana.fr\/wp-content\/uploads\/2014\/09\/echoes-DSC06196.jpg?fit=1000%2C768&ssl=1",1000,768,true],"1536x1536":["https:\/\/i0.wp.com\/joyana.fr\/wp-content\/uploads\/2014\/09\/echoes-DSC06196.jpg?fit=1000%2C768&ssl=1",1000,768,true],"2048x2048":["https:\/\/i0.wp.com\/joyana.fr\/wp-content\/uploads\/2014\/09\/echoes-DSC06196.jpg?fit=1000%2C768&ssl=1",1000,768,true],"featured-thumb":["https:\/\/i0.wp.com\/joyana.fr\/wp-content\/uploads\/2014\/09\/echoes-DSC06196.jpg?resize=1000%2C750&ssl=1",1000,750,true],"ab-block-post-grid-landscape":["https:\/\/i0.wp.com\/joyana.fr\/wp-content\/uploads\/2014\/09\/echoes-DSC06196.jpg?resize=600%2C400&ssl=1",600,400,true],"ab-block-post-grid-square":["https:\/\/i0.wp.com\/joyana.fr\/wp-content\/uploads\/2014\/09\/echoes-DSC06196.jpg?resize=600%2C600&ssl=1",600,600,true],"author-pro-image":["https:\/\/i0.wp.com\/joyana.fr\/wp-content\/uploads\/2014\/09\/echoes-DSC06196.jpg?resize=360%2C570&ssl=1",360,570,true],"slider":["https:\/\/i0.wp.com\/joyana.fr\/wp-content\/uploads\/2014\/09\/echoes-DSC06196.jpg?resize=920%2C400&ssl=1",920,400,true],"woocommerce_thumbnail":["https:\/\/i0.wp.com\/joyana.fr\/wp-content\/uploads\/2014\/09\/echoes-DSC06196.jpg?resize=450%2C450&ssl=1",450,450,true],"woocommerce_single":["https:\/\/i0.wp.com\/joyana.fr\/wp-content\/uploads\/2014\/09\/echoes-DSC06196.jpg?fit=920%2C707&ssl=1",920,707,true],"woocommerce_gallery_thumbnail":["https:\/\/i0.wp.com\/joyana.fr\/wp-content\/uploads\/2014\/09\/echoes-DSC06196.jpg?resize=180%2C180&ssl=1",180,180,true],"sow-carousel-default":["https:\/\/i0.wp.com\/joyana.fr\/wp-content\/uploads\/2014\/09\/echoes-DSC06196.jpg?resize=272%2C182&ssl=1",272,182,true]},"post_excerpt_stackable":"<p>Sur NOW! le Off, durant la Paris Design Week 2014, nous d\u00e9couvrons l&#8217;enceinte ECHOES. Un projet r\u00e9alis\u00e9 par Charlotte Juillard et Dominique Mafrand qui imaginent ici un produit novateur utilisant les technologies actu\u00adelles, offrant une acoustique de pointe alli\u00e9e \u00e0 un visuel sensible et \u00e9l\u00e9gant&#8230;<\/p>\n","category_list":"<a href=\"https:\/\/joyana.fr\/en\/category\/deco-design\/\" rel=\"category tag\">DECO-DESIGN<\/a>, <a href=\"https:\/\/joyana.fr\/en\/category\/deco-design\/actualite\/high-tech\/\" rel=\"category tag\">High-Tech<\/a>, <a href=\"https:\/\/joyana.fr\/en\/category\/deco-design\/actualite\/salon\/paris-design-week\/\" rel=\"category tag\">Paris Design Week<\/a>","author_info":{"display_name":"Jo Yana","author_link":"https:\/\/joyana.fr\/en\/author\/joyana\/"},"comments_num":"0 comments","featured_image_urls_v2":{"full":["https:\/\/i0.wp.com\/joyana.fr\/wp-content\/uploads\/2014\/09\/echoes-DSC06196.jpg?fit=1000%2C768&ssl=1",1000,768,false],"thumbnail":["https:\/\/i0.wp.com\/joyana.fr\/wp-content\/uploads\/2014\/09\/echoes-DSC06196.jpg?resize=150%2C150&ssl=1",150,150,true],"medium":["https:\/\/i0.wp.com\/joyana.fr\/wp-content\/uploads\/2014\/09\/echoes-DSC06196.jpg?fit=389%2C299&ssl=1",389,299,true],"medium_large":["https:\/\/i0.wp.com\/joyana.fr\/wp-content\/uploads\/2014\/09\/echoes-DSC06196.jpg?fit=768%2C590&ssl=1",768,590,true],"large":["https:\/\/i0.wp.com\/joyana.fr\/wp-content\/uploads\/2014\/09\/echoes-DSC06196.jpg?fit=1000%2C768&ssl=1",1000,768,true],"1536x1536":["https:\/\/i0.wp.com\/joyana.fr\/wp-content\/uploads\/2014\/09\/echoes-DSC06196.jpg?fit=1000%2C768&ssl=1",1000,768,true],"2048x2048":["https:\/\/i0.wp.com\/joyana.fr\/wp-content\/uploads\/2014\/09\/echoes-DSC06196.jpg?fit=1000%2C768&ssl=1",1000,768,true],"featured-thumb":["https:\/\/i0.wp.com\/joyana.fr\/wp-content\/uploads\/2014\/09\/echoes-DSC06196.jpg?resize=1000%2C750&ssl=1",1000,750,true],"ab-block-post-grid-landscape":["https:\/\/i0.wp.com\/joyana.fr\/wp-content\/uploads\/2014\/09\/echoes-DSC06196.jpg?resize=600%2C400&ssl=1",600,400,true],"ab-block-post-grid-square":["https:\/\/i0.wp.com\/joyana.fr\/wp-content\/uploads\/2014\/09\/echoes-DSC06196.jpg?resize=600%2C600&ssl=1",600,600,true],"author-pro-image":["https:\/\/i0.wp.com\/joyana.fr\/wp-content\/uploads\/2014\/09\/echoes-DSC06196.jpg?resize=360%2C570&ssl=1",360,570,true],"slider":["https:\/\/i0.wp.com\/joyana.fr\/wp-content\/uploads\/2014\/09\/echoes-DSC06196.jpg?resize=920%2C400&ssl=1",920,400,true],"woocommerce_thumbnail":["https:\/\/i0.wp.com\/joyana.fr\/wp-content\/uploads\/2014\/09\/echoes-DSC06196.jpg?resize=450%2C450&ssl=1",450,450,true],"woocommerce_single":["https:\/\/i0.wp.com\/joyana.fr\/wp-content\/uploads\/2014\/09\/echoes-DSC06196.jpg?fit=920%2C707&ssl=1",920,707,true],"woocommerce_gallery_thumbnail":["https:\/\/i0.wp.com\/joyana.fr\/wp-content\/uploads\/2014\/09\/echoes-DSC06196.jpg?resize=180%2C180&ssl=1",180,180,true],"sow-carousel-default":["https:\/\/i0.wp.com\/joyana.fr\/wp-content\/uploads\/2014\/09\/echoes-DSC06196.jpg?resize=272%2C182&ssl=1",272,182,true]},"post_excerpt_stackable_v2":"<p>Sur NOW! le Off, durant la Paris Design Week 2014, nous d\u00e9couvrons l&#8217;enceinte ECHOES. Un projet r\u00e9alis\u00e9 par Charlotte Juillard et Dominique Mafrand qui imaginent ici un produit novateur utilisant les technologies actu\u00adelles, offrant une acoustique de pointe alli\u00e9e \u00e0 un visuel sensible et \u00e9l\u00e9gant&#8230;<\/p>\n","category_list_v2":"<a href=\"https:\/\/joyana.fr\/en\/category\/deco-design\/\" rel=\"category tag\">DECO-DESIGN<\/a>, <a href=\"https:\/\/joyana.fr\/en\/category\/deco-design\/actualite\/high-tech\/\" rel=\"category tag\">High-Tech<\/a>, <a href=\"https:\/\/joyana.fr\/en\/category\/deco-design\/actualite\/salon\/paris-design-week\/\" rel=\"category tag\">Paris Design Week<\/a>","author_info_v2":{"name":"Jo Yana","url":"https:\/\/joyana.fr\/en\/author\/joyana\/"},"comments_num_v2":"0 comments","yoast_head":"<!-- This site is optimized with the Yoast SEO plugin v26.8 - https:\/\/yoast.com\/product\/yoast-seo-wordpress\/ -->\n<title>Enceinte ECHOES Inspired Sound - #PDW14 | Deco-Design<\/title>\n<meta name=\"description\" content=\"L&#039;enceinte ECHOES est un projet r\u00e9alis\u00e9 par Charlotte Juillard et Dominique Mafrand. Un produit utilisant les technologies actu\u00adelles, offrant une acoustique de pointe alli\u00e9e \u00e0 un visuel \u00e9l\u00e9gant...\" \/>\n<meta name=\"robots\" content=\"index, follow, max-snippet:-1, max-image-preview:large, max-video-preview:-1\" \/>\n<link rel=\"canonical\" href=\"https:\/\/joyana.fr\/en\/enceinte-echoes-inspired-sound-pdw14\/118321\/\" \/>\n<meta property=\"og:locale\" content=\"en_US\" \/>\n<meta property=\"og:locale:alternate\" content=\"fr_FR\" \/>\n<meta property=\"og:locale:alternate\" content=\"ja\" \/>\n<meta property=\"og:type\" content=\"article\" \/>\n<meta property=\"og:title\" content=\"Enceinte ECHOES Inspired Sound - #PDW14 | Deco-Design\" \/>\n<meta property=\"og:description\" content=\"L&#039;enceinte ECHOES est un projet r\u00e9alis\u00e9 par Charlotte Juillard et Dominique Mafrand. Un produit utilisant les technologies actu\u00adelles, offrant une acoustique de pointe alli\u00e9e \u00e0 un visuel \u00e9l\u00e9gant...\" \/>\n<meta property=\"og:url\" content=\"https:\/\/joyana.fr\/en\/enceinte-echoes-inspired-sound-pdw14\/118321\/\" \/>\n<meta property=\"og:site_name\" content=\"JO YANA\" \/>\n<meta property=\"article:published_time\" content=\"2014-09-17T07:50:26+00:00\" \/>\n<meta property=\"og:image\" content=\"https:\/\/joyana.fr\/wp-content\/uploads\/2014\/09\/echoes-DSC06196.jpg\" \/>\n\t<meta property=\"og:image:width\" content=\"1000\" \/>\n\t<meta property=\"og:image:height\" content=\"768\" \/>\n\t<meta property=\"og:image:type\" content=\"image\/jpeg\" \/>\n<meta name=\"author\" content=\"Jo Yana\" \/>\n<meta name=\"twitter:card\" content=\"summary_large_image\" \/>\n<meta name=\"twitter:creator\" content=\"@Jo_Yana\" \/>\n<meta name=\"twitter:site\" content=\"@Jo_Yana\" \/>\n<meta name=\"twitter:label1\" content=\"Written by\" \/>\n\t<meta name=\"twitter:data1\" content=\"Jo Yana\" \/>\n\t<meta name=\"twitter:label2\" content=\"Est. reading time\" \/>\n\t<meta name=\"twitter:data2\" content=\"1 minute\" \/>\n<script type=\"application\/ld+json\" class=\"yoast-schema-graph\">{\"@context\":\"https:\/\/schema.org\",\"@graph\":[{\"@type\":\"Article\",\"@id\":\"https:\/\/joyana.fr\/enceinte-echoes-inspired-sound-pdw14\/118321\/#article\",\"isPartOf\":{\"@id\":\"https:\/\/joyana.fr\/enceinte-echoes-inspired-sound-pdw14\/118321\/\"},\"author\":{\"name\":\"Jo Yana\",\"@id\":\"https:\/\/www.joyana.fr\/ja\/#\/schema\/person\/cf2a1ad12a27c12c21801075bf37407c\"},\"headline\":\"Enceinte ECHOES Inspired Sound &#8211; #PDW14\",\"datePublished\":\"2014-09-17T07:50:26+00:00\",\"mainEntityOfPage\":{\"@id\":\"https:\/\/joyana.fr\/enceinte-echoes-inspired-sound-pdw14\/118321\/\"},\"wordCount\":266,\"commentCount\":0,\"publisher\":{\"@id\":\"https:\/\/www.joyana.fr\/ja\/#\/schema\/person\/cf2a1ad12a27c12c21801075bf37407c\"},\"image\":{\"@id\":\"https:\/\/joyana.fr\/enceinte-echoes-inspired-sound-pdw14\/118321\/#primaryimage\"},\"thumbnailUrl\":\"https:\/\/i0.wp.com\/joyana.fr\/wp-content\/uploads\/2014\/09\/echoes-DSC06196.jpg?fit=1000%2C768&ssl=1\",\"keywords\":[\"#PDW14\",\"C\u00e9ramique\",\"Enceinte design\",\"High-Tech\",\"Paris Design Week\"],\"articleSection\":[\"DECO-DESIGN\",\"High-Tech\",\"Paris Design Week\"],\"inLanguage\":\"en-US\",\"potentialAction\":[{\"@type\":\"CommentAction\",\"name\":\"Comment\",\"target\":[\"https:\/\/joyana.fr\/enceinte-echoes-inspired-sound-pdw14\/118321\/#respond\"]}]},{\"@type\":\"WebPage\",\"@id\":\"https:\/\/joyana.fr\/enceinte-echoes-inspired-sound-pdw14\/118321\/\",\"url\":\"https:\/\/joyana.fr\/enceinte-echoes-inspired-sound-pdw14\/118321\/\",\"name\":\"Enceinte ECHOES Inspired Sound - #PDW14 | Deco-Design\",\"isPartOf\":{\"@id\":\"https:\/\/www.joyana.fr\/ja\/#website\"},\"primaryImageOfPage\":{\"@id\":\"https:\/\/joyana.fr\/enceinte-echoes-inspired-sound-pdw14\/118321\/#primaryimage\"},\"image\":{\"@id\":\"https:\/\/joyana.fr\/enceinte-echoes-inspired-sound-pdw14\/118321\/#primaryimage\"},\"thumbnailUrl\":\"https:\/\/i0.wp.com\/joyana.fr\/wp-content\/uploads\/2014\/09\/echoes-DSC06196.jpg?fit=1000%2C768&ssl=1\",\"datePublished\":\"2014-09-17T07:50:26+00:00\",\"description\":\"L'enceinte ECHOES est un projet r\u00e9alis\u00e9 par Charlotte Juillard et Dominique Mafrand. Un produit utilisant les technologies actu\u00adelles, offrant une acoustique de pointe alli\u00e9e \u00e0 un visuel \u00e9l\u00e9gant...\",\"breadcrumb\":{\"@id\":\"https:\/\/joyana.fr\/enceinte-echoes-inspired-sound-pdw14\/118321\/#breadcrumb\"},\"inLanguage\":\"en-US\",\"potentialAction\":[{\"@type\":\"ReadAction\",\"target\":[\"https:\/\/joyana.fr\/enceinte-echoes-inspired-sound-pdw14\/118321\/\"]}]},{\"@type\":\"ImageObject\",\"inLanguage\":\"en-US\",\"@id\":\"https:\/\/joyana.fr\/enceinte-echoes-inspired-sound-pdw14\/118321\/#primaryimage\",\"url\":\"https:\/\/i0.wp.com\/joyana.fr\/wp-content\/uploads\/2014\/09\/echoes-DSC06196.jpg?fit=1000%2C768&ssl=1\",\"contentUrl\":\"https:\/\/i0.wp.com\/joyana.fr\/wp-content\/uploads\/2014\/09\/echoes-DSC06196.jpg?fit=1000%2C768&ssl=1\",\"width\":1000,\"height\":768},{\"@type\":\"BreadcrumbList\",\"@id\":\"https:\/\/joyana.fr\/enceinte-echoes-inspired-sound-pdw14\/118321\/#breadcrumb\",\"itemListElement\":[{\"@type\":\"ListItem\",\"position\":1,\"name\":\"Accueil\",\"item\":\"https:\/\/www.joyana.fr\/ja\/\"},{\"@type\":\"ListItem\",\"position\":2,\"name\":\"Enceinte ECHOES Inspired Sound &#8211; #PDW14\"}]},{\"@type\":\"WebSite\",\"@id\":\"https:\/\/www.joyana.fr\/ja\/#website\",\"url\":\"https:\/\/www.joyana.fr\/ja\/\",\"name\":\"JO YANA\",\"description\":\"Blog Mode Homme, Lifestyle, D\u00e9co-Design\",\"publisher\":{\"@id\":\"https:\/\/www.joyana.fr\/ja\/#\/schema\/person\/cf2a1ad12a27c12c21801075bf37407c\"},\"potentialAction\":[{\"@type\":\"SearchAction\",\"target\":{\"@type\":\"EntryPoint\",\"urlTemplate\":\"https:\/\/www.joyana.fr\/ja\/?s={search_term_string}\"},\"query-input\":{\"@type\":\"PropertyValueSpecification\",\"valueRequired\":true,\"valueName\":\"search_term_string\"}}],\"inLanguage\":\"en-US\"},{\"@type\":[\"Person\",\"Organization\"],\"@id\":\"https:\/\/www.joyana.fr\/ja\/#\/schema\/person\/cf2a1ad12a27c12c21801075bf37407c\",\"name\":\"Jo Yana\",\"image\":{\"@type\":\"ImageObject\",\"inLanguage\":\"en-US\",\"@id\":\"https:\/\/www.joyana.fr\/ja\/#\/schema\/person\/image\/\",\"url\":\"https:\/\/i0.wp.com\/joyana.fr\/wp-content\/uploads\/2016\/08\/cropped-joyana-logo-black-360x180.png?fit=343%2C164&ssl=1\",\"contentUrl\":\"https:\/\/i0.wp.com\/joyana.fr\/wp-content\/uploads\/2016\/08\/cropped-joyana-logo-black-360x180.png?fit=343%2C164&ssl=1\",\"width\":343,\"height\":164,\"caption\":\"Jo Yana\"},\"logo\":{\"@id\":\"https:\/\/www.joyana.fr\/ja\/#\/schema\/person\/image\/\"},\"description\":\"Jo Yana est le cr\u00e9ateur et r\u00e9dacteur en chef des sites DECO-DESIGN. Passionn\u00e9 de Design, Mode, Photo, Luxe, Lifestyle, Musique, mais avant tout Blogueur ! Le plaisir de partager l'anime et a comme devise \\\"POUR L'AMOUR DU BEAU\\\". Retrouvez le aussi sur son blog personnel - https:\/\/joyana.fr...\",\"sameAs\":[\"https:\/\/joyana.fr\/\"],\"url\":\"https:\/\/joyana.fr\/en\/author\/joyana\/\"}]}<\/script>\n<!-- \/ Yoast SEO plugin. -->","yoast_head_json":{"title":"Enceinte ECHOES Inspired Sound - #PDW14 | Deco-Design","description":"L'enceinte ECHOES est un projet r\u00e9alis\u00e9 par Charlotte Juillard et Dominique Mafrand. Un produit utilisant les technologies actu\u00adelles, offrant une acoustique de pointe alli\u00e9e \u00e0 un visuel \u00e9l\u00e9gant...","robots":{"index":"index","follow":"follow","max-snippet":"max-snippet:-1","max-image-preview":"max-image-preview:large","max-video-preview":"max-video-preview:-1"},"canonical":"https:\/\/joyana.fr\/en\/enceinte-echoes-inspired-sound-pdw14\/118321\/","og_locale":"en_US","og_type":"article","og_title":"Enceinte ECHOES Inspired Sound - #PDW14 | Deco-Design","og_description":"L'enceinte ECHOES est un projet r\u00e9alis\u00e9 par Charlotte Juillard et Dominique Mafrand. Un produit utilisant les technologies actu\u00adelles, offrant une acoustique de pointe alli\u00e9e \u00e0 un visuel \u00e9l\u00e9gant...","og_url":"https:\/\/joyana.fr\/en\/enceinte-echoes-inspired-sound-pdw14\/118321\/","og_site_name":"JO YANA","article_published_time":"2014-09-17T07:50:26+00:00","og_image":[{"width":1000,"height":768,"url":"https:\/\/joyana.fr\/wp-content\/uploads\/2014\/09\/echoes-DSC06196.jpg","type":"image\/jpeg"}],"author":"Jo Yana","twitter_card":"summary_large_image","twitter_creator":"@Jo_Yana","twitter_site":"@Jo_Yana","twitter_misc":{"Written by":"Jo Yana","Est. reading time":"1 minute"},"schema":{"@context":"https:\/\/schema.org","@graph":[{"@type":"Article","@id":"https:\/\/joyana.fr\/enceinte-echoes-inspired-sound-pdw14\/118321\/#article","isPartOf":{"@id":"https:\/\/joyana.fr\/enceinte-echoes-inspired-sound-pdw14\/118321\/"},"author":{"name":"Jo Yana","@id":"https:\/\/www.joyana.fr\/ja\/#\/schema\/person\/cf2a1ad12a27c12c21801075bf37407c"},"headline":"Enceinte ECHOES Inspired Sound &#8211; #PDW14","datePublished":"2014-09-17T07:50:26+00:00","mainEntityOfPage":{"@id":"https:\/\/joyana.fr\/enceinte-echoes-inspired-sound-pdw14\/118321\/"},"wordCount":266,"commentCount":0,"publisher":{"@id":"https:\/\/www.joyana.fr\/ja\/#\/schema\/person\/cf2a1ad12a27c12c21801075bf37407c"},"image":{"@id":"https:\/\/joyana.fr\/enceinte-echoes-inspired-sound-pdw14\/118321\/#primaryimage"},"thumbnailUrl":"https:\/\/i0.wp.com\/joyana.fr\/wp-content\/uploads\/2014\/09\/echoes-DSC06196.jpg?fit=1000%2C768&ssl=1","keywords":["#PDW14","C\u00e9ramique","Enceinte design","High-Tech","Paris Design Week"],"articleSection":["DECO-DESIGN","High-Tech","Paris Design Week"],"inLanguage":"en-US","potentialAction":[{"@type":"CommentAction","name":"Comment","target":["https:\/\/joyana.fr\/enceinte-echoes-inspired-sound-pdw14\/118321\/#respond"]}]},{"@type":"WebPage","@id":"https:\/\/joyana.fr\/enceinte-echoes-inspired-sound-pdw14\/118321\/","url":"https:\/\/joyana.fr\/enceinte-echoes-inspired-sound-pdw14\/118321\/","name":"Enceinte ECHOES Inspired Sound - #PDW14 | Deco-Design","isPartOf":{"@id":"https:\/\/www.joyana.fr\/ja\/#website"},"primaryImageOfPage":{"@id":"https:\/\/joyana.fr\/enceinte-echoes-inspired-sound-pdw14\/118321\/#primaryimage"},"image":{"@id":"https:\/\/joyana.fr\/enceinte-echoes-inspired-sound-pdw14\/118321\/#primaryimage"},"thumbnailUrl":"https:\/\/i0.wp.com\/joyana.fr\/wp-content\/uploads\/2014\/09\/echoes-DSC06196.jpg?fit=1000%2C768&ssl=1","datePublished":"2014-09-17T07:50:26+00:00","description":"L'enceinte ECHOES est un projet r\u00e9alis\u00e9 par Charlotte Juillard et Dominique Mafrand. Un produit utilisant les technologies actu\u00adelles, offrant une acoustique de pointe alli\u00e9e \u00e0 un visuel \u00e9l\u00e9gant...","breadcrumb":{"@id":"https:\/\/joyana.fr\/enceinte-echoes-inspired-sound-pdw14\/118321\/#breadcrumb"},"inLanguage":"en-US","potentialAction":[{"@type":"ReadAction","target":["https:\/\/joyana.fr\/enceinte-echoes-inspired-sound-pdw14\/118321\/"]}]},{"@type":"ImageObject","inLanguage":"en-US","@id":"https:\/\/joyana.fr\/enceinte-echoes-inspired-sound-pdw14\/118321\/#primaryimage","url":"https:\/\/i0.wp.com\/joyana.fr\/wp-content\/uploads\/2014\/09\/echoes-DSC06196.jpg?fit=1000%2C768&ssl=1","contentUrl":"https:\/\/i0.wp.com\/joyana.fr\/wp-content\/uploads\/2014\/09\/echoes-DSC06196.jpg?fit=1000%2C768&ssl=1","width":1000,"height":768},{"@type":"BreadcrumbList","@id":"https:\/\/joyana.fr\/enceinte-echoes-inspired-sound-pdw14\/118321\/#breadcrumb","itemListElement":[{"@type":"ListItem","position":1,"name":"Accueil","item":"https:\/\/www.joyana.fr\/ja\/"},{"@type":"ListItem","position":2,"name":"Enceinte ECHOES Inspired Sound &#8211; #PDW14"}]},{"@type":"WebSite","@id":"https:\/\/www.joyana.fr\/ja\/#website","url":"https:\/\/www.joyana.fr\/ja\/","name":"JO YANA","description":"Blog Mode Homme, Lifestyle, D\u00e9co-Design","publisher":{"@id":"https:\/\/www.joyana.fr\/ja\/#\/schema\/person\/cf2a1ad12a27c12c21801075bf37407c"},"potentialAction":[{"@type":"SearchAction","target":{"@type":"EntryPoint","urlTemplate":"https:\/\/www.joyana.fr\/ja\/?s={search_term_string}"},"query-input":{"@type":"PropertyValueSpecification","valueRequired":true,"valueName":"search_term_string"}}],"inLanguage":"en-US"},{"@type":["Person","Organization"],"@id":"https:\/\/www.joyana.fr\/ja\/#\/schema\/person\/cf2a1ad12a27c12c21801075bf37407c","name":"Jo Yana","image":{"@type":"ImageObject","inLanguage":"en-US","@id":"https:\/\/www.joyana.fr\/ja\/#\/schema\/person\/image\/","url":"https:\/\/i0.wp.com\/joyana.fr\/wp-content\/uploads\/2016\/08\/cropped-joyana-logo-black-360x180.png?fit=343%2C164&ssl=1","contentUrl":"https:\/\/i0.wp.com\/joyana.fr\/wp-content\/uploads\/2016\/08\/cropped-joyana-logo-black-360x180.png?fit=343%2C164&ssl=1","width":343,"height":164,"caption":"Jo Yana"},"logo":{"@id":"https:\/\/www.joyana.fr\/ja\/#\/schema\/person\/image\/"},"description":"Jo Yana est le cr\u00e9ateur et r\u00e9dacteur en chef des sites DECO-DESIGN. Passionn\u00e9 de Design, Mode, Photo, Luxe, Lifestyle, Musique, mais avant tout Blogueur ! Le plaisir de partager l'anime et a comme devise \"POUR L'AMOUR DU BEAU\". Retrouvez le aussi sur son blog personnel - https:\/\/joyana.fr...","sameAs":["https:\/\/joyana.fr\/"],"url":"https:\/\/joyana.fr\/en\/author\/joyana\/"}]}},"author_meta":{"display_name":"Jo Yana","author_link":"https:\/\/joyana.fr\/en\/author\/joyana\/"},"featured_img":"https:\/\/i0.wp.com\/joyana.fr\/wp-content\/uploads\/2014\/09\/echoes-DSC06196.jpg?fit=389%2C299&ssl=1","featured_image_src":"https:\/\/i0.wp.com\/joyana.fr\/wp-content\/uploads\/2014\/09\/echoes-DSC06196.jpg?resize=600%2C400&ssl=1","featured_image_src_square":"https:\/\/i0.wp.com\/joyana.fr\/wp-content\/uploads\/2014\/09\/echoes-DSC06196.jpg?resize=600%2C600&ssl=1","jetpack_featured_media_url":"https:\/\/i0.wp.com\/joyana.fr\/wp-content\/uploads\/2014\/09\/echoes-DSC06196.jpg?fit=1000%2C768&ssl=1","uagb_featured_image_src":{"full":["https:\/\/i0.wp.com\/joyana.fr\/wp-content\/uploads\/2014\/09\/echoes-DSC06196.jpg?fit=1000%2C768&ssl=1",1000,768,false],"thumbnail":["https:\/\/i0.wp.com\/joyana.fr\/wp-content\/uploads\/2014\/09\/echoes-DSC06196.jpg?resize=150%2C150&ssl=1",150,150,true],"medium":["https:\/\/i0.wp.com\/joyana.fr\/wp-content\/uploads\/2014\/09\/echoes-DSC06196.jpg?fit=389%2C299&ssl=1",389,299,true],"medium_large":["https:\/\/i0.wp.com\/joyana.fr\/wp-content\/uploads\/2014\/09\/echoes-DSC06196.jpg?fit=768%2C590&ssl=1",768,590,true],"large":["https:\/\/i0.wp.com\/joyana.fr\/wp-content\/uploads\/2014\/09\/echoes-DSC06196.jpg?fit=1000%2C768&ssl=1",1000,768,true],"1536x1536":["https:\/\/i0.wp.com\/joyana.fr\/wp-content\/uploads\/2014\/09\/echoes-DSC06196.jpg?fit=1000%2C768&ssl=1",1000,768,true],"2048x2048":["https:\/\/i0.wp.com\/joyana.fr\/wp-content\/uploads\/2014\/09\/echoes-DSC06196.jpg?fit=1000%2C768&ssl=1",1000,768,true],"featured-thumb":["https:\/\/i0.wp.com\/joyana.fr\/wp-content\/uploads\/2014\/09\/echoes-DSC06196.jpg?resize=1000%2C750&ssl=1",1000,750,true],"ab-block-post-grid-landscape":["https:\/\/i0.wp.com\/joyana.fr\/wp-content\/uploads\/2014\/09\/echoes-DSC06196.jpg?resize=600%2C400&ssl=1",600,400,true],"ab-block-post-grid-square":["https:\/\/i0.wp.com\/joyana.fr\/wp-content\/uploads\/2014\/09\/echoes-DSC06196.jpg?resize=600%2C600&ssl=1",600,600,true],"author-pro-image":["https:\/\/i0.wp.com\/joyana.fr\/wp-content\/uploads\/2014\/09\/echoes-DSC06196.jpg?resize=360%2C570&ssl=1",360,570,true],"slider":["https:\/\/i0.wp.com\/joyana.fr\/wp-content\/uploads\/2014\/09\/echoes-DSC06196.jpg?resize=920%2C400&ssl=1",920,400,true],"woocommerce_thumbnail":["https:\/\/i0.wp.com\/joyana.fr\/wp-content\/uploads\/2014\/09\/echoes-DSC06196.jpg?resize=450%2C450&ssl=1",450,450,true],"woocommerce_single":["https:\/\/i0.wp.com\/joyana.fr\/wp-content\/uploads\/2014\/09\/echoes-DSC06196.jpg?fit=920%2C707&ssl=1",920,707,true],"woocommerce_gallery_thumbnail":["https:\/\/i0.wp.com\/joyana.fr\/wp-content\/uploads\/2014\/09\/echoes-DSC06196.jpg?resize=180%2C180&ssl=1",180,180,true],"sow-carousel-default":["https:\/\/i0.wp.com\/joyana.fr\/wp-content\/uploads\/2014\/09\/echoes-DSC06196.jpg?resize=272%2C182&ssl=1",272,182,true]},"uagb_author_info":{"display_name":"Jo Yana","author_link":"https:\/\/joyana.fr\/en\/author\/joyana\/"},"uagb_comment_info":0,"uagb_excerpt":"Sur NOW! le Off, durant la Paris Design Week 2014, nous d\u00e9couvrons l'enceinte ECHOES. Un projet r\u00e9alis\u00e9 par Charlotte Juillard et Dominique Mafrand qui imaginent ici un produit novateur utilisant les technologies actu\u00adelles, offrant une acoustique de pointe alli\u00e9e \u00e0 un visuel sensible et \u00e9l\u00e9gant...","coauthors":[],"tax_additional":{"categories":{"linked":["<a href=\"https:\/\/joyana.fr\/en\/category\/deco-design\/\" class=\"advgb-post-tax-term\">DECO-DESIGN<\/a>","<a href=\"https:\/\/joyana.fr\/en\/category\/deco-design\/actualite\/high-tech\/\" class=\"advgb-post-tax-term\">High-Tech<\/a>","<a href=\"https:\/\/joyana.fr\/en\/category\/deco-design\/actualite\/salon\/paris-design-week\/\" class=\"advgb-post-tax-term\">Paris Design Week<\/a>"],"unlinked":["<span class=\"advgb-post-tax-term\">DECO-DESIGN<\/span>","<span class=\"advgb-post-tax-term\">High-Tech<\/span>","<span class=\"advgb-post-tax-term\">Paris Design Week<\/span>"]},"tags":{"linked":["<a href=\"https:\/\/joyana.fr\/en\/category\/deco-design\/actualite\/salon\/paris-design-week\/\" class=\"advgb-post-tax-term\">#PDW14<\/a>","<a href=\"https:\/\/joyana.fr\/en\/category\/deco-design\/actualite\/salon\/paris-design-week\/\" class=\"advgb-post-tax-term\">C\u00e9ramique<\/a>","<a href=\"https:\/\/joyana.fr\/en\/category\/deco-design\/actualite\/salon\/paris-design-week\/\" class=\"advgb-post-tax-term\">Enceinte design<\/a>","<a href=\"https:\/\/joyana.fr\/en\/category\/deco-design\/actualite\/salon\/paris-design-week\/\" class=\"advgb-post-tax-term\">High-Tech<\/a>","<a href=\"https:\/\/joyana.fr\/en\/category\/deco-design\/actualite\/salon\/paris-design-week\/\" class=\"advgb-post-tax-term\">Paris Design Week<\/a>"],"unlinked":["<span class=\"advgb-post-tax-term\">#PDW14<\/span>","<span class=\"advgb-post-tax-term\">C\u00e9ramique<\/span>","<span class=\"advgb-post-tax-term\">Enceinte design<\/span>","<span class=\"advgb-post-tax-term\">High-Tech<\/span>","<span class=\"advgb-post-tax-term\">Paris Design Week<\/span>"]}},"comment_count":0,"relative_dates":{"created":"Posted 12 years ago","modified":"Updated 12 years ago"},"absolute_dates":{"created":"Posted on 17 September 2014","modified":"Updated on 17 September 2014"},"absolute_dates_time":{"created":"Posted on 17 September 2014 8:50","modified":"Updated on 17 September 2014 8:50"},"featured_img_caption":"","series_order":"","jetpack_sharing_enabled":true,"jetpack_shortlink":"https:\/\/wp.me\/p9bteI-uMp","jetpack-related-posts":[],"_links":{"self":[{"href":"https:\/\/joyana.fr\/en\/wp-json\/wp\/v2\/posts\/118321","targetHints":{"allow":["GET"]}}],"collection":[{"href":"https:\/\/joyana.fr\/en\/wp-json\/wp\/v2\/posts"}],"about":[{"href":"https:\/\/joyana.fr\/en\/wp-json\/wp\/v2\/types\/post"}],"author":[{"embeddable":true,"href":"https:\/\/joyana.fr\/en\/wp-json\/wp\/v2\/users\/3"}],"replies":[{"embeddable":true,"href":"https:\/\/joyana.fr\/en\/wp-json\/wp\/v2\/comments?post=118321"}],"version-history":[{"count":0,"href":"https:\/\/joyana.fr\/en\/wp-json\/wp\/v2\/posts\/118321\/revisions"}],"wp:featuredmedia":[{"embeddable":true,"href":"https:\/\/joyana.fr\/en\/wp-json\/wp\/v2\/media\/118324"}],"wp:attachment":[{"href":"https:\/\/joyana.fr\/en\/wp-json\/wp\/v2\/media?parent=118321"}],"wp:term":[{"taxonomy":"category","embeddable":true,"href":"https:\/\/joyana.fr\/en\/wp-json\/wp\/v2\/categories?post=118321"},{"taxonomy":"post_tag","embeddable":true,"href":"https:\/\/joyana.fr\/en\/wp-json\/wp\/v2\/tags?post=118321"}],"curies":[{"name":"wp","href":"https:\/\/api.w.org\/{rel}","templated":true}]}}