{"id":118360,"date":"2014-09-18T11:00:08","date_gmt":"2014-09-18T10:00:08","guid":{"rendered":"https:\/\/joyana.fr\/?p=18360"},"modified":"2014-09-18T11:00:08","modified_gmt":"2014-09-18T10:00:08","slug":"fauteuil-gaspard-florent-degourc-pdw14","status":"publish","type":"post","link":"https:\/\/joyana.fr\/en\/fauteuil-gaspard-florent-degourc-pdw14\/118360\/","title":{"rendered":"Fauteuil GASPARD par Florent DEGOURC &#8211; #PDW14"},"content":{"rendered":"<p style=\"text-align: justify;\"><strong>Florent Degourc<\/strong> pr\u00e9sentait durant la <a title=\"PARIS DESIGN WEEK\" href=\"https:\/\/joyana.fr\/category\/actualite\/salon\/paris-design-week\/\" target=\"_blank\"><strong>Paris Design Week<\/strong><\/a>, son premier prototype du <strong>fauteuil GASPARD<\/strong> &#8211; dessin\u00e9 en 2009 &#8211; libre \u00e0 l&#8217;\u00e9dition&#8230;<\/p>\n<p><a href=\"https:\/\/i0.wp.com\/joyana.fr\/wp-content\/uploads\/2014\/09\/GASPARD-DSC06214.jpg?ssl=1\"><img data-recalc-dims=\"1\" fetchpriority=\"high\" decoding=\"async\" class=\"alignnone size-full wp-image-18361\" src=\"https:\/\/i0.wp.com\/joyana.fr\/wp-content\/uploads\/2014\/09\/GASPARD-DSC06214.jpg?resize=650%2C517&#038;ssl=1\" alt=\"GASPARD DSC06214\" width=\"650\" height=\"517\" \/><\/a><\/p>\n<p style=\"text-align: justify;\"><strong>GASPARD<\/strong> est une chauffeuse ou petit <strong>fauteuil<\/strong> de repos. La structure laisse appara\u00eetre un placage de ch\u00eane de fil vernis matte. L\u2019ext\u00e9rieur quant \u00e0 lui est laqu\u00e9 blanc satin\u00e9. L\u2019assise et le dossier sont compos\u00e9s d\u2019une structure en cp moul\u00e9, recouvert de mousse PU haute r\u00e9silience et de tissu Tonus 3 de chez Kvadrat\u00ae.<\/p>\n<p style=\"text-align: justify;\"><a title=\"DECO DESIGN\" href=\"https:\/\/joyana.fr\/\" target=\"_blank\">Deco-Design<\/a> aime les quatre pieds qui ne font plus qu&#8217;un pour former le dossier de l&#8217;assise&#8230;<\/p>\n<p><a href=\"https:\/\/i0.wp.com\/joyana.fr\/wp-content\/uploads\/2014\/09\/GASPARD-DSC06218.jpg?ssl=1\"><img data-recalc-dims=\"1\" decoding=\"async\" class=\"alignnone size-full wp-image-18363\" src=\"https:\/\/i0.wp.com\/joyana.fr\/wp-content\/uploads\/2014\/09\/GASPARD-DSC06218.jpg?resize=650%2C523&#038;ssl=1\" alt=\"GASPARD DSC06218\" width=\"650\" height=\"523\" \/><\/a><\/p>\n<p>&nbsp;<\/p>\n\n<p><img data-recalc-dims=\"1\" decoding=\"async\" class=\"alignnone size-full wp-image-18362\" src=\"https:\/\/i0.wp.com\/joyana.fr\/wp-content\/uploads\/2014\/09\/GASPARD-DSC06216.jpg?resize=650%2C475&#038;ssl=1\" alt=\"GASPARD DSC06216\" width=\"650\" height=\"475\" \/><\/p>\n<p style=\"text-align: center;\">En savoir + sur\u00a0<a href=\"http:\/\/www.florentdegourc.com\" target=\"_blank\"><strong>Florent DEGOURC<\/strong><\/a><\/p>\n<p>&nbsp;<\/p>\n","protected":false},"excerpt":{"rendered":"<p>Florent Degourc pr\u00e9sentait durant la Paris Design Week, son premier prototype du fauteuil GASPARD &#8211; dessin\u00e9 en 2009 &#8211; libre \u00e0 l&#8217;\u00e9dition&#8230;<\/p>\n","protected":false},"author":3,"featured_media":118364,"comment_status":"open","ping_status":"open","sticky":false,"template":"","format":"aside","meta":{"_coblocks_attr":"","_coblocks_dimensions":"","_coblocks_responsive_height":"","_coblocks_accordion_ie_support":"","_uag_custom_page_level_css":"","advgb_blocks_editor_width":"","advgb_blocks_columns_visual_guide":"","_genesis_hide_title":false,"_genesis_hide_breadcrumbs":false,"_genesis_hide_singular_image":false,"_genesis_hide_footer_widgets":false,"_genesis_custom_body_class":"","_genesis_custom_post_class":"","_genesis_layout":"","_themeisle_gutenberg_block_has_review":false,"_jetpack_newsletter_access":"","_jetpack_dont_email_post_to_subs":false,"_jetpack_newsletter_tier_id":0,"_jetpack_memberships_contains_paywalled_content":false,"_jetpack_memberships_contains_paid_content":false,"footnotes":""},"categories":[948,905,950,1080],"tags":[1817,992,1819,1447],"class_list":{"0":"post-118360","1":"post","2":"type-post","3":"status-publish","4":"format-aside","5":"has-post-thumbnail","7":"category-assise","8":"category-deco-design","9":"category-fauteuil","10":"category-paris-design-week","11":"tag-pdw14","12":"tag-fauteuil-design","13":"tag-florent-degourc","14":"tag-paris-design-week","15":"post_format-post-format-aside","16":"entry"},"featured_image_urls":{"full":["https:\/\/i0.wp.com\/joyana.fr\/wp-content\/uploads\/2014\/09\/GASPARD-DSC06219.jpg?fit=650%2C497&ssl=1",650,497,false],"thumbnail":["https:\/\/i0.wp.com\/joyana.fr\/wp-content\/uploads\/2014\/09\/GASPARD-DSC06219.jpg?resize=150%2C150&ssl=1",150,150,true],"medium":["https:\/\/i0.wp.com\/joyana.fr\/wp-content\/uploads\/2014\/09\/GASPARD-DSC06219.jpg?fit=389%2C297&ssl=1",389,297,true],"medium_large":["https:\/\/i0.wp.com\/joyana.fr\/wp-content\/uploads\/2014\/09\/GASPARD-DSC06219.jpg?fit=650%2C497&ssl=1",650,497,true],"large":["https:\/\/i0.wp.com\/joyana.fr\/wp-content\/uploads\/2014\/09\/GASPARD-DSC06219.jpg?fit=650%2C497&ssl=1",650,497,true],"1536x1536":["https:\/\/i0.wp.com\/joyana.fr\/wp-content\/uploads\/2014\/09\/GASPARD-DSC06219.jpg?fit=650%2C497&ssl=1",650,497,true],"2048x2048":["https:\/\/i0.wp.com\/joyana.fr\/wp-content\/uploads\/2014\/09\/GASPARD-DSC06219.jpg?fit=650%2C497&ssl=1",650,497,true],"featured-thumb":["https:\/\/i0.wp.com\/joyana.fr\/wp-content\/uploads\/2014\/09\/GASPARD-DSC06219.jpg?resize=650%2C497&ssl=1",650,497,true],"ab-block-post-grid-landscape":["https:\/\/i0.wp.com\/joyana.fr\/wp-content\/uploads\/2014\/09\/GASPARD-DSC06219.jpg?resize=600%2C400&ssl=1",600,400,true],"ab-block-post-grid-square":["https:\/\/i0.wp.com\/joyana.fr\/wp-content\/uploads\/2014\/09\/GASPARD-DSC06219.jpg?resize=600%2C497&ssl=1",600,497,true],"author-pro-image":["https:\/\/i0.wp.com\/joyana.fr\/wp-content\/uploads\/2014\/09\/GASPARD-DSC06219.jpg?resize=360%2C497&ssl=1",360,497,true],"slider":["https:\/\/i0.wp.com\/joyana.fr\/wp-content\/uploads\/2014\/09\/GASPARD-DSC06219.jpg?resize=650%2C400&ssl=1",650,400,true],"woocommerce_thumbnail":["https:\/\/i0.wp.com\/joyana.fr\/wp-content\/uploads\/2014\/09\/GASPARD-DSC06219.jpg?resize=450%2C450&ssl=1",450,450,true],"woocommerce_single":["https:\/\/i0.wp.com\/joyana.fr\/wp-content\/uploads\/2014\/09\/GASPARD-DSC06219.jpg?fit=650%2C497&ssl=1",650,497,true],"woocommerce_gallery_thumbnail":["https:\/\/i0.wp.com\/joyana.fr\/wp-content\/uploads\/2014\/09\/GASPARD-DSC06219.jpg?resize=180%2C180&ssl=1",180,180,true],"sow-carousel-default":["https:\/\/i0.wp.com\/joyana.fr\/wp-content\/uploads\/2014\/09\/GASPARD-DSC06219.jpg?resize=272%2C182&ssl=1",272,182,true]},"post_excerpt_stackable":"<p>Florent Degourc pr\u00e9sentait durant la Paris Design Week, son premier prototype du fauteuil GASPARD &#8211; dessin\u00e9 en 2009 &#8211; libre \u00e0 l&#8217;\u00e9dition&#8230;<\/p>\n","category_list":"<a href=\"https:\/\/joyana.fr\/en\/category\/deco-design\/mobilier\/assise\/\" rel=\"category tag\">Assise<\/a>, <a href=\"https:\/\/joyana.fr\/en\/category\/deco-design\/\" rel=\"category tag\">DECO-DESIGN<\/a>, <a href=\"https:\/\/joyana.fr\/en\/category\/deco-design\/mobilier\/assise\/fauteuil\/\" rel=\"category tag\">Fauteuil<\/a>, <a href=\"https:\/\/joyana.fr\/en\/category\/deco-design\/actualite\/salon\/paris-design-week\/\" rel=\"category tag\">Paris Design Week<\/a>","author_info":{"display_name":"Jo Yana","author_link":"https:\/\/joyana.fr\/en\/author\/joyana\/"},"comments_num":"0 comments","featured_image_urls_v2":{"full":["https:\/\/i0.wp.com\/joyana.fr\/wp-content\/uploads\/2014\/09\/GASPARD-DSC06219.jpg?fit=650%2C497&ssl=1",650,497,false],"thumbnail":["https:\/\/i0.wp.com\/joyana.fr\/wp-content\/uploads\/2014\/09\/GASPARD-DSC06219.jpg?resize=150%2C150&ssl=1",150,150,true],"medium":["https:\/\/i0.wp.com\/joyana.fr\/wp-content\/uploads\/2014\/09\/GASPARD-DSC06219.jpg?fit=389%2C297&ssl=1",389,297,true],"medium_large":["https:\/\/i0.wp.com\/joyana.fr\/wp-content\/uploads\/2014\/09\/GASPARD-DSC06219.jpg?fit=650%2C497&ssl=1",650,497,true],"large":["https:\/\/i0.wp.com\/joyana.fr\/wp-content\/uploads\/2014\/09\/GASPARD-DSC06219.jpg?fit=650%2C497&ssl=1",650,497,true],"1536x1536":["https:\/\/i0.wp.com\/joyana.fr\/wp-content\/uploads\/2014\/09\/GASPARD-DSC06219.jpg?fit=650%2C497&ssl=1",650,497,true],"2048x2048":["https:\/\/i0.wp.com\/joyana.fr\/wp-content\/uploads\/2014\/09\/GASPARD-DSC06219.jpg?fit=650%2C497&ssl=1",650,497,true],"featured-thumb":["https:\/\/i0.wp.com\/joyana.fr\/wp-content\/uploads\/2014\/09\/GASPARD-DSC06219.jpg?resize=650%2C497&ssl=1",650,497,true],"ab-block-post-grid-landscape":["https:\/\/i0.wp.com\/joyana.fr\/wp-content\/uploads\/2014\/09\/GASPARD-DSC06219.jpg?resize=600%2C400&ssl=1",600,400,true],"ab-block-post-grid-square":["https:\/\/i0.wp.com\/joyana.fr\/wp-content\/uploads\/2014\/09\/GASPARD-DSC06219.jpg?resize=600%2C497&ssl=1",600,497,true],"author-pro-image":["https:\/\/i0.wp.com\/joyana.fr\/wp-content\/uploads\/2014\/09\/GASPARD-DSC06219.jpg?resize=360%2C497&ssl=1",360,497,true],"slider":["https:\/\/i0.wp.com\/joyana.fr\/wp-content\/uploads\/2014\/09\/GASPARD-DSC06219.jpg?resize=650%2C400&ssl=1",650,400,true],"woocommerce_thumbnail":["https:\/\/i0.wp.com\/joyana.fr\/wp-content\/uploads\/2014\/09\/GASPARD-DSC06219.jpg?resize=450%2C450&ssl=1",450,450,true],"woocommerce_single":["https:\/\/i0.wp.com\/joyana.fr\/wp-content\/uploads\/2014\/09\/GASPARD-DSC06219.jpg?fit=650%2C497&ssl=1",650,497,true],"woocommerce_gallery_thumbnail":["https:\/\/i0.wp.com\/joyana.fr\/wp-content\/uploads\/2014\/09\/GASPARD-DSC06219.jpg?resize=180%2C180&ssl=1",180,180,true],"sow-carousel-default":["https:\/\/i0.wp.com\/joyana.fr\/wp-content\/uploads\/2014\/09\/GASPARD-DSC06219.jpg?resize=272%2C182&ssl=1",272,182,true]},"post_excerpt_stackable_v2":"<p>Florent Degourc pr\u00e9sentait durant la Paris Design Week, son premier prototype du fauteuil GASPARD &#8211; dessin\u00e9 en 2009 &#8211; libre \u00e0 l&#8217;\u00e9dition&#8230;<\/p>\n","category_list_v2":"<a href=\"https:\/\/joyana.fr\/en\/category\/deco-design\/mobilier\/assise\/\" rel=\"category tag\">Assise<\/a>, <a href=\"https:\/\/joyana.fr\/en\/category\/deco-design\/\" rel=\"category tag\">DECO-DESIGN<\/a>, <a href=\"https:\/\/joyana.fr\/en\/category\/deco-design\/mobilier\/assise\/fauteuil\/\" rel=\"category tag\">Fauteuil<\/a>, <a href=\"https:\/\/joyana.fr\/en\/category\/deco-design\/actualite\/salon\/paris-design-week\/\" rel=\"category tag\">Paris Design Week<\/a>","author_info_v2":{"name":"Jo Yana","url":"https:\/\/joyana.fr\/en\/author\/joyana\/"},"comments_num_v2":"0 comments","yoast_head":"<!-- This site is optimized with the Yoast SEO plugin v26.8 - https:\/\/yoast.com\/product\/yoast-seo-wordpress\/ -->\n<title>Fauteuil GASPARD par Florent DEGOURC - #PDW14 | Deco-Design<\/title>\n<meta name=\"description\" content=\"Florent Degourc pr\u00e9sentait durant la Paris Design Week, son premier prototype du fauteuil GASPARD - dessin\u00e9 en 2009 - libre \u00e0 l&#039;\u00e9dition...\" \/>\n<meta name=\"robots\" content=\"index, follow, max-snippet:-1, max-image-preview:large, max-video-preview:-1\" \/>\n<link rel=\"canonical\" href=\"https:\/\/joyana.fr\/en\/fauteuil-gaspard-florent-degourc-pdw14\/118360\/\" \/>\n<meta property=\"og:locale\" content=\"en_US\" \/>\n<meta property=\"og:locale:alternate\" content=\"fr_FR\" \/>\n<meta property=\"og:locale:alternate\" content=\"ja\" \/>\n<meta property=\"og:type\" content=\"article\" \/>\n<meta property=\"og:title\" content=\"Fauteuil GASPARD par Florent DEGOURC - #PDW14 | Deco-Design\" \/>\n<meta property=\"og:description\" content=\"Florent Degourc pr\u00e9sentait durant la Paris Design Week, son premier prototype du fauteuil GASPARD - dessin\u00e9 en 2009 - libre \u00e0 l&#039;\u00e9dition...\" \/>\n<meta property=\"og:url\" content=\"https:\/\/joyana.fr\/en\/fauteuil-gaspard-florent-degourc-pdw14\/118360\/\" \/>\n<meta property=\"og:site_name\" content=\"JO YANA\" \/>\n<meta property=\"article:published_time\" content=\"2014-09-18T10:00:08+00:00\" \/>\n<meta property=\"og:image\" content=\"https:\/\/joyana.fr\/wp-content\/uploads\/2014\/09\/GASPARD-DSC06219.jpg\" \/>\n\t<meta property=\"og:image:width\" content=\"650\" \/>\n\t<meta property=\"og:image:height\" content=\"497\" \/>\n\t<meta property=\"og:image:type\" content=\"image\/jpeg\" \/>\n<meta name=\"author\" content=\"Jo Yana\" \/>\n<meta name=\"twitter:card\" content=\"summary_large_image\" \/>\n<meta name=\"twitter:creator\" content=\"@Jo_Yana\" \/>\n<meta name=\"twitter:site\" content=\"@Jo_Yana\" \/>\n<meta name=\"twitter:label1\" content=\"Written by\" \/>\n\t<meta name=\"twitter:data1\" content=\"Jo Yana\" \/>\n\t<meta name=\"twitter:label2\" content=\"Est. reading time\" \/>\n\t<meta name=\"twitter:data2\" content=\"1 minute\" \/>\n<script type=\"application\/ld+json\" class=\"yoast-schema-graph\">{\"@context\":\"https:\/\/schema.org\",\"@graph\":[{\"@type\":\"Article\",\"@id\":\"https:\/\/joyana.fr\/en\/fauteuil-gaspard-florent-degourc-pdw14\/118360\/#article\",\"isPartOf\":{\"@id\":\"https:\/\/joyana.fr\/en\/fauteuil-gaspard-florent-degourc-pdw14\/118360\/\"},\"author\":{\"name\":\"Jo Yana\",\"@id\":\"https:\/\/www.joyana.fr\/ja\/#\/schema\/person\/cf2a1ad12a27c12c21801075bf37407c\"},\"headline\":\"Fauteuil GASPARD par Florent DEGOURC &#8211; #PDW14\",\"datePublished\":\"2014-09-18T10:00:08+00:00\",\"mainEntityOfPage\":{\"@id\":\"https:\/\/joyana.fr\/en\/fauteuil-gaspard-florent-degourc-pdw14\/118360\/\"},\"wordCount\":118,\"commentCount\":0,\"publisher\":{\"@id\":\"https:\/\/www.joyana.fr\/ja\/#\/schema\/person\/cf2a1ad12a27c12c21801075bf37407c\"},\"image\":{\"@id\":\"https:\/\/joyana.fr\/en\/fauteuil-gaspard-florent-degourc-pdw14\/118360\/#primaryimage\"},\"thumbnailUrl\":\"https:\/\/i0.wp.com\/joyana.fr\/wp-content\/uploads\/2014\/09\/GASPARD-DSC06219.jpg?fit=650%2C497&ssl=1\",\"keywords\":[\"#PDW14\",\"Fauteuil design\",\"Florent DEGOURC\",\"Paris Design Week\"],\"articleSection\":[\"Assise\",\"DECO-DESIGN\",\"Fauteuil\",\"Paris Design Week\"],\"inLanguage\":\"en-US\",\"potentialAction\":[{\"@type\":\"CommentAction\",\"name\":\"Comment\",\"target\":[\"https:\/\/joyana.fr\/en\/fauteuil-gaspard-florent-degourc-pdw14\/118360\/#respond\"]}]},{\"@type\":\"WebPage\",\"@id\":\"https:\/\/joyana.fr\/en\/fauteuil-gaspard-florent-degourc-pdw14\/118360\/\",\"url\":\"https:\/\/joyana.fr\/en\/fauteuil-gaspard-florent-degourc-pdw14\/118360\/\",\"name\":\"Fauteuil GASPARD par Florent DEGOURC - #PDW14 | Deco-Design\",\"isPartOf\":{\"@id\":\"https:\/\/www.joyana.fr\/ja\/#website\"},\"primaryImageOfPage\":{\"@id\":\"https:\/\/joyana.fr\/en\/fauteuil-gaspard-florent-degourc-pdw14\/118360\/#primaryimage\"},\"image\":{\"@id\":\"https:\/\/joyana.fr\/en\/fauteuil-gaspard-florent-degourc-pdw14\/118360\/#primaryimage\"},\"thumbnailUrl\":\"https:\/\/i0.wp.com\/joyana.fr\/wp-content\/uploads\/2014\/09\/GASPARD-DSC06219.jpg?fit=650%2C497&ssl=1\",\"datePublished\":\"2014-09-18T10:00:08+00:00\",\"description\":\"Florent Degourc pr\u00e9sentait durant la Paris Design Week, son premier prototype du fauteuil GASPARD - dessin\u00e9 en 2009 - libre \u00e0 l'\u00e9dition...\",\"breadcrumb\":{\"@id\":\"https:\/\/joyana.fr\/en\/fauteuil-gaspard-florent-degourc-pdw14\/118360\/#breadcrumb\"},\"inLanguage\":\"en-US\",\"potentialAction\":[{\"@type\":\"ReadAction\",\"target\":[\"https:\/\/joyana.fr\/en\/fauteuil-gaspard-florent-degourc-pdw14\/118360\/\"]}]},{\"@type\":\"ImageObject\",\"inLanguage\":\"en-US\",\"@id\":\"https:\/\/joyana.fr\/en\/fauteuil-gaspard-florent-degourc-pdw14\/118360\/#primaryimage\",\"url\":\"https:\/\/i0.wp.com\/joyana.fr\/wp-content\/uploads\/2014\/09\/GASPARD-DSC06219.jpg?fit=650%2C497&ssl=1\",\"contentUrl\":\"https:\/\/i0.wp.com\/joyana.fr\/wp-content\/uploads\/2014\/09\/GASPARD-DSC06219.jpg?fit=650%2C497&ssl=1\",\"width\":650,\"height\":497},{\"@type\":\"BreadcrumbList\",\"@id\":\"https:\/\/joyana.fr\/en\/fauteuil-gaspard-florent-degourc-pdw14\/118360\/#breadcrumb\",\"itemListElement\":[{\"@type\":\"ListItem\",\"position\":1,\"name\":\"Accueil\",\"item\":\"https:\/\/www.joyana.fr\/ja\/\"},{\"@type\":\"ListItem\",\"position\":2,\"name\":\"Fauteuil GASPARD par Florent DEGOURC &#8211; #PDW14\"}]},{\"@type\":\"WebSite\",\"@id\":\"https:\/\/www.joyana.fr\/ja\/#website\",\"url\":\"https:\/\/www.joyana.fr\/ja\/\",\"name\":\"JO YANA\",\"description\":\"Blog Mode Homme, Lifestyle, D\u00e9co-Design\",\"publisher\":{\"@id\":\"https:\/\/www.joyana.fr\/ja\/#\/schema\/person\/cf2a1ad12a27c12c21801075bf37407c\"},\"potentialAction\":[{\"@type\":\"SearchAction\",\"target\":{\"@type\":\"EntryPoint\",\"urlTemplate\":\"https:\/\/www.joyana.fr\/ja\/?s={search_term_string}\"},\"query-input\":{\"@type\":\"PropertyValueSpecification\",\"valueRequired\":true,\"valueName\":\"search_term_string\"}}],\"inLanguage\":\"en-US\"},{\"@type\":[\"Person\",\"Organization\"],\"@id\":\"https:\/\/www.joyana.fr\/ja\/#\/schema\/person\/cf2a1ad12a27c12c21801075bf37407c\",\"name\":\"Jo Yana\",\"image\":{\"@type\":\"ImageObject\",\"inLanguage\":\"en-US\",\"@id\":\"https:\/\/www.joyana.fr\/ja\/#\/schema\/person\/image\/\",\"url\":\"https:\/\/i0.wp.com\/joyana.fr\/wp-content\/uploads\/2016\/08\/cropped-joyana-logo-black-360x180.png?fit=343%2C164&ssl=1\",\"contentUrl\":\"https:\/\/i0.wp.com\/joyana.fr\/wp-content\/uploads\/2016\/08\/cropped-joyana-logo-black-360x180.png?fit=343%2C164&ssl=1\",\"width\":343,\"height\":164,\"caption\":\"Jo Yana\"},\"logo\":{\"@id\":\"https:\/\/www.joyana.fr\/ja\/#\/schema\/person\/image\/\"},\"description\":\"Jo Yana est le cr\u00e9ateur et r\u00e9dacteur en chef des sites DECO-DESIGN. Passionn\u00e9 de Design, Mode, Photo, Luxe, Lifestyle, Musique, mais avant tout Blogueur ! Le plaisir de partager l'anime et a comme devise \\\"POUR L'AMOUR DU BEAU\\\". Retrouvez le aussi sur son blog personnel - https:\/\/joyana.fr...\",\"sameAs\":[\"https:\/\/joyana.fr\/\"],\"url\":\"https:\/\/joyana.fr\/en\/author\/joyana\/\"}]}<\/script>\n<!-- \/ Yoast SEO plugin. -->","yoast_head_json":{"title":"Fauteuil GASPARD par Florent DEGOURC - #PDW14 | Deco-Design","description":"Florent Degourc pr\u00e9sentait durant la Paris Design Week, son premier prototype du fauteuil GASPARD - dessin\u00e9 en 2009 - libre \u00e0 l'\u00e9dition...","robots":{"index":"index","follow":"follow","max-snippet":"max-snippet:-1","max-image-preview":"max-image-preview:large","max-video-preview":"max-video-preview:-1"},"canonical":"https:\/\/joyana.fr\/en\/fauteuil-gaspard-florent-degourc-pdw14\/118360\/","og_locale":"en_US","og_type":"article","og_title":"Fauteuil GASPARD par Florent DEGOURC - #PDW14 | Deco-Design","og_description":"Florent Degourc pr\u00e9sentait durant la Paris Design Week, son premier prototype du fauteuil GASPARD - dessin\u00e9 en 2009 - libre \u00e0 l'\u00e9dition...","og_url":"https:\/\/joyana.fr\/en\/fauteuil-gaspard-florent-degourc-pdw14\/118360\/","og_site_name":"JO YANA","article_published_time":"2014-09-18T10:00:08+00:00","og_image":[{"width":650,"height":497,"url":"https:\/\/joyana.fr\/wp-content\/uploads\/2014\/09\/GASPARD-DSC06219.jpg","type":"image\/jpeg"}],"author":"Jo Yana","twitter_card":"summary_large_image","twitter_creator":"@Jo_Yana","twitter_site":"@Jo_Yana","twitter_misc":{"Written by":"Jo Yana","Est. reading time":"1 minute"},"schema":{"@context":"https:\/\/schema.org","@graph":[{"@type":"Article","@id":"https:\/\/joyana.fr\/en\/fauteuil-gaspard-florent-degourc-pdw14\/118360\/#article","isPartOf":{"@id":"https:\/\/joyana.fr\/en\/fauteuil-gaspard-florent-degourc-pdw14\/118360\/"},"author":{"name":"Jo Yana","@id":"https:\/\/www.joyana.fr\/ja\/#\/schema\/person\/cf2a1ad12a27c12c21801075bf37407c"},"headline":"Fauteuil GASPARD par Florent DEGOURC &#8211; #PDW14","datePublished":"2014-09-18T10:00:08+00:00","mainEntityOfPage":{"@id":"https:\/\/joyana.fr\/en\/fauteuil-gaspard-florent-degourc-pdw14\/118360\/"},"wordCount":118,"commentCount":0,"publisher":{"@id":"https:\/\/www.joyana.fr\/ja\/#\/schema\/person\/cf2a1ad12a27c12c21801075bf37407c"},"image":{"@id":"https:\/\/joyana.fr\/en\/fauteuil-gaspard-florent-degourc-pdw14\/118360\/#primaryimage"},"thumbnailUrl":"https:\/\/i0.wp.com\/joyana.fr\/wp-content\/uploads\/2014\/09\/GASPARD-DSC06219.jpg?fit=650%2C497&ssl=1","keywords":["#PDW14","Fauteuil design","Florent DEGOURC","Paris Design Week"],"articleSection":["Assise","DECO-DESIGN","Fauteuil","Paris Design Week"],"inLanguage":"en-US","potentialAction":[{"@type":"CommentAction","name":"Comment","target":["https:\/\/joyana.fr\/en\/fauteuil-gaspard-florent-degourc-pdw14\/118360\/#respond"]}]},{"@type":"WebPage","@id":"https:\/\/joyana.fr\/en\/fauteuil-gaspard-florent-degourc-pdw14\/118360\/","url":"https:\/\/joyana.fr\/en\/fauteuil-gaspard-florent-degourc-pdw14\/118360\/","name":"Fauteuil GASPARD par Florent DEGOURC - #PDW14 | Deco-Design","isPartOf":{"@id":"https:\/\/www.joyana.fr\/ja\/#website"},"primaryImageOfPage":{"@id":"https:\/\/joyana.fr\/en\/fauteuil-gaspard-florent-degourc-pdw14\/118360\/#primaryimage"},"image":{"@id":"https:\/\/joyana.fr\/en\/fauteuil-gaspard-florent-degourc-pdw14\/118360\/#primaryimage"},"thumbnailUrl":"https:\/\/i0.wp.com\/joyana.fr\/wp-content\/uploads\/2014\/09\/GASPARD-DSC06219.jpg?fit=650%2C497&ssl=1","datePublished":"2014-09-18T10:00:08+00:00","description":"Florent Degourc pr\u00e9sentait durant la Paris Design Week, son premier prototype du fauteuil GASPARD - dessin\u00e9 en 2009 - libre \u00e0 l'\u00e9dition...","breadcrumb":{"@id":"https:\/\/joyana.fr\/en\/fauteuil-gaspard-florent-degourc-pdw14\/118360\/#breadcrumb"},"inLanguage":"en-US","potentialAction":[{"@type":"ReadAction","target":["https:\/\/joyana.fr\/en\/fauteuil-gaspard-florent-degourc-pdw14\/118360\/"]}]},{"@type":"ImageObject","inLanguage":"en-US","@id":"https:\/\/joyana.fr\/en\/fauteuil-gaspard-florent-degourc-pdw14\/118360\/#primaryimage","url":"https:\/\/i0.wp.com\/joyana.fr\/wp-content\/uploads\/2014\/09\/GASPARD-DSC06219.jpg?fit=650%2C497&ssl=1","contentUrl":"https:\/\/i0.wp.com\/joyana.fr\/wp-content\/uploads\/2014\/09\/GASPARD-DSC06219.jpg?fit=650%2C497&ssl=1","width":650,"height":497},{"@type":"BreadcrumbList","@id":"https:\/\/joyana.fr\/en\/fauteuil-gaspard-florent-degourc-pdw14\/118360\/#breadcrumb","itemListElement":[{"@type":"ListItem","position":1,"name":"Accueil","item":"https:\/\/www.joyana.fr\/ja\/"},{"@type":"ListItem","position":2,"name":"Fauteuil GASPARD par Florent DEGOURC &#8211; #PDW14"}]},{"@type":"WebSite","@id":"https:\/\/www.joyana.fr\/ja\/#website","url":"https:\/\/www.joyana.fr\/ja\/","name":"JO YANA","description":"Blog Mode Homme, Lifestyle, D\u00e9co-Design","publisher":{"@id":"https:\/\/www.joyana.fr\/ja\/#\/schema\/person\/cf2a1ad12a27c12c21801075bf37407c"},"potentialAction":[{"@type":"SearchAction","target":{"@type":"EntryPoint","urlTemplate":"https:\/\/www.joyana.fr\/ja\/?s={search_term_string}"},"query-input":{"@type":"PropertyValueSpecification","valueRequired":true,"valueName":"search_term_string"}}],"inLanguage":"en-US"},{"@type":["Person","Organization"],"@id":"https:\/\/www.joyana.fr\/ja\/#\/schema\/person\/cf2a1ad12a27c12c21801075bf37407c","name":"Jo Yana","image":{"@type":"ImageObject","inLanguage":"en-US","@id":"https:\/\/www.joyana.fr\/ja\/#\/schema\/person\/image\/","url":"https:\/\/i0.wp.com\/joyana.fr\/wp-content\/uploads\/2016\/08\/cropped-joyana-logo-black-360x180.png?fit=343%2C164&ssl=1","contentUrl":"https:\/\/i0.wp.com\/joyana.fr\/wp-content\/uploads\/2016\/08\/cropped-joyana-logo-black-360x180.png?fit=343%2C164&ssl=1","width":343,"height":164,"caption":"Jo Yana"},"logo":{"@id":"https:\/\/www.joyana.fr\/ja\/#\/schema\/person\/image\/"},"description":"Jo Yana est le cr\u00e9ateur et r\u00e9dacteur en chef des sites DECO-DESIGN. Passionn\u00e9 de Design, Mode, Photo, Luxe, Lifestyle, Musique, mais avant tout Blogueur ! Le plaisir de partager l'anime et a comme devise \"POUR L'AMOUR DU BEAU\". Retrouvez le aussi sur son blog personnel - https:\/\/joyana.fr...","sameAs":["https:\/\/joyana.fr\/"],"url":"https:\/\/joyana.fr\/en\/author\/joyana\/"}]}},"author_meta":{"display_name":"Jo Yana","author_link":"https:\/\/joyana.fr\/en\/author\/joyana\/"},"featured_img":"https:\/\/i0.wp.com\/joyana.fr\/wp-content\/uploads\/2014\/09\/GASPARD-DSC06219.jpg?fit=389%2C297&ssl=1","featured_image_src":"https:\/\/i0.wp.com\/joyana.fr\/wp-content\/uploads\/2014\/09\/GASPARD-DSC06219.jpg?resize=600%2C400&ssl=1","featured_image_src_square":"https:\/\/i0.wp.com\/joyana.fr\/wp-content\/uploads\/2014\/09\/GASPARD-DSC06219.jpg?resize=600%2C497&ssl=1","jetpack_featured_media_url":"https:\/\/i0.wp.com\/joyana.fr\/wp-content\/uploads\/2014\/09\/GASPARD-DSC06219.jpg?fit=650%2C497&ssl=1","uagb_featured_image_src":{"full":["https:\/\/i0.wp.com\/joyana.fr\/wp-content\/uploads\/2014\/09\/GASPARD-DSC06219.jpg?fit=650%2C497&ssl=1",650,497,false],"thumbnail":["https:\/\/i0.wp.com\/joyana.fr\/wp-content\/uploads\/2014\/09\/GASPARD-DSC06219.jpg?resize=150%2C150&ssl=1",150,150,true],"medium":["https:\/\/i0.wp.com\/joyana.fr\/wp-content\/uploads\/2014\/09\/GASPARD-DSC06219.jpg?fit=389%2C297&ssl=1",389,297,true],"medium_large":["https:\/\/i0.wp.com\/joyana.fr\/wp-content\/uploads\/2014\/09\/GASPARD-DSC06219.jpg?fit=650%2C497&ssl=1",650,497,true],"large":["https:\/\/i0.wp.com\/joyana.fr\/wp-content\/uploads\/2014\/09\/GASPARD-DSC06219.jpg?fit=650%2C497&ssl=1",650,497,true],"1536x1536":["https:\/\/i0.wp.com\/joyana.fr\/wp-content\/uploads\/2014\/09\/GASPARD-DSC06219.jpg?fit=650%2C497&ssl=1",650,497,true],"2048x2048":["https:\/\/i0.wp.com\/joyana.fr\/wp-content\/uploads\/2014\/09\/GASPARD-DSC06219.jpg?fit=650%2C497&ssl=1",650,497,true],"featured-thumb":["https:\/\/i0.wp.com\/joyana.fr\/wp-content\/uploads\/2014\/09\/GASPARD-DSC06219.jpg?resize=650%2C497&ssl=1",650,497,true],"ab-block-post-grid-landscape":["https:\/\/i0.wp.com\/joyana.fr\/wp-content\/uploads\/2014\/09\/GASPARD-DSC06219.jpg?resize=600%2C400&ssl=1",600,400,true],"ab-block-post-grid-square":["https:\/\/i0.wp.com\/joyana.fr\/wp-content\/uploads\/2014\/09\/GASPARD-DSC06219.jpg?resize=600%2C497&ssl=1",600,497,true],"author-pro-image":["https:\/\/i0.wp.com\/joyana.fr\/wp-content\/uploads\/2014\/09\/GASPARD-DSC06219.jpg?resize=360%2C497&ssl=1",360,497,true],"slider":["https:\/\/i0.wp.com\/joyana.fr\/wp-content\/uploads\/2014\/09\/GASPARD-DSC06219.jpg?resize=650%2C400&ssl=1",650,400,true],"woocommerce_thumbnail":["https:\/\/i0.wp.com\/joyana.fr\/wp-content\/uploads\/2014\/09\/GASPARD-DSC06219.jpg?resize=450%2C450&ssl=1",450,450,true],"woocommerce_single":["https:\/\/i0.wp.com\/joyana.fr\/wp-content\/uploads\/2014\/09\/GASPARD-DSC06219.jpg?fit=650%2C497&ssl=1",650,497,true],"woocommerce_gallery_thumbnail":["https:\/\/i0.wp.com\/joyana.fr\/wp-content\/uploads\/2014\/09\/GASPARD-DSC06219.jpg?resize=180%2C180&ssl=1",180,180,true],"sow-carousel-default":["https:\/\/i0.wp.com\/joyana.fr\/wp-content\/uploads\/2014\/09\/GASPARD-DSC06219.jpg?resize=272%2C182&ssl=1",272,182,true]},"uagb_author_info":{"display_name":"Jo Yana","author_link":"https:\/\/joyana.fr\/en\/author\/joyana\/"},"uagb_comment_info":0,"uagb_excerpt":"Florent Degourc pr\u00e9sentait durant la Paris Design Week, son premier prototype du fauteuil GASPARD - dessin\u00e9 en 2009 - libre \u00e0 l'\u00e9dition...","coauthors":[],"tax_additional":{"categories":{"linked":["<a href=\"https:\/\/joyana.fr\/en\/category\/deco-design\/mobilier\/assise\/\" class=\"advgb-post-tax-term\">Assise<\/a>","<a href=\"https:\/\/joyana.fr\/en\/category\/deco-design\/\" class=\"advgb-post-tax-term\">DECO-DESIGN<\/a>","<a href=\"https:\/\/joyana.fr\/en\/category\/deco-design\/mobilier\/assise\/fauteuil\/\" class=\"advgb-post-tax-term\">Fauteuil<\/a>","<a href=\"https:\/\/joyana.fr\/en\/category\/deco-design\/actualite\/salon\/paris-design-week\/\" class=\"advgb-post-tax-term\">Paris Design Week<\/a>"],"unlinked":["<span class=\"advgb-post-tax-term\">Assise<\/span>","<span class=\"advgb-post-tax-term\">DECO-DESIGN<\/span>","<span class=\"advgb-post-tax-term\">Fauteuil<\/span>","<span class=\"advgb-post-tax-term\">Paris Design Week<\/span>"]},"tags":{"linked":["<a href=\"https:\/\/joyana.fr\/en\/category\/deco-design\/actualite\/salon\/paris-design-week\/\" class=\"advgb-post-tax-term\">#PDW14<\/a>","<a href=\"https:\/\/joyana.fr\/en\/category\/deco-design\/actualite\/salon\/paris-design-week\/\" class=\"advgb-post-tax-term\">Fauteuil design<\/a>","<a href=\"https:\/\/joyana.fr\/en\/category\/deco-design\/actualite\/salon\/paris-design-week\/\" class=\"advgb-post-tax-term\">Florent DEGOURC<\/a>","<a href=\"https:\/\/joyana.fr\/en\/category\/deco-design\/actualite\/salon\/paris-design-week\/\" class=\"advgb-post-tax-term\">Paris Design Week<\/a>"],"unlinked":["<span class=\"advgb-post-tax-term\">#PDW14<\/span>","<span class=\"advgb-post-tax-term\">Fauteuil design<\/span>","<span class=\"advgb-post-tax-term\">Florent DEGOURC<\/span>","<span class=\"advgb-post-tax-term\">Paris Design Week<\/span>"]}},"comment_count":0,"relative_dates":{"created":"Posted 12 years ago","modified":"Updated 12 years ago"},"absolute_dates":{"created":"Posted on 18 September 2014","modified":"Updated on 18 September 2014"},"absolute_dates_time":{"created":"Posted on 18 September 2014 11:00","modified":"Updated on 18 September 2014 11:00"},"featured_img_caption":"","series_order":"","jetpack_sharing_enabled":true,"jetpack_shortlink":"https:\/\/wp.me\/p9bteI-uN2","jetpack-related-posts":[],"_links":{"self":[{"href":"https:\/\/joyana.fr\/en\/wp-json\/wp\/v2\/posts\/118360","targetHints":{"allow":["GET"]}}],"collection":[{"href":"https:\/\/joyana.fr\/en\/wp-json\/wp\/v2\/posts"}],"about":[{"href":"https:\/\/joyana.fr\/en\/wp-json\/wp\/v2\/types\/post"}],"author":[{"embeddable":true,"href":"https:\/\/joyana.fr\/en\/wp-json\/wp\/v2\/users\/3"}],"replies":[{"embeddable":true,"href":"https:\/\/joyana.fr\/en\/wp-json\/wp\/v2\/comments?post=118360"}],"version-history":[{"count":0,"href":"https:\/\/joyana.fr\/en\/wp-json\/wp\/v2\/posts\/118360\/revisions"}],"wp:featuredmedia":[{"embeddable":true,"href":"https:\/\/joyana.fr\/en\/wp-json\/wp\/v2\/media\/118364"}],"wp:attachment":[{"href":"https:\/\/joyana.fr\/en\/wp-json\/wp\/v2\/media?parent=118360"}],"wp:term":[{"taxonomy":"category","embeddable":true,"href":"https:\/\/joyana.fr\/en\/wp-json\/wp\/v2\/categories?post=118360"},{"taxonomy":"post_tag","embeddable":true,"href":"https:\/\/joyana.fr\/en\/wp-json\/wp\/v2\/tags?post=118360"}],"curies":[{"name":"wp","href":"https:\/\/api.w.org\/{rel}","templated":true}]}}