{"id":118748,"date":"2014-10-23T07:41:19","date_gmt":"2014-10-23T06:41:19","guid":{"rendered":"https:\/\/joyana.fr\/?p=18748"},"modified":"2014-10-23T07:41:19","modified_gmt":"2014-10-23T06:41:19","slug":"banc-uiliuili-par-piotr-zuraw-architekt","status":"publish","type":"post","link":"https:\/\/joyana.fr\/en\/banc-uiliuili-par-piotr-zuraw-architekt\/118748\/","title":{"rendered":"Banc UILIUILI par Piotr \u017buraw Architekt"},"content":{"rendered":"<p style=\"text-align: justify;\">L&#8217;architecte et designer <strong>Piotr \u017buraw<\/strong> pr\u00e9sente <strong>UILIUILI<\/strong>, un\u00a0<strong>banc en bois<\/strong> d\u00e9mesur\u00e9, r\u00e9alis\u00e9 pour l&#8217;universit\u00e9 de Wroclaw. Un <strong>mobilier urbain<\/strong> r\u00e9volutionnaire, r\u00e9sultat d&#8217;une combinaison de chaises balancelle&#8230;<\/p>\n<p><a href=\"https:\/\/i0.wp.com\/joyana.fr\/wp-content\/uploads\/2014\/10\/uiliuili_bench_piotr_zuraw_02.jpg?ssl=1\"><img data-recalc-dims=\"1\" fetchpriority=\"high\" decoding=\"async\" class=\"alignnone size-full wp-image-18751\" src=\"https:\/\/i0.wp.com\/joyana.fr\/wp-content\/uploads\/2014\/10\/uiliuili_bench_piotr_zuraw_02.jpg?resize=990%2C655&#038;ssl=1\" alt=\"uiliuili_bench_piotr_zuraw_02\" width=\"990\" height=\"655\" \/><\/a><\/p>\n<p style=\"text-align: justify;\">Mobilier urbain, unique, objet sculptural, un point de rep\u00e8re dans l&#8217;espace. Voici les mots qui peuvent d\u00e9finir <strong>UILIUILI<\/strong> par <strong>Piotr \u017buraw Architekt<\/strong>&#8230; D\u00e9di\u00e9 \u00e0 des espaces ouverts publics tels que les rues, les parcs, terrains de jeux ou zone b\u00e2timents repr\u00e9sentatifs, ce <strong>banc en bois<\/strong>\u00a0surdimensionn\u00e9 est le r\u00e9sultat d&#8217;une combinaison de chaises balancelle. Les utilisateurs peuvent choisir eux-m\u00eames l&#8217;endroit le plus pratique pour se reposer. Cette nouvelle sorte de mobilier urbain a \u00e9t\u00e9 cr\u00e9\u00e9 afin d&#8217;encourager les modes informels de comportement dans l&#8217;espace public&#8230;<\/p>\n<p><img data-recalc-dims=\"1\" decoding=\"async\" class=\"alignnone size-full wp-image-18750\" src=\"https:\/\/i0.wp.com\/joyana.fr\/wp-content\/uploads\/2014\/10\/uiliuili_bench_piotr_zuraw_01.jpg?resize=992%2C659&#038;ssl=1\" alt=\"uiliuili_bench_piotr_zuraw_01\" width=\"992\" height=\"659\" \/><\/p>\n<p><a href=\"https:\/\/i0.wp.com\/joyana.fr\/wp-content\/uploads\/2014\/10\/3_1024.jpg?ssl=1\"><img data-recalc-dims=\"1\" decoding=\"async\" class=\"alignnone size-full wp-image-18754\" src=\"https:\/\/i0.wp.com\/joyana.fr\/wp-content\/uploads\/2014\/10\/3_1024.jpg?resize=880%2C500&#038;ssl=1\" alt=\"3_1024\" width=\"880\" height=\"500\" \/><\/a><\/p>\n\n<p><a href=\"https:\/\/i0.wp.com\/joyana.fr\/wp-content\/uploads\/2014\/10\/goot2ap_o.jpg?ssl=1\"><img data-recalc-dims=\"1\" loading=\"lazy\" decoding=\"async\" class=\"alignnone size-full wp-image-18755\" src=\"https:\/\/i0.wp.com\/joyana.fr\/wp-content\/uploads\/2014\/10\/goot2ap_o.jpg?resize=1500%2C750&#038;ssl=1\" alt=\"goot2ap_o\" width=\"1500\" height=\"750\" \/><\/a><\/p>\n<p><iframe src=\"\/\/player.vimeo.com\/video\/103992350?portrait=0&amp;color=13adeb&amp;autoplay=1&amp;loop=1\" width=\"650\" height=\"366\" frameborder=\"0\" allowfullscreen=\"allowfullscreen\"><\/iframe><\/p>\n<p style=\"text-align: center;\">En savoir + sur <strong><a href=\"http:\/\/www.zurawarchitekt.pl\/profil\" target=\"_blank\">Piotr \u017buraw Architekt<\/a><\/strong><\/p>\n","protected":false},"excerpt":{"rendered":"<p>L&#8217;architecte et designer Piotr \u017buraw pr\u00e9sente UILIUILI, un banc en bois d\u00e9mesur\u00e9, r\u00e9alis\u00e9 pour l&#8217;universit\u00e9 de Wroclaw. Un mobilier urbain r\u00e9volutionnaire, r\u00e9sultat d&#8217;une combinaison de chaises balancelle&#8230;<\/p>\n","protected":false},"author":3,"featured_media":118752,"comment_status":"open","ping_status":"open","sticky":false,"template":"","format":"aside","meta":{"_coblocks_attr":"","_coblocks_dimensions":"","_coblocks_responsive_height":"","_coblocks_accordion_ie_support":"","_uag_custom_page_level_css":"","advgb_blocks_editor_width":"","advgb_blocks_columns_visual_guide":"","_genesis_hide_title":false,"_genesis_hide_breadcrumbs":false,"_genesis_hide_singular_image":false,"_genesis_hide_footer_widgets":false,"_genesis_custom_body_class":"","_genesis_custom_post_class":"","_genesis_layout":"","_themeisle_gutenberg_block_has_review":false,"_jetpack_newsletter_access":"","_jetpack_dont_email_post_to_subs":false,"_jetpack_newsletter_tier_id":0,"_jetpack_memberships_contains_paywalled_content":false,"_jetpack_memberships_contains_paid_content":false,"footnotes":""},"categories":[1216,905,942],"tags":[1217,482,1334,1850],"class_list":{"0":"post-118748","1":"post","2":"type-post","3":"status-publish","4":"format-aside","5":"has-post-thumbnail","7":"category-banc","8":"category-deco-design","9":"category-mobilier","10":"tag-banc-design","11":"tag-bois","12":"tag-mobilier-urbain","13":"tag-piotr-zuraw-architekt","14":"post_format-post-format-aside","15":"entry"},"featured_image_urls":{"full":["https:\/\/i0.wp.com\/joyana.fr\/wp-content\/uploads\/2014\/10\/uiliuili_bench_piotr_zuraw_04.jpg?fit=992%2C659&ssl=1",992,659,false],"thumbnail":["https:\/\/i0.wp.com\/joyana.fr\/wp-content\/uploads\/2014\/10\/uiliuili_bench_piotr_zuraw_04.jpg?resize=150%2C150&ssl=1",150,150,true],"medium":["https:\/\/i0.wp.com\/joyana.fr\/wp-content\/uploads\/2014\/10\/uiliuili_bench_piotr_zuraw_04.jpg?fit=389%2C258&ssl=1",389,258,true],"medium_large":["https:\/\/i0.wp.com\/joyana.fr\/wp-content\/uploads\/2014\/10\/uiliuili_bench_piotr_zuraw_04.jpg?fit=768%2C510&ssl=1",768,510,true],"large":["https:\/\/i0.wp.com\/joyana.fr\/wp-content\/uploads\/2014\/10\/uiliuili_bench_piotr_zuraw_04.jpg?fit=992%2C659&ssl=1",992,659,true],"1536x1536":["https:\/\/i0.wp.com\/joyana.fr\/wp-content\/uploads\/2014\/10\/uiliuili_bench_piotr_zuraw_04.jpg?fit=992%2C659&ssl=1",992,659,true],"2048x2048":["https:\/\/i0.wp.com\/joyana.fr\/wp-content\/uploads\/2014\/10\/uiliuili_bench_piotr_zuraw_04.jpg?fit=992%2C659&ssl=1",992,659,true],"featured-thumb":["https:\/\/i0.wp.com\/joyana.fr\/wp-content\/uploads\/2014\/10\/uiliuili_bench_piotr_zuraw_04.jpg?resize=992%2C659&ssl=1",992,659,true],"ab-block-post-grid-landscape":["https:\/\/i0.wp.com\/joyana.fr\/wp-content\/uploads\/2014\/10\/uiliuili_bench_piotr_zuraw_04.jpg?resize=600%2C400&ssl=1",600,400,true],"ab-block-post-grid-square":["https:\/\/i0.wp.com\/joyana.fr\/wp-content\/uploads\/2014\/10\/uiliuili_bench_piotr_zuraw_04.jpg?resize=600%2C600&ssl=1",600,600,true],"author-pro-image":["https:\/\/i0.wp.com\/joyana.fr\/wp-content\/uploads\/2014\/10\/uiliuili_bench_piotr_zuraw_04.jpg?resize=360%2C570&ssl=1",360,570,true],"slider":["https:\/\/i0.wp.com\/joyana.fr\/wp-content\/uploads\/2014\/10\/uiliuili_bench_piotr_zuraw_04.jpg?resize=920%2C400&ssl=1",920,400,true],"woocommerce_thumbnail":["https:\/\/i0.wp.com\/joyana.fr\/wp-content\/uploads\/2014\/10\/uiliuili_bench_piotr_zuraw_04.jpg?resize=450%2C450&ssl=1",450,450,true],"woocommerce_single":["https:\/\/i0.wp.com\/joyana.fr\/wp-content\/uploads\/2014\/10\/uiliuili_bench_piotr_zuraw_04.jpg?fit=920%2C611&ssl=1",920,611,true],"woocommerce_gallery_thumbnail":["https:\/\/i0.wp.com\/joyana.fr\/wp-content\/uploads\/2014\/10\/uiliuili_bench_piotr_zuraw_04.jpg?resize=180%2C180&ssl=1",180,180,true],"sow-carousel-default":["https:\/\/i0.wp.com\/joyana.fr\/wp-content\/uploads\/2014\/10\/uiliuili_bench_piotr_zuraw_04.jpg?resize=272%2C182&ssl=1",272,182,true]},"post_excerpt_stackable":"<p>L&#8217;architecte et designer Piotr \u017buraw pr\u00e9sente UILIUILI, un banc en bois d\u00e9mesur\u00e9, r\u00e9alis\u00e9 pour l&#8217;universit\u00e9 de Wroclaw. Un mobilier urbain r\u00e9volutionnaire, r\u00e9sultat d&#8217;une combinaison de chaises balancelle&#8230;<\/p>\n","category_list":"<a href=\"https:\/\/joyana.fr\/en\/category\/deco-design\/mobilier\/assise\/banc\/\" rel=\"category tag\">Banc<\/a>, <a href=\"https:\/\/joyana.fr\/en\/category\/deco-design\/\" rel=\"category tag\">DECO-DESIGN<\/a>, <a href=\"https:\/\/joyana.fr\/en\/category\/deco-design\/mobilier\/\" rel=\"category tag\">Mobilier<\/a>","author_info":{"display_name":"Jo Yana","author_link":"https:\/\/joyana.fr\/en\/author\/joyana\/"},"comments_num":"2 comments","featured_image_urls_v2":{"full":["https:\/\/i0.wp.com\/joyana.fr\/wp-content\/uploads\/2014\/10\/uiliuili_bench_piotr_zuraw_04.jpg?fit=992%2C659&ssl=1",992,659,false],"thumbnail":["https:\/\/i0.wp.com\/joyana.fr\/wp-content\/uploads\/2014\/10\/uiliuili_bench_piotr_zuraw_04.jpg?resize=150%2C150&ssl=1",150,150,true],"medium":["https:\/\/i0.wp.com\/joyana.fr\/wp-content\/uploads\/2014\/10\/uiliuili_bench_piotr_zuraw_04.jpg?fit=389%2C258&ssl=1",389,258,true],"medium_large":["https:\/\/i0.wp.com\/joyana.fr\/wp-content\/uploads\/2014\/10\/uiliuili_bench_piotr_zuraw_04.jpg?fit=768%2C510&ssl=1",768,510,true],"large":["https:\/\/i0.wp.com\/joyana.fr\/wp-content\/uploads\/2014\/10\/uiliuili_bench_piotr_zuraw_04.jpg?fit=992%2C659&ssl=1",992,659,true],"1536x1536":["https:\/\/i0.wp.com\/joyana.fr\/wp-content\/uploads\/2014\/10\/uiliuili_bench_piotr_zuraw_04.jpg?fit=992%2C659&ssl=1",992,659,true],"2048x2048":["https:\/\/i0.wp.com\/joyana.fr\/wp-content\/uploads\/2014\/10\/uiliuili_bench_piotr_zuraw_04.jpg?fit=992%2C659&ssl=1",992,659,true],"featured-thumb":["https:\/\/i0.wp.com\/joyana.fr\/wp-content\/uploads\/2014\/10\/uiliuili_bench_piotr_zuraw_04.jpg?resize=992%2C659&ssl=1",992,659,true],"ab-block-post-grid-landscape":["https:\/\/i0.wp.com\/joyana.fr\/wp-content\/uploads\/2014\/10\/uiliuili_bench_piotr_zuraw_04.jpg?resize=600%2C400&ssl=1",600,400,true],"ab-block-post-grid-square":["https:\/\/i0.wp.com\/joyana.fr\/wp-content\/uploads\/2014\/10\/uiliuili_bench_piotr_zuraw_04.jpg?resize=600%2C600&ssl=1",600,600,true],"author-pro-image":["https:\/\/i0.wp.com\/joyana.fr\/wp-content\/uploads\/2014\/10\/uiliuili_bench_piotr_zuraw_04.jpg?resize=360%2C570&ssl=1",360,570,true],"slider":["https:\/\/i0.wp.com\/joyana.fr\/wp-content\/uploads\/2014\/10\/uiliuili_bench_piotr_zuraw_04.jpg?resize=920%2C400&ssl=1",920,400,true],"woocommerce_thumbnail":["https:\/\/i0.wp.com\/joyana.fr\/wp-content\/uploads\/2014\/10\/uiliuili_bench_piotr_zuraw_04.jpg?resize=450%2C450&ssl=1",450,450,true],"woocommerce_single":["https:\/\/i0.wp.com\/joyana.fr\/wp-content\/uploads\/2014\/10\/uiliuili_bench_piotr_zuraw_04.jpg?fit=920%2C611&ssl=1",920,611,true],"woocommerce_gallery_thumbnail":["https:\/\/i0.wp.com\/joyana.fr\/wp-content\/uploads\/2014\/10\/uiliuili_bench_piotr_zuraw_04.jpg?resize=180%2C180&ssl=1",180,180,true],"sow-carousel-default":["https:\/\/i0.wp.com\/joyana.fr\/wp-content\/uploads\/2014\/10\/uiliuili_bench_piotr_zuraw_04.jpg?resize=272%2C182&ssl=1",272,182,true]},"post_excerpt_stackable_v2":"<p>L&#8217;architecte et designer Piotr \u017buraw pr\u00e9sente UILIUILI, un banc en bois d\u00e9mesur\u00e9, r\u00e9alis\u00e9 pour l&#8217;universit\u00e9 de Wroclaw. Un mobilier urbain r\u00e9volutionnaire, r\u00e9sultat d&#8217;une combinaison de chaises balancelle&#8230;<\/p>\n","category_list_v2":"<a href=\"https:\/\/joyana.fr\/en\/category\/deco-design\/mobilier\/assise\/banc\/\" rel=\"category tag\">Banc<\/a>, <a href=\"https:\/\/joyana.fr\/en\/category\/deco-design\/\" rel=\"category tag\">DECO-DESIGN<\/a>, <a href=\"https:\/\/joyana.fr\/en\/category\/deco-design\/mobilier\/\" rel=\"category tag\">Mobilier<\/a>","author_info_v2":{"name":"Jo Yana","url":"https:\/\/joyana.fr\/en\/author\/joyana\/"},"comments_num_v2":"2 comments","yoast_head":"<!-- This site is optimized with the Yoast SEO plugin v26.8 - https:\/\/yoast.com\/product\/yoast-seo-wordpress\/ -->\n<title>Banc UILIUILI par Piotr \u017buraw Architekt | Deco-Design<\/title>\n<meta name=\"description\" content=\"Piotr \u017buraw pr\u00e9sente UILIUILI un banc en bois d\u00e9mesur\u00e9. Un mobilier urbain r\u00e9volutionnaire, r\u00e9sultat d&#039;une combinaison de chaises balancelle...\" \/>\n<meta name=\"robots\" content=\"index, follow, max-snippet:-1, max-image-preview:large, max-video-preview:-1\" \/>\n<link rel=\"canonical\" href=\"https:\/\/www.joyana.fr\/banc-uiliuili-par-piotr-zuraw-architekt\/118748\/\" \/>\n<meta property=\"og:locale\" content=\"en_US\" \/>\n<meta property=\"og:locale:alternate\" content=\"fr_FR\" \/>\n<meta property=\"og:locale:alternate\" content=\"ja\" \/>\n<meta property=\"og:type\" content=\"article\" \/>\n<meta property=\"og:title\" content=\"Banc UILIUILI par Piotr \u017buraw Architekt | Deco-Design\" \/>\n<meta property=\"og:description\" content=\"Piotr \u017buraw pr\u00e9sente UILIUILI un banc en bois d\u00e9mesur\u00e9. Un mobilier urbain r\u00e9volutionnaire, r\u00e9sultat d&#039;une combinaison de chaises balancelle...\" \/>\n<meta property=\"og:url\" content=\"https:\/\/joyana.fr\/en\/banc-uiliuili-par-piotr-zuraw-architekt\/118748\/\" \/>\n<meta property=\"og:site_name\" content=\"JO YANA\" \/>\n<meta property=\"article:published_time\" content=\"2014-10-23T06:41:19+00:00\" \/>\n<meta property=\"og:image\" content=\"https:\/\/www.joyana.fr\/wp-content\/uploads\/2014\/10\/uiliuili_bench_piotr_zuraw_04.jpg\" \/>\n\t<meta property=\"og:image:width\" content=\"992\" \/>\n\t<meta property=\"og:image:height\" content=\"659\" \/>\n\t<meta property=\"og:image:type\" content=\"image\/jpeg\" \/>\n<meta name=\"author\" content=\"Jo Yana\" \/>\n<meta name=\"twitter:card\" content=\"summary_large_image\" \/>\n<meta name=\"twitter:creator\" content=\"@Jo_Yana\" \/>\n<meta name=\"twitter:site\" content=\"@Jo_Yana\" \/>\n<meta name=\"twitter:label1\" content=\"Written by\" \/>\n\t<meta name=\"twitter:data1\" content=\"Jo Yana\" \/>\n\t<meta name=\"twitter:label2\" content=\"Est. reading time\" \/>\n\t<meta name=\"twitter:data2\" content=\"1 minute\" \/>\n<script type=\"application\/ld+json\" class=\"yoast-schema-graph\">{\"@context\":\"https:\/\/schema.org\",\"@graph\":[{\"@type\":\"Article\",\"@id\":\"https:\/\/www.joyana.fr\/banc-uiliuili-par-piotr-zuraw-architekt\/118748\/#article\",\"isPartOf\":{\"@id\":\"https:\/\/www.joyana.fr\/banc-uiliuili-par-piotr-zuraw-architekt\/118748\/\"},\"author\":{\"name\":\"Jo Yana\",\"@id\":\"https:\/\/www.joyana.fr\/ja\/#\/schema\/person\/cf2a1ad12a27c12c21801075bf37407c\"},\"headline\":\"Banc UILIUILI par Piotr \u017buraw Architekt\",\"datePublished\":\"2014-10-23T06:41:19+00:00\",\"mainEntityOfPage\":{\"@id\":\"https:\/\/www.joyana.fr\/banc-uiliuili-par-piotr-zuraw-architekt\/118748\/\"},\"wordCount\":148,\"commentCount\":1,\"publisher\":{\"@id\":\"https:\/\/www.joyana.fr\/ja\/#\/schema\/person\/cf2a1ad12a27c12c21801075bf37407c\"},\"image\":{\"@id\":\"https:\/\/www.joyana.fr\/banc-uiliuili-par-piotr-zuraw-architekt\/118748\/#primaryimage\"},\"thumbnailUrl\":\"https:\/\/i0.wp.com\/joyana.fr\/wp-content\/uploads\/2014\/10\/uiliuili_bench_piotr_zuraw_04.jpg?fit=992%2C659&ssl=1\",\"keywords\":[\"Banc design\",\"Bois\",\"Mobilier Urbain\",\"Piotr \u017buraw Architekt\"],\"articleSection\":[\"Banc\",\"DECO-DESIGN\",\"Mobilier\"],\"inLanguage\":\"en-US\",\"potentialAction\":[{\"@type\":\"CommentAction\",\"name\":\"Comment\",\"target\":[\"https:\/\/www.joyana.fr\/banc-uiliuili-par-piotr-zuraw-architekt\/118748\/#respond\"]}]},{\"@type\":\"WebPage\",\"@id\":\"https:\/\/www.joyana.fr\/banc-uiliuili-par-piotr-zuraw-architekt\/118748\/\",\"url\":\"https:\/\/www.joyana.fr\/banc-uiliuili-par-piotr-zuraw-architekt\/118748\/\",\"name\":\"Banc UILIUILI par Piotr \u017buraw Architekt | Deco-Design\",\"isPartOf\":{\"@id\":\"https:\/\/www.joyana.fr\/ja\/#website\"},\"primaryImageOfPage\":{\"@id\":\"https:\/\/www.joyana.fr\/banc-uiliuili-par-piotr-zuraw-architekt\/118748\/#primaryimage\"},\"image\":{\"@id\":\"https:\/\/www.joyana.fr\/banc-uiliuili-par-piotr-zuraw-architekt\/118748\/#primaryimage\"},\"thumbnailUrl\":\"https:\/\/i0.wp.com\/joyana.fr\/wp-content\/uploads\/2014\/10\/uiliuili_bench_piotr_zuraw_04.jpg?fit=992%2C659&ssl=1\",\"datePublished\":\"2014-10-23T06:41:19+00:00\",\"description\":\"Piotr \u017buraw pr\u00e9sente UILIUILI un banc en bois d\u00e9mesur\u00e9. Un mobilier urbain r\u00e9volutionnaire, r\u00e9sultat d'une combinaison de chaises balancelle...\",\"breadcrumb\":{\"@id\":\"https:\/\/www.joyana.fr\/banc-uiliuili-par-piotr-zuraw-architekt\/118748\/#breadcrumb\"},\"inLanguage\":\"en-US\",\"potentialAction\":[{\"@type\":\"ReadAction\",\"target\":[\"https:\/\/www.joyana.fr\/banc-uiliuili-par-piotr-zuraw-architekt\/118748\/\"]}]},{\"@type\":\"ImageObject\",\"inLanguage\":\"en-US\",\"@id\":\"https:\/\/www.joyana.fr\/banc-uiliuili-par-piotr-zuraw-architekt\/118748\/#primaryimage\",\"url\":\"https:\/\/i0.wp.com\/joyana.fr\/wp-content\/uploads\/2014\/10\/uiliuili_bench_piotr_zuraw_04.jpg?fit=992%2C659&ssl=1\",\"contentUrl\":\"https:\/\/i0.wp.com\/joyana.fr\/wp-content\/uploads\/2014\/10\/uiliuili_bench_piotr_zuraw_04.jpg?fit=992%2C659&ssl=1\",\"width\":992,\"height\":659},{\"@type\":\"BreadcrumbList\",\"@id\":\"https:\/\/www.joyana.fr\/banc-uiliuili-par-piotr-zuraw-architekt\/118748\/#breadcrumb\",\"itemListElement\":[{\"@type\":\"ListItem\",\"position\":1,\"name\":\"Accueil\",\"item\":\"https:\/\/www.joyana.fr\/ja\/\"},{\"@type\":\"ListItem\",\"position\":2,\"name\":\"Banc UILIUILI par Piotr \u017buraw Architekt\"}]},{\"@type\":\"WebSite\",\"@id\":\"https:\/\/www.joyana.fr\/ja\/#website\",\"url\":\"https:\/\/www.joyana.fr\/ja\/\",\"name\":\"JO YANA\",\"description\":\"Blog Mode Homme, Lifestyle, D\u00e9co-Design\",\"publisher\":{\"@id\":\"https:\/\/www.joyana.fr\/ja\/#\/schema\/person\/cf2a1ad12a27c12c21801075bf37407c\"},\"potentialAction\":[{\"@type\":\"SearchAction\",\"target\":{\"@type\":\"EntryPoint\",\"urlTemplate\":\"https:\/\/www.joyana.fr\/ja\/?s={search_term_string}\"},\"query-input\":{\"@type\":\"PropertyValueSpecification\",\"valueRequired\":true,\"valueName\":\"search_term_string\"}}],\"inLanguage\":\"en-US\"},{\"@type\":[\"Person\",\"Organization\"],\"@id\":\"https:\/\/www.joyana.fr\/ja\/#\/schema\/person\/cf2a1ad12a27c12c21801075bf37407c\",\"name\":\"Jo Yana\",\"image\":{\"@type\":\"ImageObject\",\"inLanguage\":\"en-US\",\"@id\":\"https:\/\/www.joyana.fr\/ja\/#\/schema\/person\/image\/\",\"url\":\"https:\/\/i0.wp.com\/joyana.fr\/wp-content\/uploads\/2016\/08\/cropped-joyana-logo-black-360x180.png?fit=343%2C164&ssl=1\",\"contentUrl\":\"https:\/\/i0.wp.com\/joyana.fr\/wp-content\/uploads\/2016\/08\/cropped-joyana-logo-black-360x180.png?fit=343%2C164&ssl=1\",\"width\":343,\"height\":164,\"caption\":\"Jo Yana\"},\"logo\":{\"@id\":\"https:\/\/www.joyana.fr\/ja\/#\/schema\/person\/image\/\"},\"description\":\"Jo Yana est le cr\u00e9ateur et r\u00e9dacteur en chef des sites DECO-DESIGN. Passionn\u00e9 de Design, Mode, Photo, Luxe, Lifestyle, Musique, mais avant tout Blogueur ! Le plaisir de partager l'anime et a comme devise \\\"POUR L'AMOUR DU BEAU\\\". Retrouvez le aussi sur son blog personnel - https:\/\/joyana.fr...\",\"sameAs\":[\"https:\/\/joyana.fr\/\"],\"url\":\"https:\/\/joyana.fr\/en\/author\/joyana\/\"}]}<\/script>\n<!-- \/ Yoast SEO plugin. -->","yoast_head_json":{"title":"Banc UILIUILI par Piotr \u017buraw Architekt | Deco-Design","description":"Piotr \u017buraw pr\u00e9sente UILIUILI un banc en bois d\u00e9mesur\u00e9. Un mobilier urbain r\u00e9volutionnaire, r\u00e9sultat d'une combinaison de chaises balancelle...","robots":{"index":"index","follow":"follow","max-snippet":"max-snippet:-1","max-image-preview":"max-image-preview:large","max-video-preview":"max-video-preview:-1"},"canonical":"https:\/\/www.joyana.fr\/banc-uiliuili-par-piotr-zuraw-architekt\/118748\/","og_locale":"en_US","og_type":"article","og_title":"Banc UILIUILI par Piotr \u017buraw Architekt | Deco-Design","og_description":"Piotr \u017buraw pr\u00e9sente UILIUILI un banc en bois d\u00e9mesur\u00e9. Un mobilier urbain r\u00e9volutionnaire, r\u00e9sultat d'une combinaison de chaises balancelle...","og_url":"https:\/\/joyana.fr\/en\/banc-uiliuili-par-piotr-zuraw-architekt\/118748\/","og_site_name":"JO YANA","article_published_time":"2014-10-23T06:41:19+00:00","og_image":[{"width":992,"height":659,"url":"https:\/\/www.joyana.fr\/wp-content\/uploads\/2014\/10\/uiliuili_bench_piotr_zuraw_04.jpg","type":"image\/jpeg"}],"author":"Jo Yana","twitter_card":"summary_large_image","twitter_creator":"@Jo_Yana","twitter_site":"@Jo_Yana","twitter_misc":{"Written by":"Jo Yana","Est. reading time":"1 minute"},"schema":{"@context":"https:\/\/schema.org","@graph":[{"@type":"Article","@id":"https:\/\/www.joyana.fr\/banc-uiliuili-par-piotr-zuraw-architekt\/118748\/#article","isPartOf":{"@id":"https:\/\/www.joyana.fr\/banc-uiliuili-par-piotr-zuraw-architekt\/118748\/"},"author":{"name":"Jo Yana","@id":"https:\/\/www.joyana.fr\/ja\/#\/schema\/person\/cf2a1ad12a27c12c21801075bf37407c"},"headline":"Banc UILIUILI par Piotr \u017buraw Architekt","datePublished":"2014-10-23T06:41:19+00:00","mainEntityOfPage":{"@id":"https:\/\/www.joyana.fr\/banc-uiliuili-par-piotr-zuraw-architekt\/118748\/"},"wordCount":148,"commentCount":1,"publisher":{"@id":"https:\/\/www.joyana.fr\/ja\/#\/schema\/person\/cf2a1ad12a27c12c21801075bf37407c"},"image":{"@id":"https:\/\/www.joyana.fr\/banc-uiliuili-par-piotr-zuraw-architekt\/118748\/#primaryimage"},"thumbnailUrl":"https:\/\/i0.wp.com\/joyana.fr\/wp-content\/uploads\/2014\/10\/uiliuili_bench_piotr_zuraw_04.jpg?fit=992%2C659&ssl=1","keywords":["Banc design","Bois","Mobilier Urbain","Piotr \u017buraw Architekt"],"articleSection":["Banc","DECO-DESIGN","Mobilier"],"inLanguage":"en-US","potentialAction":[{"@type":"CommentAction","name":"Comment","target":["https:\/\/www.joyana.fr\/banc-uiliuili-par-piotr-zuraw-architekt\/118748\/#respond"]}]},{"@type":"WebPage","@id":"https:\/\/www.joyana.fr\/banc-uiliuili-par-piotr-zuraw-architekt\/118748\/","url":"https:\/\/www.joyana.fr\/banc-uiliuili-par-piotr-zuraw-architekt\/118748\/","name":"Banc UILIUILI par Piotr \u017buraw Architekt | Deco-Design","isPartOf":{"@id":"https:\/\/www.joyana.fr\/ja\/#website"},"primaryImageOfPage":{"@id":"https:\/\/www.joyana.fr\/banc-uiliuili-par-piotr-zuraw-architekt\/118748\/#primaryimage"},"image":{"@id":"https:\/\/www.joyana.fr\/banc-uiliuili-par-piotr-zuraw-architekt\/118748\/#primaryimage"},"thumbnailUrl":"https:\/\/i0.wp.com\/joyana.fr\/wp-content\/uploads\/2014\/10\/uiliuili_bench_piotr_zuraw_04.jpg?fit=992%2C659&ssl=1","datePublished":"2014-10-23T06:41:19+00:00","description":"Piotr \u017buraw pr\u00e9sente UILIUILI un banc en bois d\u00e9mesur\u00e9. Un mobilier urbain r\u00e9volutionnaire, r\u00e9sultat d'une combinaison de chaises balancelle...","breadcrumb":{"@id":"https:\/\/www.joyana.fr\/banc-uiliuili-par-piotr-zuraw-architekt\/118748\/#breadcrumb"},"inLanguage":"en-US","potentialAction":[{"@type":"ReadAction","target":["https:\/\/www.joyana.fr\/banc-uiliuili-par-piotr-zuraw-architekt\/118748\/"]}]},{"@type":"ImageObject","inLanguage":"en-US","@id":"https:\/\/www.joyana.fr\/banc-uiliuili-par-piotr-zuraw-architekt\/118748\/#primaryimage","url":"https:\/\/i0.wp.com\/joyana.fr\/wp-content\/uploads\/2014\/10\/uiliuili_bench_piotr_zuraw_04.jpg?fit=992%2C659&ssl=1","contentUrl":"https:\/\/i0.wp.com\/joyana.fr\/wp-content\/uploads\/2014\/10\/uiliuili_bench_piotr_zuraw_04.jpg?fit=992%2C659&ssl=1","width":992,"height":659},{"@type":"BreadcrumbList","@id":"https:\/\/www.joyana.fr\/banc-uiliuili-par-piotr-zuraw-architekt\/118748\/#breadcrumb","itemListElement":[{"@type":"ListItem","position":1,"name":"Accueil","item":"https:\/\/www.joyana.fr\/ja\/"},{"@type":"ListItem","position":2,"name":"Banc UILIUILI par Piotr \u017buraw Architekt"}]},{"@type":"WebSite","@id":"https:\/\/www.joyana.fr\/ja\/#website","url":"https:\/\/www.joyana.fr\/ja\/","name":"JO YANA","description":"Blog Mode Homme, Lifestyle, D\u00e9co-Design","publisher":{"@id":"https:\/\/www.joyana.fr\/ja\/#\/schema\/person\/cf2a1ad12a27c12c21801075bf37407c"},"potentialAction":[{"@type":"SearchAction","target":{"@type":"EntryPoint","urlTemplate":"https:\/\/www.joyana.fr\/ja\/?s={search_term_string}"},"query-input":{"@type":"PropertyValueSpecification","valueRequired":true,"valueName":"search_term_string"}}],"inLanguage":"en-US"},{"@type":["Person","Organization"],"@id":"https:\/\/www.joyana.fr\/ja\/#\/schema\/person\/cf2a1ad12a27c12c21801075bf37407c","name":"Jo Yana","image":{"@type":"ImageObject","inLanguage":"en-US","@id":"https:\/\/www.joyana.fr\/ja\/#\/schema\/person\/image\/","url":"https:\/\/i0.wp.com\/joyana.fr\/wp-content\/uploads\/2016\/08\/cropped-joyana-logo-black-360x180.png?fit=343%2C164&ssl=1","contentUrl":"https:\/\/i0.wp.com\/joyana.fr\/wp-content\/uploads\/2016\/08\/cropped-joyana-logo-black-360x180.png?fit=343%2C164&ssl=1","width":343,"height":164,"caption":"Jo Yana"},"logo":{"@id":"https:\/\/www.joyana.fr\/ja\/#\/schema\/person\/image\/"},"description":"Jo Yana est le cr\u00e9ateur et r\u00e9dacteur en chef des sites DECO-DESIGN. Passionn\u00e9 de Design, Mode, Photo, Luxe, Lifestyle, Musique, mais avant tout Blogueur ! Le plaisir de partager l'anime et a comme devise \"POUR L'AMOUR DU BEAU\". Retrouvez le aussi sur son blog personnel - https:\/\/joyana.fr...","sameAs":["https:\/\/joyana.fr\/"],"url":"https:\/\/joyana.fr\/en\/author\/joyana\/"}]}},"author_meta":{"display_name":"Jo Yana","author_link":"https:\/\/joyana.fr\/en\/author\/joyana\/"},"featured_img":"https:\/\/i0.wp.com\/joyana.fr\/wp-content\/uploads\/2014\/10\/uiliuili_bench_piotr_zuraw_04.jpg?fit=389%2C258&ssl=1","featured_image_src":"https:\/\/i0.wp.com\/joyana.fr\/wp-content\/uploads\/2014\/10\/uiliuili_bench_piotr_zuraw_04.jpg?resize=600%2C400&ssl=1","featured_image_src_square":"https:\/\/i0.wp.com\/joyana.fr\/wp-content\/uploads\/2014\/10\/uiliuili_bench_piotr_zuraw_04.jpg?resize=600%2C600&ssl=1","jetpack_featured_media_url":"https:\/\/i0.wp.com\/joyana.fr\/wp-content\/uploads\/2014\/10\/uiliuili_bench_piotr_zuraw_04.jpg?fit=992%2C659&ssl=1","uagb_featured_image_src":{"full":["https:\/\/i0.wp.com\/joyana.fr\/wp-content\/uploads\/2014\/10\/uiliuili_bench_piotr_zuraw_04.jpg?fit=992%2C659&ssl=1",992,659,false],"thumbnail":["https:\/\/i0.wp.com\/joyana.fr\/wp-content\/uploads\/2014\/10\/uiliuili_bench_piotr_zuraw_04.jpg?resize=150%2C150&ssl=1",150,150,true],"medium":["https:\/\/i0.wp.com\/joyana.fr\/wp-content\/uploads\/2014\/10\/uiliuili_bench_piotr_zuraw_04.jpg?fit=389%2C258&ssl=1",389,258,true],"medium_large":["https:\/\/i0.wp.com\/joyana.fr\/wp-content\/uploads\/2014\/10\/uiliuili_bench_piotr_zuraw_04.jpg?fit=768%2C510&ssl=1",768,510,true],"large":["https:\/\/i0.wp.com\/joyana.fr\/wp-content\/uploads\/2014\/10\/uiliuili_bench_piotr_zuraw_04.jpg?fit=992%2C659&ssl=1",992,659,true],"1536x1536":["https:\/\/i0.wp.com\/joyana.fr\/wp-content\/uploads\/2014\/10\/uiliuili_bench_piotr_zuraw_04.jpg?fit=992%2C659&ssl=1",992,659,true],"2048x2048":["https:\/\/i0.wp.com\/joyana.fr\/wp-content\/uploads\/2014\/10\/uiliuili_bench_piotr_zuraw_04.jpg?fit=992%2C659&ssl=1",992,659,true],"featured-thumb":["https:\/\/i0.wp.com\/joyana.fr\/wp-content\/uploads\/2014\/10\/uiliuili_bench_piotr_zuraw_04.jpg?resize=992%2C659&ssl=1",992,659,true],"ab-block-post-grid-landscape":["https:\/\/i0.wp.com\/joyana.fr\/wp-content\/uploads\/2014\/10\/uiliuili_bench_piotr_zuraw_04.jpg?resize=600%2C400&ssl=1",600,400,true],"ab-block-post-grid-square":["https:\/\/i0.wp.com\/joyana.fr\/wp-content\/uploads\/2014\/10\/uiliuili_bench_piotr_zuraw_04.jpg?resize=600%2C600&ssl=1",600,600,true],"author-pro-image":["https:\/\/i0.wp.com\/joyana.fr\/wp-content\/uploads\/2014\/10\/uiliuili_bench_piotr_zuraw_04.jpg?resize=360%2C570&ssl=1",360,570,true],"slider":["https:\/\/i0.wp.com\/joyana.fr\/wp-content\/uploads\/2014\/10\/uiliuili_bench_piotr_zuraw_04.jpg?resize=920%2C400&ssl=1",920,400,true],"woocommerce_thumbnail":["https:\/\/i0.wp.com\/joyana.fr\/wp-content\/uploads\/2014\/10\/uiliuili_bench_piotr_zuraw_04.jpg?resize=450%2C450&ssl=1",450,450,true],"woocommerce_single":["https:\/\/i0.wp.com\/joyana.fr\/wp-content\/uploads\/2014\/10\/uiliuili_bench_piotr_zuraw_04.jpg?fit=920%2C611&ssl=1",920,611,true],"woocommerce_gallery_thumbnail":["https:\/\/i0.wp.com\/joyana.fr\/wp-content\/uploads\/2014\/10\/uiliuili_bench_piotr_zuraw_04.jpg?resize=180%2C180&ssl=1",180,180,true],"sow-carousel-default":["https:\/\/i0.wp.com\/joyana.fr\/wp-content\/uploads\/2014\/10\/uiliuili_bench_piotr_zuraw_04.jpg?resize=272%2C182&ssl=1",272,182,true]},"uagb_author_info":{"display_name":"Jo Yana","author_link":"https:\/\/joyana.fr\/en\/author\/joyana\/"},"uagb_comment_info":2,"uagb_excerpt":"L'architecte et designer Piotr \u017buraw pr\u00e9sente UILIUILI, un banc en bois d\u00e9mesur\u00e9, r\u00e9alis\u00e9 pour l'universit\u00e9 de Wroclaw. Un mobilier urbain r\u00e9volutionnaire, r\u00e9sultat d'une combinaison de chaises balancelle...","coauthors":[],"tax_additional":{"categories":{"linked":["<a href=\"https:\/\/joyana.fr\/en\/category\/deco-design\/mobilier\/assise\/banc\/\" class=\"advgb-post-tax-term\">Banc<\/a>","<a href=\"https:\/\/joyana.fr\/en\/category\/deco-design\/\" class=\"advgb-post-tax-term\">DECO-DESIGN<\/a>","<a href=\"https:\/\/joyana.fr\/en\/category\/deco-design\/mobilier\/\" class=\"advgb-post-tax-term\">Mobilier<\/a>"],"unlinked":["<span class=\"advgb-post-tax-term\">Banc<\/span>","<span class=\"advgb-post-tax-term\">DECO-DESIGN<\/span>","<span class=\"advgb-post-tax-term\">Mobilier<\/span>"]},"tags":{"linked":["<a href=\"https:\/\/joyana.fr\/en\/category\/deco-design\/mobilier\/\" class=\"advgb-post-tax-term\">Banc design<\/a>","<a href=\"https:\/\/joyana.fr\/en\/category\/deco-design\/mobilier\/\" class=\"advgb-post-tax-term\">Bois<\/a>","<a href=\"https:\/\/joyana.fr\/en\/category\/deco-design\/mobilier\/\" class=\"advgb-post-tax-term\">Mobilier Urbain<\/a>","<a href=\"https:\/\/joyana.fr\/en\/category\/deco-design\/mobilier\/\" class=\"advgb-post-tax-term\">Piotr \u017buraw Architekt<\/a>"],"unlinked":["<span class=\"advgb-post-tax-term\">Banc design<\/span>","<span class=\"advgb-post-tax-term\">Bois<\/span>","<span class=\"advgb-post-tax-term\">Mobilier Urbain<\/span>","<span class=\"advgb-post-tax-term\">Piotr \u017buraw Architekt<\/span>"]}},"comment_count":2,"relative_dates":{"created":"Posted 12 years ago","modified":"Updated 12 years ago"},"absolute_dates":{"created":"Posted on 23 October 2014","modified":"Updated on 23 October 2014"},"absolute_dates_time":{"created":"Posted on 23 October 2014 7:41","modified":"Updated on 23 October 2014 7:41"},"featured_img_caption":"","series_order":"","jetpack_sharing_enabled":true,"jetpack_shortlink":"https:\/\/wp.me\/p9bteI-uTi","jetpack-related-posts":[],"_links":{"self":[{"href":"https:\/\/joyana.fr\/en\/wp-json\/wp\/v2\/posts\/118748","targetHints":{"allow":["GET"]}}],"collection":[{"href":"https:\/\/joyana.fr\/en\/wp-json\/wp\/v2\/posts"}],"about":[{"href":"https:\/\/joyana.fr\/en\/wp-json\/wp\/v2\/types\/post"}],"author":[{"embeddable":true,"href":"https:\/\/joyana.fr\/en\/wp-json\/wp\/v2\/users\/3"}],"replies":[{"embeddable":true,"href":"https:\/\/joyana.fr\/en\/wp-json\/wp\/v2\/comments?post=118748"}],"version-history":[{"count":0,"href":"https:\/\/joyana.fr\/en\/wp-json\/wp\/v2\/posts\/118748\/revisions"}],"wp:featuredmedia":[{"embeddable":true,"href":"https:\/\/joyana.fr\/en\/wp-json\/wp\/v2\/media\/118752"}],"wp:attachment":[{"href":"https:\/\/joyana.fr\/en\/wp-json\/wp\/v2\/media?parent=118748"}],"wp:term":[{"taxonomy":"category","embeddable":true,"href":"https:\/\/joyana.fr\/en\/wp-json\/wp\/v2\/categories?post=118748"},{"taxonomy":"post_tag","embeddable":true,"href":"https:\/\/joyana.fr\/en\/wp-json\/wp\/v2\/tags?post=118748"}],"curies":[{"name":"wp","href":"https:\/\/api.w.org\/{rel}","templated":true}]}}