{"id":119139,"date":"2014-12-03T15:36:47","date_gmt":"2014-12-03T14:36:47","guid":{"rendered":"https:\/\/joyana.fr\/?p=19139"},"modified":"2014-12-03T15:36:47","modified_gmt":"2014-12-03T14:36:47","slug":"souffle-promenade-blanche-par-susanna-fritscher","status":"publish","type":"post","link":"https:\/\/joyana.fr\/en\/souffle-promenade-blanche-par-susanna-fritscher\/119139\/","title":{"rendered":"SOUFFLE \/ PROMENADE BLANCHE par Susanna FRITSCHER"},"content":{"rendered":"<p><a title=\"DECO-DESIGN\" href=\"https:\/\/joyana.fr\/%20 \" target=\"_blank\">Deco-Design<\/a> est fascin\u00e9 par les oeuvres d&#8217;<strong><a title=\"ART CONTEMPORAIN\" href=\"https:\/\/joyana.fr\/tag\/art-contemporain\/\" target=\"_blank\">art contemporain<\/a> SOUFFLE<\/strong>,<strong>\u00a0<\/strong>de l&#8217;artiste <strong>Susanna Fritscher<\/strong>\u00a0&#8211; qui nous propose une<strong> PROMENADE BLANCHE\u00a0<\/strong>au Frac Franche-Comt\u00e9&#8230;<\/p>\n<p><a href=\"https:\/\/i0.wp.com\/joyana.fr\/wp-content\/uploads\/2014\/12\/9-SOUFFLE-PHOTO-TESSIER.jpg?ssl=1\"><img data-recalc-dims=\"1\" fetchpriority=\"high\" decoding=\"async\" class=\"alignnone size-full wp-image-19141\" src=\"https:\/\/i0.wp.com\/joyana.fr\/wp-content\/uploads\/2014\/12\/9-SOUFFLE-PHOTO-TESSIER.jpg?resize=800%2C535&#038;ssl=1\" alt=\"9-SOUFFLE-PHOTO-TESSIER\" width=\"800\" height=\"535\" \/><\/a><\/p>\n<p><a href=\"https:\/\/i0.wp.com\/joyana.fr\/wp-content\/uploads\/2014\/12\/10-SOUFFLE-PHOTO-ADILON.jpg?ssl=1\"><img data-recalc-dims=\"1\" decoding=\"async\" class=\"alignnone size-full wp-image-19142\" src=\"https:\/\/i0.wp.com\/joyana.fr\/wp-content\/uploads\/2014\/12\/10-SOUFFLE-PHOTO-ADILON.jpg?resize=800%2C512&#038;ssl=1\" alt=\"10-SOUFFLE-PHOTO-ADILON\" width=\"800\" height=\"512\" \/><\/a><\/p>\n<p style=\"text-align: justify;\">Connue pour ses interventions discr\u00e8tes et a\u00e9riennes, jouant de la transparence et de la lumi\u00e8re, <strong>Susanna Fritscher<\/strong>, la dame blanche de l&#8217;<strong>art contemporain<\/strong>, propose au Frac Franche-Comt\u00e9 une s\u00e9rie d&#8217;oeuvres in\u00e9dites, installations, pi\u00e8ce de cristal, peintures sonores&#8230; dont plusieurs produites sp\u00e9cialement pour l&#8217;occasion, dans un dialogue avec le nouveau b\u00e2timent du Frac de l&#8217;architecte Kengo Kuma.<\/p>\n<p style=\"text-align: justify;\">Parmi elles, Promenade Blanche \/ Weisse Reise (qui a donn\u00e9 son titre \u00e0 l&#8217;exposition) est une oeuvre ambitieuse, \u00e0 la fois spectaculaire et spectrale. Elle se pr\u00e9sente comme un m\u00e9andre de films fluide oscillant entre sol et plafond, plongeant le visiteur dans un voyage sensoriel, au coeur d&#8217;un brouillard \u00e0 la densit\u00e9 fluctuante. L&#8217;air y devient visible, palpable, mais aussi audible.<\/p>\n<p style=\"text-align: justify;\">On aime particuli\u00e8rement les <strong>pi\u00e8ces de cristal SOUFFLE<\/strong>, une commande de la Fondation d\u2019entreprise Herm\u00e8s r\u00e9alis\u00e9e avec les cristalleries Saint-Louis<\/p>\n<p style=\"text-align: justify;\"><em>Cr\u00e9dit photos : Susanna Fritscher, Laurent Tessier<\/em><\/p>\n<p><iframe src=\"\/\/www.youtube.com\/embed\/G-O7FVQlIKk?rel=0&amp;controls=0&amp;showinfo=0\" width=\"650\" height=\"366\" frameborder=\"0\" allowfullscreen=\"allowfullscreen\"><\/iframe><\/p>\n<p><img data-recalc-dims=\"1\" decoding=\"async\" class=\"alignnone size-full wp-image-19144\" src=\"https:\/\/i0.wp.com\/joyana.fr\/wp-content\/uploads\/2014\/12\/susanna_fritscher_laurent_tessier.jpg?resize=640%2C427&#038;ssl=1\" alt=\"susanna_fritscher_laurent_tessier\" width=\"640\" height=\"427\" \/><\/p>\n<p style=\"text-align: center;\">En savoir + sur\u00a0<strong><a href=\"http:\/\/www.frac-franche-comte.fr\/\/index.php\" target=\"_blank\">Susanna FRITSCHER (via le FRAC)<\/a><\/strong><\/p>\n","protected":false},"excerpt":{"rendered":"<p>Deco-Design est fascin\u00e9 par les oeuvres d&#8217;art contemporain SOUFFLE, de l&#8217;artiste Susanna Fritscher &#8211; qui nous propose une PROMENADE BLANCHE au Frac Franche-Comt\u00e9&#8230;<\/p>\n","protected":false},"author":3,"featured_media":119140,"comment_status":"open","ping_status":"open","sticky":false,"template":"","format":"aside","meta":{"_coblocks_attr":"","_coblocks_dimensions":"","_coblocks_responsive_height":"","_coblocks_accordion_ie_support":"","_uag_custom_page_level_css":"","advgb_blocks_editor_width":"","advgb_blocks_columns_visual_guide":"","_genesis_hide_title":false,"_genesis_hide_breadcrumbs":false,"_genesis_hide_singular_image":false,"_genesis_hide_footer_widgets":false,"_genesis_custom_body_class":"","_genesis_custom_post_class":"","_genesis_layout":"","_themeisle_gutenberg_block_has_review":false,"_jetpack_newsletter_access":"","_jetpack_dont_email_post_to_subs":false,"_jetpack_newsletter_tier_id":0,"_jetpack_memberships_contains_paywalled_content":false,"_jetpack_memberships_contains_paid_content":false,"footnotes":""},"categories":[940,905],"tags":[839,1879,1880,1223],"class_list":{"0":"post-119139","1":"post","2":"type-post","3":"status-publish","4":"format-aside","5":"has-post-thumbnail","7":"category-art-contemporain","8":"category-deco-design","9":"tag-cristal","10":"tag-frac","11":"tag-susanna-fritscher","12":"tag-verre","13":"post_format-post-format-aside","14":"entry"},"featured_image_urls":{"full":["https:\/\/i0.wp.com\/joyana.fr\/wp-content\/uploads\/2014\/12\/8-EXPO-PHOTO-ADILON.jpg?fit=1700%2C976&ssl=1",1700,976,false],"thumbnail":["https:\/\/i0.wp.com\/joyana.fr\/wp-content\/uploads\/2014\/12\/8-EXPO-PHOTO-ADILON.jpg?resize=150%2C150&ssl=1",150,150,true],"medium":["https:\/\/i0.wp.com\/joyana.fr\/wp-content\/uploads\/2014\/12\/8-EXPO-PHOTO-ADILON.jpg?fit=389%2C223&ssl=1",389,223,true],"medium_large":["https:\/\/i0.wp.com\/joyana.fr\/wp-content\/uploads\/2014\/12\/8-EXPO-PHOTO-ADILON.jpg?fit=768%2C441&ssl=1",768,441,true],"large":["https:\/\/i0.wp.com\/joyana.fr\/wp-content\/uploads\/2014\/12\/8-EXPO-PHOTO-ADILON.jpg?fit=1024%2C588&ssl=1",1024,588,true],"1536x1536":["https:\/\/i0.wp.com\/joyana.fr\/wp-content\/uploads\/2014\/12\/8-EXPO-PHOTO-ADILON.jpg?fit=1536%2C882&ssl=1",1536,882,true],"2048x2048":["https:\/\/i0.wp.com\/joyana.fr\/wp-content\/uploads\/2014\/12\/8-EXPO-PHOTO-ADILON.jpg?fit=1700%2C976&ssl=1",1700,976,true],"featured-thumb":["https:\/\/i0.wp.com\/joyana.fr\/wp-content\/uploads\/2014\/12\/8-EXPO-PHOTO-ADILON.jpg?resize=1700%2C750&ssl=1",1700,750,true],"ab-block-post-grid-landscape":["https:\/\/i0.wp.com\/joyana.fr\/wp-content\/uploads\/2014\/12\/8-EXPO-PHOTO-ADILON.jpg?resize=600%2C400&ssl=1",600,400,true],"ab-block-post-grid-square":["https:\/\/i0.wp.com\/joyana.fr\/wp-content\/uploads\/2014\/12\/8-EXPO-PHOTO-ADILON.jpg?resize=600%2C600&ssl=1",600,600,true],"author-pro-image":["https:\/\/i0.wp.com\/joyana.fr\/wp-content\/uploads\/2014\/12\/8-EXPO-PHOTO-ADILON.jpg?resize=360%2C570&ssl=1",360,570,true],"slider":["https:\/\/i0.wp.com\/joyana.fr\/wp-content\/uploads\/2014\/12\/8-EXPO-PHOTO-ADILON.jpg?resize=920%2C400&ssl=1",920,400,true],"woocommerce_thumbnail":["https:\/\/i0.wp.com\/joyana.fr\/wp-content\/uploads\/2014\/12\/8-EXPO-PHOTO-ADILON.jpg?resize=450%2C450&ssl=1",450,450,true],"woocommerce_single":["https:\/\/i0.wp.com\/joyana.fr\/wp-content\/uploads\/2014\/12\/8-EXPO-PHOTO-ADILON.jpg?fit=920%2C528&ssl=1",920,528,true],"woocommerce_gallery_thumbnail":["https:\/\/i0.wp.com\/joyana.fr\/wp-content\/uploads\/2014\/12\/8-EXPO-PHOTO-ADILON.jpg?resize=180%2C180&ssl=1",180,180,true],"sow-carousel-default":["https:\/\/i0.wp.com\/joyana.fr\/wp-content\/uploads\/2014\/12\/8-EXPO-PHOTO-ADILON.jpg?resize=272%2C182&ssl=1",272,182,true]},"post_excerpt_stackable":"<p>Deco-Design est fascin\u00e9 par les oeuvres d&#8217;art contemporain SOUFFLE, de l&#8217;artiste Susanna Fritscher &#8211; qui nous propose une PROMENADE BLANCHE au Frac Franche-Comt\u00e9&#8230;<\/p>\n","category_list":"<a href=\"https:\/\/joyana.fr\/en\/category\/deco-design\/actualite\/art-contemporain\/\" rel=\"category tag\">Art Contemporain<\/a>, <a href=\"https:\/\/joyana.fr\/en\/category\/deco-design\/\" rel=\"category tag\">DECO-DESIGN<\/a>","author_info":{"display_name":"Jo Yana","author_link":"https:\/\/joyana.fr\/en\/author\/joyana\/"},"comments_num":"0 comments","featured_image_urls_v2":{"full":["https:\/\/i0.wp.com\/joyana.fr\/wp-content\/uploads\/2014\/12\/8-EXPO-PHOTO-ADILON.jpg?fit=1700%2C976&ssl=1",1700,976,false],"thumbnail":["https:\/\/i0.wp.com\/joyana.fr\/wp-content\/uploads\/2014\/12\/8-EXPO-PHOTO-ADILON.jpg?resize=150%2C150&ssl=1",150,150,true],"medium":["https:\/\/i0.wp.com\/joyana.fr\/wp-content\/uploads\/2014\/12\/8-EXPO-PHOTO-ADILON.jpg?fit=389%2C223&ssl=1",389,223,true],"medium_large":["https:\/\/i0.wp.com\/joyana.fr\/wp-content\/uploads\/2014\/12\/8-EXPO-PHOTO-ADILON.jpg?fit=768%2C441&ssl=1",768,441,true],"large":["https:\/\/i0.wp.com\/joyana.fr\/wp-content\/uploads\/2014\/12\/8-EXPO-PHOTO-ADILON.jpg?fit=1024%2C588&ssl=1",1024,588,true],"1536x1536":["https:\/\/i0.wp.com\/joyana.fr\/wp-content\/uploads\/2014\/12\/8-EXPO-PHOTO-ADILON.jpg?fit=1536%2C882&ssl=1",1536,882,true],"2048x2048":["https:\/\/i0.wp.com\/joyana.fr\/wp-content\/uploads\/2014\/12\/8-EXPO-PHOTO-ADILON.jpg?fit=1700%2C976&ssl=1",1700,976,true],"featured-thumb":["https:\/\/i0.wp.com\/joyana.fr\/wp-content\/uploads\/2014\/12\/8-EXPO-PHOTO-ADILON.jpg?resize=1700%2C750&ssl=1",1700,750,true],"ab-block-post-grid-landscape":["https:\/\/i0.wp.com\/joyana.fr\/wp-content\/uploads\/2014\/12\/8-EXPO-PHOTO-ADILON.jpg?resize=600%2C400&ssl=1",600,400,true],"ab-block-post-grid-square":["https:\/\/i0.wp.com\/joyana.fr\/wp-content\/uploads\/2014\/12\/8-EXPO-PHOTO-ADILON.jpg?resize=600%2C600&ssl=1",600,600,true],"author-pro-image":["https:\/\/i0.wp.com\/joyana.fr\/wp-content\/uploads\/2014\/12\/8-EXPO-PHOTO-ADILON.jpg?resize=360%2C570&ssl=1",360,570,true],"slider":["https:\/\/i0.wp.com\/joyana.fr\/wp-content\/uploads\/2014\/12\/8-EXPO-PHOTO-ADILON.jpg?resize=920%2C400&ssl=1",920,400,true],"woocommerce_thumbnail":["https:\/\/i0.wp.com\/joyana.fr\/wp-content\/uploads\/2014\/12\/8-EXPO-PHOTO-ADILON.jpg?resize=450%2C450&ssl=1",450,450,true],"woocommerce_single":["https:\/\/i0.wp.com\/joyana.fr\/wp-content\/uploads\/2014\/12\/8-EXPO-PHOTO-ADILON.jpg?fit=920%2C528&ssl=1",920,528,true],"woocommerce_gallery_thumbnail":["https:\/\/i0.wp.com\/joyana.fr\/wp-content\/uploads\/2014\/12\/8-EXPO-PHOTO-ADILON.jpg?resize=180%2C180&ssl=1",180,180,true],"sow-carousel-default":["https:\/\/i0.wp.com\/joyana.fr\/wp-content\/uploads\/2014\/12\/8-EXPO-PHOTO-ADILON.jpg?resize=272%2C182&ssl=1",272,182,true]},"post_excerpt_stackable_v2":"<p>Deco-Design est fascin\u00e9 par les oeuvres d&#8217;art contemporain SOUFFLE, de l&#8217;artiste Susanna Fritscher &#8211; qui nous propose une PROMENADE BLANCHE au Frac Franche-Comt\u00e9&#8230;<\/p>\n","category_list_v2":"<a href=\"https:\/\/joyana.fr\/en\/category\/deco-design\/actualite\/art-contemporain\/\" rel=\"category tag\">Art Contemporain<\/a>, <a href=\"https:\/\/joyana.fr\/en\/category\/deco-design\/\" rel=\"category tag\">DECO-DESIGN<\/a>","author_info_v2":{"name":"Jo Yana","url":"https:\/\/joyana.fr\/en\/author\/joyana\/"},"comments_num_v2":"0 comments","yoast_head":"<!-- This site is optimized with the Yoast SEO plugin v26.8 - https:\/\/yoast.com\/product\/yoast-seo-wordpress\/ -->\n<title>SOUFFLE \/ PROMENADE BLANCHE par Susanna FRITSCHER | DECO-DESIGN<\/title>\n<meta name=\"description\" content=\"Deco-Design est fascin\u00e9 par les oeuvres d&#039;art contemporain SOUFFLE, de l&#039;artiste Susanna Fritscher - qui nous propose une PROMENADE BLANCHE au Frac Franche-Comt\u00e9...\" \/>\n<meta name=\"robots\" content=\"index, follow, max-snippet:-1, max-image-preview:large, max-video-preview:-1\" \/>\n<link rel=\"canonical\" href=\"https:\/\/joyana.fr\/en\/souffle-promenade-blanche-par-susanna-fritscher\/119139\/\" \/>\n<meta property=\"og:locale\" content=\"en_US\" \/>\n<meta property=\"og:locale:alternate\" content=\"fr_FR\" \/>\n<meta property=\"og:locale:alternate\" content=\"ja\" \/>\n<meta property=\"og:type\" content=\"article\" \/>\n<meta property=\"og:title\" content=\"SOUFFLE \/ PROMENADE BLANCHE par Susanna FRITSCHER | DECO-DESIGN\" \/>\n<meta property=\"og:description\" content=\"Deco-Design est fascin\u00e9 par les oeuvres d&#039;art contemporain SOUFFLE, de l&#039;artiste Susanna Fritscher - qui nous propose une PROMENADE BLANCHE au Frac Franche-Comt\u00e9...\" \/>\n<meta property=\"og:url\" content=\"https:\/\/joyana.fr\/en\/souffle-promenade-blanche-par-susanna-fritscher\/119139\/\" \/>\n<meta property=\"og:site_name\" content=\"JO YANA\" \/>\n<meta property=\"article:published_time\" content=\"2014-12-03T14:36:47+00:00\" \/>\n<meta property=\"og:image\" content=\"https:\/\/i0.wp.com\/joyana.fr\/wp-content\/uploads\/2014\/12\/8-EXPO-PHOTO-ADILON.jpg?fit=1700%2C976&ssl=1\" \/>\n\t<meta property=\"og:image:width\" content=\"1700\" \/>\n\t<meta property=\"og:image:height\" content=\"976\" \/>\n\t<meta property=\"og:image:type\" content=\"image\/jpeg\" \/>\n<meta name=\"author\" content=\"Jo Yana\" \/>\n<meta name=\"twitter:card\" content=\"summary_large_image\" \/>\n<meta name=\"twitter:creator\" content=\"@Jo_Yana\" \/>\n<meta name=\"twitter:site\" content=\"@Jo_Yana\" \/>\n<meta name=\"twitter:label1\" content=\"Written by\" \/>\n\t<meta name=\"twitter:data1\" content=\"Jo Yana\" \/>\n\t<meta name=\"twitter:label2\" content=\"Est. reading time\" \/>\n\t<meta name=\"twitter:data2\" content=\"1 minute\" \/>\n<script type=\"application\/ld+json\" class=\"yoast-schema-graph\">{\"@context\":\"https:\/\/schema.org\",\"@graph\":[{\"@type\":\"Article\",\"@id\":\"https:\/\/joyana.fr\/en\/souffle-promenade-blanche-par-susanna-fritscher\/119139\/#article\",\"isPartOf\":{\"@id\":\"https:\/\/joyana.fr\/en\/souffle-promenade-blanche-par-susanna-fritscher\/119139\/\"},\"author\":{\"name\":\"Jo Yana\",\"@id\":\"https:\/\/joyana.fr\/#\/schema\/person\/cf2a1ad12a27c12c21801075bf37407c\"},\"headline\":\"SOUFFLE \/ PROMENADE BLANCHE par Susanna FRITSCHER\",\"datePublished\":\"2014-12-03T14:36:47+00:00\",\"mainEntityOfPage\":{\"@id\":\"https:\/\/joyana.fr\/en\/souffle-promenade-blanche-par-susanna-fritscher\/119139\/\"},\"wordCount\":202,\"commentCount\":0,\"publisher\":{\"@id\":\"https:\/\/joyana.fr\/#\/schema\/person\/cf2a1ad12a27c12c21801075bf37407c\"},\"image\":{\"@id\":\"https:\/\/joyana.fr\/en\/souffle-promenade-blanche-par-susanna-fritscher\/119139\/#primaryimage\"},\"thumbnailUrl\":\"https:\/\/i0.wp.com\/joyana.fr\/wp-content\/uploads\/2014\/12\/8-EXPO-PHOTO-ADILON.jpg?fit=1700%2C976&ssl=1\",\"keywords\":[\"Cristal\",\"FRAC\",\"Susanna FRITSCHER\",\"Verre\"],\"articleSection\":[\"Art Contemporain\",\"DECO-DESIGN\"],\"inLanguage\":\"en-US\",\"potentialAction\":[{\"@type\":\"CommentAction\",\"name\":\"Comment\",\"target\":[\"https:\/\/joyana.fr\/en\/souffle-promenade-blanche-par-susanna-fritscher\/119139\/#respond\"]}]},{\"@type\":\"WebPage\",\"@id\":\"https:\/\/joyana.fr\/en\/souffle-promenade-blanche-par-susanna-fritscher\/119139\/\",\"url\":\"https:\/\/joyana.fr\/en\/souffle-promenade-blanche-par-susanna-fritscher\/119139\/\",\"name\":\"SOUFFLE \/ PROMENADE BLANCHE par Susanna FRITSCHER | DECO-DESIGN\",\"isPartOf\":{\"@id\":\"https:\/\/joyana.fr\/#website\"},\"primaryImageOfPage\":{\"@id\":\"https:\/\/joyana.fr\/en\/souffle-promenade-blanche-par-susanna-fritscher\/119139\/#primaryimage\"},\"image\":{\"@id\":\"https:\/\/joyana.fr\/en\/souffle-promenade-blanche-par-susanna-fritscher\/119139\/#primaryimage\"},\"thumbnailUrl\":\"https:\/\/i0.wp.com\/joyana.fr\/wp-content\/uploads\/2014\/12\/8-EXPO-PHOTO-ADILON.jpg?fit=1700%2C976&ssl=1\",\"datePublished\":\"2014-12-03T14:36:47+00:00\",\"description\":\"Deco-Design est fascin\u00e9 par les oeuvres d'art contemporain SOUFFLE, de l'artiste Susanna Fritscher - qui nous propose une PROMENADE BLANCHE au Frac Franche-Comt\u00e9...\",\"breadcrumb\":{\"@id\":\"https:\/\/joyana.fr\/en\/souffle-promenade-blanche-par-susanna-fritscher\/119139\/#breadcrumb\"},\"inLanguage\":\"en-US\",\"potentialAction\":[{\"@type\":\"ReadAction\",\"target\":[\"https:\/\/joyana.fr\/en\/souffle-promenade-blanche-par-susanna-fritscher\/119139\/\"]}]},{\"@type\":\"ImageObject\",\"inLanguage\":\"en-US\",\"@id\":\"https:\/\/joyana.fr\/en\/souffle-promenade-blanche-par-susanna-fritscher\/119139\/#primaryimage\",\"url\":\"https:\/\/i0.wp.com\/joyana.fr\/wp-content\/uploads\/2014\/12\/8-EXPO-PHOTO-ADILON.jpg?fit=1700%2C976&ssl=1\",\"contentUrl\":\"https:\/\/i0.wp.com\/joyana.fr\/wp-content\/uploads\/2014\/12\/8-EXPO-PHOTO-ADILON.jpg?fit=1700%2C976&ssl=1\",\"width\":1700,\"height\":976},{\"@type\":\"BreadcrumbList\",\"@id\":\"https:\/\/joyana.fr\/en\/souffle-promenade-blanche-par-susanna-fritscher\/119139\/#breadcrumb\",\"itemListElement\":[{\"@type\":\"ListItem\",\"position\":1,\"name\":\"Accueil\",\"item\":\"https:\/\/joyana.fr\/\"},{\"@type\":\"ListItem\",\"position\":2,\"name\":\"SOUFFLE \/ PROMENADE BLANCHE par Susanna FRITSCHER\"}]},{\"@type\":\"WebSite\",\"@id\":\"https:\/\/joyana.fr\/#website\",\"url\":\"https:\/\/joyana.fr\/\",\"name\":\"JO YANA\",\"description\":\"Blog Mode Homme, Lifestyle, D\u00e9co-Design\",\"publisher\":{\"@id\":\"https:\/\/joyana.fr\/#\/schema\/person\/cf2a1ad12a27c12c21801075bf37407c\"},\"potentialAction\":[{\"@type\":\"SearchAction\",\"target\":{\"@type\":\"EntryPoint\",\"urlTemplate\":\"https:\/\/joyana.fr\/?s={search_term_string}\"},\"query-input\":{\"@type\":\"PropertyValueSpecification\",\"valueRequired\":true,\"valueName\":\"search_term_string\"}}],\"inLanguage\":\"en-US\"},{\"@type\":[\"Person\",\"Organization\"],\"@id\":\"https:\/\/joyana.fr\/#\/schema\/person\/cf2a1ad12a27c12c21801075bf37407c\",\"name\":\"Jo Yana\",\"image\":{\"@type\":\"ImageObject\",\"inLanguage\":\"en-US\",\"@id\":\"https:\/\/joyana.fr\/#\/schema\/person\/image\/\",\"url\":\"https:\/\/i0.wp.com\/joyana.fr\/wp-content\/uploads\/2016\/08\/cropped-joyana-logo-black-360x180.png?fit=343%2C164&ssl=1\",\"contentUrl\":\"https:\/\/i0.wp.com\/joyana.fr\/wp-content\/uploads\/2016\/08\/cropped-joyana-logo-black-360x180.png?fit=343%2C164&ssl=1\",\"width\":343,\"height\":164,\"caption\":\"Jo Yana\"},\"logo\":{\"@id\":\"https:\/\/joyana.fr\/#\/schema\/person\/image\/\"},\"description\":\"Jo Yana est le cr\u00e9ateur et r\u00e9dacteur en chef des sites DECO-DESIGN. Passionn\u00e9 de Design, Mode, Photo, Luxe, Lifestyle, Musique, mais avant tout Blogueur ! Le plaisir de partager l'anime et a comme devise \\\"POUR L'AMOUR DU BEAU\\\". Retrouvez le aussi sur son blog personnel - https:\/\/joyana.fr...\",\"sameAs\":[\"https:\/\/joyana.fr\/\"],\"url\":\"https:\/\/joyana.fr\/en\/author\/joyana\/\"}]}<\/script>\n<!-- \/ Yoast SEO plugin. -->","yoast_head_json":{"title":"SOUFFLE \/ PROMENADE BLANCHE par Susanna FRITSCHER | DECO-DESIGN","description":"Deco-Design est fascin\u00e9 par les oeuvres d'art contemporain SOUFFLE, de l'artiste Susanna Fritscher - qui nous propose une PROMENADE BLANCHE au Frac Franche-Comt\u00e9...","robots":{"index":"index","follow":"follow","max-snippet":"max-snippet:-1","max-image-preview":"max-image-preview:large","max-video-preview":"max-video-preview:-1"},"canonical":"https:\/\/joyana.fr\/en\/souffle-promenade-blanche-par-susanna-fritscher\/119139\/","og_locale":"en_US","og_type":"article","og_title":"SOUFFLE \/ PROMENADE BLANCHE par Susanna FRITSCHER | DECO-DESIGN","og_description":"Deco-Design est fascin\u00e9 par les oeuvres d'art contemporain SOUFFLE, de l'artiste Susanna Fritscher - qui nous propose une PROMENADE BLANCHE au Frac Franche-Comt\u00e9...","og_url":"https:\/\/joyana.fr\/en\/souffle-promenade-blanche-par-susanna-fritscher\/119139\/","og_site_name":"JO YANA","article_published_time":"2014-12-03T14:36:47+00:00","og_image":[{"width":1700,"height":976,"url":"https:\/\/i0.wp.com\/joyana.fr\/wp-content\/uploads\/2014\/12\/8-EXPO-PHOTO-ADILON.jpg?fit=1700%2C976&ssl=1","type":"image\/jpeg"}],"author":"Jo Yana","twitter_card":"summary_large_image","twitter_creator":"@Jo_Yana","twitter_site":"@Jo_Yana","twitter_misc":{"Written by":"Jo Yana","Est. reading time":"1 minute"},"schema":{"@context":"https:\/\/schema.org","@graph":[{"@type":"Article","@id":"https:\/\/joyana.fr\/en\/souffle-promenade-blanche-par-susanna-fritscher\/119139\/#article","isPartOf":{"@id":"https:\/\/joyana.fr\/en\/souffle-promenade-blanche-par-susanna-fritscher\/119139\/"},"author":{"name":"Jo Yana","@id":"https:\/\/joyana.fr\/#\/schema\/person\/cf2a1ad12a27c12c21801075bf37407c"},"headline":"SOUFFLE \/ PROMENADE BLANCHE par Susanna FRITSCHER","datePublished":"2014-12-03T14:36:47+00:00","mainEntityOfPage":{"@id":"https:\/\/joyana.fr\/en\/souffle-promenade-blanche-par-susanna-fritscher\/119139\/"},"wordCount":202,"commentCount":0,"publisher":{"@id":"https:\/\/joyana.fr\/#\/schema\/person\/cf2a1ad12a27c12c21801075bf37407c"},"image":{"@id":"https:\/\/joyana.fr\/en\/souffle-promenade-blanche-par-susanna-fritscher\/119139\/#primaryimage"},"thumbnailUrl":"https:\/\/i0.wp.com\/joyana.fr\/wp-content\/uploads\/2014\/12\/8-EXPO-PHOTO-ADILON.jpg?fit=1700%2C976&ssl=1","keywords":["Cristal","FRAC","Susanna FRITSCHER","Verre"],"articleSection":["Art Contemporain","DECO-DESIGN"],"inLanguage":"en-US","potentialAction":[{"@type":"CommentAction","name":"Comment","target":["https:\/\/joyana.fr\/en\/souffle-promenade-blanche-par-susanna-fritscher\/119139\/#respond"]}]},{"@type":"WebPage","@id":"https:\/\/joyana.fr\/en\/souffle-promenade-blanche-par-susanna-fritscher\/119139\/","url":"https:\/\/joyana.fr\/en\/souffle-promenade-blanche-par-susanna-fritscher\/119139\/","name":"SOUFFLE \/ PROMENADE BLANCHE par Susanna FRITSCHER | DECO-DESIGN","isPartOf":{"@id":"https:\/\/joyana.fr\/#website"},"primaryImageOfPage":{"@id":"https:\/\/joyana.fr\/en\/souffle-promenade-blanche-par-susanna-fritscher\/119139\/#primaryimage"},"image":{"@id":"https:\/\/joyana.fr\/en\/souffle-promenade-blanche-par-susanna-fritscher\/119139\/#primaryimage"},"thumbnailUrl":"https:\/\/i0.wp.com\/joyana.fr\/wp-content\/uploads\/2014\/12\/8-EXPO-PHOTO-ADILON.jpg?fit=1700%2C976&ssl=1","datePublished":"2014-12-03T14:36:47+00:00","description":"Deco-Design est fascin\u00e9 par les oeuvres d'art contemporain SOUFFLE, de l'artiste Susanna Fritscher - qui nous propose une PROMENADE BLANCHE au Frac Franche-Comt\u00e9...","breadcrumb":{"@id":"https:\/\/joyana.fr\/en\/souffle-promenade-blanche-par-susanna-fritscher\/119139\/#breadcrumb"},"inLanguage":"en-US","potentialAction":[{"@type":"ReadAction","target":["https:\/\/joyana.fr\/en\/souffle-promenade-blanche-par-susanna-fritscher\/119139\/"]}]},{"@type":"ImageObject","inLanguage":"en-US","@id":"https:\/\/joyana.fr\/en\/souffle-promenade-blanche-par-susanna-fritscher\/119139\/#primaryimage","url":"https:\/\/i0.wp.com\/joyana.fr\/wp-content\/uploads\/2014\/12\/8-EXPO-PHOTO-ADILON.jpg?fit=1700%2C976&ssl=1","contentUrl":"https:\/\/i0.wp.com\/joyana.fr\/wp-content\/uploads\/2014\/12\/8-EXPO-PHOTO-ADILON.jpg?fit=1700%2C976&ssl=1","width":1700,"height":976},{"@type":"BreadcrumbList","@id":"https:\/\/joyana.fr\/en\/souffle-promenade-blanche-par-susanna-fritscher\/119139\/#breadcrumb","itemListElement":[{"@type":"ListItem","position":1,"name":"Accueil","item":"https:\/\/joyana.fr\/"},{"@type":"ListItem","position":2,"name":"SOUFFLE \/ PROMENADE BLANCHE par Susanna FRITSCHER"}]},{"@type":"WebSite","@id":"https:\/\/joyana.fr\/#website","url":"https:\/\/joyana.fr\/","name":"JO YANA","description":"Blog Mode Homme, Lifestyle, D\u00e9co-Design","publisher":{"@id":"https:\/\/joyana.fr\/#\/schema\/person\/cf2a1ad12a27c12c21801075bf37407c"},"potentialAction":[{"@type":"SearchAction","target":{"@type":"EntryPoint","urlTemplate":"https:\/\/joyana.fr\/?s={search_term_string}"},"query-input":{"@type":"PropertyValueSpecification","valueRequired":true,"valueName":"search_term_string"}}],"inLanguage":"en-US"},{"@type":["Person","Organization"],"@id":"https:\/\/joyana.fr\/#\/schema\/person\/cf2a1ad12a27c12c21801075bf37407c","name":"Jo Yana","image":{"@type":"ImageObject","inLanguage":"en-US","@id":"https:\/\/joyana.fr\/#\/schema\/person\/image\/","url":"https:\/\/i0.wp.com\/joyana.fr\/wp-content\/uploads\/2016\/08\/cropped-joyana-logo-black-360x180.png?fit=343%2C164&ssl=1","contentUrl":"https:\/\/i0.wp.com\/joyana.fr\/wp-content\/uploads\/2016\/08\/cropped-joyana-logo-black-360x180.png?fit=343%2C164&ssl=1","width":343,"height":164,"caption":"Jo Yana"},"logo":{"@id":"https:\/\/joyana.fr\/#\/schema\/person\/image\/"},"description":"Jo Yana est le cr\u00e9ateur et r\u00e9dacteur en chef des sites DECO-DESIGN. Passionn\u00e9 de Design, Mode, Photo, Luxe, Lifestyle, Musique, mais avant tout Blogueur ! Le plaisir de partager l'anime et a comme devise \"POUR L'AMOUR DU BEAU\". Retrouvez le aussi sur son blog personnel - https:\/\/joyana.fr...","sameAs":["https:\/\/joyana.fr\/"],"url":"https:\/\/joyana.fr\/en\/author\/joyana\/"}]}},"author_meta":{"display_name":"Jo Yana","author_link":"https:\/\/joyana.fr\/en\/author\/joyana\/"},"featured_img":"https:\/\/i0.wp.com\/joyana.fr\/wp-content\/uploads\/2014\/12\/8-EXPO-PHOTO-ADILON.jpg?fit=389%2C223&ssl=1","featured_image_src":"https:\/\/i0.wp.com\/joyana.fr\/wp-content\/uploads\/2014\/12\/8-EXPO-PHOTO-ADILON.jpg?resize=600%2C400&ssl=1","featured_image_src_square":"https:\/\/i0.wp.com\/joyana.fr\/wp-content\/uploads\/2014\/12\/8-EXPO-PHOTO-ADILON.jpg?resize=600%2C600&ssl=1","jetpack_featured_media_url":"https:\/\/i0.wp.com\/joyana.fr\/wp-content\/uploads\/2014\/12\/8-EXPO-PHOTO-ADILON.jpg?fit=1700%2C976&ssl=1","uagb_featured_image_src":{"full":["https:\/\/i0.wp.com\/joyana.fr\/wp-content\/uploads\/2014\/12\/8-EXPO-PHOTO-ADILON.jpg?fit=1700%2C976&ssl=1",1700,976,false],"thumbnail":["https:\/\/i0.wp.com\/joyana.fr\/wp-content\/uploads\/2014\/12\/8-EXPO-PHOTO-ADILON.jpg?resize=150%2C150&ssl=1",150,150,true],"medium":["https:\/\/i0.wp.com\/joyana.fr\/wp-content\/uploads\/2014\/12\/8-EXPO-PHOTO-ADILON.jpg?fit=389%2C223&ssl=1",389,223,true],"medium_large":["https:\/\/i0.wp.com\/joyana.fr\/wp-content\/uploads\/2014\/12\/8-EXPO-PHOTO-ADILON.jpg?fit=768%2C441&ssl=1",768,441,true],"large":["https:\/\/i0.wp.com\/joyana.fr\/wp-content\/uploads\/2014\/12\/8-EXPO-PHOTO-ADILON.jpg?fit=1024%2C588&ssl=1",1024,588,true],"1536x1536":["https:\/\/i0.wp.com\/joyana.fr\/wp-content\/uploads\/2014\/12\/8-EXPO-PHOTO-ADILON.jpg?fit=1536%2C882&ssl=1",1536,882,true],"2048x2048":["https:\/\/i0.wp.com\/joyana.fr\/wp-content\/uploads\/2014\/12\/8-EXPO-PHOTO-ADILON.jpg?fit=1700%2C976&ssl=1",1700,976,true],"featured-thumb":["https:\/\/i0.wp.com\/joyana.fr\/wp-content\/uploads\/2014\/12\/8-EXPO-PHOTO-ADILON.jpg?resize=1700%2C750&ssl=1",1700,750,true],"ab-block-post-grid-landscape":["https:\/\/i0.wp.com\/joyana.fr\/wp-content\/uploads\/2014\/12\/8-EXPO-PHOTO-ADILON.jpg?resize=600%2C400&ssl=1",600,400,true],"ab-block-post-grid-square":["https:\/\/i0.wp.com\/joyana.fr\/wp-content\/uploads\/2014\/12\/8-EXPO-PHOTO-ADILON.jpg?resize=600%2C600&ssl=1",600,600,true],"author-pro-image":["https:\/\/i0.wp.com\/joyana.fr\/wp-content\/uploads\/2014\/12\/8-EXPO-PHOTO-ADILON.jpg?resize=360%2C570&ssl=1",360,570,true],"slider":["https:\/\/i0.wp.com\/joyana.fr\/wp-content\/uploads\/2014\/12\/8-EXPO-PHOTO-ADILON.jpg?resize=920%2C400&ssl=1",920,400,true],"woocommerce_thumbnail":["https:\/\/i0.wp.com\/joyana.fr\/wp-content\/uploads\/2014\/12\/8-EXPO-PHOTO-ADILON.jpg?resize=450%2C450&ssl=1",450,450,true],"woocommerce_single":["https:\/\/i0.wp.com\/joyana.fr\/wp-content\/uploads\/2014\/12\/8-EXPO-PHOTO-ADILON.jpg?fit=920%2C528&ssl=1",920,528,true],"woocommerce_gallery_thumbnail":["https:\/\/i0.wp.com\/joyana.fr\/wp-content\/uploads\/2014\/12\/8-EXPO-PHOTO-ADILON.jpg?resize=180%2C180&ssl=1",180,180,true],"sow-carousel-default":["https:\/\/i0.wp.com\/joyana.fr\/wp-content\/uploads\/2014\/12\/8-EXPO-PHOTO-ADILON.jpg?resize=272%2C182&ssl=1",272,182,true]},"uagb_author_info":{"display_name":"Jo Yana","author_link":"https:\/\/joyana.fr\/en\/author\/joyana\/"},"uagb_comment_info":2,"uagb_excerpt":"Deco-Design est fascin\u00e9 par les oeuvres d'art contemporain SOUFFLE, de l'artiste Susanna Fritscher - qui nous propose une PROMENADE BLANCHE au Frac Franche-Comt\u00e9...","coauthors":[],"tax_additional":{"categories":{"linked":["<a href=\"https:\/\/joyana.fr\/en\/category\/deco-design\/actualite\/art-contemporain\/\" class=\"advgb-post-tax-term\">Art Contemporain<\/a>","<a href=\"https:\/\/joyana.fr\/en\/category\/deco-design\/\" class=\"advgb-post-tax-term\">DECO-DESIGN<\/a>"],"unlinked":["<span class=\"advgb-post-tax-term\">Art Contemporain<\/span>","<span class=\"advgb-post-tax-term\">DECO-DESIGN<\/span>"]},"tags":{"linked":["<a href=\"https:\/\/joyana.fr\/en\/category\/deco-design\/\" class=\"advgb-post-tax-term\">Cristal<\/a>","<a href=\"https:\/\/joyana.fr\/en\/category\/deco-design\/\" class=\"advgb-post-tax-term\">FRAC<\/a>","<a href=\"https:\/\/joyana.fr\/en\/category\/deco-design\/\" class=\"advgb-post-tax-term\">Susanna FRITSCHER<\/a>","<a href=\"https:\/\/joyana.fr\/en\/category\/deco-design\/\" class=\"advgb-post-tax-term\">Verre<\/a>"],"unlinked":["<span class=\"advgb-post-tax-term\">Cristal<\/span>","<span class=\"advgb-post-tax-term\">FRAC<\/span>","<span class=\"advgb-post-tax-term\">Susanna FRITSCHER<\/span>","<span class=\"advgb-post-tax-term\">Verre<\/span>"]}},"comment_count":0,"relative_dates":{"created":"Posted 11 years ago","modified":"Updated 11 years ago"},"absolute_dates":{"created":"Posted on 3 December 2014","modified":"Updated on 3 December 2014"},"absolute_dates_time":{"created":"Posted on 3 December 2014 15:36","modified":"Updated on 3 December 2014 15:36"},"featured_img_caption":"","series_order":"","jetpack_sharing_enabled":true,"jetpack_shortlink":"https:\/\/wp.me\/p9bteI-uZB","jetpack-related-posts":[],"_links":{"self":[{"href":"https:\/\/joyana.fr\/en\/wp-json\/wp\/v2\/posts\/119139","targetHints":{"allow":["GET"]}}],"collection":[{"href":"https:\/\/joyana.fr\/en\/wp-json\/wp\/v2\/posts"}],"about":[{"href":"https:\/\/joyana.fr\/en\/wp-json\/wp\/v2\/types\/post"}],"author":[{"embeddable":true,"href":"https:\/\/joyana.fr\/en\/wp-json\/wp\/v2\/users\/3"}],"replies":[{"embeddable":true,"href":"https:\/\/joyana.fr\/en\/wp-json\/wp\/v2\/comments?post=119139"}],"version-history":[{"count":0,"href":"https:\/\/joyana.fr\/en\/wp-json\/wp\/v2\/posts\/119139\/revisions"}],"wp:featuredmedia":[{"embeddable":true,"href":"https:\/\/joyana.fr\/en\/wp-json\/wp\/v2\/media\/119140"}],"wp:attachment":[{"href":"https:\/\/joyana.fr\/en\/wp-json\/wp\/v2\/media?parent=119139"}],"wp:term":[{"taxonomy":"category","embeddable":true,"href":"https:\/\/joyana.fr\/en\/wp-json\/wp\/v2\/categories?post=119139"},{"taxonomy":"post_tag","embeddable":true,"href":"https:\/\/joyana.fr\/en\/wp-json\/wp\/v2\/tags?post=119139"}],"curies":[{"name":"wp","href":"https:\/\/api.w.org\/{rel}","templated":true}]}}