{"id":120086,"date":"2015-02-20T08:52:05","date_gmt":"2015-02-20T07:52:05","guid":{"rendered":"https:\/\/joyana.fr\/?p=20086"},"modified":"2015-02-20T08:52:05","modified_gmt":"2015-02-20T07:52:05","slug":"the-call-mads-mikkelsen-x-boconcept","status":"publish","type":"post","link":"https:\/\/joyana.fr\/en\/the-call-mads-mikkelsen-x-boconcept\/120086\/","title":{"rendered":"THE CALL &#8211; Mads MIKKELSEN x BoConcept\u00ae"},"content":{"rendered":"<p style=\"text-align: justify;\">Deco-Design a \u00e9t\u00e9 convi\u00e9 chez\u00a0<strong><a title=\"BOCONCEPT\" href=\"https:\/\/joyana.fr\/category\/marques\/boconcept\/\" target=\"_blank\">BoConcept\u00ae<\/a><\/strong>\u00a0pour d\u00e9couvrir\u00a0<strong>THE CALL<\/strong>\u00a0&#8211; sa nouvelle campagne publicitaire avec\u00a0l\u2019acteur danois\u00a0<strong>Mads Mikkelsen<\/strong>,\u00a0pour mettre en lumi\u00e8re son service de conseil en d\u00e9coration.\u00a0Plus qu\u2019un spot, THE CALL est un v\u00e9ritable court-m\u00e9trage de 5 minutes\u00a0mettant en sc\u00e8ne Mads Mikkelsen, c\u00e9l\u00e8bre acteur danois, dans un int\u00e9rieur enti\u00e8rement am\u00e9nag\u00e9 en mobilier et accessoires BoConcept&#8230;<\/p>\n<p style=\"text-align: justify;\">\u00a0Avec <strong>THE CALL<\/strong>, <strong>BoConcept<\/strong> imagine un<strong>\u00a0<\/strong>drame palpitant entre deux acteurs passionn\u00e9s, dans un cadre unique recr\u00e9\u00e9 par la marque Danoise, un nouvel \u00e9tat d\u2019esprit s\u2019installe : celui de donner une autre dimension \u00e0 son int\u00e9rieur, de donner vie \u00e0 ses envies de changement. C\u2019est en offrant de multiples options et en proposant d\u2019accompagner ses clients avec un service de conseil\u00a0en d\u00e9coration \u00e0 domicile que <strong>BoConcept<\/strong> entend aujourd\u2019hui guider ses clients dans leurs projets d\u2019am\u00e9nagement&#8230;<\/p>\n<p><iframe src=\"\/\/player.vimeo.com\/video\/120128558?autoplay=1&amp;loop=1&amp;color=ff0179&amp;title=0&amp;byline=0&amp;portrait=0\" width=\"650\" height=\"366\" frameborder=\"0\" allowfullscreen=\"allowfullscreen\"><\/iframe><\/p>\n<p style=\"text-align: center;\">En savoir + sur\u00a0<a href=\"http:\/\/www.boconcept.com\" target=\"_blank\"><strong>BoConcept\u00ae<\/strong><\/a><\/p>\n<p style=\"text-align: justify;\">\n","protected":false},"excerpt":{"rendered":"<p>Deco-Design a \u00e9t\u00e9 convi\u00e9 chez BoConcept\u00ae pour d\u00e9couvrir THE CALL &#8211; sa nouvelle campagne publicitaire avec l\u2019acteur danois Mads Mikkelsen, pour mettre en lumi\u00e8re son service de conseil en d\u00e9coration&#8230;<\/p>\n","protected":false},"author":3,"featured_media":120087,"comment_status":"open","ping_status":"open","sticky":false,"template":"","format":"aside","meta":{"_coblocks_attr":"","_coblocks_dimensions":"","_coblocks_responsive_height":"","_coblocks_accordion_ie_support":"","_uag_custom_page_level_css":"","advgb_blocks_editor_width":"","advgb_blocks_columns_visual_guide":"","_genesis_hide_title":false,"_genesis_hide_breadcrumbs":false,"_genesis_hide_singular_image":false,"_genesis_hide_footer_widgets":false,"_genesis_custom_body_class":"","_genesis_custom_post_class":"","_genesis_layout":"","_themeisle_gutenberg_block_has_review":false,"_jetpack_newsletter_access":"","_jetpack_dont_email_post_to_subs":false,"_jetpack_newsletter_tier_id":0,"_jetpack_memberships_contains_paywalled_content":false,"_jetpack_memberships_contains_paid_content":false,"footnotes":""},"categories":[1000,1089,905],"tags":[1640,1964,1965,327],"class_list":{"0":"post-120086","1":"post","2":"type-post","3":"status-publish","4":"format-aside","5":"has-post-thumbnail","7":"category-boconcept","8":"category-coach-dinterieur","9":"category-deco-design","10":"tag-boconcept","11":"tag-conseil-en-decoration","12":"tag-mads-mikkelsen","13":"tag-video","14":"post_format-post-format-aside","15":"entry"},"featured_image_urls":{"full":["https:\/\/i0.wp.com\/joyana.fr\/wp-content\/uploads\/2015\/02\/THE-CALL-MADS-MIKKELSEN-BOCONCEPT.jpg?fit=700%2C700&ssl=1",700,700,false],"thumbnail":["https:\/\/i0.wp.com\/joyana.fr\/wp-content\/uploads\/2015\/02\/THE-CALL-MADS-MIKKELSEN-BOCONCEPT.jpg?resize=150%2C150&ssl=1",150,150,true],"medium":["https:\/\/i0.wp.com\/joyana.fr\/wp-content\/uploads\/2015\/02\/THE-CALL-MADS-MIKKELSEN-BOCONCEPT.jpg?fit=389%2C389&ssl=1",389,389,true],"medium_large":["https:\/\/i0.wp.com\/joyana.fr\/wp-content\/uploads\/2015\/02\/THE-CALL-MADS-MIKKELSEN-BOCONCEPT.jpg?fit=700%2C700&ssl=1",700,700,true],"large":["https:\/\/i0.wp.com\/joyana.fr\/wp-content\/uploads\/2015\/02\/THE-CALL-MADS-MIKKELSEN-BOCONCEPT.jpg?fit=700%2C700&ssl=1",700,700,true],"1536x1536":["https:\/\/i0.wp.com\/joyana.fr\/wp-content\/uploads\/2015\/02\/THE-CALL-MADS-MIKKELSEN-BOCONCEPT.jpg?fit=700%2C700&ssl=1",700,700,true],"2048x2048":["https:\/\/i0.wp.com\/joyana.fr\/wp-content\/uploads\/2015\/02\/THE-CALL-MADS-MIKKELSEN-BOCONCEPT.jpg?fit=700%2C700&ssl=1",700,700,true],"featured-thumb":["https:\/\/i0.wp.com\/joyana.fr\/wp-content\/uploads\/2015\/02\/THE-CALL-MADS-MIKKELSEN-BOCONCEPT.jpg?resize=700%2C700&ssl=1",700,700,true],"ab-block-post-grid-landscape":["https:\/\/i0.wp.com\/joyana.fr\/wp-content\/uploads\/2015\/02\/THE-CALL-MADS-MIKKELSEN-BOCONCEPT.jpg?resize=600%2C400&ssl=1",600,400,true],"ab-block-post-grid-square":["https:\/\/i0.wp.com\/joyana.fr\/wp-content\/uploads\/2015\/02\/THE-CALL-MADS-MIKKELSEN-BOCONCEPT.jpg?resize=600%2C600&ssl=1",600,600,true],"author-pro-image":["https:\/\/i0.wp.com\/joyana.fr\/wp-content\/uploads\/2015\/02\/THE-CALL-MADS-MIKKELSEN-BOCONCEPT.jpg?resize=360%2C570&ssl=1",360,570,true],"slider":["https:\/\/i0.wp.com\/joyana.fr\/wp-content\/uploads\/2015\/02\/THE-CALL-MADS-MIKKELSEN-BOCONCEPT.jpg?resize=700%2C400&ssl=1",700,400,true],"woocommerce_thumbnail":["https:\/\/i0.wp.com\/joyana.fr\/wp-content\/uploads\/2015\/02\/THE-CALL-MADS-MIKKELSEN-BOCONCEPT.jpg?resize=450%2C450&ssl=1",450,450,true],"woocommerce_single":["https:\/\/i0.wp.com\/joyana.fr\/wp-content\/uploads\/2015\/02\/THE-CALL-MADS-MIKKELSEN-BOCONCEPT.jpg?fit=700%2C700&ssl=1",700,700,true],"woocommerce_gallery_thumbnail":["https:\/\/i0.wp.com\/joyana.fr\/wp-content\/uploads\/2015\/02\/THE-CALL-MADS-MIKKELSEN-BOCONCEPT.jpg?resize=180%2C180&ssl=1",180,180,true],"sow-carousel-default":["https:\/\/i0.wp.com\/joyana.fr\/wp-content\/uploads\/2015\/02\/THE-CALL-MADS-MIKKELSEN-BOCONCEPT.jpg?resize=272%2C182&ssl=1",272,182,true]},"post_excerpt_stackable":"<p>Deco-Design a \u00e9t\u00e9 convi\u00e9 chez BoConcept\u00ae pour d\u00e9couvrir THE CALL &#8211; sa nouvelle campagne publicitaire avec l\u2019acteur danois Mads Mikkelsen, pour mettre en lumi\u00e8re son service de conseil en d\u00e9coration&#8230;<\/p>\n","category_list":"<a href=\"https:\/\/joyana.fr\/en\/category\/marques\/boconcept\/\" rel=\"category tag\">BoConcept<\/a>, <a href=\"https:\/\/joyana.fr\/en\/category\/deco-design\/decoration\/coach-dinterieur\/\" rel=\"category tag\">Coach d'Int\u00e9rieur<\/a>, <a href=\"https:\/\/joyana.fr\/en\/category\/deco-design\/\" rel=\"category tag\">DECO-DESIGN<\/a>","author_info":{"display_name":"Jo Yana","author_link":"https:\/\/joyana.fr\/en\/author\/joyana\/"},"comments_num":"0 comments","featured_image_urls_v2":{"full":["https:\/\/i0.wp.com\/joyana.fr\/wp-content\/uploads\/2015\/02\/THE-CALL-MADS-MIKKELSEN-BOCONCEPT.jpg?fit=700%2C700&ssl=1",700,700,false],"thumbnail":["https:\/\/i0.wp.com\/joyana.fr\/wp-content\/uploads\/2015\/02\/THE-CALL-MADS-MIKKELSEN-BOCONCEPT.jpg?resize=150%2C150&ssl=1",150,150,true],"medium":["https:\/\/i0.wp.com\/joyana.fr\/wp-content\/uploads\/2015\/02\/THE-CALL-MADS-MIKKELSEN-BOCONCEPT.jpg?fit=389%2C389&ssl=1",389,389,true],"medium_large":["https:\/\/i0.wp.com\/joyana.fr\/wp-content\/uploads\/2015\/02\/THE-CALL-MADS-MIKKELSEN-BOCONCEPT.jpg?fit=700%2C700&ssl=1",700,700,true],"large":["https:\/\/i0.wp.com\/joyana.fr\/wp-content\/uploads\/2015\/02\/THE-CALL-MADS-MIKKELSEN-BOCONCEPT.jpg?fit=700%2C700&ssl=1",700,700,true],"1536x1536":["https:\/\/i0.wp.com\/joyana.fr\/wp-content\/uploads\/2015\/02\/THE-CALL-MADS-MIKKELSEN-BOCONCEPT.jpg?fit=700%2C700&ssl=1",700,700,true],"2048x2048":["https:\/\/i0.wp.com\/joyana.fr\/wp-content\/uploads\/2015\/02\/THE-CALL-MADS-MIKKELSEN-BOCONCEPT.jpg?fit=700%2C700&ssl=1",700,700,true],"featured-thumb":["https:\/\/i0.wp.com\/joyana.fr\/wp-content\/uploads\/2015\/02\/THE-CALL-MADS-MIKKELSEN-BOCONCEPT.jpg?resize=700%2C700&ssl=1",700,700,true],"ab-block-post-grid-landscape":["https:\/\/i0.wp.com\/joyana.fr\/wp-content\/uploads\/2015\/02\/THE-CALL-MADS-MIKKELSEN-BOCONCEPT.jpg?resize=600%2C400&ssl=1",600,400,true],"ab-block-post-grid-square":["https:\/\/i0.wp.com\/joyana.fr\/wp-content\/uploads\/2015\/02\/THE-CALL-MADS-MIKKELSEN-BOCONCEPT.jpg?resize=600%2C600&ssl=1",600,600,true],"author-pro-image":["https:\/\/i0.wp.com\/joyana.fr\/wp-content\/uploads\/2015\/02\/THE-CALL-MADS-MIKKELSEN-BOCONCEPT.jpg?resize=360%2C570&ssl=1",360,570,true],"slider":["https:\/\/i0.wp.com\/joyana.fr\/wp-content\/uploads\/2015\/02\/THE-CALL-MADS-MIKKELSEN-BOCONCEPT.jpg?resize=700%2C400&ssl=1",700,400,true],"woocommerce_thumbnail":["https:\/\/i0.wp.com\/joyana.fr\/wp-content\/uploads\/2015\/02\/THE-CALL-MADS-MIKKELSEN-BOCONCEPT.jpg?resize=450%2C450&ssl=1",450,450,true],"woocommerce_single":["https:\/\/i0.wp.com\/joyana.fr\/wp-content\/uploads\/2015\/02\/THE-CALL-MADS-MIKKELSEN-BOCONCEPT.jpg?fit=700%2C700&ssl=1",700,700,true],"woocommerce_gallery_thumbnail":["https:\/\/i0.wp.com\/joyana.fr\/wp-content\/uploads\/2015\/02\/THE-CALL-MADS-MIKKELSEN-BOCONCEPT.jpg?resize=180%2C180&ssl=1",180,180,true],"sow-carousel-default":["https:\/\/i0.wp.com\/joyana.fr\/wp-content\/uploads\/2015\/02\/THE-CALL-MADS-MIKKELSEN-BOCONCEPT.jpg?resize=272%2C182&ssl=1",272,182,true]},"post_excerpt_stackable_v2":"<p>Deco-Design a \u00e9t\u00e9 convi\u00e9 chez BoConcept\u00ae pour d\u00e9couvrir THE CALL &#8211; sa nouvelle campagne publicitaire avec l\u2019acteur danois Mads Mikkelsen, pour mettre en lumi\u00e8re son service de conseil en d\u00e9coration&#8230;<\/p>\n","category_list_v2":"<a href=\"https:\/\/joyana.fr\/en\/category\/marques\/boconcept\/\" rel=\"category tag\">BoConcept<\/a>, <a href=\"https:\/\/joyana.fr\/en\/category\/deco-design\/decoration\/coach-dinterieur\/\" rel=\"category tag\">Coach d'Int\u00e9rieur<\/a>, <a href=\"https:\/\/joyana.fr\/en\/category\/deco-design\/\" rel=\"category tag\">DECO-DESIGN<\/a>","author_info_v2":{"name":"Jo Yana","url":"https:\/\/joyana.fr\/en\/author\/joyana\/"},"comments_num_v2":"0 comments","yoast_head":"<!-- This site is optimized with the Yoast SEO plugin v26.8 - https:\/\/yoast.com\/product\/yoast-seo-wordpress\/ -->\n<title>THE CALL - Mads MIKKELSEN x BoConcept\u00ae | DECO-DESIGN<\/title>\n<meta name=\"description\" content=\"Deco-Design a \u00e9t\u00e9 convi\u00e9 chez BoConcept\u00ae pour d\u00e9couvrir THE CALL - sa nouvelle campagne publicitaire avec l\u2019acteur danois Mads Mikkelsen, pour mettre en lumi\u00e8re son service de conseil en d\u00e9coration.\" \/>\n<meta name=\"robots\" content=\"index, follow, max-snippet:-1, max-image-preview:large, max-video-preview:-1\" \/>\n<link rel=\"canonical\" href=\"https:\/\/joyana.fr\/en\/the-call-mads-mikkelsen-x-boconcept\/120086\/\" \/>\n<meta property=\"og:locale\" content=\"en_US\" \/>\n<meta property=\"og:locale:alternate\" content=\"fr_FR\" \/>\n<meta property=\"og:locale:alternate\" content=\"ja\" \/>\n<meta property=\"og:type\" content=\"article\" \/>\n<meta property=\"og:title\" content=\"THE CALL - Mads MIKKELSEN x BoConcept\u00ae | DECO-DESIGN\" \/>\n<meta property=\"og:description\" content=\"Deco-Design a \u00e9t\u00e9 convi\u00e9 chez BoConcept\u00ae pour d\u00e9couvrir THE CALL - sa nouvelle campagne publicitaire avec l\u2019acteur danois Mads Mikkelsen, pour mettre en lumi\u00e8re son service de conseil en d\u00e9coration.\" \/>\n<meta property=\"og:url\" content=\"https:\/\/joyana.fr\/en\/the-call-mads-mikkelsen-x-boconcept\/120086\/\" \/>\n<meta property=\"og:site_name\" content=\"JO YANA\" \/>\n<meta property=\"article:published_time\" content=\"2015-02-20T07:52:05+00:00\" \/>\n<meta property=\"og:image\" content=\"https:\/\/joyana.fr\/wp-content\/uploads\/2015\/02\/THE-CALL-MADS-MIKKELSEN-BOCONCEPT.jpg\" \/>\n\t<meta property=\"og:image:width\" content=\"700\" \/>\n\t<meta property=\"og:image:height\" content=\"700\" \/>\n\t<meta property=\"og:image:type\" content=\"image\/jpeg\" \/>\n<meta name=\"author\" content=\"Jo Yana\" \/>\n<meta name=\"twitter:card\" content=\"summary_large_image\" \/>\n<meta name=\"twitter:creator\" content=\"@Jo_Yana\" \/>\n<meta name=\"twitter:site\" content=\"@Jo_Yana\" \/>\n<meta name=\"twitter:label1\" content=\"Written by\" \/>\n\t<meta name=\"twitter:data1\" content=\"Jo Yana\" \/>\n\t<meta name=\"twitter:label2\" content=\"Est. reading time\" \/>\n\t<meta name=\"twitter:data2\" content=\"1 minute\" \/>\n<script type=\"application\/ld+json\" class=\"yoast-schema-graph\">{\"@context\":\"https:\/\/schema.org\",\"@graph\":[{\"@type\":\"Article\",\"@id\":\"https:\/\/joyana.fr\/en\/the-call-mads-mikkelsen-x-boconcept\/120086\/#article\",\"isPartOf\":{\"@id\":\"https:\/\/joyana.fr\/en\/the-call-mads-mikkelsen-x-boconcept\/120086\/\"},\"author\":{\"name\":\"Jo Yana\",\"@id\":\"https:\/\/joyana.fr\/#\/schema\/person\/cf2a1ad12a27c12c21801075bf37407c\"},\"headline\":\"THE CALL &#8211; Mads MIKKELSEN x BoConcept\u00ae\",\"datePublished\":\"2015-02-20T07:52:05+00:00\",\"mainEntityOfPage\":{\"@id\":\"https:\/\/joyana.fr\/en\/the-call-mads-mikkelsen-x-boconcept\/120086\/\"},\"wordCount\":165,\"commentCount\":0,\"publisher\":{\"@id\":\"https:\/\/joyana.fr\/#\/schema\/person\/cf2a1ad12a27c12c21801075bf37407c\"},\"image\":{\"@id\":\"https:\/\/joyana.fr\/en\/the-call-mads-mikkelsen-x-boconcept\/120086\/#primaryimage\"},\"thumbnailUrl\":\"https:\/\/i0.wp.com\/joyana.fr\/wp-content\/uploads\/2015\/02\/THE-CALL-MADS-MIKKELSEN-BOCONCEPT.jpg?fit=700%2C700&ssl=1\",\"keywords\":[\"BoConcept\",\"Conseil en D\u00e9coration\",\"Mads MIKKELSEN\",\"Video\"],\"articleSection\":[\"BoConcept\",\"Coach d'Int\u00e9rieur\",\"DECO-DESIGN\"],\"inLanguage\":\"en-US\",\"potentialAction\":[{\"@type\":\"CommentAction\",\"name\":\"Comment\",\"target\":[\"https:\/\/joyana.fr\/en\/the-call-mads-mikkelsen-x-boconcept\/120086\/#respond\"]}]},{\"@type\":\"WebPage\",\"@id\":\"https:\/\/joyana.fr\/en\/the-call-mads-mikkelsen-x-boconcept\/120086\/\",\"url\":\"https:\/\/joyana.fr\/en\/the-call-mads-mikkelsen-x-boconcept\/120086\/\",\"name\":\"THE CALL - Mads MIKKELSEN x BoConcept\u00ae | DECO-DESIGN\",\"isPartOf\":{\"@id\":\"https:\/\/joyana.fr\/#website\"},\"primaryImageOfPage\":{\"@id\":\"https:\/\/joyana.fr\/en\/the-call-mads-mikkelsen-x-boconcept\/120086\/#primaryimage\"},\"image\":{\"@id\":\"https:\/\/joyana.fr\/en\/the-call-mads-mikkelsen-x-boconcept\/120086\/#primaryimage\"},\"thumbnailUrl\":\"https:\/\/i0.wp.com\/joyana.fr\/wp-content\/uploads\/2015\/02\/THE-CALL-MADS-MIKKELSEN-BOCONCEPT.jpg?fit=700%2C700&ssl=1\",\"datePublished\":\"2015-02-20T07:52:05+00:00\",\"description\":\"Deco-Design a \u00e9t\u00e9 convi\u00e9 chez BoConcept\u00ae pour d\u00e9couvrir THE CALL - sa nouvelle campagne publicitaire avec l\u2019acteur danois Mads Mikkelsen, pour mettre en lumi\u00e8re son service de conseil en d\u00e9coration.\",\"breadcrumb\":{\"@id\":\"https:\/\/joyana.fr\/en\/the-call-mads-mikkelsen-x-boconcept\/120086\/#breadcrumb\"},\"inLanguage\":\"en-US\",\"potentialAction\":[{\"@type\":\"ReadAction\",\"target\":[\"https:\/\/joyana.fr\/en\/the-call-mads-mikkelsen-x-boconcept\/120086\/\"]}]},{\"@type\":\"ImageObject\",\"inLanguage\":\"en-US\",\"@id\":\"https:\/\/joyana.fr\/en\/the-call-mads-mikkelsen-x-boconcept\/120086\/#primaryimage\",\"url\":\"https:\/\/i0.wp.com\/joyana.fr\/wp-content\/uploads\/2015\/02\/THE-CALL-MADS-MIKKELSEN-BOCONCEPT.jpg?fit=700%2C700&ssl=1\",\"contentUrl\":\"https:\/\/i0.wp.com\/joyana.fr\/wp-content\/uploads\/2015\/02\/THE-CALL-MADS-MIKKELSEN-BOCONCEPT.jpg?fit=700%2C700&ssl=1\",\"width\":700,\"height\":700},{\"@type\":\"BreadcrumbList\",\"@id\":\"https:\/\/joyana.fr\/en\/the-call-mads-mikkelsen-x-boconcept\/120086\/#breadcrumb\",\"itemListElement\":[{\"@type\":\"ListItem\",\"position\":1,\"name\":\"Accueil\",\"item\":\"https:\/\/joyana.fr\/\"},{\"@type\":\"ListItem\",\"position\":2,\"name\":\"THE CALL &#8211; Mads MIKKELSEN x BoConcept\u00ae\"}]},{\"@type\":\"WebSite\",\"@id\":\"https:\/\/joyana.fr\/#website\",\"url\":\"https:\/\/joyana.fr\/\",\"name\":\"JO YANA\",\"description\":\"Blog Mode Homme, Lifestyle, D\u00e9co-Design\",\"publisher\":{\"@id\":\"https:\/\/joyana.fr\/#\/schema\/person\/cf2a1ad12a27c12c21801075bf37407c\"},\"potentialAction\":[{\"@type\":\"SearchAction\",\"target\":{\"@type\":\"EntryPoint\",\"urlTemplate\":\"https:\/\/joyana.fr\/?s={search_term_string}\"},\"query-input\":{\"@type\":\"PropertyValueSpecification\",\"valueRequired\":true,\"valueName\":\"search_term_string\"}}],\"inLanguage\":\"en-US\"},{\"@type\":[\"Person\",\"Organization\"],\"@id\":\"https:\/\/joyana.fr\/#\/schema\/person\/cf2a1ad12a27c12c21801075bf37407c\",\"name\":\"Jo Yana\",\"image\":{\"@type\":\"ImageObject\",\"inLanguage\":\"en-US\",\"@id\":\"https:\/\/joyana.fr\/#\/schema\/person\/image\/\",\"url\":\"https:\/\/i0.wp.com\/joyana.fr\/wp-content\/uploads\/2016\/08\/cropped-joyana-logo-black-360x180.png?fit=343%2C164&ssl=1\",\"contentUrl\":\"https:\/\/i0.wp.com\/joyana.fr\/wp-content\/uploads\/2016\/08\/cropped-joyana-logo-black-360x180.png?fit=343%2C164&ssl=1\",\"width\":343,\"height\":164,\"caption\":\"Jo Yana\"},\"logo\":{\"@id\":\"https:\/\/joyana.fr\/#\/schema\/person\/image\/\"},\"description\":\"Jo Yana est le cr\u00e9ateur et r\u00e9dacteur en chef des sites DECO-DESIGN. Passionn\u00e9 de Design, Mode, Photo, Luxe, Lifestyle, Musique, mais avant tout Blogueur ! Le plaisir de partager l'anime et a comme devise \\\"POUR L'AMOUR DU BEAU\\\". Retrouvez le aussi sur son blog personnel - https:\/\/joyana.fr...\",\"sameAs\":[\"https:\/\/joyana.fr\/\"],\"url\":\"https:\/\/joyana.fr\/en\/author\/joyana\/\"}]}<\/script>\n<!-- \/ Yoast SEO plugin. -->","yoast_head_json":{"title":"THE CALL - Mads MIKKELSEN x BoConcept\u00ae | DECO-DESIGN","description":"Deco-Design a \u00e9t\u00e9 convi\u00e9 chez BoConcept\u00ae pour d\u00e9couvrir THE CALL - sa nouvelle campagne publicitaire avec l\u2019acteur danois Mads Mikkelsen, pour mettre en lumi\u00e8re son service de conseil en d\u00e9coration.","robots":{"index":"index","follow":"follow","max-snippet":"max-snippet:-1","max-image-preview":"max-image-preview:large","max-video-preview":"max-video-preview:-1"},"canonical":"https:\/\/joyana.fr\/en\/the-call-mads-mikkelsen-x-boconcept\/120086\/","og_locale":"en_US","og_type":"article","og_title":"THE CALL - Mads MIKKELSEN x BoConcept\u00ae | DECO-DESIGN","og_description":"Deco-Design a \u00e9t\u00e9 convi\u00e9 chez BoConcept\u00ae pour d\u00e9couvrir THE CALL - sa nouvelle campagne publicitaire avec l\u2019acteur danois Mads Mikkelsen, pour mettre en lumi\u00e8re son service de conseil en d\u00e9coration.","og_url":"https:\/\/joyana.fr\/en\/the-call-mads-mikkelsen-x-boconcept\/120086\/","og_site_name":"JO YANA","article_published_time":"2015-02-20T07:52:05+00:00","og_image":[{"width":700,"height":700,"url":"https:\/\/joyana.fr\/wp-content\/uploads\/2015\/02\/THE-CALL-MADS-MIKKELSEN-BOCONCEPT.jpg","type":"image\/jpeg"}],"author":"Jo Yana","twitter_card":"summary_large_image","twitter_creator":"@Jo_Yana","twitter_site":"@Jo_Yana","twitter_misc":{"Written by":"Jo Yana","Est. reading time":"1 minute"},"schema":{"@context":"https:\/\/schema.org","@graph":[{"@type":"Article","@id":"https:\/\/joyana.fr\/en\/the-call-mads-mikkelsen-x-boconcept\/120086\/#article","isPartOf":{"@id":"https:\/\/joyana.fr\/en\/the-call-mads-mikkelsen-x-boconcept\/120086\/"},"author":{"name":"Jo Yana","@id":"https:\/\/joyana.fr\/#\/schema\/person\/cf2a1ad12a27c12c21801075bf37407c"},"headline":"THE CALL &#8211; Mads MIKKELSEN x BoConcept\u00ae","datePublished":"2015-02-20T07:52:05+00:00","mainEntityOfPage":{"@id":"https:\/\/joyana.fr\/en\/the-call-mads-mikkelsen-x-boconcept\/120086\/"},"wordCount":165,"commentCount":0,"publisher":{"@id":"https:\/\/joyana.fr\/#\/schema\/person\/cf2a1ad12a27c12c21801075bf37407c"},"image":{"@id":"https:\/\/joyana.fr\/en\/the-call-mads-mikkelsen-x-boconcept\/120086\/#primaryimage"},"thumbnailUrl":"https:\/\/i0.wp.com\/joyana.fr\/wp-content\/uploads\/2015\/02\/THE-CALL-MADS-MIKKELSEN-BOCONCEPT.jpg?fit=700%2C700&ssl=1","keywords":["BoConcept","Conseil en D\u00e9coration","Mads MIKKELSEN","Video"],"articleSection":["BoConcept","Coach d'Int\u00e9rieur","DECO-DESIGN"],"inLanguage":"en-US","potentialAction":[{"@type":"CommentAction","name":"Comment","target":["https:\/\/joyana.fr\/en\/the-call-mads-mikkelsen-x-boconcept\/120086\/#respond"]}]},{"@type":"WebPage","@id":"https:\/\/joyana.fr\/en\/the-call-mads-mikkelsen-x-boconcept\/120086\/","url":"https:\/\/joyana.fr\/en\/the-call-mads-mikkelsen-x-boconcept\/120086\/","name":"THE CALL - Mads MIKKELSEN x BoConcept\u00ae | DECO-DESIGN","isPartOf":{"@id":"https:\/\/joyana.fr\/#website"},"primaryImageOfPage":{"@id":"https:\/\/joyana.fr\/en\/the-call-mads-mikkelsen-x-boconcept\/120086\/#primaryimage"},"image":{"@id":"https:\/\/joyana.fr\/en\/the-call-mads-mikkelsen-x-boconcept\/120086\/#primaryimage"},"thumbnailUrl":"https:\/\/i0.wp.com\/joyana.fr\/wp-content\/uploads\/2015\/02\/THE-CALL-MADS-MIKKELSEN-BOCONCEPT.jpg?fit=700%2C700&ssl=1","datePublished":"2015-02-20T07:52:05+00:00","description":"Deco-Design a \u00e9t\u00e9 convi\u00e9 chez BoConcept\u00ae pour d\u00e9couvrir THE CALL - sa nouvelle campagne publicitaire avec l\u2019acteur danois Mads Mikkelsen, pour mettre en lumi\u00e8re son service de conseil en d\u00e9coration.","breadcrumb":{"@id":"https:\/\/joyana.fr\/en\/the-call-mads-mikkelsen-x-boconcept\/120086\/#breadcrumb"},"inLanguage":"en-US","potentialAction":[{"@type":"ReadAction","target":["https:\/\/joyana.fr\/en\/the-call-mads-mikkelsen-x-boconcept\/120086\/"]}]},{"@type":"ImageObject","inLanguage":"en-US","@id":"https:\/\/joyana.fr\/en\/the-call-mads-mikkelsen-x-boconcept\/120086\/#primaryimage","url":"https:\/\/i0.wp.com\/joyana.fr\/wp-content\/uploads\/2015\/02\/THE-CALL-MADS-MIKKELSEN-BOCONCEPT.jpg?fit=700%2C700&ssl=1","contentUrl":"https:\/\/i0.wp.com\/joyana.fr\/wp-content\/uploads\/2015\/02\/THE-CALL-MADS-MIKKELSEN-BOCONCEPT.jpg?fit=700%2C700&ssl=1","width":700,"height":700},{"@type":"BreadcrumbList","@id":"https:\/\/joyana.fr\/en\/the-call-mads-mikkelsen-x-boconcept\/120086\/#breadcrumb","itemListElement":[{"@type":"ListItem","position":1,"name":"Accueil","item":"https:\/\/joyana.fr\/"},{"@type":"ListItem","position":2,"name":"THE CALL &#8211; Mads MIKKELSEN x BoConcept\u00ae"}]},{"@type":"WebSite","@id":"https:\/\/joyana.fr\/#website","url":"https:\/\/joyana.fr\/","name":"JO YANA","description":"Blog Mode Homme, Lifestyle, D\u00e9co-Design","publisher":{"@id":"https:\/\/joyana.fr\/#\/schema\/person\/cf2a1ad12a27c12c21801075bf37407c"},"potentialAction":[{"@type":"SearchAction","target":{"@type":"EntryPoint","urlTemplate":"https:\/\/joyana.fr\/?s={search_term_string}"},"query-input":{"@type":"PropertyValueSpecification","valueRequired":true,"valueName":"search_term_string"}}],"inLanguage":"en-US"},{"@type":["Person","Organization"],"@id":"https:\/\/joyana.fr\/#\/schema\/person\/cf2a1ad12a27c12c21801075bf37407c","name":"Jo Yana","image":{"@type":"ImageObject","inLanguage":"en-US","@id":"https:\/\/joyana.fr\/#\/schema\/person\/image\/","url":"https:\/\/i0.wp.com\/joyana.fr\/wp-content\/uploads\/2016\/08\/cropped-joyana-logo-black-360x180.png?fit=343%2C164&ssl=1","contentUrl":"https:\/\/i0.wp.com\/joyana.fr\/wp-content\/uploads\/2016\/08\/cropped-joyana-logo-black-360x180.png?fit=343%2C164&ssl=1","width":343,"height":164,"caption":"Jo Yana"},"logo":{"@id":"https:\/\/joyana.fr\/#\/schema\/person\/image\/"},"description":"Jo Yana est le cr\u00e9ateur et r\u00e9dacteur en chef des sites DECO-DESIGN. Passionn\u00e9 de Design, Mode, Photo, Luxe, Lifestyle, Musique, mais avant tout Blogueur ! Le plaisir de partager l'anime et a comme devise \"POUR L'AMOUR DU BEAU\". Retrouvez le aussi sur son blog personnel - https:\/\/joyana.fr...","sameAs":["https:\/\/joyana.fr\/"],"url":"https:\/\/joyana.fr\/en\/author\/joyana\/"}]}},"author_meta":{"display_name":"Jo Yana","author_link":"https:\/\/joyana.fr\/en\/author\/joyana\/"},"featured_img":"https:\/\/i0.wp.com\/joyana.fr\/wp-content\/uploads\/2015\/02\/THE-CALL-MADS-MIKKELSEN-BOCONCEPT.jpg?fit=389%2C389&ssl=1","featured_image_src":"https:\/\/i0.wp.com\/joyana.fr\/wp-content\/uploads\/2015\/02\/THE-CALL-MADS-MIKKELSEN-BOCONCEPT.jpg?resize=600%2C400&ssl=1","featured_image_src_square":"https:\/\/i0.wp.com\/joyana.fr\/wp-content\/uploads\/2015\/02\/THE-CALL-MADS-MIKKELSEN-BOCONCEPT.jpg?resize=600%2C600&ssl=1","jetpack_featured_media_url":"https:\/\/i0.wp.com\/joyana.fr\/wp-content\/uploads\/2015\/02\/THE-CALL-MADS-MIKKELSEN-BOCONCEPT.jpg?fit=700%2C700&ssl=1","uagb_featured_image_src":{"full":["https:\/\/i0.wp.com\/joyana.fr\/wp-content\/uploads\/2015\/02\/THE-CALL-MADS-MIKKELSEN-BOCONCEPT.jpg?fit=700%2C700&ssl=1",700,700,false],"thumbnail":["https:\/\/i0.wp.com\/joyana.fr\/wp-content\/uploads\/2015\/02\/THE-CALL-MADS-MIKKELSEN-BOCONCEPT.jpg?resize=150%2C150&ssl=1",150,150,true],"medium":["https:\/\/i0.wp.com\/joyana.fr\/wp-content\/uploads\/2015\/02\/THE-CALL-MADS-MIKKELSEN-BOCONCEPT.jpg?fit=389%2C389&ssl=1",389,389,true],"medium_large":["https:\/\/i0.wp.com\/joyana.fr\/wp-content\/uploads\/2015\/02\/THE-CALL-MADS-MIKKELSEN-BOCONCEPT.jpg?fit=700%2C700&ssl=1",700,700,true],"large":["https:\/\/i0.wp.com\/joyana.fr\/wp-content\/uploads\/2015\/02\/THE-CALL-MADS-MIKKELSEN-BOCONCEPT.jpg?fit=700%2C700&ssl=1",700,700,true],"1536x1536":["https:\/\/i0.wp.com\/joyana.fr\/wp-content\/uploads\/2015\/02\/THE-CALL-MADS-MIKKELSEN-BOCONCEPT.jpg?fit=700%2C700&ssl=1",700,700,true],"2048x2048":["https:\/\/i0.wp.com\/joyana.fr\/wp-content\/uploads\/2015\/02\/THE-CALL-MADS-MIKKELSEN-BOCONCEPT.jpg?fit=700%2C700&ssl=1",700,700,true],"featured-thumb":["https:\/\/i0.wp.com\/joyana.fr\/wp-content\/uploads\/2015\/02\/THE-CALL-MADS-MIKKELSEN-BOCONCEPT.jpg?resize=700%2C700&ssl=1",700,700,true],"ab-block-post-grid-landscape":["https:\/\/i0.wp.com\/joyana.fr\/wp-content\/uploads\/2015\/02\/THE-CALL-MADS-MIKKELSEN-BOCONCEPT.jpg?resize=600%2C400&ssl=1",600,400,true],"ab-block-post-grid-square":["https:\/\/i0.wp.com\/joyana.fr\/wp-content\/uploads\/2015\/02\/THE-CALL-MADS-MIKKELSEN-BOCONCEPT.jpg?resize=600%2C600&ssl=1",600,600,true],"author-pro-image":["https:\/\/i0.wp.com\/joyana.fr\/wp-content\/uploads\/2015\/02\/THE-CALL-MADS-MIKKELSEN-BOCONCEPT.jpg?resize=360%2C570&ssl=1",360,570,true],"slider":["https:\/\/i0.wp.com\/joyana.fr\/wp-content\/uploads\/2015\/02\/THE-CALL-MADS-MIKKELSEN-BOCONCEPT.jpg?resize=700%2C400&ssl=1",700,400,true],"woocommerce_thumbnail":["https:\/\/i0.wp.com\/joyana.fr\/wp-content\/uploads\/2015\/02\/THE-CALL-MADS-MIKKELSEN-BOCONCEPT.jpg?resize=450%2C450&ssl=1",450,450,true],"woocommerce_single":["https:\/\/i0.wp.com\/joyana.fr\/wp-content\/uploads\/2015\/02\/THE-CALL-MADS-MIKKELSEN-BOCONCEPT.jpg?fit=700%2C700&ssl=1",700,700,true],"woocommerce_gallery_thumbnail":["https:\/\/i0.wp.com\/joyana.fr\/wp-content\/uploads\/2015\/02\/THE-CALL-MADS-MIKKELSEN-BOCONCEPT.jpg?resize=180%2C180&ssl=1",180,180,true],"sow-carousel-default":["https:\/\/i0.wp.com\/joyana.fr\/wp-content\/uploads\/2015\/02\/THE-CALL-MADS-MIKKELSEN-BOCONCEPT.jpg?resize=272%2C182&ssl=1",272,182,true]},"uagb_author_info":{"display_name":"Jo Yana","author_link":"https:\/\/joyana.fr\/en\/author\/joyana\/"},"uagb_comment_info":2,"uagb_excerpt":"Deco-Design a \u00e9t\u00e9 convi\u00e9 chez BoConcept\u00ae pour d\u00e9couvrir THE CALL - sa nouvelle campagne publicitaire avec l\u2019acteur danois Mads Mikkelsen, pour mettre en lumi\u00e8re son service de conseil en d\u00e9coration...","coauthors":[],"tax_additional":{"categories":{"linked":["<a href=\"https:\/\/joyana.fr\/en\/category\/marques\/boconcept\/\" class=\"advgb-post-tax-term\">BoConcept<\/a>","<a href=\"https:\/\/joyana.fr\/en\/category\/deco-design\/decoration\/coach-dinterieur\/\" class=\"advgb-post-tax-term\">Coach d&#039;Int\u00e9rieur<\/a>","<a href=\"https:\/\/joyana.fr\/en\/category\/deco-design\/\" class=\"advgb-post-tax-term\">DECO-DESIGN<\/a>"],"unlinked":["<span class=\"advgb-post-tax-term\">BoConcept<\/span>","<span class=\"advgb-post-tax-term\">Coach d&#039;Int\u00e9rieur<\/span>","<span class=\"advgb-post-tax-term\">DECO-DESIGN<\/span>"]},"tags":{"linked":["<a href=\"https:\/\/joyana.fr\/en\/category\/deco-design\/\" class=\"advgb-post-tax-term\">BoConcept<\/a>","<a href=\"https:\/\/joyana.fr\/en\/category\/deco-design\/\" class=\"advgb-post-tax-term\">Conseil en D\u00e9coration<\/a>","<a href=\"https:\/\/joyana.fr\/en\/category\/deco-design\/\" class=\"advgb-post-tax-term\">Mads MIKKELSEN<\/a>","<a href=\"https:\/\/joyana.fr\/en\/category\/deco-design\/\" class=\"advgb-post-tax-term\">Video<\/a>"],"unlinked":["<span class=\"advgb-post-tax-term\">BoConcept<\/span>","<span class=\"advgb-post-tax-term\">Conseil en D\u00e9coration<\/span>","<span class=\"advgb-post-tax-term\">Mads MIKKELSEN<\/span>","<span class=\"advgb-post-tax-term\">Video<\/span>"]}},"comment_count":0,"relative_dates":{"created":"Posted 11 years ago","modified":"Updated 11 years ago"},"absolute_dates":{"created":"Posted on 20 February 2015","modified":"Updated on 20 February 2015"},"absolute_dates_time":{"created":"Posted on 20 February 2015 8:52","modified":"Updated on 20 February 2015 8:52"},"featured_img_caption":"","series_order":"","jetpack_sharing_enabled":true,"jetpack_shortlink":"https:\/\/wp.me\/p9bteI-veS","jetpack-related-posts":[],"_links":{"self":[{"href":"https:\/\/joyana.fr\/en\/wp-json\/wp\/v2\/posts\/120086","targetHints":{"allow":["GET"]}}],"collection":[{"href":"https:\/\/joyana.fr\/en\/wp-json\/wp\/v2\/posts"}],"about":[{"href":"https:\/\/joyana.fr\/en\/wp-json\/wp\/v2\/types\/post"}],"author":[{"embeddable":true,"href":"https:\/\/joyana.fr\/en\/wp-json\/wp\/v2\/users\/3"}],"replies":[{"embeddable":true,"href":"https:\/\/joyana.fr\/en\/wp-json\/wp\/v2\/comments?post=120086"}],"version-history":[{"count":0,"href":"https:\/\/joyana.fr\/en\/wp-json\/wp\/v2\/posts\/120086\/revisions"}],"wp:featuredmedia":[{"embeddable":true,"href":"https:\/\/joyana.fr\/en\/wp-json\/wp\/v2\/media\/120087"}],"wp:attachment":[{"href":"https:\/\/joyana.fr\/en\/wp-json\/wp\/v2\/media?parent=120086"}],"wp:term":[{"taxonomy":"category","embeddable":true,"href":"https:\/\/joyana.fr\/en\/wp-json\/wp\/v2\/categories?post=120086"},{"taxonomy":"post_tag","embeddable":true,"href":"https:\/\/joyana.fr\/en\/wp-json\/wp\/v2\/tags?post=120086"}],"curies":[{"name":"wp","href":"https:\/\/api.w.org\/{rel}","templated":true}]}}