{"id":120881,"date":"2015-05-20T19:19:32","date_gmt":"2015-05-20T18:19:32","guid":{"rendered":"https:\/\/joyana.fr\/?p=20881"},"modified":"2015-05-20T19:19:32","modified_gmt":"2015-05-20T18:19:32","slug":"icff-new-york-2015","status":"publish","type":"post","link":"https:\/\/joyana.fr\/en\/icff-new-york-2015\/120881\/","title":{"rendered":"ICFF NEW YORK 2015"},"content":{"rendered":"<p style=\"text-align: justify;\">L&#8217;<strong>ICFF 2015<\/strong> a ferm\u00e9 ses portes il y a quelques heures \u00e0 <strong>New York<\/strong>. Ce salon &#8211; h\u00e9berg\u00e9 par le Jacob K. Javits Center &#8211; regroupe des grandes marques internationales de meubles et d&#8217;accessoires, avec aussi quelques petits \u00e9diteurs, toujours dans un univers tourn\u00e9 vers le luxe.<\/p>\n<p style=\"text-align: justify;\">Voici une s\u00e9lections d&#8217;objets ou sc\u00e9nographes inspirantes pour les <strong>tendances 2015-2016<\/strong>&#8230;<\/p>\n<p><a href=\"https:\/\/i0.wp.com\/joyana.fr\/wp-content\/uploads\/2015\/05\/BLOG_ICFF_16-copie.jpg?ssl=1\"><img data-recalc-dims=\"1\" fetchpriority=\"high\" decoding=\"async\" class=\"alignnone size-full wp-image-20882\" src=\"https:\/\/i0.wp.com\/joyana.fr\/wp-content\/uploads\/2015\/05\/BLOG_ICFF_16-copie.jpg?resize=1700%2C1700&#038;ssl=1\" alt=\"BLOG_ICFF_16 copie\" width=\"1700\" height=\"1700\" \/><\/a><\/p>\n<h4 style=\"text-align: center;\"><em>LINEA par <a href=\"http:\/\/stephaniegoto.com\" target=\"_blank\">St\u00e9phanie Goto<\/a><\/em><\/h4>\n<p><span style=\"color: #000000;\">.<\/span><\/p>\n<p><a href=\"https:\/\/i0.wp.com\/joyana.fr\/wp-content\/uploads\/2015\/05\/blog_ICFF_18-copie.jpg?ssl=1\"><img data-recalc-dims=\"1\" decoding=\"async\" class=\"alignnone size-full wp-image-20883\" src=\"https:\/\/i0.wp.com\/joyana.fr\/wp-content\/uploads\/2015\/05\/blog_ICFF_18-copie.jpg?resize=1700%2C1700&#038;ssl=1\" alt=\"blog_ICFF_18 copie\" width=\"1700\" height=\"1700\" \/><\/a><\/p>\n<p><a href=\"https:\/\/i0.wp.com\/joyana.fr\/wp-content\/uploads\/2015\/05\/BLOG_ICFF_19-copie.jpg?ssl=1\"><img data-recalc-dims=\"1\" decoding=\"async\" class=\"alignnone size-full wp-image-20884\" src=\"https:\/\/i0.wp.com\/joyana.fr\/wp-content\/uploads\/2015\/05\/BLOG_ICFF_19-copie.jpg?resize=1700%2C1700&#038;ssl=1\" alt=\"BLOG_ICFF_19 copie\" width=\"1700\" height=\"1700\" \/><\/a><\/p>\n<h4 style=\"text-align: center;\"><em><a href=\"http:\/\/lindstromrugs.com\" target=\"_blank\">LINDSTROM RUGS<\/a> par <a href=\"http:\/\/www.karimrashid.com\" target=\"_blank\">Karim Rashid<\/a><\/em><\/h4>\n<p><span style=\"color: #000000;\">.<\/span><\/p>\n<p><a href=\"https:\/\/i0.wp.com\/joyana.fr\/wp-content\/uploads\/2015\/05\/BLOG_ICFF_2015_-copie.jpg?ssl=1\"><img data-recalc-dims=\"1\" loading=\"lazy\" decoding=\"async\" class=\"alignnone size-full wp-image-20885\" src=\"https:\/\/i0.wp.com\/joyana.fr\/wp-content\/uploads\/2015\/05\/BLOG_ICFF_2015_-copie.jpg?resize=1700%2C1700&#038;ssl=1\" alt=\"BLOG_ICFF_2015_ copie\" width=\"1700\" height=\"1700\" \/><\/a><\/p>\n<h4 style=\"text-align: center;\"><em>Fauteuils\u00a0<a href=\"http:\/\/www.nww.at\/en\" target=\"_blank\">NEUE WIENE WERKSTAETTE<\/a><\/em><\/h4>\n<p><span style=\"color: #000000;\">.<\/span><\/p>\n<p><a href=\"https:\/\/i0.wp.com\/joyana.fr\/wp-content\/uploads\/2015\/05\/BLOG_ICFF_2015_2-copie.jpg?ssl=1\"><img data-recalc-dims=\"1\" loading=\"lazy\" decoding=\"async\" class=\"alignnone size-full wp-image-20886\" src=\"https:\/\/i0.wp.com\/joyana.fr\/wp-content\/uploads\/2015\/05\/BLOG_ICFF_2015_2-copie.jpg?resize=1700%2C1700&#038;ssl=1\" alt=\"BLOG_ICFF_2015_2 copie\" width=\"1700\" height=\"1700\" \/><\/a><\/p>\n<p><a href=\"https:\/\/i0.wp.com\/joyana.fr\/wp-content\/uploads\/2015\/05\/BLOG_ICFF_2015_3-copie.jpg?ssl=1\"><img data-recalc-dims=\"1\" loading=\"lazy\" decoding=\"async\" class=\"alignnone size-full wp-image-20887\" src=\"https:\/\/i0.wp.com\/joyana.fr\/wp-content\/uploads\/2015\/05\/BLOG_ICFF_2015_3-copie.jpg?resize=1700%2C1700&#038;ssl=1\" alt=\"BLOG_ICFF_2015_3 copie\" width=\"1700\" height=\"1700\" \/><\/a><\/p>\n<h4 style=\"text-align: center;\"><em>Luminaires <a href=\"http:\/\/www.johnprocario.com\" target=\"_blank\">JOHN PROCARIO<\/a><\/em><\/h4>\n<p><span style=\"color: #000000;\">.<\/span><\/p>\n<p><a href=\"https:\/\/i0.wp.com\/joyana.fr\/wp-content\/uploads\/2015\/05\/BLOG_ICFF_2015_4-copie.jpg?ssl=1\"><img data-recalc-dims=\"1\" loading=\"lazy\" decoding=\"async\" class=\"alignnone size-full wp-image-20888\" src=\"https:\/\/i0.wp.com\/joyana.fr\/wp-content\/uploads\/2015\/05\/BLOG_ICFF_2015_4-copie.jpg?resize=1700%2C1700&#038;ssl=1\" alt=\"BLOG_ICFF_2015_4 copie\" width=\"1700\" height=\"1700\" \/><\/a><\/p>\n<h4 style=\"text-align: center;\"><em>STICKBULB COLLECTION par <a href=\"http:\/\/stickbulb.com\" target=\"_blank\">RUX<\/a><\/em><\/h4>\n<p><span style=\"color: #000000;\">.<\/span><\/p>\n<p><a href=\"https:\/\/i0.wp.com\/joyana.fr\/wp-content\/uploads\/2015\/05\/BLOG_ICFF_2015_5-copie.jpg?ssl=1\"><img data-recalc-dims=\"1\" loading=\"lazy\" decoding=\"async\" class=\"alignnone size-full wp-image-20889\" src=\"https:\/\/i0.wp.com\/joyana.fr\/wp-content\/uploads\/2015\/05\/BLOG_ICFF_2015_5-copie.jpg?resize=1700%2C1700&#038;ssl=1\" alt=\"BLOG_ICFF_2015_5 copie\" width=\"1700\" height=\"1700\" \/><\/a><\/p>\n<p><a href=\"https:\/\/i0.wp.com\/joyana.fr\/wp-content\/uploads\/2015\/05\/BLOG_ICFF_2015_6-copie.jpg?ssl=1\"><img data-recalc-dims=\"1\" loading=\"lazy\" decoding=\"async\" class=\"alignnone size-full wp-image-20890\" src=\"https:\/\/i0.wp.com\/joyana.fr\/wp-content\/uploads\/2015\/05\/BLOG_ICFF_2015_6-copie.jpg?resize=1700%2C1700&#038;ssl=1\" alt=\"BLOG_ICFF_2015_6 copie\" width=\"1700\" height=\"1700\" \/><\/a><\/p>\n<h4 style=\"text-align: center;\"><em>Table marbre sculpt\u00e9e CASA CANOVA<\/em><\/h4>\n<p><span style=\"color: #000000;\">.<\/span><\/p>\n<p><a href=\"https:\/\/i0.wp.com\/joyana.fr\/wp-content\/uploads\/2015\/05\/BLOG_ICFF_2015_7-copie.jpg?ssl=1\"><img data-recalc-dims=\"1\" loading=\"lazy\" decoding=\"async\" class=\"alignnone size-full wp-image-20891\" src=\"https:\/\/i0.wp.com\/joyana.fr\/wp-content\/uploads\/2015\/05\/BLOG_ICFF_2015_7-copie.jpg?resize=1700%2C1700&#038;ssl=1\" alt=\"BLOG_ICFF_2015_7 copie\" width=\"1700\" height=\"1700\" \/><\/a><\/p>\n<h4 style=\"text-align: center;\"><em>Collection ME par <a href=\"http:\/\/www.starck.com\/fr\/\" target=\"_blank\">Starck<\/a> x <a href=\"http:\/\/www.duravit.fr\" target=\"_blank\">Duravit<\/a>\u00a0<\/em><\/h4>\n<p><span style=\"color: #000000;\">.<\/span><\/p>\n<p><a href=\"https:\/\/i0.wp.com\/joyana.fr\/wp-content\/uploads\/2015\/05\/BLOG_ICFF_2015_8-copie.jpg?ssl=1\"><img data-recalc-dims=\"1\" loading=\"lazy\" decoding=\"async\" class=\"alignnone size-full wp-image-20892\" src=\"https:\/\/i0.wp.com\/joyana.fr\/wp-content\/uploads\/2015\/05\/BLOG_ICFF_2015_8-copie.jpg?resize=1700%2C1700&#038;ssl=1\" alt=\"BLOG_ICFF_2015_8 copie\" width=\"1700\" height=\"1700\" \/><\/a><\/p>\n<h4 style=\"text-align: center;\"><em>Banc <a href=\"http:\/\/www.emeco.net\" target=\"_blank\">EMECO<\/a><\/em><\/h4>\n<p><span style=\"color: #000000;\">.<\/span><\/p>\n<p><a href=\"https:\/\/i0.wp.com\/joyana.fr\/wp-content\/uploads\/2015\/05\/BLOG_ICFF_2015_9-copie.jpg?ssl=1\"><img data-recalc-dims=\"1\" loading=\"lazy\" decoding=\"async\" class=\"alignnone size-full wp-image-20893\" src=\"https:\/\/i0.wp.com\/joyana.fr\/wp-content\/uploads\/2015\/05\/BLOG_ICFF_2015_9-copie.jpg?resize=1700%2C1700&#038;ssl=1\" alt=\"BLOG_ICFF_2015_9 copie\" width=\"1700\" height=\"1700\" \/><\/a><\/p>\n<h4 style=\"text-align: center;\"><em>Sculpture <a href=\"http:\/\/www.tjokeefe.com\/\" target=\"_blank\">TJOKEEFE<\/a><\/em><\/h4>\n<p><span style=\"color: #000000;\">.<\/span><\/p>\n<p><a href=\"https:\/\/i0.wp.com\/joyana.fr\/wp-content\/uploads\/2015\/05\/BLOG_ICFF_2015_10-copie.jpg?ssl=1\"><img data-recalc-dims=\"1\" loading=\"lazy\" decoding=\"async\" class=\"alignnone size-full wp-image-20894\" src=\"https:\/\/i0.wp.com\/joyana.fr\/wp-content\/uploads\/2015\/05\/BLOG_ICFF_2015_10-copie.jpg?resize=1700%2C1700&#038;ssl=1\" alt=\"BLOG_ICFF_2015_10 copie\" width=\"1700\" height=\"1700\" \/><\/a><\/p>\n<h4 style=\"text-align: center;\"><em>Ambiance <a href=\"https:\/\/www.vitra.com\/fr-fr\/living?c=FR&amp;u=\/\" target=\"_blank\">VITRA<\/a><\/em><\/h4>\n<p><span style=\"color: #000000;\">.<\/span><\/p>\n<p><a href=\"https:\/\/i0.wp.com\/joyana.fr\/wp-content\/uploads\/2015\/05\/BLOG_ICFF_2015_11-copie.jpg?ssl=1\"><img data-recalc-dims=\"1\" loading=\"lazy\" decoding=\"async\" class=\"alignnone size-full wp-image-20895\" src=\"https:\/\/i0.wp.com\/joyana.fr\/wp-content\/uploads\/2015\/05\/BLOG_ICFF_2015_11-copie.jpg?resize=1700%2C1700&#038;ssl=1\" alt=\"BLOG_ICFF_2015_11 copie\" width=\"1700\" height=\"1700\" \/><\/a><\/p>\n<p><a href=\"https:\/\/i0.wp.com\/joyana.fr\/wp-content\/uploads\/2015\/05\/BLOG_ICFF_2015_12-copie.jpg?ssl=1\"><img data-recalc-dims=\"1\" loading=\"lazy\" decoding=\"async\" class=\"alignnone size-full wp-image-20896\" src=\"https:\/\/i0.wp.com\/joyana.fr\/wp-content\/uploads\/2015\/05\/BLOG_ICFF_2015_12-copie.jpg?resize=1700%2C1700&#038;ssl=1\" alt=\"BLOG_ICFF_2015_12 copie\" width=\"1700\" height=\"1700\" \/><\/a><\/p>\n<h4 style=\"text-align: center;\"><em>Ambiances <a href=\"http:\/\/www.tomdixon.net\" target=\"_blank\">TOM DIXON<\/a><\/em><\/h4>\n<p><span style=\"color: #000000;\">.<\/span><\/p>\n<p><a href=\"https:\/\/i0.wp.com\/joyana.fr\/wp-content\/uploads\/2015\/05\/BLOG_ICFF_2015_14-copie.jpg?ssl=1\"><img data-recalc-dims=\"1\" loading=\"lazy\" decoding=\"async\" class=\"alignnone size-full wp-image-20897\" src=\"https:\/\/i0.wp.com\/joyana.fr\/wp-content\/uploads\/2015\/05\/BLOG_ICFF_2015_14-copie.jpg?resize=1700%2C1700&#038;ssl=1\" alt=\"BLOG_ICFF_2015_14 copie\" width=\"1700\" height=\"1700\" \/><\/a><\/p>\n<h4 style=\"text-align: center;\"><em>Banc <a href=\"http:\/\/hinterlandstudio.com\" target=\"_blank\">HINTERLAND<\/a><\/em><\/h4>\n<p><span style=\"color: #000000;\">.<\/span><\/p>\n<p><a href=\"https:\/\/i0.wp.com\/joyana.fr\/wp-content\/uploads\/2015\/05\/BLOG_ICFF_2015_15.jpg?ssl=1\"><img data-recalc-dims=\"1\" loading=\"lazy\" decoding=\"async\" class=\"alignnone size-full wp-image-20898\" src=\"https:\/\/i0.wp.com\/joyana.fr\/wp-content\/uploads\/2015\/05\/BLOG_ICFF_2015_15.jpg?resize=1700%2C1700&#038;ssl=1\" alt=\"BLOG_ICFF_2015_15\" width=\"1700\" height=\"1700\" \/><\/a><\/p>\n<h4 style=\"text-align: center;\"><em>LOVE WOOD par <a href=\"http:\/\/www.artisan.ba\" target=\"_blank\">Artisan Solid Wood Furniture<\/a>\u00a0<\/em><\/h4>\n<p><span style=\"color: #000000;\">.<\/span><\/p>\n<p><a href=\"https:\/\/i0.wp.com\/joyana.fr\/wp-content\/uploads\/2015\/05\/BLOG_ICFF_2015_19-copie.jpg?ssl=1\"><img data-recalc-dims=\"1\" loading=\"lazy\" decoding=\"async\" class=\"alignnone size-full wp-image-20899\" src=\"https:\/\/i0.wp.com\/joyana.fr\/wp-content\/uploads\/2015\/05\/BLOG_ICFF_2015_19-copie.jpg?resize=1700%2C1700&#038;ssl=1\" alt=\"BLOG_ICFF_2015_19 copie\" width=\"1700\" height=\"1700\" \/><\/a><\/p>\n<h4 style=\"text-align: center;\"><em>Tabourets <a href=\"http:\/\/www.artisan.ba\" target=\"_blank\">HINES FISHER BOOTH<\/a><\/em><\/h4>\n<p><span style=\"color: #000000;\">.<\/span><\/p>\n<p><a href=\"https:\/\/i0.wp.com\/joyana.fr\/wp-content\/uploads\/2015\/05\/BLOG_ICFF_2015_20-copie.jpg?ssl=1\"><img data-recalc-dims=\"1\" loading=\"lazy\" decoding=\"async\" class=\"alignnone size-full wp-image-20900\" src=\"https:\/\/i0.wp.com\/joyana.fr\/wp-content\/uploads\/2015\/05\/BLOG_ICFF_2015_20-copie.jpg?resize=1700%2C1700&#038;ssl=1\" alt=\"BLOG_ICFF_2015_20 copie\" width=\"1700\" height=\"1700\" \/><\/a><\/p>\n<h4 style=\"text-align: center;\"><em>Luminaires <a href=\"http:\/\/molodesign.com\/fr\/\" target=\"_blank\">MOLO DESIGN<\/a><\/em><\/h4>\n<p><span style=\"color: #000000;\">.<\/span><\/p>\n<p><a href=\"https:\/\/i0.wp.com\/joyana.fr\/wp-content\/uploads\/2015\/05\/BLOG_ICFF_2015_21-copie.jpg?ssl=1\"><img data-recalc-dims=\"1\" loading=\"lazy\" decoding=\"async\" class=\"alignnone size-full wp-image-20901\" src=\"https:\/\/i0.wp.com\/joyana.fr\/wp-content\/uploads\/2015\/05\/BLOG_ICFF_2015_21-copie.jpg?resize=1700%2C1700&#038;ssl=1\" alt=\"BLOG_ICFF_2015_21 copie\" width=\"1700\" height=\"1700\" \/><\/a><\/p>\n<h4 style=\"text-align: center;\"><em>Luminaires <a href=\"http:\/\/cliffyoungltd.com\" target=\"_blank\">CLIFF YOUNG<\/a><\/em><\/h4>\n<p><span style=\"color: #000000;\">.<\/span><\/p>\n<p><a href=\"https:\/\/i0.wp.com\/joyana.fr\/wp-content\/uploads\/2015\/05\/BLOG_ICFF_2015_22-copie.jpg?ssl=1\"><img data-recalc-dims=\"1\" loading=\"lazy\" decoding=\"async\" class=\"alignnone size-full wp-image-20902\" src=\"https:\/\/i0.wp.com\/joyana.fr\/wp-content\/uploads\/2015\/05\/BLOG_ICFF_2015_22-copie.jpg?resize=1700%2C1700&#038;ssl=1\" alt=\"BLOG_ICFF_2015_22 copie\" width=\"1700\" height=\"1700\" \/><\/a><\/p>\n<h4 style=\"text-align: center;\"><em>Sculpture 3D DESIGN <a href=\"http:\/\/www.uiowa.edu\" target=\"_blank\">UNIVERSITY OF LOWA<\/a><\/em><\/h4>\n<p><span style=\"color: #000000;\">.<\/span><\/p>\n<p><a href=\"https:\/\/i0.wp.com\/joyana.fr\/wp-content\/uploads\/2015\/05\/BLOG_ICFF_2015_23-copie.jpg?ssl=1\"><img data-recalc-dims=\"1\" loading=\"lazy\" decoding=\"async\" class=\"alignnone size-full wp-image-20903\" src=\"https:\/\/i0.wp.com\/joyana.fr\/wp-content\/uploads\/2015\/05\/BLOG_ICFF_2015_23-copie.jpg?resize=1700%2C1700&#038;ssl=1\" alt=\"BLOG_ICFF_2015_23 copie\" width=\"1700\" height=\"1700\" \/><\/a><\/p>\n<h4 style=\"text-align: center;\"><em>Carreaux bois <a href=\"http:\/\/www.wood-design.fr\" target=\"_blank\">WOOD<\/a>\u00a0<\/em><\/h4>\n<p><span style=\"color: #000000;\">.<\/span><\/p>\n<p><a href=\"https:\/\/i0.wp.com\/joyana.fr\/wp-content\/uploads\/2015\/05\/BLOG_ICFF_2015_24-copie.jpg?ssl=1\"><img data-recalc-dims=\"1\" loading=\"lazy\" decoding=\"async\" class=\"alignnone size-full wp-image-20904\" src=\"https:\/\/i0.wp.com\/joyana.fr\/wp-content\/uploads\/2015\/05\/BLOG_ICFF_2015_24-copie.jpg?resize=1700%2C1700&#038;ssl=1\" alt=\"BLOG_ICFF_2015_24 copie\" width=\"1700\" height=\"1700\" \/><\/a><\/p>\n<h4 style=\"text-align: center;\"><em>\u00a0HEDGE\u00a0<\/em><\/h4>\n<p><span style=\"color: #000000;\">.<\/span><\/p>\n<p><a href=\"https:\/\/i0.wp.com\/joyana.fr\/wp-content\/uploads\/2015\/05\/ICFF_2015-NEW-YORK.jpg?ssl=1\"><img data-recalc-dims=\"1\" loading=\"lazy\" decoding=\"async\" class=\"alignnone size-full wp-image-20908\" src=\"https:\/\/i0.wp.com\/joyana.fr\/wp-content\/uploads\/2015\/05\/ICFF_2015-NEW-YORK.jpg?resize=1700%2C1700&#038;ssl=1\" alt=\"ICFF_2015 NEW YORK\" width=\"1700\" height=\"1700\" \/><\/a><\/p>\n<p style=\"text-align: center;\">En savoir + sur l&#8217;<a href=\"http:\/\/www.icff.com\" target=\"_blank\">ICFF<\/a><\/p>\n<p style=\"text-align: center;\">\n","protected":false},"excerpt":{"rendered":"<p>L&#8217;ICFF 2015 a ferm\u00e9 ses portes il y a quelques heures \u00e0 New York. Ce salon &#8211; h\u00e9berg\u00e9 par le Jacob K. Javits Center &#8211; regroupe des grandes marques internationales de meubles et d&#8217;accessoires, avec aussi quelques petits \u00e9diteurs, toujours dans un univers tourn\u00e9 vers le luxe.<\/p>\n","protected":false},"author":3,"featured_media":120905,"comment_status":"open","ping_status":"open","sticky":false,"template":"","format":"aside","meta":{"_coblocks_attr":"","_coblocks_dimensions":"","_coblocks_responsive_height":"","_coblocks_accordion_ie_support":"","_uag_custom_page_level_css":"","advgb_blocks_editor_width":"","advgb_blocks_columns_visual_guide":"","_genesis_hide_title":false,"_genesis_hide_breadcrumbs":false,"_genesis_hide_singular_image":false,"_genesis_hide_footer_widgets":false,"_genesis_custom_body_class":"","_genesis_custom_post_class":"","_genesis_layout":"","_themeisle_gutenberg_block_has_review":false,"_jetpack_newsletter_access":"","_jetpack_dont_email_post_to_subs":false,"_jetpack_newsletter_tier_id":0,"_jetpack_memberships_contains_paywalled_content":false,"_jetpack_memberships_contains_paid_content":false,"footnotes":""},"categories":[1036,905,2052,1015],"tags":[2053,2054],"class_list":{"0":"post-120881","1":"post","2":"type-post","3":"status-publish","4":"format-aside","5":"has-post-thumbnail","7":"category-a-la-une","8":"category-deco-design","9":"category-icff","10":"category-salon","11":"tag-icff","12":"tag-icff-2015","13":"post_format-post-format-aside","14":"entry"},"featured_image_urls":{"full":["https:\/\/i0.wp.com\/joyana.fr\/wp-content\/uploads\/2015\/05\/ICFF15.jpg?fit=2000%2C2000&ssl=1",2000,2000,false],"thumbnail":["https:\/\/i0.wp.com\/joyana.fr\/wp-content\/uploads\/2015\/05\/ICFF15.jpg?resize=150%2C150&ssl=1",150,150,true],"medium":["https:\/\/i0.wp.com\/joyana.fr\/wp-content\/uploads\/2015\/05\/ICFF15.jpg?fit=389%2C389&ssl=1",389,389,true],"medium_large":["https:\/\/i0.wp.com\/joyana.fr\/wp-content\/uploads\/2015\/05\/ICFF15.jpg?fit=768%2C768&ssl=1",768,768,true],"large":["https:\/\/i0.wp.com\/joyana.fr\/wp-content\/uploads\/2015\/05\/ICFF15.jpg?fit=1024%2C1024&ssl=1",1024,1024,true],"1536x1536":["https:\/\/i0.wp.com\/joyana.fr\/wp-content\/uploads\/2015\/05\/ICFF15.jpg?fit=1536%2C1536&ssl=1",1536,1536,true],"2048x2048":["https:\/\/i0.wp.com\/joyana.fr\/wp-content\/uploads\/2015\/05\/ICFF15.jpg?fit=2000%2C2000&ssl=1",2000,2000,true],"featured-thumb":["https:\/\/i0.wp.com\/joyana.fr\/wp-content\/uploads\/2015\/05\/ICFF15.jpg?resize=1903%2C750&ssl=1",1903,750,true],"ab-block-post-grid-landscape":["https:\/\/i0.wp.com\/joyana.fr\/wp-content\/uploads\/2015\/05\/ICFF15.jpg?resize=600%2C400&ssl=1",600,400,true],"ab-block-post-grid-square":["https:\/\/i0.wp.com\/joyana.fr\/wp-content\/uploads\/2015\/05\/ICFF15.jpg?resize=600%2C600&ssl=1",600,600,true],"author-pro-image":["https:\/\/i0.wp.com\/joyana.fr\/wp-content\/uploads\/2015\/05\/ICFF15.jpg?resize=360%2C570&ssl=1",360,570,true],"slider":["https:\/\/i0.wp.com\/joyana.fr\/wp-content\/uploads\/2015\/05\/ICFF15.jpg?resize=920%2C400&ssl=1",920,400,true],"woocommerce_thumbnail":["https:\/\/i0.wp.com\/joyana.fr\/wp-content\/uploads\/2015\/05\/ICFF15.jpg?resize=450%2C450&ssl=1",450,450,true],"woocommerce_single":["https:\/\/i0.wp.com\/joyana.fr\/wp-content\/uploads\/2015\/05\/ICFF15.jpg?fit=920%2C920&ssl=1",920,920,true],"woocommerce_gallery_thumbnail":["https:\/\/i0.wp.com\/joyana.fr\/wp-content\/uploads\/2015\/05\/ICFF15.jpg?resize=180%2C180&ssl=1",180,180,true],"sow-carousel-default":["https:\/\/i0.wp.com\/joyana.fr\/wp-content\/uploads\/2015\/05\/ICFF15.jpg?resize=272%2C182&ssl=1",272,182,true]},"post_excerpt_stackable":"<p>L&#8217;ICFF 2015 a ferm\u00e9 ses portes il y a quelques heures \u00e0 New York. Ce salon &#8211; h\u00e9berg\u00e9 par le Jacob K. Javits Center &#8211; regroupe des grandes marques internationales de meubles et d&#8217;accessoires, avec aussi quelques petits \u00e9diteurs, toujours dans un univers tourn\u00e9 vers le luxe.<\/p>\n","category_list":"<a href=\"https:\/\/joyana.fr\/en\/category\/a-la-une\/\" rel=\"category tag\">A la une !!!<\/a>, <a href=\"https:\/\/joyana.fr\/en\/category\/deco-design\/\" rel=\"category tag\">DECO-DESIGN<\/a>, <a href=\"https:\/\/joyana.fr\/en\/category\/deco-design\/actualite\/salon\/icff\/\" rel=\"category tag\">ICFF<\/a>, <a href=\"https:\/\/joyana.fr\/en\/category\/deco-design\/actualite\/salon\/\" rel=\"category tag\">Salon &amp; Ev\u00e8nement<\/a>","author_info":{"display_name":"Jo Yana","author_link":"https:\/\/joyana.fr\/en\/author\/joyana\/"},"comments_num":"3 comments","featured_image_urls_v2":{"full":["https:\/\/i0.wp.com\/joyana.fr\/wp-content\/uploads\/2015\/05\/ICFF15.jpg?fit=2000%2C2000&ssl=1",2000,2000,false],"thumbnail":["https:\/\/i0.wp.com\/joyana.fr\/wp-content\/uploads\/2015\/05\/ICFF15.jpg?resize=150%2C150&ssl=1",150,150,true],"medium":["https:\/\/i0.wp.com\/joyana.fr\/wp-content\/uploads\/2015\/05\/ICFF15.jpg?fit=389%2C389&ssl=1",389,389,true],"medium_large":["https:\/\/i0.wp.com\/joyana.fr\/wp-content\/uploads\/2015\/05\/ICFF15.jpg?fit=768%2C768&ssl=1",768,768,true],"large":["https:\/\/i0.wp.com\/joyana.fr\/wp-content\/uploads\/2015\/05\/ICFF15.jpg?fit=1024%2C1024&ssl=1",1024,1024,true],"1536x1536":["https:\/\/i0.wp.com\/joyana.fr\/wp-content\/uploads\/2015\/05\/ICFF15.jpg?fit=1536%2C1536&ssl=1",1536,1536,true],"2048x2048":["https:\/\/i0.wp.com\/joyana.fr\/wp-content\/uploads\/2015\/05\/ICFF15.jpg?fit=2000%2C2000&ssl=1",2000,2000,true],"featured-thumb":["https:\/\/i0.wp.com\/joyana.fr\/wp-content\/uploads\/2015\/05\/ICFF15.jpg?resize=1903%2C750&ssl=1",1903,750,true],"ab-block-post-grid-landscape":["https:\/\/i0.wp.com\/joyana.fr\/wp-content\/uploads\/2015\/05\/ICFF15.jpg?resize=600%2C400&ssl=1",600,400,true],"ab-block-post-grid-square":["https:\/\/i0.wp.com\/joyana.fr\/wp-content\/uploads\/2015\/05\/ICFF15.jpg?resize=600%2C600&ssl=1",600,600,true],"author-pro-image":["https:\/\/i0.wp.com\/joyana.fr\/wp-content\/uploads\/2015\/05\/ICFF15.jpg?resize=360%2C570&ssl=1",360,570,true],"slider":["https:\/\/i0.wp.com\/joyana.fr\/wp-content\/uploads\/2015\/05\/ICFF15.jpg?resize=920%2C400&ssl=1",920,400,true],"woocommerce_thumbnail":["https:\/\/i0.wp.com\/joyana.fr\/wp-content\/uploads\/2015\/05\/ICFF15.jpg?resize=450%2C450&ssl=1",450,450,true],"woocommerce_single":["https:\/\/i0.wp.com\/joyana.fr\/wp-content\/uploads\/2015\/05\/ICFF15.jpg?fit=920%2C920&ssl=1",920,920,true],"woocommerce_gallery_thumbnail":["https:\/\/i0.wp.com\/joyana.fr\/wp-content\/uploads\/2015\/05\/ICFF15.jpg?resize=180%2C180&ssl=1",180,180,true],"sow-carousel-default":["https:\/\/i0.wp.com\/joyana.fr\/wp-content\/uploads\/2015\/05\/ICFF15.jpg?resize=272%2C182&ssl=1",272,182,true]},"post_excerpt_stackable_v2":"<p>L&#8217;ICFF 2015 a ferm\u00e9 ses portes il y a quelques heures \u00e0 New York. Ce salon &#8211; h\u00e9berg\u00e9 par le Jacob K. Javits Center &#8211; regroupe des grandes marques internationales de meubles et d&#8217;accessoires, avec aussi quelques petits \u00e9diteurs, toujours dans un univers tourn\u00e9 vers le luxe.<\/p>\n","category_list_v2":"<a href=\"https:\/\/joyana.fr\/en\/category\/a-la-une\/\" rel=\"category tag\">A la une !!!<\/a>, <a href=\"https:\/\/joyana.fr\/en\/category\/deco-design\/\" rel=\"category tag\">DECO-DESIGN<\/a>, <a href=\"https:\/\/joyana.fr\/en\/category\/deco-design\/actualite\/salon\/icff\/\" rel=\"category tag\">ICFF<\/a>, <a href=\"https:\/\/joyana.fr\/en\/category\/deco-design\/actualite\/salon\/\" rel=\"category tag\">Salon &amp; Ev\u00e8nement<\/a>","author_info_v2":{"name":"Jo Yana","url":"https:\/\/joyana.fr\/en\/author\/joyana\/"},"comments_num_v2":"3 comments","yoast_head":"<!-- This site is optimized with the Yoast SEO plugin v26.8 - https:\/\/yoast.com\/product\/yoast-seo-wordpress\/ -->\n<title>ICFF NEW YORK 2015 | DECO-DESIGN<\/title>\n<meta name=\"description\" content=\"L&#039;ICFF 2015 New York, un salon - h\u00e9berg\u00e9 par le Jacob K. Javits Center - qui regroupe des grandes marques internationales de meubles et d&#039;accessoires...\" \/>\n<meta name=\"robots\" content=\"index, follow, max-snippet:-1, max-image-preview:large, max-video-preview:-1\" \/>\n<link rel=\"canonical\" href=\"https:\/\/www.joyana.fr\/en\/icff-new-york-2015\/120881\/\" \/>\n<meta property=\"og:locale\" content=\"en_US\" \/>\n<meta property=\"og:locale:alternate\" content=\"fr_FR\" \/>\n<meta property=\"og:locale:alternate\" content=\"ja\" \/>\n<meta property=\"og:type\" content=\"article\" \/>\n<meta property=\"og:title\" content=\"ICFF NEW YORK 2015 | DECO-DESIGN\" \/>\n<meta property=\"og:description\" content=\"L&#039;ICFF 2015 New York, un salon - h\u00e9berg\u00e9 par le Jacob K. Javits Center - qui regroupe des grandes marques internationales de meubles et d&#039;accessoires...\" \/>\n<meta property=\"og:url\" content=\"https:\/\/joyana.fr\/en\/icff-new-york-2015\/120881\/\" \/>\n<meta property=\"og:site_name\" content=\"JO YANA\" \/>\n<meta property=\"article:published_time\" content=\"2015-05-20T18:19:32+00:00\" \/>\n<meta property=\"og:image\" content=\"https:\/\/www.joyana.fr\/wp-content\/uploads\/2015\/05\/ICFF15.jpg\" \/>\n\t<meta property=\"og:image:width\" content=\"2000\" \/>\n\t<meta property=\"og:image:height\" content=\"2000\" \/>\n\t<meta property=\"og:image:type\" content=\"image\/jpeg\" \/>\n<meta name=\"author\" content=\"Jo Yana\" \/>\n<meta name=\"twitter:card\" content=\"summary_large_image\" \/>\n<meta name=\"twitter:creator\" content=\"@Jo_Yana\" \/>\n<meta name=\"twitter:site\" content=\"@Jo_Yana\" \/>\n<meta name=\"twitter:label1\" content=\"Written by\" \/>\n\t<meta name=\"twitter:data1\" content=\"Jo Yana\" \/>\n\t<meta name=\"twitter:label2\" content=\"Est. reading time\" \/>\n\t<meta name=\"twitter:data2\" content=\"1 minute\" \/>\n<script type=\"application\/ld+json\" class=\"yoast-schema-graph\">{\"@context\":\"https:\/\/schema.org\",\"@graph\":[{\"@type\":\"Article\",\"@id\":\"https:\/\/www.joyana.fr\/en\/icff-new-york-2015\/120881\/#article\",\"isPartOf\":{\"@id\":\"https:\/\/www.joyana.fr\/en\/icff-new-york-2015\/120881\/\"},\"author\":{\"name\":\"Jo Yana\",\"@id\":\"https:\/\/joyana.fr\/#\/schema\/person\/cf2a1ad12a27c12c21801075bf37407c\"},\"headline\":\"ICFF NEW YORK 2015\",\"datePublished\":\"2015-05-20T18:19:32+00:00\",\"mainEntityOfPage\":{\"@id\":\"https:\/\/www.joyana.fr\/en\/icff-new-york-2015\/120881\/\"},\"wordCount\":141,\"commentCount\":1,\"publisher\":{\"@id\":\"https:\/\/joyana.fr\/#\/schema\/person\/cf2a1ad12a27c12c21801075bf37407c\"},\"image\":{\"@id\":\"https:\/\/www.joyana.fr\/en\/icff-new-york-2015\/120881\/#primaryimage\"},\"thumbnailUrl\":\"https:\/\/i0.wp.com\/joyana.fr\/wp-content\/uploads\/2015\/05\/ICFF15.jpg?fit=2000%2C2000&ssl=1\",\"keywords\":[\"ICFF\",\"ICFF 2015\"],\"articleSection\":[\"A la une !!!\",\"DECO-DESIGN\",\"ICFF\",\"Salon &amp; Ev\u00e8nement\"],\"inLanguage\":\"en-US\",\"potentialAction\":[{\"@type\":\"CommentAction\",\"name\":\"Comment\",\"target\":[\"https:\/\/www.joyana.fr\/en\/icff-new-york-2015\/120881\/#respond\"]}]},{\"@type\":\"WebPage\",\"@id\":\"https:\/\/www.joyana.fr\/en\/icff-new-york-2015\/120881\/\",\"url\":\"https:\/\/www.joyana.fr\/en\/icff-new-york-2015\/120881\/\",\"name\":\"ICFF NEW YORK 2015 | DECO-DESIGN\",\"isPartOf\":{\"@id\":\"https:\/\/joyana.fr\/#website\"},\"primaryImageOfPage\":{\"@id\":\"https:\/\/www.joyana.fr\/en\/icff-new-york-2015\/120881\/#primaryimage\"},\"image\":{\"@id\":\"https:\/\/www.joyana.fr\/en\/icff-new-york-2015\/120881\/#primaryimage\"},\"thumbnailUrl\":\"https:\/\/i0.wp.com\/joyana.fr\/wp-content\/uploads\/2015\/05\/ICFF15.jpg?fit=2000%2C2000&ssl=1\",\"datePublished\":\"2015-05-20T18:19:32+00:00\",\"description\":\"L'ICFF 2015 New York, un salon - h\u00e9berg\u00e9 par le Jacob K. Javits Center - qui regroupe des grandes marques internationales de meubles et d'accessoires...\",\"breadcrumb\":{\"@id\":\"https:\/\/www.joyana.fr\/en\/icff-new-york-2015\/120881\/#breadcrumb\"},\"inLanguage\":\"en-US\",\"potentialAction\":[{\"@type\":\"ReadAction\",\"target\":[\"https:\/\/www.joyana.fr\/en\/icff-new-york-2015\/120881\/\"]}]},{\"@type\":\"ImageObject\",\"inLanguage\":\"en-US\",\"@id\":\"https:\/\/www.joyana.fr\/en\/icff-new-york-2015\/120881\/#primaryimage\",\"url\":\"https:\/\/i0.wp.com\/joyana.fr\/wp-content\/uploads\/2015\/05\/ICFF15.jpg?fit=2000%2C2000&ssl=1\",\"contentUrl\":\"https:\/\/i0.wp.com\/joyana.fr\/wp-content\/uploads\/2015\/05\/ICFF15.jpg?fit=2000%2C2000&ssl=1\",\"width\":2000,\"height\":2000},{\"@type\":\"BreadcrumbList\",\"@id\":\"https:\/\/www.joyana.fr\/en\/icff-new-york-2015\/120881\/#breadcrumb\",\"itemListElement\":[{\"@type\":\"ListItem\",\"position\":1,\"name\":\"Accueil\",\"item\":\"https:\/\/joyana.fr\/\"},{\"@type\":\"ListItem\",\"position\":2,\"name\":\"ICFF NEW YORK 2015\"}]},{\"@type\":\"WebSite\",\"@id\":\"https:\/\/joyana.fr\/#website\",\"url\":\"https:\/\/joyana.fr\/\",\"name\":\"JO YANA\",\"description\":\"Blog Mode Homme, Lifestyle, D\u00e9co-Design\",\"publisher\":{\"@id\":\"https:\/\/joyana.fr\/#\/schema\/person\/cf2a1ad12a27c12c21801075bf37407c\"},\"potentialAction\":[{\"@type\":\"SearchAction\",\"target\":{\"@type\":\"EntryPoint\",\"urlTemplate\":\"https:\/\/joyana.fr\/?s={search_term_string}\"},\"query-input\":{\"@type\":\"PropertyValueSpecification\",\"valueRequired\":true,\"valueName\":\"search_term_string\"}}],\"inLanguage\":\"en-US\"},{\"@type\":[\"Person\",\"Organization\"],\"@id\":\"https:\/\/joyana.fr\/#\/schema\/person\/cf2a1ad12a27c12c21801075bf37407c\",\"name\":\"Jo Yana\",\"image\":{\"@type\":\"ImageObject\",\"inLanguage\":\"en-US\",\"@id\":\"https:\/\/joyana.fr\/#\/schema\/person\/image\/\",\"url\":\"https:\/\/i0.wp.com\/joyana.fr\/wp-content\/uploads\/2016\/08\/cropped-joyana-logo-black-360x180.png?fit=343%2C164&ssl=1\",\"contentUrl\":\"https:\/\/i0.wp.com\/joyana.fr\/wp-content\/uploads\/2016\/08\/cropped-joyana-logo-black-360x180.png?fit=343%2C164&ssl=1\",\"width\":343,\"height\":164,\"caption\":\"Jo Yana\"},\"logo\":{\"@id\":\"https:\/\/joyana.fr\/#\/schema\/person\/image\/\"},\"description\":\"Jo Yana est le cr\u00e9ateur et r\u00e9dacteur en chef des sites DECO-DESIGN. Passionn\u00e9 de Design, Mode, Photo, Luxe, Lifestyle, Musique, mais avant tout Blogueur ! Le plaisir de partager l'anime et a comme devise \\\"POUR L'AMOUR DU BEAU\\\". Retrouvez le aussi sur son blog personnel - https:\/\/joyana.fr...\",\"sameAs\":[\"https:\/\/joyana.fr\/\"],\"url\":\"https:\/\/joyana.fr\/en\/author\/joyana\/\"}]}<\/script>\n<!-- \/ Yoast SEO plugin. -->","yoast_head_json":{"title":"ICFF NEW YORK 2015 | DECO-DESIGN","description":"L'ICFF 2015 New York, un salon - h\u00e9berg\u00e9 par le Jacob K. Javits Center - qui regroupe des grandes marques internationales de meubles et d'accessoires...","robots":{"index":"index","follow":"follow","max-snippet":"max-snippet:-1","max-image-preview":"max-image-preview:large","max-video-preview":"max-video-preview:-1"},"canonical":"https:\/\/www.joyana.fr\/en\/icff-new-york-2015\/120881\/","og_locale":"en_US","og_type":"article","og_title":"ICFF NEW YORK 2015 | DECO-DESIGN","og_description":"L'ICFF 2015 New York, un salon - h\u00e9berg\u00e9 par le Jacob K. Javits Center - qui regroupe des grandes marques internationales de meubles et d'accessoires...","og_url":"https:\/\/joyana.fr\/en\/icff-new-york-2015\/120881\/","og_site_name":"JO YANA","article_published_time":"2015-05-20T18:19:32+00:00","og_image":[{"width":2000,"height":2000,"url":"https:\/\/www.joyana.fr\/wp-content\/uploads\/2015\/05\/ICFF15.jpg","type":"image\/jpeg"}],"author":"Jo Yana","twitter_card":"summary_large_image","twitter_creator":"@Jo_Yana","twitter_site":"@Jo_Yana","twitter_misc":{"Written by":"Jo Yana","Est. reading time":"1 minute"},"schema":{"@context":"https:\/\/schema.org","@graph":[{"@type":"Article","@id":"https:\/\/www.joyana.fr\/en\/icff-new-york-2015\/120881\/#article","isPartOf":{"@id":"https:\/\/www.joyana.fr\/en\/icff-new-york-2015\/120881\/"},"author":{"name":"Jo Yana","@id":"https:\/\/joyana.fr\/#\/schema\/person\/cf2a1ad12a27c12c21801075bf37407c"},"headline":"ICFF NEW YORK 2015","datePublished":"2015-05-20T18:19:32+00:00","mainEntityOfPage":{"@id":"https:\/\/www.joyana.fr\/en\/icff-new-york-2015\/120881\/"},"wordCount":141,"commentCount":1,"publisher":{"@id":"https:\/\/joyana.fr\/#\/schema\/person\/cf2a1ad12a27c12c21801075bf37407c"},"image":{"@id":"https:\/\/www.joyana.fr\/en\/icff-new-york-2015\/120881\/#primaryimage"},"thumbnailUrl":"https:\/\/i0.wp.com\/joyana.fr\/wp-content\/uploads\/2015\/05\/ICFF15.jpg?fit=2000%2C2000&ssl=1","keywords":["ICFF","ICFF 2015"],"articleSection":["A la une !!!","DECO-DESIGN","ICFF","Salon &amp; Ev\u00e8nement"],"inLanguage":"en-US","potentialAction":[{"@type":"CommentAction","name":"Comment","target":["https:\/\/www.joyana.fr\/en\/icff-new-york-2015\/120881\/#respond"]}]},{"@type":"WebPage","@id":"https:\/\/www.joyana.fr\/en\/icff-new-york-2015\/120881\/","url":"https:\/\/www.joyana.fr\/en\/icff-new-york-2015\/120881\/","name":"ICFF NEW YORK 2015 | DECO-DESIGN","isPartOf":{"@id":"https:\/\/joyana.fr\/#website"},"primaryImageOfPage":{"@id":"https:\/\/www.joyana.fr\/en\/icff-new-york-2015\/120881\/#primaryimage"},"image":{"@id":"https:\/\/www.joyana.fr\/en\/icff-new-york-2015\/120881\/#primaryimage"},"thumbnailUrl":"https:\/\/i0.wp.com\/joyana.fr\/wp-content\/uploads\/2015\/05\/ICFF15.jpg?fit=2000%2C2000&ssl=1","datePublished":"2015-05-20T18:19:32+00:00","description":"L'ICFF 2015 New York, un salon - h\u00e9berg\u00e9 par le Jacob K. Javits Center - qui regroupe des grandes marques internationales de meubles et d'accessoires...","breadcrumb":{"@id":"https:\/\/www.joyana.fr\/en\/icff-new-york-2015\/120881\/#breadcrumb"},"inLanguage":"en-US","potentialAction":[{"@type":"ReadAction","target":["https:\/\/www.joyana.fr\/en\/icff-new-york-2015\/120881\/"]}]},{"@type":"ImageObject","inLanguage":"en-US","@id":"https:\/\/www.joyana.fr\/en\/icff-new-york-2015\/120881\/#primaryimage","url":"https:\/\/i0.wp.com\/joyana.fr\/wp-content\/uploads\/2015\/05\/ICFF15.jpg?fit=2000%2C2000&ssl=1","contentUrl":"https:\/\/i0.wp.com\/joyana.fr\/wp-content\/uploads\/2015\/05\/ICFF15.jpg?fit=2000%2C2000&ssl=1","width":2000,"height":2000},{"@type":"BreadcrumbList","@id":"https:\/\/www.joyana.fr\/en\/icff-new-york-2015\/120881\/#breadcrumb","itemListElement":[{"@type":"ListItem","position":1,"name":"Accueil","item":"https:\/\/joyana.fr\/"},{"@type":"ListItem","position":2,"name":"ICFF NEW YORK 2015"}]},{"@type":"WebSite","@id":"https:\/\/joyana.fr\/#website","url":"https:\/\/joyana.fr\/","name":"JO YANA","description":"Blog Mode Homme, Lifestyle, D\u00e9co-Design","publisher":{"@id":"https:\/\/joyana.fr\/#\/schema\/person\/cf2a1ad12a27c12c21801075bf37407c"},"potentialAction":[{"@type":"SearchAction","target":{"@type":"EntryPoint","urlTemplate":"https:\/\/joyana.fr\/?s={search_term_string}"},"query-input":{"@type":"PropertyValueSpecification","valueRequired":true,"valueName":"search_term_string"}}],"inLanguage":"en-US"},{"@type":["Person","Organization"],"@id":"https:\/\/joyana.fr\/#\/schema\/person\/cf2a1ad12a27c12c21801075bf37407c","name":"Jo Yana","image":{"@type":"ImageObject","inLanguage":"en-US","@id":"https:\/\/joyana.fr\/#\/schema\/person\/image\/","url":"https:\/\/i0.wp.com\/joyana.fr\/wp-content\/uploads\/2016\/08\/cropped-joyana-logo-black-360x180.png?fit=343%2C164&ssl=1","contentUrl":"https:\/\/i0.wp.com\/joyana.fr\/wp-content\/uploads\/2016\/08\/cropped-joyana-logo-black-360x180.png?fit=343%2C164&ssl=1","width":343,"height":164,"caption":"Jo Yana"},"logo":{"@id":"https:\/\/joyana.fr\/#\/schema\/person\/image\/"},"description":"Jo Yana est le cr\u00e9ateur et r\u00e9dacteur en chef des sites DECO-DESIGN. Passionn\u00e9 de Design, Mode, Photo, Luxe, Lifestyle, Musique, mais avant tout Blogueur ! Le plaisir de partager l'anime et a comme devise \"POUR L'AMOUR DU BEAU\". Retrouvez le aussi sur son blog personnel - https:\/\/joyana.fr...","sameAs":["https:\/\/joyana.fr\/"],"url":"https:\/\/joyana.fr\/en\/author\/joyana\/"}]}},"author_meta":{"display_name":"Jo Yana","author_link":"https:\/\/joyana.fr\/en\/author\/joyana\/"},"featured_img":"https:\/\/i0.wp.com\/joyana.fr\/wp-content\/uploads\/2015\/05\/ICFF15.jpg?fit=389%2C389&ssl=1","featured_image_src":"https:\/\/i0.wp.com\/joyana.fr\/wp-content\/uploads\/2015\/05\/ICFF15.jpg?resize=600%2C400&ssl=1","featured_image_src_square":"https:\/\/i0.wp.com\/joyana.fr\/wp-content\/uploads\/2015\/05\/ICFF15.jpg?resize=600%2C600&ssl=1","jetpack_featured_media_url":"https:\/\/i0.wp.com\/joyana.fr\/wp-content\/uploads\/2015\/05\/ICFF15.jpg?fit=2000%2C2000&ssl=1","uagb_featured_image_src":{"full":["https:\/\/i0.wp.com\/joyana.fr\/wp-content\/uploads\/2015\/05\/ICFF15.jpg?fit=2000%2C2000&ssl=1",2000,2000,false],"thumbnail":["https:\/\/i0.wp.com\/joyana.fr\/wp-content\/uploads\/2015\/05\/ICFF15.jpg?resize=150%2C150&ssl=1",150,150,true],"medium":["https:\/\/i0.wp.com\/joyana.fr\/wp-content\/uploads\/2015\/05\/ICFF15.jpg?fit=389%2C389&ssl=1",389,389,true],"medium_large":["https:\/\/i0.wp.com\/joyana.fr\/wp-content\/uploads\/2015\/05\/ICFF15.jpg?fit=768%2C768&ssl=1",768,768,true],"large":["https:\/\/i0.wp.com\/joyana.fr\/wp-content\/uploads\/2015\/05\/ICFF15.jpg?fit=1024%2C1024&ssl=1",1024,1024,true],"1536x1536":["https:\/\/i0.wp.com\/joyana.fr\/wp-content\/uploads\/2015\/05\/ICFF15.jpg?fit=1536%2C1536&ssl=1",1536,1536,true],"2048x2048":["https:\/\/i0.wp.com\/joyana.fr\/wp-content\/uploads\/2015\/05\/ICFF15.jpg?fit=2000%2C2000&ssl=1",2000,2000,true],"featured-thumb":["https:\/\/i0.wp.com\/joyana.fr\/wp-content\/uploads\/2015\/05\/ICFF15.jpg?resize=1903%2C750&ssl=1",1903,750,true],"ab-block-post-grid-landscape":["https:\/\/i0.wp.com\/joyana.fr\/wp-content\/uploads\/2015\/05\/ICFF15.jpg?resize=600%2C400&ssl=1",600,400,true],"ab-block-post-grid-square":["https:\/\/i0.wp.com\/joyana.fr\/wp-content\/uploads\/2015\/05\/ICFF15.jpg?resize=600%2C600&ssl=1",600,600,true],"author-pro-image":["https:\/\/i0.wp.com\/joyana.fr\/wp-content\/uploads\/2015\/05\/ICFF15.jpg?resize=360%2C570&ssl=1",360,570,true],"slider":["https:\/\/i0.wp.com\/joyana.fr\/wp-content\/uploads\/2015\/05\/ICFF15.jpg?resize=920%2C400&ssl=1",920,400,true],"woocommerce_thumbnail":["https:\/\/i0.wp.com\/joyana.fr\/wp-content\/uploads\/2015\/05\/ICFF15.jpg?resize=450%2C450&ssl=1",450,450,true],"woocommerce_single":["https:\/\/i0.wp.com\/joyana.fr\/wp-content\/uploads\/2015\/05\/ICFF15.jpg?fit=920%2C920&ssl=1",920,920,true],"woocommerce_gallery_thumbnail":["https:\/\/i0.wp.com\/joyana.fr\/wp-content\/uploads\/2015\/05\/ICFF15.jpg?resize=180%2C180&ssl=1",180,180,true],"sow-carousel-default":["https:\/\/i0.wp.com\/joyana.fr\/wp-content\/uploads\/2015\/05\/ICFF15.jpg?resize=272%2C182&ssl=1",272,182,true]},"uagb_author_info":{"display_name":"Jo Yana","author_link":"https:\/\/joyana.fr\/en\/author\/joyana\/"},"uagb_comment_info":5,"uagb_excerpt":"L'ICFF 2015 a ferm\u00e9 ses portes il y a quelques heures \u00e0 New York. Ce salon - h\u00e9berg\u00e9 par le Jacob K. Javits Center - regroupe des grandes marques internationales de meubles et d'accessoires, avec aussi quelques petits \u00e9diteurs, toujours dans un univers tourn\u00e9 vers le luxe.","coauthors":[],"tax_additional":{"categories":{"linked":["<a href=\"https:\/\/joyana.fr\/en\/category\/a-la-une\/\" class=\"advgb-post-tax-term\">A la une !!!<\/a>","<a href=\"https:\/\/joyana.fr\/en\/category\/deco-design\/\" class=\"advgb-post-tax-term\">DECO-DESIGN<\/a>","<a href=\"https:\/\/joyana.fr\/en\/category\/deco-design\/actualite\/salon\/icff\/\" class=\"advgb-post-tax-term\">ICFF<\/a>","<a href=\"https:\/\/joyana.fr\/en\/category\/deco-design\/actualite\/salon\/\" class=\"advgb-post-tax-term\">Salon &amp; Ev\u00e8nement<\/a>"],"unlinked":["<span class=\"advgb-post-tax-term\">A la une !!!<\/span>","<span class=\"advgb-post-tax-term\">DECO-DESIGN<\/span>","<span class=\"advgb-post-tax-term\">ICFF<\/span>","<span class=\"advgb-post-tax-term\">Salon &amp; Ev\u00e8nement<\/span>"]},"tags":{"linked":["<a href=\"https:\/\/joyana.fr\/en\/category\/deco-design\/actualite\/salon\/\" class=\"advgb-post-tax-term\">ICFF<\/a>","<a href=\"https:\/\/joyana.fr\/en\/category\/deco-design\/actualite\/salon\/\" class=\"advgb-post-tax-term\">ICFF 2015<\/a>"],"unlinked":["<span class=\"advgb-post-tax-term\">ICFF<\/span>","<span class=\"advgb-post-tax-term\">ICFF 2015<\/span>"]}},"comment_count":3,"relative_dates":{"created":"Posted 11 years ago","modified":"Updated 11 years ago"},"absolute_dates":{"created":"Posted on 20 May 2015","modified":"Updated on 20 May 2015"},"absolute_dates_time":{"created":"Posted on 20 May 2015 19:19","modified":"Updated on 20 May 2015 19:19"},"featured_img_caption":"","series_order":"","jetpack_sharing_enabled":true,"jetpack_shortlink":"https:\/\/wp.me\/p9bteI-vrH","jetpack-related-posts":[],"_links":{"self":[{"href":"https:\/\/joyana.fr\/en\/wp-json\/wp\/v2\/posts\/120881","targetHints":{"allow":["GET"]}}],"collection":[{"href":"https:\/\/joyana.fr\/en\/wp-json\/wp\/v2\/posts"}],"about":[{"href":"https:\/\/joyana.fr\/en\/wp-json\/wp\/v2\/types\/post"}],"author":[{"embeddable":true,"href":"https:\/\/joyana.fr\/en\/wp-json\/wp\/v2\/users\/3"}],"replies":[{"embeddable":true,"href":"https:\/\/joyana.fr\/en\/wp-json\/wp\/v2\/comments?post=120881"}],"version-history":[{"count":0,"href":"https:\/\/joyana.fr\/en\/wp-json\/wp\/v2\/posts\/120881\/revisions"}],"wp:featuredmedia":[{"embeddable":true,"href":"https:\/\/joyana.fr\/en\/wp-json\/wp\/v2\/media\/120905"}],"wp:attachment":[{"href":"https:\/\/joyana.fr\/en\/wp-json\/wp\/v2\/media?parent=120881"}],"wp:term":[{"taxonomy":"category","embeddable":true,"href":"https:\/\/joyana.fr\/en\/wp-json\/wp\/v2\/categories?post=120881"},{"taxonomy":"post_tag","embeddable":true,"href":"https:\/\/joyana.fr\/en\/wp-json\/wp\/v2\/tags?post=120881"}],"curies":[{"name":"wp","href":"https:\/\/api.w.org\/{rel}","templated":true}]}}