{"id":1287,"date":"2010-02-09T12:15:57","date_gmt":"2010-02-09T10:15:57","guid":{"rendered":"https:\/\/joyana.fr\/?p=1287"},"modified":"2010-02-09T12:15:57","modified_gmt":"2010-02-09T10:15:57","slug":"maison-paco-rabanne-x-olivier-de-serres","status":"publish","type":"post","link":"https:\/\/joyana.fr\/en\/maison-paco-rabanne-x-olivier-de-serres\/1287\/","title":{"rendered":"Maison Paco RABANNE x Olivier De Serres"},"content":{"rendered":"<p><img data-recalc-dims=\"1\" fetchpriority=\"high\" decoding=\"async\" class=\"alignnone size-full wp-image-1288\" title=\"PACO_RABANNE_DESIGNER\" src=\"https:\/\/i0.wp.com\/joyana.fr\/wp-content\/uploads\/2010\/02\/PACO_RABANNE_DESIGNER.jpg?resize=500%2C335&#038;ssl=1\" alt=\"PACO_RABANNE_DESIGNER\" width=\"500\" height=\"335\" \/><\/p>\n<p>Paris un Samedi, c&#8217;\u00e9tait aussi pour moi l&#8217;occasion de passer voir l&#8217;exposition <span style=\"color: #ffff00;\"><strong>&#8220;<\/strong><strong>Paco Rabanne&#8221;<\/strong><\/span>, \u00e9labor\u00e9e par la promotion 2010 de <span style=\"color: #ffff00;\"><strong>l\u2019\u00e9cole parisienne d\u2019Art et Design, Olivier de Serres<\/strong><\/span>&#8230;<\/p>\n<p><span style=\"color: #ffff00;\"><strong><!--more--><\/strong><\/span><\/p>\n<p><img data-recalc-dims=\"1\" decoding=\"async\" class=\"alignnone size-full wp-image-1290\" title=\"PACO_RABANNE_DESIGNER_2 copie\" src=\"https:\/\/i0.wp.com\/joyana.fr\/wp-content\/uploads\/2010\/02\/PACO_RABANNE_DESIGNER_2-copie.jpg?resize=500%2C747&#038;ssl=1\" alt=\"PACO_RABANNE_DESIGNER_2 copie\" width=\"500\" height=\"747\" \/><\/p>\n<p>En effet cette soixantaine d\u2019\u00e9tudiants sp\u00e9cialis\u00e9s en design, communication audiovisuelle ou architecture d\u2019int\u00e9rieur ont m\u00e9lang\u00e9 les genres et travaill\u00e9 ensemble par petits groupes \u00e0 la conception d\u2019une exposition virtuelle itin\u00e9rante (donc facile \u00e0 installer, d\u00e9monter et transporter) pr\u00e9sentant l\u2019univers \u00e9clectique de <strong>Paco Rabanne<\/strong>, et r\u00e9pondant explicitement aux questions de sc\u00e9nographie, architecture, signal\u00e9tique et affichage, supports de pr\u00e9sentation, etc\u2026<\/p>\n<p>A l\u2019arriv\u00e9e, des projets tr\u00e8s int\u00e9ressants et inventifs qui m&#8217;ont beaucoup plu, et dont je me suis amus\u00e9 \u00e0 prendre en photo, avec une tr\u00e8s grande ouverture pour renforcer l&#8217;effet maquette.<\/p>\n<p>Voici les diff\u00e9rentes maquettes que j&#8217;ai trouv\u00e9 int\u00e9ressantes et incroyablement vari\u00e9es orient\u00e9es chacune sur des domaines aussi diff\u00e9rents que les sensations, la lumi\u00e8re, l\u2019architecture d\u2019un lieu ou la structure :<\/p>\n<p><img data-recalc-dims=\"1\" decoding=\"async\" class=\"alignnone size-full wp-image-1291\" title=\"PACO_RABANNE_DESIGNER_3\" src=\"https:\/\/i0.wp.com\/joyana.fr\/wp-content\/uploads\/2010\/02\/PACO_RABANNE_DESIGNER_3.jpg?resize=500%2C335&#038;ssl=1\" alt=\"PACO_RABANNE_DESIGNER_3\" width=\"500\" height=\"335\" \/><\/p>\n<p><img data-recalc-dims=\"1\" loading=\"lazy\" decoding=\"async\" class=\"alignnone size-full wp-image-1292\" title=\"PACO_RABANNE_DESIGNER_4\" src=\"https:\/\/i0.wp.com\/joyana.fr\/wp-content\/uploads\/2010\/02\/PACO_RABANNE_DESIGNER_4.jpg?resize=500%2C335&#038;ssl=1\" alt=\"PACO_RABANNE_DESIGNER_4\" width=\"500\" height=\"335\" \/><\/p>\n<p><img data-recalc-dims=\"1\" loading=\"lazy\" decoding=\"async\" class=\"alignnone size-full wp-image-1293\" title=\"PACO_RABANNE_DESIGNER_5\" src=\"https:\/\/i0.wp.com\/joyana.fr\/wp-content\/uploads\/2010\/02\/PACO_RABANNE_DESIGNER_5.jpg?resize=500%2C335&#038;ssl=1\" alt=\"PACO_RABANNE_DESIGNER_5\" width=\"500\" height=\"335\" \/><\/p>\n<p><img data-recalc-dims=\"1\" loading=\"lazy\" decoding=\"async\" class=\"alignnone size-full wp-image-1294\" title=\"PACO_RABANNE_DESIGNER_6\" src=\"https:\/\/i0.wp.com\/joyana.fr\/wp-content\/uploads\/2010\/02\/PACO_RABANNE_DESIGNER_6.jpg?resize=500%2C313&#038;ssl=1\" alt=\"PACO_RABANNE_DESIGNER_6\" width=\"500\" height=\"313\" \/><\/p>\n<p><img data-recalc-dims=\"1\" loading=\"lazy\" decoding=\"async\" class=\"alignnone size-full wp-image-1295\" title=\"PACO_RABANNE_DESIGNER_8\" src=\"https:\/\/i0.wp.com\/joyana.fr\/wp-content\/uploads\/2010\/02\/PACO_RABANNE_DESIGNER_8.jpg?resize=500%2C335&#038;ssl=1\" alt=\"PACO_RABANNE_DESIGNER_8\" width=\"500\" height=\"335\" \/><\/p>\n<p>Alors vous le trouvez r\u00e9ussi mon effet <a title=\"TILT SHIFT\" href=\"https:\/\/joyana.fr\/tilt-shift-sur-marseille\/948\/\">Tilt Shift<\/a> ??? \ud83d\ude42<\/p>\n<p><img data-recalc-dims=\"1\" loading=\"lazy\" decoding=\"async\" class=\"alignnone size-full wp-image-1296\" title=\"PACO_RABANNE_DESIGNER_7\" src=\"https:\/\/i0.wp.com\/joyana.fr\/wp-content\/uploads\/2010\/02\/PACO_RABANNE_DESIGNER_7.jpg?resize=500%2C790&#038;ssl=1\" alt=\"PACO_RABANNE_DESIGNER_7\" width=\"500\" height=\"790\" \/><\/p>\n<p><em><strong>Olivier de Serres<br \/>\nSchool of Art and Design<\/strong><br \/>\n63 rue Olivier de Serres<br \/>\n75015 Paris<br \/>\n01 53 68 16 90<\/em><br \/>\n<a href=\"http:\/\/www.ensaama.net\/\">http:\/\/www.ensaama.net\/<\/a><\/p>\n<p><strong><a title=\"PACO RABANNE\" href=\"http:\/\/www.pacorabanne.com\/\">http:\/\/www.pacorabanne.com\/<\/a><\/strong><\/p>\n","protected":false},"excerpt":{"rendered":"<p>Paris un Samedi, c&#8217;\u00e9tait aussi pour moi l&#8217;occasion de passer voir l&#8217;exposition &#8220;Paco Rabanne&#8221;, \u00e9labor\u00e9e par la promotion 2010 de l\u2019\u00e9cole parisienne d\u2019Art et Design, Olivier de Serres&#8230;<\/p>\n","protected":false},"author":3,"featured_media":124300,"comment_status":"open","ping_status":"open","sticky":false,"template":"","format":"standard","meta":{"_coblocks_attr":"","_coblocks_dimensions":"","_coblocks_responsive_height":"","_coblocks_accordion_ie_support":"","_uag_custom_page_level_css":"","advgb_blocks_editor_width":"","advgb_blocks_columns_visual_guide":"","_genesis_hide_title":false,"_genesis_hide_breadcrumbs":false,"_genesis_hide_singular_image":false,"_genesis_hide_footer_widgets":false,"_genesis_custom_body_class":"","_genesis_custom_post_class":"","_genesis_layout":"","_themeisle_gutenberg_block_has_review":false,"_jetpack_newsletter_access":"","_jetpack_dont_email_post_to_subs":false,"_jetpack_newsletter_tier_id":0,"_jetpack_memberships_contains_paywalled_content":false,"_jetpack_memberships_contains_paid_content":false,"footnotes":""},"categories":[905,3,16],"tags":[12],"class_list":{"0":"post-1287","1":"post","2":"type-post","3":"status-publish","4":"format-standard","5":"has-post-thumbnail","7":"category-deco-design","8":"category-design-jo","9":"category-mode-homme","10":"tag-paris","11":"entry"},"featured_image_urls":{"full":["https:\/\/i0.wp.com\/joyana.fr\/wp-content\/uploads\/2016\/08\/joyana-logo-black-360x180.png?fit=360%2C180&ssl=1",360,180,false],"thumbnail":["https:\/\/i0.wp.com\/joyana.fr\/wp-content\/uploads\/2016\/08\/joyana-logo-black-360x180.png?resize=150%2C150&ssl=1",150,150,true],"medium":["https:\/\/i0.wp.com\/joyana.fr\/wp-content\/uploads\/2016\/08\/joyana-logo-black-360x180.png?fit=360%2C180&ssl=1",360,180,true],"medium_large":["https:\/\/i0.wp.com\/joyana.fr\/wp-content\/uploads\/2016\/08\/joyana-logo-black-360x180.png?fit=360%2C180&ssl=1",360,180,true],"large":["https:\/\/i0.wp.com\/joyana.fr\/wp-content\/uploads\/2016\/08\/joyana-logo-black-360x180.png?fit=360%2C180&ssl=1",360,180,true],"1536x1536":["https:\/\/i0.wp.com\/joyana.fr\/wp-content\/uploads\/2016\/08\/joyana-logo-black-360x180.png?fit=360%2C180&ssl=1",360,180,true],"2048x2048":["https:\/\/i0.wp.com\/joyana.fr\/wp-content\/uploads\/2016\/08\/joyana-logo-black-360x180.png?fit=360%2C180&ssl=1",360,180,true],"featured-thumb":["https:\/\/i0.wp.com\/joyana.fr\/wp-content\/uploads\/2016\/08\/joyana-logo-black-360x180.png?resize=360%2C180&ssl=1",360,180,true],"ab-block-post-grid-landscape":["https:\/\/i0.wp.com\/joyana.fr\/wp-content\/uploads\/2016\/08\/joyana-logo-black-360x180.png?resize=360%2C180&ssl=1",360,180,true],"ab-block-post-grid-square":["https:\/\/i0.wp.com\/joyana.fr\/wp-content\/uploads\/2016\/08\/joyana-logo-black-360x180.png?resize=360%2C180&ssl=1",360,180,true],"author-pro-image":["https:\/\/i0.wp.com\/joyana.fr\/wp-content\/uploads\/2016\/08\/joyana-logo-black-360x180.png?resize=360%2C180&ssl=1",360,180,true],"slider":["https:\/\/i0.wp.com\/joyana.fr\/wp-content\/uploads\/2016\/08\/joyana-logo-black-360x180.png?resize=360%2C180&ssl=1",360,180,true],"woocommerce_thumbnail":["https:\/\/i0.wp.com\/joyana.fr\/wp-content\/uploads\/2016\/08\/joyana-logo-black-360x180.png?resize=300%2C180&ssl=1",300,180,true],"woocommerce_single":["https:\/\/i0.wp.com\/joyana.fr\/wp-content\/uploads\/2016\/08\/joyana-logo-black-360x180.png?fit=360%2C180&ssl=1",360,180,true],"woocommerce_gallery_thumbnail":["https:\/\/i0.wp.com\/joyana.fr\/wp-content\/uploads\/2016\/08\/joyana-logo-black-360x180.png?resize=180%2C180&ssl=1",180,180,true],"sow-carousel-default":["https:\/\/i0.wp.com\/joyana.fr\/wp-content\/uploads\/2016\/08\/joyana-logo-black-360x180.png?resize=272%2C180&ssl=1",272,180,true]},"post_excerpt_stackable":"<p>Paris un Samedi, c&#8217;\u00e9tait aussi pour moi l&#8217;occasion de passer voir l&#8217;exposition &#8220;Paco Rabanne&#8221;, \u00e9labor\u00e9e par la promotion 2010 de l\u2019\u00e9cole parisienne d\u2019Art et Design, Olivier de Serres&#8230; En effet cette soixantaine d\u2019\u00e9tudiants sp\u00e9cialis\u00e9s en design, communication audiovisuelle ou architecture d\u2019int\u00e9rieur ont m\u00e9lang\u00e9 les genres et travaill\u00e9 ensemble par petits groupes \u00e0 la conception d\u2019une exposition virtuelle itin\u00e9rante (donc facile \u00e0 installer, d\u00e9monter et transporter) pr\u00e9sentant l\u2019univers \u00e9clectique de Paco Rabanne, et r\u00e9pondant explicitement aux questions de sc\u00e9nographie, architecture, signal\u00e9tique et affichage, supports de pr\u00e9sentation, etc\u2026 A l\u2019arriv\u00e9e, des projets tr\u00e8s int\u00e9ressants et inventifs qui m&#8217;ont beaucoup plu, et dont&hellip;<\/p>\n","category_list":"<a href=\"https:\/\/joyana.fr\/en\/category\/deco-design\/\" rel=\"category tag\">DECO-DESIGN<\/a>, <a href=\"https:\/\/joyana.fr\/en\/category\/blog\/design-jo\/\" rel=\"category tag\">DESIGN<\/a>, <a href=\"https:\/\/joyana.fr\/en\/category\/blog\/mode-homme\/\" rel=\"category tag\">MODE HOMME<\/a>","author_info":{"display_name":"Jo Yana","author_link":"https:\/\/joyana.fr\/en\/author\/joyana\/"},"comments_num":"1 comment","featured_image_urls_v2":{"full":["https:\/\/i0.wp.com\/joyana.fr\/wp-content\/uploads\/2016\/08\/joyana-logo-black-360x180.png?fit=360%2C180&ssl=1",360,180,false],"thumbnail":["https:\/\/i0.wp.com\/joyana.fr\/wp-content\/uploads\/2016\/08\/joyana-logo-black-360x180.png?resize=150%2C150&ssl=1",150,150,true],"medium":["https:\/\/i0.wp.com\/joyana.fr\/wp-content\/uploads\/2016\/08\/joyana-logo-black-360x180.png?fit=360%2C180&ssl=1",360,180,true],"medium_large":["https:\/\/i0.wp.com\/joyana.fr\/wp-content\/uploads\/2016\/08\/joyana-logo-black-360x180.png?fit=360%2C180&ssl=1",360,180,true],"large":["https:\/\/i0.wp.com\/joyana.fr\/wp-content\/uploads\/2016\/08\/joyana-logo-black-360x180.png?fit=360%2C180&ssl=1",360,180,true],"1536x1536":["https:\/\/i0.wp.com\/joyana.fr\/wp-content\/uploads\/2016\/08\/joyana-logo-black-360x180.png?fit=360%2C180&ssl=1",360,180,true],"2048x2048":["https:\/\/i0.wp.com\/joyana.fr\/wp-content\/uploads\/2016\/08\/joyana-logo-black-360x180.png?fit=360%2C180&ssl=1",360,180,true],"featured-thumb":["https:\/\/i0.wp.com\/joyana.fr\/wp-content\/uploads\/2016\/08\/joyana-logo-black-360x180.png?resize=360%2C180&ssl=1",360,180,true],"ab-block-post-grid-landscape":["https:\/\/i0.wp.com\/joyana.fr\/wp-content\/uploads\/2016\/08\/joyana-logo-black-360x180.png?resize=360%2C180&ssl=1",360,180,true],"ab-block-post-grid-square":["https:\/\/i0.wp.com\/joyana.fr\/wp-content\/uploads\/2016\/08\/joyana-logo-black-360x180.png?resize=360%2C180&ssl=1",360,180,true],"author-pro-image":["https:\/\/i0.wp.com\/joyana.fr\/wp-content\/uploads\/2016\/08\/joyana-logo-black-360x180.png?resize=360%2C180&ssl=1",360,180,true],"slider":["https:\/\/i0.wp.com\/joyana.fr\/wp-content\/uploads\/2016\/08\/joyana-logo-black-360x180.png?resize=360%2C180&ssl=1",360,180,true],"woocommerce_thumbnail":["https:\/\/i0.wp.com\/joyana.fr\/wp-content\/uploads\/2016\/08\/joyana-logo-black-360x180.png?resize=300%2C180&ssl=1",300,180,true],"woocommerce_single":["https:\/\/i0.wp.com\/joyana.fr\/wp-content\/uploads\/2016\/08\/joyana-logo-black-360x180.png?fit=360%2C180&ssl=1",360,180,true],"woocommerce_gallery_thumbnail":["https:\/\/i0.wp.com\/joyana.fr\/wp-content\/uploads\/2016\/08\/joyana-logo-black-360x180.png?resize=180%2C180&ssl=1",180,180,true],"sow-carousel-default":["https:\/\/i0.wp.com\/joyana.fr\/wp-content\/uploads\/2016\/08\/joyana-logo-black-360x180.png?resize=272%2C180&ssl=1",272,180,true]},"post_excerpt_stackable_v2":"<p>Paris un Samedi, c&#8217;\u00e9tait aussi pour moi l&#8217;occasion de passer voir l&#8217;exposition &#8220;Paco Rabanne&#8221;, \u00e9labor\u00e9e par la promotion 2010 de l\u2019\u00e9cole parisienne d\u2019Art et Design, Olivier de Serres&#8230; En effet cette soixantaine d\u2019\u00e9tudiants sp\u00e9cialis\u00e9s en design, communication audiovisuelle ou architecture d\u2019int\u00e9rieur ont m\u00e9lang\u00e9 les genres et travaill\u00e9 ensemble par petits groupes \u00e0 la conception d\u2019une exposition virtuelle itin\u00e9rante (donc facile \u00e0 installer, d\u00e9monter et transporter) pr\u00e9sentant l\u2019univers \u00e9clectique de Paco Rabanne, et r\u00e9pondant explicitement aux questions de sc\u00e9nographie, architecture, signal\u00e9tique et affichage, supports de pr\u00e9sentation, etc\u2026 A l\u2019arriv\u00e9e, des projets tr\u00e8s int\u00e9ressants et inventifs qui m&#8217;ont beaucoup plu, et dont&hellip;<\/p>\n","category_list_v2":"<a href=\"https:\/\/joyana.fr\/en\/category\/deco-design\/\" rel=\"category tag\">DECO-DESIGN<\/a>, <a href=\"https:\/\/joyana.fr\/en\/category\/blog\/design-jo\/\" rel=\"category tag\">DESIGN<\/a>, <a href=\"https:\/\/joyana.fr\/en\/category\/blog\/mode-homme\/\" rel=\"category tag\">MODE HOMME<\/a>","author_info_v2":{"name":"Jo Yana","url":"https:\/\/joyana.fr\/en\/author\/joyana\/"},"comments_num_v2":"1 comment","yoast_head":"<!-- This site is optimized with the Yoast SEO plugin v26.8 - https:\/\/yoast.com\/product\/yoast-seo-wordpress\/ -->\n<title>Maison Paco RABANNE x Olivier De Serres - JO YANA<\/title>\n<meta name=\"robots\" content=\"index, follow, max-snippet:-1, max-image-preview:large, max-video-preview:-1\" \/>\n<link rel=\"canonical\" href=\"https:\/\/joyana.fr\/en\/maison-paco-rabanne-x-olivier-de-serres\/1287\/\" \/>\n<meta property=\"og:locale\" content=\"en_US\" \/>\n<meta property=\"og:locale:alternate\" content=\"fr_FR\" \/>\n<meta property=\"og:locale:alternate\" content=\"ja\" \/>\n<meta property=\"og:type\" content=\"article\" \/>\n<meta property=\"og:title\" content=\"Maison Paco RABANNE x Olivier De Serres - JO YANA\" \/>\n<meta property=\"og:description\" content=\"Paris un Samedi, c&#8217;\u00e9tait aussi pour moi l&#8217;occasion de passer voir l&#8217;exposition &#8220;Paco Rabanne&#8221;, \u00e9labor\u00e9e par la promotion 2010 de l\u2019\u00e9cole parisienne d\u2019Art et Design, Olivier de Serres&#8230;\" \/>\n<meta property=\"og:url\" content=\"https:\/\/joyana.fr\/en\/maison-paco-rabanne-x-olivier-de-serres\/1287\/\" \/>\n<meta property=\"og:site_name\" content=\"JO YANA\" \/>\n<meta property=\"article:published_time\" content=\"2010-02-09T10:15:57+00:00\" \/>\n<meta property=\"og:image\" content=\"https:\/\/joyana.fr\/wp-content\/uploads\/2016\/08\/joyana-logo-black-360x180.png\" \/>\n\t<meta property=\"og:image:width\" content=\"360\" \/>\n\t<meta property=\"og:image:height\" content=\"180\" \/>\n\t<meta property=\"og:image:type\" content=\"image\/png\" \/>\n<meta name=\"author\" content=\"Jo Yana\" \/>\n<meta name=\"twitter:card\" content=\"summary_large_image\" \/>\n<meta name=\"twitter:creator\" content=\"@Jo_Yana\" \/>\n<meta name=\"twitter:site\" content=\"@Jo_Yana\" \/>\n<meta name=\"twitter:label1\" content=\"Written by\" \/>\n\t<meta name=\"twitter:data1\" content=\"Jo Yana\" \/>\n\t<meta name=\"twitter:label2\" content=\"Est. reading time\" \/>\n\t<meta name=\"twitter:data2\" content=\"1 minute\" \/>\n<script type=\"application\/ld+json\" class=\"yoast-schema-graph\">{\"@context\":\"https:\/\/schema.org\",\"@graph\":[{\"@type\":\"Article\",\"@id\":\"https:\/\/joyana.fr\/ja\/maison-paco-rabanne-x-olivier-de-serres\/1287\/#article\",\"isPartOf\":{\"@id\":\"https:\/\/joyana.fr\/ja\/maison-paco-rabanne-x-olivier-de-serres\/1287\/\"},\"author\":{\"name\":\"Jo Yana\",\"@id\":\"https:\/\/joyana.fr\/en\/#\/schema\/person\/cf2a1ad12a27c12c21801075bf37407c\"},\"headline\":\"Maison Paco RABANNE x Olivier De Serres\",\"datePublished\":\"2010-02-09T10:15:57+00:00\",\"mainEntityOfPage\":{\"@id\":\"https:\/\/joyana.fr\/ja\/maison-paco-rabanne-x-olivier-de-serres\/1287\/\"},\"wordCount\":217,\"commentCount\":1,\"publisher\":{\"@id\":\"https:\/\/joyana.fr\/en\/#\/schema\/person\/cf2a1ad12a27c12c21801075bf37407c\"},\"image\":{\"@id\":\"https:\/\/joyana.fr\/ja\/maison-paco-rabanne-x-olivier-de-serres\/1287\/#primaryimage\"},\"thumbnailUrl\":\"https:\/\/i0.wp.com\/joyana.fr\/wp-content\/uploads\/2016\/08\/joyana-logo-black-360x180.png?fit=360%2C180&ssl=1\",\"keywords\":[\"Paris\"],\"articleSection\":[\"DECO-DESIGN\",\"DESIGN\",\"MODE HOMME\"],\"inLanguage\":\"en-US\",\"potentialAction\":[{\"@type\":\"CommentAction\",\"name\":\"Comment\",\"target\":[\"https:\/\/joyana.fr\/ja\/maison-paco-rabanne-x-olivier-de-serres\/1287\/#respond\"]}]},{\"@type\":\"WebPage\",\"@id\":\"https:\/\/joyana.fr\/ja\/maison-paco-rabanne-x-olivier-de-serres\/1287\/\",\"url\":\"https:\/\/joyana.fr\/ja\/maison-paco-rabanne-x-olivier-de-serres\/1287\/\",\"name\":\"Maison Paco RABANNE x Olivier De Serres - JO YANA\",\"isPartOf\":{\"@id\":\"https:\/\/joyana.fr\/en\/#website\"},\"primaryImageOfPage\":{\"@id\":\"https:\/\/joyana.fr\/ja\/maison-paco-rabanne-x-olivier-de-serres\/1287\/#primaryimage\"},\"image\":{\"@id\":\"https:\/\/joyana.fr\/ja\/maison-paco-rabanne-x-olivier-de-serres\/1287\/#primaryimage\"},\"thumbnailUrl\":\"https:\/\/i0.wp.com\/joyana.fr\/wp-content\/uploads\/2016\/08\/joyana-logo-black-360x180.png?fit=360%2C180&ssl=1\",\"datePublished\":\"2010-02-09T10:15:57+00:00\",\"breadcrumb\":{\"@id\":\"https:\/\/joyana.fr\/ja\/maison-paco-rabanne-x-olivier-de-serres\/1287\/#breadcrumb\"},\"inLanguage\":\"en-US\",\"potentialAction\":[{\"@type\":\"ReadAction\",\"target\":[\"https:\/\/joyana.fr\/ja\/maison-paco-rabanne-x-olivier-de-serres\/1287\/\"]}]},{\"@type\":\"ImageObject\",\"inLanguage\":\"en-US\",\"@id\":\"https:\/\/joyana.fr\/ja\/maison-paco-rabanne-x-olivier-de-serres\/1287\/#primaryimage\",\"url\":\"https:\/\/i0.wp.com\/joyana.fr\/wp-content\/uploads\/2016\/08\/joyana-logo-black-360x180.png?fit=360%2C180&ssl=1\",\"contentUrl\":\"https:\/\/i0.wp.com\/joyana.fr\/wp-content\/uploads\/2016\/08\/joyana-logo-black-360x180.png?fit=360%2C180&ssl=1\",\"width\":360,\"height\":180,\"caption\":\"logo joyana.fr\"},{\"@type\":\"BreadcrumbList\",\"@id\":\"https:\/\/joyana.fr\/ja\/maison-paco-rabanne-x-olivier-de-serres\/1287\/#breadcrumb\",\"itemListElement\":[{\"@type\":\"ListItem\",\"position\":1,\"name\":\"Accueil\",\"item\":\"https:\/\/joyana.fr\/en\/\"},{\"@type\":\"ListItem\",\"position\":2,\"name\":\"Maison Paco RABANNE x Olivier De Serres\"}]},{\"@type\":\"WebSite\",\"@id\":\"https:\/\/joyana.fr\/en\/#website\",\"url\":\"https:\/\/joyana.fr\/en\/\",\"name\":\"JO YANA\",\"description\":\"Blog Mode Homme, Lifestyle, D\u00e9co-Design\",\"publisher\":{\"@id\":\"https:\/\/joyana.fr\/en\/#\/schema\/person\/cf2a1ad12a27c12c21801075bf37407c\"},\"potentialAction\":[{\"@type\":\"SearchAction\",\"target\":{\"@type\":\"EntryPoint\",\"urlTemplate\":\"https:\/\/joyana.fr\/en\/?s={search_term_string}\"},\"query-input\":{\"@type\":\"PropertyValueSpecification\",\"valueRequired\":true,\"valueName\":\"search_term_string\"}}],\"inLanguage\":\"en-US\"},{\"@type\":[\"Person\",\"Organization\"],\"@id\":\"https:\/\/joyana.fr\/en\/#\/schema\/person\/cf2a1ad12a27c12c21801075bf37407c\",\"name\":\"Jo Yana\",\"image\":{\"@type\":\"ImageObject\",\"inLanguage\":\"en-US\",\"@id\":\"https:\/\/joyana.fr\/en\/#\/schema\/person\/image\/\",\"url\":\"https:\/\/i0.wp.com\/joyana.fr\/wp-content\/uploads\/2016\/08\/cropped-joyana-logo-black-360x180.png?fit=343%2C164&ssl=1\",\"contentUrl\":\"https:\/\/i0.wp.com\/joyana.fr\/wp-content\/uploads\/2016\/08\/cropped-joyana-logo-black-360x180.png?fit=343%2C164&ssl=1\",\"width\":343,\"height\":164,\"caption\":\"Jo Yana\"},\"logo\":{\"@id\":\"https:\/\/joyana.fr\/en\/#\/schema\/person\/image\/\"},\"description\":\"Jo Yana est le cr\u00e9ateur et r\u00e9dacteur en chef des sites DECO-DESIGN. Passionn\u00e9 de Design, Mode, Photo, Luxe, Lifestyle, Musique, mais avant tout Blogueur ! Le plaisir de partager l'anime et a comme devise \\\"POUR L'AMOUR DU BEAU\\\". Retrouvez le aussi sur son blog personnel - https:\/\/joyana.fr...\",\"sameAs\":[\"https:\/\/joyana.fr\/\"],\"url\":\"https:\/\/joyana.fr\/en\/author\/joyana\/\"}]}<\/script>\n<!-- \/ Yoast SEO plugin. -->","yoast_head_json":{"title":"Maison Paco RABANNE x Olivier De Serres - JO YANA","robots":{"index":"index","follow":"follow","max-snippet":"max-snippet:-1","max-image-preview":"max-image-preview:large","max-video-preview":"max-video-preview:-1"},"canonical":"https:\/\/joyana.fr\/en\/maison-paco-rabanne-x-olivier-de-serres\/1287\/","og_locale":"en_US","og_type":"article","og_title":"Maison Paco RABANNE x Olivier De Serres - JO YANA","og_description":"Paris un Samedi, c&#8217;\u00e9tait aussi pour moi l&#8217;occasion de passer voir l&#8217;exposition &#8220;Paco Rabanne&#8221;, \u00e9labor\u00e9e par la promotion 2010 de l\u2019\u00e9cole parisienne d\u2019Art et Design, Olivier de Serres&#8230;","og_url":"https:\/\/joyana.fr\/en\/maison-paco-rabanne-x-olivier-de-serres\/1287\/","og_site_name":"JO YANA","article_published_time":"2010-02-09T10:15:57+00:00","og_image":[{"width":360,"height":180,"url":"https:\/\/joyana.fr\/wp-content\/uploads\/2016\/08\/joyana-logo-black-360x180.png","type":"image\/png"}],"author":"Jo Yana","twitter_card":"summary_large_image","twitter_creator":"@Jo_Yana","twitter_site":"@Jo_Yana","twitter_misc":{"Written by":"Jo Yana","Est. reading time":"1 minute"},"schema":{"@context":"https:\/\/schema.org","@graph":[{"@type":"Article","@id":"https:\/\/joyana.fr\/ja\/maison-paco-rabanne-x-olivier-de-serres\/1287\/#article","isPartOf":{"@id":"https:\/\/joyana.fr\/ja\/maison-paco-rabanne-x-olivier-de-serres\/1287\/"},"author":{"name":"Jo Yana","@id":"https:\/\/joyana.fr\/en\/#\/schema\/person\/cf2a1ad12a27c12c21801075bf37407c"},"headline":"Maison Paco RABANNE x Olivier De Serres","datePublished":"2010-02-09T10:15:57+00:00","mainEntityOfPage":{"@id":"https:\/\/joyana.fr\/ja\/maison-paco-rabanne-x-olivier-de-serres\/1287\/"},"wordCount":217,"commentCount":1,"publisher":{"@id":"https:\/\/joyana.fr\/en\/#\/schema\/person\/cf2a1ad12a27c12c21801075bf37407c"},"image":{"@id":"https:\/\/joyana.fr\/ja\/maison-paco-rabanne-x-olivier-de-serres\/1287\/#primaryimage"},"thumbnailUrl":"https:\/\/i0.wp.com\/joyana.fr\/wp-content\/uploads\/2016\/08\/joyana-logo-black-360x180.png?fit=360%2C180&ssl=1","keywords":["Paris"],"articleSection":["DECO-DESIGN","DESIGN","MODE HOMME"],"inLanguage":"en-US","potentialAction":[{"@type":"CommentAction","name":"Comment","target":["https:\/\/joyana.fr\/ja\/maison-paco-rabanne-x-olivier-de-serres\/1287\/#respond"]}]},{"@type":"WebPage","@id":"https:\/\/joyana.fr\/ja\/maison-paco-rabanne-x-olivier-de-serres\/1287\/","url":"https:\/\/joyana.fr\/ja\/maison-paco-rabanne-x-olivier-de-serres\/1287\/","name":"Maison Paco RABANNE x Olivier De Serres - JO YANA","isPartOf":{"@id":"https:\/\/joyana.fr\/en\/#website"},"primaryImageOfPage":{"@id":"https:\/\/joyana.fr\/ja\/maison-paco-rabanne-x-olivier-de-serres\/1287\/#primaryimage"},"image":{"@id":"https:\/\/joyana.fr\/ja\/maison-paco-rabanne-x-olivier-de-serres\/1287\/#primaryimage"},"thumbnailUrl":"https:\/\/i0.wp.com\/joyana.fr\/wp-content\/uploads\/2016\/08\/joyana-logo-black-360x180.png?fit=360%2C180&ssl=1","datePublished":"2010-02-09T10:15:57+00:00","breadcrumb":{"@id":"https:\/\/joyana.fr\/ja\/maison-paco-rabanne-x-olivier-de-serres\/1287\/#breadcrumb"},"inLanguage":"en-US","potentialAction":[{"@type":"ReadAction","target":["https:\/\/joyana.fr\/ja\/maison-paco-rabanne-x-olivier-de-serres\/1287\/"]}]},{"@type":"ImageObject","inLanguage":"en-US","@id":"https:\/\/joyana.fr\/ja\/maison-paco-rabanne-x-olivier-de-serres\/1287\/#primaryimage","url":"https:\/\/i0.wp.com\/joyana.fr\/wp-content\/uploads\/2016\/08\/joyana-logo-black-360x180.png?fit=360%2C180&ssl=1","contentUrl":"https:\/\/i0.wp.com\/joyana.fr\/wp-content\/uploads\/2016\/08\/joyana-logo-black-360x180.png?fit=360%2C180&ssl=1","width":360,"height":180,"caption":"logo joyana.fr"},{"@type":"BreadcrumbList","@id":"https:\/\/joyana.fr\/ja\/maison-paco-rabanne-x-olivier-de-serres\/1287\/#breadcrumb","itemListElement":[{"@type":"ListItem","position":1,"name":"Accueil","item":"https:\/\/joyana.fr\/en\/"},{"@type":"ListItem","position":2,"name":"Maison Paco RABANNE x Olivier De Serres"}]},{"@type":"WebSite","@id":"https:\/\/joyana.fr\/en\/#website","url":"https:\/\/joyana.fr\/en\/","name":"JO YANA","description":"Blog Mode Homme, Lifestyle, D\u00e9co-Design","publisher":{"@id":"https:\/\/joyana.fr\/en\/#\/schema\/person\/cf2a1ad12a27c12c21801075bf37407c"},"potentialAction":[{"@type":"SearchAction","target":{"@type":"EntryPoint","urlTemplate":"https:\/\/joyana.fr\/en\/?s={search_term_string}"},"query-input":{"@type":"PropertyValueSpecification","valueRequired":true,"valueName":"search_term_string"}}],"inLanguage":"en-US"},{"@type":["Person","Organization"],"@id":"https:\/\/joyana.fr\/en\/#\/schema\/person\/cf2a1ad12a27c12c21801075bf37407c","name":"Jo Yana","image":{"@type":"ImageObject","inLanguage":"en-US","@id":"https:\/\/joyana.fr\/en\/#\/schema\/person\/image\/","url":"https:\/\/i0.wp.com\/joyana.fr\/wp-content\/uploads\/2016\/08\/cropped-joyana-logo-black-360x180.png?fit=343%2C164&ssl=1","contentUrl":"https:\/\/i0.wp.com\/joyana.fr\/wp-content\/uploads\/2016\/08\/cropped-joyana-logo-black-360x180.png?fit=343%2C164&ssl=1","width":343,"height":164,"caption":"Jo Yana"},"logo":{"@id":"https:\/\/joyana.fr\/en\/#\/schema\/person\/image\/"},"description":"Jo Yana est le cr\u00e9ateur et r\u00e9dacteur en chef des sites DECO-DESIGN. Passionn\u00e9 de Design, Mode, Photo, Luxe, Lifestyle, Musique, mais avant tout Blogueur ! Le plaisir de partager l'anime et a comme devise \"POUR L'AMOUR DU BEAU\". Retrouvez le aussi sur son blog personnel - https:\/\/joyana.fr...","sameAs":["https:\/\/joyana.fr\/"],"url":"https:\/\/joyana.fr\/en\/author\/joyana\/"}]}},"author_meta":{"display_name":"Jo Yana","author_link":"https:\/\/joyana.fr\/en\/author\/joyana\/"},"featured_img":"https:\/\/i0.wp.com\/joyana.fr\/wp-content\/uploads\/2016\/08\/joyana-logo-black-360x180.png?fit=360%2C180&ssl=1","featured_image_src":"https:\/\/i0.wp.com\/joyana.fr\/wp-content\/uploads\/2016\/08\/joyana-logo-black-360x180.png?resize=360%2C180&ssl=1","featured_image_src_square":"https:\/\/i0.wp.com\/joyana.fr\/wp-content\/uploads\/2016\/08\/joyana-logo-black-360x180.png?resize=360%2C180&ssl=1","jetpack_featured_media_url":"https:\/\/i0.wp.com\/joyana.fr\/wp-content\/uploads\/2016\/08\/joyana-logo-black-360x180.png?fit=360%2C180&ssl=1","uagb_featured_image_src":{"full":["https:\/\/i0.wp.com\/joyana.fr\/wp-content\/uploads\/2016\/08\/joyana-logo-black-360x180.png?fit=360%2C180&ssl=1",360,180,false],"thumbnail":["https:\/\/i0.wp.com\/joyana.fr\/wp-content\/uploads\/2016\/08\/joyana-logo-black-360x180.png?resize=150%2C150&ssl=1",150,150,true],"medium":["https:\/\/i0.wp.com\/joyana.fr\/wp-content\/uploads\/2016\/08\/joyana-logo-black-360x180.png?fit=360%2C180&ssl=1",360,180,true],"medium_large":["https:\/\/i0.wp.com\/joyana.fr\/wp-content\/uploads\/2016\/08\/joyana-logo-black-360x180.png?fit=360%2C180&ssl=1",360,180,true],"large":["https:\/\/i0.wp.com\/joyana.fr\/wp-content\/uploads\/2016\/08\/joyana-logo-black-360x180.png?fit=360%2C180&ssl=1",360,180,true],"1536x1536":["https:\/\/i0.wp.com\/joyana.fr\/wp-content\/uploads\/2016\/08\/joyana-logo-black-360x180.png?fit=360%2C180&ssl=1",360,180,true],"2048x2048":["https:\/\/i0.wp.com\/joyana.fr\/wp-content\/uploads\/2016\/08\/joyana-logo-black-360x180.png?fit=360%2C180&ssl=1",360,180,true],"featured-thumb":["https:\/\/i0.wp.com\/joyana.fr\/wp-content\/uploads\/2016\/08\/joyana-logo-black-360x180.png?resize=360%2C180&ssl=1",360,180,true],"ab-block-post-grid-landscape":["https:\/\/i0.wp.com\/joyana.fr\/wp-content\/uploads\/2016\/08\/joyana-logo-black-360x180.png?resize=360%2C180&ssl=1",360,180,true],"ab-block-post-grid-square":["https:\/\/i0.wp.com\/joyana.fr\/wp-content\/uploads\/2016\/08\/joyana-logo-black-360x180.png?resize=360%2C180&ssl=1",360,180,true],"author-pro-image":["https:\/\/i0.wp.com\/joyana.fr\/wp-content\/uploads\/2016\/08\/joyana-logo-black-360x180.png?resize=360%2C180&ssl=1",360,180,true],"slider":["https:\/\/i0.wp.com\/joyana.fr\/wp-content\/uploads\/2016\/08\/joyana-logo-black-360x180.png?resize=360%2C180&ssl=1",360,180,true],"woocommerce_thumbnail":["https:\/\/i0.wp.com\/joyana.fr\/wp-content\/uploads\/2016\/08\/joyana-logo-black-360x180.png?resize=300%2C180&ssl=1",300,180,true],"woocommerce_single":["https:\/\/i0.wp.com\/joyana.fr\/wp-content\/uploads\/2016\/08\/joyana-logo-black-360x180.png?fit=360%2C180&ssl=1",360,180,true],"woocommerce_gallery_thumbnail":["https:\/\/i0.wp.com\/joyana.fr\/wp-content\/uploads\/2016\/08\/joyana-logo-black-360x180.png?resize=180%2C180&ssl=1",180,180,true],"sow-carousel-default":["https:\/\/i0.wp.com\/joyana.fr\/wp-content\/uploads\/2016\/08\/joyana-logo-black-360x180.png?resize=272%2C180&ssl=1",272,180,true]},"uagb_author_info":{"display_name":"Jo Yana","author_link":"https:\/\/joyana.fr\/en\/author\/joyana\/"},"uagb_comment_info":1,"uagb_excerpt":"Paris un Samedi, c&#8217;\u00e9tait aussi pour moi l&#8217;occasion de passer voir l&#8217;exposition &#8220;Paco Rabanne&#8221;, \u00e9labor\u00e9e par la promotion 2010 de l\u2019\u00e9cole parisienne d\u2019Art et Design, Olivier de Serres&#8230;","coauthors":[],"tax_additional":{"categories":{"linked":["<a href=\"https:\/\/joyana.fr\/en\/category\/deco-design\/\" class=\"advgb-post-tax-term\">DECO-DESIGN<\/a>","<a href=\"https:\/\/joyana.fr\/en\/category\/blog\/design-jo\/\" class=\"advgb-post-tax-term\">DESIGN<\/a>","<a href=\"https:\/\/joyana.fr\/en\/category\/blog\/mode-homme\/\" class=\"advgb-post-tax-term\">MODE HOMME<\/a>"],"unlinked":["<span class=\"advgb-post-tax-term\">DECO-DESIGN<\/span>","<span class=\"advgb-post-tax-term\">DESIGN<\/span>","<span class=\"advgb-post-tax-term\">MODE HOMME<\/span>"]},"tags":{"linked":["<a href=\"https:\/\/joyana.fr\/en\/category\/blog\/mode-homme\/\" class=\"advgb-post-tax-term\">Paris<\/a>"],"unlinked":["<span class=\"advgb-post-tax-term\">Paris<\/span>"]}},"comment_count":1,"relative_dates":{"created":"Posted 16 years ago","modified":"Updated 16 years ago"},"absolute_dates":{"created":"Posted on 9 February 2010","modified":"Updated on 9 February 2010"},"absolute_dates_time":{"created":"Posted on 9 February 2010 12:15","modified":"Updated on 9 February 2010 12:15"},"featured_img_caption":"","series_order":"","jetpack_sharing_enabled":true,"jetpack_shortlink":"https:\/\/wp.me\/p9bteI-kL","jetpack-related-posts":[],"_links":{"self":[{"href":"https:\/\/joyana.fr\/en\/wp-json\/wp\/v2\/posts\/1287","targetHints":{"allow":["GET"]}}],"collection":[{"href":"https:\/\/joyana.fr\/en\/wp-json\/wp\/v2\/posts"}],"about":[{"href":"https:\/\/joyana.fr\/en\/wp-json\/wp\/v2\/types\/post"}],"author":[{"embeddable":true,"href":"https:\/\/joyana.fr\/en\/wp-json\/wp\/v2\/users\/3"}],"replies":[{"embeddable":true,"href":"https:\/\/joyana.fr\/en\/wp-json\/wp\/v2\/comments?post=1287"}],"version-history":[{"count":0,"href":"https:\/\/joyana.fr\/en\/wp-json\/wp\/v2\/posts\/1287\/revisions"}],"wp:featuredmedia":[{"embeddable":true,"href":"https:\/\/joyana.fr\/en\/wp-json\/wp\/v2\/media\/124300"}],"wp:attachment":[{"href":"https:\/\/joyana.fr\/en\/wp-json\/wp\/v2\/media?parent=1287"}],"wp:term":[{"taxonomy":"category","embeddable":true,"href":"https:\/\/joyana.fr\/en\/wp-json\/wp\/v2\/categories?post=1287"},{"taxonomy":"post_tag","embeddable":true,"href":"https:\/\/joyana.fr\/en\/wp-json\/wp\/v2\/tags?post=1287"}],"curies":[{"name":"wp","href":"https:\/\/api.w.org\/{rel}","templated":true}]}}