{"id":1457,"date":"2010-03-14T12:21:56","date_gmt":"2010-03-14T11:21:56","guid":{"rendered":"https:\/\/joyana.fr\/?p=1457"},"modified":"2010-03-14T12:21:56","modified_gmt":"2010-03-14T11:21:56","slug":"la-bergerie","status":"publish","type":"post","link":"https:\/\/joyana.fr\/en\/la-bergerie\/1457\/","title":{"rendered":"LA BERGERIE"},"content":{"rendered":"<p><a title=\"LA BERGERIE MARSEILLE\" href=\"https:\/\/joyana.fr\/la-bergerie\/1457\/\"><img data-recalc-dims=\"1\" fetchpriority=\"high\" decoding=\"async\" class=\"alignnone size-full wp-image-1458\" title=\"BERGERIE_07941\" src=\"https:\/\/i0.wp.com\/joyana.fr\/wp-content\/uploads\/2010\/03\/BERGERIE_07941.jpg?resize=500%2C733&#038;ssl=1\" alt=\"BERGERIE_07941\" width=\"500\" height=\"733\" \/><\/a><\/p>\n<p><span style=\"color: #ffff00;\"><strong>La<\/strong><\/span> <span style=\"color: #ffff00;\"><strong>Bergerie<\/strong><\/span> est Le lieu que j&#8217;attendais depuis tr\u00e8s longtemps \u00e0 <span style=\"color: #ffff00;\"><strong>Marseille<\/strong><\/span> !!! <strong>Mode<\/strong>, <strong>design<\/strong>, art, culture et m\u00eame coiffure&#8230;<\/p>\n<p><!--more-->Un <strong>concept-store<\/strong> cr\u00e9\u00e9 par Florent Berge, rejoint par Christophe Bailleux qui est le cr\u00e9ateur de l&#8217;<a href=\"http:\/\/designeursassocies.blogspot.com\/\">AD<\/a> (association de designers), et Josef -coiffeur depuis 20 ans, qui nous vient directement de Londres, o\u00f9 il travaillait pour <a href=\"https:\/\/joyana.fr\/tonyguy-design-by-alex-link\/\">Tony&amp;Guy<\/a>&#8230;<\/p>\n<p><a href=\"https:\/\/i0.wp.com\/joyana.fr\/wp-content\/uploads\/2010\/03\/BERGERIE_43.jpg?ssl=1\"><img data-recalc-dims=\"1\" decoding=\"async\" class=\"alignnone size-full wp-image-1459\" title=\"BERGERIE_43\" src=\"https:\/\/i0.wp.com\/joyana.fr\/wp-content\/uploads\/2010\/03\/BERGERIE_43.jpg?resize=500%2C747&#038;ssl=1\" alt=\"BERGERIE_43\" width=\"500\" height=\"747\" \/><\/a><\/p>\n<p>Un trio qui marche !!! En effet j&#8217;ai \u00e9t\u00e9 s\u00e9duit d\u00e9s mon entr\u00e9e dans ce lieu tellement original. Un ancien garage de plus de 200M2, r\u00e9nov\u00e9 mais pas transform\u00e9. Florent a su garder l&#8217;\u00e2me du lieu, avec par exemple la cabine de peinture toujours pr\u00e9sente qui peut servir d&#8217;espace galerie ou salon de coiffure.<\/p>\n<p><a href=\"https:\/\/i0.wp.com\/joyana.fr\/wp-content\/uploads\/2010\/03\/BERGERIE.jpg?ssl=1\"><img data-recalc-dims=\"1\" decoding=\"async\" class=\"alignnone size-full wp-image-1460\" title=\"BERGERIE\" src=\"https:\/\/i0.wp.com\/joyana.fr\/wp-content\/uploads\/2010\/03\/BERGERIE.jpg?resize=500%2C719&#038;ssl=1\" alt=\"BERGERIE\" width=\"500\" height=\"719\" \/><\/a><\/p>\n<h2>MODE<\/h2>\n<p>Une s\u00e9lection 100% masculine (d\u00e9sol\u00e9 mesdames) par Florent Berge, qui a choisi plus de 20 cr\u00e9ateurs internationaux dont Alexander McQueen, Yohji Yamamoto, Neil Barrett, Castelbajac et bien d&#8217;autres&#8230;<\/p>\n<p><a href=\"https:\/\/i0.wp.com\/joyana.fr\/wp-content\/uploads\/2010\/03\/BERGERIE_32.jpg?ssl=1\"><img data-recalc-dims=\"1\" loading=\"lazy\" decoding=\"async\" class=\"alignnone size-full wp-image-1461\" title=\"BERGERIE_32\" src=\"https:\/\/i0.wp.com\/joyana.fr\/wp-content\/uploads\/2010\/03\/BERGERIE_32.jpg?resize=500%2C335&#038;ssl=1\" alt=\"BERGERIE_32\" width=\"500\" height=\"335\" \/><\/a><\/p>\n<p><a href=\"https:\/\/i0.wp.com\/joyana.fr\/wp-content\/uploads\/2010\/03\/BERGERIE_4.jpg?ssl=1\"><img data-recalc-dims=\"1\" loading=\"lazy\" decoding=\"async\" class=\"alignnone size-full wp-image-1462\" title=\"BERGERIE_4\" src=\"https:\/\/i0.wp.com\/joyana.fr\/wp-content\/uploads\/2010\/03\/BERGERIE_4.jpg?resize=500%2C702&#038;ssl=1\" alt=\"BERGERIE_4\" width=\"500\" height=\"702\" \/><\/a><\/p>\n<h2>DESIGN<\/h2>\n<p>Se m\u00e9lange \u00e0 la mode, le design avec actuellement les cr\u00e9ations du Studio de design lyonnais, USIN-e -qui se compose de R\u00e9mi Bouhaniche et d\u2019Amaury Poudray. Une exposition que je vous ferai bient\u00f4t partager sur le <a title=\"BLOG DECO-DESIGN\" href=\"https:\/\/joyana.fr\/\">Blog Deco-Design<\/a>.<\/p>\n<p><a href=\"https:\/\/i0.wp.com\/joyana.fr\/wp-content\/uploads\/2010\/03\/BERGERIE_USINE.jpg?ssl=1\"><img data-recalc-dims=\"1\" loading=\"lazy\" decoding=\"async\" class=\"alignnone size-full wp-image-1472\" title=\"BERGERIE_USINE\" src=\"https:\/\/i0.wp.com\/joyana.fr\/wp-content\/uploads\/2010\/03\/BERGERIE_USINE.jpg?resize=500%2C332&#038;ssl=1\" alt=\"BERGERIE_USINE\" width=\"500\" height=\"332\" \/><\/a><\/p>\n<p>Mais aussi des souvenirs laiss\u00e9s par les designers qui ont collabor\u00e9 avec Christophe Bailleux&#8230;<\/p>\n<p><a href=\"https:\/\/i0.wp.com\/joyana.fr\/wp-content\/uploads\/2010\/03\/BERGERIE_342.jpg?ssl=1\"><img data-recalc-dims=\"1\" loading=\"lazy\" decoding=\"async\" class=\"alignnone size-full wp-image-1463\" title=\"BERGERIE_342\" src=\"https:\/\/i0.wp.com\/joyana.fr\/wp-content\/uploads\/2010\/03\/BERGERIE_342.jpg?resize=500%2C707&#038;ssl=1\" alt=\"BERGERIE_342\" width=\"500\" height=\"707\" \/><\/a><\/p>\n<p><a href=\"https:\/\/i0.wp.com\/joyana.fr\/wp-content\/uploads\/2010\/03\/BERGIERIE_4324.jpg?ssl=1\"><img data-recalc-dims=\"1\" loading=\"lazy\" decoding=\"async\" class=\"alignnone size-full wp-image-1464\" title=\"BERGIERIE_4324\" src=\"https:\/\/i0.wp.com\/joyana.fr\/wp-content\/uploads\/2010\/03\/BERGIERIE_4324.jpg?resize=500%2C331&#038;ssl=1\" alt=\"BERGIERIE_4324\" width=\"500\" height=\"331\" \/><\/a><\/p>\n<h2>ART, CULTURE et COIFFURE<\/h2>\n<p>J&#8217;aime, j&#8217;aime, j&#8217;aime !!!<\/p>\n<p>J&#8217;aime l&#8217;art qui intervient \u00e0 chaque recoin du lieu, j&#8217;aime cette ancienne cabine de peinture qui sert de galerie \u00e9ph\u00e9m\u00e8re, j&#8217;aime qu&#8217;un aussi grand coiffeur est choisi Marseille&#8230;<\/p>\n<p><a href=\"https:\/\/i0.wp.com\/joyana.fr\/wp-content\/uploads\/2010\/03\/BERGERIE_500.jpg?ssl=1\"><img data-recalc-dims=\"1\" loading=\"lazy\" decoding=\"async\" class=\"alignnone size-full wp-image-1465\" title=\"BERGERIE_500\" src=\"https:\/\/i0.wp.com\/joyana.fr\/wp-content\/uploads\/2010\/03\/BERGERIE_500.jpg?resize=500%2C335&#038;ssl=1\" alt=\"BERGERIE_500\" width=\"500\" height=\"335\" \/><\/a><\/p>\n<p><a href=\"https:\/\/i0.wp.com\/joyana.fr\/wp-content\/uploads\/2010\/03\/BERGERIE_332.jpg?ssl=1\"><img data-recalc-dims=\"1\" loading=\"lazy\" decoding=\"async\" class=\"alignnone size-full wp-image-1466\" title=\"BERGERIE_332\" src=\"https:\/\/i0.wp.com\/joyana.fr\/wp-content\/uploads\/2010\/03\/BERGERIE_332.jpg?resize=500%2C783&#038;ssl=1\" alt=\"BERGERIE_332\" width=\"500\" height=\"783\" \/><\/a><\/p>\n<p>Retenez bien ce nom, <strong>La Bergerie<\/strong>, dans quelques mois vous irez tous comme des moutons !!! En effet le lieu est encore en &#8220;beta test&#8221; et la presse commence \u00e0 en parler, d&#8217;ailleurs en partant je croise l&#8217;\u00e9quipe de GQ France qui l&#8217;a \u00e9lu meilleur <strong>boutique Mode<\/strong> \u00e0 <strong>Marseille<\/strong> !!!<\/p>\n<p><a href=\"https:\/\/i0.wp.com\/joyana.fr\/wp-content\/uploads\/2010\/03\/BERGERIE_TRIO.jpg?ssl=1\"><img data-recalc-dims=\"1\" loading=\"lazy\" decoding=\"async\" class=\"alignnone size-full wp-image-1467\" title=\"BERGERIE_TRIO\" src=\"https:\/\/i0.wp.com\/joyana.fr\/wp-content\/uploads\/2010\/03\/BERGERIE_TRIO.jpg?resize=500%2C331&#038;ssl=1\" alt=\"BERGERIE_TRIO\" width=\"500\" height=\"331\" \/><\/a><\/p>\n<p>Christophe BAILLEUX\/JOSEF\/Florent BERGE<\/p>\n<p><em><span style=\"color: #ffff00;\"><strong>LA BERGERIE<\/strong><\/span><\/em><br \/>\n<em><span style=\"color: #ffff00;\"><strong>10 rue Xavier Progin <\/strong><\/span><\/em><br \/>\n<em><span style=\"color: #ffff00;\"><strong>13004 Marseille <\/strong><\/span><\/em><br \/>\n<em><span style=\"color: #ffff00;\"><strong>0620 650\u00a0759<\/strong><\/span><\/em><br \/>\n<em><strong><a title=\"LA BERGERIE\" href=\"http:\/\/www.lesitedelabergerie.com\/\">http:\/\/www.lesitedelabergerie.com\/<\/a><\/strong><\/em><\/p>\n","protected":false},"excerpt":{"rendered":"<p>La Bergerie est Le lieu que j&#8217;attendais depuis tr\u00e8s longtemps \u00e0 Marseille !!! Mode, design, art, culture et m\u00eame coiffure&#8230;<\/p>\n","protected":false},"author":3,"featured_media":124300,"comment_status":"open","ping_status":"open","sticky":false,"template":"","format":"standard","meta":{"_coblocks_attr":"","_coblocks_dimensions":"","_coblocks_responsive_height":"","_coblocks_accordion_ie_support":"","_uag_custom_page_level_css":"","advgb_blocks_editor_width":"","advgb_blocks_columns_visual_guide":"","_genesis_hide_title":false,"_genesis_hide_breadcrumbs":false,"_genesis_hide_singular_image":false,"_genesis_hide_footer_widgets":false,"_genesis_custom_body_class":"","_genesis_custom_post_class":"","_genesis_layout":"","_themeisle_gutenberg_block_has_review":false,"_jetpack_newsletter_access":"","_jetpack_dont_email_post_to_subs":false,"_jetpack_newsletter_tier_id":0,"_jetpack_memberships_contains_paywalled_content":false,"_jetpack_memberships_contains_paid_content":false,"footnotes":""},"categories":[21,16],"tags":[15,58,31],"class_list":{"0":"post-1457","1":"post","2":"type-post","3":"status-publish","4":"format-standard","5":"has-post-thumbnail","7":"category-lifestyle","8":"category-mode-homme","9":"tag-alexander-mcqueen","10":"tag-concept-store","11":"tag-marseille","12":"entry"},"featured_image_urls":{"full":["https:\/\/i0.wp.com\/joyana.fr\/wp-content\/uploads\/2016\/08\/joyana-logo-black-360x180.png?fit=360%2C180&ssl=1",360,180,false],"thumbnail":["https:\/\/i0.wp.com\/joyana.fr\/wp-content\/uploads\/2016\/08\/joyana-logo-black-360x180.png?resize=150%2C150&ssl=1",150,150,true],"medium":["https:\/\/i0.wp.com\/joyana.fr\/wp-content\/uploads\/2016\/08\/joyana-logo-black-360x180.png?fit=360%2C180&ssl=1",360,180,true],"medium_large":["https:\/\/i0.wp.com\/joyana.fr\/wp-content\/uploads\/2016\/08\/joyana-logo-black-360x180.png?fit=360%2C180&ssl=1",360,180,true],"large":["https:\/\/i0.wp.com\/joyana.fr\/wp-content\/uploads\/2016\/08\/joyana-logo-black-360x180.png?fit=360%2C180&ssl=1",360,180,true],"1536x1536":["https:\/\/i0.wp.com\/joyana.fr\/wp-content\/uploads\/2016\/08\/joyana-logo-black-360x180.png?fit=360%2C180&ssl=1",360,180,true],"2048x2048":["https:\/\/i0.wp.com\/joyana.fr\/wp-content\/uploads\/2016\/08\/joyana-logo-black-360x180.png?fit=360%2C180&ssl=1",360,180,true],"featured-thumb":["https:\/\/i0.wp.com\/joyana.fr\/wp-content\/uploads\/2016\/08\/joyana-logo-black-360x180.png?resize=360%2C180&ssl=1",360,180,true],"ab-block-post-grid-landscape":["https:\/\/i0.wp.com\/joyana.fr\/wp-content\/uploads\/2016\/08\/joyana-logo-black-360x180.png?resize=360%2C180&ssl=1",360,180,true],"ab-block-post-grid-square":["https:\/\/i0.wp.com\/joyana.fr\/wp-content\/uploads\/2016\/08\/joyana-logo-black-360x180.png?resize=360%2C180&ssl=1",360,180,true],"author-pro-image":["https:\/\/i0.wp.com\/joyana.fr\/wp-content\/uploads\/2016\/08\/joyana-logo-black-360x180.png?resize=360%2C180&ssl=1",360,180,true],"slider":["https:\/\/i0.wp.com\/joyana.fr\/wp-content\/uploads\/2016\/08\/joyana-logo-black-360x180.png?resize=360%2C180&ssl=1",360,180,true],"woocommerce_thumbnail":["https:\/\/i0.wp.com\/joyana.fr\/wp-content\/uploads\/2016\/08\/joyana-logo-black-360x180.png?resize=300%2C180&ssl=1",300,180,true],"woocommerce_single":["https:\/\/i0.wp.com\/joyana.fr\/wp-content\/uploads\/2016\/08\/joyana-logo-black-360x180.png?fit=360%2C180&ssl=1",360,180,true],"woocommerce_gallery_thumbnail":["https:\/\/i0.wp.com\/joyana.fr\/wp-content\/uploads\/2016\/08\/joyana-logo-black-360x180.png?resize=180%2C180&ssl=1",180,180,true],"sow-carousel-default":["https:\/\/i0.wp.com\/joyana.fr\/wp-content\/uploads\/2016\/08\/joyana-logo-black-360x180.png?resize=272%2C180&ssl=1",272,180,true]},"post_excerpt_stackable":"<p>La Bergerie est Le lieu que j&#8217;attendais depuis tr\u00e8s longtemps \u00e0 Marseille !!! Mode, design, art, culture et m\u00eame coiffure&#8230; Un concept-store cr\u00e9\u00e9 par Florent Berge, rejoint par Christophe Bailleux qui est le cr\u00e9ateur de l&#8217;AD (association de designers), et Josef -coiffeur depuis 20 ans, qui nous vient directement de Londres, o\u00f9 il travaillait pour Tony&amp;Guy&#8230; Un trio qui marche !!! En effet j&#8217;ai \u00e9t\u00e9 s\u00e9duit d\u00e9s mon entr\u00e9e dans ce lieu tellement original. Un ancien garage de plus de 200M2, r\u00e9nov\u00e9 mais pas transform\u00e9. Florent a su garder l&#8217;\u00e2me du lieu, avec par exemple la cabine de peinture toujours&hellip;<\/p>\n","category_list":"<a href=\"https:\/\/joyana.fr\/en\/category\/blog\/lifestyle\/\" rel=\"category tag\">LIFESTYLE<\/a>, <a href=\"https:\/\/joyana.fr\/en\/category\/blog\/mode-homme\/\" rel=\"category tag\">MODE HOMME<\/a>","author_info":{"display_name":"Jo Yana","author_link":"https:\/\/joyana.fr\/en\/author\/joyana\/"},"comments_num":"5 comments","featured_image_urls_v2":{"full":["https:\/\/i0.wp.com\/joyana.fr\/wp-content\/uploads\/2016\/08\/joyana-logo-black-360x180.png?fit=360%2C180&ssl=1",360,180,false],"thumbnail":["https:\/\/i0.wp.com\/joyana.fr\/wp-content\/uploads\/2016\/08\/joyana-logo-black-360x180.png?resize=150%2C150&ssl=1",150,150,true],"medium":["https:\/\/i0.wp.com\/joyana.fr\/wp-content\/uploads\/2016\/08\/joyana-logo-black-360x180.png?fit=360%2C180&ssl=1",360,180,true],"medium_large":["https:\/\/i0.wp.com\/joyana.fr\/wp-content\/uploads\/2016\/08\/joyana-logo-black-360x180.png?fit=360%2C180&ssl=1",360,180,true],"large":["https:\/\/i0.wp.com\/joyana.fr\/wp-content\/uploads\/2016\/08\/joyana-logo-black-360x180.png?fit=360%2C180&ssl=1",360,180,true],"1536x1536":["https:\/\/i0.wp.com\/joyana.fr\/wp-content\/uploads\/2016\/08\/joyana-logo-black-360x180.png?fit=360%2C180&ssl=1",360,180,true],"2048x2048":["https:\/\/i0.wp.com\/joyana.fr\/wp-content\/uploads\/2016\/08\/joyana-logo-black-360x180.png?fit=360%2C180&ssl=1",360,180,true],"featured-thumb":["https:\/\/i0.wp.com\/joyana.fr\/wp-content\/uploads\/2016\/08\/joyana-logo-black-360x180.png?resize=360%2C180&ssl=1",360,180,true],"ab-block-post-grid-landscape":["https:\/\/i0.wp.com\/joyana.fr\/wp-content\/uploads\/2016\/08\/joyana-logo-black-360x180.png?resize=360%2C180&ssl=1",360,180,true],"ab-block-post-grid-square":["https:\/\/i0.wp.com\/joyana.fr\/wp-content\/uploads\/2016\/08\/joyana-logo-black-360x180.png?resize=360%2C180&ssl=1",360,180,true],"author-pro-image":["https:\/\/i0.wp.com\/joyana.fr\/wp-content\/uploads\/2016\/08\/joyana-logo-black-360x180.png?resize=360%2C180&ssl=1",360,180,true],"slider":["https:\/\/i0.wp.com\/joyana.fr\/wp-content\/uploads\/2016\/08\/joyana-logo-black-360x180.png?resize=360%2C180&ssl=1",360,180,true],"woocommerce_thumbnail":["https:\/\/i0.wp.com\/joyana.fr\/wp-content\/uploads\/2016\/08\/joyana-logo-black-360x180.png?resize=300%2C180&ssl=1",300,180,true],"woocommerce_single":["https:\/\/i0.wp.com\/joyana.fr\/wp-content\/uploads\/2016\/08\/joyana-logo-black-360x180.png?fit=360%2C180&ssl=1",360,180,true],"woocommerce_gallery_thumbnail":["https:\/\/i0.wp.com\/joyana.fr\/wp-content\/uploads\/2016\/08\/joyana-logo-black-360x180.png?resize=180%2C180&ssl=1",180,180,true],"sow-carousel-default":["https:\/\/i0.wp.com\/joyana.fr\/wp-content\/uploads\/2016\/08\/joyana-logo-black-360x180.png?resize=272%2C180&ssl=1",272,180,true]},"post_excerpt_stackable_v2":"<p>La Bergerie est Le lieu que j&#8217;attendais depuis tr\u00e8s longtemps \u00e0 Marseille !!! Mode, design, art, culture et m\u00eame coiffure&#8230; Un concept-store cr\u00e9\u00e9 par Florent Berge, rejoint par Christophe Bailleux qui est le cr\u00e9ateur de l&#8217;AD (association de designers), et Josef -coiffeur depuis 20 ans, qui nous vient directement de Londres, o\u00f9 il travaillait pour Tony&amp;Guy&#8230; Un trio qui marche !!! En effet j&#8217;ai \u00e9t\u00e9 s\u00e9duit d\u00e9s mon entr\u00e9e dans ce lieu tellement original. Un ancien garage de plus de 200M2, r\u00e9nov\u00e9 mais pas transform\u00e9. Florent a su garder l&#8217;\u00e2me du lieu, avec par exemple la cabine de peinture toujours&hellip;<\/p>\n","category_list_v2":"<a href=\"https:\/\/joyana.fr\/en\/category\/blog\/lifestyle\/\" rel=\"category tag\">LIFESTYLE<\/a>, <a href=\"https:\/\/joyana.fr\/en\/category\/blog\/mode-homme\/\" rel=\"category tag\">MODE HOMME<\/a>","author_info_v2":{"name":"Jo Yana","url":"https:\/\/joyana.fr\/en\/author\/joyana\/"},"comments_num_v2":"5 comments","yoast_head":"<!-- This site is optimized with the Yoast SEO plugin v26.8 - https:\/\/yoast.com\/product\/yoast-seo-wordpress\/ -->\n<title>LA BERGERIE - JO YANA<\/title>\n<meta name=\"robots\" content=\"index, follow, max-snippet:-1, max-image-preview:large, max-video-preview:-1\" \/>\n<link rel=\"canonical\" href=\"https:\/\/joyana.fr\/en\/la-bergerie\/1457\/\" \/>\n<meta property=\"og:locale\" content=\"en_US\" \/>\n<meta property=\"og:locale:alternate\" content=\"fr_FR\" \/>\n<meta property=\"og:locale:alternate\" content=\"ja\" \/>\n<meta property=\"og:type\" content=\"article\" \/>\n<meta property=\"og:title\" content=\"LA BERGERIE - JO YANA\" \/>\n<meta property=\"og:description\" content=\"La Bergerie est Le lieu que j&#8217;attendais depuis tr\u00e8s longtemps \u00e0 Marseille !!! Mode, design, art, culture et m\u00eame coiffure&#8230;\" \/>\n<meta property=\"og:url\" content=\"https:\/\/joyana.fr\/en\/la-bergerie\/1457\/\" \/>\n<meta property=\"og:site_name\" content=\"JO YANA\" \/>\n<meta property=\"article:published_time\" content=\"2010-03-14T11:21:56+00:00\" \/>\n<meta property=\"og:image\" content=\"https:\/\/joyana.fr\/wp-content\/uploads\/2016\/08\/joyana-logo-black-360x180.png\" \/>\n\t<meta property=\"og:image:width\" content=\"360\" \/>\n\t<meta property=\"og:image:height\" content=\"180\" \/>\n\t<meta property=\"og:image:type\" content=\"image\/png\" \/>\n<meta name=\"author\" content=\"Jo Yana\" \/>\n<meta name=\"twitter:card\" content=\"summary_large_image\" \/>\n<meta name=\"twitter:creator\" content=\"@Jo_Yana\" \/>\n<meta name=\"twitter:site\" content=\"@Jo_Yana\" \/>\n<meta name=\"twitter:label1\" content=\"Written by\" \/>\n\t<meta name=\"twitter:data1\" content=\"Jo Yana\" \/>\n\t<meta name=\"twitter:label2\" content=\"Est. reading time\" \/>\n\t<meta name=\"twitter:data2\" content=\"2 minutes\" \/>\n<script type=\"application\/ld+json\" class=\"yoast-schema-graph\">{\"@context\":\"https:\/\/schema.org\",\"@graph\":[{\"@type\":\"Article\",\"@id\":\"https:\/\/joyana.fr\/en\/la-bergerie\/1457\/#article\",\"isPartOf\":{\"@id\":\"https:\/\/joyana.fr\/en\/la-bergerie\/1457\/\"},\"author\":{\"name\":\"Jo Yana\",\"@id\":\"https:\/\/joyana.fr\/#\/schema\/person\/cf2a1ad12a27c12c21801075bf37407c\"},\"headline\":\"LA BERGERIE\",\"datePublished\":\"2010-03-14T11:21:56+00:00\",\"mainEntityOfPage\":{\"@id\":\"https:\/\/joyana.fr\/en\/la-bergerie\/1457\/\"},\"wordCount\":320,\"commentCount\":5,\"publisher\":{\"@id\":\"https:\/\/joyana.fr\/#\/schema\/person\/cf2a1ad12a27c12c21801075bf37407c\"},\"image\":{\"@id\":\"https:\/\/joyana.fr\/en\/la-bergerie\/1457\/#primaryimage\"},\"thumbnailUrl\":\"https:\/\/i0.wp.com\/joyana.fr\/wp-content\/uploads\/2016\/08\/joyana-logo-black-360x180.png?fit=360%2C180&ssl=1\",\"keywords\":[\"Alexander McQUEEN\",\"Concept-Store\",\"Marseille\"],\"articleSection\":[\"LIFESTYLE\",\"MODE HOMME\"],\"inLanguage\":\"en-US\",\"potentialAction\":[{\"@type\":\"CommentAction\",\"name\":\"Comment\",\"target\":[\"https:\/\/joyana.fr\/en\/la-bergerie\/1457\/#respond\"]}]},{\"@type\":\"WebPage\",\"@id\":\"https:\/\/joyana.fr\/en\/la-bergerie\/1457\/\",\"url\":\"https:\/\/joyana.fr\/en\/la-bergerie\/1457\/\",\"name\":\"LA BERGERIE - JO YANA\",\"isPartOf\":{\"@id\":\"https:\/\/joyana.fr\/#website\"},\"primaryImageOfPage\":{\"@id\":\"https:\/\/joyana.fr\/en\/la-bergerie\/1457\/#primaryimage\"},\"image\":{\"@id\":\"https:\/\/joyana.fr\/en\/la-bergerie\/1457\/#primaryimage\"},\"thumbnailUrl\":\"https:\/\/i0.wp.com\/joyana.fr\/wp-content\/uploads\/2016\/08\/joyana-logo-black-360x180.png?fit=360%2C180&ssl=1\",\"datePublished\":\"2010-03-14T11:21:56+00:00\",\"breadcrumb\":{\"@id\":\"https:\/\/joyana.fr\/en\/la-bergerie\/1457\/#breadcrumb\"},\"inLanguage\":\"en-US\",\"potentialAction\":[{\"@type\":\"ReadAction\",\"target\":[\"https:\/\/joyana.fr\/en\/la-bergerie\/1457\/\"]}]},{\"@type\":\"ImageObject\",\"inLanguage\":\"en-US\",\"@id\":\"https:\/\/joyana.fr\/en\/la-bergerie\/1457\/#primaryimage\",\"url\":\"https:\/\/i0.wp.com\/joyana.fr\/wp-content\/uploads\/2016\/08\/joyana-logo-black-360x180.png?fit=360%2C180&ssl=1\",\"contentUrl\":\"https:\/\/i0.wp.com\/joyana.fr\/wp-content\/uploads\/2016\/08\/joyana-logo-black-360x180.png?fit=360%2C180&ssl=1\",\"width\":360,\"height\":180,\"caption\":\"logo joyana.fr\"},{\"@type\":\"BreadcrumbList\",\"@id\":\"https:\/\/joyana.fr\/en\/la-bergerie\/1457\/#breadcrumb\",\"itemListElement\":[{\"@type\":\"ListItem\",\"position\":1,\"name\":\"Accueil\",\"item\":\"https:\/\/joyana.fr\/\"},{\"@type\":\"ListItem\",\"position\":2,\"name\":\"LA BERGERIE\"}]},{\"@type\":\"WebSite\",\"@id\":\"https:\/\/joyana.fr\/#website\",\"url\":\"https:\/\/joyana.fr\/\",\"name\":\"JO YANA\",\"description\":\"Blog Mode Homme, Lifestyle, D\u00e9co-Design\",\"publisher\":{\"@id\":\"https:\/\/joyana.fr\/#\/schema\/person\/cf2a1ad12a27c12c21801075bf37407c\"},\"potentialAction\":[{\"@type\":\"SearchAction\",\"target\":{\"@type\":\"EntryPoint\",\"urlTemplate\":\"https:\/\/joyana.fr\/?s={search_term_string}\"},\"query-input\":{\"@type\":\"PropertyValueSpecification\",\"valueRequired\":true,\"valueName\":\"search_term_string\"}}],\"inLanguage\":\"en-US\"},{\"@type\":[\"Person\",\"Organization\"],\"@id\":\"https:\/\/joyana.fr\/#\/schema\/person\/cf2a1ad12a27c12c21801075bf37407c\",\"name\":\"Jo Yana\",\"image\":{\"@type\":\"ImageObject\",\"inLanguage\":\"en-US\",\"@id\":\"https:\/\/joyana.fr\/#\/schema\/person\/image\/\",\"url\":\"https:\/\/i0.wp.com\/joyana.fr\/wp-content\/uploads\/2016\/08\/cropped-joyana-logo-black-360x180.png?fit=343%2C164&ssl=1\",\"contentUrl\":\"https:\/\/i0.wp.com\/joyana.fr\/wp-content\/uploads\/2016\/08\/cropped-joyana-logo-black-360x180.png?fit=343%2C164&ssl=1\",\"width\":343,\"height\":164,\"caption\":\"Jo Yana\"},\"logo\":{\"@id\":\"https:\/\/joyana.fr\/#\/schema\/person\/image\/\"},\"description\":\"Jo Yana est le cr\u00e9ateur et r\u00e9dacteur en chef des sites DECO-DESIGN. Passionn\u00e9 de Design, Mode, Photo, Luxe, Lifestyle, Musique, mais avant tout Blogueur ! Le plaisir de partager l'anime et a comme devise \\\"POUR L'AMOUR DU BEAU\\\". Retrouvez le aussi sur son blog personnel - https:\/\/joyana.fr...\",\"sameAs\":[\"https:\/\/joyana.fr\/\"],\"url\":\"https:\/\/joyana.fr\/en\/author\/joyana\/\"}]}<\/script>\n<!-- \/ Yoast SEO plugin. -->","yoast_head_json":{"title":"LA BERGERIE - JO YANA","robots":{"index":"index","follow":"follow","max-snippet":"max-snippet:-1","max-image-preview":"max-image-preview:large","max-video-preview":"max-video-preview:-1"},"canonical":"https:\/\/joyana.fr\/en\/la-bergerie\/1457\/","og_locale":"en_US","og_type":"article","og_title":"LA BERGERIE - JO YANA","og_description":"La Bergerie est Le lieu que j&#8217;attendais depuis tr\u00e8s longtemps \u00e0 Marseille !!! Mode, design, art, culture et m\u00eame coiffure&#8230;","og_url":"https:\/\/joyana.fr\/en\/la-bergerie\/1457\/","og_site_name":"JO YANA","article_published_time":"2010-03-14T11:21:56+00:00","og_image":[{"width":360,"height":180,"url":"https:\/\/joyana.fr\/wp-content\/uploads\/2016\/08\/joyana-logo-black-360x180.png","type":"image\/png"}],"author":"Jo Yana","twitter_card":"summary_large_image","twitter_creator":"@Jo_Yana","twitter_site":"@Jo_Yana","twitter_misc":{"Written by":"Jo Yana","Est. reading time":"2 minutes"},"schema":{"@context":"https:\/\/schema.org","@graph":[{"@type":"Article","@id":"https:\/\/joyana.fr\/en\/la-bergerie\/1457\/#article","isPartOf":{"@id":"https:\/\/joyana.fr\/en\/la-bergerie\/1457\/"},"author":{"name":"Jo Yana","@id":"https:\/\/joyana.fr\/#\/schema\/person\/cf2a1ad12a27c12c21801075bf37407c"},"headline":"LA BERGERIE","datePublished":"2010-03-14T11:21:56+00:00","mainEntityOfPage":{"@id":"https:\/\/joyana.fr\/en\/la-bergerie\/1457\/"},"wordCount":320,"commentCount":5,"publisher":{"@id":"https:\/\/joyana.fr\/#\/schema\/person\/cf2a1ad12a27c12c21801075bf37407c"},"image":{"@id":"https:\/\/joyana.fr\/en\/la-bergerie\/1457\/#primaryimage"},"thumbnailUrl":"https:\/\/i0.wp.com\/joyana.fr\/wp-content\/uploads\/2016\/08\/joyana-logo-black-360x180.png?fit=360%2C180&ssl=1","keywords":["Alexander McQUEEN","Concept-Store","Marseille"],"articleSection":["LIFESTYLE","MODE HOMME"],"inLanguage":"en-US","potentialAction":[{"@type":"CommentAction","name":"Comment","target":["https:\/\/joyana.fr\/en\/la-bergerie\/1457\/#respond"]}]},{"@type":"WebPage","@id":"https:\/\/joyana.fr\/en\/la-bergerie\/1457\/","url":"https:\/\/joyana.fr\/en\/la-bergerie\/1457\/","name":"LA BERGERIE - JO YANA","isPartOf":{"@id":"https:\/\/joyana.fr\/#website"},"primaryImageOfPage":{"@id":"https:\/\/joyana.fr\/en\/la-bergerie\/1457\/#primaryimage"},"image":{"@id":"https:\/\/joyana.fr\/en\/la-bergerie\/1457\/#primaryimage"},"thumbnailUrl":"https:\/\/i0.wp.com\/joyana.fr\/wp-content\/uploads\/2016\/08\/joyana-logo-black-360x180.png?fit=360%2C180&ssl=1","datePublished":"2010-03-14T11:21:56+00:00","breadcrumb":{"@id":"https:\/\/joyana.fr\/en\/la-bergerie\/1457\/#breadcrumb"},"inLanguage":"en-US","potentialAction":[{"@type":"ReadAction","target":["https:\/\/joyana.fr\/en\/la-bergerie\/1457\/"]}]},{"@type":"ImageObject","inLanguage":"en-US","@id":"https:\/\/joyana.fr\/en\/la-bergerie\/1457\/#primaryimage","url":"https:\/\/i0.wp.com\/joyana.fr\/wp-content\/uploads\/2016\/08\/joyana-logo-black-360x180.png?fit=360%2C180&ssl=1","contentUrl":"https:\/\/i0.wp.com\/joyana.fr\/wp-content\/uploads\/2016\/08\/joyana-logo-black-360x180.png?fit=360%2C180&ssl=1","width":360,"height":180,"caption":"logo joyana.fr"},{"@type":"BreadcrumbList","@id":"https:\/\/joyana.fr\/en\/la-bergerie\/1457\/#breadcrumb","itemListElement":[{"@type":"ListItem","position":1,"name":"Accueil","item":"https:\/\/joyana.fr\/"},{"@type":"ListItem","position":2,"name":"LA BERGERIE"}]},{"@type":"WebSite","@id":"https:\/\/joyana.fr\/#website","url":"https:\/\/joyana.fr\/","name":"JO YANA","description":"Blog Mode Homme, Lifestyle, D\u00e9co-Design","publisher":{"@id":"https:\/\/joyana.fr\/#\/schema\/person\/cf2a1ad12a27c12c21801075bf37407c"},"potentialAction":[{"@type":"SearchAction","target":{"@type":"EntryPoint","urlTemplate":"https:\/\/joyana.fr\/?s={search_term_string}"},"query-input":{"@type":"PropertyValueSpecification","valueRequired":true,"valueName":"search_term_string"}}],"inLanguage":"en-US"},{"@type":["Person","Organization"],"@id":"https:\/\/joyana.fr\/#\/schema\/person\/cf2a1ad12a27c12c21801075bf37407c","name":"Jo Yana","image":{"@type":"ImageObject","inLanguage":"en-US","@id":"https:\/\/joyana.fr\/#\/schema\/person\/image\/","url":"https:\/\/i0.wp.com\/joyana.fr\/wp-content\/uploads\/2016\/08\/cropped-joyana-logo-black-360x180.png?fit=343%2C164&ssl=1","contentUrl":"https:\/\/i0.wp.com\/joyana.fr\/wp-content\/uploads\/2016\/08\/cropped-joyana-logo-black-360x180.png?fit=343%2C164&ssl=1","width":343,"height":164,"caption":"Jo Yana"},"logo":{"@id":"https:\/\/joyana.fr\/#\/schema\/person\/image\/"},"description":"Jo Yana est le cr\u00e9ateur et r\u00e9dacteur en chef des sites DECO-DESIGN. Passionn\u00e9 de Design, Mode, Photo, Luxe, Lifestyle, Musique, mais avant tout Blogueur ! Le plaisir de partager l'anime et a comme devise \"POUR L'AMOUR DU BEAU\". Retrouvez le aussi sur son blog personnel - https:\/\/joyana.fr...","sameAs":["https:\/\/joyana.fr\/"],"url":"https:\/\/joyana.fr\/en\/author\/joyana\/"}]}},"author_meta":{"display_name":"Jo Yana","author_link":"https:\/\/joyana.fr\/en\/author\/joyana\/"},"featured_img":"https:\/\/i0.wp.com\/joyana.fr\/wp-content\/uploads\/2016\/08\/joyana-logo-black-360x180.png?fit=360%2C180&ssl=1","featured_image_src":"https:\/\/i0.wp.com\/joyana.fr\/wp-content\/uploads\/2016\/08\/joyana-logo-black-360x180.png?resize=360%2C180&ssl=1","featured_image_src_square":"https:\/\/i0.wp.com\/joyana.fr\/wp-content\/uploads\/2016\/08\/joyana-logo-black-360x180.png?resize=360%2C180&ssl=1","jetpack_featured_media_url":"https:\/\/i0.wp.com\/joyana.fr\/wp-content\/uploads\/2016\/08\/joyana-logo-black-360x180.png?fit=360%2C180&ssl=1","uagb_featured_image_src":{"full":["https:\/\/i0.wp.com\/joyana.fr\/wp-content\/uploads\/2016\/08\/joyana-logo-black-360x180.png?fit=360%2C180&ssl=1",360,180,false],"thumbnail":["https:\/\/i0.wp.com\/joyana.fr\/wp-content\/uploads\/2016\/08\/joyana-logo-black-360x180.png?resize=150%2C150&ssl=1",150,150,true],"medium":["https:\/\/i0.wp.com\/joyana.fr\/wp-content\/uploads\/2016\/08\/joyana-logo-black-360x180.png?fit=360%2C180&ssl=1",360,180,true],"medium_large":["https:\/\/i0.wp.com\/joyana.fr\/wp-content\/uploads\/2016\/08\/joyana-logo-black-360x180.png?fit=360%2C180&ssl=1",360,180,true],"large":["https:\/\/i0.wp.com\/joyana.fr\/wp-content\/uploads\/2016\/08\/joyana-logo-black-360x180.png?fit=360%2C180&ssl=1",360,180,true],"1536x1536":["https:\/\/i0.wp.com\/joyana.fr\/wp-content\/uploads\/2016\/08\/joyana-logo-black-360x180.png?fit=360%2C180&ssl=1",360,180,true],"2048x2048":["https:\/\/i0.wp.com\/joyana.fr\/wp-content\/uploads\/2016\/08\/joyana-logo-black-360x180.png?fit=360%2C180&ssl=1",360,180,true],"featured-thumb":["https:\/\/i0.wp.com\/joyana.fr\/wp-content\/uploads\/2016\/08\/joyana-logo-black-360x180.png?resize=360%2C180&ssl=1",360,180,true],"ab-block-post-grid-landscape":["https:\/\/i0.wp.com\/joyana.fr\/wp-content\/uploads\/2016\/08\/joyana-logo-black-360x180.png?resize=360%2C180&ssl=1",360,180,true],"ab-block-post-grid-square":["https:\/\/i0.wp.com\/joyana.fr\/wp-content\/uploads\/2016\/08\/joyana-logo-black-360x180.png?resize=360%2C180&ssl=1",360,180,true],"author-pro-image":["https:\/\/i0.wp.com\/joyana.fr\/wp-content\/uploads\/2016\/08\/joyana-logo-black-360x180.png?resize=360%2C180&ssl=1",360,180,true],"slider":["https:\/\/i0.wp.com\/joyana.fr\/wp-content\/uploads\/2016\/08\/joyana-logo-black-360x180.png?resize=360%2C180&ssl=1",360,180,true],"woocommerce_thumbnail":["https:\/\/i0.wp.com\/joyana.fr\/wp-content\/uploads\/2016\/08\/joyana-logo-black-360x180.png?resize=300%2C180&ssl=1",300,180,true],"woocommerce_single":["https:\/\/i0.wp.com\/joyana.fr\/wp-content\/uploads\/2016\/08\/joyana-logo-black-360x180.png?fit=360%2C180&ssl=1",360,180,true],"woocommerce_gallery_thumbnail":["https:\/\/i0.wp.com\/joyana.fr\/wp-content\/uploads\/2016\/08\/joyana-logo-black-360x180.png?resize=180%2C180&ssl=1",180,180,true],"sow-carousel-default":["https:\/\/i0.wp.com\/joyana.fr\/wp-content\/uploads\/2016\/08\/joyana-logo-black-360x180.png?resize=272%2C180&ssl=1",272,180,true]},"uagb_author_info":{"display_name":"Jo Yana","author_link":"https:\/\/joyana.fr\/en\/author\/joyana\/"},"uagb_comment_info":5,"uagb_excerpt":"La Bergerie est Le lieu que j&#8217;attendais depuis tr\u00e8s longtemps \u00e0 Marseille !!! Mode, design, art, culture et m\u00eame coiffure&#8230;","coauthors":[],"tax_additional":{"categories":{"linked":["<a href=\"https:\/\/joyana.fr\/en\/category\/blog\/lifestyle\/\" class=\"advgb-post-tax-term\">LIFESTYLE<\/a>","<a href=\"https:\/\/joyana.fr\/en\/category\/blog\/mode-homme\/\" class=\"advgb-post-tax-term\">MODE HOMME<\/a>"],"unlinked":["<span class=\"advgb-post-tax-term\">LIFESTYLE<\/span>","<span class=\"advgb-post-tax-term\">MODE HOMME<\/span>"]},"tags":{"linked":["<a href=\"https:\/\/joyana.fr\/en\/category\/blog\/mode-homme\/\" class=\"advgb-post-tax-term\">Alexander McQUEEN<\/a>","<a href=\"https:\/\/joyana.fr\/en\/category\/blog\/mode-homme\/\" class=\"advgb-post-tax-term\">Concept-Store<\/a>","<a href=\"https:\/\/joyana.fr\/en\/category\/blog\/mode-homme\/\" class=\"advgb-post-tax-term\">Marseille<\/a>"],"unlinked":["<span class=\"advgb-post-tax-term\">Alexander McQUEEN<\/span>","<span class=\"advgb-post-tax-term\">Concept-Store<\/span>","<span class=\"advgb-post-tax-term\">Marseille<\/span>"]}},"comment_count":5,"relative_dates":{"created":"Posted 16 years ago","modified":"Updated 16 years ago"},"absolute_dates":{"created":"Posted on 14 March 2010","modified":"Updated on 14 March 2010"},"absolute_dates_time":{"created":"Posted on 14 March 2010 12:21","modified":"Updated on 14 March 2010 12:21"},"featured_img_caption":"","series_order":"","jetpack_sharing_enabled":true,"jetpack_shortlink":"https:\/\/wp.me\/p9bteI-nv","jetpack-related-posts":[],"_links":{"self":[{"href":"https:\/\/joyana.fr\/en\/wp-json\/wp\/v2\/posts\/1457","targetHints":{"allow":["GET"]}}],"collection":[{"href":"https:\/\/joyana.fr\/en\/wp-json\/wp\/v2\/posts"}],"about":[{"href":"https:\/\/joyana.fr\/en\/wp-json\/wp\/v2\/types\/post"}],"author":[{"embeddable":true,"href":"https:\/\/joyana.fr\/en\/wp-json\/wp\/v2\/users\/3"}],"replies":[{"embeddable":true,"href":"https:\/\/joyana.fr\/en\/wp-json\/wp\/v2\/comments?post=1457"}],"version-history":[{"count":0,"href":"https:\/\/joyana.fr\/en\/wp-json\/wp\/v2\/posts\/1457\/revisions"}],"wp:featuredmedia":[{"embeddable":true,"href":"https:\/\/joyana.fr\/en\/wp-json\/wp\/v2\/media\/124300"}],"wp:attachment":[{"href":"https:\/\/joyana.fr\/en\/wp-json\/wp\/v2\/media?parent=1457"}],"wp:term":[{"taxonomy":"category","embeddable":true,"href":"https:\/\/joyana.fr\/en\/wp-json\/wp\/v2\/categories?post=1457"},{"taxonomy":"post_tag","embeddable":true,"href":"https:\/\/joyana.fr\/en\/wp-json\/wp\/v2\/tags?post=1457"}],"curies":[{"name":"wp","href":"https:\/\/api.w.org\/{rel}","templated":true}]}}