{"id":3609,"date":"2012-07-18T07:19:16","date_gmt":"2012-07-18T05:19:16","guid":{"rendered":"https:\/\/joyana.fr\/?p=3609"},"modified":"2012-07-18T07:19:16","modified_gmt":"2012-07-18T05:19:16","slug":"green-camo","status":"publish","type":"post","link":"https:\/\/joyana.fr\/en\/green-camo\/3609\/","title":{"rendered":"GREEN CAMO"},"content":{"rendered":"<p><a href=\"https:\/\/i0.wp.com\/joyana.fr\/wp-content\/uploads\/2012\/07\/GREEN-CAMO-BLOG2.jpg?ssl=1\"><img data-recalc-dims=\"1\" fetchpriority=\"high\" decoding=\"async\" data-attachment-id=\"3612\" data-permalink=\"https:\/\/joyana.fr\/en\/green-camo\/3609\/green-camo-blog-3\/\" data-orig-file=\"https:\/\/i0.wp.com\/joyana.fr\/wp-content\/uploads\/2012\/07\/GREEN-CAMO-BLOG2.jpg?fit=750%2C499&amp;ssl=1\" data-orig-size=\"750,499\" data-comments-opened=\"1\" data-image-meta=\"{&quot;aperture&quot;:&quot;0&quot;,&quot;credit&quot;:&quot;&quot;,&quot;camera&quot;:&quot;&quot;,&quot;caption&quot;:&quot;&quot;,&quot;created_timestamp&quot;:&quot;0&quot;,&quot;copyright&quot;:&quot;&quot;,&quot;focal_length&quot;:&quot;0&quot;,&quot;iso&quot;:&quot;0&quot;,&quot;shutter_speed&quot;:&quot;0&quot;,&quot;title&quot;:&quot;&quot;,&quot;orientation&quot;:&quot;0&quot;}\" data-image-title=\"GREEN CAMO\" data-image-description=\"&lt;p&gt;GREEN CAMO&lt;\/p&gt;\n\" data-image-caption=\"\" data-medium-file=\"https:\/\/i0.wp.com\/joyana.fr\/wp-content\/uploads\/2012\/07\/GREEN-CAMO-BLOG2.jpg?fit=389%2C259&amp;ssl=1\" data-large-file=\"https:\/\/i0.wp.com\/joyana.fr\/wp-content\/uploads\/2012\/07\/GREEN-CAMO-BLOG2.jpg?fit=750%2C499&amp;ssl=1\" class=\"alignnone size-large wp-image-3612\" title=\"GREEN CAMO\" alt=\"\" src=\"https:\/\/i0.wp.com\/joyana.fr\/wp-content\/uploads\/2012\/07\/GREEN-CAMO-BLOG2.jpg?resize=650%2C432&#038;ssl=1\" width=\"650\" height=\"432\" \/><\/a><\/p>\n<p>De passage au <a title=\"ALL SEASONS menton\" href=\"https:\/\/joyana.fr\/hotel-all-seasons-menton-france-accor\/10252\/\" target=\"_blank\"><strong>ALL SEASONS de Menton<\/strong><\/a>, je vous propose un look estival avec un <strong>cheich camo<\/strong> qui fait toute la diff\u00e9rence&#8230;<\/p>\n<p><!--more--><\/p>\n<p><img data-recalc-dims=\"1\" decoding=\"async\" data-attachment-id=\"3614\" data-permalink=\"https:\/\/joyana.fr\/en\/green-camo\/3609\/green-camo-detail\/\" data-orig-file=\"https:\/\/i0.wp.com\/joyana.fr\/wp-content\/uploads\/2012\/07\/GREEN-CAMO-DETAIL.jpg?fit=650%2C650&amp;ssl=1\" data-orig-size=\"650,650\" data-comments-opened=\"1\" data-image-meta=\"{&quot;aperture&quot;:&quot;0&quot;,&quot;credit&quot;:&quot;&quot;,&quot;camera&quot;:&quot;&quot;,&quot;caption&quot;:&quot;&quot;,&quot;created_timestamp&quot;:&quot;0&quot;,&quot;copyright&quot;:&quot;&quot;,&quot;focal_length&quot;:&quot;0&quot;,&quot;iso&quot;:&quot;0&quot;,&quot;shutter_speed&quot;:&quot;0&quot;,&quot;title&quot;:&quot;&quot;,&quot;orientation&quot;:&quot;0&quot;}\" data-image-title=\"GREEN-CAMO-DETAIL\" data-image-description=\"&lt;p&gt;green camo d\u00e9tail&lt;\/p&gt;\n\" data-image-caption=\"\" data-medium-file=\"https:\/\/i0.wp.com\/joyana.fr\/wp-content\/uploads\/2012\/07\/GREEN-CAMO-DETAIL.jpg?fit=389%2C389&amp;ssl=1\" data-large-file=\"https:\/\/i0.wp.com\/joyana.fr\/wp-content\/uploads\/2012\/07\/GREEN-CAMO-DETAIL.jpg?fit=650%2C650&amp;ssl=1\" class=\"alignnone size-full wp-image-3614\" title=\"GREEN-CAMO-DETAIL\" alt=\"\" src=\"https:\/\/i0.wp.com\/joyana.fr\/wp-content\/uploads\/2012\/07\/GREEN-CAMO-DETAIL.jpg?resize=650%2C650&#038;ssl=1\" width=\"650\" height=\"650\" srcset=\"https:\/\/i0.wp.com\/joyana.fr\/wp-content\/uploads\/2012\/07\/GREEN-CAMO-DETAIL.jpg?w=650&amp;ssl=1 650w, https:\/\/i0.wp.com\/joyana.fr\/wp-content\/uploads\/2012\/07\/GREEN-CAMO-DETAIL.jpg?resize=300%2C300&amp;ssl=1 300w, https:\/\/i0.wp.com\/joyana.fr\/wp-content\/uploads\/2012\/07\/GREEN-CAMO-DETAIL.jpg?resize=100%2C100&amp;ssl=1 100w, https:\/\/i0.wp.com\/joyana.fr\/wp-content\/uploads\/2012\/07\/GREEN-CAMO-DETAIL.jpg?resize=600%2C600&amp;ssl=1 600w\" sizes=\"(max-width: 650px) 100vw, 650px\" \/><\/p>\n<ul>\n<li style=\"text-align: center;\">T-shirt <a title=\"T-SHIRT ZARA \" href=\"https:\/\/joyana.fr\/t-shirt-deluxe-zara\/3160\/\" target=\"_blank\">DELUXE ZARA<\/a><\/li>\n<li style=\"text-align: center;\">Chino <a title=\"SIXPACK\" href=\"http:\/\/www.sixpack.fr\/shop\/\" target=\"_blank\">SIXPACK<\/a><\/li>\n<li style=\"text-align: center;\">Sandales <a title=\"RAF SIMONS\" href=\"http:\/\/www.rafsimons.com\/\" target=\"_blank\">RAF SIMONS<\/a><\/li>\n<li style=\"text-align: center;\">Cheich camo <a title=\"IKKS\" href=\"http:\/\/clk.tradedoubler.com\/click?p=93837&amp;a=2128477&amp;g=20573500\" target=\"_blank\">IKKS<\/a><\/li>\n<li style=\"text-align: center;\">Bracelet <a title=\"MIAISAI\" href=\"http:\/\/www.miansai.com\/shop\/home.php\" target=\"_blank\">MIANSAI<\/a><\/li>\n<\/ul>\n<ul>\n<li style=\"text-align: center;\">Mat\u00e9riel Photo : Sony NEX 5 + Sony 2.8\/16mm<\/li>\n<\/ul>\n<p>&nbsp;<\/p>\n","protected":false},"excerpt":{"rendered":"<p>De passage au ALL SEASONS de Menton, je vous propose un look estival avec un cheich camo qui fait toute la diff\u00e9rence&#8230;<\/p>\n","protected":false},"author":3,"featured_media":3612,"comment_status":"open","ping_status":"open","sticky":false,"template":"","format":"standard","meta":{"_coblocks_attr":"","_coblocks_dimensions":"","_coblocks_responsive_height":"","_coblocks_accordion_ie_support":"","_uag_custom_page_level_css":"","advgb_blocks_editor_width":"","advgb_blocks_columns_visual_guide":"","_genesis_hide_title":false,"_genesis_hide_breadcrumbs":false,"_genesis_hide_singular_image":false,"_genesis_hide_footer_widgets":false,"_genesis_custom_body_class":"","_genesis_custom_post_class":"","_genesis_layout":"","_themeisle_gutenberg_block_has_review":false,"_jetpack_newsletter_access":"","_jetpack_dont_email_post_to_subs":false,"_jetpack_newsletter_tier_id":0,"_jetpack_memberships_contains_paywalled_content":false,"_jetpack_memberships_contains_paid_content":false,"footnotes":""},"categories":[60,136,16],"tags":[96,51,121,55],"class_list":{"0":"post-3609","1":"post","2":"type-post","3":"status-publish","4":"format-standard","5":"has-post-thumbnail","7":"category-blog","8":"category-lookbook","9":"category-mode-homme","10":"tag-camo","11":"tag-raf-simons","12":"tag-sixpack","13":"tag-zara","14":"entry"},"featured_image_urls":{"full":["https:\/\/i0.wp.com\/joyana.fr\/wp-content\/uploads\/2012\/07\/GREEN-CAMO-BLOG2.jpg?fit=750%2C499&ssl=1",750,499,false],"thumbnail":["https:\/\/i0.wp.com\/joyana.fr\/wp-content\/uploads\/2012\/07\/GREEN-CAMO-BLOG2.jpg?resize=150%2C150&ssl=1",150,150,true],"medium":["https:\/\/i0.wp.com\/joyana.fr\/wp-content\/uploads\/2012\/07\/GREEN-CAMO-BLOG2.jpg?fit=389%2C259&ssl=1",389,259,true],"medium_large":["https:\/\/i0.wp.com\/joyana.fr\/wp-content\/uploads\/2012\/07\/GREEN-CAMO-BLOG2.jpg?fit=750%2C499&ssl=1",750,499,true],"large":["https:\/\/i0.wp.com\/joyana.fr\/wp-content\/uploads\/2012\/07\/GREEN-CAMO-BLOG2.jpg?fit=750%2C499&ssl=1",750,499,true],"1536x1536":["https:\/\/i0.wp.com\/joyana.fr\/wp-content\/uploads\/2012\/07\/GREEN-CAMO-BLOG2.jpg?fit=750%2C499&ssl=1",750,499,true],"2048x2048":["https:\/\/i0.wp.com\/joyana.fr\/wp-content\/uploads\/2012\/07\/GREEN-CAMO-BLOG2.jpg?fit=750%2C499&ssl=1",750,499,true],"featured-thumb":["https:\/\/i0.wp.com\/joyana.fr\/wp-content\/uploads\/2012\/07\/GREEN-CAMO-BLOG2.jpg?resize=750%2C499&ssl=1",750,499,true],"ab-block-post-grid-landscape":["https:\/\/i0.wp.com\/joyana.fr\/wp-content\/uploads\/2012\/07\/GREEN-CAMO-BLOG2.jpg?resize=600%2C400&ssl=1",600,400,true],"ab-block-post-grid-square":["https:\/\/i0.wp.com\/joyana.fr\/wp-content\/uploads\/2012\/07\/GREEN-CAMO-BLOG2.jpg?resize=600%2C499&ssl=1",600,499,true],"author-pro-image":["https:\/\/i0.wp.com\/joyana.fr\/wp-content\/uploads\/2012\/07\/GREEN-CAMO-BLOG2.jpg?resize=360%2C499&ssl=1",360,499,true],"slider":["https:\/\/i0.wp.com\/joyana.fr\/wp-content\/uploads\/2012\/07\/GREEN-CAMO-BLOG2.jpg?resize=750%2C400&ssl=1",750,400,true],"woocommerce_thumbnail":["https:\/\/i0.wp.com\/joyana.fr\/wp-content\/uploads\/2012\/07\/GREEN-CAMO-BLOG2.jpg?resize=450%2C450&ssl=1",450,450,true],"woocommerce_single":["https:\/\/i0.wp.com\/joyana.fr\/wp-content\/uploads\/2012\/07\/GREEN-CAMO-BLOG2.jpg?fit=750%2C499&ssl=1",750,499,true],"woocommerce_gallery_thumbnail":["https:\/\/i0.wp.com\/joyana.fr\/wp-content\/uploads\/2012\/07\/GREEN-CAMO-BLOG2.jpg?resize=180%2C180&ssl=1",180,180,true],"sow-carousel-default":["https:\/\/i0.wp.com\/joyana.fr\/wp-content\/uploads\/2012\/07\/GREEN-CAMO-BLOG2.jpg?resize=272%2C182&ssl=1",272,182,true]},"post_excerpt_stackable":"<p>De passage au ALL SEASONS de Menton, je vous propose un look estival avec un cheich camo qui fait toute la diff\u00e9rence&#8230; T-shirt DELUXE ZARA Chino SIXPACK Sandales RAF SIMONS Cheich camo IKKS Bracelet MIANSAI Mat\u00e9riel Photo : Sony NEX 5 + Sony 2.8\/16mm &nbsp;<\/p>\n","category_list":"<a href=\"https:\/\/joyana.fr\/en\/category\/blog\/\" rel=\"category tag\">BLOG<\/a>, <a href=\"https:\/\/joyana.fr\/en\/category\/blog\/lookbook\/\" rel=\"category tag\">LOOKBOOK<\/a>, <a href=\"https:\/\/joyana.fr\/en\/category\/blog\/mode-homme\/\" rel=\"category tag\">MODE HOMME<\/a>","author_info":{"display_name":"Jo Yana","author_link":"https:\/\/joyana.fr\/en\/author\/joyana\/"},"comments_num":"0 comments","featured_image_urls_v2":{"full":["https:\/\/i0.wp.com\/joyana.fr\/wp-content\/uploads\/2012\/07\/GREEN-CAMO-BLOG2.jpg?fit=750%2C499&ssl=1",750,499,false],"thumbnail":["https:\/\/i0.wp.com\/joyana.fr\/wp-content\/uploads\/2012\/07\/GREEN-CAMO-BLOG2.jpg?resize=150%2C150&ssl=1",150,150,true],"medium":["https:\/\/i0.wp.com\/joyana.fr\/wp-content\/uploads\/2012\/07\/GREEN-CAMO-BLOG2.jpg?fit=389%2C259&ssl=1",389,259,true],"medium_large":["https:\/\/i0.wp.com\/joyana.fr\/wp-content\/uploads\/2012\/07\/GREEN-CAMO-BLOG2.jpg?fit=750%2C499&ssl=1",750,499,true],"large":["https:\/\/i0.wp.com\/joyana.fr\/wp-content\/uploads\/2012\/07\/GREEN-CAMO-BLOG2.jpg?fit=750%2C499&ssl=1",750,499,true],"1536x1536":["https:\/\/i0.wp.com\/joyana.fr\/wp-content\/uploads\/2012\/07\/GREEN-CAMO-BLOG2.jpg?fit=750%2C499&ssl=1",750,499,true],"2048x2048":["https:\/\/i0.wp.com\/joyana.fr\/wp-content\/uploads\/2012\/07\/GREEN-CAMO-BLOG2.jpg?fit=750%2C499&ssl=1",750,499,true],"featured-thumb":["https:\/\/i0.wp.com\/joyana.fr\/wp-content\/uploads\/2012\/07\/GREEN-CAMO-BLOG2.jpg?resize=750%2C499&ssl=1",750,499,true],"ab-block-post-grid-landscape":["https:\/\/i0.wp.com\/joyana.fr\/wp-content\/uploads\/2012\/07\/GREEN-CAMO-BLOG2.jpg?resize=600%2C400&ssl=1",600,400,true],"ab-block-post-grid-square":["https:\/\/i0.wp.com\/joyana.fr\/wp-content\/uploads\/2012\/07\/GREEN-CAMO-BLOG2.jpg?resize=600%2C499&ssl=1",600,499,true],"author-pro-image":["https:\/\/i0.wp.com\/joyana.fr\/wp-content\/uploads\/2012\/07\/GREEN-CAMO-BLOG2.jpg?resize=360%2C499&ssl=1",360,499,true],"slider":["https:\/\/i0.wp.com\/joyana.fr\/wp-content\/uploads\/2012\/07\/GREEN-CAMO-BLOG2.jpg?resize=750%2C400&ssl=1",750,400,true],"woocommerce_thumbnail":["https:\/\/i0.wp.com\/joyana.fr\/wp-content\/uploads\/2012\/07\/GREEN-CAMO-BLOG2.jpg?resize=450%2C450&ssl=1",450,450,true],"woocommerce_single":["https:\/\/i0.wp.com\/joyana.fr\/wp-content\/uploads\/2012\/07\/GREEN-CAMO-BLOG2.jpg?fit=750%2C499&ssl=1",750,499,true],"woocommerce_gallery_thumbnail":["https:\/\/i0.wp.com\/joyana.fr\/wp-content\/uploads\/2012\/07\/GREEN-CAMO-BLOG2.jpg?resize=180%2C180&ssl=1",180,180,true],"sow-carousel-default":["https:\/\/i0.wp.com\/joyana.fr\/wp-content\/uploads\/2012\/07\/GREEN-CAMO-BLOG2.jpg?resize=272%2C182&ssl=1",272,182,true]},"post_excerpt_stackable_v2":"<p>De passage au ALL SEASONS de Menton, je vous propose un look estival avec un cheich camo qui fait toute la diff\u00e9rence&#8230; T-shirt DELUXE ZARA Chino SIXPACK Sandales RAF SIMONS Cheich camo IKKS Bracelet MIANSAI Mat\u00e9riel Photo : Sony NEX 5 + Sony 2.8\/16mm &nbsp;<\/p>\n","category_list_v2":"<a href=\"https:\/\/joyana.fr\/en\/category\/blog\/\" rel=\"category tag\">BLOG<\/a>, <a href=\"https:\/\/joyana.fr\/en\/category\/blog\/lookbook\/\" rel=\"category tag\">LOOKBOOK<\/a>, <a href=\"https:\/\/joyana.fr\/en\/category\/blog\/mode-homme\/\" rel=\"category tag\">MODE HOMME<\/a>","author_info_v2":{"name":"Jo Yana","url":"https:\/\/joyana.fr\/en\/author\/joyana\/"},"comments_num_v2":"0 comments","yoast_head":"<!-- This site is optimized with the Yoast SEO plugin v26.8 - https:\/\/yoast.com\/product\/yoast-seo-wordpress\/ -->\n<title>GREEN CAMO - JO YANA<\/title>\n<meta name=\"robots\" content=\"index, follow, max-snippet:-1, max-image-preview:large, max-video-preview:-1\" \/>\n<link rel=\"canonical\" href=\"https:\/\/joyana.fr\/en\/green-camo\/3609\/\" \/>\n<meta property=\"og:locale\" content=\"en_US\" \/>\n<meta property=\"og:locale:alternate\" content=\"fr_FR\" \/>\n<meta property=\"og:locale:alternate\" content=\"ja\" \/>\n<meta property=\"og:type\" content=\"article\" \/>\n<meta property=\"og:title\" content=\"GREEN CAMO - JO YANA\" \/>\n<meta property=\"og:description\" content=\"De passage au ALL SEASONS de Menton, je vous propose un look estival avec un cheich camo qui fait toute la diff\u00e9rence&#8230;\" \/>\n<meta property=\"og:url\" content=\"https:\/\/joyana.fr\/en\/green-camo\/3609\/\" \/>\n<meta property=\"og:site_name\" content=\"JO YANA\" \/>\n<meta property=\"article:published_time\" content=\"2012-07-18T05:19:16+00:00\" \/>\n<meta property=\"og:image\" content=\"https:\/\/joyana.fr\/wp-content\/uploads\/2012\/07\/GREEN-CAMO-BLOG2.jpg\" \/>\n\t<meta property=\"og:image:width\" content=\"750\" \/>\n\t<meta property=\"og:image:height\" content=\"499\" \/>\n\t<meta property=\"og:image:type\" content=\"image\/jpeg\" \/>\n<meta name=\"author\" content=\"Jo Yana\" \/>\n<meta name=\"twitter:card\" content=\"summary_large_image\" \/>\n<meta name=\"twitter:creator\" content=\"@Jo_Yana\" \/>\n<meta name=\"twitter:site\" content=\"@Jo_Yana\" \/>\n<meta name=\"twitter:label1\" content=\"Written by\" \/>\n\t<meta name=\"twitter:data1\" content=\"Jo Yana\" \/>\n<script type=\"application\/ld+json\" class=\"yoast-schema-graph\">{\"@context\":\"https:\/\/schema.org\",\"@graph\":[{\"@type\":\"Article\",\"@id\":\"https:\/\/joyana.fr\/ja\/green-camo\/3609\/#article\",\"isPartOf\":{\"@id\":\"https:\/\/joyana.fr\/ja\/green-camo\/3609\/\"},\"author\":{\"name\":\"Jo Yana\",\"@id\":\"https:\/\/joyana.fr\/#\/schema\/person\/cf2a1ad12a27c12c21801075bf37407c\"},\"headline\":\"GREEN CAMO\",\"datePublished\":\"2012-07-18T05:19:16+00:00\",\"mainEntityOfPage\":{\"@id\":\"https:\/\/joyana.fr\/ja\/green-camo\/3609\/\"},\"wordCount\":46,\"commentCount\":0,\"publisher\":{\"@id\":\"https:\/\/joyana.fr\/#\/schema\/person\/cf2a1ad12a27c12c21801075bf37407c\"},\"image\":{\"@id\":\"https:\/\/joyana.fr\/ja\/green-camo\/3609\/#primaryimage\"},\"thumbnailUrl\":\"https:\/\/i0.wp.com\/joyana.fr\/wp-content\/uploads\/2012\/07\/GREEN-CAMO-BLOG2.jpg?fit=750%2C499&ssl=1\",\"keywords\":[\"Camo\",\"Raf Simons\",\"Sixpack France\",\"ZARA\"],\"articleSection\":[\"BLOG\",\"LOOKBOOK\",\"MODE HOMME\"],\"inLanguage\":\"en-US\",\"potentialAction\":[{\"@type\":\"CommentAction\",\"name\":\"Comment\",\"target\":[\"https:\/\/joyana.fr\/ja\/green-camo\/3609\/#respond\"]}]},{\"@type\":\"WebPage\",\"@id\":\"https:\/\/joyana.fr\/ja\/green-camo\/3609\/\",\"url\":\"https:\/\/joyana.fr\/ja\/green-camo\/3609\/\",\"name\":\"GREEN CAMO - JO YANA\",\"isPartOf\":{\"@id\":\"https:\/\/joyana.fr\/#website\"},\"primaryImageOfPage\":{\"@id\":\"https:\/\/joyana.fr\/ja\/green-camo\/3609\/#primaryimage\"},\"image\":{\"@id\":\"https:\/\/joyana.fr\/ja\/green-camo\/3609\/#primaryimage\"},\"thumbnailUrl\":\"https:\/\/i0.wp.com\/joyana.fr\/wp-content\/uploads\/2012\/07\/GREEN-CAMO-BLOG2.jpg?fit=750%2C499&ssl=1\",\"datePublished\":\"2012-07-18T05:19:16+00:00\",\"breadcrumb\":{\"@id\":\"https:\/\/joyana.fr\/ja\/green-camo\/3609\/#breadcrumb\"},\"inLanguage\":\"en-US\",\"potentialAction\":[{\"@type\":\"ReadAction\",\"target\":[\"https:\/\/joyana.fr\/ja\/green-camo\/3609\/\"]}]},{\"@type\":\"ImageObject\",\"inLanguage\":\"en-US\",\"@id\":\"https:\/\/joyana.fr\/ja\/green-camo\/3609\/#primaryimage\",\"url\":\"https:\/\/i0.wp.com\/joyana.fr\/wp-content\/uploads\/2012\/07\/GREEN-CAMO-BLOG2.jpg?fit=750%2C499&ssl=1\",\"contentUrl\":\"https:\/\/i0.wp.com\/joyana.fr\/wp-content\/uploads\/2012\/07\/GREEN-CAMO-BLOG2.jpg?fit=750%2C499&ssl=1\",\"width\":750,\"height\":499},{\"@type\":\"BreadcrumbList\",\"@id\":\"https:\/\/joyana.fr\/ja\/green-camo\/3609\/#breadcrumb\",\"itemListElement\":[{\"@type\":\"ListItem\",\"position\":1,\"name\":\"Accueil\",\"item\":\"https:\/\/joyana.fr\/\"},{\"@type\":\"ListItem\",\"position\":2,\"name\":\"GREEN CAMO\"}]},{\"@type\":\"WebSite\",\"@id\":\"https:\/\/joyana.fr\/#website\",\"url\":\"https:\/\/joyana.fr\/\",\"name\":\"JO YANA\",\"description\":\"Blog Mode Homme, Lifestyle, D\u00e9co-Design\",\"publisher\":{\"@id\":\"https:\/\/joyana.fr\/#\/schema\/person\/cf2a1ad12a27c12c21801075bf37407c\"},\"potentialAction\":[{\"@type\":\"SearchAction\",\"target\":{\"@type\":\"EntryPoint\",\"urlTemplate\":\"https:\/\/joyana.fr\/?s={search_term_string}\"},\"query-input\":{\"@type\":\"PropertyValueSpecification\",\"valueRequired\":true,\"valueName\":\"search_term_string\"}}],\"inLanguage\":\"en-US\"},{\"@type\":[\"Person\",\"Organization\"],\"@id\":\"https:\/\/joyana.fr\/#\/schema\/person\/cf2a1ad12a27c12c21801075bf37407c\",\"name\":\"Jo Yana\",\"image\":{\"@type\":\"ImageObject\",\"inLanguage\":\"en-US\",\"@id\":\"https:\/\/joyana.fr\/#\/schema\/person\/image\/\",\"url\":\"https:\/\/i0.wp.com\/joyana.fr\/wp-content\/uploads\/2016\/08\/cropped-joyana-logo-black-360x180.png?fit=343%2C164&ssl=1\",\"contentUrl\":\"https:\/\/i0.wp.com\/joyana.fr\/wp-content\/uploads\/2016\/08\/cropped-joyana-logo-black-360x180.png?fit=343%2C164&ssl=1\",\"width\":343,\"height\":164,\"caption\":\"Jo Yana\"},\"logo\":{\"@id\":\"https:\/\/joyana.fr\/#\/schema\/person\/image\/\"},\"description\":\"Jo Yana est le cr\u00e9ateur et r\u00e9dacteur en chef des sites DECO-DESIGN. Passionn\u00e9 de Design, Mode, Photo, Luxe, Lifestyle, Musique, mais avant tout Blogueur ! Le plaisir de partager l'anime et a comme devise \\\"POUR L'AMOUR DU BEAU\\\". Retrouvez le aussi sur son blog personnel - https:\/\/joyana.fr...\",\"sameAs\":[\"https:\/\/joyana.fr\/\"],\"url\":\"https:\/\/joyana.fr\/en\/author\/joyana\/\"}]}<\/script>\n<!-- \/ Yoast SEO plugin. -->","yoast_head_json":{"title":"GREEN CAMO - JO YANA","robots":{"index":"index","follow":"follow","max-snippet":"max-snippet:-1","max-image-preview":"max-image-preview:large","max-video-preview":"max-video-preview:-1"},"canonical":"https:\/\/joyana.fr\/en\/green-camo\/3609\/","og_locale":"en_US","og_type":"article","og_title":"GREEN CAMO - JO YANA","og_description":"De passage au ALL SEASONS de Menton, je vous propose un look estival avec un cheich camo qui fait toute la diff\u00e9rence&#8230;","og_url":"https:\/\/joyana.fr\/en\/green-camo\/3609\/","og_site_name":"JO YANA","article_published_time":"2012-07-18T05:19:16+00:00","og_image":[{"width":750,"height":499,"url":"https:\/\/joyana.fr\/wp-content\/uploads\/2012\/07\/GREEN-CAMO-BLOG2.jpg","type":"image\/jpeg"}],"author":"Jo Yana","twitter_card":"summary_large_image","twitter_creator":"@Jo_Yana","twitter_site":"@Jo_Yana","twitter_misc":{"Written by":"Jo Yana"},"schema":{"@context":"https:\/\/schema.org","@graph":[{"@type":"Article","@id":"https:\/\/joyana.fr\/ja\/green-camo\/3609\/#article","isPartOf":{"@id":"https:\/\/joyana.fr\/ja\/green-camo\/3609\/"},"author":{"name":"Jo Yana","@id":"https:\/\/joyana.fr\/#\/schema\/person\/cf2a1ad12a27c12c21801075bf37407c"},"headline":"GREEN CAMO","datePublished":"2012-07-18T05:19:16+00:00","mainEntityOfPage":{"@id":"https:\/\/joyana.fr\/ja\/green-camo\/3609\/"},"wordCount":46,"commentCount":0,"publisher":{"@id":"https:\/\/joyana.fr\/#\/schema\/person\/cf2a1ad12a27c12c21801075bf37407c"},"image":{"@id":"https:\/\/joyana.fr\/ja\/green-camo\/3609\/#primaryimage"},"thumbnailUrl":"https:\/\/i0.wp.com\/joyana.fr\/wp-content\/uploads\/2012\/07\/GREEN-CAMO-BLOG2.jpg?fit=750%2C499&ssl=1","keywords":["Camo","Raf Simons","Sixpack France","ZARA"],"articleSection":["BLOG","LOOKBOOK","MODE HOMME"],"inLanguage":"en-US","potentialAction":[{"@type":"CommentAction","name":"Comment","target":["https:\/\/joyana.fr\/ja\/green-camo\/3609\/#respond"]}]},{"@type":"WebPage","@id":"https:\/\/joyana.fr\/ja\/green-camo\/3609\/","url":"https:\/\/joyana.fr\/ja\/green-camo\/3609\/","name":"GREEN CAMO - JO YANA","isPartOf":{"@id":"https:\/\/joyana.fr\/#website"},"primaryImageOfPage":{"@id":"https:\/\/joyana.fr\/ja\/green-camo\/3609\/#primaryimage"},"image":{"@id":"https:\/\/joyana.fr\/ja\/green-camo\/3609\/#primaryimage"},"thumbnailUrl":"https:\/\/i0.wp.com\/joyana.fr\/wp-content\/uploads\/2012\/07\/GREEN-CAMO-BLOG2.jpg?fit=750%2C499&ssl=1","datePublished":"2012-07-18T05:19:16+00:00","breadcrumb":{"@id":"https:\/\/joyana.fr\/ja\/green-camo\/3609\/#breadcrumb"},"inLanguage":"en-US","potentialAction":[{"@type":"ReadAction","target":["https:\/\/joyana.fr\/ja\/green-camo\/3609\/"]}]},{"@type":"ImageObject","inLanguage":"en-US","@id":"https:\/\/joyana.fr\/ja\/green-camo\/3609\/#primaryimage","url":"https:\/\/i0.wp.com\/joyana.fr\/wp-content\/uploads\/2012\/07\/GREEN-CAMO-BLOG2.jpg?fit=750%2C499&ssl=1","contentUrl":"https:\/\/i0.wp.com\/joyana.fr\/wp-content\/uploads\/2012\/07\/GREEN-CAMO-BLOG2.jpg?fit=750%2C499&ssl=1","width":750,"height":499},{"@type":"BreadcrumbList","@id":"https:\/\/joyana.fr\/ja\/green-camo\/3609\/#breadcrumb","itemListElement":[{"@type":"ListItem","position":1,"name":"Accueil","item":"https:\/\/joyana.fr\/"},{"@type":"ListItem","position":2,"name":"GREEN CAMO"}]},{"@type":"WebSite","@id":"https:\/\/joyana.fr\/#website","url":"https:\/\/joyana.fr\/","name":"JO YANA","description":"Blog Mode Homme, Lifestyle, D\u00e9co-Design","publisher":{"@id":"https:\/\/joyana.fr\/#\/schema\/person\/cf2a1ad12a27c12c21801075bf37407c"},"potentialAction":[{"@type":"SearchAction","target":{"@type":"EntryPoint","urlTemplate":"https:\/\/joyana.fr\/?s={search_term_string}"},"query-input":{"@type":"PropertyValueSpecification","valueRequired":true,"valueName":"search_term_string"}}],"inLanguage":"en-US"},{"@type":["Person","Organization"],"@id":"https:\/\/joyana.fr\/#\/schema\/person\/cf2a1ad12a27c12c21801075bf37407c","name":"Jo Yana","image":{"@type":"ImageObject","inLanguage":"en-US","@id":"https:\/\/joyana.fr\/#\/schema\/person\/image\/","url":"https:\/\/i0.wp.com\/joyana.fr\/wp-content\/uploads\/2016\/08\/cropped-joyana-logo-black-360x180.png?fit=343%2C164&ssl=1","contentUrl":"https:\/\/i0.wp.com\/joyana.fr\/wp-content\/uploads\/2016\/08\/cropped-joyana-logo-black-360x180.png?fit=343%2C164&ssl=1","width":343,"height":164,"caption":"Jo Yana"},"logo":{"@id":"https:\/\/joyana.fr\/#\/schema\/person\/image\/"},"description":"Jo Yana est le cr\u00e9ateur et r\u00e9dacteur en chef des sites DECO-DESIGN. Passionn\u00e9 de Design, Mode, Photo, Luxe, Lifestyle, Musique, mais avant tout Blogueur ! Le plaisir de partager l'anime et a comme devise \"POUR L'AMOUR DU BEAU\". Retrouvez le aussi sur son blog personnel - https:\/\/joyana.fr...","sameAs":["https:\/\/joyana.fr\/"],"url":"https:\/\/joyana.fr\/en\/author\/joyana\/"}]}},"author_meta":{"display_name":"Jo Yana","author_link":"https:\/\/joyana.fr\/en\/author\/joyana\/"},"featured_img":"https:\/\/i0.wp.com\/joyana.fr\/wp-content\/uploads\/2012\/07\/GREEN-CAMO-BLOG2.jpg?fit=389%2C259&ssl=1","featured_image_src":"https:\/\/i0.wp.com\/joyana.fr\/wp-content\/uploads\/2012\/07\/GREEN-CAMO-BLOG2.jpg?resize=600%2C400&ssl=1","featured_image_src_square":"https:\/\/i0.wp.com\/joyana.fr\/wp-content\/uploads\/2012\/07\/GREEN-CAMO-BLOG2.jpg?resize=600%2C499&ssl=1","jetpack_featured_media_url":"https:\/\/i0.wp.com\/joyana.fr\/wp-content\/uploads\/2012\/07\/GREEN-CAMO-BLOG2.jpg?fit=750%2C499&ssl=1","uagb_featured_image_src":{"full":["https:\/\/i0.wp.com\/joyana.fr\/wp-content\/uploads\/2012\/07\/GREEN-CAMO-BLOG2.jpg?fit=750%2C499&ssl=1",750,499,false],"thumbnail":["https:\/\/i0.wp.com\/joyana.fr\/wp-content\/uploads\/2012\/07\/GREEN-CAMO-BLOG2.jpg?resize=150%2C150&ssl=1",150,150,true],"medium":["https:\/\/i0.wp.com\/joyana.fr\/wp-content\/uploads\/2012\/07\/GREEN-CAMO-BLOG2.jpg?fit=389%2C259&ssl=1",389,259,true],"medium_large":["https:\/\/i0.wp.com\/joyana.fr\/wp-content\/uploads\/2012\/07\/GREEN-CAMO-BLOG2.jpg?fit=750%2C499&ssl=1",750,499,true],"large":["https:\/\/i0.wp.com\/joyana.fr\/wp-content\/uploads\/2012\/07\/GREEN-CAMO-BLOG2.jpg?fit=750%2C499&ssl=1",750,499,true],"1536x1536":["https:\/\/i0.wp.com\/joyana.fr\/wp-content\/uploads\/2012\/07\/GREEN-CAMO-BLOG2.jpg?fit=750%2C499&ssl=1",750,499,true],"2048x2048":["https:\/\/i0.wp.com\/joyana.fr\/wp-content\/uploads\/2012\/07\/GREEN-CAMO-BLOG2.jpg?fit=750%2C499&ssl=1",750,499,true],"featured-thumb":["https:\/\/i0.wp.com\/joyana.fr\/wp-content\/uploads\/2012\/07\/GREEN-CAMO-BLOG2.jpg?resize=750%2C499&ssl=1",750,499,true],"ab-block-post-grid-landscape":["https:\/\/i0.wp.com\/joyana.fr\/wp-content\/uploads\/2012\/07\/GREEN-CAMO-BLOG2.jpg?resize=600%2C400&ssl=1",600,400,true],"ab-block-post-grid-square":["https:\/\/i0.wp.com\/joyana.fr\/wp-content\/uploads\/2012\/07\/GREEN-CAMO-BLOG2.jpg?resize=600%2C499&ssl=1",600,499,true],"author-pro-image":["https:\/\/i0.wp.com\/joyana.fr\/wp-content\/uploads\/2012\/07\/GREEN-CAMO-BLOG2.jpg?resize=360%2C499&ssl=1",360,499,true],"slider":["https:\/\/i0.wp.com\/joyana.fr\/wp-content\/uploads\/2012\/07\/GREEN-CAMO-BLOG2.jpg?resize=750%2C400&ssl=1",750,400,true],"woocommerce_thumbnail":["https:\/\/i0.wp.com\/joyana.fr\/wp-content\/uploads\/2012\/07\/GREEN-CAMO-BLOG2.jpg?resize=450%2C450&ssl=1",450,450,true],"woocommerce_single":["https:\/\/i0.wp.com\/joyana.fr\/wp-content\/uploads\/2012\/07\/GREEN-CAMO-BLOG2.jpg?fit=750%2C499&ssl=1",750,499,true],"woocommerce_gallery_thumbnail":["https:\/\/i0.wp.com\/joyana.fr\/wp-content\/uploads\/2012\/07\/GREEN-CAMO-BLOG2.jpg?resize=180%2C180&ssl=1",180,180,true],"sow-carousel-default":["https:\/\/i0.wp.com\/joyana.fr\/wp-content\/uploads\/2012\/07\/GREEN-CAMO-BLOG2.jpg?resize=272%2C182&ssl=1",272,182,true]},"uagb_author_info":{"display_name":"Jo Yana","author_link":"https:\/\/joyana.fr\/en\/author\/joyana\/"},"uagb_comment_info":0,"uagb_excerpt":"De passage au ALL SEASONS de Menton, je vous propose un look estival avec un cheich camo qui fait toute la diff\u00e9rence&#8230;","coauthors":[],"tax_additional":{"categories":{"linked":["<a href=\"https:\/\/joyana.fr\/en\/category\/blog\/\" class=\"advgb-post-tax-term\">BLOG<\/a>","<a href=\"https:\/\/joyana.fr\/en\/category\/blog\/lookbook\/\" class=\"advgb-post-tax-term\">LOOKBOOK<\/a>","<a href=\"https:\/\/joyana.fr\/en\/category\/blog\/mode-homme\/\" class=\"advgb-post-tax-term\">MODE HOMME<\/a>"],"unlinked":["<span class=\"advgb-post-tax-term\">BLOG<\/span>","<span class=\"advgb-post-tax-term\">LOOKBOOK<\/span>","<span class=\"advgb-post-tax-term\">MODE HOMME<\/span>"]},"tags":{"linked":["<a href=\"https:\/\/joyana.fr\/en\/category\/blog\/mode-homme\/\" class=\"advgb-post-tax-term\">Camo<\/a>","<a href=\"https:\/\/joyana.fr\/en\/category\/blog\/mode-homme\/\" class=\"advgb-post-tax-term\">Raf Simons<\/a>","<a href=\"https:\/\/joyana.fr\/en\/category\/blog\/mode-homme\/\" class=\"advgb-post-tax-term\">Sixpack France<\/a>","<a href=\"https:\/\/joyana.fr\/en\/category\/blog\/mode-homme\/\" class=\"advgb-post-tax-term\">ZARA<\/a>"],"unlinked":["<span class=\"advgb-post-tax-term\">Camo<\/span>","<span class=\"advgb-post-tax-term\">Raf Simons<\/span>","<span class=\"advgb-post-tax-term\">Sixpack France<\/span>","<span class=\"advgb-post-tax-term\">ZARA<\/span>"]}},"comment_count":0,"relative_dates":{"created":"Posted 14 years ago","modified":"Updated 14 years ago"},"absolute_dates":{"created":"Posted on 18 July 2012","modified":"Updated on 18 July 2012"},"absolute_dates_time":{"created":"Posted on 18 July 2012 7:19","modified":"Updated on 18 July 2012 7:19"},"featured_img_caption":"","series_order":"","jetpack_sharing_enabled":true,"jetpack_shortlink":"https:\/\/wp.me\/p9bteI-Wd","jetpack-related-posts":[],"_links":{"self":[{"href":"https:\/\/joyana.fr\/en\/wp-json\/wp\/v2\/posts\/3609","targetHints":{"allow":["GET"]}}],"collection":[{"href":"https:\/\/joyana.fr\/en\/wp-json\/wp\/v2\/posts"}],"about":[{"href":"https:\/\/joyana.fr\/en\/wp-json\/wp\/v2\/types\/post"}],"author":[{"embeddable":true,"href":"https:\/\/joyana.fr\/en\/wp-json\/wp\/v2\/users\/3"}],"replies":[{"embeddable":true,"href":"https:\/\/joyana.fr\/en\/wp-json\/wp\/v2\/comments?post=3609"}],"version-history":[{"count":0,"href":"https:\/\/joyana.fr\/en\/wp-json\/wp\/v2\/posts\/3609\/revisions"}],"wp:featuredmedia":[{"embeddable":true,"href":"https:\/\/joyana.fr\/en\/wp-json\/wp\/v2\/media\/3612"}],"wp:attachment":[{"href":"https:\/\/joyana.fr\/en\/wp-json\/wp\/v2\/media?parent=3609"}],"wp:term":[{"taxonomy":"category","embeddable":true,"href":"https:\/\/joyana.fr\/en\/wp-json\/wp\/v2\/categories?post=3609"},{"taxonomy":"post_tag","embeddable":true,"href":"https:\/\/joyana.fr\/en\/wp-json\/wp\/v2\/tags?post=3609"}],"curies":[{"name":"wp","href":"https:\/\/api.w.org\/{rel}","templated":true}]}}