{"id":5501,"date":"2013-05-16T08:41:13","date_gmt":"2013-05-16T06:41:13","guid":{"rendered":"https:\/\/joyana.fr\/?p=5501"},"modified":"2013-05-16T08:41:13","modified_gmt":"2013-05-16T06:41:13","slug":"etui-ipad-camo-caseable-x-jo-yana","status":"publish","type":"post","link":"https:\/\/joyana.fr\/en\/etui-ipad-camo-caseable-x-jo-yana\/5501\/","title":{"rendered":"Etui iPad Camo CASEABLE x Jo Yana"},"content":{"rendered":"<p><img data-recalc-dims=\"1\" fetchpriority=\"high\" decoding=\"async\" data-attachment-id=\"5503\" data-permalink=\"https:\/\/joyana.fr\/en\/etui-ipad-camo-caseable-x-jo-yana\/5501\/blog_caseable_2\/\" data-orig-file=\"https:\/\/i0.wp.com\/joyana.fr\/wp-content\/uploads\/2013\/05\/BLOG_CASEABLE_2.jpg?fit=650%2C650&amp;ssl=1\" data-orig-size=\"650,650\" data-comments-opened=\"1\" data-image-meta=\"{&quot;aperture&quot;:&quot;0&quot;,&quot;credit&quot;:&quot;&quot;,&quot;camera&quot;:&quot;&quot;,&quot;caption&quot;:&quot;&quot;,&quot;created_timestamp&quot;:&quot;0&quot;,&quot;copyright&quot;:&quot;&quot;,&quot;focal_length&quot;:&quot;0&quot;,&quot;iso&quot;:&quot;0&quot;,&quot;shutter_speed&quot;:&quot;0&quot;,&quot;title&quot;:&quot;&quot;,&quot;orientation&quot;:&quot;0&quot;}\" data-image-title=\"Etui iPad Camo CASEABLE x Jo Yana \" data-image-description=\"&lt;p&gt;Etui iPad Camo CASEABLE x Jo Yana &lt;\/p&gt;\n\" data-image-caption=\"\" data-medium-file=\"https:\/\/i0.wp.com\/joyana.fr\/wp-content\/uploads\/2013\/05\/BLOG_CASEABLE_2.jpg?fit=389%2C389&amp;ssl=1\" data-large-file=\"https:\/\/i0.wp.com\/joyana.fr\/wp-content\/uploads\/2013\/05\/BLOG_CASEABLE_2.jpg?fit=650%2C650&amp;ssl=1\" class=\"alignnone size-full wp-image-5503\" alt=\"Etui iPad Camo CASEABLE x Jo Yana \" src=\"https:\/\/i0.wp.com\/joyana.fr\/wp-content\/uploads\/2013\/05\/BLOG_CASEABLE_2.jpg?resize=650%2C650&#038;ssl=1\" width=\"650\" height=\"650\" srcset=\"https:\/\/i0.wp.com\/joyana.fr\/wp-content\/uploads\/2013\/05\/BLOG_CASEABLE_2.jpg?w=650&amp;ssl=1 650w, https:\/\/i0.wp.com\/joyana.fr\/wp-content\/uploads\/2013\/05\/BLOG_CASEABLE_2.jpg?resize=300%2C300&amp;ssl=1 300w, https:\/\/i0.wp.com\/joyana.fr\/wp-content\/uploads\/2013\/05\/BLOG_CASEABLE_2.jpg?resize=100%2C100&amp;ssl=1 100w, https:\/\/i0.wp.com\/joyana.fr\/wp-content\/uploads\/2013\/05\/BLOG_CASEABLE_2.jpg?resize=600%2C600&amp;ssl=1 600w\" sizes=\"(max-width: 650px) 100vw, 650px\" \/><\/p>\n<p>Lors de mon s\u00e9jour \u00e0 New York, j&#8217;ai rencontr\u00e9 l&#8217;\u00e9quipe de <a href=\"http:\/\/fr.caseable.com\" target=\"_blank\"><strong>caseable<\/strong><\/a> qui r\u00e9alise de superbe \u00e9tuis pour vos joujous high-tech pr\u00e9f\u00e9r\u00e9s. De mon cot\u00e9 j&#8217;ai r\u00e9alis\u00e9 un <strong>\u00e9tui iPad camo<\/strong> ^^ et je suis plus que satisfait du r\u00e9sultat ! Vous \u00eates jaloux ? Allez ne le soyez pas, je vous fais gagner deux \u00e9tuis de votre choix dans la suite&#8230;<\/p>\n<p><!--more--><\/p>\n<p><img data-recalc-dims=\"1\" decoding=\"async\" data-attachment-id=\"5502\" data-permalink=\"https:\/\/joyana.fr\/en\/etui-ipad-camo-caseable-x-jo-yana\/5501\/blog_caseable_1\/\" data-orig-file=\"https:\/\/i0.wp.com\/joyana.fr\/wp-content\/uploads\/2013\/05\/BLOG_CASEABLE_1.jpg?fit=650%2C650&amp;ssl=1\" data-orig-size=\"650,650\" data-comments-opened=\"1\" data-image-meta=\"{&quot;aperture&quot;:&quot;0&quot;,&quot;credit&quot;:&quot;&quot;,&quot;camera&quot;:&quot;&quot;,&quot;caption&quot;:&quot;&quot;,&quot;created_timestamp&quot;:&quot;0&quot;,&quot;copyright&quot;:&quot;&quot;,&quot;focal_length&quot;:&quot;0&quot;,&quot;iso&quot;:&quot;0&quot;,&quot;shutter_speed&quot;:&quot;0&quot;,&quot;title&quot;:&quot;&quot;,&quot;orientation&quot;:&quot;0&quot;}\" data-image-title=\"Etui iPad Camo CASEABLE x Jo Yana \" data-image-description=\"&lt;p&gt;Etui iPad Camo CASEABLE x Jo Yana &lt;\/p&gt;\n\" data-image-caption=\"\" data-medium-file=\"https:\/\/i0.wp.com\/joyana.fr\/wp-content\/uploads\/2013\/05\/BLOG_CASEABLE_1.jpg?fit=389%2C389&amp;ssl=1\" data-large-file=\"https:\/\/i0.wp.com\/joyana.fr\/wp-content\/uploads\/2013\/05\/BLOG_CASEABLE_1.jpg?fit=650%2C650&amp;ssl=1\" class=\"alignnone size-full wp-image-5502\" alt=\"Etui iPad Camo CASEABLE x Jo Yana \" src=\"https:\/\/i0.wp.com\/joyana.fr\/wp-content\/uploads\/2013\/05\/BLOG_CASEABLE_1.jpg?resize=650%2C650&#038;ssl=1\" width=\"650\" height=\"650\" srcset=\"https:\/\/i0.wp.com\/joyana.fr\/wp-content\/uploads\/2013\/05\/BLOG_CASEABLE_1.jpg?w=650&amp;ssl=1 650w, https:\/\/i0.wp.com\/joyana.fr\/wp-content\/uploads\/2013\/05\/BLOG_CASEABLE_1.jpg?resize=300%2C300&amp;ssl=1 300w, https:\/\/i0.wp.com\/joyana.fr\/wp-content\/uploads\/2013\/05\/BLOG_CASEABLE_1.jpg?resize=100%2C100&amp;ssl=1 100w, https:\/\/i0.wp.com\/joyana.fr\/wp-content\/uploads\/2013\/05\/BLOG_CASEABLE_1.jpg?resize=600%2C600&amp;ssl=1 600w\" sizes=\"(max-width: 650px) 100vw, 650px\" \/><\/p>\n<p>Cr\u00e9\u00e9e en 2010, <strong>caseable<\/strong> est une soci\u00e9t\u00e9 bas\u00e9e \u00e0 New York et Berlin, sp\u00e9cialiste de la personnalisation housses, \u00e9tuis et coques pour mat\u00e9riel \u00e9lectronique. J&#8217;ai \u00e9t\u00e9 s\u00e9duit par le fait que les produits sont enti\u00e8rement fabriqu\u00e9s \u00e0 la main, \u00e0 partir de mat\u00e9riaux recycl\u00e9s !<\/p>\n<p>Les possibilit\u00e9s sont infinis soit vous \u00eates en manque d&#8217;inspiration des artistes sont la pour vous aider en proposant des mod\u00e8les d\u00e9j\u00e0 cr\u00e9\u00e9s ; soit vous imaginez votre propre mod\u00e8le et je pense que c&#8217;est cette solution qui procure un petit sentiment de fiert\u00e9 au d\u00e9ballage&#8230;<\/p>\n<p><img data-recalc-dims=\"1\" decoding=\"async\" data-attachment-id=\"5504\" data-permalink=\"https:\/\/joyana.fr\/en\/etui-ipad-camo-caseable-x-jo-yana\/5501\/blog_caseable_3\/\" data-orig-file=\"https:\/\/i0.wp.com\/joyana.fr\/wp-content\/uploads\/2013\/05\/BLOG_CASEABLE_3.jpg?fit=650%2C650&amp;ssl=1\" data-orig-size=\"650,650\" data-comments-opened=\"1\" data-image-meta=\"{&quot;aperture&quot;:&quot;0&quot;,&quot;credit&quot;:&quot;&quot;,&quot;camera&quot;:&quot;&quot;,&quot;caption&quot;:&quot;&quot;,&quot;created_timestamp&quot;:&quot;0&quot;,&quot;copyright&quot;:&quot;&quot;,&quot;focal_length&quot;:&quot;0&quot;,&quot;iso&quot;:&quot;0&quot;,&quot;shutter_speed&quot;:&quot;0&quot;,&quot;title&quot;:&quot;&quot;,&quot;orientation&quot;:&quot;0&quot;}\" data-image-title=\"Etui iPad Camo CASEABLE x Jo Yana \" data-image-description=\"&lt;p&gt;Etui iPad Camo CASEABLE x Jo Yana &lt;\/p&gt;\n\" data-image-caption=\"\" data-medium-file=\"https:\/\/i0.wp.com\/joyana.fr\/wp-content\/uploads\/2013\/05\/BLOG_CASEABLE_3.jpg?fit=389%2C389&amp;ssl=1\" data-large-file=\"https:\/\/i0.wp.com\/joyana.fr\/wp-content\/uploads\/2013\/05\/BLOG_CASEABLE_3.jpg?fit=650%2C650&amp;ssl=1\" class=\"alignnone size-full wp-image-5504\" alt=\"Etui iPad Camo CASEABLE x Jo Yana \" src=\"https:\/\/i0.wp.com\/joyana.fr\/wp-content\/uploads\/2013\/05\/BLOG_CASEABLE_3.jpg?resize=650%2C650&#038;ssl=1\" width=\"650\" height=\"650\" srcset=\"https:\/\/i0.wp.com\/joyana.fr\/wp-content\/uploads\/2013\/05\/BLOG_CASEABLE_3.jpg?w=650&amp;ssl=1 650w, https:\/\/i0.wp.com\/joyana.fr\/wp-content\/uploads\/2013\/05\/BLOG_CASEABLE_3.jpg?resize=300%2C300&amp;ssl=1 300w, https:\/\/i0.wp.com\/joyana.fr\/wp-content\/uploads\/2013\/05\/BLOG_CASEABLE_3.jpg?resize=100%2C100&amp;ssl=1 100w, https:\/\/i0.wp.com\/joyana.fr\/wp-content\/uploads\/2013\/05\/BLOG_CASEABLE_3.jpg?resize=600%2C600&amp;ssl=1 600w\" sizes=\"(max-width: 650px) 100vw, 650px\" \/><\/p>\n<p><img data-recalc-dims=\"1\" loading=\"lazy\" decoding=\"async\" data-attachment-id=\"5505\" data-permalink=\"https:\/\/joyana.fr\/en\/etui-ipad-camo-caseable-x-jo-yana\/5501\/blog_caseable_4\/\" data-orig-file=\"https:\/\/i0.wp.com\/joyana.fr\/wp-content\/uploads\/2013\/05\/BLOG_CASEABLE_4.jpg?fit=650%2C650&amp;ssl=1\" data-orig-size=\"650,650\" data-comments-opened=\"1\" data-image-meta=\"{&quot;aperture&quot;:&quot;0&quot;,&quot;credit&quot;:&quot;&quot;,&quot;camera&quot;:&quot;&quot;,&quot;caption&quot;:&quot;&quot;,&quot;created_timestamp&quot;:&quot;0&quot;,&quot;copyright&quot;:&quot;&quot;,&quot;focal_length&quot;:&quot;0&quot;,&quot;iso&quot;:&quot;0&quot;,&quot;shutter_speed&quot;:&quot;0&quot;,&quot;title&quot;:&quot;&quot;,&quot;orientation&quot;:&quot;0&quot;}\" data-image-title=\"Etui iPad Camo CASEABLE x Jo Yana \" data-image-description=\"&lt;p&gt;Etui iPad Camo CASEABLE x Jo Yana &lt;\/p&gt;\n\" data-image-caption=\"\" data-medium-file=\"https:\/\/i0.wp.com\/joyana.fr\/wp-content\/uploads\/2013\/05\/BLOG_CASEABLE_4.jpg?fit=389%2C389&amp;ssl=1\" data-large-file=\"https:\/\/i0.wp.com\/joyana.fr\/wp-content\/uploads\/2013\/05\/BLOG_CASEABLE_4.jpg?fit=650%2C650&amp;ssl=1\" class=\"alignnone size-full wp-image-5505\" alt=\"Etui iPad Camo CASEABLE x Jo Yana \" src=\"https:\/\/i0.wp.com\/joyana.fr\/wp-content\/uploads\/2013\/05\/BLOG_CASEABLE_4.jpg?resize=650%2C650&#038;ssl=1\" width=\"650\" height=\"650\" srcset=\"https:\/\/i0.wp.com\/joyana.fr\/wp-content\/uploads\/2013\/05\/BLOG_CASEABLE_4.jpg?w=650&amp;ssl=1 650w, https:\/\/i0.wp.com\/joyana.fr\/wp-content\/uploads\/2013\/05\/BLOG_CASEABLE_4.jpg?resize=300%2C300&amp;ssl=1 300w, https:\/\/i0.wp.com\/joyana.fr\/wp-content\/uploads\/2013\/05\/BLOG_CASEABLE_4.jpg?resize=100%2C100&amp;ssl=1 100w, https:\/\/i0.wp.com\/joyana.fr\/wp-content\/uploads\/2013\/05\/BLOG_CASEABLE_4.jpg?resize=600%2C600&amp;ssl=1 600w\" sizes=\"(max-width: 650px) 100vw, 650px\" \/><\/p>\n<p><span style=\"color: #ffffff;\">.<\/span><\/p>\n<h2 style=\"text-align: center;\">Concours caseable :<\/h2>\n<p><strong>caseable<\/strong> propose de faire gagner deux lecteurs, choisissez parmi ces mod\u00e8les :<\/p>\n<ul>\n<li><a href=\"http:\/\/fr.caseable.com\/apple-ipad-mini\/housse\/best-seller\/\" target=\"_blank\">Housse iPad mini<\/a><\/li>\n<li><a href=\"http:\/\/fr.caseable.com\/apple-iphone-5\/coque\/best-seller\/\" target=\"_blank\">Coque iPhone 5<\/a><\/li>\n<li><a href=\"http:\/\/fr.caseable.com\/apple-macbook-pro-13\/housse\/best-seller\/\" target=\"_blank\">Housse Macbook Pro 13<\/a><\/li>\n<li><a href=\"http:\/\/fr.caseable.com\/apple-ipad\/etui\/best-seller\/\" target=\"_blank\">Etui iPad<\/a> (mod\u00e8les au choix)<\/li>\n<\/ul>\n<p>et jouez sur les r\u00e9seaux sociaux :<\/p>\n<p>Sur Twitter :<\/p>\n<p>&#8211; Suivez le compte <a href=\"https:\/\/twitter.com\/Jo_Yana\" target=\"_blank\">@Jo_Yana<\/a><br \/>\n&#8211; Tweetez : \u00ab Je veux gagner (le mod\u00e8le de votre choix) @caseable\u00a0sur le blog de @Jo_Yana !\u00a0http:\/\/petitlien.fr\/6jfp\u00a0\u00bb<\/p>\n<p>ou<\/p>\n<p>Sur Facebook :<\/p>\n<p>&#8211; Aimez la page <a title=\"Jo Yana facebook\" href=\"https:\/\/www.facebook.com\/JO.YANA.officiel\" target=\"_blank\">Jo Yana.fr<\/a><br \/>\n&#8211; D\u00eetes moi sur la\u00a0<a href=\"https:\/\/www.facebook.com\/photo.php?fbid=332771016825626&amp;set=a.229611997141529.31761.229606870475375&amp;type=1&amp;theater\" target=\"_blank\">photo du concours<\/a> quel \u00e9tui ou housse vous voulez gagner&#8230;<\/p>\n<h3 style=\"text-align: center;\">UPDATE LES GAGNANTS SONT : Dynamic Home Cinema sur Twitter et V\u00e9ronique Roux Caffort sur Facebook<\/h3>\n<p><img data-recalc-dims=\"1\" loading=\"lazy\" decoding=\"async\" data-attachment-id=\"5506\" data-permalink=\"https:\/\/joyana.fr\/en\/etui-ipad-camo-caseable-x-jo-yana\/5501\/blog_caseable_5\/\" data-orig-file=\"https:\/\/i0.wp.com\/joyana.fr\/wp-content\/uploads\/2013\/05\/BLOG_CASEABLE_5.jpg?fit=650%2C650&amp;ssl=1\" data-orig-size=\"650,650\" data-comments-opened=\"1\" data-image-meta=\"{&quot;aperture&quot;:&quot;0&quot;,&quot;credit&quot;:&quot;&quot;,&quot;camera&quot;:&quot;&quot;,&quot;caption&quot;:&quot;&quot;,&quot;created_timestamp&quot;:&quot;0&quot;,&quot;copyright&quot;:&quot;&quot;,&quot;focal_length&quot;:&quot;0&quot;,&quot;iso&quot;:&quot;0&quot;,&quot;shutter_speed&quot;:&quot;0&quot;,&quot;title&quot;:&quot;&quot;,&quot;orientation&quot;:&quot;0&quot;}\" data-image-title=\"Etui iPad Camo CASEABLE x Jo Yana \" data-image-description=\"&lt;p&gt;Etui iPad Camo CASEABLE x Jo Yana &lt;\/p&gt;\n\" data-image-caption=\"\" data-medium-file=\"https:\/\/i0.wp.com\/joyana.fr\/wp-content\/uploads\/2013\/05\/BLOG_CASEABLE_5.jpg?fit=389%2C389&amp;ssl=1\" data-large-file=\"https:\/\/i0.wp.com\/joyana.fr\/wp-content\/uploads\/2013\/05\/BLOG_CASEABLE_5.jpg?fit=650%2C650&amp;ssl=1\" class=\"alignnone size-full wp-image-5506\" alt=\"Etui iPad Camo CASEABLE x Jo Yana \" src=\"https:\/\/i0.wp.com\/joyana.fr\/wp-content\/uploads\/2013\/05\/BLOG_CASEABLE_5.jpg?resize=650%2C650&#038;ssl=1\" width=\"650\" height=\"650\" srcset=\"https:\/\/i0.wp.com\/joyana.fr\/wp-content\/uploads\/2013\/05\/BLOG_CASEABLE_5.jpg?w=650&amp;ssl=1 650w, https:\/\/i0.wp.com\/joyana.fr\/wp-content\/uploads\/2013\/05\/BLOG_CASEABLE_5.jpg?resize=300%2C300&amp;ssl=1 300w, https:\/\/i0.wp.com\/joyana.fr\/wp-content\/uploads\/2013\/05\/BLOG_CASEABLE_5.jpg?resize=100%2C100&amp;ssl=1 100w, https:\/\/i0.wp.com\/joyana.fr\/wp-content\/uploads\/2013\/05\/BLOG_CASEABLE_5.jpg?resize=600%2C600&amp;ssl=1 600w\" sizes=\"(max-width: 650px) 100vw, 650px\" \/><\/p>\n<p style=\"text-align: center;\">En savoir + sur <a href=\"http:\/\/fr.caseable.com\/\" target=\"_blank\">CASEABLE<\/a><\/p>\n","protected":false},"excerpt":{"rendered":"<p>Lors de mon s\u00e9jour \u00e0 New York, j&#8217;ai rencontr\u00e9 l&#8217;\u00e9quipe de caseable qui r\u00e9alise de superbe \u00e9tuis pour vos joujous high-tech pr\u00e9f\u00e9r\u00e9s. De mon cot\u00e9 j&#8217;ai r\u00e9alis\u00e9 un \u00e9tui iPad camo ^^ et je suis plus que satisfait du r\u00e9sultat ! Vous \u00eates jaloux ? Allez ne le soyez pas, je vous fais gagner deux [&hellip;]<\/p>\n","protected":false},"author":3,"featured_media":5507,"comment_status":"open","ping_status":"open","sticky":false,"template":"","format":"standard","meta":{"_coblocks_attr":"","_coblocks_dimensions":"","_coblocks_responsive_height":"","_coblocks_accordion_ie_support":"","_uag_custom_page_level_css":"","advgb_blocks_editor_width":"","advgb_blocks_columns_visual_guide":"","_genesis_hide_title":false,"_genesis_hide_breadcrumbs":false,"_genesis_hide_singular_image":false,"_genesis_hide_footer_widgets":false,"_genesis_custom_body_class":"","_genesis_custom_post_class":"","_genesis_layout":"","_themeisle_gutenberg_block_has_review":false,"_jetpack_newsletter_access":"","_jetpack_dont_email_post_to_subs":false,"_jetpack_newsletter_tier_id":0,"_jetpack_memberships_contains_paywalled_content":false,"_jetpack_memberships_contains_paid_content":false,"footnotes":""},"categories":[60,21],"tags":[307,171,157],"class_list":{"0":"post-5501","1":"post","2":"type-post","3":"status-publish","4":"format-standard","5":"has-post-thumbnail","7":"category-blog","8":"category-lifestyle","9":"tag-caseable","10":"tag-ipad","11":"tag-maroquinerie","12":"entry"},"featured_image_urls":{"full":["https:\/\/i0.wp.com\/joyana.fr\/wp-content\/uploads\/2013\/05\/BLOG_CASEABLE_C.jpg?fit=980%2C380&ssl=1",980,380,false],"thumbnail":["https:\/\/i0.wp.com\/joyana.fr\/wp-content\/uploads\/2013\/05\/BLOG_CASEABLE_C.jpg?resize=150%2C150&ssl=1",150,150,true],"medium":["https:\/\/i0.wp.com\/joyana.fr\/wp-content\/uploads\/2013\/05\/BLOG_CASEABLE_C.jpg?fit=389%2C151&ssl=1",389,151,true],"medium_large":["https:\/\/i0.wp.com\/joyana.fr\/wp-content\/uploads\/2013\/05\/BLOG_CASEABLE_C.jpg?fit=768%2C298&ssl=1",768,298,true],"large":["https:\/\/i0.wp.com\/joyana.fr\/wp-content\/uploads\/2013\/05\/BLOG_CASEABLE_C.jpg?fit=980%2C380&ssl=1",980,380,true],"1536x1536":["https:\/\/i0.wp.com\/joyana.fr\/wp-content\/uploads\/2013\/05\/BLOG_CASEABLE_C.jpg?fit=980%2C380&ssl=1",980,380,true],"2048x2048":["https:\/\/i0.wp.com\/joyana.fr\/wp-content\/uploads\/2013\/05\/BLOG_CASEABLE_C.jpg?fit=980%2C380&ssl=1",980,380,true],"featured-thumb":["https:\/\/i0.wp.com\/joyana.fr\/wp-content\/uploads\/2013\/05\/BLOG_CASEABLE_C.jpg?resize=980%2C380&ssl=1",980,380,true],"ab-block-post-grid-landscape":["https:\/\/i0.wp.com\/joyana.fr\/wp-content\/uploads\/2013\/05\/BLOG_CASEABLE_C.jpg?resize=600%2C380&ssl=1",600,380,true],"ab-block-post-grid-square":["https:\/\/i0.wp.com\/joyana.fr\/wp-content\/uploads\/2013\/05\/BLOG_CASEABLE_C.jpg?resize=600%2C380&ssl=1",600,380,true],"author-pro-image":["https:\/\/i0.wp.com\/joyana.fr\/wp-content\/uploads\/2013\/05\/BLOG_CASEABLE_C.jpg?resize=360%2C380&ssl=1",360,380,true],"slider":["https:\/\/i0.wp.com\/joyana.fr\/wp-content\/uploads\/2013\/05\/BLOG_CASEABLE_C.jpg?resize=920%2C380&ssl=1",920,380,true],"woocommerce_thumbnail":["https:\/\/i0.wp.com\/joyana.fr\/wp-content\/uploads\/2013\/05\/BLOG_CASEABLE_C.jpg?resize=450%2C380&ssl=1",450,380,true],"woocommerce_single":["https:\/\/i0.wp.com\/joyana.fr\/wp-content\/uploads\/2013\/05\/BLOG_CASEABLE_C.jpg?fit=920%2C357&ssl=1",920,357,true],"woocommerce_gallery_thumbnail":["https:\/\/i0.wp.com\/joyana.fr\/wp-content\/uploads\/2013\/05\/BLOG_CASEABLE_C.jpg?resize=180%2C180&ssl=1",180,180,true],"sow-carousel-default":["https:\/\/i0.wp.com\/joyana.fr\/wp-content\/uploads\/2013\/05\/BLOG_CASEABLE_C.jpg?resize=272%2C182&ssl=1",272,182,true]},"post_excerpt_stackable":"<p>Lors de mon s\u00e9jour \u00e0 New York, j&#8217;ai rencontr\u00e9 l&#8217;\u00e9quipe de caseable qui r\u00e9alise de superbe \u00e9tuis pour vos joujous high-tech pr\u00e9f\u00e9r\u00e9s. De mon cot\u00e9 j&#8217;ai r\u00e9alis\u00e9 un \u00e9tui iPad camo ^^ et je suis plus que satisfait du r\u00e9sultat ! Vous \u00eates jaloux ? Allez ne le soyez pas, je vous fais gagner deux \u00e9tuis de votre choix dans la suite&#8230; Cr\u00e9\u00e9e en 2010, caseable est une soci\u00e9t\u00e9 bas\u00e9e \u00e0 New York et Berlin, sp\u00e9cialiste de la personnalisation housses, \u00e9tuis et coques pour mat\u00e9riel \u00e9lectronique. J&#8217;ai \u00e9t\u00e9 s\u00e9duit par le fait que les produits sont enti\u00e8rement fabriqu\u00e9s \u00e0 la&hellip;<\/p>\n","category_list":"<a href=\"https:\/\/joyana.fr\/en\/category\/blog\/\" rel=\"category tag\">BLOG<\/a>, <a href=\"https:\/\/joyana.fr\/en\/category\/blog\/lifestyle\/\" rel=\"category tag\">LIFESTYLE<\/a>","author_info":{"display_name":"Jo Yana","author_link":"https:\/\/joyana.fr\/en\/author\/joyana\/"},"comments_num":"3 comments","featured_image_urls_v2":{"full":["https:\/\/i0.wp.com\/joyana.fr\/wp-content\/uploads\/2013\/05\/BLOG_CASEABLE_C.jpg?fit=980%2C380&ssl=1",980,380,false],"thumbnail":["https:\/\/i0.wp.com\/joyana.fr\/wp-content\/uploads\/2013\/05\/BLOG_CASEABLE_C.jpg?resize=150%2C150&ssl=1",150,150,true],"medium":["https:\/\/i0.wp.com\/joyana.fr\/wp-content\/uploads\/2013\/05\/BLOG_CASEABLE_C.jpg?fit=389%2C151&ssl=1",389,151,true],"medium_large":["https:\/\/i0.wp.com\/joyana.fr\/wp-content\/uploads\/2013\/05\/BLOG_CASEABLE_C.jpg?fit=768%2C298&ssl=1",768,298,true],"large":["https:\/\/i0.wp.com\/joyana.fr\/wp-content\/uploads\/2013\/05\/BLOG_CASEABLE_C.jpg?fit=980%2C380&ssl=1",980,380,true],"1536x1536":["https:\/\/i0.wp.com\/joyana.fr\/wp-content\/uploads\/2013\/05\/BLOG_CASEABLE_C.jpg?fit=980%2C380&ssl=1",980,380,true],"2048x2048":["https:\/\/i0.wp.com\/joyana.fr\/wp-content\/uploads\/2013\/05\/BLOG_CASEABLE_C.jpg?fit=980%2C380&ssl=1",980,380,true],"featured-thumb":["https:\/\/i0.wp.com\/joyana.fr\/wp-content\/uploads\/2013\/05\/BLOG_CASEABLE_C.jpg?resize=980%2C380&ssl=1",980,380,true],"ab-block-post-grid-landscape":["https:\/\/i0.wp.com\/joyana.fr\/wp-content\/uploads\/2013\/05\/BLOG_CASEABLE_C.jpg?resize=600%2C380&ssl=1",600,380,true],"ab-block-post-grid-square":["https:\/\/i0.wp.com\/joyana.fr\/wp-content\/uploads\/2013\/05\/BLOG_CASEABLE_C.jpg?resize=600%2C380&ssl=1",600,380,true],"author-pro-image":["https:\/\/i0.wp.com\/joyana.fr\/wp-content\/uploads\/2013\/05\/BLOG_CASEABLE_C.jpg?resize=360%2C380&ssl=1",360,380,true],"slider":["https:\/\/i0.wp.com\/joyana.fr\/wp-content\/uploads\/2013\/05\/BLOG_CASEABLE_C.jpg?resize=920%2C380&ssl=1",920,380,true],"woocommerce_thumbnail":["https:\/\/i0.wp.com\/joyana.fr\/wp-content\/uploads\/2013\/05\/BLOG_CASEABLE_C.jpg?resize=450%2C380&ssl=1",450,380,true],"woocommerce_single":["https:\/\/i0.wp.com\/joyana.fr\/wp-content\/uploads\/2013\/05\/BLOG_CASEABLE_C.jpg?fit=920%2C357&ssl=1",920,357,true],"woocommerce_gallery_thumbnail":["https:\/\/i0.wp.com\/joyana.fr\/wp-content\/uploads\/2013\/05\/BLOG_CASEABLE_C.jpg?resize=180%2C180&ssl=1",180,180,true],"sow-carousel-default":["https:\/\/i0.wp.com\/joyana.fr\/wp-content\/uploads\/2013\/05\/BLOG_CASEABLE_C.jpg?resize=272%2C182&ssl=1",272,182,true]},"post_excerpt_stackable_v2":"<p>Lors de mon s\u00e9jour \u00e0 New York, j&#8217;ai rencontr\u00e9 l&#8217;\u00e9quipe de caseable qui r\u00e9alise de superbe \u00e9tuis pour vos joujous high-tech pr\u00e9f\u00e9r\u00e9s. De mon cot\u00e9 j&#8217;ai r\u00e9alis\u00e9 un \u00e9tui iPad camo ^^ et je suis plus que satisfait du r\u00e9sultat ! Vous \u00eates jaloux ? Allez ne le soyez pas, je vous fais gagner deux \u00e9tuis de votre choix dans la suite&#8230; Cr\u00e9\u00e9e en 2010, caseable est une soci\u00e9t\u00e9 bas\u00e9e \u00e0 New York et Berlin, sp\u00e9cialiste de la personnalisation housses, \u00e9tuis et coques pour mat\u00e9riel \u00e9lectronique. J&#8217;ai \u00e9t\u00e9 s\u00e9duit par le fait que les produits sont enti\u00e8rement fabriqu\u00e9s \u00e0 la&hellip;<\/p>\n","category_list_v2":"<a href=\"https:\/\/joyana.fr\/en\/category\/blog\/\" rel=\"category tag\">BLOG<\/a>, <a href=\"https:\/\/joyana.fr\/en\/category\/blog\/lifestyle\/\" rel=\"category tag\">LIFESTYLE<\/a>","author_info_v2":{"name":"Jo Yana","url":"https:\/\/joyana.fr\/en\/author\/joyana\/"},"comments_num_v2":"3 comments","yoast_head":"<!-- This site is optimized with the Yoast SEO plugin v26.8 - https:\/\/yoast.com\/product\/yoast-seo-wordpress\/ -->\n<title>Etui iPad Camo CASEABLE x Jo Yana - JO YANA<\/title>\n<meta name=\"robots\" content=\"index, follow, max-snippet:-1, max-image-preview:large, max-video-preview:-1\" \/>\n<link rel=\"canonical\" href=\"https:\/\/www.joyana.fr\/etui-ipad-camo-caseable-x-jo-yana\/5501\/\" \/>\n<meta property=\"og:locale\" content=\"en_US\" \/>\n<meta property=\"og:locale:alternate\" content=\"fr_FR\" \/>\n<meta property=\"og:locale:alternate\" content=\"ja\" \/>\n<meta property=\"og:type\" content=\"article\" \/>\n<meta property=\"og:title\" content=\"Etui iPad Camo CASEABLE x Jo Yana - JO YANA\" \/>\n<meta property=\"og:description\" content=\"Lors de mon s\u00e9jour \u00e0 New York, j&#8217;ai rencontr\u00e9 l&#8217;\u00e9quipe de caseable qui r\u00e9alise de superbe \u00e9tuis pour vos joujous high-tech pr\u00e9f\u00e9r\u00e9s. De mon cot\u00e9 j&#8217;ai r\u00e9alis\u00e9 un \u00e9tui iPad camo ^^ et je suis plus que satisfait du r\u00e9sultat ! Vous \u00eates jaloux ? Allez ne le soyez pas, je vous fais gagner deux [&hellip;]\" \/>\n<meta property=\"og:url\" content=\"https:\/\/joyana.fr\/en\/etui-ipad-camo-caseable-x-jo-yana\/5501\/\" \/>\n<meta property=\"og:site_name\" content=\"JO YANA\" \/>\n<meta property=\"article:published_time\" content=\"2013-05-16T06:41:13+00:00\" \/>\n<meta property=\"og:image\" content=\"https:\/\/www.joyana.fr\/wp-content\/uploads\/2013\/05\/BLOG_CASEABLE_C.jpg\" \/>\n\t<meta property=\"og:image:width\" content=\"980\" \/>\n\t<meta property=\"og:image:height\" content=\"380\" \/>\n\t<meta property=\"og:image:type\" content=\"image\/jpeg\" \/>\n<meta name=\"author\" content=\"Jo Yana\" \/>\n<meta name=\"twitter:card\" content=\"summary_large_image\" \/>\n<meta name=\"twitter:creator\" content=\"@Jo_Yana\" \/>\n<meta name=\"twitter:site\" content=\"@Jo_Yana\" \/>\n<meta name=\"twitter:label1\" content=\"Written by\" \/>\n\t<meta name=\"twitter:data1\" content=\"Jo Yana\" \/>\n\t<meta name=\"twitter:label2\" content=\"Est. reading time\" \/>\n\t<meta name=\"twitter:data2\" content=\"1 minute\" \/>\n<script type=\"application\/ld+json\" class=\"yoast-schema-graph\">{\"@context\":\"https:\/\/schema.org\",\"@graph\":[{\"@type\":\"Article\",\"@id\":\"https:\/\/www.joyana.fr\/etui-ipad-camo-caseable-x-jo-yana\/5501\/#article\",\"isPartOf\":{\"@id\":\"https:\/\/www.joyana.fr\/etui-ipad-camo-caseable-x-jo-yana\/5501\/\"},\"author\":{\"name\":\"Jo Yana\",\"@id\":\"https:\/\/joyana.fr\/#\/schema\/person\/cf2a1ad12a27c12c21801075bf37407c\"},\"headline\":\"Etui iPad Camo CASEABLE x Jo Yana\",\"datePublished\":\"2013-05-16T06:41:13+00:00\",\"mainEntityOfPage\":{\"@id\":\"https:\/\/www.joyana.fr\/etui-ipad-camo-caseable-x-jo-yana\/5501\/\"},\"wordCount\":290,\"commentCount\":1,\"publisher\":{\"@id\":\"https:\/\/joyana.fr\/#\/schema\/person\/cf2a1ad12a27c12c21801075bf37407c\"},\"image\":{\"@id\":\"https:\/\/www.joyana.fr\/etui-ipad-camo-caseable-x-jo-yana\/5501\/#primaryimage\"},\"thumbnailUrl\":\"https:\/\/i0.wp.com\/joyana.fr\/wp-content\/uploads\/2013\/05\/BLOG_CASEABLE_C.jpg?fit=980%2C380&ssl=1\",\"keywords\":[\"caseable\",\"iPad\",\"Maroquinerie\"],\"articleSection\":[\"BLOG\",\"LIFESTYLE\"],\"inLanguage\":\"en-US\",\"potentialAction\":[{\"@type\":\"CommentAction\",\"name\":\"Comment\",\"target\":[\"https:\/\/www.joyana.fr\/etui-ipad-camo-caseable-x-jo-yana\/5501\/#respond\"]}]},{\"@type\":\"WebPage\",\"@id\":\"https:\/\/www.joyana.fr\/etui-ipad-camo-caseable-x-jo-yana\/5501\/\",\"url\":\"https:\/\/www.joyana.fr\/etui-ipad-camo-caseable-x-jo-yana\/5501\/\",\"name\":\"Etui iPad Camo CASEABLE x Jo Yana - JO YANA\",\"isPartOf\":{\"@id\":\"https:\/\/joyana.fr\/#website\"},\"primaryImageOfPage\":{\"@id\":\"https:\/\/www.joyana.fr\/etui-ipad-camo-caseable-x-jo-yana\/5501\/#primaryimage\"},\"image\":{\"@id\":\"https:\/\/www.joyana.fr\/etui-ipad-camo-caseable-x-jo-yana\/5501\/#primaryimage\"},\"thumbnailUrl\":\"https:\/\/i0.wp.com\/joyana.fr\/wp-content\/uploads\/2013\/05\/BLOG_CASEABLE_C.jpg?fit=980%2C380&ssl=1\",\"datePublished\":\"2013-05-16T06:41:13+00:00\",\"breadcrumb\":{\"@id\":\"https:\/\/www.joyana.fr\/etui-ipad-camo-caseable-x-jo-yana\/5501\/#breadcrumb\"},\"inLanguage\":\"en-US\",\"potentialAction\":[{\"@type\":\"ReadAction\",\"target\":[\"https:\/\/www.joyana.fr\/etui-ipad-camo-caseable-x-jo-yana\/5501\/\"]}]},{\"@type\":\"ImageObject\",\"inLanguage\":\"en-US\",\"@id\":\"https:\/\/www.joyana.fr\/etui-ipad-camo-caseable-x-jo-yana\/5501\/#primaryimage\",\"url\":\"https:\/\/i0.wp.com\/joyana.fr\/wp-content\/uploads\/2013\/05\/BLOG_CASEABLE_C.jpg?fit=980%2C380&ssl=1\",\"contentUrl\":\"https:\/\/i0.wp.com\/joyana.fr\/wp-content\/uploads\/2013\/05\/BLOG_CASEABLE_C.jpg?fit=980%2C380&ssl=1\",\"width\":980,\"height\":380},{\"@type\":\"BreadcrumbList\",\"@id\":\"https:\/\/www.joyana.fr\/etui-ipad-camo-caseable-x-jo-yana\/5501\/#breadcrumb\",\"itemListElement\":[{\"@type\":\"ListItem\",\"position\":1,\"name\":\"Accueil\",\"item\":\"https:\/\/joyana.fr\/\"},{\"@type\":\"ListItem\",\"position\":2,\"name\":\"Etui iPad Camo CASEABLE x Jo Yana\"}]},{\"@type\":\"WebSite\",\"@id\":\"https:\/\/joyana.fr\/#website\",\"url\":\"https:\/\/joyana.fr\/\",\"name\":\"JO YANA\",\"description\":\"Blog Mode Homme, Lifestyle, D\u00e9co-Design\",\"publisher\":{\"@id\":\"https:\/\/joyana.fr\/#\/schema\/person\/cf2a1ad12a27c12c21801075bf37407c\"},\"potentialAction\":[{\"@type\":\"SearchAction\",\"target\":{\"@type\":\"EntryPoint\",\"urlTemplate\":\"https:\/\/joyana.fr\/?s={search_term_string}\"},\"query-input\":{\"@type\":\"PropertyValueSpecification\",\"valueRequired\":true,\"valueName\":\"search_term_string\"}}],\"inLanguage\":\"en-US\"},{\"@type\":[\"Person\",\"Organization\"],\"@id\":\"https:\/\/joyana.fr\/#\/schema\/person\/cf2a1ad12a27c12c21801075bf37407c\",\"name\":\"Jo Yana\",\"image\":{\"@type\":\"ImageObject\",\"inLanguage\":\"en-US\",\"@id\":\"https:\/\/joyana.fr\/#\/schema\/person\/image\/\",\"url\":\"https:\/\/i0.wp.com\/joyana.fr\/wp-content\/uploads\/2016\/08\/cropped-joyana-logo-black-360x180.png?fit=343%2C164&ssl=1\",\"contentUrl\":\"https:\/\/i0.wp.com\/joyana.fr\/wp-content\/uploads\/2016\/08\/cropped-joyana-logo-black-360x180.png?fit=343%2C164&ssl=1\",\"width\":343,\"height\":164,\"caption\":\"Jo Yana\"},\"logo\":{\"@id\":\"https:\/\/joyana.fr\/#\/schema\/person\/image\/\"},\"description\":\"Jo Yana est le cr\u00e9ateur et r\u00e9dacteur en chef des sites DECO-DESIGN. Passionn\u00e9 de Design, Mode, Photo, Luxe, Lifestyle, Musique, mais avant tout Blogueur ! Le plaisir de partager l'anime et a comme devise \\\"POUR L'AMOUR DU BEAU\\\". Retrouvez le aussi sur son blog personnel - https:\/\/joyana.fr...\",\"sameAs\":[\"https:\/\/joyana.fr\/\"],\"url\":\"https:\/\/joyana.fr\/en\/author\/joyana\/\"}]}<\/script>\n<!-- \/ Yoast SEO plugin. -->","yoast_head_json":{"title":"Etui iPad Camo CASEABLE x Jo Yana - JO YANA","robots":{"index":"index","follow":"follow","max-snippet":"max-snippet:-1","max-image-preview":"max-image-preview:large","max-video-preview":"max-video-preview:-1"},"canonical":"https:\/\/www.joyana.fr\/etui-ipad-camo-caseable-x-jo-yana\/5501\/","og_locale":"en_US","og_type":"article","og_title":"Etui iPad Camo CASEABLE x Jo Yana - JO YANA","og_description":"Lors de mon s\u00e9jour \u00e0 New York, j&#8217;ai rencontr\u00e9 l&#8217;\u00e9quipe de caseable qui r\u00e9alise de superbe \u00e9tuis pour vos joujous high-tech pr\u00e9f\u00e9r\u00e9s. De mon cot\u00e9 j&#8217;ai r\u00e9alis\u00e9 un \u00e9tui iPad camo ^^ et je suis plus que satisfait du r\u00e9sultat ! Vous \u00eates jaloux ? Allez ne le soyez pas, je vous fais gagner deux [&hellip;]","og_url":"https:\/\/joyana.fr\/en\/etui-ipad-camo-caseable-x-jo-yana\/5501\/","og_site_name":"JO YANA","article_published_time":"2013-05-16T06:41:13+00:00","og_image":[{"width":980,"height":380,"url":"https:\/\/www.joyana.fr\/wp-content\/uploads\/2013\/05\/BLOG_CASEABLE_C.jpg","type":"image\/jpeg"}],"author":"Jo Yana","twitter_card":"summary_large_image","twitter_creator":"@Jo_Yana","twitter_site":"@Jo_Yana","twitter_misc":{"Written by":"Jo Yana","Est. reading time":"1 minute"},"schema":{"@context":"https:\/\/schema.org","@graph":[{"@type":"Article","@id":"https:\/\/www.joyana.fr\/etui-ipad-camo-caseable-x-jo-yana\/5501\/#article","isPartOf":{"@id":"https:\/\/www.joyana.fr\/etui-ipad-camo-caseable-x-jo-yana\/5501\/"},"author":{"name":"Jo Yana","@id":"https:\/\/joyana.fr\/#\/schema\/person\/cf2a1ad12a27c12c21801075bf37407c"},"headline":"Etui iPad Camo CASEABLE x Jo Yana","datePublished":"2013-05-16T06:41:13+00:00","mainEntityOfPage":{"@id":"https:\/\/www.joyana.fr\/etui-ipad-camo-caseable-x-jo-yana\/5501\/"},"wordCount":290,"commentCount":1,"publisher":{"@id":"https:\/\/joyana.fr\/#\/schema\/person\/cf2a1ad12a27c12c21801075bf37407c"},"image":{"@id":"https:\/\/www.joyana.fr\/etui-ipad-camo-caseable-x-jo-yana\/5501\/#primaryimage"},"thumbnailUrl":"https:\/\/i0.wp.com\/joyana.fr\/wp-content\/uploads\/2013\/05\/BLOG_CASEABLE_C.jpg?fit=980%2C380&ssl=1","keywords":["caseable","iPad","Maroquinerie"],"articleSection":["BLOG","LIFESTYLE"],"inLanguage":"en-US","potentialAction":[{"@type":"CommentAction","name":"Comment","target":["https:\/\/www.joyana.fr\/etui-ipad-camo-caseable-x-jo-yana\/5501\/#respond"]}]},{"@type":"WebPage","@id":"https:\/\/www.joyana.fr\/etui-ipad-camo-caseable-x-jo-yana\/5501\/","url":"https:\/\/www.joyana.fr\/etui-ipad-camo-caseable-x-jo-yana\/5501\/","name":"Etui iPad Camo CASEABLE x Jo Yana - JO YANA","isPartOf":{"@id":"https:\/\/joyana.fr\/#website"},"primaryImageOfPage":{"@id":"https:\/\/www.joyana.fr\/etui-ipad-camo-caseable-x-jo-yana\/5501\/#primaryimage"},"image":{"@id":"https:\/\/www.joyana.fr\/etui-ipad-camo-caseable-x-jo-yana\/5501\/#primaryimage"},"thumbnailUrl":"https:\/\/i0.wp.com\/joyana.fr\/wp-content\/uploads\/2013\/05\/BLOG_CASEABLE_C.jpg?fit=980%2C380&ssl=1","datePublished":"2013-05-16T06:41:13+00:00","breadcrumb":{"@id":"https:\/\/www.joyana.fr\/etui-ipad-camo-caseable-x-jo-yana\/5501\/#breadcrumb"},"inLanguage":"en-US","potentialAction":[{"@type":"ReadAction","target":["https:\/\/www.joyana.fr\/etui-ipad-camo-caseable-x-jo-yana\/5501\/"]}]},{"@type":"ImageObject","inLanguage":"en-US","@id":"https:\/\/www.joyana.fr\/etui-ipad-camo-caseable-x-jo-yana\/5501\/#primaryimage","url":"https:\/\/i0.wp.com\/joyana.fr\/wp-content\/uploads\/2013\/05\/BLOG_CASEABLE_C.jpg?fit=980%2C380&ssl=1","contentUrl":"https:\/\/i0.wp.com\/joyana.fr\/wp-content\/uploads\/2013\/05\/BLOG_CASEABLE_C.jpg?fit=980%2C380&ssl=1","width":980,"height":380},{"@type":"BreadcrumbList","@id":"https:\/\/www.joyana.fr\/etui-ipad-camo-caseable-x-jo-yana\/5501\/#breadcrumb","itemListElement":[{"@type":"ListItem","position":1,"name":"Accueil","item":"https:\/\/joyana.fr\/"},{"@type":"ListItem","position":2,"name":"Etui iPad Camo CASEABLE x Jo Yana"}]},{"@type":"WebSite","@id":"https:\/\/joyana.fr\/#website","url":"https:\/\/joyana.fr\/","name":"JO YANA","description":"Blog Mode Homme, Lifestyle, D\u00e9co-Design","publisher":{"@id":"https:\/\/joyana.fr\/#\/schema\/person\/cf2a1ad12a27c12c21801075bf37407c"},"potentialAction":[{"@type":"SearchAction","target":{"@type":"EntryPoint","urlTemplate":"https:\/\/joyana.fr\/?s={search_term_string}"},"query-input":{"@type":"PropertyValueSpecification","valueRequired":true,"valueName":"search_term_string"}}],"inLanguage":"en-US"},{"@type":["Person","Organization"],"@id":"https:\/\/joyana.fr\/#\/schema\/person\/cf2a1ad12a27c12c21801075bf37407c","name":"Jo Yana","image":{"@type":"ImageObject","inLanguage":"en-US","@id":"https:\/\/joyana.fr\/#\/schema\/person\/image\/","url":"https:\/\/i0.wp.com\/joyana.fr\/wp-content\/uploads\/2016\/08\/cropped-joyana-logo-black-360x180.png?fit=343%2C164&ssl=1","contentUrl":"https:\/\/i0.wp.com\/joyana.fr\/wp-content\/uploads\/2016\/08\/cropped-joyana-logo-black-360x180.png?fit=343%2C164&ssl=1","width":343,"height":164,"caption":"Jo Yana"},"logo":{"@id":"https:\/\/joyana.fr\/#\/schema\/person\/image\/"},"description":"Jo Yana est le cr\u00e9ateur et r\u00e9dacteur en chef des sites DECO-DESIGN. Passionn\u00e9 de Design, Mode, Photo, Luxe, Lifestyle, Musique, mais avant tout Blogueur ! Le plaisir de partager l'anime et a comme devise \"POUR L'AMOUR DU BEAU\". Retrouvez le aussi sur son blog personnel - https:\/\/joyana.fr...","sameAs":["https:\/\/joyana.fr\/"],"url":"https:\/\/joyana.fr\/en\/author\/joyana\/"}]}},"author_meta":{"display_name":"Jo Yana","author_link":"https:\/\/joyana.fr\/en\/author\/joyana\/"},"featured_img":"https:\/\/i0.wp.com\/joyana.fr\/wp-content\/uploads\/2013\/05\/BLOG_CASEABLE_C.jpg?fit=389%2C151&ssl=1","featured_image_src":"https:\/\/i0.wp.com\/joyana.fr\/wp-content\/uploads\/2013\/05\/BLOG_CASEABLE_C.jpg?resize=600%2C380&ssl=1","featured_image_src_square":"https:\/\/i0.wp.com\/joyana.fr\/wp-content\/uploads\/2013\/05\/BLOG_CASEABLE_C.jpg?resize=600%2C380&ssl=1","jetpack_featured_media_url":"https:\/\/i0.wp.com\/joyana.fr\/wp-content\/uploads\/2013\/05\/BLOG_CASEABLE_C.jpg?fit=980%2C380&ssl=1","uagb_featured_image_src":{"full":["https:\/\/i0.wp.com\/joyana.fr\/wp-content\/uploads\/2013\/05\/BLOG_CASEABLE_C.jpg?fit=980%2C380&ssl=1",980,380,false],"thumbnail":["https:\/\/i0.wp.com\/joyana.fr\/wp-content\/uploads\/2013\/05\/BLOG_CASEABLE_C.jpg?resize=150%2C150&ssl=1",150,150,true],"medium":["https:\/\/i0.wp.com\/joyana.fr\/wp-content\/uploads\/2013\/05\/BLOG_CASEABLE_C.jpg?fit=389%2C151&ssl=1",389,151,true],"medium_large":["https:\/\/i0.wp.com\/joyana.fr\/wp-content\/uploads\/2013\/05\/BLOG_CASEABLE_C.jpg?fit=768%2C298&ssl=1",768,298,true],"large":["https:\/\/i0.wp.com\/joyana.fr\/wp-content\/uploads\/2013\/05\/BLOG_CASEABLE_C.jpg?fit=980%2C380&ssl=1",980,380,true],"1536x1536":["https:\/\/i0.wp.com\/joyana.fr\/wp-content\/uploads\/2013\/05\/BLOG_CASEABLE_C.jpg?fit=980%2C380&ssl=1",980,380,true],"2048x2048":["https:\/\/i0.wp.com\/joyana.fr\/wp-content\/uploads\/2013\/05\/BLOG_CASEABLE_C.jpg?fit=980%2C380&ssl=1",980,380,true],"featured-thumb":["https:\/\/i0.wp.com\/joyana.fr\/wp-content\/uploads\/2013\/05\/BLOG_CASEABLE_C.jpg?resize=980%2C380&ssl=1",980,380,true],"ab-block-post-grid-landscape":["https:\/\/i0.wp.com\/joyana.fr\/wp-content\/uploads\/2013\/05\/BLOG_CASEABLE_C.jpg?resize=600%2C380&ssl=1",600,380,true],"ab-block-post-grid-square":["https:\/\/i0.wp.com\/joyana.fr\/wp-content\/uploads\/2013\/05\/BLOG_CASEABLE_C.jpg?resize=600%2C380&ssl=1",600,380,true],"author-pro-image":["https:\/\/i0.wp.com\/joyana.fr\/wp-content\/uploads\/2013\/05\/BLOG_CASEABLE_C.jpg?resize=360%2C380&ssl=1",360,380,true],"slider":["https:\/\/i0.wp.com\/joyana.fr\/wp-content\/uploads\/2013\/05\/BLOG_CASEABLE_C.jpg?resize=920%2C380&ssl=1",920,380,true],"woocommerce_thumbnail":["https:\/\/i0.wp.com\/joyana.fr\/wp-content\/uploads\/2013\/05\/BLOG_CASEABLE_C.jpg?resize=450%2C380&ssl=1",450,380,true],"woocommerce_single":["https:\/\/i0.wp.com\/joyana.fr\/wp-content\/uploads\/2013\/05\/BLOG_CASEABLE_C.jpg?fit=920%2C357&ssl=1",920,357,true],"woocommerce_gallery_thumbnail":["https:\/\/i0.wp.com\/joyana.fr\/wp-content\/uploads\/2013\/05\/BLOG_CASEABLE_C.jpg?resize=180%2C180&ssl=1",180,180,true],"sow-carousel-default":["https:\/\/i0.wp.com\/joyana.fr\/wp-content\/uploads\/2013\/05\/BLOG_CASEABLE_C.jpg?resize=272%2C182&ssl=1",272,182,true]},"uagb_author_info":{"display_name":"Jo Yana","author_link":"https:\/\/joyana.fr\/en\/author\/joyana\/"},"uagb_comment_info":3,"uagb_excerpt":"Lors de mon s\u00e9jour \u00e0 New York, j&#8217;ai rencontr\u00e9 l&#8217;\u00e9quipe de caseable qui r\u00e9alise de superbe \u00e9tuis pour vos joujous high-tech pr\u00e9f\u00e9r\u00e9s. De mon cot\u00e9 j&#8217;ai r\u00e9alis\u00e9 un \u00e9tui iPad camo ^^ et je suis plus que satisfait du r\u00e9sultat ! Vous \u00eates jaloux ? Allez ne le soyez pas, je vous fais gagner deux&hellip;","coauthors":[],"tax_additional":{"categories":{"linked":["<a href=\"https:\/\/joyana.fr\/en\/category\/blog\/\" class=\"advgb-post-tax-term\">BLOG<\/a>","<a href=\"https:\/\/joyana.fr\/en\/category\/blog\/lifestyle\/\" class=\"advgb-post-tax-term\">LIFESTYLE<\/a>"],"unlinked":["<span class=\"advgb-post-tax-term\">BLOG<\/span>","<span class=\"advgb-post-tax-term\">LIFESTYLE<\/span>"]},"tags":{"linked":["<a href=\"https:\/\/joyana.fr\/en\/category\/blog\/lifestyle\/\" class=\"advgb-post-tax-term\">caseable<\/a>","<a href=\"https:\/\/joyana.fr\/en\/category\/blog\/lifestyle\/\" class=\"advgb-post-tax-term\">iPad<\/a>","<a href=\"https:\/\/joyana.fr\/en\/category\/blog\/lifestyle\/\" class=\"advgb-post-tax-term\">Maroquinerie<\/a>"],"unlinked":["<span class=\"advgb-post-tax-term\">caseable<\/span>","<span class=\"advgb-post-tax-term\">iPad<\/span>","<span class=\"advgb-post-tax-term\">Maroquinerie<\/span>"]}},"comment_count":3,"relative_dates":{"created":"Posted 13 years ago","modified":"Updated 13 years ago"},"absolute_dates":{"created":"Posted on 16 May 2013","modified":"Updated on 16 May 2013"},"absolute_dates_time":{"created":"Posted on 16 May 2013 8:41","modified":"Updated on 16 May 2013 8:41"},"featured_img_caption":"","series_order":"","jetpack_sharing_enabled":true,"jetpack_shortlink":"https:\/\/wp.me\/p9bteI-1qJ","jetpack-related-posts":[],"_links":{"self":[{"href":"https:\/\/joyana.fr\/en\/wp-json\/wp\/v2\/posts\/5501","targetHints":{"allow":["GET"]}}],"collection":[{"href":"https:\/\/joyana.fr\/en\/wp-json\/wp\/v2\/posts"}],"about":[{"href":"https:\/\/joyana.fr\/en\/wp-json\/wp\/v2\/types\/post"}],"author":[{"embeddable":true,"href":"https:\/\/joyana.fr\/en\/wp-json\/wp\/v2\/users\/3"}],"replies":[{"embeddable":true,"href":"https:\/\/joyana.fr\/en\/wp-json\/wp\/v2\/comments?post=5501"}],"version-history":[{"count":0,"href":"https:\/\/joyana.fr\/en\/wp-json\/wp\/v2\/posts\/5501\/revisions"}],"wp:featuredmedia":[{"embeddable":true,"href":"https:\/\/joyana.fr\/en\/wp-json\/wp\/v2\/media\/5507"}],"wp:attachment":[{"href":"https:\/\/joyana.fr\/en\/wp-json\/wp\/v2\/media?parent=5501"}],"wp:term":[{"taxonomy":"category","embeddable":true,"href":"https:\/\/joyana.fr\/en\/wp-json\/wp\/v2\/categories?post=5501"},{"taxonomy":"post_tag","embeddable":true,"href":"https:\/\/joyana.fr\/en\/wp-json\/wp\/v2\/tags?post=5501"}],"curies":[{"name":"wp","href":"https:\/\/api.w.org\/{rel}","templated":true}]}}