{"id":6677,"date":"2013-10-17T12:46:11","date_gmt":"2013-10-17T10:46:11","guid":{"rendered":"https:\/\/joyana.fr\/?p=6677"},"modified":"2013-10-17T12:46:11","modified_gmt":"2013-10-17T10:46:11","slug":"lacoste-habille-lequipe-de-france-olympique-hiver-2014","status":"publish","type":"post","link":"https:\/\/joyana.fr\/en\/lacoste-habille-lequipe-de-france-olympique-hiver-2014\/6677\/","title":{"rendered":"LACOSTE habille l&#8217;\u00e9quipe de France Olympique d&#8217;hiver 2014"},"content":{"rendered":"<p><img data-recalc-dims=\"1\" fetchpriority=\"high\" decoding=\"async\" data-attachment-id=\"6679\" data-permalink=\"https:\/\/joyana.fr\/en\/lacoste-habille-lequipe-de-france-olympique-hiver-2014\/6677\/lacoste-habille-lequipe-de-france-olympique-dhiver-2014\/\" data-orig-file=\"https:\/\/i0.wp.com\/joyana.fr\/wp-content\/uploads\/2013\/10\/LACOSTE-habille-l%C3%A9quipe-de-France-Olympique-dhiver-2014.jpg?fit=650%2C605&amp;ssl=1\" data-orig-size=\"650,605\" data-comments-opened=\"1\" data-image-meta=\"{&quot;aperture&quot;:&quot;0&quot;,&quot;credit&quot;:&quot;&quot;,&quot;camera&quot;:&quot;&quot;,&quot;caption&quot;:&quot;&quot;,&quot;created_timestamp&quot;:&quot;0&quot;,&quot;copyright&quot;:&quot;&quot;,&quot;focal_length&quot;:&quot;0&quot;,&quot;iso&quot;:&quot;0&quot;,&quot;shutter_speed&quot;:&quot;0&quot;,&quot;title&quot;:&quot;&quot;,&quot;orientation&quot;:&quot;1&quot;}\" data-image-title=\"LACOSTE habille l&#8217;\u00e9quipe de France Olympique d&#8217;hiver 2014\" data-image-description=\"\" data-image-caption=\"\" data-medium-file=\"https:\/\/i0.wp.com\/joyana.fr\/wp-content\/uploads\/2013\/10\/LACOSTE-habille-l%C3%A9quipe-de-France-Olympique-dhiver-2014.jpg?fit=389%2C362&amp;ssl=1\" data-large-file=\"https:\/\/i0.wp.com\/joyana.fr\/wp-content\/uploads\/2013\/10\/LACOSTE-habille-l%C3%A9quipe-de-France-Olympique-dhiver-2014.jpg?fit=650%2C605&amp;ssl=1\" class=\"alignnone size-large wp-image-6679\" alt=\"LACOSTE habille l'\u00e9quipe de France Olympique d'hiver 2014\" src=\"https:\/\/i0.wp.com\/joyana.fr\/wp-content\/uploads\/2013\/10\/LACOSTE-habille-l%C3%A9quipe-de-France-Olympique-dhiver-2014.jpg?resize=650%2C605&#038;ssl=1\" width=\"650\" height=\"605\" srcset=\"https:\/\/i0.wp.com\/joyana.fr\/wp-content\/uploads\/2013\/10\/LACOSTE-habille-l%C3%A9quipe-de-France-Olympique-dhiver-2014.jpg?w=650&amp;ssl=1 650w, https:\/\/i0.wp.com\/joyana.fr\/wp-content\/uploads\/2013\/10\/LACOSTE-habille-l%C3%A9quipe-de-France-Olympique-dhiver-2014.jpg?resize=600%2C558&amp;ssl=1 600w\" sizes=\"(max-width: 650px) 100vw, 650px\" \/><\/p>\n<p>Pour le plaisir de nos yeux, <strong><a href=\"https:\/\/joyana.fr\/tag\/lacoste\/\" title=\"LACOSTE\" target=\"_blank\">Lacoste<\/a><\/strong> <strong>habille l&#8217;\u00e9quipe de France Olympique<\/strong> pour les <strong>jeux d&#8217;hiver<\/strong> de <strong>2014<\/strong> \u00e0 <strong>Sotchi<\/strong>. Les tenues inspir\u00e9es des valeurs du sport et des codes de la marque, incarnent l&#8217;\u00e9l\u00e9gance et le chic \u00e0 la fran\u00e7aise &#8211; avec notamment un rappel du drapeau fran\u00e7ais sur le c\u00e9l\u00e8bre crocodile&#8230;<\/p>\n<p><!--more--><\/p>\n<div data-carousel-extra='{\"blog_id\":1,\"permalink\":\"https:\\\/\\\/joyana.fr\\\/en\\\/lacoste-habille-lequipe-de-france-olympique-hiver-2014\\\/6677\\\/\"}' id='gallery-1' class='gallery galleryid-6677 gallery-columns-3 gallery-size-thumbnail'><figure class='gallery-item'>\r\n\t\t\t<div class='gallery-icon portrait'>\r\n\t\t\t\t<a href=\"https:\/\/i0.wp.com\/joyana.fr\/wp-content\/uploads\/2013\/10\/lacoste-img-look-jo1.jpg?ssl=1\"><img decoding=\"async\" width=\"150\" height=\"150\" src=\"https:\/\/i0.wp.com\/joyana.fr\/wp-content\/uploads\/2013\/10\/lacoste-img-look-jo1.jpg?resize=150%2C150&amp;ssl=1\" class=\"attachment-thumbnail size-thumbnail\" alt=\"\" data-attachment-id=\"6680\" data-permalink=\"https:\/\/joyana.fr\/en\/lacoste-habille-lequipe-de-france-olympique-hiver-2014\/6677\/lacoste-img-look-jo1\/\" data-orig-file=\"https:\/\/i0.wp.com\/joyana.fr\/wp-content\/uploads\/2013\/10\/lacoste-img-look-jo1.jpg?fit=273%2C400&amp;ssl=1\" data-orig-size=\"273,400\" data-comments-opened=\"1\" data-image-meta=\"{&quot;aperture&quot;:&quot;0&quot;,&quot;credit&quot;:&quot;&quot;,&quot;camera&quot;:&quot;&quot;,&quot;caption&quot;:&quot;&quot;,&quot;created_timestamp&quot;:&quot;0&quot;,&quot;copyright&quot;:&quot;&quot;,&quot;focal_length&quot;:&quot;0&quot;,&quot;iso&quot;:&quot;0&quot;,&quot;shutter_speed&quot;:&quot;0&quot;,&quot;title&quot;:&quot;&quot;,&quot;orientation&quot;:&quot;0&quot;}\" data-image-title=\"lacoste img-look-jo1\" data-image-description=\"\" data-image-caption=\"\" data-medium-file=\"https:\/\/i0.wp.com\/joyana.fr\/wp-content\/uploads\/2013\/10\/lacoste-img-look-jo1.jpg?fit=265%2C389&amp;ssl=1\" data-large-file=\"https:\/\/i0.wp.com\/joyana.fr\/wp-content\/uploads\/2013\/10\/lacoste-img-look-jo1.jpg?fit=273%2C400&amp;ssl=1\" \/><\/a>\r\n\t\t\t<\/div><\/figure><figure class='gallery-item'>\r\n\t\t\t<div class='gallery-icon portrait'>\r\n\t\t\t\t<a href=\"https:\/\/i0.wp.com\/joyana.fr\/wp-content\/uploads\/2013\/10\/lacoste-look-jo2.jpg?ssl=1\"><img decoding=\"async\" width=\"150\" height=\"150\" src=\"https:\/\/i0.wp.com\/joyana.fr\/wp-content\/uploads\/2013\/10\/lacoste-look-jo2.jpg?resize=150%2C150&amp;ssl=1\" class=\"attachment-thumbnail size-thumbnail\" alt=\"\" srcset=\"https:\/\/i0.wp.com\/joyana.fr\/wp-content\/uploads\/2013\/10\/lacoste-look-jo2.jpg?resize=150%2C150&amp;ssl=1 150w, https:\/\/i0.wp.com\/joyana.fr\/wp-content\/uploads\/2013\/10\/lacoste-look-jo2.jpg?resize=180%2C180&amp;ssl=1 180w, https:\/\/i0.wp.com\/joyana.fr\/wp-content\/uploads\/2013\/10\/lacoste-look-jo2.jpg?resize=100%2C100&amp;ssl=1 100w\" sizes=\"(max-width: 150px) 100vw, 150px\" data-attachment-id=\"6682\" data-permalink=\"https:\/\/joyana.fr\/en\/lacoste-habille-lequipe-de-france-olympique-hiver-2014\/6677\/lacoste-look-jo2\/\" data-orig-file=\"https:\/\/i0.wp.com\/joyana.fr\/wp-content\/uploads\/2013\/10\/lacoste-look-jo2.jpg?fit=273%2C400&amp;ssl=1\" data-orig-size=\"273,400\" data-comments-opened=\"1\" data-image-meta=\"{&quot;aperture&quot;:&quot;0&quot;,&quot;credit&quot;:&quot;&quot;,&quot;camera&quot;:&quot;&quot;,&quot;caption&quot;:&quot;&quot;,&quot;created_timestamp&quot;:&quot;0&quot;,&quot;copyright&quot;:&quot;&quot;,&quot;focal_length&quot;:&quot;0&quot;,&quot;iso&quot;:&quot;0&quot;,&quot;shutter_speed&quot;:&quot;0&quot;,&quot;title&quot;:&quot;&quot;,&quot;orientation&quot;:&quot;0&quot;}\" data-image-title=\"lacoste -look-jo2\" data-image-description=\"\" data-image-caption=\"\" data-medium-file=\"https:\/\/i0.wp.com\/joyana.fr\/wp-content\/uploads\/2013\/10\/lacoste-look-jo2.jpg?fit=265%2C389&amp;ssl=1\" data-large-file=\"https:\/\/i0.wp.com\/joyana.fr\/wp-content\/uploads\/2013\/10\/lacoste-look-jo2.jpg?fit=273%2C400&amp;ssl=1\" \/><\/a>\r\n\t\t\t<\/div><\/figure><figure class='gallery-item'>\r\n\t\t\t<div class='gallery-icon portrait'>\r\n\t\t\t\t<a href=\"https:\/\/i0.wp.com\/joyana.fr\/wp-content\/uploads\/2013\/10\/lacoste-img-look-jo3.jpg?ssl=1\"><img loading=\"lazy\" decoding=\"async\" width=\"150\" height=\"150\" src=\"https:\/\/i0.wp.com\/joyana.fr\/wp-content\/uploads\/2013\/10\/lacoste-img-look-jo3.jpg?resize=150%2C150&amp;ssl=1\" class=\"attachment-thumbnail size-thumbnail\" alt=\"\" data-attachment-id=\"6681\" data-permalink=\"https:\/\/joyana.fr\/en\/lacoste-habille-lequipe-de-france-olympique-hiver-2014\/6677\/lacoste-img-look-jo3\/\" data-orig-file=\"https:\/\/i0.wp.com\/joyana.fr\/wp-content\/uploads\/2013\/10\/lacoste-img-look-jo3.jpg?fit=273%2C400&amp;ssl=1\" data-orig-size=\"273,400\" data-comments-opened=\"1\" data-image-meta=\"{&quot;aperture&quot;:&quot;0&quot;,&quot;credit&quot;:&quot;&quot;,&quot;camera&quot;:&quot;&quot;,&quot;caption&quot;:&quot;&quot;,&quot;created_timestamp&quot;:&quot;0&quot;,&quot;copyright&quot;:&quot;&quot;,&quot;focal_length&quot;:&quot;0&quot;,&quot;iso&quot;:&quot;0&quot;,&quot;shutter_speed&quot;:&quot;0&quot;,&quot;title&quot;:&quot;&quot;,&quot;orientation&quot;:&quot;0&quot;}\" data-image-title=\"lacoste img-look-jo3\" data-image-description=\"\" data-image-caption=\"\" data-medium-file=\"https:\/\/i0.wp.com\/joyana.fr\/wp-content\/uploads\/2013\/10\/lacoste-img-look-jo3.jpg?fit=265%2C389&amp;ssl=1\" data-large-file=\"https:\/\/i0.wp.com\/joyana.fr\/wp-content\/uploads\/2013\/10\/lacoste-img-look-jo3.jpg?fit=273%2C400&amp;ssl=1\" \/><\/a>\r\n\t\t\t<\/div><\/figure><figure class='gallery-item'>\r\n\t\t\t<div class='gallery-icon landscape'>\r\n\t\t\t\t<a href=\"https:\/\/i0.wp.com\/joyana.fr\/wp-content\/uploads\/2013\/10\/LACOSTE-habille-l%C3%A9quipe-de-France-Olympique-dhiver-2014.jpg?ssl=1\"><img loading=\"lazy\" decoding=\"async\" width=\"150\" height=\"150\" src=\"https:\/\/i0.wp.com\/joyana.fr\/wp-content\/uploads\/2013\/10\/LACOSTE-habille-l%C3%A9quipe-de-France-Olympique-dhiver-2014.jpg?resize=150%2C150&amp;ssl=1\" class=\"attachment-thumbnail size-thumbnail\" alt=\"\" data-attachment-id=\"6679\" data-permalink=\"https:\/\/joyana.fr\/en\/lacoste-habille-lequipe-de-france-olympique-hiver-2014\/6677\/lacoste-habille-lequipe-de-france-olympique-dhiver-2014\/\" data-orig-file=\"https:\/\/i0.wp.com\/joyana.fr\/wp-content\/uploads\/2013\/10\/LACOSTE-habille-l%C3%A9quipe-de-France-Olympique-dhiver-2014.jpg?fit=650%2C605&amp;ssl=1\" data-orig-size=\"650,605\" data-comments-opened=\"1\" data-image-meta=\"{&quot;aperture&quot;:&quot;0&quot;,&quot;credit&quot;:&quot;&quot;,&quot;camera&quot;:&quot;&quot;,&quot;caption&quot;:&quot;&quot;,&quot;created_timestamp&quot;:&quot;0&quot;,&quot;copyright&quot;:&quot;&quot;,&quot;focal_length&quot;:&quot;0&quot;,&quot;iso&quot;:&quot;0&quot;,&quot;shutter_speed&quot;:&quot;0&quot;,&quot;title&quot;:&quot;&quot;,&quot;orientation&quot;:&quot;1&quot;}\" data-image-title=\"LACOSTE habille l&#8217;\u00e9quipe de France Olympique d&#8217;hiver 2014\" data-image-description=\"\" data-image-caption=\"\" data-medium-file=\"https:\/\/i0.wp.com\/joyana.fr\/wp-content\/uploads\/2013\/10\/LACOSTE-habille-l%C3%A9quipe-de-France-Olympique-dhiver-2014.jpg?fit=389%2C362&amp;ssl=1\" data-large-file=\"https:\/\/i0.wp.com\/joyana.fr\/wp-content\/uploads\/2013\/10\/LACOSTE-habille-l%C3%A9quipe-de-France-Olympique-dhiver-2014.jpg?fit=650%2C605&amp;ssl=1\" \/><\/a>\r\n\t\t\t<\/div><\/figure><figure class='gallery-item'>\r\n\t\t\t<div class='gallery-icon portrait'>\r\n\t\t\t\t<a href=\"https:\/\/i0.wp.com\/joyana.fr\/wp-content\/uploads\/2013\/10\/LACOSTE-habille-l%C3%A9quipe-de-France-Olympique-dhiver-2014-2.jpg?ssl=1\"><img loading=\"lazy\" decoding=\"async\" width=\"150\" height=\"150\" src=\"https:\/\/i0.wp.com\/joyana.fr\/wp-content\/uploads\/2013\/10\/LACOSTE-habille-l%C3%A9quipe-de-France-Olympique-dhiver-2014-2.jpg?resize=150%2C150&amp;ssl=1\" class=\"attachment-thumbnail size-thumbnail\" alt=\"\" data-attachment-id=\"6678\" data-permalink=\"https:\/\/joyana.fr\/en\/lacoste-habille-lequipe-de-france-olympique-hiver-2014\/6677\/lacoste-habille-lequipe-de-france-olympique-dhiver-2014-2\/\" data-orig-file=\"https:\/\/i0.wp.com\/joyana.fr\/wp-content\/uploads\/2013\/10\/LACOSTE-habille-l%C3%A9quipe-de-France-Olympique-dhiver-2014-2.jpg?fit=650%2C748&amp;ssl=1\" data-orig-size=\"650,748\" data-comments-opened=\"1\" data-image-meta=\"{&quot;aperture&quot;:&quot;0&quot;,&quot;credit&quot;:&quot;&quot;,&quot;camera&quot;:&quot;&quot;,&quot;caption&quot;:&quot;&quot;,&quot;created_timestamp&quot;:&quot;0&quot;,&quot;copyright&quot;:&quot;&quot;,&quot;focal_length&quot;:&quot;0&quot;,&quot;iso&quot;:&quot;0&quot;,&quot;shutter_speed&quot;:&quot;0&quot;,&quot;title&quot;:&quot;&quot;,&quot;orientation&quot;:&quot;1&quot;}\" data-image-title=\"LACOSTE habille l&#8217;\u00e9quipe de France Olympique d&#8217;hiver 2014 2\" data-image-description=\"\" data-image-caption=\"\" data-medium-file=\"https:\/\/i0.wp.com\/joyana.fr\/wp-content\/uploads\/2013\/10\/LACOSTE-habille-l%C3%A9quipe-de-France-Olympique-dhiver-2014-2.jpg?fit=338%2C389&amp;ssl=1\" data-large-file=\"https:\/\/i0.wp.com\/joyana.fr\/wp-content\/uploads\/2013\/10\/LACOSTE-habille-l%C3%A9quipe-de-France-Olympique-dhiver-2014-2.jpg?fit=650%2C748&amp;ssl=1\" \/><\/a>\r\n\t\t\t<\/div><\/figure><figure class='gallery-item'>\r\n\t\t\t<div class='gallery-icon landscape'>\r\n\t\t\t\t<a href=\"https:\/\/i0.wp.com\/joyana.fr\/wp-content\/uploads\/2013\/10\/LACOSTE-JEUX-OLYMPIQUE-2014.jpg?ssl=1\"><img loading=\"lazy\" decoding=\"async\" width=\"150\" height=\"150\" src=\"https:\/\/i0.wp.com\/joyana.fr\/wp-content\/uploads\/2013\/10\/LACOSTE-JEUX-OLYMPIQUE-2014.jpg?resize=150%2C150&amp;ssl=1\" class=\"attachment-thumbnail size-thumbnail\" alt=\"\" srcset=\"https:\/\/i0.wp.com\/joyana.fr\/wp-content\/uploads\/2013\/10\/LACOSTE-JEUX-OLYMPIQUE-2014.jpg?resize=300%2C300&amp;ssl=1 300w, https:\/\/i0.wp.com\/joyana.fr\/wp-content\/uploads\/2013\/10\/LACOSTE-JEUX-OLYMPIQUE-2014.jpg?resize=100%2C100&amp;ssl=1 100w, https:\/\/i0.wp.com\/joyana.fr\/wp-content\/uploads\/2013\/10\/LACOSTE-JEUX-OLYMPIQUE-2014.jpg?zoom=3&amp;resize=150%2C150&amp;ssl=1 450w\" sizes=\"(max-width: 150px) 100vw, 150px\" data-attachment-id=\"6683\" data-permalink=\"https:\/\/joyana.fr\/en\/lacoste-habille-lequipe-de-france-olympique-hiver-2014\/6677\/lacoste-jeux-olympique-2014\/\" data-orig-file=\"https:\/\/i0.wp.com\/joyana.fr\/wp-content\/uploads\/2013\/10\/LACOSTE-JEUX-OLYMPIQUE-2014.jpg?fit=1160%2C676&amp;ssl=1\" data-orig-size=\"1160,676\" data-comments-opened=\"1\" data-image-meta=\"{&quot;aperture&quot;:&quot;0&quot;,&quot;credit&quot;:&quot;&quot;,&quot;camera&quot;:&quot;&quot;,&quot;caption&quot;:&quot;&quot;,&quot;created_timestamp&quot;:&quot;0&quot;,&quot;copyright&quot;:&quot;&quot;,&quot;focal_length&quot;:&quot;0&quot;,&quot;iso&quot;:&quot;0&quot;,&quot;shutter_speed&quot;:&quot;0&quot;,&quot;title&quot;:&quot;&quot;,&quot;orientation&quot;:&quot;1&quot;}\" data-image-title=\"LACOSTE JEUX OLYMPIQUE 2014\" data-image-description=\"\" data-image-caption=\"\" data-medium-file=\"https:\/\/i0.wp.com\/joyana.fr\/wp-content\/uploads\/2013\/10\/LACOSTE-JEUX-OLYMPIQUE-2014.jpg?fit=389%2C227&amp;ssl=1\" data-large-file=\"https:\/\/i0.wp.com\/joyana.fr\/wp-content\/uploads\/2013\/10\/LACOSTE-JEUX-OLYMPIQUE-2014.jpg?fit=1024%2C597&amp;ssl=1\" \/><\/a>\r\n\t\t\t<\/div><\/figure><\/div>\n\n<p>Chaque sportif dispose d&#8217;une tenue de c\u00e9r\u00e9monie, d&#8217;une tenue de protocole et de deux tenues de village. J&#8217;ai rep\u00e9r\u00e9 (dans la vid\u00e9o ci-dessous) un blazer gris matelass\u00e9 que je mettrai bien m\u00eame si je ne suis pas dans l&#8217;\u00e9quipe de France&#8230; ^^<\/p>\n<p><iframe src=\"\/\/player.vimeo.com\/video\/76871680?title=0&amp;byline=0&amp;portrait=0&amp;color=ffcee4&amp;autoplay=1&amp;loop=1\" height=\"365\" width=\"650\" allowfullscreen=\"\" frameborder=\"0\"><\/iframe><\/p>\n<p style=\"text-align: center;\">Bient\u00f4t disponible chez <a title=\"LACOSTE\" href=\"http:\/\/shop-fr.lacoste.com\/Lacoste%20habille%20l%E2%80%99%C3%A9quipe%20de%20France%20Olympique\/LP_Olympic_Games,fr_FR,pg.html?utm_source=newsletter_loyalty_2013-10-16&amp;utm_medium=emailing_int&amp;utm_campaign=Sotchi_2013-10-16&amp;ecm_order_id=1\">LACOSTE<\/a><\/p>\n<p style=\"text-align: center;\"><span style=\"color: #ffffff;\">.<\/span><\/p>\n<p style=\"text-align: left;\"><a href=\"http:\/\/clk.tradedoubler.com\/click?p=217372&amp;a=2128477&amp;g=20302468\" target=\"_blank\"><img data-recalc-dims=\"1\" loading=\"lazy\" decoding=\"async\" data-attachment-id=\"6372\" data-permalink=\"https:\/\/joyana.fr\/en\/trousse-de-toilette-mismo-bleu-fonce-ms-carry\/6364\/pub-menlook\/\" data-orig-file=\"https:\/\/i0.wp.com\/joyana.fr\/wp-content\/uploads\/2013\/09\/PUB-MENLOOK.jpg?fit=650%2C120&amp;ssl=1\" data-orig-size=\"650,120\" data-comments-opened=\"1\" data-image-meta=\"{&quot;aperture&quot;:&quot;0&quot;,&quot;credit&quot;:&quot;&quot;,&quot;camera&quot;:&quot;&quot;,&quot;caption&quot;:&quot;&quot;,&quot;created_timestamp&quot;:&quot;0&quot;,&quot;copyright&quot;:&quot;&quot;,&quot;focal_length&quot;:&quot;0&quot;,&quot;iso&quot;:&quot;0&quot;,&quot;shutter_speed&quot;:&quot;0&quot;,&quot;title&quot;:&quot;&quot;,&quot;orientation&quot;:&quot;1&quot;}\" data-image-title=\"PUB MENLOOK\" data-image-description=\"&lt;p&gt;pub menlook&lt;\/p&gt;\n\" data-image-caption=\"\" data-medium-file=\"https:\/\/i0.wp.com\/joyana.fr\/wp-content\/uploads\/2013\/09\/PUB-MENLOOK.jpg?fit=389%2C72&amp;ssl=1\" data-large-file=\"https:\/\/i0.wp.com\/joyana.fr\/wp-content\/uploads\/2013\/09\/PUB-MENLOOK.jpg?fit=650%2C120&amp;ssl=1\" class=\"alignnone size-full wp-image-6372\" alt=\"PUB MENLOOK\" src=\"https:\/\/i0.wp.com\/joyana.fr\/wp-content\/uploads\/2013\/09\/PUB-MENLOOK.jpg?resize=650%2C120&#038;ssl=1\" width=\"650\" height=\"120\" srcset=\"https:\/\/i0.wp.com\/joyana.fr\/wp-content\/uploads\/2013\/09\/PUB-MENLOOK.jpg?w=650&amp;ssl=1 650w, https:\/\/i0.wp.com\/joyana.fr\/wp-content\/uploads\/2013\/09\/PUB-MENLOOK.jpg?resize=600%2C111&amp;ssl=1 600w\" sizes=\"(max-width: 650px) 100vw, 650px\" \/><\/a><\/p>\n","protected":false},"excerpt":{"rendered":"<p>Pour le plaisir de nos yeux, Lacoste habille l&#8217;\u00e9quipe de France Olympique pour les jeux d&#8217;hiver de 2014 \u00e0 Sotchi. Les tenues inspir\u00e9es des valeurs du sport et des codes de la marque, incarnent l&#8217;\u00e9l\u00e9gance et le chic \u00e0 la fran\u00e7aise &#8211; avec notamment un rappel du drapeau fran\u00e7ais sur le c\u00e9l\u00e8bre crocodile&#8230;<\/p>\n","protected":false},"author":3,"featured_media":6682,"comment_status":"open","ping_status":"open","sticky":false,"template":"","format":"standard","meta":{"_coblocks_attr":"","_coblocks_dimensions":"","_coblocks_responsive_height":"","_coblocks_accordion_ie_support":"","_uag_custom_page_level_css":"","advgb_blocks_editor_width":"","advgb_blocks_columns_visual_guide":"","_genesis_hide_title":false,"_genesis_hide_breadcrumbs":false,"_genesis_hide_singular_image":false,"_genesis_hide_footer_widgets":false,"_genesis_custom_body_class":"","_genesis_custom_post_class":"","_genesis_layout":"","_themeisle_gutenberg_block_has_review":false,"_jetpack_newsletter_access":"","_jetpack_dont_email_post_to_subs":false,"_jetpack_newsletter_tier_id":0,"_jetpack_memberships_contains_paywalled_content":false,"_jetpack_memberships_contains_paid_content":false,"footnotes":""},"categories":[99],"tags":[448,252],"class_list":{"0":"post-6677","1":"post","2":"type-post","3":"status-publish","4":"format-standard","5":"has-post-thumbnail","7":"category-the-journal","8":"tag-france","9":"tag-lacoste","10":"entry"},"featured_image_urls":{"full":["https:\/\/i0.wp.com\/joyana.fr\/wp-content\/uploads\/2013\/10\/lacoste-look-jo2.jpg?fit=273%2C400&ssl=1",273,400,false],"thumbnail":["https:\/\/i0.wp.com\/joyana.fr\/wp-content\/uploads\/2013\/10\/lacoste-look-jo2.jpg?resize=150%2C150&ssl=1",150,150,true],"medium":["https:\/\/i0.wp.com\/joyana.fr\/wp-content\/uploads\/2013\/10\/lacoste-look-jo2.jpg?fit=265%2C389&ssl=1",265,389,true],"medium_large":["https:\/\/i0.wp.com\/joyana.fr\/wp-content\/uploads\/2013\/10\/lacoste-look-jo2.jpg?fit=273%2C400&ssl=1",273,400,true],"large":["https:\/\/i0.wp.com\/joyana.fr\/wp-content\/uploads\/2013\/10\/lacoste-look-jo2.jpg?fit=273%2C400&ssl=1",273,400,true],"1536x1536":["https:\/\/i0.wp.com\/joyana.fr\/wp-content\/uploads\/2013\/10\/lacoste-look-jo2.jpg?fit=273%2C400&ssl=1",273,400,true],"2048x2048":["https:\/\/i0.wp.com\/joyana.fr\/wp-content\/uploads\/2013\/10\/lacoste-look-jo2.jpg?fit=273%2C400&ssl=1",273,400,true],"featured-thumb":["https:\/\/i0.wp.com\/joyana.fr\/wp-content\/uploads\/2013\/10\/lacoste-look-jo2.jpg?resize=273%2C400&ssl=1",273,400,true],"ab-block-post-grid-landscape":["https:\/\/i0.wp.com\/joyana.fr\/wp-content\/uploads\/2013\/10\/lacoste-look-jo2.jpg?resize=273%2C400&ssl=1",273,400,true],"ab-block-post-grid-square":["https:\/\/i0.wp.com\/joyana.fr\/wp-content\/uploads\/2013\/10\/lacoste-look-jo2.jpg?resize=273%2C400&ssl=1",273,400,true],"author-pro-image":["https:\/\/i0.wp.com\/joyana.fr\/wp-content\/uploads\/2013\/10\/lacoste-look-jo2.jpg?resize=273%2C400&ssl=1",273,400,true],"slider":["https:\/\/i0.wp.com\/joyana.fr\/wp-content\/uploads\/2013\/10\/lacoste-look-jo2.jpg?resize=273%2C400&ssl=1",273,400,true],"woocommerce_thumbnail":["https:\/\/i0.wp.com\/joyana.fr\/wp-content\/uploads\/2013\/10\/lacoste-look-jo2.jpg?resize=273%2C300&ssl=1",273,300,true],"woocommerce_single":["https:\/\/i0.wp.com\/joyana.fr\/wp-content\/uploads\/2013\/10\/lacoste-look-jo2.jpg?fit=273%2C400&ssl=1",273,400,true],"woocommerce_gallery_thumbnail":["https:\/\/i0.wp.com\/joyana.fr\/wp-content\/uploads\/2013\/10\/lacoste-look-jo2.jpg?resize=180%2C180&ssl=1",180,180,true],"sow-carousel-default":["https:\/\/i0.wp.com\/joyana.fr\/wp-content\/uploads\/2013\/10\/lacoste-look-jo2.jpg?resize=272%2C182&ssl=1",272,182,true]},"post_excerpt_stackable":"<p>Pour le plaisir de nos yeux, Lacoste habille l&#8217;\u00e9quipe de France Olympique pour les jeux d&#8217;hiver de 2014 \u00e0 Sotchi. Les tenues inspir\u00e9es des valeurs du sport et des codes de la marque, incarnent l&#8217;\u00e9l\u00e9gance et le chic \u00e0 la fran\u00e7aise &#8211; avec notamment un rappel du drapeau fran\u00e7ais sur le c\u00e9l\u00e8bre crocodile&#8230; Chaque sportif dispose d&#8217;une tenue de c\u00e9r\u00e9monie, d&#8217;une tenue de protocole et de deux tenues de village. J&#8217;ai rep\u00e9r\u00e9 (dans la vid\u00e9o ci-dessous) un blazer gris matelass\u00e9 que je mettrai bien m\u00eame si je ne suis pas dans l&#8217;\u00e9quipe de France&#8230; ^^ Bient\u00f4t disponible chez LACOSTE .<\/p>\n","category_list":"<a href=\"https:\/\/joyana.fr\/en\/category\/the-journal\/\" rel=\"category tag\">THE JOURNAL<\/a>","author_info":{"display_name":"Jo Yana","author_link":"https:\/\/joyana.fr\/en\/author\/joyana\/"},"comments_num":"0 comments","featured_image_urls_v2":{"full":["https:\/\/i0.wp.com\/joyana.fr\/wp-content\/uploads\/2013\/10\/lacoste-look-jo2.jpg?fit=273%2C400&ssl=1",273,400,false],"thumbnail":["https:\/\/i0.wp.com\/joyana.fr\/wp-content\/uploads\/2013\/10\/lacoste-look-jo2.jpg?resize=150%2C150&ssl=1",150,150,true],"medium":["https:\/\/i0.wp.com\/joyana.fr\/wp-content\/uploads\/2013\/10\/lacoste-look-jo2.jpg?fit=265%2C389&ssl=1",265,389,true],"medium_large":["https:\/\/i0.wp.com\/joyana.fr\/wp-content\/uploads\/2013\/10\/lacoste-look-jo2.jpg?fit=273%2C400&ssl=1",273,400,true],"large":["https:\/\/i0.wp.com\/joyana.fr\/wp-content\/uploads\/2013\/10\/lacoste-look-jo2.jpg?fit=273%2C400&ssl=1",273,400,true],"1536x1536":["https:\/\/i0.wp.com\/joyana.fr\/wp-content\/uploads\/2013\/10\/lacoste-look-jo2.jpg?fit=273%2C400&ssl=1",273,400,true],"2048x2048":["https:\/\/i0.wp.com\/joyana.fr\/wp-content\/uploads\/2013\/10\/lacoste-look-jo2.jpg?fit=273%2C400&ssl=1",273,400,true],"featured-thumb":["https:\/\/i0.wp.com\/joyana.fr\/wp-content\/uploads\/2013\/10\/lacoste-look-jo2.jpg?resize=273%2C400&ssl=1",273,400,true],"ab-block-post-grid-landscape":["https:\/\/i0.wp.com\/joyana.fr\/wp-content\/uploads\/2013\/10\/lacoste-look-jo2.jpg?resize=273%2C400&ssl=1",273,400,true],"ab-block-post-grid-square":["https:\/\/i0.wp.com\/joyana.fr\/wp-content\/uploads\/2013\/10\/lacoste-look-jo2.jpg?resize=273%2C400&ssl=1",273,400,true],"author-pro-image":["https:\/\/i0.wp.com\/joyana.fr\/wp-content\/uploads\/2013\/10\/lacoste-look-jo2.jpg?resize=273%2C400&ssl=1",273,400,true],"slider":["https:\/\/i0.wp.com\/joyana.fr\/wp-content\/uploads\/2013\/10\/lacoste-look-jo2.jpg?resize=273%2C400&ssl=1",273,400,true],"woocommerce_thumbnail":["https:\/\/i0.wp.com\/joyana.fr\/wp-content\/uploads\/2013\/10\/lacoste-look-jo2.jpg?resize=273%2C300&ssl=1",273,300,true],"woocommerce_single":["https:\/\/i0.wp.com\/joyana.fr\/wp-content\/uploads\/2013\/10\/lacoste-look-jo2.jpg?fit=273%2C400&ssl=1",273,400,true],"woocommerce_gallery_thumbnail":["https:\/\/i0.wp.com\/joyana.fr\/wp-content\/uploads\/2013\/10\/lacoste-look-jo2.jpg?resize=180%2C180&ssl=1",180,180,true],"sow-carousel-default":["https:\/\/i0.wp.com\/joyana.fr\/wp-content\/uploads\/2013\/10\/lacoste-look-jo2.jpg?resize=272%2C182&ssl=1",272,182,true]},"post_excerpt_stackable_v2":"<p>Pour le plaisir de nos yeux, Lacoste habille l&#8217;\u00e9quipe de France Olympique pour les jeux d&#8217;hiver de 2014 \u00e0 Sotchi. Les tenues inspir\u00e9es des valeurs du sport et des codes de la marque, incarnent l&#8217;\u00e9l\u00e9gance et le chic \u00e0 la fran\u00e7aise &#8211; avec notamment un rappel du drapeau fran\u00e7ais sur le c\u00e9l\u00e8bre crocodile&#8230; Chaque sportif dispose d&#8217;une tenue de c\u00e9r\u00e9monie, d&#8217;une tenue de protocole et de deux tenues de village. J&#8217;ai rep\u00e9r\u00e9 (dans la vid\u00e9o ci-dessous) un blazer gris matelass\u00e9 que je mettrai bien m\u00eame si je ne suis pas dans l&#8217;\u00e9quipe de France&#8230; ^^ Bient\u00f4t disponible chez LACOSTE .<\/p>\n","category_list_v2":"<a href=\"https:\/\/joyana.fr\/en\/category\/the-journal\/\" rel=\"category tag\">THE JOURNAL<\/a>","author_info_v2":{"name":"Jo Yana","url":"https:\/\/joyana.fr\/en\/author\/joyana\/"},"comments_num_v2":"0 comments","yoast_head":"<!-- This site is optimized with the Yoast SEO plugin v26.8 - https:\/\/yoast.com\/product\/yoast-seo-wordpress\/ -->\n<title>LACOSTE habille l&#039;\u00e9quipe de France Olympique d&#039;hiver 2014 - JO YANA<\/title>\n<meta name=\"robots\" content=\"index, follow, max-snippet:-1, max-image-preview:large, max-video-preview:-1\" \/>\n<link rel=\"canonical\" href=\"https:\/\/joyana.fr\/en\/lacoste-habille-lequipe-de-france-olympique-hiver-2014\/6677\/\" \/>\n<meta property=\"og:locale\" content=\"en_US\" \/>\n<meta property=\"og:locale:alternate\" content=\"fr_FR\" \/>\n<meta property=\"og:locale:alternate\" content=\"ja\" \/>\n<meta property=\"og:type\" content=\"article\" \/>\n<meta property=\"og:title\" content=\"LACOSTE habille l&#039;\u00e9quipe de France Olympique d&#039;hiver 2014 - JO YANA\" \/>\n<meta property=\"og:description\" content=\"Pour le plaisir de nos yeux, Lacoste habille l&#8217;\u00e9quipe de France Olympique pour les jeux d&#8217;hiver de 2014 \u00e0 Sotchi. Les tenues inspir\u00e9es des valeurs du sport et des codes de la marque, incarnent l&#8217;\u00e9l\u00e9gance et le chic \u00e0 la fran\u00e7aise &#8211; avec notamment un rappel du drapeau fran\u00e7ais sur le c\u00e9l\u00e8bre crocodile&#8230;\" \/>\n<meta property=\"og:url\" content=\"https:\/\/joyana.fr\/en\/lacoste-habille-lequipe-de-france-olympique-hiver-2014\/6677\/\" \/>\n<meta property=\"og:site_name\" content=\"JO YANA\" \/>\n<meta property=\"article:published_time\" content=\"2013-10-17T10:46:11+00:00\" \/>\n<meta property=\"og:image\" content=\"https:\/\/joyana.fr\/wp-content\/uploads\/2013\/10\/lacoste-look-jo2.jpg\" \/>\n\t<meta property=\"og:image:width\" content=\"273\" \/>\n\t<meta property=\"og:image:height\" content=\"400\" \/>\n\t<meta property=\"og:image:type\" content=\"image\/jpeg\" \/>\n<meta name=\"author\" content=\"Jo Yana\" \/>\n<meta name=\"twitter:card\" content=\"summary_large_image\" \/>\n<meta name=\"twitter:creator\" content=\"@Jo_Yana\" \/>\n<meta name=\"twitter:site\" content=\"@Jo_Yana\" \/>\n<meta name=\"twitter:label1\" content=\"Written by\" \/>\n\t<meta name=\"twitter:data1\" content=\"Jo Yana\" \/>\n\t<meta name=\"twitter:label2\" content=\"Est. reading time\" \/>\n\t<meta name=\"twitter:data2\" content=\"1 minute\" \/>\n<script type=\"application\/ld+json\" class=\"yoast-schema-graph\">{\"@context\":\"https:\/\/schema.org\",\"@graph\":[{\"@type\":\"Article\",\"@id\":\"https:\/\/joyana.fr\/lacoste-habille-lequipe-de-france-olympique-hiver-2014\/6677\/#article\",\"isPartOf\":{\"@id\":\"https:\/\/joyana.fr\/lacoste-habille-lequipe-de-france-olympique-hiver-2014\/6677\/\"},\"author\":{\"name\":\"Jo Yana\",\"@id\":\"https:\/\/joyana.fr\/#\/schema\/person\/cf2a1ad12a27c12c21801075bf37407c\"},\"headline\":\"LACOSTE habille l&#8217;\u00e9quipe de France Olympique d&#8217;hiver 2014\",\"datePublished\":\"2013-10-17T10:46:11+00:00\",\"mainEntityOfPage\":{\"@id\":\"https:\/\/joyana.fr\/lacoste-habille-lequipe-de-france-olympique-hiver-2014\/6677\/\"},\"wordCount\":127,\"commentCount\":0,\"publisher\":{\"@id\":\"https:\/\/joyana.fr\/#\/schema\/person\/cf2a1ad12a27c12c21801075bf37407c\"},\"image\":{\"@id\":\"https:\/\/joyana.fr\/lacoste-habille-lequipe-de-france-olympique-hiver-2014\/6677\/#primaryimage\"},\"thumbnailUrl\":\"https:\/\/i0.wp.com\/joyana.fr\/wp-content\/uploads\/2013\/10\/lacoste-look-jo2.jpg?fit=273%2C400&ssl=1\",\"keywords\":[\"France\",\"Lacoste\"],\"articleSection\":[\"THE JOURNAL\"],\"inLanguage\":\"en-US\",\"potentialAction\":[{\"@type\":\"CommentAction\",\"name\":\"Comment\",\"target\":[\"https:\/\/joyana.fr\/lacoste-habille-lequipe-de-france-olympique-hiver-2014\/6677\/#respond\"]}]},{\"@type\":\"WebPage\",\"@id\":\"https:\/\/joyana.fr\/lacoste-habille-lequipe-de-france-olympique-hiver-2014\/6677\/\",\"url\":\"https:\/\/joyana.fr\/lacoste-habille-lequipe-de-france-olympique-hiver-2014\/6677\/\",\"name\":\"LACOSTE habille l'\u00e9quipe de France Olympique d'hiver 2014 - JO YANA\",\"isPartOf\":{\"@id\":\"https:\/\/joyana.fr\/#website\"},\"primaryImageOfPage\":{\"@id\":\"https:\/\/joyana.fr\/lacoste-habille-lequipe-de-france-olympique-hiver-2014\/6677\/#primaryimage\"},\"image\":{\"@id\":\"https:\/\/joyana.fr\/lacoste-habille-lequipe-de-france-olympique-hiver-2014\/6677\/#primaryimage\"},\"thumbnailUrl\":\"https:\/\/i0.wp.com\/joyana.fr\/wp-content\/uploads\/2013\/10\/lacoste-look-jo2.jpg?fit=273%2C400&ssl=1\",\"datePublished\":\"2013-10-17T10:46:11+00:00\",\"breadcrumb\":{\"@id\":\"https:\/\/joyana.fr\/lacoste-habille-lequipe-de-france-olympique-hiver-2014\/6677\/#breadcrumb\"},\"inLanguage\":\"en-US\",\"potentialAction\":[{\"@type\":\"ReadAction\",\"target\":[\"https:\/\/joyana.fr\/lacoste-habille-lequipe-de-france-olympique-hiver-2014\/6677\/\"]}]},{\"@type\":\"ImageObject\",\"inLanguage\":\"en-US\",\"@id\":\"https:\/\/joyana.fr\/lacoste-habille-lequipe-de-france-olympique-hiver-2014\/6677\/#primaryimage\",\"url\":\"https:\/\/i0.wp.com\/joyana.fr\/wp-content\/uploads\/2013\/10\/lacoste-look-jo2.jpg?fit=273%2C400&ssl=1\",\"contentUrl\":\"https:\/\/i0.wp.com\/joyana.fr\/wp-content\/uploads\/2013\/10\/lacoste-look-jo2.jpg?fit=273%2C400&ssl=1\",\"width\":273,\"height\":400},{\"@type\":\"BreadcrumbList\",\"@id\":\"https:\/\/joyana.fr\/lacoste-habille-lequipe-de-france-olympique-hiver-2014\/6677\/#breadcrumb\",\"itemListElement\":[{\"@type\":\"ListItem\",\"position\":1,\"name\":\"Accueil\",\"item\":\"https:\/\/joyana.fr\/\"},{\"@type\":\"ListItem\",\"position\":2,\"name\":\"LACOSTE habille l&rsquo;\u00e9quipe de France Olympique d&rsquo;hiver 2014\"}]},{\"@type\":\"WebSite\",\"@id\":\"https:\/\/joyana.fr\/#website\",\"url\":\"https:\/\/joyana.fr\/\",\"name\":\"JO YANA\",\"description\":\"Blog Mode Homme, Lifestyle, D\u00e9co-Design\",\"publisher\":{\"@id\":\"https:\/\/joyana.fr\/#\/schema\/person\/cf2a1ad12a27c12c21801075bf37407c\"},\"potentialAction\":[{\"@type\":\"SearchAction\",\"target\":{\"@type\":\"EntryPoint\",\"urlTemplate\":\"https:\/\/joyana.fr\/?s={search_term_string}\"},\"query-input\":{\"@type\":\"PropertyValueSpecification\",\"valueRequired\":true,\"valueName\":\"search_term_string\"}}],\"inLanguage\":\"en-US\"},{\"@type\":[\"Person\",\"Organization\"],\"@id\":\"https:\/\/joyana.fr\/#\/schema\/person\/cf2a1ad12a27c12c21801075bf37407c\",\"name\":\"Jo Yana\",\"image\":{\"@type\":\"ImageObject\",\"inLanguage\":\"en-US\",\"@id\":\"https:\/\/joyana.fr\/#\/schema\/person\/image\/\",\"url\":\"https:\/\/i0.wp.com\/joyana.fr\/wp-content\/uploads\/2016\/08\/cropped-joyana-logo-black-360x180.png?fit=343%2C164&ssl=1\",\"contentUrl\":\"https:\/\/i0.wp.com\/joyana.fr\/wp-content\/uploads\/2016\/08\/cropped-joyana-logo-black-360x180.png?fit=343%2C164&ssl=1\",\"width\":343,\"height\":164,\"caption\":\"Jo Yana\"},\"logo\":{\"@id\":\"https:\/\/joyana.fr\/#\/schema\/person\/image\/\"},\"description\":\"Jo Yana est le cr\u00e9ateur et r\u00e9dacteur en chef des sites DECO-DESIGN. Passionn\u00e9 de Design, Mode, Photo, Luxe, Lifestyle, Musique, mais avant tout Blogueur ! Le plaisir de partager l'anime et a comme devise \\\"POUR L'AMOUR DU BEAU\\\". Retrouvez le aussi sur son blog personnel - https:\/\/joyana.fr...\",\"sameAs\":[\"https:\/\/joyana.fr\/\"],\"url\":\"https:\/\/joyana.fr\/en\/author\/joyana\/\"}]}<\/script>\n<!-- \/ Yoast SEO plugin. -->","yoast_head_json":{"title":"LACOSTE habille l'\u00e9quipe de France Olympique d'hiver 2014 - JO YANA","robots":{"index":"index","follow":"follow","max-snippet":"max-snippet:-1","max-image-preview":"max-image-preview:large","max-video-preview":"max-video-preview:-1"},"canonical":"https:\/\/joyana.fr\/en\/lacoste-habille-lequipe-de-france-olympique-hiver-2014\/6677\/","og_locale":"en_US","og_type":"article","og_title":"LACOSTE habille l'\u00e9quipe de France Olympique d'hiver 2014 - JO YANA","og_description":"Pour le plaisir de nos yeux, Lacoste habille l&#8217;\u00e9quipe de France Olympique pour les jeux d&#8217;hiver de 2014 \u00e0 Sotchi. Les tenues inspir\u00e9es des valeurs du sport et des codes de la marque, incarnent l&#8217;\u00e9l\u00e9gance et le chic \u00e0 la fran\u00e7aise &#8211; avec notamment un rappel du drapeau fran\u00e7ais sur le c\u00e9l\u00e8bre crocodile&#8230;","og_url":"https:\/\/joyana.fr\/en\/lacoste-habille-lequipe-de-france-olympique-hiver-2014\/6677\/","og_site_name":"JO YANA","article_published_time":"2013-10-17T10:46:11+00:00","og_image":[{"width":273,"height":400,"url":"https:\/\/joyana.fr\/wp-content\/uploads\/2013\/10\/lacoste-look-jo2.jpg","type":"image\/jpeg"}],"author":"Jo Yana","twitter_card":"summary_large_image","twitter_creator":"@Jo_Yana","twitter_site":"@Jo_Yana","twitter_misc":{"Written by":"Jo Yana","Est. reading time":"1 minute"},"schema":{"@context":"https:\/\/schema.org","@graph":[{"@type":"Article","@id":"https:\/\/joyana.fr\/lacoste-habille-lequipe-de-france-olympique-hiver-2014\/6677\/#article","isPartOf":{"@id":"https:\/\/joyana.fr\/lacoste-habille-lequipe-de-france-olympique-hiver-2014\/6677\/"},"author":{"name":"Jo Yana","@id":"https:\/\/joyana.fr\/#\/schema\/person\/cf2a1ad12a27c12c21801075bf37407c"},"headline":"LACOSTE habille l&#8217;\u00e9quipe de France Olympique d&#8217;hiver 2014","datePublished":"2013-10-17T10:46:11+00:00","mainEntityOfPage":{"@id":"https:\/\/joyana.fr\/lacoste-habille-lequipe-de-france-olympique-hiver-2014\/6677\/"},"wordCount":127,"commentCount":0,"publisher":{"@id":"https:\/\/joyana.fr\/#\/schema\/person\/cf2a1ad12a27c12c21801075bf37407c"},"image":{"@id":"https:\/\/joyana.fr\/lacoste-habille-lequipe-de-france-olympique-hiver-2014\/6677\/#primaryimage"},"thumbnailUrl":"https:\/\/i0.wp.com\/joyana.fr\/wp-content\/uploads\/2013\/10\/lacoste-look-jo2.jpg?fit=273%2C400&ssl=1","keywords":["France","Lacoste"],"articleSection":["THE JOURNAL"],"inLanguage":"en-US","potentialAction":[{"@type":"CommentAction","name":"Comment","target":["https:\/\/joyana.fr\/lacoste-habille-lequipe-de-france-olympique-hiver-2014\/6677\/#respond"]}]},{"@type":"WebPage","@id":"https:\/\/joyana.fr\/lacoste-habille-lequipe-de-france-olympique-hiver-2014\/6677\/","url":"https:\/\/joyana.fr\/lacoste-habille-lequipe-de-france-olympique-hiver-2014\/6677\/","name":"LACOSTE habille l'\u00e9quipe de France Olympique d'hiver 2014 - JO YANA","isPartOf":{"@id":"https:\/\/joyana.fr\/#website"},"primaryImageOfPage":{"@id":"https:\/\/joyana.fr\/lacoste-habille-lequipe-de-france-olympique-hiver-2014\/6677\/#primaryimage"},"image":{"@id":"https:\/\/joyana.fr\/lacoste-habille-lequipe-de-france-olympique-hiver-2014\/6677\/#primaryimage"},"thumbnailUrl":"https:\/\/i0.wp.com\/joyana.fr\/wp-content\/uploads\/2013\/10\/lacoste-look-jo2.jpg?fit=273%2C400&ssl=1","datePublished":"2013-10-17T10:46:11+00:00","breadcrumb":{"@id":"https:\/\/joyana.fr\/lacoste-habille-lequipe-de-france-olympique-hiver-2014\/6677\/#breadcrumb"},"inLanguage":"en-US","potentialAction":[{"@type":"ReadAction","target":["https:\/\/joyana.fr\/lacoste-habille-lequipe-de-france-olympique-hiver-2014\/6677\/"]}]},{"@type":"ImageObject","inLanguage":"en-US","@id":"https:\/\/joyana.fr\/lacoste-habille-lequipe-de-france-olympique-hiver-2014\/6677\/#primaryimage","url":"https:\/\/i0.wp.com\/joyana.fr\/wp-content\/uploads\/2013\/10\/lacoste-look-jo2.jpg?fit=273%2C400&ssl=1","contentUrl":"https:\/\/i0.wp.com\/joyana.fr\/wp-content\/uploads\/2013\/10\/lacoste-look-jo2.jpg?fit=273%2C400&ssl=1","width":273,"height":400},{"@type":"BreadcrumbList","@id":"https:\/\/joyana.fr\/lacoste-habille-lequipe-de-france-olympique-hiver-2014\/6677\/#breadcrumb","itemListElement":[{"@type":"ListItem","position":1,"name":"Accueil","item":"https:\/\/joyana.fr\/"},{"@type":"ListItem","position":2,"name":"LACOSTE habille l&rsquo;\u00e9quipe de France Olympique d&rsquo;hiver 2014"}]},{"@type":"WebSite","@id":"https:\/\/joyana.fr\/#website","url":"https:\/\/joyana.fr\/","name":"JO YANA","description":"Blog Mode Homme, Lifestyle, D\u00e9co-Design","publisher":{"@id":"https:\/\/joyana.fr\/#\/schema\/person\/cf2a1ad12a27c12c21801075bf37407c"},"potentialAction":[{"@type":"SearchAction","target":{"@type":"EntryPoint","urlTemplate":"https:\/\/joyana.fr\/?s={search_term_string}"},"query-input":{"@type":"PropertyValueSpecification","valueRequired":true,"valueName":"search_term_string"}}],"inLanguage":"en-US"},{"@type":["Person","Organization"],"@id":"https:\/\/joyana.fr\/#\/schema\/person\/cf2a1ad12a27c12c21801075bf37407c","name":"Jo Yana","image":{"@type":"ImageObject","inLanguage":"en-US","@id":"https:\/\/joyana.fr\/#\/schema\/person\/image\/","url":"https:\/\/i0.wp.com\/joyana.fr\/wp-content\/uploads\/2016\/08\/cropped-joyana-logo-black-360x180.png?fit=343%2C164&ssl=1","contentUrl":"https:\/\/i0.wp.com\/joyana.fr\/wp-content\/uploads\/2016\/08\/cropped-joyana-logo-black-360x180.png?fit=343%2C164&ssl=1","width":343,"height":164,"caption":"Jo Yana"},"logo":{"@id":"https:\/\/joyana.fr\/#\/schema\/person\/image\/"},"description":"Jo Yana est le cr\u00e9ateur et r\u00e9dacteur en chef des sites DECO-DESIGN. Passionn\u00e9 de Design, Mode, Photo, Luxe, Lifestyle, Musique, mais avant tout Blogueur ! Le plaisir de partager l'anime et a comme devise \"POUR L'AMOUR DU BEAU\". Retrouvez le aussi sur son blog personnel - https:\/\/joyana.fr...","sameAs":["https:\/\/joyana.fr\/"],"url":"https:\/\/joyana.fr\/en\/author\/joyana\/"}]}},"author_meta":{"display_name":"Jo Yana","author_link":"https:\/\/joyana.fr\/en\/author\/joyana\/"},"featured_img":"https:\/\/i0.wp.com\/joyana.fr\/wp-content\/uploads\/2013\/10\/lacoste-look-jo2.jpg?fit=265%2C389&ssl=1","featured_image_src":"https:\/\/i0.wp.com\/joyana.fr\/wp-content\/uploads\/2013\/10\/lacoste-look-jo2.jpg?resize=273%2C400&ssl=1","featured_image_src_square":"https:\/\/i0.wp.com\/joyana.fr\/wp-content\/uploads\/2013\/10\/lacoste-look-jo2.jpg?resize=273%2C400&ssl=1","jetpack_featured_media_url":"https:\/\/i0.wp.com\/joyana.fr\/wp-content\/uploads\/2013\/10\/lacoste-look-jo2.jpg?fit=273%2C400&ssl=1","uagb_featured_image_src":{"full":["https:\/\/i0.wp.com\/joyana.fr\/wp-content\/uploads\/2013\/10\/lacoste-look-jo2.jpg?fit=273%2C400&ssl=1",273,400,false],"thumbnail":["https:\/\/i0.wp.com\/joyana.fr\/wp-content\/uploads\/2013\/10\/lacoste-look-jo2.jpg?resize=150%2C150&ssl=1",150,150,true],"medium":["https:\/\/i0.wp.com\/joyana.fr\/wp-content\/uploads\/2013\/10\/lacoste-look-jo2.jpg?fit=265%2C389&ssl=1",265,389,true],"medium_large":["https:\/\/i0.wp.com\/joyana.fr\/wp-content\/uploads\/2013\/10\/lacoste-look-jo2.jpg?fit=273%2C400&ssl=1",273,400,true],"large":["https:\/\/i0.wp.com\/joyana.fr\/wp-content\/uploads\/2013\/10\/lacoste-look-jo2.jpg?fit=273%2C400&ssl=1",273,400,true],"1536x1536":["https:\/\/i0.wp.com\/joyana.fr\/wp-content\/uploads\/2013\/10\/lacoste-look-jo2.jpg?fit=273%2C400&ssl=1",273,400,true],"2048x2048":["https:\/\/i0.wp.com\/joyana.fr\/wp-content\/uploads\/2013\/10\/lacoste-look-jo2.jpg?fit=273%2C400&ssl=1",273,400,true],"featured-thumb":["https:\/\/i0.wp.com\/joyana.fr\/wp-content\/uploads\/2013\/10\/lacoste-look-jo2.jpg?resize=273%2C400&ssl=1",273,400,true],"ab-block-post-grid-landscape":["https:\/\/i0.wp.com\/joyana.fr\/wp-content\/uploads\/2013\/10\/lacoste-look-jo2.jpg?resize=273%2C400&ssl=1",273,400,true],"ab-block-post-grid-square":["https:\/\/i0.wp.com\/joyana.fr\/wp-content\/uploads\/2013\/10\/lacoste-look-jo2.jpg?resize=273%2C400&ssl=1",273,400,true],"author-pro-image":["https:\/\/i0.wp.com\/joyana.fr\/wp-content\/uploads\/2013\/10\/lacoste-look-jo2.jpg?resize=273%2C400&ssl=1",273,400,true],"slider":["https:\/\/i0.wp.com\/joyana.fr\/wp-content\/uploads\/2013\/10\/lacoste-look-jo2.jpg?resize=273%2C400&ssl=1",273,400,true],"woocommerce_thumbnail":["https:\/\/i0.wp.com\/joyana.fr\/wp-content\/uploads\/2013\/10\/lacoste-look-jo2.jpg?resize=273%2C300&ssl=1",273,300,true],"woocommerce_single":["https:\/\/i0.wp.com\/joyana.fr\/wp-content\/uploads\/2013\/10\/lacoste-look-jo2.jpg?fit=273%2C400&ssl=1",273,400,true],"woocommerce_gallery_thumbnail":["https:\/\/i0.wp.com\/joyana.fr\/wp-content\/uploads\/2013\/10\/lacoste-look-jo2.jpg?resize=180%2C180&ssl=1",180,180,true],"sow-carousel-default":["https:\/\/i0.wp.com\/joyana.fr\/wp-content\/uploads\/2013\/10\/lacoste-look-jo2.jpg?resize=272%2C182&ssl=1",272,182,true]},"uagb_author_info":{"display_name":"Jo Yana","author_link":"https:\/\/joyana.fr\/en\/author\/joyana\/"},"uagb_comment_info":0,"uagb_excerpt":"Pour le plaisir de nos yeux, Lacoste habille l&#8217;\u00e9quipe de France Olympique pour les jeux d&#8217;hiver de 2014 \u00e0 Sotchi. Les tenues inspir\u00e9es des valeurs du sport et des codes de la marque, incarnent l&#8217;\u00e9l\u00e9gance et le chic \u00e0 la fran\u00e7aise &#8211; avec notamment un rappel du drapeau fran\u00e7ais sur le c\u00e9l\u00e8bre crocodile&#8230;","coauthors":[],"tax_additional":{"categories":{"linked":["<a href=\"https:\/\/joyana.fr\/en\/category\/the-journal\/\" class=\"advgb-post-tax-term\">THE JOURNAL<\/a>"],"unlinked":["<span class=\"advgb-post-tax-term\">THE JOURNAL<\/span>"]},"tags":{"linked":["<a href=\"https:\/\/joyana.fr\/en\/category\/the-journal\/\" class=\"advgb-post-tax-term\">France<\/a>","<a href=\"https:\/\/joyana.fr\/en\/category\/the-journal\/\" class=\"advgb-post-tax-term\">Lacoste<\/a>"],"unlinked":["<span class=\"advgb-post-tax-term\">France<\/span>","<span class=\"advgb-post-tax-term\">Lacoste<\/span>"]}},"comment_count":0,"relative_dates":{"created":"Posted 13 years ago","modified":"Updated 13 years ago"},"absolute_dates":{"created":"Posted on 17 October 2013","modified":"Updated on 17 October 2013"},"absolute_dates_time":{"created":"Posted on 17 October 2013 12:46","modified":"Updated on 17 October 2013 12:46"},"featured_img_caption":"","series_order":"","jetpack_sharing_enabled":true,"jetpack_shortlink":"https:\/\/wp.me\/p9bteI-1JH","jetpack-related-posts":[],"_links":{"self":[{"href":"https:\/\/joyana.fr\/en\/wp-json\/wp\/v2\/posts\/6677","targetHints":{"allow":["GET"]}}],"collection":[{"href":"https:\/\/joyana.fr\/en\/wp-json\/wp\/v2\/posts"}],"about":[{"href":"https:\/\/joyana.fr\/en\/wp-json\/wp\/v2\/types\/post"}],"author":[{"embeddable":true,"href":"https:\/\/joyana.fr\/en\/wp-json\/wp\/v2\/users\/3"}],"replies":[{"embeddable":true,"href":"https:\/\/joyana.fr\/en\/wp-json\/wp\/v2\/comments?post=6677"}],"version-history":[{"count":0,"href":"https:\/\/joyana.fr\/en\/wp-json\/wp\/v2\/posts\/6677\/revisions"}],"wp:featuredmedia":[{"embeddable":true,"href":"https:\/\/joyana.fr\/en\/wp-json\/wp\/v2\/media\/6682"}],"wp:attachment":[{"href":"https:\/\/joyana.fr\/en\/wp-json\/wp\/v2\/media?parent=6677"}],"wp:term":[{"taxonomy":"category","embeddable":true,"href":"https:\/\/joyana.fr\/en\/wp-json\/wp\/v2\/categories?post=6677"},{"taxonomy":"post_tag","embeddable":true,"href":"https:\/\/joyana.fr\/en\/wp-json\/wp\/v2\/tags?post=6677"}],"curies":[{"name":"wp","href":"https:\/\/api.w.org\/{rel}","templated":true}]}}