{"id":9194,"date":"2014-05-23T09:21:21","date_gmt":"2014-05-23T07:21:21","guid":{"rendered":"https:\/\/joyana.fr\/?p=9194"},"modified":"2014-05-23T09:21:21","modified_gmt":"2014-05-23T07:21:21","slug":"visite-chantier-les-terrasses-du-port","status":"publish","type":"post","link":"https:\/\/joyana.fr\/en\/visite-chantier-les-terrasses-du-port\/9194\/","title":{"rendered":"Visite de chantier LES TERRASSES DU PORT"},"content":{"rendered":"<p><a href=\"https:\/\/i0.wp.com\/joyana.fr\/wp-content\/uploads\/2014\/05\/BLOG_LES-TERRASSES-DU-PORT-CHANTIER_3.jpg?ssl=1\"><img data-recalc-dims=\"1\" fetchpriority=\"high\" decoding=\"async\" data-attachment-id=\"9198\" data-permalink=\"https:\/\/joyana.fr\/en\/visite-chantier-les-terrasses-du-port\/9194\/blog_les-terrasses-du-port-chantier-copie\/\" data-orig-file=\"https:\/\/i0.wp.com\/joyana.fr\/wp-content\/uploads\/2014\/05\/BLOG_LES-TERRASSES-DU-PORT-CHANTIER-copie.jpg?fit=800%2C800&amp;ssl=1\" data-orig-size=\"800,800\" data-comments-opened=\"1\" data-image-meta=\"{&quot;aperture&quot;:&quot;0&quot;,&quot;credit&quot;:&quot;&quot;,&quot;camera&quot;:&quot;&quot;,&quot;caption&quot;:&quot;&quot;,&quot;created_timestamp&quot;:&quot;0&quot;,&quot;copyright&quot;:&quot;&quot;,&quot;focal_length&quot;:&quot;0&quot;,&quot;iso&quot;:&quot;0&quot;,&quot;shutter_speed&quot;:&quot;0&quot;,&quot;title&quot;:&quot;&quot;,&quot;orientation&quot;:&quot;1&quot;}\" data-image-title=\"BLOG_LES TERRASSES DU PORT CHANTIER copie\" data-image-description=\"\" data-image-caption=\"\" data-medium-file=\"https:\/\/i0.wp.com\/joyana.fr\/wp-content\/uploads\/2014\/05\/BLOG_LES-TERRASSES-DU-PORT-CHANTIER-copie.jpg?fit=389%2C389&amp;ssl=1\" data-large-file=\"https:\/\/i0.wp.com\/joyana.fr\/wp-content\/uploads\/2014\/05\/BLOG_LES-TERRASSES-DU-PORT-CHANTIER-copie.jpg?fit=800%2C800&amp;ssl=1\" class=\"alignnone size-large wp-image-9198\" src=\"https:\/\/i0.wp.com\/joyana.fr\/wp-content\/uploads\/2014\/05\/BLOG_LES-TERRASSES-DU-PORT-CHANTIER-copie.jpg?resize=650%2C650&#038;ssl=1\" alt=\"BLOG_LES TERRASSES DU PORT CHANTIER copie\" width=\"650\" height=\"650\" \/><\/a><\/p>\n<p style=\"text-align: justify;\">Il y a quelques jours, j&#8217;ai \u00e9t\u00e9 convi\u00e9 \u00e0 d\u00e9couvrir en avant premi\u00e8re le nouveau <em>mall<\/em>\u00a0marseillais &#8211; <strong>LES TERRASSES DU PORT<\/strong>. \u00a0C&#8217;est la premi\u00e8re fois que j&#8217;ai la chance de visiter le chantier d&#8217;un lieu si immense avant l&#8217;ouverture&#8230;<\/p>\n<p style=\"text-align: justify;\"><!--more--><\/p>\n<p style=\"text-align: justify;\"><strong>LES TERRASSES DU PORT<\/strong> c&#8217;est un nouveau centre commercial de 61 000 m2, tourn\u00e9 vers la mer, ouvert 7 jours sur 7 (enfin!). Un projet fou qui fait partie de ce nouveau Marseille que je ch\u00e9ris temps ! 190 boutiques dont ces enseignes o\u00f9 j&#8217;ai mes habitudes : <a title=\"UNIQLO MARSEILLE\" href=\"https:\/\/joyana.fr\/uniqlo-marseille-terrasses-du-port-les-informations\/8836\/\">Uniqlo<\/a>, Gant, North Face, Citadium, Chevignon, IKKS, ZARA, et le c\u00e9l\u00e8bre A&#8230; Store &#8211; encore secret&#8230;<\/p>\n<p style=\"text-align: justify;\">C&#8217;est int\u00e9ressant de d\u00e9couvrir les coulisses, les boutiques en pr\u00e9paration, de voir celles qui sont pr\u00eatent \u00e0 ouvrir et d&#8217;autres encore \u00e0 la peinture ! Les d\u00e9corations des diff\u00e9rentes enseignes \u00e9tant encore secr\u00e8tes, je n&#8217;ai pu photographier que certains d\u00e9tails d\u00e9co et architecturaux.<\/p>\n<p><img data-recalc-dims=\"1\" decoding=\"async\" data-attachment-id=\"9199\" data-permalink=\"https:\/\/joyana.fr\/en\/visite-chantier-les-terrasses-du-port\/9194\/blog_les-terrasses-du-port-chantier__10\/\" data-orig-file=\"https:\/\/i0.wp.com\/joyana.fr\/wp-content\/uploads\/2014\/05\/BLOG_LES-TERRASSES-DU-PORT-CHANTIER__10.jpg?fit=800%2C800&amp;ssl=1\" data-orig-size=\"800,800\" data-comments-opened=\"1\" data-image-meta=\"{&quot;aperture&quot;:&quot;0&quot;,&quot;credit&quot;:&quot;&quot;,&quot;camera&quot;:&quot;&quot;,&quot;caption&quot;:&quot;&quot;,&quot;created_timestamp&quot;:&quot;0&quot;,&quot;copyright&quot;:&quot;&quot;,&quot;focal_length&quot;:&quot;0&quot;,&quot;iso&quot;:&quot;0&quot;,&quot;shutter_speed&quot;:&quot;0&quot;,&quot;title&quot;:&quot;&quot;,&quot;orientation&quot;:&quot;1&quot;}\" data-image-title=\"BLOG_LES TERRASSES DU PORT CHANTIER__10\" data-image-description=\"\" data-image-caption=\"\" data-medium-file=\"https:\/\/i0.wp.com\/joyana.fr\/wp-content\/uploads\/2014\/05\/BLOG_LES-TERRASSES-DU-PORT-CHANTIER__10.jpg?fit=389%2C389&amp;ssl=1\" data-large-file=\"https:\/\/i0.wp.com\/joyana.fr\/wp-content\/uploads\/2014\/05\/BLOG_LES-TERRASSES-DU-PORT-CHANTIER__10.jpg?fit=800%2C800&amp;ssl=1\" class=\"alignnone size-large wp-image-9199\" src=\"https:\/\/i0.wp.com\/joyana.fr\/wp-content\/uploads\/2014\/05\/BLOG_LES-TERRASSES-DU-PORT-CHANTIER__10.jpg?resize=650%2C650&#038;ssl=1\" alt=\"BLOG_LES TERRASSES DU PORT CHANTIER__10\" width=\"650\" height=\"650\" \/><\/p>\n<p><img data-recalc-dims=\"1\" decoding=\"async\" data-attachment-id=\"9205\" data-permalink=\"https:\/\/joyana.fr\/en\/visite-chantier-les-terrasses-du-port\/9194\/blog_les-terrasses-du-port-chantier_8\/\" data-orig-file=\"https:\/\/i0.wp.com\/joyana.fr\/wp-content\/uploads\/2014\/05\/BLOG_LES-TERRASSES-DU-PORT-CHANTIER_8.jpg?fit=800%2C800&amp;ssl=1\" data-orig-size=\"800,800\" data-comments-opened=\"1\" data-image-meta=\"{&quot;aperture&quot;:&quot;0&quot;,&quot;credit&quot;:&quot;&quot;,&quot;camera&quot;:&quot;&quot;,&quot;caption&quot;:&quot;&quot;,&quot;created_timestamp&quot;:&quot;0&quot;,&quot;copyright&quot;:&quot;&quot;,&quot;focal_length&quot;:&quot;0&quot;,&quot;iso&quot;:&quot;0&quot;,&quot;shutter_speed&quot;:&quot;0&quot;,&quot;title&quot;:&quot;&quot;,&quot;orientation&quot;:&quot;1&quot;}\" data-image-title=\"BLOG_LES TERRASSES DU PORT CHANTIER_8\" data-image-description=\"\" data-image-caption=\"\" data-medium-file=\"https:\/\/i0.wp.com\/joyana.fr\/wp-content\/uploads\/2014\/05\/BLOG_LES-TERRASSES-DU-PORT-CHANTIER_8.jpg?fit=389%2C389&amp;ssl=1\" data-large-file=\"https:\/\/i0.wp.com\/joyana.fr\/wp-content\/uploads\/2014\/05\/BLOG_LES-TERRASSES-DU-PORT-CHANTIER_8.jpg?fit=800%2C800&amp;ssl=1\" class=\"alignnone size-large wp-image-9205\" src=\"https:\/\/i0.wp.com\/joyana.fr\/wp-content\/uploads\/2014\/05\/BLOG_LES-TERRASSES-DU-PORT-CHANTIER_8.jpg?resize=650%2C650&#038;ssl=1\" alt=\"BLOG_LES TERRASSES DU PORT CHANTIER_8\" width=\"650\" height=\"650\" \/><\/p>\n<p><img data-recalc-dims=\"1\" loading=\"lazy\" decoding=\"async\" data-attachment-id=\"9204\" data-permalink=\"https:\/\/joyana.fr\/en\/visite-chantier-les-terrasses-du-port\/9194\/blog_les-terrasses-du-port-chantier_7-copie\/\" data-orig-file=\"https:\/\/i0.wp.com\/joyana.fr\/wp-content\/uploads\/2014\/05\/BLOG_LES-TERRASSES-DU-PORT-CHANTIER_7-copie.jpg?fit=800%2C800&amp;ssl=1\" data-orig-size=\"800,800\" data-comments-opened=\"1\" data-image-meta=\"{&quot;aperture&quot;:&quot;0&quot;,&quot;credit&quot;:&quot;&quot;,&quot;camera&quot;:&quot;&quot;,&quot;caption&quot;:&quot;&quot;,&quot;created_timestamp&quot;:&quot;0&quot;,&quot;copyright&quot;:&quot;&quot;,&quot;focal_length&quot;:&quot;0&quot;,&quot;iso&quot;:&quot;0&quot;,&quot;shutter_speed&quot;:&quot;0&quot;,&quot;title&quot;:&quot;&quot;,&quot;orientation&quot;:&quot;1&quot;}\" data-image-title=\"BLOG_LES TERRASSES DU PORT CHANTIER_7 copie\" data-image-description=\"\" data-image-caption=\"\" data-medium-file=\"https:\/\/i0.wp.com\/joyana.fr\/wp-content\/uploads\/2014\/05\/BLOG_LES-TERRASSES-DU-PORT-CHANTIER_7-copie.jpg?fit=389%2C389&amp;ssl=1\" data-large-file=\"https:\/\/i0.wp.com\/joyana.fr\/wp-content\/uploads\/2014\/05\/BLOG_LES-TERRASSES-DU-PORT-CHANTIER_7-copie.jpg?fit=800%2C800&amp;ssl=1\" class=\"alignnone size-large wp-image-9204\" src=\"https:\/\/i0.wp.com\/joyana.fr\/wp-content\/uploads\/2014\/05\/BLOG_LES-TERRASSES-DU-PORT-CHANTIER_7-copie.jpg?resize=650%2C650&#038;ssl=1\" alt=\"BLOG_LES TERRASSES DU PORT CHANTIER_7 copie\" width=\"650\" height=\"650\" \/><\/p>\n<p><img data-recalc-dims=\"1\" loading=\"lazy\" decoding=\"async\" data-attachment-id=\"9200\" data-permalink=\"https:\/\/joyana.fr\/en\/visite-chantier-les-terrasses-du-port\/9194\/blog_les-terrasses-du-port-chantier__11-copie\/\" data-orig-file=\"https:\/\/i0.wp.com\/joyana.fr\/wp-content\/uploads\/2014\/05\/BLOG_LES-TERRASSES-DU-PORT-CHANTIER__11-copie.jpg?fit=800%2C800&amp;ssl=1\" data-orig-size=\"800,800\" data-comments-opened=\"1\" data-image-meta=\"{&quot;aperture&quot;:&quot;0&quot;,&quot;credit&quot;:&quot;&quot;,&quot;camera&quot;:&quot;&quot;,&quot;caption&quot;:&quot;&quot;,&quot;created_timestamp&quot;:&quot;0&quot;,&quot;copyright&quot;:&quot;&quot;,&quot;focal_length&quot;:&quot;0&quot;,&quot;iso&quot;:&quot;0&quot;,&quot;shutter_speed&quot;:&quot;0&quot;,&quot;title&quot;:&quot;&quot;,&quot;orientation&quot;:&quot;1&quot;}\" data-image-title=\"BLOG_LES TERRASSES DU PORT CHANTIER__11 copie\" data-image-description=\"\" data-image-caption=\"\" data-medium-file=\"https:\/\/i0.wp.com\/joyana.fr\/wp-content\/uploads\/2014\/05\/BLOG_LES-TERRASSES-DU-PORT-CHANTIER__11-copie.jpg?fit=389%2C389&amp;ssl=1\" data-large-file=\"https:\/\/i0.wp.com\/joyana.fr\/wp-content\/uploads\/2014\/05\/BLOG_LES-TERRASSES-DU-PORT-CHANTIER__11-copie.jpg?fit=800%2C800&amp;ssl=1\" class=\"alignnone size-large wp-image-9200\" src=\"https:\/\/i0.wp.com\/joyana.fr\/wp-content\/uploads\/2014\/05\/BLOG_LES-TERRASSES-DU-PORT-CHANTIER__11-copie.jpg?resize=650%2C650&#038;ssl=1\" alt=\"BLOG_LES TERRASSES DU PORT CHANTIER__11 copie\" width=\"650\" height=\"650\" \/><\/p>\n<p><a href=\"https:\/\/i0.wp.com\/joyana.fr\/wp-content\/uploads\/2014\/05\/BLOG_LES-TERRASSES-DU-PORT-CHANTIER_3.jpg?ssl=1\"><img data-recalc-dims=\"1\" loading=\"lazy\" decoding=\"async\" data-attachment-id=\"9203\" data-permalink=\"https:\/\/joyana.fr\/en\/visite-chantier-les-terrasses-du-port\/9194\/blog_les-terrasses-du-port-chantier_3\/\" data-orig-file=\"https:\/\/i0.wp.com\/joyana.fr\/wp-content\/uploads\/2014\/05\/BLOG_LES-TERRASSES-DU-PORT-CHANTIER_3.jpg?fit=800%2C800&amp;ssl=1\" data-orig-size=\"800,800\" data-comments-opened=\"1\" data-image-meta=\"{&quot;aperture&quot;:&quot;0&quot;,&quot;credit&quot;:&quot;&quot;,&quot;camera&quot;:&quot;&quot;,&quot;caption&quot;:&quot;&quot;,&quot;created_timestamp&quot;:&quot;0&quot;,&quot;copyright&quot;:&quot;&quot;,&quot;focal_length&quot;:&quot;0&quot;,&quot;iso&quot;:&quot;0&quot;,&quot;shutter_speed&quot;:&quot;0&quot;,&quot;title&quot;:&quot;&quot;,&quot;orientation&quot;:&quot;1&quot;}\" data-image-title=\"BLOG_LES TERRASSES DU PORT CHANTIER_3\" data-image-description=\"\" data-image-caption=\"\" data-medium-file=\"https:\/\/i0.wp.com\/joyana.fr\/wp-content\/uploads\/2014\/05\/BLOG_LES-TERRASSES-DU-PORT-CHANTIER_3.jpg?fit=389%2C389&amp;ssl=1\" data-large-file=\"https:\/\/i0.wp.com\/joyana.fr\/wp-content\/uploads\/2014\/05\/BLOG_LES-TERRASSES-DU-PORT-CHANTIER_3.jpg?fit=800%2C800&amp;ssl=1\" class=\"alignnone size-large wp-image-9203\" src=\"https:\/\/i0.wp.com\/joyana.fr\/wp-content\/uploads\/2014\/05\/BLOG_LES-TERRASSES-DU-PORT-CHANTIER_3.jpg?resize=650%2C650&#038;ssl=1\" alt=\"BLOG_LES TERRASSES DU PORT CHANTIER_3\" width=\"650\" height=\"650\" \/><\/a><\/p>\n<p><a href=\"https:\/\/i0.wp.com\/joyana.fr\/wp-content\/uploads\/2014\/05\/BLOG_LES-TERRASSES-DU-PORT-CHANTIER-2-copie.jpg?ssl=1\"><img data-recalc-dims=\"1\" loading=\"lazy\" decoding=\"async\" data-attachment-id=\"9196\" data-permalink=\"https:\/\/joyana.fr\/en\/visite-chantier-les-terrasses-du-port\/9194\/blog_les-terrasses-du-port-chantier-2-copie\/\" data-orig-file=\"https:\/\/i0.wp.com\/joyana.fr\/wp-content\/uploads\/2014\/05\/BLOG_LES-TERRASSES-DU-PORT-CHANTIER-2-copie.jpg?fit=800%2C800&amp;ssl=1\" data-orig-size=\"800,800\" data-comments-opened=\"1\" data-image-meta=\"{&quot;aperture&quot;:&quot;0&quot;,&quot;credit&quot;:&quot;&quot;,&quot;camera&quot;:&quot;&quot;,&quot;caption&quot;:&quot;&quot;,&quot;created_timestamp&quot;:&quot;0&quot;,&quot;copyright&quot;:&quot;&quot;,&quot;focal_length&quot;:&quot;0&quot;,&quot;iso&quot;:&quot;0&quot;,&quot;shutter_speed&quot;:&quot;0&quot;,&quot;title&quot;:&quot;&quot;,&quot;orientation&quot;:&quot;1&quot;}\" data-image-title=\"BLOG_LES TERRASSES DU PORT CHANTIER 2 copie\" data-image-description=\"\" data-image-caption=\"\" data-medium-file=\"https:\/\/i0.wp.com\/joyana.fr\/wp-content\/uploads\/2014\/05\/BLOG_LES-TERRASSES-DU-PORT-CHANTIER-2-copie.jpg?fit=389%2C389&amp;ssl=1\" data-large-file=\"https:\/\/i0.wp.com\/joyana.fr\/wp-content\/uploads\/2014\/05\/BLOG_LES-TERRASSES-DU-PORT-CHANTIER-2-copie.jpg?fit=800%2C800&amp;ssl=1\" class=\"alignnone size-large wp-image-9196\" src=\"https:\/\/i0.wp.com\/joyana.fr\/wp-content\/uploads\/2014\/05\/BLOG_LES-TERRASSES-DU-PORT-CHANTIER-2-copie.jpg?resize=650%2C650&#038;ssl=1\" alt=\"BLOG_LES TERRASSES DU PORT CHANTIER 2 copie\" width=\"650\" height=\"650\" \/><\/a><\/p>\n<p><a href=\"https:\/\/i0.wp.com\/joyana.fr\/wp-content\/uploads\/2014\/05\/BLOG_LES-TERRASSES-DU-PORT-CHANTIER-5-copie-copie.jpg?ssl=1\"><img data-recalc-dims=\"1\" loading=\"lazy\" decoding=\"async\" data-attachment-id=\"9197\" data-permalink=\"https:\/\/joyana.fr\/en\/visite-chantier-les-terrasses-du-port\/9194\/blog_les-terrasses-du-port-chantier-5-copie-copie\/\" data-orig-file=\"https:\/\/i0.wp.com\/joyana.fr\/wp-content\/uploads\/2014\/05\/BLOG_LES-TERRASSES-DU-PORT-CHANTIER-5-copie-copie.jpg?fit=800%2C800&amp;ssl=1\" data-orig-size=\"800,800\" data-comments-opened=\"1\" data-image-meta=\"{&quot;aperture&quot;:&quot;0&quot;,&quot;credit&quot;:&quot;&quot;,&quot;camera&quot;:&quot;&quot;,&quot;caption&quot;:&quot;&quot;,&quot;created_timestamp&quot;:&quot;0&quot;,&quot;copyright&quot;:&quot;&quot;,&quot;focal_length&quot;:&quot;0&quot;,&quot;iso&quot;:&quot;0&quot;,&quot;shutter_speed&quot;:&quot;0&quot;,&quot;title&quot;:&quot;&quot;,&quot;orientation&quot;:&quot;1&quot;}\" data-image-title=\"BLOG_LES TERRASSES DU PORT CHANTIER 5 copie copie\" data-image-description=\"\" data-image-caption=\"\" data-medium-file=\"https:\/\/i0.wp.com\/joyana.fr\/wp-content\/uploads\/2014\/05\/BLOG_LES-TERRASSES-DU-PORT-CHANTIER-5-copie-copie.jpg?fit=389%2C389&amp;ssl=1\" data-large-file=\"https:\/\/i0.wp.com\/joyana.fr\/wp-content\/uploads\/2014\/05\/BLOG_LES-TERRASSES-DU-PORT-CHANTIER-5-copie-copie.jpg?fit=800%2C800&amp;ssl=1\" class=\"alignnone size-large wp-image-9197\" src=\"https:\/\/i0.wp.com\/joyana.fr\/wp-content\/uploads\/2014\/05\/BLOG_LES-TERRASSES-DU-PORT-CHANTIER-5-copie-copie.jpg?resize=650%2C650&#038;ssl=1\" alt=\"BLOG_LES TERRASSES DU PORT CHANTIER 5 copie copie\" width=\"650\" height=\"650\" \/><\/a><\/p>\n<p style=\"text-align: justify;\"><strong>LES TERRASSES DU PORT<\/strong> se situent au coeur de mon nouveau quartier pr\u00e9f\u00e9r\u00e9 &#8211; La Joliette. Apr\u00e8s la visite des\u00a0boutiques, et des excellents restaurants en pr\u00e9vision. Je pense que je vais aussi\u00a0adorer\u00a0cette immense terrasse, une\u00a0promenade de\u00a0260 m\u00e8tres de long face \u00e0 la mer. Un lieu modulable\u00a0Une terrasse\u00a03 000 m2 pour des \u00e9v\u00e8nements ou des animations \u00e0 Marseille !<\/p>\n<p style=\"text-align: justify;\">On se donne rendez-vous demain \u00e0 10h pour l&#8217;ouverture ? Moi j&#8217;y serai&#8230;<\/p>\n<p><img data-recalc-dims=\"1\" loading=\"lazy\" decoding=\"async\" data-attachment-id=\"9195\" data-permalink=\"https:\/\/joyana.fr\/en\/visite-chantier-les-terrasses-du-port\/9194\/blog_les-terrasses-du-port-12\/\" data-orig-file=\"https:\/\/i0.wp.com\/joyana.fr\/wp-content\/uploads\/2014\/05\/BLOG_LES-TERRASSES-DU-PORT-12.jpg?fit=800%2C800&amp;ssl=1\" data-orig-size=\"800,800\" data-comments-opened=\"1\" data-image-meta=\"{&quot;aperture&quot;:&quot;0&quot;,&quot;credit&quot;:&quot;&quot;,&quot;camera&quot;:&quot;&quot;,&quot;caption&quot;:&quot;&quot;,&quot;created_timestamp&quot;:&quot;0&quot;,&quot;copyright&quot;:&quot;&quot;,&quot;focal_length&quot;:&quot;0&quot;,&quot;iso&quot;:&quot;0&quot;,&quot;shutter_speed&quot;:&quot;0&quot;,&quot;title&quot;:&quot;&quot;,&quot;orientation&quot;:&quot;1&quot;}\" data-image-title=\"BLOG_LES TERRASSES DU PORT 12\" data-image-description=\"\" data-image-caption=\"\" data-medium-file=\"https:\/\/i0.wp.com\/joyana.fr\/wp-content\/uploads\/2014\/05\/BLOG_LES-TERRASSES-DU-PORT-12.jpg?fit=389%2C389&amp;ssl=1\" data-large-file=\"https:\/\/i0.wp.com\/joyana.fr\/wp-content\/uploads\/2014\/05\/BLOG_LES-TERRASSES-DU-PORT-12.jpg?fit=800%2C800&amp;ssl=1\" class=\"alignnone size-large wp-image-9195\" src=\"https:\/\/i0.wp.com\/joyana.fr\/wp-content\/uploads\/2014\/05\/BLOG_LES-TERRASSES-DU-PORT-12.jpg?resize=650%2C650&#038;ssl=1\" alt=\"BLOG_LES TERRASSES DU PORT 12\" width=\"650\" height=\"650\" \/><\/p>\n<p><a href=\"https:\/\/i0.wp.com\/joyana.fr\/wp-content\/uploads\/2014\/05\/BLOG_LES-TERRASSES-DU-PORT-CHANTIER__13-copie.jpg?ssl=1\"><img data-recalc-dims=\"1\" loading=\"lazy\" decoding=\"async\" data-attachment-id=\"9201\" data-permalink=\"https:\/\/joyana.fr\/en\/visite-chantier-les-terrasses-du-port\/9194\/blog_les-terrasses-du-port-chantier__13-copie\/\" data-orig-file=\"https:\/\/i0.wp.com\/joyana.fr\/wp-content\/uploads\/2014\/05\/BLOG_LES-TERRASSES-DU-PORT-CHANTIER__13-copie.jpg?fit=800%2C800&amp;ssl=1\" data-orig-size=\"800,800\" data-comments-opened=\"1\" data-image-meta=\"{&quot;aperture&quot;:&quot;0&quot;,&quot;credit&quot;:&quot;&quot;,&quot;camera&quot;:&quot;&quot;,&quot;caption&quot;:&quot;&quot;,&quot;created_timestamp&quot;:&quot;0&quot;,&quot;copyright&quot;:&quot;&quot;,&quot;focal_length&quot;:&quot;0&quot;,&quot;iso&quot;:&quot;0&quot;,&quot;shutter_speed&quot;:&quot;0&quot;,&quot;title&quot;:&quot;&quot;,&quot;orientation&quot;:&quot;1&quot;}\" data-image-title=\"BLOG_LES TERRASSES DU PORT CHANTIER__13 copie\" data-image-description=\"\" data-image-caption=\"\" data-medium-file=\"https:\/\/i0.wp.com\/joyana.fr\/wp-content\/uploads\/2014\/05\/BLOG_LES-TERRASSES-DU-PORT-CHANTIER__13-copie.jpg?fit=389%2C389&amp;ssl=1\" data-large-file=\"https:\/\/i0.wp.com\/joyana.fr\/wp-content\/uploads\/2014\/05\/BLOG_LES-TERRASSES-DU-PORT-CHANTIER__13-copie.jpg?fit=800%2C800&amp;ssl=1\" class=\"alignnone size-large wp-image-9201\" src=\"https:\/\/i0.wp.com\/joyana.fr\/wp-content\/uploads\/2014\/05\/BLOG_LES-TERRASSES-DU-PORT-CHANTIER__13-copie.jpg?resize=650%2C650&#038;ssl=1\" alt=\"BLOG_LES TERRASSES DU PORT CHANTIER__13 copie\" width=\"650\" height=\"650\" \/><\/a><\/p>\n<p><a href=\"https:\/\/i0.wp.com\/joyana.fr\/wp-content\/uploads\/2014\/05\/BLOG_LES-TERRASSES-DU-PORT-CHANTIER__15-copie.jpg?ssl=1\"><img data-recalc-dims=\"1\" loading=\"lazy\" decoding=\"async\" data-attachment-id=\"9202\" data-permalink=\"https:\/\/joyana.fr\/en\/visite-chantier-les-terrasses-du-port\/9194\/blog_les-terrasses-du-port-chantier__15-copie\/\" data-orig-file=\"https:\/\/i0.wp.com\/joyana.fr\/wp-content\/uploads\/2014\/05\/BLOG_LES-TERRASSES-DU-PORT-CHANTIER__15-copie.jpg?fit=800%2C800&amp;ssl=1\" data-orig-size=\"800,800\" data-comments-opened=\"1\" data-image-meta=\"{&quot;aperture&quot;:&quot;0&quot;,&quot;credit&quot;:&quot;&quot;,&quot;camera&quot;:&quot;&quot;,&quot;caption&quot;:&quot;&quot;,&quot;created_timestamp&quot;:&quot;0&quot;,&quot;copyright&quot;:&quot;&quot;,&quot;focal_length&quot;:&quot;0&quot;,&quot;iso&quot;:&quot;0&quot;,&quot;shutter_speed&quot;:&quot;0&quot;,&quot;title&quot;:&quot;&quot;,&quot;orientation&quot;:&quot;1&quot;}\" data-image-title=\"BLOG_LES TERRASSES DU PORT CHANTIER__15 copie\" data-image-description=\"\" data-image-caption=\"\" data-medium-file=\"https:\/\/i0.wp.com\/joyana.fr\/wp-content\/uploads\/2014\/05\/BLOG_LES-TERRASSES-DU-PORT-CHANTIER__15-copie.jpg?fit=389%2C389&amp;ssl=1\" data-large-file=\"https:\/\/i0.wp.com\/joyana.fr\/wp-content\/uploads\/2014\/05\/BLOG_LES-TERRASSES-DU-PORT-CHANTIER__15-copie.jpg?fit=800%2C800&amp;ssl=1\" class=\"alignnone size-large wp-image-9202\" src=\"https:\/\/i0.wp.com\/joyana.fr\/wp-content\/uploads\/2014\/05\/BLOG_LES-TERRASSES-DU-PORT-CHANTIER__15-copie.jpg?resize=650%2C650&#038;ssl=1\" alt=\"BLOG_LES TERRASSES DU PORT CHANTIER__15 copie\" width=\"650\" height=\"650\" \/><\/a><\/p>\n<p style=\"text-align: center;\">En savoir + sur <a href=\"http:\/\/www.lesterrassesduport.com\/\" target=\"_blank\">LES TERRASSES DU PORT<\/a><\/p>\n<p style=\"text-align: center;\"><span style=\"color: #ffffff;\">.<\/span><\/p>\n","protected":false},"excerpt":{"rendered":"<p>Il y a quelques jours, j&#8217;ai \u00e9t\u00e9 convi\u00e9 \u00e0 d\u00e9couvrir en avant premi\u00e8re le nouveau mall\u00a0marseillais &#8211; LES TERRASSES DU PORT. \u00a0C&#8217;est la premi\u00e8re fois que j&#8217;ai la chance de visiter le chantier d&#8217;un lieu si immense avant l&#8217;ouverture&#8230;<\/p>\n","protected":false},"author":3,"featured_media":9195,"comment_status":"open","ping_status":"open","sticky":false,"template":"","format":"standard","meta":{"_coblocks_attr":"","_coblocks_dimensions":"","_coblocks_responsive_height":"","_coblocks_accordion_ie_support":"","_uag_custom_page_level_css":"","advgb_blocks_editor_width":"","advgb_blocks_columns_visual_guide":"","_genesis_hide_title":false,"_genesis_hide_breadcrumbs":false,"_genesis_hide_singular_image":false,"_genesis_hide_footer_widgets":false,"_genesis_custom_body_class":"","_genesis_custom_post_class":"","_genesis_layout":"","_themeisle_gutenberg_block_has_review":false,"_jetpack_newsletter_access":"","_jetpack_dont_email_post_to_subs":false,"_jetpack_newsletter_tier_id":0,"_jetpack_memberships_contains_paywalled_content":false,"_jetpack_memberships_contains_paid_content":false,"footnotes":""},"categories":[60,21,19],"tags":[613,31,82],"class_list":{"0":"post-9194","1":"post","2":"type-post","3":"status-publish","4":"format-standard","5":"has-post-thumbnail","7":"category-blog","8":"category-lifestyle","9":"category-photo","10":"tag-les-terrasses-du-port","11":"tag-marseille","12":"tag-photo","13":"entry"},"featured_image_urls":{"full":["https:\/\/i0.wp.com\/joyana.fr\/wp-content\/uploads\/2014\/05\/BLOG_LES-TERRASSES-DU-PORT-12.jpg?fit=800%2C800&ssl=1",800,800,false],"thumbnail":["https:\/\/i0.wp.com\/joyana.fr\/wp-content\/uploads\/2014\/05\/BLOG_LES-TERRASSES-DU-PORT-12.jpg?resize=150%2C150&ssl=1",150,150,true],"medium":["https:\/\/i0.wp.com\/joyana.fr\/wp-content\/uploads\/2014\/05\/BLOG_LES-TERRASSES-DU-PORT-12.jpg?fit=389%2C389&ssl=1",389,389,true],"medium_large":["https:\/\/i0.wp.com\/joyana.fr\/wp-content\/uploads\/2014\/05\/BLOG_LES-TERRASSES-DU-PORT-12.jpg?fit=768%2C768&ssl=1",768,768,true],"large":["https:\/\/i0.wp.com\/joyana.fr\/wp-content\/uploads\/2014\/05\/BLOG_LES-TERRASSES-DU-PORT-12.jpg?fit=800%2C800&ssl=1",800,800,true],"1536x1536":["https:\/\/i0.wp.com\/joyana.fr\/wp-content\/uploads\/2014\/05\/BLOG_LES-TERRASSES-DU-PORT-12.jpg?fit=800%2C800&ssl=1",800,800,true],"2048x2048":["https:\/\/i0.wp.com\/joyana.fr\/wp-content\/uploads\/2014\/05\/BLOG_LES-TERRASSES-DU-PORT-12.jpg?fit=800%2C800&ssl=1",800,800,true],"featured-thumb":["https:\/\/i0.wp.com\/joyana.fr\/wp-content\/uploads\/2014\/05\/BLOG_LES-TERRASSES-DU-PORT-12.jpg?resize=800%2C750&ssl=1",800,750,true],"ab-block-post-grid-landscape":["https:\/\/i0.wp.com\/joyana.fr\/wp-content\/uploads\/2014\/05\/BLOG_LES-TERRASSES-DU-PORT-12.jpg?resize=600%2C400&ssl=1",600,400,true],"ab-block-post-grid-square":["https:\/\/i0.wp.com\/joyana.fr\/wp-content\/uploads\/2014\/05\/BLOG_LES-TERRASSES-DU-PORT-12.jpg?resize=600%2C600&ssl=1",600,600,true],"author-pro-image":["https:\/\/i0.wp.com\/joyana.fr\/wp-content\/uploads\/2014\/05\/BLOG_LES-TERRASSES-DU-PORT-12.jpg?resize=360%2C570&ssl=1",360,570,true],"slider":["https:\/\/i0.wp.com\/joyana.fr\/wp-content\/uploads\/2014\/05\/BLOG_LES-TERRASSES-DU-PORT-12.jpg?resize=800%2C400&ssl=1",800,400,true],"woocommerce_thumbnail":["https:\/\/i0.wp.com\/joyana.fr\/wp-content\/uploads\/2014\/05\/BLOG_LES-TERRASSES-DU-PORT-12.jpg?resize=450%2C450&ssl=1",450,450,true],"woocommerce_single":["https:\/\/i0.wp.com\/joyana.fr\/wp-content\/uploads\/2014\/05\/BLOG_LES-TERRASSES-DU-PORT-12.jpg?fit=800%2C800&ssl=1",800,800,true],"woocommerce_gallery_thumbnail":["https:\/\/i0.wp.com\/joyana.fr\/wp-content\/uploads\/2014\/05\/BLOG_LES-TERRASSES-DU-PORT-12.jpg?resize=180%2C180&ssl=1",180,180,true],"sow-carousel-default":["https:\/\/i0.wp.com\/joyana.fr\/wp-content\/uploads\/2014\/05\/BLOG_LES-TERRASSES-DU-PORT-12.jpg?resize=272%2C182&ssl=1",272,182,true]},"post_excerpt_stackable":"<p>Il y a quelques jours, j&#8217;ai \u00e9t\u00e9 convi\u00e9 \u00e0 d\u00e9couvrir en avant premi\u00e8re le nouveau mall\u00a0marseillais &#8211; LES TERRASSES DU PORT. \u00a0C&#8217;est la premi\u00e8re fois que j&#8217;ai la chance de visiter le chantier d&#8217;un lieu si immense avant l&#8217;ouverture&#8230; LES TERRASSES DU PORT c&#8217;est un nouveau centre commercial de 61 000 m2, tourn\u00e9 vers la mer, ouvert 7 jours sur 7 (enfin!). Un projet fou qui fait partie de ce nouveau Marseille que je ch\u00e9ris temps ! 190 boutiques dont ces enseignes o\u00f9 j&#8217;ai mes habitudes : Uniqlo, Gant, North Face, Citadium, Chevignon, IKKS, ZARA, et le c\u00e9l\u00e8bre A&#8230; Store&hellip;<\/p>\n","category_list":"<a href=\"https:\/\/joyana.fr\/en\/category\/blog\/\" rel=\"category tag\">BLOG<\/a>, <a href=\"https:\/\/joyana.fr\/en\/category\/blog\/lifestyle\/\" rel=\"category tag\">LIFESTYLE<\/a>, <a href=\"https:\/\/joyana.fr\/en\/category\/blog\/photo\/\" rel=\"category tag\">PHOTO<\/a>","author_info":{"display_name":"Jo Yana","author_link":"https:\/\/joyana.fr\/en\/author\/joyana\/"},"comments_num":"0 comments","featured_image_urls_v2":{"full":["https:\/\/i0.wp.com\/joyana.fr\/wp-content\/uploads\/2014\/05\/BLOG_LES-TERRASSES-DU-PORT-12.jpg?fit=800%2C800&ssl=1",800,800,false],"thumbnail":["https:\/\/i0.wp.com\/joyana.fr\/wp-content\/uploads\/2014\/05\/BLOG_LES-TERRASSES-DU-PORT-12.jpg?resize=150%2C150&ssl=1",150,150,true],"medium":["https:\/\/i0.wp.com\/joyana.fr\/wp-content\/uploads\/2014\/05\/BLOG_LES-TERRASSES-DU-PORT-12.jpg?fit=389%2C389&ssl=1",389,389,true],"medium_large":["https:\/\/i0.wp.com\/joyana.fr\/wp-content\/uploads\/2014\/05\/BLOG_LES-TERRASSES-DU-PORT-12.jpg?fit=768%2C768&ssl=1",768,768,true],"large":["https:\/\/i0.wp.com\/joyana.fr\/wp-content\/uploads\/2014\/05\/BLOG_LES-TERRASSES-DU-PORT-12.jpg?fit=800%2C800&ssl=1",800,800,true],"1536x1536":["https:\/\/i0.wp.com\/joyana.fr\/wp-content\/uploads\/2014\/05\/BLOG_LES-TERRASSES-DU-PORT-12.jpg?fit=800%2C800&ssl=1",800,800,true],"2048x2048":["https:\/\/i0.wp.com\/joyana.fr\/wp-content\/uploads\/2014\/05\/BLOG_LES-TERRASSES-DU-PORT-12.jpg?fit=800%2C800&ssl=1",800,800,true],"featured-thumb":["https:\/\/i0.wp.com\/joyana.fr\/wp-content\/uploads\/2014\/05\/BLOG_LES-TERRASSES-DU-PORT-12.jpg?resize=800%2C750&ssl=1",800,750,true],"ab-block-post-grid-landscape":["https:\/\/i0.wp.com\/joyana.fr\/wp-content\/uploads\/2014\/05\/BLOG_LES-TERRASSES-DU-PORT-12.jpg?resize=600%2C400&ssl=1",600,400,true],"ab-block-post-grid-square":["https:\/\/i0.wp.com\/joyana.fr\/wp-content\/uploads\/2014\/05\/BLOG_LES-TERRASSES-DU-PORT-12.jpg?resize=600%2C600&ssl=1",600,600,true],"author-pro-image":["https:\/\/i0.wp.com\/joyana.fr\/wp-content\/uploads\/2014\/05\/BLOG_LES-TERRASSES-DU-PORT-12.jpg?resize=360%2C570&ssl=1",360,570,true],"slider":["https:\/\/i0.wp.com\/joyana.fr\/wp-content\/uploads\/2014\/05\/BLOG_LES-TERRASSES-DU-PORT-12.jpg?resize=800%2C400&ssl=1",800,400,true],"woocommerce_thumbnail":["https:\/\/i0.wp.com\/joyana.fr\/wp-content\/uploads\/2014\/05\/BLOG_LES-TERRASSES-DU-PORT-12.jpg?resize=450%2C450&ssl=1",450,450,true],"woocommerce_single":["https:\/\/i0.wp.com\/joyana.fr\/wp-content\/uploads\/2014\/05\/BLOG_LES-TERRASSES-DU-PORT-12.jpg?fit=800%2C800&ssl=1",800,800,true],"woocommerce_gallery_thumbnail":["https:\/\/i0.wp.com\/joyana.fr\/wp-content\/uploads\/2014\/05\/BLOG_LES-TERRASSES-DU-PORT-12.jpg?resize=180%2C180&ssl=1",180,180,true],"sow-carousel-default":["https:\/\/i0.wp.com\/joyana.fr\/wp-content\/uploads\/2014\/05\/BLOG_LES-TERRASSES-DU-PORT-12.jpg?resize=272%2C182&ssl=1",272,182,true]},"post_excerpt_stackable_v2":"<p>Il y a quelques jours, j&#8217;ai \u00e9t\u00e9 convi\u00e9 \u00e0 d\u00e9couvrir en avant premi\u00e8re le nouveau mall\u00a0marseillais &#8211; LES TERRASSES DU PORT. \u00a0C&#8217;est la premi\u00e8re fois que j&#8217;ai la chance de visiter le chantier d&#8217;un lieu si immense avant l&#8217;ouverture&#8230; LES TERRASSES DU PORT c&#8217;est un nouveau centre commercial de 61 000 m2, tourn\u00e9 vers la mer, ouvert 7 jours sur 7 (enfin!). Un projet fou qui fait partie de ce nouveau Marseille que je ch\u00e9ris temps ! 190 boutiques dont ces enseignes o\u00f9 j&#8217;ai mes habitudes : Uniqlo, Gant, North Face, Citadium, Chevignon, IKKS, ZARA, et le c\u00e9l\u00e8bre A&#8230; Store&hellip;<\/p>\n","category_list_v2":"<a href=\"https:\/\/joyana.fr\/en\/category\/blog\/\" rel=\"category tag\">BLOG<\/a>, <a href=\"https:\/\/joyana.fr\/en\/category\/blog\/lifestyle\/\" rel=\"category tag\">LIFESTYLE<\/a>, <a href=\"https:\/\/joyana.fr\/en\/category\/blog\/photo\/\" rel=\"category tag\">PHOTO<\/a>","author_info_v2":{"name":"Jo Yana","url":"https:\/\/joyana.fr\/en\/author\/joyana\/"},"comments_num_v2":"0 comments","yoast_head":"<!-- This site is optimized with the Yoast SEO plugin v26.8 - https:\/\/yoast.com\/product\/yoast-seo-wordpress\/ -->\n<title>Visite de chantier LES TERRASSES DU PORT - JO YANA<\/title>\n<meta name=\"robots\" content=\"index, follow, max-snippet:-1, max-image-preview:large, max-video-preview:-1\" \/>\n<link rel=\"canonical\" href=\"https:\/\/joyana.fr\/en\/visite-chantier-les-terrasses-du-port\/9194\/\" \/>\n<meta property=\"og:locale\" content=\"en_US\" \/>\n<meta property=\"og:locale:alternate\" content=\"fr_FR\" \/>\n<meta property=\"og:locale:alternate\" content=\"ja\" \/>\n<meta property=\"og:type\" content=\"article\" \/>\n<meta property=\"og:title\" content=\"Visite de chantier LES TERRASSES DU PORT - JO YANA\" \/>\n<meta property=\"og:description\" content=\"Il y a quelques jours, j&#8217;ai \u00e9t\u00e9 convi\u00e9 \u00e0 d\u00e9couvrir en avant premi\u00e8re le nouveau mall\u00a0marseillais &#8211; LES TERRASSES DU PORT. \u00a0C&#8217;est la premi\u00e8re fois que j&#8217;ai la chance de visiter le chantier d&#8217;un lieu si immense avant l&#8217;ouverture&#8230;\" \/>\n<meta property=\"og:url\" content=\"https:\/\/joyana.fr\/en\/visite-chantier-les-terrasses-du-port\/9194\/\" \/>\n<meta property=\"og:site_name\" content=\"JO YANA\" \/>\n<meta property=\"article:published_time\" content=\"2014-05-23T07:21:21+00:00\" \/>\n<meta property=\"og:image\" content=\"https:\/\/joyana.fr\/wp-content\/uploads\/2014\/05\/BLOG_LES-TERRASSES-DU-PORT-12.jpg\" \/>\n\t<meta property=\"og:image:width\" content=\"800\" \/>\n\t<meta property=\"og:image:height\" content=\"800\" \/>\n\t<meta property=\"og:image:type\" content=\"image\/jpeg\" \/>\n<meta name=\"author\" content=\"Jo Yana\" \/>\n<meta name=\"twitter:card\" content=\"summary_large_image\" \/>\n<meta name=\"twitter:creator\" content=\"@Jo_Yana\" \/>\n<meta name=\"twitter:site\" content=\"@Jo_Yana\" \/>\n<meta name=\"twitter:label1\" content=\"Written by\" \/>\n\t<meta name=\"twitter:data1\" content=\"Jo Yana\" \/>\n\t<meta name=\"twitter:label2\" content=\"Est. reading time\" \/>\n\t<meta name=\"twitter:data2\" content=\"1 minute\" \/>\n<script type=\"application\/ld+json\" class=\"yoast-schema-graph\">{\"@context\":\"https:\/\/schema.org\",\"@graph\":[{\"@type\":\"Article\",\"@id\":\"https:\/\/joyana.fr\/visite-chantier-les-terrasses-du-port\/9194\/#article\",\"isPartOf\":{\"@id\":\"https:\/\/joyana.fr\/visite-chantier-les-terrasses-du-port\/9194\/\"},\"author\":{\"name\":\"Jo Yana\",\"@id\":\"https:\/\/joyana.fr\/#\/schema\/person\/cf2a1ad12a27c12c21801075bf37407c\"},\"headline\":\"Visite de chantier LES TERRASSES DU PORT\",\"datePublished\":\"2014-05-23T07:21:21+00:00\",\"mainEntityOfPage\":{\"@id\":\"https:\/\/joyana.fr\/visite-chantier-les-terrasses-du-port\/9194\/\"},\"wordCount\":253,\"commentCount\":0,\"publisher\":{\"@id\":\"https:\/\/joyana.fr\/#\/schema\/person\/cf2a1ad12a27c12c21801075bf37407c\"},\"image\":{\"@id\":\"https:\/\/joyana.fr\/visite-chantier-les-terrasses-du-port\/9194\/#primaryimage\"},\"thumbnailUrl\":\"https:\/\/i0.wp.com\/joyana.fr\/wp-content\/uploads\/2014\/05\/BLOG_LES-TERRASSES-DU-PORT-12.jpg?fit=800%2C800&ssl=1\",\"keywords\":[\"Les Terrasses du Port\",\"Marseille\",\"PHOTO\"],\"articleSection\":[\"BLOG\",\"LIFESTYLE\",\"PHOTO\"],\"inLanguage\":\"en-US\",\"potentialAction\":[{\"@type\":\"CommentAction\",\"name\":\"Comment\",\"target\":[\"https:\/\/joyana.fr\/visite-chantier-les-terrasses-du-port\/9194\/#respond\"]}]},{\"@type\":\"WebPage\",\"@id\":\"https:\/\/joyana.fr\/visite-chantier-les-terrasses-du-port\/9194\/\",\"url\":\"https:\/\/joyana.fr\/visite-chantier-les-terrasses-du-port\/9194\/\",\"name\":\"Visite de chantier LES TERRASSES DU PORT - JO YANA\",\"isPartOf\":{\"@id\":\"https:\/\/joyana.fr\/#website\"},\"primaryImageOfPage\":{\"@id\":\"https:\/\/joyana.fr\/visite-chantier-les-terrasses-du-port\/9194\/#primaryimage\"},\"image\":{\"@id\":\"https:\/\/joyana.fr\/visite-chantier-les-terrasses-du-port\/9194\/#primaryimage\"},\"thumbnailUrl\":\"https:\/\/i0.wp.com\/joyana.fr\/wp-content\/uploads\/2014\/05\/BLOG_LES-TERRASSES-DU-PORT-12.jpg?fit=800%2C800&ssl=1\",\"datePublished\":\"2014-05-23T07:21:21+00:00\",\"breadcrumb\":{\"@id\":\"https:\/\/joyana.fr\/visite-chantier-les-terrasses-du-port\/9194\/#breadcrumb\"},\"inLanguage\":\"en-US\",\"potentialAction\":[{\"@type\":\"ReadAction\",\"target\":[\"https:\/\/joyana.fr\/visite-chantier-les-terrasses-du-port\/9194\/\"]}]},{\"@type\":\"ImageObject\",\"inLanguage\":\"en-US\",\"@id\":\"https:\/\/joyana.fr\/visite-chantier-les-terrasses-du-port\/9194\/#primaryimage\",\"url\":\"https:\/\/i0.wp.com\/joyana.fr\/wp-content\/uploads\/2014\/05\/BLOG_LES-TERRASSES-DU-PORT-12.jpg?fit=800%2C800&ssl=1\",\"contentUrl\":\"https:\/\/i0.wp.com\/joyana.fr\/wp-content\/uploads\/2014\/05\/BLOG_LES-TERRASSES-DU-PORT-12.jpg?fit=800%2C800&ssl=1\",\"width\":800,\"height\":800},{\"@type\":\"BreadcrumbList\",\"@id\":\"https:\/\/joyana.fr\/visite-chantier-les-terrasses-du-port\/9194\/#breadcrumb\",\"itemListElement\":[{\"@type\":\"ListItem\",\"position\":1,\"name\":\"Accueil\",\"item\":\"https:\/\/joyana.fr\/\"},{\"@type\":\"ListItem\",\"position\":2,\"name\":\"Visite de chantier LES TERRASSES DU PORT\"}]},{\"@type\":\"WebSite\",\"@id\":\"https:\/\/joyana.fr\/#website\",\"url\":\"https:\/\/joyana.fr\/\",\"name\":\"JO YANA\",\"description\":\"Blog Mode Homme, Lifestyle, D\u00e9co-Design\",\"publisher\":{\"@id\":\"https:\/\/joyana.fr\/#\/schema\/person\/cf2a1ad12a27c12c21801075bf37407c\"},\"potentialAction\":[{\"@type\":\"SearchAction\",\"target\":{\"@type\":\"EntryPoint\",\"urlTemplate\":\"https:\/\/joyana.fr\/?s={search_term_string}\"},\"query-input\":{\"@type\":\"PropertyValueSpecification\",\"valueRequired\":true,\"valueName\":\"search_term_string\"}}],\"inLanguage\":\"en-US\"},{\"@type\":[\"Person\",\"Organization\"],\"@id\":\"https:\/\/joyana.fr\/#\/schema\/person\/cf2a1ad12a27c12c21801075bf37407c\",\"name\":\"Jo Yana\",\"image\":{\"@type\":\"ImageObject\",\"inLanguage\":\"en-US\",\"@id\":\"https:\/\/joyana.fr\/#\/schema\/person\/image\/\",\"url\":\"https:\/\/i0.wp.com\/joyana.fr\/wp-content\/uploads\/2016\/08\/cropped-joyana-logo-black-360x180.png?fit=343%2C164&ssl=1\",\"contentUrl\":\"https:\/\/i0.wp.com\/joyana.fr\/wp-content\/uploads\/2016\/08\/cropped-joyana-logo-black-360x180.png?fit=343%2C164&ssl=1\",\"width\":343,\"height\":164,\"caption\":\"Jo Yana\"},\"logo\":{\"@id\":\"https:\/\/joyana.fr\/#\/schema\/person\/image\/\"},\"description\":\"Jo Yana est le cr\u00e9ateur et r\u00e9dacteur en chef des sites DECO-DESIGN. Passionn\u00e9 de Design, Mode, Photo, Luxe, Lifestyle, Musique, mais avant tout Blogueur ! Le plaisir de partager l'anime et a comme devise \\\"POUR L'AMOUR DU BEAU\\\". Retrouvez le aussi sur son blog personnel - https:\/\/joyana.fr...\",\"sameAs\":[\"https:\/\/joyana.fr\/\"],\"url\":\"https:\/\/joyana.fr\/en\/author\/joyana\/\"}]}<\/script>\n<!-- \/ Yoast SEO plugin. -->","yoast_head_json":{"title":"Visite de chantier LES TERRASSES DU PORT - JO YANA","robots":{"index":"index","follow":"follow","max-snippet":"max-snippet:-1","max-image-preview":"max-image-preview:large","max-video-preview":"max-video-preview:-1"},"canonical":"https:\/\/joyana.fr\/en\/visite-chantier-les-terrasses-du-port\/9194\/","og_locale":"en_US","og_type":"article","og_title":"Visite de chantier LES TERRASSES DU PORT - JO YANA","og_description":"Il y a quelques jours, j&#8217;ai \u00e9t\u00e9 convi\u00e9 \u00e0 d\u00e9couvrir en avant premi\u00e8re le nouveau mall\u00a0marseillais &#8211; LES TERRASSES DU PORT. \u00a0C&#8217;est la premi\u00e8re fois que j&#8217;ai la chance de visiter le chantier d&#8217;un lieu si immense avant l&#8217;ouverture&#8230;","og_url":"https:\/\/joyana.fr\/en\/visite-chantier-les-terrasses-du-port\/9194\/","og_site_name":"JO YANA","article_published_time":"2014-05-23T07:21:21+00:00","og_image":[{"width":800,"height":800,"url":"https:\/\/joyana.fr\/wp-content\/uploads\/2014\/05\/BLOG_LES-TERRASSES-DU-PORT-12.jpg","type":"image\/jpeg"}],"author":"Jo Yana","twitter_card":"summary_large_image","twitter_creator":"@Jo_Yana","twitter_site":"@Jo_Yana","twitter_misc":{"Written by":"Jo Yana","Est. reading time":"1 minute"},"schema":{"@context":"https:\/\/schema.org","@graph":[{"@type":"Article","@id":"https:\/\/joyana.fr\/visite-chantier-les-terrasses-du-port\/9194\/#article","isPartOf":{"@id":"https:\/\/joyana.fr\/visite-chantier-les-terrasses-du-port\/9194\/"},"author":{"name":"Jo Yana","@id":"https:\/\/joyana.fr\/#\/schema\/person\/cf2a1ad12a27c12c21801075bf37407c"},"headline":"Visite de chantier LES TERRASSES DU PORT","datePublished":"2014-05-23T07:21:21+00:00","mainEntityOfPage":{"@id":"https:\/\/joyana.fr\/visite-chantier-les-terrasses-du-port\/9194\/"},"wordCount":253,"commentCount":0,"publisher":{"@id":"https:\/\/joyana.fr\/#\/schema\/person\/cf2a1ad12a27c12c21801075bf37407c"},"image":{"@id":"https:\/\/joyana.fr\/visite-chantier-les-terrasses-du-port\/9194\/#primaryimage"},"thumbnailUrl":"https:\/\/i0.wp.com\/joyana.fr\/wp-content\/uploads\/2014\/05\/BLOG_LES-TERRASSES-DU-PORT-12.jpg?fit=800%2C800&ssl=1","keywords":["Les Terrasses du Port","Marseille","PHOTO"],"articleSection":["BLOG","LIFESTYLE","PHOTO"],"inLanguage":"en-US","potentialAction":[{"@type":"CommentAction","name":"Comment","target":["https:\/\/joyana.fr\/visite-chantier-les-terrasses-du-port\/9194\/#respond"]}]},{"@type":"WebPage","@id":"https:\/\/joyana.fr\/visite-chantier-les-terrasses-du-port\/9194\/","url":"https:\/\/joyana.fr\/visite-chantier-les-terrasses-du-port\/9194\/","name":"Visite de chantier LES TERRASSES DU PORT - JO YANA","isPartOf":{"@id":"https:\/\/joyana.fr\/#website"},"primaryImageOfPage":{"@id":"https:\/\/joyana.fr\/visite-chantier-les-terrasses-du-port\/9194\/#primaryimage"},"image":{"@id":"https:\/\/joyana.fr\/visite-chantier-les-terrasses-du-port\/9194\/#primaryimage"},"thumbnailUrl":"https:\/\/i0.wp.com\/joyana.fr\/wp-content\/uploads\/2014\/05\/BLOG_LES-TERRASSES-DU-PORT-12.jpg?fit=800%2C800&ssl=1","datePublished":"2014-05-23T07:21:21+00:00","breadcrumb":{"@id":"https:\/\/joyana.fr\/visite-chantier-les-terrasses-du-port\/9194\/#breadcrumb"},"inLanguage":"en-US","potentialAction":[{"@type":"ReadAction","target":["https:\/\/joyana.fr\/visite-chantier-les-terrasses-du-port\/9194\/"]}]},{"@type":"ImageObject","inLanguage":"en-US","@id":"https:\/\/joyana.fr\/visite-chantier-les-terrasses-du-port\/9194\/#primaryimage","url":"https:\/\/i0.wp.com\/joyana.fr\/wp-content\/uploads\/2014\/05\/BLOG_LES-TERRASSES-DU-PORT-12.jpg?fit=800%2C800&ssl=1","contentUrl":"https:\/\/i0.wp.com\/joyana.fr\/wp-content\/uploads\/2014\/05\/BLOG_LES-TERRASSES-DU-PORT-12.jpg?fit=800%2C800&ssl=1","width":800,"height":800},{"@type":"BreadcrumbList","@id":"https:\/\/joyana.fr\/visite-chantier-les-terrasses-du-port\/9194\/#breadcrumb","itemListElement":[{"@type":"ListItem","position":1,"name":"Accueil","item":"https:\/\/joyana.fr\/"},{"@type":"ListItem","position":2,"name":"Visite de chantier LES TERRASSES DU PORT"}]},{"@type":"WebSite","@id":"https:\/\/joyana.fr\/#website","url":"https:\/\/joyana.fr\/","name":"JO YANA","description":"Blog Mode Homme, Lifestyle, D\u00e9co-Design","publisher":{"@id":"https:\/\/joyana.fr\/#\/schema\/person\/cf2a1ad12a27c12c21801075bf37407c"},"potentialAction":[{"@type":"SearchAction","target":{"@type":"EntryPoint","urlTemplate":"https:\/\/joyana.fr\/?s={search_term_string}"},"query-input":{"@type":"PropertyValueSpecification","valueRequired":true,"valueName":"search_term_string"}}],"inLanguage":"en-US"},{"@type":["Person","Organization"],"@id":"https:\/\/joyana.fr\/#\/schema\/person\/cf2a1ad12a27c12c21801075bf37407c","name":"Jo Yana","image":{"@type":"ImageObject","inLanguage":"en-US","@id":"https:\/\/joyana.fr\/#\/schema\/person\/image\/","url":"https:\/\/i0.wp.com\/joyana.fr\/wp-content\/uploads\/2016\/08\/cropped-joyana-logo-black-360x180.png?fit=343%2C164&ssl=1","contentUrl":"https:\/\/i0.wp.com\/joyana.fr\/wp-content\/uploads\/2016\/08\/cropped-joyana-logo-black-360x180.png?fit=343%2C164&ssl=1","width":343,"height":164,"caption":"Jo Yana"},"logo":{"@id":"https:\/\/joyana.fr\/#\/schema\/person\/image\/"},"description":"Jo Yana est le cr\u00e9ateur et r\u00e9dacteur en chef des sites DECO-DESIGN. Passionn\u00e9 de Design, Mode, Photo, Luxe, Lifestyle, Musique, mais avant tout Blogueur ! Le plaisir de partager l'anime et a comme devise \"POUR L'AMOUR DU BEAU\". Retrouvez le aussi sur son blog personnel - https:\/\/joyana.fr...","sameAs":["https:\/\/joyana.fr\/"],"url":"https:\/\/joyana.fr\/en\/author\/joyana\/"}]}},"author_meta":{"display_name":"Jo Yana","author_link":"https:\/\/joyana.fr\/en\/author\/joyana\/"},"featured_img":"https:\/\/i0.wp.com\/joyana.fr\/wp-content\/uploads\/2014\/05\/BLOG_LES-TERRASSES-DU-PORT-12.jpg?fit=389%2C389&ssl=1","featured_image_src":"https:\/\/i0.wp.com\/joyana.fr\/wp-content\/uploads\/2014\/05\/BLOG_LES-TERRASSES-DU-PORT-12.jpg?resize=600%2C400&ssl=1","featured_image_src_square":"https:\/\/i0.wp.com\/joyana.fr\/wp-content\/uploads\/2014\/05\/BLOG_LES-TERRASSES-DU-PORT-12.jpg?resize=600%2C600&ssl=1","jetpack_featured_media_url":"https:\/\/i0.wp.com\/joyana.fr\/wp-content\/uploads\/2014\/05\/BLOG_LES-TERRASSES-DU-PORT-12.jpg?fit=800%2C800&ssl=1","uagb_featured_image_src":{"full":["https:\/\/i0.wp.com\/joyana.fr\/wp-content\/uploads\/2014\/05\/BLOG_LES-TERRASSES-DU-PORT-12.jpg?fit=800%2C800&ssl=1",800,800,false],"thumbnail":["https:\/\/i0.wp.com\/joyana.fr\/wp-content\/uploads\/2014\/05\/BLOG_LES-TERRASSES-DU-PORT-12.jpg?resize=150%2C150&ssl=1",150,150,true],"medium":["https:\/\/i0.wp.com\/joyana.fr\/wp-content\/uploads\/2014\/05\/BLOG_LES-TERRASSES-DU-PORT-12.jpg?fit=389%2C389&ssl=1",389,389,true],"medium_large":["https:\/\/i0.wp.com\/joyana.fr\/wp-content\/uploads\/2014\/05\/BLOG_LES-TERRASSES-DU-PORT-12.jpg?fit=768%2C768&ssl=1",768,768,true],"large":["https:\/\/i0.wp.com\/joyana.fr\/wp-content\/uploads\/2014\/05\/BLOG_LES-TERRASSES-DU-PORT-12.jpg?fit=800%2C800&ssl=1",800,800,true],"1536x1536":["https:\/\/i0.wp.com\/joyana.fr\/wp-content\/uploads\/2014\/05\/BLOG_LES-TERRASSES-DU-PORT-12.jpg?fit=800%2C800&ssl=1",800,800,true],"2048x2048":["https:\/\/i0.wp.com\/joyana.fr\/wp-content\/uploads\/2014\/05\/BLOG_LES-TERRASSES-DU-PORT-12.jpg?fit=800%2C800&ssl=1",800,800,true],"featured-thumb":["https:\/\/i0.wp.com\/joyana.fr\/wp-content\/uploads\/2014\/05\/BLOG_LES-TERRASSES-DU-PORT-12.jpg?resize=800%2C750&ssl=1",800,750,true],"ab-block-post-grid-landscape":["https:\/\/i0.wp.com\/joyana.fr\/wp-content\/uploads\/2014\/05\/BLOG_LES-TERRASSES-DU-PORT-12.jpg?resize=600%2C400&ssl=1",600,400,true],"ab-block-post-grid-square":["https:\/\/i0.wp.com\/joyana.fr\/wp-content\/uploads\/2014\/05\/BLOG_LES-TERRASSES-DU-PORT-12.jpg?resize=600%2C600&ssl=1",600,600,true],"author-pro-image":["https:\/\/i0.wp.com\/joyana.fr\/wp-content\/uploads\/2014\/05\/BLOG_LES-TERRASSES-DU-PORT-12.jpg?resize=360%2C570&ssl=1",360,570,true],"slider":["https:\/\/i0.wp.com\/joyana.fr\/wp-content\/uploads\/2014\/05\/BLOG_LES-TERRASSES-DU-PORT-12.jpg?resize=800%2C400&ssl=1",800,400,true],"woocommerce_thumbnail":["https:\/\/i0.wp.com\/joyana.fr\/wp-content\/uploads\/2014\/05\/BLOG_LES-TERRASSES-DU-PORT-12.jpg?resize=450%2C450&ssl=1",450,450,true],"woocommerce_single":["https:\/\/i0.wp.com\/joyana.fr\/wp-content\/uploads\/2014\/05\/BLOG_LES-TERRASSES-DU-PORT-12.jpg?fit=800%2C800&ssl=1",800,800,true],"woocommerce_gallery_thumbnail":["https:\/\/i0.wp.com\/joyana.fr\/wp-content\/uploads\/2014\/05\/BLOG_LES-TERRASSES-DU-PORT-12.jpg?resize=180%2C180&ssl=1",180,180,true],"sow-carousel-default":["https:\/\/i0.wp.com\/joyana.fr\/wp-content\/uploads\/2014\/05\/BLOG_LES-TERRASSES-DU-PORT-12.jpg?resize=272%2C182&ssl=1",272,182,true]},"uagb_author_info":{"display_name":"Jo Yana","author_link":"https:\/\/joyana.fr\/en\/author\/joyana\/"},"uagb_comment_info":0,"uagb_excerpt":"Il y a quelques jours, j&#8217;ai \u00e9t\u00e9 convi\u00e9 \u00e0 d\u00e9couvrir en avant premi\u00e8re le nouveau mall\u00a0marseillais &#8211; LES TERRASSES DU PORT. \u00a0C&#8217;est la premi\u00e8re fois que j&#8217;ai la chance de visiter le chantier d&#8217;un lieu si immense avant l&#8217;ouverture&#8230;","coauthors":[],"tax_additional":{"categories":{"linked":["<a href=\"https:\/\/joyana.fr\/en\/category\/blog\/\" class=\"advgb-post-tax-term\">BLOG<\/a>","<a href=\"https:\/\/joyana.fr\/en\/category\/blog\/lifestyle\/\" class=\"advgb-post-tax-term\">LIFESTYLE<\/a>","<a href=\"https:\/\/joyana.fr\/en\/category\/blog\/photo\/\" class=\"advgb-post-tax-term\">PHOTO<\/a>"],"unlinked":["<span class=\"advgb-post-tax-term\">BLOG<\/span>","<span class=\"advgb-post-tax-term\">LIFESTYLE<\/span>","<span class=\"advgb-post-tax-term\">PHOTO<\/span>"]},"tags":{"linked":["<a href=\"https:\/\/joyana.fr\/en\/category\/blog\/photo\/\" class=\"advgb-post-tax-term\">Les Terrasses du Port<\/a>","<a href=\"https:\/\/joyana.fr\/en\/category\/blog\/photo\/\" class=\"advgb-post-tax-term\">Marseille<\/a>","<a href=\"https:\/\/joyana.fr\/en\/category\/blog\/photo\/\" class=\"advgb-post-tax-term\">PHOTO<\/a>"],"unlinked":["<span class=\"advgb-post-tax-term\">Les Terrasses du Port<\/span>","<span class=\"advgb-post-tax-term\">Marseille<\/span>","<span class=\"advgb-post-tax-term\">PHOTO<\/span>"]}},"comment_count":0,"relative_dates":{"created":"Posted 12 years ago","modified":"Updated 12 years ago"},"absolute_dates":{"created":"Posted on 23 May 2014","modified":"Updated on 23 May 2014"},"absolute_dates_time":{"created":"Posted on 23 May 2014 9:21","modified":"Updated on 23 May 2014 9:21"},"featured_img_caption":"","series_order":"","jetpack_sharing_enabled":true,"jetpack_shortlink":"https:\/\/wp.me\/p9bteI-2oi","jetpack-related-posts":[],"_links":{"self":[{"href":"https:\/\/joyana.fr\/en\/wp-json\/wp\/v2\/posts\/9194","targetHints":{"allow":["GET"]}}],"collection":[{"href":"https:\/\/joyana.fr\/en\/wp-json\/wp\/v2\/posts"}],"about":[{"href":"https:\/\/joyana.fr\/en\/wp-json\/wp\/v2\/types\/post"}],"author":[{"embeddable":true,"href":"https:\/\/joyana.fr\/en\/wp-json\/wp\/v2\/users\/3"}],"replies":[{"embeddable":true,"href":"https:\/\/joyana.fr\/en\/wp-json\/wp\/v2\/comments?post=9194"}],"version-history":[{"count":0,"href":"https:\/\/joyana.fr\/en\/wp-json\/wp\/v2\/posts\/9194\/revisions"}],"wp:featuredmedia":[{"embeddable":true,"href":"https:\/\/joyana.fr\/en\/wp-json\/wp\/v2\/media\/9195"}],"wp:attachment":[{"href":"https:\/\/joyana.fr\/en\/wp-json\/wp\/v2\/media?parent=9194"}],"wp:term":[{"taxonomy":"category","embeddable":true,"href":"https:\/\/joyana.fr\/en\/wp-json\/wp\/v2\/categories?post=9194"},{"taxonomy":"post_tag","embeddable":true,"href":"https:\/\/joyana.fr\/en\/wp-json\/wp\/v2\/tags?post=9194"}],"curies":[{"name":"wp","href":"https:\/\/api.w.org\/{rel}","templated":true}]}}