{"id":100263,"date":"2008-02-04T17:50:23","date_gmt":"2008-02-04T16:50:23","guid":{"rendered":"https:\/\/joyana.fr\/le-salon-maison-et-objet-2008\/"},"modified":"2008-02-04T17:50:23","modified_gmt":"2008-02-04T16:50:23","slug":"le-salon-maison-et-objet-2008","status":"publish","type":"post","link":"https:\/\/joyana.fr\/ja\/le-salon-maison-et-objet-2008\/100263\/","title":{"rendered":"Le salon Maison et Objet 2008"},"content":{"rendered":"<p>Alors que le salon Maison et Objet 2008 a ferm\u00e9 ses portes il y a peu, le <a href=\"https:\/\/joyana.fr\">blog D\u00e9co-Design<\/a> vous propose un petit r\u00e9sum\u00e9 des articles, sur les stands et les produits d\u00e9couverts lors de ce salon. Je vous invite \u00e0 lire la suite si vous n\u2019avez pas pu faire le d\u00e9placement.<\/p>\n<p><img data-recalc-dims=\"1\" fetchpriority=\"high\" decoding=\"async\" src=\"https:\/\/i0.wp.com\/joyana.fr\/wp-content\/uploads\/maisonobjet1.jpg?resize=500%2C597&#038;ssl=1\" alt=\"Le salon Maison &#038; Objet 2008 ouvre ses portes dans 1 minute !!!\" align=\"top\" border=\"0\" height=\"597\" hspace=\"8\" width=\"500\" \/><\/p>\n<p>Pour rappel le <strong>salon Maison et Objet<\/strong> c\u2019est des milliers d\u2019exposants et des centaines de milliers de visiteurs, celui de janvier accueillait  Design Now qui a beaucoup int\u00e9ress\u00e9 D\u00e9co-Design.<\/p>\n<p>Le billet sera mis \u00e0 jour, d\u00e8s que de nouveaux articles sur <strong>le salon Maison et Objet 2008<\/strong> seront en ligne.<\/p>\n<p><strong><font size=\"6\">Les Marques du salons:<\/font><\/strong><\/p>\n<table align=\"center\" border=\"0\" cellpadding=\"2\" width=\"100%\">\n<tr>\n<td>\n<p align=\"center\"><a href=\"https:\/\/joyana.fr\/exposition-mademoiselle-a-la-mode-a-paris-maison-objet-2008\/\" target=\"_blank\"><img data-recalc-dims=\"1\" decoding=\"async\" src=\"https:\/\/i0.wp.com\/joyana.fr\/wp-content\/uploads\/mademoiselle-exposition-blog1.jpg?resize=200%2C150&#038;ssl=1\" alt=\"EXPOSITION MADEMOISELLE PAR STARCK\" align=\"top\" border=\"0\" height=\"150\" hspace=\"8\" width=\"200\" \/><\/a><\/p>\n<p align=\"center\"> <a href=\"https:\/\/joyana.fr\/exposition-mademoiselle-a-la-mode-a-paris-maison-objet-2008\/\" target=\"_blank\"><font size=\"2\">Exposition Mademoiselle par Philippe Starck<\/font><\/a><\/p>\n<p align=\"center\">&nbsp;<\/p>\n<\/td>\n<td>\n<p align=\"center\"><a href=\"https:\/\/joyana.fr\/esprit-home-au-salon-maison-et-objet-2008\/\" target=\"_blank\"><img data-recalc-dims=\"1\" decoding=\"async\" src=\"https:\/\/i0.wp.com\/joyana.fr\/wp-content\/uploads\/esprit-stand1.jpg?resize=200%2C150&#038;ssl=1\" alt=\"STAND ESPRIT MAISON ET OBJET 2008\" align=\"top\" border=\"0\" height=\"150\" hspace=\"8\" width=\"200\" \/><\/a><\/p>\n<p align=\"center\"> <font size=\"2\"><a href=\"https:\/\/joyana.fr\/esprit-home-au-salon-maison-et-objet-2008\/\" target=\"_blank\">ESPRIT HOME<\/a><\/font><\/p>\n<p align=\"center\">&nbsp;<\/p>\n<\/td>\n<\/tr>\n<tr>\n<td>\n<p align=\"center\"><a href=\"https:\/\/joyana.fr\/stand-remake-light-au-salon-design-now-2008\/\" target=\"_blank\"><img data-recalc-dims=\"1\" loading=\"lazy\" decoding=\"async\" src=\"https:\/\/i0.wp.com\/joyana.fr\/wp-content\/uploads\/stand-remake-21.jpg?resize=200%2C150&#038;ssl=1\" alt=\"REMAKE LIGHT AU MAISON ET OBJET 2008\" align=\"top\" border=\"0\" height=\"150\" hspace=\"8\" width=\"200\" \/><\/a><\/p>\n<p align=\"center\"><font size=\"2\"><a href=\"https:\/\/joyana.fr\/stand-remake-light-au-salon-design-now-2008\/\" target=\"_blank\">REMAKE LIGHT<\/a><\/font><\/p>\n<\/td>\n<td>\n<p align=\"center\"><a href=\"https:\/\/joyana.fr\/le-stand-serralunga-au-salon-design-now\/\" target=\"_blank\"><img data-recalc-dims=\"1\" loading=\"lazy\" decoding=\"async\" src=\"https:\/\/i0.wp.com\/joyana.fr\/wp-content\/uploads\/stand-serralunga-21.jpg?resize=200%2C150&#038;ssl=1\" alt=\"SERRALUNGA AU MAISON ET OBJET 2008\" align=\"top\" border=\"0\" height=\"150\" hspace=\"8\" width=\"200\" \/><\/a><\/p>\n<p align=\"center\"><font size=\"2\"><a href=\"https:\/\/joyana.fr\/le-stand-serralunga-au-salon-design-now\/\" target=\"_blank\">SERRALUNGA<\/a><\/font><\/p>\n<\/td>\n<\/tr>\n<tr>\n<td>\n<p align=\"center\"><a href=\"https:\/\/joyana.fr\/le-stand-vange-au-salon-design-now-2008\/\" target=\"_blank\"><img data-recalc-dims=\"1\" loading=\"lazy\" decoding=\"async\" src=\"https:\/\/i0.wp.com\/joyana.fr\/wp-content\/uploads\/vange-stand-blog11.jpg?resize=200%2C150&#038;ssl=1\" alt=\"stand vange 2008\" align=\"top\" border=\"0\" height=\"150\" hspace=\"8\" width=\"200\" \/><\/a><\/p>\n<p align=\"center\"><font size=\"2\"><a href=\"https:\/\/joyana.fr\/le-stand-vange-au-salon-design-now-2008\/\" target=\"_blank\">VANGE<\/a><\/font><\/p>\n<\/td>\n<td>\n<p align=\"center\"><a href=\"https:\/\/joyana.fr\/le-stand-verpan-au-salon-design-now-2008\/\" target=\"_blank\"><img data-recalc-dims=\"1\" loading=\"lazy\" decoding=\"async\" src=\"https:\/\/i0.wp.com\/joyana.fr\/wp-content\/uploads\/stand-verpan-21.jpg?resize=200%2C150&#038;ssl=1\" alt=\"VERPAN \" align=\"top\" border=\"0\" height=\"150\" hspace=\"8\" width=\"200\" \/><\/a><\/p>\n<p align=\"center\"><font size=\"2\"><a href=\"https:\/\/joyana.fr\/le-stand-verpan-au-salon-design-now-2008\/\" target=\"_blank\">VERPAN<\/a><\/font><\/p>\n<\/td>\n<\/tr>\n<tr>\n<td>\n<p align=\"center\"><a href=\"https:\/\/joyana.fr\/le-stand-vitamin-sur-le-salon-design-now-2008\/\" target=\"_blank\"><img data-recalc-dims=\"1\" loading=\"lazy\" decoding=\"async\" src=\"https:\/\/i0.wp.com\/joyana.fr\/wp-content\/uploads\/vitamin-stand11.jpg?resize=200%2C150&#038;ssl=1\" alt=\"STAND VITAMIN AU SALON MAISON ET OBJET 2008\" align=\"top\" border=\"0\" height=\"150\" hspace=\"8\" width=\"200\" \/><\/a><\/p>\n<p align=\"center\"><font size=\"2\"><a href=\"https:\/\/joyana.fr\/le-stand-vitamin-sur-le-salon-design-now-2008\/\" target=\"_blank\">VITAMIN<\/a><\/font><\/p>\n<p align=\"center\">&nbsp;<\/p>\n<\/td>\n<td>\n<p align=\"center\"><a href=\"https:\/\/joyana.fr\/zaha-hadid-au-salon-maison-et-objet-2008\/\" target=\"_blank\"><img data-recalc-dims=\"1\" loading=\"lazy\" decoding=\"async\" src=\"https:\/\/i0.wp.com\/joyana.fr\/wp-content\/uploads\/zaha-hadid-stand-blog1.jpg?resize=200%2C150&#038;ssl=1\" alt=\"ZAHA HADID AU SALON MAISON ET OBJET\" align=\"top\" border=\"0\" height=\"150\" hspace=\"8\" width=\"200\" \/><\/a><\/p>\n<p align=\"center\"><font size=\"2\"><a href=\"https:\/\/joyana.fr\/zaha-hadid-au-salon-maison-et-objet-2008\/\" target=\"_blank\">ZAHA HAHID<\/a><\/font><\/p>\n<p align=\"center\">&nbsp;<\/p>\n<\/td>\n<\/tr>\n<\/table>\n<p align=\"center\">&nbsp;<\/p>\n<p align=\"left\"><strong><font size=\"6\">Les Produits design rep\u00e9r\u00e9s au salon:<\/font><\/strong><\/p>\n<p align=\"center\">&nbsp;<\/p>\n<table align=\"center\" border=\"0\" cellpadding=\"2\" width=\"100%\">\n<tr>\n<td>\n<p align=\"center\"><strong><font size=\"6\"><a href=\"https:\/\/joyana.fr\/itamtam-ipod-iphone-branex-design\/\" target=\"_blank\"><img data-recalc-dims=\"1\" loading=\"lazy\" decoding=\"async\" src=\"https:\/\/i0.wp.com\/joyana.fr\/wp-content\/uploads\/itamtam1.jpg?resize=200%2C160&#038;ssl=1\" alt=\"ITAMTAM BRANEX DESIGN\" align=\"top\" border=\"0\" height=\"160\" hspace=\"8\" width=\"200\" \/><\/a><\/font><\/strong><\/p>\n<p align=\"center\"> <font size=\"2\"><a href=\"https:\/\/joyana.fr\/itamtam-ipod-iphone-branex-design\/\" target=\"_blank\"><font size=\"2\">iTamtam par Branex Design<\/font><\/a><\/font><\/p>\n<p align=\"center\">&nbsp;<\/p>\n<\/td>\n<td>\n<p align=\"center\"><a href=\"https:\/\/joyana.fr\/miroirs-design-loreille-qui-voit-par-philippe-starck\/\" target=\"_blank\"><img data-recalc-dims=\"1\" loading=\"lazy\" decoding=\"async\" src=\"https:\/\/i0.wp.com\/joyana.fr\/wp-content\/uploads\/loreille-qui-voit1.jpg?resize=200%2C150&#038;ssl=1\" alt=\"l\u2019oreille qui voit par philippe starck\" align=\"top\" border=\"0\" height=\"150\" hspace=\"8\" width=\"200\" \/><\/a><\/p>\n<p align=\"center\"><a href=\"https:\/\/joyana.fr\/miroirs-design-loreille-qui-voit-par-philippe-starck\/\" target=\"_blank\"><font size=\"2\">Miroirs L\u2019Oreille qui Voit par Philippe Starck<\/font><\/a><\/p>\n<p align=\"center\">&nbsp;<\/p>\n<\/td>\n<\/tr>\n<tr>\n<td>\n<p align=\"center\"><a href=\"https:\/\/joyana.fr\/jc-de-castelbajac-dessine-des-chaises-pour-acrila\/\" target=\"_blank\"><img data-recalc-dims=\"1\" loading=\"lazy\" decoding=\"async\" src=\"https:\/\/i0.wp.com\/joyana.fr\/wp-content\/uploads\/jc-de-castlebajac-4-couleurs21.jpg?resize=200%2C150&#038;ssl=1\" alt=\"CHAISE JC DE CASTELBAJAC\" align=\"top\" border=\"0\" height=\"150\" hspace=\"8\" width=\"200\" \/><\/a><\/p>\n<p align=\"center\"><font size=\"2\"><a href=\"https:\/\/joyana.fr\/jc-de-castelbajac-dessine-des-chaises-pour-acrila\/\" target=\"_blank\"><font size=\"2\">Chaises par JC de Castelbajac<\/font><\/a><\/font><\/p>\n<p align=\"center\">&nbsp;<\/p>\n<\/td>\n<td>\n<p align=\"center\"><a href=\"https:\/\/joyana.fr\/maison-objet-2008-nobody-co\/\" target=\"_blank\"><img data-recalc-dims=\"1\" loading=\"lazy\" decoding=\"async\" src=\"https:\/\/i0.wp.com\/joyana.fr\/wp-content\/uploads\/maison1.jpg?resize=200%2C142&#038;ssl=1\" alt=\"MEUBLE NOBODY AND CO\" align=\"top\" border=\"0\" height=\"142\" hspace=\"8\" width=\"200\" \/><\/a><\/p>\n<p align=\"center\"><font size=\"2\"><a href=\"https:\/\/joyana.fr\/maison-objet-2008-nobody-co\/\" target=\"_blank\"><font size=\"2\">Meubles Nobody &#038; Co<\/font><\/a><\/font><\/p>\n<p align=\"center\">&nbsp;<\/p>\n<\/td>\n<\/tr>\n<tr>\n<td>\n<p align=\"center\"><a href=\"https:\/\/joyana.fr\/fauteuil-design-moore-par-philippe-starck\/\" target=\"_blank\"><img data-recalc-dims=\"1\" loading=\"lazy\" decoding=\"async\" src=\"https:\/\/i0.wp.com\/joyana.fr\/wp-content\/uploads\/moore1.jpg?resize=200%2C94&#038;ssl=1\" alt=\"FAUTEUIL MOOR(E) PAR STARCK\" align=\"top\" border=\"0\" height=\"94\" hspace=\"8\" width=\"200\" \/><\/a><\/p>\n<p><font size=\"2\"><a href=\"https:\/\/joyana.fr\/fauteuil-design-moore-par-philippe-starck\/\" target=\"_blank\"><font size=\"2\">Fauteil Moor(e) par Philippe Starck<\/font><\/a><\/font><\/td>\n<td>\n<p align=\"center\"><a href=\"https:\/\/joyana.fr\/mobilier-modulaire-quad-par-dom-strapp\/\" target=\"_blank\"><img data-recalc-dims=\"1\" loading=\"lazy\" decoding=\"async\" src=\"https:\/\/i0.wp.com\/joyana.fr\/wp-content\/uploads\/quad11.jpg?resize=160%2C119&#038;ssl=1\" alt=\"quad DOM TRAPP\" align=\"top\" border=\"0\" height=\"119\" hspace=\"8\" width=\"160\" \/><\/a><\/p>\n<p align=\"center\"><font size=\"2\"><a href=\"https:\/\/joyana.fr\/mobilier-modulaire-quad-par-dom-strapp\/\" target=\"_blank\"><font size=\"2\">Quad par Dom Trapp<\/font><\/a><\/font><\/p>\n<p align=\"center\">&nbsp;<\/p>\n<\/td>\n<\/tr>\n<tr>\n<td colspan=\"2\">\n<p align=\"center\"><a href=\"https:\/\/joyana.fr\/decoration-murale-patchn-wall-par-walldesign\/\" target=\"_blank\"><img data-recalc-dims=\"1\" loading=\"lazy\" decoding=\"async\" src=\"https:\/\/i0.wp.com\/joyana.fr\/wp-content\/uploads\/wall-design1.jpg?resize=200%2C207&#038;ssl=1\" alt=\"wall-design\" align=\"top\" border=\"0\" height=\"207\" hspace=\"8\" width=\"200\" \/><\/a><\/p>\n<p align=\"center\"> <font size=\"2\"><a href=\"https:\/\/joyana.fr\/decoration-murale-patchn-wall-par-walldesign\/\" target=\"_blank\"><font size=\"2\">Patch\u2019n Wall par WallDesign<\/font><\/a><\/font><\/p>\n<\/td>\n<\/tr>\n<\/table>\n<p align=\"center\">&nbsp;<\/p>\n<p align=\"left\"><a href=\"http:\/\/jo_yana@hotmail.com\" target=\"_blank\">Jo Yana<\/a><\/p>\n","protected":false},"excerpt":{"rendered":"<p>Alors que le salon Maison et Objet 2008 a ferm\u00e9 ses portes il y a peu, le blog D\u00e9co-Design vous propose un pet [&hellip;]<\/p>\n","protected":false},"author":3,"featured_media":124300,"comment_status":"open","ping_status":"open","sticky":false,"template":"","format":"standard","meta":{"_coblocks_attr":"","_coblocks_dimensions":"","_coblocks_responsive_height":"","_coblocks_accordion_ie_support":"","_uag_custom_page_level_css":"","advgb_blocks_editor_width":"","advgb_blocks_columns_visual_guide":"","_genesis_hide_title":false,"_genesis_hide_breadcrumbs":false,"_genesis_hide_singular_image":false,"_genesis_hide_footer_widgets":false,"_genesis_custom_body_class":"","_genesis_custom_post_class":"","_genesis_layout":"","_themeisle_gutenberg_block_has_review":false,"_jetpack_newsletter_access":"","_jetpack_dont_email_post_to_subs":false,"_jetpack_newsletter_tier_id":0,"_jetpack_memberships_contains_paywalled_content":false,"_jetpack_memberships_contains_paid_content":false,"footnotes":""},"categories":[905,961],"tags":[12,963],"class_list":{"0":"post-100263","1":"post","2":"type-post","3":"status-publish","4":"format-standard","5":"has-post-thumbnail","7":"category-deco-design","8":"category-maison-et-objet","9":"tag-paris","10":"tag-salons-design","11":"entry"},"featured_image_urls":{"full":["https:\/\/i0.wp.com\/joyana.fr\/wp-content\/uploads\/2016\/08\/joyana-logo-black-360x180.png?fit=360%2C180&ssl=1",360,180,false],"thumbnail":["https:\/\/i0.wp.com\/joyana.fr\/wp-content\/uploads\/2016\/08\/joyana-logo-black-360x180.png?resize=150%2C150&ssl=1",150,150,true],"medium":["https:\/\/i0.wp.com\/joyana.fr\/wp-content\/uploads\/2016\/08\/joyana-logo-black-360x180.png?fit=360%2C180&ssl=1",360,180,true],"medium_large":["https:\/\/i0.wp.com\/joyana.fr\/wp-content\/uploads\/2016\/08\/joyana-logo-black-360x180.png?fit=360%2C180&ssl=1",360,180,true],"large":["https:\/\/i0.wp.com\/joyana.fr\/wp-content\/uploads\/2016\/08\/joyana-logo-black-360x180.png?fit=360%2C180&ssl=1",360,180,true],"1536x1536":["https:\/\/i0.wp.com\/joyana.fr\/wp-content\/uploads\/2016\/08\/joyana-logo-black-360x180.png?fit=360%2C180&ssl=1",360,180,true],"2048x2048":["https:\/\/i0.wp.com\/joyana.fr\/wp-content\/uploads\/2016\/08\/joyana-logo-black-360x180.png?fit=360%2C180&ssl=1",360,180,true],"featured-thumb":["https:\/\/i0.wp.com\/joyana.fr\/wp-content\/uploads\/2016\/08\/joyana-logo-black-360x180.png?resize=360%2C180&ssl=1",360,180,true],"ab-block-post-grid-landscape":["https:\/\/i0.wp.com\/joyana.fr\/wp-content\/uploads\/2016\/08\/joyana-logo-black-360x180.png?resize=360%2C180&ssl=1",360,180,true],"ab-block-post-grid-square":["https:\/\/i0.wp.com\/joyana.fr\/wp-content\/uploads\/2016\/08\/joyana-logo-black-360x180.png?resize=360%2C180&ssl=1",360,180,true],"author-pro-image":["https:\/\/i0.wp.com\/joyana.fr\/wp-content\/uploads\/2016\/08\/joyana-logo-black-360x180.png?resize=360%2C180&ssl=1",360,180,true],"slider":["https:\/\/i0.wp.com\/joyana.fr\/wp-content\/uploads\/2016\/08\/joyana-logo-black-360x180.png?resize=360%2C180&ssl=1",360,180,true],"woocommerce_thumbnail":["https:\/\/i0.wp.com\/joyana.fr\/wp-content\/uploads\/2016\/08\/joyana-logo-black-360x180.png?resize=300%2C180&ssl=1",300,180,true],"woocommerce_single":["https:\/\/i0.wp.com\/joyana.fr\/wp-content\/uploads\/2016\/08\/joyana-logo-black-360x180.png?fit=360%2C180&ssl=1",360,180,true],"woocommerce_gallery_thumbnail":["https:\/\/i0.wp.com\/joyana.fr\/wp-content\/uploads\/2016\/08\/joyana-logo-black-360x180.png?resize=180%2C180&ssl=1",180,180,true],"sow-carousel-default":["https:\/\/i0.wp.com\/joyana.fr\/wp-content\/uploads\/2016\/08\/joyana-logo-black-360x180.png?resize=272%2C180&ssl=1",272,180,true]},"post_excerpt_stackable":"<p>Alors que le salon Maison et Objet 2008 a ferm\u00e9 ses portes il y a peu, le blog D\u00e9co-Design vous prop&hellip;<\/p>\n","category_list":"<a href=\"https:\/\/joyana.fr\/ja\/category\/deco-design\/\" rel=\"category tag\">DECO-DESIGN<\/a>, <a href=\"https:\/\/joyana.fr\/ja\/category\/deco-design\/actualite\/salon\/maison-et-objet\/\" rel=\"category tag\">MAISON &amp; OBJET<\/a>","author_info":{"display_name":"Jo Yana","author_link":"https:\/\/joyana.fr\/ja\/author\/joyana\/"},"comments_num":"12 comments","featured_image_urls_v2":{"full":["https:\/\/i0.wp.com\/joyana.fr\/wp-content\/uploads\/2016\/08\/joyana-logo-black-360x180.png?fit=360%2C180&ssl=1",360,180,false],"thumbnail":["https:\/\/i0.wp.com\/joyana.fr\/wp-content\/uploads\/2016\/08\/joyana-logo-black-360x180.png?resize=150%2C150&ssl=1",150,150,true],"medium":["https:\/\/i0.wp.com\/joyana.fr\/wp-content\/uploads\/2016\/08\/joyana-logo-black-360x180.png?fit=360%2C180&ssl=1",360,180,true],"medium_large":["https:\/\/i0.wp.com\/joyana.fr\/wp-content\/uploads\/2016\/08\/joyana-logo-black-360x180.png?fit=360%2C180&ssl=1",360,180,true],"large":["https:\/\/i0.wp.com\/joyana.fr\/wp-content\/uploads\/2016\/08\/joyana-logo-black-360x180.png?fit=360%2C180&ssl=1",360,180,true],"1536x1536":["https:\/\/i0.wp.com\/joyana.fr\/wp-content\/uploads\/2016\/08\/joyana-logo-black-360x180.png?fit=360%2C180&ssl=1",360,180,true],"2048x2048":["https:\/\/i0.wp.com\/joyana.fr\/wp-content\/uploads\/2016\/08\/joyana-logo-black-360x180.png?fit=360%2C180&ssl=1",360,180,true],"featured-thumb":["https:\/\/i0.wp.com\/joyana.fr\/wp-content\/uploads\/2016\/08\/joyana-logo-black-360x180.png?resize=360%2C180&ssl=1",360,180,true],"ab-block-post-grid-landscape":["https:\/\/i0.wp.com\/joyana.fr\/wp-content\/uploads\/2016\/08\/joyana-logo-black-360x180.png?resize=360%2C180&ssl=1",360,180,true],"ab-block-post-grid-square":["https:\/\/i0.wp.com\/joyana.fr\/wp-content\/uploads\/2016\/08\/joyana-logo-black-360x180.png?resize=360%2C180&ssl=1",360,180,true],"author-pro-image":["https:\/\/i0.wp.com\/joyana.fr\/wp-content\/uploads\/2016\/08\/joyana-logo-black-360x180.png?resize=360%2C180&ssl=1",360,180,true],"slider":["https:\/\/i0.wp.com\/joyana.fr\/wp-content\/uploads\/2016\/08\/joyana-logo-black-360x180.png?resize=360%2C180&ssl=1",360,180,true],"woocommerce_thumbnail":["https:\/\/i0.wp.com\/joyana.fr\/wp-content\/uploads\/2016\/08\/joyana-logo-black-360x180.png?resize=300%2C180&ssl=1",300,180,true],"woocommerce_single":["https:\/\/i0.wp.com\/joyana.fr\/wp-content\/uploads\/2016\/08\/joyana-logo-black-360x180.png?fit=360%2C180&ssl=1",360,180,true],"woocommerce_gallery_thumbnail":["https:\/\/i0.wp.com\/joyana.fr\/wp-content\/uploads\/2016\/08\/joyana-logo-black-360x180.png?resize=180%2C180&ssl=1",180,180,true],"sow-carousel-default":["https:\/\/i0.wp.com\/joyana.fr\/wp-content\/uploads\/2016\/08\/joyana-logo-black-360x180.png?resize=272%2C180&ssl=1",272,180,true]},"post_excerpt_stackable_v2":"<p>Alors que le salon Maison et Objet 2008 a ferm\u00e9 ses portes il y a peu, le blog D\u00e9co-Design vous prop&hellip;<\/p>\n","category_list_v2":"<a href=\"https:\/\/joyana.fr\/ja\/category\/deco-design\/\" rel=\"category tag\">DECO-DESIGN<\/a>, <a href=\"https:\/\/joyana.fr\/ja\/category\/deco-design\/actualite\/salon\/maison-et-objet\/\" rel=\"category tag\">MAISON &amp; OBJET<\/a>","author_info_v2":{"name":"Jo Yana","url":"https:\/\/joyana.fr\/ja\/author\/joyana\/"},"comments_num_v2":"12 comments","yoast_head":"<!-- This site is optimized with the Yoast SEO plugin v26.8 - https:\/\/yoast.com\/product\/yoast-seo-wordpress\/ -->\n<title>Le salon Maison et Objet 2008 - JO YANA<\/title>\n<meta name=\"robots\" content=\"index, follow, max-snippet:-1, max-image-preview:large, max-video-preview:-1\" \/>\n<link rel=\"canonical\" href=\"https:\/\/joyana.fr\/ja\/le-salon-maison-et-objet-2008\/100263\/\" \/>\n<meta property=\"og:locale\" content=\"ja_JP\" \/>\n<meta property=\"og:locale:alternate\" content=\"fr_FR\" \/>\n<meta property=\"og:locale:alternate\" content=\"en_US\" \/>\n<meta property=\"og:type\" content=\"article\" \/>\n<meta property=\"og:title\" content=\"Le salon Maison et Objet 2008 - JO YANA\" \/>\n<meta property=\"og:description\" content=\"Alors que le salon Maison et Objet 2008 a ferm\u00e9 ses portes il y a peu, le blog D\u00e9co-Design vous propose un pet [&hellip;]\" \/>\n<meta property=\"og:url\" content=\"https:\/\/joyana.fr\/ja\/le-salon-maison-et-objet-2008\/100263\/\" \/>\n<meta property=\"og:site_name\" content=\"JO YANA\" \/>\n<meta property=\"article:published_time\" content=\"2008-02-04T16:50:23+00:00\" \/>\n<meta property=\"og:image\" content=\"https:\/\/joyana.fr\/wp-content\/uploads\/2016\/08\/joyana-logo-black-360x180.png\" \/>\n\t<meta property=\"og:image:width\" content=\"360\" \/>\n\t<meta property=\"og:image:height\" content=\"180\" \/>\n\t<meta property=\"og:image:type\" content=\"image\/png\" \/>\n<meta name=\"author\" content=\"Jo Yana\" \/>\n<meta name=\"twitter:card\" content=\"summary_large_image\" \/>\n<meta name=\"twitter:creator\" content=\"@Jo_Yana\" \/>\n<meta name=\"twitter:site\" content=\"@Jo_Yana\" \/>\n<meta name=\"twitter:label1\" content=\"\u57f7\u7b46\u8005\" \/>\n\t<meta name=\"twitter:data1\" content=\"Jo Yana\" \/>\n\t<meta name=\"twitter:label2\" content=\"\u63a8\u5b9a\u8aad\u307f\u53d6\u308a\u6642\u9593\" \/>\n\t<meta name=\"twitter:data2\" content=\"1\u5206\" \/>\n<script type=\"application\/ld+json\" class=\"yoast-schema-graph\">{\"@context\":\"https:\/\/schema.org\",\"@graph\":[{\"@type\":\"Article\",\"@id\":\"https:\/\/joyana.fr\/le-salon-maison-et-objet-2008\/100263\/#article\",\"isPartOf\":{\"@id\":\"https:\/\/joyana.fr\/le-salon-maison-et-objet-2008\/100263\/\"},\"author\":{\"name\":\"Jo Yana\",\"@id\":\"https:\/\/www.joyana.fr\/ja\/#\/schema\/person\/cf2a1ad12a27c12c21801075bf37407c\"},\"headline\":\"Le salon Maison et Objet 2008\",\"datePublished\":\"2008-02-04T16:50:23+00:00\",\"mainEntityOfPage\":{\"@id\":\"https:\/\/joyana.fr\/le-salon-maison-et-objet-2008\/100263\/\"},\"wordCount\":189,\"commentCount\":12,\"publisher\":{\"@id\":\"https:\/\/www.joyana.fr\/ja\/#\/schema\/person\/cf2a1ad12a27c12c21801075bf37407c\"},\"image\":{\"@id\":\"https:\/\/joyana.fr\/le-salon-maison-et-objet-2008\/100263\/#primaryimage\"},\"thumbnailUrl\":\"https:\/\/i0.wp.com\/joyana.fr\/wp-content\/uploads\/2016\/08\/joyana-logo-black-360x180.png?fit=360%2C180&ssl=1\",\"keywords\":[\"Paris\",\"Salons design\"],\"articleSection\":[\"DECO-DESIGN\",\"MAISON &amp; OBJET\"],\"inLanguage\":\"ja\",\"potentialAction\":[{\"@type\":\"CommentAction\",\"name\":\"Comment\",\"target\":[\"https:\/\/joyana.fr\/le-salon-maison-et-objet-2008\/100263\/#respond\"]}]},{\"@type\":\"WebPage\",\"@id\":\"https:\/\/joyana.fr\/le-salon-maison-et-objet-2008\/100263\/\",\"url\":\"https:\/\/joyana.fr\/le-salon-maison-et-objet-2008\/100263\/\",\"name\":\"Le salon Maison et Objet 2008 - JO YANA\",\"isPartOf\":{\"@id\":\"https:\/\/www.joyana.fr\/ja\/#website\"},\"primaryImageOfPage\":{\"@id\":\"https:\/\/joyana.fr\/le-salon-maison-et-objet-2008\/100263\/#primaryimage\"},\"image\":{\"@id\":\"https:\/\/joyana.fr\/le-salon-maison-et-objet-2008\/100263\/#primaryimage\"},\"thumbnailUrl\":\"https:\/\/i0.wp.com\/joyana.fr\/wp-content\/uploads\/2016\/08\/joyana-logo-black-360x180.png?fit=360%2C180&ssl=1\",\"datePublished\":\"2008-02-04T16:50:23+00:00\",\"breadcrumb\":{\"@id\":\"https:\/\/joyana.fr\/le-salon-maison-et-objet-2008\/100263\/#breadcrumb\"},\"inLanguage\":\"ja\",\"potentialAction\":[{\"@type\":\"ReadAction\",\"target\":[\"https:\/\/joyana.fr\/le-salon-maison-et-objet-2008\/100263\/\"]}]},{\"@type\":\"ImageObject\",\"inLanguage\":\"ja\",\"@id\":\"https:\/\/joyana.fr\/le-salon-maison-et-objet-2008\/100263\/#primaryimage\",\"url\":\"https:\/\/i0.wp.com\/joyana.fr\/wp-content\/uploads\/2016\/08\/joyana-logo-black-360x180.png?fit=360%2C180&ssl=1\",\"contentUrl\":\"https:\/\/i0.wp.com\/joyana.fr\/wp-content\/uploads\/2016\/08\/joyana-logo-black-360x180.png?fit=360%2C180&ssl=1\",\"width\":360,\"height\":180,\"caption\":\"logo joyana.fr\"},{\"@type\":\"BreadcrumbList\",\"@id\":\"https:\/\/joyana.fr\/le-salon-maison-et-objet-2008\/100263\/#breadcrumb\",\"itemListElement\":[{\"@type\":\"ListItem\",\"position\":1,\"name\":\"Accueil\",\"item\":\"https:\/\/www.joyana.fr\/ja\/\"},{\"@type\":\"ListItem\",\"position\":2,\"name\":\"Le salon Maison et Objet 2008\"}]},{\"@type\":\"WebSite\",\"@id\":\"https:\/\/www.joyana.fr\/ja\/#website\",\"url\":\"https:\/\/www.joyana.fr\/ja\/\",\"name\":\"JO YANA\",\"description\":\"Blog Mode Homme, Lifestyle, D\u00e9co-Design\",\"publisher\":{\"@id\":\"https:\/\/www.joyana.fr\/ja\/#\/schema\/person\/cf2a1ad12a27c12c21801075bf37407c\"},\"potentialAction\":[{\"@type\":\"SearchAction\",\"target\":{\"@type\":\"EntryPoint\",\"urlTemplate\":\"https:\/\/www.joyana.fr\/ja\/?s={search_term_string}\"},\"query-input\":{\"@type\":\"PropertyValueSpecification\",\"valueRequired\":true,\"valueName\":\"search_term_string\"}}],\"inLanguage\":\"ja\"},{\"@type\":[\"Person\",\"Organization\"],\"@id\":\"https:\/\/www.joyana.fr\/ja\/#\/schema\/person\/cf2a1ad12a27c12c21801075bf37407c\",\"name\":\"Jo Yana\",\"image\":{\"@type\":\"ImageObject\",\"inLanguage\":\"ja\",\"@id\":\"https:\/\/www.joyana.fr\/ja\/#\/schema\/person\/image\/\",\"url\":\"https:\/\/i0.wp.com\/joyana.fr\/wp-content\/uploads\/2016\/08\/cropped-joyana-logo-black-360x180.png?fit=343%2C164&ssl=1\",\"contentUrl\":\"https:\/\/i0.wp.com\/joyana.fr\/wp-content\/uploads\/2016\/08\/cropped-joyana-logo-black-360x180.png?fit=343%2C164&ssl=1\",\"width\":343,\"height\":164,\"caption\":\"Jo Yana\"},\"logo\":{\"@id\":\"https:\/\/www.joyana.fr\/ja\/#\/schema\/person\/image\/\"},\"description\":\"Jo Yana est le cr\u00e9ateur et r\u00e9dacteur en chef des sites DECO-DESIGN. Passionn\u00e9 de Design, Mode, Photo, Luxe, Lifestyle, Musique, mais avant tout Blogueur ! Le plaisir de partager l'anime et a comme devise \\\"POUR L'AMOUR DU BEAU\\\". Retrouvez le aussi sur son blog personnel - https:\/\/joyana.fr...\",\"sameAs\":[\"https:\/\/joyana.fr\/\"],\"url\":\"https:\/\/joyana.fr\/ja\/author\/joyana\/\"}]}<\/script>\n<!-- \/ Yoast SEO plugin. -->","yoast_head_json":{"title":"Le salon Maison et Objet 2008 - JO YANA","robots":{"index":"index","follow":"follow","max-snippet":"max-snippet:-1","max-image-preview":"max-image-preview:large","max-video-preview":"max-video-preview:-1"},"canonical":"https:\/\/joyana.fr\/ja\/le-salon-maison-et-objet-2008\/100263\/","og_locale":"ja_JP","og_type":"article","og_title":"Le salon Maison et Objet 2008 - JO YANA","og_description":"Alors que le salon Maison et Objet 2008 a ferm\u00e9 ses portes il y a peu, le blog D\u00e9co-Design vous propose un pet [&hellip;]","og_url":"https:\/\/joyana.fr\/ja\/le-salon-maison-et-objet-2008\/100263\/","og_site_name":"JO YANA","article_published_time":"2008-02-04T16:50:23+00:00","og_image":[{"width":360,"height":180,"url":"https:\/\/joyana.fr\/wp-content\/uploads\/2016\/08\/joyana-logo-black-360x180.png","type":"image\/png"}],"author":"Jo Yana","twitter_card":"summary_large_image","twitter_creator":"@Jo_Yana","twitter_site":"@Jo_Yana","twitter_misc":{"\u57f7\u7b46\u8005":"Jo Yana","\u63a8\u5b9a\u8aad\u307f\u53d6\u308a\u6642\u9593":"1\u5206"},"schema":{"@context":"https:\/\/schema.org","@graph":[{"@type":"Article","@id":"https:\/\/joyana.fr\/le-salon-maison-et-objet-2008\/100263\/#article","isPartOf":{"@id":"https:\/\/joyana.fr\/le-salon-maison-et-objet-2008\/100263\/"},"author":{"name":"Jo Yana","@id":"https:\/\/www.joyana.fr\/ja\/#\/schema\/person\/cf2a1ad12a27c12c21801075bf37407c"},"headline":"Le salon Maison et Objet 2008","datePublished":"2008-02-04T16:50:23+00:00","mainEntityOfPage":{"@id":"https:\/\/joyana.fr\/le-salon-maison-et-objet-2008\/100263\/"},"wordCount":189,"commentCount":12,"publisher":{"@id":"https:\/\/www.joyana.fr\/ja\/#\/schema\/person\/cf2a1ad12a27c12c21801075bf37407c"},"image":{"@id":"https:\/\/joyana.fr\/le-salon-maison-et-objet-2008\/100263\/#primaryimage"},"thumbnailUrl":"https:\/\/i0.wp.com\/joyana.fr\/wp-content\/uploads\/2016\/08\/joyana-logo-black-360x180.png?fit=360%2C180&ssl=1","keywords":["Paris","Salons design"],"articleSection":["DECO-DESIGN","MAISON &amp; OBJET"],"inLanguage":"ja","potentialAction":[{"@type":"CommentAction","name":"Comment","target":["https:\/\/joyana.fr\/le-salon-maison-et-objet-2008\/100263\/#respond"]}]},{"@type":"WebPage","@id":"https:\/\/joyana.fr\/le-salon-maison-et-objet-2008\/100263\/","url":"https:\/\/joyana.fr\/le-salon-maison-et-objet-2008\/100263\/","name":"Le salon Maison et Objet 2008 - JO YANA","isPartOf":{"@id":"https:\/\/www.joyana.fr\/ja\/#website"},"primaryImageOfPage":{"@id":"https:\/\/joyana.fr\/le-salon-maison-et-objet-2008\/100263\/#primaryimage"},"image":{"@id":"https:\/\/joyana.fr\/le-salon-maison-et-objet-2008\/100263\/#primaryimage"},"thumbnailUrl":"https:\/\/i0.wp.com\/joyana.fr\/wp-content\/uploads\/2016\/08\/joyana-logo-black-360x180.png?fit=360%2C180&ssl=1","datePublished":"2008-02-04T16:50:23+00:00","breadcrumb":{"@id":"https:\/\/joyana.fr\/le-salon-maison-et-objet-2008\/100263\/#breadcrumb"},"inLanguage":"ja","potentialAction":[{"@type":"ReadAction","target":["https:\/\/joyana.fr\/le-salon-maison-et-objet-2008\/100263\/"]}]},{"@type":"ImageObject","inLanguage":"ja","@id":"https:\/\/joyana.fr\/le-salon-maison-et-objet-2008\/100263\/#primaryimage","url":"https:\/\/i0.wp.com\/joyana.fr\/wp-content\/uploads\/2016\/08\/joyana-logo-black-360x180.png?fit=360%2C180&ssl=1","contentUrl":"https:\/\/i0.wp.com\/joyana.fr\/wp-content\/uploads\/2016\/08\/joyana-logo-black-360x180.png?fit=360%2C180&ssl=1","width":360,"height":180,"caption":"logo joyana.fr"},{"@type":"BreadcrumbList","@id":"https:\/\/joyana.fr\/le-salon-maison-et-objet-2008\/100263\/#breadcrumb","itemListElement":[{"@type":"ListItem","position":1,"name":"Accueil","item":"https:\/\/www.joyana.fr\/ja\/"},{"@type":"ListItem","position":2,"name":"Le salon Maison et Objet 2008"}]},{"@type":"WebSite","@id":"https:\/\/www.joyana.fr\/ja\/#website","url":"https:\/\/www.joyana.fr\/ja\/","name":"JO YANA","description":"Blog Mode Homme, Lifestyle, D\u00e9co-Design","publisher":{"@id":"https:\/\/www.joyana.fr\/ja\/#\/schema\/person\/cf2a1ad12a27c12c21801075bf37407c"},"potentialAction":[{"@type":"SearchAction","target":{"@type":"EntryPoint","urlTemplate":"https:\/\/www.joyana.fr\/ja\/?s={search_term_string}"},"query-input":{"@type":"PropertyValueSpecification","valueRequired":true,"valueName":"search_term_string"}}],"inLanguage":"ja"},{"@type":["Person","Organization"],"@id":"https:\/\/www.joyana.fr\/ja\/#\/schema\/person\/cf2a1ad12a27c12c21801075bf37407c","name":"Jo Yana","image":{"@type":"ImageObject","inLanguage":"ja","@id":"https:\/\/www.joyana.fr\/ja\/#\/schema\/person\/image\/","url":"https:\/\/i0.wp.com\/joyana.fr\/wp-content\/uploads\/2016\/08\/cropped-joyana-logo-black-360x180.png?fit=343%2C164&ssl=1","contentUrl":"https:\/\/i0.wp.com\/joyana.fr\/wp-content\/uploads\/2016\/08\/cropped-joyana-logo-black-360x180.png?fit=343%2C164&ssl=1","width":343,"height":164,"caption":"Jo Yana"},"logo":{"@id":"https:\/\/www.joyana.fr\/ja\/#\/schema\/person\/image\/"},"description":"Jo Yana est le cr\u00e9ateur et r\u00e9dacteur en chef des sites DECO-DESIGN. Passionn\u00e9 de Design, Mode, Photo, Luxe, Lifestyle, Musique, mais avant tout Blogueur ! Le plaisir de partager l'anime et a comme devise \"POUR L'AMOUR DU BEAU\". Retrouvez le aussi sur son blog personnel - https:\/\/joyana.fr...","sameAs":["https:\/\/joyana.fr\/"],"url":"https:\/\/joyana.fr\/ja\/author\/joyana\/"}]}},"author_meta":{"display_name":"Jo Yana","author_link":"https:\/\/joyana.fr\/ja\/author\/joyana\/"},"featured_img":"https:\/\/i0.wp.com\/joyana.fr\/wp-content\/uploads\/2016\/08\/joyana-logo-black-360x180.png?fit=360%2C180&ssl=1","featured_image_src":"https:\/\/i0.wp.com\/joyana.fr\/wp-content\/uploads\/2016\/08\/joyana-logo-black-360x180.png?resize=360%2C180&ssl=1","featured_image_src_square":"https:\/\/i0.wp.com\/joyana.fr\/wp-content\/uploads\/2016\/08\/joyana-logo-black-360x180.png?resize=360%2C180&ssl=1","jetpack_featured_media_url":"https:\/\/i0.wp.com\/joyana.fr\/wp-content\/uploads\/2016\/08\/joyana-logo-black-360x180.png?fit=360%2C180&ssl=1","uagb_featured_image_src":{"full":["https:\/\/i0.wp.com\/joyana.fr\/wp-content\/uploads\/2016\/08\/joyana-logo-black-360x180.png?fit=360%2C180&ssl=1",360,180,false],"thumbnail":["https:\/\/i0.wp.com\/joyana.fr\/wp-content\/uploads\/2016\/08\/joyana-logo-black-360x180.png?resize=150%2C150&ssl=1",150,150,true],"medium":["https:\/\/i0.wp.com\/joyana.fr\/wp-content\/uploads\/2016\/08\/joyana-logo-black-360x180.png?fit=360%2C180&ssl=1",360,180,true],"medium_large":["https:\/\/i0.wp.com\/joyana.fr\/wp-content\/uploads\/2016\/08\/joyana-logo-black-360x180.png?fit=360%2C180&ssl=1",360,180,true],"large":["https:\/\/i0.wp.com\/joyana.fr\/wp-content\/uploads\/2016\/08\/joyana-logo-black-360x180.png?fit=360%2C180&ssl=1",360,180,true],"1536x1536":["https:\/\/i0.wp.com\/joyana.fr\/wp-content\/uploads\/2016\/08\/joyana-logo-black-360x180.png?fit=360%2C180&ssl=1",360,180,true],"2048x2048":["https:\/\/i0.wp.com\/joyana.fr\/wp-content\/uploads\/2016\/08\/joyana-logo-black-360x180.png?fit=360%2C180&ssl=1",360,180,true],"featured-thumb":["https:\/\/i0.wp.com\/joyana.fr\/wp-content\/uploads\/2016\/08\/joyana-logo-black-360x180.png?resize=360%2C180&ssl=1",360,180,true],"ab-block-post-grid-landscape":["https:\/\/i0.wp.com\/joyana.fr\/wp-content\/uploads\/2016\/08\/joyana-logo-black-360x180.png?resize=360%2C180&ssl=1",360,180,true],"ab-block-post-grid-square":["https:\/\/i0.wp.com\/joyana.fr\/wp-content\/uploads\/2016\/08\/joyana-logo-black-360x180.png?resize=360%2C180&ssl=1",360,180,true],"author-pro-image":["https:\/\/i0.wp.com\/joyana.fr\/wp-content\/uploads\/2016\/08\/joyana-logo-black-360x180.png?resize=360%2C180&ssl=1",360,180,true],"slider":["https:\/\/i0.wp.com\/joyana.fr\/wp-content\/uploads\/2016\/08\/joyana-logo-black-360x180.png?resize=360%2C180&ssl=1",360,180,true],"woocommerce_thumbnail":["https:\/\/i0.wp.com\/joyana.fr\/wp-content\/uploads\/2016\/08\/joyana-logo-black-360x180.png?resize=300%2C180&ssl=1",300,180,true],"woocommerce_single":["https:\/\/i0.wp.com\/joyana.fr\/wp-content\/uploads\/2016\/08\/joyana-logo-black-360x180.png?fit=360%2C180&ssl=1",360,180,true],"woocommerce_gallery_thumbnail":["https:\/\/i0.wp.com\/joyana.fr\/wp-content\/uploads\/2016\/08\/joyana-logo-black-360x180.png?resize=180%2C180&ssl=1",180,180,true],"sow-carousel-default":["https:\/\/i0.wp.com\/joyana.fr\/wp-content\/uploads\/2016\/08\/joyana-logo-black-360x180.png?resize=272%2C180&ssl=1",272,180,true]},"uagb_author_info":{"display_name":"Jo Yana","author_link":"https:\/\/joyana.fr\/ja\/author\/joyana\/"},"uagb_comment_info":12,"uagb_excerpt":"Alors que le salon Maison et Objet 2008 a ferm\u00e9 ses por&hellip;","coauthors":[],"tax_additional":{"categories":{"linked":["<a href=\"https:\/\/joyana.fr\/ja\/category\/deco-design\/\" class=\"advgb-post-tax-term\">DECO-DESIGN<\/a>","<a href=\"https:\/\/joyana.fr\/ja\/category\/deco-design\/actualite\/salon\/maison-et-objet\/\" class=\"advgb-post-tax-term\">MAISON &amp; OBJET<\/a>"],"unlinked":["<span class=\"advgb-post-tax-term\">DECO-DESIGN<\/span>","<span class=\"advgb-post-tax-term\">MAISON &amp; OBJET<\/span>"]},"tags":{"linked":["<a href=\"https:\/\/joyana.fr\/ja\/category\/deco-design\/actualite\/salon\/maison-et-objet\/\" class=\"advgb-post-tax-term\">Paris<\/a>","<a href=\"https:\/\/joyana.fr\/ja\/category\/deco-design\/actualite\/salon\/maison-et-objet\/\" class=\"advgb-post-tax-term\">Salons design<\/a>"],"unlinked":["<span class=\"advgb-post-tax-term\">Paris<\/span>","<span class=\"advgb-post-tax-term\">Salons design<\/span>"]}},"comment_count":12,"relative_dates":{"created":"Posted 18\u5e74 ago","modified":"Updated 18\u5e74 ago"},"absolute_dates":{"created":"Posted on 4 2\u6708 2008","modified":"Updated on 4 2\u6708 2008"},"absolute_dates_time":{"created":"Posted on 4 2\u6708 2008 17:50","modified":"Updated on 4 2\u6708 2008 17:50"},"featured_img_caption":"","series_order":"","jetpack_sharing_enabled":true,"jetpack_shortlink":"https:\/\/wp.me\/p9bteI-q59","jetpack-related-posts":[],"_links":{"self":[{"href":"https:\/\/joyana.fr\/ja\/wp-json\/wp\/v2\/posts\/100263","targetHints":{"allow":["GET"]}}],"collection":[{"href":"https:\/\/joyana.fr\/ja\/wp-json\/wp\/v2\/posts"}],"about":[{"href":"https:\/\/joyana.fr\/ja\/wp-json\/wp\/v2\/types\/post"}],"author":[{"embeddable":true,"href":"https:\/\/joyana.fr\/ja\/wp-json\/wp\/v2\/users\/3"}],"replies":[{"embeddable":true,"href":"https:\/\/joyana.fr\/ja\/wp-json\/wp\/v2\/comments?post=100263"}],"version-history":[{"count":0,"href":"https:\/\/joyana.fr\/ja\/wp-json\/wp\/v2\/posts\/100263\/revisions"}],"wp:featuredmedia":[{"embeddable":true,"href":"https:\/\/joyana.fr\/ja\/wp-json\/wp\/v2\/media\/124300"}],"wp:attachment":[{"href":"https:\/\/joyana.fr\/ja\/wp-json\/wp\/v2\/media?parent=100263"}],"wp:term":[{"taxonomy":"category","embeddable":true,"href":"https:\/\/joyana.fr\/ja\/wp-json\/wp\/v2\/categories?post=100263"},{"taxonomy":"post_tag","embeddable":true,"href":"https:\/\/joyana.fr\/ja\/wp-json\/wp\/v2\/tags?post=100263"}],"curies":[{"name":"wp","href":"https:\/\/api.w.org\/{rel}","templated":true}]}}