{"id":100394,"date":"2008-02-06T20:04:55","date_gmt":"2008-02-06T19:04:55","guid":{"rendered":"https:\/\/joyana.fr\/votre-programme-tv-deco-m6-deco-question-maison-interieurs-et-infos-relooking\/"},"modified":"2008-02-06T20:04:55","modified_gmt":"2008-02-06T19:04:55","slug":"votre-programme-tv-deco","status":"publish","type":"post","link":"https:\/\/joyana.fr\/ja\/votre-programme-tv-deco\/100394\/","title":{"rendered":"Votre programme TV d\u00e9co : M6 Deco , Question Maison , Int\u00e9rieurs"},"content":{"rendered":"<p>Cette semaine les <strong>\u00e9missions TV d\u00e9co<\/strong> s\u2019annoncent tr\u00e8s int\u00e9ressantes, venez d\u00e9couvrir dans &#8220;la suite&#8221; la grille des programmes et les conditions de participation au <strong>relooking<\/strong> des \u00e9missions <strong>D&#038;CO<\/strong>, <strong>Int\u00e9rieurs<\/strong>, et <strong>Question Maison<\/strong>.<\/p>\n<p><img data-recalc-dims=\"1\" fetchpriority=\"high\" decoding=\"async\" src=\"https:\/\/i0.wp.com\/joyana.fr\/wp-content\/uploads\/logo-m6deco.jpg?resize=500%2C145&#038;ssl=1\" alt=\"M6 D&#038;CO Int\u00e9rieur et question maison sur notre blog D\u00e9co-Design\" align=\"top\" border=\"0\" height=\"145\" hspace=\"8\" width=\"500\" \/><\/p>\n<p>Pour rappel, les co\u00fbts d\u2019un <strong>relooking<\/strong> pour le client varient selon les \u00e9missions. Pour <strong>D&#038;CO<\/strong> c\u2019est enti\u00e8rement gratuit, il suffit d&#8217;appeler le 3606, c\u2019est <strong>M6 D&#038;CO<\/strong> qui paye la main d\u2019oeuvre et les partaires les meubles; pour <strong>Int\u00e9rieurs<\/strong> c\u2019est le client qui paye absolument tout (meubles et la prestation de l\u2019architecte d\u2019int\u00e9rieurs), <strong>Int\u00e9rieurs <\/strong>est juste la en tant que spectateur, le client \u00e0 juste le plaisir de voir son int\u00e9rieur \u00e0 la t\u00e9l\u00e9. <strong>Question Maison<\/strong> eux font cadeau l\u2019ensemble des travaux mais ne fournissent aucun meuble.<\/p>\n<p>Cette semaine nous attirons votre attention sur le <strong>relooking<\/strong> de <strong>Tony Lem\u00e2le<\/strong> lors de l\u2019\u00e9mission <a href=\"http:\/\/deco-design.fr-bb.com\/emission-interieurs-paris-premiere-f26\/emission-interieurs-du-09-02-08-t5325.htm\" target=\"_blank\">Int\u00e9rieurs du 9 Fevrier \u00e0 11h50<\/a> :<\/p>\n<p><img data-recalc-dims=\"1\" decoding=\"async\" src=\"https:\/\/i0.wp.com\/joyana.fr\/wp-content\/uploads\/interieurs-logo.jpg?resize=192%2C164&#038;ssl=1\" alt=\"interieurs emission avec tony lemale\" align=\"top\" border=\"0\" height=\"164\" hspace=\"8\" width=\"192\" \/><\/p>\n<p class=\"EC_MsoNormal\"><font face=\"Verdana\" size=\"2\"><span style=\"font-size: 10pt; font-family: Verdana\"><em>Tony Lem\u00e2le : Que voulez vous garder ?<\/em><\/span><\/font><\/p>\n<p class=\"EC_MsoNormal\"><font face=\"Verdana\" size=\"2\"><span style=\"font-size: 10pt; font-family: Verdana\"><em>Sophie : A part mes enfants, mon mari et mon chien, rien !<\/em><\/span><\/font><\/p>\n<p class=\"EC_MsoNormal\"><font face=\"Verdana\" size=\"2\"><span style=\"font-size: 10pt; font-family: Verdana\"><em>A partir de ce constat Tony a imagin\u00e9 , tout en respectant les contraintes de sa cliente (recevoir beaucoup de monde, garder l\u2019esprit petite maison anglaise) un s\u00e9jour et une cuisine ouverte sur la salle manger dans un esprit chic et contemporain. Un cama\u00efeu classique de beige, marron et blanchi vient s\u2019entrechoquer avec un mur en b\u00e9ton, des luminaires et table en verre.<\/em><\/span><\/font><\/p>\n<p class=\"EC_MsoNormal\">&nbsp;<\/p>\n<p class=\"EC_MsoNormal\"><font face=\"Verdana\" size=\"2\"><span style=\"font-size: 10pt; font-family: Verdana\"><\/span><\/font><\/p>\n<p><span class=\"postbody\"><span class=\"postbody\"><\/span><\/span><\/p>\n<p><span class=\"postbody\"><span class=\"postbody\"><strong>MERCREDI 6 Fevrier 2008<\/strong><\/span><\/span><\/p>\n<p><a href=\"http:\/\/deco-design.fr-bb.com\/emission-question-maison-france-5-f7\/question-maison-emission-du-09-02-08-t5368.htm\" target=\"_blank\">20h40 Question Maison (France 5)<\/a><br \/>\n22h25 Les ma\u00e7ons du coeur (TMC)<br \/>\n23h10 Les ma\u00e7ons du coeur (TMC)<br \/>\n23h55 Les ma\u00e7ons du coeur (TMC)<\/p>\n<p><strong>SAMEDI 9 Fevrier 2008<\/strong><\/p>\n<p><a href=\"http:\/\/deco-design.fr-bb.com\/emission-question-maison-france-5-f7\/question-maison-emission-du-09-02-08-t5368.htm\" target=\"_blank\">11h00 Question Maison (France 5)<br \/>\n<\/a><a href=\"http:\/\/deco-design.fr-bb.com\/emission-interieurs-paris-premiere-f26\/emission-interieurs-du-09-02-08-t5325.htm\" target=\"_blank\">11h50 Int\u00e9rieurs (Paris Premi\u00e8re)<\/a><br \/>\n15h20 C\u00f4t\u00e9 Maison (France 3)<br \/>\n<a href=\"http:\/\/deco-design.fr-bb.com\/emission-interieurs-paris-premiere-f26\/emission-interieurs-du-09-02-08-t5325.htm\" target=\"_blank\">17h10 Int\u00e9rieurs (Paris Premi\u00e8re)<br \/>\n<\/a><\/p>\n<p><strong>DIMANCHE 10 Fevrier 2008<\/strong><\/p>\n<p>0h55 Les ma\u00e7ons du coeur (TMC)<br \/>\n8h25 T\u00e9va D\u00e9co (T\u00e9va)<br \/>\n11h00 T\u00e9va D\u00e9co (T\u00e9va)<br \/>\n<a href=\"http:\/\/deco-design.fr-bb.com\/emission-interieurs-paris-premiere-f26\/emission-interieurs-du-09-02-08-t5325.htm\" target=\"_blank\">17h10 Int\u00e9rieurs (Paris Premi\u00e8re)<br \/>\n<\/a><a href=\"http:\/\/deco-design.fr-bb.com\/emission-dco-m6-f21\/emission-dco-du-10-02-08-t5376.htm\" target=\"_blank\">18h55 D&#038;CO (M6)<br \/>\n<\/a>19h40 Les ma\u00e7ons du coeur (TMC)<\/p>\n<p><strong>Int\u00e9rieurs et Question Maison sont \u00e9galement visibles sur les sites :<\/strong><\/p>\n<p><a href=\"http:\/\/www.interieurs.fr\/\" target=\"_blank\"><strong>http:\/\/www.interieurs.fr\/<\/strong><\/a><br \/>\n<a href=\"http:\/\/www.france5.fr\/questionmaison\/\" target=\"_blank\"><strong>http:\/\/www.france5.fr\/questionmaison\/<\/strong><\/a><\/p>\n<p><span class=\"postbody\"><span class=\"postbody\"><a href=\"http:\/\/jo_yana@hotmail.com\" target=\"_blank\"><span class=\"postbody\"><span class=\"postbody\">Jo Yana<\/span><\/span><\/a><\/span><\/span><\/p>\n","protected":false},"excerpt":{"rendered":"<p>Cette semaine les \u00e9missions TV d\u00e9co s\u2019annoncent tr\u00e8s int\u00e9ressantes, venez d\u00e9couvrir dans &#8220;la suite&#038;#8221 [&hellip;]<\/p>\n","protected":false},"author":3,"featured_media":124300,"comment_status":"open","ping_status":"open","sticky":false,"template":"","format":"standard","meta":{"_coblocks_attr":"","_coblocks_dimensions":"","_coblocks_responsive_height":"","_coblocks_accordion_ie_support":"","_uag_custom_page_level_css":"","advgb_blocks_editor_width":"","advgb_blocks_columns_visual_guide":"","_genesis_hide_title":false,"_genesis_hide_breadcrumbs":false,"_genesis_hide_singular_image":false,"_genesis_hide_footer_widgets":false,"_genesis_custom_body_class":"","_genesis_custom_post_class":"","_genesis_layout":"","_themeisle_gutenberg_block_has_review":false,"_jetpack_newsletter_access":"","_jetpack_dont_email_post_to_subs":false,"_jetpack_newsletter_tier_id":0,"_jetpack_memberships_contains_paywalled_content":false,"_jetpack_memberships_contains_paid_content":false,"footnotes":""},"categories":[905,915],"tags":[1048],"class_list":{"0":"post-100394","1":"post","2":"type-post","3":"status-publish","4":"format-standard","5":"has-post-thumbnail","7":"category-deco-design","8":"category-emission-tv","9":"tag-relooking","10":"entry"},"featured_image_urls":{"full":["https:\/\/i0.wp.com\/joyana.fr\/wp-content\/uploads\/2016\/08\/joyana-logo-black-360x180.png?fit=360%2C180&ssl=1",360,180,false],"thumbnail":["https:\/\/i0.wp.com\/joyana.fr\/wp-content\/uploads\/2016\/08\/joyana-logo-black-360x180.png?resize=150%2C150&ssl=1",150,150,true],"medium":["https:\/\/i0.wp.com\/joyana.fr\/wp-content\/uploads\/2016\/08\/joyana-logo-black-360x180.png?fit=360%2C180&ssl=1",360,180,true],"medium_large":["https:\/\/i0.wp.com\/joyana.fr\/wp-content\/uploads\/2016\/08\/joyana-logo-black-360x180.png?fit=360%2C180&ssl=1",360,180,true],"large":["https:\/\/i0.wp.com\/joyana.fr\/wp-content\/uploads\/2016\/08\/joyana-logo-black-360x180.png?fit=360%2C180&ssl=1",360,180,true],"1536x1536":["https:\/\/i0.wp.com\/joyana.fr\/wp-content\/uploads\/2016\/08\/joyana-logo-black-360x180.png?fit=360%2C180&ssl=1",360,180,true],"2048x2048":["https:\/\/i0.wp.com\/joyana.fr\/wp-content\/uploads\/2016\/08\/joyana-logo-black-360x180.png?fit=360%2C180&ssl=1",360,180,true],"featured-thumb":["https:\/\/i0.wp.com\/joyana.fr\/wp-content\/uploads\/2016\/08\/joyana-logo-black-360x180.png?resize=360%2C180&ssl=1",360,180,true],"ab-block-post-grid-landscape":["https:\/\/i0.wp.com\/joyana.fr\/wp-content\/uploads\/2016\/08\/joyana-logo-black-360x180.png?resize=360%2C180&ssl=1",360,180,true],"ab-block-post-grid-square":["https:\/\/i0.wp.com\/joyana.fr\/wp-content\/uploads\/2016\/08\/joyana-logo-black-360x180.png?resize=360%2C180&ssl=1",360,180,true],"author-pro-image":["https:\/\/i0.wp.com\/joyana.fr\/wp-content\/uploads\/2016\/08\/joyana-logo-black-360x180.png?resize=360%2C180&ssl=1",360,180,true],"slider":["https:\/\/i0.wp.com\/joyana.fr\/wp-content\/uploads\/2016\/08\/joyana-logo-black-360x180.png?resize=360%2C180&ssl=1",360,180,true],"woocommerce_thumbnail":["https:\/\/i0.wp.com\/joyana.fr\/wp-content\/uploads\/2016\/08\/joyana-logo-black-360x180.png?resize=300%2C180&ssl=1",300,180,true],"woocommerce_single":["https:\/\/i0.wp.com\/joyana.fr\/wp-content\/uploads\/2016\/08\/joyana-logo-black-360x180.png?fit=360%2C180&ssl=1",360,180,true],"woocommerce_gallery_thumbnail":["https:\/\/i0.wp.com\/joyana.fr\/wp-content\/uploads\/2016\/08\/joyana-logo-black-360x180.png?resize=180%2C180&ssl=1",180,180,true],"sow-carousel-default":["https:\/\/i0.wp.com\/joyana.fr\/wp-content\/uploads\/2016\/08\/joyana-logo-black-360x180.png?resize=272%2C180&ssl=1",272,180,true]},"post_excerpt_stackable":"<p>Cette semaine les \u00e9missions TV d\u00e9co s\u2019annoncent tr\u00e8s int\u00e9ressantes, venez d\u00e9couvrir dans &#8220;la s&hellip;<\/p>\n","category_list":"<a href=\"https:\/\/joyana.fr\/ja\/category\/deco-design\/\" rel=\"category tag\">DECO-DESIGN<\/a>, <a href=\"https:\/\/joyana.fr\/ja\/category\/deco-design\/actualite\/emission-tv\/\" rel=\"category tag\">Emission TV<\/a>","author_info":{"display_name":"Jo Yana","author_link":"https:\/\/joyana.fr\/ja\/author\/joyana\/"},"comments_num":"170 comments","featured_image_urls_v2":{"full":["https:\/\/i0.wp.com\/joyana.fr\/wp-content\/uploads\/2016\/08\/joyana-logo-black-360x180.png?fit=360%2C180&ssl=1",360,180,false],"thumbnail":["https:\/\/i0.wp.com\/joyana.fr\/wp-content\/uploads\/2016\/08\/joyana-logo-black-360x180.png?resize=150%2C150&ssl=1",150,150,true],"medium":["https:\/\/i0.wp.com\/joyana.fr\/wp-content\/uploads\/2016\/08\/joyana-logo-black-360x180.png?fit=360%2C180&ssl=1",360,180,true],"medium_large":["https:\/\/i0.wp.com\/joyana.fr\/wp-content\/uploads\/2016\/08\/joyana-logo-black-360x180.png?fit=360%2C180&ssl=1",360,180,true],"large":["https:\/\/i0.wp.com\/joyana.fr\/wp-content\/uploads\/2016\/08\/joyana-logo-black-360x180.png?fit=360%2C180&ssl=1",360,180,true],"1536x1536":["https:\/\/i0.wp.com\/joyana.fr\/wp-content\/uploads\/2016\/08\/joyana-logo-black-360x180.png?fit=360%2C180&ssl=1",360,180,true],"2048x2048":["https:\/\/i0.wp.com\/joyana.fr\/wp-content\/uploads\/2016\/08\/joyana-logo-black-360x180.png?fit=360%2C180&ssl=1",360,180,true],"featured-thumb":["https:\/\/i0.wp.com\/joyana.fr\/wp-content\/uploads\/2016\/08\/joyana-logo-black-360x180.png?resize=360%2C180&ssl=1",360,180,true],"ab-block-post-grid-landscape":["https:\/\/i0.wp.com\/joyana.fr\/wp-content\/uploads\/2016\/08\/joyana-logo-black-360x180.png?resize=360%2C180&ssl=1",360,180,true],"ab-block-post-grid-square":["https:\/\/i0.wp.com\/joyana.fr\/wp-content\/uploads\/2016\/08\/joyana-logo-black-360x180.png?resize=360%2C180&ssl=1",360,180,true],"author-pro-image":["https:\/\/i0.wp.com\/joyana.fr\/wp-content\/uploads\/2016\/08\/joyana-logo-black-360x180.png?resize=360%2C180&ssl=1",360,180,true],"slider":["https:\/\/i0.wp.com\/joyana.fr\/wp-content\/uploads\/2016\/08\/joyana-logo-black-360x180.png?resize=360%2C180&ssl=1",360,180,true],"woocommerce_thumbnail":["https:\/\/i0.wp.com\/joyana.fr\/wp-content\/uploads\/2016\/08\/joyana-logo-black-360x180.png?resize=300%2C180&ssl=1",300,180,true],"woocommerce_single":["https:\/\/i0.wp.com\/joyana.fr\/wp-content\/uploads\/2016\/08\/joyana-logo-black-360x180.png?fit=360%2C180&ssl=1",360,180,true],"woocommerce_gallery_thumbnail":["https:\/\/i0.wp.com\/joyana.fr\/wp-content\/uploads\/2016\/08\/joyana-logo-black-360x180.png?resize=180%2C180&ssl=1",180,180,true],"sow-carousel-default":["https:\/\/i0.wp.com\/joyana.fr\/wp-content\/uploads\/2016\/08\/joyana-logo-black-360x180.png?resize=272%2C180&ssl=1",272,180,true]},"post_excerpt_stackable_v2":"<p>Cette semaine les \u00e9missions TV d\u00e9co s\u2019annoncent tr\u00e8s int\u00e9ressantes, venez d\u00e9couvrir dans &#8220;la s&hellip;<\/p>\n","category_list_v2":"<a href=\"https:\/\/joyana.fr\/ja\/category\/deco-design\/\" rel=\"category tag\">DECO-DESIGN<\/a>, <a href=\"https:\/\/joyana.fr\/ja\/category\/deco-design\/actualite\/emission-tv\/\" rel=\"category tag\">Emission TV<\/a>","author_info_v2":{"name":"Jo Yana","url":"https:\/\/joyana.fr\/ja\/author\/joyana\/"},"comments_num_v2":"170 comments","yoast_head":"<!-- This site is optimized with the Yoast SEO plugin v26.8 - https:\/\/yoast.com\/product\/yoast-seo-wordpress\/ -->\n<title>Votre programme TV d\u00e9co : M6 Deco , Question Maison , Int\u00e9rieurs - JO YANA<\/title>\n<meta name=\"robots\" content=\"index, follow, max-snippet:-1, max-image-preview:large, max-video-preview:-1\" \/>\n<link rel=\"canonical\" href=\"https:\/\/joyana.fr\/ja\/votre-programme-tv-deco\/100394\/\" \/>\n<meta property=\"og:locale\" content=\"ja_JP\" \/>\n<meta property=\"og:locale:alternate\" content=\"fr_FR\" \/>\n<meta property=\"og:locale:alternate\" content=\"en_US\" \/>\n<meta property=\"og:type\" content=\"article\" \/>\n<meta property=\"og:title\" content=\"Votre programme TV d\u00e9co : M6 Deco , Question Maison , Int\u00e9rieurs - JO YANA\" \/>\n<meta property=\"og:description\" content=\"Cette semaine les \u00e9missions TV d\u00e9co s\u2019annoncent tr\u00e8s int\u00e9ressantes, venez d\u00e9couvrir dans &#8220;la suite&amp;#8221 [&hellip;]\" \/>\n<meta property=\"og:url\" content=\"https:\/\/joyana.fr\/ja\/votre-programme-tv-deco\/100394\/\" \/>\n<meta property=\"og:site_name\" content=\"JO YANA\" \/>\n<meta property=\"article:published_time\" content=\"2008-02-06T19:04:55+00:00\" \/>\n<meta property=\"og:image\" content=\"https:\/\/i0.wp.com\/joyana.fr\/wp-content\/uploads\/2016\/08\/joyana-logo-black-360x180.png?fit=360%2C180&ssl=1\" \/>\n\t<meta property=\"og:image:width\" content=\"360\" \/>\n\t<meta property=\"og:image:height\" content=\"180\" \/>\n\t<meta property=\"og:image:type\" content=\"image\/png\" \/>\n<meta name=\"author\" content=\"Jo Yana\" \/>\n<meta name=\"twitter:card\" content=\"summary_large_image\" \/>\n<meta name=\"twitter:creator\" content=\"@Jo_Yana\" \/>\n<meta name=\"twitter:site\" content=\"@Jo_Yana\" \/>\n<meta name=\"twitter:label1\" content=\"\u57f7\u7b46\u8005\" \/>\n\t<meta name=\"twitter:data1\" content=\"Jo Yana\" \/>\n\t<meta name=\"twitter:label2\" content=\"\u63a8\u5b9a\u8aad\u307f\u53d6\u308a\u6642\u9593\" \/>\n\t<meta name=\"twitter:data2\" content=\"2\u5206\" \/>\n<script type=\"application\/ld+json\" class=\"yoast-schema-graph\">{\"@context\":\"https:\/\/schema.org\",\"@graph\":[{\"@type\":\"Article\",\"@id\":\"https:\/\/joyana.fr\/ja\/votre-programme-tv-deco\/100394\/#article\",\"isPartOf\":{\"@id\":\"https:\/\/joyana.fr\/ja\/votre-programme-tv-deco\/100394\/\"},\"author\":{\"name\":\"Jo Yana\",\"@id\":\"https:\/\/joyana.fr\/#\/schema\/person\/cf2a1ad12a27c12c21801075bf37407c\"},\"headline\":\"Votre programme TV d\u00e9co : M6 Deco , Question Maison , Int\u00e9rieurs\",\"datePublished\":\"2008-02-06T19:04:55+00:00\",\"mainEntityOfPage\":{\"@id\":\"https:\/\/joyana.fr\/ja\/votre-programme-tv-deco\/100394\/\"},\"wordCount\":371,\"commentCount\":96,\"publisher\":{\"@id\":\"https:\/\/joyana.fr\/#\/schema\/person\/cf2a1ad12a27c12c21801075bf37407c\"},\"image\":{\"@id\":\"https:\/\/joyana.fr\/ja\/votre-programme-tv-deco\/100394\/#primaryimage\"},\"thumbnailUrl\":\"https:\/\/i0.wp.com\/joyana.fr\/wp-content\/uploads\/2016\/08\/joyana-logo-black-360x180.png?fit=360%2C180&ssl=1\",\"keywords\":[\"Relooking\"],\"articleSection\":[\"DECO-DESIGN\",\"Emission TV\"],\"inLanguage\":\"ja\",\"potentialAction\":[{\"@type\":\"CommentAction\",\"name\":\"Comment\",\"target\":[\"https:\/\/joyana.fr\/ja\/votre-programme-tv-deco\/100394\/#respond\"]}]},{\"@type\":\"WebPage\",\"@id\":\"https:\/\/joyana.fr\/ja\/votre-programme-tv-deco\/100394\/\",\"url\":\"https:\/\/joyana.fr\/ja\/votre-programme-tv-deco\/100394\/\",\"name\":\"Votre programme TV d\u00e9co : M6 Deco , Question Maison , Int\u00e9rieurs - JO YANA\",\"isPartOf\":{\"@id\":\"https:\/\/joyana.fr\/#website\"},\"primaryImageOfPage\":{\"@id\":\"https:\/\/joyana.fr\/ja\/votre-programme-tv-deco\/100394\/#primaryimage\"},\"image\":{\"@id\":\"https:\/\/joyana.fr\/ja\/votre-programme-tv-deco\/100394\/#primaryimage\"},\"thumbnailUrl\":\"https:\/\/i0.wp.com\/joyana.fr\/wp-content\/uploads\/2016\/08\/joyana-logo-black-360x180.png?fit=360%2C180&ssl=1\",\"datePublished\":\"2008-02-06T19:04:55+00:00\",\"breadcrumb\":{\"@id\":\"https:\/\/joyana.fr\/ja\/votre-programme-tv-deco\/100394\/#breadcrumb\"},\"inLanguage\":\"ja\",\"potentialAction\":[{\"@type\":\"ReadAction\",\"target\":[\"https:\/\/joyana.fr\/ja\/votre-programme-tv-deco\/100394\/\"]}]},{\"@type\":\"ImageObject\",\"inLanguage\":\"ja\",\"@id\":\"https:\/\/joyana.fr\/ja\/votre-programme-tv-deco\/100394\/#primaryimage\",\"url\":\"https:\/\/i0.wp.com\/joyana.fr\/wp-content\/uploads\/2016\/08\/joyana-logo-black-360x180.png?fit=360%2C180&ssl=1\",\"contentUrl\":\"https:\/\/i0.wp.com\/joyana.fr\/wp-content\/uploads\/2016\/08\/joyana-logo-black-360x180.png?fit=360%2C180&ssl=1\",\"width\":360,\"height\":180,\"caption\":\"logo joyana.fr\"},{\"@type\":\"BreadcrumbList\",\"@id\":\"https:\/\/joyana.fr\/ja\/votre-programme-tv-deco\/100394\/#breadcrumb\",\"itemListElement\":[{\"@type\":\"ListItem\",\"position\":1,\"name\":\"Accueil\",\"item\":\"https:\/\/joyana.fr\/\"},{\"@type\":\"ListItem\",\"position\":2,\"name\":\"Votre programme TV d\u00e9co : M6 Deco , Question Maison , Int\u00e9rieurs\"}]},{\"@type\":\"WebSite\",\"@id\":\"https:\/\/joyana.fr\/#website\",\"url\":\"https:\/\/joyana.fr\/\",\"name\":\"JO YANA\",\"description\":\"Blog Mode Homme, Lifestyle, D\u00e9co-Design\",\"publisher\":{\"@id\":\"https:\/\/joyana.fr\/#\/schema\/person\/cf2a1ad12a27c12c21801075bf37407c\"},\"potentialAction\":[{\"@type\":\"SearchAction\",\"target\":{\"@type\":\"EntryPoint\",\"urlTemplate\":\"https:\/\/joyana.fr\/?s={search_term_string}\"},\"query-input\":{\"@type\":\"PropertyValueSpecification\",\"valueRequired\":true,\"valueName\":\"search_term_string\"}}],\"inLanguage\":\"ja\"},{\"@type\":[\"Person\",\"Organization\"],\"@id\":\"https:\/\/joyana.fr\/#\/schema\/person\/cf2a1ad12a27c12c21801075bf37407c\",\"name\":\"Jo Yana\",\"image\":{\"@type\":\"ImageObject\",\"inLanguage\":\"ja\",\"@id\":\"https:\/\/joyana.fr\/#\/schema\/person\/image\/\",\"url\":\"https:\/\/i0.wp.com\/joyana.fr\/wp-content\/uploads\/2016\/08\/cropped-joyana-logo-black-360x180.png?fit=343%2C164&ssl=1\",\"contentUrl\":\"https:\/\/i0.wp.com\/joyana.fr\/wp-content\/uploads\/2016\/08\/cropped-joyana-logo-black-360x180.png?fit=343%2C164&ssl=1\",\"width\":343,\"height\":164,\"caption\":\"Jo Yana\"},\"logo\":{\"@id\":\"https:\/\/joyana.fr\/#\/schema\/person\/image\/\"},\"description\":\"Jo Yana est le cr\u00e9ateur et r\u00e9dacteur en chef des sites DECO-DESIGN. Passionn\u00e9 de Design, Mode, Photo, Luxe, Lifestyle, Musique, mais avant tout Blogueur ! Le plaisir de partager l'anime et a comme devise \\\"POUR L'AMOUR DU BEAU\\\". Retrouvez le aussi sur son blog personnel - https:\/\/joyana.fr...\",\"sameAs\":[\"https:\/\/joyana.fr\/\"],\"url\":\"https:\/\/joyana.fr\/ja\/author\/joyana\/\"}]}<\/script>\n<!-- \/ Yoast SEO plugin. -->","yoast_head_json":{"title":"Votre programme TV d\u00e9co : M6 Deco , Question Maison , Int\u00e9rieurs - JO YANA","robots":{"index":"index","follow":"follow","max-snippet":"max-snippet:-1","max-image-preview":"max-image-preview:large","max-video-preview":"max-video-preview:-1"},"canonical":"https:\/\/joyana.fr\/ja\/votre-programme-tv-deco\/100394\/","og_locale":"ja_JP","og_type":"article","og_title":"Votre programme TV d\u00e9co : M6 Deco , Question Maison , Int\u00e9rieurs - JO YANA","og_description":"Cette semaine les \u00e9missions TV d\u00e9co s\u2019annoncent tr\u00e8s int\u00e9ressantes, venez d\u00e9couvrir dans &#8220;la suite&#8221 [&hellip;]","og_url":"https:\/\/joyana.fr\/ja\/votre-programme-tv-deco\/100394\/","og_site_name":"JO YANA","article_published_time":"2008-02-06T19:04:55+00:00","og_image":[{"width":360,"height":180,"url":"https:\/\/i0.wp.com\/joyana.fr\/wp-content\/uploads\/2016\/08\/joyana-logo-black-360x180.png?fit=360%2C180&ssl=1","type":"image\/png"}],"author":"Jo Yana","twitter_card":"summary_large_image","twitter_creator":"@Jo_Yana","twitter_site":"@Jo_Yana","twitter_misc":{"\u57f7\u7b46\u8005":"Jo Yana","\u63a8\u5b9a\u8aad\u307f\u53d6\u308a\u6642\u9593":"2\u5206"},"schema":{"@context":"https:\/\/schema.org","@graph":[{"@type":"Article","@id":"https:\/\/joyana.fr\/ja\/votre-programme-tv-deco\/100394\/#article","isPartOf":{"@id":"https:\/\/joyana.fr\/ja\/votre-programme-tv-deco\/100394\/"},"author":{"name":"Jo Yana","@id":"https:\/\/joyana.fr\/#\/schema\/person\/cf2a1ad12a27c12c21801075bf37407c"},"headline":"Votre programme TV d\u00e9co : M6 Deco , Question Maison , Int\u00e9rieurs","datePublished":"2008-02-06T19:04:55+00:00","mainEntityOfPage":{"@id":"https:\/\/joyana.fr\/ja\/votre-programme-tv-deco\/100394\/"},"wordCount":371,"commentCount":96,"publisher":{"@id":"https:\/\/joyana.fr\/#\/schema\/person\/cf2a1ad12a27c12c21801075bf37407c"},"image":{"@id":"https:\/\/joyana.fr\/ja\/votre-programme-tv-deco\/100394\/#primaryimage"},"thumbnailUrl":"https:\/\/i0.wp.com\/joyana.fr\/wp-content\/uploads\/2016\/08\/joyana-logo-black-360x180.png?fit=360%2C180&ssl=1","keywords":["Relooking"],"articleSection":["DECO-DESIGN","Emission TV"],"inLanguage":"ja","potentialAction":[{"@type":"CommentAction","name":"Comment","target":["https:\/\/joyana.fr\/ja\/votre-programme-tv-deco\/100394\/#respond"]}]},{"@type":"WebPage","@id":"https:\/\/joyana.fr\/ja\/votre-programme-tv-deco\/100394\/","url":"https:\/\/joyana.fr\/ja\/votre-programme-tv-deco\/100394\/","name":"Votre programme TV d\u00e9co : M6 Deco , Question Maison , Int\u00e9rieurs - JO YANA","isPartOf":{"@id":"https:\/\/joyana.fr\/#website"},"primaryImageOfPage":{"@id":"https:\/\/joyana.fr\/ja\/votre-programme-tv-deco\/100394\/#primaryimage"},"image":{"@id":"https:\/\/joyana.fr\/ja\/votre-programme-tv-deco\/100394\/#primaryimage"},"thumbnailUrl":"https:\/\/i0.wp.com\/joyana.fr\/wp-content\/uploads\/2016\/08\/joyana-logo-black-360x180.png?fit=360%2C180&ssl=1","datePublished":"2008-02-06T19:04:55+00:00","breadcrumb":{"@id":"https:\/\/joyana.fr\/ja\/votre-programme-tv-deco\/100394\/#breadcrumb"},"inLanguage":"ja","potentialAction":[{"@type":"ReadAction","target":["https:\/\/joyana.fr\/ja\/votre-programme-tv-deco\/100394\/"]}]},{"@type":"ImageObject","inLanguage":"ja","@id":"https:\/\/joyana.fr\/ja\/votre-programme-tv-deco\/100394\/#primaryimage","url":"https:\/\/i0.wp.com\/joyana.fr\/wp-content\/uploads\/2016\/08\/joyana-logo-black-360x180.png?fit=360%2C180&ssl=1","contentUrl":"https:\/\/i0.wp.com\/joyana.fr\/wp-content\/uploads\/2016\/08\/joyana-logo-black-360x180.png?fit=360%2C180&ssl=1","width":360,"height":180,"caption":"logo joyana.fr"},{"@type":"BreadcrumbList","@id":"https:\/\/joyana.fr\/ja\/votre-programme-tv-deco\/100394\/#breadcrumb","itemListElement":[{"@type":"ListItem","position":1,"name":"Accueil","item":"https:\/\/joyana.fr\/"},{"@type":"ListItem","position":2,"name":"Votre programme TV d\u00e9co : M6 Deco , Question Maison , Int\u00e9rieurs"}]},{"@type":"WebSite","@id":"https:\/\/joyana.fr\/#website","url":"https:\/\/joyana.fr\/","name":"JO YANA","description":"Blog Mode Homme, Lifestyle, D\u00e9co-Design","publisher":{"@id":"https:\/\/joyana.fr\/#\/schema\/person\/cf2a1ad12a27c12c21801075bf37407c"},"potentialAction":[{"@type":"SearchAction","target":{"@type":"EntryPoint","urlTemplate":"https:\/\/joyana.fr\/?s={search_term_string}"},"query-input":{"@type":"PropertyValueSpecification","valueRequired":true,"valueName":"search_term_string"}}],"inLanguage":"ja"},{"@type":["Person","Organization"],"@id":"https:\/\/joyana.fr\/#\/schema\/person\/cf2a1ad12a27c12c21801075bf37407c","name":"Jo Yana","image":{"@type":"ImageObject","inLanguage":"ja","@id":"https:\/\/joyana.fr\/#\/schema\/person\/image\/","url":"https:\/\/i0.wp.com\/joyana.fr\/wp-content\/uploads\/2016\/08\/cropped-joyana-logo-black-360x180.png?fit=343%2C164&ssl=1","contentUrl":"https:\/\/i0.wp.com\/joyana.fr\/wp-content\/uploads\/2016\/08\/cropped-joyana-logo-black-360x180.png?fit=343%2C164&ssl=1","width":343,"height":164,"caption":"Jo Yana"},"logo":{"@id":"https:\/\/joyana.fr\/#\/schema\/person\/image\/"},"description":"Jo Yana est le cr\u00e9ateur et r\u00e9dacteur en chef des sites DECO-DESIGN. Passionn\u00e9 de Design, Mode, Photo, Luxe, Lifestyle, Musique, mais avant tout Blogueur ! Le plaisir de partager l'anime et a comme devise \"POUR L'AMOUR DU BEAU\". Retrouvez le aussi sur son blog personnel - https:\/\/joyana.fr...","sameAs":["https:\/\/joyana.fr\/"],"url":"https:\/\/joyana.fr\/ja\/author\/joyana\/"}]}},"author_meta":{"display_name":"Jo Yana","author_link":"https:\/\/joyana.fr\/ja\/author\/joyana\/"},"featured_img":"https:\/\/i0.wp.com\/joyana.fr\/wp-content\/uploads\/2016\/08\/joyana-logo-black-360x180.png?fit=360%2C180&ssl=1","featured_image_src":"https:\/\/i0.wp.com\/joyana.fr\/wp-content\/uploads\/2016\/08\/joyana-logo-black-360x180.png?resize=360%2C180&ssl=1","featured_image_src_square":"https:\/\/i0.wp.com\/joyana.fr\/wp-content\/uploads\/2016\/08\/joyana-logo-black-360x180.png?resize=360%2C180&ssl=1","jetpack_featured_media_url":"https:\/\/i0.wp.com\/joyana.fr\/wp-content\/uploads\/2016\/08\/joyana-logo-black-360x180.png?fit=360%2C180&ssl=1","uagb_featured_image_src":{"full":["https:\/\/i0.wp.com\/joyana.fr\/wp-content\/uploads\/2016\/08\/joyana-logo-black-360x180.png?fit=360%2C180&ssl=1",360,180,false],"thumbnail":["https:\/\/i0.wp.com\/joyana.fr\/wp-content\/uploads\/2016\/08\/joyana-logo-black-360x180.png?resize=150%2C150&ssl=1",150,150,true],"medium":["https:\/\/i0.wp.com\/joyana.fr\/wp-content\/uploads\/2016\/08\/joyana-logo-black-360x180.png?fit=360%2C180&ssl=1",360,180,true],"medium_large":["https:\/\/i0.wp.com\/joyana.fr\/wp-content\/uploads\/2016\/08\/joyana-logo-black-360x180.png?fit=360%2C180&ssl=1",360,180,true],"large":["https:\/\/i0.wp.com\/joyana.fr\/wp-content\/uploads\/2016\/08\/joyana-logo-black-360x180.png?fit=360%2C180&ssl=1",360,180,true],"1536x1536":["https:\/\/i0.wp.com\/joyana.fr\/wp-content\/uploads\/2016\/08\/joyana-logo-black-360x180.png?fit=360%2C180&ssl=1",360,180,true],"2048x2048":["https:\/\/i0.wp.com\/joyana.fr\/wp-content\/uploads\/2016\/08\/joyana-logo-black-360x180.png?fit=360%2C180&ssl=1",360,180,true],"featured-thumb":["https:\/\/i0.wp.com\/joyana.fr\/wp-content\/uploads\/2016\/08\/joyana-logo-black-360x180.png?resize=360%2C180&ssl=1",360,180,true],"ab-block-post-grid-landscape":["https:\/\/i0.wp.com\/joyana.fr\/wp-content\/uploads\/2016\/08\/joyana-logo-black-360x180.png?resize=360%2C180&ssl=1",360,180,true],"ab-block-post-grid-square":["https:\/\/i0.wp.com\/joyana.fr\/wp-content\/uploads\/2016\/08\/joyana-logo-black-360x180.png?resize=360%2C180&ssl=1",360,180,true],"author-pro-image":["https:\/\/i0.wp.com\/joyana.fr\/wp-content\/uploads\/2016\/08\/joyana-logo-black-360x180.png?resize=360%2C180&ssl=1",360,180,true],"slider":["https:\/\/i0.wp.com\/joyana.fr\/wp-content\/uploads\/2016\/08\/joyana-logo-black-360x180.png?resize=360%2C180&ssl=1",360,180,true],"woocommerce_thumbnail":["https:\/\/i0.wp.com\/joyana.fr\/wp-content\/uploads\/2016\/08\/joyana-logo-black-360x180.png?resize=300%2C180&ssl=1",300,180,true],"woocommerce_single":["https:\/\/i0.wp.com\/joyana.fr\/wp-content\/uploads\/2016\/08\/joyana-logo-black-360x180.png?fit=360%2C180&ssl=1",360,180,true],"woocommerce_gallery_thumbnail":["https:\/\/i0.wp.com\/joyana.fr\/wp-content\/uploads\/2016\/08\/joyana-logo-black-360x180.png?resize=180%2C180&ssl=1",180,180,true],"sow-carousel-default":["https:\/\/i0.wp.com\/joyana.fr\/wp-content\/uploads\/2016\/08\/joyana-logo-black-360x180.png?resize=272%2C180&ssl=1",272,180,true]},"uagb_author_info":{"display_name":"Jo Yana","author_link":"https:\/\/joyana.fr\/ja\/author\/joyana\/"},"uagb_comment_info":174,"uagb_excerpt":"Cette semaine les \u00e9missions TV d\u00e9co s\u2019annoncent tr\u00e8s in&hellip;","coauthors":[],"tax_additional":{"categories":{"linked":["<a href=\"https:\/\/joyana.fr\/ja\/category\/deco-design\/\" class=\"advgb-post-tax-term\">DECO-DESIGN<\/a>","<a href=\"https:\/\/joyana.fr\/ja\/category\/deco-design\/actualite\/emission-tv\/\" class=\"advgb-post-tax-term\">Emission TV<\/a>"],"unlinked":["<span class=\"advgb-post-tax-term\">DECO-DESIGN<\/span>","<span class=\"advgb-post-tax-term\">Emission TV<\/span>"]},"tags":{"linked":["<a href=\"https:\/\/joyana.fr\/ja\/category\/deco-design\/actualite\/emission-tv\/\" class=\"advgb-post-tax-term\">Relooking<\/a>"],"unlinked":["<span class=\"advgb-post-tax-term\">Relooking<\/span>"]}},"comment_count":170,"relative_dates":{"created":"Posted 18\u5e74 ago","modified":"Updated 18\u5e74 ago"},"absolute_dates":{"created":"Posted on 6 2\u6708 2008","modified":"Updated on 6 2\u6708 2008"},"absolute_dates_time":{"created":"Posted on 6 2\u6708 2008 20:04","modified":"Updated on 6 2\u6708 2008 20:04"},"featured_img_caption":"","series_order":"","jetpack_sharing_enabled":true,"jetpack_shortlink":"https:\/\/wp.me\/p9bteI-q7g","jetpack-related-posts":[],"_links":{"self":[{"href":"https:\/\/joyana.fr\/ja\/wp-json\/wp\/v2\/posts\/100394","targetHints":{"allow":["GET"]}}],"collection":[{"href":"https:\/\/joyana.fr\/ja\/wp-json\/wp\/v2\/posts"}],"about":[{"href":"https:\/\/joyana.fr\/ja\/wp-json\/wp\/v2\/types\/post"}],"author":[{"embeddable":true,"href":"https:\/\/joyana.fr\/ja\/wp-json\/wp\/v2\/users\/3"}],"replies":[{"embeddable":true,"href":"https:\/\/joyana.fr\/ja\/wp-json\/wp\/v2\/comments?post=100394"}],"version-history":[{"count":0,"href":"https:\/\/joyana.fr\/ja\/wp-json\/wp\/v2\/posts\/100394\/revisions"}],"wp:featuredmedia":[{"embeddable":true,"href":"https:\/\/joyana.fr\/ja\/wp-json\/wp\/v2\/media\/124300"}],"wp:attachment":[{"href":"https:\/\/joyana.fr\/ja\/wp-json\/wp\/v2\/media?parent=100394"}],"wp:term":[{"taxonomy":"category","embeddable":true,"href":"https:\/\/joyana.fr\/ja\/wp-json\/wp\/v2\/categories?post=100394"},{"taxonomy":"post_tag","embeddable":true,"href":"https:\/\/joyana.fr\/ja\/wp-json\/wp\/v2\/tags?post=100394"}],"curies":[{"name":"wp","href":"https:\/\/api.w.org\/{rel}","templated":true}]}}