{"id":100403,"date":"2008-02-07T17:22:39","date_gmt":"2008-02-07T16:22:39","guid":{"rendered":"https:\/\/joyana.fr\/ligne-roset-presente-sa-nouvelle-collection-au-cologne-design-week-2008\/"},"modified":"2008-02-07T17:22:39","modified_gmt":"2008-02-07T16:22:39","slug":"ligne-roset-presente-sa-nouvelle-collection-au-cologne-design-week-2008","status":"publish","type":"post","link":"https:\/\/joyana.fr\/ja\/ligne-roset-presente-sa-nouvelle-collection-au-cologne-design-week-2008\/100403\/","title":{"rendered":"Ligne Roset pr\u00e9sente sa nouvelle collection au Cologne Design Week 2008"},"content":{"rendered":"<p>C\u2019est au <a target=\"_blank\" href=\"https:\/\/joyana.fr\/cologne-design-week-2008\/\"><strong>Cologne Design Week 2008<\/strong><\/a> que <strong>Ligne Roset<\/strong> a choisi de d\u00e9voiler sa nouvelle <strong>collection<\/strong>. De tr\u00e8s belles pi\u00e8ces, sign\u00e9es par les plus grands <strong>designers<\/strong>.<\/p>\n<p><img data-recalc-dims=\"1\" fetchpriority=\"high\" decoding=\"async\" border=\"0\" align=\"top\" width=\"500\" src=\"https:\/\/i0.wp.com\/joyana.fr\/wp-content\/uploads\/ligne-roset-pierre-paulin.jpg?resize=500%2C344&#038;ssl=1\" hspace=\"8\" alt=\"ligne roset pierre paulin COLOGNE DESIGN WEEK\" height=\"344\" \/><\/p>\n<p><strong>Ligne Roset <\/strong>est \u00e0 la fois fabricant, cr\u00e9ateur et distributeur et quand il distribue, il choisi que des grands noms du design. Cette ann\u00e9e dans cette collection sont \u00e0 l\u2019honneur <strong>Pierre Paulin<\/strong> (photo ci dessus mod\u00e8le Pumpkin), <strong>Pascal Mourgue<\/strong> qui s\u2019illustre dans cette nouvelle collection avec plusieurs assises.<img data-recalc-dims=\"1\" decoding=\"async\" border=\"0\" align=\"top\" width=\"500\" src=\"https:\/\/i0.wp.com\/joyana.fr\/wp-content\/uploads\/ligne-roset-pascal-mourgue-patch.jpg?resize=500%2C344&#038;ssl=1\" hspace=\"8\" alt=\"ligne roset pascal mourgue patch\" height=\"344\" \/><\/p>\n<p><font size=\"2\">Patchwork par Pascal Mourgue <\/font><\/p>\n<p><img data-recalc-dims=\"1\" decoding=\"async\" border=\"0\" align=\"top\" width=\"500\" src=\"https:\/\/i0.wp.com\/joyana.fr\/wp-content\/uploads\/ligne-roset-pascal-mourgue.2jpg.jpg?resize=500%2C344&#038;ssl=1\" hspace=\"8\" alt=\"ligne roset pascal mourgue.2jpg\" height=\"344\" \/><\/p>\n<p><font size=\"2\">Mushroom par Pascal Mourgue<\/font><\/p>\n<p><img data-recalc-dims=\"1\" loading=\"lazy\" decoding=\"async\" border=\"0\" align=\"top\" width=\"500\" src=\"https:\/\/i0.wp.com\/joyana.fr\/wp-content\/uploads\/ligne-roset-pascal-mourgue.jpg?resize=500%2C344&#038;ssl=1\" hspace=\"8\" alt=\"ligne roset pascal mourgue\" height=\"344\" \/><\/p>\n<p><font size=\"2\">Papillon par Pascal Mourgue<\/font><\/p>\n<p>On retrouve aussi <strong>Didier Gomez<\/strong>, un fid\u00e8le de la maison <strong>Ligne Roset<\/strong> qui en 2002 a re\u00e7u au Salon du Meuble de Paris, une r\u00e9compense pour l\u2019ensemble de sa collaboration avec <strong>Ligne Roset<\/strong> : le Nombre d\u2019or.<\/p>\n<p><img data-recalc-dims=\"1\" loading=\"lazy\" decoding=\"async\" border=\"0\" align=\"top\" width=\"500\" src=\"https:\/\/i0.wp.com\/joyana.fr\/wp-content\/uploads\/ligne-roset-didier-gomez.jpg?resize=500%2C344&#038;ssl=1\" hspace=\"8\" alt=\"ligne roset didier gomez\" height=\"344\" \/><\/p>\n<p><font size=\"2\">Exclusif par Didier Gomez<\/font><\/p>\n<p>D\u2019autres cr\u00e9ations ont retenus l\u2019attention de notre \u00e9quipe comme celles de <strong>Hiroshi Kawano<\/strong>, <strong>Fabien Cagani<\/strong>, et <strong>Peter Maly<\/strong>. Cette <strong>collection<\/strong> s\u2019annonce sublime, on esp\u00e8re avoir des photos en situation des meubles au prochain salon de Milan car le <strong>Cologne Design Week 2008<\/strong> a \u00e9t\u00e9 maigre en retomb\u00e9 presse.<\/p>\n<p><img data-recalc-dims=\"1\" loading=\"lazy\" decoding=\"async\" border=\"0\" align=\"top\" width=\"500\" src=\"https:\/\/i0.wp.com\/joyana.fr\/wp-content\/uploads\/ligne-roset-hiroshi-kawano.jpg?resize=500%2C344&#038;ssl=1\" hspace=\"8\" alt=\"ligne roset hiroshi kawano\" height=\"344\" \/><\/p>\n<p><font size=\"2\">Bloom par Hiroshi Kawano<\/font><\/p>\n<p><img data-recalc-dims=\"1\" loading=\"lazy\" decoding=\"async\" border=\"0\" align=\"top\" width=\"500\" src=\"https:\/\/i0.wp.com\/joyana.fr\/wp-content\/uploads\/ligne-roset-fabien-cagani.jpg?resize=500%2C344&#038;ssl=1\" hspace=\"8\" alt=\"ligne roset fabien cagani\" height=\"344\" \/><\/p>\n<p><font size=\"2\">Endless par Fabien Cagani<\/font><\/p>\n<p><img data-recalc-dims=\"1\" loading=\"lazy\" decoding=\"async\" border=\"0\" align=\"top\" width=\"500\" src=\"https:\/\/i0.wp.com\/joyana.fr\/wp-content\/uploads\/ligne-roset-peter-maly.jpg?resize=500%2C344&#038;ssl=1\" hspace=\"8\" alt=\"LIGNE ROSET PETER MALY\" height=\"344\" \/><\/p>\n<p><font size=\"2\">Lines par Peter Maly<\/font><\/p>\n<p>Vu le nombre de creations qui ont attir\u00e9es notre attention, nous n\u2019avons qu\u2019une h\u00e2te, recevoir le catalogue <strong>Ligne Roset 2009.<\/strong><\/p>\n<p><a target=\"_blank\" href=\"http:\/\/jo_yana@hotmail.com\">Jo Yana<\/a><\/p>\n","protected":false},"excerpt":{"rendered":"<p>C\u2019est au Cologne Design Week 2008 que Ligne Roset a choisi de d\u00e9voiler sa nouvelle collection. De tr\u00e8s belles  [&hellip;]<\/p>\n","protected":false},"author":3,"featured_media":124300,"comment_status":"open","ping_status":"open","sticky":false,"template":"","format":"standard","meta":{"_coblocks_attr":"","_coblocks_dimensions":"","_coblocks_responsive_height":"","_coblocks_accordion_ie_support":"","_uag_custom_page_level_css":"","advgb_blocks_editor_width":"","advgb_blocks_columns_visual_guide":"","_genesis_hide_title":false,"_genesis_hide_breadcrumbs":false,"_genesis_hide_singular_image":false,"_genesis_hide_footer_widgets":false,"_genesis_custom_body_class":"","_genesis_custom_post_class":"","_genesis_layout":"","_themeisle_gutenberg_block_has_review":false,"_jetpack_newsletter_access":"","_jetpack_dont_email_post_to_subs":false,"_jetpack_newsletter_tier_id":0,"_jetpack_memberships_contains_paywalled_content":false,"_jetpack_memberships_contains_paid_content":false,"footnotes":""},"categories":[905,1088,942],"tags":[78,963],"class_list":{"0":"post-100403","1":"post","2":"type-post","3":"status-publish","4":"format-standard","5":"has-post-thumbnail","7":"category-deco-design","8":"category-ligne-roset","9":"category-mobilier","10":"tag-design","11":"tag-salons-design","12":"entry"},"featured_image_urls":{"full":["https:\/\/i0.wp.com\/joyana.fr\/wp-content\/uploads\/2016\/08\/joyana-logo-black-360x180.png?fit=360%2C180&ssl=1",360,180,false],"thumbnail":["https:\/\/i0.wp.com\/joyana.fr\/wp-content\/uploads\/2016\/08\/joyana-logo-black-360x180.png?resize=150%2C150&ssl=1",150,150,true],"medium":["https:\/\/i0.wp.com\/joyana.fr\/wp-content\/uploads\/2016\/08\/joyana-logo-black-360x180.png?fit=360%2C180&ssl=1",360,180,true],"medium_large":["https:\/\/i0.wp.com\/joyana.fr\/wp-content\/uploads\/2016\/08\/joyana-logo-black-360x180.png?fit=360%2C180&ssl=1",360,180,true],"large":["https:\/\/i0.wp.com\/joyana.fr\/wp-content\/uploads\/2016\/08\/joyana-logo-black-360x180.png?fit=360%2C180&ssl=1",360,180,true],"1536x1536":["https:\/\/i0.wp.com\/joyana.fr\/wp-content\/uploads\/2016\/08\/joyana-logo-black-360x180.png?fit=360%2C180&ssl=1",360,180,true],"2048x2048":["https:\/\/i0.wp.com\/joyana.fr\/wp-content\/uploads\/2016\/08\/joyana-logo-black-360x180.png?fit=360%2C180&ssl=1",360,180,true],"featured-thumb":["https:\/\/i0.wp.com\/joyana.fr\/wp-content\/uploads\/2016\/08\/joyana-logo-black-360x180.png?resize=360%2C180&ssl=1",360,180,true],"ab-block-post-grid-landscape":["https:\/\/i0.wp.com\/joyana.fr\/wp-content\/uploads\/2016\/08\/joyana-logo-black-360x180.png?resize=360%2C180&ssl=1",360,180,true],"ab-block-post-grid-square":["https:\/\/i0.wp.com\/joyana.fr\/wp-content\/uploads\/2016\/08\/joyana-logo-black-360x180.png?resize=360%2C180&ssl=1",360,180,true],"author-pro-image":["https:\/\/i0.wp.com\/joyana.fr\/wp-content\/uploads\/2016\/08\/joyana-logo-black-360x180.png?resize=360%2C180&ssl=1",360,180,true],"slider":["https:\/\/i0.wp.com\/joyana.fr\/wp-content\/uploads\/2016\/08\/joyana-logo-black-360x180.png?resize=360%2C180&ssl=1",360,180,true],"woocommerce_thumbnail":["https:\/\/i0.wp.com\/joyana.fr\/wp-content\/uploads\/2016\/08\/joyana-logo-black-360x180.png?resize=300%2C180&ssl=1",300,180,true],"woocommerce_single":["https:\/\/i0.wp.com\/joyana.fr\/wp-content\/uploads\/2016\/08\/joyana-logo-black-360x180.png?fit=360%2C180&ssl=1",360,180,true],"woocommerce_gallery_thumbnail":["https:\/\/i0.wp.com\/joyana.fr\/wp-content\/uploads\/2016\/08\/joyana-logo-black-360x180.png?resize=180%2C180&ssl=1",180,180,true],"sow-carousel-default":["https:\/\/i0.wp.com\/joyana.fr\/wp-content\/uploads\/2016\/08\/joyana-logo-black-360x180.png?resize=272%2C180&ssl=1",272,180,true]},"post_excerpt_stackable":"<p>C\u2019est au Cologne Design Week 2008 que Ligne Roset a choisi de d\u00e9voiler sa nouvelle collection. De tr&hellip;<\/p>\n","category_list":"<a href=\"https:\/\/joyana.fr\/ja\/category\/deco-design\/\" rel=\"category tag\">DECO-DESIGN<\/a>, <a href=\"https:\/\/joyana.fr\/ja\/category\/marques\/ligne-roset\/\" rel=\"category tag\">Ligne Roset<\/a>, <a href=\"https:\/\/joyana.fr\/ja\/category\/deco-design\/mobilier\/\" rel=\"category tag\">Mobilier<\/a>","author_info":{"display_name":"Jo Yana","author_link":"https:\/\/joyana.fr\/ja\/author\/joyana\/"},"comments_num":"3 comments","featured_image_urls_v2":{"full":["https:\/\/i0.wp.com\/joyana.fr\/wp-content\/uploads\/2016\/08\/joyana-logo-black-360x180.png?fit=360%2C180&ssl=1",360,180,false],"thumbnail":["https:\/\/i0.wp.com\/joyana.fr\/wp-content\/uploads\/2016\/08\/joyana-logo-black-360x180.png?resize=150%2C150&ssl=1",150,150,true],"medium":["https:\/\/i0.wp.com\/joyana.fr\/wp-content\/uploads\/2016\/08\/joyana-logo-black-360x180.png?fit=360%2C180&ssl=1",360,180,true],"medium_large":["https:\/\/i0.wp.com\/joyana.fr\/wp-content\/uploads\/2016\/08\/joyana-logo-black-360x180.png?fit=360%2C180&ssl=1",360,180,true],"large":["https:\/\/i0.wp.com\/joyana.fr\/wp-content\/uploads\/2016\/08\/joyana-logo-black-360x180.png?fit=360%2C180&ssl=1",360,180,true],"1536x1536":["https:\/\/i0.wp.com\/joyana.fr\/wp-content\/uploads\/2016\/08\/joyana-logo-black-360x180.png?fit=360%2C180&ssl=1",360,180,true],"2048x2048":["https:\/\/i0.wp.com\/joyana.fr\/wp-content\/uploads\/2016\/08\/joyana-logo-black-360x180.png?fit=360%2C180&ssl=1",360,180,true],"featured-thumb":["https:\/\/i0.wp.com\/joyana.fr\/wp-content\/uploads\/2016\/08\/joyana-logo-black-360x180.png?resize=360%2C180&ssl=1",360,180,true],"ab-block-post-grid-landscape":["https:\/\/i0.wp.com\/joyana.fr\/wp-content\/uploads\/2016\/08\/joyana-logo-black-360x180.png?resize=360%2C180&ssl=1",360,180,true],"ab-block-post-grid-square":["https:\/\/i0.wp.com\/joyana.fr\/wp-content\/uploads\/2016\/08\/joyana-logo-black-360x180.png?resize=360%2C180&ssl=1",360,180,true],"author-pro-image":["https:\/\/i0.wp.com\/joyana.fr\/wp-content\/uploads\/2016\/08\/joyana-logo-black-360x180.png?resize=360%2C180&ssl=1",360,180,true],"slider":["https:\/\/i0.wp.com\/joyana.fr\/wp-content\/uploads\/2016\/08\/joyana-logo-black-360x180.png?resize=360%2C180&ssl=1",360,180,true],"woocommerce_thumbnail":["https:\/\/i0.wp.com\/joyana.fr\/wp-content\/uploads\/2016\/08\/joyana-logo-black-360x180.png?resize=300%2C180&ssl=1",300,180,true],"woocommerce_single":["https:\/\/i0.wp.com\/joyana.fr\/wp-content\/uploads\/2016\/08\/joyana-logo-black-360x180.png?fit=360%2C180&ssl=1",360,180,true],"woocommerce_gallery_thumbnail":["https:\/\/i0.wp.com\/joyana.fr\/wp-content\/uploads\/2016\/08\/joyana-logo-black-360x180.png?resize=180%2C180&ssl=1",180,180,true],"sow-carousel-default":["https:\/\/i0.wp.com\/joyana.fr\/wp-content\/uploads\/2016\/08\/joyana-logo-black-360x180.png?resize=272%2C180&ssl=1",272,180,true]},"post_excerpt_stackable_v2":"<p>C\u2019est au Cologne Design Week 2008 que Ligne Roset a choisi de d\u00e9voiler sa nouvelle collection. De tr&hellip;<\/p>\n","category_list_v2":"<a href=\"https:\/\/joyana.fr\/ja\/category\/deco-design\/\" rel=\"category tag\">DECO-DESIGN<\/a>, <a href=\"https:\/\/joyana.fr\/ja\/category\/marques\/ligne-roset\/\" rel=\"category tag\">Ligne Roset<\/a>, <a href=\"https:\/\/joyana.fr\/ja\/category\/deco-design\/mobilier\/\" rel=\"category tag\">Mobilier<\/a>","author_info_v2":{"name":"Jo Yana","url":"https:\/\/joyana.fr\/ja\/author\/joyana\/"},"comments_num_v2":"3 comments","yoast_head":"<!-- This site is optimized with the Yoast SEO plugin v26.8 - https:\/\/yoast.com\/product\/yoast-seo-wordpress\/ -->\n<title>Ligne Roset pr\u00e9sente sa nouvelle collection au Cologne Design Week 2008 - JO YANA<\/title>\n<meta name=\"robots\" content=\"index, follow, max-snippet:-1, max-image-preview:large, max-video-preview:-1\" \/>\n<link rel=\"canonical\" href=\"https:\/\/joyana.fr\/ja\/ligne-roset-presente-sa-nouvelle-collection-au-cologne-design-week-2008\/100403\/\" \/>\n<meta property=\"og:locale\" content=\"ja_JP\" \/>\n<meta property=\"og:locale:alternate\" content=\"fr_FR\" \/>\n<meta property=\"og:locale:alternate\" content=\"en_US\" \/>\n<meta property=\"og:type\" content=\"article\" \/>\n<meta property=\"og:title\" content=\"Ligne Roset pr\u00e9sente sa nouvelle collection au Cologne Design Week 2008 - JO YANA\" \/>\n<meta property=\"og:description\" content=\"C\u2019est au Cologne Design Week 2008 que Ligne Roset a choisi de d\u00e9voiler sa nouvelle collection. De tr\u00e8s belles [&hellip;]\" \/>\n<meta property=\"og:url\" content=\"https:\/\/joyana.fr\/ja\/ligne-roset-presente-sa-nouvelle-collection-au-cologne-design-week-2008\/100403\/\" \/>\n<meta property=\"og:site_name\" content=\"JO YANA\" \/>\n<meta property=\"article:published_time\" content=\"2008-02-07T16:22:39+00:00\" \/>\n<meta property=\"og:image\" content=\"https:\/\/joyana.fr\/wp-content\/uploads\/2016\/08\/joyana-logo-black-360x180.png\" \/>\n\t<meta property=\"og:image:width\" content=\"360\" \/>\n\t<meta property=\"og:image:height\" content=\"180\" \/>\n\t<meta property=\"og:image:type\" content=\"image\/png\" \/>\n<meta name=\"author\" content=\"Jo Yana\" \/>\n<meta name=\"twitter:card\" content=\"summary_large_image\" \/>\n<meta name=\"twitter:creator\" content=\"@Jo_Yana\" \/>\n<meta name=\"twitter:site\" content=\"@Jo_Yana\" \/>\n<meta name=\"twitter:label1\" content=\"\u57f7\u7b46\u8005\" \/>\n\t<meta name=\"twitter:data1\" content=\"Jo Yana\" \/>\n\t<meta name=\"twitter:label2\" content=\"\u63a8\u5b9a\u8aad\u307f\u53d6\u308a\u6642\u9593\" \/>\n\t<meta name=\"twitter:data2\" content=\"1\u5206\" \/>\n<script type=\"application\/ld+json\" class=\"yoast-schema-graph\">{\"@context\":\"https:\/\/schema.org\",\"@graph\":[{\"@type\":\"Article\",\"@id\":\"https:\/\/joyana.fr\/en\/ligne-roset-presente-sa-nouvelle-collection-au-cologne-design-week-2008\/100403\/#article\",\"isPartOf\":{\"@id\":\"https:\/\/joyana.fr\/en\/ligne-roset-presente-sa-nouvelle-collection-au-cologne-design-week-2008\/100403\/\"},\"author\":{\"name\":\"Jo Yana\",\"@id\":\"https:\/\/joyana.fr\/#\/schema\/person\/cf2a1ad12a27c12c21801075bf37407c\"},\"headline\":\"Ligne Roset pr\u00e9sente sa nouvelle collection au Cologne Design Week 2008\",\"datePublished\":\"2008-02-07T16:22:39+00:00\",\"mainEntityOfPage\":{\"@id\":\"https:\/\/joyana.fr\/en\/ligne-roset-presente-sa-nouvelle-collection-au-cologne-design-week-2008\/100403\/\"},\"wordCount\":237,\"commentCount\":2,\"publisher\":{\"@id\":\"https:\/\/joyana.fr\/#\/schema\/person\/cf2a1ad12a27c12c21801075bf37407c\"},\"image\":{\"@id\":\"https:\/\/joyana.fr\/en\/ligne-roset-presente-sa-nouvelle-collection-au-cologne-design-week-2008\/100403\/#primaryimage\"},\"thumbnailUrl\":\"https:\/\/i0.wp.com\/joyana.fr\/wp-content\/uploads\/2016\/08\/joyana-logo-black-360x180.png?fit=360%2C180&ssl=1\",\"keywords\":[\"DESIGN\",\"Salons design\"],\"articleSection\":[\"DECO-DESIGN\",\"Ligne Roset\",\"Mobilier\"],\"inLanguage\":\"ja\",\"potentialAction\":[{\"@type\":\"CommentAction\",\"name\":\"Comment\",\"target\":[\"https:\/\/joyana.fr\/en\/ligne-roset-presente-sa-nouvelle-collection-au-cologne-design-week-2008\/100403\/#respond\"]}]},{\"@type\":\"WebPage\",\"@id\":\"https:\/\/joyana.fr\/en\/ligne-roset-presente-sa-nouvelle-collection-au-cologne-design-week-2008\/100403\/\",\"url\":\"https:\/\/joyana.fr\/en\/ligne-roset-presente-sa-nouvelle-collection-au-cologne-design-week-2008\/100403\/\",\"name\":\"Ligne Roset pr\u00e9sente sa nouvelle collection au Cologne Design Week 2008 - JO YANA\",\"isPartOf\":{\"@id\":\"https:\/\/joyana.fr\/#website\"},\"primaryImageOfPage\":{\"@id\":\"https:\/\/joyana.fr\/en\/ligne-roset-presente-sa-nouvelle-collection-au-cologne-design-week-2008\/100403\/#primaryimage\"},\"image\":{\"@id\":\"https:\/\/joyana.fr\/en\/ligne-roset-presente-sa-nouvelle-collection-au-cologne-design-week-2008\/100403\/#primaryimage\"},\"thumbnailUrl\":\"https:\/\/i0.wp.com\/joyana.fr\/wp-content\/uploads\/2016\/08\/joyana-logo-black-360x180.png?fit=360%2C180&ssl=1\",\"datePublished\":\"2008-02-07T16:22:39+00:00\",\"breadcrumb\":{\"@id\":\"https:\/\/joyana.fr\/en\/ligne-roset-presente-sa-nouvelle-collection-au-cologne-design-week-2008\/100403\/#breadcrumb\"},\"inLanguage\":\"ja\",\"potentialAction\":[{\"@type\":\"ReadAction\",\"target\":[\"https:\/\/joyana.fr\/en\/ligne-roset-presente-sa-nouvelle-collection-au-cologne-design-week-2008\/100403\/\"]}]},{\"@type\":\"ImageObject\",\"inLanguage\":\"ja\",\"@id\":\"https:\/\/joyana.fr\/en\/ligne-roset-presente-sa-nouvelle-collection-au-cologne-design-week-2008\/100403\/#primaryimage\",\"url\":\"https:\/\/i0.wp.com\/joyana.fr\/wp-content\/uploads\/2016\/08\/joyana-logo-black-360x180.png?fit=360%2C180&ssl=1\",\"contentUrl\":\"https:\/\/i0.wp.com\/joyana.fr\/wp-content\/uploads\/2016\/08\/joyana-logo-black-360x180.png?fit=360%2C180&ssl=1\",\"width\":360,\"height\":180,\"caption\":\"logo joyana.fr\"},{\"@type\":\"BreadcrumbList\",\"@id\":\"https:\/\/joyana.fr\/en\/ligne-roset-presente-sa-nouvelle-collection-au-cologne-design-week-2008\/100403\/#breadcrumb\",\"itemListElement\":[{\"@type\":\"ListItem\",\"position\":1,\"name\":\"Accueil\",\"item\":\"https:\/\/joyana.fr\/\"},{\"@type\":\"ListItem\",\"position\":2,\"name\":\"Ligne Roset pr\u00e9sente sa nouvelle collection au Cologne Design Week 2008\"}]},{\"@type\":\"WebSite\",\"@id\":\"https:\/\/joyana.fr\/#website\",\"url\":\"https:\/\/joyana.fr\/\",\"name\":\"JO YANA\",\"description\":\"Blog Mode Homme, Lifestyle, D\u00e9co-Design\",\"publisher\":{\"@id\":\"https:\/\/joyana.fr\/#\/schema\/person\/cf2a1ad12a27c12c21801075bf37407c\"},\"potentialAction\":[{\"@type\":\"SearchAction\",\"target\":{\"@type\":\"EntryPoint\",\"urlTemplate\":\"https:\/\/joyana.fr\/?s={search_term_string}\"},\"query-input\":{\"@type\":\"PropertyValueSpecification\",\"valueRequired\":true,\"valueName\":\"search_term_string\"}}],\"inLanguage\":\"ja\"},{\"@type\":[\"Person\",\"Organization\"],\"@id\":\"https:\/\/joyana.fr\/#\/schema\/person\/cf2a1ad12a27c12c21801075bf37407c\",\"name\":\"Jo Yana\",\"image\":{\"@type\":\"ImageObject\",\"inLanguage\":\"ja\",\"@id\":\"https:\/\/joyana.fr\/#\/schema\/person\/image\/\",\"url\":\"https:\/\/i0.wp.com\/joyana.fr\/wp-content\/uploads\/2016\/08\/cropped-joyana-logo-black-360x180.png?fit=343%2C164&ssl=1\",\"contentUrl\":\"https:\/\/i0.wp.com\/joyana.fr\/wp-content\/uploads\/2016\/08\/cropped-joyana-logo-black-360x180.png?fit=343%2C164&ssl=1\",\"width\":343,\"height\":164,\"caption\":\"Jo Yana\"},\"logo\":{\"@id\":\"https:\/\/joyana.fr\/#\/schema\/person\/image\/\"},\"description\":\"Jo Yana est le cr\u00e9ateur et r\u00e9dacteur en chef des sites DECO-DESIGN. Passionn\u00e9 de Design, Mode, Photo, Luxe, Lifestyle, Musique, mais avant tout Blogueur ! Le plaisir de partager l'anime et a comme devise \\\"POUR L'AMOUR DU BEAU\\\". Retrouvez le aussi sur son blog personnel - https:\/\/joyana.fr...\",\"sameAs\":[\"https:\/\/joyana.fr\/\"],\"url\":\"https:\/\/joyana.fr\/ja\/author\/joyana\/\"}]}<\/script>\n<!-- \/ Yoast SEO plugin. -->","yoast_head_json":{"title":"Ligne Roset pr\u00e9sente sa nouvelle collection au Cologne Design Week 2008 - JO YANA","robots":{"index":"index","follow":"follow","max-snippet":"max-snippet:-1","max-image-preview":"max-image-preview:large","max-video-preview":"max-video-preview:-1"},"canonical":"https:\/\/joyana.fr\/ja\/ligne-roset-presente-sa-nouvelle-collection-au-cologne-design-week-2008\/100403\/","og_locale":"ja_JP","og_type":"article","og_title":"Ligne Roset pr\u00e9sente sa nouvelle collection au Cologne Design Week 2008 - JO YANA","og_description":"C\u2019est au Cologne Design Week 2008 que Ligne Roset a choisi de d\u00e9voiler sa nouvelle collection. De tr\u00e8s belles [&hellip;]","og_url":"https:\/\/joyana.fr\/ja\/ligne-roset-presente-sa-nouvelle-collection-au-cologne-design-week-2008\/100403\/","og_site_name":"JO YANA","article_published_time":"2008-02-07T16:22:39+00:00","og_image":[{"width":360,"height":180,"url":"https:\/\/joyana.fr\/wp-content\/uploads\/2016\/08\/joyana-logo-black-360x180.png","type":"image\/png"}],"author":"Jo Yana","twitter_card":"summary_large_image","twitter_creator":"@Jo_Yana","twitter_site":"@Jo_Yana","twitter_misc":{"\u57f7\u7b46\u8005":"Jo Yana","\u63a8\u5b9a\u8aad\u307f\u53d6\u308a\u6642\u9593":"1\u5206"},"schema":{"@context":"https:\/\/schema.org","@graph":[{"@type":"Article","@id":"https:\/\/joyana.fr\/en\/ligne-roset-presente-sa-nouvelle-collection-au-cologne-design-week-2008\/100403\/#article","isPartOf":{"@id":"https:\/\/joyana.fr\/en\/ligne-roset-presente-sa-nouvelle-collection-au-cologne-design-week-2008\/100403\/"},"author":{"name":"Jo Yana","@id":"https:\/\/joyana.fr\/#\/schema\/person\/cf2a1ad12a27c12c21801075bf37407c"},"headline":"Ligne Roset pr\u00e9sente sa nouvelle collection au Cologne Design Week 2008","datePublished":"2008-02-07T16:22:39+00:00","mainEntityOfPage":{"@id":"https:\/\/joyana.fr\/en\/ligne-roset-presente-sa-nouvelle-collection-au-cologne-design-week-2008\/100403\/"},"wordCount":237,"commentCount":2,"publisher":{"@id":"https:\/\/joyana.fr\/#\/schema\/person\/cf2a1ad12a27c12c21801075bf37407c"},"image":{"@id":"https:\/\/joyana.fr\/en\/ligne-roset-presente-sa-nouvelle-collection-au-cologne-design-week-2008\/100403\/#primaryimage"},"thumbnailUrl":"https:\/\/i0.wp.com\/joyana.fr\/wp-content\/uploads\/2016\/08\/joyana-logo-black-360x180.png?fit=360%2C180&ssl=1","keywords":["DESIGN","Salons design"],"articleSection":["DECO-DESIGN","Ligne Roset","Mobilier"],"inLanguage":"ja","potentialAction":[{"@type":"CommentAction","name":"Comment","target":["https:\/\/joyana.fr\/en\/ligne-roset-presente-sa-nouvelle-collection-au-cologne-design-week-2008\/100403\/#respond"]}]},{"@type":"WebPage","@id":"https:\/\/joyana.fr\/en\/ligne-roset-presente-sa-nouvelle-collection-au-cologne-design-week-2008\/100403\/","url":"https:\/\/joyana.fr\/en\/ligne-roset-presente-sa-nouvelle-collection-au-cologne-design-week-2008\/100403\/","name":"Ligne Roset pr\u00e9sente sa nouvelle collection au Cologne Design Week 2008 - JO YANA","isPartOf":{"@id":"https:\/\/joyana.fr\/#website"},"primaryImageOfPage":{"@id":"https:\/\/joyana.fr\/en\/ligne-roset-presente-sa-nouvelle-collection-au-cologne-design-week-2008\/100403\/#primaryimage"},"image":{"@id":"https:\/\/joyana.fr\/en\/ligne-roset-presente-sa-nouvelle-collection-au-cologne-design-week-2008\/100403\/#primaryimage"},"thumbnailUrl":"https:\/\/i0.wp.com\/joyana.fr\/wp-content\/uploads\/2016\/08\/joyana-logo-black-360x180.png?fit=360%2C180&ssl=1","datePublished":"2008-02-07T16:22:39+00:00","breadcrumb":{"@id":"https:\/\/joyana.fr\/en\/ligne-roset-presente-sa-nouvelle-collection-au-cologne-design-week-2008\/100403\/#breadcrumb"},"inLanguage":"ja","potentialAction":[{"@type":"ReadAction","target":["https:\/\/joyana.fr\/en\/ligne-roset-presente-sa-nouvelle-collection-au-cologne-design-week-2008\/100403\/"]}]},{"@type":"ImageObject","inLanguage":"ja","@id":"https:\/\/joyana.fr\/en\/ligne-roset-presente-sa-nouvelle-collection-au-cologne-design-week-2008\/100403\/#primaryimage","url":"https:\/\/i0.wp.com\/joyana.fr\/wp-content\/uploads\/2016\/08\/joyana-logo-black-360x180.png?fit=360%2C180&ssl=1","contentUrl":"https:\/\/i0.wp.com\/joyana.fr\/wp-content\/uploads\/2016\/08\/joyana-logo-black-360x180.png?fit=360%2C180&ssl=1","width":360,"height":180,"caption":"logo joyana.fr"},{"@type":"BreadcrumbList","@id":"https:\/\/joyana.fr\/en\/ligne-roset-presente-sa-nouvelle-collection-au-cologne-design-week-2008\/100403\/#breadcrumb","itemListElement":[{"@type":"ListItem","position":1,"name":"Accueil","item":"https:\/\/joyana.fr\/"},{"@type":"ListItem","position":2,"name":"Ligne Roset pr\u00e9sente sa nouvelle collection au Cologne Design Week 2008"}]},{"@type":"WebSite","@id":"https:\/\/joyana.fr\/#website","url":"https:\/\/joyana.fr\/","name":"JO YANA","description":"Blog Mode Homme, Lifestyle, D\u00e9co-Design","publisher":{"@id":"https:\/\/joyana.fr\/#\/schema\/person\/cf2a1ad12a27c12c21801075bf37407c"},"potentialAction":[{"@type":"SearchAction","target":{"@type":"EntryPoint","urlTemplate":"https:\/\/joyana.fr\/?s={search_term_string}"},"query-input":{"@type":"PropertyValueSpecification","valueRequired":true,"valueName":"search_term_string"}}],"inLanguage":"ja"},{"@type":["Person","Organization"],"@id":"https:\/\/joyana.fr\/#\/schema\/person\/cf2a1ad12a27c12c21801075bf37407c","name":"Jo Yana","image":{"@type":"ImageObject","inLanguage":"ja","@id":"https:\/\/joyana.fr\/#\/schema\/person\/image\/","url":"https:\/\/i0.wp.com\/joyana.fr\/wp-content\/uploads\/2016\/08\/cropped-joyana-logo-black-360x180.png?fit=343%2C164&ssl=1","contentUrl":"https:\/\/i0.wp.com\/joyana.fr\/wp-content\/uploads\/2016\/08\/cropped-joyana-logo-black-360x180.png?fit=343%2C164&ssl=1","width":343,"height":164,"caption":"Jo Yana"},"logo":{"@id":"https:\/\/joyana.fr\/#\/schema\/person\/image\/"},"description":"Jo Yana est le cr\u00e9ateur et r\u00e9dacteur en chef des sites DECO-DESIGN. Passionn\u00e9 de Design, Mode, Photo, Luxe, Lifestyle, Musique, mais avant tout Blogueur ! Le plaisir de partager l'anime et a comme devise \"POUR L'AMOUR DU BEAU\". Retrouvez le aussi sur son blog personnel - https:\/\/joyana.fr...","sameAs":["https:\/\/joyana.fr\/"],"url":"https:\/\/joyana.fr\/ja\/author\/joyana\/"}]}},"author_meta":{"display_name":"Jo Yana","author_link":"https:\/\/joyana.fr\/ja\/author\/joyana\/"},"featured_img":"https:\/\/i0.wp.com\/joyana.fr\/wp-content\/uploads\/2016\/08\/joyana-logo-black-360x180.png?fit=360%2C180&ssl=1","featured_image_src":"https:\/\/i0.wp.com\/joyana.fr\/wp-content\/uploads\/2016\/08\/joyana-logo-black-360x180.png?resize=360%2C180&ssl=1","featured_image_src_square":"https:\/\/i0.wp.com\/joyana.fr\/wp-content\/uploads\/2016\/08\/joyana-logo-black-360x180.png?resize=360%2C180&ssl=1","jetpack_featured_media_url":"https:\/\/i0.wp.com\/joyana.fr\/wp-content\/uploads\/2016\/08\/joyana-logo-black-360x180.png?fit=360%2C180&ssl=1","uagb_featured_image_src":{"full":["https:\/\/i0.wp.com\/joyana.fr\/wp-content\/uploads\/2016\/08\/joyana-logo-black-360x180.png?fit=360%2C180&ssl=1",360,180,false],"thumbnail":["https:\/\/i0.wp.com\/joyana.fr\/wp-content\/uploads\/2016\/08\/joyana-logo-black-360x180.png?resize=150%2C150&ssl=1",150,150,true],"medium":["https:\/\/i0.wp.com\/joyana.fr\/wp-content\/uploads\/2016\/08\/joyana-logo-black-360x180.png?fit=360%2C180&ssl=1",360,180,true],"medium_large":["https:\/\/i0.wp.com\/joyana.fr\/wp-content\/uploads\/2016\/08\/joyana-logo-black-360x180.png?fit=360%2C180&ssl=1",360,180,true],"large":["https:\/\/i0.wp.com\/joyana.fr\/wp-content\/uploads\/2016\/08\/joyana-logo-black-360x180.png?fit=360%2C180&ssl=1",360,180,true],"1536x1536":["https:\/\/i0.wp.com\/joyana.fr\/wp-content\/uploads\/2016\/08\/joyana-logo-black-360x180.png?fit=360%2C180&ssl=1",360,180,true],"2048x2048":["https:\/\/i0.wp.com\/joyana.fr\/wp-content\/uploads\/2016\/08\/joyana-logo-black-360x180.png?fit=360%2C180&ssl=1",360,180,true],"featured-thumb":["https:\/\/i0.wp.com\/joyana.fr\/wp-content\/uploads\/2016\/08\/joyana-logo-black-360x180.png?resize=360%2C180&ssl=1",360,180,true],"ab-block-post-grid-landscape":["https:\/\/i0.wp.com\/joyana.fr\/wp-content\/uploads\/2016\/08\/joyana-logo-black-360x180.png?resize=360%2C180&ssl=1",360,180,true],"ab-block-post-grid-square":["https:\/\/i0.wp.com\/joyana.fr\/wp-content\/uploads\/2016\/08\/joyana-logo-black-360x180.png?resize=360%2C180&ssl=1",360,180,true],"author-pro-image":["https:\/\/i0.wp.com\/joyana.fr\/wp-content\/uploads\/2016\/08\/joyana-logo-black-360x180.png?resize=360%2C180&ssl=1",360,180,true],"slider":["https:\/\/i0.wp.com\/joyana.fr\/wp-content\/uploads\/2016\/08\/joyana-logo-black-360x180.png?resize=360%2C180&ssl=1",360,180,true],"woocommerce_thumbnail":["https:\/\/i0.wp.com\/joyana.fr\/wp-content\/uploads\/2016\/08\/joyana-logo-black-360x180.png?resize=300%2C180&ssl=1",300,180,true],"woocommerce_single":["https:\/\/i0.wp.com\/joyana.fr\/wp-content\/uploads\/2016\/08\/joyana-logo-black-360x180.png?fit=360%2C180&ssl=1",360,180,true],"woocommerce_gallery_thumbnail":["https:\/\/i0.wp.com\/joyana.fr\/wp-content\/uploads\/2016\/08\/joyana-logo-black-360x180.png?resize=180%2C180&ssl=1",180,180,true],"sow-carousel-default":["https:\/\/i0.wp.com\/joyana.fr\/wp-content\/uploads\/2016\/08\/joyana-logo-black-360x180.png?resize=272%2C180&ssl=1",272,180,true]},"uagb_author_info":{"display_name":"Jo Yana","author_link":"https:\/\/joyana.fr\/ja\/author\/joyana\/"},"uagb_comment_info":3,"uagb_excerpt":"C\u2019est au Cologne Design Week 2008 que Ligne Roset a cho&hellip;","coauthors":[],"tax_additional":{"categories":{"linked":["<a href=\"https:\/\/joyana.fr\/ja\/category\/deco-design\/\" class=\"advgb-post-tax-term\">DECO-DESIGN<\/a>","<a href=\"https:\/\/joyana.fr\/ja\/category\/marques\/ligne-roset\/\" class=\"advgb-post-tax-term\">Ligne Roset<\/a>","<a href=\"https:\/\/joyana.fr\/ja\/category\/deco-design\/mobilier\/\" class=\"advgb-post-tax-term\">Mobilier<\/a>"],"unlinked":["<span class=\"advgb-post-tax-term\">DECO-DESIGN<\/span>","<span class=\"advgb-post-tax-term\">Ligne Roset<\/span>","<span class=\"advgb-post-tax-term\">Mobilier<\/span>"]},"tags":{"linked":["<a href=\"https:\/\/joyana.fr\/ja\/category\/deco-design\/mobilier\/\" class=\"advgb-post-tax-term\">DESIGN<\/a>","<a href=\"https:\/\/joyana.fr\/ja\/category\/deco-design\/mobilier\/\" class=\"advgb-post-tax-term\">Salons design<\/a>"],"unlinked":["<span class=\"advgb-post-tax-term\">DESIGN<\/span>","<span class=\"advgb-post-tax-term\">Salons design<\/span>"]}},"comment_count":3,"relative_dates":{"created":"Posted 18\u5e74 ago","modified":"Updated 18\u5e74 ago"},"absolute_dates":{"created":"Posted on 7 2\u6708 2008","modified":"Updated on 7 2\u6708 2008"},"absolute_dates_time":{"created":"Posted on 7 2\u6708 2008 17:22","modified":"Updated on 7 2\u6708 2008 17:22"},"featured_img_caption":"","series_order":"","jetpack_sharing_enabled":true,"jetpack_shortlink":"https:\/\/wp.me\/p9bteI-q7p","jetpack-related-posts":[],"_links":{"self":[{"href":"https:\/\/joyana.fr\/ja\/wp-json\/wp\/v2\/posts\/100403","targetHints":{"allow":["GET"]}}],"collection":[{"href":"https:\/\/joyana.fr\/ja\/wp-json\/wp\/v2\/posts"}],"about":[{"href":"https:\/\/joyana.fr\/ja\/wp-json\/wp\/v2\/types\/post"}],"author":[{"embeddable":true,"href":"https:\/\/joyana.fr\/ja\/wp-json\/wp\/v2\/users\/3"}],"replies":[{"embeddable":true,"href":"https:\/\/joyana.fr\/ja\/wp-json\/wp\/v2\/comments?post=100403"}],"version-history":[{"count":0,"href":"https:\/\/joyana.fr\/ja\/wp-json\/wp\/v2\/posts\/100403\/revisions"}],"wp:featuredmedia":[{"embeddable":true,"href":"https:\/\/joyana.fr\/ja\/wp-json\/wp\/v2\/media\/124300"}],"wp:attachment":[{"href":"https:\/\/joyana.fr\/ja\/wp-json\/wp\/v2\/media?parent=100403"}],"wp:term":[{"taxonomy":"category","embeddable":true,"href":"https:\/\/joyana.fr\/ja\/wp-json\/wp\/v2\/categories?post=100403"},{"taxonomy":"post_tag","embeddable":true,"href":"https:\/\/joyana.fr\/ja\/wp-json\/wp\/v2\/tags?post=100403"}],"curies":[{"name":"wp","href":"https:\/\/api.w.org\/{rel}","templated":true}]}}