{"id":101424,"date":"2008-08-08T06:10:57","date_gmt":"2008-08-08T05:10:57","guid":{"rendered":"https:\/\/joyana.fr\/siege-social-cma-cgm-par-zaha-hadid-work-in-progress\/"},"modified":"2008-08-08T06:10:57","modified_gmt":"2008-08-08T05:10:57","slug":"siege-social-cma-cgm-par-zaha-hadid-work-in-progress","status":"publish","type":"post","link":"https:\/\/joyana.fr\/ja\/siege-social-cma-cgm-par-zaha-hadid-work-in-progress\/101424\/","title":{"rendered":"Si\u00e8ge Social CMA CGM par Zaha HADID (Work in Progress)"},"content":{"rendered":"<p>Vous allez nous dire: encore <strong>Zaha Hadid<\/strong>? Mais comme nous avons la chance d\u2019avoir le <strong>si\u00e8ge social CMA CGM<\/strong> \u00e0 quelques kilom\u00e8tres du Q.G <a href=\"HTTp:\/\/deco-design.fr-bb.com\" target=\"_blank\">D\u00e9co-Design<\/a>, nous \u00e9tions oblig\u00e9s de vous montrer l\u2019avanc\u00e9 des travaux.<\/p>\n<p><img data-recalc-dims=\"1\" fetchpriority=\"high\" decoding=\"async\" src=\"https:\/\/i0.wp.com\/joyana.fr\/wp-content\/uploads\/cma-cgm-zaha-hadid-4.jpg?resize=500%2C349&#038;ssl=1\" alt=\"Si\u00e8ge Social CMA CGM par Zaha HADID (Work in Progress)\" align=\"top\" border=\"0\" height=\"349\" hspace=\"8\" width=\"500\" \/><\/p>\n<p><img data-recalc-dims=\"1\" decoding=\"async\" src=\"https:\/\/i0.wp.com\/joyana.fr\/wp-content\/uploads\/cma-cgm-zaha-hadid-2.jpg?resize=500%2C335&#038;ssl=1\" alt=\"Si\u00e8ge Social CMA CGM par Zaha HADID (Work in Progress)\" align=\"top\" border=\"0\" height=\"335\" hspace=\"8\" width=\"500\" \/><\/p>\n<p>C\u2019est l\u2019architecte <strong>Zaha Hadid<\/strong> qui a \u00e9t\u00e9 retenue pour dessiner le futur <strong>si\u00e8ge social<\/strong> du groupe <strong>CMA CGM<\/strong>. Un \u00e9norme chantier qui r\u00e9volutionne l\u2019infrastructure marseillaise, une tour de 29 \u00e9tages (147 m de haut) + un b\u00e2timent annexe (parking de 800 places + restaurant + fitness) pour un espace total de 40 000 m\u00b2.<\/p>\n<p><img data-recalc-dims=\"1\" decoding=\"async\" src=\"https:\/\/i0.wp.com\/joyana.fr\/wp-content\/uploads\/cma-cgm-zaha-hadid-5.jpg?resize=500%2C335&#038;ssl=1\" alt=\"Si\u00e8ge Social CMA CGM par Zaha HADID (Work in Progress)\" align=\"top\" border=\"0\" height=\"335\" hspace=\"8\" width=\"500\" \/><\/p>\n<p><img data-recalc-dims=\"1\" loading=\"lazy\" decoding=\"async\" src=\"https:\/\/i0.wp.com\/joyana.fr\/wp-content\/uploads\/cma-cgm-zaha-hadid-3.jpg?resize=500%2C340&#038;ssl=1\" alt=\"Si\u00e8ge Social CMA CGM par Zaha HADID (Work in Progress)\" align=\"top\" border=\"0\" height=\"340\" hspace=\"8\" width=\"500\" \/><\/p>\n<p><img data-recalc-dims=\"1\" loading=\"lazy\" decoding=\"async\" src=\"https:\/\/i0.wp.com\/joyana.fr\/wp-content\/uploads\/cma-cgm-zaha-hadid-6.jpg?resize=500%2C335&#038;ssl=1\" alt=\"Si\u00e8ge Social CMA CGM par Zaha HADID (Work in Progress)\" align=\"top\" border=\"0\" height=\"335\" hspace=\"8\" width=\"500\" \/><\/p>\n<p><strong>Zaha Hadid<\/strong> nous explique son projet dans le <strong>CMA CGM<\/strong> Magazine N\u00b032:<\/p>\n<p>Vous avez cr\u00e9\u00e9 le futur si\u00e8ge du Groupe <strong>CMA CGM<\/strong>, que ressentez-vous ?<br \/>\n<em>C\u2019est pour moi un grand privil\u00e8ge d\u2019avoir \u00e9t\u00e9 choisie par Jacques R. Saad\u00e9 pour concevoir le futur si\u00e8ge de <strong>CMA CGM<\/strong>, premier armateur fran\u00e7ais de transport en conteneurs et troisi\u00e8me mondial. Pour nous, chaque projet est unique et b\u00e9n\u00e9ficie de la plus grande consid\u00e9ration de nos \u00e9quipes, qu\u2019il s\u2019agisse de b\u00e2timents officiels ou de simple prototypes. Ceci \u00e9tant, le si\u00e8ge de <strong>CMA CGM<\/strong> est un projet capital pour notre bureau d\u2019architectes <strong>Zaha Hadid<\/strong>.<\/em><\/p>\n<p>Y a-t-il une id\u00e9e, une forme,qui s\u2019impose constamment dans vos cr\u00e9ations,un peu comme une signature ?<br \/>\n<em>Depuis les ann\u00e9es 60, je m\u2019efforce de cr\u00e9er des constructions au sol qui ne soient pas des barri\u00e8res. En \u00e9tudiant la fa\u00e7on dont les b\u00e2timents se fondent dans leur environnement, j\u2019ai eu l\u2019id\u00e9e de faire du rez-de-chauss\u00e9e de l\u2019immeuble un espace de continuit\u00e9 avec l\u2019ext\u00e9rieur. De fondre l\u2019espace priv\u00e9 dans l\u2019espace public, comme si c\u2019\u00e9tait une rue ou un parc. Depuis 35 ans, j\u2019explore inlassablement cette inter-p\u00e9n\u00e9trabilit\u00e9 de la jonction critique entre les b\u00e2timents et le sol.<\/em><\/p>\n<p>Pouvez-vous expliquer en quoi le design de la tour refl\u00e8te les activit\u00e9s de <strong>CMA CGM<\/strong> ?<br \/>\n<em>En forte croissance sur le march\u00e9 mondial, le Groupe <strong>CMA CGM<\/strong> a su parfaitement s\u2019adapter aux diff\u00e9rents march\u00e9s locaux tout en conservant sa propre identit\u00e9. Nous ne pouvions nous permettre de construire un gratte-ciel aux \u00e9tages identiques, structure trop conventionnelle et trop restrictive pour une organisation multinationale telle que <strong>CMA CGM<\/strong>. La superposition simple d\u2019\u00e9tages que l\u2019on trouve dans une tour de bureau traditionnelle donne lieu \u00e0 une pauvret\u00e9 de communication et ne correspond pas aux relations commerciales sophistiqu\u00e9es de ce groupe. La conception de la tour du futur si\u00e8ge <strong>CMA CGM<\/strong> se devait d\u2019int\u00e9grer des niveaux de complexit\u00e9 qui s\u2019organisent et s\u2019articulent dans l\u2019espace afin de refl\u00e9ter au mieux les relations sociales existant entre tous les salari\u00e9s du Groupe.<\/em><\/p>\n<p>Comment avez-vous r\u00e9ussi \u00e0 int\u00e9grer harmonieusement ce b\u00e2timent dans la ville de Marseille ?<br \/>\n<em>La conception de la nouvelle tour <strong>CMA CGM<\/strong> illustre notre volont\u00e9 d\u2019int\u00e9grer cette tour dans un environnement qui soit dans la continuit\u00e9 de l\u2019\u00e9nergie du tissu urbain. Nous avons beaucoup travaill\u00e9 pour cr\u00e9er un projet dont la dynamique \u201cverticale\u201d soit le reflet de l\u2019\u00e9nergie \u201chorizontale\u201d qui se d\u00e9gage de la rue et de la ville et qui soit adapt\u00e9 aux multiples facettes du Groupe <strong>CMA CGM<\/strong>. Le concept unique de cette nouvelle tour de bureaux est le r\u00e9sultat d\u2019\u00e9tudes attentives \u00e0 partir du tissu urbain de Marseille et \u00e0 partir des besoins de <strong>CMA CGM<\/strong>. Le r\u00e9sultat est un immeuble \u00e9l\u00e9gant, fluide et sculptural qui s\u2019inscrit int\u00e9gralement dans la ville. Nous ne pensons jamais une cr\u00e9ation seulement dans le seul but de cr\u00e9er un b\u00e2timent embl\u00e9matique. Nous avons cr\u00e9\u00e9 l\u00e0 une tour asym\u00e9trique et diff\u00e9renci\u00e9e en prise directe avec le milieu environnant qui permet d\u2019abriter une grande vari\u00e9t\u00e9 d\u2019environnements et d\u2019espaces de travail.<\/em><\/p>\n<p><em>La ville de Marseille vous a-t-elle particuli\u00e8rement influenc\u00e9e pour la cr\u00e9ation du futur si\u00e8ge du <\/em>Groupe <strong>CMA CGM<\/strong> ?<br \/>\n<em>Marseille est une m\u00e9tropole portuaire cosmopolite qui, au cours des si\u00e8cles, a subi l\u2019influence de nombreuses cultures. Il \u00e9tait important de conserver ce caract\u00e8re international pour le futur si\u00e8ge d\u2019une des soci\u00e9t\u00e9s internationales les plus respect\u00e9es de la ville. L&#8217;emplacement de la tour, \u00e0 proximit\u00e9 du port et de l\u2019une des grandes autoroutes qui desservent la ville, a \u00e9t\u00e9 pour nous l\u2019occasion unique de cr\u00e9er un v\u00e9ritable point de rep\u00e8re qui constitue un trait d\u2019union entre la ville et la mer.<br \/>\nLa tour <strong>CMA CGM<\/strong> constituera un solide \u00e9l\u00e9ment vertical en symbiose avec les autres symboles de Marseille: La Major ; la Basilique Notre-Dame de la Garde ; le Fort St-Jean et le Ch\u00e2teau d\u2019If. En introduisant les \u00e9l\u00e9ments horizontaux au niveau des \u00e9tages inf\u00e9rieurs de la tour, le nouveau si\u00e8ge prend \u201cracine\u201d directe dans le tissu urbain environnant.<\/em><\/p>\n<p>Que ressentez-vous en voyant votre conception devenir r\u00e9alit\u00e9 ?<br \/>\n<em>La r\u00e9alisation de la tour <strong>CMA CGM<\/strong> repr\u00e9sente des dizaines d\u2019ann\u00e9es d\u2019\u00e9tudes de notre bureau sur la typologie des tours. Elle b\u00e9n\u00e9ficie aussi des derni\u00e8res techniques de conception et de construction, que nous suivons de tr\u00e8s pr\u00e8s. Nous appr\u00e9cions particuli\u00e8rement les projets aux ambitions structurelles et je pense que la tour <strong>CMA CGM<\/strong> illustre parfaitement l\u2019excellente relation de symbiose qui a exist\u00e9 avec les ing\u00e9nieurs.<\/em><\/p>\n<p>En tant que femme,comment vous-\u00eates vous fait conna\u00eetre dans ce \u201cmonde d\u2019hommes\u201d?<br \/>\n<em>J\u2019ai quitt\u00e9 Beyrouth au d\u00e9but des ann\u00e9es 70 pour suivre des \u00e9tudes d\u2019architecture \u00e0 Londres. Il se peut que ce soit ma personnalit\u00e9 affirm\u00e9e qui m\u2019ait donn\u00e9 cette soif de r\u00e9ussite, plut\u00f4t que le fait d\u2019\u00eatre une femme, mais j\u2019ai toujours \u00e9t\u00e9 courageuse. Si j\u2019ai r\u00e9ussi aujourd\u2019hui cela a \u00e9t\u00e9 au prix d\u2019un tr\u00e8s long combat. Je pense que ceci m\u2019a rendue plus forte et plus d\u00e9termin\u00e9e \u2013 et se refl\u00e8te peut-\u00eatre dans mon architecture \u2013 mais ce sont les ann\u00e9es de dur labeur qui ont men\u00e9 au succ\u00e8s. \u201c La tour, v\u00e9ritable point de rep\u00e8re, constitue un trait d\u2019union entre la ville et la mer \u201d<\/em><\/p>\n<p><img data-recalc-dims=\"1\" loading=\"lazy\" decoding=\"async\" src=\"https:\/\/i0.wp.com\/joyana.fr\/wp-content\/uploads\/cma-cgm-zaha-hadid.jpg?resize=500%2C331&#038;ssl=1\" alt=\"Si\u00e8ge Social CMA CGM par Zaha HADID (Work in Progress)\" align=\"top\" border=\"0\" height=\"331\" hspace=\"8\" width=\"500\" \/><\/p>\n<p>Livraison pr\u00e9vu: fin 2009<\/p>\n<p>Nous vous ferons bien entendu des photos du b\u00e2timent termin\u00e9.<\/p>\n<p><a href=\"http:\/\/www.cma-cgm.com\/\"><strong>http:\/\/www.cma-cgm.com\/<\/strong><\/a><\/p>\n<p><a href=\"http:\/\/www.zaha-hadid.com\/\"><strong>http:\/\/www.zaha-hadid.com\/<\/strong><\/a><\/p>\n<p>&#8212;&#8212;&#8212;&#8212;&#8212;-<\/p>\n<p><a href=\"http:\/\/jo_yana@hotmail.com\" target=\"_blank\">Jo Yana<\/a><\/p>\n","protected":false},"excerpt":{"rendered":"<p>Vous allez nous dire: encore Zaha Hadid? Mais comme nous avons la chance d\u2019avoir le si\u00e8ge social CMA CGM \u00e0 que [&hellip;]<\/p>\n","protected":false},"author":3,"featured_media":124300,"comment_status":"open","ping_status":"open","sticky":false,"template":"","format":"standard","meta":{"_coblocks_attr":"","_coblocks_dimensions":"","_coblocks_responsive_height":"","_coblocks_accordion_ie_support":"","_uag_custom_page_level_css":"","advgb_blocks_editor_width":"","advgb_blocks_columns_visual_guide":"","_genesis_hide_title":false,"_genesis_hide_breadcrumbs":false,"_genesis_hide_singular_image":false,"_genesis_hide_footer_widgets":false,"_genesis_custom_body_class":"","_genesis_custom_post_class":"","_genesis_layout":"","_themeisle_gutenberg_block_has_review":false,"_jetpack_newsletter_access":"","_jetpack_dont_email_post_to_subs":false,"_jetpack_newsletter_tier_id":0,"_jetpack_memberships_contains_paywalled_content":false,"_jetpack_memberships_contains_paid_content":false,"footnotes":""},"categories":[71,905],"tags":[31,1057],"class_list":{"0":"post-101424","1":"post","2":"type-post","3":"status-publish","4":"format-standard","5":"has-post-thumbnail","7":"category-architecture","8":"category-deco-design","9":"tag-marseille","10":"tag-zaha-hadid","11":"entry"},"featured_image_urls":{"full":["https:\/\/i0.wp.com\/joyana.fr\/wp-content\/uploads\/2016\/08\/joyana-logo-black-360x180.png?fit=360%2C180&ssl=1",360,180,false],"thumbnail":["https:\/\/i0.wp.com\/joyana.fr\/wp-content\/uploads\/2016\/08\/joyana-logo-black-360x180.png?resize=150%2C150&ssl=1",150,150,true],"medium":["https:\/\/i0.wp.com\/joyana.fr\/wp-content\/uploads\/2016\/08\/joyana-logo-black-360x180.png?fit=360%2C180&ssl=1",360,180,true],"medium_large":["https:\/\/i0.wp.com\/joyana.fr\/wp-content\/uploads\/2016\/08\/joyana-logo-black-360x180.png?fit=360%2C180&ssl=1",360,180,true],"large":["https:\/\/i0.wp.com\/joyana.fr\/wp-content\/uploads\/2016\/08\/joyana-logo-black-360x180.png?fit=360%2C180&ssl=1",360,180,true],"1536x1536":["https:\/\/i0.wp.com\/joyana.fr\/wp-content\/uploads\/2016\/08\/joyana-logo-black-360x180.png?fit=360%2C180&ssl=1",360,180,true],"2048x2048":["https:\/\/i0.wp.com\/joyana.fr\/wp-content\/uploads\/2016\/08\/joyana-logo-black-360x180.png?fit=360%2C180&ssl=1",360,180,true],"featured-thumb":["https:\/\/i0.wp.com\/joyana.fr\/wp-content\/uploads\/2016\/08\/joyana-logo-black-360x180.png?resize=360%2C180&ssl=1",360,180,true],"ab-block-post-grid-landscape":["https:\/\/i0.wp.com\/joyana.fr\/wp-content\/uploads\/2016\/08\/joyana-logo-black-360x180.png?resize=360%2C180&ssl=1",360,180,true],"ab-block-post-grid-square":["https:\/\/i0.wp.com\/joyana.fr\/wp-content\/uploads\/2016\/08\/joyana-logo-black-360x180.png?resize=360%2C180&ssl=1",360,180,true],"author-pro-image":["https:\/\/i0.wp.com\/joyana.fr\/wp-content\/uploads\/2016\/08\/joyana-logo-black-360x180.png?resize=360%2C180&ssl=1",360,180,true],"slider":["https:\/\/i0.wp.com\/joyana.fr\/wp-content\/uploads\/2016\/08\/joyana-logo-black-360x180.png?resize=360%2C180&ssl=1",360,180,true],"woocommerce_thumbnail":["https:\/\/i0.wp.com\/joyana.fr\/wp-content\/uploads\/2016\/08\/joyana-logo-black-360x180.png?resize=300%2C180&ssl=1",300,180,true],"woocommerce_single":["https:\/\/i0.wp.com\/joyana.fr\/wp-content\/uploads\/2016\/08\/joyana-logo-black-360x180.png?fit=360%2C180&ssl=1",360,180,true],"woocommerce_gallery_thumbnail":["https:\/\/i0.wp.com\/joyana.fr\/wp-content\/uploads\/2016\/08\/joyana-logo-black-360x180.png?resize=180%2C180&ssl=1",180,180,true],"sow-carousel-default":["https:\/\/i0.wp.com\/joyana.fr\/wp-content\/uploads\/2016\/08\/joyana-logo-black-360x180.png?resize=272%2C180&ssl=1",272,180,true]},"post_excerpt_stackable":"<p>Vous allez nous dire: encore Zaha Hadid? Mais comme nous avons la chance d\u2019avoir le si\u00e8ge social CMA&hellip;<\/p>\n","category_list":"<a href=\"https:\/\/joyana.fr\/ja\/category\/portfolio\/architecture\/\" rel=\"category tag\">ARCHITECTURE<\/a>, <a href=\"https:\/\/joyana.fr\/ja\/category\/deco-design\/\" rel=\"category tag\">DECO-DESIGN<\/a>","author_info":{"display_name":"Jo Yana","author_link":"https:\/\/joyana.fr\/ja\/author\/joyana\/"},"comments_num":"2 comments","featured_image_urls_v2":{"full":["https:\/\/i0.wp.com\/joyana.fr\/wp-content\/uploads\/2016\/08\/joyana-logo-black-360x180.png?fit=360%2C180&ssl=1",360,180,false],"thumbnail":["https:\/\/i0.wp.com\/joyana.fr\/wp-content\/uploads\/2016\/08\/joyana-logo-black-360x180.png?resize=150%2C150&ssl=1",150,150,true],"medium":["https:\/\/i0.wp.com\/joyana.fr\/wp-content\/uploads\/2016\/08\/joyana-logo-black-360x180.png?fit=360%2C180&ssl=1",360,180,true],"medium_large":["https:\/\/i0.wp.com\/joyana.fr\/wp-content\/uploads\/2016\/08\/joyana-logo-black-360x180.png?fit=360%2C180&ssl=1",360,180,true],"large":["https:\/\/i0.wp.com\/joyana.fr\/wp-content\/uploads\/2016\/08\/joyana-logo-black-360x180.png?fit=360%2C180&ssl=1",360,180,true],"1536x1536":["https:\/\/i0.wp.com\/joyana.fr\/wp-content\/uploads\/2016\/08\/joyana-logo-black-360x180.png?fit=360%2C180&ssl=1",360,180,true],"2048x2048":["https:\/\/i0.wp.com\/joyana.fr\/wp-content\/uploads\/2016\/08\/joyana-logo-black-360x180.png?fit=360%2C180&ssl=1",360,180,true],"featured-thumb":["https:\/\/i0.wp.com\/joyana.fr\/wp-content\/uploads\/2016\/08\/joyana-logo-black-360x180.png?resize=360%2C180&ssl=1",360,180,true],"ab-block-post-grid-landscape":["https:\/\/i0.wp.com\/joyana.fr\/wp-content\/uploads\/2016\/08\/joyana-logo-black-360x180.png?resize=360%2C180&ssl=1",360,180,true],"ab-block-post-grid-square":["https:\/\/i0.wp.com\/joyana.fr\/wp-content\/uploads\/2016\/08\/joyana-logo-black-360x180.png?resize=360%2C180&ssl=1",360,180,true],"author-pro-image":["https:\/\/i0.wp.com\/joyana.fr\/wp-content\/uploads\/2016\/08\/joyana-logo-black-360x180.png?resize=360%2C180&ssl=1",360,180,true],"slider":["https:\/\/i0.wp.com\/joyana.fr\/wp-content\/uploads\/2016\/08\/joyana-logo-black-360x180.png?resize=360%2C180&ssl=1",360,180,true],"woocommerce_thumbnail":["https:\/\/i0.wp.com\/joyana.fr\/wp-content\/uploads\/2016\/08\/joyana-logo-black-360x180.png?resize=300%2C180&ssl=1",300,180,true],"woocommerce_single":["https:\/\/i0.wp.com\/joyana.fr\/wp-content\/uploads\/2016\/08\/joyana-logo-black-360x180.png?fit=360%2C180&ssl=1",360,180,true],"woocommerce_gallery_thumbnail":["https:\/\/i0.wp.com\/joyana.fr\/wp-content\/uploads\/2016\/08\/joyana-logo-black-360x180.png?resize=180%2C180&ssl=1",180,180,true],"sow-carousel-default":["https:\/\/i0.wp.com\/joyana.fr\/wp-content\/uploads\/2016\/08\/joyana-logo-black-360x180.png?resize=272%2C180&ssl=1",272,180,true]},"post_excerpt_stackable_v2":"<p>Vous allez nous dire: encore Zaha Hadid? Mais comme nous avons la chance d\u2019avoir le si\u00e8ge social CMA&hellip;<\/p>\n","category_list_v2":"<a href=\"https:\/\/joyana.fr\/ja\/category\/portfolio\/architecture\/\" rel=\"category tag\">ARCHITECTURE<\/a>, <a href=\"https:\/\/joyana.fr\/ja\/category\/deco-design\/\" rel=\"category tag\">DECO-DESIGN<\/a>","author_info_v2":{"name":"Jo Yana","url":"https:\/\/joyana.fr\/ja\/author\/joyana\/"},"comments_num_v2":"2 comments","yoast_head":"<!-- This site is optimized with the Yoast SEO plugin v26.8 - https:\/\/yoast.com\/product\/yoast-seo-wordpress\/ -->\n<title>Si\u00e8ge Social CMA CGM par Zaha HADID (Work in Progress) - JO YANA<\/title>\n<meta name=\"robots\" content=\"index, follow, max-snippet:-1, max-image-preview:large, max-video-preview:-1\" \/>\n<link rel=\"canonical\" href=\"https:\/\/joyana.fr\/ja\/siege-social-cma-cgm-par-zaha-hadid-work-in-progress\/101424\/\" \/>\n<meta property=\"og:locale\" content=\"ja_JP\" \/>\n<meta property=\"og:locale:alternate\" content=\"fr_FR\" \/>\n<meta property=\"og:locale:alternate\" content=\"en_US\" \/>\n<meta property=\"og:type\" content=\"article\" \/>\n<meta property=\"og:title\" content=\"Si\u00e8ge Social CMA CGM par Zaha HADID (Work in Progress) - JO YANA\" \/>\n<meta property=\"og:description\" content=\"Vous allez nous dire: encore Zaha Hadid? Mais comme nous avons la chance d\u2019avoir le si\u00e8ge social CMA CGM \u00e0 que [&hellip;]\" \/>\n<meta property=\"og:url\" content=\"https:\/\/joyana.fr\/ja\/siege-social-cma-cgm-par-zaha-hadid-work-in-progress\/101424\/\" \/>\n<meta property=\"og:site_name\" content=\"JO YANA\" \/>\n<meta property=\"article:published_time\" content=\"2008-08-08T05:10:57+00:00\" \/>\n<meta property=\"og:image\" content=\"https:\/\/i0.wp.com\/joyana.fr\/wp-content\/uploads\/2016\/08\/joyana-logo-black-360x180.png?fit=360%2C180&ssl=1\" \/>\n\t<meta property=\"og:image:width\" content=\"360\" \/>\n\t<meta property=\"og:image:height\" content=\"180\" \/>\n\t<meta property=\"og:image:type\" content=\"image\/png\" \/>\n<meta name=\"author\" content=\"Jo Yana\" \/>\n<meta name=\"twitter:card\" content=\"summary_large_image\" \/>\n<meta name=\"twitter:creator\" content=\"@Jo_Yana\" \/>\n<meta name=\"twitter:site\" content=\"@Jo_Yana\" \/>\n<meta name=\"twitter:label1\" content=\"\u57f7\u7b46\u8005\" \/>\n\t<meta name=\"twitter:data1\" content=\"Jo Yana\" \/>\n\t<meta name=\"twitter:label2\" content=\"\u63a8\u5b9a\u8aad\u307f\u53d6\u308a\u6642\u9593\" \/>\n\t<meta name=\"twitter:data2\" content=\"5\u5206\" \/>\n<script type=\"application\/ld+json\" class=\"yoast-schema-graph\">{\"@context\":\"https:\/\/schema.org\",\"@graph\":[{\"@type\":\"Article\",\"@id\":\"https:\/\/joyana.fr\/ja\/siege-social-cma-cgm-par-zaha-hadid-work-in-progress\/101424\/#article\",\"isPartOf\":{\"@id\":\"https:\/\/joyana.fr\/ja\/siege-social-cma-cgm-par-zaha-hadid-work-in-progress\/101424\/\"},\"author\":{\"name\":\"Jo Yana\",\"@id\":\"https:\/\/www.joyana.fr\/#\/schema\/person\/cf2a1ad12a27c12c21801075bf37407c\"},\"headline\":\"Si\u00e8ge Social CMA CGM par Zaha HADID (Work in Progress)\",\"datePublished\":\"2008-08-08T05:10:57+00:00\",\"mainEntityOfPage\":{\"@id\":\"https:\/\/joyana.fr\/ja\/siege-social-cma-cgm-par-zaha-hadid-work-in-progress\/101424\/\"},\"wordCount\":1105,\"commentCount\":2,\"publisher\":{\"@id\":\"https:\/\/www.joyana.fr\/#\/schema\/person\/cf2a1ad12a27c12c21801075bf37407c\"},\"image\":{\"@id\":\"https:\/\/joyana.fr\/ja\/siege-social-cma-cgm-par-zaha-hadid-work-in-progress\/101424\/#primaryimage\"},\"thumbnailUrl\":\"https:\/\/i0.wp.com\/joyana.fr\/wp-content\/uploads\/2016\/08\/joyana-logo-black-360x180.png?fit=360%2C180&ssl=1\",\"keywords\":[\"Marseille\",\"Zaha HADID\"],\"articleSection\":[\"ARCHITECTURE\",\"DECO-DESIGN\"],\"inLanguage\":\"ja\",\"potentialAction\":[{\"@type\":\"CommentAction\",\"name\":\"Comment\",\"target\":[\"https:\/\/joyana.fr\/ja\/siege-social-cma-cgm-par-zaha-hadid-work-in-progress\/101424\/#respond\"]}]},{\"@type\":\"WebPage\",\"@id\":\"https:\/\/joyana.fr\/ja\/siege-social-cma-cgm-par-zaha-hadid-work-in-progress\/101424\/\",\"url\":\"https:\/\/joyana.fr\/ja\/siege-social-cma-cgm-par-zaha-hadid-work-in-progress\/101424\/\",\"name\":\"Si\u00e8ge Social CMA CGM par Zaha HADID (Work in Progress) - JO YANA\",\"isPartOf\":{\"@id\":\"https:\/\/www.joyana.fr\/#website\"},\"primaryImageOfPage\":{\"@id\":\"https:\/\/joyana.fr\/ja\/siege-social-cma-cgm-par-zaha-hadid-work-in-progress\/101424\/#primaryimage\"},\"image\":{\"@id\":\"https:\/\/joyana.fr\/ja\/siege-social-cma-cgm-par-zaha-hadid-work-in-progress\/101424\/#primaryimage\"},\"thumbnailUrl\":\"https:\/\/i0.wp.com\/joyana.fr\/wp-content\/uploads\/2016\/08\/joyana-logo-black-360x180.png?fit=360%2C180&ssl=1\",\"datePublished\":\"2008-08-08T05:10:57+00:00\",\"breadcrumb\":{\"@id\":\"https:\/\/joyana.fr\/ja\/siege-social-cma-cgm-par-zaha-hadid-work-in-progress\/101424\/#breadcrumb\"},\"inLanguage\":\"ja\",\"potentialAction\":[{\"@type\":\"ReadAction\",\"target\":[\"https:\/\/joyana.fr\/ja\/siege-social-cma-cgm-par-zaha-hadid-work-in-progress\/101424\/\"]}]},{\"@type\":\"ImageObject\",\"inLanguage\":\"ja\",\"@id\":\"https:\/\/joyana.fr\/ja\/siege-social-cma-cgm-par-zaha-hadid-work-in-progress\/101424\/#primaryimage\",\"url\":\"https:\/\/i0.wp.com\/joyana.fr\/wp-content\/uploads\/2016\/08\/joyana-logo-black-360x180.png?fit=360%2C180&ssl=1\",\"contentUrl\":\"https:\/\/i0.wp.com\/joyana.fr\/wp-content\/uploads\/2016\/08\/joyana-logo-black-360x180.png?fit=360%2C180&ssl=1\",\"width\":360,\"height\":180,\"caption\":\"logo joyana.fr\"},{\"@type\":\"BreadcrumbList\",\"@id\":\"https:\/\/joyana.fr\/ja\/siege-social-cma-cgm-par-zaha-hadid-work-in-progress\/101424\/#breadcrumb\",\"itemListElement\":[{\"@type\":\"ListItem\",\"position\":1,\"name\":\"Accueil\",\"item\":\"https:\/\/www.joyana.fr\/\"},{\"@type\":\"ListItem\",\"position\":2,\"name\":\"Si\u00e8ge Social CMA CGM par Zaha HADID (Work in Progress)\"}]},{\"@type\":\"WebSite\",\"@id\":\"https:\/\/www.joyana.fr\/#website\",\"url\":\"https:\/\/www.joyana.fr\/\",\"name\":\"JO YANA\",\"description\":\"Blog Mode Homme, Lifestyle, D\u00e9co-Design\",\"publisher\":{\"@id\":\"https:\/\/www.joyana.fr\/#\/schema\/person\/cf2a1ad12a27c12c21801075bf37407c\"},\"potentialAction\":[{\"@type\":\"SearchAction\",\"target\":{\"@type\":\"EntryPoint\",\"urlTemplate\":\"https:\/\/www.joyana.fr\/?s={search_term_string}\"},\"query-input\":{\"@type\":\"PropertyValueSpecification\",\"valueRequired\":true,\"valueName\":\"search_term_string\"}}],\"inLanguage\":\"ja\"},{\"@type\":[\"Person\",\"Organization\"],\"@id\":\"https:\/\/www.joyana.fr\/#\/schema\/person\/cf2a1ad12a27c12c21801075bf37407c\",\"name\":\"Jo Yana\",\"image\":{\"@type\":\"ImageObject\",\"inLanguage\":\"ja\",\"@id\":\"https:\/\/www.joyana.fr\/#\/schema\/person\/image\/\",\"url\":\"https:\/\/i0.wp.com\/joyana.fr\/wp-content\/uploads\/2016\/08\/cropped-joyana-logo-black-360x180.png?fit=343%2C164&ssl=1\",\"contentUrl\":\"https:\/\/i0.wp.com\/joyana.fr\/wp-content\/uploads\/2016\/08\/cropped-joyana-logo-black-360x180.png?fit=343%2C164&ssl=1\",\"width\":343,\"height\":164,\"caption\":\"Jo Yana\"},\"logo\":{\"@id\":\"https:\/\/www.joyana.fr\/#\/schema\/person\/image\/\"},\"description\":\"Jo Yana est le cr\u00e9ateur et r\u00e9dacteur en chef des sites DECO-DESIGN. Passionn\u00e9 de Design, Mode, Photo, Luxe, Lifestyle, Musique, mais avant tout Blogueur ! Le plaisir de partager l'anime et a comme devise \\\"POUR L'AMOUR DU BEAU\\\". Retrouvez le aussi sur son blog personnel - https:\/\/joyana.fr...\",\"sameAs\":[\"https:\/\/joyana.fr\/\"],\"url\":\"https:\/\/joyana.fr\/ja\/author\/joyana\/\"}]}<\/script>\n<!-- \/ Yoast SEO plugin. -->","yoast_head_json":{"title":"Si\u00e8ge Social CMA CGM par Zaha HADID (Work in Progress) - JO YANA","robots":{"index":"index","follow":"follow","max-snippet":"max-snippet:-1","max-image-preview":"max-image-preview:large","max-video-preview":"max-video-preview:-1"},"canonical":"https:\/\/joyana.fr\/ja\/siege-social-cma-cgm-par-zaha-hadid-work-in-progress\/101424\/","og_locale":"ja_JP","og_type":"article","og_title":"Si\u00e8ge Social CMA CGM par Zaha HADID (Work in Progress) - JO YANA","og_description":"Vous allez nous dire: encore Zaha Hadid? Mais comme nous avons la chance d\u2019avoir le si\u00e8ge social CMA CGM \u00e0 que [&hellip;]","og_url":"https:\/\/joyana.fr\/ja\/siege-social-cma-cgm-par-zaha-hadid-work-in-progress\/101424\/","og_site_name":"JO YANA","article_published_time":"2008-08-08T05:10:57+00:00","og_image":[{"width":360,"height":180,"url":"https:\/\/i0.wp.com\/joyana.fr\/wp-content\/uploads\/2016\/08\/joyana-logo-black-360x180.png?fit=360%2C180&ssl=1","type":"image\/png"}],"author":"Jo Yana","twitter_card":"summary_large_image","twitter_creator":"@Jo_Yana","twitter_site":"@Jo_Yana","twitter_misc":{"\u57f7\u7b46\u8005":"Jo Yana","\u63a8\u5b9a\u8aad\u307f\u53d6\u308a\u6642\u9593":"5\u5206"},"schema":{"@context":"https:\/\/schema.org","@graph":[{"@type":"Article","@id":"https:\/\/joyana.fr\/ja\/siege-social-cma-cgm-par-zaha-hadid-work-in-progress\/101424\/#article","isPartOf":{"@id":"https:\/\/joyana.fr\/ja\/siege-social-cma-cgm-par-zaha-hadid-work-in-progress\/101424\/"},"author":{"name":"Jo Yana","@id":"https:\/\/www.joyana.fr\/#\/schema\/person\/cf2a1ad12a27c12c21801075bf37407c"},"headline":"Si\u00e8ge Social CMA CGM par Zaha HADID (Work in Progress)","datePublished":"2008-08-08T05:10:57+00:00","mainEntityOfPage":{"@id":"https:\/\/joyana.fr\/ja\/siege-social-cma-cgm-par-zaha-hadid-work-in-progress\/101424\/"},"wordCount":1105,"commentCount":2,"publisher":{"@id":"https:\/\/www.joyana.fr\/#\/schema\/person\/cf2a1ad12a27c12c21801075bf37407c"},"image":{"@id":"https:\/\/joyana.fr\/ja\/siege-social-cma-cgm-par-zaha-hadid-work-in-progress\/101424\/#primaryimage"},"thumbnailUrl":"https:\/\/i0.wp.com\/joyana.fr\/wp-content\/uploads\/2016\/08\/joyana-logo-black-360x180.png?fit=360%2C180&ssl=1","keywords":["Marseille","Zaha HADID"],"articleSection":["ARCHITECTURE","DECO-DESIGN"],"inLanguage":"ja","potentialAction":[{"@type":"CommentAction","name":"Comment","target":["https:\/\/joyana.fr\/ja\/siege-social-cma-cgm-par-zaha-hadid-work-in-progress\/101424\/#respond"]}]},{"@type":"WebPage","@id":"https:\/\/joyana.fr\/ja\/siege-social-cma-cgm-par-zaha-hadid-work-in-progress\/101424\/","url":"https:\/\/joyana.fr\/ja\/siege-social-cma-cgm-par-zaha-hadid-work-in-progress\/101424\/","name":"Si\u00e8ge Social CMA CGM par Zaha HADID (Work in Progress) - JO YANA","isPartOf":{"@id":"https:\/\/www.joyana.fr\/#website"},"primaryImageOfPage":{"@id":"https:\/\/joyana.fr\/ja\/siege-social-cma-cgm-par-zaha-hadid-work-in-progress\/101424\/#primaryimage"},"image":{"@id":"https:\/\/joyana.fr\/ja\/siege-social-cma-cgm-par-zaha-hadid-work-in-progress\/101424\/#primaryimage"},"thumbnailUrl":"https:\/\/i0.wp.com\/joyana.fr\/wp-content\/uploads\/2016\/08\/joyana-logo-black-360x180.png?fit=360%2C180&ssl=1","datePublished":"2008-08-08T05:10:57+00:00","breadcrumb":{"@id":"https:\/\/joyana.fr\/ja\/siege-social-cma-cgm-par-zaha-hadid-work-in-progress\/101424\/#breadcrumb"},"inLanguage":"ja","potentialAction":[{"@type":"ReadAction","target":["https:\/\/joyana.fr\/ja\/siege-social-cma-cgm-par-zaha-hadid-work-in-progress\/101424\/"]}]},{"@type":"ImageObject","inLanguage":"ja","@id":"https:\/\/joyana.fr\/ja\/siege-social-cma-cgm-par-zaha-hadid-work-in-progress\/101424\/#primaryimage","url":"https:\/\/i0.wp.com\/joyana.fr\/wp-content\/uploads\/2016\/08\/joyana-logo-black-360x180.png?fit=360%2C180&ssl=1","contentUrl":"https:\/\/i0.wp.com\/joyana.fr\/wp-content\/uploads\/2016\/08\/joyana-logo-black-360x180.png?fit=360%2C180&ssl=1","width":360,"height":180,"caption":"logo joyana.fr"},{"@type":"BreadcrumbList","@id":"https:\/\/joyana.fr\/ja\/siege-social-cma-cgm-par-zaha-hadid-work-in-progress\/101424\/#breadcrumb","itemListElement":[{"@type":"ListItem","position":1,"name":"Accueil","item":"https:\/\/www.joyana.fr\/"},{"@type":"ListItem","position":2,"name":"Si\u00e8ge Social CMA CGM par Zaha HADID (Work in Progress)"}]},{"@type":"WebSite","@id":"https:\/\/www.joyana.fr\/#website","url":"https:\/\/www.joyana.fr\/","name":"JO YANA","description":"Blog Mode Homme, Lifestyle, D\u00e9co-Design","publisher":{"@id":"https:\/\/www.joyana.fr\/#\/schema\/person\/cf2a1ad12a27c12c21801075bf37407c"},"potentialAction":[{"@type":"SearchAction","target":{"@type":"EntryPoint","urlTemplate":"https:\/\/www.joyana.fr\/?s={search_term_string}"},"query-input":{"@type":"PropertyValueSpecification","valueRequired":true,"valueName":"search_term_string"}}],"inLanguage":"ja"},{"@type":["Person","Organization"],"@id":"https:\/\/www.joyana.fr\/#\/schema\/person\/cf2a1ad12a27c12c21801075bf37407c","name":"Jo Yana","image":{"@type":"ImageObject","inLanguage":"ja","@id":"https:\/\/www.joyana.fr\/#\/schema\/person\/image\/","url":"https:\/\/i0.wp.com\/joyana.fr\/wp-content\/uploads\/2016\/08\/cropped-joyana-logo-black-360x180.png?fit=343%2C164&ssl=1","contentUrl":"https:\/\/i0.wp.com\/joyana.fr\/wp-content\/uploads\/2016\/08\/cropped-joyana-logo-black-360x180.png?fit=343%2C164&ssl=1","width":343,"height":164,"caption":"Jo Yana"},"logo":{"@id":"https:\/\/www.joyana.fr\/#\/schema\/person\/image\/"},"description":"Jo Yana est le cr\u00e9ateur et r\u00e9dacteur en chef des sites DECO-DESIGN. Passionn\u00e9 de Design, Mode, Photo, Luxe, Lifestyle, Musique, mais avant tout Blogueur ! Le plaisir de partager l'anime et a comme devise \"POUR L'AMOUR DU BEAU\". Retrouvez le aussi sur son blog personnel - https:\/\/joyana.fr...","sameAs":["https:\/\/joyana.fr\/"],"url":"https:\/\/joyana.fr\/ja\/author\/joyana\/"}]}},"author_meta":{"display_name":"Jo Yana","author_link":"https:\/\/joyana.fr\/ja\/author\/joyana\/"},"featured_img":"https:\/\/i0.wp.com\/joyana.fr\/wp-content\/uploads\/2016\/08\/joyana-logo-black-360x180.png?fit=360%2C180&ssl=1","featured_image_src":"https:\/\/i0.wp.com\/joyana.fr\/wp-content\/uploads\/2016\/08\/joyana-logo-black-360x180.png?resize=360%2C180&ssl=1","featured_image_src_square":"https:\/\/i0.wp.com\/joyana.fr\/wp-content\/uploads\/2016\/08\/joyana-logo-black-360x180.png?resize=360%2C180&ssl=1","jetpack_featured_media_url":"https:\/\/i0.wp.com\/joyana.fr\/wp-content\/uploads\/2016\/08\/joyana-logo-black-360x180.png?fit=360%2C180&ssl=1","uagb_featured_image_src":{"full":["https:\/\/i0.wp.com\/joyana.fr\/wp-content\/uploads\/2016\/08\/joyana-logo-black-360x180.png?fit=360%2C180&ssl=1",360,180,false],"thumbnail":["https:\/\/i0.wp.com\/joyana.fr\/wp-content\/uploads\/2016\/08\/joyana-logo-black-360x180.png?resize=150%2C150&ssl=1",150,150,true],"medium":["https:\/\/i0.wp.com\/joyana.fr\/wp-content\/uploads\/2016\/08\/joyana-logo-black-360x180.png?fit=360%2C180&ssl=1",360,180,true],"medium_large":["https:\/\/i0.wp.com\/joyana.fr\/wp-content\/uploads\/2016\/08\/joyana-logo-black-360x180.png?fit=360%2C180&ssl=1",360,180,true],"large":["https:\/\/i0.wp.com\/joyana.fr\/wp-content\/uploads\/2016\/08\/joyana-logo-black-360x180.png?fit=360%2C180&ssl=1",360,180,true],"1536x1536":["https:\/\/i0.wp.com\/joyana.fr\/wp-content\/uploads\/2016\/08\/joyana-logo-black-360x180.png?fit=360%2C180&ssl=1",360,180,true],"2048x2048":["https:\/\/i0.wp.com\/joyana.fr\/wp-content\/uploads\/2016\/08\/joyana-logo-black-360x180.png?fit=360%2C180&ssl=1",360,180,true],"featured-thumb":["https:\/\/i0.wp.com\/joyana.fr\/wp-content\/uploads\/2016\/08\/joyana-logo-black-360x180.png?resize=360%2C180&ssl=1",360,180,true],"ab-block-post-grid-landscape":["https:\/\/i0.wp.com\/joyana.fr\/wp-content\/uploads\/2016\/08\/joyana-logo-black-360x180.png?resize=360%2C180&ssl=1",360,180,true],"ab-block-post-grid-square":["https:\/\/i0.wp.com\/joyana.fr\/wp-content\/uploads\/2016\/08\/joyana-logo-black-360x180.png?resize=360%2C180&ssl=1",360,180,true],"author-pro-image":["https:\/\/i0.wp.com\/joyana.fr\/wp-content\/uploads\/2016\/08\/joyana-logo-black-360x180.png?resize=360%2C180&ssl=1",360,180,true],"slider":["https:\/\/i0.wp.com\/joyana.fr\/wp-content\/uploads\/2016\/08\/joyana-logo-black-360x180.png?resize=360%2C180&ssl=1",360,180,true],"woocommerce_thumbnail":["https:\/\/i0.wp.com\/joyana.fr\/wp-content\/uploads\/2016\/08\/joyana-logo-black-360x180.png?resize=300%2C180&ssl=1",300,180,true],"woocommerce_single":["https:\/\/i0.wp.com\/joyana.fr\/wp-content\/uploads\/2016\/08\/joyana-logo-black-360x180.png?fit=360%2C180&ssl=1",360,180,true],"woocommerce_gallery_thumbnail":["https:\/\/i0.wp.com\/joyana.fr\/wp-content\/uploads\/2016\/08\/joyana-logo-black-360x180.png?resize=180%2C180&ssl=1",180,180,true],"sow-carousel-default":["https:\/\/i0.wp.com\/joyana.fr\/wp-content\/uploads\/2016\/08\/joyana-logo-black-360x180.png?resize=272%2C180&ssl=1",272,180,true]},"uagb_author_info":{"display_name":"Jo Yana","author_link":"https:\/\/joyana.fr\/ja\/author\/joyana\/"},"uagb_comment_info":2,"uagb_excerpt":"Vous allez nous dire: encore Zaha Hadid? Mais comme nou&hellip;","coauthors":[],"tax_additional":{"categories":{"linked":["<a href=\"https:\/\/joyana.fr\/ja\/category\/portfolio\/architecture\/\" class=\"advgb-post-tax-term\">ARCHITECTURE<\/a>","<a href=\"https:\/\/joyana.fr\/ja\/category\/deco-design\/\" class=\"advgb-post-tax-term\">DECO-DESIGN<\/a>"],"unlinked":["<span class=\"advgb-post-tax-term\">ARCHITECTURE<\/span>","<span class=\"advgb-post-tax-term\">DECO-DESIGN<\/span>"]},"tags":{"linked":["<a href=\"https:\/\/joyana.fr\/ja\/category\/deco-design\/\" class=\"advgb-post-tax-term\">Marseille<\/a>","<a href=\"https:\/\/joyana.fr\/ja\/category\/deco-design\/\" class=\"advgb-post-tax-term\">Zaha HADID<\/a>"],"unlinked":["<span class=\"advgb-post-tax-term\">Marseille<\/span>","<span class=\"advgb-post-tax-term\">Zaha HADID<\/span>"]}},"comment_count":2,"relative_dates":{"created":"Posted 18\u5e74 ago","modified":"Updated 18\u5e74 ago"},"absolute_dates":{"created":"Posted on 8 8\u6708 2008","modified":"Updated on 8 8\u6708 2008"},"absolute_dates_time":{"created":"Posted on 8 8\u6708 2008 6:10","modified":"Updated on 8 8\u6708 2008 6:10"},"featured_img_caption":"","series_order":"","jetpack_sharing_enabled":true,"jetpack_shortlink":"https:\/\/wp.me\/p9bteI-qnS","jetpack-related-posts":[],"_links":{"self":[{"href":"https:\/\/joyana.fr\/ja\/wp-json\/wp\/v2\/posts\/101424","targetHints":{"allow":["GET"]}}],"collection":[{"href":"https:\/\/joyana.fr\/ja\/wp-json\/wp\/v2\/posts"}],"about":[{"href":"https:\/\/joyana.fr\/ja\/wp-json\/wp\/v2\/types\/post"}],"author":[{"embeddable":true,"href":"https:\/\/joyana.fr\/ja\/wp-json\/wp\/v2\/users\/3"}],"replies":[{"embeddable":true,"href":"https:\/\/joyana.fr\/ja\/wp-json\/wp\/v2\/comments?post=101424"}],"version-history":[{"count":0,"href":"https:\/\/joyana.fr\/ja\/wp-json\/wp\/v2\/posts\/101424\/revisions"}],"wp:featuredmedia":[{"embeddable":true,"href":"https:\/\/joyana.fr\/ja\/wp-json\/wp\/v2\/media\/124300"}],"wp:attachment":[{"href":"https:\/\/joyana.fr\/ja\/wp-json\/wp\/v2\/media?parent=101424"}],"wp:term":[{"taxonomy":"category","embeddable":true,"href":"https:\/\/joyana.fr\/ja\/wp-json\/wp\/v2\/categories?post=101424"},{"taxonomy":"post_tag","embeddable":true,"href":"https:\/\/joyana.fr\/ja\/wp-json\/wp\/v2\/tags?post=101424"}],"curies":[{"name":"wp","href":"https:\/\/api.w.org\/{rel}","templated":true}]}}