{"id":10150,"date":"2014-10-16T09:49:14","date_gmt":"2014-10-16T07:49:14","guid":{"rendered":"https:\/\/joyana.fr\/?p=10150"},"modified":"2014-10-16T09:49:14","modified_gmt":"2014-10-16T07:49:14","slug":"sneakers-camo-lucho-italia-independent-x-adidas","status":"publish","type":"post","link":"https:\/\/joyana.fr\/ja\/sneakers-camo-lucho-italia-independent-x-adidas\/10150\/","title":{"rendered":"ITALIA INDEPENDENT x ADIDAS"},"content":{"rendered":"<p><a href=\"https:\/\/i0.wp.com\/joyana.fr\/wp-content\/uploads\/2014\/10\/BLOG_LUCHO-ITALIA-INDEPENDENT-ADIDAS-copie.jpg?ssl=1\"><img data-recalc-dims=\"1\" fetchpriority=\"high\" decoding=\"async\" data-attachment-id=\"10151\" data-permalink=\"https:\/\/joyana.fr\/ja\/sneakers-camo-lucho-italia-independent-x-adidas\/10150\/blog_lucho-italia-independent-adidas-copie\/\" data-orig-file=\"https:\/\/i0.wp.com\/joyana.fr\/wp-content\/uploads\/2014\/10\/BLOG_LUCHO-ITALIA-INDEPENDENT-ADIDAS-copie.jpg?fit=1000%2C1000&amp;ssl=1\" data-orig-size=\"1000,1000\" data-comments-opened=\"1\" data-image-meta=\"{&quot;aperture&quot;:&quot;0&quot;,&quot;credit&quot;:&quot;&quot;,&quot;camera&quot;:&quot;&quot;,&quot;caption&quot;:&quot;&quot;,&quot;created_timestamp&quot;:&quot;0&quot;,&quot;copyright&quot;:&quot;&quot;,&quot;focal_length&quot;:&quot;0&quot;,&quot;iso&quot;:&quot;0&quot;,&quot;shutter_speed&quot;:&quot;0&quot;,&quot;title&quot;:&quot;&quot;,&quot;orientation&quot;:&quot;1&quot;}\" data-image-title=\"BLOG_LUCHO ITALIA INDEPENDENT ADIDAS copie\" data-image-description=\"\" data-image-caption=\"\" data-medium-file=\"https:\/\/i0.wp.com\/joyana.fr\/wp-content\/uploads\/2014\/10\/BLOG_LUCHO-ITALIA-INDEPENDENT-ADIDAS-copie.jpg?fit=389%2C389&amp;ssl=1\" data-large-file=\"https:\/\/i0.wp.com\/joyana.fr\/wp-content\/uploads\/2014\/10\/BLOG_LUCHO-ITALIA-INDEPENDENT-ADIDAS-copie.jpg?fit=1000%2C1000&amp;ssl=1\" class=\"alignnone size-large wp-image-10151\" src=\"https:\/\/i0.wp.com\/joyana.fr\/wp-content\/uploads\/2014\/10\/BLOG_LUCHO-ITALIA-INDEPENDENT-ADIDAS-copie.jpg?resize=650%2C650&#038;ssl=1\" alt=\"BLOG_LUCHO ITALIA INDEPENDENT ADIDAS copie\" width=\"650\" height=\"650\" \/><\/a><\/p>\n<p style=\"text-align: justify;\">Lucho a encore craqu\u00e9 ! #again &#8230; Cette fois-ci il arbore une paire de sneakers issue de la collaboration entre <strong><a title=\"ITALIA INDEPENDENT\" href=\"https:\/\/joyana.fr\/tag\/italia-independent\/\" target=\"_blank\">Italia Independent<\/a><\/strong> et <strong><a title=\"ADIDAS\" href=\"https:\/\/joyana.fr\/tag\/Adidas\/\" target=\"_blank\">Adidas<\/a><\/strong>. En effet la c\u00e9l\u00e8bre marque de lunettes italiennes a d\u00e9voil\u00e9 il y a quelques jours une collection comprenant sneakers, casquettes et sacs&#8230; C&#8217;est l&#8217;imprim\u00e9 camo d&#8217;un des mod\u00e8les qui a s\u00e9duit\u00a0mon fid\u00e8le ami&#8230;<\/p>\n<p style=\"text-align: justify;\"><!--more--><\/p>\n<p style=\"text-align: center;\">Collection <a href=\"http:\/\/www.italiaindependent.com\" target=\"_blank\">ITALIA INDEPENDENT<\/a> x <a href=\"http:\/\/www.adidas.fr\" target=\"_blank\">ADIDAS<\/a> disponible sur le <a href=\"http:\/\/www.adidas.fr\/originals_x_italia_independent?cm_mmc=AdieSEM_Google-_-Italie_Idependent-B-Broad-_-General-Italia_Independent-X-General-_-%2Badidas%20%2Bitalia%20%2Bindependent&amp;cm_mmca1=FR&amp;cm_mmca2=Broad&amp;utm_source=google&amp;utm_medium=cpc&amp;utm_term=%2Badidas%20%2Bitalia%20%2Bindependent&amp;utm_campaign=Italie_Idependent-B-Broad\" target=\"_blank\">shop officiel Adidas<\/a><\/p>\n<p style=\"text-align: center;\"><span style=\"color: #ffffff;\">.<\/span><\/p>\n","protected":false},"excerpt":{"rendered":"<p>Lucho a encore craqu\u00e9 ! #again &#8230; Cette fois ci il arbore une paire de sneakers issue de la collaboration entre Italia Independent et Adidas. En effet la c\u00e9l\u00e8bre marque de lunettes italiennes a d\u00e9voil\u00e9 il y a quelques jours une collection comprenant sneakers, casquettes et sacs&#8230; C&#8217;est l&#8217;imprim\u00e9 camo d&#8217;un des mod\u00e8les qui a s\u00e9duit mon fid\u00e8le ami&#8230;<\/p>\n","protected":false},"author":3,"featured_media":10151,"comment_status":"open","ping_status":"open","sticky":false,"template":"","format":"standard","meta":{"_coblocks_attr":"","_coblocks_dimensions":"","_coblocks_responsive_height":"","_coblocks_accordion_ie_support":"","_uag_custom_page_level_css":"","advgb_blocks_editor_width":"","advgb_blocks_columns_visual_guide":"","_genesis_hide_title":false,"_genesis_hide_breadcrumbs":false,"_genesis_hide_singular_image":false,"_genesis_hide_footer_widgets":false,"_genesis_custom_body_class":"","_genesis_custom_post_class":"","_genesis_layout":"","_themeisle_gutenberg_block_has_review":false,"_jetpack_newsletter_access":"","_jetpack_dont_email_post_to_subs":false,"_jetpack_newsletter_tier_id":0,"_jetpack_memberships_contains_paywalled_content":false,"_jetpack_memberships_contains_paid_content":false,"footnotes":""},"categories":[60,16],"tags":[162,96,81,150,510,25],"class_list":{"0":"post-10150","1":"post","2":"type-post","3":"status-publish","4":"format-standard","5":"has-post-thumbnail","7":"category-blog","8":"category-mode-homme","9":"tag-adidas","10":"tag-camo","11":"tag-collaboration","12":"tag-italia-independent","13":"tag-lucho","14":"tag-sneakers","15":"entry"},"featured_image_urls":{"full":["https:\/\/i0.wp.com\/joyana.fr\/wp-content\/uploads\/2014\/10\/BLOG_LUCHO-ITALIA-INDEPENDENT-ADIDAS-copie.jpg?fit=1000%2C1000&ssl=1",1000,1000,false],"thumbnail":["https:\/\/i0.wp.com\/joyana.fr\/wp-content\/uploads\/2014\/10\/BLOG_LUCHO-ITALIA-INDEPENDENT-ADIDAS-copie.jpg?resize=150%2C150&ssl=1",150,150,true],"medium":["https:\/\/i0.wp.com\/joyana.fr\/wp-content\/uploads\/2014\/10\/BLOG_LUCHO-ITALIA-INDEPENDENT-ADIDAS-copie.jpg?fit=389%2C389&ssl=1",389,389,true],"medium_large":["https:\/\/i0.wp.com\/joyana.fr\/wp-content\/uploads\/2014\/10\/BLOG_LUCHO-ITALIA-INDEPENDENT-ADIDAS-copie.jpg?fit=768%2C768&ssl=1",768,768,true],"large":["https:\/\/i0.wp.com\/joyana.fr\/wp-content\/uploads\/2014\/10\/BLOG_LUCHO-ITALIA-INDEPENDENT-ADIDAS-copie.jpg?fit=1000%2C1000&ssl=1",1000,1000,true],"1536x1536":["https:\/\/i0.wp.com\/joyana.fr\/wp-content\/uploads\/2014\/10\/BLOG_LUCHO-ITALIA-INDEPENDENT-ADIDAS-copie.jpg?fit=1000%2C1000&ssl=1",1000,1000,true],"2048x2048":["https:\/\/i0.wp.com\/joyana.fr\/wp-content\/uploads\/2014\/10\/BLOG_LUCHO-ITALIA-INDEPENDENT-ADIDAS-copie.jpg?fit=1000%2C1000&ssl=1",1000,1000,true],"featured-thumb":["https:\/\/i0.wp.com\/joyana.fr\/wp-content\/uploads\/2014\/10\/BLOG_LUCHO-ITALIA-INDEPENDENT-ADIDAS-copie.jpg?resize=1000%2C750&ssl=1",1000,750,true],"ab-block-post-grid-landscape":["https:\/\/i0.wp.com\/joyana.fr\/wp-content\/uploads\/2014\/10\/BLOG_LUCHO-ITALIA-INDEPENDENT-ADIDAS-copie.jpg?resize=600%2C400&ssl=1",600,400,true],"ab-block-post-grid-square":["https:\/\/i0.wp.com\/joyana.fr\/wp-content\/uploads\/2014\/10\/BLOG_LUCHO-ITALIA-INDEPENDENT-ADIDAS-copie.jpg?resize=600%2C600&ssl=1",600,600,true],"author-pro-image":["https:\/\/i0.wp.com\/joyana.fr\/wp-content\/uploads\/2014\/10\/BLOG_LUCHO-ITALIA-INDEPENDENT-ADIDAS-copie.jpg?resize=360%2C570&ssl=1",360,570,true],"slider":["https:\/\/i0.wp.com\/joyana.fr\/wp-content\/uploads\/2014\/10\/BLOG_LUCHO-ITALIA-INDEPENDENT-ADIDAS-copie.jpg?resize=920%2C400&ssl=1",920,400,true],"woocommerce_thumbnail":["https:\/\/i0.wp.com\/joyana.fr\/wp-content\/uploads\/2014\/10\/BLOG_LUCHO-ITALIA-INDEPENDENT-ADIDAS-copie.jpg?resize=450%2C450&ssl=1",450,450,true],"woocommerce_single":["https:\/\/i0.wp.com\/joyana.fr\/wp-content\/uploads\/2014\/10\/BLOG_LUCHO-ITALIA-INDEPENDENT-ADIDAS-copie.jpg?fit=920%2C920&ssl=1",920,920,true],"woocommerce_gallery_thumbnail":["https:\/\/i0.wp.com\/joyana.fr\/wp-content\/uploads\/2014\/10\/BLOG_LUCHO-ITALIA-INDEPENDENT-ADIDAS-copie.jpg?resize=180%2C180&ssl=1",180,180,true],"sow-carousel-default":["https:\/\/i0.wp.com\/joyana.fr\/wp-content\/uploads\/2014\/10\/BLOG_LUCHO-ITALIA-INDEPENDENT-ADIDAS-copie.jpg?resize=272%2C182&ssl=1",272,182,true]},"post_excerpt_stackable":"<p>Lucho a encore craqu\u00e9 ! #again &#8230; Cette fois ci il arbore une paire de sneakers issue de la collaboration entre Italia Independent et Adidas. En effet la c\u00e9l\u00e8bre marque de lunettes italiennes a d\u00e9voil\u00e9 il y a quelques jours une collection comprenant sneakers, casquettes et sacs&#8230; C&#8217;est l&#8217;imprim\u00e9 camo d&#8217;un des mod\u00e8les qui a s\u00e9duit mon fid\u00e8le ami&#8230;<\/p>\n","category_list":"<a href=\"https:\/\/joyana.fr\/ja\/category\/blog\/\" rel=\"category tag\">BLOG<\/a>, <a href=\"https:\/\/joyana.fr\/ja\/category\/blog\/mode-homme\/\" rel=\"category tag\">MODE HOMME<\/a>","author_info":{"display_name":"Jo Yana","author_link":"https:\/\/joyana.fr\/ja\/author\/joyana\/"},"comments_num":"0 comments","featured_image_urls_v2":{"full":["https:\/\/i0.wp.com\/joyana.fr\/wp-content\/uploads\/2014\/10\/BLOG_LUCHO-ITALIA-INDEPENDENT-ADIDAS-copie.jpg?fit=1000%2C1000&ssl=1",1000,1000,false],"thumbnail":["https:\/\/i0.wp.com\/joyana.fr\/wp-content\/uploads\/2014\/10\/BLOG_LUCHO-ITALIA-INDEPENDENT-ADIDAS-copie.jpg?resize=150%2C150&ssl=1",150,150,true],"medium":["https:\/\/i0.wp.com\/joyana.fr\/wp-content\/uploads\/2014\/10\/BLOG_LUCHO-ITALIA-INDEPENDENT-ADIDAS-copie.jpg?fit=389%2C389&ssl=1",389,389,true],"medium_large":["https:\/\/i0.wp.com\/joyana.fr\/wp-content\/uploads\/2014\/10\/BLOG_LUCHO-ITALIA-INDEPENDENT-ADIDAS-copie.jpg?fit=768%2C768&ssl=1",768,768,true],"large":["https:\/\/i0.wp.com\/joyana.fr\/wp-content\/uploads\/2014\/10\/BLOG_LUCHO-ITALIA-INDEPENDENT-ADIDAS-copie.jpg?fit=1000%2C1000&ssl=1",1000,1000,true],"1536x1536":["https:\/\/i0.wp.com\/joyana.fr\/wp-content\/uploads\/2014\/10\/BLOG_LUCHO-ITALIA-INDEPENDENT-ADIDAS-copie.jpg?fit=1000%2C1000&ssl=1",1000,1000,true],"2048x2048":["https:\/\/i0.wp.com\/joyana.fr\/wp-content\/uploads\/2014\/10\/BLOG_LUCHO-ITALIA-INDEPENDENT-ADIDAS-copie.jpg?fit=1000%2C1000&ssl=1",1000,1000,true],"featured-thumb":["https:\/\/i0.wp.com\/joyana.fr\/wp-content\/uploads\/2014\/10\/BLOG_LUCHO-ITALIA-INDEPENDENT-ADIDAS-copie.jpg?resize=1000%2C750&ssl=1",1000,750,true],"ab-block-post-grid-landscape":["https:\/\/i0.wp.com\/joyana.fr\/wp-content\/uploads\/2014\/10\/BLOG_LUCHO-ITALIA-INDEPENDENT-ADIDAS-copie.jpg?resize=600%2C400&ssl=1",600,400,true],"ab-block-post-grid-square":["https:\/\/i0.wp.com\/joyana.fr\/wp-content\/uploads\/2014\/10\/BLOG_LUCHO-ITALIA-INDEPENDENT-ADIDAS-copie.jpg?resize=600%2C600&ssl=1",600,600,true],"author-pro-image":["https:\/\/i0.wp.com\/joyana.fr\/wp-content\/uploads\/2014\/10\/BLOG_LUCHO-ITALIA-INDEPENDENT-ADIDAS-copie.jpg?resize=360%2C570&ssl=1",360,570,true],"slider":["https:\/\/i0.wp.com\/joyana.fr\/wp-content\/uploads\/2014\/10\/BLOG_LUCHO-ITALIA-INDEPENDENT-ADIDAS-copie.jpg?resize=920%2C400&ssl=1",920,400,true],"woocommerce_thumbnail":["https:\/\/i0.wp.com\/joyana.fr\/wp-content\/uploads\/2014\/10\/BLOG_LUCHO-ITALIA-INDEPENDENT-ADIDAS-copie.jpg?resize=450%2C450&ssl=1",450,450,true],"woocommerce_single":["https:\/\/i0.wp.com\/joyana.fr\/wp-content\/uploads\/2014\/10\/BLOG_LUCHO-ITALIA-INDEPENDENT-ADIDAS-copie.jpg?fit=920%2C920&ssl=1",920,920,true],"woocommerce_gallery_thumbnail":["https:\/\/i0.wp.com\/joyana.fr\/wp-content\/uploads\/2014\/10\/BLOG_LUCHO-ITALIA-INDEPENDENT-ADIDAS-copie.jpg?resize=180%2C180&ssl=1",180,180,true],"sow-carousel-default":["https:\/\/i0.wp.com\/joyana.fr\/wp-content\/uploads\/2014\/10\/BLOG_LUCHO-ITALIA-INDEPENDENT-ADIDAS-copie.jpg?resize=272%2C182&ssl=1",272,182,true]},"post_excerpt_stackable_v2":"<p>Lucho a encore craqu\u00e9 ! #again &#8230; Cette fois ci il arbore une paire de sneakers issue de la collaboration entre Italia Independent et Adidas. En effet la c\u00e9l\u00e8bre marque de lunettes italiennes a d\u00e9voil\u00e9 il y a quelques jours une collection comprenant sneakers, casquettes et sacs&#8230; C&#8217;est l&#8217;imprim\u00e9 camo d&#8217;un des mod\u00e8les qui a s\u00e9duit mon fid\u00e8le ami&#8230;<\/p>\n","category_list_v2":"<a href=\"https:\/\/joyana.fr\/ja\/category\/blog\/\" rel=\"category tag\">BLOG<\/a>, <a href=\"https:\/\/joyana.fr\/ja\/category\/blog\/mode-homme\/\" rel=\"category tag\">MODE HOMME<\/a>","author_info_v2":{"name":"Jo Yana","url":"https:\/\/joyana.fr\/ja\/author\/joyana\/"},"comments_num_v2":"0 comments","yoast_head":"<!-- This site is optimized with the Yoast SEO plugin v26.8 - https:\/\/yoast.com\/product\/yoast-seo-wordpress\/ -->\n<title>ITALIA INDEPENDENT x ADIDAS | Jo Yana<\/title>\n<meta name=\"description\" content=\"Lucho a encore craqu\u00e9 ! #again ... Cette fois ci il arbore une paire de sneakers issue de la collaboration entre Italia Independent et Adidas...\" \/>\n<meta name=\"robots\" content=\"index, follow, max-snippet:-1, max-image-preview:large, max-video-preview:-1\" \/>\n<link rel=\"canonical\" href=\"https:\/\/www.joyana.fr\/ja\/sneakers-camo-lucho-italia-independent-x-adidas\/10150\/\" \/>\n<meta property=\"og:locale\" content=\"ja_JP\" \/>\n<meta property=\"og:locale:alternate\" content=\"fr_FR\" \/>\n<meta property=\"og:locale:alternate\" content=\"en_US\" \/>\n<meta property=\"og:type\" content=\"article\" \/>\n<meta property=\"og:title\" content=\"ITALIA INDEPENDENT x ADIDAS | Jo Yana\" \/>\n<meta property=\"og:description\" content=\"Lucho a encore craqu\u00e9 ! #again ... Cette fois ci il arbore une paire de sneakers issue de la collaboration entre Italia Independent et Adidas...\" \/>\n<meta property=\"og:url\" content=\"https:\/\/joyana.fr\/ja\/sneakers-camo-lucho-italia-independent-x-adidas\/10150\/\" \/>\n<meta property=\"og:site_name\" content=\"JO YANA\" \/>\n<meta property=\"article:published_time\" content=\"2014-10-16T07:49:14+00:00\" \/>\n<meta property=\"og:image\" content=\"https:\/\/www.joyana.fr\/wp-content\/uploads\/2014\/10\/BLOG_LUCHO-ITALIA-INDEPENDENT-ADIDAS-copie.jpg\" \/>\n\t<meta property=\"og:image:width\" content=\"1000\" \/>\n\t<meta property=\"og:image:height\" content=\"1000\" \/>\n\t<meta property=\"og:image:type\" content=\"image\/jpeg\" \/>\n<meta name=\"author\" content=\"Jo Yana\" \/>\n<meta name=\"twitter:card\" content=\"summary_large_image\" \/>\n<meta name=\"twitter:creator\" content=\"@Jo_Yana\" \/>\n<meta name=\"twitter:site\" content=\"@Jo_Yana\" \/>\n<meta name=\"twitter:label1\" content=\"\u57f7\u7b46\u8005\" \/>\n\t<meta name=\"twitter:data1\" content=\"Jo Yana\" \/>\n<script type=\"application\/ld+json\" class=\"yoast-schema-graph\">{\"@context\":\"https:\/\/schema.org\",\"@graph\":[{\"@type\":\"Article\",\"@id\":\"https:\/\/www.joyana.fr\/ja\/sneakers-camo-lucho-italia-independent-x-adidas\/10150\/#article\",\"isPartOf\":{\"@id\":\"https:\/\/www.joyana.fr\/ja\/sneakers-camo-lucho-italia-independent-x-adidas\/10150\/\"},\"author\":{\"name\":\"Jo Yana\",\"@id\":\"https:\/\/joyana.fr\/#\/schema\/person\/cf2a1ad12a27c12c21801075bf37407c\"},\"headline\":\"ITALIA INDEPENDENT x ADIDAS\",\"datePublished\":\"2014-10-16T07:49:14+00:00\",\"mainEntityOfPage\":{\"@id\":\"https:\/\/www.joyana.fr\/ja\/sneakers-camo-lucho-italia-independent-x-adidas\/10150\/\"},\"wordCount\":80,\"commentCount\":0,\"publisher\":{\"@id\":\"https:\/\/joyana.fr\/#\/schema\/person\/cf2a1ad12a27c12c21801075bf37407c\"},\"image\":{\"@id\":\"https:\/\/www.joyana.fr\/ja\/sneakers-camo-lucho-italia-independent-x-adidas\/10150\/#primaryimage\"},\"thumbnailUrl\":\"https:\/\/i0.wp.com\/joyana.fr\/wp-content\/uploads\/2014\/10\/BLOG_LUCHO-ITALIA-INDEPENDENT-ADIDAS-copie.jpg?fit=1000%2C1000&ssl=1\",\"keywords\":[\"Adidas\",\"Camo\",\"Collaboration\",\"Italia Independent\",\"Lucho\",\"Sneakers\"],\"articleSection\":[\"BLOG\",\"MODE HOMME\"],\"inLanguage\":\"ja\",\"potentialAction\":[{\"@type\":\"CommentAction\",\"name\":\"Comment\",\"target\":[\"https:\/\/www.joyana.fr\/ja\/sneakers-camo-lucho-italia-independent-x-adidas\/10150\/#respond\"]}]},{\"@type\":\"WebPage\",\"@id\":\"https:\/\/www.joyana.fr\/ja\/sneakers-camo-lucho-italia-independent-x-adidas\/10150\/\",\"url\":\"https:\/\/www.joyana.fr\/ja\/sneakers-camo-lucho-italia-independent-x-adidas\/10150\/\",\"name\":\"ITALIA INDEPENDENT x ADIDAS | Jo Yana\",\"isPartOf\":{\"@id\":\"https:\/\/joyana.fr\/#website\"},\"primaryImageOfPage\":{\"@id\":\"https:\/\/www.joyana.fr\/ja\/sneakers-camo-lucho-italia-independent-x-adidas\/10150\/#primaryimage\"},\"image\":{\"@id\":\"https:\/\/www.joyana.fr\/ja\/sneakers-camo-lucho-italia-independent-x-adidas\/10150\/#primaryimage\"},\"thumbnailUrl\":\"https:\/\/i0.wp.com\/joyana.fr\/wp-content\/uploads\/2014\/10\/BLOG_LUCHO-ITALIA-INDEPENDENT-ADIDAS-copie.jpg?fit=1000%2C1000&ssl=1\",\"datePublished\":\"2014-10-16T07:49:14+00:00\",\"description\":\"Lucho a encore craqu\u00e9 ! #again ... Cette fois ci il arbore une paire de sneakers issue de la collaboration entre Italia Independent et Adidas...\",\"breadcrumb\":{\"@id\":\"https:\/\/www.joyana.fr\/ja\/sneakers-camo-lucho-italia-independent-x-adidas\/10150\/#breadcrumb\"},\"inLanguage\":\"ja\",\"potentialAction\":[{\"@type\":\"ReadAction\",\"target\":[\"https:\/\/www.joyana.fr\/ja\/sneakers-camo-lucho-italia-independent-x-adidas\/10150\/\"]}]},{\"@type\":\"ImageObject\",\"inLanguage\":\"ja\",\"@id\":\"https:\/\/www.joyana.fr\/ja\/sneakers-camo-lucho-italia-independent-x-adidas\/10150\/#primaryimage\",\"url\":\"https:\/\/i0.wp.com\/joyana.fr\/wp-content\/uploads\/2014\/10\/BLOG_LUCHO-ITALIA-INDEPENDENT-ADIDAS-copie.jpg?fit=1000%2C1000&ssl=1\",\"contentUrl\":\"https:\/\/i0.wp.com\/joyana.fr\/wp-content\/uploads\/2014\/10\/BLOG_LUCHO-ITALIA-INDEPENDENT-ADIDAS-copie.jpg?fit=1000%2C1000&ssl=1\",\"width\":1000,\"height\":1000},{\"@type\":\"BreadcrumbList\",\"@id\":\"https:\/\/www.joyana.fr\/ja\/sneakers-camo-lucho-italia-independent-x-adidas\/10150\/#breadcrumb\",\"itemListElement\":[{\"@type\":\"ListItem\",\"position\":1,\"name\":\"Accueil\",\"item\":\"https:\/\/joyana.fr\/\"},{\"@type\":\"ListItem\",\"position\":2,\"name\":\"ITALIA INDEPENDENT x ADIDAS\"}]},{\"@type\":\"WebSite\",\"@id\":\"https:\/\/joyana.fr\/#website\",\"url\":\"https:\/\/joyana.fr\/\",\"name\":\"JO YANA\",\"description\":\"Blog Mode Homme, Lifestyle, D\u00e9co-Design\",\"publisher\":{\"@id\":\"https:\/\/joyana.fr\/#\/schema\/person\/cf2a1ad12a27c12c21801075bf37407c\"},\"potentialAction\":[{\"@type\":\"SearchAction\",\"target\":{\"@type\":\"EntryPoint\",\"urlTemplate\":\"https:\/\/joyana.fr\/?s={search_term_string}\"},\"query-input\":{\"@type\":\"PropertyValueSpecification\",\"valueRequired\":true,\"valueName\":\"search_term_string\"}}],\"inLanguage\":\"ja\"},{\"@type\":[\"Person\",\"Organization\"],\"@id\":\"https:\/\/joyana.fr\/#\/schema\/person\/cf2a1ad12a27c12c21801075bf37407c\",\"name\":\"Jo Yana\",\"image\":{\"@type\":\"ImageObject\",\"inLanguage\":\"ja\",\"@id\":\"https:\/\/joyana.fr\/#\/schema\/person\/image\/\",\"url\":\"https:\/\/i0.wp.com\/joyana.fr\/wp-content\/uploads\/2016\/08\/cropped-joyana-logo-black-360x180.png?fit=343%2C164&ssl=1\",\"contentUrl\":\"https:\/\/i0.wp.com\/joyana.fr\/wp-content\/uploads\/2016\/08\/cropped-joyana-logo-black-360x180.png?fit=343%2C164&ssl=1\",\"width\":343,\"height\":164,\"caption\":\"Jo Yana\"},\"logo\":{\"@id\":\"https:\/\/joyana.fr\/#\/schema\/person\/image\/\"},\"description\":\"Jo Yana est le cr\u00e9ateur et r\u00e9dacteur en chef des sites DECO-DESIGN. Passionn\u00e9 de Design, Mode, Photo, Luxe, Lifestyle, Musique, mais avant tout Blogueur ! Le plaisir de partager l'anime et a comme devise \\\"POUR L'AMOUR DU BEAU\\\". Retrouvez le aussi sur son blog personnel - https:\/\/joyana.fr...\",\"sameAs\":[\"https:\/\/joyana.fr\/\"],\"url\":\"https:\/\/joyana.fr\/ja\/author\/joyana\/\"}]}<\/script>\n<!-- \/ Yoast SEO plugin. -->","yoast_head_json":{"title":"ITALIA INDEPENDENT x ADIDAS | Jo Yana","description":"Lucho a encore craqu\u00e9 ! #again ... Cette fois ci il arbore une paire de sneakers issue de la collaboration entre Italia Independent et Adidas...","robots":{"index":"index","follow":"follow","max-snippet":"max-snippet:-1","max-image-preview":"max-image-preview:large","max-video-preview":"max-video-preview:-1"},"canonical":"https:\/\/www.joyana.fr\/ja\/sneakers-camo-lucho-italia-independent-x-adidas\/10150\/","og_locale":"ja_JP","og_type":"article","og_title":"ITALIA INDEPENDENT x ADIDAS | Jo Yana","og_description":"Lucho a encore craqu\u00e9 ! #again ... Cette fois ci il arbore une paire de sneakers issue de la collaboration entre Italia Independent et Adidas...","og_url":"https:\/\/joyana.fr\/ja\/sneakers-camo-lucho-italia-independent-x-adidas\/10150\/","og_site_name":"JO YANA","article_published_time":"2014-10-16T07:49:14+00:00","og_image":[{"width":1000,"height":1000,"url":"https:\/\/www.joyana.fr\/wp-content\/uploads\/2014\/10\/BLOG_LUCHO-ITALIA-INDEPENDENT-ADIDAS-copie.jpg","type":"image\/jpeg"}],"author":"Jo Yana","twitter_card":"summary_large_image","twitter_creator":"@Jo_Yana","twitter_site":"@Jo_Yana","twitter_misc":{"\u57f7\u7b46\u8005":"Jo Yana"},"schema":{"@context":"https:\/\/schema.org","@graph":[{"@type":"Article","@id":"https:\/\/www.joyana.fr\/ja\/sneakers-camo-lucho-italia-independent-x-adidas\/10150\/#article","isPartOf":{"@id":"https:\/\/www.joyana.fr\/ja\/sneakers-camo-lucho-italia-independent-x-adidas\/10150\/"},"author":{"name":"Jo Yana","@id":"https:\/\/joyana.fr\/#\/schema\/person\/cf2a1ad12a27c12c21801075bf37407c"},"headline":"ITALIA INDEPENDENT x ADIDAS","datePublished":"2014-10-16T07:49:14+00:00","mainEntityOfPage":{"@id":"https:\/\/www.joyana.fr\/ja\/sneakers-camo-lucho-italia-independent-x-adidas\/10150\/"},"wordCount":80,"commentCount":0,"publisher":{"@id":"https:\/\/joyana.fr\/#\/schema\/person\/cf2a1ad12a27c12c21801075bf37407c"},"image":{"@id":"https:\/\/www.joyana.fr\/ja\/sneakers-camo-lucho-italia-independent-x-adidas\/10150\/#primaryimage"},"thumbnailUrl":"https:\/\/i0.wp.com\/joyana.fr\/wp-content\/uploads\/2014\/10\/BLOG_LUCHO-ITALIA-INDEPENDENT-ADIDAS-copie.jpg?fit=1000%2C1000&ssl=1","keywords":["Adidas","Camo","Collaboration","Italia Independent","Lucho","Sneakers"],"articleSection":["BLOG","MODE HOMME"],"inLanguage":"ja","potentialAction":[{"@type":"CommentAction","name":"Comment","target":["https:\/\/www.joyana.fr\/ja\/sneakers-camo-lucho-italia-independent-x-adidas\/10150\/#respond"]}]},{"@type":"WebPage","@id":"https:\/\/www.joyana.fr\/ja\/sneakers-camo-lucho-italia-independent-x-adidas\/10150\/","url":"https:\/\/www.joyana.fr\/ja\/sneakers-camo-lucho-italia-independent-x-adidas\/10150\/","name":"ITALIA INDEPENDENT x ADIDAS | Jo Yana","isPartOf":{"@id":"https:\/\/joyana.fr\/#website"},"primaryImageOfPage":{"@id":"https:\/\/www.joyana.fr\/ja\/sneakers-camo-lucho-italia-independent-x-adidas\/10150\/#primaryimage"},"image":{"@id":"https:\/\/www.joyana.fr\/ja\/sneakers-camo-lucho-italia-independent-x-adidas\/10150\/#primaryimage"},"thumbnailUrl":"https:\/\/i0.wp.com\/joyana.fr\/wp-content\/uploads\/2014\/10\/BLOG_LUCHO-ITALIA-INDEPENDENT-ADIDAS-copie.jpg?fit=1000%2C1000&ssl=1","datePublished":"2014-10-16T07:49:14+00:00","description":"Lucho a encore craqu\u00e9 ! #again ... Cette fois ci il arbore une paire de sneakers issue de la collaboration entre Italia Independent et Adidas...","breadcrumb":{"@id":"https:\/\/www.joyana.fr\/ja\/sneakers-camo-lucho-italia-independent-x-adidas\/10150\/#breadcrumb"},"inLanguage":"ja","potentialAction":[{"@type":"ReadAction","target":["https:\/\/www.joyana.fr\/ja\/sneakers-camo-lucho-italia-independent-x-adidas\/10150\/"]}]},{"@type":"ImageObject","inLanguage":"ja","@id":"https:\/\/www.joyana.fr\/ja\/sneakers-camo-lucho-italia-independent-x-adidas\/10150\/#primaryimage","url":"https:\/\/i0.wp.com\/joyana.fr\/wp-content\/uploads\/2014\/10\/BLOG_LUCHO-ITALIA-INDEPENDENT-ADIDAS-copie.jpg?fit=1000%2C1000&ssl=1","contentUrl":"https:\/\/i0.wp.com\/joyana.fr\/wp-content\/uploads\/2014\/10\/BLOG_LUCHO-ITALIA-INDEPENDENT-ADIDAS-copie.jpg?fit=1000%2C1000&ssl=1","width":1000,"height":1000},{"@type":"BreadcrumbList","@id":"https:\/\/www.joyana.fr\/ja\/sneakers-camo-lucho-italia-independent-x-adidas\/10150\/#breadcrumb","itemListElement":[{"@type":"ListItem","position":1,"name":"Accueil","item":"https:\/\/joyana.fr\/"},{"@type":"ListItem","position":2,"name":"ITALIA INDEPENDENT x ADIDAS"}]},{"@type":"WebSite","@id":"https:\/\/joyana.fr\/#website","url":"https:\/\/joyana.fr\/","name":"JO YANA","description":"Blog Mode Homme, Lifestyle, D\u00e9co-Design","publisher":{"@id":"https:\/\/joyana.fr\/#\/schema\/person\/cf2a1ad12a27c12c21801075bf37407c"},"potentialAction":[{"@type":"SearchAction","target":{"@type":"EntryPoint","urlTemplate":"https:\/\/joyana.fr\/?s={search_term_string}"},"query-input":{"@type":"PropertyValueSpecification","valueRequired":true,"valueName":"search_term_string"}}],"inLanguage":"ja"},{"@type":["Person","Organization"],"@id":"https:\/\/joyana.fr\/#\/schema\/person\/cf2a1ad12a27c12c21801075bf37407c","name":"Jo Yana","image":{"@type":"ImageObject","inLanguage":"ja","@id":"https:\/\/joyana.fr\/#\/schema\/person\/image\/","url":"https:\/\/i0.wp.com\/joyana.fr\/wp-content\/uploads\/2016\/08\/cropped-joyana-logo-black-360x180.png?fit=343%2C164&ssl=1","contentUrl":"https:\/\/i0.wp.com\/joyana.fr\/wp-content\/uploads\/2016\/08\/cropped-joyana-logo-black-360x180.png?fit=343%2C164&ssl=1","width":343,"height":164,"caption":"Jo Yana"},"logo":{"@id":"https:\/\/joyana.fr\/#\/schema\/person\/image\/"},"description":"Jo Yana est le cr\u00e9ateur et r\u00e9dacteur en chef des sites DECO-DESIGN. Passionn\u00e9 de Design, Mode, Photo, Luxe, Lifestyle, Musique, mais avant tout Blogueur ! Le plaisir de partager l'anime et a comme devise \"POUR L'AMOUR DU BEAU\". Retrouvez le aussi sur son blog personnel - https:\/\/joyana.fr...","sameAs":["https:\/\/joyana.fr\/"],"url":"https:\/\/joyana.fr\/ja\/author\/joyana\/"}]}},"author_meta":{"display_name":"Jo Yana","author_link":"https:\/\/joyana.fr\/ja\/author\/joyana\/"},"featured_img":"https:\/\/i0.wp.com\/joyana.fr\/wp-content\/uploads\/2014\/10\/BLOG_LUCHO-ITALIA-INDEPENDENT-ADIDAS-copie.jpg?fit=389%2C389&ssl=1","featured_image_src":"https:\/\/i0.wp.com\/joyana.fr\/wp-content\/uploads\/2014\/10\/BLOG_LUCHO-ITALIA-INDEPENDENT-ADIDAS-copie.jpg?resize=600%2C400&ssl=1","featured_image_src_square":"https:\/\/i0.wp.com\/joyana.fr\/wp-content\/uploads\/2014\/10\/BLOG_LUCHO-ITALIA-INDEPENDENT-ADIDAS-copie.jpg?resize=600%2C600&ssl=1","jetpack_featured_media_url":"https:\/\/i0.wp.com\/joyana.fr\/wp-content\/uploads\/2014\/10\/BLOG_LUCHO-ITALIA-INDEPENDENT-ADIDAS-copie.jpg?fit=1000%2C1000&ssl=1","uagb_featured_image_src":{"full":["https:\/\/i0.wp.com\/joyana.fr\/wp-content\/uploads\/2014\/10\/BLOG_LUCHO-ITALIA-INDEPENDENT-ADIDAS-copie.jpg?fit=1000%2C1000&ssl=1",1000,1000,false],"thumbnail":["https:\/\/i0.wp.com\/joyana.fr\/wp-content\/uploads\/2014\/10\/BLOG_LUCHO-ITALIA-INDEPENDENT-ADIDAS-copie.jpg?resize=150%2C150&ssl=1",150,150,true],"medium":["https:\/\/i0.wp.com\/joyana.fr\/wp-content\/uploads\/2014\/10\/BLOG_LUCHO-ITALIA-INDEPENDENT-ADIDAS-copie.jpg?fit=389%2C389&ssl=1",389,389,true],"medium_large":["https:\/\/i0.wp.com\/joyana.fr\/wp-content\/uploads\/2014\/10\/BLOG_LUCHO-ITALIA-INDEPENDENT-ADIDAS-copie.jpg?fit=768%2C768&ssl=1",768,768,true],"large":["https:\/\/i0.wp.com\/joyana.fr\/wp-content\/uploads\/2014\/10\/BLOG_LUCHO-ITALIA-INDEPENDENT-ADIDAS-copie.jpg?fit=1000%2C1000&ssl=1",1000,1000,true],"1536x1536":["https:\/\/i0.wp.com\/joyana.fr\/wp-content\/uploads\/2014\/10\/BLOG_LUCHO-ITALIA-INDEPENDENT-ADIDAS-copie.jpg?fit=1000%2C1000&ssl=1",1000,1000,true],"2048x2048":["https:\/\/i0.wp.com\/joyana.fr\/wp-content\/uploads\/2014\/10\/BLOG_LUCHO-ITALIA-INDEPENDENT-ADIDAS-copie.jpg?fit=1000%2C1000&ssl=1",1000,1000,true],"featured-thumb":["https:\/\/i0.wp.com\/joyana.fr\/wp-content\/uploads\/2014\/10\/BLOG_LUCHO-ITALIA-INDEPENDENT-ADIDAS-copie.jpg?resize=1000%2C750&ssl=1",1000,750,true],"ab-block-post-grid-landscape":["https:\/\/i0.wp.com\/joyana.fr\/wp-content\/uploads\/2014\/10\/BLOG_LUCHO-ITALIA-INDEPENDENT-ADIDAS-copie.jpg?resize=600%2C400&ssl=1",600,400,true],"ab-block-post-grid-square":["https:\/\/i0.wp.com\/joyana.fr\/wp-content\/uploads\/2014\/10\/BLOG_LUCHO-ITALIA-INDEPENDENT-ADIDAS-copie.jpg?resize=600%2C600&ssl=1",600,600,true],"author-pro-image":["https:\/\/i0.wp.com\/joyana.fr\/wp-content\/uploads\/2014\/10\/BLOG_LUCHO-ITALIA-INDEPENDENT-ADIDAS-copie.jpg?resize=360%2C570&ssl=1",360,570,true],"slider":["https:\/\/i0.wp.com\/joyana.fr\/wp-content\/uploads\/2014\/10\/BLOG_LUCHO-ITALIA-INDEPENDENT-ADIDAS-copie.jpg?resize=920%2C400&ssl=1",920,400,true],"woocommerce_thumbnail":["https:\/\/i0.wp.com\/joyana.fr\/wp-content\/uploads\/2014\/10\/BLOG_LUCHO-ITALIA-INDEPENDENT-ADIDAS-copie.jpg?resize=450%2C450&ssl=1",450,450,true],"woocommerce_single":["https:\/\/i0.wp.com\/joyana.fr\/wp-content\/uploads\/2014\/10\/BLOG_LUCHO-ITALIA-INDEPENDENT-ADIDAS-copie.jpg?fit=920%2C920&ssl=1",920,920,true],"woocommerce_gallery_thumbnail":["https:\/\/i0.wp.com\/joyana.fr\/wp-content\/uploads\/2014\/10\/BLOG_LUCHO-ITALIA-INDEPENDENT-ADIDAS-copie.jpg?resize=180%2C180&ssl=1",180,180,true],"sow-carousel-default":["https:\/\/i0.wp.com\/joyana.fr\/wp-content\/uploads\/2014\/10\/BLOG_LUCHO-ITALIA-INDEPENDENT-ADIDAS-copie.jpg?resize=272%2C182&ssl=1",272,182,true]},"uagb_author_info":{"display_name":"Jo Yana","author_link":"https:\/\/joyana.fr\/ja\/author\/joyana\/"},"uagb_comment_info":0,"uagb_excerpt":"Lucho a encore craqu\u00e9 ! #again ... Cette fois ci il arb&hellip;","coauthors":[],"tax_additional":{"categories":{"linked":["<a href=\"https:\/\/joyana.fr\/ja\/category\/blog\/\" class=\"advgb-post-tax-term\">BLOG<\/a>","<a href=\"https:\/\/joyana.fr\/ja\/category\/blog\/mode-homme\/\" class=\"advgb-post-tax-term\">MODE HOMME<\/a>"],"unlinked":["<span class=\"advgb-post-tax-term\">BLOG<\/span>","<span class=\"advgb-post-tax-term\">MODE HOMME<\/span>"]},"tags":{"linked":["<a href=\"https:\/\/joyana.fr\/ja\/category\/blog\/mode-homme\/\" class=\"advgb-post-tax-term\">Adidas<\/a>","<a href=\"https:\/\/joyana.fr\/ja\/category\/blog\/mode-homme\/\" class=\"advgb-post-tax-term\">Camo<\/a>","<a href=\"https:\/\/joyana.fr\/ja\/category\/blog\/mode-homme\/\" class=\"advgb-post-tax-term\">Collaboration<\/a>","<a href=\"https:\/\/joyana.fr\/ja\/category\/blog\/mode-homme\/\" class=\"advgb-post-tax-term\">Italia Independent<\/a>","<a href=\"https:\/\/joyana.fr\/ja\/category\/blog\/mode-homme\/\" class=\"advgb-post-tax-term\">Lucho<\/a>","<a href=\"https:\/\/joyana.fr\/ja\/category\/blog\/mode-homme\/\" class=\"advgb-post-tax-term\">Sneakers<\/a>"],"unlinked":["<span class=\"advgb-post-tax-term\">Adidas<\/span>","<span class=\"advgb-post-tax-term\">Camo<\/span>","<span class=\"advgb-post-tax-term\">Collaboration<\/span>","<span class=\"advgb-post-tax-term\">Italia Independent<\/span>","<span class=\"advgb-post-tax-term\">Lucho<\/span>","<span class=\"advgb-post-tax-term\">Sneakers<\/span>"]}},"comment_count":0,"relative_dates":{"created":"Posted 12\u5e74 ago","modified":"Updated 12\u5e74 ago"},"absolute_dates":{"created":"Posted on 16 10\u6708 2014","modified":"Updated on 16 10\u6708 2014"},"absolute_dates_time":{"created":"Posted on 16 10\u6708 2014 9:49","modified":"Updated on 16 10\u6708 2014 9:49"},"featured_img_caption":"","series_order":"","jetpack_sharing_enabled":true,"jetpack_shortlink":"https:\/\/wp.me\/p9bteI-2DI","jetpack-related-posts":[],"_links":{"self":[{"href":"https:\/\/joyana.fr\/ja\/wp-json\/wp\/v2\/posts\/10150","targetHints":{"allow":["GET"]}}],"collection":[{"href":"https:\/\/joyana.fr\/ja\/wp-json\/wp\/v2\/posts"}],"about":[{"href":"https:\/\/joyana.fr\/ja\/wp-json\/wp\/v2\/types\/post"}],"author":[{"embeddable":true,"href":"https:\/\/joyana.fr\/ja\/wp-json\/wp\/v2\/users\/3"}],"replies":[{"embeddable":true,"href":"https:\/\/joyana.fr\/ja\/wp-json\/wp\/v2\/comments?post=10150"}],"version-history":[{"count":0,"href":"https:\/\/joyana.fr\/ja\/wp-json\/wp\/v2\/posts\/10150\/revisions"}],"wp:featuredmedia":[{"embeddable":true,"href":"https:\/\/joyana.fr\/ja\/wp-json\/wp\/v2\/media\/10151"}],"wp:attachment":[{"href":"https:\/\/joyana.fr\/ja\/wp-json\/wp\/v2\/media?parent=10150"}],"wp:term":[{"taxonomy":"category","embeddable":true,"href":"https:\/\/joyana.fr\/ja\/wp-json\/wp\/v2\/categories?post=10150"},{"taxonomy":"post_tag","embeddable":true,"href":"https:\/\/joyana.fr\/ja\/wp-json\/wp\/v2\/tags?post=10150"}],"curies":[{"name":"wp","href":"https:\/\/api.w.org\/{rel}","templated":true}]}}