{"id":101686,"date":"2008-10-18T10:56:50","date_gmt":"2008-10-18T09:56:50","guid":{"rendered":"https:\/\/joyana.fr\/divina-par-fabio-novembre\/"},"modified":"2008-10-18T10:56:50","modified_gmt":"2008-10-18T09:56:50","slug":"divina-par-fabio-novembre","status":"publish","type":"post","link":"https:\/\/joyana.fr\/ja\/divina-par-fabio-novembre\/101686\/","title":{"rendered":"Divina par Fabio NOVEMBRE"},"content":{"rendered":"<p>Notre \u00e9quipe a totalement craqu\u00e9 sur ce canap\u00e9 nomm\u00e9 <strong>Divina<\/strong>, r\u00e9alis\u00e9 par le talentueux <strong>Fabio Novembre<\/strong>. Cette pi\u00e8ce de collection flirte entre le design et l\u2019art contemporain car limit\u00e9e \u00e0 seulement 100 exemplaires, elle fera le bonheur des collectionneurs.<\/p>\n<p><img data-recalc-dims=\"1\" fetchpriority=\"high\" decoding=\"async\" border=\"0\" align=\"top\" width=\"500\" src=\"https:\/\/i0.wp.com\/joyana.fr\/wp-content\/uploads\/divina-driade-ref86910103.jpg?resize=500%2C580&#038;ssl=1\" hspace=\"8\" alt=\"Divina par Fabio NOVEMBRE\" height=\"580\" \/><\/p>\n<p>Texte made in design :<em> Apr\u00e8s le c\u00e9l\u00e8bre sofa en forme de l\u00e8vres de Dali, voici <strong>DIVINA<\/strong>, future pi\u00e8ce culte du XXI\u00e8me sign\u00e9e <strong>Fabio Novembre<\/strong>, l\u2019un des designers les plus transgressifs de la derni\u00e8re d\u00e9cennie. Sur une banquette de style minimaliste est \u00e9tendue langoureusement une silhouette f\u00e9minine qui sert en r\u00e9alit\u00e9 de dossier au canap\u00e9. Ce meuble-sculpture, situ\u00e9 \u00e0 la fronti\u00e8re entre l\u2019art contemporain et le design, est une v\u00e9ritable pi\u00e8ce de collection num\u00e9rot\u00e9e (seulement 100 exemplaires fabriqu\u00e9s dans le monde). Cette oeuvre sensationnelle et provocatrice s\u2019expose comme une oeuvre d\u2019art dans un salon.<\/em><\/p>\n<p><em><img data-recalc-dims=\"1\" decoding=\"async\" border=\"0\" align=\"top\" width=\"500\" src=\"https:\/\/i0.wp.com\/joyana.fr\/wp-content\/uploads\/divina-driade-ref86910105.jpg?resize=500%2C594&#038;ssl=1\" hspace=\"8\" alt=\"Divina par Fabio NOVEMBRE\" height=\"594\" \/><\/em><\/p>\n<p><em>La silhouette f\u00e9minine rappelle un grand \u00ab Nu allong\u00e9 \u00bb du sculpteur anglais Henry Moore. Elle fait \u00e9galement r\u00e9f\u00e9rence \u00e0 l\u2019iconographie de \u2019\u2019l\u2019Odalisque\u2019\u2019, esclave de harem sensuelle, repr\u00e9sent\u00e9e nue et allong\u00e9e sur un lit. Privil\u00e9giant les formes anthropomorphiques, le design devient pour Fabio Novembre un v\u00e9ritable moyen d\u2019expression qui n\u2019est plus limit\u00e9 par des formes strictement fonctionnalistes. Son mobilier \u00e9chappe ainsi au conformisme et \u00e0 la monotonie. Il faut regarder de tous ses yeux, se laisser prendre, ne pas s\u2019interroger sur la valeur du frisson ressenti lorsque l\u2019on pose sa t\u00eate au creux des formes voluptueuses&#8230;<\/em><em><br \/>\nL\u2019<strong>assise<\/strong> rembourr\u00e9e est recouverte d\u2019un luxueux rev\u00eatement en cuir capitonn\u00e9 noir. Le dossier-sculpture est r\u00e9alis\u00e9 en polyur\u00e9thane rev\u00eatu d\u2019\u00e9lastom\u00e8re doux au toucher. Le pi\u00e8tement est en fusion d\u2019acier inoxydable.<\/em><\/p>\n<p><img data-recalc-dims=\"1\" decoding=\"async\" border=\"0\" align=\"top\" width=\"500\" src=\"https:\/\/i0.wp.com\/joyana.fr\/wp-content\/uploads\/divina-driade-ref86910100.jpg?resize=500%2C375&#038;ssl=1\" hspace=\"8\" alt=\"Divina par Fabio NOVEMBRE\" height=\"375\" \/><\/p>\n<p><a href=\"http:\/\/www.driade.com\/\"><strong>http:\/\/www.driade.com\/<\/strong><\/a><\/p>\n<p><a href=\"http:\/\/www.novembre.it\/\"><strong>http:\/\/www.novembre.it\/<\/strong><\/a><\/p>\n<p>Disponible chez notre partenaire :<\/p>\n<p>\u00a0\u00a0\u00a0\u00a0 <a href=\"http:\/\/ad.zanox.com\/ppc\/?6065411C712194472T\"><img loading=\"lazy\" decoding=\"async\" border=\"0\" align=\"bottom\" width=\"468\" src=\"http:\/\/ad.zanox.com\/ppv\/?6065411C712194472\" hspace=\"1\" alt=\"Made In Design - Le leader du design\" height=\"60\" \/><\/a><\/p>\n<p>\u00a0&#8212;&#8212;&#8212;&#8212;-<\/p>\n<p><a href=\"mailto:jo_yana@hotmail.com\">Jo Yana<\/a><\/p>\n","protected":false},"excerpt":{"rendered":"<p>Notre \u00e9quipe a totalement craqu\u00e9 sur ce canap\u00e9 nomm\u00e9 Divina, r\u00e9alis\u00e9 par le talentueux Fabio Novembre. Cette p [&hellip;]<\/p>\n","protected":false},"author":3,"featured_media":125483,"comment_status":"open","ping_status":"open","sticky":false,"template":"","format":"standard","meta":{"_coblocks_attr":"","_coblocks_dimensions":"","_coblocks_responsive_height":"","_coblocks_accordion_ie_support":"","_uag_custom_page_level_css":"","advgb_blocks_editor_width":"","advgb_blocks_columns_visual_guide":"","_genesis_hide_title":false,"_genesis_hide_breadcrumbs":false,"_genesis_hide_singular_image":false,"_genesis_hide_footer_widgets":false,"_genesis_custom_body_class":"","_genesis_custom_post_class":"","_genesis_layout":"","_themeisle_gutenberg_block_has_review":false,"_jetpack_newsletter_access":"","_jetpack_dont_email_post_to_subs":false,"_jetpack_newsletter_tier_id":0,"_jetpack_memberships_contains_paywalled_content":false,"_jetpack_memberships_contains_paid_content":false,"footnotes":""},"categories":[940,948,949,905,977],"tags":[943,112,78,910],"class_list":{"0":"post-101686","1":"post","2":"type-post","3":"status-publish","4":"format-standard","5":"has-post-thumbnail","7":"category-art-contemporain","8":"category-assise","9":"category-canape","10":"category-deco-design","11":"category-fabio-novembre","12":"tag-art-contemporain","13":"tag-cuir","14":"tag-design","15":"tag-noir","16":"entry"},"featured_image_urls":{"full":["https:\/\/i0.wp.com\/joyana.fr\/wp-content\/uploads\/2017\/07\/unnamed-file-28.gif?fit=88%2C31&ssl=1",88,31,false],"thumbnail":["https:\/\/i0.wp.com\/joyana.fr\/wp-content\/uploads\/2017\/07\/unnamed-file-28.gif?resize=88%2C31&ssl=1",88,31,true],"medium":["https:\/\/i0.wp.com\/joyana.fr\/wp-content\/uploads\/2017\/07\/unnamed-file-28.gif?fit=88%2C31&ssl=1",88,31,true],"medium_large":["https:\/\/i0.wp.com\/joyana.fr\/wp-content\/uploads\/2017\/07\/unnamed-file-28.gif?fit=88%2C31&ssl=1",88,31,true],"large":["https:\/\/i0.wp.com\/joyana.fr\/wp-content\/uploads\/2017\/07\/unnamed-file-28.gif?fit=88%2C31&ssl=1",88,31,true],"1536x1536":["https:\/\/i0.wp.com\/joyana.fr\/wp-content\/uploads\/2017\/07\/unnamed-file-28.gif?fit=88%2C31&ssl=1",88,31,true],"2048x2048":["https:\/\/i0.wp.com\/joyana.fr\/wp-content\/uploads\/2017\/07\/unnamed-file-28.gif?fit=88%2C31&ssl=1",88,31,true],"featured-thumb":["https:\/\/i0.wp.com\/joyana.fr\/wp-content\/uploads\/2017\/07\/unnamed-file-28.gif?resize=88%2C31&ssl=1",88,31,true],"ab-block-post-grid-landscape":["https:\/\/i0.wp.com\/joyana.fr\/wp-content\/uploads\/2017\/07\/unnamed-file-28.gif?resize=88%2C31&ssl=1",88,31,true],"ab-block-post-grid-square":["https:\/\/i0.wp.com\/joyana.fr\/wp-content\/uploads\/2017\/07\/unnamed-file-28.gif?resize=88%2C31&ssl=1",88,31,true],"author-pro-image":["https:\/\/i0.wp.com\/joyana.fr\/wp-content\/uploads\/2017\/07\/unnamed-file-28.gif?resize=88%2C31&ssl=1",88,31,true],"slider":["https:\/\/i0.wp.com\/joyana.fr\/wp-content\/uploads\/2017\/07\/unnamed-file-28.gif?resize=88%2C31&ssl=1",88,31,true],"woocommerce_thumbnail":["https:\/\/i0.wp.com\/joyana.fr\/wp-content\/uploads\/2017\/07\/unnamed-file-28.gif?resize=88%2C31&ssl=1",88,31,true],"woocommerce_single":["https:\/\/i0.wp.com\/joyana.fr\/wp-content\/uploads\/2017\/07\/unnamed-file-28.gif?fit=88%2C31&ssl=1",88,31,true],"woocommerce_gallery_thumbnail":["https:\/\/i0.wp.com\/joyana.fr\/wp-content\/uploads\/2017\/07\/unnamed-file-28.gif?resize=88%2C31&ssl=1",88,31,true],"sow-carousel-default":["https:\/\/i0.wp.com\/joyana.fr\/wp-content\/uploads\/2017\/07\/unnamed-file-28.gif?resize=88%2C31&ssl=1",88,31,true]},"post_excerpt_stackable":"<p>Notre \u00e9quipe a totalement craqu\u00e9 sur ce canap\u00e9 nomm\u00e9 Divina, r\u00e9alis\u00e9 par le talentueux Fabio Novembr&hellip;<\/p>\n","category_list":"<a href=\"https:\/\/joyana.fr\/ja\/category\/deco-design\/actualite\/art-contemporain\/\" rel=\"category tag\">Art Contemporain<\/a>, <a href=\"https:\/\/joyana.fr\/ja\/category\/deco-design\/mobilier\/assise\/\" rel=\"category tag\">Assise<\/a>, <a href=\"https:\/\/joyana.fr\/ja\/category\/deco-design\/mobilier\/assise\/canape\/\" rel=\"category tag\">Canap\u00e9<\/a>, <a href=\"https:\/\/joyana.fr\/ja\/category\/deco-design\/\" rel=\"category tag\">DECO-DESIGN<\/a>, <a href=\"https:\/\/joyana.fr\/ja\/category\/deco-design\/designer\/fabio-novembre\/\" rel=\"category tag\">Fabio NOVEMBRE<\/a>","author_info":{"display_name":"Jo Yana","author_link":"https:\/\/joyana.fr\/ja\/author\/joyana\/"},"comments_num":"1 comment","featured_image_urls_v2":{"full":["https:\/\/i0.wp.com\/joyana.fr\/wp-content\/uploads\/2017\/07\/unnamed-file-28.gif?fit=88%2C31&ssl=1",88,31,false],"thumbnail":["https:\/\/i0.wp.com\/joyana.fr\/wp-content\/uploads\/2017\/07\/unnamed-file-28.gif?resize=88%2C31&ssl=1",88,31,true],"medium":["https:\/\/i0.wp.com\/joyana.fr\/wp-content\/uploads\/2017\/07\/unnamed-file-28.gif?fit=88%2C31&ssl=1",88,31,true],"medium_large":["https:\/\/i0.wp.com\/joyana.fr\/wp-content\/uploads\/2017\/07\/unnamed-file-28.gif?fit=88%2C31&ssl=1",88,31,true],"large":["https:\/\/i0.wp.com\/joyana.fr\/wp-content\/uploads\/2017\/07\/unnamed-file-28.gif?fit=88%2C31&ssl=1",88,31,true],"1536x1536":["https:\/\/i0.wp.com\/joyana.fr\/wp-content\/uploads\/2017\/07\/unnamed-file-28.gif?fit=88%2C31&ssl=1",88,31,true],"2048x2048":["https:\/\/i0.wp.com\/joyana.fr\/wp-content\/uploads\/2017\/07\/unnamed-file-28.gif?fit=88%2C31&ssl=1",88,31,true],"featured-thumb":["https:\/\/i0.wp.com\/joyana.fr\/wp-content\/uploads\/2017\/07\/unnamed-file-28.gif?resize=88%2C31&ssl=1",88,31,true],"ab-block-post-grid-landscape":["https:\/\/i0.wp.com\/joyana.fr\/wp-content\/uploads\/2017\/07\/unnamed-file-28.gif?resize=88%2C31&ssl=1",88,31,true],"ab-block-post-grid-square":["https:\/\/i0.wp.com\/joyana.fr\/wp-content\/uploads\/2017\/07\/unnamed-file-28.gif?resize=88%2C31&ssl=1",88,31,true],"author-pro-image":["https:\/\/i0.wp.com\/joyana.fr\/wp-content\/uploads\/2017\/07\/unnamed-file-28.gif?resize=88%2C31&ssl=1",88,31,true],"slider":["https:\/\/i0.wp.com\/joyana.fr\/wp-content\/uploads\/2017\/07\/unnamed-file-28.gif?resize=88%2C31&ssl=1",88,31,true],"woocommerce_thumbnail":["https:\/\/i0.wp.com\/joyana.fr\/wp-content\/uploads\/2017\/07\/unnamed-file-28.gif?resize=88%2C31&ssl=1",88,31,true],"woocommerce_single":["https:\/\/i0.wp.com\/joyana.fr\/wp-content\/uploads\/2017\/07\/unnamed-file-28.gif?fit=88%2C31&ssl=1",88,31,true],"woocommerce_gallery_thumbnail":["https:\/\/i0.wp.com\/joyana.fr\/wp-content\/uploads\/2017\/07\/unnamed-file-28.gif?resize=88%2C31&ssl=1",88,31,true],"sow-carousel-default":["https:\/\/i0.wp.com\/joyana.fr\/wp-content\/uploads\/2017\/07\/unnamed-file-28.gif?resize=88%2C31&ssl=1",88,31,true]},"post_excerpt_stackable_v2":"<p>Notre \u00e9quipe a totalement craqu\u00e9 sur ce canap\u00e9 nomm\u00e9 Divina, r\u00e9alis\u00e9 par le talentueux Fabio Novembr&hellip;<\/p>\n","category_list_v2":"<a href=\"https:\/\/joyana.fr\/ja\/category\/deco-design\/actualite\/art-contemporain\/\" rel=\"category tag\">Art Contemporain<\/a>, <a href=\"https:\/\/joyana.fr\/ja\/category\/deco-design\/mobilier\/assise\/\" rel=\"category tag\">Assise<\/a>, <a href=\"https:\/\/joyana.fr\/ja\/category\/deco-design\/mobilier\/assise\/canape\/\" rel=\"category tag\">Canap\u00e9<\/a>, <a href=\"https:\/\/joyana.fr\/ja\/category\/deco-design\/\" rel=\"category tag\">DECO-DESIGN<\/a>, <a href=\"https:\/\/joyana.fr\/ja\/category\/deco-design\/designer\/fabio-novembre\/\" rel=\"category tag\">Fabio NOVEMBRE<\/a>","author_info_v2":{"name":"Jo Yana","url":"https:\/\/joyana.fr\/ja\/author\/joyana\/"},"comments_num_v2":"1 comment","yoast_head":"<!-- This site is optimized with the Yoast SEO plugin v26.8 - https:\/\/yoast.com\/product\/yoast-seo-wordpress\/ -->\n<title>Divina par Fabio NOVEMBRE - JO YANA<\/title>\n<meta name=\"robots\" content=\"index, follow, max-snippet:-1, max-image-preview:large, max-video-preview:-1\" \/>\n<link rel=\"canonical\" href=\"https:\/\/joyana.fr\/ja\/divina-par-fabio-novembre\/101686\/\" \/>\n<meta property=\"og:locale\" content=\"ja_JP\" \/>\n<meta property=\"og:locale:alternate\" content=\"fr_FR\" \/>\n<meta property=\"og:locale:alternate\" content=\"en_US\" \/>\n<meta property=\"og:type\" content=\"article\" \/>\n<meta property=\"og:title\" content=\"Divina par Fabio NOVEMBRE - JO YANA\" \/>\n<meta property=\"og:description\" content=\"Notre \u00e9quipe a totalement craqu\u00e9 sur ce canap\u00e9 nomm\u00e9 Divina, r\u00e9alis\u00e9 par le talentueux Fabio Novembre. Cette p [&hellip;]\" \/>\n<meta property=\"og:url\" content=\"https:\/\/joyana.fr\/ja\/divina-par-fabio-novembre\/101686\/\" \/>\n<meta property=\"og:site_name\" content=\"JO YANA\" \/>\n<meta property=\"article:published_time\" content=\"2008-10-18T09:56:50+00:00\" \/>\n<meta property=\"og:image\" content=\"https:\/\/joyana.fr\/wp-content\/uploads\/2017\/07\/unnamed-file-28.gif\" \/>\n\t<meta property=\"og:image:width\" content=\"88\" \/>\n\t<meta property=\"og:image:height\" content=\"31\" \/>\n\t<meta property=\"og:image:type\" content=\"image\/gif\" \/>\n<meta name=\"author\" content=\"Jo Yana\" \/>\n<meta name=\"twitter:card\" content=\"summary_large_image\" \/>\n<meta name=\"twitter:creator\" content=\"@Jo_Yana\" \/>\n<meta name=\"twitter:site\" content=\"@Jo_Yana\" \/>\n<meta name=\"twitter:label1\" content=\"\u57f7\u7b46\u8005\" \/>\n\t<meta name=\"twitter:data1\" content=\"Jo Yana\" \/>\n\t<meta name=\"twitter:label2\" content=\"\u63a8\u5b9a\u8aad\u307f\u53d6\u308a\u6642\u9593\" \/>\n\t<meta name=\"twitter:data2\" content=\"2\u5206\" \/>\n<script type=\"application\/ld+json\" class=\"yoast-schema-graph\">{\"@context\":\"https:\/\/schema.org\",\"@graph\":[{\"@type\":\"Article\",\"@id\":\"https:\/\/joyana.fr\/divina-par-fabio-novembre\/101686\/#article\",\"isPartOf\":{\"@id\":\"https:\/\/joyana.fr\/divina-par-fabio-novembre\/101686\/\"},\"author\":{\"name\":\"Jo Yana\",\"@id\":\"https:\/\/joyana.fr\/#\/schema\/person\/cf2a1ad12a27c12c21801075bf37407c\"},\"headline\":\"Divina par Fabio NOVEMBRE\",\"datePublished\":\"2008-10-18T09:56:50+00:00\",\"mainEntityOfPage\":{\"@id\":\"https:\/\/joyana.fr\/divina-par-fabio-novembre\/101686\/\"},\"wordCount\":319,\"commentCount\":1,\"publisher\":{\"@id\":\"https:\/\/joyana.fr\/#\/schema\/person\/cf2a1ad12a27c12c21801075bf37407c\"},\"image\":{\"@id\":\"https:\/\/joyana.fr\/divina-par-fabio-novembre\/101686\/#primaryimage\"},\"thumbnailUrl\":\"https:\/\/i0.wp.com\/joyana.fr\/wp-content\/uploads\/2017\/07\/unnamed-file-28.gif?fit=88%2C31&ssl=1\",\"keywords\":[\"Art Contemporain\",\"Cuir\",\"DESIGN\",\"Noir\"],\"articleSection\":[\"Art Contemporain\",\"Assise\",\"Canap\u00e9\",\"DECO-DESIGN\",\"Fabio NOVEMBRE\"],\"inLanguage\":\"ja\",\"potentialAction\":[{\"@type\":\"CommentAction\",\"name\":\"Comment\",\"target\":[\"https:\/\/joyana.fr\/divina-par-fabio-novembre\/101686\/#respond\"]}]},{\"@type\":\"WebPage\",\"@id\":\"https:\/\/joyana.fr\/divina-par-fabio-novembre\/101686\/\",\"url\":\"https:\/\/joyana.fr\/divina-par-fabio-novembre\/101686\/\",\"name\":\"Divina par Fabio NOVEMBRE - JO YANA\",\"isPartOf\":{\"@id\":\"https:\/\/joyana.fr\/#website\"},\"primaryImageOfPage\":{\"@id\":\"https:\/\/joyana.fr\/divina-par-fabio-novembre\/101686\/#primaryimage\"},\"image\":{\"@id\":\"https:\/\/joyana.fr\/divina-par-fabio-novembre\/101686\/#primaryimage\"},\"thumbnailUrl\":\"https:\/\/i0.wp.com\/joyana.fr\/wp-content\/uploads\/2017\/07\/unnamed-file-28.gif?fit=88%2C31&ssl=1\",\"datePublished\":\"2008-10-18T09:56:50+00:00\",\"breadcrumb\":{\"@id\":\"https:\/\/joyana.fr\/divina-par-fabio-novembre\/101686\/#breadcrumb\"},\"inLanguage\":\"ja\",\"potentialAction\":[{\"@type\":\"ReadAction\",\"target\":[\"https:\/\/joyana.fr\/divina-par-fabio-novembre\/101686\/\"]}]},{\"@type\":\"ImageObject\",\"inLanguage\":\"ja\",\"@id\":\"https:\/\/joyana.fr\/divina-par-fabio-novembre\/101686\/#primaryimage\",\"url\":\"https:\/\/i0.wp.com\/joyana.fr\/wp-content\/uploads\/2017\/07\/unnamed-file-28.gif?fit=88%2C31&ssl=1\",\"contentUrl\":\"https:\/\/i0.wp.com\/joyana.fr\/wp-content\/uploads\/2017\/07\/unnamed-file-28.gif?fit=88%2C31&ssl=1\",\"width\":88,\"height\":31},{\"@type\":\"BreadcrumbList\",\"@id\":\"https:\/\/joyana.fr\/divina-par-fabio-novembre\/101686\/#breadcrumb\",\"itemListElement\":[{\"@type\":\"ListItem\",\"position\":1,\"name\":\"Accueil\",\"item\":\"https:\/\/joyana.fr\/\"},{\"@type\":\"ListItem\",\"position\":2,\"name\":\"Divina par Fabio NOVEMBRE\"}]},{\"@type\":\"WebSite\",\"@id\":\"https:\/\/joyana.fr\/#website\",\"url\":\"https:\/\/joyana.fr\/\",\"name\":\"JO YANA\",\"description\":\"Blog Mode Homme, Lifestyle, D\u00e9co-Design\",\"publisher\":{\"@id\":\"https:\/\/joyana.fr\/#\/schema\/person\/cf2a1ad12a27c12c21801075bf37407c\"},\"potentialAction\":[{\"@type\":\"SearchAction\",\"target\":{\"@type\":\"EntryPoint\",\"urlTemplate\":\"https:\/\/joyana.fr\/?s={search_term_string}\"},\"query-input\":{\"@type\":\"PropertyValueSpecification\",\"valueRequired\":true,\"valueName\":\"search_term_string\"}}],\"inLanguage\":\"ja\"},{\"@type\":[\"Person\",\"Organization\"],\"@id\":\"https:\/\/joyana.fr\/#\/schema\/person\/cf2a1ad12a27c12c21801075bf37407c\",\"name\":\"Jo Yana\",\"image\":{\"@type\":\"ImageObject\",\"inLanguage\":\"ja\",\"@id\":\"https:\/\/joyana.fr\/#\/schema\/person\/image\/\",\"url\":\"https:\/\/i0.wp.com\/joyana.fr\/wp-content\/uploads\/2016\/08\/cropped-joyana-logo-black-360x180.png?fit=343%2C164&ssl=1\",\"contentUrl\":\"https:\/\/i0.wp.com\/joyana.fr\/wp-content\/uploads\/2016\/08\/cropped-joyana-logo-black-360x180.png?fit=343%2C164&ssl=1\",\"width\":343,\"height\":164,\"caption\":\"Jo Yana\"},\"logo\":{\"@id\":\"https:\/\/joyana.fr\/#\/schema\/person\/image\/\"},\"description\":\"Jo Yana est le cr\u00e9ateur et r\u00e9dacteur en chef des sites DECO-DESIGN. Passionn\u00e9 de Design, Mode, Photo, Luxe, Lifestyle, Musique, mais avant tout Blogueur ! Le plaisir de partager l'anime et a comme devise \\\"POUR L'AMOUR DU BEAU\\\". Retrouvez le aussi sur son blog personnel - https:\/\/joyana.fr...\",\"sameAs\":[\"https:\/\/joyana.fr\/\"],\"url\":\"https:\/\/joyana.fr\/ja\/author\/joyana\/\"}]}<\/script>\n<!-- \/ Yoast SEO plugin. -->","yoast_head_json":{"title":"Divina par Fabio NOVEMBRE - JO YANA","robots":{"index":"index","follow":"follow","max-snippet":"max-snippet:-1","max-image-preview":"max-image-preview:large","max-video-preview":"max-video-preview:-1"},"canonical":"https:\/\/joyana.fr\/ja\/divina-par-fabio-novembre\/101686\/","og_locale":"ja_JP","og_type":"article","og_title":"Divina par Fabio NOVEMBRE - JO YANA","og_description":"Notre \u00e9quipe a totalement craqu\u00e9 sur ce canap\u00e9 nomm\u00e9 Divina, r\u00e9alis\u00e9 par le talentueux Fabio Novembre. Cette p [&hellip;]","og_url":"https:\/\/joyana.fr\/ja\/divina-par-fabio-novembre\/101686\/","og_site_name":"JO YANA","article_published_time":"2008-10-18T09:56:50+00:00","og_image":[{"width":88,"height":31,"url":"https:\/\/joyana.fr\/wp-content\/uploads\/2017\/07\/unnamed-file-28.gif","type":"image\/gif"}],"author":"Jo Yana","twitter_card":"summary_large_image","twitter_creator":"@Jo_Yana","twitter_site":"@Jo_Yana","twitter_misc":{"\u57f7\u7b46\u8005":"Jo Yana","\u63a8\u5b9a\u8aad\u307f\u53d6\u308a\u6642\u9593":"2\u5206"},"schema":{"@context":"https:\/\/schema.org","@graph":[{"@type":"Article","@id":"https:\/\/joyana.fr\/divina-par-fabio-novembre\/101686\/#article","isPartOf":{"@id":"https:\/\/joyana.fr\/divina-par-fabio-novembre\/101686\/"},"author":{"name":"Jo Yana","@id":"https:\/\/joyana.fr\/#\/schema\/person\/cf2a1ad12a27c12c21801075bf37407c"},"headline":"Divina par Fabio NOVEMBRE","datePublished":"2008-10-18T09:56:50+00:00","mainEntityOfPage":{"@id":"https:\/\/joyana.fr\/divina-par-fabio-novembre\/101686\/"},"wordCount":319,"commentCount":1,"publisher":{"@id":"https:\/\/joyana.fr\/#\/schema\/person\/cf2a1ad12a27c12c21801075bf37407c"},"image":{"@id":"https:\/\/joyana.fr\/divina-par-fabio-novembre\/101686\/#primaryimage"},"thumbnailUrl":"https:\/\/i0.wp.com\/joyana.fr\/wp-content\/uploads\/2017\/07\/unnamed-file-28.gif?fit=88%2C31&ssl=1","keywords":["Art Contemporain","Cuir","DESIGN","Noir"],"articleSection":["Art Contemporain","Assise","Canap\u00e9","DECO-DESIGN","Fabio NOVEMBRE"],"inLanguage":"ja","potentialAction":[{"@type":"CommentAction","name":"Comment","target":["https:\/\/joyana.fr\/divina-par-fabio-novembre\/101686\/#respond"]}]},{"@type":"WebPage","@id":"https:\/\/joyana.fr\/divina-par-fabio-novembre\/101686\/","url":"https:\/\/joyana.fr\/divina-par-fabio-novembre\/101686\/","name":"Divina par Fabio NOVEMBRE - JO YANA","isPartOf":{"@id":"https:\/\/joyana.fr\/#website"},"primaryImageOfPage":{"@id":"https:\/\/joyana.fr\/divina-par-fabio-novembre\/101686\/#primaryimage"},"image":{"@id":"https:\/\/joyana.fr\/divina-par-fabio-novembre\/101686\/#primaryimage"},"thumbnailUrl":"https:\/\/i0.wp.com\/joyana.fr\/wp-content\/uploads\/2017\/07\/unnamed-file-28.gif?fit=88%2C31&ssl=1","datePublished":"2008-10-18T09:56:50+00:00","breadcrumb":{"@id":"https:\/\/joyana.fr\/divina-par-fabio-novembre\/101686\/#breadcrumb"},"inLanguage":"ja","potentialAction":[{"@type":"ReadAction","target":["https:\/\/joyana.fr\/divina-par-fabio-novembre\/101686\/"]}]},{"@type":"ImageObject","inLanguage":"ja","@id":"https:\/\/joyana.fr\/divina-par-fabio-novembre\/101686\/#primaryimage","url":"https:\/\/i0.wp.com\/joyana.fr\/wp-content\/uploads\/2017\/07\/unnamed-file-28.gif?fit=88%2C31&ssl=1","contentUrl":"https:\/\/i0.wp.com\/joyana.fr\/wp-content\/uploads\/2017\/07\/unnamed-file-28.gif?fit=88%2C31&ssl=1","width":88,"height":31},{"@type":"BreadcrumbList","@id":"https:\/\/joyana.fr\/divina-par-fabio-novembre\/101686\/#breadcrumb","itemListElement":[{"@type":"ListItem","position":1,"name":"Accueil","item":"https:\/\/joyana.fr\/"},{"@type":"ListItem","position":2,"name":"Divina par Fabio NOVEMBRE"}]},{"@type":"WebSite","@id":"https:\/\/joyana.fr\/#website","url":"https:\/\/joyana.fr\/","name":"JO YANA","description":"Blog Mode Homme, Lifestyle, D\u00e9co-Design","publisher":{"@id":"https:\/\/joyana.fr\/#\/schema\/person\/cf2a1ad12a27c12c21801075bf37407c"},"potentialAction":[{"@type":"SearchAction","target":{"@type":"EntryPoint","urlTemplate":"https:\/\/joyana.fr\/?s={search_term_string}"},"query-input":{"@type":"PropertyValueSpecification","valueRequired":true,"valueName":"search_term_string"}}],"inLanguage":"ja"},{"@type":["Person","Organization"],"@id":"https:\/\/joyana.fr\/#\/schema\/person\/cf2a1ad12a27c12c21801075bf37407c","name":"Jo Yana","image":{"@type":"ImageObject","inLanguage":"ja","@id":"https:\/\/joyana.fr\/#\/schema\/person\/image\/","url":"https:\/\/i0.wp.com\/joyana.fr\/wp-content\/uploads\/2016\/08\/cropped-joyana-logo-black-360x180.png?fit=343%2C164&ssl=1","contentUrl":"https:\/\/i0.wp.com\/joyana.fr\/wp-content\/uploads\/2016\/08\/cropped-joyana-logo-black-360x180.png?fit=343%2C164&ssl=1","width":343,"height":164,"caption":"Jo Yana"},"logo":{"@id":"https:\/\/joyana.fr\/#\/schema\/person\/image\/"},"description":"Jo Yana est le cr\u00e9ateur et r\u00e9dacteur en chef des sites DECO-DESIGN. Passionn\u00e9 de Design, Mode, Photo, Luxe, Lifestyle, Musique, mais avant tout Blogueur ! Le plaisir de partager l'anime et a comme devise \"POUR L'AMOUR DU BEAU\". Retrouvez le aussi sur son blog personnel - https:\/\/joyana.fr...","sameAs":["https:\/\/joyana.fr\/"],"url":"https:\/\/joyana.fr\/ja\/author\/joyana\/"}]}},"author_meta":{"display_name":"Jo Yana","author_link":"https:\/\/joyana.fr\/ja\/author\/joyana\/"},"featured_img":"https:\/\/i0.wp.com\/joyana.fr\/wp-content\/uploads\/2017\/07\/unnamed-file-28.gif?fit=88%2C31&ssl=1","featured_image_src":"https:\/\/i0.wp.com\/joyana.fr\/wp-content\/uploads\/2017\/07\/unnamed-file-28.gif?resize=88%2C31&ssl=1","featured_image_src_square":"https:\/\/i0.wp.com\/joyana.fr\/wp-content\/uploads\/2017\/07\/unnamed-file-28.gif?resize=88%2C31&ssl=1","jetpack_featured_media_url":"https:\/\/i0.wp.com\/joyana.fr\/wp-content\/uploads\/2017\/07\/unnamed-file-28.gif?fit=88%2C31&ssl=1","uagb_featured_image_src":{"full":["https:\/\/i0.wp.com\/joyana.fr\/wp-content\/uploads\/2017\/07\/unnamed-file-28.gif?fit=88%2C31&ssl=1",88,31,false],"thumbnail":["https:\/\/i0.wp.com\/joyana.fr\/wp-content\/uploads\/2017\/07\/unnamed-file-28.gif?resize=88%2C31&ssl=1",88,31,true],"medium":["https:\/\/i0.wp.com\/joyana.fr\/wp-content\/uploads\/2017\/07\/unnamed-file-28.gif?fit=88%2C31&ssl=1",88,31,true],"medium_large":["https:\/\/i0.wp.com\/joyana.fr\/wp-content\/uploads\/2017\/07\/unnamed-file-28.gif?fit=88%2C31&ssl=1",88,31,true],"large":["https:\/\/i0.wp.com\/joyana.fr\/wp-content\/uploads\/2017\/07\/unnamed-file-28.gif?fit=88%2C31&ssl=1",88,31,true],"1536x1536":["https:\/\/i0.wp.com\/joyana.fr\/wp-content\/uploads\/2017\/07\/unnamed-file-28.gif?fit=88%2C31&ssl=1",88,31,true],"2048x2048":["https:\/\/i0.wp.com\/joyana.fr\/wp-content\/uploads\/2017\/07\/unnamed-file-28.gif?fit=88%2C31&ssl=1",88,31,true],"featured-thumb":["https:\/\/i0.wp.com\/joyana.fr\/wp-content\/uploads\/2017\/07\/unnamed-file-28.gif?resize=88%2C31&ssl=1",88,31,true],"ab-block-post-grid-landscape":["https:\/\/i0.wp.com\/joyana.fr\/wp-content\/uploads\/2017\/07\/unnamed-file-28.gif?resize=88%2C31&ssl=1",88,31,true],"ab-block-post-grid-square":["https:\/\/i0.wp.com\/joyana.fr\/wp-content\/uploads\/2017\/07\/unnamed-file-28.gif?resize=88%2C31&ssl=1",88,31,true],"author-pro-image":["https:\/\/i0.wp.com\/joyana.fr\/wp-content\/uploads\/2017\/07\/unnamed-file-28.gif?resize=88%2C31&ssl=1",88,31,true],"slider":["https:\/\/i0.wp.com\/joyana.fr\/wp-content\/uploads\/2017\/07\/unnamed-file-28.gif?resize=88%2C31&ssl=1",88,31,true],"woocommerce_thumbnail":["https:\/\/i0.wp.com\/joyana.fr\/wp-content\/uploads\/2017\/07\/unnamed-file-28.gif?resize=88%2C31&ssl=1",88,31,true],"woocommerce_single":["https:\/\/i0.wp.com\/joyana.fr\/wp-content\/uploads\/2017\/07\/unnamed-file-28.gif?fit=88%2C31&ssl=1",88,31,true],"woocommerce_gallery_thumbnail":["https:\/\/i0.wp.com\/joyana.fr\/wp-content\/uploads\/2017\/07\/unnamed-file-28.gif?resize=88%2C31&ssl=1",88,31,true],"sow-carousel-default":["https:\/\/i0.wp.com\/joyana.fr\/wp-content\/uploads\/2017\/07\/unnamed-file-28.gif?resize=88%2C31&ssl=1",88,31,true]},"uagb_author_info":{"display_name":"Jo Yana","author_link":"https:\/\/joyana.fr\/ja\/author\/joyana\/"},"uagb_comment_info":1,"uagb_excerpt":"Notre \u00e9quipe a totalement craqu\u00e9 sur ce canap\u00e9 nomm\u00e9 Di&hellip;","coauthors":[],"tax_additional":{"categories":{"linked":["<a href=\"https:\/\/joyana.fr\/ja\/category\/deco-design\/actualite\/art-contemporain\/\" class=\"advgb-post-tax-term\">Art Contemporain<\/a>","<a href=\"https:\/\/joyana.fr\/ja\/category\/deco-design\/mobilier\/assise\/\" class=\"advgb-post-tax-term\">Assise<\/a>","<a href=\"https:\/\/joyana.fr\/ja\/category\/deco-design\/mobilier\/assise\/canape\/\" class=\"advgb-post-tax-term\">Canap\u00e9<\/a>","<a href=\"https:\/\/joyana.fr\/ja\/category\/deco-design\/\" class=\"advgb-post-tax-term\">DECO-DESIGN<\/a>","<a href=\"https:\/\/joyana.fr\/ja\/category\/deco-design\/designer\/fabio-novembre\/\" class=\"advgb-post-tax-term\">Fabio NOVEMBRE<\/a>"],"unlinked":["<span class=\"advgb-post-tax-term\">Art Contemporain<\/span>","<span class=\"advgb-post-tax-term\">Assise<\/span>","<span class=\"advgb-post-tax-term\">Canap\u00e9<\/span>","<span class=\"advgb-post-tax-term\">DECO-DESIGN<\/span>","<span class=\"advgb-post-tax-term\">Fabio NOVEMBRE<\/span>"]},"tags":{"linked":["<a href=\"https:\/\/joyana.fr\/ja\/category\/deco-design\/designer\/fabio-novembre\/\" class=\"advgb-post-tax-term\">Art Contemporain<\/a>","<a href=\"https:\/\/joyana.fr\/ja\/category\/deco-design\/designer\/fabio-novembre\/\" class=\"advgb-post-tax-term\">Cuir<\/a>","<a href=\"https:\/\/joyana.fr\/ja\/category\/deco-design\/designer\/fabio-novembre\/\" class=\"advgb-post-tax-term\">DESIGN<\/a>","<a href=\"https:\/\/joyana.fr\/ja\/category\/deco-design\/designer\/fabio-novembre\/\" class=\"advgb-post-tax-term\">Noir<\/a>"],"unlinked":["<span class=\"advgb-post-tax-term\">Art Contemporain<\/span>","<span class=\"advgb-post-tax-term\">Cuir<\/span>","<span class=\"advgb-post-tax-term\">DESIGN<\/span>","<span class=\"advgb-post-tax-term\">Noir<\/span>"]}},"comment_count":1,"relative_dates":{"created":"Posted 18\u5e74 ago","modified":"Updated 18\u5e74 ago"},"absolute_dates":{"created":"Posted on 18 10\u6708 2008","modified":"Updated on 18 10\u6708 2008"},"absolute_dates_time":{"created":"Posted on 18 10\u6708 2008 10:56","modified":"Updated on 18 10\u6708 2008 10:56"},"featured_img_caption":"","series_order":"","jetpack_sharing_enabled":true,"jetpack_shortlink":"https:\/\/wp.me\/p9bteI-qs6","jetpack-related-posts":[],"_links":{"self":[{"href":"https:\/\/joyana.fr\/ja\/wp-json\/wp\/v2\/posts\/101686","targetHints":{"allow":["GET"]}}],"collection":[{"href":"https:\/\/joyana.fr\/ja\/wp-json\/wp\/v2\/posts"}],"about":[{"href":"https:\/\/joyana.fr\/ja\/wp-json\/wp\/v2\/types\/post"}],"author":[{"embeddable":true,"href":"https:\/\/joyana.fr\/ja\/wp-json\/wp\/v2\/users\/3"}],"replies":[{"embeddable":true,"href":"https:\/\/joyana.fr\/ja\/wp-json\/wp\/v2\/comments?post=101686"}],"version-history":[{"count":0,"href":"https:\/\/joyana.fr\/ja\/wp-json\/wp\/v2\/posts\/101686\/revisions"}],"wp:featuredmedia":[{"embeddable":true,"href":"https:\/\/joyana.fr\/ja\/wp-json\/wp\/v2\/media\/125483"}],"wp:attachment":[{"href":"https:\/\/joyana.fr\/ja\/wp-json\/wp\/v2\/media?parent=101686"}],"wp:term":[{"taxonomy":"category","embeddable":true,"href":"https:\/\/joyana.fr\/ja\/wp-json\/wp\/v2\/categories?post=101686"},{"taxonomy":"post_tag","embeddable":true,"href":"https:\/\/joyana.fr\/ja\/wp-json\/wp\/v2\/tags?post=101686"}],"curies":[{"name":"wp","href":"https:\/\/api.w.org\/{rel}","templated":true}]}}