{"id":101883,"date":"2008-12-08T19:02:36","date_gmt":"2008-12-08T18:02:36","guid":{"rendered":"https:\/\/joyana.fr\/visite-de-lappartement-f3-de-la-merguez-masquee\/"},"modified":"2008-12-08T19:02:36","modified_gmt":"2008-12-08T18:02:36","slug":"visite-de-lappartement-f3-de-la-merguez-masquee","status":"publish","type":"post","link":"https:\/\/joyana.fr\/ja\/visite-de-lappartement-f3-de-la-merguez-masquee\/101883\/","title":{"rendered":"Visite de l&#039;appartement F3 de La Merguez Masqu\u00e9e"},"content":{"rendered":"<p>Aujourd&#8217;hui <strong>visite de l&#8217;appartement F3<\/strong> d&#8217;un de nos <strong>forumeurs<\/strong>, qui s\u00e9vit sous le pseudo de <strong>La Merguez Masqu\u00e9e<\/strong> (<strong>LMM<\/strong> pour les intimes). Passionn\u00e9 de d\u00e9co, de design et de art toys, LMM a su se fa\u00e7onner &#8211; avec sa petite femme &#8211; une d\u00e9coration \u00e0 l&#8217;image de ses passions.<\/p>\n<p><img data-recalc-dims=\"1\" fetchpriority=\"high\" decoding=\"async\" src=\"https:\/\/i0.wp.com\/joyana.fr\/wp-content\/uploads\/slmmimg-4045-1.jpg?resize=500%2C364&#038;ssl=1\" alt=\"Visite de l\u2019appartement F3 de La Merguez Masqu\u00e9e\" align=\"top\" border=\"0\" height=\"364\" hspace=\"8\" width=\"500\" \/><\/p>\n<p>Parlons un peu de l&#8217;appartement : un F3 des ann\u00e9es 70, sans charme particulier (d&#8217;apr\u00e8s LMM), hormis une belle terrasse qui donne sur la nature&#8230; Il fait 72 m\u00b2, avec un salon assez petit (18 m\u00b2) d&#8217;o\u00f9 la difficult\u00e9 qu&#8217;il \u00e9prouvait \u00e0 l&#8217;am\u00e9nager. Il se situe dans la proche banlieue de Lyon, entre la nature et la ville&#8230;<\/p>\n<p><img data-recalc-dims=\"1\" decoding=\"async\" src=\"https:\/\/i0.wp.com\/joyana.fr\/wp-content\/uploads\/slmmimg-4047.jpg?resize=500%2C374&#038;ssl=1\" alt=\"Visite de l\u2019appartement F3 de La Merguez Masqu\u00e9e\" align=\"top\" border=\"0\" height=\"374\" hspace=\"8\" width=\"500\" \/><\/p>\n<p>Nous avons aim\u00e9 dans cet appartement, les meubles de grands designers qui se m\u00e9langent parfaitement \u00e0 du mobilier de la grande distribution.<\/p>\n<p><img data-recalc-dims=\"1\" decoding=\"async\" src=\"https:\/\/i0.wp.com\/joyana.fr\/wp-content\/uploads\/slmmimg-4048.jpg?resize=500%2C371&#038;ssl=1\" alt=\"Visite de l\u2019appartement F3 de La Merguez Masqu\u00e9e\" align=\"top\" border=\"0\" height=\"371\" hspace=\"8\" width=\"500\" \/><\/p>\n<p>Comme \u00e0 notre habitude nous avons pos\u00e9 quelques questions au ma\u00eetre des lieux :<\/p>\n<p><strong>D-D :<\/strong> Comment t\u2019est venue la passion de la d\u00e9co et du design ?<\/p>\n<p><strong>LMM :<\/strong> <em>Ca m&#8217; est venu &#8220;sur le tard&#8221;, en feuilletant des magazines comme Ideat, AD, Residence d\u00e9coration, &#8230; Je trouvais ces int\u00e9rieurs magnifiques, et correspondant exactement \u00e0 ce que j&#8217;aimerais avoir; je me suis donc renseign\u00e9 sur les grands noms du design, des Eames \u00e0 Karim Rashid, mais surtout de Verner Panton&#8230;. Je me suis alors mis en qu\u00eate de plus d&#8217;informations, et ai crois\u00e9 le chemin du <a href=\"http:\/\/deco-design.fr-bb.com\/\"><strong>forum d\u00e9co-design<\/strong><\/a>. J&#8217;y ai rencontr\u00e9 des membres qui m&#8217;ont \u00e9norm\u00e9ment apport\u00e9, tant au niveau des connaissances, qu&#8217;au niveau &#8220;pratique&#8221; (conseils d&#8217;agencement, etc&#8230;). Ca a \u00e9t\u00e9 le vrai point de d\u00e9part. Aujourd&#8217;hui, je m&#8217;int\u00e9resse beaucoup \u00e0 Le Corbusier, Mies van der Rohe, Starck, mais mes pr\u00e9f\u00e9r\u00e9s restent les Eames et Verner Panton, je ne peux m&#8217;emp\u00eacher de m&#8217;extasier devant leurs r\u00e9alisations&#8230;<\/em><\/p>\n<p><img data-recalc-dims=\"1\" loading=\"lazy\" decoding=\"async\" src=\"https:\/\/i0.wp.com\/joyana.fr\/wp-content\/uploads\/slmmimg-4050.jpg?resize=500%2C368&#038;ssl=1\" alt=\"Visite de l\u2019appartement F3 de La Merguez Masqu\u00e9e\" align=\"top\" border=\"0\" height=\"368\" hspace=\"8\" width=\"500\" \/><\/p>\n<p><strong>D-D :<\/strong> Quel fut ton premier achat design ?<\/p>\n<p><strong>LMM : <\/strong><em>Mon premier achat design a \u00e9t\u00e9 la paire de tabourets de Starck, les &#8220;bubus&#8221; (merci \u00e0 mon pote Chan, sans qui je serais pass\u00e9 \u00e0 c\u00f4t\u00e9 de cette vente), mais je consid\u00e8re que mon VRAI premier achat design, \u00e7a a \u00e9t\u00e9 la premi\u00e8re Panton, en noir mat.<br \/>\nLe dernier achat: un rar de Eames, achet\u00e9 chez einrichten design.<\/em><\/p>\n<p><img data-recalc-dims=\"1\" loading=\"lazy\" decoding=\"async\" src=\"https:\/\/i0.wp.com\/joyana.fr\/wp-content\/uploads\/slmmimg-4049.jpg?resize=500%2C375&#038;ssl=1\" alt=\"Visite de l\u2019appartement F3 de La Merguez Masqu\u00e9e\" align=\"top\" border=\"0\" height=\"375\" hspace=\"8\" width=\"500\" \/><\/p>\n<p><img data-recalc-dims=\"1\" loading=\"lazy\" decoding=\"async\" src=\"https:\/\/i0.wp.com\/joyana.fr\/wp-content\/uploads\/slmmimg-3310.jpg?resize=500%2C362&#038;ssl=1\" alt=\"Visite de l\u2019appartement F3 de La Merguez Masqu\u00e9e\" align=\"top\" border=\"0\" height=\"362\" hspace=\"8\" width=\"500\" \/><\/p>\n<p><strong>D-D :<\/strong> Dis donc le Puppy de Eero Aarnio t&#8217;as suivi durant toute la s\u00e9ance photo ?<\/p>\n<p><strong>LMM : <\/strong><em>Oui je l&#8217;adore !!! <\/em><\/p>\n<p><strong>D-D :<\/strong> Tes projets de d\u00e9co pour cet appart, ou des futurs achats de meubles ?<\/p>\n<p><strong>LMM :<\/strong> <em>Plus vraiment de projets pour cet appart, on en a fait le tour, prochain projet, l&#8217;achat d&#8217;un appartement qui mettrait plus en valeur les meubles que nous avons; dans l&#8217;id\u00e9al ce serait un appartement de type Haussmanien, l&#8217;id\u00e9al pour mettre en valeur du mobilier contemporain smile<br \/>\nPour ce qui concerne les meubles&#8230;.. Ce sera plus tard, mais peut \u00eatre un petit Tolomeo Lettura, une Eros de Starck, un dsw de Eames, le tabouret de Sori Yanagi (bon je m&#8217;arr\u00eate l\u00e0, parce que la liste serait longue ^^), en attendant je vais me contenter d&#8217;agrandir encore un peu ma &#8220;collection&#8221; de toyz, ma grande passion&#8230;<\/em><\/p>\n<p>Ci dessous : The Sentinel, un art toy confectionn\u00e9 par LMM himself&#8230;<\/p>\n<p><img data-recalc-dims=\"1\" loading=\"lazy\" decoding=\"async\" src=\"https:\/\/i0.wp.com\/joyana.fr\/wp-content\/uploads\/slmmimg-4046.jpg?resize=500%2C375&#038;ssl=1\" alt=\"Visite de l\u2019appartement F3 de La Merguez Masqu\u00e9e\" align=\"top\" border=\"0\" height=\"375\" hspace=\"8\" width=\"500\" \/><\/p>\n<p>WHO&#8217;S NEXT ?<\/p>\n<p>&#8212;&#8212;&#8212;&#8212;&#8212;&#8212;-<\/p>\n<p><a href=\"jo_yana@hotmail.com\">Jo Yana\u00a0 <\/a><\/p>\n","protected":false},"excerpt":{"rendered":"<p>Aujourd&#8217;hui visite de l&#8217;appartement F3 d&#8217;un de nos forumeurs, qui s\u00e9vit sous le pseudo de La [&hellip;]<\/p>\n","protected":false},"author":3,"featured_media":124300,"comment_status":"open","ping_status":"open","sticky":false,"template":"","format":"standard","meta":{"_coblocks_attr":"","_coblocks_dimensions":"","_coblocks_responsive_height":"","_coblocks_accordion_ie_support":"","_uag_custom_page_level_css":"","advgb_blocks_editor_width":"","advgb_blocks_columns_visual_guide":"","_genesis_hide_title":false,"_genesis_hide_breadcrumbs":false,"_genesis_hide_singular_image":false,"_genesis_hide_footer_widgets":false,"_genesis_custom_body_class":"","_genesis_custom_post_class":"","_genesis_layout":"","_themeisle_gutenberg_block_has_review":false,"_jetpack_newsletter_access":"","_jetpack_dont_email_post_to_subs":false,"_jetpack_newsletter_tier_id":0,"_jetpack_memberships_contains_paywalled_content":false,"_jetpack_memberships_contains_paid_content":false,"footnotes":""},"categories":[905,921,923],"tags":[955],"class_list":{"0":"post-101883","1":"post","2":"type-post","3":"status-publish","4":"format-standard","5":"has-post-thumbnail","7":"category-deco-design","8":"category-lieux-design","9":"category-visites","10":"tag-forum-deco-design","11":"entry"},"featured_image_urls":{"full":["https:\/\/i0.wp.com\/joyana.fr\/wp-content\/uploads\/2016\/08\/joyana-logo-black-360x180.png?fit=360%2C180&ssl=1",360,180,false],"thumbnail":["https:\/\/i0.wp.com\/joyana.fr\/wp-content\/uploads\/2016\/08\/joyana-logo-black-360x180.png?resize=150%2C150&ssl=1",150,150,true],"medium":["https:\/\/i0.wp.com\/joyana.fr\/wp-content\/uploads\/2016\/08\/joyana-logo-black-360x180.png?fit=360%2C180&ssl=1",360,180,true],"medium_large":["https:\/\/i0.wp.com\/joyana.fr\/wp-content\/uploads\/2016\/08\/joyana-logo-black-360x180.png?fit=360%2C180&ssl=1",360,180,true],"large":["https:\/\/i0.wp.com\/joyana.fr\/wp-content\/uploads\/2016\/08\/joyana-logo-black-360x180.png?fit=360%2C180&ssl=1",360,180,true],"1536x1536":["https:\/\/i0.wp.com\/joyana.fr\/wp-content\/uploads\/2016\/08\/joyana-logo-black-360x180.png?fit=360%2C180&ssl=1",360,180,true],"2048x2048":["https:\/\/i0.wp.com\/joyana.fr\/wp-content\/uploads\/2016\/08\/joyana-logo-black-360x180.png?fit=360%2C180&ssl=1",360,180,true],"featured-thumb":["https:\/\/i0.wp.com\/joyana.fr\/wp-content\/uploads\/2016\/08\/joyana-logo-black-360x180.png?resize=360%2C180&ssl=1",360,180,true],"ab-block-post-grid-landscape":["https:\/\/i0.wp.com\/joyana.fr\/wp-content\/uploads\/2016\/08\/joyana-logo-black-360x180.png?resize=360%2C180&ssl=1",360,180,true],"ab-block-post-grid-square":["https:\/\/i0.wp.com\/joyana.fr\/wp-content\/uploads\/2016\/08\/joyana-logo-black-360x180.png?resize=360%2C180&ssl=1",360,180,true],"author-pro-image":["https:\/\/i0.wp.com\/joyana.fr\/wp-content\/uploads\/2016\/08\/joyana-logo-black-360x180.png?resize=360%2C180&ssl=1",360,180,true],"slider":["https:\/\/i0.wp.com\/joyana.fr\/wp-content\/uploads\/2016\/08\/joyana-logo-black-360x180.png?resize=360%2C180&ssl=1",360,180,true],"woocommerce_thumbnail":["https:\/\/i0.wp.com\/joyana.fr\/wp-content\/uploads\/2016\/08\/joyana-logo-black-360x180.png?resize=300%2C180&ssl=1",300,180,true],"woocommerce_single":["https:\/\/i0.wp.com\/joyana.fr\/wp-content\/uploads\/2016\/08\/joyana-logo-black-360x180.png?fit=360%2C180&ssl=1",360,180,true],"woocommerce_gallery_thumbnail":["https:\/\/i0.wp.com\/joyana.fr\/wp-content\/uploads\/2016\/08\/joyana-logo-black-360x180.png?resize=180%2C180&ssl=1",180,180,true],"sow-carousel-default":["https:\/\/i0.wp.com\/joyana.fr\/wp-content\/uploads\/2016\/08\/joyana-logo-black-360x180.png?resize=272%2C180&ssl=1",272,180,true]},"post_excerpt_stackable":"<p>Aujourd&#8217;hui visite de l&#8217;appartement F3 d&#8217;un de nos forumeurs, qui s\u00e9vit sous le ps&hellip;<\/p>\n","category_list":"<a href=\"https:\/\/joyana.fr\/ja\/category\/deco-design\/\" rel=\"category tag\">DECO-DESIGN<\/a>, <a href=\"https:\/\/joyana.fr\/ja\/category\/deco-design\/architecture-deco-design\/lieux-design\/\" rel=\"category tag\">Lieux<\/a>, <a href=\"https:\/\/joyana.fr\/ja\/category\/deco-design\/architecture-deco-design\/lieux-design\/visites\/\" rel=\"category tag\">Visites<\/a>","author_info":{"display_name":"Jo Yana","author_link":"https:\/\/joyana.fr\/ja\/author\/joyana\/"},"comments_num":"9 comments","featured_image_urls_v2":{"full":["https:\/\/i0.wp.com\/joyana.fr\/wp-content\/uploads\/2016\/08\/joyana-logo-black-360x180.png?fit=360%2C180&ssl=1",360,180,false],"thumbnail":["https:\/\/i0.wp.com\/joyana.fr\/wp-content\/uploads\/2016\/08\/joyana-logo-black-360x180.png?resize=150%2C150&ssl=1",150,150,true],"medium":["https:\/\/i0.wp.com\/joyana.fr\/wp-content\/uploads\/2016\/08\/joyana-logo-black-360x180.png?fit=360%2C180&ssl=1",360,180,true],"medium_large":["https:\/\/i0.wp.com\/joyana.fr\/wp-content\/uploads\/2016\/08\/joyana-logo-black-360x180.png?fit=360%2C180&ssl=1",360,180,true],"large":["https:\/\/i0.wp.com\/joyana.fr\/wp-content\/uploads\/2016\/08\/joyana-logo-black-360x180.png?fit=360%2C180&ssl=1",360,180,true],"1536x1536":["https:\/\/i0.wp.com\/joyana.fr\/wp-content\/uploads\/2016\/08\/joyana-logo-black-360x180.png?fit=360%2C180&ssl=1",360,180,true],"2048x2048":["https:\/\/i0.wp.com\/joyana.fr\/wp-content\/uploads\/2016\/08\/joyana-logo-black-360x180.png?fit=360%2C180&ssl=1",360,180,true],"featured-thumb":["https:\/\/i0.wp.com\/joyana.fr\/wp-content\/uploads\/2016\/08\/joyana-logo-black-360x180.png?resize=360%2C180&ssl=1",360,180,true],"ab-block-post-grid-landscape":["https:\/\/i0.wp.com\/joyana.fr\/wp-content\/uploads\/2016\/08\/joyana-logo-black-360x180.png?resize=360%2C180&ssl=1",360,180,true],"ab-block-post-grid-square":["https:\/\/i0.wp.com\/joyana.fr\/wp-content\/uploads\/2016\/08\/joyana-logo-black-360x180.png?resize=360%2C180&ssl=1",360,180,true],"author-pro-image":["https:\/\/i0.wp.com\/joyana.fr\/wp-content\/uploads\/2016\/08\/joyana-logo-black-360x180.png?resize=360%2C180&ssl=1",360,180,true],"slider":["https:\/\/i0.wp.com\/joyana.fr\/wp-content\/uploads\/2016\/08\/joyana-logo-black-360x180.png?resize=360%2C180&ssl=1",360,180,true],"woocommerce_thumbnail":["https:\/\/i0.wp.com\/joyana.fr\/wp-content\/uploads\/2016\/08\/joyana-logo-black-360x180.png?resize=300%2C180&ssl=1",300,180,true],"woocommerce_single":["https:\/\/i0.wp.com\/joyana.fr\/wp-content\/uploads\/2016\/08\/joyana-logo-black-360x180.png?fit=360%2C180&ssl=1",360,180,true],"woocommerce_gallery_thumbnail":["https:\/\/i0.wp.com\/joyana.fr\/wp-content\/uploads\/2016\/08\/joyana-logo-black-360x180.png?resize=180%2C180&ssl=1",180,180,true],"sow-carousel-default":["https:\/\/i0.wp.com\/joyana.fr\/wp-content\/uploads\/2016\/08\/joyana-logo-black-360x180.png?resize=272%2C180&ssl=1",272,180,true]},"post_excerpt_stackable_v2":"<p>Aujourd&#8217;hui visite de l&#8217;appartement F3 d&#8217;un de nos forumeurs, qui s\u00e9vit sous le ps&hellip;<\/p>\n","category_list_v2":"<a href=\"https:\/\/joyana.fr\/ja\/category\/deco-design\/\" rel=\"category tag\">DECO-DESIGN<\/a>, <a href=\"https:\/\/joyana.fr\/ja\/category\/deco-design\/architecture-deco-design\/lieux-design\/\" rel=\"category tag\">Lieux<\/a>, <a href=\"https:\/\/joyana.fr\/ja\/category\/deco-design\/architecture-deco-design\/lieux-design\/visites\/\" rel=\"category tag\">Visites<\/a>","author_info_v2":{"name":"Jo Yana","url":"https:\/\/joyana.fr\/ja\/author\/joyana\/"},"comments_num_v2":"9 comments","yoast_head":"<!-- This site is optimized with the Yoast SEO plugin v26.8 - https:\/\/yoast.com\/product\/yoast-seo-wordpress\/ -->\n<title>Visite de l&#039;appartement F3 de La Merguez Masqu\u00e9e - JO YANA<\/title>\n<meta name=\"robots\" content=\"index, follow, max-snippet:-1, max-image-preview:large, max-video-preview:-1\" \/>\n<link rel=\"canonical\" href=\"https:\/\/joyana.fr\/ja\/visite-de-lappartement-f3-de-la-merguez-masquee\/101883\/\" \/>\n<meta property=\"og:locale\" content=\"ja_JP\" \/>\n<meta property=\"og:locale:alternate\" content=\"fr_FR\" \/>\n<meta property=\"og:locale:alternate\" content=\"en_US\" \/>\n<meta property=\"og:type\" content=\"article\" \/>\n<meta property=\"og:title\" content=\"Visite de l&#039;appartement F3 de La Merguez Masqu\u00e9e - JO YANA\" \/>\n<meta property=\"og:description\" content=\"Aujourd&#8217;hui visite de l&#8217;appartement F3 d&#8217;un de nos forumeurs, qui s\u00e9vit sous le pseudo de La [&hellip;]\" \/>\n<meta property=\"og:url\" content=\"https:\/\/joyana.fr\/ja\/visite-de-lappartement-f3-de-la-merguez-masquee\/101883\/\" \/>\n<meta property=\"og:site_name\" content=\"JO YANA\" \/>\n<meta property=\"article:published_time\" content=\"2008-12-08T18:02:36+00:00\" \/>\n<meta property=\"og:image\" content=\"https:\/\/joyana.fr\/wp-content\/uploads\/2016\/08\/joyana-logo-black-360x180.png\" \/>\n\t<meta property=\"og:image:width\" content=\"360\" \/>\n\t<meta property=\"og:image:height\" content=\"180\" \/>\n\t<meta property=\"og:image:type\" content=\"image\/png\" \/>\n<meta name=\"author\" content=\"Jo Yana\" \/>\n<meta name=\"twitter:card\" content=\"summary_large_image\" \/>\n<meta name=\"twitter:creator\" content=\"@Jo_Yana\" \/>\n<meta name=\"twitter:site\" content=\"@Jo_Yana\" \/>\n<meta name=\"twitter:label1\" content=\"\u57f7\u7b46\u8005\" \/>\n\t<meta name=\"twitter:data1\" content=\"Jo Yana\" \/>\n\t<meta name=\"twitter:label2\" content=\"\u63a8\u5b9a\u8aad\u307f\u53d6\u308a\u6642\u9593\" \/>\n\t<meta name=\"twitter:data2\" content=\"3\u5206\" \/>\n<script type=\"application\/ld+json\" class=\"yoast-schema-graph\">{\"@context\":\"https:\/\/schema.org\",\"@graph\":[{\"@type\":\"Article\",\"@id\":\"https:\/\/joyana.fr\/visite-de-lappartement-f3-de-la-merguez-masquee\/101883\/#article\",\"isPartOf\":{\"@id\":\"https:\/\/joyana.fr\/visite-de-lappartement-f3-de-la-merguez-masquee\/101883\/\"},\"author\":{\"name\":\"Jo Yana\",\"@id\":\"https:\/\/www.joyana.fr\/ja\/#\/schema\/person\/cf2a1ad12a27c12c21801075bf37407c\"},\"headline\":\"Visite de l&#039;appartement F3 de La Merguez Masqu\u00e9e\",\"datePublished\":\"2008-12-08T18:02:36+00:00\",\"mainEntityOfPage\":{\"@id\":\"https:\/\/joyana.fr\/visite-de-lappartement-f3-de-la-merguez-masquee\/101883\/\"},\"wordCount\":557,\"commentCount\":9,\"publisher\":{\"@id\":\"https:\/\/www.joyana.fr\/ja\/#\/schema\/person\/cf2a1ad12a27c12c21801075bf37407c\"},\"image\":{\"@id\":\"https:\/\/joyana.fr\/visite-de-lappartement-f3-de-la-merguez-masquee\/101883\/#primaryimage\"},\"thumbnailUrl\":\"https:\/\/i0.wp.com\/joyana.fr\/wp-content\/uploads\/2016\/08\/joyana-logo-black-360x180.png?fit=360%2C180&ssl=1\",\"keywords\":[\"Forum D\u00e9co-Design\"],\"articleSection\":[\"DECO-DESIGN\",\"Lieux\",\"Visites\"],\"inLanguage\":\"ja\",\"potentialAction\":[{\"@type\":\"CommentAction\",\"name\":\"Comment\",\"target\":[\"https:\/\/joyana.fr\/visite-de-lappartement-f3-de-la-merguez-masquee\/101883\/#respond\"]}]},{\"@type\":\"WebPage\",\"@id\":\"https:\/\/joyana.fr\/visite-de-lappartement-f3-de-la-merguez-masquee\/101883\/\",\"url\":\"https:\/\/joyana.fr\/visite-de-lappartement-f3-de-la-merguez-masquee\/101883\/\",\"name\":\"Visite de l&#039;appartement F3 de La Merguez Masqu\u00e9e - JO YANA\",\"isPartOf\":{\"@id\":\"https:\/\/www.joyana.fr\/ja\/#website\"},\"primaryImageOfPage\":{\"@id\":\"https:\/\/joyana.fr\/visite-de-lappartement-f3-de-la-merguez-masquee\/101883\/#primaryimage\"},\"image\":{\"@id\":\"https:\/\/joyana.fr\/visite-de-lappartement-f3-de-la-merguez-masquee\/101883\/#primaryimage\"},\"thumbnailUrl\":\"https:\/\/i0.wp.com\/joyana.fr\/wp-content\/uploads\/2016\/08\/joyana-logo-black-360x180.png?fit=360%2C180&ssl=1\",\"datePublished\":\"2008-12-08T18:02:36+00:00\",\"breadcrumb\":{\"@id\":\"https:\/\/joyana.fr\/visite-de-lappartement-f3-de-la-merguez-masquee\/101883\/#breadcrumb\"},\"inLanguage\":\"ja\",\"potentialAction\":[{\"@type\":\"ReadAction\",\"target\":[\"https:\/\/joyana.fr\/visite-de-lappartement-f3-de-la-merguez-masquee\/101883\/\"]}]},{\"@type\":\"ImageObject\",\"inLanguage\":\"ja\",\"@id\":\"https:\/\/joyana.fr\/visite-de-lappartement-f3-de-la-merguez-masquee\/101883\/#primaryimage\",\"url\":\"https:\/\/i0.wp.com\/joyana.fr\/wp-content\/uploads\/2016\/08\/joyana-logo-black-360x180.png?fit=360%2C180&ssl=1\",\"contentUrl\":\"https:\/\/i0.wp.com\/joyana.fr\/wp-content\/uploads\/2016\/08\/joyana-logo-black-360x180.png?fit=360%2C180&ssl=1\",\"width\":360,\"height\":180,\"caption\":\"logo joyana.fr\"},{\"@type\":\"BreadcrumbList\",\"@id\":\"https:\/\/joyana.fr\/visite-de-lappartement-f3-de-la-merguez-masquee\/101883\/#breadcrumb\",\"itemListElement\":[{\"@type\":\"ListItem\",\"position\":1,\"name\":\"Accueil\",\"item\":\"https:\/\/www.joyana.fr\/ja\/\"},{\"@type\":\"ListItem\",\"position\":2,\"name\":\"Visite de l&#039;appartement F3 de La Merguez Masqu\u00e9e\"}]},{\"@type\":\"WebSite\",\"@id\":\"https:\/\/www.joyana.fr\/ja\/#website\",\"url\":\"https:\/\/www.joyana.fr\/ja\/\",\"name\":\"JO YANA\",\"description\":\"Blog Mode Homme, Lifestyle, D\u00e9co-Design\",\"publisher\":{\"@id\":\"https:\/\/www.joyana.fr\/ja\/#\/schema\/person\/cf2a1ad12a27c12c21801075bf37407c\"},\"potentialAction\":[{\"@type\":\"SearchAction\",\"target\":{\"@type\":\"EntryPoint\",\"urlTemplate\":\"https:\/\/www.joyana.fr\/ja\/?s={search_term_string}\"},\"query-input\":{\"@type\":\"PropertyValueSpecification\",\"valueRequired\":true,\"valueName\":\"search_term_string\"}}],\"inLanguage\":\"ja\"},{\"@type\":[\"Person\",\"Organization\"],\"@id\":\"https:\/\/www.joyana.fr\/ja\/#\/schema\/person\/cf2a1ad12a27c12c21801075bf37407c\",\"name\":\"Jo Yana\",\"image\":{\"@type\":\"ImageObject\",\"inLanguage\":\"ja\",\"@id\":\"https:\/\/www.joyana.fr\/ja\/#\/schema\/person\/image\/\",\"url\":\"https:\/\/i0.wp.com\/joyana.fr\/wp-content\/uploads\/2016\/08\/cropped-joyana-logo-black-360x180.png?fit=343%2C164&ssl=1\",\"contentUrl\":\"https:\/\/i0.wp.com\/joyana.fr\/wp-content\/uploads\/2016\/08\/cropped-joyana-logo-black-360x180.png?fit=343%2C164&ssl=1\",\"width\":343,\"height\":164,\"caption\":\"Jo Yana\"},\"logo\":{\"@id\":\"https:\/\/www.joyana.fr\/ja\/#\/schema\/person\/image\/\"},\"description\":\"Jo Yana est le cr\u00e9ateur et r\u00e9dacteur en chef des sites DECO-DESIGN. Passionn\u00e9 de Design, Mode, Photo, Luxe, Lifestyle, Musique, mais avant tout Blogueur ! Le plaisir de partager l'anime et a comme devise \\\"POUR L'AMOUR DU BEAU\\\". Retrouvez le aussi sur son blog personnel - https:\/\/joyana.fr...\",\"sameAs\":[\"https:\/\/joyana.fr\/\"],\"url\":\"https:\/\/joyana.fr\/ja\/author\/joyana\/\"}]}<\/script>\n<!-- \/ Yoast SEO plugin. -->","yoast_head_json":{"title":"Visite de l&#039;appartement F3 de La Merguez Masqu\u00e9e - JO YANA","robots":{"index":"index","follow":"follow","max-snippet":"max-snippet:-1","max-image-preview":"max-image-preview:large","max-video-preview":"max-video-preview:-1"},"canonical":"https:\/\/joyana.fr\/ja\/visite-de-lappartement-f3-de-la-merguez-masquee\/101883\/","og_locale":"ja_JP","og_type":"article","og_title":"Visite de l&#039;appartement F3 de La Merguez Masqu\u00e9e - JO YANA","og_description":"Aujourd&#8217;hui visite de l&#8217;appartement F3 d&#8217;un de nos forumeurs, qui s\u00e9vit sous le pseudo de La [&hellip;]","og_url":"https:\/\/joyana.fr\/ja\/visite-de-lappartement-f3-de-la-merguez-masquee\/101883\/","og_site_name":"JO YANA","article_published_time":"2008-12-08T18:02:36+00:00","og_image":[{"width":360,"height":180,"url":"https:\/\/joyana.fr\/wp-content\/uploads\/2016\/08\/joyana-logo-black-360x180.png","type":"image\/png"}],"author":"Jo Yana","twitter_card":"summary_large_image","twitter_creator":"@Jo_Yana","twitter_site":"@Jo_Yana","twitter_misc":{"\u57f7\u7b46\u8005":"Jo Yana","\u63a8\u5b9a\u8aad\u307f\u53d6\u308a\u6642\u9593":"3\u5206"},"schema":{"@context":"https:\/\/schema.org","@graph":[{"@type":"Article","@id":"https:\/\/joyana.fr\/visite-de-lappartement-f3-de-la-merguez-masquee\/101883\/#article","isPartOf":{"@id":"https:\/\/joyana.fr\/visite-de-lappartement-f3-de-la-merguez-masquee\/101883\/"},"author":{"name":"Jo Yana","@id":"https:\/\/www.joyana.fr\/ja\/#\/schema\/person\/cf2a1ad12a27c12c21801075bf37407c"},"headline":"Visite de l&#039;appartement F3 de La Merguez Masqu\u00e9e","datePublished":"2008-12-08T18:02:36+00:00","mainEntityOfPage":{"@id":"https:\/\/joyana.fr\/visite-de-lappartement-f3-de-la-merguez-masquee\/101883\/"},"wordCount":557,"commentCount":9,"publisher":{"@id":"https:\/\/www.joyana.fr\/ja\/#\/schema\/person\/cf2a1ad12a27c12c21801075bf37407c"},"image":{"@id":"https:\/\/joyana.fr\/visite-de-lappartement-f3-de-la-merguez-masquee\/101883\/#primaryimage"},"thumbnailUrl":"https:\/\/i0.wp.com\/joyana.fr\/wp-content\/uploads\/2016\/08\/joyana-logo-black-360x180.png?fit=360%2C180&ssl=1","keywords":["Forum D\u00e9co-Design"],"articleSection":["DECO-DESIGN","Lieux","Visites"],"inLanguage":"ja","potentialAction":[{"@type":"CommentAction","name":"Comment","target":["https:\/\/joyana.fr\/visite-de-lappartement-f3-de-la-merguez-masquee\/101883\/#respond"]}]},{"@type":"WebPage","@id":"https:\/\/joyana.fr\/visite-de-lappartement-f3-de-la-merguez-masquee\/101883\/","url":"https:\/\/joyana.fr\/visite-de-lappartement-f3-de-la-merguez-masquee\/101883\/","name":"Visite de l&#039;appartement F3 de La Merguez Masqu\u00e9e - JO YANA","isPartOf":{"@id":"https:\/\/www.joyana.fr\/ja\/#website"},"primaryImageOfPage":{"@id":"https:\/\/joyana.fr\/visite-de-lappartement-f3-de-la-merguez-masquee\/101883\/#primaryimage"},"image":{"@id":"https:\/\/joyana.fr\/visite-de-lappartement-f3-de-la-merguez-masquee\/101883\/#primaryimage"},"thumbnailUrl":"https:\/\/i0.wp.com\/joyana.fr\/wp-content\/uploads\/2016\/08\/joyana-logo-black-360x180.png?fit=360%2C180&ssl=1","datePublished":"2008-12-08T18:02:36+00:00","breadcrumb":{"@id":"https:\/\/joyana.fr\/visite-de-lappartement-f3-de-la-merguez-masquee\/101883\/#breadcrumb"},"inLanguage":"ja","potentialAction":[{"@type":"ReadAction","target":["https:\/\/joyana.fr\/visite-de-lappartement-f3-de-la-merguez-masquee\/101883\/"]}]},{"@type":"ImageObject","inLanguage":"ja","@id":"https:\/\/joyana.fr\/visite-de-lappartement-f3-de-la-merguez-masquee\/101883\/#primaryimage","url":"https:\/\/i0.wp.com\/joyana.fr\/wp-content\/uploads\/2016\/08\/joyana-logo-black-360x180.png?fit=360%2C180&ssl=1","contentUrl":"https:\/\/i0.wp.com\/joyana.fr\/wp-content\/uploads\/2016\/08\/joyana-logo-black-360x180.png?fit=360%2C180&ssl=1","width":360,"height":180,"caption":"logo joyana.fr"},{"@type":"BreadcrumbList","@id":"https:\/\/joyana.fr\/visite-de-lappartement-f3-de-la-merguez-masquee\/101883\/#breadcrumb","itemListElement":[{"@type":"ListItem","position":1,"name":"Accueil","item":"https:\/\/www.joyana.fr\/ja\/"},{"@type":"ListItem","position":2,"name":"Visite de l&#039;appartement F3 de La Merguez Masqu\u00e9e"}]},{"@type":"WebSite","@id":"https:\/\/www.joyana.fr\/ja\/#website","url":"https:\/\/www.joyana.fr\/ja\/","name":"JO YANA","description":"Blog Mode Homme, Lifestyle, D\u00e9co-Design","publisher":{"@id":"https:\/\/www.joyana.fr\/ja\/#\/schema\/person\/cf2a1ad12a27c12c21801075bf37407c"},"potentialAction":[{"@type":"SearchAction","target":{"@type":"EntryPoint","urlTemplate":"https:\/\/www.joyana.fr\/ja\/?s={search_term_string}"},"query-input":{"@type":"PropertyValueSpecification","valueRequired":true,"valueName":"search_term_string"}}],"inLanguage":"ja"},{"@type":["Person","Organization"],"@id":"https:\/\/www.joyana.fr\/ja\/#\/schema\/person\/cf2a1ad12a27c12c21801075bf37407c","name":"Jo Yana","image":{"@type":"ImageObject","inLanguage":"ja","@id":"https:\/\/www.joyana.fr\/ja\/#\/schema\/person\/image\/","url":"https:\/\/i0.wp.com\/joyana.fr\/wp-content\/uploads\/2016\/08\/cropped-joyana-logo-black-360x180.png?fit=343%2C164&ssl=1","contentUrl":"https:\/\/i0.wp.com\/joyana.fr\/wp-content\/uploads\/2016\/08\/cropped-joyana-logo-black-360x180.png?fit=343%2C164&ssl=1","width":343,"height":164,"caption":"Jo Yana"},"logo":{"@id":"https:\/\/www.joyana.fr\/ja\/#\/schema\/person\/image\/"},"description":"Jo Yana est le cr\u00e9ateur et r\u00e9dacteur en chef des sites DECO-DESIGN. Passionn\u00e9 de Design, Mode, Photo, Luxe, Lifestyle, Musique, mais avant tout Blogueur ! Le plaisir de partager l'anime et a comme devise \"POUR L'AMOUR DU BEAU\". Retrouvez le aussi sur son blog personnel - https:\/\/joyana.fr...","sameAs":["https:\/\/joyana.fr\/"],"url":"https:\/\/joyana.fr\/ja\/author\/joyana\/"}]}},"author_meta":{"display_name":"Jo Yana","author_link":"https:\/\/joyana.fr\/ja\/author\/joyana\/"},"featured_img":"https:\/\/i0.wp.com\/joyana.fr\/wp-content\/uploads\/2016\/08\/joyana-logo-black-360x180.png?fit=360%2C180&ssl=1","featured_image_src":"https:\/\/i0.wp.com\/joyana.fr\/wp-content\/uploads\/2016\/08\/joyana-logo-black-360x180.png?resize=360%2C180&ssl=1","featured_image_src_square":"https:\/\/i0.wp.com\/joyana.fr\/wp-content\/uploads\/2016\/08\/joyana-logo-black-360x180.png?resize=360%2C180&ssl=1","jetpack_featured_media_url":"https:\/\/i0.wp.com\/joyana.fr\/wp-content\/uploads\/2016\/08\/joyana-logo-black-360x180.png?fit=360%2C180&ssl=1","uagb_featured_image_src":{"full":["https:\/\/i0.wp.com\/joyana.fr\/wp-content\/uploads\/2016\/08\/joyana-logo-black-360x180.png?fit=360%2C180&ssl=1",360,180,false],"thumbnail":["https:\/\/i0.wp.com\/joyana.fr\/wp-content\/uploads\/2016\/08\/joyana-logo-black-360x180.png?resize=150%2C150&ssl=1",150,150,true],"medium":["https:\/\/i0.wp.com\/joyana.fr\/wp-content\/uploads\/2016\/08\/joyana-logo-black-360x180.png?fit=360%2C180&ssl=1",360,180,true],"medium_large":["https:\/\/i0.wp.com\/joyana.fr\/wp-content\/uploads\/2016\/08\/joyana-logo-black-360x180.png?fit=360%2C180&ssl=1",360,180,true],"large":["https:\/\/i0.wp.com\/joyana.fr\/wp-content\/uploads\/2016\/08\/joyana-logo-black-360x180.png?fit=360%2C180&ssl=1",360,180,true],"1536x1536":["https:\/\/i0.wp.com\/joyana.fr\/wp-content\/uploads\/2016\/08\/joyana-logo-black-360x180.png?fit=360%2C180&ssl=1",360,180,true],"2048x2048":["https:\/\/i0.wp.com\/joyana.fr\/wp-content\/uploads\/2016\/08\/joyana-logo-black-360x180.png?fit=360%2C180&ssl=1",360,180,true],"featured-thumb":["https:\/\/i0.wp.com\/joyana.fr\/wp-content\/uploads\/2016\/08\/joyana-logo-black-360x180.png?resize=360%2C180&ssl=1",360,180,true],"ab-block-post-grid-landscape":["https:\/\/i0.wp.com\/joyana.fr\/wp-content\/uploads\/2016\/08\/joyana-logo-black-360x180.png?resize=360%2C180&ssl=1",360,180,true],"ab-block-post-grid-square":["https:\/\/i0.wp.com\/joyana.fr\/wp-content\/uploads\/2016\/08\/joyana-logo-black-360x180.png?resize=360%2C180&ssl=1",360,180,true],"author-pro-image":["https:\/\/i0.wp.com\/joyana.fr\/wp-content\/uploads\/2016\/08\/joyana-logo-black-360x180.png?resize=360%2C180&ssl=1",360,180,true],"slider":["https:\/\/i0.wp.com\/joyana.fr\/wp-content\/uploads\/2016\/08\/joyana-logo-black-360x180.png?resize=360%2C180&ssl=1",360,180,true],"woocommerce_thumbnail":["https:\/\/i0.wp.com\/joyana.fr\/wp-content\/uploads\/2016\/08\/joyana-logo-black-360x180.png?resize=300%2C180&ssl=1",300,180,true],"woocommerce_single":["https:\/\/i0.wp.com\/joyana.fr\/wp-content\/uploads\/2016\/08\/joyana-logo-black-360x180.png?fit=360%2C180&ssl=1",360,180,true],"woocommerce_gallery_thumbnail":["https:\/\/i0.wp.com\/joyana.fr\/wp-content\/uploads\/2016\/08\/joyana-logo-black-360x180.png?resize=180%2C180&ssl=1",180,180,true],"sow-carousel-default":["https:\/\/i0.wp.com\/joyana.fr\/wp-content\/uploads\/2016\/08\/joyana-logo-black-360x180.png?resize=272%2C180&ssl=1",272,180,true]},"uagb_author_info":{"display_name":"Jo Yana","author_link":"https:\/\/joyana.fr\/ja\/author\/joyana\/"},"uagb_comment_info":9,"uagb_excerpt":"Aujourd&#8217;hui visite de l&#8217;appartement F3 d&#8&hellip;","coauthors":[],"tax_additional":{"categories":{"linked":["<a href=\"https:\/\/joyana.fr\/ja\/category\/deco-design\/\" class=\"advgb-post-tax-term\">DECO-DESIGN<\/a>","<a href=\"https:\/\/joyana.fr\/ja\/category\/deco-design\/architecture-deco-design\/lieux-design\/\" class=\"advgb-post-tax-term\">Lieux<\/a>","<a href=\"https:\/\/joyana.fr\/ja\/category\/deco-design\/architecture-deco-design\/lieux-design\/visites\/\" class=\"advgb-post-tax-term\">Visites<\/a>"],"unlinked":["<span class=\"advgb-post-tax-term\">DECO-DESIGN<\/span>","<span class=\"advgb-post-tax-term\">Lieux<\/span>","<span class=\"advgb-post-tax-term\">Visites<\/span>"]},"tags":{"linked":["<a href=\"https:\/\/joyana.fr\/ja\/category\/deco-design\/architecture-deco-design\/lieux-design\/visites\/\" class=\"advgb-post-tax-term\">Forum D\u00e9co-Design<\/a>"],"unlinked":["<span class=\"advgb-post-tax-term\">Forum D\u00e9co-Design<\/span>"]}},"comment_count":9,"relative_dates":{"created":"Posted 17\u5e74 ago","modified":"Updated 17\u5e74 ago"},"absolute_dates":{"created":"Posted on 8 12\u6708 2008","modified":"Updated on 8 12\u6708 2008"},"absolute_dates_time":{"created":"Posted on 8 12\u6708 2008 19:02","modified":"Updated on 8 12\u6708 2008 19:02"},"featured_img_caption":"","series_order":"","jetpack_sharing_enabled":true,"jetpack_shortlink":"https:\/\/wp.me\/p9bteI-qvh","jetpack-related-posts":[],"_links":{"self":[{"href":"https:\/\/joyana.fr\/ja\/wp-json\/wp\/v2\/posts\/101883","targetHints":{"allow":["GET"]}}],"collection":[{"href":"https:\/\/joyana.fr\/ja\/wp-json\/wp\/v2\/posts"}],"about":[{"href":"https:\/\/joyana.fr\/ja\/wp-json\/wp\/v2\/types\/post"}],"author":[{"embeddable":true,"href":"https:\/\/joyana.fr\/ja\/wp-json\/wp\/v2\/users\/3"}],"replies":[{"embeddable":true,"href":"https:\/\/joyana.fr\/ja\/wp-json\/wp\/v2\/comments?post=101883"}],"version-history":[{"count":0,"href":"https:\/\/joyana.fr\/ja\/wp-json\/wp\/v2\/posts\/101883\/revisions"}],"wp:featuredmedia":[{"embeddable":true,"href":"https:\/\/joyana.fr\/ja\/wp-json\/wp\/v2\/media\/124300"}],"wp:attachment":[{"href":"https:\/\/joyana.fr\/ja\/wp-json\/wp\/v2\/media?parent=101883"}],"wp:term":[{"taxonomy":"category","embeddable":true,"href":"https:\/\/joyana.fr\/ja\/wp-json\/wp\/v2\/categories?post=101883"},{"taxonomy":"post_tag","embeddable":true,"href":"https:\/\/joyana.fr\/ja\/wp-json\/wp\/v2\/tags?post=101883"}],"curies":[{"name":"wp","href":"https:\/\/api.w.org\/{rel}","templated":true}]}}