{"id":101902,"date":"2008-12-10T22:17:34","date_gmt":"2008-12-10T21:17:34","guid":{"rendered":"https:\/\/joyana.fr\/exposition-orgueil-colere-au-centre-design-marseille\/"},"modified":"2008-12-10T22:17:34","modified_gmt":"2008-12-10T21:17:34","slug":"exposition-orgueil-colere-au-centre-design-marseille","status":"publish","type":"post","link":"https:\/\/joyana.fr\/ja\/exposition-orgueil-colere-au-centre-design-marseille\/101902\/","title":{"rendered":"Exposition \u00ab ORGUEIL &amp; COLERE \u00bb au Centre Design Marseille"},"content":{"rendered":"<p>Apr\u00e8s avoir pr\u00e9sent\u00e9 il y a quelques temps <strong>\u00ab <\/strong>Gourmandise &#038; Luxure<strong> \u00bb <\/strong>, le <strong>Centre Design Marseille<\/strong> poursuit sa mise en image des 7 p\u00e9ch\u00e9s capitaux avec l\u2019<strong>exposition<\/strong> <strong>\u00ab <\/strong><strong>Orgueil &#038; Col\u00e8re<\/strong><strong> \u00bb <\/strong>&#8230; Plusieurs artistes et designers connus et moins connus ont pr\u00e9sent\u00e9 des cr\u00e9ations surprenantes et d\u00e9cal\u00e9es, dans l\u2019esprit de cette exposition.<\/p>\n<p><img data-recalc-dims=\"1\" fetchpriority=\"high\" decoding=\"async\" src=\"https:\/\/i0.wp.com\/joyana.fr\/wp-content\/uploads\/expocentredesignmarseille.jpg?resize=500%2C335&#038;ssl=1\" alt=\"Exposition ORGUEIL &#038; COLERE au Centre Design Marseille\" align=\"top\" border=\"0\" height=\"335\" hspace=\"8\" width=\"500\" \/><\/p>\n<p>Ci-dessus une photographie tir\u00e9e de la s\u00e9rie <strong>\u00ab <\/strong>Selfkiss <strong>\u00bb <\/strong>par Pupsam Thomas Lib\u00e9 et David Puel. Les deux acolytes ont imagin\u00e9 une rencontre entre un \u00eatre et lui m\u00eame (pas un autre, pas son double) pour former un couple qui va s&#8217;embrasser. Un travail \u00e0 base de retouches photo au rendu tr\u00e8s int\u00e9ressant.<\/p>\n<p><img data-recalc-dims=\"1\" decoding=\"async\" src=\"https:\/\/i0.wp.com\/joyana.fr\/wp-content\/uploads\/expoorgueuilmarseille.jpg?resize=500%2C335&#038;ssl=1\" alt=\"Exposition ORGUEIL &#038; COLERE au Centre Design Marseille\" align=\"top\" border=\"0\" height=\"335\" hspace=\"8\" width=\"500\" \/><\/p>\n<p>LN Boul une designer marseillaise &#8211; dont nous avons d\u00e9j\u00e0 parl\u00e9 \u00e0 plusieurs reprises sur notre blog &#8211; pr\u00e9sentait une s\u00e9rie d\u2019assiettes intitul\u00e9e <strong>\u00ab <\/strong>Tous nos voeux de bonheur<strong> \u00bb<\/strong>. Un service de 7 assiettes offertes aux jeunes mari\u00e9s qui serviront \u00e0 leur destruction&#8230;Une cr\u00e9ation pleine d\u2019humour \u00e0 l\u2019image de la designer !!!<\/p>\n<p><img data-recalc-dims=\"1\" decoding=\"async\" src=\"https:\/\/i0.wp.com\/joyana.fr\/wp-content\/uploads\/expocoleremarseille.jpg?resize=500%2C345&#038;ssl=1\" alt=\"Exposition ORGUEIL &#038; COLERE au Centre Design Marseille\" align=\"top\" border=\"0\" height=\"345\" hspace=\"8\" width=\"500\" \/><\/p>\n<p>Une installation sign\u00e9e Florence Schmidt, intitul\u00e9e <strong>\u00ab<\/strong> Col\u00e8re de tous les jours <strong>\u00bb<\/strong>.<\/p>\n<p><img data-recalc-dims=\"1\" loading=\"lazy\" decoding=\"async\" src=\"https:\/\/i0.wp.com\/joyana.fr\/wp-content\/uploads\/expomarseilledesignorgueuil.jpg?resize=500%2C350&#038;ssl=1\" alt=\"Exposition ORGUEIL &#038; COLERE au Centre Design Marseille\" align=\"top\" border=\"0\" height=\"350\" hspace=\"8\" width=\"500\" \/><\/p>\n<p><img data-recalc-dims=\"1\" loading=\"lazy\" decoding=\"async\" src=\"https:\/\/i0.wp.com\/joyana.fr\/wp-content\/uploads\/expocentreorgueuil.jpg?resize=500%2C335&#038;ssl=1\" alt=\"Exposition ORGUEIL &#038; COLERE au Centre Design Marseille\" align=\"top\" border=\"0\" height=\"335\" hspace=\"8\" width=\"500\" \/><\/p>\n<p>Voici une des oeuvre qui nous a le plus intrigu\u00e9, un miroir intitul\u00e9 <strong>\u00ab <\/strong>Moucharabieh<strong> \u00bb<\/strong>, il est sign\u00e9 Jennifer Fr\u00e9ville &#8211; une jeune designer r\u00e9cemment dipl\u00f4m\u00e9e. Le miroir montre \u00e0 la fois le champ et le contre-champ gr\u00e2ce \u00e0 un travail de d\u00e9coupe de telle mani\u00e8re que les pleins et les d\u00e9li\u00e9s soient de largeurs \u00e9gales. Ainsi on peut apercevoir &#8211; suivant l\u2019\u00e9clairage &#8211; ce qui se passe derri\u00e8re ce miroir sur pied.<\/p>\n<p><img data-recalc-dims=\"1\" loading=\"lazy\" decoding=\"async\" src=\"https:\/\/i0.wp.com\/joyana.fr\/wp-content\/uploads\/expomarseilledesign.jpg?resize=500%2C335&#038;ssl=1\" alt=\"Exposition ORGUEIL &#038; COLERE au Centre Design Marseille\" align=\"top\" border=\"0\" height=\"335\" hspace=\"8\" width=\"500\" \/><\/p>\n<p>Une chaise tr\u00e8s graphique sign\u00e9e Fabrice Koukoui intitul\u00e9e <strong>\u00ab<\/strong> Dali <strong>\u00bb<\/strong>.<\/p>\n<p><img data-recalc-dims=\"1\" loading=\"lazy\" decoding=\"async\" src=\"https:\/\/i0.wp.com\/joyana.fr\/wp-content\/uploads\/expodesignmarseillee.jpg?resize=500%2C335&#038;ssl=1\" alt=\"Exposition ORGUEIL &#038; COLERE au Centre Design Marseille\" align=\"top\" border=\"0\" height=\"335\" hspace=\"8\" width=\"500\" \/><\/p>\n<p>Le designer Piet Houtenbos revisite la lampe \u00e0 huile avec cette s\u00e9rie intitul\u00e9e <strong>\u00ab <\/strong>Hand Grenade Oil Lamp<strong> \u00bb<\/strong>.<\/p>\n<p><img data-recalc-dims=\"1\" loading=\"lazy\" decoding=\"async\" src=\"https:\/\/i0.wp.com\/joyana.fr\/wp-content\/uploads\/expodesignkarimrashid.jpg?resize=500%2C455&#038;ssl=1\" alt=\"Exposition ORGUEIL &#038; COLERE au Centre Design Marseille\" align=\"top\" border=\"0\" height=\"455\" hspace=\"8\" width=\"500\" \/><\/p>\n<p>Il y avait aussi des stars du design pr\u00e9sentes sur cette exposition, notamment notre chouchou \u00e0 la r\u00e9daction : <a href=\"https:\/\/joyana.fr\/tag\/karim-rashid\/\">Karim Rashid<\/a> et son <a href=\"https:\/\/joyana.fr\/globalight-par-karim-rashid-pour-veuve-clicquot\/\"><strong>\u00ab <\/strong>Globalight <strong>\u00bb <\/strong>pour Veuve Clicquot<\/a>, qui malheureusement pour des raisons techniques \u00e9tait \u00e9teint.<\/p>\n<p><img data-recalc-dims=\"1\" loading=\"lazy\" decoding=\"async\" src=\"https:\/\/i0.wp.com\/joyana.fr\/wp-content\/uploads\/expomiroirdesignmarseille.jpg?resize=500%2C335&#038;ssl=1\" alt=\"Exposition ORGUEIL &#038; COLERE au Centre Design Marseille\" align=\"top\" border=\"0\" height=\"335\" hspace=\"8\" width=\"500\" \/><\/p>\n<p>Et pour finir un travail tr\u00e8s int\u00e9ressant d\u2019Olivier Sidet qui pr\u00e9sentait deux miroirs, qui gr\u00e2ce et \u00e0 cause de leur originalit\u00e9 \u00e9tait tr\u00e8s dur \u00e0 prendre en photo. Le premier vous surprendra in\u00e9vitablement, intitul\u00e9 \u00ab Ghost \u00bb<strong> <\/strong>car lorsque vous passerez devant votre reflet dispara\u00eetra alors que autour de vous tout le monde reste visible. Etonnant !!!<\/p>\n<p>Le second (en photo ci-dessus) intitul\u00e9 \u00ab Flushing \u00bb<strong> <\/strong>masquant votre reflet d\u2019un rouge sang lorsque vous vous approchez&#8230;<\/p>\n<p>Pour r\u00e9sum\u00e9 une exposition vraiment int\u00e9ressante, nous vous conseillons vraiment d\u2019y faire un saut pour d\u00e9couvrir toutes les oeuvres dont nous n\u2019avons pas parl\u00e9 dans ce billet, dont certaines sign\u00e9s par Matali Crasset et bien d\u2019autres.<\/p>\n<p>A d\u00e9couvrir du 10 d\u00e9c. 2008 au 31 janv. 2009<\/p>\n<p>au\u00a0 <strong>CENTRE DESIGN MARSEILLE<\/strong><br \/>\n6 avenue de la Corse, 13007 Marseille<\/p>\n<p><strong><a href=\"http:\/\/www.designmarseille.org\/\">http:\/\/www.designmarseille.org\/ <\/a><\/strong><\/p>\n<p>&#8212;&#8212;&#8212;&#8212;&#8212;&#8212;<\/p>\n<p><a href=\"jo_yana@hotmail.com\">Jo Yana <\/a><\/p>\n","protected":false},"excerpt":{"rendered":"<p>Apr\u00e8s avoir pr\u00e9sent\u00e9 il y a quelques temps \u00ab Gourmandise &#038; Luxure \u00bb , le Centre Design Marseille poursuit [&hellip;]<\/p>\n","protected":false},"author":3,"featured_media":124300,"comment_status":"open","ping_status":"open","sticky":false,"template":"","format":"standard","meta":{"_coblocks_attr":"","_coblocks_dimensions":"","_coblocks_responsive_height":"","_coblocks_accordion_ie_support":"","_uag_custom_page_level_css":"","advgb_blocks_editor_width":"","advgb_blocks_columns_visual_guide":"","_genesis_hide_title":false,"_genesis_hide_breadcrumbs":false,"_genesis_hide_singular_image":false,"_genesis_hide_footer_widgets":false,"_genesis_custom_body_class":"","_genesis_custom_post_class":"","_genesis_layout":"","_themeisle_gutenberg_block_has_review":false,"_jetpack_newsletter_access":"","_jetpack_dont_email_post_to_subs":false,"_jetpack_newsletter_tier_id":0,"_jetpack_memberships_contains_paywalled_content":false,"_jetpack_memberships_contains_paid_content":false,"footnotes":""},"categories":[938,905,1065],"tags":[920,78,44,31],"class_list":{"0":"post-101902","1":"post","2":"type-post","3":"status-publish","4":"format-standard","5":"has-post-thumbnail","7":"category-actualite-deco-design","8":"category-deco-design","9":"category-ln-boul","10":"tag-artiste","11":"tag-design","12":"tag-karim-rashid","13":"tag-marseille","14":"entry"},"featured_image_urls":{"full":["https:\/\/i0.wp.com\/joyana.fr\/wp-content\/uploads\/2016\/08\/joyana-logo-black-360x180.png?fit=360%2C180&ssl=1",360,180,false],"thumbnail":["https:\/\/i0.wp.com\/joyana.fr\/wp-content\/uploads\/2016\/08\/joyana-logo-black-360x180.png?resize=150%2C150&ssl=1",150,150,true],"medium":["https:\/\/i0.wp.com\/joyana.fr\/wp-content\/uploads\/2016\/08\/joyana-logo-black-360x180.png?fit=360%2C180&ssl=1",360,180,true],"medium_large":["https:\/\/i0.wp.com\/joyana.fr\/wp-content\/uploads\/2016\/08\/joyana-logo-black-360x180.png?fit=360%2C180&ssl=1",360,180,true],"large":["https:\/\/i0.wp.com\/joyana.fr\/wp-content\/uploads\/2016\/08\/joyana-logo-black-360x180.png?fit=360%2C180&ssl=1",360,180,true],"1536x1536":["https:\/\/i0.wp.com\/joyana.fr\/wp-content\/uploads\/2016\/08\/joyana-logo-black-360x180.png?fit=360%2C180&ssl=1",360,180,true],"2048x2048":["https:\/\/i0.wp.com\/joyana.fr\/wp-content\/uploads\/2016\/08\/joyana-logo-black-360x180.png?fit=360%2C180&ssl=1",360,180,true],"featured-thumb":["https:\/\/i0.wp.com\/joyana.fr\/wp-content\/uploads\/2016\/08\/joyana-logo-black-360x180.png?resize=360%2C180&ssl=1",360,180,true],"ab-block-post-grid-landscape":["https:\/\/i0.wp.com\/joyana.fr\/wp-content\/uploads\/2016\/08\/joyana-logo-black-360x180.png?resize=360%2C180&ssl=1",360,180,true],"ab-block-post-grid-square":["https:\/\/i0.wp.com\/joyana.fr\/wp-content\/uploads\/2016\/08\/joyana-logo-black-360x180.png?resize=360%2C180&ssl=1",360,180,true],"author-pro-image":["https:\/\/i0.wp.com\/joyana.fr\/wp-content\/uploads\/2016\/08\/joyana-logo-black-360x180.png?resize=360%2C180&ssl=1",360,180,true],"slider":["https:\/\/i0.wp.com\/joyana.fr\/wp-content\/uploads\/2016\/08\/joyana-logo-black-360x180.png?resize=360%2C180&ssl=1",360,180,true],"woocommerce_thumbnail":["https:\/\/i0.wp.com\/joyana.fr\/wp-content\/uploads\/2016\/08\/joyana-logo-black-360x180.png?resize=300%2C180&ssl=1",300,180,true],"woocommerce_single":["https:\/\/i0.wp.com\/joyana.fr\/wp-content\/uploads\/2016\/08\/joyana-logo-black-360x180.png?fit=360%2C180&ssl=1",360,180,true],"woocommerce_gallery_thumbnail":["https:\/\/i0.wp.com\/joyana.fr\/wp-content\/uploads\/2016\/08\/joyana-logo-black-360x180.png?resize=180%2C180&ssl=1",180,180,true],"sow-carousel-default":["https:\/\/i0.wp.com\/joyana.fr\/wp-content\/uploads\/2016\/08\/joyana-logo-black-360x180.png?resize=272%2C180&ssl=1",272,180,true]},"post_excerpt_stackable":"<p>Apr\u00e8s avoir pr\u00e9sent\u00e9 il y a quelques temps \u00ab Gourmandise &#038; Luxure \u00bb , le Centre Design Marseill&hellip;<\/p>\n","category_list":"<a href=\"https:\/\/joyana.fr\/ja\/category\/deco-design\/actualite\/actualite-deco-design\/\" rel=\"category tag\">Actualit\u00e9 D\u00e9co-Design<\/a>, <a href=\"https:\/\/joyana.fr\/ja\/category\/deco-design\/\" rel=\"category tag\">DECO-DESIGN<\/a>, <a href=\"https:\/\/joyana.fr\/ja\/category\/deco-design\/designer\/ln-boul\/\" rel=\"category tag\">LN BOUL<\/a>","author_info":{"display_name":"Jo Yana","author_link":"https:\/\/joyana.fr\/ja\/author\/joyana\/"},"comments_num":"5 comments","featured_image_urls_v2":{"full":["https:\/\/i0.wp.com\/joyana.fr\/wp-content\/uploads\/2016\/08\/joyana-logo-black-360x180.png?fit=360%2C180&ssl=1",360,180,false],"thumbnail":["https:\/\/i0.wp.com\/joyana.fr\/wp-content\/uploads\/2016\/08\/joyana-logo-black-360x180.png?resize=150%2C150&ssl=1",150,150,true],"medium":["https:\/\/i0.wp.com\/joyana.fr\/wp-content\/uploads\/2016\/08\/joyana-logo-black-360x180.png?fit=360%2C180&ssl=1",360,180,true],"medium_large":["https:\/\/i0.wp.com\/joyana.fr\/wp-content\/uploads\/2016\/08\/joyana-logo-black-360x180.png?fit=360%2C180&ssl=1",360,180,true],"large":["https:\/\/i0.wp.com\/joyana.fr\/wp-content\/uploads\/2016\/08\/joyana-logo-black-360x180.png?fit=360%2C180&ssl=1",360,180,true],"1536x1536":["https:\/\/i0.wp.com\/joyana.fr\/wp-content\/uploads\/2016\/08\/joyana-logo-black-360x180.png?fit=360%2C180&ssl=1",360,180,true],"2048x2048":["https:\/\/i0.wp.com\/joyana.fr\/wp-content\/uploads\/2016\/08\/joyana-logo-black-360x180.png?fit=360%2C180&ssl=1",360,180,true],"featured-thumb":["https:\/\/i0.wp.com\/joyana.fr\/wp-content\/uploads\/2016\/08\/joyana-logo-black-360x180.png?resize=360%2C180&ssl=1",360,180,true],"ab-block-post-grid-landscape":["https:\/\/i0.wp.com\/joyana.fr\/wp-content\/uploads\/2016\/08\/joyana-logo-black-360x180.png?resize=360%2C180&ssl=1",360,180,true],"ab-block-post-grid-square":["https:\/\/i0.wp.com\/joyana.fr\/wp-content\/uploads\/2016\/08\/joyana-logo-black-360x180.png?resize=360%2C180&ssl=1",360,180,true],"author-pro-image":["https:\/\/i0.wp.com\/joyana.fr\/wp-content\/uploads\/2016\/08\/joyana-logo-black-360x180.png?resize=360%2C180&ssl=1",360,180,true],"slider":["https:\/\/i0.wp.com\/joyana.fr\/wp-content\/uploads\/2016\/08\/joyana-logo-black-360x180.png?resize=360%2C180&ssl=1",360,180,true],"woocommerce_thumbnail":["https:\/\/i0.wp.com\/joyana.fr\/wp-content\/uploads\/2016\/08\/joyana-logo-black-360x180.png?resize=300%2C180&ssl=1",300,180,true],"woocommerce_single":["https:\/\/i0.wp.com\/joyana.fr\/wp-content\/uploads\/2016\/08\/joyana-logo-black-360x180.png?fit=360%2C180&ssl=1",360,180,true],"woocommerce_gallery_thumbnail":["https:\/\/i0.wp.com\/joyana.fr\/wp-content\/uploads\/2016\/08\/joyana-logo-black-360x180.png?resize=180%2C180&ssl=1",180,180,true],"sow-carousel-default":["https:\/\/i0.wp.com\/joyana.fr\/wp-content\/uploads\/2016\/08\/joyana-logo-black-360x180.png?resize=272%2C180&ssl=1",272,180,true]},"post_excerpt_stackable_v2":"<p>Apr\u00e8s avoir pr\u00e9sent\u00e9 il y a quelques temps \u00ab Gourmandise &#038; Luxure \u00bb , le Centre Design Marseill&hellip;<\/p>\n","category_list_v2":"<a href=\"https:\/\/joyana.fr\/ja\/category\/deco-design\/actualite\/actualite-deco-design\/\" rel=\"category tag\">Actualit\u00e9 D\u00e9co-Design<\/a>, <a href=\"https:\/\/joyana.fr\/ja\/category\/deco-design\/\" rel=\"category tag\">DECO-DESIGN<\/a>, <a href=\"https:\/\/joyana.fr\/ja\/category\/deco-design\/designer\/ln-boul\/\" rel=\"category tag\">LN BOUL<\/a>","author_info_v2":{"name":"Jo Yana","url":"https:\/\/joyana.fr\/ja\/author\/joyana\/"},"comments_num_v2":"5 comments","yoast_head":"<!-- This site is optimized with the Yoast SEO plugin v26.8 - https:\/\/yoast.com\/product\/yoast-seo-wordpress\/ -->\n<title>Exposition \u00ab ORGUEIL &amp; COLERE \u00bb au Centre Design Marseille - JO YANA<\/title>\n<meta name=\"robots\" content=\"index, follow, max-snippet:-1, max-image-preview:large, max-video-preview:-1\" \/>\n<link rel=\"canonical\" href=\"https:\/\/joyana.fr\/ja\/exposition-orgueil-colere-au-centre-design-marseille\/101902\/\" \/>\n<meta property=\"og:locale\" content=\"ja_JP\" \/>\n<meta property=\"og:locale:alternate\" content=\"fr_FR\" \/>\n<meta property=\"og:locale:alternate\" content=\"en_US\" \/>\n<meta property=\"og:type\" content=\"article\" \/>\n<meta property=\"og:title\" content=\"Exposition \u00ab ORGUEIL &amp; COLERE \u00bb au Centre Design Marseille - JO YANA\" \/>\n<meta property=\"og:description\" content=\"Apr\u00e8s avoir pr\u00e9sent\u00e9 il y a quelques temps \u00ab Gourmandise &amp; Luxure \u00bb , le Centre Design Marseille poursuit [&hellip;]\" \/>\n<meta property=\"og:url\" content=\"https:\/\/joyana.fr\/ja\/exposition-orgueil-colere-au-centre-design-marseille\/101902\/\" \/>\n<meta property=\"og:site_name\" content=\"JO YANA\" \/>\n<meta property=\"article:published_time\" content=\"2008-12-10T21:17:34+00:00\" \/>\n<meta property=\"og:image\" content=\"https:\/\/joyana.fr\/wp-content\/uploads\/2016\/08\/joyana-logo-black-360x180.png\" \/>\n\t<meta property=\"og:image:width\" content=\"360\" \/>\n\t<meta property=\"og:image:height\" content=\"180\" \/>\n\t<meta property=\"og:image:type\" content=\"image\/png\" \/>\n<meta name=\"author\" content=\"Jo Yana\" \/>\n<meta name=\"twitter:card\" content=\"summary_large_image\" \/>\n<meta name=\"twitter:creator\" content=\"@Jo_Yana\" \/>\n<meta name=\"twitter:site\" content=\"@Jo_Yana\" \/>\n<meta name=\"twitter:label1\" content=\"\u57f7\u7b46\u8005\" \/>\n\t<meta name=\"twitter:data1\" content=\"Jo Yana\" \/>\n\t<meta name=\"twitter:label2\" content=\"\u63a8\u5b9a\u8aad\u307f\u53d6\u308a\u6642\u9593\" \/>\n\t<meta name=\"twitter:data2\" content=\"2\u5206\" \/>\n<script type=\"application\/ld+json\" class=\"yoast-schema-graph\">{\"@context\":\"https:\/\/schema.org\",\"@graph\":[{\"@type\":\"Article\",\"@id\":\"https:\/\/joyana.fr\/exposition-orgueil-colere-au-centre-design-marseille\/101902\/#article\",\"isPartOf\":{\"@id\":\"https:\/\/joyana.fr\/exposition-orgueil-colere-au-centre-design-marseille\/101902\/\"},\"author\":{\"name\":\"Jo Yana\",\"@id\":\"https:\/\/joyana.fr\/#\/schema\/person\/cf2a1ad12a27c12c21801075bf37407c\"},\"headline\":\"Exposition \u00ab ORGUEIL &amp; COLERE \u00bb au Centre Design Marseille\",\"datePublished\":\"2008-12-10T21:17:34+00:00\",\"mainEntityOfPage\":{\"@id\":\"https:\/\/joyana.fr\/exposition-orgueil-colere-au-centre-design-marseille\/101902\/\"},\"wordCount\":483,\"commentCount\":5,\"publisher\":{\"@id\":\"https:\/\/joyana.fr\/#\/schema\/person\/cf2a1ad12a27c12c21801075bf37407c\"},\"image\":{\"@id\":\"https:\/\/joyana.fr\/exposition-orgueil-colere-au-centre-design-marseille\/101902\/#primaryimage\"},\"thumbnailUrl\":\"https:\/\/i0.wp.com\/joyana.fr\/wp-content\/uploads\/2016\/08\/joyana-logo-black-360x180.png?fit=360%2C180&ssl=1\",\"keywords\":[\"Artiste\",\"DESIGN\",\"Karim RASHID\",\"Marseille\"],\"articleSection\":[\"Actualit\u00e9 D\u00e9co-Design\",\"DECO-DESIGN\",\"LN BOUL\"],\"inLanguage\":\"ja\",\"potentialAction\":[{\"@type\":\"CommentAction\",\"name\":\"Comment\",\"target\":[\"https:\/\/joyana.fr\/exposition-orgueil-colere-au-centre-design-marseille\/101902\/#respond\"]}]},{\"@type\":\"WebPage\",\"@id\":\"https:\/\/joyana.fr\/exposition-orgueil-colere-au-centre-design-marseille\/101902\/\",\"url\":\"https:\/\/joyana.fr\/exposition-orgueil-colere-au-centre-design-marseille\/101902\/\",\"name\":\"Exposition \u00ab ORGUEIL &amp; COLERE \u00bb au Centre Design Marseille - JO YANA\",\"isPartOf\":{\"@id\":\"https:\/\/joyana.fr\/#website\"},\"primaryImageOfPage\":{\"@id\":\"https:\/\/joyana.fr\/exposition-orgueil-colere-au-centre-design-marseille\/101902\/#primaryimage\"},\"image\":{\"@id\":\"https:\/\/joyana.fr\/exposition-orgueil-colere-au-centre-design-marseille\/101902\/#primaryimage\"},\"thumbnailUrl\":\"https:\/\/i0.wp.com\/joyana.fr\/wp-content\/uploads\/2016\/08\/joyana-logo-black-360x180.png?fit=360%2C180&ssl=1\",\"datePublished\":\"2008-12-10T21:17:34+00:00\",\"breadcrumb\":{\"@id\":\"https:\/\/joyana.fr\/exposition-orgueil-colere-au-centre-design-marseille\/101902\/#breadcrumb\"},\"inLanguage\":\"ja\",\"potentialAction\":[{\"@type\":\"ReadAction\",\"target\":[\"https:\/\/joyana.fr\/exposition-orgueil-colere-au-centre-design-marseille\/101902\/\"]}]},{\"@type\":\"ImageObject\",\"inLanguage\":\"ja\",\"@id\":\"https:\/\/joyana.fr\/exposition-orgueil-colere-au-centre-design-marseille\/101902\/#primaryimage\",\"url\":\"https:\/\/i0.wp.com\/joyana.fr\/wp-content\/uploads\/2016\/08\/joyana-logo-black-360x180.png?fit=360%2C180&ssl=1\",\"contentUrl\":\"https:\/\/i0.wp.com\/joyana.fr\/wp-content\/uploads\/2016\/08\/joyana-logo-black-360x180.png?fit=360%2C180&ssl=1\",\"width\":360,\"height\":180,\"caption\":\"logo joyana.fr\"},{\"@type\":\"BreadcrumbList\",\"@id\":\"https:\/\/joyana.fr\/exposition-orgueil-colere-au-centre-design-marseille\/101902\/#breadcrumb\",\"itemListElement\":[{\"@type\":\"ListItem\",\"position\":1,\"name\":\"Accueil\",\"item\":\"https:\/\/joyana.fr\/\"},{\"@type\":\"ListItem\",\"position\":2,\"name\":\"Exposition \u00ab ORGUEIL &amp; COLERE \u00bb au Centre Design Marseille\"}]},{\"@type\":\"WebSite\",\"@id\":\"https:\/\/joyana.fr\/#website\",\"url\":\"https:\/\/joyana.fr\/\",\"name\":\"JO YANA\",\"description\":\"Blog Mode Homme, Lifestyle, D\u00e9co-Design\",\"publisher\":{\"@id\":\"https:\/\/joyana.fr\/#\/schema\/person\/cf2a1ad12a27c12c21801075bf37407c\"},\"potentialAction\":[{\"@type\":\"SearchAction\",\"target\":{\"@type\":\"EntryPoint\",\"urlTemplate\":\"https:\/\/joyana.fr\/?s={search_term_string}\"},\"query-input\":{\"@type\":\"PropertyValueSpecification\",\"valueRequired\":true,\"valueName\":\"search_term_string\"}}],\"inLanguage\":\"ja\"},{\"@type\":[\"Person\",\"Organization\"],\"@id\":\"https:\/\/joyana.fr\/#\/schema\/person\/cf2a1ad12a27c12c21801075bf37407c\",\"name\":\"Jo Yana\",\"image\":{\"@type\":\"ImageObject\",\"inLanguage\":\"ja\",\"@id\":\"https:\/\/joyana.fr\/#\/schema\/person\/image\/\",\"url\":\"https:\/\/i0.wp.com\/joyana.fr\/wp-content\/uploads\/2016\/08\/cropped-joyana-logo-black-360x180.png?fit=343%2C164&ssl=1\",\"contentUrl\":\"https:\/\/i0.wp.com\/joyana.fr\/wp-content\/uploads\/2016\/08\/cropped-joyana-logo-black-360x180.png?fit=343%2C164&ssl=1\",\"width\":343,\"height\":164,\"caption\":\"Jo Yana\"},\"logo\":{\"@id\":\"https:\/\/joyana.fr\/#\/schema\/person\/image\/\"},\"description\":\"Jo Yana est le cr\u00e9ateur et r\u00e9dacteur en chef des sites DECO-DESIGN. Passionn\u00e9 de Design, Mode, Photo, Luxe, Lifestyle, Musique, mais avant tout Blogueur ! Le plaisir de partager l'anime et a comme devise \\\"POUR L'AMOUR DU BEAU\\\". Retrouvez le aussi sur son blog personnel - https:\/\/joyana.fr...\",\"sameAs\":[\"https:\/\/joyana.fr\/\"],\"url\":\"https:\/\/joyana.fr\/ja\/author\/joyana\/\"}]}<\/script>\n<!-- \/ Yoast SEO plugin. -->","yoast_head_json":{"title":"Exposition \u00ab ORGUEIL &amp; COLERE \u00bb au Centre Design Marseille - JO YANA","robots":{"index":"index","follow":"follow","max-snippet":"max-snippet:-1","max-image-preview":"max-image-preview:large","max-video-preview":"max-video-preview:-1"},"canonical":"https:\/\/joyana.fr\/ja\/exposition-orgueil-colere-au-centre-design-marseille\/101902\/","og_locale":"ja_JP","og_type":"article","og_title":"Exposition \u00ab ORGUEIL &amp; COLERE \u00bb au Centre Design Marseille - JO YANA","og_description":"Apr\u00e8s avoir pr\u00e9sent\u00e9 il y a quelques temps \u00ab Gourmandise &#038; Luxure \u00bb , le Centre Design Marseille poursuit [&hellip;]","og_url":"https:\/\/joyana.fr\/ja\/exposition-orgueil-colere-au-centre-design-marseille\/101902\/","og_site_name":"JO YANA","article_published_time":"2008-12-10T21:17:34+00:00","og_image":[{"width":360,"height":180,"url":"https:\/\/joyana.fr\/wp-content\/uploads\/2016\/08\/joyana-logo-black-360x180.png","type":"image\/png"}],"author":"Jo Yana","twitter_card":"summary_large_image","twitter_creator":"@Jo_Yana","twitter_site":"@Jo_Yana","twitter_misc":{"\u57f7\u7b46\u8005":"Jo Yana","\u63a8\u5b9a\u8aad\u307f\u53d6\u308a\u6642\u9593":"2\u5206"},"schema":{"@context":"https:\/\/schema.org","@graph":[{"@type":"Article","@id":"https:\/\/joyana.fr\/exposition-orgueil-colere-au-centre-design-marseille\/101902\/#article","isPartOf":{"@id":"https:\/\/joyana.fr\/exposition-orgueil-colere-au-centre-design-marseille\/101902\/"},"author":{"name":"Jo Yana","@id":"https:\/\/joyana.fr\/#\/schema\/person\/cf2a1ad12a27c12c21801075bf37407c"},"headline":"Exposition \u00ab ORGUEIL &amp; COLERE \u00bb au Centre Design Marseille","datePublished":"2008-12-10T21:17:34+00:00","mainEntityOfPage":{"@id":"https:\/\/joyana.fr\/exposition-orgueil-colere-au-centre-design-marseille\/101902\/"},"wordCount":483,"commentCount":5,"publisher":{"@id":"https:\/\/joyana.fr\/#\/schema\/person\/cf2a1ad12a27c12c21801075bf37407c"},"image":{"@id":"https:\/\/joyana.fr\/exposition-orgueil-colere-au-centre-design-marseille\/101902\/#primaryimage"},"thumbnailUrl":"https:\/\/i0.wp.com\/joyana.fr\/wp-content\/uploads\/2016\/08\/joyana-logo-black-360x180.png?fit=360%2C180&ssl=1","keywords":["Artiste","DESIGN","Karim RASHID","Marseille"],"articleSection":["Actualit\u00e9 D\u00e9co-Design","DECO-DESIGN","LN BOUL"],"inLanguage":"ja","potentialAction":[{"@type":"CommentAction","name":"Comment","target":["https:\/\/joyana.fr\/exposition-orgueil-colere-au-centre-design-marseille\/101902\/#respond"]}]},{"@type":"WebPage","@id":"https:\/\/joyana.fr\/exposition-orgueil-colere-au-centre-design-marseille\/101902\/","url":"https:\/\/joyana.fr\/exposition-orgueil-colere-au-centre-design-marseille\/101902\/","name":"Exposition \u00ab ORGUEIL &amp; COLERE \u00bb au Centre Design Marseille - JO YANA","isPartOf":{"@id":"https:\/\/joyana.fr\/#website"},"primaryImageOfPage":{"@id":"https:\/\/joyana.fr\/exposition-orgueil-colere-au-centre-design-marseille\/101902\/#primaryimage"},"image":{"@id":"https:\/\/joyana.fr\/exposition-orgueil-colere-au-centre-design-marseille\/101902\/#primaryimage"},"thumbnailUrl":"https:\/\/i0.wp.com\/joyana.fr\/wp-content\/uploads\/2016\/08\/joyana-logo-black-360x180.png?fit=360%2C180&ssl=1","datePublished":"2008-12-10T21:17:34+00:00","breadcrumb":{"@id":"https:\/\/joyana.fr\/exposition-orgueil-colere-au-centre-design-marseille\/101902\/#breadcrumb"},"inLanguage":"ja","potentialAction":[{"@type":"ReadAction","target":["https:\/\/joyana.fr\/exposition-orgueil-colere-au-centre-design-marseille\/101902\/"]}]},{"@type":"ImageObject","inLanguage":"ja","@id":"https:\/\/joyana.fr\/exposition-orgueil-colere-au-centre-design-marseille\/101902\/#primaryimage","url":"https:\/\/i0.wp.com\/joyana.fr\/wp-content\/uploads\/2016\/08\/joyana-logo-black-360x180.png?fit=360%2C180&ssl=1","contentUrl":"https:\/\/i0.wp.com\/joyana.fr\/wp-content\/uploads\/2016\/08\/joyana-logo-black-360x180.png?fit=360%2C180&ssl=1","width":360,"height":180,"caption":"logo joyana.fr"},{"@type":"BreadcrumbList","@id":"https:\/\/joyana.fr\/exposition-orgueil-colere-au-centre-design-marseille\/101902\/#breadcrumb","itemListElement":[{"@type":"ListItem","position":1,"name":"Accueil","item":"https:\/\/joyana.fr\/"},{"@type":"ListItem","position":2,"name":"Exposition \u00ab ORGUEIL &amp; COLERE \u00bb au Centre Design Marseille"}]},{"@type":"WebSite","@id":"https:\/\/joyana.fr\/#website","url":"https:\/\/joyana.fr\/","name":"JO YANA","description":"Blog Mode Homme, Lifestyle, D\u00e9co-Design","publisher":{"@id":"https:\/\/joyana.fr\/#\/schema\/person\/cf2a1ad12a27c12c21801075bf37407c"},"potentialAction":[{"@type":"SearchAction","target":{"@type":"EntryPoint","urlTemplate":"https:\/\/joyana.fr\/?s={search_term_string}"},"query-input":{"@type":"PropertyValueSpecification","valueRequired":true,"valueName":"search_term_string"}}],"inLanguage":"ja"},{"@type":["Person","Organization"],"@id":"https:\/\/joyana.fr\/#\/schema\/person\/cf2a1ad12a27c12c21801075bf37407c","name":"Jo Yana","image":{"@type":"ImageObject","inLanguage":"ja","@id":"https:\/\/joyana.fr\/#\/schema\/person\/image\/","url":"https:\/\/i0.wp.com\/joyana.fr\/wp-content\/uploads\/2016\/08\/cropped-joyana-logo-black-360x180.png?fit=343%2C164&ssl=1","contentUrl":"https:\/\/i0.wp.com\/joyana.fr\/wp-content\/uploads\/2016\/08\/cropped-joyana-logo-black-360x180.png?fit=343%2C164&ssl=1","width":343,"height":164,"caption":"Jo Yana"},"logo":{"@id":"https:\/\/joyana.fr\/#\/schema\/person\/image\/"},"description":"Jo Yana est le cr\u00e9ateur et r\u00e9dacteur en chef des sites DECO-DESIGN. Passionn\u00e9 de Design, Mode, Photo, Luxe, Lifestyle, Musique, mais avant tout Blogueur ! Le plaisir de partager l'anime et a comme devise \"POUR L'AMOUR DU BEAU\". Retrouvez le aussi sur son blog personnel - https:\/\/joyana.fr...","sameAs":["https:\/\/joyana.fr\/"],"url":"https:\/\/joyana.fr\/ja\/author\/joyana\/"}]}},"author_meta":{"display_name":"Jo Yana","author_link":"https:\/\/joyana.fr\/ja\/author\/joyana\/"},"featured_img":"https:\/\/i0.wp.com\/joyana.fr\/wp-content\/uploads\/2016\/08\/joyana-logo-black-360x180.png?fit=360%2C180&ssl=1","featured_image_src":"https:\/\/i0.wp.com\/joyana.fr\/wp-content\/uploads\/2016\/08\/joyana-logo-black-360x180.png?resize=360%2C180&ssl=1","featured_image_src_square":"https:\/\/i0.wp.com\/joyana.fr\/wp-content\/uploads\/2016\/08\/joyana-logo-black-360x180.png?resize=360%2C180&ssl=1","jetpack_featured_media_url":"https:\/\/i0.wp.com\/joyana.fr\/wp-content\/uploads\/2016\/08\/joyana-logo-black-360x180.png?fit=360%2C180&ssl=1","uagb_featured_image_src":{"full":["https:\/\/i0.wp.com\/joyana.fr\/wp-content\/uploads\/2016\/08\/joyana-logo-black-360x180.png?fit=360%2C180&ssl=1",360,180,false],"thumbnail":["https:\/\/i0.wp.com\/joyana.fr\/wp-content\/uploads\/2016\/08\/joyana-logo-black-360x180.png?resize=150%2C150&ssl=1",150,150,true],"medium":["https:\/\/i0.wp.com\/joyana.fr\/wp-content\/uploads\/2016\/08\/joyana-logo-black-360x180.png?fit=360%2C180&ssl=1",360,180,true],"medium_large":["https:\/\/i0.wp.com\/joyana.fr\/wp-content\/uploads\/2016\/08\/joyana-logo-black-360x180.png?fit=360%2C180&ssl=1",360,180,true],"large":["https:\/\/i0.wp.com\/joyana.fr\/wp-content\/uploads\/2016\/08\/joyana-logo-black-360x180.png?fit=360%2C180&ssl=1",360,180,true],"1536x1536":["https:\/\/i0.wp.com\/joyana.fr\/wp-content\/uploads\/2016\/08\/joyana-logo-black-360x180.png?fit=360%2C180&ssl=1",360,180,true],"2048x2048":["https:\/\/i0.wp.com\/joyana.fr\/wp-content\/uploads\/2016\/08\/joyana-logo-black-360x180.png?fit=360%2C180&ssl=1",360,180,true],"featured-thumb":["https:\/\/i0.wp.com\/joyana.fr\/wp-content\/uploads\/2016\/08\/joyana-logo-black-360x180.png?resize=360%2C180&ssl=1",360,180,true],"ab-block-post-grid-landscape":["https:\/\/i0.wp.com\/joyana.fr\/wp-content\/uploads\/2016\/08\/joyana-logo-black-360x180.png?resize=360%2C180&ssl=1",360,180,true],"ab-block-post-grid-square":["https:\/\/i0.wp.com\/joyana.fr\/wp-content\/uploads\/2016\/08\/joyana-logo-black-360x180.png?resize=360%2C180&ssl=1",360,180,true],"author-pro-image":["https:\/\/i0.wp.com\/joyana.fr\/wp-content\/uploads\/2016\/08\/joyana-logo-black-360x180.png?resize=360%2C180&ssl=1",360,180,true],"slider":["https:\/\/i0.wp.com\/joyana.fr\/wp-content\/uploads\/2016\/08\/joyana-logo-black-360x180.png?resize=360%2C180&ssl=1",360,180,true],"woocommerce_thumbnail":["https:\/\/i0.wp.com\/joyana.fr\/wp-content\/uploads\/2016\/08\/joyana-logo-black-360x180.png?resize=300%2C180&ssl=1",300,180,true],"woocommerce_single":["https:\/\/i0.wp.com\/joyana.fr\/wp-content\/uploads\/2016\/08\/joyana-logo-black-360x180.png?fit=360%2C180&ssl=1",360,180,true],"woocommerce_gallery_thumbnail":["https:\/\/i0.wp.com\/joyana.fr\/wp-content\/uploads\/2016\/08\/joyana-logo-black-360x180.png?resize=180%2C180&ssl=1",180,180,true],"sow-carousel-default":["https:\/\/i0.wp.com\/joyana.fr\/wp-content\/uploads\/2016\/08\/joyana-logo-black-360x180.png?resize=272%2C180&ssl=1",272,180,true]},"uagb_author_info":{"display_name":"Jo Yana","author_link":"https:\/\/joyana.fr\/ja\/author\/joyana\/"},"uagb_comment_info":5,"uagb_excerpt":"Apr\u00e8s avoir pr\u00e9sent\u00e9 il y a quelques temps \u00ab Gourmandis&hellip;","coauthors":[],"tax_additional":{"categories":{"linked":["<a href=\"https:\/\/joyana.fr\/ja\/category\/deco-design\/actualite\/actualite-deco-design\/\" class=\"advgb-post-tax-term\">Actualit\u00e9 D\u00e9co-Design<\/a>","<a href=\"https:\/\/joyana.fr\/ja\/category\/deco-design\/\" class=\"advgb-post-tax-term\">DECO-DESIGN<\/a>","<a href=\"https:\/\/joyana.fr\/ja\/category\/deco-design\/designer\/ln-boul\/\" class=\"advgb-post-tax-term\">LN BOUL<\/a>"],"unlinked":["<span class=\"advgb-post-tax-term\">Actualit\u00e9 D\u00e9co-Design<\/span>","<span class=\"advgb-post-tax-term\">DECO-DESIGN<\/span>","<span class=\"advgb-post-tax-term\">LN BOUL<\/span>"]},"tags":{"linked":["<a href=\"https:\/\/joyana.fr\/ja\/category\/deco-design\/designer\/ln-boul\/\" class=\"advgb-post-tax-term\">Artiste<\/a>","<a href=\"https:\/\/joyana.fr\/ja\/category\/deco-design\/designer\/ln-boul\/\" class=\"advgb-post-tax-term\">DESIGN<\/a>","<a href=\"https:\/\/joyana.fr\/ja\/category\/deco-design\/designer\/ln-boul\/\" class=\"advgb-post-tax-term\">Karim RASHID<\/a>","<a href=\"https:\/\/joyana.fr\/ja\/category\/deco-design\/designer\/ln-boul\/\" class=\"advgb-post-tax-term\">Marseille<\/a>"],"unlinked":["<span class=\"advgb-post-tax-term\">Artiste<\/span>","<span class=\"advgb-post-tax-term\">DESIGN<\/span>","<span class=\"advgb-post-tax-term\">Karim RASHID<\/span>","<span class=\"advgb-post-tax-term\">Marseille<\/span>"]}},"comment_count":5,"relative_dates":{"created":"Posted 17\u5e74 ago","modified":"Updated 17\u5e74 ago"},"absolute_dates":{"created":"Posted on 10 12\u6708 2008","modified":"Updated on 10 12\u6708 2008"},"absolute_dates_time":{"created":"Posted on 10 12\u6708 2008 22:17","modified":"Updated on 10 12\u6708 2008 22:17"},"featured_img_caption":"","series_order":"","jetpack_sharing_enabled":true,"jetpack_shortlink":"https:\/\/wp.me\/p9bteI-qvA","jetpack-related-posts":[],"_links":{"self":[{"href":"https:\/\/joyana.fr\/ja\/wp-json\/wp\/v2\/posts\/101902","targetHints":{"allow":["GET"]}}],"collection":[{"href":"https:\/\/joyana.fr\/ja\/wp-json\/wp\/v2\/posts"}],"about":[{"href":"https:\/\/joyana.fr\/ja\/wp-json\/wp\/v2\/types\/post"}],"author":[{"embeddable":true,"href":"https:\/\/joyana.fr\/ja\/wp-json\/wp\/v2\/users\/3"}],"replies":[{"embeddable":true,"href":"https:\/\/joyana.fr\/ja\/wp-json\/wp\/v2\/comments?post=101902"}],"version-history":[{"count":0,"href":"https:\/\/joyana.fr\/ja\/wp-json\/wp\/v2\/posts\/101902\/revisions"}],"wp:featuredmedia":[{"embeddable":true,"href":"https:\/\/joyana.fr\/ja\/wp-json\/wp\/v2\/media\/124300"}],"wp:attachment":[{"href":"https:\/\/joyana.fr\/ja\/wp-json\/wp\/v2\/media?parent=101902"}],"wp:term":[{"taxonomy":"category","embeddable":true,"href":"https:\/\/joyana.fr\/ja\/wp-json\/wp\/v2\/categories?post=101902"},{"taxonomy":"post_tag","embeddable":true,"href":"https:\/\/joyana.fr\/ja\/wp-json\/wp\/v2\/tags?post=101902"}],"curies":[{"name":"wp","href":"https:\/\/api.w.org\/{rel}","templated":true}]}}