{"id":102327,"date":"2009-03-27T06:34:16","date_gmt":"2009-03-27T05:34:16","guid":{"rendered":"https:\/\/joyana.fr\/jeff-koons-chez-taschen\/"},"modified":"2009-03-27T06:34:16","modified_gmt":"2009-03-27T05:34:16","slug":"jeff-koons-chez-taschen","status":"publish","type":"post","link":"https:\/\/joyana.fr\/ja\/jeff-koons-chez-taschen\/102327\/","title":{"rendered":"Jeff KOONS chez Taschen"},"content":{"rendered":"<p>La maison d&#8217;\u00e9dition <strong>Taschen<\/strong> sort un superbe livre sur <strong>Jeff Koons<\/strong>, une r\u00e9trospective du parcours et du travail de l&#8217;artiste <strong>contemporain<\/strong> le plus cot\u00e9 au monde&#8230;<\/p>\n<p><img data-recalc-dims=\"1\" fetchpriority=\"high\" decoding=\"async\" src=\"https:\/\/i0.wp.com\/joyana.fr\/wp-content\/uploads\/jeff-koons-taschen5.jpg?resize=500%2C676&#038;ssl=1\" alt=\"Jeff KOONS chez Taschen\" align=\"top\" border=\"0\" height=\"676\" hspace=\"8\" width=\"500\" \/><\/p>\n<p> Pour rappel :<\/p>\n<p><em><strong>Jeff Koons<\/strong> est n\u00e9 en 1955 \u00e0 York en Pennsylvanie, il est sans conteste l&#8217;un des plus importants artistes vivants. Il est l&#8217;un des rares \u00e0 avoir su d\u00e9gager l&#8217;essentiel des courants avant-gardistes du si\u00e8cle, notamment le Pop Art. <strong>Jeff Koons<\/strong>, est un artiste complet dont la cr\u00e9ation englobe toutes les techniques artistiques : l&#8217;installation, la photographie, la peinture, la sculpture sur tous mat\u00e9riaux (bois, marbre, verre, inox), jusqu&#8217;\u00e0 la cr\u00e9ation assist\u00e9e par ordinateur. Loin d&#8217;\u00eatre \u00e9litiste, Jeff Koons essaie de faire de l&#8217;art pour le plus grand nombre. <strong>Koons<\/strong> travaille toujours avec le souci de &#8220;traiter de choses avec lesquelles tout le monde peut cr\u00e9er un lien&#8221;.<\/em><\/p>\n<p><em>Il s&#8217;approprie des objets et essaie de &#8220;comprendre pourquoi et comment des produits de consommation peuvent \u00eatre glorifi\u00e9s&#8221;&#8230; Entre ses mains, les objets les plus courants d\u00e9passent le stade de la s\u00e9rialit\u00e9 et du commun pour devenir de v\u00e9ritables ic\u00f4nes.<\/em><\/p>\n<p><em>Son Inflatable Rabbit, ce lapin gonflable r\u00e9alis\u00e9 en inox en 1986, est aujourd&#8217;hui reconnu comme une oeuvre embl\u00e9matique de la fin du XXe si\u00e8cle. <strong>Jeff Koons<\/strong> symbolise une spectaculaire rencontre entre les concepts de Marcel Duchamp, l&#8217;aura m\u00e9diatique de Andy Warhol, l&#8217;artisanat d&#8217;art et l&#8217;imagerie populaire. L&#8217;iconographie qu&#8217;il utilise est un v\u00e9ritable catalogue de la culture populaire, non seulement am\u00e9ricaine mais aussi mondiale. En mod\u00e9lisant des arch\u00e9types de cette culture, il nous confronte avec ce flux d&#8217;images dans lequel nous avons baign\u00e9 depuis l&#8217;enfance. Il cherche ainsi \u00e0 provoquer chez le spectateur un sentiment d&#8217;unit\u00e9 et de synth\u00e8se et il y parvient formidablement bien.<br \/>\n<\/em><\/p>\n<p><em>Il s&#8217;est fait conna\u00eetre du grand public derni\u00e8rement gr\u00e2ce \u00e0 son exposition\u00e0 Versailles o\u00f9 \u00e9taient expos\u00e9es 15 de ses oeuvres. Un choc des cultures qui d\u00e9clencha la pol\u00e9mique !!! <\/em><\/p>\n<p><em><strong>Jeff Koons<\/strong> est \u00e0 ce jour l&#8217;artiste contemporain le cher au monde avec son Balloon Flower (Magenta) vendu 12 921 250 \u00a3 (soient 16 343 000 \u20ac avec les frais de vente) par Christie&#8217;s \u00e0 Londres le 30 juin 2008. Il est actuellement class\u00e9 54eme artiste en produit de vente aux ench\u00e8res pour l&#8217;ann\u00e9e 2008. <\/em><\/p>\n<p><img data-recalc-dims=\"1\" decoding=\"async\" src=\"https:\/\/i0.wp.com\/joyana.fr\/wp-content\/uploads\/jeff-koons-taschen.jpg?resize=500%2C303&#038;ssl=1\" alt=\"Jeff KOONS chez Taschen\" align=\"top\" border=\"0\" height=\"303\" hspace=\"8\" width=\"500\" \/><\/p>\n<p>Nous venons de recevoir la version unlimited \u00e0 la r\u00e9daction qui mesure plus de 33 cm de hauteur pour 592 pages, autant dire que c&#8217;est un beau b\u00e9b\u00e9 !!! Le livre arbore une superbe couleur rouge rev\u00e9tu d&#8217;une couverture de protection ou est imprim\u00e9 le plus c\u00e9l\u00e8bre homard du monde&#8230;<\/p>\n<p>Le <strong>livre Jeff Koons<\/strong> chez <strong>Taschen<\/strong> est traduit en trois langues : Anglais, Allemand, Fran\u00e7ais.<\/p>\n<p><img data-recalc-dims=\"1\" decoding=\"async\" src=\"https:\/\/i0.wp.com\/joyana.fr\/wp-content\/uploads\/jeff-koons-taschen4.jpg?resize=500%2C333&#038;ssl=1\" alt=\"Jeff KOONS chez Taschen\" align=\"top\" border=\"0\" height=\"333\" hspace=\"8\" width=\"500\" \/><\/p>\n<p>Au fil des pages on d\u00e9couvre une \u00e9tude en profondeur de l&#8217;oeuvre de <strong>Jeff Koons<\/strong>, de l \u00e9trange au kitsch ou au conceptuel, l&#8217;<strong>art<\/strong> de <strong>Koons<\/strong> est tout sauf conformiste. Nous restons en admiration devant ses nombreux tableaux et ses sculptures toutes plus folle les unes que les autres&#8230;<\/p>\n<p>Un <strong>livre<\/strong> \u00e0 se procurer de toute urgence vu l&#8217;excellent rapport qualit\u00e9 prix de cet ouvrage !!!<\/p>\n<p><img data-recalc-dims=\"1\" loading=\"lazy\" decoding=\"async\" src=\"https:\/\/i0.wp.com\/joyana.fr\/wp-content\/uploads\/jeff-koons-taschen2.jpg?resize=500%2C333&#038;ssl=1\" alt=\"Jeff KOONS chez Taschen\" align=\"top\" border=\"0\" height=\"333\" hspace=\"8\" width=\"500\" \/><\/p>\n<p>Le livre est sortie en trois \u00e9ditions :<\/p>\n<p>&#8211; Art \u00e9dition, limit\u00e9e \u00e0 100ex avec une oeuvre originale sign\u00e9e <strong>Jeff Koons<\/strong>. prix : Il ne cesse d&#8217;augmenter !!!<\/p>\n<p>&#8211; Collector Edition, limit\u00e9e \u00e0 1500 ex sign\u00e9e par <strong>Jeff Koons<\/strong> et vendu dans un superbe coffret. prix : 2500 euros sur le march\u00e9 de l&#8217;occasion car plus dispo.<\/p>\n<p>&#8211; Unlimited Edition, 49,90 euros disponible dans toutes les bonnes cr\u00e8meries.<\/p>\n<p><strong><a href=\"http:\/\/www.taschen.com\/\">http:\/\/www.taschen.com\/<\/a><\/strong><\/p>\n<p><strong><a href=\"http:\/\/www.jeffkoons.com\/\">http:\/\/www.jeffkoons.com\/ <\/a><\/strong><\/p>\n<p>&#8212;&#8212;&#8212;&#8212;&#8212;&#8212;-<\/p>\n<p><a href=\"jo_yana@hotmail.com\">Jo Yana <\/a><\/p>\n","protected":false},"excerpt":{"rendered":"<p>La maison d&#8217;\u00e9dition Taschen sort un superbe livre sur Jeff Koons, une r\u00e9trospective du parcours et du tr [&hellip;]<\/p>\n","protected":false},"author":3,"featured_media":124300,"comment_status":"open","ping_status":"open","sticky":false,"template":"","format":"standard","meta":{"_coblocks_attr":"","_coblocks_dimensions":"","_coblocks_responsive_height":"","_coblocks_accordion_ie_support":"","_uag_custom_page_level_css":"","advgb_blocks_editor_width":"","advgb_blocks_columns_visual_guide":"","_genesis_hide_title":false,"_genesis_hide_breadcrumbs":false,"_genesis_hide_singular_image":false,"_genesis_hide_footer_widgets":false,"_genesis_custom_body_class":"","_genesis_custom_post_class":"","_genesis_layout":"","_themeisle_gutenberg_block_has_review":false,"_jetpack_newsletter_access":"","_jetpack_dont_email_post_to_subs":false,"_jetpack_newsletter_tier_id":0,"_jetpack_memberships_contains_paywalled_content":false,"_jetpack_memberships_contains_paid_content":false,"footnotes":""},"categories":[940,905,929,937],"tags":[943,920,224],"class_list":{"0":"post-102327","1":"post","2":"type-post","3":"status-publish","4":"format-standard","5":"has-post-thumbnail","7":"category-art-contemporain","8":"category-deco-design","9":"category-livre-presse","10":"category-taschen","11":"tag-art-contemporain","12":"tag-artiste","13":"tag-livre","14":"entry"},"featured_image_urls":{"full":["https:\/\/i0.wp.com\/joyana.fr\/wp-content\/uploads\/2016\/08\/joyana-logo-black-360x180.png?fit=360%2C180&ssl=1",360,180,false],"thumbnail":["https:\/\/i0.wp.com\/joyana.fr\/wp-content\/uploads\/2016\/08\/joyana-logo-black-360x180.png?resize=150%2C150&ssl=1",150,150,true],"medium":["https:\/\/i0.wp.com\/joyana.fr\/wp-content\/uploads\/2016\/08\/joyana-logo-black-360x180.png?fit=360%2C180&ssl=1",360,180,true],"medium_large":["https:\/\/i0.wp.com\/joyana.fr\/wp-content\/uploads\/2016\/08\/joyana-logo-black-360x180.png?fit=360%2C180&ssl=1",360,180,true],"large":["https:\/\/i0.wp.com\/joyana.fr\/wp-content\/uploads\/2016\/08\/joyana-logo-black-360x180.png?fit=360%2C180&ssl=1",360,180,true],"1536x1536":["https:\/\/i0.wp.com\/joyana.fr\/wp-content\/uploads\/2016\/08\/joyana-logo-black-360x180.png?fit=360%2C180&ssl=1",360,180,true],"2048x2048":["https:\/\/i0.wp.com\/joyana.fr\/wp-content\/uploads\/2016\/08\/joyana-logo-black-360x180.png?fit=360%2C180&ssl=1",360,180,true],"featured-thumb":["https:\/\/i0.wp.com\/joyana.fr\/wp-content\/uploads\/2016\/08\/joyana-logo-black-360x180.png?resize=360%2C180&ssl=1",360,180,true],"ab-block-post-grid-landscape":["https:\/\/i0.wp.com\/joyana.fr\/wp-content\/uploads\/2016\/08\/joyana-logo-black-360x180.png?resize=360%2C180&ssl=1",360,180,true],"ab-block-post-grid-square":["https:\/\/i0.wp.com\/joyana.fr\/wp-content\/uploads\/2016\/08\/joyana-logo-black-360x180.png?resize=360%2C180&ssl=1",360,180,true],"author-pro-image":["https:\/\/i0.wp.com\/joyana.fr\/wp-content\/uploads\/2016\/08\/joyana-logo-black-360x180.png?resize=360%2C180&ssl=1",360,180,true],"slider":["https:\/\/i0.wp.com\/joyana.fr\/wp-content\/uploads\/2016\/08\/joyana-logo-black-360x180.png?resize=360%2C180&ssl=1",360,180,true],"woocommerce_thumbnail":["https:\/\/i0.wp.com\/joyana.fr\/wp-content\/uploads\/2016\/08\/joyana-logo-black-360x180.png?resize=300%2C180&ssl=1",300,180,true],"woocommerce_single":["https:\/\/i0.wp.com\/joyana.fr\/wp-content\/uploads\/2016\/08\/joyana-logo-black-360x180.png?fit=360%2C180&ssl=1",360,180,true],"woocommerce_gallery_thumbnail":["https:\/\/i0.wp.com\/joyana.fr\/wp-content\/uploads\/2016\/08\/joyana-logo-black-360x180.png?resize=180%2C180&ssl=1",180,180,true],"sow-carousel-default":["https:\/\/i0.wp.com\/joyana.fr\/wp-content\/uploads\/2016\/08\/joyana-logo-black-360x180.png?resize=272%2C180&ssl=1",272,180,true]},"post_excerpt_stackable":"<p>La maison d&#8217;\u00e9dition Taschen sort un superbe livre sur Jeff Koons, une r\u00e9trospective du parcour&hellip;<\/p>\n","category_list":"<a href=\"https:\/\/joyana.fr\/ja\/category\/deco-design\/actualite\/art-contemporain\/\" rel=\"category tag\">Art Contemporain<\/a>, <a href=\"https:\/\/joyana.fr\/ja\/category\/deco-design\/\" rel=\"category tag\">DECO-DESIGN<\/a>, <a href=\"https:\/\/joyana.fr\/ja\/category\/deco-design\/actualite\/livre-presse\/\" rel=\"category tag\">Livre &amp; Presse<\/a>, <a href=\"https:\/\/joyana.fr\/ja\/category\/marques\/taschen\/\" rel=\"category tag\">Taschen<\/a>","author_info":{"display_name":"Jo Yana","author_link":"https:\/\/joyana.fr\/ja\/author\/joyana\/"},"comments_num":"17 comments","featured_image_urls_v2":{"full":["https:\/\/i0.wp.com\/joyana.fr\/wp-content\/uploads\/2016\/08\/joyana-logo-black-360x180.png?fit=360%2C180&ssl=1",360,180,false],"thumbnail":["https:\/\/i0.wp.com\/joyana.fr\/wp-content\/uploads\/2016\/08\/joyana-logo-black-360x180.png?resize=150%2C150&ssl=1",150,150,true],"medium":["https:\/\/i0.wp.com\/joyana.fr\/wp-content\/uploads\/2016\/08\/joyana-logo-black-360x180.png?fit=360%2C180&ssl=1",360,180,true],"medium_large":["https:\/\/i0.wp.com\/joyana.fr\/wp-content\/uploads\/2016\/08\/joyana-logo-black-360x180.png?fit=360%2C180&ssl=1",360,180,true],"large":["https:\/\/i0.wp.com\/joyana.fr\/wp-content\/uploads\/2016\/08\/joyana-logo-black-360x180.png?fit=360%2C180&ssl=1",360,180,true],"1536x1536":["https:\/\/i0.wp.com\/joyana.fr\/wp-content\/uploads\/2016\/08\/joyana-logo-black-360x180.png?fit=360%2C180&ssl=1",360,180,true],"2048x2048":["https:\/\/i0.wp.com\/joyana.fr\/wp-content\/uploads\/2016\/08\/joyana-logo-black-360x180.png?fit=360%2C180&ssl=1",360,180,true],"featured-thumb":["https:\/\/i0.wp.com\/joyana.fr\/wp-content\/uploads\/2016\/08\/joyana-logo-black-360x180.png?resize=360%2C180&ssl=1",360,180,true],"ab-block-post-grid-landscape":["https:\/\/i0.wp.com\/joyana.fr\/wp-content\/uploads\/2016\/08\/joyana-logo-black-360x180.png?resize=360%2C180&ssl=1",360,180,true],"ab-block-post-grid-square":["https:\/\/i0.wp.com\/joyana.fr\/wp-content\/uploads\/2016\/08\/joyana-logo-black-360x180.png?resize=360%2C180&ssl=1",360,180,true],"author-pro-image":["https:\/\/i0.wp.com\/joyana.fr\/wp-content\/uploads\/2016\/08\/joyana-logo-black-360x180.png?resize=360%2C180&ssl=1",360,180,true],"slider":["https:\/\/i0.wp.com\/joyana.fr\/wp-content\/uploads\/2016\/08\/joyana-logo-black-360x180.png?resize=360%2C180&ssl=1",360,180,true],"woocommerce_thumbnail":["https:\/\/i0.wp.com\/joyana.fr\/wp-content\/uploads\/2016\/08\/joyana-logo-black-360x180.png?resize=300%2C180&ssl=1",300,180,true],"woocommerce_single":["https:\/\/i0.wp.com\/joyana.fr\/wp-content\/uploads\/2016\/08\/joyana-logo-black-360x180.png?fit=360%2C180&ssl=1",360,180,true],"woocommerce_gallery_thumbnail":["https:\/\/i0.wp.com\/joyana.fr\/wp-content\/uploads\/2016\/08\/joyana-logo-black-360x180.png?resize=180%2C180&ssl=1",180,180,true],"sow-carousel-default":["https:\/\/i0.wp.com\/joyana.fr\/wp-content\/uploads\/2016\/08\/joyana-logo-black-360x180.png?resize=272%2C180&ssl=1",272,180,true]},"post_excerpt_stackable_v2":"<p>La maison d&#8217;\u00e9dition Taschen sort un superbe livre sur Jeff Koons, une r\u00e9trospective du parcour&hellip;<\/p>\n","category_list_v2":"<a href=\"https:\/\/joyana.fr\/ja\/category\/deco-design\/actualite\/art-contemporain\/\" rel=\"category tag\">Art Contemporain<\/a>, <a href=\"https:\/\/joyana.fr\/ja\/category\/deco-design\/\" rel=\"category tag\">DECO-DESIGN<\/a>, <a href=\"https:\/\/joyana.fr\/ja\/category\/deco-design\/actualite\/livre-presse\/\" rel=\"category tag\">Livre &amp; Presse<\/a>, <a href=\"https:\/\/joyana.fr\/ja\/category\/marques\/taschen\/\" rel=\"category tag\">Taschen<\/a>","author_info_v2":{"name":"Jo Yana","url":"https:\/\/joyana.fr\/ja\/author\/joyana\/"},"comments_num_v2":"17 comments","yoast_head":"<!-- This site is optimized with the Yoast SEO plugin v26.8 - https:\/\/yoast.com\/product\/yoast-seo-wordpress\/ -->\n<title>Jeff KOONS chez Taschen - JO YANA<\/title>\n<meta name=\"robots\" content=\"index, follow, max-snippet:-1, max-image-preview:large, max-video-preview:-1\" \/>\n<link rel=\"canonical\" href=\"https:\/\/joyana.fr\/ja\/jeff-koons-chez-taschen\/102327\/\" \/>\n<meta property=\"og:locale\" content=\"ja_JP\" \/>\n<meta property=\"og:locale:alternate\" content=\"fr_FR\" \/>\n<meta property=\"og:locale:alternate\" content=\"en_US\" \/>\n<meta property=\"og:type\" content=\"article\" \/>\n<meta property=\"og:title\" content=\"Jeff KOONS chez Taschen - JO YANA\" \/>\n<meta property=\"og:description\" content=\"La maison d&#8217;\u00e9dition Taschen sort un superbe livre sur Jeff Koons, une r\u00e9trospective du parcours et du tr [&hellip;]\" \/>\n<meta property=\"og:url\" content=\"https:\/\/joyana.fr\/ja\/jeff-koons-chez-taschen\/102327\/\" \/>\n<meta property=\"og:site_name\" content=\"JO YANA\" \/>\n<meta property=\"article:published_time\" content=\"2009-03-27T05:34:16+00:00\" \/>\n<meta property=\"og:image\" content=\"https:\/\/joyana.fr\/wp-content\/uploads\/2016\/08\/joyana-logo-black-360x180.png\" \/>\n\t<meta property=\"og:image:width\" content=\"360\" \/>\n\t<meta property=\"og:image:height\" content=\"180\" \/>\n\t<meta property=\"og:image:type\" content=\"image\/png\" \/>\n<meta name=\"author\" content=\"Jo Yana\" \/>\n<meta name=\"twitter:card\" content=\"summary_large_image\" \/>\n<meta name=\"twitter:creator\" content=\"@Jo_Yana\" \/>\n<meta name=\"twitter:site\" content=\"@Jo_Yana\" \/>\n<meta name=\"twitter:label1\" content=\"\u57f7\u7b46\u8005\" \/>\n\t<meta name=\"twitter:data1\" content=\"Jo Yana\" \/>\n\t<meta name=\"twitter:label2\" content=\"\u63a8\u5b9a\u8aad\u307f\u53d6\u308a\u6642\u9593\" \/>\n\t<meta name=\"twitter:data2\" content=\"3\u5206\" \/>\n<script type=\"application\/ld+json\" class=\"yoast-schema-graph\">{\"@context\":\"https:\/\/schema.org\",\"@graph\":[{\"@type\":\"Article\",\"@id\":\"https:\/\/joyana.fr\/ja\/jeff-koons-chez-taschen\/102327\/#article\",\"isPartOf\":{\"@id\":\"https:\/\/joyana.fr\/ja\/jeff-koons-chez-taschen\/102327\/\"},\"author\":{\"name\":\"Jo Yana\",\"@id\":\"https:\/\/joyana.fr\/#\/schema\/person\/cf2a1ad12a27c12c21801075bf37407c\"},\"headline\":\"Jeff KOONS chez Taschen\",\"datePublished\":\"2009-03-27T05:34:16+00:00\",\"mainEntityOfPage\":{\"@id\":\"https:\/\/joyana.fr\/ja\/jeff-koons-chez-taschen\/102327\/\"},\"wordCount\":612,\"commentCount\":11,\"publisher\":{\"@id\":\"https:\/\/joyana.fr\/#\/schema\/person\/cf2a1ad12a27c12c21801075bf37407c\"},\"image\":{\"@id\":\"https:\/\/joyana.fr\/ja\/jeff-koons-chez-taschen\/102327\/#primaryimage\"},\"thumbnailUrl\":\"https:\/\/i0.wp.com\/joyana.fr\/wp-content\/uploads\/2016\/08\/joyana-logo-black-360x180.png?fit=360%2C180&ssl=1\",\"keywords\":[\"Art Contemporain\",\"Artiste\",\"Livre\"],\"articleSection\":[\"Art Contemporain\",\"DECO-DESIGN\",\"Livre &amp; Presse\",\"Taschen\"],\"inLanguage\":\"ja\",\"potentialAction\":[{\"@type\":\"CommentAction\",\"name\":\"Comment\",\"target\":[\"https:\/\/joyana.fr\/ja\/jeff-koons-chez-taschen\/102327\/#respond\"]}]},{\"@type\":\"WebPage\",\"@id\":\"https:\/\/joyana.fr\/ja\/jeff-koons-chez-taschen\/102327\/\",\"url\":\"https:\/\/joyana.fr\/ja\/jeff-koons-chez-taschen\/102327\/\",\"name\":\"Jeff KOONS chez Taschen - JO YANA\",\"isPartOf\":{\"@id\":\"https:\/\/joyana.fr\/#website\"},\"primaryImageOfPage\":{\"@id\":\"https:\/\/joyana.fr\/ja\/jeff-koons-chez-taschen\/102327\/#primaryimage\"},\"image\":{\"@id\":\"https:\/\/joyana.fr\/ja\/jeff-koons-chez-taschen\/102327\/#primaryimage\"},\"thumbnailUrl\":\"https:\/\/i0.wp.com\/joyana.fr\/wp-content\/uploads\/2016\/08\/joyana-logo-black-360x180.png?fit=360%2C180&ssl=1\",\"datePublished\":\"2009-03-27T05:34:16+00:00\",\"breadcrumb\":{\"@id\":\"https:\/\/joyana.fr\/ja\/jeff-koons-chez-taschen\/102327\/#breadcrumb\"},\"inLanguage\":\"ja\",\"potentialAction\":[{\"@type\":\"ReadAction\",\"target\":[\"https:\/\/joyana.fr\/ja\/jeff-koons-chez-taschen\/102327\/\"]}]},{\"@type\":\"ImageObject\",\"inLanguage\":\"ja\",\"@id\":\"https:\/\/joyana.fr\/ja\/jeff-koons-chez-taschen\/102327\/#primaryimage\",\"url\":\"https:\/\/i0.wp.com\/joyana.fr\/wp-content\/uploads\/2016\/08\/joyana-logo-black-360x180.png?fit=360%2C180&ssl=1\",\"contentUrl\":\"https:\/\/i0.wp.com\/joyana.fr\/wp-content\/uploads\/2016\/08\/joyana-logo-black-360x180.png?fit=360%2C180&ssl=1\",\"width\":360,\"height\":180,\"caption\":\"logo joyana.fr\"},{\"@type\":\"BreadcrumbList\",\"@id\":\"https:\/\/joyana.fr\/ja\/jeff-koons-chez-taschen\/102327\/#breadcrumb\",\"itemListElement\":[{\"@type\":\"ListItem\",\"position\":1,\"name\":\"Accueil\",\"item\":\"https:\/\/joyana.fr\/\"},{\"@type\":\"ListItem\",\"position\":2,\"name\":\"Jeff KOONS chez Taschen\"}]},{\"@type\":\"WebSite\",\"@id\":\"https:\/\/joyana.fr\/#website\",\"url\":\"https:\/\/joyana.fr\/\",\"name\":\"JO YANA\",\"description\":\"Blog Mode Homme, Lifestyle, D\u00e9co-Design\",\"publisher\":{\"@id\":\"https:\/\/joyana.fr\/#\/schema\/person\/cf2a1ad12a27c12c21801075bf37407c\"},\"potentialAction\":[{\"@type\":\"SearchAction\",\"target\":{\"@type\":\"EntryPoint\",\"urlTemplate\":\"https:\/\/joyana.fr\/?s={search_term_string}\"},\"query-input\":{\"@type\":\"PropertyValueSpecification\",\"valueRequired\":true,\"valueName\":\"search_term_string\"}}],\"inLanguage\":\"ja\"},{\"@type\":[\"Person\",\"Organization\"],\"@id\":\"https:\/\/joyana.fr\/#\/schema\/person\/cf2a1ad12a27c12c21801075bf37407c\",\"name\":\"Jo Yana\",\"image\":{\"@type\":\"ImageObject\",\"inLanguage\":\"ja\",\"@id\":\"https:\/\/joyana.fr\/#\/schema\/person\/image\/\",\"url\":\"https:\/\/i0.wp.com\/joyana.fr\/wp-content\/uploads\/2016\/08\/cropped-joyana-logo-black-360x180.png?fit=343%2C164&ssl=1\",\"contentUrl\":\"https:\/\/i0.wp.com\/joyana.fr\/wp-content\/uploads\/2016\/08\/cropped-joyana-logo-black-360x180.png?fit=343%2C164&ssl=1\",\"width\":343,\"height\":164,\"caption\":\"Jo Yana\"},\"logo\":{\"@id\":\"https:\/\/joyana.fr\/#\/schema\/person\/image\/\"},\"description\":\"Jo Yana est le cr\u00e9ateur et r\u00e9dacteur en chef des sites DECO-DESIGN. Passionn\u00e9 de Design, Mode, Photo, Luxe, Lifestyle, Musique, mais avant tout Blogueur ! Le plaisir de partager l'anime et a comme devise \\\"POUR L'AMOUR DU BEAU\\\". Retrouvez le aussi sur son blog personnel - https:\/\/joyana.fr...\",\"sameAs\":[\"https:\/\/joyana.fr\/\"],\"url\":\"https:\/\/joyana.fr\/ja\/author\/joyana\/\"}]}<\/script>\n<!-- \/ Yoast SEO plugin. -->","yoast_head_json":{"title":"Jeff KOONS chez Taschen - JO YANA","robots":{"index":"index","follow":"follow","max-snippet":"max-snippet:-1","max-image-preview":"max-image-preview:large","max-video-preview":"max-video-preview:-1"},"canonical":"https:\/\/joyana.fr\/ja\/jeff-koons-chez-taschen\/102327\/","og_locale":"ja_JP","og_type":"article","og_title":"Jeff KOONS chez Taschen - JO YANA","og_description":"La maison d&#8217;\u00e9dition Taschen sort un superbe livre sur Jeff Koons, une r\u00e9trospective du parcours et du tr [&hellip;]","og_url":"https:\/\/joyana.fr\/ja\/jeff-koons-chez-taschen\/102327\/","og_site_name":"JO YANA","article_published_time":"2009-03-27T05:34:16+00:00","og_image":[{"width":360,"height":180,"url":"https:\/\/joyana.fr\/wp-content\/uploads\/2016\/08\/joyana-logo-black-360x180.png","type":"image\/png"}],"author":"Jo Yana","twitter_card":"summary_large_image","twitter_creator":"@Jo_Yana","twitter_site":"@Jo_Yana","twitter_misc":{"\u57f7\u7b46\u8005":"Jo Yana","\u63a8\u5b9a\u8aad\u307f\u53d6\u308a\u6642\u9593":"3\u5206"},"schema":{"@context":"https:\/\/schema.org","@graph":[{"@type":"Article","@id":"https:\/\/joyana.fr\/ja\/jeff-koons-chez-taschen\/102327\/#article","isPartOf":{"@id":"https:\/\/joyana.fr\/ja\/jeff-koons-chez-taschen\/102327\/"},"author":{"name":"Jo Yana","@id":"https:\/\/joyana.fr\/#\/schema\/person\/cf2a1ad12a27c12c21801075bf37407c"},"headline":"Jeff KOONS chez Taschen","datePublished":"2009-03-27T05:34:16+00:00","mainEntityOfPage":{"@id":"https:\/\/joyana.fr\/ja\/jeff-koons-chez-taschen\/102327\/"},"wordCount":612,"commentCount":11,"publisher":{"@id":"https:\/\/joyana.fr\/#\/schema\/person\/cf2a1ad12a27c12c21801075bf37407c"},"image":{"@id":"https:\/\/joyana.fr\/ja\/jeff-koons-chez-taschen\/102327\/#primaryimage"},"thumbnailUrl":"https:\/\/i0.wp.com\/joyana.fr\/wp-content\/uploads\/2016\/08\/joyana-logo-black-360x180.png?fit=360%2C180&ssl=1","keywords":["Art Contemporain","Artiste","Livre"],"articleSection":["Art Contemporain","DECO-DESIGN","Livre &amp; Presse","Taschen"],"inLanguage":"ja","potentialAction":[{"@type":"CommentAction","name":"Comment","target":["https:\/\/joyana.fr\/ja\/jeff-koons-chez-taschen\/102327\/#respond"]}]},{"@type":"WebPage","@id":"https:\/\/joyana.fr\/ja\/jeff-koons-chez-taschen\/102327\/","url":"https:\/\/joyana.fr\/ja\/jeff-koons-chez-taschen\/102327\/","name":"Jeff KOONS chez Taschen - JO YANA","isPartOf":{"@id":"https:\/\/joyana.fr\/#website"},"primaryImageOfPage":{"@id":"https:\/\/joyana.fr\/ja\/jeff-koons-chez-taschen\/102327\/#primaryimage"},"image":{"@id":"https:\/\/joyana.fr\/ja\/jeff-koons-chez-taschen\/102327\/#primaryimage"},"thumbnailUrl":"https:\/\/i0.wp.com\/joyana.fr\/wp-content\/uploads\/2016\/08\/joyana-logo-black-360x180.png?fit=360%2C180&ssl=1","datePublished":"2009-03-27T05:34:16+00:00","breadcrumb":{"@id":"https:\/\/joyana.fr\/ja\/jeff-koons-chez-taschen\/102327\/#breadcrumb"},"inLanguage":"ja","potentialAction":[{"@type":"ReadAction","target":["https:\/\/joyana.fr\/ja\/jeff-koons-chez-taschen\/102327\/"]}]},{"@type":"ImageObject","inLanguage":"ja","@id":"https:\/\/joyana.fr\/ja\/jeff-koons-chez-taschen\/102327\/#primaryimage","url":"https:\/\/i0.wp.com\/joyana.fr\/wp-content\/uploads\/2016\/08\/joyana-logo-black-360x180.png?fit=360%2C180&ssl=1","contentUrl":"https:\/\/i0.wp.com\/joyana.fr\/wp-content\/uploads\/2016\/08\/joyana-logo-black-360x180.png?fit=360%2C180&ssl=1","width":360,"height":180,"caption":"logo joyana.fr"},{"@type":"BreadcrumbList","@id":"https:\/\/joyana.fr\/ja\/jeff-koons-chez-taschen\/102327\/#breadcrumb","itemListElement":[{"@type":"ListItem","position":1,"name":"Accueil","item":"https:\/\/joyana.fr\/"},{"@type":"ListItem","position":2,"name":"Jeff KOONS chez Taschen"}]},{"@type":"WebSite","@id":"https:\/\/joyana.fr\/#website","url":"https:\/\/joyana.fr\/","name":"JO YANA","description":"Blog Mode Homme, Lifestyle, D\u00e9co-Design","publisher":{"@id":"https:\/\/joyana.fr\/#\/schema\/person\/cf2a1ad12a27c12c21801075bf37407c"},"potentialAction":[{"@type":"SearchAction","target":{"@type":"EntryPoint","urlTemplate":"https:\/\/joyana.fr\/?s={search_term_string}"},"query-input":{"@type":"PropertyValueSpecification","valueRequired":true,"valueName":"search_term_string"}}],"inLanguage":"ja"},{"@type":["Person","Organization"],"@id":"https:\/\/joyana.fr\/#\/schema\/person\/cf2a1ad12a27c12c21801075bf37407c","name":"Jo Yana","image":{"@type":"ImageObject","inLanguage":"ja","@id":"https:\/\/joyana.fr\/#\/schema\/person\/image\/","url":"https:\/\/i0.wp.com\/joyana.fr\/wp-content\/uploads\/2016\/08\/cropped-joyana-logo-black-360x180.png?fit=343%2C164&ssl=1","contentUrl":"https:\/\/i0.wp.com\/joyana.fr\/wp-content\/uploads\/2016\/08\/cropped-joyana-logo-black-360x180.png?fit=343%2C164&ssl=1","width":343,"height":164,"caption":"Jo Yana"},"logo":{"@id":"https:\/\/joyana.fr\/#\/schema\/person\/image\/"},"description":"Jo Yana est le cr\u00e9ateur et r\u00e9dacteur en chef des sites DECO-DESIGN. Passionn\u00e9 de Design, Mode, Photo, Luxe, Lifestyle, Musique, mais avant tout Blogueur ! Le plaisir de partager l'anime et a comme devise \"POUR L'AMOUR DU BEAU\". Retrouvez le aussi sur son blog personnel - https:\/\/joyana.fr...","sameAs":["https:\/\/joyana.fr\/"],"url":"https:\/\/joyana.fr\/ja\/author\/joyana\/"}]}},"author_meta":{"display_name":"Jo Yana","author_link":"https:\/\/joyana.fr\/ja\/author\/joyana\/"},"featured_img":"https:\/\/i0.wp.com\/joyana.fr\/wp-content\/uploads\/2016\/08\/joyana-logo-black-360x180.png?fit=360%2C180&ssl=1","featured_image_src":"https:\/\/i0.wp.com\/joyana.fr\/wp-content\/uploads\/2016\/08\/joyana-logo-black-360x180.png?resize=360%2C180&ssl=1","featured_image_src_square":"https:\/\/i0.wp.com\/joyana.fr\/wp-content\/uploads\/2016\/08\/joyana-logo-black-360x180.png?resize=360%2C180&ssl=1","jetpack_featured_media_url":"https:\/\/i0.wp.com\/joyana.fr\/wp-content\/uploads\/2016\/08\/joyana-logo-black-360x180.png?fit=360%2C180&ssl=1","uagb_featured_image_src":{"full":["https:\/\/i0.wp.com\/joyana.fr\/wp-content\/uploads\/2016\/08\/joyana-logo-black-360x180.png?fit=360%2C180&ssl=1",360,180,false],"thumbnail":["https:\/\/i0.wp.com\/joyana.fr\/wp-content\/uploads\/2016\/08\/joyana-logo-black-360x180.png?resize=150%2C150&ssl=1",150,150,true],"medium":["https:\/\/i0.wp.com\/joyana.fr\/wp-content\/uploads\/2016\/08\/joyana-logo-black-360x180.png?fit=360%2C180&ssl=1",360,180,true],"medium_large":["https:\/\/i0.wp.com\/joyana.fr\/wp-content\/uploads\/2016\/08\/joyana-logo-black-360x180.png?fit=360%2C180&ssl=1",360,180,true],"large":["https:\/\/i0.wp.com\/joyana.fr\/wp-content\/uploads\/2016\/08\/joyana-logo-black-360x180.png?fit=360%2C180&ssl=1",360,180,true],"1536x1536":["https:\/\/i0.wp.com\/joyana.fr\/wp-content\/uploads\/2016\/08\/joyana-logo-black-360x180.png?fit=360%2C180&ssl=1",360,180,true],"2048x2048":["https:\/\/i0.wp.com\/joyana.fr\/wp-content\/uploads\/2016\/08\/joyana-logo-black-360x180.png?fit=360%2C180&ssl=1",360,180,true],"featured-thumb":["https:\/\/i0.wp.com\/joyana.fr\/wp-content\/uploads\/2016\/08\/joyana-logo-black-360x180.png?resize=360%2C180&ssl=1",360,180,true],"ab-block-post-grid-landscape":["https:\/\/i0.wp.com\/joyana.fr\/wp-content\/uploads\/2016\/08\/joyana-logo-black-360x180.png?resize=360%2C180&ssl=1",360,180,true],"ab-block-post-grid-square":["https:\/\/i0.wp.com\/joyana.fr\/wp-content\/uploads\/2016\/08\/joyana-logo-black-360x180.png?resize=360%2C180&ssl=1",360,180,true],"author-pro-image":["https:\/\/i0.wp.com\/joyana.fr\/wp-content\/uploads\/2016\/08\/joyana-logo-black-360x180.png?resize=360%2C180&ssl=1",360,180,true],"slider":["https:\/\/i0.wp.com\/joyana.fr\/wp-content\/uploads\/2016\/08\/joyana-logo-black-360x180.png?resize=360%2C180&ssl=1",360,180,true],"woocommerce_thumbnail":["https:\/\/i0.wp.com\/joyana.fr\/wp-content\/uploads\/2016\/08\/joyana-logo-black-360x180.png?resize=300%2C180&ssl=1",300,180,true],"woocommerce_single":["https:\/\/i0.wp.com\/joyana.fr\/wp-content\/uploads\/2016\/08\/joyana-logo-black-360x180.png?fit=360%2C180&ssl=1",360,180,true],"woocommerce_gallery_thumbnail":["https:\/\/i0.wp.com\/joyana.fr\/wp-content\/uploads\/2016\/08\/joyana-logo-black-360x180.png?resize=180%2C180&ssl=1",180,180,true],"sow-carousel-default":["https:\/\/i0.wp.com\/joyana.fr\/wp-content\/uploads\/2016\/08\/joyana-logo-black-360x180.png?resize=272%2C180&ssl=1",272,180,true]},"uagb_author_info":{"display_name":"Jo Yana","author_link":"https:\/\/joyana.fr\/ja\/author\/joyana\/"},"uagb_comment_info":17,"uagb_excerpt":"La maison d&#8217;\u00e9dition Taschen sort un superbe livre&hellip;","coauthors":[],"tax_additional":{"categories":{"linked":["<a href=\"https:\/\/joyana.fr\/ja\/category\/deco-design\/actualite\/art-contemporain\/\" class=\"advgb-post-tax-term\">Art Contemporain<\/a>","<a href=\"https:\/\/joyana.fr\/ja\/category\/deco-design\/\" class=\"advgb-post-tax-term\">DECO-DESIGN<\/a>","<a href=\"https:\/\/joyana.fr\/ja\/category\/deco-design\/actualite\/livre-presse\/\" class=\"advgb-post-tax-term\">Livre &amp; Presse<\/a>","<a href=\"https:\/\/joyana.fr\/ja\/category\/marques\/taschen\/\" class=\"advgb-post-tax-term\">Taschen<\/a>"],"unlinked":["<span class=\"advgb-post-tax-term\">Art Contemporain<\/span>","<span class=\"advgb-post-tax-term\">DECO-DESIGN<\/span>","<span class=\"advgb-post-tax-term\">Livre &amp; Presse<\/span>","<span class=\"advgb-post-tax-term\">Taschen<\/span>"]},"tags":{"linked":["<a href=\"https:\/\/joyana.fr\/ja\/category\/marques\/taschen\/\" class=\"advgb-post-tax-term\">Art Contemporain<\/a>","<a href=\"https:\/\/joyana.fr\/ja\/category\/marques\/taschen\/\" class=\"advgb-post-tax-term\">Artiste<\/a>","<a href=\"https:\/\/joyana.fr\/ja\/category\/marques\/taschen\/\" class=\"advgb-post-tax-term\">Livre<\/a>"],"unlinked":["<span class=\"advgb-post-tax-term\">Art Contemporain<\/span>","<span class=\"advgb-post-tax-term\">Artiste<\/span>","<span class=\"advgb-post-tax-term\">Livre<\/span>"]}},"comment_count":17,"relative_dates":{"created":"Posted 17\u5e74 ago","modified":"Updated 17\u5e74 ago"},"absolute_dates":{"created":"Posted on 27 3\u6708 2009","modified":"Updated on 27 3\u6708 2009"},"absolute_dates_time":{"created":"Posted on 27 3\u6708 2009 6:34","modified":"Updated on 27 3\u6708 2009 6:34"},"featured_img_caption":"","series_order":"","jetpack_sharing_enabled":true,"jetpack_shortlink":"https:\/\/wp.me\/p9bteI-qCr","jetpack-related-posts":[],"_links":{"self":[{"href":"https:\/\/joyana.fr\/ja\/wp-json\/wp\/v2\/posts\/102327","targetHints":{"allow":["GET"]}}],"collection":[{"href":"https:\/\/joyana.fr\/ja\/wp-json\/wp\/v2\/posts"}],"about":[{"href":"https:\/\/joyana.fr\/ja\/wp-json\/wp\/v2\/types\/post"}],"author":[{"embeddable":true,"href":"https:\/\/joyana.fr\/ja\/wp-json\/wp\/v2\/users\/3"}],"replies":[{"embeddable":true,"href":"https:\/\/joyana.fr\/ja\/wp-json\/wp\/v2\/comments?post=102327"}],"version-history":[{"count":0,"href":"https:\/\/joyana.fr\/ja\/wp-json\/wp\/v2\/posts\/102327\/revisions"}],"wp:featuredmedia":[{"embeddable":true,"href":"https:\/\/joyana.fr\/ja\/wp-json\/wp\/v2\/media\/124300"}],"wp:attachment":[{"href":"https:\/\/joyana.fr\/ja\/wp-json\/wp\/v2\/media?parent=102327"}],"wp:term":[{"taxonomy":"category","embeddable":true,"href":"https:\/\/joyana.fr\/ja\/wp-json\/wp\/v2\/categories?post=102327"},{"taxonomy":"post_tag","embeddable":true,"href":"https:\/\/joyana.fr\/ja\/wp-json\/wp\/v2\/tags?post=102327"}],"curies":[{"name":"wp","href":"https:\/\/api.w.org\/{rel}","templated":true}]}}