{"id":102380,"date":"2009-04-13T15:38:43","date_gmt":"2009-04-13T14:38:43","guid":{"rendered":"https:\/\/joyana.fr\/visite-dun-superbe-appartement-renove-par-le-decorateur-damien-gires\/"},"modified":"2009-04-13T15:38:43","modified_gmt":"2009-04-13T14:38:43","slug":"visite-dun-superbe-appartement-renove-par-le-decorateur-damien-gires","status":"publish","type":"post","link":"https:\/\/joyana.fr\/ja\/visite-dun-superbe-appartement-renove-par-le-decorateur-damien-gires\/102380\/","title":{"rendered":"Visite d&#039;un superbe Appartement r\u00e9nov\u00e9 par le d\u00e9corateur Damien GIRES"},"content":{"rendered":"<p>Nous faisons une petite escale \u00e0 Paris pour <strong>visiter<\/strong> ce <strong>superbe appartement<\/strong> totalement r\u00e9nov\u00e9 par l&#8217;agence <strong>LePlanB<\/strong> et son <strong>d\u00e9corateur Damien Gires<\/strong>. Nous lui avons pos\u00e9 quelques questions sur ce projet&#8230;<\/p>\n<p><img data-recalc-dims=\"1\" fetchpriority=\"high\" decoding=\"async\" border=\"0\" align=\"top\" width=\"500\" src=\"https:\/\/i0.wp.com\/joyana.fr\/wp-content\/uploads\/deco19hd.jpg?resize=500%2C375&#038;ssl=1\" hspace=\"8\" alt=\"Visite d\u2019un superbe Appartement r\u00e9nov\u00e9 par le d\u00e9corateur Damien GIRES\" height=\"375\" \/><\/p>\n<p> <a href=\"http:\/\/deco-design.fr-bb.com\/\"><strong>D\u00e9co-Design<\/strong><\/a> : Damien, parlez nous de ce projet ?<\/p>\n<p><strong>Damien Gires<\/strong> :\u00a0<em> Ce projet est un projet de d\u00e9coration r\u00e9alis\u00e9 pour l\u2019un de mes clients, un particulier.<br \/>\nJe travaille r\u00e9guli\u00e8rement pour le Quai d\u2019Orsay en tant que prestataire ext\u00e9rieur dans le cadre de missions de d\u00e9corations d\u2019Ambassades de France.<br \/>\nMon client, lors de l\u2019un de ses voyages, \u00e0 pu voir l\u2019un des projets, et a \u00e9t\u00e9 s\u00e9duit pas l\u2019efficacit\u00e9 des rendus que LePlanB peut offrir et m\u2019a contact\u00e9.<\/em><\/p>\n<p>D-D : Quelles \u00e9taient les exigences du client ?<\/p>\n<p>D.G : <em>le client m\u2019a donn\u00e9 carte blanche pour refaire int\u00e9gralement la d\u00e9coration de ses pi\u00e8ces de r\u00e9ception, soit l\u2019entr\u00e9e, le vestibule, le couloir, le salon et la salle \u00e0 manger.<br \/>\n<\/em><\/p>\n<p><em>Voici l\u2019attente principale du client :<br \/>\n<\/em><\/p>\n<h1><em>&#8221; Je veux retrouver chez moi les couleurs et les signes de ce que j&#8217;ai connu lorsque j&#8217;habitais en Afrique du Nord et au Moyen Orient. Je veux aussi valoriser mon espace sans d\u00e9naturer son architecture. &#8220;<\/em><\/h1>\n<p><em>La r\u00e9ponse s\u2019est ax\u00e9e sur la cr\u00e9ation de trois espaces distincts mais li\u00e9s entre eux par le style. Il s\u2019agit de faire un design contemporain \u00e0 la fran\u00e7aise en utilisant les codes et les symboles impos\u00e9s.<\/em><\/p>\n<p><em>Pour se faire j\u2019ai \u00e9t\u00e9 directement choisir les couleurs dans les nombreuses photos du client, et l\u2019accessoirisation est sign\u00e9e par des grands cr\u00e9ateurs d\u2019origines moyen orientales ou d\u2019inspirations mauresques : <a href=\"https:\/\/joyana.fr\/tag\/zaha-hadid\/\">Zaha Hadid<\/a>, <a href=\"https:\/\/joyana.fr\/tag\/karim-rashid\/\">Karim Rashid<\/a>, mais aussi Tom Dixon, Patricia Urquiola ou Christian Ghion.<\/em><\/p>\n<p><img data-recalc-dims=\"1\" decoding=\"async\" border=\"0\" align=\"top\" width=\"500\" src=\"https:\/\/i0.wp.com\/joyana.fr\/wp-content\/uploads\/deco1.jpg?resize=500%2C371&#038;ssl=1\" hspace=\"8\" alt=\"Visite d\u2019un superbe Appartement r\u00e9nov\u00e9 par le d\u00e9corateur Damien GIRES\" height=\"371\" \/><\/p>\n<p>D-D : Pr\u00e9sentez nous les diff\u00e9rentes pi\u00e8ces de l&#8217;appartement&#8230;<\/p>\n<p>D.G : <em>L\u2019entr\u00e9e est trait\u00e9e comme un espace feutr\u00e9. De lourds rideaux en velours,\u00a0 un plafond peint en sombre, r\u00e9pondant au tapis en soie. Un long miroir, surmontant une console noire \u00e0 l\u2019int\u00e9rieur rouge vermillon,\u00a0 renvoyant la vue du couloir qui m\u00e8ne vers les chambres et sur un nuage de cadres photographiques.<\/em><\/p>\n<p><img data-recalc-dims=\"1\" decoding=\"async\" border=\"0\" align=\"top\" width=\"500\" src=\"https:\/\/i0.wp.com\/joyana.fr\/wp-content\/uploads\/deco3hd.jpg?resize=500%2C375&#038;ssl=1\" hspace=\"8\" alt=\"Visite d\u2019un superbe Appartement r\u00e9nov\u00e9 par le d\u00e9corateur Damien GIRES\" height=\"375\" \/><\/p>\n<p><em>Le salon est un espace clair et subtil. Les moulures ont \u00e9t\u00e9 valoris\u00e9es par une couleur sable quasi ton sur ton. Sur ce fond se d\u00e9tachent une multitude de pointes color\u00e9es fushia, turquoise, rouge \u2026<br \/>\n<\/em><\/p>\n<p><em>L\u2019am\u00e9nagement est enti\u00e8rement orient\u00e9 autour de la table basse centrale, unique, et dessin\u00e9e sp\u00e9cialement. (r\u00e9alisation en laiton, finition patin\u00e9 ancien)<br \/>\nM\u00eame le canap\u00e9 s\u2019enroule et, accompagn\u00e9 des fauteuil, dessine le cercle.<br \/>\nA travers cette disposition, j\u2019ai cherch\u00e9 \u00e0 recr\u00e9er la disposition traditionnelle de l\u2019\u00e9change social, autour d\u2019un th\u00e9 ou d\u2019un met d\u00e9licat.<\/em><\/p>\n<p>\u00a0 <img data-recalc-dims=\"1\" loading=\"lazy\" decoding=\"async\" width=\"500\" src=\"https:\/\/i0.wp.com\/i2.photobucket.com\/albums\/y22\/joyana\/deco14.jpg?resize=500%2C337\" alt=\"visite appartement agence le plan B\" height=\"337\" \/><\/p>\n<p><em>Cette pi\u00e8ce reste cependant une magnifique pi\u00e8ce \u00e0 vivre. Un bureau \u00e9quip\u00e9, un bar complet et un ensemble home vid\u00e9o sont int\u00e9gr\u00e9s dans un meuble cr\u00e9\u00e9 sur mesure. Ce meuble imposant se devait de s\u2019int\u00e9grer parfaitement tout en affirmant son caract\u00e8re propre. Un jeu de moulures identiques \u00e0 celles de l\u2019appartement sont dispos\u00e9es librement sur la totalit\u00e9 des portes. <\/em><\/p>\n<p><img data-recalc-dims=\"1\" loading=\"lazy\" decoding=\"async\" border=\"0\" align=\"top\" width=\"500\" src=\"https:\/\/i0.wp.com\/joyana.fr\/wp-content\/uploads\/deco2410-134500855421-97180710421-5.jpg?resize=500%2C415&#038;ssl=1\" hspace=\"8\" alt=\"Visite d\u2019un superbe Appartement r\u00e9nov\u00e9 par le d\u00e9corateur Damien GIRES\" height=\"415\" \/><\/p>\n<h5>Zoom sur le somptueux vase <em>Cali<\/em> sign\u00e9 Karim Rashid<\/h5>\n<p><img data-recalc-dims=\"1\" loading=\"lazy\" decoding=\"async\" border=\"0\" align=\"top\" width=\"500\" src=\"https:\/\/i0.wp.com\/joyana.fr\/wp-content\/uploads\/deco9hd.jpg?resize=500%2C615&#038;ssl=1\" hspace=\"8\" alt=\"Visite d\u2019un superbe Appartement r\u00e9nov\u00e9 par le d\u00e9corateur Damien GIRES\" height=\"615\" \/><\/p>\n<p><em>La salle \u00e0 manger est subtilement s\u00e9par\u00e9e du salon par deux paravents noirs au moucharabi\u00e9s d\u2019inspirations mauresques.<\/em><em>La couleur est trait\u00e9e de mati\u00e8re totalement diff\u00e9rente que dans le salon. Ignorant les moulures, une large bande gris-rose flotte sur un fond blanc et entoure la table des convives. <\/em><\/p>\n<p><em>Les meubles et accessoires sont en noir et dor\u00e9.<\/em><\/p>\n<p><em><img data-recalc-dims=\"1\" loading=\"lazy\" decoding=\"async\" border=\"0\" align=\"top\" width=\"500\" src=\"https:\/\/i0.wp.com\/joyana.fr\/wp-content\/uploads\/deco11hd.jpg?resize=500%2C638&#038;ssl=1\" hspace=\"8\" alt=\"Visite d\u2019un superbe Appartement r\u00e9nov\u00e9 par le d\u00e9corateur Damien GIRES\" height=\"638\" \/><\/em><em>\u00a0<\/em><\/p>\n<p><em>Le miroir au dessus de la chemin\u00e9e \u00e0 volontairement \u00e9t\u00e9 condamn\u00e9, l\u2019effet \u00ab palais des glaces \u00bb avec le miroir du salon en vis-\u00e0-vis n\u2019a plus lieux d\u2019\u00eatre. Cependant un autre miroir \u00e0 \u00e9t\u00e9 pos\u00e9 en d\u00e9sax\u00e9 au dessus d\u2019un buffet (d\u00e9cor\u00e9 \u00e0 la feuille par la cr\u00e9atrice Clarisse Tranchard) et refl\u00e8te la composition de lampes magnifiques de Tom Dixon qui illumine la table.\u00a0 <\/em><\/p>\n<p><img data-recalc-dims=\"1\" loading=\"lazy\" decoding=\"async\" border=\"0\" align=\"top\" width=\"500\" src=\"https:\/\/i0.wp.com\/joyana.fr\/wp-content\/uploads\/deco20hd.jpg?resize=500%2C667&#038;ssl=1\" hspace=\"8\" alt=\"Visite d\u2019un superbe Appartement r\u00e9nov\u00e9 par le d\u00e9corateur Damien GIRES\" height=\"667\" \/><\/p>\n<p>D-D : Encore merci <strong>Damien Gires<\/strong> pour cette<strong> visite<\/strong> !!!<\/p>\n<p><strong><a href=\"http:\/\/www.leplanb.com\/\">http:\/\/www.leplanb.com\/ <\/a><\/strong><\/p>\n<p>&#8212;&#8212;&#8212;&#8212;&#8211;<\/p>\n<p><a href=\"jo_yana@hotmail.com\">Jo Yana <\/a><\/p>\n","protected":false},"excerpt":{"rendered":"<p>Nous faisons une petite escale \u00e0 Paris pour visiter ce superbe appartement totalement r\u00e9nov\u00e9 par l&#8217;agenc [&hellip;]<\/p>\n","protected":false},"author":3,"featured_media":122144,"comment_status":"open","ping_status":"open","sticky":false,"template":"","format":"standard","meta":{"_coblocks_attr":"","_coblocks_dimensions":"","_coblocks_responsive_height":"","_coblocks_accordion_ie_support":"","_uag_custom_page_level_css":"","advgb_blocks_editor_width":"","advgb_blocks_columns_visual_guide":"","_genesis_hide_title":false,"_genesis_hide_breadcrumbs":false,"_genesis_hide_singular_image":false,"_genesis_hide_footer_widgets":false,"_genesis_custom_body_class":"","_genesis_custom_post_class":"","_genesis_layout":"","_themeisle_gutenberg_block_has_review":false,"_jetpack_newsletter_access":"","_jetpack_dont_email_post_to_subs":false,"_jetpack_newsletter_tier_id":0,"_jetpack_memberships_contains_paywalled_content":false,"_jetpack_memberships_contains_paid_content":false,"footnotes":""},"categories":[905,921,923],"tags":[44,12,1057],"class_list":{"0":"post-102380","1":"post","2":"type-post","3":"status-publish","4":"format-standard","5":"has-post-thumbnail","7":"category-deco-design","8":"category-lieux-design","9":"category-visites","10":"tag-karim-rashid","11":"tag-paris","12":"tag-zaha-hadid","13":"entry"},"featured_image_urls":{"full":["https:\/\/i0.wp.com\/joyana.fr\/wp-content\/uploads\/2009\/04\/deco14.jpg?fit=500%2C337&ssl=1",500,337,false],"thumbnail":["https:\/\/i0.wp.com\/joyana.fr\/wp-content\/uploads\/2009\/04\/deco14.jpg?resize=150%2C150&ssl=1",150,150,true],"medium":["https:\/\/i0.wp.com\/joyana.fr\/wp-content\/uploads\/2009\/04\/deco14.jpg?fit=389%2C262&ssl=1",389,262,true],"medium_large":["https:\/\/i0.wp.com\/joyana.fr\/wp-content\/uploads\/2009\/04\/deco14.jpg?fit=500%2C337&ssl=1",500,337,true],"large":["https:\/\/i0.wp.com\/joyana.fr\/wp-content\/uploads\/2009\/04\/deco14.jpg?fit=500%2C337&ssl=1",500,337,true],"1536x1536":["https:\/\/i0.wp.com\/joyana.fr\/wp-content\/uploads\/2009\/04\/deco14.jpg?fit=500%2C337&ssl=1",500,337,true],"2048x2048":["https:\/\/i0.wp.com\/joyana.fr\/wp-content\/uploads\/2009\/04\/deco14.jpg?fit=500%2C337&ssl=1",500,337,true],"featured-thumb":["https:\/\/i0.wp.com\/joyana.fr\/wp-content\/uploads\/2009\/04\/deco14.jpg?resize=500%2C337&ssl=1",500,337,true],"ab-block-post-grid-landscape":["https:\/\/i0.wp.com\/joyana.fr\/wp-content\/uploads\/2009\/04\/deco14.jpg?resize=500%2C337&ssl=1",500,337,true],"ab-block-post-grid-square":["https:\/\/i0.wp.com\/joyana.fr\/wp-content\/uploads\/2009\/04\/deco14.jpg?resize=500%2C337&ssl=1",500,337,true],"author-pro-image":["https:\/\/i0.wp.com\/joyana.fr\/wp-content\/uploads\/2009\/04\/deco14.jpg?resize=360%2C337&ssl=1",360,337,true],"slider":["https:\/\/i0.wp.com\/joyana.fr\/wp-content\/uploads\/2009\/04\/deco14.jpg?resize=500%2C337&ssl=1",500,337,true],"woocommerce_thumbnail":["https:\/\/i0.wp.com\/joyana.fr\/wp-content\/uploads\/2009\/04\/deco14.jpg?resize=450%2C337&ssl=1",450,337,true],"woocommerce_single":["https:\/\/i0.wp.com\/joyana.fr\/wp-content\/uploads\/2009\/04\/deco14.jpg?fit=500%2C337&ssl=1",500,337,true],"woocommerce_gallery_thumbnail":["https:\/\/i0.wp.com\/joyana.fr\/wp-content\/uploads\/2009\/04\/deco14.jpg?resize=180%2C180&ssl=1",180,180,true],"sow-carousel-default":["https:\/\/i0.wp.com\/joyana.fr\/wp-content\/uploads\/2009\/04\/deco14.jpg?resize=272%2C182&ssl=1",272,182,true]},"post_excerpt_stackable":"<p>Nous faisons une petite escale \u00e0 Paris pour visiter ce superbe appartement totalement r\u00e9nov\u00e9 par l&#038;#&hellip;<\/p>\n","category_list":"<a href=\"https:\/\/joyana.fr\/ja\/category\/deco-design\/\" rel=\"category tag\">DECO-DESIGN<\/a>, <a href=\"https:\/\/joyana.fr\/ja\/category\/deco-design\/architecture-deco-design\/lieux-design\/\" rel=\"category tag\">Lieux<\/a>, <a href=\"https:\/\/joyana.fr\/ja\/category\/deco-design\/architecture-deco-design\/lieux-design\/visites\/\" rel=\"category tag\">Visites<\/a>","author_info":{"display_name":"Jo Yana","author_link":"https:\/\/joyana.fr\/ja\/author\/joyana\/"},"comments_num":"23 comments","featured_image_urls_v2":{"full":["https:\/\/i0.wp.com\/joyana.fr\/wp-content\/uploads\/2009\/04\/deco14.jpg?fit=500%2C337&ssl=1",500,337,false],"thumbnail":["https:\/\/i0.wp.com\/joyana.fr\/wp-content\/uploads\/2009\/04\/deco14.jpg?resize=150%2C150&ssl=1",150,150,true],"medium":["https:\/\/i0.wp.com\/joyana.fr\/wp-content\/uploads\/2009\/04\/deco14.jpg?fit=389%2C262&ssl=1",389,262,true],"medium_large":["https:\/\/i0.wp.com\/joyana.fr\/wp-content\/uploads\/2009\/04\/deco14.jpg?fit=500%2C337&ssl=1",500,337,true],"large":["https:\/\/i0.wp.com\/joyana.fr\/wp-content\/uploads\/2009\/04\/deco14.jpg?fit=500%2C337&ssl=1",500,337,true],"1536x1536":["https:\/\/i0.wp.com\/joyana.fr\/wp-content\/uploads\/2009\/04\/deco14.jpg?fit=500%2C337&ssl=1",500,337,true],"2048x2048":["https:\/\/i0.wp.com\/joyana.fr\/wp-content\/uploads\/2009\/04\/deco14.jpg?fit=500%2C337&ssl=1",500,337,true],"featured-thumb":["https:\/\/i0.wp.com\/joyana.fr\/wp-content\/uploads\/2009\/04\/deco14.jpg?resize=500%2C337&ssl=1",500,337,true],"ab-block-post-grid-landscape":["https:\/\/i0.wp.com\/joyana.fr\/wp-content\/uploads\/2009\/04\/deco14.jpg?resize=500%2C337&ssl=1",500,337,true],"ab-block-post-grid-square":["https:\/\/i0.wp.com\/joyana.fr\/wp-content\/uploads\/2009\/04\/deco14.jpg?resize=500%2C337&ssl=1",500,337,true],"author-pro-image":["https:\/\/i0.wp.com\/joyana.fr\/wp-content\/uploads\/2009\/04\/deco14.jpg?resize=360%2C337&ssl=1",360,337,true],"slider":["https:\/\/i0.wp.com\/joyana.fr\/wp-content\/uploads\/2009\/04\/deco14.jpg?resize=500%2C337&ssl=1",500,337,true],"woocommerce_thumbnail":["https:\/\/i0.wp.com\/joyana.fr\/wp-content\/uploads\/2009\/04\/deco14.jpg?resize=450%2C337&ssl=1",450,337,true],"woocommerce_single":["https:\/\/i0.wp.com\/joyana.fr\/wp-content\/uploads\/2009\/04\/deco14.jpg?fit=500%2C337&ssl=1",500,337,true],"woocommerce_gallery_thumbnail":["https:\/\/i0.wp.com\/joyana.fr\/wp-content\/uploads\/2009\/04\/deco14.jpg?resize=180%2C180&ssl=1",180,180,true],"sow-carousel-default":["https:\/\/i0.wp.com\/joyana.fr\/wp-content\/uploads\/2009\/04\/deco14.jpg?resize=272%2C182&ssl=1",272,182,true]},"post_excerpt_stackable_v2":"<p>Nous faisons une petite escale \u00e0 Paris pour visiter ce superbe appartement totalement r\u00e9nov\u00e9 par l&#038;#&hellip;<\/p>\n","category_list_v2":"<a href=\"https:\/\/joyana.fr\/ja\/category\/deco-design\/\" rel=\"category tag\">DECO-DESIGN<\/a>, <a href=\"https:\/\/joyana.fr\/ja\/category\/deco-design\/architecture-deco-design\/lieux-design\/\" rel=\"category tag\">Lieux<\/a>, <a href=\"https:\/\/joyana.fr\/ja\/category\/deco-design\/architecture-deco-design\/lieux-design\/visites\/\" rel=\"category tag\">Visites<\/a>","author_info_v2":{"name":"Jo Yana","url":"https:\/\/joyana.fr\/ja\/author\/joyana\/"},"comments_num_v2":"23 comments","yoast_head":"<!-- This site is optimized with the Yoast SEO plugin v26.8 - https:\/\/yoast.com\/product\/yoast-seo-wordpress\/ -->\n<title>Visite d&#039;un superbe Appartement r\u00e9nov\u00e9 par le d\u00e9corateur Damien GIRES - JO YANA<\/title>\n<meta name=\"robots\" content=\"index, follow, max-snippet:-1, max-image-preview:large, max-video-preview:-1\" \/>\n<link rel=\"canonical\" href=\"https:\/\/joyana.fr\/ja\/visite-dun-superbe-appartement-renove-par-le-decorateur-damien-gires\/102380\/\" \/>\n<meta property=\"og:locale\" content=\"ja_JP\" \/>\n<meta property=\"og:locale:alternate\" content=\"fr_FR\" \/>\n<meta property=\"og:locale:alternate\" content=\"en_US\" \/>\n<meta property=\"og:type\" content=\"article\" \/>\n<meta property=\"og:title\" content=\"Visite d&#039;un superbe Appartement r\u00e9nov\u00e9 par le d\u00e9corateur Damien GIRES - JO YANA\" \/>\n<meta property=\"og:description\" content=\"Nous faisons une petite escale \u00e0 Paris pour visiter ce superbe appartement totalement r\u00e9nov\u00e9 par l&#8217;agenc [&hellip;]\" \/>\n<meta property=\"og:url\" content=\"https:\/\/joyana.fr\/ja\/visite-dun-superbe-appartement-renove-par-le-decorateur-damien-gires\/102380\/\" \/>\n<meta property=\"og:site_name\" content=\"JO YANA\" \/>\n<meta property=\"article:published_time\" content=\"2009-04-13T14:38:43+00:00\" \/>\n<meta property=\"og:image\" content=\"https:\/\/i0.wp.com\/joyana.fr\/wp-content\/uploads\/2009\/04\/deco14.jpg?fit=500%2C337&ssl=1\" \/>\n\t<meta property=\"og:image:width\" content=\"500\" \/>\n\t<meta property=\"og:image:height\" content=\"337\" \/>\n\t<meta property=\"og:image:type\" content=\"image\/jpeg\" \/>\n<meta name=\"author\" content=\"Jo Yana\" \/>\n<meta name=\"twitter:card\" content=\"summary_large_image\" \/>\n<meta name=\"twitter:creator\" content=\"@Jo_Yana\" \/>\n<meta name=\"twitter:site\" content=\"@Jo_Yana\" \/>\n<meta name=\"twitter:label1\" content=\"\u57f7\u7b46\u8005\" \/>\n\t<meta name=\"twitter:data1\" content=\"Jo Yana\" \/>\n\t<meta name=\"twitter:label2\" content=\"\u63a8\u5b9a\u8aad\u307f\u53d6\u308a\u6642\u9593\" \/>\n\t<meta name=\"twitter:data2\" content=\"3\u5206\" \/>\n<script type=\"application\/ld+json\" class=\"yoast-schema-graph\">{\"@context\":\"https:\/\/schema.org\",\"@graph\":[{\"@type\":\"Article\",\"@id\":\"https:\/\/joyana.fr\/en\/visite-dun-superbe-appartement-renove-par-le-decorateur-damien-gires\/102380\/#article\",\"isPartOf\":{\"@id\":\"https:\/\/joyana.fr\/en\/visite-dun-superbe-appartement-renove-par-le-decorateur-damien-gires\/102380\/\"},\"author\":{\"name\":\"Jo Yana\",\"@id\":\"https:\/\/joyana.fr\/#\/schema\/person\/cf2a1ad12a27c12c21801075bf37407c\"},\"headline\":\"Visite d&#039;un superbe Appartement r\u00e9nov\u00e9 par le d\u00e9corateur Damien GIRES\",\"datePublished\":\"2009-04-13T14:38:43+00:00\",\"mainEntityOfPage\":{\"@id\":\"https:\/\/joyana.fr\/en\/visite-dun-superbe-appartement-renove-par-le-decorateur-damien-gires\/102380\/\"},\"wordCount\":708,\"commentCount\":21,\"publisher\":{\"@id\":\"https:\/\/joyana.fr\/#\/schema\/person\/cf2a1ad12a27c12c21801075bf37407c\"},\"image\":{\"@id\":\"https:\/\/joyana.fr\/en\/visite-dun-superbe-appartement-renove-par-le-decorateur-damien-gires\/102380\/#primaryimage\"},\"thumbnailUrl\":\"https:\/\/i0.wp.com\/joyana.fr\/wp-content\/uploads\/2009\/04\/deco14.jpg?fit=500%2C337&ssl=1\",\"keywords\":[\"Karim RASHID\",\"Paris\",\"Zaha HADID\"],\"articleSection\":[\"DECO-DESIGN\",\"Lieux\",\"Visites\"],\"inLanguage\":\"ja\",\"potentialAction\":[{\"@type\":\"CommentAction\",\"name\":\"Comment\",\"target\":[\"https:\/\/joyana.fr\/en\/visite-dun-superbe-appartement-renove-par-le-decorateur-damien-gires\/102380\/#respond\"]}]},{\"@type\":\"WebPage\",\"@id\":\"https:\/\/joyana.fr\/en\/visite-dun-superbe-appartement-renove-par-le-decorateur-damien-gires\/102380\/\",\"url\":\"https:\/\/joyana.fr\/en\/visite-dun-superbe-appartement-renove-par-le-decorateur-damien-gires\/102380\/\",\"name\":\"Visite d&#039;un superbe Appartement r\u00e9nov\u00e9 par le d\u00e9corateur Damien GIRES - JO YANA\",\"isPartOf\":{\"@id\":\"https:\/\/joyana.fr\/#website\"},\"primaryImageOfPage\":{\"@id\":\"https:\/\/joyana.fr\/en\/visite-dun-superbe-appartement-renove-par-le-decorateur-damien-gires\/102380\/#primaryimage\"},\"image\":{\"@id\":\"https:\/\/joyana.fr\/en\/visite-dun-superbe-appartement-renove-par-le-decorateur-damien-gires\/102380\/#primaryimage\"},\"thumbnailUrl\":\"https:\/\/i0.wp.com\/joyana.fr\/wp-content\/uploads\/2009\/04\/deco14.jpg?fit=500%2C337&ssl=1\",\"datePublished\":\"2009-04-13T14:38:43+00:00\",\"breadcrumb\":{\"@id\":\"https:\/\/joyana.fr\/en\/visite-dun-superbe-appartement-renove-par-le-decorateur-damien-gires\/102380\/#breadcrumb\"},\"inLanguage\":\"ja\",\"potentialAction\":[{\"@type\":\"ReadAction\",\"target\":[\"https:\/\/joyana.fr\/en\/visite-dun-superbe-appartement-renove-par-le-decorateur-damien-gires\/102380\/\"]}]},{\"@type\":\"ImageObject\",\"inLanguage\":\"ja\",\"@id\":\"https:\/\/joyana.fr\/en\/visite-dun-superbe-appartement-renove-par-le-decorateur-damien-gires\/102380\/#primaryimage\",\"url\":\"https:\/\/i0.wp.com\/joyana.fr\/wp-content\/uploads\/2009\/04\/deco14.jpg?fit=500%2C337&ssl=1\",\"contentUrl\":\"https:\/\/i0.wp.com\/joyana.fr\/wp-content\/uploads\/2009\/04\/deco14.jpg?fit=500%2C337&ssl=1\",\"width\":500,\"height\":337},{\"@type\":\"BreadcrumbList\",\"@id\":\"https:\/\/joyana.fr\/en\/visite-dun-superbe-appartement-renove-par-le-decorateur-damien-gires\/102380\/#breadcrumb\",\"itemListElement\":[{\"@type\":\"ListItem\",\"position\":1,\"name\":\"Accueil\",\"item\":\"https:\/\/joyana.fr\/\"},{\"@type\":\"ListItem\",\"position\":2,\"name\":\"Visite d&#039;un superbe Appartement r\u00e9nov\u00e9 par le d\u00e9corateur Damien GIRES\"}]},{\"@type\":\"WebSite\",\"@id\":\"https:\/\/joyana.fr\/#website\",\"url\":\"https:\/\/joyana.fr\/\",\"name\":\"JO YANA\",\"description\":\"Blog Mode Homme, Lifestyle, D\u00e9co-Design\",\"publisher\":{\"@id\":\"https:\/\/joyana.fr\/#\/schema\/person\/cf2a1ad12a27c12c21801075bf37407c\"},\"potentialAction\":[{\"@type\":\"SearchAction\",\"target\":{\"@type\":\"EntryPoint\",\"urlTemplate\":\"https:\/\/joyana.fr\/?s={search_term_string}\"},\"query-input\":{\"@type\":\"PropertyValueSpecification\",\"valueRequired\":true,\"valueName\":\"search_term_string\"}}],\"inLanguage\":\"ja\"},{\"@type\":[\"Person\",\"Organization\"],\"@id\":\"https:\/\/joyana.fr\/#\/schema\/person\/cf2a1ad12a27c12c21801075bf37407c\",\"name\":\"Jo Yana\",\"image\":{\"@type\":\"ImageObject\",\"inLanguage\":\"ja\",\"@id\":\"https:\/\/joyana.fr\/#\/schema\/person\/image\/\",\"url\":\"https:\/\/i0.wp.com\/joyana.fr\/wp-content\/uploads\/2016\/08\/cropped-joyana-logo-black-360x180.png?fit=343%2C164&ssl=1\",\"contentUrl\":\"https:\/\/i0.wp.com\/joyana.fr\/wp-content\/uploads\/2016\/08\/cropped-joyana-logo-black-360x180.png?fit=343%2C164&ssl=1\",\"width\":343,\"height\":164,\"caption\":\"Jo Yana\"},\"logo\":{\"@id\":\"https:\/\/joyana.fr\/#\/schema\/person\/image\/\"},\"description\":\"Jo Yana est le cr\u00e9ateur et r\u00e9dacteur en chef des sites DECO-DESIGN. Passionn\u00e9 de Design, Mode, Photo, Luxe, Lifestyle, Musique, mais avant tout Blogueur ! Le plaisir de partager l'anime et a comme devise \\\"POUR L'AMOUR DU BEAU\\\". Retrouvez le aussi sur son blog personnel - https:\/\/joyana.fr...\",\"sameAs\":[\"https:\/\/joyana.fr\/\"],\"url\":\"https:\/\/joyana.fr\/ja\/author\/joyana\/\"}]}<\/script>\n<!-- \/ Yoast SEO plugin. -->","yoast_head_json":{"title":"Visite d&#039;un superbe Appartement r\u00e9nov\u00e9 par le d\u00e9corateur Damien GIRES - JO YANA","robots":{"index":"index","follow":"follow","max-snippet":"max-snippet:-1","max-image-preview":"max-image-preview:large","max-video-preview":"max-video-preview:-1"},"canonical":"https:\/\/joyana.fr\/ja\/visite-dun-superbe-appartement-renove-par-le-decorateur-damien-gires\/102380\/","og_locale":"ja_JP","og_type":"article","og_title":"Visite d&#039;un superbe Appartement r\u00e9nov\u00e9 par le d\u00e9corateur Damien GIRES - JO YANA","og_description":"Nous faisons une petite escale \u00e0 Paris pour visiter ce superbe appartement totalement r\u00e9nov\u00e9 par l&#8217;agenc [&hellip;]","og_url":"https:\/\/joyana.fr\/ja\/visite-dun-superbe-appartement-renove-par-le-decorateur-damien-gires\/102380\/","og_site_name":"JO YANA","article_published_time":"2009-04-13T14:38:43+00:00","og_image":[{"width":500,"height":337,"url":"https:\/\/i0.wp.com\/joyana.fr\/wp-content\/uploads\/2009\/04\/deco14.jpg?fit=500%2C337&ssl=1","type":"image\/jpeg"}],"author":"Jo Yana","twitter_card":"summary_large_image","twitter_creator":"@Jo_Yana","twitter_site":"@Jo_Yana","twitter_misc":{"\u57f7\u7b46\u8005":"Jo Yana","\u63a8\u5b9a\u8aad\u307f\u53d6\u308a\u6642\u9593":"3\u5206"},"schema":{"@context":"https:\/\/schema.org","@graph":[{"@type":"Article","@id":"https:\/\/joyana.fr\/en\/visite-dun-superbe-appartement-renove-par-le-decorateur-damien-gires\/102380\/#article","isPartOf":{"@id":"https:\/\/joyana.fr\/en\/visite-dun-superbe-appartement-renove-par-le-decorateur-damien-gires\/102380\/"},"author":{"name":"Jo Yana","@id":"https:\/\/joyana.fr\/#\/schema\/person\/cf2a1ad12a27c12c21801075bf37407c"},"headline":"Visite d&#039;un superbe Appartement r\u00e9nov\u00e9 par le d\u00e9corateur Damien GIRES","datePublished":"2009-04-13T14:38:43+00:00","mainEntityOfPage":{"@id":"https:\/\/joyana.fr\/en\/visite-dun-superbe-appartement-renove-par-le-decorateur-damien-gires\/102380\/"},"wordCount":708,"commentCount":21,"publisher":{"@id":"https:\/\/joyana.fr\/#\/schema\/person\/cf2a1ad12a27c12c21801075bf37407c"},"image":{"@id":"https:\/\/joyana.fr\/en\/visite-dun-superbe-appartement-renove-par-le-decorateur-damien-gires\/102380\/#primaryimage"},"thumbnailUrl":"https:\/\/i0.wp.com\/joyana.fr\/wp-content\/uploads\/2009\/04\/deco14.jpg?fit=500%2C337&ssl=1","keywords":["Karim RASHID","Paris","Zaha HADID"],"articleSection":["DECO-DESIGN","Lieux","Visites"],"inLanguage":"ja","potentialAction":[{"@type":"CommentAction","name":"Comment","target":["https:\/\/joyana.fr\/en\/visite-dun-superbe-appartement-renove-par-le-decorateur-damien-gires\/102380\/#respond"]}]},{"@type":"WebPage","@id":"https:\/\/joyana.fr\/en\/visite-dun-superbe-appartement-renove-par-le-decorateur-damien-gires\/102380\/","url":"https:\/\/joyana.fr\/en\/visite-dun-superbe-appartement-renove-par-le-decorateur-damien-gires\/102380\/","name":"Visite d&#039;un superbe Appartement r\u00e9nov\u00e9 par le d\u00e9corateur Damien GIRES - JO YANA","isPartOf":{"@id":"https:\/\/joyana.fr\/#website"},"primaryImageOfPage":{"@id":"https:\/\/joyana.fr\/en\/visite-dun-superbe-appartement-renove-par-le-decorateur-damien-gires\/102380\/#primaryimage"},"image":{"@id":"https:\/\/joyana.fr\/en\/visite-dun-superbe-appartement-renove-par-le-decorateur-damien-gires\/102380\/#primaryimage"},"thumbnailUrl":"https:\/\/i0.wp.com\/joyana.fr\/wp-content\/uploads\/2009\/04\/deco14.jpg?fit=500%2C337&ssl=1","datePublished":"2009-04-13T14:38:43+00:00","breadcrumb":{"@id":"https:\/\/joyana.fr\/en\/visite-dun-superbe-appartement-renove-par-le-decorateur-damien-gires\/102380\/#breadcrumb"},"inLanguage":"ja","potentialAction":[{"@type":"ReadAction","target":["https:\/\/joyana.fr\/en\/visite-dun-superbe-appartement-renove-par-le-decorateur-damien-gires\/102380\/"]}]},{"@type":"ImageObject","inLanguage":"ja","@id":"https:\/\/joyana.fr\/en\/visite-dun-superbe-appartement-renove-par-le-decorateur-damien-gires\/102380\/#primaryimage","url":"https:\/\/i0.wp.com\/joyana.fr\/wp-content\/uploads\/2009\/04\/deco14.jpg?fit=500%2C337&ssl=1","contentUrl":"https:\/\/i0.wp.com\/joyana.fr\/wp-content\/uploads\/2009\/04\/deco14.jpg?fit=500%2C337&ssl=1","width":500,"height":337},{"@type":"BreadcrumbList","@id":"https:\/\/joyana.fr\/en\/visite-dun-superbe-appartement-renove-par-le-decorateur-damien-gires\/102380\/#breadcrumb","itemListElement":[{"@type":"ListItem","position":1,"name":"Accueil","item":"https:\/\/joyana.fr\/"},{"@type":"ListItem","position":2,"name":"Visite d&#039;un superbe Appartement r\u00e9nov\u00e9 par le d\u00e9corateur Damien GIRES"}]},{"@type":"WebSite","@id":"https:\/\/joyana.fr\/#website","url":"https:\/\/joyana.fr\/","name":"JO YANA","description":"Blog Mode Homme, Lifestyle, D\u00e9co-Design","publisher":{"@id":"https:\/\/joyana.fr\/#\/schema\/person\/cf2a1ad12a27c12c21801075bf37407c"},"potentialAction":[{"@type":"SearchAction","target":{"@type":"EntryPoint","urlTemplate":"https:\/\/joyana.fr\/?s={search_term_string}"},"query-input":{"@type":"PropertyValueSpecification","valueRequired":true,"valueName":"search_term_string"}}],"inLanguage":"ja"},{"@type":["Person","Organization"],"@id":"https:\/\/joyana.fr\/#\/schema\/person\/cf2a1ad12a27c12c21801075bf37407c","name":"Jo Yana","image":{"@type":"ImageObject","inLanguage":"ja","@id":"https:\/\/joyana.fr\/#\/schema\/person\/image\/","url":"https:\/\/i0.wp.com\/joyana.fr\/wp-content\/uploads\/2016\/08\/cropped-joyana-logo-black-360x180.png?fit=343%2C164&ssl=1","contentUrl":"https:\/\/i0.wp.com\/joyana.fr\/wp-content\/uploads\/2016\/08\/cropped-joyana-logo-black-360x180.png?fit=343%2C164&ssl=1","width":343,"height":164,"caption":"Jo Yana"},"logo":{"@id":"https:\/\/joyana.fr\/#\/schema\/person\/image\/"},"description":"Jo Yana est le cr\u00e9ateur et r\u00e9dacteur en chef des sites DECO-DESIGN. Passionn\u00e9 de Design, Mode, Photo, Luxe, Lifestyle, Musique, mais avant tout Blogueur ! Le plaisir de partager l'anime et a comme devise \"POUR L'AMOUR DU BEAU\". Retrouvez le aussi sur son blog personnel - https:\/\/joyana.fr...","sameAs":["https:\/\/joyana.fr\/"],"url":"https:\/\/joyana.fr\/ja\/author\/joyana\/"}]}},"author_meta":{"display_name":"Jo Yana","author_link":"https:\/\/joyana.fr\/ja\/author\/joyana\/"},"featured_img":"https:\/\/i0.wp.com\/joyana.fr\/wp-content\/uploads\/2009\/04\/deco14.jpg?fit=389%2C262&ssl=1","featured_image_src":"https:\/\/i0.wp.com\/joyana.fr\/wp-content\/uploads\/2009\/04\/deco14.jpg?resize=500%2C337&ssl=1","featured_image_src_square":"https:\/\/i0.wp.com\/joyana.fr\/wp-content\/uploads\/2009\/04\/deco14.jpg?resize=500%2C337&ssl=1","jetpack_featured_media_url":"https:\/\/i0.wp.com\/joyana.fr\/wp-content\/uploads\/2009\/04\/deco14.jpg?fit=500%2C337&ssl=1","uagb_featured_image_src":{"full":["https:\/\/i0.wp.com\/joyana.fr\/wp-content\/uploads\/2009\/04\/deco14.jpg?fit=500%2C337&ssl=1",500,337,false],"thumbnail":["https:\/\/i0.wp.com\/joyana.fr\/wp-content\/uploads\/2009\/04\/deco14.jpg?resize=150%2C150&ssl=1",150,150,true],"medium":["https:\/\/i0.wp.com\/joyana.fr\/wp-content\/uploads\/2009\/04\/deco14.jpg?fit=389%2C262&ssl=1",389,262,true],"medium_large":["https:\/\/i0.wp.com\/joyana.fr\/wp-content\/uploads\/2009\/04\/deco14.jpg?fit=500%2C337&ssl=1",500,337,true],"large":["https:\/\/i0.wp.com\/joyana.fr\/wp-content\/uploads\/2009\/04\/deco14.jpg?fit=500%2C337&ssl=1",500,337,true],"1536x1536":["https:\/\/i0.wp.com\/joyana.fr\/wp-content\/uploads\/2009\/04\/deco14.jpg?fit=500%2C337&ssl=1",500,337,true],"2048x2048":["https:\/\/i0.wp.com\/joyana.fr\/wp-content\/uploads\/2009\/04\/deco14.jpg?fit=500%2C337&ssl=1",500,337,true],"featured-thumb":["https:\/\/i0.wp.com\/joyana.fr\/wp-content\/uploads\/2009\/04\/deco14.jpg?resize=500%2C337&ssl=1",500,337,true],"ab-block-post-grid-landscape":["https:\/\/i0.wp.com\/joyana.fr\/wp-content\/uploads\/2009\/04\/deco14.jpg?resize=500%2C337&ssl=1",500,337,true],"ab-block-post-grid-square":["https:\/\/i0.wp.com\/joyana.fr\/wp-content\/uploads\/2009\/04\/deco14.jpg?resize=500%2C337&ssl=1",500,337,true],"author-pro-image":["https:\/\/i0.wp.com\/joyana.fr\/wp-content\/uploads\/2009\/04\/deco14.jpg?resize=360%2C337&ssl=1",360,337,true],"slider":["https:\/\/i0.wp.com\/joyana.fr\/wp-content\/uploads\/2009\/04\/deco14.jpg?resize=500%2C337&ssl=1",500,337,true],"woocommerce_thumbnail":["https:\/\/i0.wp.com\/joyana.fr\/wp-content\/uploads\/2009\/04\/deco14.jpg?resize=450%2C337&ssl=1",450,337,true],"woocommerce_single":["https:\/\/i0.wp.com\/joyana.fr\/wp-content\/uploads\/2009\/04\/deco14.jpg?fit=500%2C337&ssl=1",500,337,true],"woocommerce_gallery_thumbnail":["https:\/\/i0.wp.com\/joyana.fr\/wp-content\/uploads\/2009\/04\/deco14.jpg?resize=180%2C180&ssl=1",180,180,true],"sow-carousel-default":["https:\/\/i0.wp.com\/joyana.fr\/wp-content\/uploads\/2009\/04\/deco14.jpg?resize=272%2C182&ssl=1",272,182,true]},"uagb_author_info":{"display_name":"Jo Yana","author_link":"https:\/\/joyana.fr\/ja\/author\/joyana\/"},"uagb_comment_info":23,"uagb_excerpt":"Nous faisons une petite escale \u00e0 Paris pour visiter ce &hellip;","coauthors":[],"tax_additional":{"categories":{"linked":["<a href=\"https:\/\/joyana.fr\/ja\/category\/deco-design\/\" class=\"advgb-post-tax-term\">DECO-DESIGN<\/a>","<a href=\"https:\/\/joyana.fr\/ja\/category\/deco-design\/architecture-deco-design\/lieux-design\/\" class=\"advgb-post-tax-term\">Lieux<\/a>","<a href=\"https:\/\/joyana.fr\/ja\/category\/deco-design\/architecture-deco-design\/lieux-design\/visites\/\" class=\"advgb-post-tax-term\">Visites<\/a>"],"unlinked":["<span class=\"advgb-post-tax-term\">DECO-DESIGN<\/span>","<span class=\"advgb-post-tax-term\">Lieux<\/span>","<span class=\"advgb-post-tax-term\">Visites<\/span>"]},"tags":{"linked":["<a href=\"https:\/\/joyana.fr\/ja\/category\/deco-design\/architecture-deco-design\/lieux-design\/visites\/\" class=\"advgb-post-tax-term\">Karim RASHID<\/a>","<a href=\"https:\/\/joyana.fr\/ja\/category\/deco-design\/architecture-deco-design\/lieux-design\/visites\/\" class=\"advgb-post-tax-term\">Paris<\/a>","<a href=\"https:\/\/joyana.fr\/ja\/category\/deco-design\/architecture-deco-design\/lieux-design\/visites\/\" class=\"advgb-post-tax-term\">Zaha HADID<\/a>"],"unlinked":["<span class=\"advgb-post-tax-term\">Karim RASHID<\/span>","<span class=\"advgb-post-tax-term\">Paris<\/span>","<span class=\"advgb-post-tax-term\">Zaha HADID<\/span>"]}},"comment_count":23,"relative_dates":{"created":"Posted 17\u5e74 ago","modified":"Updated 17\u5e74 ago"},"absolute_dates":{"created":"Posted on 13 4\u6708 2009","modified":"Updated on 13 4\u6708 2009"},"absolute_dates_time":{"created":"Posted on 13 4\u6708 2009 15:38","modified":"Updated on 13 4\u6708 2009 15:38"},"featured_img_caption":"","series_order":"","jetpack_sharing_enabled":true,"jetpack_shortlink":"https:\/\/wp.me\/p9bteI-qDi","jetpack-related-posts":[],"_links":{"self":[{"href":"https:\/\/joyana.fr\/ja\/wp-json\/wp\/v2\/posts\/102380","targetHints":{"allow":["GET"]}}],"collection":[{"href":"https:\/\/joyana.fr\/ja\/wp-json\/wp\/v2\/posts"}],"about":[{"href":"https:\/\/joyana.fr\/ja\/wp-json\/wp\/v2\/types\/post"}],"author":[{"embeddable":true,"href":"https:\/\/joyana.fr\/ja\/wp-json\/wp\/v2\/users\/3"}],"replies":[{"embeddable":true,"href":"https:\/\/joyana.fr\/ja\/wp-json\/wp\/v2\/comments?post=102380"}],"version-history":[{"count":0,"href":"https:\/\/joyana.fr\/ja\/wp-json\/wp\/v2\/posts\/102380\/revisions"}],"wp:featuredmedia":[{"embeddable":true,"href":"https:\/\/joyana.fr\/ja\/wp-json\/wp\/v2\/media\/122144"}],"wp:attachment":[{"href":"https:\/\/joyana.fr\/ja\/wp-json\/wp\/v2\/media?parent=102380"}],"wp:term":[{"taxonomy":"category","embeddable":true,"href":"https:\/\/joyana.fr\/ja\/wp-json\/wp\/v2\/categories?post=102380"},{"taxonomy":"post_tag","embeddable":true,"href":"https:\/\/joyana.fr\/ja\/wp-json\/wp\/v2\/tags?post=102380"}],"curies":[{"name":"wp","href":"https:\/\/api.w.org\/{rel}","templated":true}]}}