{"id":102589,"date":"2009-06-08T06:17:14","date_gmt":"2009-06-08T05:17:14","guid":{"rendered":"https:\/\/joyana.fr\/visite-dune-maison-de-residence-decoree-avec-gout\/"},"modified":"2009-06-08T06:17:14","modified_gmt":"2009-06-08T05:17:14","slug":"visite-dune-maison-de-residence-decoree-avec-gout","status":"publish","type":"post","link":"https:\/\/joyana.fr\/ja\/visite-dune-maison-de-residence-decoree-avec-gout\/102589\/","title":{"rendered":"Visite d&#039;une Maison de r\u00e9sidence d\u00e9cor\u00e9e avec go\u00fbt"},"content":{"rendered":"<p>Aujourd&#8217;hui nous <strong>visitons<\/strong> une superbe <strong>maison de r\u00e9sidence<\/strong> d\u00e9cor\u00e9e par Ludovic -directeur artistique- et sa femme S\u00e9verine. Un m\u00e9lange de styles tr\u00e8s harmonieux que nous vous invitons \u00e0 d\u00e9couvrir dans la suite&#8230;<\/p>\n<p><img data-recalc-dims=\"1\" fetchpriority=\"high\" decoding=\"async\" src=\"https:\/\/i0.wp.com\/joyana.fr\/wp-content\/uploads\/3603901393-e8070228bc-b.jpg?resize=500%2C333&#038;ssl=1\" alt=\"Visite d\u2019une Maison de r\u00e9sidence d\u00e9cor\u00e9e avec go\u00fbt\" align=\"top\" border=\"0\" height=\"333\" hspace=\"8\" width=\"500\" \/><\/p>\n<p><a href=\"http:\/\/deco-design.fr-bb.com\/\">D\u00e9co-Design<\/a> : Parle nous de cette maison&#8230;<\/p>\n<p>Ludovic : <em>Depuis 9 ans, nous vivons dans une habitation assez commune : c&#8217;est une <strong>maison de r\u00e9sidence<\/strong>. Nous nous y sentons bien. Mais avec le temps, les go\u00fbts changent, les moyens et les envies aussi ! Alors en 2007, avec mon \u00e9pouse, nous avons d\u00e9cid\u00e9 de refaire la d\u00e9coration. Depuis, les pi\u00e8ces changent les unes apr\u00e8s les autres. C&#8217;est un vrai bonheur ! Cela a commenc\u00e9 par le salon : la pi\u00e8ce forme un &#8220;L&#8221; et elle communique avec la cuisine. Nous ne voulions pas tout changer. On a d&#8217;abord chang\u00e9 le canap\u00e9 mais plus rien ne suivait&#8230; C&#8217;est \u00e0 ce moment l\u00e0 o\u00f9 nous avons r\u00e9fl\u00e9chi notre agencement dans sa globalit\u00e9 pour ne pas commettre la m\u00eame erreur. Peinture, mobilier, d\u00e9coration, tout y est pass\u00e9.<br \/>\nLes buffets et les tables ont trouv\u00e9s naturellement leur place mais les luminaires et autres objets d\u00e9coratifs ont fait le tour de la pi\u00e8ce. Certains ont s\u00e9journ\u00e9 un moment \u00e0 un endroit avant de changer de pi\u00e8ce en d\u00e9finitif.<br \/>\nLe lampadaire de Pascal Mourge vendu chez Cinna conna\u00eet tous les recoins de la maison. Pour la peinture, j&#8217;ai choisi la marque Flamant pour son aspect velout\u00e9 et ses nuances. Je pense que la couleur participe fortement au rendu final d&#8217;une pi\u00e8ce. Une mauvaise teinte et cela change tout. Jusqu&#8217;\u00e0 pr\u00e9sent, nous sommes tr\u00e8s content\u00a0 de nos choix mais qu&#8217;est-ce que l&#8217;on passe comme temps \u00e0 se d\u00e9cider !<\/em><\/p>\n<p><a href=\"http:\/\/deco-design.fr-bb.com\/\">D\u00e9co-Design<\/a> : Comment t\u2019est venue la passion de la d\u00e9coration et du design ?<\/p>\n<p>Ludovic : <em>Je suis Directeur Artistique dans la publicit\u00e9 et je suis r\u00e9guli\u00e8rement amen\u00e9 \u00e0 m&#8217;int\u00e9resser \u00e0 tous ce qui touche \u00e0 l&#8217;art en g\u00e9n\u00e9ral. Le design en fait parti.<br \/>\nMon int\u00e9r\u00eat pour la d\u00e9coration m&#8217;est vraiment apparu lorsqu&#8217;il a fallu se d\u00e9cider sur le style de notre nouvel int\u00e9rieur. J&#8217;ai achet\u00e9 des tas de revus et je me suis abonn\u00e9 \u00e0 IDEAT.<br \/>\nJ&#8217;ai trouv\u00e9 dans les magazines une source d&#8217;inspirations sans limites ! La seule est franchement financi\u00e8re. Jusqu&#8217;o\u00f9 sommes-nous r\u00e9ellement pr\u00eat \u00e0 aller dans nos achats ?<br \/>\nIl n&#8217;y a pas que le design et la d\u00e9coration dans la vie&#8230; <\/em><\/p>\n<p><img data-recalc-dims=\"1\" decoding=\"async\" src=\"https:\/\/i0.wp.com\/joyana.fr\/wp-content\/uploads\/3604702104-54f451e197-b.jpg?resize=500%2C333&#038;ssl=1\" alt=\"Visite d\u2019une Maison de r\u00e9sidence d\u00e9cor\u00e9e avec go\u00fbt\" align=\"top\" border=\"0\" height=\"333\" hspace=\"8\" width=\"500\" \/><\/p>\n<p><img data-recalc-dims=\"1\" decoding=\"async\" src=\"https:\/\/i0.wp.com\/joyana.fr\/wp-content\/uploads\/3603904811-b9fa8709f5-b.jpg?resize=500%2C333&#038;ssl=1\" alt=\"Visite d\u2019une Maison de r\u00e9sidence d\u00e9cor\u00e9e avec go\u00fbt\" align=\"top\" border=\"0\" height=\"333\" hspace=\"8\" width=\"500\" \/><\/p>\n<p><img data-recalc-dims=\"1\" loading=\"lazy\" decoding=\"async\" src=\"https:\/\/i0.wp.com\/joyana.fr\/wp-content\/uploads\/3604700808-5ceb417217-b.jpg?resize=500%2C333&#038;ssl=1\" alt=\"Visite d\u2019une Maison de r\u00e9sidence d\u00e9cor\u00e9e avec go\u00fbt\" align=\"top\" border=\"0\" height=\"333\" hspace=\"8\" width=\"500\" \/><\/p>\n<p><a href=\"https:\/\/joyana.fr\/\">D\u00e9co-Design<\/a> : Quel fut ton premier achat design ?<\/p>\n<p>Ludovic : <em>Ma montre a \u00e9t\u00e9 le premier objet sign\u00e9 par un designer : <a href=\"https:\/\/joyana.fr\/tag\/starck\/\">Starck<\/a>. Quelle d\u00e9ception ! Sa tenue dans le temps est un \u00e9chec. Un comble pour une montre&#8230;<br \/>\nS\u00e9rieusement, je crois que la fameuse <a href=\"https:\/\/joyana.fr\/lampe-pipistrello-par-gae-aulenti\/\">lampe Pipistrello<\/a> de Gae Aulenti f\u00fbt mon premier achat design. Elle est magnifique et quelle pr\u00e9sence !<\/em><\/p>\n<p><a href=\"http:\/\/deco-design.fr-bb.com\/\">D\u00e9co-Design<\/a> : Le meuble ou l&#8217;accessoire que tu pr\u00e9f\u00e8res chez toi ?<\/p>\n<p>Ludovic : <em>Je suis tr\u00e8s fier d&#8217;avoir dessin\u00e9 les tables et les buffets de ma salle\/salon. J&#8217;ai suivi avec attention leurs fabrications et ils prennent une place importante dans le style de notre int\u00e9rieur.<br \/>\nSinon, la chaise \u00e0 bascule RAR de Eames a ma pr\u00e9f\u00e9rence. On y est tr\u00e8s bien assis, surtout pour donner le biberon ou calmer b\u00e9b\u00e9 (avis aux futurs parents). Les enfants ont grandi et on se chamaille maintenant pour \u00eatre assis dessus. Il nous en faudrait quatre pour \u00eatre tranquille&#8230;<\/em><\/p>\n<p><img data-recalc-dims=\"1\" loading=\"lazy\" decoding=\"async\" src=\"https:\/\/i0.wp.com\/joyana.fr\/wp-content\/uploads\/3603893557-62c182923b-b.jpg?resize=500%2C333&#038;ssl=1\" alt=\"Visite d\u2019une Maison de r\u00e9sidence d\u00e9cor\u00e9e avec go\u00fbt\" align=\"top\" border=\"0\" height=\"333\" hspace=\"8\" width=\"500\" \/><\/p>\n<p>Ci-dessus un lampadaire Tripod pour Habitat qui accompagne le RAR de Eames.<\/p>\n<p><img data-recalc-dims=\"1\" loading=\"lazy\" decoding=\"async\" src=\"https:\/\/i0.wp.com\/joyana.fr\/wp-content\/uploads\/3603914059-d4e0efee64-b.jpg?resize=500%2C333&#038;ssl=1\" alt=\"Visite d\u2019une Maison de r\u00e9sidence d\u00e9cor\u00e9e avec go\u00fbt\" align=\"top\" border=\"0\" height=\"333\" hspace=\"8\" width=\"500\" \/><\/p>\n<p><img data-recalc-dims=\"1\" loading=\"lazy\" decoding=\"async\" src=\"https:\/\/i0.wp.com\/joyana.fr\/wp-content\/uploads\/3603889457-57b0e29744-b.jpg?resize=500%2C333&#038;ssl=1\" alt=\"Visite d\u2019une Maison de r\u00e9sidence d\u00e9cor\u00e9e avec go\u00fbt\" align=\"top\" border=\"0\" height=\"333\" hspace=\"8\" width=\"500\" \/><\/p>\n<p><a href=\"https:\/\/joyana.fr\/\">D\u00e9co-Design<\/a> : Tes projets pour le futur de cette maison, ou des futurs achats de meubles ?<\/p>\n<p>Ludovic : Le rez-de-chauss\u00e9e \u00e9tant bient\u00f4t termin\u00e9, nous allons continu\u00e9 \u00e0 l&#8217;\u00e9tage. Cela commencera par le salle de bain qui n&#8217;a jamais \u00e9t\u00e9 vraiment fini&#8230; Les chambres suivront.<br \/>\nConcernant les futurs achats design, ils se feront en fonction de nos coup de c\u0153ur et par rapport \u00e0 l&#8217;agencement des pi\u00e8ces. Je n&#8217;ach\u00e8te pas un nom mais un objet design et d\u00e9coratif avant tout.<br \/>\nSi le bas vous a plu, je vous invite \u00e0 suivre mon topic sur le <a href=\"http:\/\/deco-design.fr-bb.com\/nos-interieurs-f15\/home-interior-by-chguss-t5624.htm\">Forum D\u00e9co-Design<\/a> pour la suite&#8230;<\/p>\n<p><img data-recalc-dims=\"1\" loading=\"lazy\" decoding=\"async\" src=\"https:\/\/i0.wp.com\/joyana.fr\/wp-content\/uploads\/3057719395-d313769a43-b.jpg?resize=500%2C333&#038;ssl=1\" alt=\"Visite d\u2019une Maison de r\u00e9sidence d\u00e9cor\u00e9e avec go\u00fbt\" align=\"top\" border=\"0\" height=\"333\" hspace=\"8\" width=\"500\" \/><\/p>\n<p>Nous remercions encore Ludovic et sa femme S\u00e9verine pour la <strong>visite<\/strong> !!!<\/p>\n<p>&#8212;&#8212;&#8212;&#8212;&#8212;-<\/p>\n<p><a href=\"jo_yana@hotmail.com\">Jo Yana<\/a><\/p>\n","protected":false},"excerpt":{"rendered":"<p>Aujourd&#8217;hui nous visitons une superbe maison de r\u00e9sidence d\u00e9cor\u00e9e par Ludovic -directeur artistique- et  [&hellip;]<\/p>\n","protected":false},"author":3,"featured_media":124300,"comment_status":"open","ping_status":"open","sticky":false,"template":"","format":"standard","meta":{"_coblocks_attr":"","_coblocks_dimensions":"","_coblocks_responsive_height":"","_coblocks_accordion_ie_support":"","_uag_custom_page_level_css":"","advgb_blocks_editor_width":"","advgb_blocks_columns_visual_guide":"","_genesis_hide_title":false,"_genesis_hide_breadcrumbs":false,"_genesis_hide_singular_image":false,"_genesis_hide_footer_widgets":false,"_genesis_custom_body_class":"","_genesis_custom_post_class":"","_genesis_layout":"","_themeisle_gutenberg_block_has_review":false,"_jetpack_newsletter_access":"","_jetpack_dont_email_post_to_subs":false,"_jetpack_newsletter_tier_id":0,"_jetpack_memberships_contains_paywalled_content":false,"_jetpack_memberships_contains_paid_content":false,"footnotes":""},"categories":[905,921,923],"tags":[955],"class_list":{"0":"post-102589","1":"post","2":"type-post","3":"status-publish","4":"format-standard","5":"has-post-thumbnail","7":"category-deco-design","8":"category-lieux-design","9":"category-visites","10":"tag-forum-deco-design","11":"entry"},"featured_image_urls":{"full":["https:\/\/i0.wp.com\/joyana.fr\/wp-content\/uploads\/2016\/08\/joyana-logo-black-360x180.png?fit=360%2C180&ssl=1",360,180,false],"thumbnail":["https:\/\/i0.wp.com\/joyana.fr\/wp-content\/uploads\/2016\/08\/joyana-logo-black-360x180.png?resize=150%2C150&ssl=1",150,150,true],"medium":["https:\/\/i0.wp.com\/joyana.fr\/wp-content\/uploads\/2016\/08\/joyana-logo-black-360x180.png?fit=360%2C180&ssl=1",360,180,true],"medium_large":["https:\/\/i0.wp.com\/joyana.fr\/wp-content\/uploads\/2016\/08\/joyana-logo-black-360x180.png?fit=360%2C180&ssl=1",360,180,true],"large":["https:\/\/i0.wp.com\/joyana.fr\/wp-content\/uploads\/2016\/08\/joyana-logo-black-360x180.png?fit=360%2C180&ssl=1",360,180,true],"1536x1536":["https:\/\/i0.wp.com\/joyana.fr\/wp-content\/uploads\/2016\/08\/joyana-logo-black-360x180.png?fit=360%2C180&ssl=1",360,180,true],"2048x2048":["https:\/\/i0.wp.com\/joyana.fr\/wp-content\/uploads\/2016\/08\/joyana-logo-black-360x180.png?fit=360%2C180&ssl=1",360,180,true],"featured-thumb":["https:\/\/i0.wp.com\/joyana.fr\/wp-content\/uploads\/2016\/08\/joyana-logo-black-360x180.png?resize=360%2C180&ssl=1",360,180,true],"ab-block-post-grid-landscape":["https:\/\/i0.wp.com\/joyana.fr\/wp-content\/uploads\/2016\/08\/joyana-logo-black-360x180.png?resize=360%2C180&ssl=1",360,180,true],"ab-block-post-grid-square":["https:\/\/i0.wp.com\/joyana.fr\/wp-content\/uploads\/2016\/08\/joyana-logo-black-360x180.png?resize=360%2C180&ssl=1",360,180,true],"author-pro-image":["https:\/\/i0.wp.com\/joyana.fr\/wp-content\/uploads\/2016\/08\/joyana-logo-black-360x180.png?resize=360%2C180&ssl=1",360,180,true],"slider":["https:\/\/i0.wp.com\/joyana.fr\/wp-content\/uploads\/2016\/08\/joyana-logo-black-360x180.png?resize=360%2C180&ssl=1",360,180,true],"woocommerce_thumbnail":["https:\/\/i0.wp.com\/joyana.fr\/wp-content\/uploads\/2016\/08\/joyana-logo-black-360x180.png?resize=300%2C180&ssl=1",300,180,true],"woocommerce_single":["https:\/\/i0.wp.com\/joyana.fr\/wp-content\/uploads\/2016\/08\/joyana-logo-black-360x180.png?fit=360%2C180&ssl=1",360,180,true],"woocommerce_gallery_thumbnail":["https:\/\/i0.wp.com\/joyana.fr\/wp-content\/uploads\/2016\/08\/joyana-logo-black-360x180.png?resize=180%2C180&ssl=1",180,180,true],"sow-carousel-default":["https:\/\/i0.wp.com\/joyana.fr\/wp-content\/uploads\/2016\/08\/joyana-logo-black-360x180.png?resize=272%2C180&ssl=1",272,180,true]},"post_excerpt_stackable":"<p>Aujourd&#8217;hui nous visitons une superbe maison de r\u00e9sidence d\u00e9cor\u00e9e par Ludovic -directeur artis&hellip;<\/p>\n","category_list":"<a href=\"https:\/\/joyana.fr\/ja\/category\/deco-design\/\" rel=\"category tag\">DECO-DESIGN<\/a>, <a href=\"https:\/\/joyana.fr\/ja\/category\/deco-design\/architecture-deco-design\/lieux-design\/\" rel=\"category tag\">Lieux<\/a>, <a href=\"https:\/\/joyana.fr\/ja\/category\/deco-design\/architecture-deco-design\/lieux-design\/visites\/\" rel=\"category tag\">Visites<\/a>","author_info":{"display_name":"Jo Yana","author_link":"https:\/\/joyana.fr\/ja\/author\/joyana\/"},"comments_num":"17 comments","featured_image_urls_v2":{"full":["https:\/\/i0.wp.com\/joyana.fr\/wp-content\/uploads\/2016\/08\/joyana-logo-black-360x180.png?fit=360%2C180&ssl=1",360,180,false],"thumbnail":["https:\/\/i0.wp.com\/joyana.fr\/wp-content\/uploads\/2016\/08\/joyana-logo-black-360x180.png?resize=150%2C150&ssl=1",150,150,true],"medium":["https:\/\/i0.wp.com\/joyana.fr\/wp-content\/uploads\/2016\/08\/joyana-logo-black-360x180.png?fit=360%2C180&ssl=1",360,180,true],"medium_large":["https:\/\/i0.wp.com\/joyana.fr\/wp-content\/uploads\/2016\/08\/joyana-logo-black-360x180.png?fit=360%2C180&ssl=1",360,180,true],"large":["https:\/\/i0.wp.com\/joyana.fr\/wp-content\/uploads\/2016\/08\/joyana-logo-black-360x180.png?fit=360%2C180&ssl=1",360,180,true],"1536x1536":["https:\/\/i0.wp.com\/joyana.fr\/wp-content\/uploads\/2016\/08\/joyana-logo-black-360x180.png?fit=360%2C180&ssl=1",360,180,true],"2048x2048":["https:\/\/i0.wp.com\/joyana.fr\/wp-content\/uploads\/2016\/08\/joyana-logo-black-360x180.png?fit=360%2C180&ssl=1",360,180,true],"featured-thumb":["https:\/\/i0.wp.com\/joyana.fr\/wp-content\/uploads\/2016\/08\/joyana-logo-black-360x180.png?resize=360%2C180&ssl=1",360,180,true],"ab-block-post-grid-landscape":["https:\/\/i0.wp.com\/joyana.fr\/wp-content\/uploads\/2016\/08\/joyana-logo-black-360x180.png?resize=360%2C180&ssl=1",360,180,true],"ab-block-post-grid-square":["https:\/\/i0.wp.com\/joyana.fr\/wp-content\/uploads\/2016\/08\/joyana-logo-black-360x180.png?resize=360%2C180&ssl=1",360,180,true],"author-pro-image":["https:\/\/i0.wp.com\/joyana.fr\/wp-content\/uploads\/2016\/08\/joyana-logo-black-360x180.png?resize=360%2C180&ssl=1",360,180,true],"slider":["https:\/\/i0.wp.com\/joyana.fr\/wp-content\/uploads\/2016\/08\/joyana-logo-black-360x180.png?resize=360%2C180&ssl=1",360,180,true],"woocommerce_thumbnail":["https:\/\/i0.wp.com\/joyana.fr\/wp-content\/uploads\/2016\/08\/joyana-logo-black-360x180.png?resize=300%2C180&ssl=1",300,180,true],"woocommerce_single":["https:\/\/i0.wp.com\/joyana.fr\/wp-content\/uploads\/2016\/08\/joyana-logo-black-360x180.png?fit=360%2C180&ssl=1",360,180,true],"woocommerce_gallery_thumbnail":["https:\/\/i0.wp.com\/joyana.fr\/wp-content\/uploads\/2016\/08\/joyana-logo-black-360x180.png?resize=180%2C180&ssl=1",180,180,true],"sow-carousel-default":["https:\/\/i0.wp.com\/joyana.fr\/wp-content\/uploads\/2016\/08\/joyana-logo-black-360x180.png?resize=272%2C180&ssl=1",272,180,true]},"post_excerpt_stackable_v2":"<p>Aujourd&#8217;hui nous visitons une superbe maison de r\u00e9sidence d\u00e9cor\u00e9e par Ludovic -directeur artis&hellip;<\/p>\n","category_list_v2":"<a href=\"https:\/\/joyana.fr\/ja\/category\/deco-design\/\" rel=\"category tag\">DECO-DESIGN<\/a>, <a href=\"https:\/\/joyana.fr\/ja\/category\/deco-design\/architecture-deco-design\/lieux-design\/\" rel=\"category tag\">Lieux<\/a>, <a href=\"https:\/\/joyana.fr\/ja\/category\/deco-design\/architecture-deco-design\/lieux-design\/visites\/\" rel=\"category tag\">Visites<\/a>","author_info_v2":{"name":"Jo Yana","url":"https:\/\/joyana.fr\/ja\/author\/joyana\/"},"comments_num_v2":"17 comments","yoast_head":"<!-- This site is optimized with the Yoast SEO plugin v26.8 - https:\/\/yoast.com\/product\/yoast-seo-wordpress\/ -->\n<title>Visite d&#039;une Maison de r\u00e9sidence d\u00e9cor\u00e9e avec go\u00fbt - JO YANA<\/title>\n<meta name=\"robots\" content=\"index, follow, max-snippet:-1, max-image-preview:large, max-video-preview:-1\" \/>\n<link rel=\"canonical\" href=\"https:\/\/www.joyana.fr\/en\/visite-dune-maison-de-residence-decoree-avec-gout\/102589\/\" \/>\n<meta property=\"og:locale\" content=\"ja_JP\" \/>\n<meta property=\"og:locale:alternate\" content=\"fr_FR\" \/>\n<meta property=\"og:locale:alternate\" content=\"en_US\" \/>\n<meta property=\"og:type\" content=\"article\" \/>\n<meta property=\"og:title\" content=\"Visite d&#039;une Maison de r\u00e9sidence d\u00e9cor\u00e9e avec go\u00fbt - JO YANA\" \/>\n<meta property=\"og:description\" content=\"Aujourd&#8217;hui nous visitons une superbe maison de r\u00e9sidence d\u00e9cor\u00e9e par Ludovic -directeur artistique- et [&hellip;]\" \/>\n<meta property=\"og:url\" content=\"https:\/\/joyana.fr\/ja\/visite-dune-maison-de-residence-decoree-avec-gout\/102589\/\" \/>\n<meta property=\"og:site_name\" content=\"JO YANA\" \/>\n<meta property=\"article:published_time\" content=\"2009-06-08T05:17:14+00:00\" \/>\n<meta property=\"og:image\" content=\"https:\/\/www.joyana.fr\/wp-content\/uploads\/2016\/08\/joyana-logo-black-360x180.png\" \/>\n\t<meta property=\"og:image:width\" content=\"360\" \/>\n\t<meta property=\"og:image:height\" content=\"180\" \/>\n\t<meta property=\"og:image:type\" content=\"image\/png\" \/>\n<meta name=\"author\" content=\"Jo Yana\" \/>\n<meta name=\"twitter:card\" content=\"summary_large_image\" \/>\n<meta name=\"twitter:creator\" content=\"@Jo_Yana\" \/>\n<meta name=\"twitter:site\" content=\"@Jo_Yana\" \/>\n<meta name=\"twitter:label1\" content=\"\u57f7\u7b46\u8005\" \/>\n\t<meta name=\"twitter:data1\" content=\"Jo Yana\" \/>\n\t<meta name=\"twitter:label2\" content=\"\u63a8\u5b9a\u8aad\u307f\u53d6\u308a\u6642\u9593\" \/>\n\t<meta name=\"twitter:data2\" content=\"4\u5206\" \/>\n<script type=\"application\/ld+json\" class=\"yoast-schema-graph\">{\"@context\":\"https:\/\/schema.org\",\"@graph\":[{\"@type\":\"Article\",\"@id\":\"https:\/\/www.joyana.fr\/en\/visite-dune-maison-de-residence-decoree-avec-gout\/102589\/#article\",\"isPartOf\":{\"@id\":\"https:\/\/www.joyana.fr\/en\/visite-dune-maison-de-residence-decoree-avec-gout\/102589\/\"},\"author\":{\"name\":\"Jo Yana\",\"@id\":\"https:\/\/www.joyana.fr\/ja\/#\/schema\/person\/cf2a1ad12a27c12c21801075bf37407c\"},\"headline\":\"Visite d&#039;une Maison de r\u00e9sidence d\u00e9cor\u00e9e avec go\u00fbt\",\"datePublished\":\"2009-06-08T05:17:14+00:00\",\"mainEntityOfPage\":{\"@id\":\"https:\/\/www.joyana.fr\/en\/visite-dune-maison-de-residence-decoree-avec-gout\/102589\/\"},\"wordCount\":745,\"commentCount\":17,\"publisher\":{\"@id\":\"https:\/\/www.joyana.fr\/ja\/#\/schema\/person\/cf2a1ad12a27c12c21801075bf37407c\"},\"image\":{\"@id\":\"https:\/\/www.joyana.fr\/en\/visite-dune-maison-de-residence-decoree-avec-gout\/102589\/#primaryimage\"},\"thumbnailUrl\":\"https:\/\/i0.wp.com\/joyana.fr\/wp-content\/uploads\/2016\/08\/joyana-logo-black-360x180.png?fit=360%2C180&ssl=1\",\"keywords\":[\"Forum D\u00e9co-Design\"],\"articleSection\":[\"DECO-DESIGN\",\"Lieux\",\"Visites\"],\"inLanguage\":\"ja\",\"potentialAction\":[{\"@type\":\"CommentAction\",\"name\":\"Comment\",\"target\":[\"https:\/\/www.joyana.fr\/en\/visite-dune-maison-de-residence-decoree-avec-gout\/102589\/#respond\"]}]},{\"@type\":\"WebPage\",\"@id\":\"https:\/\/www.joyana.fr\/en\/visite-dune-maison-de-residence-decoree-avec-gout\/102589\/\",\"url\":\"https:\/\/www.joyana.fr\/en\/visite-dune-maison-de-residence-decoree-avec-gout\/102589\/\",\"name\":\"Visite d&#039;une Maison de r\u00e9sidence d\u00e9cor\u00e9e avec go\u00fbt - JO YANA\",\"isPartOf\":{\"@id\":\"https:\/\/www.joyana.fr\/ja\/#website\"},\"primaryImageOfPage\":{\"@id\":\"https:\/\/www.joyana.fr\/en\/visite-dune-maison-de-residence-decoree-avec-gout\/102589\/#primaryimage\"},\"image\":{\"@id\":\"https:\/\/www.joyana.fr\/en\/visite-dune-maison-de-residence-decoree-avec-gout\/102589\/#primaryimage\"},\"thumbnailUrl\":\"https:\/\/i0.wp.com\/joyana.fr\/wp-content\/uploads\/2016\/08\/joyana-logo-black-360x180.png?fit=360%2C180&ssl=1\",\"datePublished\":\"2009-06-08T05:17:14+00:00\",\"breadcrumb\":{\"@id\":\"https:\/\/www.joyana.fr\/en\/visite-dune-maison-de-residence-decoree-avec-gout\/102589\/#breadcrumb\"},\"inLanguage\":\"ja\",\"potentialAction\":[{\"@type\":\"ReadAction\",\"target\":[\"https:\/\/www.joyana.fr\/en\/visite-dune-maison-de-residence-decoree-avec-gout\/102589\/\"]}]},{\"@type\":\"ImageObject\",\"inLanguage\":\"ja\",\"@id\":\"https:\/\/www.joyana.fr\/en\/visite-dune-maison-de-residence-decoree-avec-gout\/102589\/#primaryimage\",\"url\":\"https:\/\/i0.wp.com\/joyana.fr\/wp-content\/uploads\/2016\/08\/joyana-logo-black-360x180.png?fit=360%2C180&ssl=1\",\"contentUrl\":\"https:\/\/i0.wp.com\/joyana.fr\/wp-content\/uploads\/2016\/08\/joyana-logo-black-360x180.png?fit=360%2C180&ssl=1\",\"width\":360,\"height\":180,\"caption\":\"logo joyana.fr\"},{\"@type\":\"BreadcrumbList\",\"@id\":\"https:\/\/www.joyana.fr\/en\/visite-dune-maison-de-residence-decoree-avec-gout\/102589\/#breadcrumb\",\"itemListElement\":[{\"@type\":\"ListItem\",\"position\":1,\"name\":\"Accueil\",\"item\":\"https:\/\/www.joyana.fr\/ja\/\"},{\"@type\":\"ListItem\",\"position\":2,\"name\":\"Visite d&#039;une Maison de r\u00e9sidence d\u00e9cor\u00e9e avec go\u00fbt\"}]},{\"@type\":\"WebSite\",\"@id\":\"https:\/\/www.joyana.fr\/ja\/#website\",\"url\":\"https:\/\/www.joyana.fr\/ja\/\",\"name\":\"JO YANA\",\"description\":\"Blog Mode Homme, Lifestyle, D\u00e9co-Design\",\"publisher\":{\"@id\":\"https:\/\/www.joyana.fr\/ja\/#\/schema\/person\/cf2a1ad12a27c12c21801075bf37407c\"},\"potentialAction\":[{\"@type\":\"SearchAction\",\"target\":{\"@type\":\"EntryPoint\",\"urlTemplate\":\"https:\/\/www.joyana.fr\/ja\/?s={search_term_string}\"},\"query-input\":{\"@type\":\"PropertyValueSpecification\",\"valueRequired\":true,\"valueName\":\"search_term_string\"}}],\"inLanguage\":\"ja\"},{\"@type\":[\"Person\",\"Organization\"],\"@id\":\"https:\/\/www.joyana.fr\/ja\/#\/schema\/person\/cf2a1ad12a27c12c21801075bf37407c\",\"name\":\"Jo Yana\",\"image\":{\"@type\":\"ImageObject\",\"inLanguage\":\"ja\",\"@id\":\"https:\/\/www.joyana.fr\/ja\/#\/schema\/person\/image\/\",\"url\":\"https:\/\/i0.wp.com\/joyana.fr\/wp-content\/uploads\/2016\/08\/cropped-joyana-logo-black-360x180.png?fit=343%2C164&ssl=1\",\"contentUrl\":\"https:\/\/i0.wp.com\/joyana.fr\/wp-content\/uploads\/2016\/08\/cropped-joyana-logo-black-360x180.png?fit=343%2C164&ssl=1\",\"width\":343,\"height\":164,\"caption\":\"Jo Yana\"},\"logo\":{\"@id\":\"https:\/\/www.joyana.fr\/ja\/#\/schema\/person\/image\/\"},\"description\":\"Jo Yana est le cr\u00e9ateur et r\u00e9dacteur en chef des sites DECO-DESIGN. Passionn\u00e9 de Design, Mode, Photo, Luxe, Lifestyle, Musique, mais avant tout Blogueur ! Le plaisir de partager l'anime et a comme devise \\\"POUR L'AMOUR DU BEAU\\\". Retrouvez le aussi sur son blog personnel - https:\/\/joyana.fr...\",\"sameAs\":[\"https:\/\/joyana.fr\/\"],\"url\":\"https:\/\/joyana.fr\/ja\/author\/joyana\/\"}]}<\/script>\n<!-- \/ Yoast SEO plugin. -->","yoast_head_json":{"title":"Visite d&#039;une Maison de r\u00e9sidence d\u00e9cor\u00e9e avec go\u00fbt - JO YANA","robots":{"index":"index","follow":"follow","max-snippet":"max-snippet:-1","max-image-preview":"max-image-preview:large","max-video-preview":"max-video-preview:-1"},"canonical":"https:\/\/www.joyana.fr\/en\/visite-dune-maison-de-residence-decoree-avec-gout\/102589\/","og_locale":"ja_JP","og_type":"article","og_title":"Visite d&#039;une Maison de r\u00e9sidence d\u00e9cor\u00e9e avec go\u00fbt - JO YANA","og_description":"Aujourd&#8217;hui nous visitons une superbe maison de r\u00e9sidence d\u00e9cor\u00e9e par Ludovic -directeur artistique- et [&hellip;]","og_url":"https:\/\/joyana.fr\/ja\/visite-dune-maison-de-residence-decoree-avec-gout\/102589\/","og_site_name":"JO YANA","article_published_time":"2009-06-08T05:17:14+00:00","og_image":[{"width":360,"height":180,"url":"https:\/\/www.joyana.fr\/wp-content\/uploads\/2016\/08\/joyana-logo-black-360x180.png","type":"image\/png"}],"author":"Jo Yana","twitter_card":"summary_large_image","twitter_creator":"@Jo_Yana","twitter_site":"@Jo_Yana","twitter_misc":{"\u57f7\u7b46\u8005":"Jo Yana","\u63a8\u5b9a\u8aad\u307f\u53d6\u308a\u6642\u9593":"4\u5206"},"schema":{"@context":"https:\/\/schema.org","@graph":[{"@type":"Article","@id":"https:\/\/www.joyana.fr\/en\/visite-dune-maison-de-residence-decoree-avec-gout\/102589\/#article","isPartOf":{"@id":"https:\/\/www.joyana.fr\/en\/visite-dune-maison-de-residence-decoree-avec-gout\/102589\/"},"author":{"name":"Jo Yana","@id":"https:\/\/www.joyana.fr\/ja\/#\/schema\/person\/cf2a1ad12a27c12c21801075bf37407c"},"headline":"Visite d&#039;une Maison de r\u00e9sidence d\u00e9cor\u00e9e avec go\u00fbt","datePublished":"2009-06-08T05:17:14+00:00","mainEntityOfPage":{"@id":"https:\/\/www.joyana.fr\/en\/visite-dune-maison-de-residence-decoree-avec-gout\/102589\/"},"wordCount":745,"commentCount":17,"publisher":{"@id":"https:\/\/www.joyana.fr\/ja\/#\/schema\/person\/cf2a1ad12a27c12c21801075bf37407c"},"image":{"@id":"https:\/\/www.joyana.fr\/en\/visite-dune-maison-de-residence-decoree-avec-gout\/102589\/#primaryimage"},"thumbnailUrl":"https:\/\/i0.wp.com\/joyana.fr\/wp-content\/uploads\/2016\/08\/joyana-logo-black-360x180.png?fit=360%2C180&ssl=1","keywords":["Forum D\u00e9co-Design"],"articleSection":["DECO-DESIGN","Lieux","Visites"],"inLanguage":"ja","potentialAction":[{"@type":"CommentAction","name":"Comment","target":["https:\/\/www.joyana.fr\/en\/visite-dune-maison-de-residence-decoree-avec-gout\/102589\/#respond"]}]},{"@type":"WebPage","@id":"https:\/\/www.joyana.fr\/en\/visite-dune-maison-de-residence-decoree-avec-gout\/102589\/","url":"https:\/\/www.joyana.fr\/en\/visite-dune-maison-de-residence-decoree-avec-gout\/102589\/","name":"Visite d&#039;une Maison de r\u00e9sidence d\u00e9cor\u00e9e avec go\u00fbt - JO YANA","isPartOf":{"@id":"https:\/\/www.joyana.fr\/ja\/#website"},"primaryImageOfPage":{"@id":"https:\/\/www.joyana.fr\/en\/visite-dune-maison-de-residence-decoree-avec-gout\/102589\/#primaryimage"},"image":{"@id":"https:\/\/www.joyana.fr\/en\/visite-dune-maison-de-residence-decoree-avec-gout\/102589\/#primaryimage"},"thumbnailUrl":"https:\/\/i0.wp.com\/joyana.fr\/wp-content\/uploads\/2016\/08\/joyana-logo-black-360x180.png?fit=360%2C180&ssl=1","datePublished":"2009-06-08T05:17:14+00:00","breadcrumb":{"@id":"https:\/\/www.joyana.fr\/en\/visite-dune-maison-de-residence-decoree-avec-gout\/102589\/#breadcrumb"},"inLanguage":"ja","potentialAction":[{"@type":"ReadAction","target":["https:\/\/www.joyana.fr\/en\/visite-dune-maison-de-residence-decoree-avec-gout\/102589\/"]}]},{"@type":"ImageObject","inLanguage":"ja","@id":"https:\/\/www.joyana.fr\/en\/visite-dune-maison-de-residence-decoree-avec-gout\/102589\/#primaryimage","url":"https:\/\/i0.wp.com\/joyana.fr\/wp-content\/uploads\/2016\/08\/joyana-logo-black-360x180.png?fit=360%2C180&ssl=1","contentUrl":"https:\/\/i0.wp.com\/joyana.fr\/wp-content\/uploads\/2016\/08\/joyana-logo-black-360x180.png?fit=360%2C180&ssl=1","width":360,"height":180,"caption":"logo joyana.fr"},{"@type":"BreadcrumbList","@id":"https:\/\/www.joyana.fr\/en\/visite-dune-maison-de-residence-decoree-avec-gout\/102589\/#breadcrumb","itemListElement":[{"@type":"ListItem","position":1,"name":"Accueil","item":"https:\/\/www.joyana.fr\/ja\/"},{"@type":"ListItem","position":2,"name":"Visite d&#039;une Maison de r\u00e9sidence d\u00e9cor\u00e9e avec go\u00fbt"}]},{"@type":"WebSite","@id":"https:\/\/www.joyana.fr\/ja\/#website","url":"https:\/\/www.joyana.fr\/ja\/","name":"JO YANA","description":"Blog Mode Homme, Lifestyle, D\u00e9co-Design","publisher":{"@id":"https:\/\/www.joyana.fr\/ja\/#\/schema\/person\/cf2a1ad12a27c12c21801075bf37407c"},"potentialAction":[{"@type":"SearchAction","target":{"@type":"EntryPoint","urlTemplate":"https:\/\/www.joyana.fr\/ja\/?s={search_term_string}"},"query-input":{"@type":"PropertyValueSpecification","valueRequired":true,"valueName":"search_term_string"}}],"inLanguage":"ja"},{"@type":["Person","Organization"],"@id":"https:\/\/www.joyana.fr\/ja\/#\/schema\/person\/cf2a1ad12a27c12c21801075bf37407c","name":"Jo Yana","image":{"@type":"ImageObject","inLanguage":"ja","@id":"https:\/\/www.joyana.fr\/ja\/#\/schema\/person\/image\/","url":"https:\/\/i0.wp.com\/joyana.fr\/wp-content\/uploads\/2016\/08\/cropped-joyana-logo-black-360x180.png?fit=343%2C164&ssl=1","contentUrl":"https:\/\/i0.wp.com\/joyana.fr\/wp-content\/uploads\/2016\/08\/cropped-joyana-logo-black-360x180.png?fit=343%2C164&ssl=1","width":343,"height":164,"caption":"Jo Yana"},"logo":{"@id":"https:\/\/www.joyana.fr\/ja\/#\/schema\/person\/image\/"},"description":"Jo Yana est le cr\u00e9ateur et r\u00e9dacteur en chef des sites DECO-DESIGN. Passionn\u00e9 de Design, Mode, Photo, Luxe, Lifestyle, Musique, mais avant tout Blogueur ! Le plaisir de partager l'anime et a comme devise \"POUR L'AMOUR DU BEAU\". Retrouvez le aussi sur son blog personnel - https:\/\/joyana.fr...","sameAs":["https:\/\/joyana.fr\/"],"url":"https:\/\/joyana.fr\/ja\/author\/joyana\/"}]}},"author_meta":{"display_name":"Jo Yana","author_link":"https:\/\/joyana.fr\/ja\/author\/joyana\/"},"featured_img":"https:\/\/i0.wp.com\/joyana.fr\/wp-content\/uploads\/2016\/08\/joyana-logo-black-360x180.png?fit=360%2C180&ssl=1","featured_image_src":"https:\/\/i0.wp.com\/joyana.fr\/wp-content\/uploads\/2016\/08\/joyana-logo-black-360x180.png?resize=360%2C180&ssl=1","featured_image_src_square":"https:\/\/i0.wp.com\/joyana.fr\/wp-content\/uploads\/2016\/08\/joyana-logo-black-360x180.png?resize=360%2C180&ssl=1","jetpack_featured_media_url":"https:\/\/i0.wp.com\/joyana.fr\/wp-content\/uploads\/2016\/08\/joyana-logo-black-360x180.png?fit=360%2C180&ssl=1","uagb_featured_image_src":{"full":["https:\/\/i0.wp.com\/joyana.fr\/wp-content\/uploads\/2016\/08\/joyana-logo-black-360x180.png?fit=360%2C180&ssl=1",360,180,false],"thumbnail":["https:\/\/i0.wp.com\/joyana.fr\/wp-content\/uploads\/2016\/08\/joyana-logo-black-360x180.png?resize=150%2C150&ssl=1",150,150,true],"medium":["https:\/\/i0.wp.com\/joyana.fr\/wp-content\/uploads\/2016\/08\/joyana-logo-black-360x180.png?fit=360%2C180&ssl=1",360,180,true],"medium_large":["https:\/\/i0.wp.com\/joyana.fr\/wp-content\/uploads\/2016\/08\/joyana-logo-black-360x180.png?fit=360%2C180&ssl=1",360,180,true],"large":["https:\/\/i0.wp.com\/joyana.fr\/wp-content\/uploads\/2016\/08\/joyana-logo-black-360x180.png?fit=360%2C180&ssl=1",360,180,true],"1536x1536":["https:\/\/i0.wp.com\/joyana.fr\/wp-content\/uploads\/2016\/08\/joyana-logo-black-360x180.png?fit=360%2C180&ssl=1",360,180,true],"2048x2048":["https:\/\/i0.wp.com\/joyana.fr\/wp-content\/uploads\/2016\/08\/joyana-logo-black-360x180.png?fit=360%2C180&ssl=1",360,180,true],"featured-thumb":["https:\/\/i0.wp.com\/joyana.fr\/wp-content\/uploads\/2016\/08\/joyana-logo-black-360x180.png?resize=360%2C180&ssl=1",360,180,true],"ab-block-post-grid-landscape":["https:\/\/i0.wp.com\/joyana.fr\/wp-content\/uploads\/2016\/08\/joyana-logo-black-360x180.png?resize=360%2C180&ssl=1",360,180,true],"ab-block-post-grid-square":["https:\/\/i0.wp.com\/joyana.fr\/wp-content\/uploads\/2016\/08\/joyana-logo-black-360x180.png?resize=360%2C180&ssl=1",360,180,true],"author-pro-image":["https:\/\/i0.wp.com\/joyana.fr\/wp-content\/uploads\/2016\/08\/joyana-logo-black-360x180.png?resize=360%2C180&ssl=1",360,180,true],"slider":["https:\/\/i0.wp.com\/joyana.fr\/wp-content\/uploads\/2016\/08\/joyana-logo-black-360x180.png?resize=360%2C180&ssl=1",360,180,true],"woocommerce_thumbnail":["https:\/\/i0.wp.com\/joyana.fr\/wp-content\/uploads\/2016\/08\/joyana-logo-black-360x180.png?resize=300%2C180&ssl=1",300,180,true],"woocommerce_single":["https:\/\/i0.wp.com\/joyana.fr\/wp-content\/uploads\/2016\/08\/joyana-logo-black-360x180.png?fit=360%2C180&ssl=1",360,180,true],"woocommerce_gallery_thumbnail":["https:\/\/i0.wp.com\/joyana.fr\/wp-content\/uploads\/2016\/08\/joyana-logo-black-360x180.png?resize=180%2C180&ssl=1",180,180,true],"sow-carousel-default":["https:\/\/i0.wp.com\/joyana.fr\/wp-content\/uploads\/2016\/08\/joyana-logo-black-360x180.png?resize=272%2C180&ssl=1",272,180,true]},"uagb_author_info":{"display_name":"Jo Yana","author_link":"https:\/\/joyana.fr\/ja\/author\/joyana\/"},"uagb_comment_info":17,"uagb_excerpt":"Aujourd&#8217;hui nous visitons une superbe maison de r&hellip;","coauthors":[],"tax_additional":{"categories":{"linked":["<a href=\"https:\/\/joyana.fr\/ja\/category\/deco-design\/\" class=\"advgb-post-tax-term\">DECO-DESIGN<\/a>","<a href=\"https:\/\/joyana.fr\/ja\/category\/deco-design\/architecture-deco-design\/lieux-design\/\" class=\"advgb-post-tax-term\">Lieux<\/a>","<a href=\"https:\/\/joyana.fr\/ja\/category\/deco-design\/architecture-deco-design\/lieux-design\/visites\/\" class=\"advgb-post-tax-term\">Visites<\/a>"],"unlinked":["<span class=\"advgb-post-tax-term\">DECO-DESIGN<\/span>","<span class=\"advgb-post-tax-term\">Lieux<\/span>","<span class=\"advgb-post-tax-term\">Visites<\/span>"]},"tags":{"linked":["<a href=\"https:\/\/joyana.fr\/ja\/category\/deco-design\/architecture-deco-design\/lieux-design\/visites\/\" class=\"advgb-post-tax-term\">Forum D\u00e9co-Design<\/a>"],"unlinked":["<span class=\"advgb-post-tax-term\">Forum D\u00e9co-Design<\/span>"]}},"comment_count":17,"relative_dates":{"created":"Posted 17\u5e74 ago","modified":"Updated 17\u5e74 ago"},"absolute_dates":{"created":"Posted on 8 6\u6708 2009","modified":"Updated on 8 6\u6708 2009"},"absolute_dates_time":{"created":"Posted on 8 6\u6708 2009 6:17","modified":"Updated on 8 6\u6708 2009 6:17"},"featured_img_caption":"","series_order":"","jetpack_sharing_enabled":true,"jetpack_shortlink":"https:\/\/wp.me\/p9bteI-qGF","jetpack-related-posts":[],"_links":{"self":[{"href":"https:\/\/joyana.fr\/ja\/wp-json\/wp\/v2\/posts\/102589","targetHints":{"allow":["GET"]}}],"collection":[{"href":"https:\/\/joyana.fr\/ja\/wp-json\/wp\/v2\/posts"}],"about":[{"href":"https:\/\/joyana.fr\/ja\/wp-json\/wp\/v2\/types\/post"}],"author":[{"embeddable":true,"href":"https:\/\/joyana.fr\/ja\/wp-json\/wp\/v2\/users\/3"}],"replies":[{"embeddable":true,"href":"https:\/\/joyana.fr\/ja\/wp-json\/wp\/v2\/comments?post=102589"}],"version-history":[{"count":0,"href":"https:\/\/joyana.fr\/ja\/wp-json\/wp\/v2\/posts\/102589\/revisions"}],"wp:featuredmedia":[{"embeddable":true,"href":"https:\/\/joyana.fr\/ja\/wp-json\/wp\/v2\/media\/124300"}],"wp:attachment":[{"href":"https:\/\/joyana.fr\/ja\/wp-json\/wp\/v2\/media?parent=102589"}],"wp:term":[{"taxonomy":"category","embeddable":true,"href":"https:\/\/joyana.fr\/ja\/wp-json\/wp\/v2\/categories?post=102589"},{"taxonomy":"post_tag","embeddable":true,"href":"https:\/\/joyana.fr\/ja\/wp-json\/wp\/v2\/tags?post=102589"}],"curies":[{"name":"wp","href":"https:\/\/api.w.org\/{rel}","templated":true}]}}