{"id":102734,"date":"2009-07-21T11:45:52","date_gmt":"2009-07-21T10:45:52","guid":{"rendered":"https:\/\/joyana.fr\/prizeotel-par-karim-rashid-bremen-allemagne\/"},"modified":"2009-07-21T11:45:52","modified_gmt":"2009-07-21T10:45:52","slug":"prizeotel-par-karim-rashid-bremen-allemagne","status":"publish","type":"post","link":"https:\/\/joyana.fr\/ja\/prizeotel-par-karim-rashid-bremen-allemagne\/102734\/","title":{"rendered":"Prizeotel par Karim RASHID (Bremen, Allemagne)"},"content":{"rendered":"<p><a href=\"https:\/\/joyana.fr\/tag\/karim-rashid\/\" title=\"KARIM RASHID\"><strong>Karim Rashid<\/strong><\/a> signe un tr\u00e8s bel <strong>h\u00f4tel<\/strong> \u00e0 <strong>Bremen<\/strong> en <strong>Allemagne<\/strong>. Vous allez nous dire encore un lieu pour les riches, et si le <strong>\u00ab <\/strong><strong>Prize<\/strong> <strong>\u00bb <\/strong>\u00e9tait de 59 euros la nuit&#8230;<strong> <\/strong><\/p>\n<p><img data-recalc-dims=\"1\" fetchpriority=\"high\" decoding=\"async\" src=\"https:\/\/i0.wp.com\/joyana.fr\/wp-content\/uploads\/prizeotelbremen45.jpg?resize=500%2C373&#038;ssl=1\" alt=\"Prizeotel par Karim RASHID (Bremen, Allemagne)\" align=\"top\" border=\"0\" width=\"500\" height=\"373\" hspace=\"8\" \/><\/p>\n<p><strong>Karim Rashid<\/strong> dit du<strong> Prizeotel<\/strong> que c&#8217;est un projet en \u00ab designocrasy \u00bb il ne veut pas faire du design que pour les riches, il veut faire du design pour tout le monde pour le d\u00e9mocratiser. Une performance \u00e0 saluer, qui permettra aux budgets moyens de vivre dans des espaces bien pens\u00e9s et agr\u00e9able visuellement !!!<\/p>\n<p>Le prix des chambre \u00e9tait en corr\u00e9lation avec le budget pour la d\u00e9coration du <strong>Prizeotel<\/strong>.<strong> Karim Rashid <\/strong>a du pousser l&#8217;intelligence de la conception \u00e0 son maximum en essayant de tirer le meilleur des mat\u00e9riaux s\u00e9lectionn\u00e9s, pour obtenir un impact visuel reussi !!!<\/p>\n<p><img data-recalc-dims=\"1\" decoding=\"async\" src=\"https:\/\/i0.wp.com\/joyana.fr\/wp-content\/uploads\/prizeotelbremen23-def.jpg?resize=500%2C367&#038;ssl=1\" alt=\"Prizeotel par Karim RASHID (Bremen, Allemagne)\" align=\"top\" border=\"0\" width=\"500\" height=\"367\" hspace=\"8\" \/><\/p>\n<p><img data-recalc-dims=\"1\" decoding=\"async\" src=\"https:\/\/i0.wp.com\/joyana.fr\/wp-content\/uploads\/prizeotelbremen63.jpg?resize=500%2C373&#038;ssl=1\" alt=\"Prizeotel par Karim RASHID (Bremen, Allemagne)\" align=\"top\" border=\"0\" width=\"500\" height=\"373\" hspace=\"8\" \/><\/p>\n<p><img data-recalc-dims=\"1\" loading=\"lazy\" decoding=\"async\" src=\"https:\/\/i0.wp.com\/joyana.fr\/wp-content\/uploads\/prizeotelbremen30.jpg?resize=500%2C667&#038;ssl=1\" alt=\"Prizeotel par Karim RASHID (Bremen, Allemagne)\" align=\"top\" border=\"0\" width=\"500\" height=\"667\" hspace=\"8\" \/><\/p>\n<p>Apr\u00e8s un superbe hall d&#8217;entr\u00e9e, o\u00f9 les clients sont accueillis par de superbes visages grav\u00e9s sur de la fibre de verre, ils pourront boire un verre au bar ou prendre des couleurs sur la terrasse ext\u00e9rieure&#8230;<\/p>\n<p>Le couloir qui m\u00e8ne aux chambres est absolument superbe, le choix des couleurs est juste parfait !!!<\/p>\n<p><img data-recalc-dims=\"1\" loading=\"lazy\" decoding=\"async\" src=\"https:\/\/i0.wp.com\/joyana.fr\/wp-content\/uploads\/prizeotelbremen77.jpg?resize=500%2C377&#038;ssl=1\" alt=\"Prizeotel par Karim RASHID (Bremen, Allemagne)\" align=\"top\" border=\"0\" width=\"500\" height=\"377\" hspace=\"8\" \/><\/p>\n<p><img data-recalc-dims=\"1\" loading=\"lazy\" decoding=\"async\" src=\"https:\/\/i0.wp.com\/joyana.fr\/wp-content\/uploads\/prizeotelbremen86.jpg?resize=500%2C375&#038;ssl=1\" alt=\"Prizeotel par Karim RASHID (Bremen, Allemagne)\" align=\"top\" border=\"0\" width=\"500\" height=\"375\" hspace=\"8\" \/><\/p>\n<p>Pour info le budget d\u00e9coration pour une chambre \u00e9tait de 3200 euros&#8230; No comment<\/p>\n<p><img data-recalc-dims=\"1\" loading=\"lazy\" decoding=\"async\" src=\"https:\/\/i0.wp.com\/joyana.fr\/wp-content\/uploads\/prizeotelbremen111.jpg?resize=500%2C375&#038;ssl=1\" alt=\"Prizeotel par Karim RASHID (Bremen, Allemagne)\" align=\"top\" border=\"0\" width=\"500\" height=\"375\" hspace=\"8\" \/><\/p>\n<p>CLIENT: <strong>PRIZEOTEL<\/strong><br \/>\nCAT\u00c9GORIE: <strong>H\u00d4TEL<\/strong><br \/>\nLIEU: <strong>BREMEN, GERMANY<\/strong><br \/>\nSERVICES: 150 chambres, LOBBY BAR LOUNGE<br \/>\nAREA: 3200 SQM \/ 34,500 SQF<br \/>\nDATE D&#8217;OUVERTURE: f\u00e9vrier 2009<br \/>\nBUDGET: 1,5 MILLIONS D&#8217;EUROS<\/p>\n<p><strong><a href=\"http:\/\/www.prizeotel.com\/\" title=\"PRIZEOTEL\">http:\/\/www.prizeotel.com\/ <\/a><\/strong><\/p>\n<p><strong><a href=\"http:\/\/www.karimrashid.com\/\" title=\"KARIM RASHID\">http:\/\/www.karimrashid.com\/ <\/a><\/strong><\/p>\n<p>&#8212;&#8212;&#8212;&#8212;&#8212;&#8212;<\/p>\n<p><a href=\"mailto:jo_yana@hotmail.com\">Jo Yana<\/a><\/p>\n","protected":false},"excerpt":{"rendered":"<p>Karim Rashid signe un tr\u00e8s bel h\u00f4tel \u00e0 Bremen en Allemagne. Vous allez nous dire encore un lieu pour les riche [&hellip;]<\/p>\n","protected":false},"author":3,"featured_media":124300,"comment_status":"open","ping_status":"open","sticky":false,"template":"","format":"standard","meta":{"_coblocks_attr":"","_coblocks_dimensions":"","_coblocks_responsive_height":"","_coblocks_accordion_ie_support":"","_uag_custom_page_level_css":"","advgb_blocks_editor_width":"","advgb_blocks_columns_visual_guide":"","_genesis_hide_title":false,"_genesis_hide_breadcrumbs":false,"_genesis_hide_singular_image":false,"_genesis_hide_footer_widgets":false,"_genesis_custom_body_class":"","_genesis_custom_post_class":"","_genesis_layout":"","_themeisle_gutenberg_block_has_review":false,"_jetpack_newsletter_access":"","_jetpack_dont_email_post_to_subs":false,"_jetpack_newsletter_tier_id":0,"_jetpack_memberships_contains_paywalled_content":false,"_jetpack_memberships_contains_paid_content":false,"footnotes":""},"categories":[905,980,926,921],"tags":[78,67,44],"class_list":{"0":"post-102734","1":"post","2":"type-post","3":"status-publish","4":"format-standard","5":"has-post-thumbnail","7":"category-deco-design","8":"category-hotel","9":"category-karim-rashid","10":"category-lieux-design","11":"tag-design","12":"tag-hotel","13":"tag-karim-rashid","14":"entry"},"featured_image_urls":{"full":["https:\/\/i0.wp.com\/joyana.fr\/wp-content\/uploads\/2016\/08\/joyana-logo-black-360x180.png?fit=360%2C180&ssl=1",360,180,false],"thumbnail":["https:\/\/i0.wp.com\/joyana.fr\/wp-content\/uploads\/2016\/08\/joyana-logo-black-360x180.png?resize=150%2C150&ssl=1",150,150,true],"medium":["https:\/\/i0.wp.com\/joyana.fr\/wp-content\/uploads\/2016\/08\/joyana-logo-black-360x180.png?fit=360%2C180&ssl=1",360,180,true],"medium_large":["https:\/\/i0.wp.com\/joyana.fr\/wp-content\/uploads\/2016\/08\/joyana-logo-black-360x180.png?fit=360%2C180&ssl=1",360,180,true],"large":["https:\/\/i0.wp.com\/joyana.fr\/wp-content\/uploads\/2016\/08\/joyana-logo-black-360x180.png?fit=360%2C180&ssl=1",360,180,true],"1536x1536":["https:\/\/i0.wp.com\/joyana.fr\/wp-content\/uploads\/2016\/08\/joyana-logo-black-360x180.png?fit=360%2C180&ssl=1",360,180,true],"2048x2048":["https:\/\/i0.wp.com\/joyana.fr\/wp-content\/uploads\/2016\/08\/joyana-logo-black-360x180.png?fit=360%2C180&ssl=1",360,180,true],"featured-thumb":["https:\/\/i0.wp.com\/joyana.fr\/wp-content\/uploads\/2016\/08\/joyana-logo-black-360x180.png?resize=360%2C180&ssl=1",360,180,true],"ab-block-post-grid-landscape":["https:\/\/i0.wp.com\/joyana.fr\/wp-content\/uploads\/2016\/08\/joyana-logo-black-360x180.png?resize=360%2C180&ssl=1",360,180,true],"ab-block-post-grid-square":["https:\/\/i0.wp.com\/joyana.fr\/wp-content\/uploads\/2016\/08\/joyana-logo-black-360x180.png?resize=360%2C180&ssl=1",360,180,true],"author-pro-image":["https:\/\/i0.wp.com\/joyana.fr\/wp-content\/uploads\/2016\/08\/joyana-logo-black-360x180.png?resize=360%2C180&ssl=1",360,180,true],"slider":["https:\/\/i0.wp.com\/joyana.fr\/wp-content\/uploads\/2016\/08\/joyana-logo-black-360x180.png?resize=360%2C180&ssl=1",360,180,true],"woocommerce_thumbnail":["https:\/\/i0.wp.com\/joyana.fr\/wp-content\/uploads\/2016\/08\/joyana-logo-black-360x180.png?resize=300%2C180&ssl=1",300,180,true],"woocommerce_single":["https:\/\/i0.wp.com\/joyana.fr\/wp-content\/uploads\/2016\/08\/joyana-logo-black-360x180.png?fit=360%2C180&ssl=1",360,180,true],"woocommerce_gallery_thumbnail":["https:\/\/i0.wp.com\/joyana.fr\/wp-content\/uploads\/2016\/08\/joyana-logo-black-360x180.png?resize=180%2C180&ssl=1",180,180,true],"sow-carousel-default":["https:\/\/i0.wp.com\/joyana.fr\/wp-content\/uploads\/2016\/08\/joyana-logo-black-360x180.png?resize=272%2C180&ssl=1",272,180,true]},"post_excerpt_stackable":"<p>Karim Rashid signe un tr\u00e8s bel h\u00f4tel \u00e0 Bremen en Allemagne. Vous allez nous dire encore un lieu pour&hellip;<\/p>\n","category_list":"<a href=\"https:\/\/joyana.fr\/ja\/category\/deco-design\/\" rel=\"category tag\">DECO-DESIGN<\/a>, <a href=\"https:\/\/joyana.fr\/ja\/category\/deco-design\/architecture-deco-design\/lieux-design\/hotel\/\" rel=\"category tag\">H\u00f4tel<\/a>, <a href=\"https:\/\/joyana.fr\/ja\/category\/deco-design\/designer\/karim-rashid\/\" rel=\"category tag\">Karim RASHID<\/a>, <a href=\"https:\/\/joyana.fr\/ja\/category\/deco-design\/architecture-deco-design\/lieux-design\/\" rel=\"category tag\">Lieux<\/a>","author_info":{"display_name":"Jo Yana","author_link":"https:\/\/joyana.fr\/ja\/author\/joyana\/"},"comments_num":"14 comments","featured_image_urls_v2":{"full":["https:\/\/i0.wp.com\/joyana.fr\/wp-content\/uploads\/2016\/08\/joyana-logo-black-360x180.png?fit=360%2C180&ssl=1",360,180,false],"thumbnail":["https:\/\/i0.wp.com\/joyana.fr\/wp-content\/uploads\/2016\/08\/joyana-logo-black-360x180.png?resize=150%2C150&ssl=1",150,150,true],"medium":["https:\/\/i0.wp.com\/joyana.fr\/wp-content\/uploads\/2016\/08\/joyana-logo-black-360x180.png?fit=360%2C180&ssl=1",360,180,true],"medium_large":["https:\/\/i0.wp.com\/joyana.fr\/wp-content\/uploads\/2016\/08\/joyana-logo-black-360x180.png?fit=360%2C180&ssl=1",360,180,true],"large":["https:\/\/i0.wp.com\/joyana.fr\/wp-content\/uploads\/2016\/08\/joyana-logo-black-360x180.png?fit=360%2C180&ssl=1",360,180,true],"1536x1536":["https:\/\/i0.wp.com\/joyana.fr\/wp-content\/uploads\/2016\/08\/joyana-logo-black-360x180.png?fit=360%2C180&ssl=1",360,180,true],"2048x2048":["https:\/\/i0.wp.com\/joyana.fr\/wp-content\/uploads\/2016\/08\/joyana-logo-black-360x180.png?fit=360%2C180&ssl=1",360,180,true],"featured-thumb":["https:\/\/i0.wp.com\/joyana.fr\/wp-content\/uploads\/2016\/08\/joyana-logo-black-360x180.png?resize=360%2C180&ssl=1",360,180,true],"ab-block-post-grid-landscape":["https:\/\/i0.wp.com\/joyana.fr\/wp-content\/uploads\/2016\/08\/joyana-logo-black-360x180.png?resize=360%2C180&ssl=1",360,180,true],"ab-block-post-grid-square":["https:\/\/i0.wp.com\/joyana.fr\/wp-content\/uploads\/2016\/08\/joyana-logo-black-360x180.png?resize=360%2C180&ssl=1",360,180,true],"author-pro-image":["https:\/\/i0.wp.com\/joyana.fr\/wp-content\/uploads\/2016\/08\/joyana-logo-black-360x180.png?resize=360%2C180&ssl=1",360,180,true],"slider":["https:\/\/i0.wp.com\/joyana.fr\/wp-content\/uploads\/2016\/08\/joyana-logo-black-360x180.png?resize=360%2C180&ssl=1",360,180,true],"woocommerce_thumbnail":["https:\/\/i0.wp.com\/joyana.fr\/wp-content\/uploads\/2016\/08\/joyana-logo-black-360x180.png?resize=300%2C180&ssl=1",300,180,true],"woocommerce_single":["https:\/\/i0.wp.com\/joyana.fr\/wp-content\/uploads\/2016\/08\/joyana-logo-black-360x180.png?fit=360%2C180&ssl=1",360,180,true],"woocommerce_gallery_thumbnail":["https:\/\/i0.wp.com\/joyana.fr\/wp-content\/uploads\/2016\/08\/joyana-logo-black-360x180.png?resize=180%2C180&ssl=1",180,180,true],"sow-carousel-default":["https:\/\/i0.wp.com\/joyana.fr\/wp-content\/uploads\/2016\/08\/joyana-logo-black-360x180.png?resize=272%2C180&ssl=1",272,180,true]},"post_excerpt_stackable_v2":"<p>Karim Rashid signe un tr\u00e8s bel h\u00f4tel \u00e0 Bremen en Allemagne. Vous allez nous dire encore un lieu pour&hellip;<\/p>\n","category_list_v2":"<a href=\"https:\/\/joyana.fr\/ja\/category\/deco-design\/\" rel=\"category tag\">DECO-DESIGN<\/a>, <a href=\"https:\/\/joyana.fr\/ja\/category\/deco-design\/architecture-deco-design\/lieux-design\/hotel\/\" rel=\"category tag\">H\u00f4tel<\/a>, <a href=\"https:\/\/joyana.fr\/ja\/category\/deco-design\/designer\/karim-rashid\/\" rel=\"category tag\">Karim RASHID<\/a>, <a href=\"https:\/\/joyana.fr\/ja\/category\/deco-design\/architecture-deco-design\/lieux-design\/\" rel=\"category tag\">Lieux<\/a>","author_info_v2":{"name":"Jo Yana","url":"https:\/\/joyana.fr\/ja\/author\/joyana\/"},"comments_num_v2":"14 comments","yoast_head":"<!-- This site is optimized with the Yoast SEO plugin v26.8 - https:\/\/yoast.com\/product\/yoast-seo-wordpress\/ -->\n<title>Prizeotel par Karim RASHID (Bremen, Allemagne) - JO YANA<\/title>\n<meta name=\"robots\" content=\"index, follow, max-snippet:-1, max-image-preview:large, max-video-preview:-1\" \/>\n<link rel=\"canonical\" href=\"https:\/\/joyana.fr\/ja\/prizeotel-par-karim-rashid-bremen-allemagne\/102734\/\" \/>\n<meta property=\"og:locale\" content=\"ja_JP\" \/>\n<meta property=\"og:locale:alternate\" content=\"fr_FR\" \/>\n<meta property=\"og:locale:alternate\" content=\"en_US\" \/>\n<meta property=\"og:type\" content=\"article\" \/>\n<meta property=\"og:title\" content=\"Prizeotel par Karim RASHID (Bremen, Allemagne) - JO YANA\" \/>\n<meta property=\"og:description\" content=\"Karim Rashid signe un tr\u00e8s bel h\u00f4tel \u00e0 Bremen en Allemagne. Vous allez nous dire encore un lieu pour les riche [&hellip;]\" \/>\n<meta property=\"og:url\" content=\"https:\/\/joyana.fr\/ja\/prizeotel-par-karim-rashid-bremen-allemagne\/102734\/\" \/>\n<meta property=\"og:site_name\" content=\"JO YANA\" \/>\n<meta property=\"article:published_time\" content=\"2009-07-21T10:45:52+00:00\" \/>\n<meta property=\"og:image\" content=\"https:\/\/joyana.fr\/wp-content\/uploads\/2016\/08\/joyana-logo-black-360x180.png\" \/>\n\t<meta property=\"og:image:width\" content=\"360\" \/>\n\t<meta property=\"og:image:height\" content=\"180\" \/>\n\t<meta property=\"og:image:type\" content=\"image\/png\" \/>\n<meta name=\"author\" content=\"Jo Yana\" \/>\n<meta name=\"twitter:card\" content=\"summary_large_image\" \/>\n<meta name=\"twitter:creator\" content=\"@Jo_Yana\" \/>\n<meta name=\"twitter:site\" content=\"@Jo_Yana\" \/>\n<meta name=\"twitter:label1\" content=\"\u57f7\u7b46\u8005\" \/>\n\t<meta name=\"twitter:data1\" content=\"Jo Yana\" \/>\n\t<meta name=\"twitter:label2\" content=\"\u63a8\u5b9a\u8aad\u307f\u53d6\u308a\u6642\u9593\" \/>\n\t<meta name=\"twitter:data2\" content=\"1\u5206\" \/>\n<script type=\"application\/ld+json\" class=\"yoast-schema-graph\">{\"@context\":\"https:\/\/schema.org\",\"@graph\":[{\"@type\":\"Article\",\"@id\":\"https:\/\/joyana.fr\/prizeotel-par-karim-rashid-bremen-allemagne\/102734\/#article\",\"isPartOf\":{\"@id\":\"https:\/\/joyana.fr\/prizeotel-par-karim-rashid-bremen-allemagne\/102734\/\"},\"author\":{\"name\":\"Jo Yana\",\"@id\":\"https:\/\/joyana.fr\/#\/schema\/person\/cf2a1ad12a27c12c21801075bf37407c\"},\"headline\":\"Prizeotel par Karim RASHID (Bremen, Allemagne)\",\"datePublished\":\"2009-07-21T10:45:52+00:00\",\"mainEntityOfPage\":{\"@id\":\"https:\/\/joyana.fr\/prizeotel-par-karim-rashid-bremen-allemagne\/102734\/\"},\"wordCount\":249,\"commentCount\":14,\"publisher\":{\"@id\":\"https:\/\/joyana.fr\/#\/schema\/person\/cf2a1ad12a27c12c21801075bf37407c\"},\"image\":{\"@id\":\"https:\/\/joyana.fr\/prizeotel-par-karim-rashid-bremen-allemagne\/102734\/#primaryimage\"},\"thumbnailUrl\":\"https:\/\/i0.wp.com\/joyana.fr\/wp-content\/uploads\/2016\/08\/joyana-logo-black-360x180.png?fit=360%2C180&ssl=1\",\"keywords\":[\"DESIGN\",\"H\u00f4tel\",\"Karim RASHID\"],\"articleSection\":[\"DECO-DESIGN\",\"H\u00f4tel\",\"Karim RASHID\",\"Lieux\"],\"inLanguage\":\"ja\",\"potentialAction\":[{\"@type\":\"CommentAction\",\"name\":\"Comment\",\"target\":[\"https:\/\/joyana.fr\/prizeotel-par-karim-rashid-bremen-allemagne\/102734\/#respond\"]}]},{\"@type\":\"WebPage\",\"@id\":\"https:\/\/joyana.fr\/prizeotel-par-karim-rashid-bremen-allemagne\/102734\/\",\"url\":\"https:\/\/joyana.fr\/prizeotel-par-karim-rashid-bremen-allemagne\/102734\/\",\"name\":\"Prizeotel par Karim RASHID (Bremen, Allemagne) - JO YANA\",\"isPartOf\":{\"@id\":\"https:\/\/joyana.fr\/#website\"},\"primaryImageOfPage\":{\"@id\":\"https:\/\/joyana.fr\/prizeotel-par-karim-rashid-bremen-allemagne\/102734\/#primaryimage\"},\"image\":{\"@id\":\"https:\/\/joyana.fr\/prizeotel-par-karim-rashid-bremen-allemagne\/102734\/#primaryimage\"},\"thumbnailUrl\":\"https:\/\/i0.wp.com\/joyana.fr\/wp-content\/uploads\/2016\/08\/joyana-logo-black-360x180.png?fit=360%2C180&ssl=1\",\"datePublished\":\"2009-07-21T10:45:52+00:00\",\"breadcrumb\":{\"@id\":\"https:\/\/joyana.fr\/prizeotel-par-karim-rashid-bremen-allemagne\/102734\/#breadcrumb\"},\"inLanguage\":\"ja\",\"potentialAction\":[{\"@type\":\"ReadAction\",\"target\":[\"https:\/\/joyana.fr\/prizeotel-par-karim-rashid-bremen-allemagne\/102734\/\"]}]},{\"@type\":\"ImageObject\",\"inLanguage\":\"ja\",\"@id\":\"https:\/\/joyana.fr\/prizeotel-par-karim-rashid-bremen-allemagne\/102734\/#primaryimage\",\"url\":\"https:\/\/i0.wp.com\/joyana.fr\/wp-content\/uploads\/2016\/08\/joyana-logo-black-360x180.png?fit=360%2C180&ssl=1\",\"contentUrl\":\"https:\/\/i0.wp.com\/joyana.fr\/wp-content\/uploads\/2016\/08\/joyana-logo-black-360x180.png?fit=360%2C180&ssl=1\",\"width\":360,\"height\":180,\"caption\":\"logo joyana.fr\"},{\"@type\":\"BreadcrumbList\",\"@id\":\"https:\/\/joyana.fr\/prizeotel-par-karim-rashid-bremen-allemagne\/102734\/#breadcrumb\",\"itemListElement\":[{\"@type\":\"ListItem\",\"position\":1,\"name\":\"Accueil\",\"item\":\"https:\/\/joyana.fr\/\"},{\"@type\":\"ListItem\",\"position\":2,\"name\":\"Prizeotel par Karim RASHID (Bremen, Allemagne)\"}]},{\"@type\":\"WebSite\",\"@id\":\"https:\/\/joyana.fr\/#website\",\"url\":\"https:\/\/joyana.fr\/\",\"name\":\"JO YANA\",\"description\":\"Blog Mode Homme, Lifestyle, D\u00e9co-Design\",\"publisher\":{\"@id\":\"https:\/\/joyana.fr\/#\/schema\/person\/cf2a1ad12a27c12c21801075bf37407c\"},\"potentialAction\":[{\"@type\":\"SearchAction\",\"target\":{\"@type\":\"EntryPoint\",\"urlTemplate\":\"https:\/\/joyana.fr\/?s={search_term_string}\"},\"query-input\":{\"@type\":\"PropertyValueSpecification\",\"valueRequired\":true,\"valueName\":\"search_term_string\"}}],\"inLanguage\":\"ja\"},{\"@type\":[\"Person\",\"Organization\"],\"@id\":\"https:\/\/joyana.fr\/#\/schema\/person\/cf2a1ad12a27c12c21801075bf37407c\",\"name\":\"Jo Yana\",\"image\":{\"@type\":\"ImageObject\",\"inLanguage\":\"ja\",\"@id\":\"https:\/\/joyana.fr\/#\/schema\/person\/image\/\",\"url\":\"https:\/\/i0.wp.com\/joyana.fr\/wp-content\/uploads\/2016\/08\/cropped-joyana-logo-black-360x180.png?fit=343%2C164&ssl=1\",\"contentUrl\":\"https:\/\/i0.wp.com\/joyana.fr\/wp-content\/uploads\/2016\/08\/cropped-joyana-logo-black-360x180.png?fit=343%2C164&ssl=1\",\"width\":343,\"height\":164,\"caption\":\"Jo Yana\"},\"logo\":{\"@id\":\"https:\/\/joyana.fr\/#\/schema\/person\/image\/\"},\"description\":\"Jo Yana est le cr\u00e9ateur et r\u00e9dacteur en chef des sites DECO-DESIGN. Passionn\u00e9 de Design, Mode, Photo, Luxe, Lifestyle, Musique, mais avant tout Blogueur ! Le plaisir de partager l'anime et a comme devise \\\"POUR L'AMOUR DU BEAU\\\". Retrouvez le aussi sur son blog personnel - https:\/\/joyana.fr...\",\"sameAs\":[\"https:\/\/joyana.fr\/\"],\"url\":\"https:\/\/joyana.fr\/ja\/author\/joyana\/\"}]}<\/script>\n<!-- \/ Yoast SEO plugin. -->","yoast_head_json":{"title":"Prizeotel par Karim RASHID (Bremen, Allemagne) - JO YANA","robots":{"index":"index","follow":"follow","max-snippet":"max-snippet:-1","max-image-preview":"max-image-preview:large","max-video-preview":"max-video-preview:-1"},"canonical":"https:\/\/joyana.fr\/ja\/prizeotel-par-karim-rashid-bremen-allemagne\/102734\/","og_locale":"ja_JP","og_type":"article","og_title":"Prizeotel par Karim RASHID (Bremen, Allemagne) - JO YANA","og_description":"Karim Rashid signe un tr\u00e8s bel h\u00f4tel \u00e0 Bremen en Allemagne. Vous allez nous dire encore un lieu pour les riche [&hellip;]","og_url":"https:\/\/joyana.fr\/ja\/prizeotel-par-karim-rashid-bremen-allemagne\/102734\/","og_site_name":"JO YANA","article_published_time":"2009-07-21T10:45:52+00:00","og_image":[{"width":360,"height":180,"url":"https:\/\/joyana.fr\/wp-content\/uploads\/2016\/08\/joyana-logo-black-360x180.png","type":"image\/png"}],"author":"Jo Yana","twitter_card":"summary_large_image","twitter_creator":"@Jo_Yana","twitter_site":"@Jo_Yana","twitter_misc":{"\u57f7\u7b46\u8005":"Jo Yana","\u63a8\u5b9a\u8aad\u307f\u53d6\u308a\u6642\u9593":"1\u5206"},"schema":{"@context":"https:\/\/schema.org","@graph":[{"@type":"Article","@id":"https:\/\/joyana.fr\/prizeotel-par-karim-rashid-bremen-allemagne\/102734\/#article","isPartOf":{"@id":"https:\/\/joyana.fr\/prizeotel-par-karim-rashid-bremen-allemagne\/102734\/"},"author":{"name":"Jo Yana","@id":"https:\/\/joyana.fr\/#\/schema\/person\/cf2a1ad12a27c12c21801075bf37407c"},"headline":"Prizeotel par Karim RASHID (Bremen, Allemagne)","datePublished":"2009-07-21T10:45:52+00:00","mainEntityOfPage":{"@id":"https:\/\/joyana.fr\/prizeotel-par-karim-rashid-bremen-allemagne\/102734\/"},"wordCount":249,"commentCount":14,"publisher":{"@id":"https:\/\/joyana.fr\/#\/schema\/person\/cf2a1ad12a27c12c21801075bf37407c"},"image":{"@id":"https:\/\/joyana.fr\/prizeotel-par-karim-rashid-bremen-allemagne\/102734\/#primaryimage"},"thumbnailUrl":"https:\/\/i0.wp.com\/joyana.fr\/wp-content\/uploads\/2016\/08\/joyana-logo-black-360x180.png?fit=360%2C180&ssl=1","keywords":["DESIGN","H\u00f4tel","Karim RASHID"],"articleSection":["DECO-DESIGN","H\u00f4tel","Karim RASHID","Lieux"],"inLanguage":"ja","potentialAction":[{"@type":"CommentAction","name":"Comment","target":["https:\/\/joyana.fr\/prizeotel-par-karim-rashid-bremen-allemagne\/102734\/#respond"]}]},{"@type":"WebPage","@id":"https:\/\/joyana.fr\/prizeotel-par-karim-rashid-bremen-allemagne\/102734\/","url":"https:\/\/joyana.fr\/prizeotel-par-karim-rashid-bremen-allemagne\/102734\/","name":"Prizeotel par Karim RASHID (Bremen, Allemagne) - JO YANA","isPartOf":{"@id":"https:\/\/joyana.fr\/#website"},"primaryImageOfPage":{"@id":"https:\/\/joyana.fr\/prizeotel-par-karim-rashid-bremen-allemagne\/102734\/#primaryimage"},"image":{"@id":"https:\/\/joyana.fr\/prizeotel-par-karim-rashid-bremen-allemagne\/102734\/#primaryimage"},"thumbnailUrl":"https:\/\/i0.wp.com\/joyana.fr\/wp-content\/uploads\/2016\/08\/joyana-logo-black-360x180.png?fit=360%2C180&ssl=1","datePublished":"2009-07-21T10:45:52+00:00","breadcrumb":{"@id":"https:\/\/joyana.fr\/prizeotel-par-karim-rashid-bremen-allemagne\/102734\/#breadcrumb"},"inLanguage":"ja","potentialAction":[{"@type":"ReadAction","target":["https:\/\/joyana.fr\/prizeotel-par-karim-rashid-bremen-allemagne\/102734\/"]}]},{"@type":"ImageObject","inLanguage":"ja","@id":"https:\/\/joyana.fr\/prizeotel-par-karim-rashid-bremen-allemagne\/102734\/#primaryimage","url":"https:\/\/i0.wp.com\/joyana.fr\/wp-content\/uploads\/2016\/08\/joyana-logo-black-360x180.png?fit=360%2C180&ssl=1","contentUrl":"https:\/\/i0.wp.com\/joyana.fr\/wp-content\/uploads\/2016\/08\/joyana-logo-black-360x180.png?fit=360%2C180&ssl=1","width":360,"height":180,"caption":"logo joyana.fr"},{"@type":"BreadcrumbList","@id":"https:\/\/joyana.fr\/prizeotel-par-karim-rashid-bremen-allemagne\/102734\/#breadcrumb","itemListElement":[{"@type":"ListItem","position":1,"name":"Accueil","item":"https:\/\/joyana.fr\/"},{"@type":"ListItem","position":2,"name":"Prizeotel par Karim RASHID (Bremen, Allemagne)"}]},{"@type":"WebSite","@id":"https:\/\/joyana.fr\/#website","url":"https:\/\/joyana.fr\/","name":"JO YANA","description":"Blog Mode Homme, Lifestyle, D\u00e9co-Design","publisher":{"@id":"https:\/\/joyana.fr\/#\/schema\/person\/cf2a1ad12a27c12c21801075bf37407c"},"potentialAction":[{"@type":"SearchAction","target":{"@type":"EntryPoint","urlTemplate":"https:\/\/joyana.fr\/?s={search_term_string}"},"query-input":{"@type":"PropertyValueSpecification","valueRequired":true,"valueName":"search_term_string"}}],"inLanguage":"ja"},{"@type":["Person","Organization"],"@id":"https:\/\/joyana.fr\/#\/schema\/person\/cf2a1ad12a27c12c21801075bf37407c","name":"Jo Yana","image":{"@type":"ImageObject","inLanguage":"ja","@id":"https:\/\/joyana.fr\/#\/schema\/person\/image\/","url":"https:\/\/i0.wp.com\/joyana.fr\/wp-content\/uploads\/2016\/08\/cropped-joyana-logo-black-360x180.png?fit=343%2C164&ssl=1","contentUrl":"https:\/\/i0.wp.com\/joyana.fr\/wp-content\/uploads\/2016\/08\/cropped-joyana-logo-black-360x180.png?fit=343%2C164&ssl=1","width":343,"height":164,"caption":"Jo Yana"},"logo":{"@id":"https:\/\/joyana.fr\/#\/schema\/person\/image\/"},"description":"Jo Yana est le cr\u00e9ateur et r\u00e9dacteur en chef des sites DECO-DESIGN. Passionn\u00e9 de Design, Mode, Photo, Luxe, Lifestyle, Musique, mais avant tout Blogueur ! Le plaisir de partager l'anime et a comme devise \"POUR L'AMOUR DU BEAU\". Retrouvez le aussi sur son blog personnel - https:\/\/joyana.fr...","sameAs":["https:\/\/joyana.fr\/"],"url":"https:\/\/joyana.fr\/ja\/author\/joyana\/"}]}},"author_meta":{"display_name":"Jo Yana","author_link":"https:\/\/joyana.fr\/ja\/author\/joyana\/"},"featured_img":"https:\/\/i0.wp.com\/joyana.fr\/wp-content\/uploads\/2016\/08\/joyana-logo-black-360x180.png?fit=360%2C180&ssl=1","featured_image_src":"https:\/\/i0.wp.com\/joyana.fr\/wp-content\/uploads\/2016\/08\/joyana-logo-black-360x180.png?resize=360%2C180&ssl=1","featured_image_src_square":"https:\/\/i0.wp.com\/joyana.fr\/wp-content\/uploads\/2016\/08\/joyana-logo-black-360x180.png?resize=360%2C180&ssl=1","jetpack_featured_media_url":"https:\/\/i0.wp.com\/joyana.fr\/wp-content\/uploads\/2016\/08\/joyana-logo-black-360x180.png?fit=360%2C180&ssl=1","uagb_featured_image_src":{"full":["https:\/\/i0.wp.com\/joyana.fr\/wp-content\/uploads\/2016\/08\/joyana-logo-black-360x180.png?fit=360%2C180&ssl=1",360,180,false],"thumbnail":["https:\/\/i0.wp.com\/joyana.fr\/wp-content\/uploads\/2016\/08\/joyana-logo-black-360x180.png?resize=150%2C150&ssl=1",150,150,true],"medium":["https:\/\/i0.wp.com\/joyana.fr\/wp-content\/uploads\/2016\/08\/joyana-logo-black-360x180.png?fit=360%2C180&ssl=1",360,180,true],"medium_large":["https:\/\/i0.wp.com\/joyana.fr\/wp-content\/uploads\/2016\/08\/joyana-logo-black-360x180.png?fit=360%2C180&ssl=1",360,180,true],"large":["https:\/\/i0.wp.com\/joyana.fr\/wp-content\/uploads\/2016\/08\/joyana-logo-black-360x180.png?fit=360%2C180&ssl=1",360,180,true],"1536x1536":["https:\/\/i0.wp.com\/joyana.fr\/wp-content\/uploads\/2016\/08\/joyana-logo-black-360x180.png?fit=360%2C180&ssl=1",360,180,true],"2048x2048":["https:\/\/i0.wp.com\/joyana.fr\/wp-content\/uploads\/2016\/08\/joyana-logo-black-360x180.png?fit=360%2C180&ssl=1",360,180,true],"featured-thumb":["https:\/\/i0.wp.com\/joyana.fr\/wp-content\/uploads\/2016\/08\/joyana-logo-black-360x180.png?resize=360%2C180&ssl=1",360,180,true],"ab-block-post-grid-landscape":["https:\/\/i0.wp.com\/joyana.fr\/wp-content\/uploads\/2016\/08\/joyana-logo-black-360x180.png?resize=360%2C180&ssl=1",360,180,true],"ab-block-post-grid-square":["https:\/\/i0.wp.com\/joyana.fr\/wp-content\/uploads\/2016\/08\/joyana-logo-black-360x180.png?resize=360%2C180&ssl=1",360,180,true],"author-pro-image":["https:\/\/i0.wp.com\/joyana.fr\/wp-content\/uploads\/2016\/08\/joyana-logo-black-360x180.png?resize=360%2C180&ssl=1",360,180,true],"slider":["https:\/\/i0.wp.com\/joyana.fr\/wp-content\/uploads\/2016\/08\/joyana-logo-black-360x180.png?resize=360%2C180&ssl=1",360,180,true],"woocommerce_thumbnail":["https:\/\/i0.wp.com\/joyana.fr\/wp-content\/uploads\/2016\/08\/joyana-logo-black-360x180.png?resize=300%2C180&ssl=1",300,180,true],"woocommerce_single":["https:\/\/i0.wp.com\/joyana.fr\/wp-content\/uploads\/2016\/08\/joyana-logo-black-360x180.png?fit=360%2C180&ssl=1",360,180,true],"woocommerce_gallery_thumbnail":["https:\/\/i0.wp.com\/joyana.fr\/wp-content\/uploads\/2016\/08\/joyana-logo-black-360x180.png?resize=180%2C180&ssl=1",180,180,true],"sow-carousel-default":["https:\/\/i0.wp.com\/joyana.fr\/wp-content\/uploads\/2016\/08\/joyana-logo-black-360x180.png?resize=272%2C180&ssl=1",272,180,true]},"uagb_author_info":{"display_name":"Jo Yana","author_link":"https:\/\/joyana.fr\/ja\/author\/joyana\/"},"uagb_comment_info":14,"uagb_excerpt":"Karim Rashid signe un tr\u00e8s bel h\u00f4tel \u00e0 Bremen en Allema&hellip;","coauthors":[],"tax_additional":{"categories":{"linked":["<a href=\"https:\/\/joyana.fr\/ja\/category\/deco-design\/\" class=\"advgb-post-tax-term\">DECO-DESIGN<\/a>","<a href=\"https:\/\/joyana.fr\/ja\/category\/deco-design\/architecture-deco-design\/lieux-design\/hotel\/\" class=\"advgb-post-tax-term\">H\u00f4tel<\/a>","<a href=\"https:\/\/joyana.fr\/ja\/category\/deco-design\/designer\/karim-rashid\/\" class=\"advgb-post-tax-term\">Karim RASHID<\/a>","<a href=\"https:\/\/joyana.fr\/ja\/category\/deco-design\/architecture-deco-design\/lieux-design\/\" class=\"advgb-post-tax-term\">Lieux<\/a>"],"unlinked":["<span class=\"advgb-post-tax-term\">DECO-DESIGN<\/span>","<span class=\"advgb-post-tax-term\">H\u00f4tel<\/span>","<span class=\"advgb-post-tax-term\">Karim RASHID<\/span>","<span class=\"advgb-post-tax-term\">Lieux<\/span>"]},"tags":{"linked":["<a href=\"https:\/\/joyana.fr\/ja\/category\/deco-design\/architecture-deco-design\/lieux-design\/\" class=\"advgb-post-tax-term\">DESIGN<\/a>","<a href=\"https:\/\/joyana.fr\/ja\/category\/deco-design\/architecture-deco-design\/lieux-design\/\" class=\"advgb-post-tax-term\">H\u00f4tel<\/a>","<a href=\"https:\/\/joyana.fr\/ja\/category\/deco-design\/architecture-deco-design\/lieux-design\/\" class=\"advgb-post-tax-term\">Karim RASHID<\/a>"],"unlinked":["<span class=\"advgb-post-tax-term\">DESIGN<\/span>","<span class=\"advgb-post-tax-term\">H\u00f4tel<\/span>","<span class=\"advgb-post-tax-term\">Karim RASHID<\/span>"]}},"comment_count":14,"relative_dates":{"created":"Posted 17\u5e74 ago","modified":"Updated 17\u5e74 ago"},"absolute_dates":{"created":"Posted on 21 7\u6708 2009","modified":"Updated on 21 7\u6708 2009"},"absolute_dates_time":{"created":"Posted on 21 7\u6708 2009 11:45","modified":"Updated on 21 7\u6708 2009 11:45"},"featured_img_caption":"","series_order":"","jetpack_sharing_enabled":true,"jetpack_shortlink":"https:\/\/wp.me\/p9bteI-qJ0","jetpack-related-posts":[],"_links":{"self":[{"href":"https:\/\/joyana.fr\/ja\/wp-json\/wp\/v2\/posts\/102734","targetHints":{"allow":["GET"]}}],"collection":[{"href":"https:\/\/joyana.fr\/ja\/wp-json\/wp\/v2\/posts"}],"about":[{"href":"https:\/\/joyana.fr\/ja\/wp-json\/wp\/v2\/types\/post"}],"author":[{"embeddable":true,"href":"https:\/\/joyana.fr\/ja\/wp-json\/wp\/v2\/users\/3"}],"replies":[{"embeddable":true,"href":"https:\/\/joyana.fr\/ja\/wp-json\/wp\/v2\/comments?post=102734"}],"version-history":[{"count":0,"href":"https:\/\/joyana.fr\/ja\/wp-json\/wp\/v2\/posts\/102734\/revisions"}],"wp:featuredmedia":[{"embeddable":true,"href":"https:\/\/joyana.fr\/ja\/wp-json\/wp\/v2\/media\/124300"}],"wp:attachment":[{"href":"https:\/\/joyana.fr\/ja\/wp-json\/wp\/v2\/media?parent=102734"}],"wp:term":[{"taxonomy":"category","embeddable":true,"href":"https:\/\/joyana.fr\/ja\/wp-json\/wp\/v2\/categories?post=102734"},{"taxonomy":"post_tag","embeddable":true,"href":"https:\/\/joyana.fr\/ja\/wp-json\/wp\/v2\/tags?post=102734"}],"curies":[{"name":"wp","href":"https:\/\/api.w.org\/{rel}","templated":true}]}}