{"id":103065,"date":"2009-11-04T06:13:55","date_gmt":"2009-11-04T05:13:55","guid":{"rendered":"https:\/\/joyana.fr\/marine-peyre-studio-cooked-in-marseille\/"},"modified":"2009-11-04T06:13:55","modified_gmt":"2009-11-04T05:13:55","slug":"marine-peyre-studio-cooked-in-marseille","status":"publish","type":"post","link":"https:\/\/joyana.fr\/ja\/marine-peyre-studio-cooked-in-marseille\/103065\/","title":{"rendered":"Marine PEYRE"},"content":{"rendered":"<p>Focus aujourd&#8217;hui sur la <strong>designer Marine Peyre <\/strong>!<strong>\u00a0<\/strong>Nous l&#8217;avons rencontr\u00e9 et interview\u00e9, pour l&#8217;inauguration de son nouveau showroom en plein coeur de <strong>Marseille<\/strong> &#8211; o\u00f9 elle pr\u00e9sentait son nouveau syst\u00e8me d&#8217;assises modulables Custom&#8217;made&#8230;<\/p>\n<p><img data-recalc-dims=\"1\" fetchpriority=\"high\" decoding=\"async\" src=\"https:\/\/i0.wp.com\/i2.photobucket.com\/albums\/y22\/joyana\/marine-COOKED-48521.jpg?resize=500%2C332\" alt=\"MARINE PEYRE - COOKED IN MARSEILLE\" width=\"500\" height=\"332\" align=\"top\" border=\"0\" hspace=\"8\" \/><\/p>\n<p><em><strong>Marine Peyre <\/strong>est dipl\u00f4m\u00e9e dipl\u00f4m\u00e9e des Beaux Arts en 1998, elle cr\u00e9\u00e9e dans la m\u00eame ann\u00e9e <strong>Cooked in Marseille<\/strong>, remportant le concours lanc\u00e9 par le Minist\u00e8re de la Culture pour la sc\u00e9nographie de l\u2019exposition Design Dix Ans. En 2000, elle re\u00e7oit le Prix du Club des Cr\u00e9ateurs pour son Patchfum. Mais c\u2019est v\u00e9ritablement le projet Lamp\u2019oule\u00a0 en 2001 qui la lance sur la sc\u00e8ne internationale. L\u2019innovant petit cube luminescent ouvre la voie \u00e0 toute une collection d\u2019objets totalement silicon\u00e9s qui se retrouvent \u00e0 Paris, New-York et Tokyo. D\u00e9s lors, <strong>Cooked in Marseille<\/strong> produit et diffuse un design m\u00e9diterran\u00e9en, acidul\u00e9 et accessible \u00e0 tous&#8230; (update 2014 depuis la designer <strong>Marine Peyre<\/strong> est mont\u00e9e sur Paris, et met en avant son nom\u00a0plut\u00f4t que celui du studio&#8230;)<\/em><\/p>\n<p><img data-recalc-dims=\"1\" decoding=\"async\" src=\"https:\/\/i0.wp.com\/i2.photobucket.com\/albums\/y22\/joyana\/marine-peyre-butterflysofa2.jpg?resize=500%2C251\" alt=\"MARINE PEYRE - COOKED IN MARSEILLE\" width=\"500\" height=\"251\" align=\"top\" border=\"0\" hspace=\"8\" \/><\/p>\n<h5>Syst\u00e8me d&#8217;assises Custom&#8217;made.<\/h5>\n<p><img data-recalc-dims=\"1\" decoding=\"async\" src=\"https:\/\/i0.wp.com\/i2.photobucket.com\/albums\/y22\/joyana\/marine-peyrebutterflysofa3.jpg?resize=500%2C291\" alt=\"MARINE PEYRE - COOKED IN MARSEILLE\" width=\"500\" height=\"291\" align=\"top\" border=\"0\" hspace=\"8\" \/><\/p>\n<p><a href=\"https:\/\/joyana.fr\/\">Deco-Design<\/a> : Tu es bas\u00e9e \u00e0 Marseille, pas trop dur pour r\u00e9ussir dans le monde du design, sachant que presque tout se passe sur Paris ???<\/p>\n<p><strong>Marine Peyre<\/strong> : <em>C&#8217;est un choix difficile mais paradoxal, Marseille offre un confort de travail que je ne pourrais peut \u00eatre pas avoir ailleurs, l&#8217;essentiel est d&#8217;arriver \u00e0 faire circuler les id\u00e9es et les projets, de se donner les moyens d&#8217;\u00eatre mobile, de consid\u00e9rer Marseille comme un port d&#8217;attache et de graviter autour. L&#8217;id\u00e9e de faire un petit showroom \u00e0\u00a0 Marseille est aussi une mani\u00e8re d&#8217;y attirer des gens venant d&#8217;ailleurs en leur montrant que le design est aussi \u00e0 Marseille, et qu&#8217;il y a une force cr\u00e9ative&#8230; c&#8217;est plus une ouverture sur l&#8217;ext\u00e9rieur qu&#8217;un repli\u00a0 sur soi ( du moins j&#8217;esp\u00e8re) apr\u00e8s il faut beaucoup \u00a0d&#8217;\u00e9nergie ici pour trouver des clients int\u00e9ress\u00e9s par le design, mais c&#8217;est aussi bien de se diff\u00e9rencier du r\u00e9seau parisien en jouent la carte de la singularit\u00e9&#8230;. donc en r\u00e9sum\u00e9 c&#8217;est pas simple mais on peut y arriver !!!<\/em><\/p>\n<p><a href=\"https:\/\/joyana.fr\/\">Deco-Design<\/a> : Justement en parlant de Marseille, as tu espoir -comme nous- que la ville explose culturellement, que faudrait il faire pour que \u00e7a arrive ???<\/p>\n<p><strong>Marine Peyre<\/strong> : <em>Je n&#8217;ai pas d&#8217;espoir particulier, Marseille 2013 peut \u00eatre un plus mais pas une fin en soi, Marseille est une ville de province et le restera, ce qui n&#8217;emp\u00eache pas que les choses s&#8217;am\u00e9liorent petit \u00e0 petit, mais il ne faut pas r\u00eaver \u00e0 mon avis , Marseille ne sera jamais Paris ou New York, mais peut devenir un petit Ilot de cr\u00e9ation int\u00e9ressant<\/em>&#8230;<\/p>\n<p><a href=\"https:\/\/joyana.fr\/\">Deco-Design<\/a> : On te voit r\u00e9aliser beaucoup de mobiliers, penses tu un jour te diriger vers la cr\u00e9ation de lieu (h\u00f4tels, restaurants) comme le font de plus en plus les designers ???<\/p>\n<p><strong>Marine Peyre<\/strong> : <em>Oui, ce sont des projets qui m&#8217;int\u00e9ressent beaucoup car le mobilier que je dessine est toujours en relation avec un espace, et il joue avec&#8230; Ma premi\u00e8re formation \u00e0 l&#8217;\u00e9cole d&#8217;archi me donne un regard plus global que une vision sur l&#8217;objet isol\u00e9&#8230; le concept de Custom&#8217;made -mobilier sur mesure- est compl\u00e9tement dans cet \u00e9tat d&#8217;esprit, \u00e0 savoir comment un meuble peut il \u00eatre pens\u00e9 et dessin\u00e9 en fonction d&#8217;un espace donn\u00e9&#8230; L&#8217;am\u00e9nagement permet \u00e9galement de donner une v\u00e9ritable identit\u00e9 \u00e0 un lieu, au del\u00e0 du mobilier, par le traitement des lumi\u00e8res, d\u00e9tails, sols etc&#8230;<\/em><\/p>\n<p><img data-recalc-dims=\"1\" loading=\"lazy\" decoding=\"async\" src=\"https:\/\/i0.wp.com\/i2.photobucket.com\/albums\/y22\/joyana\/marine-peyreICE2.jpg?resize=500%2C500\" alt=\"MARINE PEYRE - COOKED IN MARSEILLE\" width=\"500\" height=\"500\" align=\"top\" border=\"0\" hspace=\"8\" \/><\/p>\n<p><a href=\"https:\/\/joyana.fr\/\">Deco-Design<\/a> : Nous avons remarqu\u00e9 que tu utilisez beaucoup le silicone dans tes cr\u00e9ations, quels rapport entretient du avec ce mat\u00e9riau ???<\/p>\n<p><strong>Marine Peyre<\/strong> : <em>J&#8217;ai un faible pour les mat\u00e9riaux innovants et qui peuvent \u00eatre d\u00e9plac\u00e9s d&#8217;un contexte . Le projet Lam&#8217;poule m&#8217;a permit de d\u00e9couvrir toutes les caract\u00e9ristiques techniques du silicone, et d&#8217;imaginer d&#8217;autres objets en relation avec ces atouts (comme la r\u00e9sistance \u00e0 la chaleur, la garantie alimentaire etc&#8230;) je suis aussi tr\u00e8s s\u00e9duite par le cot\u00e9 tactile et sensuel de la mati\u00e8re, et ses qualit\u00e9s chromatiques, entre la translucidit\u00e9 et la couleur<\/em>.<\/p>\n<p><a href=\"http:\/\/deco-design.fr-bb.com\/\">Deco-Design<\/a> : Quels sont tes projets en cours de r\u00e9alisation ?<\/p>\n<p><strong>Marine Peyre<\/strong> : <em>En ce moment je planche sur un petit ordinateur type notebook , une gamme de produits en relation avec l&#8217;esprit de la Provence, la suite du concept design to dance, et surtout un syst\u00e8me de mobilier modulable BFLEX que je met au point avec Domeau et Peres et pour lequel le cr\u00e9dit agricole PACA me soutient financi\u00e8rement\u00a0 (pr\u00e9sentation \u00e0 Milan en avril prochain)&#8230;<\/em><\/p>\n<p><img data-recalc-dims=\"1\" loading=\"lazy\" decoding=\"async\" src=\"https:\/\/i0.wp.com\/i2.photobucket.com\/albums\/y22\/joyana\/marine-peyre_0409.jpg?resize=500%2C375\" alt=\"MARINE PEYRE - COOKED IN MARSEILLE\" width=\"500\" height=\"375\" align=\"top\" border=\"0\" hspace=\"8\" \/><\/p>\n<p><a href=\"http:\/\/deco-design.fr-bb.com\/\">Deco-Design<\/a> : Quelles sont tes r\u00e9f\u00e9rences en design ?<\/p>\n<p><strong>Marine Peyre<\/strong> : <em>Mon ma\u00eetre \u00e0 penser est Joe Colombo, et mes chouchous depuis 10 ans, Droog Design !!!<\/em><\/p>\n<p><a href=\"http:\/\/deco-design.fr-bb.com\/\">Deco-Design<\/a> : Quels sont tes passions, tes loisirs, en dehors du design ? Un designer a-t-il une vie en dehors du design\u2026<\/p>\n<p><strong>Marine Peyre<\/strong> : <em>Nager, faire la f\u00eate, visiter des expos&#8230; Oui il y a une vie apr\u00e8s le design, car le design se nourrit de la vie !!!<\/em><\/p>\n<p><img data-recalc-dims=\"1\" loading=\"lazy\" decoding=\"async\" src=\"https:\/\/i0.wp.com\/i2.photobucket.com\/albums\/y22\/joyana\/marine-peyre-photo.jpg?resize=500%2C667\" alt=\"MARINE PEYRE - COOKED IN MARSEILLE\" width=\"500\" height=\"667\" align=\"top\" border=\"0\" hspace=\"8\" \/><\/p>\n<p style=\"text-align: center;\"><span style=\"color: #ebf0f1;\">En savoir + sur\u00a0<\/span><strong style=\"color: #ebf0f1;\"><a style=\"color: #e52776;\" title=\"MARINE PEYRE\" href=\"http:\/\/www.marinepeyre.com\/\" target=\"_blank\">Marine PEYRE<\/a><\/strong><\/p>\n","protected":false},"excerpt":{"rendered":"<p>Focus aujourd&#8217;hui sur la designer Marine Peyre !\u00a0Nous l&#8217;avons rencontr\u00e9 et interview\u00e9, pour l&#038;#821 [&hellip;]<\/p>\n","protected":false},"author":3,"featured_media":118016,"comment_status":"open","ping_status":"open","sticky":false,"template":"","format":"standard","meta":{"_coblocks_attr":"","_coblocks_dimensions":"","_coblocks_responsive_height":"","_coblocks_accordion_ie_support":"","_uag_custom_page_level_css":"","advgb_blocks_editor_width":"","advgb_blocks_columns_visual_guide":"","_genesis_hide_title":false,"_genesis_hide_breadcrumbs":false,"_genesis_hide_singular_image":false,"_genesis_hide_footer_widgets":false,"_genesis_custom_body_class":"","_genesis_custom_post_class":"","_genesis_layout":"","_themeisle_gutenberg_block_has_review":false,"_jetpack_newsletter_access":"","_jetpack_dont_email_post_to_subs":false,"_jetpack_newsletter_tier_id":0,"_jetpack_memberships_contains_paywalled_content":false,"_jetpack_memberships_contains_paid_content":false,"footnotes":""},"categories":[905,911],"tags":[78,912,31,913,914],"class_list":{"0":"post-103065","1":"post","2":"type-post","3":"status-publish","4":"format-standard","5":"has-post-thumbnail","7":"category-deco-design","8":"category-designer","9":"tag-design","10":"tag-droog-design","11":"tag-marseille","12":"tag-modulable","13":"tag-showroom","14":"entry"},"featured_image_urls":{"full":["https:\/\/i0.wp.com\/joyana.fr\/wp-content\/uploads\/2009\/11\/peyre.jpg?fit=1000%2C667&ssl=1",1000,667,false],"thumbnail":["https:\/\/i0.wp.com\/joyana.fr\/wp-content\/uploads\/2009\/11\/peyre.jpg?resize=150%2C150&ssl=1",150,150,true],"medium":["https:\/\/i0.wp.com\/joyana.fr\/wp-content\/uploads\/2009\/11\/peyre.jpg?fit=389%2C259&ssl=1",389,259,true],"medium_large":["https:\/\/i0.wp.com\/joyana.fr\/wp-content\/uploads\/2009\/11\/peyre.jpg?fit=768%2C512&ssl=1",768,512,true],"large":["https:\/\/i0.wp.com\/joyana.fr\/wp-content\/uploads\/2009\/11\/peyre.jpg?fit=1000%2C667&ssl=1",1000,667,true],"1536x1536":["https:\/\/i0.wp.com\/joyana.fr\/wp-content\/uploads\/2009\/11\/peyre.jpg?fit=1000%2C667&ssl=1",1000,667,true],"2048x2048":["https:\/\/i0.wp.com\/joyana.fr\/wp-content\/uploads\/2009\/11\/peyre.jpg?fit=1000%2C667&ssl=1",1000,667,true],"featured-thumb":["https:\/\/i0.wp.com\/joyana.fr\/wp-content\/uploads\/2009\/11\/peyre.jpg?resize=1000%2C667&ssl=1",1000,667,true],"ab-block-post-grid-landscape":["https:\/\/i0.wp.com\/joyana.fr\/wp-content\/uploads\/2009\/11\/peyre.jpg?resize=600%2C400&ssl=1",600,400,true],"ab-block-post-grid-square":["https:\/\/i0.wp.com\/joyana.fr\/wp-content\/uploads\/2009\/11\/peyre.jpg?resize=600%2C600&ssl=1",600,600,true],"author-pro-image":["https:\/\/i0.wp.com\/joyana.fr\/wp-content\/uploads\/2009\/11\/peyre.jpg?resize=360%2C570&ssl=1",360,570,true],"slider":["https:\/\/i0.wp.com\/joyana.fr\/wp-content\/uploads\/2009\/11\/peyre.jpg?resize=920%2C400&ssl=1",920,400,true],"woocommerce_thumbnail":["https:\/\/i0.wp.com\/joyana.fr\/wp-content\/uploads\/2009\/11\/peyre.jpg?resize=450%2C450&ssl=1",450,450,true],"woocommerce_single":["https:\/\/i0.wp.com\/joyana.fr\/wp-content\/uploads\/2009\/11\/peyre.jpg?fit=920%2C614&ssl=1",920,614,true],"woocommerce_gallery_thumbnail":["https:\/\/i0.wp.com\/joyana.fr\/wp-content\/uploads\/2009\/11\/peyre.jpg?resize=180%2C180&ssl=1",180,180,true],"sow-carousel-default":["https:\/\/i0.wp.com\/joyana.fr\/wp-content\/uploads\/2009\/11\/peyre.jpg?resize=272%2C182&ssl=1",272,182,true]},"post_excerpt_stackable":"<p>Focus aujourd&#8217;hui sur la designer Marine Peyre !\u00a0Nous l&#8217;avons rencontr\u00e9 et interview\u00e9, p&hellip;<\/p>\n","category_list":"<a href=\"https:\/\/joyana.fr\/ja\/category\/deco-design\/\" rel=\"category tag\">DECO-DESIGN<\/a>, <a href=\"https:\/\/joyana.fr\/ja\/category\/deco-design\/designer\/\" rel=\"category tag\">Designer<\/a>","author_info":{"display_name":"Jo Yana","author_link":"https:\/\/joyana.fr\/ja\/author\/joyana\/"},"comments_num":"18 comments","featured_image_urls_v2":{"full":["https:\/\/i0.wp.com\/joyana.fr\/wp-content\/uploads\/2009\/11\/peyre.jpg?fit=1000%2C667&ssl=1",1000,667,false],"thumbnail":["https:\/\/i0.wp.com\/joyana.fr\/wp-content\/uploads\/2009\/11\/peyre.jpg?resize=150%2C150&ssl=1",150,150,true],"medium":["https:\/\/i0.wp.com\/joyana.fr\/wp-content\/uploads\/2009\/11\/peyre.jpg?fit=389%2C259&ssl=1",389,259,true],"medium_large":["https:\/\/i0.wp.com\/joyana.fr\/wp-content\/uploads\/2009\/11\/peyre.jpg?fit=768%2C512&ssl=1",768,512,true],"large":["https:\/\/i0.wp.com\/joyana.fr\/wp-content\/uploads\/2009\/11\/peyre.jpg?fit=1000%2C667&ssl=1",1000,667,true],"1536x1536":["https:\/\/i0.wp.com\/joyana.fr\/wp-content\/uploads\/2009\/11\/peyre.jpg?fit=1000%2C667&ssl=1",1000,667,true],"2048x2048":["https:\/\/i0.wp.com\/joyana.fr\/wp-content\/uploads\/2009\/11\/peyre.jpg?fit=1000%2C667&ssl=1",1000,667,true],"featured-thumb":["https:\/\/i0.wp.com\/joyana.fr\/wp-content\/uploads\/2009\/11\/peyre.jpg?resize=1000%2C667&ssl=1",1000,667,true],"ab-block-post-grid-landscape":["https:\/\/i0.wp.com\/joyana.fr\/wp-content\/uploads\/2009\/11\/peyre.jpg?resize=600%2C400&ssl=1",600,400,true],"ab-block-post-grid-square":["https:\/\/i0.wp.com\/joyana.fr\/wp-content\/uploads\/2009\/11\/peyre.jpg?resize=600%2C600&ssl=1",600,600,true],"author-pro-image":["https:\/\/i0.wp.com\/joyana.fr\/wp-content\/uploads\/2009\/11\/peyre.jpg?resize=360%2C570&ssl=1",360,570,true],"slider":["https:\/\/i0.wp.com\/joyana.fr\/wp-content\/uploads\/2009\/11\/peyre.jpg?resize=920%2C400&ssl=1",920,400,true],"woocommerce_thumbnail":["https:\/\/i0.wp.com\/joyana.fr\/wp-content\/uploads\/2009\/11\/peyre.jpg?resize=450%2C450&ssl=1",450,450,true],"woocommerce_single":["https:\/\/i0.wp.com\/joyana.fr\/wp-content\/uploads\/2009\/11\/peyre.jpg?fit=920%2C614&ssl=1",920,614,true],"woocommerce_gallery_thumbnail":["https:\/\/i0.wp.com\/joyana.fr\/wp-content\/uploads\/2009\/11\/peyre.jpg?resize=180%2C180&ssl=1",180,180,true],"sow-carousel-default":["https:\/\/i0.wp.com\/joyana.fr\/wp-content\/uploads\/2009\/11\/peyre.jpg?resize=272%2C182&ssl=1",272,182,true]},"post_excerpt_stackable_v2":"<p>Focus aujourd&#8217;hui sur la designer Marine Peyre !\u00a0Nous l&#8217;avons rencontr\u00e9 et interview\u00e9, p&hellip;<\/p>\n","category_list_v2":"<a href=\"https:\/\/joyana.fr\/ja\/category\/deco-design\/\" rel=\"category tag\">DECO-DESIGN<\/a>, <a href=\"https:\/\/joyana.fr\/ja\/category\/deco-design\/designer\/\" rel=\"category tag\">Designer<\/a>","author_info_v2":{"name":"Jo Yana","url":"https:\/\/joyana.fr\/ja\/author\/joyana\/"},"comments_num_v2":"18 comments","yoast_head":"<!-- This site is optimized with the Yoast SEO plugin v26.8 - https:\/\/yoast.com\/product\/yoast-seo-wordpress\/ -->\n<title>Marine PEYRE - JO YANA<\/title>\n<meta name=\"robots\" content=\"index, follow, max-snippet:-1, max-image-preview:large, max-video-preview:-1\" \/>\n<link rel=\"canonical\" href=\"https:\/\/joyana.fr\/ja\/marine-peyre-studio-cooked-in-marseille\/103065\/\" \/>\n<meta property=\"og:locale\" content=\"ja_JP\" \/>\n<meta property=\"og:locale:alternate\" content=\"fr_FR\" \/>\n<meta property=\"og:locale:alternate\" content=\"en_US\" \/>\n<meta property=\"og:type\" content=\"article\" \/>\n<meta property=\"og:title\" content=\"Marine PEYRE - JO YANA\" \/>\n<meta property=\"og:description\" content=\"Focus aujourd&#8217;hui sur la designer Marine Peyre !\u00a0Nous l&#8217;avons rencontr\u00e9 et interview\u00e9, pour l&amp;#821 [&hellip;]\" \/>\n<meta property=\"og:url\" content=\"https:\/\/joyana.fr\/ja\/marine-peyre-studio-cooked-in-marseille\/103065\/\" \/>\n<meta property=\"og:site_name\" content=\"JO YANA\" \/>\n<meta property=\"article:published_time\" content=\"2009-11-04T05:13:55+00:00\" \/>\n<meta property=\"og:image\" content=\"https:\/\/joyana.fr\/wp-content\/uploads\/2009\/11\/peyre.jpg\" \/>\n\t<meta property=\"og:image:width\" content=\"1000\" \/>\n\t<meta property=\"og:image:height\" content=\"667\" \/>\n\t<meta property=\"og:image:type\" content=\"image\/jpeg\" \/>\n<meta name=\"author\" content=\"Jo Yana\" \/>\n<meta name=\"twitter:card\" content=\"summary_large_image\" \/>\n<meta name=\"twitter:creator\" content=\"@Jo_Yana\" \/>\n<meta name=\"twitter:site\" content=\"@Jo_Yana\" \/>\n<meta name=\"twitter:label1\" content=\"\u57f7\u7b46\u8005\" \/>\n\t<meta name=\"twitter:data1\" content=\"Jo Yana\" \/>\n\t<meta name=\"twitter:label2\" content=\"\u63a8\u5b9a\u8aad\u307f\u53d6\u308a\u6642\u9593\" \/>\n\t<meta name=\"twitter:data2\" content=\"4\u5206\" \/>\n<script type=\"application\/ld+json\" class=\"yoast-schema-graph\">{\"@context\":\"https:\/\/schema.org\",\"@graph\":[{\"@type\":\"Article\",\"@id\":\"https:\/\/joyana.fr\/en\/marine-peyre-studio-cooked-in-marseille\/103065\/#article\",\"isPartOf\":{\"@id\":\"https:\/\/joyana.fr\/en\/marine-peyre-studio-cooked-in-marseille\/103065\/\"},\"author\":{\"name\":\"Jo Yana\",\"@id\":\"https:\/\/www.joyana.fr\/ja\/#\/schema\/person\/cf2a1ad12a27c12c21801075bf37407c\"},\"headline\":\"Marine PEYRE\",\"datePublished\":\"2009-11-04T05:13:55+00:00\",\"mainEntityOfPage\":{\"@id\":\"https:\/\/joyana.fr\/en\/marine-peyre-studio-cooked-in-marseille\/103065\/\"},\"wordCount\":885,\"commentCount\":0,\"publisher\":{\"@id\":\"https:\/\/www.joyana.fr\/ja\/#\/schema\/person\/cf2a1ad12a27c12c21801075bf37407c\"},\"image\":{\"@id\":\"https:\/\/joyana.fr\/en\/marine-peyre-studio-cooked-in-marseille\/103065\/#primaryimage\"},\"thumbnailUrl\":\"https:\/\/i0.wp.com\/joyana.fr\/wp-content\/uploads\/2009\/11\/peyre.jpg?fit=1000%2C667&ssl=1\",\"keywords\":[\"DESIGN\",\"Droog Design\",\"Marseille\",\"Modulable\",\"Showroom\"],\"articleSection\":[\"DECO-DESIGN\",\"Designer\"],\"inLanguage\":\"ja\",\"potentialAction\":[{\"@type\":\"CommentAction\",\"name\":\"Comment\",\"target\":[\"https:\/\/joyana.fr\/en\/marine-peyre-studio-cooked-in-marseille\/103065\/#respond\"]}]},{\"@type\":\"WebPage\",\"@id\":\"https:\/\/joyana.fr\/en\/marine-peyre-studio-cooked-in-marseille\/103065\/\",\"url\":\"https:\/\/joyana.fr\/en\/marine-peyre-studio-cooked-in-marseille\/103065\/\",\"name\":\"Marine PEYRE - JO YANA\",\"isPartOf\":{\"@id\":\"https:\/\/www.joyana.fr\/ja\/#website\"},\"primaryImageOfPage\":{\"@id\":\"https:\/\/joyana.fr\/en\/marine-peyre-studio-cooked-in-marseille\/103065\/#primaryimage\"},\"image\":{\"@id\":\"https:\/\/joyana.fr\/en\/marine-peyre-studio-cooked-in-marseille\/103065\/#primaryimage\"},\"thumbnailUrl\":\"https:\/\/i0.wp.com\/joyana.fr\/wp-content\/uploads\/2009\/11\/peyre.jpg?fit=1000%2C667&ssl=1\",\"datePublished\":\"2009-11-04T05:13:55+00:00\",\"breadcrumb\":{\"@id\":\"https:\/\/joyana.fr\/en\/marine-peyre-studio-cooked-in-marseille\/103065\/#breadcrumb\"},\"inLanguage\":\"ja\",\"potentialAction\":[{\"@type\":\"ReadAction\",\"target\":[\"https:\/\/joyana.fr\/en\/marine-peyre-studio-cooked-in-marseille\/103065\/\"]}]},{\"@type\":\"ImageObject\",\"inLanguage\":\"ja\",\"@id\":\"https:\/\/joyana.fr\/en\/marine-peyre-studio-cooked-in-marseille\/103065\/#primaryimage\",\"url\":\"https:\/\/i0.wp.com\/joyana.fr\/wp-content\/uploads\/2009\/11\/peyre.jpg?fit=1000%2C667&ssl=1\",\"contentUrl\":\"https:\/\/i0.wp.com\/joyana.fr\/wp-content\/uploads\/2009\/11\/peyre.jpg?fit=1000%2C667&ssl=1\",\"width\":1000,\"height\":667},{\"@type\":\"BreadcrumbList\",\"@id\":\"https:\/\/joyana.fr\/en\/marine-peyre-studio-cooked-in-marseille\/103065\/#breadcrumb\",\"itemListElement\":[{\"@type\":\"ListItem\",\"position\":1,\"name\":\"Accueil\",\"item\":\"https:\/\/www.joyana.fr\/ja\/\"},{\"@type\":\"ListItem\",\"position\":2,\"name\":\"Marine PEYRE\"}]},{\"@type\":\"WebSite\",\"@id\":\"https:\/\/www.joyana.fr\/ja\/#website\",\"url\":\"https:\/\/www.joyana.fr\/ja\/\",\"name\":\"JO YANA\",\"description\":\"Blog Mode Homme, Lifestyle, D\u00e9co-Design\",\"publisher\":{\"@id\":\"https:\/\/www.joyana.fr\/ja\/#\/schema\/person\/cf2a1ad12a27c12c21801075bf37407c\"},\"potentialAction\":[{\"@type\":\"SearchAction\",\"target\":{\"@type\":\"EntryPoint\",\"urlTemplate\":\"https:\/\/www.joyana.fr\/ja\/?s={search_term_string}\"},\"query-input\":{\"@type\":\"PropertyValueSpecification\",\"valueRequired\":true,\"valueName\":\"search_term_string\"}}],\"inLanguage\":\"ja\"},{\"@type\":[\"Person\",\"Organization\"],\"@id\":\"https:\/\/www.joyana.fr\/ja\/#\/schema\/person\/cf2a1ad12a27c12c21801075bf37407c\",\"name\":\"Jo Yana\",\"image\":{\"@type\":\"ImageObject\",\"inLanguage\":\"ja\",\"@id\":\"https:\/\/www.joyana.fr\/ja\/#\/schema\/person\/image\/\",\"url\":\"https:\/\/i0.wp.com\/joyana.fr\/wp-content\/uploads\/2016\/08\/cropped-joyana-logo-black-360x180.png?fit=343%2C164&ssl=1\",\"contentUrl\":\"https:\/\/i0.wp.com\/joyana.fr\/wp-content\/uploads\/2016\/08\/cropped-joyana-logo-black-360x180.png?fit=343%2C164&ssl=1\",\"width\":343,\"height\":164,\"caption\":\"Jo Yana\"},\"logo\":{\"@id\":\"https:\/\/www.joyana.fr\/ja\/#\/schema\/person\/image\/\"},\"description\":\"Jo Yana est le cr\u00e9ateur et r\u00e9dacteur en chef des sites DECO-DESIGN. Passionn\u00e9 de Design, Mode, Photo, Luxe, Lifestyle, Musique, mais avant tout Blogueur ! Le plaisir de partager l'anime et a comme devise \\\"POUR L'AMOUR DU BEAU\\\". Retrouvez le aussi sur son blog personnel - https:\/\/joyana.fr...\",\"sameAs\":[\"https:\/\/joyana.fr\/\"],\"url\":\"https:\/\/joyana.fr\/ja\/author\/joyana\/\"}]}<\/script>\n<!-- \/ Yoast SEO plugin. -->","yoast_head_json":{"title":"Marine PEYRE - JO YANA","robots":{"index":"index","follow":"follow","max-snippet":"max-snippet:-1","max-image-preview":"max-image-preview:large","max-video-preview":"max-video-preview:-1"},"canonical":"https:\/\/joyana.fr\/ja\/marine-peyre-studio-cooked-in-marseille\/103065\/","og_locale":"ja_JP","og_type":"article","og_title":"Marine PEYRE - JO YANA","og_description":"Focus aujourd&#8217;hui sur la designer Marine Peyre !\u00a0Nous l&#8217;avons rencontr\u00e9 et interview\u00e9, pour l&#821 [&hellip;]","og_url":"https:\/\/joyana.fr\/ja\/marine-peyre-studio-cooked-in-marseille\/103065\/","og_site_name":"JO YANA","article_published_time":"2009-11-04T05:13:55+00:00","og_image":[{"width":1000,"height":667,"url":"https:\/\/joyana.fr\/wp-content\/uploads\/2009\/11\/peyre.jpg","type":"image\/jpeg"}],"author":"Jo Yana","twitter_card":"summary_large_image","twitter_creator":"@Jo_Yana","twitter_site":"@Jo_Yana","twitter_misc":{"\u57f7\u7b46\u8005":"Jo Yana","\u63a8\u5b9a\u8aad\u307f\u53d6\u308a\u6642\u9593":"4\u5206"},"schema":{"@context":"https:\/\/schema.org","@graph":[{"@type":"Article","@id":"https:\/\/joyana.fr\/en\/marine-peyre-studio-cooked-in-marseille\/103065\/#article","isPartOf":{"@id":"https:\/\/joyana.fr\/en\/marine-peyre-studio-cooked-in-marseille\/103065\/"},"author":{"name":"Jo Yana","@id":"https:\/\/www.joyana.fr\/ja\/#\/schema\/person\/cf2a1ad12a27c12c21801075bf37407c"},"headline":"Marine PEYRE","datePublished":"2009-11-04T05:13:55+00:00","mainEntityOfPage":{"@id":"https:\/\/joyana.fr\/en\/marine-peyre-studio-cooked-in-marseille\/103065\/"},"wordCount":885,"commentCount":0,"publisher":{"@id":"https:\/\/www.joyana.fr\/ja\/#\/schema\/person\/cf2a1ad12a27c12c21801075bf37407c"},"image":{"@id":"https:\/\/joyana.fr\/en\/marine-peyre-studio-cooked-in-marseille\/103065\/#primaryimage"},"thumbnailUrl":"https:\/\/i0.wp.com\/joyana.fr\/wp-content\/uploads\/2009\/11\/peyre.jpg?fit=1000%2C667&ssl=1","keywords":["DESIGN","Droog Design","Marseille","Modulable","Showroom"],"articleSection":["DECO-DESIGN","Designer"],"inLanguage":"ja","potentialAction":[{"@type":"CommentAction","name":"Comment","target":["https:\/\/joyana.fr\/en\/marine-peyre-studio-cooked-in-marseille\/103065\/#respond"]}]},{"@type":"WebPage","@id":"https:\/\/joyana.fr\/en\/marine-peyre-studio-cooked-in-marseille\/103065\/","url":"https:\/\/joyana.fr\/en\/marine-peyre-studio-cooked-in-marseille\/103065\/","name":"Marine PEYRE - JO YANA","isPartOf":{"@id":"https:\/\/www.joyana.fr\/ja\/#website"},"primaryImageOfPage":{"@id":"https:\/\/joyana.fr\/en\/marine-peyre-studio-cooked-in-marseille\/103065\/#primaryimage"},"image":{"@id":"https:\/\/joyana.fr\/en\/marine-peyre-studio-cooked-in-marseille\/103065\/#primaryimage"},"thumbnailUrl":"https:\/\/i0.wp.com\/joyana.fr\/wp-content\/uploads\/2009\/11\/peyre.jpg?fit=1000%2C667&ssl=1","datePublished":"2009-11-04T05:13:55+00:00","breadcrumb":{"@id":"https:\/\/joyana.fr\/en\/marine-peyre-studio-cooked-in-marseille\/103065\/#breadcrumb"},"inLanguage":"ja","potentialAction":[{"@type":"ReadAction","target":["https:\/\/joyana.fr\/en\/marine-peyre-studio-cooked-in-marseille\/103065\/"]}]},{"@type":"ImageObject","inLanguage":"ja","@id":"https:\/\/joyana.fr\/en\/marine-peyre-studio-cooked-in-marseille\/103065\/#primaryimage","url":"https:\/\/i0.wp.com\/joyana.fr\/wp-content\/uploads\/2009\/11\/peyre.jpg?fit=1000%2C667&ssl=1","contentUrl":"https:\/\/i0.wp.com\/joyana.fr\/wp-content\/uploads\/2009\/11\/peyre.jpg?fit=1000%2C667&ssl=1","width":1000,"height":667},{"@type":"BreadcrumbList","@id":"https:\/\/joyana.fr\/en\/marine-peyre-studio-cooked-in-marseille\/103065\/#breadcrumb","itemListElement":[{"@type":"ListItem","position":1,"name":"Accueil","item":"https:\/\/www.joyana.fr\/ja\/"},{"@type":"ListItem","position":2,"name":"Marine PEYRE"}]},{"@type":"WebSite","@id":"https:\/\/www.joyana.fr\/ja\/#website","url":"https:\/\/www.joyana.fr\/ja\/","name":"JO YANA","description":"Blog Mode Homme, Lifestyle, D\u00e9co-Design","publisher":{"@id":"https:\/\/www.joyana.fr\/ja\/#\/schema\/person\/cf2a1ad12a27c12c21801075bf37407c"},"potentialAction":[{"@type":"SearchAction","target":{"@type":"EntryPoint","urlTemplate":"https:\/\/www.joyana.fr\/ja\/?s={search_term_string}"},"query-input":{"@type":"PropertyValueSpecification","valueRequired":true,"valueName":"search_term_string"}}],"inLanguage":"ja"},{"@type":["Person","Organization"],"@id":"https:\/\/www.joyana.fr\/ja\/#\/schema\/person\/cf2a1ad12a27c12c21801075bf37407c","name":"Jo Yana","image":{"@type":"ImageObject","inLanguage":"ja","@id":"https:\/\/www.joyana.fr\/ja\/#\/schema\/person\/image\/","url":"https:\/\/i0.wp.com\/joyana.fr\/wp-content\/uploads\/2016\/08\/cropped-joyana-logo-black-360x180.png?fit=343%2C164&ssl=1","contentUrl":"https:\/\/i0.wp.com\/joyana.fr\/wp-content\/uploads\/2016\/08\/cropped-joyana-logo-black-360x180.png?fit=343%2C164&ssl=1","width":343,"height":164,"caption":"Jo Yana"},"logo":{"@id":"https:\/\/www.joyana.fr\/ja\/#\/schema\/person\/image\/"},"description":"Jo Yana est le cr\u00e9ateur et r\u00e9dacteur en chef des sites DECO-DESIGN. Passionn\u00e9 de Design, Mode, Photo, Luxe, Lifestyle, Musique, mais avant tout Blogueur ! Le plaisir de partager l'anime et a comme devise \"POUR L'AMOUR DU BEAU\". Retrouvez le aussi sur son blog personnel - https:\/\/joyana.fr...","sameAs":["https:\/\/joyana.fr\/"],"url":"https:\/\/joyana.fr\/ja\/author\/joyana\/"}]}},"author_meta":{"display_name":"Jo Yana","author_link":"https:\/\/joyana.fr\/ja\/author\/joyana\/"},"featured_img":"https:\/\/i0.wp.com\/joyana.fr\/wp-content\/uploads\/2009\/11\/peyre.jpg?fit=389%2C259&ssl=1","featured_image_src":"https:\/\/i0.wp.com\/joyana.fr\/wp-content\/uploads\/2009\/11\/peyre.jpg?resize=600%2C400&ssl=1","featured_image_src_square":"https:\/\/i0.wp.com\/joyana.fr\/wp-content\/uploads\/2009\/11\/peyre.jpg?resize=600%2C600&ssl=1","jetpack_featured_media_url":"https:\/\/i0.wp.com\/joyana.fr\/wp-content\/uploads\/2009\/11\/peyre.jpg?fit=1000%2C667&ssl=1","uagb_featured_image_src":{"full":["https:\/\/i0.wp.com\/joyana.fr\/wp-content\/uploads\/2009\/11\/peyre.jpg?fit=1000%2C667&ssl=1",1000,667,false],"thumbnail":["https:\/\/i0.wp.com\/joyana.fr\/wp-content\/uploads\/2009\/11\/peyre.jpg?resize=150%2C150&ssl=1",150,150,true],"medium":["https:\/\/i0.wp.com\/joyana.fr\/wp-content\/uploads\/2009\/11\/peyre.jpg?fit=389%2C259&ssl=1",389,259,true],"medium_large":["https:\/\/i0.wp.com\/joyana.fr\/wp-content\/uploads\/2009\/11\/peyre.jpg?fit=768%2C512&ssl=1",768,512,true],"large":["https:\/\/i0.wp.com\/joyana.fr\/wp-content\/uploads\/2009\/11\/peyre.jpg?fit=1000%2C667&ssl=1",1000,667,true],"1536x1536":["https:\/\/i0.wp.com\/joyana.fr\/wp-content\/uploads\/2009\/11\/peyre.jpg?fit=1000%2C667&ssl=1",1000,667,true],"2048x2048":["https:\/\/i0.wp.com\/joyana.fr\/wp-content\/uploads\/2009\/11\/peyre.jpg?fit=1000%2C667&ssl=1",1000,667,true],"featured-thumb":["https:\/\/i0.wp.com\/joyana.fr\/wp-content\/uploads\/2009\/11\/peyre.jpg?resize=1000%2C667&ssl=1",1000,667,true],"ab-block-post-grid-landscape":["https:\/\/i0.wp.com\/joyana.fr\/wp-content\/uploads\/2009\/11\/peyre.jpg?resize=600%2C400&ssl=1",600,400,true],"ab-block-post-grid-square":["https:\/\/i0.wp.com\/joyana.fr\/wp-content\/uploads\/2009\/11\/peyre.jpg?resize=600%2C600&ssl=1",600,600,true],"author-pro-image":["https:\/\/i0.wp.com\/joyana.fr\/wp-content\/uploads\/2009\/11\/peyre.jpg?resize=360%2C570&ssl=1",360,570,true],"slider":["https:\/\/i0.wp.com\/joyana.fr\/wp-content\/uploads\/2009\/11\/peyre.jpg?resize=920%2C400&ssl=1",920,400,true],"woocommerce_thumbnail":["https:\/\/i0.wp.com\/joyana.fr\/wp-content\/uploads\/2009\/11\/peyre.jpg?resize=450%2C450&ssl=1",450,450,true],"woocommerce_single":["https:\/\/i0.wp.com\/joyana.fr\/wp-content\/uploads\/2009\/11\/peyre.jpg?fit=920%2C614&ssl=1",920,614,true],"woocommerce_gallery_thumbnail":["https:\/\/i0.wp.com\/joyana.fr\/wp-content\/uploads\/2009\/11\/peyre.jpg?resize=180%2C180&ssl=1",180,180,true],"sow-carousel-default":["https:\/\/i0.wp.com\/joyana.fr\/wp-content\/uploads\/2009\/11\/peyre.jpg?resize=272%2C182&ssl=1",272,182,true]},"uagb_author_info":{"display_name":"Jo Yana","author_link":"https:\/\/joyana.fr\/ja\/author\/joyana\/"},"uagb_comment_info":18,"uagb_excerpt":"Focus aujourd&#8217;hui sur la designer Marine Peyre !\u00a0&hellip;","coauthors":[],"tax_additional":{"categories":{"linked":["<a href=\"https:\/\/joyana.fr\/ja\/category\/deco-design\/\" class=\"advgb-post-tax-term\">DECO-DESIGN<\/a>","<a href=\"https:\/\/joyana.fr\/ja\/category\/deco-design\/designer\/\" class=\"advgb-post-tax-term\">Designer<\/a>"],"unlinked":["<span class=\"advgb-post-tax-term\">DECO-DESIGN<\/span>","<span class=\"advgb-post-tax-term\">Designer<\/span>"]},"tags":{"linked":["<a href=\"https:\/\/joyana.fr\/ja\/category\/deco-design\/designer\/\" class=\"advgb-post-tax-term\">DESIGN<\/a>","<a href=\"https:\/\/joyana.fr\/ja\/category\/deco-design\/designer\/\" class=\"advgb-post-tax-term\">Droog Design<\/a>","<a href=\"https:\/\/joyana.fr\/ja\/category\/deco-design\/designer\/\" class=\"advgb-post-tax-term\">Marseille<\/a>","<a href=\"https:\/\/joyana.fr\/ja\/category\/deco-design\/designer\/\" class=\"advgb-post-tax-term\">Modulable<\/a>","<a href=\"https:\/\/joyana.fr\/ja\/category\/deco-design\/designer\/\" class=\"advgb-post-tax-term\">Showroom<\/a>"],"unlinked":["<span class=\"advgb-post-tax-term\">DESIGN<\/span>","<span class=\"advgb-post-tax-term\">Droog Design<\/span>","<span class=\"advgb-post-tax-term\">Marseille<\/span>","<span class=\"advgb-post-tax-term\">Modulable<\/span>","<span class=\"advgb-post-tax-term\">Showroom<\/span>"]}},"comment_count":18,"relative_dates":{"created":"Posted 16\u5e74 ago","modified":"Updated 16\u5e74 ago"},"absolute_dates":{"created":"Posted on 4 11\u6708 2009","modified":"Updated on 4 11\u6708 2009"},"absolute_dates_time":{"created":"Posted on 4 11\u6708 2009 6:13","modified":"Updated on 4 11\u6708 2009 6:13"},"featured_img_caption":"","series_order":"","jetpack_sharing_enabled":true,"jetpack_shortlink":"https:\/\/wp.me\/p9bteI-qOl","jetpack-related-posts":[],"_links":{"self":[{"href":"https:\/\/joyana.fr\/ja\/wp-json\/wp\/v2\/posts\/103065","targetHints":{"allow":["GET"]}}],"collection":[{"href":"https:\/\/joyana.fr\/ja\/wp-json\/wp\/v2\/posts"}],"about":[{"href":"https:\/\/joyana.fr\/ja\/wp-json\/wp\/v2\/types\/post"}],"author":[{"embeddable":true,"href":"https:\/\/joyana.fr\/ja\/wp-json\/wp\/v2\/users\/3"}],"replies":[{"embeddable":true,"href":"https:\/\/joyana.fr\/ja\/wp-json\/wp\/v2\/comments?post=103065"}],"version-history":[{"count":0,"href":"https:\/\/joyana.fr\/ja\/wp-json\/wp\/v2\/posts\/103065\/revisions"}],"wp:featuredmedia":[{"embeddable":true,"href":"https:\/\/joyana.fr\/ja\/wp-json\/wp\/v2\/media\/118016"}],"wp:attachment":[{"href":"https:\/\/joyana.fr\/ja\/wp-json\/wp\/v2\/media?parent=103065"}],"wp:term":[{"taxonomy":"category","embeddable":true,"href":"https:\/\/joyana.fr\/ja\/wp-json\/wp\/v2\/categories?post=103065"},{"taxonomy":"post_tag","embeddable":true,"href":"https:\/\/joyana.fr\/ja\/wp-json\/wp\/v2\/tags?post=103065"}],"curies":[{"name":"wp","href":"https:\/\/api.w.org\/{rel}","templated":true}]}}