{"id":103066,"date":"2009-11-05T17:25:54","date_gmt":"2009-11-05T16:25:54","guid":{"rendered":"https:\/\/joyana.fr\/%c2%ab-design-for-life-%c2%bb-episode-5-6-by-philippe-starck\/"},"modified":"2009-11-05T17:25:54","modified_gmt":"2009-11-05T16:25:54","slug":"design-for-life-6-philippe-starck","status":"publish","type":"post","link":"https:\/\/joyana.fr\/ja\/design-for-life-6-philippe-starck\/103066\/","title":{"rendered":"\u00ab Design For Life \u00bb Episode 6 by Philippe STARCK"},"content":{"rendered":"<p>Il est tout chaud, <strong>l&#8217;\u00e9pisode 6<\/strong> de la Real TV <strong>\u00ab Design For Life \u00bb<\/strong> avec notre <strong>designer<\/strong> national <strong>Philippe Starck<\/strong>&#8230;<\/p>\n<p><img data-recalc-dims=\"1\" fetchpriority=\"high\" decoding=\"async\" src=\"https:\/\/i0.wp.com\/i2.photobucket.com\/albums\/y22\/joyana\/STARCK_DESIGN_FOR_LIFE-1.jpg?resize=500%2C270\" border=\"0\" alt=\"Design For Life by Philippe STARCK\" hspace=\"8\" width=\"500\" height=\"270\" align=\"top\" \/><\/p>\n<p><span style=\"color: #000000;\">.<\/span><\/p>\n<p><span> <\/span> <object classid=\"clsid:d27cdb6e-ae6d-11cf-96b8-444553540000\" width=\"520\" height=\"286\" codebase=\"http:\/\/download.macromedia.com\/pub\/shockwave\/cabs\/flash\/swflash.cab#version=6,0,40,0\"><param name=\"src\" value=\"http:\/\/vimeo.com\/moogaloop.swf?clip_id=7232828&#038;server=vimeo.com&#038;show_title=1&#038;show_byline=0&#038;show_portrait=0&#038;color=00ADEF&#038;fullscreen=1\" \/><param name=\"allowfullscreen\" value=\"true\" \/><\/object><br \/>\n<span style=\"color: #000000;\">.<\/span><br \/>\nA lire aussi :<br \/>\n<span style=\"color: #000000;\">.<\/span><br \/>\n<a href=\"https:\/\/joyana.fr\/design-for-life-by-philippe-starck\/\"><\/a><a href=\"https:\/\/joyana.fr\/design-for-life-by-philippe-starck\/\">\u00ab Design For Life \u00bb by Philippe STARCK<\/a><br \/>\n<span style=\"color: #000000;\">.<\/span><br \/>\n<a href=\"https:\/\/joyana.fr\/%C2%AB-design-for-life-%C2%BB-episode-2345-by-philippe-starck\/\">\u00ab Design For Life \u00bb Episode 2,3,4,5 by Philippe STARCK <\/a><span style=\"color: #000000;\">.<\/span><\/p>\n<p>&#8212;&#8212;&#8212;&#8212;<\/p>\n<p><a title=\"JO YANA\" href=\"https:\/\/joyana.fr\/\">Jo Yana <\/a><\/p>\n","protected":false},"excerpt":{"rendered":"<p>Il est tout chaud, l&#8217;\u00e9pisode 6 de la Real TV \u00ab Design For Life \u00bb avec notre designer national Philippe S [&hellip;]<\/p>\n","protected":false},"author":3,"featured_media":122186,"comment_status":"open","ping_status":"open","sticky":false,"template":"","format":"standard","meta":{"_coblocks_attr":"","_coblocks_dimensions":"","_coblocks_responsive_height":"","_coblocks_accordion_ie_support":"","_uag_custom_page_level_css":"","advgb_blocks_editor_width":"","advgb_blocks_columns_visual_guide":"","_genesis_hide_title":false,"_genesis_hide_breadcrumbs":false,"_genesis_hide_singular_image":false,"_genesis_hide_footer_widgets":false,"_genesis_custom_body_class":"","_genesis_custom_post_class":"","_genesis_layout":"","_themeisle_gutenberg_block_has_review":false,"_jetpack_newsletter_access":"","_jetpack_dont_email_post_to_subs":false,"_jetpack_newsletter_tier_id":0,"_jetpack_memberships_contains_paywalled_content":false,"_jetpack_memberships_contains_paid_content":false,"footnotes":""},"categories":[905,911,915,916],"tags":[9],"class_list":{"0":"post-103066","1":"post","2":"type-post","3":"status-publish","4":"format-standard","5":"has-post-thumbnail","7":"category-deco-design","8":"category-designer","9":"category-emission-tv","10":"category-philippe-starck","11":"tag-starck","12":"entry"},"featured_image_urls":{"full":["https:\/\/i0.wp.com\/joyana.fr\/wp-content\/uploads\/2009\/11\/STARCK_DESIGN_FOR_LIFE-1.jpg?fit=500%2C270&ssl=1",500,270,false],"thumbnail":["https:\/\/i0.wp.com\/joyana.fr\/wp-content\/uploads\/2009\/11\/STARCK_DESIGN_FOR_LIFE-1.jpg?resize=150%2C150&ssl=1",150,150,true],"medium":["https:\/\/i0.wp.com\/joyana.fr\/wp-content\/uploads\/2009\/11\/STARCK_DESIGN_FOR_LIFE-1.jpg?fit=389%2C210&ssl=1",389,210,true],"medium_large":["https:\/\/i0.wp.com\/joyana.fr\/wp-content\/uploads\/2009\/11\/STARCK_DESIGN_FOR_LIFE-1.jpg?fit=500%2C270&ssl=1",500,270,true],"large":["https:\/\/i0.wp.com\/joyana.fr\/wp-content\/uploads\/2009\/11\/STARCK_DESIGN_FOR_LIFE-1.jpg?fit=500%2C270&ssl=1",500,270,true],"1536x1536":["https:\/\/i0.wp.com\/joyana.fr\/wp-content\/uploads\/2009\/11\/STARCK_DESIGN_FOR_LIFE-1.jpg?fit=500%2C270&ssl=1",500,270,true],"2048x2048":["https:\/\/i0.wp.com\/joyana.fr\/wp-content\/uploads\/2009\/11\/STARCK_DESIGN_FOR_LIFE-1.jpg?fit=500%2C270&ssl=1",500,270,true],"featured-thumb":["https:\/\/i0.wp.com\/joyana.fr\/wp-content\/uploads\/2009\/11\/STARCK_DESIGN_FOR_LIFE-1.jpg?resize=500%2C270&ssl=1",500,270,true],"ab-block-post-grid-landscape":["https:\/\/i0.wp.com\/joyana.fr\/wp-content\/uploads\/2009\/11\/STARCK_DESIGN_FOR_LIFE-1.jpg?resize=500%2C270&ssl=1",500,270,true],"ab-block-post-grid-square":["https:\/\/i0.wp.com\/joyana.fr\/wp-content\/uploads\/2009\/11\/STARCK_DESIGN_FOR_LIFE-1.jpg?resize=500%2C270&ssl=1",500,270,true],"author-pro-image":["https:\/\/i0.wp.com\/joyana.fr\/wp-content\/uploads\/2009\/11\/STARCK_DESIGN_FOR_LIFE-1.jpg?resize=360%2C270&ssl=1",360,270,true],"slider":["https:\/\/i0.wp.com\/joyana.fr\/wp-content\/uploads\/2009\/11\/STARCK_DESIGN_FOR_LIFE-1.jpg?resize=500%2C270&ssl=1",500,270,true],"woocommerce_thumbnail":["https:\/\/i0.wp.com\/joyana.fr\/wp-content\/uploads\/2009\/11\/STARCK_DESIGN_FOR_LIFE-1.jpg?resize=450%2C270&ssl=1",450,270,true],"woocommerce_single":["https:\/\/i0.wp.com\/joyana.fr\/wp-content\/uploads\/2009\/11\/STARCK_DESIGN_FOR_LIFE-1.jpg?fit=500%2C270&ssl=1",500,270,true],"woocommerce_gallery_thumbnail":["https:\/\/i0.wp.com\/joyana.fr\/wp-content\/uploads\/2009\/11\/STARCK_DESIGN_FOR_LIFE-1.jpg?resize=180%2C180&ssl=1",180,180,true],"sow-carousel-default":["https:\/\/i0.wp.com\/joyana.fr\/wp-content\/uploads\/2009\/11\/STARCK_DESIGN_FOR_LIFE-1.jpg?resize=272%2C182&ssl=1",272,182,true]},"post_excerpt_stackable":"<p>Il est tout chaud, l&#8217;\u00e9pisode 6 de la Real TV \u00ab Design For Life \u00bb avec notre designer national &hellip;<\/p>\n","category_list":"<a href=\"https:\/\/joyana.fr\/ja\/category\/deco-design\/\" rel=\"category tag\">DECO-DESIGN<\/a>, <a href=\"https:\/\/joyana.fr\/ja\/category\/deco-design\/designer\/\" rel=\"category tag\">Designer<\/a>, <a href=\"https:\/\/joyana.fr\/ja\/category\/deco-design\/actualite\/emission-tv\/\" rel=\"category tag\">Emission TV<\/a>, <a href=\"https:\/\/joyana.fr\/ja\/category\/deco-design\/designer\/philippe-starck\/\" rel=\"category tag\">Philippe STARCK<\/a>","author_info":{"display_name":"Jo Yana","author_link":"https:\/\/joyana.fr\/ja\/author\/joyana\/"},"comments_num":"5 comments","featured_image_urls_v2":{"full":["https:\/\/i0.wp.com\/joyana.fr\/wp-content\/uploads\/2009\/11\/STARCK_DESIGN_FOR_LIFE-1.jpg?fit=500%2C270&ssl=1",500,270,false],"thumbnail":["https:\/\/i0.wp.com\/joyana.fr\/wp-content\/uploads\/2009\/11\/STARCK_DESIGN_FOR_LIFE-1.jpg?resize=150%2C150&ssl=1",150,150,true],"medium":["https:\/\/i0.wp.com\/joyana.fr\/wp-content\/uploads\/2009\/11\/STARCK_DESIGN_FOR_LIFE-1.jpg?fit=389%2C210&ssl=1",389,210,true],"medium_large":["https:\/\/i0.wp.com\/joyana.fr\/wp-content\/uploads\/2009\/11\/STARCK_DESIGN_FOR_LIFE-1.jpg?fit=500%2C270&ssl=1",500,270,true],"large":["https:\/\/i0.wp.com\/joyana.fr\/wp-content\/uploads\/2009\/11\/STARCK_DESIGN_FOR_LIFE-1.jpg?fit=500%2C270&ssl=1",500,270,true],"1536x1536":["https:\/\/i0.wp.com\/joyana.fr\/wp-content\/uploads\/2009\/11\/STARCK_DESIGN_FOR_LIFE-1.jpg?fit=500%2C270&ssl=1",500,270,true],"2048x2048":["https:\/\/i0.wp.com\/joyana.fr\/wp-content\/uploads\/2009\/11\/STARCK_DESIGN_FOR_LIFE-1.jpg?fit=500%2C270&ssl=1",500,270,true],"featured-thumb":["https:\/\/i0.wp.com\/joyana.fr\/wp-content\/uploads\/2009\/11\/STARCK_DESIGN_FOR_LIFE-1.jpg?resize=500%2C270&ssl=1",500,270,true],"ab-block-post-grid-landscape":["https:\/\/i0.wp.com\/joyana.fr\/wp-content\/uploads\/2009\/11\/STARCK_DESIGN_FOR_LIFE-1.jpg?resize=500%2C270&ssl=1",500,270,true],"ab-block-post-grid-square":["https:\/\/i0.wp.com\/joyana.fr\/wp-content\/uploads\/2009\/11\/STARCK_DESIGN_FOR_LIFE-1.jpg?resize=500%2C270&ssl=1",500,270,true],"author-pro-image":["https:\/\/i0.wp.com\/joyana.fr\/wp-content\/uploads\/2009\/11\/STARCK_DESIGN_FOR_LIFE-1.jpg?resize=360%2C270&ssl=1",360,270,true],"slider":["https:\/\/i0.wp.com\/joyana.fr\/wp-content\/uploads\/2009\/11\/STARCK_DESIGN_FOR_LIFE-1.jpg?resize=500%2C270&ssl=1",500,270,true],"woocommerce_thumbnail":["https:\/\/i0.wp.com\/joyana.fr\/wp-content\/uploads\/2009\/11\/STARCK_DESIGN_FOR_LIFE-1.jpg?resize=450%2C270&ssl=1",450,270,true],"woocommerce_single":["https:\/\/i0.wp.com\/joyana.fr\/wp-content\/uploads\/2009\/11\/STARCK_DESIGN_FOR_LIFE-1.jpg?fit=500%2C270&ssl=1",500,270,true],"woocommerce_gallery_thumbnail":["https:\/\/i0.wp.com\/joyana.fr\/wp-content\/uploads\/2009\/11\/STARCK_DESIGN_FOR_LIFE-1.jpg?resize=180%2C180&ssl=1",180,180,true],"sow-carousel-default":["https:\/\/i0.wp.com\/joyana.fr\/wp-content\/uploads\/2009\/11\/STARCK_DESIGN_FOR_LIFE-1.jpg?resize=272%2C182&ssl=1",272,182,true]},"post_excerpt_stackable_v2":"<p>Il est tout chaud, l&#8217;\u00e9pisode 6 de la Real TV \u00ab Design For Life \u00bb avec notre designer national &hellip;<\/p>\n","category_list_v2":"<a href=\"https:\/\/joyana.fr\/ja\/category\/deco-design\/\" rel=\"category tag\">DECO-DESIGN<\/a>, <a href=\"https:\/\/joyana.fr\/ja\/category\/deco-design\/designer\/\" rel=\"category tag\">Designer<\/a>, <a href=\"https:\/\/joyana.fr\/ja\/category\/deco-design\/actualite\/emission-tv\/\" rel=\"category tag\">Emission TV<\/a>, <a href=\"https:\/\/joyana.fr\/ja\/category\/deco-design\/designer\/philippe-starck\/\" rel=\"category tag\">Philippe STARCK<\/a>","author_info_v2":{"name":"Jo Yana","url":"https:\/\/joyana.fr\/ja\/author\/joyana\/"},"comments_num_v2":"5 comments","yoast_head":"<!-- This site is optimized with the Yoast SEO plugin v26.8 - https:\/\/yoast.com\/product\/yoast-seo-wordpress\/ -->\n<title>\u00ab Design For Life \u00bb Episode 6 by Philippe STARCK - JO YANA<\/title>\n<meta name=\"robots\" content=\"index, follow, max-snippet:-1, max-image-preview:large, max-video-preview:-1\" \/>\n<link rel=\"canonical\" href=\"https:\/\/joyana.fr\/ja\/design-for-life-6-philippe-starck\/103066\/\" \/>\n<meta property=\"og:locale\" content=\"ja_JP\" \/>\n<meta property=\"og:locale:alternate\" content=\"fr_FR\" \/>\n<meta property=\"og:locale:alternate\" content=\"en_US\" \/>\n<meta property=\"og:type\" content=\"article\" \/>\n<meta property=\"og:title\" content=\"\u00ab Design For Life \u00bb Episode 6 by Philippe STARCK - JO YANA\" \/>\n<meta property=\"og:description\" content=\"Il est tout chaud, l&#8217;\u00e9pisode 6 de la Real TV \u00ab Design For Life \u00bb avec notre designer national Philippe S [&hellip;]\" \/>\n<meta property=\"og:url\" content=\"https:\/\/joyana.fr\/ja\/design-for-life-6-philippe-starck\/103066\/\" \/>\n<meta property=\"og:site_name\" content=\"JO YANA\" \/>\n<meta property=\"article:published_time\" content=\"2009-11-05T16:25:54+00:00\" \/>\n<meta property=\"og:image\" content=\"https:\/\/joyana.fr\/wp-content\/uploads\/2009\/11\/STARCK_DESIGN_FOR_LIFE-1.jpg\" \/>\n\t<meta property=\"og:image:width\" content=\"500\" \/>\n\t<meta property=\"og:image:height\" content=\"270\" \/>\n\t<meta property=\"og:image:type\" content=\"image\/jpeg\" \/>\n<meta name=\"author\" content=\"Jo Yana\" \/>\n<meta name=\"twitter:card\" content=\"summary_large_image\" \/>\n<meta name=\"twitter:creator\" content=\"@Jo_Yana\" \/>\n<meta name=\"twitter:site\" content=\"@Jo_Yana\" \/>\n<meta name=\"twitter:label1\" content=\"\u57f7\u7b46\u8005\" \/>\n\t<meta name=\"twitter:data1\" content=\"Jo Yana\" \/>\n<script type=\"application\/ld+json\" class=\"yoast-schema-graph\">{\"@context\":\"https:\/\/schema.org\",\"@graph\":[{\"@type\":\"Article\",\"@id\":\"https:\/\/joyana.fr\/design-for-life-6-philippe-starck\/103066\/#article\",\"isPartOf\":{\"@id\":\"https:\/\/joyana.fr\/design-for-life-6-philippe-starck\/103066\/\"},\"author\":{\"name\":\"Jo Yana\",\"@id\":\"https:\/\/www.joyana.fr\/ja\/#\/schema\/person\/cf2a1ad12a27c12c21801075bf37407c\"},\"headline\":\"\u00ab Design For Life \u00bb Episode 6 by Philippe STARCK\",\"datePublished\":\"2009-11-05T16:25:54+00:00\",\"mainEntityOfPage\":{\"@id\":\"https:\/\/joyana.fr\/design-for-life-6-philippe-starck\/103066\/\"},\"wordCount\":45,\"commentCount\":0,\"publisher\":{\"@id\":\"https:\/\/www.joyana.fr\/ja\/#\/schema\/person\/cf2a1ad12a27c12c21801075bf37407c\"},\"image\":{\"@id\":\"https:\/\/joyana.fr\/design-for-life-6-philippe-starck\/103066\/#primaryimage\"},\"thumbnailUrl\":\"https:\/\/i0.wp.com\/joyana.fr\/wp-content\/uploads\/2009\/11\/STARCK_DESIGN_FOR_LIFE-1.jpg?fit=500%2C270&ssl=1\",\"keywords\":[\"STARCK\"],\"articleSection\":[\"DECO-DESIGN\",\"Designer\",\"Emission TV\",\"Philippe STARCK\"],\"inLanguage\":\"ja\",\"potentialAction\":[{\"@type\":\"CommentAction\",\"name\":\"Comment\",\"target\":[\"https:\/\/joyana.fr\/design-for-life-6-philippe-starck\/103066\/#respond\"]}]},{\"@type\":\"WebPage\",\"@id\":\"https:\/\/joyana.fr\/design-for-life-6-philippe-starck\/103066\/\",\"url\":\"https:\/\/joyana.fr\/design-for-life-6-philippe-starck\/103066\/\",\"name\":\"\u00ab Design For Life \u00bb Episode 6 by Philippe STARCK - JO YANA\",\"isPartOf\":{\"@id\":\"https:\/\/www.joyana.fr\/ja\/#website\"},\"primaryImageOfPage\":{\"@id\":\"https:\/\/joyana.fr\/design-for-life-6-philippe-starck\/103066\/#primaryimage\"},\"image\":{\"@id\":\"https:\/\/joyana.fr\/design-for-life-6-philippe-starck\/103066\/#primaryimage\"},\"thumbnailUrl\":\"https:\/\/i0.wp.com\/joyana.fr\/wp-content\/uploads\/2009\/11\/STARCK_DESIGN_FOR_LIFE-1.jpg?fit=500%2C270&ssl=1\",\"datePublished\":\"2009-11-05T16:25:54+00:00\",\"breadcrumb\":{\"@id\":\"https:\/\/joyana.fr\/design-for-life-6-philippe-starck\/103066\/#breadcrumb\"},\"inLanguage\":\"ja\",\"potentialAction\":[{\"@type\":\"ReadAction\",\"target\":[\"https:\/\/joyana.fr\/design-for-life-6-philippe-starck\/103066\/\"]}]},{\"@type\":\"ImageObject\",\"inLanguage\":\"ja\",\"@id\":\"https:\/\/joyana.fr\/design-for-life-6-philippe-starck\/103066\/#primaryimage\",\"url\":\"https:\/\/i0.wp.com\/joyana.fr\/wp-content\/uploads\/2009\/11\/STARCK_DESIGN_FOR_LIFE-1.jpg?fit=500%2C270&ssl=1\",\"contentUrl\":\"https:\/\/i0.wp.com\/joyana.fr\/wp-content\/uploads\/2009\/11\/STARCK_DESIGN_FOR_LIFE-1.jpg?fit=500%2C270&ssl=1\",\"width\":500,\"height\":270},{\"@type\":\"BreadcrumbList\",\"@id\":\"https:\/\/joyana.fr\/design-for-life-6-philippe-starck\/103066\/#breadcrumb\",\"itemListElement\":[{\"@type\":\"ListItem\",\"position\":1,\"name\":\"Accueil\",\"item\":\"https:\/\/www.joyana.fr\/ja\/\"},{\"@type\":\"ListItem\",\"position\":2,\"name\":\"\u00ab Design For Life \u00bb Episode 6 by Philippe STARCK\"}]},{\"@type\":\"WebSite\",\"@id\":\"https:\/\/www.joyana.fr\/ja\/#website\",\"url\":\"https:\/\/www.joyana.fr\/ja\/\",\"name\":\"JO YANA\",\"description\":\"Blog Mode Homme, Lifestyle, D\u00e9co-Design\",\"publisher\":{\"@id\":\"https:\/\/www.joyana.fr\/ja\/#\/schema\/person\/cf2a1ad12a27c12c21801075bf37407c\"},\"potentialAction\":[{\"@type\":\"SearchAction\",\"target\":{\"@type\":\"EntryPoint\",\"urlTemplate\":\"https:\/\/www.joyana.fr\/ja\/?s={search_term_string}\"},\"query-input\":{\"@type\":\"PropertyValueSpecification\",\"valueRequired\":true,\"valueName\":\"search_term_string\"}}],\"inLanguage\":\"ja\"},{\"@type\":[\"Person\",\"Organization\"],\"@id\":\"https:\/\/www.joyana.fr\/ja\/#\/schema\/person\/cf2a1ad12a27c12c21801075bf37407c\",\"name\":\"Jo Yana\",\"image\":{\"@type\":\"ImageObject\",\"inLanguage\":\"ja\",\"@id\":\"https:\/\/www.joyana.fr\/ja\/#\/schema\/person\/image\/\",\"url\":\"https:\/\/i0.wp.com\/joyana.fr\/wp-content\/uploads\/2016\/08\/cropped-joyana-logo-black-360x180.png?fit=343%2C164&ssl=1\",\"contentUrl\":\"https:\/\/i0.wp.com\/joyana.fr\/wp-content\/uploads\/2016\/08\/cropped-joyana-logo-black-360x180.png?fit=343%2C164&ssl=1\",\"width\":343,\"height\":164,\"caption\":\"Jo Yana\"},\"logo\":{\"@id\":\"https:\/\/www.joyana.fr\/ja\/#\/schema\/person\/image\/\"},\"description\":\"Jo Yana est le cr\u00e9ateur et r\u00e9dacteur en chef des sites DECO-DESIGN. Passionn\u00e9 de Design, Mode, Photo, Luxe, Lifestyle, Musique, mais avant tout Blogueur ! Le plaisir de partager l'anime et a comme devise \\\"POUR L'AMOUR DU BEAU\\\". Retrouvez le aussi sur son blog personnel - https:\/\/joyana.fr...\",\"sameAs\":[\"https:\/\/joyana.fr\/\"],\"url\":\"https:\/\/joyana.fr\/ja\/author\/joyana\/\"}]}<\/script>\n<!-- \/ Yoast SEO plugin. -->","yoast_head_json":{"title":"\u00ab Design For Life \u00bb Episode 6 by Philippe STARCK - JO YANA","robots":{"index":"index","follow":"follow","max-snippet":"max-snippet:-1","max-image-preview":"max-image-preview:large","max-video-preview":"max-video-preview:-1"},"canonical":"https:\/\/joyana.fr\/ja\/design-for-life-6-philippe-starck\/103066\/","og_locale":"ja_JP","og_type":"article","og_title":"\u00ab Design For Life \u00bb Episode 6 by Philippe STARCK - JO YANA","og_description":"Il est tout chaud, l&#8217;\u00e9pisode 6 de la Real TV \u00ab Design For Life \u00bb avec notre designer national Philippe S [&hellip;]","og_url":"https:\/\/joyana.fr\/ja\/design-for-life-6-philippe-starck\/103066\/","og_site_name":"JO YANA","article_published_time":"2009-11-05T16:25:54+00:00","og_image":[{"width":500,"height":270,"url":"https:\/\/joyana.fr\/wp-content\/uploads\/2009\/11\/STARCK_DESIGN_FOR_LIFE-1.jpg","type":"image\/jpeg"}],"author":"Jo Yana","twitter_card":"summary_large_image","twitter_creator":"@Jo_Yana","twitter_site":"@Jo_Yana","twitter_misc":{"\u57f7\u7b46\u8005":"Jo Yana"},"schema":{"@context":"https:\/\/schema.org","@graph":[{"@type":"Article","@id":"https:\/\/joyana.fr\/design-for-life-6-philippe-starck\/103066\/#article","isPartOf":{"@id":"https:\/\/joyana.fr\/design-for-life-6-philippe-starck\/103066\/"},"author":{"name":"Jo Yana","@id":"https:\/\/www.joyana.fr\/ja\/#\/schema\/person\/cf2a1ad12a27c12c21801075bf37407c"},"headline":"\u00ab Design For Life \u00bb Episode 6 by Philippe STARCK","datePublished":"2009-11-05T16:25:54+00:00","mainEntityOfPage":{"@id":"https:\/\/joyana.fr\/design-for-life-6-philippe-starck\/103066\/"},"wordCount":45,"commentCount":0,"publisher":{"@id":"https:\/\/www.joyana.fr\/ja\/#\/schema\/person\/cf2a1ad12a27c12c21801075bf37407c"},"image":{"@id":"https:\/\/joyana.fr\/design-for-life-6-philippe-starck\/103066\/#primaryimage"},"thumbnailUrl":"https:\/\/i0.wp.com\/joyana.fr\/wp-content\/uploads\/2009\/11\/STARCK_DESIGN_FOR_LIFE-1.jpg?fit=500%2C270&ssl=1","keywords":["STARCK"],"articleSection":["DECO-DESIGN","Designer","Emission TV","Philippe STARCK"],"inLanguage":"ja","potentialAction":[{"@type":"CommentAction","name":"Comment","target":["https:\/\/joyana.fr\/design-for-life-6-philippe-starck\/103066\/#respond"]}]},{"@type":"WebPage","@id":"https:\/\/joyana.fr\/design-for-life-6-philippe-starck\/103066\/","url":"https:\/\/joyana.fr\/design-for-life-6-philippe-starck\/103066\/","name":"\u00ab Design For Life \u00bb Episode 6 by Philippe STARCK - JO YANA","isPartOf":{"@id":"https:\/\/www.joyana.fr\/ja\/#website"},"primaryImageOfPage":{"@id":"https:\/\/joyana.fr\/design-for-life-6-philippe-starck\/103066\/#primaryimage"},"image":{"@id":"https:\/\/joyana.fr\/design-for-life-6-philippe-starck\/103066\/#primaryimage"},"thumbnailUrl":"https:\/\/i0.wp.com\/joyana.fr\/wp-content\/uploads\/2009\/11\/STARCK_DESIGN_FOR_LIFE-1.jpg?fit=500%2C270&ssl=1","datePublished":"2009-11-05T16:25:54+00:00","breadcrumb":{"@id":"https:\/\/joyana.fr\/design-for-life-6-philippe-starck\/103066\/#breadcrumb"},"inLanguage":"ja","potentialAction":[{"@type":"ReadAction","target":["https:\/\/joyana.fr\/design-for-life-6-philippe-starck\/103066\/"]}]},{"@type":"ImageObject","inLanguage":"ja","@id":"https:\/\/joyana.fr\/design-for-life-6-philippe-starck\/103066\/#primaryimage","url":"https:\/\/i0.wp.com\/joyana.fr\/wp-content\/uploads\/2009\/11\/STARCK_DESIGN_FOR_LIFE-1.jpg?fit=500%2C270&ssl=1","contentUrl":"https:\/\/i0.wp.com\/joyana.fr\/wp-content\/uploads\/2009\/11\/STARCK_DESIGN_FOR_LIFE-1.jpg?fit=500%2C270&ssl=1","width":500,"height":270},{"@type":"BreadcrumbList","@id":"https:\/\/joyana.fr\/design-for-life-6-philippe-starck\/103066\/#breadcrumb","itemListElement":[{"@type":"ListItem","position":1,"name":"Accueil","item":"https:\/\/www.joyana.fr\/ja\/"},{"@type":"ListItem","position":2,"name":"\u00ab Design For Life \u00bb Episode 6 by Philippe STARCK"}]},{"@type":"WebSite","@id":"https:\/\/www.joyana.fr\/ja\/#website","url":"https:\/\/www.joyana.fr\/ja\/","name":"JO YANA","description":"Blog Mode Homme, Lifestyle, D\u00e9co-Design","publisher":{"@id":"https:\/\/www.joyana.fr\/ja\/#\/schema\/person\/cf2a1ad12a27c12c21801075bf37407c"},"potentialAction":[{"@type":"SearchAction","target":{"@type":"EntryPoint","urlTemplate":"https:\/\/www.joyana.fr\/ja\/?s={search_term_string}"},"query-input":{"@type":"PropertyValueSpecification","valueRequired":true,"valueName":"search_term_string"}}],"inLanguage":"ja"},{"@type":["Person","Organization"],"@id":"https:\/\/www.joyana.fr\/ja\/#\/schema\/person\/cf2a1ad12a27c12c21801075bf37407c","name":"Jo Yana","image":{"@type":"ImageObject","inLanguage":"ja","@id":"https:\/\/www.joyana.fr\/ja\/#\/schema\/person\/image\/","url":"https:\/\/i0.wp.com\/joyana.fr\/wp-content\/uploads\/2016\/08\/cropped-joyana-logo-black-360x180.png?fit=343%2C164&ssl=1","contentUrl":"https:\/\/i0.wp.com\/joyana.fr\/wp-content\/uploads\/2016\/08\/cropped-joyana-logo-black-360x180.png?fit=343%2C164&ssl=1","width":343,"height":164,"caption":"Jo Yana"},"logo":{"@id":"https:\/\/www.joyana.fr\/ja\/#\/schema\/person\/image\/"},"description":"Jo Yana est le cr\u00e9ateur et r\u00e9dacteur en chef des sites DECO-DESIGN. Passionn\u00e9 de Design, Mode, Photo, Luxe, Lifestyle, Musique, mais avant tout Blogueur ! Le plaisir de partager l'anime et a comme devise \"POUR L'AMOUR DU BEAU\". Retrouvez le aussi sur son blog personnel - https:\/\/joyana.fr...","sameAs":["https:\/\/joyana.fr\/"],"url":"https:\/\/joyana.fr\/ja\/author\/joyana\/"}]}},"author_meta":{"display_name":"Jo Yana","author_link":"https:\/\/joyana.fr\/ja\/author\/joyana\/"},"featured_img":"https:\/\/i0.wp.com\/joyana.fr\/wp-content\/uploads\/2009\/11\/STARCK_DESIGN_FOR_LIFE-1.jpg?fit=389%2C210&ssl=1","featured_image_src":"https:\/\/i0.wp.com\/joyana.fr\/wp-content\/uploads\/2009\/11\/STARCK_DESIGN_FOR_LIFE-1.jpg?resize=500%2C270&ssl=1","featured_image_src_square":"https:\/\/i0.wp.com\/joyana.fr\/wp-content\/uploads\/2009\/11\/STARCK_DESIGN_FOR_LIFE-1.jpg?resize=500%2C270&ssl=1","jetpack_featured_media_url":"https:\/\/i0.wp.com\/joyana.fr\/wp-content\/uploads\/2009\/11\/STARCK_DESIGN_FOR_LIFE-1.jpg?fit=500%2C270&ssl=1","uagb_featured_image_src":{"full":["https:\/\/i0.wp.com\/joyana.fr\/wp-content\/uploads\/2009\/11\/STARCK_DESIGN_FOR_LIFE-1.jpg?fit=500%2C270&ssl=1",500,270,false],"thumbnail":["https:\/\/i0.wp.com\/joyana.fr\/wp-content\/uploads\/2009\/11\/STARCK_DESIGN_FOR_LIFE-1.jpg?resize=150%2C150&ssl=1",150,150,true],"medium":["https:\/\/i0.wp.com\/joyana.fr\/wp-content\/uploads\/2009\/11\/STARCK_DESIGN_FOR_LIFE-1.jpg?fit=389%2C210&ssl=1",389,210,true],"medium_large":["https:\/\/i0.wp.com\/joyana.fr\/wp-content\/uploads\/2009\/11\/STARCK_DESIGN_FOR_LIFE-1.jpg?fit=500%2C270&ssl=1",500,270,true],"large":["https:\/\/i0.wp.com\/joyana.fr\/wp-content\/uploads\/2009\/11\/STARCK_DESIGN_FOR_LIFE-1.jpg?fit=500%2C270&ssl=1",500,270,true],"1536x1536":["https:\/\/i0.wp.com\/joyana.fr\/wp-content\/uploads\/2009\/11\/STARCK_DESIGN_FOR_LIFE-1.jpg?fit=500%2C270&ssl=1",500,270,true],"2048x2048":["https:\/\/i0.wp.com\/joyana.fr\/wp-content\/uploads\/2009\/11\/STARCK_DESIGN_FOR_LIFE-1.jpg?fit=500%2C270&ssl=1",500,270,true],"featured-thumb":["https:\/\/i0.wp.com\/joyana.fr\/wp-content\/uploads\/2009\/11\/STARCK_DESIGN_FOR_LIFE-1.jpg?resize=500%2C270&ssl=1",500,270,true],"ab-block-post-grid-landscape":["https:\/\/i0.wp.com\/joyana.fr\/wp-content\/uploads\/2009\/11\/STARCK_DESIGN_FOR_LIFE-1.jpg?resize=500%2C270&ssl=1",500,270,true],"ab-block-post-grid-square":["https:\/\/i0.wp.com\/joyana.fr\/wp-content\/uploads\/2009\/11\/STARCK_DESIGN_FOR_LIFE-1.jpg?resize=500%2C270&ssl=1",500,270,true],"author-pro-image":["https:\/\/i0.wp.com\/joyana.fr\/wp-content\/uploads\/2009\/11\/STARCK_DESIGN_FOR_LIFE-1.jpg?resize=360%2C270&ssl=1",360,270,true],"slider":["https:\/\/i0.wp.com\/joyana.fr\/wp-content\/uploads\/2009\/11\/STARCK_DESIGN_FOR_LIFE-1.jpg?resize=500%2C270&ssl=1",500,270,true],"woocommerce_thumbnail":["https:\/\/i0.wp.com\/joyana.fr\/wp-content\/uploads\/2009\/11\/STARCK_DESIGN_FOR_LIFE-1.jpg?resize=450%2C270&ssl=1",450,270,true],"woocommerce_single":["https:\/\/i0.wp.com\/joyana.fr\/wp-content\/uploads\/2009\/11\/STARCK_DESIGN_FOR_LIFE-1.jpg?fit=500%2C270&ssl=1",500,270,true],"woocommerce_gallery_thumbnail":["https:\/\/i0.wp.com\/joyana.fr\/wp-content\/uploads\/2009\/11\/STARCK_DESIGN_FOR_LIFE-1.jpg?resize=180%2C180&ssl=1",180,180,true],"sow-carousel-default":["https:\/\/i0.wp.com\/joyana.fr\/wp-content\/uploads\/2009\/11\/STARCK_DESIGN_FOR_LIFE-1.jpg?resize=272%2C182&ssl=1",272,182,true]},"uagb_author_info":{"display_name":"Jo Yana","author_link":"https:\/\/joyana.fr\/ja\/author\/joyana\/"},"uagb_comment_info":5,"uagb_excerpt":"Il est tout chaud, l&#8217;\u00e9pisode 6 de la Real TV \u00ab De&hellip;","coauthors":[],"tax_additional":{"categories":{"linked":["<a href=\"https:\/\/joyana.fr\/ja\/category\/deco-design\/\" class=\"advgb-post-tax-term\">DECO-DESIGN<\/a>","<a href=\"https:\/\/joyana.fr\/ja\/category\/deco-design\/designer\/\" class=\"advgb-post-tax-term\">Designer<\/a>","<a href=\"https:\/\/joyana.fr\/ja\/category\/deco-design\/actualite\/emission-tv\/\" class=\"advgb-post-tax-term\">Emission TV<\/a>","<a href=\"https:\/\/joyana.fr\/ja\/category\/deco-design\/designer\/philippe-starck\/\" class=\"advgb-post-tax-term\">Philippe STARCK<\/a>"],"unlinked":["<span class=\"advgb-post-tax-term\">DECO-DESIGN<\/span>","<span class=\"advgb-post-tax-term\">Designer<\/span>","<span class=\"advgb-post-tax-term\">Emission TV<\/span>","<span class=\"advgb-post-tax-term\">Philippe STARCK<\/span>"]},"tags":{"linked":["<a href=\"https:\/\/joyana.fr\/ja\/category\/deco-design\/designer\/philippe-starck\/\" class=\"advgb-post-tax-term\">STARCK<\/a>"],"unlinked":["<span class=\"advgb-post-tax-term\">STARCK<\/span>"]}},"comment_count":5,"relative_dates":{"created":"Posted 16\u5e74 ago","modified":"Updated 16\u5e74 ago"},"absolute_dates":{"created":"Posted on 5 11\u6708 2009","modified":"Updated on 5 11\u6708 2009"},"absolute_dates_time":{"created":"Posted on 5 11\u6708 2009 17:25","modified":"Updated on 5 11\u6708 2009 17:25"},"featured_img_caption":"","series_order":"","jetpack_sharing_enabled":true,"jetpack_shortlink":"https:\/\/wp.me\/p9bteI-qOm","jetpack-related-posts":[],"_links":{"self":[{"href":"https:\/\/joyana.fr\/ja\/wp-json\/wp\/v2\/posts\/103066","targetHints":{"allow":["GET"]}}],"collection":[{"href":"https:\/\/joyana.fr\/ja\/wp-json\/wp\/v2\/posts"}],"about":[{"href":"https:\/\/joyana.fr\/ja\/wp-json\/wp\/v2\/types\/post"}],"author":[{"embeddable":true,"href":"https:\/\/joyana.fr\/ja\/wp-json\/wp\/v2\/users\/3"}],"replies":[{"embeddable":true,"href":"https:\/\/joyana.fr\/ja\/wp-json\/wp\/v2\/comments?post=103066"}],"version-history":[{"count":0,"href":"https:\/\/joyana.fr\/ja\/wp-json\/wp\/v2\/posts\/103066\/revisions"}],"wp:featuredmedia":[{"embeddable":true,"href":"https:\/\/joyana.fr\/ja\/wp-json\/wp\/v2\/media\/122186"}],"wp:attachment":[{"href":"https:\/\/joyana.fr\/ja\/wp-json\/wp\/v2\/media?parent=103066"}],"wp:term":[{"taxonomy":"category","embeddable":true,"href":"https:\/\/joyana.fr\/ja\/wp-json\/wp\/v2\/categories?post=103066"},{"taxonomy":"post_tag","embeddable":true,"href":"https:\/\/joyana.fr\/ja\/wp-json\/wp\/v2\/tags?post=103066"}],"curies":[{"name":"wp","href":"https:\/\/api.w.org\/{rel}","templated":true}]}}