{"id":103255,"date":"2010-01-28T08:09:19","date_gmt":"2010-01-28T07:09:19","guid":{"rendered":"https:\/\/joyana.fr\/maison-objet-2010-stand-marzais-formitalia\/"},"modified":"2010-01-28T08:09:19","modified_gmt":"2010-01-28T07:09:19","slug":"maison-objet-2010-stand-marzais-formitalia","status":"publish","type":"post","link":"https:\/\/joyana.fr\/ja\/maison-objet-2010-stand-marzais-formitalia\/103255\/","title":{"rendered":"MAISON &#038; OBJET 2010 : Stand MARZAIS &#038; FORMITALIA"},"content":{"rendered":"<p><strong>Jean-Paul Marzais<\/strong> nous pr\u00e9sente ses nouveaux produits, puis nous passons sur le stand de <strong>Formitalia<\/strong> qui d\u00e9tient entre autres la licence <strong>Ettore Sottsass<\/strong>&#8230;<\/p>\n<p><img data-recalc-dims=\"1\" fetchpriority=\"high\" decoding=\"async\" src=\"https:\/\/i0.wp.com\/i2.photobucket.com\/albums\/y22\/joyana\/maison%2520objet\/MARZAIS_365.jpg?resize=500%2C320\" alt=\"MARZAIS MAISON ET OBJET 2010\" align=\"top\" height=\"320\" hspace=\"8\" width=\"500\" \/><\/p>\n<p> Coup de coeur de l&#8217;\u00e9quipe pour le fauteuil ci-dessous sign\u00e9 <strong>Marzais cr\u00e9ation<\/strong> !!!<\/p>\n<p><img data-recalc-dims=\"1\" decoding=\"async\" src=\"https:\/\/i0.wp.com\/i2.photobucket.com\/albums\/y22\/joyana\/maison%2520objet\/MARZAIS_59.jpg?resize=500%2C766\" alt=\"MARZAIS MAISON ET OBJET 2010\" align=\"top\" height=\"766\" hspace=\"8\" width=\"500\" \/><\/p>\n<p><img data-recalc-dims=\"1\" decoding=\"async\" src=\"https:\/\/i0.wp.com\/i2.photobucket.com\/albums\/y22\/joyana\/maison%2520objet\/MARZAIS_69.jpg?resize=500%2C605\" alt=\"MARZAIS MAISON ET OBJET 2010\" align=\"top\" height=\"605\" hspace=\"8\" width=\"500\" \/><\/p>\n<p><strong><a href=\"http:\/\/www.marzaiscreations.com\/\" title=\"MARZAIS CREATIONS\">http:\/\/www.marzaiscreations.com\/ <\/a><\/strong><\/p>\n<p><font color=\"#000000\">.<\/font><\/p>\n<p><img data-recalc-dims=\"1\" loading=\"lazy\" decoding=\"async\" src=\"https:\/\/i0.wp.com\/i2.photobucket.com\/albums\/y22\/joyana\/maison%2520objet\/FORMITALIA_56.jpg?resize=500%2C335\" alt=\"FORMITALIA MAISON ET OBJET 2010\" align=\"top\" height=\"335\" hspace=\"8\" width=\"500\" \/><\/p>\n<p><img data-recalc-dims=\"1\" loading=\"lazy\" decoding=\"async\" src=\"https:\/\/i0.wp.com\/i2.photobucket.com\/albums\/y22\/joyana\/maison%2520objet\/FORMITALIA_563.jpg?resize=500%2C325\" alt=\"FORMITALIA MAISON ET OBJET 2010\" align=\"top\" height=\"325\" hspace=\"8\" width=\"500\" \/><\/p>\n<p>Nous sommes rest\u00e9s quelques minutes en admiration devant ce lit avec luminaires LED int\u00e9gr\u00e9s dans la t\u00eate de lit. WE LOVE IT !!!<\/p>\n<p><img data-recalc-dims=\"1\" loading=\"lazy\" decoding=\"async\" src=\"https:\/\/i0.wp.com\/i2.photobucket.com\/albums\/y22\/joyana\/maison%2520objet\/FORMITALIA_60.jpg?resize=500%2C335\" alt=\"FORMITALIA MAISON ET OBJET 2010\" align=\"top\" height=\"335\" hspace=\"8\" width=\"500\" \/><\/p>\n<p><strong><a href=\"http:\/\/www.formitalia.it\/\" title=\"FORMITALIA\">http:\/\/www.formitalia.it\/ <\/a><\/strong><\/p>\n<p>En voir plus sur <a href=\"https:\/\/joyana.fr\/maison-et-objet-2010\/\" title=\"MAISON ET OBJET 2010\"><strong>Maison et Objet 2010<\/strong><\/a>\u2026<\/p>\n<p>\u2014\u2014\u2014\u2014<\/p>\n<p><a href=\"https:\/\/joyana.fr\/\" title=\"blog design\">Jo Yana<\/a><\/p>\n","protected":false},"excerpt":{"rendered":"<p>Jean-Paul Marzais nous pr\u00e9sente ses nouveaux produits, puis nous passons sur le stand de Formitalia qui d\u00e9tien [&hellip;]<\/p>\n","protected":false},"author":3,"featured_media":122234,"comment_status":"open","ping_status":"open","sticky":false,"template":"","format":"standard","meta":{"_coblocks_attr":"","_coblocks_dimensions":"","_coblocks_responsive_height":"","_coblocks_accordion_ie_support":"","_uag_custom_page_level_css":"","advgb_blocks_editor_width":"","advgb_blocks_columns_visual_guide":"","_genesis_hide_title":false,"_genesis_hide_breadcrumbs":false,"_genesis_hide_singular_image":false,"_genesis_hide_footer_widgets":false,"_genesis_custom_body_class":"","_genesis_custom_post_class":"","_genesis_layout":"","_themeisle_gutenberg_block_has_review":false,"_jetpack_newsletter_access":"","_jetpack_dont_email_post_to_subs":false,"_jetpack_newsletter_tier_id":0,"_jetpack_memberships_contains_paywalled_content":false,"_jetpack_memberships_contains_paid_content":false,"footnotes":""},"categories":[905,961],"tags":[963],"class_list":{"0":"post-103255","1":"post","2":"type-post","3":"status-publish","4":"format-standard","5":"has-post-thumbnail","7":"category-deco-design","8":"category-maison-et-objet","9":"tag-salons-design","10":"entry"},"featured_image_urls":{"full":["https:\/\/i0.wp.com\/joyana.fr\/wp-content\/uploads\/2010\/01\/MARZAIS_365.jpg?fit=500%2C320&ssl=1",500,320,false],"thumbnail":["https:\/\/i0.wp.com\/joyana.fr\/wp-content\/uploads\/2010\/01\/MARZAIS_365.jpg?resize=150%2C150&ssl=1",150,150,true],"medium":["https:\/\/i0.wp.com\/joyana.fr\/wp-content\/uploads\/2010\/01\/MARZAIS_365.jpg?fit=389%2C249&ssl=1",389,249,true],"medium_large":["https:\/\/i0.wp.com\/joyana.fr\/wp-content\/uploads\/2010\/01\/MARZAIS_365.jpg?fit=500%2C320&ssl=1",500,320,true],"large":["https:\/\/i0.wp.com\/joyana.fr\/wp-content\/uploads\/2010\/01\/MARZAIS_365.jpg?fit=500%2C320&ssl=1",500,320,true],"1536x1536":["https:\/\/i0.wp.com\/joyana.fr\/wp-content\/uploads\/2010\/01\/MARZAIS_365.jpg?fit=500%2C320&ssl=1",500,320,true],"2048x2048":["https:\/\/i0.wp.com\/joyana.fr\/wp-content\/uploads\/2010\/01\/MARZAIS_365.jpg?fit=500%2C320&ssl=1",500,320,true],"featured-thumb":["https:\/\/i0.wp.com\/joyana.fr\/wp-content\/uploads\/2010\/01\/MARZAIS_365.jpg?resize=500%2C320&ssl=1",500,320,true],"ab-block-post-grid-landscape":["https:\/\/i0.wp.com\/joyana.fr\/wp-content\/uploads\/2010\/01\/MARZAIS_365.jpg?resize=500%2C320&ssl=1",500,320,true],"ab-block-post-grid-square":["https:\/\/i0.wp.com\/joyana.fr\/wp-content\/uploads\/2010\/01\/MARZAIS_365.jpg?resize=500%2C320&ssl=1",500,320,true],"author-pro-image":["https:\/\/i0.wp.com\/joyana.fr\/wp-content\/uploads\/2010\/01\/MARZAIS_365.jpg?resize=360%2C320&ssl=1",360,320,true],"slider":["https:\/\/i0.wp.com\/joyana.fr\/wp-content\/uploads\/2010\/01\/MARZAIS_365.jpg?resize=500%2C320&ssl=1",500,320,true],"woocommerce_thumbnail":["https:\/\/i0.wp.com\/joyana.fr\/wp-content\/uploads\/2010\/01\/MARZAIS_365.jpg?resize=450%2C320&ssl=1",450,320,true],"woocommerce_single":["https:\/\/i0.wp.com\/joyana.fr\/wp-content\/uploads\/2010\/01\/MARZAIS_365.jpg?fit=500%2C320&ssl=1",500,320,true],"woocommerce_gallery_thumbnail":["https:\/\/i0.wp.com\/joyana.fr\/wp-content\/uploads\/2010\/01\/MARZAIS_365.jpg?resize=180%2C180&ssl=1",180,180,true],"sow-carousel-default":["https:\/\/i0.wp.com\/joyana.fr\/wp-content\/uploads\/2010\/01\/MARZAIS_365.jpg?resize=272%2C182&ssl=1",272,182,true]},"post_excerpt_stackable":"<p>Jean-Paul Marzais nous pr\u00e9sente ses nouveaux produits, puis nous passons sur le stand de Formitalia &hellip;<\/p>\n","category_list":"<a href=\"https:\/\/joyana.fr\/ja\/category\/deco-design\/\" rel=\"category tag\">DECO-DESIGN<\/a>, <a href=\"https:\/\/joyana.fr\/ja\/category\/deco-design\/actualite\/salon\/maison-et-objet\/\" rel=\"category tag\">MAISON &amp; OBJET<\/a>","author_info":{"display_name":"Jo Yana","author_link":"https:\/\/joyana.fr\/ja\/author\/joyana\/"},"comments_num":"14 comments","featured_image_urls_v2":{"full":["https:\/\/i0.wp.com\/joyana.fr\/wp-content\/uploads\/2010\/01\/MARZAIS_365.jpg?fit=500%2C320&ssl=1",500,320,false],"thumbnail":["https:\/\/i0.wp.com\/joyana.fr\/wp-content\/uploads\/2010\/01\/MARZAIS_365.jpg?resize=150%2C150&ssl=1",150,150,true],"medium":["https:\/\/i0.wp.com\/joyana.fr\/wp-content\/uploads\/2010\/01\/MARZAIS_365.jpg?fit=389%2C249&ssl=1",389,249,true],"medium_large":["https:\/\/i0.wp.com\/joyana.fr\/wp-content\/uploads\/2010\/01\/MARZAIS_365.jpg?fit=500%2C320&ssl=1",500,320,true],"large":["https:\/\/i0.wp.com\/joyana.fr\/wp-content\/uploads\/2010\/01\/MARZAIS_365.jpg?fit=500%2C320&ssl=1",500,320,true],"1536x1536":["https:\/\/i0.wp.com\/joyana.fr\/wp-content\/uploads\/2010\/01\/MARZAIS_365.jpg?fit=500%2C320&ssl=1",500,320,true],"2048x2048":["https:\/\/i0.wp.com\/joyana.fr\/wp-content\/uploads\/2010\/01\/MARZAIS_365.jpg?fit=500%2C320&ssl=1",500,320,true],"featured-thumb":["https:\/\/i0.wp.com\/joyana.fr\/wp-content\/uploads\/2010\/01\/MARZAIS_365.jpg?resize=500%2C320&ssl=1",500,320,true],"ab-block-post-grid-landscape":["https:\/\/i0.wp.com\/joyana.fr\/wp-content\/uploads\/2010\/01\/MARZAIS_365.jpg?resize=500%2C320&ssl=1",500,320,true],"ab-block-post-grid-square":["https:\/\/i0.wp.com\/joyana.fr\/wp-content\/uploads\/2010\/01\/MARZAIS_365.jpg?resize=500%2C320&ssl=1",500,320,true],"author-pro-image":["https:\/\/i0.wp.com\/joyana.fr\/wp-content\/uploads\/2010\/01\/MARZAIS_365.jpg?resize=360%2C320&ssl=1",360,320,true],"slider":["https:\/\/i0.wp.com\/joyana.fr\/wp-content\/uploads\/2010\/01\/MARZAIS_365.jpg?resize=500%2C320&ssl=1",500,320,true],"woocommerce_thumbnail":["https:\/\/i0.wp.com\/joyana.fr\/wp-content\/uploads\/2010\/01\/MARZAIS_365.jpg?resize=450%2C320&ssl=1",450,320,true],"woocommerce_single":["https:\/\/i0.wp.com\/joyana.fr\/wp-content\/uploads\/2010\/01\/MARZAIS_365.jpg?fit=500%2C320&ssl=1",500,320,true],"woocommerce_gallery_thumbnail":["https:\/\/i0.wp.com\/joyana.fr\/wp-content\/uploads\/2010\/01\/MARZAIS_365.jpg?resize=180%2C180&ssl=1",180,180,true],"sow-carousel-default":["https:\/\/i0.wp.com\/joyana.fr\/wp-content\/uploads\/2010\/01\/MARZAIS_365.jpg?resize=272%2C182&ssl=1",272,182,true]},"post_excerpt_stackable_v2":"<p>Jean-Paul Marzais nous pr\u00e9sente ses nouveaux produits, puis nous passons sur le stand de Formitalia &hellip;<\/p>\n","category_list_v2":"<a href=\"https:\/\/joyana.fr\/ja\/category\/deco-design\/\" rel=\"category tag\">DECO-DESIGN<\/a>, <a href=\"https:\/\/joyana.fr\/ja\/category\/deco-design\/actualite\/salon\/maison-et-objet\/\" rel=\"category tag\">MAISON &amp; OBJET<\/a>","author_info_v2":{"name":"Jo Yana","url":"https:\/\/joyana.fr\/ja\/author\/joyana\/"},"comments_num_v2":"14 comments","yoast_head":"<!-- This site is optimized with the Yoast SEO plugin v26.8 - https:\/\/yoast.com\/product\/yoast-seo-wordpress\/ -->\n<title>MAISON &amp; OBJET 2010 : Stand MARZAIS &amp; FORMITALIA - JO YANA<\/title>\n<meta name=\"robots\" content=\"index, follow, max-snippet:-1, max-image-preview:large, max-video-preview:-1\" \/>\n<link rel=\"canonical\" href=\"https:\/\/joyana.fr\/ja\/maison-objet-2010-stand-marzais-formitalia\/103255\/\" \/>\n<meta property=\"og:locale\" content=\"ja_JP\" \/>\n<meta property=\"og:locale:alternate\" content=\"fr_FR\" \/>\n<meta property=\"og:locale:alternate\" content=\"en_US\" \/>\n<meta property=\"og:type\" content=\"article\" \/>\n<meta property=\"og:title\" content=\"MAISON &amp; OBJET 2010 : Stand MARZAIS &amp; FORMITALIA - JO YANA\" \/>\n<meta property=\"og:description\" content=\"Jean-Paul Marzais nous pr\u00e9sente ses nouveaux produits, puis nous passons sur le stand de Formitalia qui d\u00e9tien [&hellip;]\" \/>\n<meta property=\"og:url\" content=\"https:\/\/joyana.fr\/ja\/maison-objet-2010-stand-marzais-formitalia\/103255\/\" \/>\n<meta property=\"og:site_name\" content=\"JO YANA\" \/>\n<meta property=\"article:published_time\" content=\"2010-01-28T07:09:19+00:00\" \/>\n<meta property=\"og:image\" content=\"https:\/\/joyana.fr\/wp-content\/uploads\/2010\/01\/MARZAIS_365.jpg\" \/>\n\t<meta property=\"og:image:width\" content=\"500\" \/>\n\t<meta property=\"og:image:height\" content=\"320\" \/>\n\t<meta property=\"og:image:type\" content=\"image\/jpeg\" \/>\n<meta name=\"author\" content=\"Jo Yana\" \/>\n<meta name=\"twitter:card\" content=\"summary_large_image\" \/>\n<meta name=\"twitter:creator\" content=\"@Jo_Yana\" \/>\n<meta name=\"twitter:site\" content=\"@Jo_Yana\" \/>\n<meta name=\"twitter:label1\" content=\"\u57f7\u7b46\u8005\" \/>\n\t<meta name=\"twitter:data1\" content=\"Jo Yana\" \/>\n<script type=\"application\/ld+json\" class=\"yoast-schema-graph\">{\"@context\":\"https:\/\/schema.org\",\"@graph\":[{\"@type\":\"Article\",\"@id\":\"https:\/\/joyana.fr\/maison-objet-2010-stand-marzais-formitalia\/103255\/#article\",\"isPartOf\":{\"@id\":\"https:\/\/joyana.fr\/maison-objet-2010-stand-marzais-formitalia\/103255\/\"},\"author\":{\"name\":\"Jo Yana\",\"@id\":\"https:\/\/joyana.fr\/#\/schema\/person\/cf2a1ad12a27c12c21801075bf37407c\"},\"headline\":\"MAISON &#038; OBJET 2010 : Stand MARZAIS &#038; FORMITALIA\",\"datePublished\":\"2010-01-28T07:09:19+00:00\",\"mainEntityOfPage\":{\"@id\":\"https:\/\/joyana.fr\/maison-objet-2010-stand-marzais-formitalia\/103255\/\"},\"wordCount\":87,\"commentCount\":12,\"publisher\":{\"@id\":\"https:\/\/joyana.fr\/#\/schema\/person\/cf2a1ad12a27c12c21801075bf37407c\"},\"image\":{\"@id\":\"https:\/\/joyana.fr\/maison-objet-2010-stand-marzais-formitalia\/103255\/#primaryimage\"},\"thumbnailUrl\":\"https:\/\/i0.wp.com\/joyana.fr\/wp-content\/uploads\/2010\/01\/MARZAIS_365.jpg?fit=500%2C320&ssl=1\",\"keywords\":[\"Salons design\"],\"articleSection\":[\"DECO-DESIGN\",\"MAISON &amp; OBJET\"],\"inLanguage\":\"ja\",\"potentialAction\":[{\"@type\":\"CommentAction\",\"name\":\"Comment\",\"target\":[\"https:\/\/joyana.fr\/maison-objet-2010-stand-marzais-formitalia\/103255\/#respond\"]}]},{\"@type\":\"WebPage\",\"@id\":\"https:\/\/joyana.fr\/maison-objet-2010-stand-marzais-formitalia\/103255\/\",\"url\":\"https:\/\/joyana.fr\/maison-objet-2010-stand-marzais-formitalia\/103255\/\",\"name\":\"MAISON & OBJET 2010 : Stand MARZAIS & FORMITALIA - JO YANA\",\"isPartOf\":{\"@id\":\"https:\/\/joyana.fr\/#website\"},\"primaryImageOfPage\":{\"@id\":\"https:\/\/joyana.fr\/maison-objet-2010-stand-marzais-formitalia\/103255\/#primaryimage\"},\"image\":{\"@id\":\"https:\/\/joyana.fr\/maison-objet-2010-stand-marzais-formitalia\/103255\/#primaryimage\"},\"thumbnailUrl\":\"https:\/\/i0.wp.com\/joyana.fr\/wp-content\/uploads\/2010\/01\/MARZAIS_365.jpg?fit=500%2C320&ssl=1\",\"datePublished\":\"2010-01-28T07:09:19+00:00\",\"breadcrumb\":{\"@id\":\"https:\/\/joyana.fr\/maison-objet-2010-stand-marzais-formitalia\/103255\/#breadcrumb\"},\"inLanguage\":\"ja\",\"potentialAction\":[{\"@type\":\"ReadAction\",\"target\":[\"https:\/\/joyana.fr\/maison-objet-2010-stand-marzais-formitalia\/103255\/\"]}]},{\"@type\":\"ImageObject\",\"inLanguage\":\"ja\",\"@id\":\"https:\/\/joyana.fr\/maison-objet-2010-stand-marzais-formitalia\/103255\/#primaryimage\",\"url\":\"https:\/\/i0.wp.com\/joyana.fr\/wp-content\/uploads\/2010\/01\/MARZAIS_365.jpg?fit=500%2C320&ssl=1\",\"contentUrl\":\"https:\/\/i0.wp.com\/joyana.fr\/wp-content\/uploads\/2010\/01\/MARZAIS_365.jpg?fit=500%2C320&ssl=1\",\"width\":500,\"height\":320},{\"@type\":\"BreadcrumbList\",\"@id\":\"https:\/\/joyana.fr\/maison-objet-2010-stand-marzais-formitalia\/103255\/#breadcrumb\",\"itemListElement\":[{\"@type\":\"ListItem\",\"position\":1,\"name\":\"Accueil\",\"item\":\"https:\/\/joyana.fr\/\"},{\"@type\":\"ListItem\",\"position\":2,\"name\":\"MAISON &#038; OBJET 2010 : Stand MARZAIS &#038; FORMITALIA\"}]},{\"@type\":\"WebSite\",\"@id\":\"https:\/\/joyana.fr\/#website\",\"url\":\"https:\/\/joyana.fr\/\",\"name\":\"JO YANA\",\"description\":\"Blog Mode Homme, Lifestyle, D\u00e9co-Design\",\"publisher\":{\"@id\":\"https:\/\/joyana.fr\/#\/schema\/person\/cf2a1ad12a27c12c21801075bf37407c\"},\"potentialAction\":[{\"@type\":\"SearchAction\",\"target\":{\"@type\":\"EntryPoint\",\"urlTemplate\":\"https:\/\/joyana.fr\/?s={search_term_string}\"},\"query-input\":{\"@type\":\"PropertyValueSpecification\",\"valueRequired\":true,\"valueName\":\"search_term_string\"}}],\"inLanguage\":\"ja\"},{\"@type\":[\"Person\",\"Organization\"],\"@id\":\"https:\/\/joyana.fr\/#\/schema\/person\/cf2a1ad12a27c12c21801075bf37407c\",\"name\":\"Jo Yana\",\"image\":{\"@type\":\"ImageObject\",\"inLanguage\":\"ja\",\"@id\":\"https:\/\/joyana.fr\/#\/schema\/person\/image\/\",\"url\":\"https:\/\/i0.wp.com\/joyana.fr\/wp-content\/uploads\/2016\/08\/cropped-joyana-logo-black-360x180.png?fit=343%2C164&ssl=1\",\"contentUrl\":\"https:\/\/i0.wp.com\/joyana.fr\/wp-content\/uploads\/2016\/08\/cropped-joyana-logo-black-360x180.png?fit=343%2C164&ssl=1\",\"width\":343,\"height\":164,\"caption\":\"Jo Yana\"},\"logo\":{\"@id\":\"https:\/\/joyana.fr\/#\/schema\/person\/image\/\"},\"description\":\"Jo Yana est le cr\u00e9ateur et r\u00e9dacteur en chef des sites DECO-DESIGN. Passionn\u00e9 de Design, Mode, Photo, Luxe, Lifestyle, Musique, mais avant tout Blogueur ! Le plaisir de partager l'anime et a comme devise \\\"POUR L'AMOUR DU BEAU\\\". Retrouvez le aussi sur son blog personnel - https:\/\/joyana.fr...\",\"sameAs\":[\"https:\/\/joyana.fr\/\"],\"url\":\"https:\/\/joyana.fr\/ja\/author\/joyana\/\"}]}<\/script>\n<!-- \/ Yoast SEO plugin. -->","yoast_head_json":{"title":"MAISON & OBJET 2010 : Stand MARZAIS & FORMITALIA - JO YANA","robots":{"index":"index","follow":"follow","max-snippet":"max-snippet:-1","max-image-preview":"max-image-preview:large","max-video-preview":"max-video-preview:-1"},"canonical":"https:\/\/joyana.fr\/ja\/maison-objet-2010-stand-marzais-formitalia\/103255\/","og_locale":"ja_JP","og_type":"article","og_title":"MAISON & OBJET 2010 : Stand MARZAIS & FORMITALIA - JO YANA","og_description":"Jean-Paul Marzais nous pr\u00e9sente ses nouveaux produits, puis nous passons sur le stand de Formitalia qui d\u00e9tien [&hellip;]","og_url":"https:\/\/joyana.fr\/ja\/maison-objet-2010-stand-marzais-formitalia\/103255\/","og_site_name":"JO YANA","article_published_time":"2010-01-28T07:09:19+00:00","og_image":[{"width":500,"height":320,"url":"https:\/\/joyana.fr\/wp-content\/uploads\/2010\/01\/MARZAIS_365.jpg","type":"image\/jpeg"}],"author":"Jo Yana","twitter_card":"summary_large_image","twitter_creator":"@Jo_Yana","twitter_site":"@Jo_Yana","twitter_misc":{"\u57f7\u7b46\u8005":"Jo Yana"},"schema":{"@context":"https:\/\/schema.org","@graph":[{"@type":"Article","@id":"https:\/\/joyana.fr\/maison-objet-2010-stand-marzais-formitalia\/103255\/#article","isPartOf":{"@id":"https:\/\/joyana.fr\/maison-objet-2010-stand-marzais-formitalia\/103255\/"},"author":{"name":"Jo Yana","@id":"https:\/\/joyana.fr\/#\/schema\/person\/cf2a1ad12a27c12c21801075bf37407c"},"headline":"MAISON &#038; OBJET 2010 : Stand MARZAIS &#038; FORMITALIA","datePublished":"2010-01-28T07:09:19+00:00","mainEntityOfPage":{"@id":"https:\/\/joyana.fr\/maison-objet-2010-stand-marzais-formitalia\/103255\/"},"wordCount":87,"commentCount":12,"publisher":{"@id":"https:\/\/joyana.fr\/#\/schema\/person\/cf2a1ad12a27c12c21801075bf37407c"},"image":{"@id":"https:\/\/joyana.fr\/maison-objet-2010-stand-marzais-formitalia\/103255\/#primaryimage"},"thumbnailUrl":"https:\/\/i0.wp.com\/joyana.fr\/wp-content\/uploads\/2010\/01\/MARZAIS_365.jpg?fit=500%2C320&ssl=1","keywords":["Salons design"],"articleSection":["DECO-DESIGN","MAISON &amp; OBJET"],"inLanguage":"ja","potentialAction":[{"@type":"CommentAction","name":"Comment","target":["https:\/\/joyana.fr\/maison-objet-2010-stand-marzais-formitalia\/103255\/#respond"]}]},{"@type":"WebPage","@id":"https:\/\/joyana.fr\/maison-objet-2010-stand-marzais-formitalia\/103255\/","url":"https:\/\/joyana.fr\/maison-objet-2010-stand-marzais-formitalia\/103255\/","name":"MAISON & OBJET 2010 : Stand MARZAIS & FORMITALIA - JO YANA","isPartOf":{"@id":"https:\/\/joyana.fr\/#website"},"primaryImageOfPage":{"@id":"https:\/\/joyana.fr\/maison-objet-2010-stand-marzais-formitalia\/103255\/#primaryimage"},"image":{"@id":"https:\/\/joyana.fr\/maison-objet-2010-stand-marzais-formitalia\/103255\/#primaryimage"},"thumbnailUrl":"https:\/\/i0.wp.com\/joyana.fr\/wp-content\/uploads\/2010\/01\/MARZAIS_365.jpg?fit=500%2C320&ssl=1","datePublished":"2010-01-28T07:09:19+00:00","breadcrumb":{"@id":"https:\/\/joyana.fr\/maison-objet-2010-stand-marzais-formitalia\/103255\/#breadcrumb"},"inLanguage":"ja","potentialAction":[{"@type":"ReadAction","target":["https:\/\/joyana.fr\/maison-objet-2010-stand-marzais-formitalia\/103255\/"]}]},{"@type":"ImageObject","inLanguage":"ja","@id":"https:\/\/joyana.fr\/maison-objet-2010-stand-marzais-formitalia\/103255\/#primaryimage","url":"https:\/\/i0.wp.com\/joyana.fr\/wp-content\/uploads\/2010\/01\/MARZAIS_365.jpg?fit=500%2C320&ssl=1","contentUrl":"https:\/\/i0.wp.com\/joyana.fr\/wp-content\/uploads\/2010\/01\/MARZAIS_365.jpg?fit=500%2C320&ssl=1","width":500,"height":320},{"@type":"BreadcrumbList","@id":"https:\/\/joyana.fr\/maison-objet-2010-stand-marzais-formitalia\/103255\/#breadcrumb","itemListElement":[{"@type":"ListItem","position":1,"name":"Accueil","item":"https:\/\/joyana.fr\/"},{"@type":"ListItem","position":2,"name":"MAISON &#038; OBJET 2010 : Stand MARZAIS &#038; FORMITALIA"}]},{"@type":"WebSite","@id":"https:\/\/joyana.fr\/#website","url":"https:\/\/joyana.fr\/","name":"JO YANA","description":"Blog Mode Homme, Lifestyle, D\u00e9co-Design","publisher":{"@id":"https:\/\/joyana.fr\/#\/schema\/person\/cf2a1ad12a27c12c21801075bf37407c"},"potentialAction":[{"@type":"SearchAction","target":{"@type":"EntryPoint","urlTemplate":"https:\/\/joyana.fr\/?s={search_term_string}"},"query-input":{"@type":"PropertyValueSpecification","valueRequired":true,"valueName":"search_term_string"}}],"inLanguage":"ja"},{"@type":["Person","Organization"],"@id":"https:\/\/joyana.fr\/#\/schema\/person\/cf2a1ad12a27c12c21801075bf37407c","name":"Jo Yana","image":{"@type":"ImageObject","inLanguage":"ja","@id":"https:\/\/joyana.fr\/#\/schema\/person\/image\/","url":"https:\/\/i0.wp.com\/joyana.fr\/wp-content\/uploads\/2016\/08\/cropped-joyana-logo-black-360x180.png?fit=343%2C164&ssl=1","contentUrl":"https:\/\/i0.wp.com\/joyana.fr\/wp-content\/uploads\/2016\/08\/cropped-joyana-logo-black-360x180.png?fit=343%2C164&ssl=1","width":343,"height":164,"caption":"Jo Yana"},"logo":{"@id":"https:\/\/joyana.fr\/#\/schema\/person\/image\/"},"description":"Jo Yana est le cr\u00e9ateur et r\u00e9dacteur en chef des sites DECO-DESIGN. Passionn\u00e9 de Design, Mode, Photo, Luxe, Lifestyle, Musique, mais avant tout Blogueur ! Le plaisir de partager l'anime et a comme devise \"POUR L'AMOUR DU BEAU\". Retrouvez le aussi sur son blog personnel - https:\/\/joyana.fr...","sameAs":["https:\/\/joyana.fr\/"],"url":"https:\/\/joyana.fr\/ja\/author\/joyana\/"}]}},"author_meta":{"display_name":"Jo Yana","author_link":"https:\/\/joyana.fr\/ja\/author\/joyana\/"},"featured_img":"https:\/\/i0.wp.com\/joyana.fr\/wp-content\/uploads\/2010\/01\/MARZAIS_365.jpg?fit=389%2C249&ssl=1","featured_image_src":"https:\/\/i0.wp.com\/joyana.fr\/wp-content\/uploads\/2010\/01\/MARZAIS_365.jpg?resize=500%2C320&ssl=1","featured_image_src_square":"https:\/\/i0.wp.com\/joyana.fr\/wp-content\/uploads\/2010\/01\/MARZAIS_365.jpg?resize=500%2C320&ssl=1","jetpack_featured_media_url":"https:\/\/i0.wp.com\/joyana.fr\/wp-content\/uploads\/2010\/01\/MARZAIS_365.jpg?fit=500%2C320&ssl=1","uagb_featured_image_src":{"full":["https:\/\/i0.wp.com\/joyana.fr\/wp-content\/uploads\/2010\/01\/MARZAIS_365.jpg?fit=500%2C320&ssl=1",500,320,false],"thumbnail":["https:\/\/i0.wp.com\/joyana.fr\/wp-content\/uploads\/2010\/01\/MARZAIS_365.jpg?resize=150%2C150&ssl=1",150,150,true],"medium":["https:\/\/i0.wp.com\/joyana.fr\/wp-content\/uploads\/2010\/01\/MARZAIS_365.jpg?fit=389%2C249&ssl=1",389,249,true],"medium_large":["https:\/\/i0.wp.com\/joyana.fr\/wp-content\/uploads\/2010\/01\/MARZAIS_365.jpg?fit=500%2C320&ssl=1",500,320,true],"large":["https:\/\/i0.wp.com\/joyana.fr\/wp-content\/uploads\/2010\/01\/MARZAIS_365.jpg?fit=500%2C320&ssl=1",500,320,true],"1536x1536":["https:\/\/i0.wp.com\/joyana.fr\/wp-content\/uploads\/2010\/01\/MARZAIS_365.jpg?fit=500%2C320&ssl=1",500,320,true],"2048x2048":["https:\/\/i0.wp.com\/joyana.fr\/wp-content\/uploads\/2010\/01\/MARZAIS_365.jpg?fit=500%2C320&ssl=1",500,320,true],"featured-thumb":["https:\/\/i0.wp.com\/joyana.fr\/wp-content\/uploads\/2010\/01\/MARZAIS_365.jpg?resize=500%2C320&ssl=1",500,320,true],"ab-block-post-grid-landscape":["https:\/\/i0.wp.com\/joyana.fr\/wp-content\/uploads\/2010\/01\/MARZAIS_365.jpg?resize=500%2C320&ssl=1",500,320,true],"ab-block-post-grid-square":["https:\/\/i0.wp.com\/joyana.fr\/wp-content\/uploads\/2010\/01\/MARZAIS_365.jpg?resize=500%2C320&ssl=1",500,320,true],"author-pro-image":["https:\/\/i0.wp.com\/joyana.fr\/wp-content\/uploads\/2010\/01\/MARZAIS_365.jpg?resize=360%2C320&ssl=1",360,320,true],"slider":["https:\/\/i0.wp.com\/joyana.fr\/wp-content\/uploads\/2010\/01\/MARZAIS_365.jpg?resize=500%2C320&ssl=1",500,320,true],"woocommerce_thumbnail":["https:\/\/i0.wp.com\/joyana.fr\/wp-content\/uploads\/2010\/01\/MARZAIS_365.jpg?resize=450%2C320&ssl=1",450,320,true],"woocommerce_single":["https:\/\/i0.wp.com\/joyana.fr\/wp-content\/uploads\/2010\/01\/MARZAIS_365.jpg?fit=500%2C320&ssl=1",500,320,true],"woocommerce_gallery_thumbnail":["https:\/\/i0.wp.com\/joyana.fr\/wp-content\/uploads\/2010\/01\/MARZAIS_365.jpg?resize=180%2C180&ssl=1",180,180,true],"sow-carousel-default":["https:\/\/i0.wp.com\/joyana.fr\/wp-content\/uploads\/2010\/01\/MARZAIS_365.jpg?resize=272%2C182&ssl=1",272,182,true]},"uagb_author_info":{"display_name":"Jo Yana","author_link":"https:\/\/joyana.fr\/ja\/author\/joyana\/"},"uagb_comment_info":1413,"uagb_excerpt":"Jean-Paul Marzais nous pr\u00e9sente ses nouveaux produits, &hellip;","coauthors":[],"tax_additional":{"categories":{"linked":["<a href=\"https:\/\/joyana.fr\/ja\/category\/deco-design\/\" class=\"advgb-post-tax-term\">DECO-DESIGN<\/a>","<a href=\"https:\/\/joyana.fr\/ja\/category\/deco-design\/actualite\/salon\/maison-et-objet\/\" class=\"advgb-post-tax-term\">MAISON &amp; OBJET<\/a>"],"unlinked":["<span class=\"advgb-post-tax-term\">DECO-DESIGN<\/span>","<span class=\"advgb-post-tax-term\">MAISON &amp; OBJET<\/span>"]},"tags":{"linked":["<a href=\"https:\/\/joyana.fr\/ja\/category\/deco-design\/actualite\/salon\/maison-et-objet\/\" class=\"advgb-post-tax-term\">Salons design<\/a>"],"unlinked":["<span class=\"advgb-post-tax-term\">Salons design<\/span>"]}},"comment_count":14,"relative_dates":{"created":"Posted 16\u5e74 ago","modified":"Updated 16\u5e74 ago"},"absolute_dates":{"created":"Posted on 28 1\u6708 2010","modified":"Updated on 28 1\u6708 2010"},"absolute_dates_time":{"created":"Posted on 28 1\u6708 2010 8:09","modified":"Updated on 28 1\u6708 2010 8:09"},"featured_img_caption":"","series_order":"","jetpack_sharing_enabled":true,"jetpack_shortlink":"https:\/\/wp.me\/p9bteI-qRp","jetpack-related-posts":[],"_links":{"self":[{"href":"https:\/\/joyana.fr\/ja\/wp-json\/wp\/v2\/posts\/103255","targetHints":{"allow":["GET"]}}],"collection":[{"href":"https:\/\/joyana.fr\/ja\/wp-json\/wp\/v2\/posts"}],"about":[{"href":"https:\/\/joyana.fr\/ja\/wp-json\/wp\/v2\/types\/post"}],"author":[{"embeddable":true,"href":"https:\/\/joyana.fr\/ja\/wp-json\/wp\/v2\/users\/3"}],"replies":[{"embeddable":true,"href":"https:\/\/joyana.fr\/ja\/wp-json\/wp\/v2\/comments?post=103255"}],"version-history":[{"count":0,"href":"https:\/\/joyana.fr\/ja\/wp-json\/wp\/v2\/posts\/103255\/revisions"}],"wp:featuredmedia":[{"embeddable":true,"href":"https:\/\/joyana.fr\/ja\/wp-json\/wp\/v2\/media\/122234"}],"wp:attachment":[{"href":"https:\/\/joyana.fr\/ja\/wp-json\/wp\/v2\/media?parent=103255"}],"wp:term":[{"taxonomy":"category","embeddable":true,"href":"https:\/\/joyana.fr\/ja\/wp-json\/wp\/v2\/categories?post=103255"},{"taxonomy":"post_tag","embeddable":true,"href":"https:\/\/joyana.fr\/ja\/wp-json\/wp\/v2\/tags?post=103255"}],"curies":[{"name":"wp","href":"https:\/\/api.w.org\/{rel}","templated":true}]}}