{"id":103513,"date":"2010-04-14T10:37:23","date_gmt":"2010-04-14T09:37:23","guid":{"rendered":"https:\/\/joyana.fr\/the-invisibles-by-tokujin-yoshioka-in-live-from-milan\/"},"modified":"2010-04-14T10:37:23","modified_gmt":"2010-04-14T09:37:23","slug":"the-invisibles-by-tokujin-yoshioka-in-live-from-milan","status":"publish","type":"post","link":"https:\/\/joyana.fr\/ja\/the-invisibles-by-tokujin-yoshioka-in-live-from-milan\/103513\/","title":{"rendered":"THE INVISIBLES by Tokujin YOSHIOKA in Live from MILAN"},"content":{"rendered":"<p>Nous vous pr\u00e9sentions il y a quelques jours le <a title=\"INVISIBLES YOSHIOKA\" href=\"https:\/\/joyana.fr\/chaise-the-invisibles-par-tokujin-yoshioka-pour-kartell\/\"><strong>fauteuil Invisibles de Tokujin Yoshioka<\/strong><\/a>. Le designer nous pr\u00e9sente le reste de la collection, lors d&#8217;une superbe exposition au showroom <strong>Kartell<\/strong> durant le <strong>Milan Design Week 2010<\/strong>&#8230;<\/p>\n<p><img data-recalc-dims=\"1\" decoding=\"async\" src=\"https:\/\/i0.wp.com\/joyana.fr\/wp-content\/uploads\/kartell_invisibles_yoshioka__o.jpg?ssl=1\" alt=\"THE INVISIBLES by Tokujin YOSHIOKA in Live from MILAN\" hspace=\"8\" align=\"top\" \/><\/p>\n<p> Que dire hormis que cette installation est absolument superbe ???<\/p>\n<p><img data-recalc-dims=\"1\" decoding=\"async\" src=\"https:\/\/i0.wp.com\/joyana.fr\/wp-content\/uploads\/kartell_invisibles_yoshioka_go.jpg?ssl=1\" alt=\"THE INVISIBLES by Tokujin YOSHIOKA in Live from MILAN\" hspace=\"8\" align=\"top\" \/><\/p>\n<p><img data-recalc-dims=\"1\" decoding=\"async\" src=\"https:\/\/i0.wp.com\/joyana.fr\/wp-content\/uploads\/kartell_invisibles_yoshioka_o.jpg?ssl=1\" alt=\"THE INVISIBLES by Tokujin YOSHIOKA in Live from MILAN\" hspace=\"8\" align=\"top\" \/><\/p>\n<p>Le reste de la<strong> collection INVISIBLES<\/strong>, qui comportera diff\u00e9rentes tables, un banc, un fauteuil et un canap\u00e9; tous arborant une \u00e9paisseur de polycarbonate jamais vu \u00e0 ce jour sur du mobilier !!! Les rumeurs disent que les prix de cette collection seraient assez \u00e9lev\u00e9s, et que la disponibilit\u00e9 des pi\u00e8ces serait fix\u00e9e \u00e0 2011&#8230;<\/p>\n<p><img data-recalc-dims=\"1\" decoding=\"async\" src=\"https:\/\/i0.wp.com\/joyana.fr\/wp-content\/uploads\/kartell_invisibles_yoshioka_3.jpg?ssl=1\" alt=\"THE INVISIBLES by Tokujin YOSHIOKA in Live from MILAN\" hspace=\"8\" align=\"top\" \/><\/p>\n<p><img data-recalc-dims=\"1\" decoding=\"async\" src=\"https:\/\/i0.wp.com\/joyana.fr\/wp-content\/uploads\/kartell_invisibles_yoshioka_1f.jpg?ssl=1\" alt=\"THE INVISIBLES by Tokujin YOSHIOKA in Live from MILAN\" hspace=\"8\" align=\"top\" \/><\/p>\n<p><img data-recalc-dims=\"1\" decoding=\"async\" src=\"https:\/\/i0.wp.com\/joyana.fr\/wp-content\/uploads\/kartell_invisibles_yoshioka_7.jpg?ssl=1\" alt=\"THE INVISIBLES by Tokujin YOSHIOKA in Live from MILAN\" hspace=\"8\" align=\"top\" \/><\/p>\n<p><img data-recalc-dims=\"1\" decoding=\"async\" src=\"https:\/\/i0.wp.com\/joyana.fr\/wp-content\/uploads\/kartell_invisibles_yoshioka_cb.jpg?ssl=1\" alt=\"THE INVISIBLES by Tokujin YOSHIOKA in Live from MILAN\" hspace=\"8\" align=\"top\" \/><\/p>\n<p><img data-recalc-dims=\"1\" decoding=\"async\" src=\"https:\/\/i0.wp.com\/joyana.fr\/wp-content\/uploads\/kartell_invisibles_yoshioka_f2.jpg?ssl=1\" alt=\"THE INVISIBLES by Tokujin YOSHIOKA in Live from MILAN\" hspace=\"8\" align=\"top\" \/><\/p>\n<p><img data-recalc-dims=\"1\" decoding=\"async\" src=\"https:\/\/i0.wp.com\/joyana.fr\/wp-content\/uploads\/kartell_invisibles_yoshioka_db.jpg?ssl=1\" alt=\"THE INVISIBLES by Tokujin YOSHIOKA in Live from MILAN\" hspace=\"8\" align=\"top\" \/><\/p>\n<p><img data-recalc-dims=\"1\" decoding=\"async\" src=\"https:\/\/i0.wp.com\/joyana.fr\/wp-content\/uploads\/kartell_invisibles_251_n.jpg?ssl=1\" alt=\"THE INVISIBLES by Tokujin YOSHIOKA in Live from MILAN\" hspace=\"8\" align=\"top\" \/><\/p>\n<p><strong><a title=\"TOKUJIN YOSHIOKA\" href=\"http:\/\/www.tokujin.com\/\">http:\/\/www.tokujin.com\/ <\/a><\/strong><\/p>\n<p><strong><a title=\"KARTELL\" href=\"http:\/\/www.kartell.it\/\">http:\/\/www.kartell.it\/ <\/a><\/strong><\/p>\n<p>+ de news sur le <a title=\"MILAN DESIGN WEEK 2010\" href=\"https:\/\/joyana.fr\/index.php?s=MILAN+DESIGN+WEEK+2010&#038;sbutt=Go\">Milan Design Week 2010<\/a><\/p>\n<p>&#8212;&#8212;&#8212;&#8212;&#8211;<\/p>\n<p><a title=\"blog design\" href=\"https:\/\/joyana.fr\/\">Jo Yana <\/a><\/p>\n","protected":false},"excerpt":{"rendered":"<p>Nous vous pr\u00e9sentions il y a quelques jours le fauteuil Invisibles de Tokujin Yoshioka. Le designer nous pr\u00e9se [&hellip;]<\/p>\n","protected":false},"author":3,"featured_media":103512,"comment_status":"open","ping_status":"open","sticky":false,"template":"","format":"standard","meta":{"_coblocks_attr":"","_coblocks_dimensions":"","_coblocks_responsive_height":"","_coblocks_accordion_ie_support":"","_uag_custom_page_level_css":"","advgb_blocks_editor_width":"","advgb_blocks_columns_visual_guide":"","_genesis_hide_title":false,"_genesis_hide_breadcrumbs":false,"_genesis_hide_singular_image":false,"_genesis_hide_footer_widgets":false,"_genesis_custom_body_class":"","_genesis_custom_post_class":"","_genesis_layout":"","_themeisle_gutenberg_block_has_review":false,"_jetpack_newsletter_access":"","_jetpack_dont_email_post_to_subs":false,"_jetpack_newsletter_tier_id":0,"_jetpack_memberships_contains_paywalled_content":false,"_jetpack_memberships_contains_paid_content":false,"footnotes":""},"categories":[905,983,921,984],"tags":[982,963],"class_list":{"0":"post-103513","1":"post","2":"type-post","3":"status-publish","4":"format-standard","5":"has-post-thumbnail","7":"category-deco-design","8":"category-kartell","9":"category-lieux-design","10":"category-tokujin-yoshioka","11":"tag-kartell","12":"tag-salons-design","13":"entry"},"featured_image_urls":{"full":["https:\/\/i0.wp.com\/joyana.fr\/wp-content\/uploads\/old\/kartell_invisibles_yoshioka__o.jpg?fit=500%2C594&ssl=1",500,594,false],"thumbnail":["https:\/\/i0.wp.com\/joyana.fr\/wp-content\/uploads\/old\/kartell_invisibles_yoshioka__o.jpg?resize=150%2C150&ssl=1",150,150,true],"medium":["https:\/\/i0.wp.com\/joyana.fr\/wp-content\/uploads\/old\/kartell_invisibles_yoshioka__o.jpg?fit=327%2C389&ssl=1",327,389,true],"medium_large":["https:\/\/i0.wp.com\/joyana.fr\/wp-content\/uploads\/old\/kartell_invisibles_yoshioka__o.jpg?fit=500%2C594&ssl=1",500,594,true],"large":["https:\/\/i0.wp.com\/joyana.fr\/wp-content\/uploads\/old\/kartell_invisibles_yoshioka__o.jpg?fit=500%2C594&ssl=1",500,594,true],"1536x1536":["https:\/\/i0.wp.com\/joyana.fr\/wp-content\/uploads\/old\/kartell_invisibles_yoshioka__o.jpg?fit=500%2C594&ssl=1",500,594,true],"2048x2048":["https:\/\/i0.wp.com\/joyana.fr\/wp-content\/uploads\/old\/kartell_invisibles_yoshioka__o.jpg?fit=500%2C594&ssl=1",500,594,true],"featured-thumb":["https:\/\/i0.wp.com\/joyana.fr\/wp-content\/uploads\/old\/kartell_invisibles_yoshioka__o.jpg?resize=500%2C594&ssl=1",500,594,true],"ab-block-post-grid-landscape":["https:\/\/i0.wp.com\/joyana.fr\/wp-content\/uploads\/old\/kartell_invisibles_yoshioka__o.jpg?resize=500%2C400&ssl=1",500,400,true],"ab-block-post-grid-square":["https:\/\/i0.wp.com\/joyana.fr\/wp-content\/uploads\/old\/kartell_invisibles_yoshioka__o.jpg?resize=500%2C594&ssl=1",500,594,true],"author-pro-image":["https:\/\/i0.wp.com\/joyana.fr\/wp-content\/uploads\/old\/kartell_invisibles_yoshioka__o.jpg?resize=360%2C570&ssl=1",360,570,true],"slider":["https:\/\/i0.wp.com\/joyana.fr\/wp-content\/uploads\/old\/kartell_invisibles_yoshioka__o.jpg?resize=500%2C400&ssl=1",500,400,true],"woocommerce_thumbnail":["https:\/\/i0.wp.com\/joyana.fr\/wp-content\/uploads\/old\/kartell_invisibles_yoshioka__o.jpg?resize=450%2C450&ssl=1",450,450,true],"woocommerce_single":["https:\/\/i0.wp.com\/joyana.fr\/wp-content\/uploads\/old\/kartell_invisibles_yoshioka__o.jpg?fit=500%2C594&ssl=1",500,594,true],"woocommerce_gallery_thumbnail":["https:\/\/i0.wp.com\/joyana.fr\/wp-content\/uploads\/old\/kartell_invisibles_yoshioka__o.jpg?resize=180%2C180&ssl=1",180,180,true],"sow-carousel-default":["https:\/\/i0.wp.com\/joyana.fr\/wp-content\/uploads\/old\/kartell_invisibles_yoshioka__o.jpg?resize=272%2C182&ssl=1",272,182,true]},"post_excerpt_stackable":"<p>Nous vous pr\u00e9sentions il y a quelques jours le fauteuil Invisibles de Tokujin Yoshioka. Le designer &hellip;<\/p>\n","category_list":"<a href=\"https:\/\/joyana.fr\/ja\/category\/deco-design\/\" rel=\"category tag\">DECO-DESIGN<\/a>, <a href=\"https:\/\/joyana.fr\/ja\/category\/marques\/kartell\/\" rel=\"category tag\">Kartell<\/a>, <a href=\"https:\/\/joyana.fr\/ja\/category\/deco-design\/architecture-deco-design\/lieux-design\/\" rel=\"category tag\">Lieux<\/a>, <a href=\"https:\/\/joyana.fr\/ja\/category\/deco-design\/designer\/tokujin-yoshioka\/\" rel=\"category tag\">Tokujin YOSHIOKA<\/a>","author_info":{"display_name":"Jo Yana","author_link":"https:\/\/joyana.fr\/ja\/author\/joyana\/"},"comments_num":"32 comments","featured_image_urls_v2":{"full":["https:\/\/i0.wp.com\/joyana.fr\/wp-content\/uploads\/old\/kartell_invisibles_yoshioka__o.jpg?fit=500%2C594&ssl=1",500,594,false],"thumbnail":["https:\/\/i0.wp.com\/joyana.fr\/wp-content\/uploads\/old\/kartell_invisibles_yoshioka__o.jpg?resize=150%2C150&ssl=1",150,150,true],"medium":["https:\/\/i0.wp.com\/joyana.fr\/wp-content\/uploads\/old\/kartell_invisibles_yoshioka__o.jpg?fit=327%2C389&ssl=1",327,389,true],"medium_large":["https:\/\/i0.wp.com\/joyana.fr\/wp-content\/uploads\/old\/kartell_invisibles_yoshioka__o.jpg?fit=500%2C594&ssl=1",500,594,true],"large":["https:\/\/i0.wp.com\/joyana.fr\/wp-content\/uploads\/old\/kartell_invisibles_yoshioka__o.jpg?fit=500%2C594&ssl=1",500,594,true],"1536x1536":["https:\/\/i0.wp.com\/joyana.fr\/wp-content\/uploads\/old\/kartell_invisibles_yoshioka__o.jpg?fit=500%2C594&ssl=1",500,594,true],"2048x2048":["https:\/\/i0.wp.com\/joyana.fr\/wp-content\/uploads\/old\/kartell_invisibles_yoshioka__o.jpg?fit=500%2C594&ssl=1",500,594,true],"featured-thumb":["https:\/\/i0.wp.com\/joyana.fr\/wp-content\/uploads\/old\/kartell_invisibles_yoshioka__o.jpg?resize=500%2C594&ssl=1",500,594,true],"ab-block-post-grid-landscape":["https:\/\/i0.wp.com\/joyana.fr\/wp-content\/uploads\/old\/kartell_invisibles_yoshioka__o.jpg?resize=500%2C400&ssl=1",500,400,true],"ab-block-post-grid-square":["https:\/\/i0.wp.com\/joyana.fr\/wp-content\/uploads\/old\/kartell_invisibles_yoshioka__o.jpg?resize=500%2C594&ssl=1",500,594,true],"author-pro-image":["https:\/\/i0.wp.com\/joyana.fr\/wp-content\/uploads\/old\/kartell_invisibles_yoshioka__o.jpg?resize=360%2C570&ssl=1",360,570,true],"slider":["https:\/\/i0.wp.com\/joyana.fr\/wp-content\/uploads\/old\/kartell_invisibles_yoshioka__o.jpg?resize=500%2C400&ssl=1",500,400,true],"woocommerce_thumbnail":["https:\/\/i0.wp.com\/joyana.fr\/wp-content\/uploads\/old\/kartell_invisibles_yoshioka__o.jpg?resize=450%2C450&ssl=1",450,450,true],"woocommerce_single":["https:\/\/i0.wp.com\/joyana.fr\/wp-content\/uploads\/old\/kartell_invisibles_yoshioka__o.jpg?fit=500%2C594&ssl=1",500,594,true],"woocommerce_gallery_thumbnail":["https:\/\/i0.wp.com\/joyana.fr\/wp-content\/uploads\/old\/kartell_invisibles_yoshioka__o.jpg?resize=180%2C180&ssl=1",180,180,true],"sow-carousel-default":["https:\/\/i0.wp.com\/joyana.fr\/wp-content\/uploads\/old\/kartell_invisibles_yoshioka__o.jpg?resize=272%2C182&ssl=1",272,182,true]},"post_excerpt_stackable_v2":"<p>Nous vous pr\u00e9sentions il y a quelques jours le fauteuil Invisibles de Tokujin Yoshioka. Le designer &hellip;<\/p>\n","category_list_v2":"<a href=\"https:\/\/joyana.fr\/ja\/category\/deco-design\/\" rel=\"category tag\">DECO-DESIGN<\/a>, <a href=\"https:\/\/joyana.fr\/ja\/category\/marques\/kartell\/\" rel=\"category tag\">Kartell<\/a>, <a href=\"https:\/\/joyana.fr\/ja\/category\/deco-design\/architecture-deco-design\/lieux-design\/\" rel=\"category tag\">Lieux<\/a>, <a href=\"https:\/\/joyana.fr\/ja\/category\/deco-design\/designer\/tokujin-yoshioka\/\" rel=\"category tag\">Tokujin YOSHIOKA<\/a>","author_info_v2":{"name":"Jo Yana","url":"https:\/\/joyana.fr\/ja\/author\/joyana\/"},"comments_num_v2":"32 comments","yoast_head":"<!-- This site is optimized with the Yoast SEO plugin v26.8 - https:\/\/yoast.com\/product\/yoast-seo-wordpress\/ -->\n<title>THE INVISIBLES by Tokujin YOSHIOKA in Live from MILAN - JO YANA<\/title>\n<meta name=\"robots\" content=\"index, follow, max-snippet:-1, max-image-preview:large, max-video-preview:-1\" \/>\n<link rel=\"canonical\" href=\"https:\/\/www.joyana.fr\/en\/the-invisibles-by-tokujin-yoshioka-in-live-from-milan\/103513\/\" \/>\n<meta property=\"og:locale\" content=\"ja_JP\" \/>\n<meta property=\"og:locale:alternate\" content=\"fr_FR\" \/>\n<meta property=\"og:locale:alternate\" content=\"en_US\" \/>\n<meta property=\"og:type\" content=\"article\" \/>\n<meta property=\"og:title\" content=\"THE INVISIBLES by Tokujin YOSHIOKA in Live from MILAN - JO YANA\" \/>\n<meta property=\"og:description\" content=\"Nous vous pr\u00e9sentions il y a quelques jours le fauteuil Invisibles de Tokujin Yoshioka. Le designer nous pr\u00e9se [&hellip;]\" \/>\n<meta property=\"og:url\" content=\"https:\/\/joyana.fr\/ja\/the-invisibles-by-tokujin-yoshioka-in-live-from-milan\/103513\/\" \/>\n<meta property=\"og:site_name\" content=\"JO YANA\" \/>\n<meta property=\"article:published_time\" content=\"2010-04-14T09:37:23+00:00\" \/>\n<meta property=\"og:image\" content=\"https:\/\/www.joyana.fr\/wp-content\/uploads\/old\/kartell_invisibles_yoshioka__o.jpg\" \/>\n\t<meta property=\"og:image:width\" content=\"500\" \/>\n\t<meta property=\"og:image:height\" content=\"594\" \/>\n\t<meta property=\"og:image:type\" content=\"image\/jpeg\" \/>\n<meta name=\"author\" content=\"Jo Yana\" \/>\n<meta name=\"twitter:card\" content=\"summary_large_image\" \/>\n<meta name=\"twitter:creator\" content=\"@Jo_Yana\" \/>\n<meta name=\"twitter:site\" content=\"@Jo_Yana\" \/>\n<meta name=\"twitter:label1\" content=\"\u57f7\u7b46\u8005\" \/>\n\t<meta name=\"twitter:data1\" content=\"Jo Yana\" \/>\n\t<meta name=\"twitter:label2\" content=\"\u63a8\u5b9a\u8aad\u307f\u53d6\u308a\u6642\u9593\" \/>\n\t<meta name=\"twitter:data2\" content=\"1\u5206\" \/>\n<script type=\"application\/ld+json\" class=\"yoast-schema-graph\">{\"@context\":\"https:\/\/schema.org\",\"@graph\":[{\"@type\":\"Article\",\"@id\":\"https:\/\/www.joyana.fr\/en\/the-invisibles-by-tokujin-yoshioka-in-live-from-milan\/103513\/#article\",\"isPartOf\":{\"@id\":\"https:\/\/www.joyana.fr\/en\/the-invisibles-by-tokujin-yoshioka-in-live-from-milan\/103513\/\"},\"author\":{\"name\":\"Jo Yana\",\"@id\":\"https:\/\/joyana.fr\/#\/schema\/person\/cf2a1ad12a27c12c21801075bf37407c\"},\"headline\":\"THE INVISIBLES by Tokujin YOSHIOKA in Live from MILAN\",\"datePublished\":\"2010-04-14T09:37:23+00:00\",\"mainEntityOfPage\":{\"@id\":\"https:\/\/www.joyana.fr\/en\/the-invisibles-by-tokujin-yoshioka-in-live-from-milan\/103513\/\"},\"wordCount\":128,\"commentCount\":0,\"publisher\":{\"@id\":\"https:\/\/joyana.fr\/#\/schema\/person\/cf2a1ad12a27c12c21801075bf37407c\"},\"image\":{\"@id\":\"https:\/\/www.joyana.fr\/en\/the-invisibles-by-tokujin-yoshioka-in-live-from-milan\/103513\/#primaryimage\"},\"thumbnailUrl\":\"https:\/\/i0.wp.com\/joyana.fr\/wp-content\/uploads\/old\/kartell_invisibles_yoshioka__o.jpg?fit=500%2C594&ssl=1\",\"keywords\":[\"Kartell\",\"Salons design\"],\"articleSection\":[\"DECO-DESIGN\",\"Kartell\",\"Lieux\",\"Tokujin YOSHIOKA\"],\"inLanguage\":\"ja\",\"potentialAction\":[{\"@type\":\"CommentAction\",\"name\":\"Comment\",\"target\":[\"https:\/\/www.joyana.fr\/en\/the-invisibles-by-tokujin-yoshioka-in-live-from-milan\/103513\/#respond\"]}]},{\"@type\":\"WebPage\",\"@id\":\"https:\/\/www.joyana.fr\/en\/the-invisibles-by-tokujin-yoshioka-in-live-from-milan\/103513\/\",\"url\":\"https:\/\/www.joyana.fr\/en\/the-invisibles-by-tokujin-yoshioka-in-live-from-milan\/103513\/\",\"name\":\"THE INVISIBLES by Tokujin YOSHIOKA in Live from MILAN - JO YANA\",\"isPartOf\":{\"@id\":\"https:\/\/joyana.fr\/#website\"},\"primaryImageOfPage\":{\"@id\":\"https:\/\/www.joyana.fr\/en\/the-invisibles-by-tokujin-yoshioka-in-live-from-milan\/103513\/#primaryimage\"},\"image\":{\"@id\":\"https:\/\/www.joyana.fr\/en\/the-invisibles-by-tokujin-yoshioka-in-live-from-milan\/103513\/#primaryimage\"},\"thumbnailUrl\":\"https:\/\/i0.wp.com\/joyana.fr\/wp-content\/uploads\/old\/kartell_invisibles_yoshioka__o.jpg?fit=500%2C594&ssl=1\",\"datePublished\":\"2010-04-14T09:37:23+00:00\",\"breadcrumb\":{\"@id\":\"https:\/\/www.joyana.fr\/en\/the-invisibles-by-tokujin-yoshioka-in-live-from-milan\/103513\/#breadcrumb\"},\"inLanguage\":\"ja\",\"potentialAction\":[{\"@type\":\"ReadAction\",\"target\":[\"https:\/\/www.joyana.fr\/en\/the-invisibles-by-tokujin-yoshioka-in-live-from-milan\/103513\/\"]}]},{\"@type\":\"ImageObject\",\"inLanguage\":\"ja\",\"@id\":\"https:\/\/www.joyana.fr\/en\/the-invisibles-by-tokujin-yoshioka-in-live-from-milan\/103513\/#primaryimage\",\"url\":\"https:\/\/i0.wp.com\/joyana.fr\/wp-content\/uploads\/old\/kartell_invisibles_yoshioka__o.jpg?fit=500%2C594&ssl=1\",\"contentUrl\":\"https:\/\/i0.wp.com\/joyana.fr\/wp-content\/uploads\/old\/kartell_invisibles_yoshioka__o.jpg?fit=500%2C594&ssl=1\",\"width\":500,\"height\":594},{\"@type\":\"BreadcrumbList\",\"@id\":\"https:\/\/www.joyana.fr\/en\/the-invisibles-by-tokujin-yoshioka-in-live-from-milan\/103513\/#breadcrumb\",\"itemListElement\":[{\"@type\":\"ListItem\",\"position\":1,\"name\":\"Accueil\",\"item\":\"https:\/\/joyana.fr\/\"},{\"@type\":\"ListItem\",\"position\":2,\"name\":\"THE INVISIBLES by Tokujin YOSHIOKA in Live from MILAN\"}]},{\"@type\":\"WebSite\",\"@id\":\"https:\/\/joyana.fr\/#website\",\"url\":\"https:\/\/joyana.fr\/\",\"name\":\"JO YANA\",\"description\":\"Blog Mode Homme, Lifestyle, D\u00e9co-Design\",\"publisher\":{\"@id\":\"https:\/\/joyana.fr\/#\/schema\/person\/cf2a1ad12a27c12c21801075bf37407c\"},\"potentialAction\":[{\"@type\":\"SearchAction\",\"target\":{\"@type\":\"EntryPoint\",\"urlTemplate\":\"https:\/\/joyana.fr\/?s={search_term_string}\"},\"query-input\":{\"@type\":\"PropertyValueSpecification\",\"valueRequired\":true,\"valueName\":\"search_term_string\"}}],\"inLanguage\":\"ja\"},{\"@type\":[\"Person\",\"Organization\"],\"@id\":\"https:\/\/joyana.fr\/#\/schema\/person\/cf2a1ad12a27c12c21801075bf37407c\",\"name\":\"Jo Yana\",\"image\":{\"@type\":\"ImageObject\",\"inLanguage\":\"ja\",\"@id\":\"https:\/\/joyana.fr\/#\/schema\/person\/image\/\",\"url\":\"https:\/\/i0.wp.com\/joyana.fr\/wp-content\/uploads\/2016\/08\/cropped-joyana-logo-black-360x180.png?fit=343%2C164&ssl=1\",\"contentUrl\":\"https:\/\/i0.wp.com\/joyana.fr\/wp-content\/uploads\/2016\/08\/cropped-joyana-logo-black-360x180.png?fit=343%2C164&ssl=1\",\"width\":343,\"height\":164,\"caption\":\"Jo Yana\"},\"logo\":{\"@id\":\"https:\/\/joyana.fr\/#\/schema\/person\/image\/\"},\"description\":\"Jo Yana est le cr\u00e9ateur et r\u00e9dacteur en chef des sites DECO-DESIGN. Passionn\u00e9 de Design, Mode, Photo, Luxe, Lifestyle, Musique, mais avant tout Blogueur ! Le plaisir de partager l'anime et a comme devise \\\"POUR L'AMOUR DU BEAU\\\". Retrouvez le aussi sur son blog personnel - https:\/\/joyana.fr...\",\"sameAs\":[\"https:\/\/joyana.fr\/\"],\"url\":\"https:\/\/joyana.fr\/ja\/author\/joyana\/\"}]}<\/script>\n<!-- \/ Yoast SEO plugin. -->","yoast_head_json":{"title":"THE INVISIBLES by Tokujin YOSHIOKA in Live from MILAN - JO YANA","robots":{"index":"index","follow":"follow","max-snippet":"max-snippet:-1","max-image-preview":"max-image-preview:large","max-video-preview":"max-video-preview:-1"},"canonical":"https:\/\/www.joyana.fr\/en\/the-invisibles-by-tokujin-yoshioka-in-live-from-milan\/103513\/","og_locale":"ja_JP","og_type":"article","og_title":"THE INVISIBLES by Tokujin YOSHIOKA in Live from MILAN - JO YANA","og_description":"Nous vous pr\u00e9sentions il y a quelques jours le fauteuil Invisibles de Tokujin Yoshioka. Le designer nous pr\u00e9se [&hellip;]","og_url":"https:\/\/joyana.fr\/ja\/the-invisibles-by-tokujin-yoshioka-in-live-from-milan\/103513\/","og_site_name":"JO YANA","article_published_time":"2010-04-14T09:37:23+00:00","og_image":[{"width":500,"height":594,"url":"https:\/\/www.joyana.fr\/wp-content\/uploads\/old\/kartell_invisibles_yoshioka__o.jpg","type":"image\/jpeg"}],"author":"Jo Yana","twitter_card":"summary_large_image","twitter_creator":"@Jo_Yana","twitter_site":"@Jo_Yana","twitter_misc":{"\u57f7\u7b46\u8005":"Jo Yana","\u63a8\u5b9a\u8aad\u307f\u53d6\u308a\u6642\u9593":"1\u5206"},"schema":{"@context":"https:\/\/schema.org","@graph":[{"@type":"Article","@id":"https:\/\/www.joyana.fr\/en\/the-invisibles-by-tokujin-yoshioka-in-live-from-milan\/103513\/#article","isPartOf":{"@id":"https:\/\/www.joyana.fr\/en\/the-invisibles-by-tokujin-yoshioka-in-live-from-milan\/103513\/"},"author":{"name":"Jo Yana","@id":"https:\/\/joyana.fr\/#\/schema\/person\/cf2a1ad12a27c12c21801075bf37407c"},"headline":"THE INVISIBLES by Tokujin YOSHIOKA in Live from MILAN","datePublished":"2010-04-14T09:37:23+00:00","mainEntityOfPage":{"@id":"https:\/\/www.joyana.fr\/en\/the-invisibles-by-tokujin-yoshioka-in-live-from-milan\/103513\/"},"wordCount":128,"commentCount":0,"publisher":{"@id":"https:\/\/joyana.fr\/#\/schema\/person\/cf2a1ad12a27c12c21801075bf37407c"},"image":{"@id":"https:\/\/www.joyana.fr\/en\/the-invisibles-by-tokujin-yoshioka-in-live-from-milan\/103513\/#primaryimage"},"thumbnailUrl":"https:\/\/i0.wp.com\/joyana.fr\/wp-content\/uploads\/old\/kartell_invisibles_yoshioka__o.jpg?fit=500%2C594&ssl=1","keywords":["Kartell","Salons design"],"articleSection":["DECO-DESIGN","Kartell","Lieux","Tokujin YOSHIOKA"],"inLanguage":"ja","potentialAction":[{"@type":"CommentAction","name":"Comment","target":["https:\/\/www.joyana.fr\/en\/the-invisibles-by-tokujin-yoshioka-in-live-from-milan\/103513\/#respond"]}]},{"@type":"WebPage","@id":"https:\/\/www.joyana.fr\/en\/the-invisibles-by-tokujin-yoshioka-in-live-from-milan\/103513\/","url":"https:\/\/www.joyana.fr\/en\/the-invisibles-by-tokujin-yoshioka-in-live-from-milan\/103513\/","name":"THE INVISIBLES by Tokujin YOSHIOKA in Live from MILAN - JO YANA","isPartOf":{"@id":"https:\/\/joyana.fr\/#website"},"primaryImageOfPage":{"@id":"https:\/\/www.joyana.fr\/en\/the-invisibles-by-tokujin-yoshioka-in-live-from-milan\/103513\/#primaryimage"},"image":{"@id":"https:\/\/www.joyana.fr\/en\/the-invisibles-by-tokujin-yoshioka-in-live-from-milan\/103513\/#primaryimage"},"thumbnailUrl":"https:\/\/i0.wp.com\/joyana.fr\/wp-content\/uploads\/old\/kartell_invisibles_yoshioka__o.jpg?fit=500%2C594&ssl=1","datePublished":"2010-04-14T09:37:23+00:00","breadcrumb":{"@id":"https:\/\/www.joyana.fr\/en\/the-invisibles-by-tokujin-yoshioka-in-live-from-milan\/103513\/#breadcrumb"},"inLanguage":"ja","potentialAction":[{"@type":"ReadAction","target":["https:\/\/www.joyana.fr\/en\/the-invisibles-by-tokujin-yoshioka-in-live-from-milan\/103513\/"]}]},{"@type":"ImageObject","inLanguage":"ja","@id":"https:\/\/www.joyana.fr\/en\/the-invisibles-by-tokujin-yoshioka-in-live-from-milan\/103513\/#primaryimage","url":"https:\/\/i0.wp.com\/joyana.fr\/wp-content\/uploads\/old\/kartell_invisibles_yoshioka__o.jpg?fit=500%2C594&ssl=1","contentUrl":"https:\/\/i0.wp.com\/joyana.fr\/wp-content\/uploads\/old\/kartell_invisibles_yoshioka__o.jpg?fit=500%2C594&ssl=1","width":500,"height":594},{"@type":"BreadcrumbList","@id":"https:\/\/www.joyana.fr\/en\/the-invisibles-by-tokujin-yoshioka-in-live-from-milan\/103513\/#breadcrumb","itemListElement":[{"@type":"ListItem","position":1,"name":"Accueil","item":"https:\/\/joyana.fr\/"},{"@type":"ListItem","position":2,"name":"THE INVISIBLES by Tokujin YOSHIOKA in Live from MILAN"}]},{"@type":"WebSite","@id":"https:\/\/joyana.fr\/#website","url":"https:\/\/joyana.fr\/","name":"JO YANA","description":"Blog Mode Homme, Lifestyle, D\u00e9co-Design","publisher":{"@id":"https:\/\/joyana.fr\/#\/schema\/person\/cf2a1ad12a27c12c21801075bf37407c"},"potentialAction":[{"@type":"SearchAction","target":{"@type":"EntryPoint","urlTemplate":"https:\/\/joyana.fr\/?s={search_term_string}"},"query-input":{"@type":"PropertyValueSpecification","valueRequired":true,"valueName":"search_term_string"}}],"inLanguage":"ja"},{"@type":["Person","Organization"],"@id":"https:\/\/joyana.fr\/#\/schema\/person\/cf2a1ad12a27c12c21801075bf37407c","name":"Jo Yana","image":{"@type":"ImageObject","inLanguage":"ja","@id":"https:\/\/joyana.fr\/#\/schema\/person\/image\/","url":"https:\/\/i0.wp.com\/joyana.fr\/wp-content\/uploads\/2016\/08\/cropped-joyana-logo-black-360x180.png?fit=343%2C164&ssl=1","contentUrl":"https:\/\/i0.wp.com\/joyana.fr\/wp-content\/uploads\/2016\/08\/cropped-joyana-logo-black-360x180.png?fit=343%2C164&ssl=1","width":343,"height":164,"caption":"Jo Yana"},"logo":{"@id":"https:\/\/joyana.fr\/#\/schema\/person\/image\/"},"description":"Jo Yana est le cr\u00e9ateur et r\u00e9dacteur en chef des sites DECO-DESIGN. Passionn\u00e9 de Design, Mode, Photo, Luxe, Lifestyle, Musique, mais avant tout Blogueur ! Le plaisir de partager l'anime et a comme devise \"POUR L'AMOUR DU BEAU\". Retrouvez le aussi sur son blog personnel - https:\/\/joyana.fr...","sameAs":["https:\/\/joyana.fr\/"],"url":"https:\/\/joyana.fr\/ja\/author\/joyana\/"}]}},"author_meta":{"display_name":"Jo Yana","author_link":"https:\/\/joyana.fr\/ja\/author\/joyana\/"},"featured_img":"https:\/\/i0.wp.com\/joyana.fr\/wp-content\/uploads\/old\/kartell_invisibles_yoshioka__o.jpg?fit=327%2C389&ssl=1","featured_image_src":"https:\/\/i0.wp.com\/joyana.fr\/wp-content\/uploads\/old\/kartell_invisibles_yoshioka__o.jpg?resize=500%2C400&ssl=1","featured_image_src_square":"https:\/\/i0.wp.com\/joyana.fr\/wp-content\/uploads\/old\/kartell_invisibles_yoshioka__o.jpg?resize=500%2C594&ssl=1","jetpack_featured_media_url":"https:\/\/i0.wp.com\/joyana.fr\/wp-content\/uploads\/old\/kartell_invisibles_yoshioka__o.jpg?fit=500%2C594&ssl=1","uagb_featured_image_src":{"full":["https:\/\/i0.wp.com\/joyana.fr\/wp-content\/uploads\/old\/kartell_invisibles_yoshioka__o.jpg?fit=500%2C594&ssl=1",500,594,false],"thumbnail":["https:\/\/i0.wp.com\/joyana.fr\/wp-content\/uploads\/old\/kartell_invisibles_yoshioka__o.jpg?resize=150%2C150&ssl=1",150,150,true],"medium":["https:\/\/i0.wp.com\/joyana.fr\/wp-content\/uploads\/old\/kartell_invisibles_yoshioka__o.jpg?fit=327%2C389&ssl=1",327,389,true],"medium_large":["https:\/\/i0.wp.com\/joyana.fr\/wp-content\/uploads\/old\/kartell_invisibles_yoshioka__o.jpg?fit=500%2C594&ssl=1",500,594,true],"large":["https:\/\/i0.wp.com\/joyana.fr\/wp-content\/uploads\/old\/kartell_invisibles_yoshioka__o.jpg?fit=500%2C594&ssl=1",500,594,true],"1536x1536":["https:\/\/i0.wp.com\/joyana.fr\/wp-content\/uploads\/old\/kartell_invisibles_yoshioka__o.jpg?fit=500%2C594&ssl=1",500,594,true],"2048x2048":["https:\/\/i0.wp.com\/joyana.fr\/wp-content\/uploads\/old\/kartell_invisibles_yoshioka__o.jpg?fit=500%2C594&ssl=1",500,594,true],"featured-thumb":["https:\/\/i0.wp.com\/joyana.fr\/wp-content\/uploads\/old\/kartell_invisibles_yoshioka__o.jpg?resize=500%2C594&ssl=1",500,594,true],"ab-block-post-grid-landscape":["https:\/\/i0.wp.com\/joyana.fr\/wp-content\/uploads\/old\/kartell_invisibles_yoshioka__o.jpg?resize=500%2C400&ssl=1",500,400,true],"ab-block-post-grid-square":["https:\/\/i0.wp.com\/joyana.fr\/wp-content\/uploads\/old\/kartell_invisibles_yoshioka__o.jpg?resize=500%2C594&ssl=1",500,594,true],"author-pro-image":["https:\/\/i0.wp.com\/joyana.fr\/wp-content\/uploads\/old\/kartell_invisibles_yoshioka__o.jpg?resize=360%2C570&ssl=1",360,570,true],"slider":["https:\/\/i0.wp.com\/joyana.fr\/wp-content\/uploads\/old\/kartell_invisibles_yoshioka__o.jpg?resize=500%2C400&ssl=1",500,400,true],"woocommerce_thumbnail":["https:\/\/i0.wp.com\/joyana.fr\/wp-content\/uploads\/old\/kartell_invisibles_yoshioka__o.jpg?resize=450%2C450&ssl=1",450,450,true],"woocommerce_single":["https:\/\/i0.wp.com\/joyana.fr\/wp-content\/uploads\/old\/kartell_invisibles_yoshioka__o.jpg?fit=500%2C594&ssl=1",500,594,true],"woocommerce_gallery_thumbnail":["https:\/\/i0.wp.com\/joyana.fr\/wp-content\/uploads\/old\/kartell_invisibles_yoshioka__o.jpg?resize=180%2C180&ssl=1",180,180,true],"sow-carousel-default":["https:\/\/i0.wp.com\/joyana.fr\/wp-content\/uploads\/old\/kartell_invisibles_yoshioka__o.jpg?resize=272%2C182&ssl=1",272,182,true]},"uagb_author_info":{"display_name":"Jo Yana","author_link":"https:\/\/joyana.fr\/ja\/author\/joyana\/"},"uagb_comment_info":33,"uagb_excerpt":"Nous vous pr\u00e9sentions il y a quelques jours le fauteuil&hellip;","coauthors":[],"tax_additional":{"categories":{"linked":["<a href=\"https:\/\/joyana.fr\/ja\/category\/deco-design\/\" class=\"advgb-post-tax-term\">DECO-DESIGN<\/a>","<a href=\"https:\/\/joyana.fr\/ja\/category\/marques\/kartell\/\" class=\"advgb-post-tax-term\">Kartell<\/a>","<a href=\"https:\/\/joyana.fr\/ja\/category\/deco-design\/architecture-deco-design\/lieux-design\/\" class=\"advgb-post-tax-term\">Lieux<\/a>","<a href=\"https:\/\/joyana.fr\/ja\/category\/deco-design\/designer\/tokujin-yoshioka\/\" class=\"advgb-post-tax-term\">Tokujin YOSHIOKA<\/a>"],"unlinked":["<span class=\"advgb-post-tax-term\">DECO-DESIGN<\/span>","<span class=\"advgb-post-tax-term\">Kartell<\/span>","<span class=\"advgb-post-tax-term\">Lieux<\/span>","<span class=\"advgb-post-tax-term\">Tokujin YOSHIOKA<\/span>"]},"tags":{"linked":["<a href=\"https:\/\/joyana.fr\/ja\/category\/deco-design\/designer\/tokujin-yoshioka\/\" class=\"advgb-post-tax-term\">Kartell<\/a>","<a href=\"https:\/\/joyana.fr\/ja\/category\/deco-design\/designer\/tokujin-yoshioka\/\" class=\"advgb-post-tax-term\">Salons design<\/a>"],"unlinked":["<span class=\"advgb-post-tax-term\">Kartell<\/span>","<span class=\"advgb-post-tax-term\">Salons design<\/span>"]}},"comment_count":32,"relative_dates":{"created":"Posted 16\u5e74 ago","modified":"Updated 16\u5e74 ago"},"absolute_dates":{"created":"Posted on 14 4\u6708 2010","modified":"Updated on 14 4\u6708 2010"},"absolute_dates_time":{"created":"Posted on 14 4\u6708 2010 10:37","modified":"Updated on 14 4\u6708 2010 10:37"},"featured_img_caption":"","series_order":"","jetpack_sharing_enabled":true,"jetpack_shortlink":"https:\/\/wp.me\/p9bteI-qVz","jetpack-related-posts":[],"_links":{"self":[{"href":"https:\/\/joyana.fr\/ja\/wp-json\/wp\/v2\/posts\/103513","targetHints":{"allow":["GET"]}}],"collection":[{"href":"https:\/\/joyana.fr\/ja\/wp-json\/wp\/v2\/posts"}],"about":[{"href":"https:\/\/joyana.fr\/ja\/wp-json\/wp\/v2\/types\/post"}],"author":[{"embeddable":true,"href":"https:\/\/joyana.fr\/ja\/wp-json\/wp\/v2\/users\/3"}],"replies":[{"embeddable":true,"href":"https:\/\/joyana.fr\/ja\/wp-json\/wp\/v2\/comments?post=103513"}],"version-history":[{"count":0,"href":"https:\/\/joyana.fr\/ja\/wp-json\/wp\/v2\/posts\/103513\/revisions"}],"wp:featuredmedia":[{"embeddable":true,"href":"https:\/\/joyana.fr\/ja\/wp-json\/wp\/v2\/media\/103512"}],"wp:attachment":[{"href":"https:\/\/joyana.fr\/ja\/wp-json\/wp\/v2\/media?parent=103513"}],"wp:term":[{"taxonomy":"category","embeddable":true,"href":"https:\/\/joyana.fr\/ja\/wp-json\/wp\/v2\/categories?post=103513"},{"taxonomy":"post_tag","embeddable":true,"href":"https:\/\/joyana.fr\/ja\/wp-json\/wp\/v2\/tags?post=103513"}],"curies":[{"name":"wp","href":"https:\/\/api.w.org\/{rel}","templated":true}]}}