{"id":103523,"date":"2010-04-15T12:48:01","date_gmt":"2010-04-15T11:48:01","guid":{"rendered":"https:\/\/joyana.fr\/fauteuil-nemo-par-fabio-novembre\/"},"modified":"2010-04-15T12:48:01","modified_gmt":"2010-04-15T11:48:01","slug":"fauteuil-nemo-par-fabio-novembre-driade","status":"publish","type":"post","link":"https:\/\/joyana.fr\/ja\/fauteuil-nemo-par-fabio-novembre-driade\/103523\/","title":{"rendered":"Fauteuil NEMO par Fabio NOVEMBRE"},"content":{"rendered":"<p>Mais dis donc tu viens plus au soir\u00e9e ? On \u00e9tait chez<strong> Driade<\/strong>, avec <strong>Fabio Novembre<\/strong>. Il nous a pr\u00e9sent\u00e9 son <strong>fauteuil NEMO<\/strong>, hmmm j&#8217;te raconte pas&#8230;<\/p>\n<p> <img data-recalc-dims=\"1\" decoding=\"async\" src=\"https:\/\/i0.wp.com\/joyana.fr\/wp-content\/uploads\/nemo-chair-by-fabio-novembre.jpg?ssl=1\" alt=\"Fauteuil NEMO par Fabio NOVEMBRE\" align=\"top\" hspace=\"8\" \/><\/p>\n<p><img data-recalc-dims=\"1\" decoding=\"async\" src=\"https:\/\/i0.wp.com\/joyana.fr\/wp-content\/uploads\/nemo-chair-by-fabio-novembre-3.jpg?ssl=1\" alt=\"Fauteuil NEMO par Fabio NOVEMBRE\" align=\"top\" hspace=\"8\" \/><\/p>\n<p style=\"text-align: justify;\">Et oui l&#8217;\u00e9quipe du <a title=\"BLOG DECO DESIGN\" href=\"https:\/\/joyana.fr\/\">Blog Deco-Design<\/a> a manqu\u00e9 la soir\u00e9e <strong>Fabio Novembre<\/strong>, mais nous trouvons tr\u00e8s int\u00e9ressante cette nouvelle cr\u00e9ation pour Driade -qui comme la Her &#038; Him risque de faire parler&#8230; <strong>NEMO<\/strong>\u00a0est un visage aux traits classiques, creus\u00e9 afin de cr\u00e9er un espace habitable. Le r\u00e9sultat est un fauteuil-t\u00eate qui ressemble \u00e0 un masque, qui sera \u00e0 coup sur la master piece de certains int\u00e9rieurs !<\/p>\n<p style=\"text-align: justify;\">Utilisable en int\u00e9rieur comme en ext\u00e9rieur&#8230;<\/p>\n<p style=\"text-align: justify;\"><img data-recalc-dims=\"1\" decoding=\"async\" src=\"https:\/\/i0.wp.com\/joyana.fr\/wp-content\/uploads\/nemo-chair-by-fabio-novembre-1.jpg?ssl=1\" alt=\"Fauteuil NEMO par Fabio NOVEMBRE\" align=\"top\" hspace=\"8\" \/><\/p>\n<p style=\"text-align: center;\">En savoir + sur <a href=\"http:\/\/www.driade.com\/\" target=\"_blank\"><strong>DRIADE<\/strong><\/a> &#038;<strong><a href=\"http:\/\/www.novembre.it\/\" target=\"_blank\">\u00a0Fabio NOVEMBRE<\/a><\/strong><\/p>\n<p>&nbsp;<\/p>\n","protected":false},"excerpt":{"rendered":"<p>Mais dis donc tu viens plus au soir\u00e9e ? On \u00e9tait chez Driade, avec Fabio Novembre. Il nous a pr\u00e9sent\u00e9 son fauteuil Nemo, hmmm j&#8217;te raconte pas&#8230;<\/p>\n","protected":false},"author":3,"featured_media":119567,"comment_status":"open","ping_status":"open","sticky":false,"template":"","format":"standard","meta":{"_coblocks_attr":"","_coblocks_dimensions":"","_coblocks_responsive_height":"","_coblocks_accordion_ie_support":"","_uag_custom_page_level_css":"","advgb_blocks_editor_width":"","advgb_blocks_columns_visual_guide":"","_genesis_hide_title":false,"_genesis_hide_breadcrumbs":false,"_genesis_hide_singular_image":false,"_genesis_hide_footer_widgets":false,"_genesis_custom_body_class":"","_genesis_custom_post_class":"","_genesis_layout":"","_themeisle_gutenberg_block_has_review":false,"_jetpack_newsletter_access":"","_jetpack_dont_email_post_to_subs":false,"_jetpack_newsletter_tier_id":0,"_jetpack_memberships_contains_paywalled_content":false,"_jetpack_memberships_contains_paid_content":false,"footnotes":""},"categories":[905,989,977,950],"tags":[78,990,991,992,963],"class_list":{"0":"post-103523","1":"post","2":"type-post","3":"status-publish","4":"format-standard","5":"has-post-thumbnail","7":"category-deco-design","8":"category-driade","9":"category-fabio-novembre","10":"category-fauteuil","11":"tag-design","12":"tag-driade","13":"tag-fabio-novembre","14":"tag-fauteuil-design","15":"tag-salons-design","16":"entry"},"featured_image_urls":{"full":["https:\/\/i0.wp.com\/joyana.fr\/wp-content\/uploads\/2010\/04\/fauteuil-nemo.jpg?fit=1608%2C2048&ssl=1",1608,2048,false],"thumbnail":["https:\/\/i0.wp.com\/joyana.fr\/wp-content\/uploads\/2010\/04\/fauteuil-nemo.jpg?resize=150%2C150&ssl=1",150,150,true],"medium":["https:\/\/i0.wp.com\/joyana.fr\/wp-content\/uploads\/2010\/04\/fauteuil-nemo.jpg?fit=305%2C389&ssl=1",305,389,true],"medium_large":["https:\/\/i0.wp.com\/joyana.fr\/wp-content\/uploads\/2010\/04\/fauteuil-nemo.jpg?fit=768%2C978&ssl=1",768,978,true],"large":["https:\/\/i0.wp.com\/joyana.fr\/wp-content\/uploads\/2010\/04\/fauteuil-nemo.jpg?fit=804%2C1024&ssl=1",804,1024,true],"1536x1536":["https:\/\/i0.wp.com\/joyana.fr\/wp-content\/uploads\/2010\/04\/fauteuil-nemo.jpg?fit=1206%2C1536&ssl=1",1206,1536,true],"2048x2048":["https:\/\/i0.wp.com\/joyana.fr\/wp-content\/uploads\/2010\/04\/fauteuil-nemo.jpg?fit=1608%2C2048&ssl=1",1608,2048,true],"featured-thumb":["https:\/\/i0.wp.com\/joyana.fr\/wp-content\/uploads\/2010\/04\/fauteuil-nemo.jpg?resize=1608%2C750&ssl=1",1608,750,true],"ab-block-post-grid-landscape":["https:\/\/i0.wp.com\/joyana.fr\/wp-content\/uploads\/2010\/04\/fauteuil-nemo.jpg?resize=600%2C400&ssl=1",600,400,true],"ab-block-post-grid-square":["https:\/\/i0.wp.com\/joyana.fr\/wp-content\/uploads\/2010\/04\/fauteuil-nemo.jpg?resize=600%2C600&ssl=1",600,600,true],"author-pro-image":["https:\/\/i0.wp.com\/joyana.fr\/wp-content\/uploads\/2010\/04\/fauteuil-nemo.jpg?resize=360%2C570&ssl=1",360,570,true],"slider":["https:\/\/i0.wp.com\/joyana.fr\/wp-content\/uploads\/2010\/04\/fauteuil-nemo.jpg?resize=920%2C400&ssl=1",920,400,true],"woocommerce_thumbnail":["https:\/\/i0.wp.com\/joyana.fr\/wp-content\/uploads\/2010\/04\/fauteuil-nemo.jpg?resize=450%2C450&ssl=1",450,450,true],"woocommerce_single":["https:\/\/i0.wp.com\/joyana.fr\/wp-content\/uploads\/2010\/04\/fauteuil-nemo.jpg?fit=920%2C1172&ssl=1",920,1172,true],"woocommerce_gallery_thumbnail":["https:\/\/i0.wp.com\/joyana.fr\/wp-content\/uploads\/2010\/04\/fauteuil-nemo.jpg?resize=180%2C180&ssl=1",180,180,true],"sow-carousel-default":["https:\/\/i0.wp.com\/joyana.fr\/wp-content\/uploads\/2010\/04\/fauteuil-nemo.jpg?resize=272%2C182&ssl=1",272,182,true]},"post_excerpt_stackable":"<p>Mais dis donc tu viens plus au soir\u00e9e ? On \u00e9tait chez Driade, avec Fabio Novembre. Il nous a pr\u00e9sent\u00e9 son fauteuil Nemo, hmmm j&#8217;te raconte pas&#8230;<\/p>\n","category_list":"<a href=\"https:\/\/joyana.fr\/ja\/category\/deco-design\/\" rel=\"category tag\">DECO-DESIGN<\/a>, <a href=\"https:\/\/joyana.fr\/ja\/category\/marques\/driade\/\" rel=\"category tag\">Driade<\/a>, <a href=\"https:\/\/joyana.fr\/ja\/category\/deco-design\/designer\/fabio-novembre\/\" rel=\"category tag\">Fabio NOVEMBRE<\/a>, <a href=\"https:\/\/joyana.fr\/ja\/category\/deco-design\/mobilier\/assise\/fauteuil\/\" rel=\"category tag\">Fauteuil<\/a>","author_info":{"display_name":"Jo Yana","author_link":"https:\/\/joyana.fr\/ja\/author\/joyana\/"},"comments_num":"25 comments","featured_image_urls_v2":{"full":["https:\/\/i0.wp.com\/joyana.fr\/wp-content\/uploads\/2010\/04\/fauteuil-nemo.jpg?fit=1608%2C2048&ssl=1",1608,2048,false],"thumbnail":["https:\/\/i0.wp.com\/joyana.fr\/wp-content\/uploads\/2010\/04\/fauteuil-nemo.jpg?resize=150%2C150&ssl=1",150,150,true],"medium":["https:\/\/i0.wp.com\/joyana.fr\/wp-content\/uploads\/2010\/04\/fauteuil-nemo.jpg?fit=305%2C389&ssl=1",305,389,true],"medium_large":["https:\/\/i0.wp.com\/joyana.fr\/wp-content\/uploads\/2010\/04\/fauteuil-nemo.jpg?fit=768%2C978&ssl=1",768,978,true],"large":["https:\/\/i0.wp.com\/joyana.fr\/wp-content\/uploads\/2010\/04\/fauteuil-nemo.jpg?fit=804%2C1024&ssl=1",804,1024,true],"1536x1536":["https:\/\/i0.wp.com\/joyana.fr\/wp-content\/uploads\/2010\/04\/fauteuil-nemo.jpg?fit=1206%2C1536&ssl=1",1206,1536,true],"2048x2048":["https:\/\/i0.wp.com\/joyana.fr\/wp-content\/uploads\/2010\/04\/fauteuil-nemo.jpg?fit=1608%2C2048&ssl=1",1608,2048,true],"featured-thumb":["https:\/\/i0.wp.com\/joyana.fr\/wp-content\/uploads\/2010\/04\/fauteuil-nemo.jpg?resize=1608%2C750&ssl=1",1608,750,true],"ab-block-post-grid-landscape":["https:\/\/i0.wp.com\/joyana.fr\/wp-content\/uploads\/2010\/04\/fauteuil-nemo.jpg?resize=600%2C400&ssl=1",600,400,true],"ab-block-post-grid-square":["https:\/\/i0.wp.com\/joyana.fr\/wp-content\/uploads\/2010\/04\/fauteuil-nemo.jpg?resize=600%2C600&ssl=1",600,600,true],"author-pro-image":["https:\/\/i0.wp.com\/joyana.fr\/wp-content\/uploads\/2010\/04\/fauteuil-nemo.jpg?resize=360%2C570&ssl=1",360,570,true],"slider":["https:\/\/i0.wp.com\/joyana.fr\/wp-content\/uploads\/2010\/04\/fauteuil-nemo.jpg?resize=920%2C400&ssl=1",920,400,true],"woocommerce_thumbnail":["https:\/\/i0.wp.com\/joyana.fr\/wp-content\/uploads\/2010\/04\/fauteuil-nemo.jpg?resize=450%2C450&ssl=1",450,450,true],"woocommerce_single":["https:\/\/i0.wp.com\/joyana.fr\/wp-content\/uploads\/2010\/04\/fauteuil-nemo.jpg?fit=920%2C1172&ssl=1",920,1172,true],"woocommerce_gallery_thumbnail":["https:\/\/i0.wp.com\/joyana.fr\/wp-content\/uploads\/2010\/04\/fauteuil-nemo.jpg?resize=180%2C180&ssl=1",180,180,true],"sow-carousel-default":["https:\/\/i0.wp.com\/joyana.fr\/wp-content\/uploads\/2010\/04\/fauteuil-nemo.jpg?resize=272%2C182&ssl=1",272,182,true]},"post_excerpt_stackable_v2":"<p>Mais dis donc tu viens plus au soir\u00e9e ? On \u00e9tait chez Driade, avec Fabio Novembre. Il nous a pr\u00e9sent\u00e9 son fauteuil Nemo, hmmm j&#8217;te raconte pas&#8230;<\/p>\n","category_list_v2":"<a href=\"https:\/\/joyana.fr\/ja\/category\/deco-design\/\" rel=\"category tag\">DECO-DESIGN<\/a>, <a href=\"https:\/\/joyana.fr\/ja\/category\/marques\/driade\/\" rel=\"category tag\">Driade<\/a>, <a href=\"https:\/\/joyana.fr\/ja\/category\/deco-design\/designer\/fabio-novembre\/\" rel=\"category tag\">Fabio NOVEMBRE<\/a>, <a href=\"https:\/\/joyana.fr\/ja\/category\/deco-design\/mobilier\/assise\/fauteuil\/\" rel=\"category tag\">Fauteuil<\/a>","author_info_v2":{"name":"Jo Yana","url":"https:\/\/joyana.fr\/ja\/author\/joyana\/"},"comments_num_v2":"25 comments","yoast_head":"<!-- This site is optimized with the Yoast SEO plugin v26.8 - https:\/\/yoast.com\/product\/yoast-seo-wordpress\/ -->\n<title>Fauteuil NEMO par Fabio NOVEMBRE | DECO-DESIGN<\/title>\n<meta name=\"robots\" content=\"index, follow, max-snippet:-1, max-image-preview:large, max-video-preview:-1\" \/>\n<link rel=\"canonical\" href=\"https:\/\/joyana.fr\/ja\/fauteuil-nemo-par-fabio-novembre-driade\/103523\/\" \/>\n<meta property=\"og:locale\" content=\"ja_JP\" \/>\n<meta property=\"og:locale:alternate\" content=\"fr_FR\" \/>\n<meta property=\"og:locale:alternate\" content=\"en_US\" \/>\n<meta property=\"og:type\" content=\"article\" \/>\n<meta property=\"og:title\" content=\"Fauteuil NEMO par Fabio NOVEMBRE | DECO-DESIGN\" \/>\n<meta property=\"og:description\" content=\"Mais dis donc tu viens plus au soir\u00e9e ? On \u00e9tait chez Driade, avec Fabio Novembre. Il nous a pr\u00e9sent\u00e9 son fauteuil Nemo, hmmm j&#039;te raconte pas...\" \/>\n<meta property=\"og:url\" content=\"https:\/\/joyana.fr\/ja\/fauteuil-nemo-par-fabio-novembre-driade\/103523\/\" \/>\n<meta property=\"og:site_name\" content=\"JO YANA\" \/>\n<meta property=\"article:published_time\" content=\"2010-04-15T11:48:01+00:00\" \/>\n<meta property=\"og:image\" content=\"https:\/\/i0.wp.com\/joyana.fr\/wp-content\/uploads\/2010\/04\/fauteuil-nemo.jpg?fit=1608%2C2048&ssl=1\" \/>\n\t<meta property=\"og:image:width\" content=\"1608\" \/>\n\t<meta property=\"og:image:height\" content=\"2048\" \/>\n\t<meta property=\"og:image:type\" content=\"image\/jpeg\" \/>\n<meta name=\"author\" content=\"Jo Yana\" \/>\n<meta name=\"twitter:card\" content=\"summary_large_image\" \/>\n<meta name=\"twitter:creator\" content=\"@Jo_Yana\" \/>\n<meta name=\"twitter:site\" content=\"@Jo_Yana\" \/>\n<meta name=\"twitter:label1\" content=\"\u57f7\u7b46\u8005\" \/>\n\t<meta name=\"twitter:data1\" content=\"Jo Yana\" \/>\n\t<meta name=\"twitter:label2\" content=\"\u63a8\u5b9a\u8aad\u307f\u53d6\u308a\u6642\u9593\" \/>\n\t<meta name=\"twitter:data2\" content=\"1\u5206\" \/>\n<script type=\"application\/ld+json\" class=\"yoast-schema-graph\">{\"@context\":\"https:\/\/schema.org\",\"@graph\":[{\"@type\":\"Article\",\"@id\":\"https:\/\/joyana.fr\/ja\/fauteuil-nemo-par-fabio-novembre-driade\/103523\/#article\",\"isPartOf\":{\"@id\":\"https:\/\/joyana.fr\/ja\/fauteuil-nemo-par-fabio-novembre-driade\/103523\/\"},\"author\":{\"name\":\"Jo Yana\",\"@id\":\"https:\/\/joyana.fr\/#\/schema\/person\/cf2a1ad12a27c12c21801075bf37407c\"},\"headline\":\"Fauteuil NEMO par Fabio NOVEMBRE\",\"datePublished\":\"2010-04-15T11:48:01+00:00\",\"mainEntityOfPage\":{\"@id\":\"https:\/\/joyana.fr\/ja\/fauteuil-nemo-par-fabio-novembre-driade\/103523\/\"},\"wordCount\":122,\"commentCount\":0,\"publisher\":{\"@id\":\"https:\/\/joyana.fr\/#\/schema\/person\/cf2a1ad12a27c12c21801075bf37407c\"},\"image\":{\"@id\":\"https:\/\/joyana.fr\/ja\/fauteuil-nemo-par-fabio-novembre-driade\/103523\/#primaryimage\"},\"thumbnailUrl\":\"https:\/\/i0.wp.com\/joyana.fr\/wp-content\/uploads\/2010\/04\/fauteuil-nemo.jpg?fit=1608%2C2048&ssl=1\",\"keywords\":[\"DESIGN\",\"Driade\",\"Fabio NOVEMBRE\",\"Fauteuil design\",\"Salons design\"],\"articleSection\":[\"DECO-DESIGN\",\"Driade\",\"Fabio NOVEMBRE\",\"Fauteuil\"],\"inLanguage\":\"ja\",\"potentialAction\":[{\"@type\":\"CommentAction\",\"name\":\"Comment\",\"target\":[\"https:\/\/joyana.fr\/ja\/fauteuil-nemo-par-fabio-novembre-driade\/103523\/#respond\"]}]},{\"@type\":\"WebPage\",\"@id\":\"https:\/\/joyana.fr\/ja\/fauteuil-nemo-par-fabio-novembre-driade\/103523\/\",\"url\":\"https:\/\/joyana.fr\/ja\/fauteuil-nemo-par-fabio-novembre-driade\/103523\/\",\"name\":\"Fauteuil NEMO par Fabio NOVEMBRE | DECO-DESIGN\",\"isPartOf\":{\"@id\":\"https:\/\/joyana.fr\/#website\"},\"primaryImageOfPage\":{\"@id\":\"https:\/\/joyana.fr\/ja\/fauteuil-nemo-par-fabio-novembre-driade\/103523\/#primaryimage\"},\"image\":{\"@id\":\"https:\/\/joyana.fr\/ja\/fauteuil-nemo-par-fabio-novembre-driade\/103523\/#primaryimage\"},\"thumbnailUrl\":\"https:\/\/i0.wp.com\/joyana.fr\/wp-content\/uploads\/2010\/04\/fauteuil-nemo.jpg?fit=1608%2C2048&ssl=1\",\"datePublished\":\"2010-04-15T11:48:01+00:00\",\"breadcrumb\":{\"@id\":\"https:\/\/joyana.fr\/ja\/fauteuil-nemo-par-fabio-novembre-driade\/103523\/#breadcrumb\"},\"inLanguage\":\"ja\",\"potentialAction\":[{\"@type\":\"ReadAction\",\"target\":[\"https:\/\/joyana.fr\/ja\/fauteuil-nemo-par-fabio-novembre-driade\/103523\/\"]}]},{\"@type\":\"ImageObject\",\"inLanguage\":\"ja\",\"@id\":\"https:\/\/joyana.fr\/ja\/fauteuil-nemo-par-fabio-novembre-driade\/103523\/#primaryimage\",\"url\":\"https:\/\/i0.wp.com\/joyana.fr\/wp-content\/uploads\/2010\/04\/fauteuil-nemo.jpg?fit=1608%2C2048&ssl=1\",\"contentUrl\":\"https:\/\/i0.wp.com\/joyana.fr\/wp-content\/uploads\/2010\/04\/fauteuil-nemo.jpg?fit=1608%2C2048&ssl=1\",\"width\":1608,\"height\":2048},{\"@type\":\"BreadcrumbList\",\"@id\":\"https:\/\/joyana.fr\/ja\/fauteuil-nemo-par-fabio-novembre-driade\/103523\/#breadcrumb\",\"itemListElement\":[{\"@type\":\"ListItem\",\"position\":1,\"name\":\"Accueil\",\"item\":\"https:\/\/joyana.fr\/\"},{\"@type\":\"ListItem\",\"position\":2,\"name\":\"Fauteuil NEMO par Fabio NOVEMBRE\"}]},{\"@type\":\"WebSite\",\"@id\":\"https:\/\/joyana.fr\/#website\",\"url\":\"https:\/\/joyana.fr\/\",\"name\":\"JO YANA\",\"description\":\"Blog Mode Homme, Lifestyle, D\u00e9co-Design\",\"publisher\":{\"@id\":\"https:\/\/joyana.fr\/#\/schema\/person\/cf2a1ad12a27c12c21801075bf37407c\"},\"potentialAction\":[{\"@type\":\"SearchAction\",\"target\":{\"@type\":\"EntryPoint\",\"urlTemplate\":\"https:\/\/joyana.fr\/?s={search_term_string}\"},\"query-input\":{\"@type\":\"PropertyValueSpecification\",\"valueRequired\":true,\"valueName\":\"search_term_string\"}}],\"inLanguage\":\"ja\"},{\"@type\":[\"Person\",\"Organization\"],\"@id\":\"https:\/\/joyana.fr\/#\/schema\/person\/cf2a1ad12a27c12c21801075bf37407c\",\"name\":\"Jo Yana\",\"image\":{\"@type\":\"ImageObject\",\"inLanguage\":\"ja\",\"@id\":\"https:\/\/joyana.fr\/#\/schema\/person\/image\/\",\"url\":\"https:\/\/i0.wp.com\/joyana.fr\/wp-content\/uploads\/2016\/08\/cropped-joyana-logo-black-360x180.png?fit=343%2C164&ssl=1\",\"contentUrl\":\"https:\/\/i0.wp.com\/joyana.fr\/wp-content\/uploads\/2016\/08\/cropped-joyana-logo-black-360x180.png?fit=343%2C164&ssl=1\",\"width\":343,\"height\":164,\"caption\":\"Jo Yana\"},\"logo\":{\"@id\":\"https:\/\/joyana.fr\/#\/schema\/person\/image\/\"},\"description\":\"Jo Yana est le cr\u00e9ateur et r\u00e9dacteur en chef des sites DECO-DESIGN. Passionn\u00e9 de Design, Mode, Photo, Luxe, Lifestyle, Musique, mais avant tout Blogueur ! Le plaisir de partager l'anime et a comme devise \\\"POUR L'AMOUR DU BEAU\\\". Retrouvez le aussi sur son blog personnel - https:\/\/joyana.fr...\",\"sameAs\":[\"https:\/\/joyana.fr\/\"],\"url\":\"https:\/\/joyana.fr\/ja\/author\/joyana\/\"}]}<\/script>\n<!-- \/ Yoast SEO plugin. -->","yoast_head_json":{"title":"Fauteuil NEMO par Fabio NOVEMBRE | DECO-DESIGN","robots":{"index":"index","follow":"follow","max-snippet":"max-snippet:-1","max-image-preview":"max-image-preview:large","max-video-preview":"max-video-preview:-1"},"canonical":"https:\/\/joyana.fr\/ja\/fauteuil-nemo-par-fabio-novembre-driade\/103523\/","og_locale":"ja_JP","og_type":"article","og_title":"Fauteuil NEMO par Fabio NOVEMBRE | DECO-DESIGN","og_description":"Mais dis donc tu viens plus au soir\u00e9e ? On \u00e9tait chez Driade, avec Fabio Novembre. Il nous a pr\u00e9sent\u00e9 son fauteuil Nemo, hmmm j'te raconte pas...","og_url":"https:\/\/joyana.fr\/ja\/fauteuil-nemo-par-fabio-novembre-driade\/103523\/","og_site_name":"JO YANA","article_published_time":"2010-04-15T11:48:01+00:00","og_image":[{"width":1608,"height":2048,"url":"https:\/\/i0.wp.com\/joyana.fr\/wp-content\/uploads\/2010\/04\/fauteuil-nemo.jpg?fit=1608%2C2048&ssl=1","type":"image\/jpeg"}],"author":"Jo Yana","twitter_card":"summary_large_image","twitter_creator":"@Jo_Yana","twitter_site":"@Jo_Yana","twitter_misc":{"\u57f7\u7b46\u8005":"Jo Yana","\u63a8\u5b9a\u8aad\u307f\u53d6\u308a\u6642\u9593":"1\u5206"},"schema":{"@context":"https:\/\/schema.org","@graph":[{"@type":"Article","@id":"https:\/\/joyana.fr\/ja\/fauteuil-nemo-par-fabio-novembre-driade\/103523\/#article","isPartOf":{"@id":"https:\/\/joyana.fr\/ja\/fauteuil-nemo-par-fabio-novembre-driade\/103523\/"},"author":{"name":"Jo Yana","@id":"https:\/\/joyana.fr\/#\/schema\/person\/cf2a1ad12a27c12c21801075bf37407c"},"headline":"Fauteuil NEMO par Fabio NOVEMBRE","datePublished":"2010-04-15T11:48:01+00:00","mainEntityOfPage":{"@id":"https:\/\/joyana.fr\/ja\/fauteuil-nemo-par-fabio-novembre-driade\/103523\/"},"wordCount":122,"commentCount":0,"publisher":{"@id":"https:\/\/joyana.fr\/#\/schema\/person\/cf2a1ad12a27c12c21801075bf37407c"},"image":{"@id":"https:\/\/joyana.fr\/ja\/fauteuil-nemo-par-fabio-novembre-driade\/103523\/#primaryimage"},"thumbnailUrl":"https:\/\/i0.wp.com\/joyana.fr\/wp-content\/uploads\/2010\/04\/fauteuil-nemo.jpg?fit=1608%2C2048&ssl=1","keywords":["DESIGN","Driade","Fabio NOVEMBRE","Fauteuil design","Salons design"],"articleSection":["DECO-DESIGN","Driade","Fabio NOVEMBRE","Fauteuil"],"inLanguage":"ja","potentialAction":[{"@type":"CommentAction","name":"Comment","target":["https:\/\/joyana.fr\/ja\/fauteuil-nemo-par-fabio-novembre-driade\/103523\/#respond"]}]},{"@type":"WebPage","@id":"https:\/\/joyana.fr\/ja\/fauteuil-nemo-par-fabio-novembre-driade\/103523\/","url":"https:\/\/joyana.fr\/ja\/fauteuil-nemo-par-fabio-novembre-driade\/103523\/","name":"Fauteuil NEMO par Fabio NOVEMBRE | DECO-DESIGN","isPartOf":{"@id":"https:\/\/joyana.fr\/#website"},"primaryImageOfPage":{"@id":"https:\/\/joyana.fr\/ja\/fauteuil-nemo-par-fabio-novembre-driade\/103523\/#primaryimage"},"image":{"@id":"https:\/\/joyana.fr\/ja\/fauteuil-nemo-par-fabio-novembre-driade\/103523\/#primaryimage"},"thumbnailUrl":"https:\/\/i0.wp.com\/joyana.fr\/wp-content\/uploads\/2010\/04\/fauteuil-nemo.jpg?fit=1608%2C2048&ssl=1","datePublished":"2010-04-15T11:48:01+00:00","breadcrumb":{"@id":"https:\/\/joyana.fr\/ja\/fauteuil-nemo-par-fabio-novembre-driade\/103523\/#breadcrumb"},"inLanguage":"ja","potentialAction":[{"@type":"ReadAction","target":["https:\/\/joyana.fr\/ja\/fauteuil-nemo-par-fabio-novembre-driade\/103523\/"]}]},{"@type":"ImageObject","inLanguage":"ja","@id":"https:\/\/joyana.fr\/ja\/fauteuil-nemo-par-fabio-novembre-driade\/103523\/#primaryimage","url":"https:\/\/i0.wp.com\/joyana.fr\/wp-content\/uploads\/2010\/04\/fauteuil-nemo.jpg?fit=1608%2C2048&ssl=1","contentUrl":"https:\/\/i0.wp.com\/joyana.fr\/wp-content\/uploads\/2010\/04\/fauteuil-nemo.jpg?fit=1608%2C2048&ssl=1","width":1608,"height":2048},{"@type":"BreadcrumbList","@id":"https:\/\/joyana.fr\/ja\/fauteuil-nemo-par-fabio-novembre-driade\/103523\/#breadcrumb","itemListElement":[{"@type":"ListItem","position":1,"name":"Accueil","item":"https:\/\/joyana.fr\/"},{"@type":"ListItem","position":2,"name":"Fauteuil NEMO par Fabio NOVEMBRE"}]},{"@type":"WebSite","@id":"https:\/\/joyana.fr\/#website","url":"https:\/\/joyana.fr\/","name":"JO YANA","description":"Blog Mode Homme, Lifestyle, D\u00e9co-Design","publisher":{"@id":"https:\/\/joyana.fr\/#\/schema\/person\/cf2a1ad12a27c12c21801075bf37407c"},"potentialAction":[{"@type":"SearchAction","target":{"@type":"EntryPoint","urlTemplate":"https:\/\/joyana.fr\/?s={search_term_string}"},"query-input":{"@type":"PropertyValueSpecification","valueRequired":true,"valueName":"search_term_string"}}],"inLanguage":"ja"},{"@type":["Person","Organization"],"@id":"https:\/\/joyana.fr\/#\/schema\/person\/cf2a1ad12a27c12c21801075bf37407c","name":"Jo Yana","image":{"@type":"ImageObject","inLanguage":"ja","@id":"https:\/\/joyana.fr\/#\/schema\/person\/image\/","url":"https:\/\/i0.wp.com\/joyana.fr\/wp-content\/uploads\/2016\/08\/cropped-joyana-logo-black-360x180.png?fit=343%2C164&ssl=1","contentUrl":"https:\/\/i0.wp.com\/joyana.fr\/wp-content\/uploads\/2016\/08\/cropped-joyana-logo-black-360x180.png?fit=343%2C164&ssl=1","width":343,"height":164,"caption":"Jo Yana"},"logo":{"@id":"https:\/\/joyana.fr\/#\/schema\/person\/image\/"},"description":"Jo Yana est le cr\u00e9ateur et r\u00e9dacteur en chef des sites DECO-DESIGN. Passionn\u00e9 de Design, Mode, Photo, Luxe, Lifestyle, Musique, mais avant tout Blogueur ! Le plaisir de partager l'anime et a comme devise \"POUR L'AMOUR DU BEAU\". Retrouvez le aussi sur son blog personnel - https:\/\/joyana.fr...","sameAs":["https:\/\/joyana.fr\/"],"url":"https:\/\/joyana.fr\/ja\/author\/joyana\/"}]}},"author_meta":{"display_name":"Jo Yana","author_link":"https:\/\/joyana.fr\/ja\/author\/joyana\/"},"featured_img":"https:\/\/i0.wp.com\/joyana.fr\/wp-content\/uploads\/2010\/04\/fauteuil-nemo.jpg?fit=305%2C389&ssl=1","featured_image_src":"https:\/\/i0.wp.com\/joyana.fr\/wp-content\/uploads\/2010\/04\/fauteuil-nemo.jpg?resize=600%2C400&ssl=1","featured_image_src_square":"https:\/\/i0.wp.com\/joyana.fr\/wp-content\/uploads\/2010\/04\/fauteuil-nemo.jpg?resize=600%2C600&ssl=1","jetpack_featured_media_url":"https:\/\/i0.wp.com\/joyana.fr\/wp-content\/uploads\/2010\/04\/fauteuil-nemo.jpg?fit=1608%2C2048&ssl=1","uagb_featured_image_src":{"full":["https:\/\/i0.wp.com\/joyana.fr\/wp-content\/uploads\/2010\/04\/fauteuil-nemo.jpg?fit=1608%2C2048&ssl=1",1608,2048,false],"thumbnail":["https:\/\/i0.wp.com\/joyana.fr\/wp-content\/uploads\/2010\/04\/fauteuil-nemo.jpg?resize=150%2C150&ssl=1",150,150,true],"medium":["https:\/\/i0.wp.com\/joyana.fr\/wp-content\/uploads\/2010\/04\/fauteuil-nemo.jpg?fit=305%2C389&ssl=1",305,389,true],"medium_large":["https:\/\/i0.wp.com\/joyana.fr\/wp-content\/uploads\/2010\/04\/fauteuil-nemo.jpg?fit=768%2C978&ssl=1",768,978,true],"large":["https:\/\/i0.wp.com\/joyana.fr\/wp-content\/uploads\/2010\/04\/fauteuil-nemo.jpg?fit=804%2C1024&ssl=1",804,1024,true],"1536x1536":["https:\/\/i0.wp.com\/joyana.fr\/wp-content\/uploads\/2010\/04\/fauteuil-nemo.jpg?fit=1206%2C1536&ssl=1",1206,1536,true],"2048x2048":["https:\/\/i0.wp.com\/joyana.fr\/wp-content\/uploads\/2010\/04\/fauteuil-nemo.jpg?fit=1608%2C2048&ssl=1",1608,2048,true],"featured-thumb":["https:\/\/i0.wp.com\/joyana.fr\/wp-content\/uploads\/2010\/04\/fauteuil-nemo.jpg?resize=1608%2C750&ssl=1",1608,750,true],"ab-block-post-grid-landscape":["https:\/\/i0.wp.com\/joyana.fr\/wp-content\/uploads\/2010\/04\/fauteuil-nemo.jpg?resize=600%2C400&ssl=1",600,400,true],"ab-block-post-grid-square":["https:\/\/i0.wp.com\/joyana.fr\/wp-content\/uploads\/2010\/04\/fauteuil-nemo.jpg?resize=600%2C600&ssl=1",600,600,true],"author-pro-image":["https:\/\/i0.wp.com\/joyana.fr\/wp-content\/uploads\/2010\/04\/fauteuil-nemo.jpg?resize=360%2C570&ssl=1",360,570,true],"slider":["https:\/\/i0.wp.com\/joyana.fr\/wp-content\/uploads\/2010\/04\/fauteuil-nemo.jpg?resize=920%2C400&ssl=1",920,400,true],"woocommerce_thumbnail":["https:\/\/i0.wp.com\/joyana.fr\/wp-content\/uploads\/2010\/04\/fauteuil-nemo.jpg?resize=450%2C450&ssl=1",450,450,true],"woocommerce_single":["https:\/\/i0.wp.com\/joyana.fr\/wp-content\/uploads\/2010\/04\/fauteuil-nemo.jpg?fit=920%2C1172&ssl=1",920,1172,true],"woocommerce_gallery_thumbnail":["https:\/\/i0.wp.com\/joyana.fr\/wp-content\/uploads\/2010\/04\/fauteuil-nemo.jpg?resize=180%2C180&ssl=1",180,180,true],"sow-carousel-default":["https:\/\/i0.wp.com\/joyana.fr\/wp-content\/uploads\/2010\/04\/fauteuil-nemo.jpg?resize=272%2C182&ssl=1",272,182,true]},"uagb_author_info":{"display_name":"Jo Yana","author_link":"https:\/\/joyana.fr\/ja\/author\/joyana\/"},"uagb_comment_info":158,"uagb_excerpt":"Mais dis donc tu viens plus au soir\u00e9e ? On \u00e9tait chez D&hellip;","coauthors":[],"tax_additional":{"categories":{"linked":["<a href=\"https:\/\/joyana.fr\/ja\/category\/deco-design\/\" class=\"advgb-post-tax-term\">DECO-DESIGN<\/a>","<a href=\"https:\/\/joyana.fr\/ja\/category\/marques\/driade\/\" class=\"advgb-post-tax-term\">Driade<\/a>","<a href=\"https:\/\/joyana.fr\/ja\/category\/deco-design\/designer\/fabio-novembre\/\" class=\"advgb-post-tax-term\">Fabio NOVEMBRE<\/a>","<a href=\"https:\/\/joyana.fr\/ja\/category\/deco-design\/mobilier\/assise\/fauteuil\/\" class=\"advgb-post-tax-term\">Fauteuil<\/a>"],"unlinked":["<span class=\"advgb-post-tax-term\">DECO-DESIGN<\/span>","<span class=\"advgb-post-tax-term\">Driade<\/span>","<span class=\"advgb-post-tax-term\">Fabio NOVEMBRE<\/span>","<span class=\"advgb-post-tax-term\">Fauteuil<\/span>"]},"tags":{"linked":["<a href=\"https:\/\/joyana.fr\/ja\/category\/deco-design\/mobilier\/assise\/fauteuil\/\" class=\"advgb-post-tax-term\">DESIGN<\/a>","<a href=\"https:\/\/joyana.fr\/ja\/category\/deco-design\/mobilier\/assise\/fauteuil\/\" class=\"advgb-post-tax-term\">Driade<\/a>","<a href=\"https:\/\/joyana.fr\/ja\/category\/deco-design\/mobilier\/assise\/fauteuil\/\" class=\"advgb-post-tax-term\">Fabio NOVEMBRE<\/a>","<a href=\"https:\/\/joyana.fr\/ja\/category\/deco-design\/mobilier\/assise\/fauteuil\/\" class=\"advgb-post-tax-term\">Fauteuil design<\/a>","<a href=\"https:\/\/joyana.fr\/ja\/category\/deco-design\/mobilier\/assise\/fauteuil\/\" class=\"advgb-post-tax-term\">Salons design<\/a>"],"unlinked":["<span class=\"advgb-post-tax-term\">DESIGN<\/span>","<span class=\"advgb-post-tax-term\">Driade<\/span>","<span class=\"advgb-post-tax-term\">Fabio NOVEMBRE<\/span>","<span class=\"advgb-post-tax-term\">Fauteuil design<\/span>","<span class=\"advgb-post-tax-term\">Salons design<\/span>"]}},"comment_count":25,"relative_dates":{"created":"Posted 16\u5e74 ago","modified":"Updated 16\u5e74 ago"},"absolute_dates":{"created":"Posted on 15 4\u6708 2010","modified":"Updated on 15 4\u6708 2010"},"absolute_dates_time":{"created":"Posted on 15 4\u6708 2010 12:48","modified":"Updated on 15 4\u6708 2010 12:48"},"featured_img_caption":"","series_order":"","jetpack_sharing_enabled":true,"jetpack_shortlink":"https:\/\/wp.me\/p9bteI-qVJ","jetpack-related-posts":[],"_links":{"self":[{"href":"https:\/\/joyana.fr\/ja\/wp-json\/wp\/v2\/posts\/103523","targetHints":{"allow":["GET"]}}],"collection":[{"href":"https:\/\/joyana.fr\/ja\/wp-json\/wp\/v2\/posts"}],"about":[{"href":"https:\/\/joyana.fr\/ja\/wp-json\/wp\/v2\/types\/post"}],"author":[{"embeddable":true,"href":"https:\/\/joyana.fr\/ja\/wp-json\/wp\/v2\/users\/3"}],"replies":[{"embeddable":true,"href":"https:\/\/joyana.fr\/ja\/wp-json\/wp\/v2\/comments?post=103523"}],"version-history":[{"count":0,"href":"https:\/\/joyana.fr\/ja\/wp-json\/wp\/v2\/posts\/103523\/revisions"}],"wp:featuredmedia":[{"embeddable":true,"href":"https:\/\/joyana.fr\/ja\/wp-json\/wp\/v2\/media\/119567"}],"wp:attachment":[{"href":"https:\/\/joyana.fr\/ja\/wp-json\/wp\/v2\/media?parent=103523"}],"wp:term":[{"taxonomy":"category","embeddable":true,"href":"https:\/\/joyana.fr\/ja\/wp-json\/wp\/v2\/categories?post=103523"},{"taxonomy":"post_tag","embeddable":true,"href":"https:\/\/joyana.fr\/ja\/wp-json\/wp\/v2\/tags?post=103523"}],"curies":[{"name":"wp","href":"https:\/\/api.w.org\/{rel}","templated":true}]}}