{"id":103579,"date":"2010-04-27T11:17:42","date_gmt":"2010-04-27T10:17:42","guid":{"rendered":"https:\/\/joyana.fr\/ronan-erwan-bouroullec-a-la-galerie-kreo\/"},"modified":"2010-04-27T11:17:42","modified_gmt":"2010-04-27T10:17:42","slug":"exposition-ronan-erwan-bouroullec-a-la-galerie-kreo","status":"publish","type":"post","link":"https:\/\/joyana.fr\/ja\/exposition-ronan-erwan-bouroullec-a-la-galerie-kreo\/103579\/","title":{"rendered":"Ronan &#038; Erwan BOUROULLEC \u00e0 la Galerie KREO"},"content":{"rendered":"<p>Une nouvelle fois la <strong>Galerie kreo<\/strong> accueille les designers <strong>Ronan et Erwan Bouroullec<\/strong> -qui pr\u00e9sentent durant cette <strong>exposition<\/strong>, trois nouvelles pi\u00e8ces exclusives&#8230;<\/p>\n<p><img data-recalc-dims=\"1\" decoding=\"async\" src=\"https:\/\/i0.wp.com\/joyana.fr\/wp-content\/uploads\/bouroullec_lianes-15-11.jpg?ssl=1\" alt=\"Exposition Ronan &#038; Erwan BOUROULLEC \u00e0 la Galerie KREO\" align=\"top\" hspace=\"8\" \/><\/p>\n<p>Lorsque qu&#8217;on demande aux <strong>fr\u00e8res Bouroullec<\/strong>, pourquoi ils consacrent une partie de leur cr\u00e9ativit\u00e9 \u00e0 des pi\u00e8ces tr\u00e8s limit\u00e9es pour la <strong>Galerie kreo<\/strong>, ils nous r\u00e9pondent :<\/p>\n<p><em>&#8221; Notre int\u00e9r\u00eat pour le design industriel est li\u00e9 \u00e0 la reproduction non limit\u00e9e des objets. Pourtant, depuis une dizaine d&#8217;ann\u00e9es, nous produisons des objets dans le cadre particulier propos\u00e9 par la <strong>Galerie kreo<\/strong>. Cela permet une respiration dans notre travail.<\/em><\/p>\n<p><em>Ce contexte singulier nous a souvent amen\u00e9 \u00e0 comparer le travail pour la galerie \u00e0 l\u2019usage d\u2019un cahier de brouillon, une recherche plus instinctive lib\u00e9r\u00e9e des contraintes impos\u00e9es par l&#8217;industrie, les normes, le poids, la taille ou toutes autres exigences plus ou moins justifi\u00e9es par la production de masse. Nous nous laissons ici le temps d\u2019explorer diff\u00e9rents mediums et techniques extraordinaires que l&#8217;industrie rejette, d\u2019appr\u00e9hender des savoir-faire uniques.<\/em><\/p>\n<p><em>Nos projets pour la <strong>Galerie kreo<\/strong> ont toujours \u00e9t\u00e9 l&#8217;occasion de moments particuliers. Les recherches que nous y menons r\u00e9pondent autant \u00e0 la magie qu&#8217;\u00e0 l&#8217;usage.<\/em><\/p>\n<p><em>Cette nouvelle <strong>exposition<\/strong> se veut d\u00e9licate: nous utilisons le cuir pour gainer des fils \u00e9lectriques, nous recouvrons d\u2019une\u00a0 peinture \u00e9trangement m\u00e2te des \u00e9tag\u00e8res \u00e0 l\u2019aspect min\u00e9ral, nous faisons refl\u00e9ter des conques. Nous sommes \u00e0 la recherche d\u2019une forme de myst\u00e8re.&#8221;<br \/>\n<\/em><\/p>\n<p><img data-recalc-dims=\"1\" decoding=\"async\" src=\"https:\/\/i0.wp.com\/joyana.fr\/wp-content\/uploads\/bouroullec_lianes-15-07.jpg?ssl=1\" alt=\"Exposition Ronan &#038; Erwan BOUROULLEC \u00e0 la Galerie KREO\" align=\"top\" hspace=\"8\" \/><\/p>\n<h1>LIANES by Ronan &#038; Erwan BOUROULLEC<\/h1>\n<p>Une superbe enchev\u00eatrement de luminaires intitul\u00e9s &#8220;Lianes&#8221;, dont les fils \u00e9lectriques sont gain\u00e9s de cuir. Le coup de coeur de la r\u00e9daction !!!<\/p>\n<p><img data-recalc-dims=\"1\" decoding=\"async\" src=\"https:\/\/i0.wp.com\/joyana.fr\/wp-content\/uploads\/bouroullec_lianes-03-03.jpg?ssl=1\" alt=\"Exposition Ronan &#038; Erwan BOUROULLEC \u00e0 la Galerie KREO\" align=\"top\" hspace=\"8\" \/><\/p>\n<p><img data-recalc-dims=\"1\" decoding=\"async\" src=\"https:\/\/i0.wp.com\/joyana.fr\/wp-content\/uploads\/bouroullec-a-la-galerie-kreo.jpg?ssl=1\" alt=\"Ronan &#038; Erwan BOUROULLEC \u00e0 la Galerie KREO\" align=\"top\" hspace=\"8\" \/><\/p>\n<p><img data-recalc-dims=\"1\" decoding=\"async\" src=\"https:\/\/i0.wp.com\/joyana.fr\/wp-content\/uploads\/bouroullec-a-la-galerie-kreo_image-8.jpg?ssl=1\" alt=\"Ronan &#038; Erwan BOUROULLEC \u00e0 la Galerie KREO\" align=\"top\" hspace=\"8\" \/><\/p>\n<h1>CONQUES by Ronan &#038; Erwan BOUROULLEC<\/h1>\n<p><img data-recalc-dims=\"1\" decoding=\"async\" src=\"https:\/\/i0.wp.com\/joyana.fr\/wp-content\/uploads\/bouroullec_conques-05-01.jpg?ssl=1\" alt=\"Exposition Ronan &#038; Erwan BOUROULLEC \u00e0 la Galerie KREO\" align=\"top\" hspace=\"8\" \/><\/p>\n<h1>ROCHES by Ronan &#038; Erwan BOUROULLEC<\/h1>\n<p><img data-recalc-dims=\"1\" decoding=\"async\" src=\"https:\/\/i0.wp.com\/joyana.fr\/wp-content\/uploads\/bouroullec_roches-08-04.jpg?ssl=1\" alt=\"Exposition Ronan &#038; Erwan BOUROULLEC \u00e0 la Galerie KREO\" align=\"top\" hspace=\"8\" \/><\/p>\n<p><img data-recalc-dims=\"1\" decoding=\"async\" src=\"https:\/\/i0.wp.com\/joyana.fr\/wp-content\/uploads\/bouroullec-a-la-galerie-kreo_image-9.jpg?ssl=1\" alt=\"Ronan &#038; Erwan BOUROULLEC \u00e0 la Galerie KREO\" align=\"top\" hspace=\"8\" \/><\/p>\n<p>\u00a9Paul TAHON \/ Ronan &#038; Erwan BOUROULLEC<br \/>\nCOURTESY GALERIE KREO<\/p>\n<p><strong>Exposition Ronan &#038; Erwan BOUROULLEC<\/strong><br \/>\n<strong>du 24 avril 2010 au 22 juillet 2010<\/strong><br \/>\n<strong>Galerie kreo<\/strong><br \/>\n31, rue Dauphine<br \/>\n75006 Paris<br \/>\n<strong><a href=\"http:\/\/www.galeriekreo.com\" title=\"galerie kreo\">www.galeriekreo.com<\/a><\/strong><\/p>\n<p><strong><a href=\"http:\/\/www.bouroullec.com\/\" title=\"BOUROULLEC\">http:\/\/www.bouroullec.com\/ <\/a><\/strong><\/p>\n<p>&#8212;&#8212;&#8212;&#8212;-<\/p>\n<p><a href=\"https:\/\/joyana.fr\/\" title=\"blog design\">Jo Yana <\/a><\/p>\n","protected":false},"excerpt":{"rendered":"<p>Une nouvelle fois la Galerie kreo accueille les designers Ronan et Erwan Bouroullec -qui pr\u00e9sentent durant cet [&hellip;]<\/p>\n","protected":false},"author":3,"featured_media":103578,"comment_status":"open","ping_status":"open","sticky":false,"template":"","format":"standard","meta":{"_coblocks_attr":"","_coblocks_dimensions":"","_coblocks_responsive_height":"","_coblocks_accordion_ie_support":"","_uag_custom_page_level_css":"","advgb_blocks_editor_width":"","advgb_blocks_columns_visual_guide":"","_genesis_hide_title":false,"_genesis_hide_breadcrumbs":false,"_genesis_hide_singular_image":false,"_genesis_hide_footer_widgets":false,"_genesis_custom_body_class":"","_genesis_custom_post_class":"","_genesis_layout":"","_themeisle_gutenberg_block_has_review":false,"_jetpack_newsletter_access":"","_jetpack_dont_email_post_to_subs":false,"_jetpack_newsletter_tier_id":0,"_jetpack_memberships_contains_paywalled_content":false,"_jetpack_memberships_contains_paid_content":false,"footnotes":""},"categories":[938,905,911,995],"tags":[112,994,12],"class_list":{"0":"post-103579","1":"post","2":"type-post","3":"status-publish","4":"format-standard","5":"has-post-thumbnail","7":"category-actualite-deco-design","8":"category-deco-design","9":"category-designer","10":"category-ronan-erwan-bouroullec","11":"tag-cuir","12":"tag-evenements","13":"tag-paris","14":"entry"},"featured_image_urls":{"full":["https:\/\/i0.wp.com\/joyana.fr\/wp-content\/uploads\/old\/bouroullec_lianes-15-11.jpg?fit=500%2C359&ssl=1",500,359,false],"thumbnail":["https:\/\/i0.wp.com\/joyana.fr\/wp-content\/uploads\/old\/bouroullec_lianes-15-11.jpg?resize=150%2C150&ssl=1",150,150,true],"medium":["https:\/\/i0.wp.com\/joyana.fr\/wp-content\/uploads\/old\/bouroullec_lianes-15-11.jpg?fit=389%2C279&ssl=1",389,279,true],"medium_large":["https:\/\/i0.wp.com\/joyana.fr\/wp-content\/uploads\/old\/bouroullec_lianes-15-11.jpg?fit=500%2C359&ssl=1",500,359,true],"large":["https:\/\/i0.wp.com\/joyana.fr\/wp-content\/uploads\/old\/bouroullec_lianes-15-11.jpg?fit=500%2C359&ssl=1",500,359,true],"1536x1536":["https:\/\/i0.wp.com\/joyana.fr\/wp-content\/uploads\/old\/bouroullec_lianes-15-11.jpg?fit=500%2C359&ssl=1",500,359,true],"2048x2048":["https:\/\/i0.wp.com\/joyana.fr\/wp-content\/uploads\/old\/bouroullec_lianes-15-11.jpg?fit=500%2C359&ssl=1",500,359,true],"featured-thumb":["https:\/\/i0.wp.com\/joyana.fr\/wp-content\/uploads\/old\/bouroullec_lianes-15-11.jpg?resize=500%2C359&ssl=1",500,359,true],"ab-block-post-grid-landscape":["https:\/\/i0.wp.com\/joyana.fr\/wp-content\/uploads\/old\/bouroullec_lianes-15-11.jpg?resize=500%2C359&ssl=1",500,359,true],"ab-block-post-grid-square":["https:\/\/i0.wp.com\/joyana.fr\/wp-content\/uploads\/old\/bouroullec_lianes-15-11.jpg?resize=500%2C359&ssl=1",500,359,true],"author-pro-image":["https:\/\/i0.wp.com\/joyana.fr\/wp-content\/uploads\/old\/bouroullec_lianes-15-11.jpg?resize=360%2C359&ssl=1",360,359,true],"slider":["https:\/\/i0.wp.com\/joyana.fr\/wp-content\/uploads\/old\/bouroullec_lianes-15-11.jpg?resize=500%2C359&ssl=1",500,359,true],"woocommerce_thumbnail":["https:\/\/i0.wp.com\/joyana.fr\/wp-content\/uploads\/old\/bouroullec_lianes-15-11.jpg?resize=450%2C359&ssl=1",450,359,true],"woocommerce_single":["https:\/\/i0.wp.com\/joyana.fr\/wp-content\/uploads\/old\/bouroullec_lianes-15-11.jpg?fit=500%2C359&ssl=1",500,359,true],"woocommerce_gallery_thumbnail":["https:\/\/i0.wp.com\/joyana.fr\/wp-content\/uploads\/old\/bouroullec_lianes-15-11.jpg?resize=180%2C180&ssl=1",180,180,true],"sow-carousel-default":["https:\/\/i0.wp.com\/joyana.fr\/wp-content\/uploads\/old\/bouroullec_lianes-15-11.jpg?resize=272%2C182&ssl=1",272,182,true]},"post_excerpt_stackable":"<p>Une nouvelle fois la Galerie kreo accueille les designers Ronan et Erwan Bouroullec -qui pr\u00e9sentent &hellip;<\/p>\n","category_list":"<a href=\"https:\/\/joyana.fr\/ja\/category\/deco-design\/actualite\/actualite-deco-design\/\" rel=\"category tag\">Actualit\u00e9 D\u00e9co-Design<\/a>, <a href=\"https:\/\/joyana.fr\/ja\/category\/deco-design\/\" rel=\"category tag\">DECO-DESIGN<\/a>, <a href=\"https:\/\/joyana.fr\/ja\/category\/deco-design\/designer\/\" rel=\"category tag\">Designer<\/a>, <a href=\"https:\/\/joyana.fr\/ja\/category\/deco-design\/designer\/ronan-erwan-bouroullec\/\" rel=\"category tag\">Ronan &amp; Erwan BOUROULLEC<\/a>","author_info":{"display_name":"Jo Yana","author_link":"https:\/\/joyana.fr\/ja\/author\/joyana\/"},"comments_num":"21 comments","featured_image_urls_v2":{"full":["https:\/\/i0.wp.com\/joyana.fr\/wp-content\/uploads\/old\/bouroullec_lianes-15-11.jpg?fit=500%2C359&ssl=1",500,359,false],"thumbnail":["https:\/\/i0.wp.com\/joyana.fr\/wp-content\/uploads\/old\/bouroullec_lianes-15-11.jpg?resize=150%2C150&ssl=1",150,150,true],"medium":["https:\/\/i0.wp.com\/joyana.fr\/wp-content\/uploads\/old\/bouroullec_lianes-15-11.jpg?fit=389%2C279&ssl=1",389,279,true],"medium_large":["https:\/\/i0.wp.com\/joyana.fr\/wp-content\/uploads\/old\/bouroullec_lianes-15-11.jpg?fit=500%2C359&ssl=1",500,359,true],"large":["https:\/\/i0.wp.com\/joyana.fr\/wp-content\/uploads\/old\/bouroullec_lianes-15-11.jpg?fit=500%2C359&ssl=1",500,359,true],"1536x1536":["https:\/\/i0.wp.com\/joyana.fr\/wp-content\/uploads\/old\/bouroullec_lianes-15-11.jpg?fit=500%2C359&ssl=1",500,359,true],"2048x2048":["https:\/\/i0.wp.com\/joyana.fr\/wp-content\/uploads\/old\/bouroullec_lianes-15-11.jpg?fit=500%2C359&ssl=1",500,359,true],"featured-thumb":["https:\/\/i0.wp.com\/joyana.fr\/wp-content\/uploads\/old\/bouroullec_lianes-15-11.jpg?resize=500%2C359&ssl=1",500,359,true],"ab-block-post-grid-landscape":["https:\/\/i0.wp.com\/joyana.fr\/wp-content\/uploads\/old\/bouroullec_lianes-15-11.jpg?resize=500%2C359&ssl=1",500,359,true],"ab-block-post-grid-square":["https:\/\/i0.wp.com\/joyana.fr\/wp-content\/uploads\/old\/bouroullec_lianes-15-11.jpg?resize=500%2C359&ssl=1",500,359,true],"author-pro-image":["https:\/\/i0.wp.com\/joyana.fr\/wp-content\/uploads\/old\/bouroullec_lianes-15-11.jpg?resize=360%2C359&ssl=1",360,359,true],"slider":["https:\/\/i0.wp.com\/joyana.fr\/wp-content\/uploads\/old\/bouroullec_lianes-15-11.jpg?resize=500%2C359&ssl=1",500,359,true],"woocommerce_thumbnail":["https:\/\/i0.wp.com\/joyana.fr\/wp-content\/uploads\/old\/bouroullec_lianes-15-11.jpg?resize=450%2C359&ssl=1",450,359,true],"woocommerce_single":["https:\/\/i0.wp.com\/joyana.fr\/wp-content\/uploads\/old\/bouroullec_lianes-15-11.jpg?fit=500%2C359&ssl=1",500,359,true],"woocommerce_gallery_thumbnail":["https:\/\/i0.wp.com\/joyana.fr\/wp-content\/uploads\/old\/bouroullec_lianes-15-11.jpg?resize=180%2C180&ssl=1",180,180,true],"sow-carousel-default":["https:\/\/i0.wp.com\/joyana.fr\/wp-content\/uploads\/old\/bouroullec_lianes-15-11.jpg?resize=272%2C182&ssl=1",272,182,true]},"post_excerpt_stackable_v2":"<p>Une nouvelle fois la Galerie kreo accueille les designers Ronan et Erwan Bouroullec -qui pr\u00e9sentent &hellip;<\/p>\n","category_list_v2":"<a href=\"https:\/\/joyana.fr\/ja\/category\/deco-design\/actualite\/actualite-deco-design\/\" rel=\"category tag\">Actualit\u00e9 D\u00e9co-Design<\/a>, <a href=\"https:\/\/joyana.fr\/ja\/category\/deco-design\/\" rel=\"category tag\">DECO-DESIGN<\/a>, <a href=\"https:\/\/joyana.fr\/ja\/category\/deco-design\/designer\/\" rel=\"category tag\">Designer<\/a>, <a href=\"https:\/\/joyana.fr\/ja\/category\/deco-design\/designer\/ronan-erwan-bouroullec\/\" rel=\"category tag\">Ronan &amp; Erwan BOUROULLEC<\/a>","author_info_v2":{"name":"Jo Yana","url":"https:\/\/joyana.fr\/ja\/author\/joyana\/"},"comments_num_v2":"21 comments","yoast_head":"<!-- This site is optimized with the Yoast SEO plugin v26.8 - https:\/\/yoast.com\/product\/yoast-seo-wordpress\/ -->\n<title>Ronan &amp; Erwan BOUROULLEC \u00e0 la Galerie KREO - JO YANA<\/title>\n<meta name=\"robots\" content=\"index, follow, max-snippet:-1, max-image-preview:large, max-video-preview:-1\" \/>\n<link rel=\"canonical\" href=\"https:\/\/joyana.fr\/ja\/exposition-ronan-erwan-bouroullec-a-la-galerie-kreo\/103579\/\" \/>\n<meta property=\"og:locale\" content=\"ja_JP\" \/>\n<meta property=\"og:locale:alternate\" content=\"fr_FR\" \/>\n<meta property=\"og:locale:alternate\" content=\"en_US\" \/>\n<meta property=\"og:type\" content=\"article\" \/>\n<meta property=\"og:title\" content=\"Ronan &amp; Erwan BOUROULLEC \u00e0 la Galerie KREO - JO YANA\" \/>\n<meta property=\"og:description\" content=\"Une nouvelle fois la Galerie kreo accueille les designers Ronan et Erwan Bouroullec -qui pr\u00e9sentent durant cet [&hellip;]\" \/>\n<meta property=\"og:url\" content=\"https:\/\/joyana.fr\/ja\/exposition-ronan-erwan-bouroullec-a-la-galerie-kreo\/103579\/\" \/>\n<meta property=\"og:site_name\" content=\"JO YANA\" \/>\n<meta property=\"article:published_time\" content=\"2010-04-27T10:17:42+00:00\" \/>\n<meta property=\"og:image\" content=\"https:\/\/joyana.fr\/wp-content\/uploads\/old\/bouroullec_lianes-15-11.jpg\" \/>\n\t<meta property=\"og:image:width\" content=\"500\" \/>\n\t<meta property=\"og:image:height\" content=\"359\" \/>\n\t<meta property=\"og:image:type\" content=\"image\/jpeg\" \/>\n<meta name=\"author\" content=\"Jo Yana\" \/>\n<meta name=\"twitter:card\" content=\"summary_large_image\" \/>\n<meta name=\"twitter:creator\" content=\"@Jo_Yana\" \/>\n<meta name=\"twitter:site\" content=\"@Jo_Yana\" \/>\n<meta name=\"twitter:label1\" content=\"\u57f7\u7b46\u8005\" \/>\n\t<meta name=\"twitter:data1\" content=\"Jo Yana\" \/>\n\t<meta name=\"twitter:label2\" content=\"\u63a8\u5b9a\u8aad\u307f\u53d6\u308a\u6642\u9593\" \/>\n\t<meta name=\"twitter:data2\" content=\"2\u5206\" \/>\n<script type=\"application\/ld+json\" class=\"yoast-schema-graph\">{\"@context\":\"https:\/\/schema.org\",\"@graph\":[{\"@type\":\"Article\",\"@id\":\"https:\/\/joyana.fr\/en\/exposition-ronan-erwan-bouroullec-a-la-galerie-kreo\/103579\/#article\",\"isPartOf\":{\"@id\":\"https:\/\/joyana.fr\/en\/exposition-ronan-erwan-bouroullec-a-la-galerie-kreo\/103579\/\"},\"author\":{\"name\":\"Jo Yana\",\"@id\":\"https:\/\/joyana.fr\/#\/schema\/person\/cf2a1ad12a27c12c21801075bf37407c\"},\"headline\":\"Ronan &#038; Erwan BOUROULLEC \u00e0 la Galerie KREO\",\"datePublished\":\"2010-04-27T10:17:42+00:00\",\"mainEntityOfPage\":{\"@id\":\"https:\/\/joyana.fr\/en\/exposition-ronan-erwan-bouroullec-a-la-galerie-kreo\/103579\/\"},\"wordCount\":331,\"commentCount\":0,\"publisher\":{\"@id\":\"https:\/\/joyana.fr\/#\/schema\/person\/cf2a1ad12a27c12c21801075bf37407c\"},\"image\":{\"@id\":\"https:\/\/joyana.fr\/en\/exposition-ronan-erwan-bouroullec-a-la-galerie-kreo\/103579\/#primaryimage\"},\"thumbnailUrl\":\"https:\/\/i0.wp.com\/joyana.fr\/wp-content\/uploads\/old\/bouroullec_lianes-15-11.jpg?fit=500%2C359&ssl=1\",\"keywords\":[\"Cuir\",\"Ev\u00e8nements\",\"Paris\"],\"articleSection\":[\"Actualit\u00e9 D\u00e9co-Design\",\"DECO-DESIGN\",\"Designer\",\"Ronan &amp; Erwan BOUROULLEC\"],\"inLanguage\":\"ja\",\"potentialAction\":[{\"@type\":\"CommentAction\",\"name\":\"Comment\",\"target\":[\"https:\/\/joyana.fr\/en\/exposition-ronan-erwan-bouroullec-a-la-galerie-kreo\/103579\/#respond\"]}]},{\"@type\":\"WebPage\",\"@id\":\"https:\/\/joyana.fr\/en\/exposition-ronan-erwan-bouroullec-a-la-galerie-kreo\/103579\/\",\"url\":\"https:\/\/joyana.fr\/en\/exposition-ronan-erwan-bouroullec-a-la-galerie-kreo\/103579\/\",\"name\":\"Ronan & Erwan BOUROULLEC \u00e0 la Galerie KREO - JO YANA\",\"isPartOf\":{\"@id\":\"https:\/\/joyana.fr\/#website\"},\"primaryImageOfPage\":{\"@id\":\"https:\/\/joyana.fr\/en\/exposition-ronan-erwan-bouroullec-a-la-galerie-kreo\/103579\/#primaryimage\"},\"image\":{\"@id\":\"https:\/\/joyana.fr\/en\/exposition-ronan-erwan-bouroullec-a-la-galerie-kreo\/103579\/#primaryimage\"},\"thumbnailUrl\":\"https:\/\/i0.wp.com\/joyana.fr\/wp-content\/uploads\/old\/bouroullec_lianes-15-11.jpg?fit=500%2C359&ssl=1\",\"datePublished\":\"2010-04-27T10:17:42+00:00\",\"breadcrumb\":{\"@id\":\"https:\/\/joyana.fr\/en\/exposition-ronan-erwan-bouroullec-a-la-galerie-kreo\/103579\/#breadcrumb\"},\"inLanguage\":\"ja\",\"potentialAction\":[{\"@type\":\"ReadAction\",\"target\":[\"https:\/\/joyana.fr\/en\/exposition-ronan-erwan-bouroullec-a-la-galerie-kreo\/103579\/\"]}]},{\"@type\":\"ImageObject\",\"inLanguage\":\"ja\",\"@id\":\"https:\/\/joyana.fr\/en\/exposition-ronan-erwan-bouroullec-a-la-galerie-kreo\/103579\/#primaryimage\",\"url\":\"https:\/\/i0.wp.com\/joyana.fr\/wp-content\/uploads\/old\/bouroullec_lianes-15-11.jpg?fit=500%2C359&ssl=1\",\"contentUrl\":\"https:\/\/i0.wp.com\/joyana.fr\/wp-content\/uploads\/old\/bouroullec_lianes-15-11.jpg?fit=500%2C359&ssl=1\",\"width\":500,\"height\":359},{\"@type\":\"BreadcrumbList\",\"@id\":\"https:\/\/joyana.fr\/en\/exposition-ronan-erwan-bouroullec-a-la-galerie-kreo\/103579\/#breadcrumb\",\"itemListElement\":[{\"@type\":\"ListItem\",\"position\":1,\"name\":\"Accueil\",\"item\":\"https:\/\/joyana.fr\/\"},{\"@type\":\"ListItem\",\"position\":2,\"name\":\"Ronan &#038; Erwan BOUROULLEC \u00e0 la Galerie KREO\"}]},{\"@type\":\"WebSite\",\"@id\":\"https:\/\/joyana.fr\/#website\",\"url\":\"https:\/\/joyana.fr\/\",\"name\":\"JO YANA\",\"description\":\"Blog Mode Homme, Lifestyle, D\u00e9co-Design\",\"publisher\":{\"@id\":\"https:\/\/joyana.fr\/#\/schema\/person\/cf2a1ad12a27c12c21801075bf37407c\"},\"potentialAction\":[{\"@type\":\"SearchAction\",\"target\":{\"@type\":\"EntryPoint\",\"urlTemplate\":\"https:\/\/joyana.fr\/?s={search_term_string}\"},\"query-input\":{\"@type\":\"PropertyValueSpecification\",\"valueRequired\":true,\"valueName\":\"search_term_string\"}}],\"inLanguage\":\"ja\"},{\"@type\":[\"Person\",\"Organization\"],\"@id\":\"https:\/\/joyana.fr\/#\/schema\/person\/cf2a1ad12a27c12c21801075bf37407c\",\"name\":\"Jo Yana\",\"image\":{\"@type\":\"ImageObject\",\"inLanguage\":\"ja\",\"@id\":\"https:\/\/joyana.fr\/#\/schema\/person\/image\/\",\"url\":\"https:\/\/i0.wp.com\/joyana.fr\/wp-content\/uploads\/2016\/08\/cropped-joyana-logo-black-360x180.png?fit=343%2C164&ssl=1\",\"contentUrl\":\"https:\/\/i0.wp.com\/joyana.fr\/wp-content\/uploads\/2016\/08\/cropped-joyana-logo-black-360x180.png?fit=343%2C164&ssl=1\",\"width\":343,\"height\":164,\"caption\":\"Jo Yana\"},\"logo\":{\"@id\":\"https:\/\/joyana.fr\/#\/schema\/person\/image\/\"},\"description\":\"Jo Yana est le cr\u00e9ateur et r\u00e9dacteur en chef des sites DECO-DESIGN. Passionn\u00e9 de Design, Mode, Photo, Luxe, Lifestyle, Musique, mais avant tout Blogueur ! Le plaisir de partager l'anime et a comme devise \\\"POUR L'AMOUR DU BEAU\\\". Retrouvez le aussi sur son blog personnel - https:\/\/joyana.fr...\",\"sameAs\":[\"https:\/\/joyana.fr\/\"],\"url\":\"https:\/\/joyana.fr\/ja\/author\/joyana\/\"}]}<\/script>\n<!-- \/ Yoast SEO plugin. -->","yoast_head_json":{"title":"Ronan & Erwan BOUROULLEC \u00e0 la Galerie KREO - JO YANA","robots":{"index":"index","follow":"follow","max-snippet":"max-snippet:-1","max-image-preview":"max-image-preview:large","max-video-preview":"max-video-preview:-1"},"canonical":"https:\/\/joyana.fr\/ja\/exposition-ronan-erwan-bouroullec-a-la-galerie-kreo\/103579\/","og_locale":"ja_JP","og_type":"article","og_title":"Ronan & Erwan BOUROULLEC \u00e0 la Galerie KREO - JO YANA","og_description":"Une nouvelle fois la Galerie kreo accueille les designers Ronan et Erwan Bouroullec -qui pr\u00e9sentent durant cet [&hellip;]","og_url":"https:\/\/joyana.fr\/ja\/exposition-ronan-erwan-bouroullec-a-la-galerie-kreo\/103579\/","og_site_name":"JO YANA","article_published_time":"2010-04-27T10:17:42+00:00","og_image":[{"width":500,"height":359,"url":"https:\/\/joyana.fr\/wp-content\/uploads\/old\/bouroullec_lianes-15-11.jpg","type":"image\/jpeg"}],"author":"Jo Yana","twitter_card":"summary_large_image","twitter_creator":"@Jo_Yana","twitter_site":"@Jo_Yana","twitter_misc":{"\u57f7\u7b46\u8005":"Jo Yana","\u63a8\u5b9a\u8aad\u307f\u53d6\u308a\u6642\u9593":"2\u5206"},"schema":{"@context":"https:\/\/schema.org","@graph":[{"@type":"Article","@id":"https:\/\/joyana.fr\/en\/exposition-ronan-erwan-bouroullec-a-la-galerie-kreo\/103579\/#article","isPartOf":{"@id":"https:\/\/joyana.fr\/en\/exposition-ronan-erwan-bouroullec-a-la-galerie-kreo\/103579\/"},"author":{"name":"Jo Yana","@id":"https:\/\/joyana.fr\/#\/schema\/person\/cf2a1ad12a27c12c21801075bf37407c"},"headline":"Ronan &#038; Erwan BOUROULLEC \u00e0 la Galerie KREO","datePublished":"2010-04-27T10:17:42+00:00","mainEntityOfPage":{"@id":"https:\/\/joyana.fr\/en\/exposition-ronan-erwan-bouroullec-a-la-galerie-kreo\/103579\/"},"wordCount":331,"commentCount":0,"publisher":{"@id":"https:\/\/joyana.fr\/#\/schema\/person\/cf2a1ad12a27c12c21801075bf37407c"},"image":{"@id":"https:\/\/joyana.fr\/en\/exposition-ronan-erwan-bouroullec-a-la-galerie-kreo\/103579\/#primaryimage"},"thumbnailUrl":"https:\/\/i0.wp.com\/joyana.fr\/wp-content\/uploads\/old\/bouroullec_lianes-15-11.jpg?fit=500%2C359&ssl=1","keywords":["Cuir","Ev\u00e8nements","Paris"],"articleSection":["Actualit\u00e9 D\u00e9co-Design","DECO-DESIGN","Designer","Ronan &amp; Erwan BOUROULLEC"],"inLanguage":"ja","potentialAction":[{"@type":"CommentAction","name":"Comment","target":["https:\/\/joyana.fr\/en\/exposition-ronan-erwan-bouroullec-a-la-galerie-kreo\/103579\/#respond"]}]},{"@type":"WebPage","@id":"https:\/\/joyana.fr\/en\/exposition-ronan-erwan-bouroullec-a-la-galerie-kreo\/103579\/","url":"https:\/\/joyana.fr\/en\/exposition-ronan-erwan-bouroullec-a-la-galerie-kreo\/103579\/","name":"Ronan & Erwan BOUROULLEC \u00e0 la Galerie KREO - JO YANA","isPartOf":{"@id":"https:\/\/joyana.fr\/#website"},"primaryImageOfPage":{"@id":"https:\/\/joyana.fr\/en\/exposition-ronan-erwan-bouroullec-a-la-galerie-kreo\/103579\/#primaryimage"},"image":{"@id":"https:\/\/joyana.fr\/en\/exposition-ronan-erwan-bouroullec-a-la-galerie-kreo\/103579\/#primaryimage"},"thumbnailUrl":"https:\/\/i0.wp.com\/joyana.fr\/wp-content\/uploads\/old\/bouroullec_lianes-15-11.jpg?fit=500%2C359&ssl=1","datePublished":"2010-04-27T10:17:42+00:00","breadcrumb":{"@id":"https:\/\/joyana.fr\/en\/exposition-ronan-erwan-bouroullec-a-la-galerie-kreo\/103579\/#breadcrumb"},"inLanguage":"ja","potentialAction":[{"@type":"ReadAction","target":["https:\/\/joyana.fr\/en\/exposition-ronan-erwan-bouroullec-a-la-galerie-kreo\/103579\/"]}]},{"@type":"ImageObject","inLanguage":"ja","@id":"https:\/\/joyana.fr\/en\/exposition-ronan-erwan-bouroullec-a-la-galerie-kreo\/103579\/#primaryimage","url":"https:\/\/i0.wp.com\/joyana.fr\/wp-content\/uploads\/old\/bouroullec_lianes-15-11.jpg?fit=500%2C359&ssl=1","contentUrl":"https:\/\/i0.wp.com\/joyana.fr\/wp-content\/uploads\/old\/bouroullec_lianes-15-11.jpg?fit=500%2C359&ssl=1","width":500,"height":359},{"@type":"BreadcrumbList","@id":"https:\/\/joyana.fr\/en\/exposition-ronan-erwan-bouroullec-a-la-galerie-kreo\/103579\/#breadcrumb","itemListElement":[{"@type":"ListItem","position":1,"name":"Accueil","item":"https:\/\/joyana.fr\/"},{"@type":"ListItem","position":2,"name":"Ronan &#038; Erwan BOUROULLEC \u00e0 la Galerie KREO"}]},{"@type":"WebSite","@id":"https:\/\/joyana.fr\/#website","url":"https:\/\/joyana.fr\/","name":"JO YANA","description":"Blog Mode Homme, Lifestyle, D\u00e9co-Design","publisher":{"@id":"https:\/\/joyana.fr\/#\/schema\/person\/cf2a1ad12a27c12c21801075bf37407c"},"potentialAction":[{"@type":"SearchAction","target":{"@type":"EntryPoint","urlTemplate":"https:\/\/joyana.fr\/?s={search_term_string}"},"query-input":{"@type":"PropertyValueSpecification","valueRequired":true,"valueName":"search_term_string"}}],"inLanguage":"ja"},{"@type":["Person","Organization"],"@id":"https:\/\/joyana.fr\/#\/schema\/person\/cf2a1ad12a27c12c21801075bf37407c","name":"Jo Yana","image":{"@type":"ImageObject","inLanguage":"ja","@id":"https:\/\/joyana.fr\/#\/schema\/person\/image\/","url":"https:\/\/i0.wp.com\/joyana.fr\/wp-content\/uploads\/2016\/08\/cropped-joyana-logo-black-360x180.png?fit=343%2C164&ssl=1","contentUrl":"https:\/\/i0.wp.com\/joyana.fr\/wp-content\/uploads\/2016\/08\/cropped-joyana-logo-black-360x180.png?fit=343%2C164&ssl=1","width":343,"height":164,"caption":"Jo Yana"},"logo":{"@id":"https:\/\/joyana.fr\/#\/schema\/person\/image\/"},"description":"Jo Yana est le cr\u00e9ateur et r\u00e9dacteur en chef des sites DECO-DESIGN. Passionn\u00e9 de Design, Mode, Photo, Luxe, Lifestyle, Musique, mais avant tout Blogueur ! Le plaisir de partager l'anime et a comme devise \"POUR L'AMOUR DU BEAU\". Retrouvez le aussi sur son blog personnel - https:\/\/joyana.fr...","sameAs":["https:\/\/joyana.fr\/"],"url":"https:\/\/joyana.fr\/ja\/author\/joyana\/"}]}},"author_meta":{"display_name":"Jo Yana","author_link":"https:\/\/joyana.fr\/ja\/author\/joyana\/"},"featured_img":"https:\/\/i0.wp.com\/joyana.fr\/wp-content\/uploads\/old\/bouroullec_lianes-15-11.jpg?fit=389%2C279&ssl=1","featured_image_src":"https:\/\/i0.wp.com\/joyana.fr\/wp-content\/uploads\/old\/bouroullec_lianes-15-11.jpg?resize=500%2C359&ssl=1","featured_image_src_square":"https:\/\/i0.wp.com\/joyana.fr\/wp-content\/uploads\/old\/bouroullec_lianes-15-11.jpg?resize=500%2C359&ssl=1","jetpack_featured_media_url":"https:\/\/i0.wp.com\/joyana.fr\/wp-content\/uploads\/old\/bouroullec_lianes-15-11.jpg?fit=500%2C359&ssl=1","uagb_featured_image_src":{"full":["https:\/\/i0.wp.com\/joyana.fr\/wp-content\/uploads\/old\/bouroullec_lianes-15-11.jpg?fit=500%2C359&ssl=1",500,359,false],"thumbnail":["https:\/\/i0.wp.com\/joyana.fr\/wp-content\/uploads\/old\/bouroullec_lianes-15-11.jpg?resize=150%2C150&ssl=1",150,150,true],"medium":["https:\/\/i0.wp.com\/joyana.fr\/wp-content\/uploads\/old\/bouroullec_lianes-15-11.jpg?fit=389%2C279&ssl=1",389,279,true],"medium_large":["https:\/\/i0.wp.com\/joyana.fr\/wp-content\/uploads\/old\/bouroullec_lianes-15-11.jpg?fit=500%2C359&ssl=1",500,359,true],"large":["https:\/\/i0.wp.com\/joyana.fr\/wp-content\/uploads\/old\/bouroullec_lianes-15-11.jpg?fit=500%2C359&ssl=1",500,359,true],"1536x1536":["https:\/\/i0.wp.com\/joyana.fr\/wp-content\/uploads\/old\/bouroullec_lianes-15-11.jpg?fit=500%2C359&ssl=1",500,359,true],"2048x2048":["https:\/\/i0.wp.com\/joyana.fr\/wp-content\/uploads\/old\/bouroullec_lianes-15-11.jpg?fit=500%2C359&ssl=1",500,359,true],"featured-thumb":["https:\/\/i0.wp.com\/joyana.fr\/wp-content\/uploads\/old\/bouroullec_lianes-15-11.jpg?resize=500%2C359&ssl=1",500,359,true],"ab-block-post-grid-landscape":["https:\/\/i0.wp.com\/joyana.fr\/wp-content\/uploads\/old\/bouroullec_lianes-15-11.jpg?resize=500%2C359&ssl=1",500,359,true],"ab-block-post-grid-square":["https:\/\/i0.wp.com\/joyana.fr\/wp-content\/uploads\/old\/bouroullec_lianes-15-11.jpg?resize=500%2C359&ssl=1",500,359,true],"author-pro-image":["https:\/\/i0.wp.com\/joyana.fr\/wp-content\/uploads\/old\/bouroullec_lianes-15-11.jpg?resize=360%2C359&ssl=1",360,359,true],"slider":["https:\/\/i0.wp.com\/joyana.fr\/wp-content\/uploads\/old\/bouroullec_lianes-15-11.jpg?resize=500%2C359&ssl=1",500,359,true],"woocommerce_thumbnail":["https:\/\/i0.wp.com\/joyana.fr\/wp-content\/uploads\/old\/bouroullec_lianes-15-11.jpg?resize=450%2C359&ssl=1",450,359,true],"woocommerce_single":["https:\/\/i0.wp.com\/joyana.fr\/wp-content\/uploads\/old\/bouroullec_lianes-15-11.jpg?fit=500%2C359&ssl=1",500,359,true],"woocommerce_gallery_thumbnail":["https:\/\/i0.wp.com\/joyana.fr\/wp-content\/uploads\/old\/bouroullec_lianes-15-11.jpg?resize=180%2C180&ssl=1",180,180,true],"sow-carousel-default":["https:\/\/i0.wp.com\/joyana.fr\/wp-content\/uploads\/old\/bouroullec_lianes-15-11.jpg?resize=272%2C182&ssl=1",272,182,true]},"uagb_author_info":{"display_name":"Jo Yana","author_link":"https:\/\/joyana.fr\/ja\/author\/joyana\/"},"uagb_comment_info":263,"uagb_excerpt":"Une nouvelle fois la Galerie kreo accueille les designe&hellip;","coauthors":[],"tax_additional":{"categories":{"linked":["<a href=\"https:\/\/joyana.fr\/ja\/category\/deco-design\/actualite\/actualite-deco-design\/\" class=\"advgb-post-tax-term\">Actualit\u00e9 D\u00e9co-Design<\/a>","<a href=\"https:\/\/joyana.fr\/ja\/category\/deco-design\/\" class=\"advgb-post-tax-term\">DECO-DESIGN<\/a>","<a href=\"https:\/\/joyana.fr\/ja\/category\/deco-design\/designer\/\" class=\"advgb-post-tax-term\">Designer<\/a>","<a href=\"https:\/\/joyana.fr\/ja\/category\/deco-design\/designer\/ronan-erwan-bouroullec\/\" class=\"advgb-post-tax-term\">Ronan &amp; Erwan BOUROULLEC<\/a>"],"unlinked":["<span class=\"advgb-post-tax-term\">Actualit\u00e9 D\u00e9co-Design<\/span>","<span class=\"advgb-post-tax-term\">DECO-DESIGN<\/span>","<span class=\"advgb-post-tax-term\">Designer<\/span>","<span class=\"advgb-post-tax-term\">Ronan &amp; Erwan BOUROULLEC<\/span>"]},"tags":{"linked":["<a href=\"https:\/\/joyana.fr\/ja\/category\/deco-design\/designer\/ronan-erwan-bouroullec\/\" class=\"advgb-post-tax-term\">Cuir<\/a>","<a href=\"https:\/\/joyana.fr\/ja\/category\/deco-design\/designer\/ronan-erwan-bouroullec\/\" class=\"advgb-post-tax-term\">Ev\u00e8nements<\/a>","<a href=\"https:\/\/joyana.fr\/ja\/category\/deco-design\/designer\/ronan-erwan-bouroullec\/\" class=\"advgb-post-tax-term\">Paris<\/a>"],"unlinked":["<span class=\"advgb-post-tax-term\">Cuir<\/span>","<span class=\"advgb-post-tax-term\">Ev\u00e8nements<\/span>","<span class=\"advgb-post-tax-term\">Paris<\/span>"]}},"comment_count":21,"relative_dates":{"created":"Posted 16\u5e74 ago","modified":"Updated 16\u5e74 ago"},"absolute_dates":{"created":"Posted on 27 4\u6708 2010","modified":"Updated on 27 4\u6708 2010"},"absolute_dates_time":{"created":"Posted on 27 4\u6708 2010 11:17","modified":"Updated on 27 4\u6708 2010 11:17"},"featured_img_caption":"","series_order":"","jetpack_sharing_enabled":true,"jetpack_shortlink":"https:\/\/wp.me\/p9bteI-qWD","jetpack-related-posts":[],"_links":{"self":[{"href":"https:\/\/joyana.fr\/ja\/wp-json\/wp\/v2\/posts\/103579","targetHints":{"allow":["GET"]}}],"collection":[{"href":"https:\/\/joyana.fr\/ja\/wp-json\/wp\/v2\/posts"}],"about":[{"href":"https:\/\/joyana.fr\/ja\/wp-json\/wp\/v2\/types\/post"}],"author":[{"embeddable":true,"href":"https:\/\/joyana.fr\/ja\/wp-json\/wp\/v2\/users\/3"}],"replies":[{"embeddable":true,"href":"https:\/\/joyana.fr\/ja\/wp-json\/wp\/v2\/comments?post=103579"}],"version-history":[{"count":0,"href":"https:\/\/joyana.fr\/ja\/wp-json\/wp\/v2\/posts\/103579\/revisions"}],"wp:featuredmedia":[{"embeddable":true,"href":"https:\/\/joyana.fr\/ja\/wp-json\/wp\/v2\/media\/103578"}],"wp:attachment":[{"href":"https:\/\/joyana.fr\/ja\/wp-json\/wp\/v2\/media?parent=103579"}],"wp:term":[{"taxonomy":"category","embeddable":true,"href":"https:\/\/joyana.fr\/ja\/wp-json\/wp\/v2\/categories?post=103579"},{"taxonomy":"post_tag","embeddable":true,"href":"https:\/\/joyana.fr\/ja\/wp-json\/wp\/v2\/tags?post=103579"}],"curies":[{"name":"wp","href":"https:\/\/api.w.org\/{rel}","templated":true}]}}