{"id":103771,"date":"2010-06-10T07:19:52","date_gmt":"2010-06-10T06:19:52","guid":{"rendered":"https:\/\/joyana.fr\/re-bouroullec-a-la-cite-radieuse-de-marseille\/"},"modified":"2010-06-10T07:19:52","modified_gmt":"2010-06-10T06:19:52","slug":"re-bouroullec-a-la-cite-radieuse-de-marseille","status":"publish","type":"post","link":"https:\/\/joyana.fr\/ja\/re-bouroullec-a-la-cite-radieuse-de-marseille\/103771\/","title":{"rendered":"R&#038;E BOUROULLEC \u00e0 la Cit\u00e9 Radieuse de Marseille"},"content":{"rendered":"<p>Les fr\u00e8res <strong>Bouroullec<\/strong> posent leurs cr\u00e9ations \u00e0 la <strong>Cit\u00e9 Radieuse<\/strong> du <strong>Corbusier<\/strong> \u00e0 <strong>Marseille<\/strong>, dont ils r\u00e9am\u00e9nagent pendant un mois le c\u00e9l\u00e8bre <strong>Appartement 50<\/strong>&#8230;<\/p>\n<p><img data-recalc-dims=\"1\" decoding=\"async\" src=\"https:\/\/i0.wp.com\/joyana.fr\/wp-content\/uploads\/bouroullec_cite_radieuse_marseille.jpg?ssl=1\" alt=\"R&#038;E BOUROULLEC \u00e0 la Cit\u00e9 Radieuse de Marseille\" align=\"top\" hspace=\"8\" \/><\/p>\n<p> Pour la petite histoire : c\u2019est en d\u00e9but d\u2019ann\u00e9e que Jasper Morrison pr\u00e9sente <strong>Ronan et Erwan Bouroullec <\/strong>aux propri\u00e9taires d\u2019un appartement de l\u2019unit\u00e9 d\u2019habitation Le Corbusier de la <strong>Cit\u00e9 Radieuse<\/strong> \u00e0 <strong>Marseille<\/strong>. L\u2019<strong>Appartement 50<\/strong> n\u2019est pas un mus\u00e9e, c\u2019est un espace habit\u00e9 qu&#8217;ils d\u00e9cident de r\u00e9am\u00e9nager, le temps d\u2019un \u00e9t\u00e9.<\/p>\n<p><img data-recalc-dims=\"1\" decoding=\"async\" src=\"https:\/\/i0.wp.com\/joyana.fr\/wp-content\/uploads\/bouroullec_cite_radieuse_marseille_9.jpg?ssl=1\" alt=\"R&#038;E BOUROULLEC \u00e0 la Cit\u00e9 Radieuse de Marseille\" align=\"top\" hspace=\"8\" \/><\/p>\n<p><img data-recalc-dims=\"1\" decoding=\"async\" src=\"https:\/\/i0.wp.com\/joyana.fr\/wp-content\/uploads\/bouroullec_cite_radieuse_marseille_21.jpg?ssl=1\" alt=\"R&#038;E BOUROULLEC \u00e0 la Cit\u00e9 Radieuse de Marseille\" align=\"top\" hspace=\"8\" \/><\/p>\n<p>Ils confient avoir d\u00e9cid\u00e9 d\u2019installer quelques uns des objets de leur  collection dont l\u2019usage semblait \u00eatre une juste association avec cet  appartement et la mani\u00e8re que ses deux propri\u00e9taires ont d\u2019y vivre.  Comme un \u00e9cho au mobilier d\u2019origine de Charlotte Perriand et Jean  Prouv\u00e9, il leur a paru naturel d\u2019articuler l\u2019am\u00e9nagement de l\u2019espace  autour de la collection SteelWood, Magis en disposant une table,  quelques chaises et des \u00e9tag\u00e8res.<\/p>\n<p><img data-recalc-dims=\"1\" decoding=\"async\" src=\"https:\/\/i0.wp.com\/joyana.fr\/wp-content\/uploads\/bouroullec_cite_radieuse_marseille_22.jpg?ssl=1\" alt=\"R&#038;E BOUROULLEC \u00e0 la Cit\u00e9 Radieuse de Marseille\" align=\"top\" hspace=\"8\" \/><\/p>\n<p><img data-recalc-dims=\"1\" decoding=\"async\" src=\"https:\/\/i0.wp.com\/joyana.fr\/wp-content\/uploads\/bouroullec_cite_radieuse_marseille_23.jpg?ssl=1\" alt=\"R&#038;E BOUROULLEC \u00e0 la Cit\u00e9 Radieuse de Marseille\" align=\"top\" hspace=\"8\" \/><\/p>\n<p>Puis, se rappelant de  l\u2019int\u00e9r\u00eat singulier que <strong>Le Corbusier <\/strong>avait pour les tapisseries, ils se sont permis de fixer au mur des Clouds, Kvadrat. Un tapis Zip,  Vitra et deux de leurs derni\u00e8res lampes &#8211; qui ont un gros succ\u00e8s au pr\u00e8s de notre \u00e9quipe &#8211; Lampalumina, Bitossi et  LightHouse, Established &#038; Sons et Venini compl\u00e8tent cet am\u00e9nagement  \u00e9ph\u00e9m\u00e8re&#8230;<\/p>\n<p><img data-recalc-dims=\"1\" decoding=\"async\" src=\"https:\/\/i0.wp.com\/joyana.fr\/wp-content\/uploads\/bouroullec_cite_radieuse_marseille_24.jpg?ssl=1\" alt=\"R&#038;E BOUROULLEC \u00e0 la Cit\u00e9 Radieuse de Marseille\" align=\"top\" hspace=\"8\" \/><\/p>\n<p><img data-recalc-dims=\"1\" decoding=\"async\" src=\"https:\/\/i0.wp.com\/joyana.fr\/wp-content\/uploads\/bouroullec_cite_radieuse_marseille_25.jpg?ssl=1\" alt=\"R&#038;E BOUROULLEC \u00e0 la Cit\u00e9 Radieuse de Marseille\" align=\"top\" hspace=\"8\" \/><\/p>\n<p>Cette exposition est ouverte au public du 15 juillet au 15 ao\u00fbt de 14h \u00e0 18h.<\/p>\n<p><img data-recalc-dims=\"1\" decoding=\"async\" src=\"https:\/\/i0.wp.com\/joyana.fr\/wp-content\/uploads\/bouroullec_cite_radieuse_marseille_10.jpg?ssl=1\" alt=\"R&#038;E BOUROULLEC \u00e0 la Cit\u00e9 Radieuse de Marseille\" align=\"top\" hspace=\"8\" \/><\/p>\n<p><em><strong>Exposition R&#038;E BOUROULLEC \u00e0 la Cit\u00e9 Radieuse Le Corbusier, Appartement 50<\/strong><br \/>\n<\/em><\/p>\n<p><em>Cit\u00e9 Radieuse<br \/>\nUnit\u00e9 d\u2019habitation Le Corbusier<br \/>\nAppartement 50, 5\u00e8me rue<br \/>\n280 boulevard Michelet<br \/>\n13008 Marseille<\/em><\/p>\n<p><strong><a href=\"http:\/\/www.bouroullec.com\/\" title=\"BOUROULLEC\">http:\/\/www.bouroullec.com\/<\/a><\/strong><\/p>\n<p><strong><a href=\"http:\/\/www.appt50lc.org\/\" title=\"appartement 50\">http:\/\/www.appt50lc.org\/ <\/a><\/strong><\/p>\n<p>\u2014\u2014\u2014\u2014<\/p>\n<p><a href=\"https:\/\/joyana.fr\/\" title=\"BLOG design\">Jo Yana <\/a><\/p>\n","protected":false},"excerpt":{"rendered":"<p>Les fr\u00e8res Bouroullec posent leurs cr\u00e9ations \u00e0 la Cit\u00e9 Radieuse du Corbusier \u00e0 Marseille, dont ils r\u00e9am\u00e9nagent [&hellip;]<\/p>\n","protected":false},"author":3,"featured_media":103768,"comment_status":"open","ping_status":"open","sticky":false,"template":"","format":"standard","meta":{"_coblocks_attr":"","_coblocks_dimensions":"","_coblocks_responsive_height":"","_coblocks_accordion_ie_support":"","_uag_custom_page_level_css":"","advgb_blocks_editor_width":"","advgb_blocks_columns_visual_guide":"","_genesis_hide_title":false,"_genesis_hide_breadcrumbs":false,"_genesis_hide_singular_image":false,"_genesis_hide_footer_widgets":false,"_genesis_custom_body_class":"","_genesis_custom_post_class":"","_genesis_layout":"","_themeisle_gutenberg_block_has_review":false,"_jetpack_newsletter_access":"","_jetpack_dont_email_post_to_subs":false,"_jetpack_newsletter_tier_id":0,"_jetpack_memberships_contains_paywalled_content":false,"_jetpack_memberships_contains_paid_content":false,"footnotes":""},"categories":[938,905,981,1004,921,995],"tags":[994,31],"class_list":{"0":"post-103771","1":"post","2":"type-post","3":"status-publish","4":"format-standard","5":"has-post-thumbnail","7":"category-actualite-deco-design","8":"category-deco-design","9":"category-kvadrat","10":"category-le-corbusier","11":"category-lieux-design","12":"category-ronan-erwan-bouroullec","13":"tag-evenements","14":"tag-marseille","15":"entry"},"featured_image_urls":{"full":["https:\/\/i0.wp.com\/joyana.fr\/wp-content\/uploads\/old\/bouroullec_cite_radieuse_marseille.jpg?fit=500%2C348&ssl=1",500,348,false],"thumbnail":["https:\/\/i0.wp.com\/joyana.fr\/wp-content\/uploads\/old\/bouroullec_cite_radieuse_marseille.jpg?resize=150%2C150&ssl=1",150,150,true],"medium":["https:\/\/i0.wp.com\/joyana.fr\/wp-content\/uploads\/old\/bouroullec_cite_radieuse_marseille.jpg?fit=389%2C271&ssl=1",389,271,true],"medium_large":["https:\/\/i0.wp.com\/joyana.fr\/wp-content\/uploads\/old\/bouroullec_cite_radieuse_marseille.jpg?fit=500%2C348&ssl=1",500,348,true],"large":["https:\/\/i0.wp.com\/joyana.fr\/wp-content\/uploads\/old\/bouroullec_cite_radieuse_marseille.jpg?fit=500%2C348&ssl=1",500,348,true],"1536x1536":["https:\/\/i0.wp.com\/joyana.fr\/wp-content\/uploads\/old\/bouroullec_cite_radieuse_marseille.jpg?fit=500%2C348&ssl=1",500,348,true],"2048x2048":["https:\/\/i0.wp.com\/joyana.fr\/wp-content\/uploads\/old\/bouroullec_cite_radieuse_marseille.jpg?fit=500%2C348&ssl=1",500,348,true],"featured-thumb":["https:\/\/i0.wp.com\/joyana.fr\/wp-content\/uploads\/old\/bouroullec_cite_radieuse_marseille.jpg?resize=500%2C348&ssl=1",500,348,true],"ab-block-post-grid-landscape":["https:\/\/i0.wp.com\/joyana.fr\/wp-content\/uploads\/old\/bouroullec_cite_radieuse_marseille.jpg?resize=500%2C348&ssl=1",500,348,true],"ab-block-post-grid-square":["https:\/\/i0.wp.com\/joyana.fr\/wp-content\/uploads\/old\/bouroullec_cite_radieuse_marseille.jpg?resize=500%2C348&ssl=1",500,348,true],"author-pro-image":["https:\/\/i0.wp.com\/joyana.fr\/wp-content\/uploads\/old\/bouroullec_cite_radieuse_marseille.jpg?resize=360%2C348&ssl=1",360,348,true],"slider":["https:\/\/i0.wp.com\/joyana.fr\/wp-content\/uploads\/old\/bouroullec_cite_radieuse_marseille.jpg?resize=500%2C348&ssl=1",500,348,true],"woocommerce_thumbnail":["https:\/\/i0.wp.com\/joyana.fr\/wp-content\/uploads\/old\/bouroullec_cite_radieuse_marseille.jpg?resize=450%2C348&ssl=1",450,348,true],"woocommerce_single":["https:\/\/i0.wp.com\/joyana.fr\/wp-content\/uploads\/old\/bouroullec_cite_radieuse_marseille.jpg?fit=500%2C348&ssl=1",500,348,true],"woocommerce_gallery_thumbnail":["https:\/\/i0.wp.com\/joyana.fr\/wp-content\/uploads\/old\/bouroullec_cite_radieuse_marseille.jpg?resize=180%2C180&ssl=1",180,180,true],"sow-carousel-default":["https:\/\/i0.wp.com\/joyana.fr\/wp-content\/uploads\/old\/bouroullec_cite_radieuse_marseille.jpg?resize=272%2C182&ssl=1",272,182,true]},"post_excerpt_stackable":"<p>Les fr\u00e8res Bouroullec posent leurs cr\u00e9ations \u00e0 la Cit\u00e9 Radieuse du Corbusier \u00e0 Marseille, dont ils r&hellip;<\/p>\n","category_list":"<a href=\"https:\/\/joyana.fr\/ja\/category\/deco-design\/actualite\/actualite-deco-design\/\" rel=\"category tag\">Actualit\u00e9 D\u00e9co-Design<\/a>, <a href=\"https:\/\/joyana.fr\/ja\/category\/deco-design\/\" rel=\"category tag\">DECO-DESIGN<\/a>, <a href=\"https:\/\/joyana.fr\/ja\/category\/marques\/kvadrat\/\" rel=\"category tag\">Kvadrat<\/a>, <a href=\"https:\/\/joyana.fr\/ja\/category\/deco-design\/designer\/le-corbusier\/\" rel=\"category tag\">Le Corbusier<\/a>, <a href=\"https:\/\/joyana.fr\/ja\/category\/deco-design\/architecture-deco-design\/lieux-design\/\" rel=\"category tag\">Lieux<\/a>, <a href=\"https:\/\/joyana.fr\/ja\/category\/deco-design\/designer\/ronan-erwan-bouroullec\/\" rel=\"category tag\">Ronan &amp; Erwan BOUROULLEC<\/a>","author_info":{"display_name":"Jo Yana","author_link":"https:\/\/joyana.fr\/ja\/author\/joyana\/"},"comments_num":"28 comments","featured_image_urls_v2":{"full":["https:\/\/i0.wp.com\/joyana.fr\/wp-content\/uploads\/old\/bouroullec_cite_radieuse_marseille.jpg?fit=500%2C348&ssl=1",500,348,false],"thumbnail":["https:\/\/i0.wp.com\/joyana.fr\/wp-content\/uploads\/old\/bouroullec_cite_radieuse_marseille.jpg?resize=150%2C150&ssl=1",150,150,true],"medium":["https:\/\/i0.wp.com\/joyana.fr\/wp-content\/uploads\/old\/bouroullec_cite_radieuse_marseille.jpg?fit=389%2C271&ssl=1",389,271,true],"medium_large":["https:\/\/i0.wp.com\/joyana.fr\/wp-content\/uploads\/old\/bouroullec_cite_radieuse_marseille.jpg?fit=500%2C348&ssl=1",500,348,true],"large":["https:\/\/i0.wp.com\/joyana.fr\/wp-content\/uploads\/old\/bouroullec_cite_radieuse_marseille.jpg?fit=500%2C348&ssl=1",500,348,true],"1536x1536":["https:\/\/i0.wp.com\/joyana.fr\/wp-content\/uploads\/old\/bouroullec_cite_radieuse_marseille.jpg?fit=500%2C348&ssl=1",500,348,true],"2048x2048":["https:\/\/i0.wp.com\/joyana.fr\/wp-content\/uploads\/old\/bouroullec_cite_radieuse_marseille.jpg?fit=500%2C348&ssl=1",500,348,true],"featured-thumb":["https:\/\/i0.wp.com\/joyana.fr\/wp-content\/uploads\/old\/bouroullec_cite_radieuse_marseille.jpg?resize=500%2C348&ssl=1",500,348,true],"ab-block-post-grid-landscape":["https:\/\/i0.wp.com\/joyana.fr\/wp-content\/uploads\/old\/bouroullec_cite_radieuse_marseille.jpg?resize=500%2C348&ssl=1",500,348,true],"ab-block-post-grid-square":["https:\/\/i0.wp.com\/joyana.fr\/wp-content\/uploads\/old\/bouroullec_cite_radieuse_marseille.jpg?resize=500%2C348&ssl=1",500,348,true],"author-pro-image":["https:\/\/i0.wp.com\/joyana.fr\/wp-content\/uploads\/old\/bouroullec_cite_radieuse_marseille.jpg?resize=360%2C348&ssl=1",360,348,true],"slider":["https:\/\/i0.wp.com\/joyana.fr\/wp-content\/uploads\/old\/bouroullec_cite_radieuse_marseille.jpg?resize=500%2C348&ssl=1",500,348,true],"woocommerce_thumbnail":["https:\/\/i0.wp.com\/joyana.fr\/wp-content\/uploads\/old\/bouroullec_cite_radieuse_marseille.jpg?resize=450%2C348&ssl=1",450,348,true],"woocommerce_single":["https:\/\/i0.wp.com\/joyana.fr\/wp-content\/uploads\/old\/bouroullec_cite_radieuse_marseille.jpg?fit=500%2C348&ssl=1",500,348,true],"woocommerce_gallery_thumbnail":["https:\/\/i0.wp.com\/joyana.fr\/wp-content\/uploads\/old\/bouroullec_cite_radieuse_marseille.jpg?resize=180%2C180&ssl=1",180,180,true],"sow-carousel-default":["https:\/\/i0.wp.com\/joyana.fr\/wp-content\/uploads\/old\/bouroullec_cite_radieuse_marseille.jpg?resize=272%2C182&ssl=1",272,182,true]},"post_excerpt_stackable_v2":"<p>Les fr\u00e8res Bouroullec posent leurs cr\u00e9ations \u00e0 la Cit\u00e9 Radieuse du Corbusier \u00e0 Marseille, dont ils r&hellip;<\/p>\n","category_list_v2":"<a href=\"https:\/\/joyana.fr\/ja\/category\/deco-design\/actualite\/actualite-deco-design\/\" rel=\"category tag\">Actualit\u00e9 D\u00e9co-Design<\/a>, <a href=\"https:\/\/joyana.fr\/ja\/category\/deco-design\/\" rel=\"category tag\">DECO-DESIGN<\/a>, <a href=\"https:\/\/joyana.fr\/ja\/category\/marques\/kvadrat\/\" rel=\"category tag\">Kvadrat<\/a>, <a href=\"https:\/\/joyana.fr\/ja\/category\/deco-design\/designer\/le-corbusier\/\" rel=\"category tag\">Le Corbusier<\/a>, <a href=\"https:\/\/joyana.fr\/ja\/category\/deco-design\/architecture-deco-design\/lieux-design\/\" rel=\"category tag\">Lieux<\/a>, <a href=\"https:\/\/joyana.fr\/ja\/category\/deco-design\/designer\/ronan-erwan-bouroullec\/\" rel=\"category tag\">Ronan &amp; Erwan BOUROULLEC<\/a>","author_info_v2":{"name":"Jo Yana","url":"https:\/\/joyana.fr\/ja\/author\/joyana\/"},"comments_num_v2":"28 comments","yoast_head":"<!-- This site is optimized with the Yoast SEO plugin v26.8 - https:\/\/yoast.com\/product\/yoast-seo-wordpress\/ -->\n<title>R&amp;E BOUROULLEC \u00e0 la Cit\u00e9 Radieuse de Marseille - JO YANA<\/title>\n<meta name=\"robots\" content=\"index, follow, max-snippet:-1, max-image-preview:large, max-video-preview:-1\" \/>\n<link rel=\"canonical\" href=\"https:\/\/www.joyana.fr\/en\/re-bouroullec-a-la-cite-radieuse-de-marseille\/103771\/\" \/>\n<meta property=\"og:locale\" content=\"ja_JP\" \/>\n<meta property=\"og:locale:alternate\" content=\"fr_FR\" \/>\n<meta property=\"og:locale:alternate\" content=\"en_US\" \/>\n<meta property=\"og:type\" content=\"article\" \/>\n<meta property=\"og:title\" content=\"R&amp;E BOUROULLEC \u00e0 la Cit\u00e9 Radieuse de Marseille - JO YANA\" \/>\n<meta property=\"og:description\" content=\"Les fr\u00e8res Bouroullec posent leurs cr\u00e9ations \u00e0 la Cit\u00e9 Radieuse du Corbusier \u00e0 Marseille, dont ils r\u00e9am\u00e9nagent [&hellip;]\" \/>\n<meta property=\"og:url\" content=\"https:\/\/joyana.fr\/ja\/re-bouroullec-a-la-cite-radieuse-de-marseille\/103771\/\" \/>\n<meta property=\"og:site_name\" content=\"JO YANA\" \/>\n<meta property=\"article:published_time\" content=\"2010-06-10T06:19:52+00:00\" \/>\n<meta property=\"og:image\" content=\"https:\/\/www.joyana.fr\/wp-content\/uploads\/old\/bouroullec_cite_radieuse_marseille.jpg\" \/>\n\t<meta property=\"og:image:width\" content=\"500\" \/>\n\t<meta property=\"og:image:height\" content=\"348\" \/>\n\t<meta property=\"og:image:type\" content=\"image\/jpeg\" \/>\n<meta name=\"author\" content=\"Jo Yana\" \/>\n<meta name=\"twitter:card\" content=\"summary_large_image\" \/>\n<meta name=\"twitter:creator\" content=\"@Jo_Yana\" \/>\n<meta name=\"twitter:site\" content=\"@Jo_Yana\" \/>\n<meta name=\"twitter:label1\" content=\"\u57f7\u7b46\u8005\" \/>\n\t<meta name=\"twitter:data1\" content=\"Jo Yana\" \/>\n\t<meta name=\"twitter:label2\" content=\"\u63a8\u5b9a\u8aad\u307f\u53d6\u308a\u6642\u9593\" \/>\n\t<meta name=\"twitter:data2\" content=\"1\u5206\" \/>\n<script type=\"application\/ld+json\" class=\"yoast-schema-graph\">{\"@context\":\"https:\/\/schema.org\",\"@graph\":[{\"@type\":\"Article\",\"@id\":\"https:\/\/www.joyana.fr\/en\/re-bouroullec-a-la-cite-radieuse-de-marseille\/103771\/#article\",\"isPartOf\":{\"@id\":\"https:\/\/www.joyana.fr\/en\/re-bouroullec-a-la-cite-radieuse-de-marseille\/103771\/\"},\"author\":{\"name\":\"Jo Yana\",\"@id\":\"https:\/\/www.joyana.fr\/ja\/#\/schema\/person\/cf2a1ad12a27c12c21801075bf37407c\"},\"headline\":\"R&#038;E BOUROULLEC \u00e0 la Cit\u00e9 Radieuse de Marseille\",\"datePublished\":\"2010-06-10T06:19:52+00:00\",\"mainEntityOfPage\":{\"@id\":\"https:\/\/www.joyana.fr\/en\/re-bouroullec-a-la-cite-radieuse-de-marseille\/103771\/\"},\"wordCount\":296,\"commentCount\":0,\"publisher\":{\"@id\":\"https:\/\/www.joyana.fr\/ja\/#\/schema\/person\/cf2a1ad12a27c12c21801075bf37407c\"},\"image\":{\"@id\":\"https:\/\/www.joyana.fr\/en\/re-bouroullec-a-la-cite-radieuse-de-marseille\/103771\/#primaryimage\"},\"thumbnailUrl\":\"https:\/\/i0.wp.com\/joyana.fr\/wp-content\/uploads\/old\/bouroullec_cite_radieuse_marseille.jpg?fit=500%2C348&ssl=1\",\"keywords\":[\"Ev\u00e8nements\",\"Marseille\"],\"articleSection\":[\"Actualit\u00e9 D\u00e9co-Design\",\"DECO-DESIGN\",\"Kvadrat\",\"Le Corbusier\",\"Lieux\",\"Ronan &amp; Erwan BOUROULLEC\"],\"inLanguage\":\"ja\",\"potentialAction\":[{\"@type\":\"CommentAction\",\"name\":\"Comment\",\"target\":[\"https:\/\/www.joyana.fr\/en\/re-bouroullec-a-la-cite-radieuse-de-marseille\/103771\/#respond\"]}]},{\"@type\":\"WebPage\",\"@id\":\"https:\/\/www.joyana.fr\/en\/re-bouroullec-a-la-cite-radieuse-de-marseille\/103771\/\",\"url\":\"https:\/\/www.joyana.fr\/en\/re-bouroullec-a-la-cite-radieuse-de-marseille\/103771\/\",\"name\":\"R&E BOUROULLEC \u00e0 la Cit\u00e9 Radieuse de Marseille - JO YANA\",\"isPartOf\":{\"@id\":\"https:\/\/www.joyana.fr\/ja\/#website\"},\"primaryImageOfPage\":{\"@id\":\"https:\/\/www.joyana.fr\/en\/re-bouroullec-a-la-cite-radieuse-de-marseille\/103771\/#primaryimage\"},\"image\":{\"@id\":\"https:\/\/www.joyana.fr\/en\/re-bouroullec-a-la-cite-radieuse-de-marseille\/103771\/#primaryimage\"},\"thumbnailUrl\":\"https:\/\/i0.wp.com\/joyana.fr\/wp-content\/uploads\/old\/bouroullec_cite_radieuse_marseille.jpg?fit=500%2C348&ssl=1\",\"datePublished\":\"2010-06-10T06:19:52+00:00\",\"breadcrumb\":{\"@id\":\"https:\/\/www.joyana.fr\/en\/re-bouroullec-a-la-cite-radieuse-de-marseille\/103771\/#breadcrumb\"},\"inLanguage\":\"ja\",\"potentialAction\":[{\"@type\":\"ReadAction\",\"target\":[\"https:\/\/www.joyana.fr\/en\/re-bouroullec-a-la-cite-radieuse-de-marseille\/103771\/\"]}]},{\"@type\":\"ImageObject\",\"inLanguage\":\"ja\",\"@id\":\"https:\/\/www.joyana.fr\/en\/re-bouroullec-a-la-cite-radieuse-de-marseille\/103771\/#primaryimage\",\"url\":\"https:\/\/i0.wp.com\/joyana.fr\/wp-content\/uploads\/old\/bouroullec_cite_radieuse_marseille.jpg?fit=500%2C348&ssl=1\",\"contentUrl\":\"https:\/\/i0.wp.com\/joyana.fr\/wp-content\/uploads\/old\/bouroullec_cite_radieuse_marseille.jpg?fit=500%2C348&ssl=1\",\"width\":500,\"height\":348},{\"@type\":\"BreadcrumbList\",\"@id\":\"https:\/\/www.joyana.fr\/en\/re-bouroullec-a-la-cite-radieuse-de-marseille\/103771\/#breadcrumb\",\"itemListElement\":[{\"@type\":\"ListItem\",\"position\":1,\"name\":\"Accueil\",\"item\":\"https:\/\/www.joyana.fr\/ja\/\"},{\"@type\":\"ListItem\",\"position\":2,\"name\":\"R&#038;E BOUROULLEC \u00e0 la Cit\u00e9 Radieuse de Marseille\"}]},{\"@type\":\"WebSite\",\"@id\":\"https:\/\/www.joyana.fr\/ja\/#website\",\"url\":\"https:\/\/www.joyana.fr\/ja\/\",\"name\":\"JO YANA\",\"description\":\"Blog Mode Homme, Lifestyle, D\u00e9co-Design\",\"publisher\":{\"@id\":\"https:\/\/www.joyana.fr\/ja\/#\/schema\/person\/cf2a1ad12a27c12c21801075bf37407c\"},\"potentialAction\":[{\"@type\":\"SearchAction\",\"target\":{\"@type\":\"EntryPoint\",\"urlTemplate\":\"https:\/\/www.joyana.fr\/ja\/?s={search_term_string}\"},\"query-input\":{\"@type\":\"PropertyValueSpecification\",\"valueRequired\":true,\"valueName\":\"search_term_string\"}}],\"inLanguage\":\"ja\"},{\"@type\":[\"Person\",\"Organization\"],\"@id\":\"https:\/\/www.joyana.fr\/ja\/#\/schema\/person\/cf2a1ad12a27c12c21801075bf37407c\",\"name\":\"Jo Yana\",\"image\":{\"@type\":\"ImageObject\",\"inLanguage\":\"ja\",\"@id\":\"https:\/\/www.joyana.fr\/ja\/#\/schema\/person\/image\/\",\"url\":\"https:\/\/i0.wp.com\/joyana.fr\/wp-content\/uploads\/2016\/08\/cropped-joyana-logo-black-360x180.png?fit=343%2C164&ssl=1\",\"contentUrl\":\"https:\/\/i0.wp.com\/joyana.fr\/wp-content\/uploads\/2016\/08\/cropped-joyana-logo-black-360x180.png?fit=343%2C164&ssl=1\",\"width\":343,\"height\":164,\"caption\":\"Jo Yana\"},\"logo\":{\"@id\":\"https:\/\/www.joyana.fr\/ja\/#\/schema\/person\/image\/\"},\"description\":\"Jo Yana est le cr\u00e9ateur et r\u00e9dacteur en chef des sites DECO-DESIGN. Passionn\u00e9 de Design, Mode, Photo, Luxe, Lifestyle, Musique, mais avant tout Blogueur ! Le plaisir de partager l'anime et a comme devise \\\"POUR L'AMOUR DU BEAU\\\". Retrouvez le aussi sur son blog personnel - https:\/\/joyana.fr...\",\"sameAs\":[\"https:\/\/joyana.fr\/\"],\"url\":\"https:\/\/joyana.fr\/ja\/author\/joyana\/\"}]}<\/script>\n<!-- \/ Yoast SEO plugin. -->","yoast_head_json":{"title":"R&E BOUROULLEC \u00e0 la Cit\u00e9 Radieuse de Marseille - JO YANA","robots":{"index":"index","follow":"follow","max-snippet":"max-snippet:-1","max-image-preview":"max-image-preview:large","max-video-preview":"max-video-preview:-1"},"canonical":"https:\/\/www.joyana.fr\/en\/re-bouroullec-a-la-cite-radieuse-de-marseille\/103771\/","og_locale":"ja_JP","og_type":"article","og_title":"R&E BOUROULLEC \u00e0 la Cit\u00e9 Radieuse de Marseille - JO YANA","og_description":"Les fr\u00e8res Bouroullec posent leurs cr\u00e9ations \u00e0 la Cit\u00e9 Radieuse du Corbusier \u00e0 Marseille, dont ils r\u00e9am\u00e9nagent [&hellip;]","og_url":"https:\/\/joyana.fr\/ja\/re-bouroullec-a-la-cite-radieuse-de-marseille\/103771\/","og_site_name":"JO YANA","article_published_time":"2010-06-10T06:19:52+00:00","og_image":[{"width":500,"height":348,"url":"https:\/\/www.joyana.fr\/wp-content\/uploads\/old\/bouroullec_cite_radieuse_marseille.jpg","type":"image\/jpeg"}],"author":"Jo Yana","twitter_card":"summary_large_image","twitter_creator":"@Jo_Yana","twitter_site":"@Jo_Yana","twitter_misc":{"\u57f7\u7b46\u8005":"Jo Yana","\u63a8\u5b9a\u8aad\u307f\u53d6\u308a\u6642\u9593":"1\u5206"},"schema":{"@context":"https:\/\/schema.org","@graph":[{"@type":"Article","@id":"https:\/\/www.joyana.fr\/en\/re-bouroullec-a-la-cite-radieuse-de-marseille\/103771\/#article","isPartOf":{"@id":"https:\/\/www.joyana.fr\/en\/re-bouroullec-a-la-cite-radieuse-de-marseille\/103771\/"},"author":{"name":"Jo Yana","@id":"https:\/\/www.joyana.fr\/ja\/#\/schema\/person\/cf2a1ad12a27c12c21801075bf37407c"},"headline":"R&#038;E BOUROULLEC \u00e0 la Cit\u00e9 Radieuse de Marseille","datePublished":"2010-06-10T06:19:52+00:00","mainEntityOfPage":{"@id":"https:\/\/www.joyana.fr\/en\/re-bouroullec-a-la-cite-radieuse-de-marseille\/103771\/"},"wordCount":296,"commentCount":0,"publisher":{"@id":"https:\/\/www.joyana.fr\/ja\/#\/schema\/person\/cf2a1ad12a27c12c21801075bf37407c"},"image":{"@id":"https:\/\/www.joyana.fr\/en\/re-bouroullec-a-la-cite-radieuse-de-marseille\/103771\/#primaryimage"},"thumbnailUrl":"https:\/\/i0.wp.com\/joyana.fr\/wp-content\/uploads\/old\/bouroullec_cite_radieuse_marseille.jpg?fit=500%2C348&ssl=1","keywords":["Ev\u00e8nements","Marseille"],"articleSection":["Actualit\u00e9 D\u00e9co-Design","DECO-DESIGN","Kvadrat","Le Corbusier","Lieux","Ronan &amp; Erwan BOUROULLEC"],"inLanguage":"ja","potentialAction":[{"@type":"CommentAction","name":"Comment","target":["https:\/\/www.joyana.fr\/en\/re-bouroullec-a-la-cite-radieuse-de-marseille\/103771\/#respond"]}]},{"@type":"WebPage","@id":"https:\/\/www.joyana.fr\/en\/re-bouroullec-a-la-cite-radieuse-de-marseille\/103771\/","url":"https:\/\/www.joyana.fr\/en\/re-bouroullec-a-la-cite-radieuse-de-marseille\/103771\/","name":"R&E BOUROULLEC \u00e0 la Cit\u00e9 Radieuse de Marseille - JO YANA","isPartOf":{"@id":"https:\/\/www.joyana.fr\/ja\/#website"},"primaryImageOfPage":{"@id":"https:\/\/www.joyana.fr\/en\/re-bouroullec-a-la-cite-radieuse-de-marseille\/103771\/#primaryimage"},"image":{"@id":"https:\/\/www.joyana.fr\/en\/re-bouroullec-a-la-cite-radieuse-de-marseille\/103771\/#primaryimage"},"thumbnailUrl":"https:\/\/i0.wp.com\/joyana.fr\/wp-content\/uploads\/old\/bouroullec_cite_radieuse_marseille.jpg?fit=500%2C348&ssl=1","datePublished":"2010-06-10T06:19:52+00:00","breadcrumb":{"@id":"https:\/\/www.joyana.fr\/en\/re-bouroullec-a-la-cite-radieuse-de-marseille\/103771\/#breadcrumb"},"inLanguage":"ja","potentialAction":[{"@type":"ReadAction","target":["https:\/\/www.joyana.fr\/en\/re-bouroullec-a-la-cite-radieuse-de-marseille\/103771\/"]}]},{"@type":"ImageObject","inLanguage":"ja","@id":"https:\/\/www.joyana.fr\/en\/re-bouroullec-a-la-cite-radieuse-de-marseille\/103771\/#primaryimage","url":"https:\/\/i0.wp.com\/joyana.fr\/wp-content\/uploads\/old\/bouroullec_cite_radieuse_marseille.jpg?fit=500%2C348&ssl=1","contentUrl":"https:\/\/i0.wp.com\/joyana.fr\/wp-content\/uploads\/old\/bouroullec_cite_radieuse_marseille.jpg?fit=500%2C348&ssl=1","width":500,"height":348},{"@type":"BreadcrumbList","@id":"https:\/\/www.joyana.fr\/en\/re-bouroullec-a-la-cite-radieuse-de-marseille\/103771\/#breadcrumb","itemListElement":[{"@type":"ListItem","position":1,"name":"Accueil","item":"https:\/\/www.joyana.fr\/ja\/"},{"@type":"ListItem","position":2,"name":"R&#038;E BOUROULLEC \u00e0 la Cit\u00e9 Radieuse de Marseille"}]},{"@type":"WebSite","@id":"https:\/\/www.joyana.fr\/ja\/#website","url":"https:\/\/www.joyana.fr\/ja\/","name":"JO YANA","description":"Blog Mode Homme, Lifestyle, D\u00e9co-Design","publisher":{"@id":"https:\/\/www.joyana.fr\/ja\/#\/schema\/person\/cf2a1ad12a27c12c21801075bf37407c"},"potentialAction":[{"@type":"SearchAction","target":{"@type":"EntryPoint","urlTemplate":"https:\/\/www.joyana.fr\/ja\/?s={search_term_string}"},"query-input":{"@type":"PropertyValueSpecification","valueRequired":true,"valueName":"search_term_string"}}],"inLanguage":"ja"},{"@type":["Person","Organization"],"@id":"https:\/\/www.joyana.fr\/ja\/#\/schema\/person\/cf2a1ad12a27c12c21801075bf37407c","name":"Jo Yana","image":{"@type":"ImageObject","inLanguage":"ja","@id":"https:\/\/www.joyana.fr\/ja\/#\/schema\/person\/image\/","url":"https:\/\/i0.wp.com\/joyana.fr\/wp-content\/uploads\/2016\/08\/cropped-joyana-logo-black-360x180.png?fit=343%2C164&ssl=1","contentUrl":"https:\/\/i0.wp.com\/joyana.fr\/wp-content\/uploads\/2016\/08\/cropped-joyana-logo-black-360x180.png?fit=343%2C164&ssl=1","width":343,"height":164,"caption":"Jo Yana"},"logo":{"@id":"https:\/\/www.joyana.fr\/ja\/#\/schema\/person\/image\/"},"description":"Jo Yana est le cr\u00e9ateur et r\u00e9dacteur en chef des sites DECO-DESIGN. Passionn\u00e9 de Design, Mode, Photo, Luxe, Lifestyle, Musique, mais avant tout Blogueur ! Le plaisir de partager l'anime et a comme devise \"POUR L'AMOUR DU BEAU\". Retrouvez le aussi sur son blog personnel - https:\/\/joyana.fr...","sameAs":["https:\/\/joyana.fr\/"],"url":"https:\/\/joyana.fr\/ja\/author\/joyana\/"}]}},"author_meta":{"display_name":"Jo Yana","author_link":"https:\/\/joyana.fr\/ja\/author\/joyana\/"},"featured_img":"https:\/\/i0.wp.com\/joyana.fr\/wp-content\/uploads\/old\/bouroullec_cite_radieuse_marseille.jpg?fit=389%2C271&ssl=1","featured_image_src":"https:\/\/i0.wp.com\/joyana.fr\/wp-content\/uploads\/old\/bouroullec_cite_radieuse_marseille.jpg?resize=500%2C348&ssl=1","featured_image_src_square":"https:\/\/i0.wp.com\/joyana.fr\/wp-content\/uploads\/old\/bouroullec_cite_radieuse_marseille.jpg?resize=500%2C348&ssl=1","jetpack_featured_media_url":"https:\/\/i0.wp.com\/joyana.fr\/wp-content\/uploads\/old\/bouroullec_cite_radieuse_marseille.jpg?fit=500%2C348&ssl=1","uagb_featured_image_src":{"full":["https:\/\/i0.wp.com\/joyana.fr\/wp-content\/uploads\/old\/bouroullec_cite_radieuse_marseille.jpg?fit=500%2C348&ssl=1",500,348,false],"thumbnail":["https:\/\/i0.wp.com\/joyana.fr\/wp-content\/uploads\/old\/bouroullec_cite_radieuse_marseille.jpg?resize=150%2C150&ssl=1",150,150,true],"medium":["https:\/\/i0.wp.com\/joyana.fr\/wp-content\/uploads\/old\/bouroullec_cite_radieuse_marseille.jpg?fit=389%2C271&ssl=1",389,271,true],"medium_large":["https:\/\/i0.wp.com\/joyana.fr\/wp-content\/uploads\/old\/bouroullec_cite_radieuse_marseille.jpg?fit=500%2C348&ssl=1",500,348,true],"large":["https:\/\/i0.wp.com\/joyana.fr\/wp-content\/uploads\/old\/bouroullec_cite_radieuse_marseille.jpg?fit=500%2C348&ssl=1",500,348,true],"1536x1536":["https:\/\/i0.wp.com\/joyana.fr\/wp-content\/uploads\/old\/bouroullec_cite_radieuse_marseille.jpg?fit=500%2C348&ssl=1",500,348,true],"2048x2048":["https:\/\/i0.wp.com\/joyana.fr\/wp-content\/uploads\/old\/bouroullec_cite_radieuse_marseille.jpg?fit=500%2C348&ssl=1",500,348,true],"featured-thumb":["https:\/\/i0.wp.com\/joyana.fr\/wp-content\/uploads\/old\/bouroullec_cite_radieuse_marseille.jpg?resize=500%2C348&ssl=1",500,348,true],"ab-block-post-grid-landscape":["https:\/\/i0.wp.com\/joyana.fr\/wp-content\/uploads\/old\/bouroullec_cite_radieuse_marseille.jpg?resize=500%2C348&ssl=1",500,348,true],"ab-block-post-grid-square":["https:\/\/i0.wp.com\/joyana.fr\/wp-content\/uploads\/old\/bouroullec_cite_radieuse_marseille.jpg?resize=500%2C348&ssl=1",500,348,true],"author-pro-image":["https:\/\/i0.wp.com\/joyana.fr\/wp-content\/uploads\/old\/bouroullec_cite_radieuse_marseille.jpg?resize=360%2C348&ssl=1",360,348,true],"slider":["https:\/\/i0.wp.com\/joyana.fr\/wp-content\/uploads\/old\/bouroullec_cite_radieuse_marseille.jpg?resize=500%2C348&ssl=1",500,348,true],"woocommerce_thumbnail":["https:\/\/i0.wp.com\/joyana.fr\/wp-content\/uploads\/old\/bouroullec_cite_radieuse_marseille.jpg?resize=450%2C348&ssl=1",450,348,true],"woocommerce_single":["https:\/\/i0.wp.com\/joyana.fr\/wp-content\/uploads\/old\/bouroullec_cite_radieuse_marseille.jpg?fit=500%2C348&ssl=1",500,348,true],"woocommerce_gallery_thumbnail":["https:\/\/i0.wp.com\/joyana.fr\/wp-content\/uploads\/old\/bouroullec_cite_radieuse_marseille.jpg?resize=180%2C180&ssl=1",180,180,true],"sow-carousel-default":["https:\/\/i0.wp.com\/joyana.fr\/wp-content\/uploads\/old\/bouroullec_cite_radieuse_marseille.jpg?resize=272%2C182&ssl=1",272,182,true]},"uagb_author_info":{"display_name":"Jo Yana","author_link":"https:\/\/joyana.fr\/ja\/author\/joyana\/"},"uagb_comment_info":28,"uagb_excerpt":"Les fr\u00e8res Bouroullec posent leurs cr\u00e9ations \u00e0 la Cit\u00e9 &hellip;","coauthors":[],"tax_additional":{"categories":{"linked":["<a href=\"https:\/\/joyana.fr\/ja\/category\/deco-design\/actualite\/actualite-deco-design\/\" class=\"advgb-post-tax-term\">Actualit\u00e9 D\u00e9co-Design<\/a>","<a href=\"https:\/\/joyana.fr\/ja\/category\/deco-design\/\" class=\"advgb-post-tax-term\">DECO-DESIGN<\/a>","<a href=\"https:\/\/joyana.fr\/ja\/category\/marques\/kvadrat\/\" class=\"advgb-post-tax-term\">Kvadrat<\/a>","<a href=\"https:\/\/joyana.fr\/ja\/category\/deco-design\/designer\/le-corbusier\/\" class=\"advgb-post-tax-term\">Le Corbusier<\/a>","<a href=\"https:\/\/joyana.fr\/ja\/category\/deco-design\/architecture-deco-design\/lieux-design\/\" class=\"advgb-post-tax-term\">Lieux<\/a>","<a href=\"https:\/\/joyana.fr\/ja\/category\/deco-design\/designer\/ronan-erwan-bouroullec\/\" class=\"advgb-post-tax-term\">Ronan &amp; Erwan BOUROULLEC<\/a>"],"unlinked":["<span class=\"advgb-post-tax-term\">Actualit\u00e9 D\u00e9co-Design<\/span>","<span class=\"advgb-post-tax-term\">DECO-DESIGN<\/span>","<span class=\"advgb-post-tax-term\">Kvadrat<\/span>","<span class=\"advgb-post-tax-term\">Le Corbusier<\/span>","<span class=\"advgb-post-tax-term\">Lieux<\/span>","<span class=\"advgb-post-tax-term\">Ronan &amp; Erwan BOUROULLEC<\/span>"]},"tags":{"linked":["<a href=\"https:\/\/joyana.fr\/ja\/category\/deco-design\/designer\/ronan-erwan-bouroullec\/\" class=\"advgb-post-tax-term\">Ev\u00e8nements<\/a>","<a href=\"https:\/\/joyana.fr\/ja\/category\/deco-design\/designer\/ronan-erwan-bouroullec\/\" class=\"advgb-post-tax-term\">Marseille<\/a>"],"unlinked":["<span class=\"advgb-post-tax-term\">Ev\u00e8nements<\/span>","<span class=\"advgb-post-tax-term\">Marseille<\/span>"]}},"comment_count":28,"relative_dates":{"created":"Posted 16\u5e74 ago","modified":"Updated 16\u5e74 ago"},"absolute_dates":{"created":"Posted on 10 6\u6708 2010","modified":"Updated on 10 6\u6708 2010"},"absolute_dates_time":{"created":"Posted on 10 6\u6708 2010 7:19","modified":"Updated on 10 6\u6708 2010 7:19"},"featured_img_caption":"","series_order":"","jetpack_sharing_enabled":true,"jetpack_shortlink":"https:\/\/wp.me\/p9bteI-qZJ","jetpack-related-posts":[],"_links":{"self":[{"href":"https:\/\/joyana.fr\/ja\/wp-json\/wp\/v2\/posts\/103771","targetHints":{"allow":["GET"]}}],"collection":[{"href":"https:\/\/joyana.fr\/ja\/wp-json\/wp\/v2\/posts"}],"about":[{"href":"https:\/\/joyana.fr\/ja\/wp-json\/wp\/v2\/types\/post"}],"author":[{"embeddable":true,"href":"https:\/\/joyana.fr\/ja\/wp-json\/wp\/v2\/users\/3"}],"replies":[{"embeddable":true,"href":"https:\/\/joyana.fr\/ja\/wp-json\/wp\/v2\/comments?post=103771"}],"version-history":[{"count":0,"href":"https:\/\/joyana.fr\/ja\/wp-json\/wp\/v2\/posts\/103771\/revisions"}],"wp:featuredmedia":[{"embeddable":true,"href":"https:\/\/joyana.fr\/ja\/wp-json\/wp\/v2\/media\/103768"}],"wp:attachment":[{"href":"https:\/\/joyana.fr\/ja\/wp-json\/wp\/v2\/media?parent=103771"}],"wp:term":[{"taxonomy":"category","embeddable":true,"href":"https:\/\/joyana.fr\/ja\/wp-json\/wp\/v2\/categories?post=103771"},{"taxonomy":"post_tag","embeddable":true,"href":"https:\/\/joyana.fr\/ja\/wp-json\/wp\/v2\/tags?post=103771"}],"curies":[{"name":"wp","href":"https:\/\/api.w.org\/{rel}","templated":true}]}}