{"id":103778,"date":"2010-06-13T12:27:38","date_gmt":"2010-06-13T11:27:38","guid":{"rendered":"https:\/\/joyana.fr\/designers-days-2010-pleyel\/"},"modified":"2010-06-13T12:27:38","modified_gmt":"2010-06-13T11:27:38","slug":"designers-days-2010-pleyel","status":"publish","type":"post","link":"https:\/\/joyana.fr\/ja\/designers-days-2010-pleyel\/103778\/","title":{"rendered":"DESIGNER&#8217;S DAYS 2010 &#8211; Pleyel"},"content":{"rendered":"<p>Nous ouvrons le bal de ces <a title=\"DESIGNER'S DAYS 2010\" href=\"https:\/\/joyana.fr\/index.php?s=designer%27s+days+2010&#038;sbutt=Go\"><strong>Designer&#8217;s Days 2010<\/strong><\/a>, avec la visite du showroom <strong>Pleyel<\/strong> qui pr\u00e9sentait son dernier <strong>piano PARALLELE<\/strong> sign\u00e9 par <strong>Hilton McConnico<\/strong>, et ses premi\u00e8res pi\u00e8ces de mobilier&#8230;<\/p>\n<p><img data-recalc-dims=\"1\" decoding=\"async\" src=\"https:\/\/i0.wp.com\/joyana.fr\/wp-content\/uploads\/pleyel_home.jpg?ssl=1\" alt=\"DESIGNER\u2019S DAYS 2010 - Pleyel\" hspace=\"8\" align=\"top\" \/><\/p>\n<p>Co\u00efncidence heureuse, ou <strong>PARALLELE <\/strong>bien pens\u00e9, le 10\u00e8me <strong>piano Pleyel<\/strong> design a \u00e9t\u00e9 cr\u00e9\u00e9 par <strong>Hilton Mc Connico<\/strong> \u00e0 l\u2019occasion de la 10\u00e8me ann\u00e9e des <strong>Designer\u2019s Days<\/strong> !!!<\/p>\n<p>Une note suspendue orn\u00e9e de laques mates et brillantes, marron et turquoise ; ce <strong>piano<\/strong> intitul\u00e9 <strong>PARALLELE<\/strong> semble flotter dans l&#8217;espace &#8211; gr\u00e2ce \u00e0 ses pieds en altuglas &#8211; comme si il reposait uniquement sur sa lyre !!!<\/p>\n<p><img data-recalc-dims=\"1\" decoding=\"async\" src=\"https:\/\/i0.wp.com\/joyana.fr\/wp-content\/uploads\/pleyel_77.jpg?ssl=1\" alt=\"DESIGNER\u2019S DAYS 2010 - Pleyel\" hspace=\"8\" align=\"top\" \/><\/p>\n<p><img data-recalc-dims=\"1\" decoding=\"async\" src=\"https:\/\/i0.wp.com\/joyana.fr\/wp-content\/uploads\/pleyel_78.jpg?ssl=1\" alt=\"DESIGNER\u2019S DAYS 2010 - Pleyel\" hspace=\"8\" align=\"top\" \/><\/p>\n<p>Par\u00e9 d&#8217;un sublime turquoise &#8211; qui semble \u00eatre v\u00e9ritablement la <a title=\"couleur tendance de l'ann\u00e9e\" href=\"https:\/\/joyana.fr\/pantone-devoile-la-couleur-de-lannee-2010\/\">couleur tendance<\/a> de cette ann\u00e9e  !!!<\/p>\n<p><img data-recalc-dims=\"1\" decoding=\"async\" src=\"https:\/\/i0.wp.com\/joyana.fr\/wp-content\/uploads\/pleyel_2.jpg?ssl=1\" alt=\"DESIGNER\u2019S  DAYS 2010 - Pleyel\" hspace=\"8\" align=\"top\" \/><\/p>\n<p>10 ans de design chez <strong>Pleyel<\/strong>, 10 ans de modernit\u00e9, 10 ans de cr\u00e9ation, 10 ans d\u2019inspiration gr\u00e2ce \u00e0 de grands designers et ensembliers : Jacques-Emile Ruhlmann, Thibault Desombre, Aki Kuroda, Marco Del Re, Jean Cortot, Pleyel design, Andr\u00e9e Putman et maintenant Hilton McConnico &#8211; qui sc\u00e9narise ces 10 ann\u00e9es d&#8217;\u00e9merveillement au -1 su showroom&#8230;<\/p>\n<p><img data-recalc-dims=\"1\" decoding=\"async\" src=\"https:\/\/i0.wp.com\/joyana.fr\/wp-content\/uploads\/pleyel_45.jpg?ssl=1\" alt=\"DESIGNER\u2019S DAYS 2010 - Pleyel\" hspace=\"8\" align=\"top\" \/><\/p>\n<p><img data-recalc-dims=\"1\" decoding=\"async\" src=\"https:\/\/i0.wp.com\/joyana.fr\/wp-content\/uploads\/pleyel_38.jpg?ssl=1\" alt=\"DESIGNER\u2019S DAYS 2010 - Pleyel\" hspace=\"8\" align=\"top\" \/><\/p>\n<p><img data-recalc-dims=\"1\" decoding=\"async\" src=\"https:\/\/i0.wp.com\/joyana.fr\/wp-content\/uploads\/pleyel_47.jpg?ssl=1\" alt=\"DESIGNER\u2019S DAYS 2010 - Pleyel\" hspace=\"8\" align=\"top\" \/><\/p>\n<p>L&#8217;\u00e9quipe Deco-Design toujours aussi fan de ce piano <a title=\"VOIE LACTEE PLEYEL\" href=\"https:\/\/joyana.fr\/designers-days-2008-andree-putman-explore-la-voie-lactee-pour-pleyel\/\">VOIE LACTEE par Andr\u00e9e Putman<\/a>&#8230;<\/p>\n<p><img data-recalc-dims=\"1\" decoding=\"async\" src=\"https:\/\/i0.wp.com\/joyana.fr\/wp-content\/uploads\/pleyel_51.jpg?ssl=1\" alt=\"DESIGNER\u2019S DAYS 2010 - Pleyel\" hspace=\"8\" align=\"top\" \/><\/p>\n<p>Ev\u00e8nement chez <strong>Pleyel<\/strong>, le designer <strong>Hilton McConnico<\/strong> signe leurs premi\u00e8res pi\u00e8ces de mobilier, plus pr\u00e9cis\u00e9ment un fauteuil et un canap\u00e9 &#8211; qui profitent des savoir-faire rares de sa manufacture \u00e0 Saint-Denis. <strong>Pleyel<\/strong> rel\u00e8ve le d\u00e9fi d\u2019\u00e9diter et fabriquer en France des instruments d\u2019exception mais aussi du mobilier de haute facture !!!<\/p>\n<p><img data-recalc-dims=\"1\" decoding=\"async\" src=\"https:\/\/i0.wp.com\/joyana.fr\/wp-content\/uploads\/pleyel_28.jpg?ssl=1\" alt=\"DESIGNER\u2019S DAYS 2010 - Pleyel\" hspace=\"8\" align=\"top\" \/><\/p>\n<p>De superbes courbes, des finitions irr\u00e9prochables&#8230; <a title=\"BLOG DECO DESIGN\" href=\"https:\/\/joyana.fr\/\">Deco-Design<\/a> ne peut que saluer cette premi\u00e8re intrusion dans le milieu du meuble par Pleyel !!!<\/p>\n<p><img data-recalc-dims=\"1\" decoding=\"async\" src=\"https:\/\/i0.wp.com\/joyana.fr\/wp-content\/uploads\/pleyel_y1.jpg?ssl=1\" alt=\"DESIGNER\u2019S DAYS 2010 - Pleyel\" hspace=\"8\" align=\"top\" \/><\/p>\n<p>A noter aussi que ce Dimanche \u00e0 16h aura lieu une performance graphique sur la vitrine du<strong> showroom Pleyel<\/strong> par Gilbert Petit &#8211; un artiste influenc\u00e9 par la bande dessin\u00e9e, qui d\u00e9veloppe un style pictural narratif et figuratif&#8230;<\/p>\n<p>A NE PAS MANQUER !!!<\/p>\n<p><a title=\"BLOG PLEYEL\" href=\"http:\/\/blog.pleyel.fr\/\"><img data-recalc-dims=\"1\" decoding=\"async\" src=\"https:\/\/i0.wp.com\/joyana.fr\/wp-content\/uploads\/sponsor_pleyel.jpg?ssl=1\" alt=\"DESIGNER\u2019S DAYS 2010 - Pleyel\" hspace=\"8\" align=\"top\" \/><\/a><\/p>\n<p><em><strong>Les Pianos Pleyel<\/strong><br \/>\n252 bis, rue du Faubourg Saint-Honor\u00e9<br \/>\n75008 Paris (M\u00e9tro Ternes)<br \/>\n01 45 61 53 00<\/em><\/p>\n<p><strong><a title=\"PLEYEL\" href=\"http:\/\/www.pleyel.fr\/\">http:\/\/www.pleyel.fr\/ <\/a><\/strong><\/p>\n<p>\u2014\u2014\u2014\u2014<\/p>\n<p><a title=\"BLOG EVENEMENT\" href=\"https:\/\/joyana.fr\/\">Jo Yana <\/a><\/p>\n","protected":false},"excerpt":{"rendered":"<p>Nous ouvrons le bal de ces Designer&#8217;s Days 2010, avec la visite du showroom Pleyel qui pr\u00e9sentait son de [&hellip;]<\/p>\n","protected":false},"author":3,"featured_media":103777,"comment_status":"open","ping_status":"open","sticky":false,"template":"","format":"standard","meta":{"_coblocks_attr":"","_coblocks_dimensions":"","_coblocks_responsive_height":"","_coblocks_accordion_ie_support":"","_uag_custom_page_level_css":"","advgb_blocks_editor_width":"","advgb_blocks_columns_visual_guide":"","_genesis_hide_title":false,"_genesis_hide_breadcrumbs":false,"_genesis_hide_singular_image":false,"_genesis_hide_footer_widgets":false,"_genesis_custom_body_class":"","_genesis_custom_post_class":"","_genesis_layout":"","_themeisle_gutenberg_block_has_review":false,"_jetpack_newsletter_access":"","_jetpack_dont_email_post_to_subs":false,"_jetpack_newsletter_tier_id":0,"_jetpack_memberships_contains_paywalled_content":false,"_jetpack_memberships_contains_paid_content":false,"footnotes":""},"categories":[938,1005,905,1006],"tags":[538,914],"class_list":{"0":"post-103778","1":"post","2":"type-post","3":"status-publish","4":"format-standard","5":"has-post-thumbnail","7":"category-actualite-deco-design","8":"category-designers-days","9":"category-deco-design","10":"category-pleyel","11":"tag-evenement","12":"tag-showroom","13":"entry"},"featured_image_urls":{"full":["https:\/\/i0.wp.com\/joyana.fr\/wp-content\/uploads\/old\/pleyel_home.jpg?fit=500%2C350&ssl=1",500,350,false],"thumbnail":["https:\/\/i0.wp.com\/joyana.fr\/wp-content\/uploads\/old\/pleyel_home.jpg?resize=150%2C150&ssl=1",150,150,true],"medium":["https:\/\/i0.wp.com\/joyana.fr\/wp-content\/uploads\/old\/pleyel_home.jpg?fit=389%2C272&ssl=1",389,272,true],"medium_large":["https:\/\/i0.wp.com\/joyana.fr\/wp-content\/uploads\/old\/pleyel_home.jpg?fit=500%2C350&ssl=1",500,350,true],"large":["https:\/\/i0.wp.com\/joyana.fr\/wp-content\/uploads\/old\/pleyel_home.jpg?fit=500%2C350&ssl=1",500,350,true],"1536x1536":["https:\/\/i0.wp.com\/joyana.fr\/wp-content\/uploads\/old\/pleyel_home.jpg?fit=500%2C350&ssl=1",500,350,true],"2048x2048":["https:\/\/i0.wp.com\/joyana.fr\/wp-content\/uploads\/old\/pleyel_home.jpg?fit=500%2C350&ssl=1",500,350,true],"featured-thumb":["https:\/\/i0.wp.com\/joyana.fr\/wp-content\/uploads\/old\/pleyel_home.jpg?resize=500%2C350&ssl=1",500,350,true],"ab-block-post-grid-landscape":["https:\/\/i0.wp.com\/joyana.fr\/wp-content\/uploads\/old\/pleyel_home.jpg?resize=500%2C350&ssl=1",500,350,true],"ab-block-post-grid-square":["https:\/\/i0.wp.com\/joyana.fr\/wp-content\/uploads\/old\/pleyel_home.jpg?resize=500%2C350&ssl=1",500,350,true],"author-pro-image":["https:\/\/i0.wp.com\/joyana.fr\/wp-content\/uploads\/old\/pleyel_home.jpg?resize=360%2C350&ssl=1",360,350,true],"slider":["https:\/\/i0.wp.com\/joyana.fr\/wp-content\/uploads\/old\/pleyel_home.jpg?resize=500%2C350&ssl=1",500,350,true],"woocommerce_thumbnail":["https:\/\/i0.wp.com\/joyana.fr\/wp-content\/uploads\/old\/pleyel_home.jpg?resize=450%2C350&ssl=1",450,350,true],"woocommerce_single":["https:\/\/i0.wp.com\/joyana.fr\/wp-content\/uploads\/old\/pleyel_home.jpg?fit=500%2C350&ssl=1",500,350,true],"woocommerce_gallery_thumbnail":["https:\/\/i0.wp.com\/joyana.fr\/wp-content\/uploads\/old\/pleyel_home.jpg?resize=180%2C180&ssl=1",180,180,true],"sow-carousel-default":["https:\/\/i0.wp.com\/joyana.fr\/wp-content\/uploads\/old\/pleyel_home.jpg?resize=272%2C182&ssl=1",272,182,true]},"post_excerpt_stackable":"<p>Nous ouvrons le bal de ces Designer&#8217;s Days 2010, avec la visite du showroom Pleyel qui pr\u00e9sent&hellip;<\/p>\n","category_list":"<a href=\"https:\/\/joyana.fr\/ja\/category\/deco-design\/actualite\/actualite-deco-design\/\" rel=\"category tag\">Actualit\u00e9 D\u00e9co-Design<\/a>, <a href=\"https:\/\/joyana.fr\/ja\/category\/deco-design\/actualite\/salon\/designers-days\/\" rel=\"category tag\">D'DAYS<\/a>, <a href=\"https:\/\/joyana.fr\/ja\/category\/deco-design\/\" rel=\"category tag\">DECO-DESIGN<\/a>, <a href=\"https:\/\/joyana.fr\/ja\/category\/marques\/pleyel\/\" rel=\"category tag\">Pleyel<\/a>","author_info":{"display_name":"Jo Yana","author_link":"https:\/\/joyana.fr\/ja\/author\/joyana\/"},"comments_num":"13 comments","featured_image_urls_v2":{"full":["https:\/\/i0.wp.com\/joyana.fr\/wp-content\/uploads\/old\/pleyel_home.jpg?fit=500%2C350&ssl=1",500,350,false],"thumbnail":["https:\/\/i0.wp.com\/joyana.fr\/wp-content\/uploads\/old\/pleyel_home.jpg?resize=150%2C150&ssl=1",150,150,true],"medium":["https:\/\/i0.wp.com\/joyana.fr\/wp-content\/uploads\/old\/pleyel_home.jpg?fit=389%2C272&ssl=1",389,272,true],"medium_large":["https:\/\/i0.wp.com\/joyana.fr\/wp-content\/uploads\/old\/pleyel_home.jpg?fit=500%2C350&ssl=1",500,350,true],"large":["https:\/\/i0.wp.com\/joyana.fr\/wp-content\/uploads\/old\/pleyel_home.jpg?fit=500%2C350&ssl=1",500,350,true],"1536x1536":["https:\/\/i0.wp.com\/joyana.fr\/wp-content\/uploads\/old\/pleyel_home.jpg?fit=500%2C350&ssl=1",500,350,true],"2048x2048":["https:\/\/i0.wp.com\/joyana.fr\/wp-content\/uploads\/old\/pleyel_home.jpg?fit=500%2C350&ssl=1",500,350,true],"featured-thumb":["https:\/\/i0.wp.com\/joyana.fr\/wp-content\/uploads\/old\/pleyel_home.jpg?resize=500%2C350&ssl=1",500,350,true],"ab-block-post-grid-landscape":["https:\/\/i0.wp.com\/joyana.fr\/wp-content\/uploads\/old\/pleyel_home.jpg?resize=500%2C350&ssl=1",500,350,true],"ab-block-post-grid-square":["https:\/\/i0.wp.com\/joyana.fr\/wp-content\/uploads\/old\/pleyel_home.jpg?resize=500%2C350&ssl=1",500,350,true],"author-pro-image":["https:\/\/i0.wp.com\/joyana.fr\/wp-content\/uploads\/old\/pleyel_home.jpg?resize=360%2C350&ssl=1",360,350,true],"slider":["https:\/\/i0.wp.com\/joyana.fr\/wp-content\/uploads\/old\/pleyel_home.jpg?resize=500%2C350&ssl=1",500,350,true],"woocommerce_thumbnail":["https:\/\/i0.wp.com\/joyana.fr\/wp-content\/uploads\/old\/pleyel_home.jpg?resize=450%2C350&ssl=1",450,350,true],"woocommerce_single":["https:\/\/i0.wp.com\/joyana.fr\/wp-content\/uploads\/old\/pleyel_home.jpg?fit=500%2C350&ssl=1",500,350,true],"woocommerce_gallery_thumbnail":["https:\/\/i0.wp.com\/joyana.fr\/wp-content\/uploads\/old\/pleyel_home.jpg?resize=180%2C180&ssl=1",180,180,true],"sow-carousel-default":["https:\/\/i0.wp.com\/joyana.fr\/wp-content\/uploads\/old\/pleyel_home.jpg?resize=272%2C182&ssl=1",272,182,true]},"post_excerpt_stackable_v2":"<p>Nous ouvrons le bal de ces Designer&#8217;s Days 2010, avec la visite du showroom Pleyel qui pr\u00e9sent&hellip;<\/p>\n","category_list_v2":"<a href=\"https:\/\/joyana.fr\/ja\/category\/deco-design\/actualite\/actualite-deco-design\/\" rel=\"category tag\">Actualit\u00e9 D\u00e9co-Design<\/a>, <a href=\"https:\/\/joyana.fr\/ja\/category\/deco-design\/actualite\/salon\/designers-days\/\" rel=\"category tag\">D'DAYS<\/a>, <a href=\"https:\/\/joyana.fr\/ja\/category\/deco-design\/\" rel=\"category tag\">DECO-DESIGN<\/a>, <a href=\"https:\/\/joyana.fr\/ja\/category\/marques\/pleyel\/\" rel=\"category tag\">Pleyel<\/a>","author_info_v2":{"name":"Jo Yana","url":"https:\/\/joyana.fr\/ja\/author\/joyana\/"},"comments_num_v2":"13 comments","yoast_head":"<!-- This site is optimized with the Yoast SEO plugin v26.8 - https:\/\/yoast.com\/product\/yoast-seo-wordpress\/ -->\n<title>DESIGNER&#039;S DAYS 2010 - Pleyel - JO YANA<\/title>\n<meta name=\"robots\" content=\"index, follow, max-snippet:-1, max-image-preview:large, max-video-preview:-1\" \/>\n<link rel=\"canonical\" href=\"https:\/\/joyana.fr\/ja\/designers-days-2010-pleyel\/103778\/\" \/>\n<meta property=\"og:locale\" content=\"ja_JP\" \/>\n<meta property=\"og:locale:alternate\" content=\"fr_FR\" \/>\n<meta property=\"og:locale:alternate\" content=\"en_US\" \/>\n<meta property=\"og:type\" content=\"article\" \/>\n<meta property=\"og:title\" content=\"DESIGNER&#039;S DAYS 2010 - Pleyel - JO YANA\" \/>\n<meta property=\"og:description\" content=\"Nous ouvrons le bal de ces Designer&#8217;s Days 2010, avec la visite du showroom Pleyel qui pr\u00e9sentait son de [&hellip;]\" \/>\n<meta property=\"og:url\" content=\"https:\/\/joyana.fr\/ja\/designers-days-2010-pleyel\/103778\/\" \/>\n<meta property=\"og:site_name\" content=\"JO YANA\" \/>\n<meta property=\"article:published_time\" content=\"2010-06-13T11:27:38+00:00\" \/>\n<meta property=\"og:image\" content=\"https:\/\/joyana.fr\/wp-content\/uploads\/old\/pleyel_home.jpg\" \/>\n\t<meta property=\"og:image:width\" content=\"500\" \/>\n\t<meta property=\"og:image:height\" content=\"350\" \/>\n\t<meta property=\"og:image:type\" content=\"image\/jpeg\" \/>\n<meta name=\"author\" content=\"Jo Yana\" \/>\n<meta name=\"twitter:card\" content=\"summary_large_image\" \/>\n<meta name=\"twitter:creator\" content=\"@Jo_Yana\" \/>\n<meta name=\"twitter:site\" content=\"@Jo_Yana\" \/>\n<meta name=\"twitter:label1\" content=\"\u57f7\u7b46\u8005\" \/>\n\t<meta name=\"twitter:data1\" content=\"Jo Yana\" \/>\n\t<meta name=\"twitter:label2\" content=\"\u63a8\u5b9a\u8aad\u307f\u53d6\u308a\u6642\u9593\" \/>\n\t<meta name=\"twitter:data2\" content=\"2\u5206\" \/>\n<script type=\"application\/ld+json\" class=\"yoast-schema-graph\">{\"@context\":\"https:\/\/schema.org\",\"@graph\":[{\"@type\":\"Article\",\"@id\":\"https:\/\/joyana.fr\/ja\/designers-days-2010-pleyel\/103778\/#article\",\"isPartOf\":{\"@id\":\"https:\/\/joyana.fr\/ja\/designers-days-2010-pleyel\/103778\/\"},\"author\":{\"name\":\"Jo Yana\",\"@id\":\"https:\/\/www.joyana.fr\/ja\/#\/schema\/person\/cf2a1ad12a27c12c21801075bf37407c\"},\"headline\":\"DESIGNER&#8217;S DAYS 2010 &#8211; Pleyel\",\"datePublished\":\"2010-06-13T11:27:38+00:00\",\"mainEntityOfPage\":{\"@id\":\"https:\/\/joyana.fr\/ja\/designers-days-2010-pleyel\/103778\/\"},\"wordCount\":337,\"commentCount\":0,\"publisher\":{\"@id\":\"https:\/\/www.joyana.fr\/ja\/#\/schema\/person\/cf2a1ad12a27c12c21801075bf37407c\"},\"image\":{\"@id\":\"https:\/\/joyana.fr\/ja\/designers-days-2010-pleyel\/103778\/#primaryimage\"},\"thumbnailUrl\":\"https:\/\/i0.wp.com\/joyana.fr\/wp-content\/uploads\/old\/pleyel_home.jpg?fit=500%2C350&ssl=1\",\"keywords\":[\"Ev\u00e8nement\",\"Showroom\"],\"articleSection\":[\"Actualit\u00e9 D\u00e9co-Design\",\"D'DAYS\",\"DECO-DESIGN\",\"Pleyel\"],\"inLanguage\":\"ja\",\"potentialAction\":[{\"@type\":\"CommentAction\",\"name\":\"Comment\",\"target\":[\"https:\/\/joyana.fr\/ja\/designers-days-2010-pleyel\/103778\/#respond\"]}]},{\"@type\":\"WebPage\",\"@id\":\"https:\/\/joyana.fr\/ja\/designers-days-2010-pleyel\/103778\/\",\"url\":\"https:\/\/joyana.fr\/ja\/designers-days-2010-pleyel\/103778\/\",\"name\":\"DESIGNER'S DAYS 2010 - Pleyel - JO YANA\",\"isPartOf\":{\"@id\":\"https:\/\/www.joyana.fr\/ja\/#website\"},\"primaryImageOfPage\":{\"@id\":\"https:\/\/joyana.fr\/ja\/designers-days-2010-pleyel\/103778\/#primaryimage\"},\"image\":{\"@id\":\"https:\/\/joyana.fr\/ja\/designers-days-2010-pleyel\/103778\/#primaryimage\"},\"thumbnailUrl\":\"https:\/\/i0.wp.com\/joyana.fr\/wp-content\/uploads\/old\/pleyel_home.jpg?fit=500%2C350&ssl=1\",\"datePublished\":\"2010-06-13T11:27:38+00:00\",\"breadcrumb\":{\"@id\":\"https:\/\/joyana.fr\/ja\/designers-days-2010-pleyel\/103778\/#breadcrumb\"},\"inLanguage\":\"ja\",\"potentialAction\":[{\"@type\":\"ReadAction\",\"target\":[\"https:\/\/joyana.fr\/ja\/designers-days-2010-pleyel\/103778\/\"]}]},{\"@type\":\"ImageObject\",\"inLanguage\":\"ja\",\"@id\":\"https:\/\/joyana.fr\/ja\/designers-days-2010-pleyel\/103778\/#primaryimage\",\"url\":\"https:\/\/i0.wp.com\/joyana.fr\/wp-content\/uploads\/old\/pleyel_home.jpg?fit=500%2C350&ssl=1\",\"contentUrl\":\"https:\/\/i0.wp.com\/joyana.fr\/wp-content\/uploads\/old\/pleyel_home.jpg?fit=500%2C350&ssl=1\",\"width\":500,\"height\":350},{\"@type\":\"BreadcrumbList\",\"@id\":\"https:\/\/joyana.fr\/ja\/designers-days-2010-pleyel\/103778\/#breadcrumb\",\"itemListElement\":[{\"@type\":\"ListItem\",\"position\":1,\"name\":\"Accueil\",\"item\":\"https:\/\/www.joyana.fr\/ja\/\"},{\"@type\":\"ListItem\",\"position\":2,\"name\":\"DESIGNER&#8217;S DAYS 2010 &#8211; Pleyel\"}]},{\"@type\":\"WebSite\",\"@id\":\"https:\/\/www.joyana.fr\/ja\/#website\",\"url\":\"https:\/\/www.joyana.fr\/ja\/\",\"name\":\"JO YANA\",\"description\":\"Blog Mode Homme, Lifestyle, D\u00e9co-Design\",\"publisher\":{\"@id\":\"https:\/\/www.joyana.fr\/ja\/#\/schema\/person\/cf2a1ad12a27c12c21801075bf37407c\"},\"potentialAction\":[{\"@type\":\"SearchAction\",\"target\":{\"@type\":\"EntryPoint\",\"urlTemplate\":\"https:\/\/www.joyana.fr\/ja\/?s={search_term_string}\"},\"query-input\":{\"@type\":\"PropertyValueSpecification\",\"valueRequired\":true,\"valueName\":\"search_term_string\"}}],\"inLanguage\":\"ja\"},{\"@type\":[\"Person\",\"Organization\"],\"@id\":\"https:\/\/www.joyana.fr\/ja\/#\/schema\/person\/cf2a1ad12a27c12c21801075bf37407c\",\"name\":\"Jo Yana\",\"image\":{\"@type\":\"ImageObject\",\"inLanguage\":\"ja\",\"@id\":\"https:\/\/www.joyana.fr\/ja\/#\/schema\/person\/image\/\",\"url\":\"https:\/\/i0.wp.com\/joyana.fr\/wp-content\/uploads\/2016\/08\/cropped-joyana-logo-black-360x180.png?fit=343%2C164&ssl=1\",\"contentUrl\":\"https:\/\/i0.wp.com\/joyana.fr\/wp-content\/uploads\/2016\/08\/cropped-joyana-logo-black-360x180.png?fit=343%2C164&ssl=1\",\"width\":343,\"height\":164,\"caption\":\"Jo Yana\"},\"logo\":{\"@id\":\"https:\/\/www.joyana.fr\/ja\/#\/schema\/person\/image\/\"},\"description\":\"Jo Yana est le cr\u00e9ateur et r\u00e9dacteur en chef des sites DECO-DESIGN. Passionn\u00e9 de Design, Mode, Photo, Luxe, Lifestyle, Musique, mais avant tout Blogueur ! Le plaisir de partager l'anime et a comme devise \\\"POUR L'AMOUR DU BEAU\\\". Retrouvez le aussi sur son blog personnel - https:\/\/joyana.fr...\",\"sameAs\":[\"https:\/\/joyana.fr\/\"],\"url\":\"https:\/\/joyana.fr\/ja\/author\/joyana\/\"}]}<\/script>\n<!-- \/ Yoast SEO plugin. -->","yoast_head_json":{"title":"DESIGNER'S DAYS 2010 - Pleyel - JO YANA","robots":{"index":"index","follow":"follow","max-snippet":"max-snippet:-1","max-image-preview":"max-image-preview:large","max-video-preview":"max-video-preview:-1"},"canonical":"https:\/\/joyana.fr\/ja\/designers-days-2010-pleyel\/103778\/","og_locale":"ja_JP","og_type":"article","og_title":"DESIGNER'S DAYS 2010 - Pleyel - JO YANA","og_description":"Nous ouvrons le bal de ces Designer&#8217;s Days 2010, avec la visite du showroom Pleyel qui pr\u00e9sentait son de [&hellip;]","og_url":"https:\/\/joyana.fr\/ja\/designers-days-2010-pleyel\/103778\/","og_site_name":"JO YANA","article_published_time":"2010-06-13T11:27:38+00:00","og_image":[{"width":500,"height":350,"url":"https:\/\/joyana.fr\/wp-content\/uploads\/old\/pleyel_home.jpg","type":"image\/jpeg"}],"author":"Jo Yana","twitter_card":"summary_large_image","twitter_creator":"@Jo_Yana","twitter_site":"@Jo_Yana","twitter_misc":{"\u57f7\u7b46\u8005":"Jo Yana","\u63a8\u5b9a\u8aad\u307f\u53d6\u308a\u6642\u9593":"2\u5206"},"schema":{"@context":"https:\/\/schema.org","@graph":[{"@type":"Article","@id":"https:\/\/joyana.fr\/ja\/designers-days-2010-pleyel\/103778\/#article","isPartOf":{"@id":"https:\/\/joyana.fr\/ja\/designers-days-2010-pleyel\/103778\/"},"author":{"name":"Jo Yana","@id":"https:\/\/www.joyana.fr\/ja\/#\/schema\/person\/cf2a1ad12a27c12c21801075bf37407c"},"headline":"DESIGNER&#8217;S DAYS 2010 &#8211; Pleyel","datePublished":"2010-06-13T11:27:38+00:00","mainEntityOfPage":{"@id":"https:\/\/joyana.fr\/ja\/designers-days-2010-pleyel\/103778\/"},"wordCount":337,"commentCount":0,"publisher":{"@id":"https:\/\/www.joyana.fr\/ja\/#\/schema\/person\/cf2a1ad12a27c12c21801075bf37407c"},"image":{"@id":"https:\/\/joyana.fr\/ja\/designers-days-2010-pleyel\/103778\/#primaryimage"},"thumbnailUrl":"https:\/\/i0.wp.com\/joyana.fr\/wp-content\/uploads\/old\/pleyel_home.jpg?fit=500%2C350&ssl=1","keywords":["Ev\u00e8nement","Showroom"],"articleSection":["Actualit\u00e9 D\u00e9co-Design","D'DAYS","DECO-DESIGN","Pleyel"],"inLanguage":"ja","potentialAction":[{"@type":"CommentAction","name":"Comment","target":["https:\/\/joyana.fr\/ja\/designers-days-2010-pleyel\/103778\/#respond"]}]},{"@type":"WebPage","@id":"https:\/\/joyana.fr\/ja\/designers-days-2010-pleyel\/103778\/","url":"https:\/\/joyana.fr\/ja\/designers-days-2010-pleyel\/103778\/","name":"DESIGNER'S DAYS 2010 - Pleyel - JO YANA","isPartOf":{"@id":"https:\/\/www.joyana.fr\/ja\/#website"},"primaryImageOfPage":{"@id":"https:\/\/joyana.fr\/ja\/designers-days-2010-pleyel\/103778\/#primaryimage"},"image":{"@id":"https:\/\/joyana.fr\/ja\/designers-days-2010-pleyel\/103778\/#primaryimage"},"thumbnailUrl":"https:\/\/i0.wp.com\/joyana.fr\/wp-content\/uploads\/old\/pleyel_home.jpg?fit=500%2C350&ssl=1","datePublished":"2010-06-13T11:27:38+00:00","breadcrumb":{"@id":"https:\/\/joyana.fr\/ja\/designers-days-2010-pleyel\/103778\/#breadcrumb"},"inLanguage":"ja","potentialAction":[{"@type":"ReadAction","target":["https:\/\/joyana.fr\/ja\/designers-days-2010-pleyel\/103778\/"]}]},{"@type":"ImageObject","inLanguage":"ja","@id":"https:\/\/joyana.fr\/ja\/designers-days-2010-pleyel\/103778\/#primaryimage","url":"https:\/\/i0.wp.com\/joyana.fr\/wp-content\/uploads\/old\/pleyel_home.jpg?fit=500%2C350&ssl=1","contentUrl":"https:\/\/i0.wp.com\/joyana.fr\/wp-content\/uploads\/old\/pleyel_home.jpg?fit=500%2C350&ssl=1","width":500,"height":350},{"@type":"BreadcrumbList","@id":"https:\/\/joyana.fr\/ja\/designers-days-2010-pleyel\/103778\/#breadcrumb","itemListElement":[{"@type":"ListItem","position":1,"name":"Accueil","item":"https:\/\/www.joyana.fr\/ja\/"},{"@type":"ListItem","position":2,"name":"DESIGNER&#8217;S DAYS 2010 &#8211; Pleyel"}]},{"@type":"WebSite","@id":"https:\/\/www.joyana.fr\/ja\/#website","url":"https:\/\/www.joyana.fr\/ja\/","name":"JO YANA","description":"Blog Mode Homme, Lifestyle, D\u00e9co-Design","publisher":{"@id":"https:\/\/www.joyana.fr\/ja\/#\/schema\/person\/cf2a1ad12a27c12c21801075bf37407c"},"potentialAction":[{"@type":"SearchAction","target":{"@type":"EntryPoint","urlTemplate":"https:\/\/www.joyana.fr\/ja\/?s={search_term_string}"},"query-input":{"@type":"PropertyValueSpecification","valueRequired":true,"valueName":"search_term_string"}}],"inLanguage":"ja"},{"@type":["Person","Organization"],"@id":"https:\/\/www.joyana.fr\/ja\/#\/schema\/person\/cf2a1ad12a27c12c21801075bf37407c","name":"Jo Yana","image":{"@type":"ImageObject","inLanguage":"ja","@id":"https:\/\/www.joyana.fr\/ja\/#\/schema\/person\/image\/","url":"https:\/\/i0.wp.com\/joyana.fr\/wp-content\/uploads\/2016\/08\/cropped-joyana-logo-black-360x180.png?fit=343%2C164&ssl=1","contentUrl":"https:\/\/i0.wp.com\/joyana.fr\/wp-content\/uploads\/2016\/08\/cropped-joyana-logo-black-360x180.png?fit=343%2C164&ssl=1","width":343,"height":164,"caption":"Jo Yana"},"logo":{"@id":"https:\/\/www.joyana.fr\/ja\/#\/schema\/person\/image\/"},"description":"Jo Yana est le cr\u00e9ateur et r\u00e9dacteur en chef des sites DECO-DESIGN. Passionn\u00e9 de Design, Mode, Photo, Luxe, Lifestyle, Musique, mais avant tout Blogueur ! Le plaisir de partager l'anime et a comme devise \"POUR L'AMOUR DU BEAU\". Retrouvez le aussi sur son blog personnel - https:\/\/joyana.fr...","sameAs":["https:\/\/joyana.fr\/"],"url":"https:\/\/joyana.fr\/ja\/author\/joyana\/"}]}},"author_meta":{"display_name":"Jo Yana","author_link":"https:\/\/joyana.fr\/ja\/author\/joyana\/"},"featured_img":"https:\/\/i0.wp.com\/joyana.fr\/wp-content\/uploads\/old\/pleyel_home.jpg?fit=389%2C272&ssl=1","featured_image_src":"https:\/\/i0.wp.com\/joyana.fr\/wp-content\/uploads\/old\/pleyel_home.jpg?resize=500%2C350&ssl=1","featured_image_src_square":"https:\/\/i0.wp.com\/joyana.fr\/wp-content\/uploads\/old\/pleyel_home.jpg?resize=500%2C350&ssl=1","jetpack_featured_media_url":"https:\/\/i0.wp.com\/joyana.fr\/wp-content\/uploads\/old\/pleyel_home.jpg?fit=500%2C350&ssl=1","uagb_featured_image_src":{"full":["https:\/\/i0.wp.com\/joyana.fr\/wp-content\/uploads\/old\/pleyel_home.jpg?fit=500%2C350&ssl=1",500,350,false],"thumbnail":["https:\/\/i0.wp.com\/joyana.fr\/wp-content\/uploads\/old\/pleyel_home.jpg?resize=150%2C150&ssl=1",150,150,true],"medium":["https:\/\/i0.wp.com\/joyana.fr\/wp-content\/uploads\/old\/pleyel_home.jpg?fit=389%2C272&ssl=1",389,272,true],"medium_large":["https:\/\/i0.wp.com\/joyana.fr\/wp-content\/uploads\/old\/pleyel_home.jpg?fit=500%2C350&ssl=1",500,350,true],"large":["https:\/\/i0.wp.com\/joyana.fr\/wp-content\/uploads\/old\/pleyel_home.jpg?fit=500%2C350&ssl=1",500,350,true],"1536x1536":["https:\/\/i0.wp.com\/joyana.fr\/wp-content\/uploads\/old\/pleyel_home.jpg?fit=500%2C350&ssl=1",500,350,true],"2048x2048":["https:\/\/i0.wp.com\/joyana.fr\/wp-content\/uploads\/old\/pleyel_home.jpg?fit=500%2C350&ssl=1",500,350,true],"featured-thumb":["https:\/\/i0.wp.com\/joyana.fr\/wp-content\/uploads\/old\/pleyel_home.jpg?resize=500%2C350&ssl=1",500,350,true],"ab-block-post-grid-landscape":["https:\/\/i0.wp.com\/joyana.fr\/wp-content\/uploads\/old\/pleyel_home.jpg?resize=500%2C350&ssl=1",500,350,true],"ab-block-post-grid-square":["https:\/\/i0.wp.com\/joyana.fr\/wp-content\/uploads\/old\/pleyel_home.jpg?resize=500%2C350&ssl=1",500,350,true],"author-pro-image":["https:\/\/i0.wp.com\/joyana.fr\/wp-content\/uploads\/old\/pleyel_home.jpg?resize=360%2C350&ssl=1",360,350,true],"slider":["https:\/\/i0.wp.com\/joyana.fr\/wp-content\/uploads\/old\/pleyel_home.jpg?resize=500%2C350&ssl=1",500,350,true],"woocommerce_thumbnail":["https:\/\/i0.wp.com\/joyana.fr\/wp-content\/uploads\/old\/pleyel_home.jpg?resize=450%2C350&ssl=1",450,350,true],"woocommerce_single":["https:\/\/i0.wp.com\/joyana.fr\/wp-content\/uploads\/old\/pleyel_home.jpg?fit=500%2C350&ssl=1",500,350,true],"woocommerce_gallery_thumbnail":["https:\/\/i0.wp.com\/joyana.fr\/wp-content\/uploads\/old\/pleyel_home.jpg?resize=180%2C180&ssl=1",180,180,true],"sow-carousel-default":["https:\/\/i0.wp.com\/joyana.fr\/wp-content\/uploads\/old\/pleyel_home.jpg?resize=272%2C182&ssl=1",272,182,true]},"uagb_author_info":{"display_name":"Jo Yana","author_link":"https:\/\/joyana.fr\/ja\/author\/joyana\/"},"uagb_comment_info":13,"uagb_excerpt":"Nous ouvrons le bal de ces Designer&#8217;s Days 2010, &hellip;","coauthors":[],"tax_additional":{"categories":{"linked":["<a href=\"https:\/\/joyana.fr\/ja\/category\/deco-design\/actualite\/actualite-deco-design\/\" class=\"advgb-post-tax-term\">Actualit\u00e9 D\u00e9co-Design<\/a>","<a href=\"https:\/\/joyana.fr\/ja\/category\/deco-design\/actualite\/salon\/designers-days\/\" class=\"advgb-post-tax-term\">D&#039;DAYS<\/a>","<a href=\"https:\/\/joyana.fr\/ja\/category\/deco-design\/\" class=\"advgb-post-tax-term\">DECO-DESIGN<\/a>","<a href=\"https:\/\/joyana.fr\/ja\/category\/marques\/pleyel\/\" class=\"advgb-post-tax-term\">Pleyel<\/a>"],"unlinked":["<span class=\"advgb-post-tax-term\">Actualit\u00e9 D\u00e9co-Design<\/span>","<span class=\"advgb-post-tax-term\">D&#039;DAYS<\/span>","<span class=\"advgb-post-tax-term\">DECO-DESIGN<\/span>","<span class=\"advgb-post-tax-term\">Pleyel<\/span>"]},"tags":{"linked":["<a href=\"https:\/\/joyana.fr\/ja\/category\/marques\/pleyel\/\" class=\"advgb-post-tax-term\">Ev\u00e8nement<\/a>","<a href=\"https:\/\/joyana.fr\/ja\/category\/marques\/pleyel\/\" class=\"advgb-post-tax-term\">Showroom<\/a>"],"unlinked":["<span class=\"advgb-post-tax-term\">Ev\u00e8nement<\/span>","<span class=\"advgb-post-tax-term\">Showroom<\/span>"]}},"comment_count":13,"relative_dates":{"created":"Posted 16\u5e74 ago","modified":"Updated 16\u5e74 ago"},"absolute_dates":{"created":"Posted on 13 6\u6708 2010","modified":"Updated on 13 6\u6708 2010"},"absolute_dates_time":{"created":"Posted on 13 6\u6708 2010 12:27","modified":"Updated on 13 6\u6708 2010 12:27"},"featured_img_caption":"","series_order":"","jetpack_sharing_enabled":true,"jetpack_shortlink":"https:\/\/wp.me\/p9bteI-qZQ","jetpack-related-posts":[],"_links":{"self":[{"href":"https:\/\/joyana.fr\/ja\/wp-json\/wp\/v2\/posts\/103778","targetHints":{"allow":["GET"]}}],"collection":[{"href":"https:\/\/joyana.fr\/ja\/wp-json\/wp\/v2\/posts"}],"about":[{"href":"https:\/\/joyana.fr\/ja\/wp-json\/wp\/v2\/types\/post"}],"author":[{"embeddable":true,"href":"https:\/\/joyana.fr\/ja\/wp-json\/wp\/v2\/users\/3"}],"replies":[{"embeddable":true,"href":"https:\/\/joyana.fr\/ja\/wp-json\/wp\/v2\/comments?post=103778"}],"version-history":[{"count":0,"href":"https:\/\/joyana.fr\/ja\/wp-json\/wp\/v2\/posts\/103778\/revisions"}],"wp:featuredmedia":[{"embeddable":true,"href":"https:\/\/joyana.fr\/ja\/wp-json\/wp\/v2\/media\/103777"}],"wp:attachment":[{"href":"https:\/\/joyana.fr\/ja\/wp-json\/wp\/v2\/media?parent=103778"}],"wp:term":[{"taxonomy":"category","embeddable":true,"href":"https:\/\/joyana.fr\/ja\/wp-json\/wp\/v2\/categories?post=103778"},{"taxonomy":"post_tag","embeddable":true,"href":"https:\/\/joyana.fr\/ja\/wp-json\/wp\/v2\/tags?post=103778"}],"curies":[{"name":"wp","href":"https:\/\/api.w.org\/{rel}","templated":true}]}}