{"id":104037,"date":"2013-03-10T07:28:26","date_gmt":"2013-03-10T06:28:26","guid":{"rendered":"https:\/\/joyana.fr\/?p=4037"},"modified":"2013-03-10T07:28:26","modified_gmt":"2013-03-10T06:28:26","slug":"chambres-dhotes-au-vieux-panier","status":"publish","type":"post","link":"https:\/\/joyana.fr\/ja\/chambres-dhotes-au-vieux-panier\/104037\/","title":{"rendered":"Chambres d&#8217;H\u00f4tes AU VIEUX PANIER &#8211; 4\u00e8me Saison"},"content":{"rendered":"<p>Le soleil marseillais illumine de sublimes <strong>chambres d&#8217;h\u00f4tes<\/strong> en plein c\u0153ur du quartier du <strong>panier<\/strong> ! Nous vous avions montr\u00e9 les 5 chambres de la premi\u00e8re saison, voici les six chambres de la <strong>quatri\u00e8me saison<\/strong> &#8211; r\u00e9alis\u00e9e par six <strong>artistes<\/strong> &#8211; dont une suite XXL !<\/p>\n<p>Bienvenue <strong>AU VIEUX PANIER<\/strong>&#8230;<\/p>\n<p><img data-recalc-dims=\"1\" fetchpriority=\"high\" decoding=\"async\" class=\"alignnone size-large wp-image-12600\" alt=\"AU VIEUX PANIER salon\" src=\"https:\/\/i0.wp.com\/joyana.fr\/wp-content\/uploads\/2010\/07\/O2Y4708.jpg?resize=576%2C383&#038;ssl=1\" width=\"576\" height=\"383\" \/><\/p>\n<p>Une grande maison, une salle \u00e0 manger conviviale, une terrasse ensoleill\u00e9, six chambres plus belles les unes que les autres (de taille S \u00e0 XXL), c&#8217;est ceux qui vous attend si vous s\u00e9journez dans ses <strong>chambres d&#8217;h\u00f4tes <\/strong>d&#8217;un nouveau genre&#8230; Les artistes, graphistes, peintres issus d\u2019univers diff\u00e9rents ont \u00e9t\u00e9 invit\u00e9s \u00e0 cr\u00e9er de v\u00e9ritables installations ou \u0153uvres de mani\u00e8re \u00e9ph\u00e9m\u00e8re.<\/p>\n<p>Tous, \u00e0 leur mani\u00e8re, ont r\u00e9ussi \u00e0 cr\u00e9er des univers surprenants, distincts et audacieux !<\/p>\n<p><img data-recalc-dims=\"1\" decoding=\"async\" class=\"alignnone size-large wp-image-12601\" alt=\"AU VIEUX PANIER cuisine\" src=\"https:\/\/i0.wp.com\/joyana.fr\/wp-content\/uploads\/2010\/07\/O2Y7443.jpg?resize=576%2C383&#038;ssl=1\" width=\"576\" height=\"383\" \/><\/p>\n<p><img data-recalc-dims=\"1\" decoding=\"async\" class=\"alignnone size-large wp-image-12593\" alt=\"COULOIR AU VIEUX PANIER\" src=\"https:\/\/i0.wp.com\/joyana.fr\/wp-content\/uploads\/2010\/07\/O2Y4281.jpg?resize=576%2C383&#038;ssl=1\" width=\"576\" height=\"383\" \/><\/p>\n<p>A votre disposition une belle salle \u00e0 manger qui respire la culture, une cuisine o\u00f9 vous d\u00e9gusterez les produits frais de la r\u00e9gion, et une super terrasse ensoleill\u00e9e pour ramener des couleurs souvenirs&#8230;<\/p>\n<p><img data-recalc-dims=\"1\" loading=\"lazy\" decoding=\"async\" class=\"alignnone size-large wp-image-12603\" alt=\"AU VIEUX PANIER terrasse\" src=\"https:\/\/i0.wp.com\/joyana.fr\/wp-content\/uploads\/2010\/07\/Omaison-9.jpg?resize=576%2C382&#038;ssl=1\" width=\"576\" height=\"382\" \/><\/p>\n<p>.<\/p>\n<h2 style=\"text-align: center;\">Les six chambres de la quatri\u00e8me saison<br \/>\nAU VIEUX PANIER :<\/h2>\n<p><span style=\"color: #000000;\">.<\/span><\/p>\n<h3 style=\"text-align: center;\">Benjamin Maffeo, alias \u201cOhido\u201d \/ REPEAT<\/h3>\n<p><img data-recalc-dims=\"1\" loading=\"lazy\" decoding=\"async\" class=\"alignnone size-large wp-image-12590\" alt=\"Benjamin Maffeo, alias \u201cOhido\u201d REPEAT\" src=\"https:\/\/i0.wp.com\/joyana.fr\/wp-content\/uploads\/2010\/07\/O2Y3856.jpg?resize=576%2C383&#038;ssl=1\" width=\"576\" height=\"383\" \/><\/p>\n<p><span style=\"color: #000000;\">.<\/span><\/p>\n<h3 style=\"text-align: center;\">Julien Colombier \/ LOGE POURPRE<\/h3>\n<p><img data-recalc-dims=\"1\" loading=\"lazy\" decoding=\"async\" class=\"alignnone size-large wp-image-12592\" alt=\" Julien Colombier \/ LOGE POURPRE\" src=\"https:\/\/i0.wp.com\/joyana.fr\/wp-content\/uploads\/2010\/07\/O2Y4189.jpg?resize=576%2C383&#038;ssl=1\" width=\"576\" height=\"383\" \/><\/p>\n<p><img data-recalc-dims=\"1\" loading=\"lazy\" decoding=\"async\" class=\"alignnone size-large wp-image-12591\" alt=\" Julien Colombier \/ LOGE POURPRE\" src=\"https:\/\/i0.wp.com\/joyana.fr\/wp-content\/uploads\/2010\/07\/O2Y4173.jpg?resize=576%2C383&#038;ssl=1\" width=\"576\" height=\"383\" \/><\/p>\n<p><span style=\"color: #000000;\">.<\/span><\/p>\n<h3 style=\"text-align: center;\">AVExciters \/SK\u00d6<\/h3>\n<p><img data-recalc-dims=\"1\" loading=\"lazy\" decoding=\"async\" class=\"alignnone size-large wp-image-12588\" alt=\"AVExciters SK\u00d6\" src=\"https:\/\/i0.wp.com\/joyana.fr\/wp-content\/uploads\/2010\/07\/O2Y3742.jpg?resize=576%2C383&#038;ssl=1\" width=\"576\" height=\"383\" \/><\/p>\n<p><img data-recalc-dims=\"1\" loading=\"lazy\" decoding=\"async\" class=\"alignnone size-large wp-image-12598\" alt=\"AVExciters SK\u00d6\" src=\"https:\/\/i0.wp.com\/joyana.fr\/wp-content\/uploads\/2010\/07\/O2Y4647.jpg?resize=576%2C383&#038;ssl=1\" width=\"576\" height=\"383\" \/><\/p>\n<p><img data-recalc-dims=\"1\" loading=\"lazy\" decoding=\"async\" class=\"alignnone size-large wp-image-12589\" alt=\"AVExciters SK\u00d6\" src=\"https:\/\/i0.wp.com\/joyana.fr\/wp-content\/uploads\/2010\/07\/O2Y3828.jpg?resize=576%2C383&#038;ssl=1\" width=\"576\" height=\"383\" \/><\/p>\n<p><span style=\"color: #000000;\">.<\/span><\/p>\n<h3 style=\"text-align: center;\">La dame Noir \/ 710<\/h3>\n<p><img data-recalc-dims=\"1\" loading=\"lazy\" decoding=\"async\" class=\"alignnone size-large wp-image-12595\" alt=\"La dame Noir \/ 710\" src=\"https:\/\/i0.wp.com\/joyana.fr\/wp-content\/uploads\/2010\/07\/O2Y4458.jpg?resize=576%2C383&#038;ssl=1\" width=\"576\" height=\"383\" \/><\/p>\n<p><img data-recalc-dims=\"1\" loading=\"lazy\" decoding=\"async\" class=\"alignnone size-large wp-image-12594\" alt=\"La dame Noir \/ 710\" src=\"https:\/\/i0.wp.com\/joyana.fr\/wp-content\/uploads\/2010\/07\/O2Y4428.jpg?resize=576%2C383&#038;ssl=1\" width=\"576\" height=\"383\" \/><\/p>\n<p><span style=\"color: #000000;\">.<\/span><\/p>\n<h3 style=\"text-align: center;\">Milene Guermont \/ POLYSENSUAL<\/h3>\n<p><img data-recalc-dims=\"1\" loading=\"lazy\" decoding=\"async\" class=\"alignnone size-large wp-image-12597\" alt=\"Milene Guermont POLYSENSUAL\" src=\"https:\/\/i0.wp.com\/joyana.fr\/wp-content\/uploads\/2010\/07\/O2Y4493.jpg?resize=576%2C383&#038;ssl=1\" width=\"576\" height=\"383\" \/><\/p>\n<p><img data-recalc-dims=\"1\" loading=\"lazy\" decoding=\"async\" class=\"alignnone size-large wp-image-12596\" alt=\"Milene Guermont POLYSENSUAL\" src=\"https:\/\/i0.wp.com\/joyana.fr\/wp-content\/uploads\/2010\/07\/O2Y4471.jpg?resize=576%2C383&#038;ssl=1\" width=\"576\" height=\"383\" \/><\/p>\n<p><span style=\"color: #000000;\">.<\/span><\/p>\n<h3 style=\"text-align: center;\">Mist \/ STALAGMIST<\/h3>\n<p><img data-recalc-dims=\"1\" loading=\"lazy\" decoding=\"async\" class=\"alignnone size-large wp-image-12602\" alt=\"STALAGMIST AU VIEUX PANIER\" src=\"https:\/\/i0.wp.com\/joyana.fr\/wp-content\/uploads\/2010\/07\/O8.jpg?resize=576%2C383&#038;ssl=1\" width=\"576\" height=\"383\" \/><\/p>\n<p><img data-recalc-dims=\"1\" loading=\"lazy\" decoding=\"async\" class=\"alignnone size-large wp-image-12587\" alt=\"STALAGMIST AU VIEUX PANIER\" src=\"https:\/\/i0.wp.com\/joyana.fr\/wp-content\/uploads\/2010\/07\/O2.jpg?resize=576%2C383&#038;ssl=1\" width=\"576\" height=\"383\" \/><\/p>\n<p><img data-recalc-dims=\"1\" loading=\"lazy\" decoding=\"async\" class=\"alignnone size-large wp-image-12609\" alt=\"AU VIEUX PANIER\" src=\"https:\/\/i0.wp.com\/joyana.fr\/wp-content\/uploads\/2013\/03\/5.jpg?resize=576%2C384&#038;ssl=1\" width=\"576\" height=\"384\" \/><\/p>\n<p><img data-recalc-dims=\"1\" loading=\"lazy\" decoding=\"async\" class=\"alignnone size-large wp-image-12586\" alt=\"STALAGMIST AU VIEUX PANIER\" src=\"https:\/\/i0.wp.com\/joyana.fr\/wp-content\/uploads\/2010\/07\/O_dytique.jpg?resize=576%2C459&#038;ssl=1\" width=\"576\" height=\"459\" \/><br \/>\n<span style=\"color: #000000;\">.<\/span><\/p>\n<h2 style=\"text-align: center;\">Les cinq chambres de la premi\u00e8re saison<br \/>\nAU VIEUX PANIER :<\/h2>\n<p style=\"text-align: center;\">WHITE LINES by St\u00e9phane MANEL &#8211; TRAVEL by Fred CALMETS &#8211; CHAMBRE 3 by AKA DESIGN &#8211; BALCON NEW-YORKAIS by HENG &#8211; CHILDHOOD FANTASY by Claire LEINA<\/p>\n<p><em><\/p>\n<p><\/em><\/p>\n<p>&nbsp;<\/p>\n<h2 style=\"text-align: center;\">\u00a0D\u00e9couvrez maintenant la nouvelle <a href=\"https:\/\/joyana.fr\/au-vieux-panier-chambres-dhotes-saison-5\/15503\/\" target=\"_blank\">SAISON 5 &#8211; AU VIEUX PANIER<\/a><\/h2>\n<p>&nbsp;<\/p>\n<p style=\"text-align: center;\"><strong>AU VIEUX PANIER<\/strong><br \/>\n<em>13, rue panier 13002 Marseille.<br \/>\n+33 (0) 4 91 91 23 73\u2028+33 (0) 6 32 19 90 05<\/em><br \/>\n<strong><a title=\"AU VIEUX PANIER\" href=\"http:\/\/www.auvieuxpanier.com\/\">http:\/\/www.auvieuxpanier.com\/<\/a><\/strong><\/p>\n","protected":false},"excerpt":{"rendered":"<p>Le soleil marseillais illumine de nouvelles chambres d&#8217;h\u00f4tes en plein coeur du quartier du PANIER !!! 5 chambres, 5 artistes, r\u00e9alisant chacun des projets qui leur ressemblent.<br \/>\nBienvenue AU VIEUX PANIER&#8230;<\/p>\n","protected":false},"author":3,"featured_media":112596,"comment_status":"open","ping_status":"open","sticky":false,"template":"","format":"standard","meta":{"_coblocks_attr":"","_coblocks_dimensions":"","_coblocks_responsive_height":"","_coblocks_accordion_ie_support":"","_uag_custom_page_level_css":"","advgb_blocks_editor_width":"","advgb_blocks_columns_visual_guide":"","_genesis_hide_title":false,"_genesis_hide_breadcrumbs":false,"_genesis_hide_singular_image":false,"_genesis_hide_footer_widgets":false,"_genesis_custom_body_class":"","_genesis_custom_post_class":"","_genesis_layout":"","_themeisle_gutenberg_block_has_review":false,"_jetpack_newsletter_access":"","_jetpack_dont_email_post_to_subs":false,"_jetpack_newsletter_tier_id":0,"_jetpack_memberships_contains_paywalled_content":false,"_jetpack_memberships_contains_paid_content":false,"footnotes":""},"categories":[71,940,905,1039,980],"tags":[920,1283,67,1258,31],"class_list":{"0":"post-104037","1":"post","2":"type-post","3":"status-publish","4":"format-standard","5":"has-post-thumbnail","7":"category-architecture","8":"category-art-contemporain","9":"category-deco-design","10":"category-france","11":"category-hotel","12":"tag-artiste","13":"tag-chambres-dhotes-design","14":"tag-hotel","15":"tag-hotel-design","16":"tag-marseille","17":"entry"},"featured_image_urls":{"full":["https:\/\/i0.wp.com\/joyana.fr\/wp-content\/uploads\/2010\/07\/O2Y4471.jpg?fit=650%2C433&ssl=1",650,433,false],"thumbnail":["https:\/\/i0.wp.com\/joyana.fr\/wp-content\/uploads\/2010\/07\/O2Y4471.jpg?resize=150%2C150&ssl=1",150,150,true],"medium":["https:\/\/i0.wp.com\/joyana.fr\/wp-content\/uploads\/2010\/07\/O2Y4471.jpg?fit=389%2C259&ssl=1",389,259,true],"medium_large":["https:\/\/i0.wp.com\/joyana.fr\/wp-content\/uploads\/2010\/07\/O2Y4471.jpg?fit=650%2C433&ssl=1",650,433,true],"large":["https:\/\/i0.wp.com\/joyana.fr\/wp-content\/uploads\/2010\/07\/O2Y4471.jpg?fit=650%2C433&ssl=1",650,433,true],"1536x1536":["https:\/\/i0.wp.com\/joyana.fr\/wp-content\/uploads\/2010\/07\/O2Y4471.jpg?fit=650%2C433&ssl=1",650,433,true],"2048x2048":["https:\/\/i0.wp.com\/joyana.fr\/wp-content\/uploads\/2010\/07\/O2Y4471.jpg?fit=650%2C433&ssl=1",650,433,true],"featured-thumb":["https:\/\/i0.wp.com\/joyana.fr\/wp-content\/uploads\/2010\/07\/O2Y4471.jpg?resize=650%2C433&ssl=1",650,433,true],"ab-block-post-grid-landscape":["https:\/\/i0.wp.com\/joyana.fr\/wp-content\/uploads\/2010\/07\/O2Y4471.jpg?resize=600%2C400&ssl=1",600,400,true],"ab-block-post-grid-square":["https:\/\/i0.wp.com\/joyana.fr\/wp-content\/uploads\/2010\/07\/O2Y4471.jpg?resize=600%2C433&ssl=1",600,433,true],"author-pro-image":["https:\/\/i0.wp.com\/joyana.fr\/wp-content\/uploads\/2010\/07\/O2Y4471.jpg?resize=360%2C433&ssl=1",360,433,true],"slider":["https:\/\/i0.wp.com\/joyana.fr\/wp-content\/uploads\/2010\/07\/O2Y4471.jpg?resize=650%2C400&ssl=1",650,400,true],"woocommerce_thumbnail":["https:\/\/i0.wp.com\/joyana.fr\/wp-content\/uploads\/2010\/07\/O2Y4471.jpg?resize=450%2C433&ssl=1",450,433,true],"woocommerce_single":["https:\/\/i0.wp.com\/joyana.fr\/wp-content\/uploads\/2010\/07\/O2Y4471.jpg?fit=650%2C433&ssl=1",650,433,true],"woocommerce_gallery_thumbnail":["https:\/\/i0.wp.com\/joyana.fr\/wp-content\/uploads\/2010\/07\/O2Y4471.jpg?resize=180%2C180&ssl=1",180,180,true],"sow-carousel-default":["https:\/\/i0.wp.com\/joyana.fr\/wp-content\/uploads\/2010\/07\/O2Y4471.jpg?resize=272%2C182&ssl=1",272,182,true]},"post_excerpt_stackable":"<p>Le soleil marseillais illumine de nouvelles chambres d&#8217;h\u00f4tes en plein coeur du quartier du PANIER !!! 5 chambres, 5 artistes, r\u00e9alisant chacun des projets qui leur ressemblent.<br \/>\nBienvenue AU VIEUX PANIER&#8230;<\/p>\n","category_list":"<a href=\"https:\/\/joyana.fr\/ja\/category\/portfolio\/architecture\/\" rel=\"category tag\">ARCHITECTURE<\/a>, <a href=\"https:\/\/joyana.fr\/ja\/category\/deco-design\/actualite\/art-contemporain\/\" rel=\"category tag\">Art Contemporain<\/a>, <a href=\"https:\/\/joyana.fr\/ja\/category\/deco-design\/\" rel=\"category tag\">DECO-DESIGN<\/a>, <a href=\"https:\/\/joyana.fr\/ja\/category\/deco-design\/architecture-deco-design\/pays\/france\/\" rel=\"category tag\">France<\/a>, <a href=\"https:\/\/joyana.fr\/ja\/category\/deco-design\/architecture-deco-design\/lieux-design\/hotel\/\" rel=\"category tag\">H\u00f4tel<\/a>","author_info":{"display_name":"Jo Yana","author_link":"https:\/\/joyana.fr\/ja\/author\/joyana\/"},"comments_num":"24 comments","featured_image_urls_v2":{"full":["https:\/\/i0.wp.com\/joyana.fr\/wp-content\/uploads\/2010\/07\/O2Y4471.jpg?fit=650%2C433&ssl=1",650,433,false],"thumbnail":["https:\/\/i0.wp.com\/joyana.fr\/wp-content\/uploads\/2010\/07\/O2Y4471.jpg?resize=150%2C150&ssl=1",150,150,true],"medium":["https:\/\/i0.wp.com\/joyana.fr\/wp-content\/uploads\/2010\/07\/O2Y4471.jpg?fit=389%2C259&ssl=1",389,259,true],"medium_large":["https:\/\/i0.wp.com\/joyana.fr\/wp-content\/uploads\/2010\/07\/O2Y4471.jpg?fit=650%2C433&ssl=1",650,433,true],"large":["https:\/\/i0.wp.com\/joyana.fr\/wp-content\/uploads\/2010\/07\/O2Y4471.jpg?fit=650%2C433&ssl=1",650,433,true],"1536x1536":["https:\/\/i0.wp.com\/joyana.fr\/wp-content\/uploads\/2010\/07\/O2Y4471.jpg?fit=650%2C433&ssl=1",650,433,true],"2048x2048":["https:\/\/i0.wp.com\/joyana.fr\/wp-content\/uploads\/2010\/07\/O2Y4471.jpg?fit=650%2C433&ssl=1",650,433,true],"featured-thumb":["https:\/\/i0.wp.com\/joyana.fr\/wp-content\/uploads\/2010\/07\/O2Y4471.jpg?resize=650%2C433&ssl=1",650,433,true],"ab-block-post-grid-landscape":["https:\/\/i0.wp.com\/joyana.fr\/wp-content\/uploads\/2010\/07\/O2Y4471.jpg?resize=600%2C400&ssl=1",600,400,true],"ab-block-post-grid-square":["https:\/\/i0.wp.com\/joyana.fr\/wp-content\/uploads\/2010\/07\/O2Y4471.jpg?resize=600%2C433&ssl=1",600,433,true],"author-pro-image":["https:\/\/i0.wp.com\/joyana.fr\/wp-content\/uploads\/2010\/07\/O2Y4471.jpg?resize=360%2C433&ssl=1",360,433,true],"slider":["https:\/\/i0.wp.com\/joyana.fr\/wp-content\/uploads\/2010\/07\/O2Y4471.jpg?resize=650%2C400&ssl=1",650,400,true],"woocommerce_thumbnail":["https:\/\/i0.wp.com\/joyana.fr\/wp-content\/uploads\/2010\/07\/O2Y4471.jpg?resize=450%2C433&ssl=1",450,433,true],"woocommerce_single":["https:\/\/i0.wp.com\/joyana.fr\/wp-content\/uploads\/2010\/07\/O2Y4471.jpg?fit=650%2C433&ssl=1",650,433,true],"woocommerce_gallery_thumbnail":["https:\/\/i0.wp.com\/joyana.fr\/wp-content\/uploads\/2010\/07\/O2Y4471.jpg?resize=180%2C180&ssl=1",180,180,true],"sow-carousel-default":["https:\/\/i0.wp.com\/joyana.fr\/wp-content\/uploads\/2010\/07\/O2Y4471.jpg?resize=272%2C182&ssl=1",272,182,true]},"post_excerpt_stackable_v2":"<p>Le soleil marseillais illumine de nouvelles chambres d&#8217;h\u00f4tes en plein coeur du quartier du PANIER !!! 5 chambres, 5 artistes, r\u00e9alisant chacun des projets qui leur ressemblent.<br \/>\nBienvenue AU VIEUX PANIER&#8230;<\/p>\n","category_list_v2":"<a href=\"https:\/\/joyana.fr\/ja\/category\/portfolio\/architecture\/\" rel=\"category tag\">ARCHITECTURE<\/a>, <a href=\"https:\/\/joyana.fr\/ja\/category\/deco-design\/actualite\/art-contemporain\/\" rel=\"category tag\">Art Contemporain<\/a>, <a href=\"https:\/\/joyana.fr\/ja\/category\/deco-design\/\" rel=\"category tag\">DECO-DESIGN<\/a>, <a href=\"https:\/\/joyana.fr\/ja\/category\/deco-design\/architecture-deco-design\/pays\/france\/\" rel=\"category tag\">France<\/a>, <a href=\"https:\/\/joyana.fr\/ja\/category\/deco-design\/architecture-deco-design\/lieux-design\/hotel\/\" rel=\"category tag\">H\u00f4tel<\/a>","author_info_v2":{"name":"Jo Yana","url":"https:\/\/joyana.fr\/ja\/author\/joyana\/"},"comments_num_v2":"24 comments","yoast_head":"<!-- This site is optimized with the Yoast SEO plugin v26.8 - https:\/\/yoast.com\/product\/yoast-seo-wordpress\/ -->\n<title>Chambres d&#039;H\u00f4tes AU VIEUX PANIER - 4\u00e8me Saison - JO YANA<\/title>\n<meta name=\"robots\" content=\"index, follow, max-snippet:-1, max-image-preview:large, max-video-preview:-1\" \/>\n<link rel=\"canonical\" href=\"https:\/\/joyana.fr\/ja\/chambres-dhotes-au-vieux-panier\/104037\/\" \/>\n<meta property=\"og:locale\" content=\"ja_JP\" \/>\n<meta property=\"og:locale:alternate\" content=\"fr_FR\" \/>\n<meta property=\"og:locale:alternate\" content=\"en_US\" \/>\n<meta property=\"og:type\" content=\"article\" \/>\n<meta property=\"og:title\" content=\"Chambres d&#039;H\u00f4tes AU VIEUX PANIER - 4\u00e8me Saison - JO YANA\" \/>\n<meta property=\"og:description\" content=\"Le soleil marseillais illumine de nouvelles chambres d&#039;h\u00f4tes en plein coeur du quartier du PANIER !!! 5 chambres, 5 artistes, r\u00e9alisant chacun des projets qui leur ressemblent. Bienvenue AU VIEUX PANIER...\" \/>\n<meta property=\"og:url\" content=\"https:\/\/joyana.fr\/ja\/chambres-dhotes-au-vieux-panier\/104037\/\" \/>\n<meta property=\"og:site_name\" content=\"JO YANA\" \/>\n<meta property=\"article:published_time\" content=\"2013-03-10T06:28:26+00:00\" \/>\n<meta property=\"og:image\" content=\"https:\/\/joyana.fr\/wp-content\/uploads\/2010\/07\/O2Y4471.jpg\" \/>\n\t<meta property=\"og:image:width\" content=\"650\" \/>\n\t<meta property=\"og:image:height\" content=\"433\" \/>\n\t<meta property=\"og:image:type\" content=\"image\/jpeg\" \/>\n<meta name=\"author\" content=\"Jo Yana\" \/>\n<meta name=\"twitter:card\" content=\"summary_large_image\" \/>\n<meta name=\"twitter:creator\" content=\"@Jo_Yana\" \/>\n<meta name=\"twitter:site\" content=\"@Jo_Yana\" \/>\n<meta name=\"twitter:label1\" content=\"\u57f7\u7b46\u8005\" \/>\n\t<meta name=\"twitter:data1\" content=\"Jo Yana\" \/>\n\t<meta name=\"twitter:label2\" content=\"\u63a8\u5b9a\u8aad\u307f\u53d6\u308a\u6642\u9593\" \/>\n\t<meta name=\"twitter:data2\" content=\"1\u5206\" \/>\n<script type=\"application\/ld+json\" class=\"yoast-schema-graph\">{\"@context\":\"https:\/\/schema.org\",\"@graph\":[{\"@type\":\"Article\",\"@id\":\"https:\/\/joyana.fr\/en\/chambres-dhotes-au-vieux-panier\/104037\/#article\",\"isPartOf\":{\"@id\":\"https:\/\/joyana.fr\/en\/chambres-dhotes-au-vieux-panier\/104037\/\"},\"author\":{\"name\":\"Jo Yana\",\"@id\":\"https:\/\/joyana.fr\/#\/schema\/person\/cf2a1ad12a27c12c21801075bf37407c\"},\"headline\":\"Chambres d&#8217;H\u00f4tes AU VIEUX PANIER &#8211; 4\u00e8me Saison\",\"datePublished\":\"2013-03-10T06:28:26+00:00\",\"mainEntityOfPage\":{\"@id\":\"https:\/\/joyana.fr\/en\/chambres-dhotes-au-vieux-panier\/104037\/\"},\"wordCount\":276,\"commentCount\":24,\"publisher\":{\"@id\":\"https:\/\/joyana.fr\/#\/schema\/person\/cf2a1ad12a27c12c21801075bf37407c\"},\"image\":{\"@id\":\"https:\/\/joyana.fr\/en\/chambres-dhotes-au-vieux-panier\/104037\/#primaryimage\"},\"thumbnailUrl\":\"https:\/\/i0.wp.com\/joyana.fr\/wp-content\/uploads\/2010\/07\/O2Y4471.jpg?fit=650%2C433&ssl=1\",\"keywords\":[\"Artiste\",\"Chambres d'H\u00f4tes design\",\"H\u00f4tel\",\"H\u00f4tel design\",\"Marseille\"],\"articleSection\":[\"ARCHITECTURE\",\"Art Contemporain\",\"DECO-DESIGN\",\"France\",\"H\u00f4tel\"],\"inLanguage\":\"ja\",\"potentialAction\":[{\"@type\":\"CommentAction\",\"name\":\"Comment\",\"target\":[\"https:\/\/joyana.fr\/en\/chambres-dhotes-au-vieux-panier\/104037\/#respond\"]}]},{\"@type\":\"WebPage\",\"@id\":\"https:\/\/joyana.fr\/en\/chambres-dhotes-au-vieux-panier\/104037\/\",\"url\":\"https:\/\/joyana.fr\/en\/chambres-dhotes-au-vieux-panier\/104037\/\",\"name\":\"Chambres d'H\u00f4tes AU VIEUX PANIER - 4\u00e8me Saison - JO YANA\",\"isPartOf\":{\"@id\":\"https:\/\/joyana.fr\/#website\"},\"primaryImageOfPage\":{\"@id\":\"https:\/\/joyana.fr\/en\/chambres-dhotes-au-vieux-panier\/104037\/#primaryimage\"},\"image\":{\"@id\":\"https:\/\/joyana.fr\/en\/chambres-dhotes-au-vieux-panier\/104037\/#primaryimage\"},\"thumbnailUrl\":\"https:\/\/i0.wp.com\/joyana.fr\/wp-content\/uploads\/2010\/07\/O2Y4471.jpg?fit=650%2C433&ssl=1\",\"datePublished\":\"2013-03-10T06:28:26+00:00\",\"breadcrumb\":{\"@id\":\"https:\/\/joyana.fr\/en\/chambres-dhotes-au-vieux-panier\/104037\/#breadcrumb\"},\"inLanguage\":\"ja\",\"potentialAction\":[{\"@type\":\"ReadAction\",\"target\":[\"https:\/\/joyana.fr\/en\/chambres-dhotes-au-vieux-panier\/104037\/\"]}]},{\"@type\":\"ImageObject\",\"inLanguage\":\"ja\",\"@id\":\"https:\/\/joyana.fr\/en\/chambres-dhotes-au-vieux-panier\/104037\/#primaryimage\",\"url\":\"https:\/\/i0.wp.com\/joyana.fr\/wp-content\/uploads\/2010\/07\/O2Y4471.jpg?fit=650%2C433&ssl=1\",\"contentUrl\":\"https:\/\/i0.wp.com\/joyana.fr\/wp-content\/uploads\/2010\/07\/O2Y4471.jpg?fit=650%2C433&ssl=1\",\"width\":650,\"height\":433},{\"@type\":\"BreadcrumbList\",\"@id\":\"https:\/\/joyana.fr\/en\/chambres-dhotes-au-vieux-panier\/104037\/#breadcrumb\",\"itemListElement\":[{\"@type\":\"ListItem\",\"position\":1,\"name\":\"Accueil\",\"item\":\"https:\/\/joyana.fr\/\"},{\"@type\":\"ListItem\",\"position\":2,\"name\":\"Chambres d&#8217;H\u00f4tes AU VIEUX PANIER &#8211; 4\u00e8me Saison\"}]},{\"@type\":\"WebSite\",\"@id\":\"https:\/\/joyana.fr\/#website\",\"url\":\"https:\/\/joyana.fr\/\",\"name\":\"JO YANA\",\"description\":\"Blog Mode Homme, Lifestyle, D\u00e9co-Design\",\"publisher\":{\"@id\":\"https:\/\/joyana.fr\/#\/schema\/person\/cf2a1ad12a27c12c21801075bf37407c\"},\"potentialAction\":[{\"@type\":\"SearchAction\",\"target\":{\"@type\":\"EntryPoint\",\"urlTemplate\":\"https:\/\/joyana.fr\/?s={search_term_string}\"},\"query-input\":{\"@type\":\"PropertyValueSpecification\",\"valueRequired\":true,\"valueName\":\"search_term_string\"}}],\"inLanguage\":\"ja\"},{\"@type\":[\"Person\",\"Organization\"],\"@id\":\"https:\/\/joyana.fr\/#\/schema\/person\/cf2a1ad12a27c12c21801075bf37407c\",\"name\":\"Jo Yana\",\"image\":{\"@type\":\"ImageObject\",\"inLanguage\":\"ja\",\"@id\":\"https:\/\/joyana.fr\/#\/schema\/person\/image\/\",\"url\":\"https:\/\/i0.wp.com\/joyana.fr\/wp-content\/uploads\/2016\/08\/cropped-joyana-logo-black-360x180.png?fit=343%2C164&ssl=1\",\"contentUrl\":\"https:\/\/i0.wp.com\/joyana.fr\/wp-content\/uploads\/2016\/08\/cropped-joyana-logo-black-360x180.png?fit=343%2C164&ssl=1\",\"width\":343,\"height\":164,\"caption\":\"Jo Yana\"},\"logo\":{\"@id\":\"https:\/\/joyana.fr\/#\/schema\/person\/image\/\"},\"description\":\"Jo Yana est le cr\u00e9ateur et r\u00e9dacteur en chef des sites DECO-DESIGN. Passionn\u00e9 de Design, Mode, Photo, Luxe, Lifestyle, Musique, mais avant tout Blogueur ! Le plaisir de partager l'anime et a comme devise \\\"POUR L'AMOUR DU BEAU\\\". Retrouvez le aussi sur son blog personnel - https:\/\/joyana.fr...\",\"sameAs\":[\"https:\/\/joyana.fr\/\"],\"url\":\"https:\/\/joyana.fr\/ja\/author\/joyana\/\"}]}<\/script>\n<!-- \/ Yoast SEO plugin. -->","yoast_head_json":{"title":"Chambres d'H\u00f4tes AU VIEUX PANIER - 4\u00e8me Saison - JO YANA","robots":{"index":"index","follow":"follow","max-snippet":"max-snippet:-1","max-image-preview":"max-image-preview:large","max-video-preview":"max-video-preview:-1"},"canonical":"https:\/\/joyana.fr\/ja\/chambres-dhotes-au-vieux-panier\/104037\/","og_locale":"ja_JP","og_type":"article","og_title":"Chambres d'H\u00f4tes AU VIEUX PANIER - 4\u00e8me Saison - JO YANA","og_description":"Le soleil marseillais illumine de nouvelles chambres d'h\u00f4tes en plein coeur du quartier du PANIER !!! 5 chambres, 5 artistes, r\u00e9alisant chacun des projets qui leur ressemblent. Bienvenue AU VIEUX PANIER...","og_url":"https:\/\/joyana.fr\/ja\/chambres-dhotes-au-vieux-panier\/104037\/","og_site_name":"JO YANA","article_published_time":"2013-03-10T06:28:26+00:00","og_image":[{"width":650,"height":433,"url":"https:\/\/joyana.fr\/wp-content\/uploads\/2010\/07\/O2Y4471.jpg","type":"image\/jpeg"}],"author":"Jo Yana","twitter_card":"summary_large_image","twitter_creator":"@Jo_Yana","twitter_site":"@Jo_Yana","twitter_misc":{"\u57f7\u7b46\u8005":"Jo Yana","\u63a8\u5b9a\u8aad\u307f\u53d6\u308a\u6642\u9593":"1\u5206"},"schema":{"@context":"https:\/\/schema.org","@graph":[{"@type":"Article","@id":"https:\/\/joyana.fr\/en\/chambres-dhotes-au-vieux-panier\/104037\/#article","isPartOf":{"@id":"https:\/\/joyana.fr\/en\/chambres-dhotes-au-vieux-panier\/104037\/"},"author":{"name":"Jo Yana","@id":"https:\/\/joyana.fr\/#\/schema\/person\/cf2a1ad12a27c12c21801075bf37407c"},"headline":"Chambres d&#8217;H\u00f4tes AU VIEUX PANIER &#8211; 4\u00e8me Saison","datePublished":"2013-03-10T06:28:26+00:00","mainEntityOfPage":{"@id":"https:\/\/joyana.fr\/en\/chambres-dhotes-au-vieux-panier\/104037\/"},"wordCount":276,"commentCount":24,"publisher":{"@id":"https:\/\/joyana.fr\/#\/schema\/person\/cf2a1ad12a27c12c21801075bf37407c"},"image":{"@id":"https:\/\/joyana.fr\/en\/chambres-dhotes-au-vieux-panier\/104037\/#primaryimage"},"thumbnailUrl":"https:\/\/i0.wp.com\/joyana.fr\/wp-content\/uploads\/2010\/07\/O2Y4471.jpg?fit=650%2C433&ssl=1","keywords":["Artiste","Chambres d'H\u00f4tes design","H\u00f4tel","H\u00f4tel design","Marseille"],"articleSection":["ARCHITECTURE","Art Contemporain","DECO-DESIGN","France","H\u00f4tel"],"inLanguage":"ja","potentialAction":[{"@type":"CommentAction","name":"Comment","target":["https:\/\/joyana.fr\/en\/chambres-dhotes-au-vieux-panier\/104037\/#respond"]}]},{"@type":"WebPage","@id":"https:\/\/joyana.fr\/en\/chambres-dhotes-au-vieux-panier\/104037\/","url":"https:\/\/joyana.fr\/en\/chambres-dhotes-au-vieux-panier\/104037\/","name":"Chambres d'H\u00f4tes AU VIEUX PANIER - 4\u00e8me Saison - JO YANA","isPartOf":{"@id":"https:\/\/joyana.fr\/#website"},"primaryImageOfPage":{"@id":"https:\/\/joyana.fr\/en\/chambres-dhotes-au-vieux-panier\/104037\/#primaryimage"},"image":{"@id":"https:\/\/joyana.fr\/en\/chambres-dhotes-au-vieux-panier\/104037\/#primaryimage"},"thumbnailUrl":"https:\/\/i0.wp.com\/joyana.fr\/wp-content\/uploads\/2010\/07\/O2Y4471.jpg?fit=650%2C433&ssl=1","datePublished":"2013-03-10T06:28:26+00:00","breadcrumb":{"@id":"https:\/\/joyana.fr\/en\/chambres-dhotes-au-vieux-panier\/104037\/#breadcrumb"},"inLanguage":"ja","potentialAction":[{"@type":"ReadAction","target":["https:\/\/joyana.fr\/en\/chambres-dhotes-au-vieux-panier\/104037\/"]}]},{"@type":"ImageObject","inLanguage":"ja","@id":"https:\/\/joyana.fr\/en\/chambres-dhotes-au-vieux-panier\/104037\/#primaryimage","url":"https:\/\/i0.wp.com\/joyana.fr\/wp-content\/uploads\/2010\/07\/O2Y4471.jpg?fit=650%2C433&ssl=1","contentUrl":"https:\/\/i0.wp.com\/joyana.fr\/wp-content\/uploads\/2010\/07\/O2Y4471.jpg?fit=650%2C433&ssl=1","width":650,"height":433},{"@type":"BreadcrumbList","@id":"https:\/\/joyana.fr\/en\/chambres-dhotes-au-vieux-panier\/104037\/#breadcrumb","itemListElement":[{"@type":"ListItem","position":1,"name":"Accueil","item":"https:\/\/joyana.fr\/"},{"@type":"ListItem","position":2,"name":"Chambres d&#8217;H\u00f4tes AU VIEUX PANIER &#8211; 4\u00e8me Saison"}]},{"@type":"WebSite","@id":"https:\/\/joyana.fr\/#website","url":"https:\/\/joyana.fr\/","name":"JO YANA","description":"Blog Mode Homme, Lifestyle, D\u00e9co-Design","publisher":{"@id":"https:\/\/joyana.fr\/#\/schema\/person\/cf2a1ad12a27c12c21801075bf37407c"},"potentialAction":[{"@type":"SearchAction","target":{"@type":"EntryPoint","urlTemplate":"https:\/\/joyana.fr\/?s={search_term_string}"},"query-input":{"@type":"PropertyValueSpecification","valueRequired":true,"valueName":"search_term_string"}}],"inLanguage":"ja"},{"@type":["Person","Organization"],"@id":"https:\/\/joyana.fr\/#\/schema\/person\/cf2a1ad12a27c12c21801075bf37407c","name":"Jo Yana","image":{"@type":"ImageObject","inLanguage":"ja","@id":"https:\/\/joyana.fr\/#\/schema\/person\/image\/","url":"https:\/\/i0.wp.com\/joyana.fr\/wp-content\/uploads\/2016\/08\/cropped-joyana-logo-black-360x180.png?fit=343%2C164&ssl=1","contentUrl":"https:\/\/i0.wp.com\/joyana.fr\/wp-content\/uploads\/2016\/08\/cropped-joyana-logo-black-360x180.png?fit=343%2C164&ssl=1","width":343,"height":164,"caption":"Jo Yana"},"logo":{"@id":"https:\/\/joyana.fr\/#\/schema\/person\/image\/"},"description":"Jo Yana est le cr\u00e9ateur et r\u00e9dacteur en chef des sites DECO-DESIGN. Passionn\u00e9 de Design, Mode, Photo, Luxe, Lifestyle, Musique, mais avant tout Blogueur ! Le plaisir de partager l'anime et a comme devise \"POUR L'AMOUR DU BEAU\". Retrouvez le aussi sur son blog personnel - https:\/\/joyana.fr...","sameAs":["https:\/\/joyana.fr\/"],"url":"https:\/\/joyana.fr\/ja\/author\/joyana\/"}]}},"author_meta":{"display_name":"Jo Yana","author_link":"https:\/\/joyana.fr\/ja\/author\/joyana\/"},"featured_img":"https:\/\/i0.wp.com\/joyana.fr\/wp-content\/uploads\/2010\/07\/O2Y4471.jpg?fit=389%2C259&ssl=1","featured_image_src":"https:\/\/i0.wp.com\/joyana.fr\/wp-content\/uploads\/2010\/07\/O2Y4471.jpg?resize=600%2C400&ssl=1","featured_image_src_square":"https:\/\/i0.wp.com\/joyana.fr\/wp-content\/uploads\/2010\/07\/O2Y4471.jpg?resize=600%2C433&ssl=1","jetpack_featured_media_url":"https:\/\/i0.wp.com\/joyana.fr\/wp-content\/uploads\/2010\/07\/O2Y4471.jpg?fit=650%2C433&ssl=1","uagb_featured_image_src":{"full":["https:\/\/i0.wp.com\/joyana.fr\/wp-content\/uploads\/2010\/07\/O2Y4471.jpg?fit=650%2C433&ssl=1",650,433,false],"thumbnail":["https:\/\/i0.wp.com\/joyana.fr\/wp-content\/uploads\/2010\/07\/O2Y4471.jpg?resize=150%2C150&ssl=1",150,150,true],"medium":["https:\/\/i0.wp.com\/joyana.fr\/wp-content\/uploads\/2010\/07\/O2Y4471.jpg?fit=389%2C259&ssl=1",389,259,true],"medium_large":["https:\/\/i0.wp.com\/joyana.fr\/wp-content\/uploads\/2010\/07\/O2Y4471.jpg?fit=650%2C433&ssl=1",650,433,true],"large":["https:\/\/i0.wp.com\/joyana.fr\/wp-content\/uploads\/2010\/07\/O2Y4471.jpg?fit=650%2C433&ssl=1",650,433,true],"1536x1536":["https:\/\/i0.wp.com\/joyana.fr\/wp-content\/uploads\/2010\/07\/O2Y4471.jpg?fit=650%2C433&ssl=1",650,433,true],"2048x2048":["https:\/\/i0.wp.com\/joyana.fr\/wp-content\/uploads\/2010\/07\/O2Y4471.jpg?fit=650%2C433&ssl=1",650,433,true],"featured-thumb":["https:\/\/i0.wp.com\/joyana.fr\/wp-content\/uploads\/2010\/07\/O2Y4471.jpg?resize=650%2C433&ssl=1",650,433,true],"ab-block-post-grid-landscape":["https:\/\/i0.wp.com\/joyana.fr\/wp-content\/uploads\/2010\/07\/O2Y4471.jpg?resize=600%2C400&ssl=1",600,400,true],"ab-block-post-grid-square":["https:\/\/i0.wp.com\/joyana.fr\/wp-content\/uploads\/2010\/07\/O2Y4471.jpg?resize=600%2C433&ssl=1",600,433,true],"author-pro-image":["https:\/\/i0.wp.com\/joyana.fr\/wp-content\/uploads\/2010\/07\/O2Y4471.jpg?resize=360%2C433&ssl=1",360,433,true],"slider":["https:\/\/i0.wp.com\/joyana.fr\/wp-content\/uploads\/2010\/07\/O2Y4471.jpg?resize=650%2C400&ssl=1",650,400,true],"woocommerce_thumbnail":["https:\/\/i0.wp.com\/joyana.fr\/wp-content\/uploads\/2010\/07\/O2Y4471.jpg?resize=450%2C433&ssl=1",450,433,true],"woocommerce_single":["https:\/\/i0.wp.com\/joyana.fr\/wp-content\/uploads\/2010\/07\/O2Y4471.jpg?fit=650%2C433&ssl=1",650,433,true],"woocommerce_gallery_thumbnail":["https:\/\/i0.wp.com\/joyana.fr\/wp-content\/uploads\/2010\/07\/O2Y4471.jpg?resize=180%2C180&ssl=1",180,180,true],"sow-carousel-default":["https:\/\/i0.wp.com\/joyana.fr\/wp-content\/uploads\/2010\/07\/O2Y4471.jpg?resize=272%2C182&ssl=1",272,182,true]},"uagb_author_info":{"display_name":"Jo Yana","author_link":"https:\/\/joyana.fr\/ja\/author\/joyana\/"},"uagb_comment_info":387,"uagb_excerpt":"Le soleil marseillais illumine de nouvelles chambres d'&hellip;","coauthors":[],"tax_additional":{"categories":{"linked":["<a href=\"https:\/\/joyana.fr\/ja\/category\/portfolio\/architecture\/\" class=\"advgb-post-tax-term\">ARCHITECTURE<\/a>","<a href=\"https:\/\/joyana.fr\/ja\/category\/deco-design\/actualite\/art-contemporain\/\" class=\"advgb-post-tax-term\">Art Contemporain<\/a>","<a href=\"https:\/\/joyana.fr\/ja\/category\/deco-design\/\" class=\"advgb-post-tax-term\">DECO-DESIGN<\/a>","<a href=\"https:\/\/joyana.fr\/ja\/category\/deco-design\/architecture-deco-design\/pays\/france\/\" class=\"advgb-post-tax-term\">France<\/a>","<a href=\"https:\/\/joyana.fr\/ja\/category\/deco-design\/architecture-deco-design\/lieux-design\/hotel\/\" class=\"advgb-post-tax-term\">H\u00f4tel<\/a>"],"unlinked":["<span class=\"advgb-post-tax-term\">ARCHITECTURE<\/span>","<span class=\"advgb-post-tax-term\">Art Contemporain<\/span>","<span class=\"advgb-post-tax-term\">DECO-DESIGN<\/span>","<span class=\"advgb-post-tax-term\">France<\/span>","<span class=\"advgb-post-tax-term\">H\u00f4tel<\/span>"]},"tags":{"linked":["<a href=\"https:\/\/joyana.fr\/ja\/category\/deco-design\/architecture-deco-design\/lieux-design\/hotel\/\" class=\"advgb-post-tax-term\">Artiste<\/a>","<a href=\"https:\/\/joyana.fr\/ja\/category\/deco-design\/architecture-deco-design\/lieux-design\/hotel\/\" class=\"advgb-post-tax-term\">Chambres d&#039;H\u00f4tes design<\/a>","<a href=\"https:\/\/joyana.fr\/ja\/category\/deco-design\/architecture-deco-design\/lieux-design\/hotel\/\" class=\"advgb-post-tax-term\">H\u00f4tel<\/a>","<a href=\"https:\/\/joyana.fr\/ja\/category\/deco-design\/architecture-deco-design\/lieux-design\/hotel\/\" class=\"advgb-post-tax-term\">H\u00f4tel design<\/a>","<a href=\"https:\/\/joyana.fr\/ja\/category\/deco-design\/architecture-deco-design\/lieux-design\/hotel\/\" class=\"advgb-post-tax-term\">Marseille<\/a>"],"unlinked":["<span class=\"advgb-post-tax-term\">Artiste<\/span>","<span class=\"advgb-post-tax-term\">Chambres d&#039;H\u00f4tes design<\/span>","<span class=\"advgb-post-tax-term\">H\u00f4tel<\/span>","<span class=\"advgb-post-tax-term\">H\u00f4tel design<\/span>","<span class=\"advgb-post-tax-term\">Marseille<\/span>"]}},"comment_count":24,"relative_dates":{"created":"Posted 13\u5e74 ago","modified":"Updated 13\u5e74 ago"},"absolute_dates":{"created":"Posted on 10 3\u6708 2013","modified":"Updated on 10 3\u6708 2013"},"absolute_dates_time":{"created":"Posted on 10 3\u6708 2013 7:28","modified":"Updated on 10 3\u6708 2013 7:28"},"featured_img_caption":"","series_order":"","jetpack_sharing_enabled":true,"jetpack_shortlink":"https:\/\/wp.me\/p9bteI-r41","jetpack-related-posts":[],"_links":{"self":[{"href":"https:\/\/joyana.fr\/ja\/wp-json\/wp\/v2\/posts\/104037","targetHints":{"allow":["GET"]}}],"collection":[{"href":"https:\/\/joyana.fr\/ja\/wp-json\/wp\/v2\/posts"}],"about":[{"href":"https:\/\/joyana.fr\/ja\/wp-json\/wp\/v2\/types\/post"}],"author":[{"embeddable":true,"href":"https:\/\/joyana.fr\/ja\/wp-json\/wp\/v2\/users\/3"}],"replies":[{"embeddable":true,"href":"https:\/\/joyana.fr\/ja\/wp-json\/wp\/v2\/comments?post=104037"}],"version-history":[{"count":0,"href":"https:\/\/joyana.fr\/ja\/wp-json\/wp\/v2\/posts\/104037\/revisions"}],"wp:featuredmedia":[{"embeddable":true,"href":"https:\/\/joyana.fr\/ja\/wp-json\/wp\/v2\/media\/112596"}],"wp:attachment":[{"href":"https:\/\/joyana.fr\/ja\/wp-json\/wp\/v2\/media?parent=104037"}],"wp:term":[{"taxonomy":"category","embeddable":true,"href":"https:\/\/joyana.fr\/ja\/wp-json\/wp\/v2\/categories?post=104037"},{"taxonomy":"post_tag","embeddable":true,"href":"https:\/\/joyana.fr\/ja\/wp-json\/wp\/v2\/tags?post=104037"}],"curies":[{"name":"wp","href":"https:\/\/api.w.org\/{rel}","templated":true}]}}