{"id":104267,"date":"2010-09-08T12:21:32","date_gmt":"2010-09-08T11:21:32","guid":{"rendered":"https:\/\/joyana.fr\/?p=4267"},"modified":"2010-09-08T12:21:32","modified_gmt":"2010-09-08T11:21:32","slug":"maison-objet-septembre-2010-moving-ideas-par-jaime-hayon","status":"publish","type":"post","link":"https:\/\/joyana.fr\/ja\/maison-objet-septembre-2010-moving-ideas-par-jaime-hayon\/104267\/","title":{"rendered":"MAISON &#038; OBJET 2010 : MOVING IDEAS par Jaime HAYON"},"content":{"rendered":"<p>Apr\u00e8s l&#8217;<a title=\"EXPOSITION VIA MAISON ET OBJET\" href=\"https:\/\/joyana.fr\/maison-objet-septembre-2010-exposition-via-meuble-paris\/4251\/\">exposition VIA<\/a>, partons sur la plan\u00e8te de <a title=\"JAIME HAYON\" href=\"https:\/\/joyana.fr\/jaime-hayon-lenfant-de-la-movida\/2260\/\"><strong>Jaime Hayon<\/strong><\/a> avec <strong>MOVING IDEAS<\/strong> &#8211; qui rend hommage \u00e0 l&#8217;artiste espagnol, \u00e9lu cr\u00e9ateur de l\u2019ann\u00e9e pour Sc\u00e8nes d\u2019Int\u00e9rieur. Une superbe installation qui retrace le parcours artistique du designer, avec diff\u00e9rentes pi\u00e8ces et croquis qui nous font imm\u00e9diatement retomber dans l&#8217;enfance&#8230;<\/p>\n<p><img data-recalc-dims=\"1\" fetchpriority=\"high\" decoding=\"async\" class=\"alignnone size-full wp-image-4264\" style=\"margin-left: 8px; margin-right: 8px;\" title=\"MAISON &#038; OBJET 2010 : MOVING IDEAS par Jaime HAYON\" src=\"https:\/\/i0.wp.com\/joyana.fr\/wp-content\/uploads\/MAISON-ET-OBJET-2010-JAIME_HAYON_6.jpg?resize=500%2C350&#038;ssl=1\" alt=\"\" width=\"500\" height=\"350\" \/><\/p>\n<p><img data-recalc-dims=\"1\" decoding=\"async\" class=\"alignnone size-full wp-image-4265\" style=\"margin-left: 8px; margin-right: 8px;\" title=\"MAISON &#038; OBJET 2010 : MOVING IDEAS par Jaime HAYON\" src=\"https:\/\/i0.wp.com\/joyana.fr\/wp-content\/uploads\/MAISON-ET-OBJET-2010-JAIME_HAYON_8.jpg?resize=500%2C325&#038;ssl=1\" alt=\"\" width=\"500\" height=\"325\" \/><\/p>\n<p><img data-recalc-dims=\"1\" decoding=\"async\" class=\"alignnone size-full wp-image-4263\" style=\"margin-left: 8px; margin-right: 8px;\" title=\"MAISON &#038; OBJET 2010 : MOVING IDEAS par Jaime HAYON\" src=\"https:\/\/i0.wp.com\/joyana.fr\/wp-content\/uploads\/MAISON-ET-OBJET-2010-JAIME_HAYON_3.jpg?resize=500%2C335&#038;ssl=1\" alt=\"\" width=\"500\" height=\"335\" \/><\/p>\n<p><img data-recalc-dims=\"1\" loading=\"lazy\" decoding=\"async\" class=\"alignnone size-full wp-image-4262\" style=\"margin-left: 8px; margin-right: 8px;\" title=\"MAISON &#038; OBJET 2010 : MOVING IDEAS par Jaime HAYON\" src=\"https:\/\/i0.wp.com\/joyana.fr\/wp-content\/uploads\/MAISON-ET-OBJET-2010-JAIME_HAYON_2.jpg?resize=500%2C760&#038;ssl=1\" alt=\"\" width=\"500\" height=\"760\" \/><\/p>\n<p><img data-recalc-dims=\"1\" loading=\"lazy\" decoding=\"async\" class=\"alignnone size-full wp-image-4261\" style=\"margin-left: 8px; margin-right: 8px;\" title=\"MAISON &#038; OBJET 2010 : MOVING IDEAS par Jaime HAYON\" src=\"https:\/\/i0.wp.com\/joyana.fr\/wp-content\/uploads\/MAISON-ET-OBJET-2010-JAIME_HAYON_1.jpg?resize=500%2C335&#038;ssl=1\" alt=\"\" width=\"500\" height=\"335\" \/><\/p>\n<p><img data-recalc-dims=\"1\" loading=\"lazy\" decoding=\"async\" class=\"alignnone size-full wp-image-4260\" style=\"margin-left: 8px; margin-right: 8px;\" title=\"MAISON &#038; OBJET 2010 : MOVING IDEAS par Jaime HAYON\" src=\"https:\/\/i0.wp.com\/joyana.fr\/wp-content\/uploads\/MAISON-ET-OBJET-2010-JAIME_HAYON.jpg?resize=500%2C762&#038;ssl=1\" alt=\"\" width=\"500\" height=\"762\" \/><\/p>\n<p>En savoir + sur <a title=\"JAIME HAYON\" href=\"http:\/\/www.hayonstudio.com\/home.php\"><strong>Jaime HAYON<\/strong><\/a><\/p>\n<p>Voir d\u2019autres reportages sur <strong><a title=\"MAISON ET OBJET SEPTEMBRE 2010\" href=\"..\/maison-objet-septembre-2010-exposition-via-meuble-paris\/index.php?s=maison+objet+septembre+2010&#038;sbutt=Go\">MAISON &#038; OBJET SEPTEMBRE 2010<\/a><\/strong><\/p>\n","protected":false},"excerpt":{"rendered":"<p>Apr\u00e8s l&#8217;exposition VIA, partons sur la plan\u00e8te de Jaime Hayon avec MOVING IDEAS &#8211; qui rend hommage [&hellip;]<\/p>\n","protected":false},"author":3,"featured_media":104264,"comment_status":"open","ping_status":"open","sticky":false,"template":"","format":"standard","meta":{"_coblocks_attr":"","_coblocks_dimensions":"","_coblocks_responsive_height":"","_coblocks_accordion_ie_support":"","_uag_custom_page_level_css":"","advgb_blocks_editor_width":"","advgb_blocks_columns_visual_guide":"","_genesis_hide_title":false,"_genesis_hide_breadcrumbs":false,"_genesis_hide_singular_image":false,"_genesis_hide_footer_widgets":false,"_genesis_custom_body_class":"","_genesis_custom_post_class":"","_genesis_layout":"","_themeisle_gutenberg_block_has_review":false,"_jetpack_newsletter_access":"","_jetpack_dont_email_post_to_subs":false,"_jetpack_newsletter_tier_id":0,"_jetpack_memberships_contains_paywalled_content":false,"_jetpack_memberships_contains_paid_content":false,"footnotes":""},"categories":[905,967,961,1015],"tags":[966,963],"class_list":{"0":"post-104267","1":"post","2":"type-post","3":"status-publish","4":"format-standard","5":"has-post-thumbnail","7":"category-deco-design","8":"category-jaime-hayon","9":"category-maison-et-objet","10":"category-salon","11":"tag-jaime-hayon","12":"tag-salons-design","13":"entry"},"featured_image_urls":{"full":["https:\/\/i0.wp.com\/joyana.fr\/wp-content\/uploads\/old\/MAISON-ET-OBJET-2010-JAIME_HAYON_6.jpg?fit=500%2C350&ssl=1",500,350,false],"thumbnail":["https:\/\/i0.wp.com\/joyana.fr\/wp-content\/uploads\/old\/MAISON-ET-OBJET-2010-JAIME_HAYON_6.jpg?resize=150%2C150&ssl=1",150,150,true],"medium":["https:\/\/i0.wp.com\/joyana.fr\/wp-content\/uploads\/old\/MAISON-ET-OBJET-2010-JAIME_HAYON_6.jpg?fit=389%2C272&ssl=1",389,272,true],"medium_large":["https:\/\/i0.wp.com\/joyana.fr\/wp-content\/uploads\/old\/MAISON-ET-OBJET-2010-JAIME_HAYON_6.jpg?fit=500%2C350&ssl=1",500,350,true],"large":["https:\/\/i0.wp.com\/joyana.fr\/wp-content\/uploads\/old\/MAISON-ET-OBJET-2010-JAIME_HAYON_6.jpg?fit=500%2C350&ssl=1",500,350,true],"1536x1536":["https:\/\/i0.wp.com\/joyana.fr\/wp-content\/uploads\/old\/MAISON-ET-OBJET-2010-JAIME_HAYON_6.jpg?fit=500%2C350&ssl=1",500,350,true],"2048x2048":["https:\/\/i0.wp.com\/joyana.fr\/wp-content\/uploads\/old\/MAISON-ET-OBJET-2010-JAIME_HAYON_6.jpg?fit=500%2C350&ssl=1",500,350,true],"featured-thumb":["https:\/\/i0.wp.com\/joyana.fr\/wp-content\/uploads\/old\/MAISON-ET-OBJET-2010-JAIME_HAYON_6.jpg?resize=500%2C350&ssl=1",500,350,true],"ab-block-post-grid-landscape":["https:\/\/i0.wp.com\/joyana.fr\/wp-content\/uploads\/old\/MAISON-ET-OBJET-2010-JAIME_HAYON_6.jpg?resize=500%2C350&ssl=1",500,350,true],"ab-block-post-grid-square":["https:\/\/i0.wp.com\/joyana.fr\/wp-content\/uploads\/old\/MAISON-ET-OBJET-2010-JAIME_HAYON_6.jpg?resize=500%2C350&ssl=1",500,350,true],"author-pro-image":["https:\/\/i0.wp.com\/joyana.fr\/wp-content\/uploads\/old\/MAISON-ET-OBJET-2010-JAIME_HAYON_6.jpg?resize=360%2C350&ssl=1",360,350,true],"slider":["https:\/\/i0.wp.com\/joyana.fr\/wp-content\/uploads\/old\/MAISON-ET-OBJET-2010-JAIME_HAYON_6.jpg?resize=500%2C350&ssl=1",500,350,true],"woocommerce_thumbnail":["https:\/\/i0.wp.com\/joyana.fr\/wp-content\/uploads\/old\/MAISON-ET-OBJET-2010-JAIME_HAYON_6.jpg?resize=450%2C350&ssl=1",450,350,true],"woocommerce_single":["https:\/\/i0.wp.com\/joyana.fr\/wp-content\/uploads\/old\/MAISON-ET-OBJET-2010-JAIME_HAYON_6.jpg?fit=500%2C350&ssl=1",500,350,true],"woocommerce_gallery_thumbnail":["https:\/\/i0.wp.com\/joyana.fr\/wp-content\/uploads\/old\/MAISON-ET-OBJET-2010-JAIME_HAYON_6.jpg?resize=180%2C180&ssl=1",180,180,true],"sow-carousel-default":["https:\/\/i0.wp.com\/joyana.fr\/wp-content\/uploads\/old\/MAISON-ET-OBJET-2010-JAIME_HAYON_6.jpg?resize=272%2C182&ssl=1",272,182,true]},"post_excerpt_stackable":"<p>Apr\u00e8s l&#8217;exposition VIA, partons sur la plan\u00e8te de Jaime Hayon avec MOVING IDEAS &#8211; qui re&hellip;<\/p>\n","category_list":"<a href=\"https:\/\/joyana.fr\/ja\/category\/deco-design\/\" rel=\"category tag\">DECO-DESIGN<\/a>, <a href=\"https:\/\/joyana.fr\/ja\/category\/deco-design\/designer\/jaime-hayon\/\" rel=\"category tag\">Jaime HAYON<\/a>, <a href=\"https:\/\/joyana.fr\/ja\/category\/deco-design\/actualite\/salon\/maison-et-objet\/\" rel=\"category tag\">MAISON &amp; OBJET<\/a>, <a href=\"https:\/\/joyana.fr\/ja\/category\/deco-design\/actualite\/salon\/\" rel=\"category tag\">Salon &amp; Ev\u00e8nement<\/a>","author_info":{"display_name":"Jo Yana","author_link":"https:\/\/joyana.fr\/ja\/author\/joyana\/"},"comments_num":"8 comments","featured_image_urls_v2":{"full":["https:\/\/i0.wp.com\/joyana.fr\/wp-content\/uploads\/old\/MAISON-ET-OBJET-2010-JAIME_HAYON_6.jpg?fit=500%2C350&ssl=1",500,350,false],"thumbnail":["https:\/\/i0.wp.com\/joyana.fr\/wp-content\/uploads\/old\/MAISON-ET-OBJET-2010-JAIME_HAYON_6.jpg?resize=150%2C150&ssl=1",150,150,true],"medium":["https:\/\/i0.wp.com\/joyana.fr\/wp-content\/uploads\/old\/MAISON-ET-OBJET-2010-JAIME_HAYON_6.jpg?fit=389%2C272&ssl=1",389,272,true],"medium_large":["https:\/\/i0.wp.com\/joyana.fr\/wp-content\/uploads\/old\/MAISON-ET-OBJET-2010-JAIME_HAYON_6.jpg?fit=500%2C350&ssl=1",500,350,true],"large":["https:\/\/i0.wp.com\/joyana.fr\/wp-content\/uploads\/old\/MAISON-ET-OBJET-2010-JAIME_HAYON_6.jpg?fit=500%2C350&ssl=1",500,350,true],"1536x1536":["https:\/\/i0.wp.com\/joyana.fr\/wp-content\/uploads\/old\/MAISON-ET-OBJET-2010-JAIME_HAYON_6.jpg?fit=500%2C350&ssl=1",500,350,true],"2048x2048":["https:\/\/i0.wp.com\/joyana.fr\/wp-content\/uploads\/old\/MAISON-ET-OBJET-2010-JAIME_HAYON_6.jpg?fit=500%2C350&ssl=1",500,350,true],"featured-thumb":["https:\/\/i0.wp.com\/joyana.fr\/wp-content\/uploads\/old\/MAISON-ET-OBJET-2010-JAIME_HAYON_6.jpg?resize=500%2C350&ssl=1",500,350,true],"ab-block-post-grid-landscape":["https:\/\/i0.wp.com\/joyana.fr\/wp-content\/uploads\/old\/MAISON-ET-OBJET-2010-JAIME_HAYON_6.jpg?resize=500%2C350&ssl=1",500,350,true],"ab-block-post-grid-square":["https:\/\/i0.wp.com\/joyana.fr\/wp-content\/uploads\/old\/MAISON-ET-OBJET-2010-JAIME_HAYON_6.jpg?resize=500%2C350&ssl=1",500,350,true],"author-pro-image":["https:\/\/i0.wp.com\/joyana.fr\/wp-content\/uploads\/old\/MAISON-ET-OBJET-2010-JAIME_HAYON_6.jpg?resize=360%2C350&ssl=1",360,350,true],"slider":["https:\/\/i0.wp.com\/joyana.fr\/wp-content\/uploads\/old\/MAISON-ET-OBJET-2010-JAIME_HAYON_6.jpg?resize=500%2C350&ssl=1",500,350,true],"woocommerce_thumbnail":["https:\/\/i0.wp.com\/joyana.fr\/wp-content\/uploads\/old\/MAISON-ET-OBJET-2010-JAIME_HAYON_6.jpg?resize=450%2C350&ssl=1",450,350,true],"woocommerce_single":["https:\/\/i0.wp.com\/joyana.fr\/wp-content\/uploads\/old\/MAISON-ET-OBJET-2010-JAIME_HAYON_6.jpg?fit=500%2C350&ssl=1",500,350,true],"woocommerce_gallery_thumbnail":["https:\/\/i0.wp.com\/joyana.fr\/wp-content\/uploads\/old\/MAISON-ET-OBJET-2010-JAIME_HAYON_6.jpg?resize=180%2C180&ssl=1",180,180,true],"sow-carousel-default":["https:\/\/i0.wp.com\/joyana.fr\/wp-content\/uploads\/old\/MAISON-ET-OBJET-2010-JAIME_HAYON_6.jpg?resize=272%2C182&ssl=1",272,182,true]},"post_excerpt_stackable_v2":"<p>Apr\u00e8s l&#8217;exposition VIA, partons sur la plan\u00e8te de Jaime Hayon avec MOVING IDEAS &#8211; qui re&hellip;<\/p>\n","category_list_v2":"<a href=\"https:\/\/joyana.fr\/ja\/category\/deco-design\/\" rel=\"category tag\">DECO-DESIGN<\/a>, <a href=\"https:\/\/joyana.fr\/ja\/category\/deco-design\/designer\/jaime-hayon\/\" rel=\"category tag\">Jaime HAYON<\/a>, <a href=\"https:\/\/joyana.fr\/ja\/category\/deco-design\/actualite\/salon\/maison-et-objet\/\" rel=\"category tag\">MAISON &amp; OBJET<\/a>, <a href=\"https:\/\/joyana.fr\/ja\/category\/deco-design\/actualite\/salon\/\" rel=\"category tag\">Salon &amp; Ev\u00e8nement<\/a>","author_info_v2":{"name":"Jo Yana","url":"https:\/\/joyana.fr\/ja\/author\/joyana\/"},"comments_num_v2":"8 comments","yoast_head":"<!-- This site is optimized with the Yoast SEO plugin v26.8 - https:\/\/yoast.com\/product\/yoast-seo-wordpress\/ -->\n<title>MAISON &amp; OBJET 2010 : MOVING IDEAS par Jaime HAYON - JO YANA<\/title>\n<meta name=\"robots\" content=\"index, follow, max-snippet:-1, max-image-preview:large, max-video-preview:-1\" \/>\n<link rel=\"canonical\" href=\"https:\/\/joyana.fr\/ja\/maison-objet-septembre-2010-moving-ideas-par-jaime-hayon\/104267\/\" \/>\n<meta property=\"og:locale\" content=\"ja_JP\" \/>\n<meta property=\"og:locale:alternate\" content=\"fr_FR\" \/>\n<meta property=\"og:locale:alternate\" content=\"en_US\" \/>\n<meta property=\"og:type\" content=\"article\" \/>\n<meta property=\"og:title\" content=\"MAISON &amp; OBJET 2010 : MOVING IDEAS par Jaime HAYON - JO YANA\" \/>\n<meta property=\"og:description\" content=\"Apr\u00e8s l&#8217;exposition VIA, partons sur la plan\u00e8te de Jaime Hayon avec MOVING IDEAS &#8211; qui rend hommage [&hellip;]\" \/>\n<meta property=\"og:url\" content=\"https:\/\/joyana.fr\/ja\/maison-objet-septembre-2010-moving-ideas-par-jaime-hayon\/104267\/\" \/>\n<meta property=\"og:site_name\" content=\"JO YANA\" \/>\n<meta property=\"article:published_time\" content=\"2010-09-08T11:21:32+00:00\" \/>\n<meta property=\"og:image\" content=\"https:\/\/joyana.fr\/wp-content\/uploads\/old\/MAISON-ET-OBJET-2010-JAIME_HAYON_6.jpg\" \/>\n\t<meta property=\"og:image:width\" content=\"500\" \/>\n\t<meta property=\"og:image:height\" content=\"350\" \/>\n\t<meta property=\"og:image:type\" content=\"image\/jpeg\" \/>\n<meta name=\"author\" content=\"Jo Yana\" \/>\n<meta name=\"twitter:card\" content=\"summary_large_image\" \/>\n<meta name=\"twitter:creator\" content=\"@Jo_Yana\" \/>\n<meta name=\"twitter:site\" content=\"@Jo_Yana\" \/>\n<meta name=\"twitter:label1\" content=\"\u57f7\u7b46\u8005\" \/>\n\t<meta name=\"twitter:data1\" content=\"Jo Yana\" \/>\n<script type=\"application\/ld+json\" class=\"yoast-schema-graph\">{\"@context\":\"https:\/\/schema.org\",\"@graph\":[{\"@type\":\"Article\",\"@id\":\"https:\/\/joyana.fr\/maison-objet-septembre-2010-moving-ideas-par-jaime-hayon\/104267\/#article\",\"isPartOf\":{\"@id\":\"https:\/\/joyana.fr\/maison-objet-septembre-2010-moving-ideas-par-jaime-hayon\/104267\/\"},\"author\":{\"name\":\"Jo Yana\",\"@id\":\"https:\/\/www.joyana.fr\/ja\/#\/schema\/person\/cf2a1ad12a27c12c21801075bf37407c\"},\"headline\":\"MAISON &#038; OBJET 2010 : MOVING IDEAS par Jaime HAYON\",\"datePublished\":\"2010-09-08T11:21:32+00:00\",\"mainEntityOfPage\":{\"@id\":\"https:\/\/joyana.fr\/maison-objet-septembre-2010-moving-ideas-par-jaime-hayon\/104267\/\"},\"wordCount\":82,\"commentCount\":0,\"publisher\":{\"@id\":\"https:\/\/www.joyana.fr\/ja\/#\/schema\/person\/cf2a1ad12a27c12c21801075bf37407c\"},\"image\":{\"@id\":\"https:\/\/joyana.fr\/maison-objet-septembre-2010-moving-ideas-par-jaime-hayon\/104267\/#primaryimage\"},\"thumbnailUrl\":\"https:\/\/i0.wp.com\/joyana.fr\/wp-content\/uploads\/old\/MAISON-ET-OBJET-2010-JAIME_HAYON_6.jpg?fit=500%2C350&ssl=1\",\"keywords\":[\"Jaime HAYON\",\"Salons design\"],\"articleSection\":[\"DECO-DESIGN\",\"Jaime HAYON\",\"MAISON &amp; OBJET\",\"Salon &amp; Ev\u00e8nement\"],\"inLanguage\":\"ja\",\"potentialAction\":[{\"@type\":\"CommentAction\",\"name\":\"Comment\",\"target\":[\"https:\/\/joyana.fr\/maison-objet-septembre-2010-moving-ideas-par-jaime-hayon\/104267\/#respond\"]}]},{\"@type\":\"WebPage\",\"@id\":\"https:\/\/joyana.fr\/maison-objet-septembre-2010-moving-ideas-par-jaime-hayon\/104267\/\",\"url\":\"https:\/\/joyana.fr\/maison-objet-septembre-2010-moving-ideas-par-jaime-hayon\/104267\/\",\"name\":\"MAISON & OBJET 2010 : MOVING IDEAS par Jaime HAYON - JO YANA\",\"isPartOf\":{\"@id\":\"https:\/\/www.joyana.fr\/ja\/#website\"},\"primaryImageOfPage\":{\"@id\":\"https:\/\/joyana.fr\/maison-objet-septembre-2010-moving-ideas-par-jaime-hayon\/104267\/#primaryimage\"},\"image\":{\"@id\":\"https:\/\/joyana.fr\/maison-objet-septembre-2010-moving-ideas-par-jaime-hayon\/104267\/#primaryimage\"},\"thumbnailUrl\":\"https:\/\/i0.wp.com\/joyana.fr\/wp-content\/uploads\/old\/MAISON-ET-OBJET-2010-JAIME_HAYON_6.jpg?fit=500%2C350&ssl=1\",\"datePublished\":\"2010-09-08T11:21:32+00:00\",\"breadcrumb\":{\"@id\":\"https:\/\/joyana.fr\/maison-objet-septembre-2010-moving-ideas-par-jaime-hayon\/104267\/#breadcrumb\"},\"inLanguage\":\"ja\",\"potentialAction\":[{\"@type\":\"ReadAction\",\"target\":[\"https:\/\/joyana.fr\/maison-objet-septembre-2010-moving-ideas-par-jaime-hayon\/104267\/\"]}]},{\"@type\":\"ImageObject\",\"inLanguage\":\"ja\",\"@id\":\"https:\/\/joyana.fr\/maison-objet-septembre-2010-moving-ideas-par-jaime-hayon\/104267\/#primaryimage\",\"url\":\"https:\/\/i0.wp.com\/joyana.fr\/wp-content\/uploads\/old\/MAISON-ET-OBJET-2010-JAIME_HAYON_6.jpg?fit=500%2C350&ssl=1\",\"contentUrl\":\"https:\/\/i0.wp.com\/joyana.fr\/wp-content\/uploads\/old\/MAISON-ET-OBJET-2010-JAIME_HAYON_6.jpg?fit=500%2C350&ssl=1\",\"width\":500,\"height\":350},{\"@type\":\"BreadcrumbList\",\"@id\":\"https:\/\/joyana.fr\/maison-objet-septembre-2010-moving-ideas-par-jaime-hayon\/104267\/#breadcrumb\",\"itemListElement\":[{\"@type\":\"ListItem\",\"position\":1,\"name\":\"Accueil\",\"item\":\"https:\/\/www.joyana.fr\/ja\/\"},{\"@type\":\"ListItem\",\"position\":2,\"name\":\"MAISON &#038; OBJET 2010 : MOVING IDEAS par Jaime HAYON\"}]},{\"@type\":\"WebSite\",\"@id\":\"https:\/\/www.joyana.fr\/ja\/#website\",\"url\":\"https:\/\/www.joyana.fr\/ja\/\",\"name\":\"JO YANA\",\"description\":\"Blog Mode Homme, Lifestyle, D\u00e9co-Design\",\"publisher\":{\"@id\":\"https:\/\/www.joyana.fr\/ja\/#\/schema\/person\/cf2a1ad12a27c12c21801075bf37407c\"},\"potentialAction\":[{\"@type\":\"SearchAction\",\"target\":{\"@type\":\"EntryPoint\",\"urlTemplate\":\"https:\/\/www.joyana.fr\/ja\/?s={search_term_string}\"},\"query-input\":{\"@type\":\"PropertyValueSpecification\",\"valueRequired\":true,\"valueName\":\"search_term_string\"}}],\"inLanguage\":\"ja\"},{\"@type\":[\"Person\",\"Organization\"],\"@id\":\"https:\/\/www.joyana.fr\/ja\/#\/schema\/person\/cf2a1ad12a27c12c21801075bf37407c\",\"name\":\"Jo Yana\",\"image\":{\"@type\":\"ImageObject\",\"inLanguage\":\"ja\",\"@id\":\"https:\/\/www.joyana.fr\/ja\/#\/schema\/person\/image\/\",\"url\":\"https:\/\/i0.wp.com\/joyana.fr\/wp-content\/uploads\/2016\/08\/cropped-joyana-logo-black-360x180.png?fit=343%2C164&ssl=1\",\"contentUrl\":\"https:\/\/i0.wp.com\/joyana.fr\/wp-content\/uploads\/2016\/08\/cropped-joyana-logo-black-360x180.png?fit=343%2C164&ssl=1\",\"width\":343,\"height\":164,\"caption\":\"Jo Yana\"},\"logo\":{\"@id\":\"https:\/\/www.joyana.fr\/ja\/#\/schema\/person\/image\/\"},\"description\":\"Jo Yana est le cr\u00e9ateur et r\u00e9dacteur en chef des sites DECO-DESIGN. Passionn\u00e9 de Design, Mode, Photo, Luxe, Lifestyle, Musique, mais avant tout Blogueur ! Le plaisir de partager l'anime et a comme devise \\\"POUR L'AMOUR DU BEAU\\\". Retrouvez le aussi sur son blog personnel - https:\/\/joyana.fr...\",\"sameAs\":[\"https:\/\/joyana.fr\/\"],\"url\":\"https:\/\/joyana.fr\/ja\/author\/joyana\/\"}]}<\/script>\n<!-- \/ Yoast SEO plugin. -->","yoast_head_json":{"title":"MAISON & OBJET 2010 : MOVING IDEAS par Jaime HAYON - JO YANA","robots":{"index":"index","follow":"follow","max-snippet":"max-snippet:-1","max-image-preview":"max-image-preview:large","max-video-preview":"max-video-preview:-1"},"canonical":"https:\/\/joyana.fr\/ja\/maison-objet-septembre-2010-moving-ideas-par-jaime-hayon\/104267\/","og_locale":"ja_JP","og_type":"article","og_title":"MAISON & OBJET 2010 : MOVING IDEAS par Jaime HAYON - JO YANA","og_description":"Apr\u00e8s l&#8217;exposition VIA, partons sur la plan\u00e8te de Jaime Hayon avec MOVING IDEAS &#8211; qui rend hommage [&hellip;]","og_url":"https:\/\/joyana.fr\/ja\/maison-objet-septembre-2010-moving-ideas-par-jaime-hayon\/104267\/","og_site_name":"JO YANA","article_published_time":"2010-09-08T11:21:32+00:00","og_image":[{"width":500,"height":350,"url":"https:\/\/joyana.fr\/wp-content\/uploads\/old\/MAISON-ET-OBJET-2010-JAIME_HAYON_6.jpg","type":"image\/jpeg"}],"author":"Jo Yana","twitter_card":"summary_large_image","twitter_creator":"@Jo_Yana","twitter_site":"@Jo_Yana","twitter_misc":{"\u57f7\u7b46\u8005":"Jo Yana"},"schema":{"@context":"https:\/\/schema.org","@graph":[{"@type":"Article","@id":"https:\/\/joyana.fr\/maison-objet-septembre-2010-moving-ideas-par-jaime-hayon\/104267\/#article","isPartOf":{"@id":"https:\/\/joyana.fr\/maison-objet-septembre-2010-moving-ideas-par-jaime-hayon\/104267\/"},"author":{"name":"Jo Yana","@id":"https:\/\/www.joyana.fr\/ja\/#\/schema\/person\/cf2a1ad12a27c12c21801075bf37407c"},"headline":"MAISON &#038; OBJET 2010 : MOVING IDEAS par Jaime HAYON","datePublished":"2010-09-08T11:21:32+00:00","mainEntityOfPage":{"@id":"https:\/\/joyana.fr\/maison-objet-septembre-2010-moving-ideas-par-jaime-hayon\/104267\/"},"wordCount":82,"commentCount":0,"publisher":{"@id":"https:\/\/www.joyana.fr\/ja\/#\/schema\/person\/cf2a1ad12a27c12c21801075bf37407c"},"image":{"@id":"https:\/\/joyana.fr\/maison-objet-septembre-2010-moving-ideas-par-jaime-hayon\/104267\/#primaryimage"},"thumbnailUrl":"https:\/\/i0.wp.com\/joyana.fr\/wp-content\/uploads\/old\/MAISON-ET-OBJET-2010-JAIME_HAYON_6.jpg?fit=500%2C350&ssl=1","keywords":["Jaime HAYON","Salons design"],"articleSection":["DECO-DESIGN","Jaime HAYON","MAISON &amp; OBJET","Salon &amp; Ev\u00e8nement"],"inLanguage":"ja","potentialAction":[{"@type":"CommentAction","name":"Comment","target":["https:\/\/joyana.fr\/maison-objet-septembre-2010-moving-ideas-par-jaime-hayon\/104267\/#respond"]}]},{"@type":"WebPage","@id":"https:\/\/joyana.fr\/maison-objet-septembre-2010-moving-ideas-par-jaime-hayon\/104267\/","url":"https:\/\/joyana.fr\/maison-objet-septembre-2010-moving-ideas-par-jaime-hayon\/104267\/","name":"MAISON & OBJET 2010 : MOVING IDEAS par Jaime HAYON - JO YANA","isPartOf":{"@id":"https:\/\/www.joyana.fr\/ja\/#website"},"primaryImageOfPage":{"@id":"https:\/\/joyana.fr\/maison-objet-septembre-2010-moving-ideas-par-jaime-hayon\/104267\/#primaryimage"},"image":{"@id":"https:\/\/joyana.fr\/maison-objet-septembre-2010-moving-ideas-par-jaime-hayon\/104267\/#primaryimage"},"thumbnailUrl":"https:\/\/i0.wp.com\/joyana.fr\/wp-content\/uploads\/old\/MAISON-ET-OBJET-2010-JAIME_HAYON_6.jpg?fit=500%2C350&ssl=1","datePublished":"2010-09-08T11:21:32+00:00","breadcrumb":{"@id":"https:\/\/joyana.fr\/maison-objet-septembre-2010-moving-ideas-par-jaime-hayon\/104267\/#breadcrumb"},"inLanguage":"ja","potentialAction":[{"@type":"ReadAction","target":["https:\/\/joyana.fr\/maison-objet-septembre-2010-moving-ideas-par-jaime-hayon\/104267\/"]}]},{"@type":"ImageObject","inLanguage":"ja","@id":"https:\/\/joyana.fr\/maison-objet-septembre-2010-moving-ideas-par-jaime-hayon\/104267\/#primaryimage","url":"https:\/\/i0.wp.com\/joyana.fr\/wp-content\/uploads\/old\/MAISON-ET-OBJET-2010-JAIME_HAYON_6.jpg?fit=500%2C350&ssl=1","contentUrl":"https:\/\/i0.wp.com\/joyana.fr\/wp-content\/uploads\/old\/MAISON-ET-OBJET-2010-JAIME_HAYON_6.jpg?fit=500%2C350&ssl=1","width":500,"height":350},{"@type":"BreadcrumbList","@id":"https:\/\/joyana.fr\/maison-objet-septembre-2010-moving-ideas-par-jaime-hayon\/104267\/#breadcrumb","itemListElement":[{"@type":"ListItem","position":1,"name":"Accueil","item":"https:\/\/www.joyana.fr\/ja\/"},{"@type":"ListItem","position":2,"name":"MAISON &#038; OBJET 2010 : MOVING IDEAS par Jaime HAYON"}]},{"@type":"WebSite","@id":"https:\/\/www.joyana.fr\/ja\/#website","url":"https:\/\/www.joyana.fr\/ja\/","name":"JO YANA","description":"Blog Mode Homme, Lifestyle, D\u00e9co-Design","publisher":{"@id":"https:\/\/www.joyana.fr\/ja\/#\/schema\/person\/cf2a1ad12a27c12c21801075bf37407c"},"potentialAction":[{"@type":"SearchAction","target":{"@type":"EntryPoint","urlTemplate":"https:\/\/www.joyana.fr\/ja\/?s={search_term_string}"},"query-input":{"@type":"PropertyValueSpecification","valueRequired":true,"valueName":"search_term_string"}}],"inLanguage":"ja"},{"@type":["Person","Organization"],"@id":"https:\/\/www.joyana.fr\/ja\/#\/schema\/person\/cf2a1ad12a27c12c21801075bf37407c","name":"Jo Yana","image":{"@type":"ImageObject","inLanguage":"ja","@id":"https:\/\/www.joyana.fr\/ja\/#\/schema\/person\/image\/","url":"https:\/\/i0.wp.com\/joyana.fr\/wp-content\/uploads\/2016\/08\/cropped-joyana-logo-black-360x180.png?fit=343%2C164&ssl=1","contentUrl":"https:\/\/i0.wp.com\/joyana.fr\/wp-content\/uploads\/2016\/08\/cropped-joyana-logo-black-360x180.png?fit=343%2C164&ssl=1","width":343,"height":164,"caption":"Jo Yana"},"logo":{"@id":"https:\/\/www.joyana.fr\/ja\/#\/schema\/person\/image\/"},"description":"Jo Yana est le cr\u00e9ateur et r\u00e9dacteur en chef des sites DECO-DESIGN. Passionn\u00e9 de Design, Mode, Photo, Luxe, Lifestyle, Musique, mais avant tout Blogueur ! Le plaisir de partager l'anime et a comme devise \"POUR L'AMOUR DU BEAU\". Retrouvez le aussi sur son blog personnel - https:\/\/joyana.fr...","sameAs":["https:\/\/joyana.fr\/"],"url":"https:\/\/joyana.fr\/ja\/author\/joyana\/"}]}},"author_meta":{"display_name":"Jo Yana","author_link":"https:\/\/joyana.fr\/ja\/author\/joyana\/"},"featured_img":"https:\/\/i0.wp.com\/joyana.fr\/wp-content\/uploads\/old\/MAISON-ET-OBJET-2010-JAIME_HAYON_6.jpg?fit=389%2C272&ssl=1","featured_image_src":"https:\/\/i0.wp.com\/joyana.fr\/wp-content\/uploads\/old\/MAISON-ET-OBJET-2010-JAIME_HAYON_6.jpg?resize=500%2C350&ssl=1","featured_image_src_square":"https:\/\/i0.wp.com\/joyana.fr\/wp-content\/uploads\/old\/MAISON-ET-OBJET-2010-JAIME_HAYON_6.jpg?resize=500%2C350&ssl=1","jetpack_featured_media_url":"https:\/\/i0.wp.com\/joyana.fr\/wp-content\/uploads\/old\/MAISON-ET-OBJET-2010-JAIME_HAYON_6.jpg?fit=500%2C350&ssl=1","uagb_featured_image_src":{"full":["https:\/\/i0.wp.com\/joyana.fr\/wp-content\/uploads\/old\/MAISON-ET-OBJET-2010-JAIME_HAYON_6.jpg?fit=500%2C350&ssl=1",500,350,false],"thumbnail":["https:\/\/i0.wp.com\/joyana.fr\/wp-content\/uploads\/old\/MAISON-ET-OBJET-2010-JAIME_HAYON_6.jpg?resize=150%2C150&ssl=1",150,150,true],"medium":["https:\/\/i0.wp.com\/joyana.fr\/wp-content\/uploads\/old\/MAISON-ET-OBJET-2010-JAIME_HAYON_6.jpg?fit=389%2C272&ssl=1",389,272,true],"medium_large":["https:\/\/i0.wp.com\/joyana.fr\/wp-content\/uploads\/old\/MAISON-ET-OBJET-2010-JAIME_HAYON_6.jpg?fit=500%2C350&ssl=1",500,350,true],"large":["https:\/\/i0.wp.com\/joyana.fr\/wp-content\/uploads\/old\/MAISON-ET-OBJET-2010-JAIME_HAYON_6.jpg?fit=500%2C350&ssl=1",500,350,true],"1536x1536":["https:\/\/i0.wp.com\/joyana.fr\/wp-content\/uploads\/old\/MAISON-ET-OBJET-2010-JAIME_HAYON_6.jpg?fit=500%2C350&ssl=1",500,350,true],"2048x2048":["https:\/\/i0.wp.com\/joyana.fr\/wp-content\/uploads\/old\/MAISON-ET-OBJET-2010-JAIME_HAYON_6.jpg?fit=500%2C350&ssl=1",500,350,true],"featured-thumb":["https:\/\/i0.wp.com\/joyana.fr\/wp-content\/uploads\/old\/MAISON-ET-OBJET-2010-JAIME_HAYON_6.jpg?resize=500%2C350&ssl=1",500,350,true],"ab-block-post-grid-landscape":["https:\/\/i0.wp.com\/joyana.fr\/wp-content\/uploads\/old\/MAISON-ET-OBJET-2010-JAIME_HAYON_6.jpg?resize=500%2C350&ssl=1",500,350,true],"ab-block-post-grid-square":["https:\/\/i0.wp.com\/joyana.fr\/wp-content\/uploads\/old\/MAISON-ET-OBJET-2010-JAIME_HAYON_6.jpg?resize=500%2C350&ssl=1",500,350,true],"author-pro-image":["https:\/\/i0.wp.com\/joyana.fr\/wp-content\/uploads\/old\/MAISON-ET-OBJET-2010-JAIME_HAYON_6.jpg?resize=360%2C350&ssl=1",360,350,true],"slider":["https:\/\/i0.wp.com\/joyana.fr\/wp-content\/uploads\/old\/MAISON-ET-OBJET-2010-JAIME_HAYON_6.jpg?resize=500%2C350&ssl=1",500,350,true],"woocommerce_thumbnail":["https:\/\/i0.wp.com\/joyana.fr\/wp-content\/uploads\/old\/MAISON-ET-OBJET-2010-JAIME_HAYON_6.jpg?resize=450%2C350&ssl=1",450,350,true],"woocommerce_single":["https:\/\/i0.wp.com\/joyana.fr\/wp-content\/uploads\/old\/MAISON-ET-OBJET-2010-JAIME_HAYON_6.jpg?fit=500%2C350&ssl=1",500,350,true],"woocommerce_gallery_thumbnail":["https:\/\/i0.wp.com\/joyana.fr\/wp-content\/uploads\/old\/MAISON-ET-OBJET-2010-JAIME_HAYON_6.jpg?resize=180%2C180&ssl=1",180,180,true],"sow-carousel-default":["https:\/\/i0.wp.com\/joyana.fr\/wp-content\/uploads\/old\/MAISON-ET-OBJET-2010-JAIME_HAYON_6.jpg?resize=272%2C182&ssl=1",272,182,true]},"uagb_author_info":{"display_name":"Jo Yana","author_link":"https:\/\/joyana.fr\/ja\/author\/joyana\/"},"uagb_comment_info":8,"uagb_excerpt":"Apr\u00e8s l&#8217;exposition VIA, partons sur la plan\u00e8te de&hellip;","coauthors":[],"tax_additional":{"categories":{"linked":["<a href=\"https:\/\/joyana.fr\/ja\/category\/deco-design\/\" class=\"advgb-post-tax-term\">DECO-DESIGN<\/a>","<a href=\"https:\/\/joyana.fr\/ja\/category\/deco-design\/designer\/jaime-hayon\/\" class=\"advgb-post-tax-term\">Jaime HAYON<\/a>","<a href=\"https:\/\/joyana.fr\/ja\/category\/deco-design\/actualite\/salon\/maison-et-objet\/\" class=\"advgb-post-tax-term\">MAISON &amp; OBJET<\/a>","<a href=\"https:\/\/joyana.fr\/ja\/category\/deco-design\/actualite\/salon\/\" class=\"advgb-post-tax-term\">Salon &amp; Ev\u00e8nement<\/a>"],"unlinked":["<span class=\"advgb-post-tax-term\">DECO-DESIGN<\/span>","<span class=\"advgb-post-tax-term\">Jaime HAYON<\/span>","<span class=\"advgb-post-tax-term\">MAISON &amp; OBJET<\/span>","<span class=\"advgb-post-tax-term\">Salon &amp; Ev\u00e8nement<\/span>"]},"tags":{"linked":["<a href=\"https:\/\/joyana.fr\/ja\/category\/deco-design\/actualite\/salon\/\" class=\"advgb-post-tax-term\">Jaime HAYON<\/a>","<a href=\"https:\/\/joyana.fr\/ja\/category\/deco-design\/actualite\/salon\/\" class=\"advgb-post-tax-term\">Salons design<\/a>"],"unlinked":["<span class=\"advgb-post-tax-term\">Jaime HAYON<\/span>","<span class=\"advgb-post-tax-term\">Salons design<\/span>"]}},"comment_count":8,"relative_dates":{"created":"Posted 16\u5e74 ago","modified":"Updated 16\u5e74 ago"},"absolute_dates":{"created":"Posted on 8 9\u6708 2010","modified":"Updated on 8 9\u6708 2010"},"absolute_dates_time":{"created":"Posted on 8 9\u6708 2010 12:21","modified":"Updated on 8 9\u6708 2010 12:21"},"featured_img_caption":"","series_order":"","jetpack_sharing_enabled":true,"jetpack_shortlink":"https:\/\/wp.me\/p9bteI-r7J","jetpack-related-posts":[],"_links":{"self":[{"href":"https:\/\/joyana.fr\/ja\/wp-json\/wp\/v2\/posts\/104267","targetHints":{"allow":["GET"]}}],"collection":[{"href":"https:\/\/joyana.fr\/ja\/wp-json\/wp\/v2\/posts"}],"about":[{"href":"https:\/\/joyana.fr\/ja\/wp-json\/wp\/v2\/types\/post"}],"author":[{"embeddable":true,"href":"https:\/\/joyana.fr\/ja\/wp-json\/wp\/v2\/users\/3"}],"replies":[{"embeddable":true,"href":"https:\/\/joyana.fr\/ja\/wp-json\/wp\/v2\/comments?post=104267"}],"version-history":[{"count":0,"href":"https:\/\/joyana.fr\/ja\/wp-json\/wp\/v2\/posts\/104267\/revisions"}],"wp:featuredmedia":[{"embeddable":true,"href":"https:\/\/joyana.fr\/ja\/wp-json\/wp\/v2\/media\/104264"}],"wp:attachment":[{"href":"https:\/\/joyana.fr\/ja\/wp-json\/wp\/v2\/media?parent=104267"}],"wp:term":[{"taxonomy":"category","embeddable":true,"href":"https:\/\/joyana.fr\/ja\/wp-json\/wp\/v2\/categories?post=104267"},{"taxonomy":"post_tag","embeddable":true,"href":"https:\/\/joyana.fr\/ja\/wp-json\/wp\/v2\/tags?post=104267"}],"curies":[{"name":"wp","href":"https:\/\/api.w.org\/{rel}","templated":true}]}}