{"id":104425,"date":"2010-09-29T12:38:32","date_gmt":"2010-09-29T11:38:32","guid":{"rendered":"https:\/\/joyana.fr\/?p=4425"},"modified":"2010-09-29T12:38:32","modified_gmt":"2010-09-29T11:38:32","slug":"twin-lofts-by-federico-delrosso","status":"publish","type":"post","link":"https:\/\/joyana.fr\/ja\/twin-lofts-by-federico-delrosso\/104425\/","title":{"rendered":"Twin Lofts by Federico DELROSSO (Milan)"},"content":{"rendered":"<p>Aujourd&#8217;hui nous d\u00e9couvrons le projet <strong>Twin Lofts<\/strong> r\u00e9alis\u00e9 par l&#8217;<strong>architecte Federico Delrosso<\/strong>. Deux <strong>lofts jumeaux <\/strong>&#8211; qui s&#8217;apparentent \u00e0 un organisme unicellulaire divis\u00e9 en deux volumes structurellement identiques et similaires en interne mais \u00e0 l&#8217;oppos\u00e9&#8230;<\/p>\n<p><img data-recalc-dims=\"1\" fetchpriority=\"high\" decoding=\"async\" data-attachment-id=\"4426\" data-permalink=\"https:\/\/joyana.fr\/ja\/new-balance-574-infrared\/4421\/new-balance-574-infrared-5-630x420\/\" data-orig-file=\"https:\/\/i0.wp.com\/joyana.fr\/wp-content\/uploads\/2012\/11\/new-balance-574-infrared-5-630x420.jpg?fit=630%2C420&amp;ssl=1\" data-orig-size=\"630,420\" data-comments-opened=\"1\" data-image-meta=\"{&quot;aperture&quot;:&quot;0&quot;,&quot;credit&quot;:&quot;&quot;,&quot;camera&quot;:&quot;&quot;,&quot;caption&quot;:&quot;&quot;,&quot;created_timestamp&quot;:&quot;0&quot;,&quot;copyright&quot;:&quot;&quot;,&quot;focal_length&quot;:&quot;0&quot;,&quot;iso&quot;:&quot;0&quot;,&quot;shutter_speed&quot;:&quot;0&quot;,&quot;title&quot;:&quot;&quot;,&quot;orientation&quot;:&quot;0&quot;}\" data-image-title=\"new-balance-574-infrared-5-630&#215;420\" data-image-description=\"\" data-image-caption=\"\" data-medium-file=\"https:\/\/i0.wp.com\/joyana.fr\/wp-content\/uploads\/2012\/11\/new-balance-574-infrared-5-630x420.jpg?fit=389%2C259&amp;ssl=1\" data-large-file=\"https:\/\/i0.wp.com\/joyana.fr\/wp-content\/uploads\/2012\/11\/new-balance-574-infrared-5-630x420.jpg?fit=630%2C420&amp;ssl=1\" class=\"alignnone size-full wp-image-4426\" style=\"margin-left: 8px; margin-right: 8px;\" title=\"Twin Lofts by Federico DELROSSO\" src=\"https:\/\/i0.wp.com\/joyana.fr\/wp-content\/uploads\/tl-TWIN_LOFT.jpg?resize=500%2C350&#038;ssl=1\" alt=\"\" width=\"500\" height=\"350\" \/><\/p>\n<p>Pour la restructuration et l&#8217;int\u00e9rieur des lofts jumeaux &#8211; con\u00e7us par <strong>Federico Delrosso<\/strong> &#8211; le travail s&#8217;est en fait sur une ancienne usine dans la partie sud de Milan, anciennement banlieue industrielle externe, aujourd&#8217;hui un quartier r\u00e9sidentiel.<\/p>\n<p>L&#8217;architecte nous explique son projet (sorry c&#8217;est en anglais&#8230;) :<\/p>\n<p><em>\u201cThis is a complex project, and you can read it in different ways.\u00a0 The most obvious result is the creation of twin lofts, with the same design as the internal spaces, because they were created by the dividing a single one long sleeve-shaped space lengthwise. But starting from the personal data of the residents (the first-loft A- is Delrosso\u2019s own studio-home, the second-loft B- is the private home of Alessandro Sartori*, creative director of Zegna\u2019s Z line)) I devised a project which developed the architectural details, the furnishings\u2026 the experience of the home in an individual way, in short by using materials and colours like the letters of an alphabet: to write similar, interlocutory\u00a0 or opposed phrases, but always with a coherent grammar.\u201d<\/em><\/p>\n<p><em>\u201cThe ground floors of the two lofts, for example, each comprise the mirrored halls, open kitchens, and the apertures onto the small private gardens, a long table with high seating, a bathroom and the staircase that goes up to the floors above. Working with the same elements I created interiors with different spirits. In the first one, in fact, the staircase is the strong element,\u00a0 thanks to its volumes (which incorporate the bathroom), the raw material (pickled iron) with bare welds and the risers of the stairs left hollow, so that as you go up your point of view changes and the staircase is lightened and acquires the consistency of origami.<\/em><\/p>\n<p><em>In the second loft, by contrast, I dematerialized the staircase using crystal for the treads and transforming the supporting structure into a simple white stepped line (painted iron)\u00a0 which developed upwards. The bathroom is here an independent volume, somewhat\u00a0 mysterious, internally dark but with a surprise opening set high up\u2026<br \/>\nThen the tables. They have diametrically opposite styles: linear and clearly defined the first, contemporary baroque the second. Even art lent me a hand in the construction of the specular layout of the ground floors. The party wall next to the entrance door\u00a0 has, in both homes, a painting by the same artist (Giovanni Manfredini).\u00a0 Shoulder to shoulder, in fact, I positioned two strong images in black and white, with the one almost the negative of the other.\u00a0 Like the colours used for the surfaces: all white for the satin-finish lacquered wood of the cabinets and work surfaces in Corian in the first; kitchen top in glossy steel and white lacquer and weng\u00e9 for the cabinets in the second.<\/em><\/p>\n<p><em>Symmetries and variations are also interlaced on the upper floors. On the first floor (living room for both) I installed a portion of glass flooring, to provide a glimpse of the kitchens below,\u00a0 but in the second loft this detail is enhanced because it is repeated over the shower in the ground-floor bathroom,\u00a0 and also in the\u00a0 staircase, which becomes even more transparent and visually light. In the first one instead\u00a0 the protagonists are the furnishings: a lounge suite with strong squared lines, Van Der Rohe\u2019s Barcelona chair and the big mirror by Starck.<br \/>\nOn the second floor I tried to invert not only the consistency but also the perception of the spaces. In the first I interrupted the strictly orthogonal interiors by introducing a circular bed and replacing the doors of the walk-in wardrobe by a whole wall made of soft white draperies. Beyond the confines, the sleeping quarters of the second loft, instead has a large white roundish bathtub, some elements derived from the world of fashion, like the silver and fuchsia chair, and a highly distinctive walk-in wardrobe in weng\u00e9 wood with a mirror insert.\u00a0 The top level of the attic, in the first case is an all-white space designed as a guest room, while in the second it is a wellness space with small private gym.\u201d<\/em><\/p>\n<p><em>\u201cIt may happen that the relations between designer and client are troubled, but in this case I think we had a happy encounter of ideas, desires and \u201cvisions\u201d which bred a perfect harmony of intents. This harmony could hardly help giving rise to a beautiful friendship and a specular project.<br \/>\nI felt the need of a home\/den where I could live amid elements important to me: light, buoyancy and the fluidity of colour. Federico translated these inputs of mine into transparent materials (the staircases, a part of the floor, the absence of internal walls\u2026), an almost complete white for walls and details, and then what I called \u201cthe absences\u201d.\u00a0 That is to say, some parts of floor are absent, distinctive colours are absent\u2026 these \u201cabsences\u201d are what that will enable me, eventually, to introduce \u201csolids\u201d: details, objects, colours.. .\u00a0 With this project Federico enabled me to experience an imperceptible sense of freedom, made up not of what I can materially see or touch, but of the infinite possibilities I will have in living in and furnishing my loft.\u201d<\/em><\/p>\n<p><em>\u201c\u2026 I like talking about this project because in the colours (white, grey, natural brown and black), in the materials (glass, wood, corian and iron) and even in the small differences in the functions, I was able to explore a symmetry that was conceptual and ironic even before being structural and designed. For an architect this is a rare opportunity, so I used this work as an area of free experimentation for my future works.\u201d<\/em><\/p>\n<p><img data-recalc-dims=\"1\" decoding=\"async\" data-attachment-id=\"4437\" data-permalink=\"https:\/\/joyana.fr\/ja\/illustrations-sneakers-nike-par-jack-stocker\/4435\/image-15\/\" data-orig-file=\"https:\/\/i0.wp.com\/joyana.fr\/wp-content\/uploads\/2012\/11\/image.jpg?fit=630%2C630&amp;ssl=1\" data-orig-size=\"630,630\" data-comments-opened=\"1\" data-image-meta=\"{&quot;aperture&quot;:&quot;0&quot;,&quot;credit&quot;:&quot;&quot;,&quot;camera&quot;:&quot;&quot;,&quot;caption&quot;:&quot;&quot;,&quot;created_timestamp&quot;:&quot;0&quot;,&quot;copyright&quot;:&quot;&quot;,&quot;focal_length&quot;:&quot;0&quot;,&quot;iso&quot;:&quot;0&quot;,&quot;shutter_speed&quot;:&quot;0&quot;,&quot;title&quot;:&quot;&quot;,&quot;orientation&quot;:&quot;1&quot;}\" data-image-title=\"image\" data-image-description=\"\" data-image-caption=\"\" data-medium-file=\"https:\/\/i0.wp.com\/joyana.fr\/wp-content\/uploads\/2012\/11\/image.jpg?fit=389%2C389&amp;ssl=1\" data-large-file=\"https:\/\/i0.wp.com\/joyana.fr\/wp-content\/uploads\/2012\/11\/image.jpg?fit=630%2C630&amp;ssl=1\" class=\"alignnone size-full wp-image-4437\" style=\"margin-left: 8px; margin-right: 8px;\" title=\"Twin Lofts by Federico DELROSSO\" src=\"https:\/\/i0.wp.com\/joyana.fr\/wp-content\/uploads\/tl_230910_33-940x1253.jpg?resize=500%2C666&#038;ssl=1\" alt=\"\" width=\"500\" height=\"666\" \/><\/p>\n<p><img data-recalc-dims=\"1\" decoding=\"async\" class=\"alignnone size-full wp-image-4428\" style=\"margin-left: 8px; margin-right: 8px;\" title=\"TWIN LOFT\" src=\"https:\/\/i0.wp.com\/joyana.fr\/wp-content\/uploads\/tl_230910_04-940x1253.jpg?resize=500%2C666&#038;ssl=1\" alt=\"\" width=\"500\" height=\"666\" \/><\/p>\n<p><img data-recalc-dims=\"1\" loading=\"lazy\" decoding=\"async\" class=\"alignnone size-full wp-image-4436\" style=\"margin-left: 8px; margin-right: 8px;\" title=\"Twin Lofts by Federico DELROSSO\" src=\"https:\/\/i0.wp.com\/joyana.fr\/wp-content\/uploads\/tl_230910_21-940x705.jpg?resize=500%2C375&#038;ssl=1\" alt=\"\" width=\"500\" height=\"375\" \/><\/p>\n<p><img data-recalc-dims=\"1\" loading=\"lazy\" decoding=\"async\" class=\"alignnone size-full wp-image-4430\" style=\"margin-left: 8px; margin-right: 8px;\" title=\"Twin Lofts by Federico DELROSSO\" src=\"https:\/\/i0.wp.com\/joyana.fr\/wp-content\/uploads\/tl_230910_10-940x1252.jpg?resize=500%2C666&#038;ssl=1\" alt=\"\" width=\"500\" height=\"666\" \/><\/p>\n<p><img data-recalc-dims=\"1\" loading=\"lazy\" decoding=\"async\" data-attachment-id=\"4429\" data-permalink=\"https:\/\/joyana.fr\/ja\/new-balance-574-infrared\/4421\/new-balance-574-infrared-4-630x420\/\" data-orig-file=\"https:\/\/i0.wp.com\/joyana.fr\/wp-content\/uploads\/2012\/11\/new-balance-574-infrared-4-630x420.jpg?fit=630%2C420&amp;ssl=1\" data-orig-size=\"630,420\" data-comments-opened=\"1\" data-image-meta=\"{&quot;aperture&quot;:&quot;0&quot;,&quot;credit&quot;:&quot;&quot;,&quot;camera&quot;:&quot;&quot;,&quot;caption&quot;:&quot;&quot;,&quot;created_timestamp&quot;:&quot;0&quot;,&quot;copyright&quot;:&quot;&quot;,&quot;focal_length&quot;:&quot;0&quot;,&quot;iso&quot;:&quot;0&quot;,&quot;shutter_speed&quot;:&quot;0&quot;,&quot;title&quot;:&quot;&quot;,&quot;orientation&quot;:&quot;0&quot;}\" data-image-title=\"new-balance-574-infrared-4-630&#215;420\" data-image-description=\"\" data-image-caption=\"\" data-medium-file=\"https:\/\/i0.wp.com\/joyana.fr\/wp-content\/uploads\/2012\/11\/new-balance-574-infrared-4-630x420.jpg?fit=389%2C259&amp;ssl=1\" data-large-file=\"https:\/\/i0.wp.com\/joyana.fr\/wp-content\/uploads\/2012\/11\/new-balance-574-infrared-4-630x420.jpg?fit=630%2C420&amp;ssl=1\" class=\"alignnone size-full wp-image-4429\" style=\"margin-left: 8px; margin-right: 8px;\" title=\"Twin Lofts by Federico DELROSSO\" src=\"https:\/\/i0.wp.com\/joyana.fr\/wp-content\/uploads\/tl_230910_07-940x1253.jpg?resize=500%2C666&#038;ssl=1\" alt=\"\" width=\"500\" height=\"666\" \/><\/p>\n<p><img data-recalc-dims=\"1\" loading=\"lazy\" decoding=\"async\" data-attachment-id=\"4440\" data-permalink=\"https:\/\/joyana.fr\/ja\/illustrations-sneakers-nike-par-jack-stocker\/4435\/image-18\/\" data-orig-file=\"https:\/\/i0.wp.com\/joyana.fr\/wp-content\/uploads\/2012\/11\/image3.jpg?fit=630%2C630&amp;ssl=1\" data-orig-size=\"630,630\" data-comments-opened=\"1\" data-image-meta=\"{&quot;aperture&quot;:&quot;0&quot;,&quot;credit&quot;:&quot;&quot;,&quot;camera&quot;:&quot;&quot;,&quot;caption&quot;:&quot;&quot;,&quot;created_timestamp&quot;:&quot;0&quot;,&quot;copyright&quot;:&quot;&quot;,&quot;focal_length&quot;:&quot;0&quot;,&quot;iso&quot;:&quot;0&quot;,&quot;shutter_speed&quot;:&quot;0&quot;,&quot;title&quot;:&quot;&quot;,&quot;orientation&quot;:&quot;1&quot;}\" data-image-title=\"image\" data-image-description=\"\" data-image-caption=\"\" data-medium-file=\"https:\/\/i0.wp.com\/joyana.fr\/wp-content\/uploads\/2012\/11\/image3.jpg?fit=389%2C389&amp;ssl=1\" data-large-file=\"https:\/\/i0.wp.com\/joyana.fr\/wp-content\/uploads\/2012\/11\/image3.jpg?fit=630%2C630&amp;ssl=1\" class=\"alignnone size-full wp-image-4440\" style=\"margin-left: 8px; margin-right: 8px;\" title=\"Twin Lofts by Federico DELROSSO\" src=\"https:\/\/i0.wp.com\/joyana.fr\/wp-content\/uploads\/tl_230910_53-940x705.jpg?resize=500%2C375&#038;ssl=1\" alt=\"\" width=\"500\" height=\"375\" \/><\/p>\n<p><img data-recalc-dims=\"1\" loading=\"lazy\" decoding=\"async\" class=\"alignnone size-full wp-image-4435\" style=\"margin-left: 8px; margin-right: 8px;\" title=\"Twin Lofts by Federico DELROSSO\" src=\"https:\/\/i0.wp.com\/joyana.fr\/wp-content\/uploads\/tl_230910_19-940x1253.jpg?resize=500%2C666&#038;ssl=1\" alt=\"\" width=\"500\" height=\"666\" \/><\/p>\n<p><img data-recalc-dims=\"1\" loading=\"lazy\" decoding=\"async\" data-attachment-id=\"4438\" data-permalink=\"https:\/\/joyana.fr\/ja\/illustrations-sneakers-nike-par-jack-stocker\/4435\/image-16\/\" data-orig-file=\"https:\/\/i0.wp.com\/joyana.fr\/wp-content\/uploads\/2012\/11\/image1.jpg?fit=630%2C630&amp;ssl=1\" data-orig-size=\"630,630\" data-comments-opened=\"1\" data-image-meta=\"{&quot;aperture&quot;:&quot;0&quot;,&quot;credit&quot;:&quot;&quot;,&quot;camera&quot;:&quot;&quot;,&quot;caption&quot;:&quot;&quot;,&quot;created_timestamp&quot;:&quot;0&quot;,&quot;copyright&quot;:&quot;&quot;,&quot;focal_length&quot;:&quot;0&quot;,&quot;iso&quot;:&quot;0&quot;,&quot;shutter_speed&quot;:&quot;0&quot;,&quot;title&quot;:&quot;&quot;,&quot;orientation&quot;:&quot;1&quot;}\" data-image-title=\"image\" data-image-description=\"\" data-image-caption=\"\" data-medium-file=\"https:\/\/i0.wp.com\/joyana.fr\/wp-content\/uploads\/2012\/11\/image1.jpg?fit=389%2C389&amp;ssl=1\" data-large-file=\"https:\/\/i0.wp.com\/joyana.fr\/wp-content\/uploads\/2012\/11\/image1.jpg?fit=630%2C630&amp;ssl=1\" class=\"alignnone size-full wp-image-4438\" style=\"margin-left: 8px; margin-right: 8px;\" title=\"Twin Lofts by Federico DELROSSO\" src=\"https:\/\/i0.wp.com\/joyana.fr\/wp-content\/uploads\/tl_230910_43-940x1253.jpg?resize=500%2C666&#038;ssl=1\" alt=\"\" width=\"500\" height=\"666\" \/><\/p>\n<p><img data-recalc-dims=\"1\" loading=\"lazy\" decoding=\"async\" data-attachment-id=\"4439\" data-permalink=\"https:\/\/joyana.fr\/ja\/illustrations-sneakers-nike-par-jack-stocker\/4435\/image-17\/\" data-orig-file=\"https:\/\/i0.wp.com\/joyana.fr\/wp-content\/uploads\/2012\/11\/image2.jpg?fit=630%2C630&amp;ssl=1\" data-orig-size=\"630,630\" data-comments-opened=\"1\" data-image-meta=\"{&quot;aperture&quot;:&quot;0&quot;,&quot;credit&quot;:&quot;&quot;,&quot;camera&quot;:&quot;&quot;,&quot;caption&quot;:&quot;&quot;,&quot;created_timestamp&quot;:&quot;0&quot;,&quot;copyright&quot;:&quot;&quot;,&quot;focal_length&quot;:&quot;0&quot;,&quot;iso&quot;:&quot;0&quot;,&quot;shutter_speed&quot;:&quot;0&quot;,&quot;title&quot;:&quot;&quot;,&quot;orientation&quot;:&quot;1&quot;}\" data-image-title=\"image\" data-image-description=\"\" data-image-caption=\"\" data-medium-file=\"https:\/\/i0.wp.com\/joyana.fr\/wp-content\/uploads\/2012\/11\/image2.jpg?fit=389%2C389&amp;ssl=1\" data-large-file=\"https:\/\/i0.wp.com\/joyana.fr\/wp-content\/uploads\/2012\/11\/image2.jpg?fit=630%2C630&amp;ssl=1\" class=\"alignnone size-full wp-image-4439\" style=\"margin-left: 8px; margin-right: 8px;\" title=\"Twin Lofts by Federico DELROSSO\" src=\"https:\/\/i0.wp.com\/joyana.fr\/wp-content\/uploads\/tl_230910_49-940x1253.jpg?resize=500%2C666&#038;ssl=1\" alt=\"\" width=\"500\" height=\"666\" \/><\/p>\n<p><img data-recalc-dims=\"1\" loading=\"lazy\" decoding=\"async\" data-attachment-id=\"4441\" data-permalink=\"https:\/\/joyana.fr\/ja\/illustrations-sneakers-nike-par-jack-stocker\/4435\/image-19\/\" data-orig-file=\"https:\/\/i0.wp.com\/joyana.fr\/wp-content\/uploads\/2012\/11\/image4.jpg?fit=630%2C630&amp;ssl=1\" data-orig-size=\"630,630\" data-comments-opened=\"1\" data-image-meta=\"{&quot;aperture&quot;:&quot;0&quot;,&quot;credit&quot;:&quot;&quot;,&quot;camera&quot;:&quot;&quot;,&quot;caption&quot;:&quot;&quot;,&quot;created_timestamp&quot;:&quot;0&quot;,&quot;copyright&quot;:&quot;&quot;,&quot;focal_length&quot;:&quot;0&quot;,&quot;iso&quot;:&quot;0&quot;,&quot;shutter_speed&quot;:&quot;0&quot;,&quot;title&quot;:&quot;&quot;,&quot;orientation&quot;:&quot;1&quot;}\" data-image-title=\"image\" data-image-description=\"\" data-image-caption=\"\" data-medium-file=\"https:\/\/i0.wp.com\/joyana.fr\/wp-content\/uploads\/2012\/11\/image4.jpg?fit=389%2C389&amp;ssl=1\" data-large-file=\"https:\/\/i0.wp.com\/joyana.fr\/wp-content\/uploads\/2012\/11\/image4.jpg?fit=630%2C630&amp;ssl=1\" class=\"alignnone size-full wp-image-4441\" style=\"margin-left: 8px; margin-right: 8px;\" title=\"Twin Lofts by Federico DELROSSO\" src=\"https:\/\/i0.wp.com\/joyana.fr\/wp-content\/uploads\/tl_230910_67-940x940.jpg?resize=500%2C500&#038;ssl=1\" alt=\"\" width=\"500\" height=\"500\" \/><\/p>\n<p><a href=\"http:\/\/www.contemporist.com\/\">via<\/a><\/p>\n<p>Credits photos : <a href=\"http:\/\/www.matteopiazza.com\/\">Matteo Piazza<\/a><\/p>\n<p>En savoir + sur <a title=\"FEDERICO DELROSSO\" href=\"http:\/\/www.federicodelrosso.com\/\"><strong>Federico DELROSSO<\/strong><\/a><\/p>\n","protected":false},"excerpt":{"rendered":"<p>Aujourd&#8217;hui nous d\u00e9couvrons le projet Twin Lofts r\u00e9alis\u00e9 par l&#8217;architecte Federico Delrosso. Deux  [&hellip;]<\/p>\n","protected":false},"author":3,"featured_media":104426,"comment_status":"open","ping_status":"open","sticky":false,"template":"","format":"standard","meta":{"_coblocks_attr":"","_coblocks_dimensions":"","_coblocks_responsive_height":"","_coblocks_accordion_ie_support":"","_uag_custom_page_level_css":"","advgb_blocks_editor_width":"","advgb_blocks_columns_visual_guide":"","_genesis_hide_title":false,"_genesis_hide_breadcrumbs":false,"_genesis_hide_singular_image":false,"_genesis_hide_footer_widgets":false,"_genesis_custom_body_class":"","_genesis_custom_post_class":"","_genesis_layout":"","_themeisle_gutenberg_block_has_review":false,"_jetpack_newsletter_access":"","_jetpack_dont_email_post_to_subs":false,"_jetpack_newsletter_tier_id":0,"_jetpack_memberships_contains_paywalled_content":false,"_jetpack_memberships_contains_paid_content":false,"footnotes":""},"categories":[71,905,1020,921,923],"tags":[501],"class_list":{"0":"post-104425","1":"post","2":"type-post","3":"status-publish","4":"format-standard","5":"has-post-thumbnail","7":"category-architecture","8":"category-deco-design","9":"category-italie","10":"category-lieux-design","11":"category-visites","12":"tag-architecture-2","13":"entry"},"featured_image_urls":{"full":["https:\/\/i0.wp.com\/joyana.fr\/wp-content\/uploads\/old\/tl-TWIN_LOFT.jpg?fit=500%2C350&ssl=1",500,350,false],"thumbnail":["https:\/\/i0.wp.com\/joyana.fr\/wp-content\/uploads\/old\/tl-TWIN_LOFT.jpg?resize=150%2C150&ssl=1",150,150,true],"medium":["https:\/\/i0.wp.com\/joyana.fr\/wp-content\/uploads\/old\/tl-TWIN_LOFT.jpg?fit=300%2C210&ssl=1",300,210,true],"medium_large":["https:\/\/i0.wp.com\/joyana.fr\/wp-content\/uploads\/old\/tl-TWIN_LOFT.jpg?fit=500%2C350&ssl=1",500,350,true],"large":["https:\/\/i0.wp.com\/joyana.fr\/wp-content\/uploads\/old\/tl-TWIN_LOFT.jpg?fit=500%2C350&ssl=1",500,350,true],"1536x1536":["https:\/\/i0.wp.com\/joyana.fr\/wp-content\/uploads\/old\/tl-TWIN_LOFT.jpg?fit=500%2C350&ssl=1",500,350,true],"2048x2048":["https:\/\/i0.wp.com\/joyana.fr\/wp-content\/uploads\/old\/tl-TWIN_LOFT.jpg?fit=500%2C350&ssl=1",500,350,true],"featured-thumb":["https:\/\/i0.wp.com\/joyana.fr\/wp-content\/uploads\/old\/tl-TWIN_LOFT.jpg?resize=500%2C350&ssl=1",500,350,true],"ab-block-post-grid-landscape":["https:\/\/i0.wp.com\/joyana.fr\/wp-content\/uploads\/old\/tl-TWIN_LOFT.jpg?resize=500%2C350&ssl=1",500,350,true],"ab-block-post-grid-square":["https:\/\/i0.wp.com\/joyana.fr\/wp-content\/uploads\/old\/tl-TWIN_LOFT.jpg?resize=500%2C350&ssl=1",500,350,true],"author-pro-image":["https:\/\/i0.wp.com\/joyana.fr\/wp-content\/uploads\/old\/tl-TWIN_LOFT.jpg?resize=360%2C350&ssl=1",360,350,true],"slider":["https:\/\/i0.wp.com\/joyana.fr\/wp-content\/uploads\/old\/tl-TWIN_LOFT.jpg?resize=500%2C350&ssl=1",500,350,true],"woocommerce_thumbnail":["https:\/\/i0.wp.com\/joyana.fr\/wp-content\/uploads\/old\/tl-TWIN_LOFT.jpg?resize=450%2C350&ssl=1",450,350,true],"woocommerce_single":["https:\/\/i0.wp.com\/joyana.fr\/wp-content\/uploads\/old\/tl-TWIN_LOFT.jpg?fit=500%2C350&ssl=1",500,350,true],"woocommerce_gallery_thumbnail":["https:\/\/i0.wp.com\/joyana.fr\/wp-content\/uploads\/old\/tl-TWIN_LOFT.jpg?resize=180%2C180&ssl=1",180,180,true],"sow-carousel-default":["https:\/\/i0.wp.com\/joyana.fr\/wp-content\/uploads\/old\/tl-TWIN_LOFT.jpg?resize=272%2C182&ssl=1",272,182,true]},"post_excerpt_stackable":"<p>Aujourd&#8217;hui nous d\u00e9couvrons le projet Twin Lofts r\u00e9alis\u00e9 par l&#8217;architecte Federico Delro&hellip;<\/p>\n","category_list":"<a href=\"https:\/\/joyana.fr\/ja\/category\/portfolio\/architecture\/\" rel=\"category tag\">ARCHITECTURE<\/a>, <a href=\"https:\/\/joyana.fr\/ja\/category\/deco-design\/\" rel=\"category tag\">DECO-DESIGN<\/a>, <a href=\"https:\/\/joyana.fr\/ja\/category\/deco-design\/architecture-deco-design\/pays\/italie\/\" rel=\"category tag\">Italie<\/a>, <a href=\"https:\/\/joyana.fr\/ja\/category\/deco-design\/architecture-deco-design\/lieux-design\/\" rel=\"category tag\">Lieux<\/a>, <a href=\"https:\/\/joyana.fr\/ja\/category\/deco-design\/architecture-deco-design\/lieux-design\/visites\/\" rel=\"category tag\">Visites<\/a>","author_info":{"display_name":"Jo Yana","author_link":"https:\/\/joyana.fr\/ja\/author\/joyana\/"},"comments_num":"10 comments","featured_image_urls_v2":{"full":["https:\/\/i0.wp.com\/joyana.fr\/wp-content\/uploads\/old\/tl-TWIN_LOFT.jpg?fit=500%2C350&ssl=1",500,350,false],"thumbnail":["https:\/\/i0.wp.com\/joyana.fr\/wp-content\/uploads\/old\/tl-TWIN_LOFT.jpg?resize=150%2C150&ssl=1",150,150,true],"medium":["https:\/\/i0.wp.com\/joyana.fr\/wp-content\/uploads\/old\/tl-TWIN_LOFT.jpg?fit=300%2C210&ssl=1",300,210,true],"medium_large":["https:\/\/i0.wp.com\/joyana.fr\/wp-content\/uploads\/old\/tl-TWIN_LOFT.jpg?fit=500%2C350&ssl=1",500,350,true],"large":["https:\/\/i0.wp.com\/joyana.fr\/wp-content\/uploads\/old\/tl-TWIN_LOFT.jpg?fit=500%2C350&ssl=1",500,350,true],"1536x1536":["https:\/\/i0.wp.com\/joyana.fr\/wp-content\/uploads\/old\/tl-TWIN_LOFT.jpg?fit=500%2C350&ssl=1",500,350,true],"2048x2048":["https:\/\/i0.wp.com\/joyana.fr\/wp-content\/uploads\/old\/tl-TWIN_LOFT.jpg?fit=500%2C350&ssl=1",500,350,true],"featured-thumb":["https:\/\/i0.wp.com\/joyana.fr\/wp-content\/uploads\/old\/tl-TWIN_LOFT.jpg?resize=500%2C350&ssl=1",500,350,true],"ab-block-post-grid-landscape":["https:\/\/i0.wp.com\/joyana.fr\/wp-content\/uploads\/old\/tl-TWIN_LOFT.jpg?resize=500%2C350&ssl=1",500,350,true],"ab-block-post-grid-square":["https:\/\/i0.wp.com\/joyana.fr\/wp-content\/uploads\/old\/tl-TWIN_LOFT.jpg?resize=500%2C350&ssl=1",500,350,true],"author-pro-image":["https:\/\/i0.wp.com\/joyana.fr\/wp-content\/uploads\/old\/tl-TWIN_LOFT.jpg?resize=360%2C350&ssl=1",360,350,true],"slider":["https:\/\/i0.wp.com\/joyana.fr\/wp-content\/uploads\/old\/tl-TWIN_LOFT.jpg?resize=500%2C350&ssl=1",500,350,true],"woocommerce_thumbnail":["https:\/\/i0.wp.com\/joyana.fr\/wp-content\/uploads\/old\/tl-TWIN_LOFT.jpg?resize=450%2C350&ssl=1",450,350,true],"woocommerce_single":["https:\/\/i0.wp.com\/joyana.fr\/wp-content\/uploads\/old\/tl-TWIN_LOFT.jpg?fit=500%2C350&ssl=1",500,350,true],"woocommerce_gallery_thumbnail":["https:\/\/i0.wp.com\/joyana.fr\/wp-content\/uploads\/old\/tl-TWIN_LOFT.jpg?resize=180%2C180&ssl=1",180,180,true],"sow-carousel-default":["https:\/\/i0.wp.com\/joyana.fr\/wp-content\/uploads\/old\/tl-TWIN_LOFT.jpg?resize=272%2C182&ssl=1",272,182,true]},"post_excerpt_stackable_v2":"<p>Aujourd&#8217;hui nous d\u00e9couvrons le projet Twin Lofts r\u00e9alis\u00e9 par l&#8217;architecte Federico Delro&hellip;<\/p>\n","category_list_v2":"<a href=\"https:\/\/joyana.fr\/ja\/category\/portfolio\/architecture\/\" rel=\"category tag\">ARCHITECTURE<\/a>, <a href=\"https:\/\/joyana.fr\/ja\/category\/deco-design\/\" rel=\"category tag\">DECO-DESIGN<\/a>, <a href=\"https:\/\/joyana.fr\/ja\/category\/deco-design\/architecture-deco-design\/pays\/italie\/\" rel=\"category tag\">Italie<\/a>, <a href=\"https:\/\/joyana.fr\/ja\/category\/deco-design\/architecture-deco-design\/lieux-design\/\" rel=\"category tag\">Lieux<\/a>, <a href=\"https:\/\/joyana.fr\/ja\/category\/deco-design\/architecture-deco-design\/lieux-design\/visites\/\" rel=\"category tag\">Visites<\/a>","author_info_v2":{"name":"Jo Yana","url":"https:\/\/joyana.fr\/ja\/author\/joyana\/"},"comments_num_v2":"10 comments","yoast_head":"<!-- This site is optimized with the Yoast SEO plugin v26.8 - https:\/\/yoast.com\/product\/yoast-seo-wordpress\/ -->\n<title>Twin Lofts by Federico DELROSSO (Milan) - JO YANA<\/title>\n<meta name=\"robots\" content=\"index, follow, max-snippet:-1, max-image-preview:large, max-video-preview:-1\" \/>\n<link rel=\"canonical\" href=\"https:\/\/joyana.fr\/ja\/twin-lofts-by-federico-delrosso\/104425\/\" \/>\n<meta property=\"og:locale\" content=\"ja_JP\" \/>\n<meta property=\"og:locale:alternate\" content=\"fr_FR\" \/>\n<meta property=\"og:locale:alternate\" content=\"en_US\" \/>\n<meta property=\"og:type\" content=\"article\" \/>\n<meta property=\"og:title\" content=\"Twin Lofts by Federico DELROSSO (Milan) - JO YANA\" \/>\n<meta property=\"og:description\" content=\"Aujourd&#8217;hui nous d\u00e9couvrons le projet Twin Lofts r\u00e9alis\u00e9 par l&#8217;architecte Federico Delrosso. Deux [&hellip;]\" \/>\n<meta property=\"og:url\" content=\"https:\/\/joyana.fr\/ja\/twin-lofts-by-federico-delrosso\/104425\/\" \/>\n<meta property=\"og:site_name\" content=\"JO YANA\" \/>\n<meta property=\"article:published_time\" content=\"2010-09-29T11:38:32+00:00\" \/>\n<meta property=\"og:image\" content=\"https:\/\/joyana.fr\/wp-content\/uploads\/old\/tl-TWIN_LOFT.jpg\" \/>\n\t<meta property=\"og:image:width\" content=\"500\" \/>\n\t<meta property=\"og:image:height\" content=\"350\" \/>\n\t<meta property=\"og:image:type\" content=\"image\/jpeg\" \/>\n<meta name=\"author\" content=\"Jo Yana\" \/>\n<meta name=\"twitter:card\" content=\"summary_large_image\" \/>\n<meta name=\"twitter:creator\" content=\"@Jo_Yana\" \/>\n<meta name=\"twitter:site\" content=\"@Jo_Yana\" \/>\n<meta name=\"twitter:label1\" content=\"\u57f7\u7b46\u8005\" \/>\n\t<meta name=\"twitter:data1\" content=\"Jo Yana\" \/>\n\t<meta name=\"twitter:label2\" content=\"\u63a8\u5b9a\u8aad\u307f\u53d6\u308a\u6642\u9593\" \/>\n\t<meta name=\"twitter:data2\" content=\"5\u5206\" \/>\n<script type=\"application\/ld+json\" class=\"yoast-schema-graph\">{\"@context\":\"https:\/\/schema.org\",\"@graph\":[{\"@type\":\"Article\",\"@id\":\"https:\/\/joyana.fr\/ja\/twin-lofts-by-federico-delrosso\/104425\/#article\",\"isPartOf\":{\"@id\":\"https:\/\/joyana.fr\/ja\/twin-lofts-by-federico-delrosso\/104425\/\"},\"author\":{\"name\":\"Jo Yana\",\"@id\":\"https:\/\/joyana.fr\/#\/schema\/person\/cf2a1ad12a27c12c21801075bf37407c\"},\"headline\":\"Twin Lofts by Federico DELROSSO (Milan)\",\"datePublished\":\"2010-09-29T11:38:32+00:00\",\"mainEntityOfPage\":{\"@id\":\"https:\/\/joyana.fr\/ja\/twin-lofts-by-federico-delrosso\/104425\/\"},\"wordCount\":987,\"commentCount\":0,\"publisher\":{\"@id\":\"https:\/\/joyana.fr\/#\/schema\/person\/cf2a1ad12a27c12c21801075bf37407c\"},\"image\":{\"@id\":\"https:\/\/joyana.fr\/ja\/twin-lofts-by-federico-delrosso\/104425\/#primaryimage\"},\"thumbnailUrl\":\"https:\/\/i0.wp.com\/joyana.fr\/wp-content\/uploads\/old\/tl-TWIN_LOFT.jpg?fit=500%2C350&ssl=1\",\"keywords\":[\"Architecture\"],\"articleSection\":[\"ARCHITECTURE\",\"DECO-DESIGN\",\"Italie\",\"Lieux\",\"Visites\"],\"inLanguage\":\"ja\",\"potentialAction\":[{\"@type\":\"CommentAction\",\"name\":\"Comment\",\"target\":[\"https:\/\/joyana.fr\/ja\/twin-lofts-by-federico-delrosso\/104425\/#respond\"]}]},{\"@type\":\"WebPage\",\"@id\":\"https:\/\/joyana.fr\/ja\/twin-lofts-by-federico-delrosso\/104425\/\",\"url\":\"https:\/\/joyana.fr\/ja\/twin-lofts-by-federico-delrosso\/104425\/\",\"name\":\"Twin Lofts by Federico DELROSSO (Milan) - JO YANA\",\"isPartOf\":{\"@id\":\"https:\/\/joyana.fr\/#website\"},\"primaryImageOfPage\":{\"@id\":\"https:\/\/joyana.fr\/ja\/twin-lofts-by-federico-delrosso\/104425\/#primaryimage\"},\"image\":{\"@id\":\"https:\/\/joyana.fr\/ja\/twin-lofts-by-federico-delrosso\/104425\/#primaryimage\"},\"thumbnailUrl\":\"https:\/\/i0.wp.com\/joyana.fr\/wp-content\/uploads\/old\/tl-TWIN_LOFT.jpg?fit=500%2C350&ssl=1\",\"datePublished\":\"2010-09-29T11:38:32+00:00\",\"breadcrumb\":{\"@id\":\"https:\/\/joyana.fr\/ja\/twin-lofts-by-federico-delrosso\/104425\/#breadcrumb\"},\"inLanguage\":\"ja\",\"potentialAction\":[{\"@type\":\"ReadAction\",\"target\":[\"https:\/\/joyana.fr\/ja\/twin-lofts-by-federico-delrosso\/104425\/\"]}]},{\"@type\":\"ImageObject\",\"inLanguage\":\"ja\",\"@id\":\"https:\/\/joyana.fr\/ja\/twin-lofts-by-federico-delrosso\/104425\/#primaryimage\",\"url\":\"https:\/\/i0.wp.com\/joyana.fr\/wp-content\/uploads\/old\/tl-TWIN_LOFT.jpg?fit=500%2C350&ssl=1\",\"contentUrl\":\"https:\/\/i0.wp.com\/joyana.fr\/wp-content\/uploads\/old\/tl-TWIN_LOFT.jpg?fit=500%2C350&ssl=1\",\"width\":500,\"height\":350},{\"@type\":\"BreadcrumbList\",\"@id\":\"https:\/\/joyana.fr\/ja\/twin-lofts-by-federico-delrosso\/104425\/#breadcrumb\",\"itemListElement\":[{\"@type\":\"ListItem\",\"position\":1,\"name\":\"Accueil\",\"item\":\"https:\/\/joyana.fr\/\"},{\"@type\":\"ListItem\",\"position\":2,\"name\":\"Twin Lofts by Federico DELROSSO (Milan)\"}]},{\"@type\":\"WebSite\",\"@id\":\"https:\/\/joyana.fr\/#website\",\"url\":\"https:\/\/joyana.fr\/\",\"name\":\"JO YANA\",\"description\":\"Blog Mode Homme, Lifestyle, D\u00e9co-Design\",\"publisher\":{\"@id\":\"https:\/\/joyana.fr\/#\/schema\/person\/cf2a1ad12a27c12c21801075bf37407c\"},\"potentialAction\":[{\"@type\":\"SearchAction\",\"target\":{\"@type\":\"EntryPoint\",\"urlTemplate\":\"https:\/\/joyana.fr\/?s={search_term_string}\"},\"query-input\":{\"@type\":\"PropertyValueSpecification\",\"valueRequired\":true,\"valueName\":\"search_term_string\"}}],\"inLanguage\":\"ja\"},{\"@type\":[\"Person\",\"Organization\"],\"@id\":\"https:\/\/joyana.fr\/#\/schema\/person\/cf2a1ad12a27c12c21801075bf37407c\",\"name\":\"Jo Yana\",\"image\":{\"@type\":\"ImageObject\",\"inLanguage\":\"ja\",\"@id\":\"https:\/\/joyana.fr\/#\/schema\/person\/image\/\",\"url\":\"https:\/\/i0.wp.com\/joyana.fr\/wp-content\/uploads\/2016\/08\/cropped-joyana-logo-black-360x180.png?fit=343%2C164&ssl=1\",\"contentUrl\":\"https:\/\/i0.wp.com\/joyana.fr\/wp-content\/uploads\/2016\/08\/cropped-joyana-logo-black-360x180.png?fit=343%2C164&ssl=1\",\"width\":343,\"height\":164,\"caption\":\"Jo Yana\"},\"logo\":{\"@id\":\"https:\/\/joyana.fr\/#\/schema\/person\/image\/\"},\"description\":\"Jo Yana est le cr\u00e9ateur et r\u00e9dacteur en chef des sites DECO-DESIGN. Passionn\u00e9 de Design, Mode, Photo, Luxe, Lifestyle, Musique, mais avant tout Blogueur ! Le plaisir de partager l'anime et a comme devise \\\"POUR L'AMOUR DU BEAU\\\". Retrouvez le aussi sur son blog personnel - https:\/\/joyana.fr...\",\"sameAs\":[\"https:\/\/joyana.fr\/\"],\"url\":\"https:\/\/joyana.fr\/ja\/author\/joyana\/\"}]}<\/script>\n<!-- \/ Yoast SEO plugin. -->","yoast_head_json":{"title":"Twin Lofts by Federico DELROSSO (Milan) - JO YANA","robots":{"index":"index","follow":"follow","max-snippet":"max-snippet:-1","max-image-preview":"max-image-preview:large","max-video-preview":"max-video-preview:-1"},"canonical":"https:\/\/joyana.fr\/ja\/twin-lofts-by-federico-delrosso\/104425\/","og_locale":"ja_JP","og_type":"article","og_title":"Twin Lofts by Federico DELROSSO (Milan) - JO YANA","og_description":"Aujourd&#8217;hui nous d\u00e9couvrons le projet Twin Lofts r\u00e9alis\u00e9 par l&#8217;architecte Federico Delrosso. Deux [&hellip;]","og_url":"https:\/\/joyana.fr\/ja\/twin-lofts-by-federico-delrosso\/104425\/","og_site_name":"JO YANA","article_published_time":"2010-09-29T11:38:32+00:00","og_image":[{"width":500,"height":350,"url":"https:\/\/joyana.fr\/wp-content\/uploads\/old\/tl-TWIN_LOFT.jpg","type":"image\/jpeg"}],"author":"Jo Yana","twitter_card":"summary_large_image","twitter_creator":"@Jo_Yana","twitter_site":"@Jo_Yana","twitter_misc":{"\u57f7\u7b46\u8005":"Jo Yana","\u63a8\u5b9a\u8aad\u307f\u53d6\u308a\u6642\u9593":"5\u5206"},"schema":{"@context":"https:\/\/schema.org","@graph":[{"@type":"Article","@id":"https:\/\/joyana.fr\/ja\/twin-lofts-by-federico-delrosso\/104425\/#article","isPartOf":{"@id":"https:\/\/joyana.fr\/ja\/twin-lofts-by-federico-delrosso\/104425\/"},"author":{"name":"Jo Yana","@id":"https:\/\/joyana.fr\/#\/schema\/person\/cf2a1ad12a27c12c21801075bf37407c"},"headline":"Twin Lofts by Federico DELROSSO (Milan)","datePublished":"2010-09-29T11:38:32+00:00","mainEntityOfPage":{"@id":"https:\/\/joyana.fr\/ja\/twin-lofts-by-federico-delrosso\/104425\/"},"wordCount":987,"commentCount":0,"publisher":{"@id":"https:\/\/joyana.fr\/#\/schema\/person\/cf2a1ad12a27c12c21801075bf37407c"},"image":{"@id":"https:\/\/joyana.fr\/ja\/twin-lofts-by-federico-delrosso\/104425\/#primaryimage"},"thumbnailUrl":"https:\/\/i0.wp.com\/joyana.fr\/wp-content\/uploads\/old\/tl-TWIN_LOFT.jpg?fit=500%2C350&ssl=1","keywords":["Architecture"],"articleSection":["ARCHITECTURE","DECO-DESIGN","Italie","Lieux","Visites"],"inLanguage":"ja","potentialAction":[{"@type":"CommentAction","name":"Comment","target":["https:\/\/joyana.fr\/ja\/twin-lofts-by-federico-delrosso\/104425\/#respond"]}]},{"@type":"WebPage","@id":"https:\/\/joyana.fr\/ja\/twin-lofts-by-federico-delrosso\/104425\/","url":"https:\/\/joyana.fr\/ja\/twin-lofts-by-federico-delrosso\/104425\/","name":"Twin Lofts by Federico DELROSSO (Milan) - JO YANA","isPartOf":{"@id":"https:\/\/joyana.fr\/#website"},"primaryImageOfPage":{"@id":"https:\/\/joyana.fr\/ja\/twin-lofts-by-federico-delrosso\/104425\/#primaryimage"},"image":{"@id":"https:\/\/joyana.fr\/ja\/twin-lofts-by-federico-delrosso\/104425\/#primaryimage"},"thumbnailUrl":"https:\/\/i0.wp.com\/joyana.fr\/wp-content\/uploads\/old\/tl-TWIN_LOFT.jpg?fit=500%2C350&ssl=1","datePublished":"2010-09-29T11:38:32+00:00","breadcrumb":{"@id":"https:\/\/joyana.fr\/ja\/twin-lofts-by-federico-delrosso\/104425\/#breadcrumb"},"inLanguage":"ja","potentialAction":[{"@type":"ReadAction","target":["https:\/\/joyana.fr\/ja\/twin-lofts-by-federico-delrosso\/104425\/"]}]},{"@type":"ImageObject","inLanguage":"ja","@id":"https:\/\/joyana.fr\/ja\/twin-lofts-by-federico-delrosso\/104425\/#primaryimage","url":"https:\/\/i0.wp.com\/joyana.fr\/wp-content\/uploads\/old\/tl-TWIN_LOFT.jpg?fit=500%2C350&ssl=1","contentUrl":"https:\/\/i0.wp.com\/joyana.fr\/wp-content\/uploads\/old\/tl-TWIN_LOFT.jpg?fit=500%2C350&ssl=1","width":500,"height":350},{"@type":"BreadcrumbList","@id":"https:\/\/joyana.fr\/ja\/twin-lofts-by-federico-delrosso\/104425\/#breadcrumb","itemListElement":[{"@type":"ListItem","position":1,"name":"Accueil","item":"https:\/\/joyana.fr\/"},{"@type":"ListItem","position":2,"name":"Twin Lofts by Federico DELROSSO (Milan)"}]},{"@type":"WebSite","@id":"https:\/\/joyana.fr\/#website","url":"https:\/\/joyana.fr\/","name":"JO YANA","description":"Blog Mode Homme, Lifestyle, D\u00e9co-Design","publisher":{"@id":"https:\/\/joyana.fr\/#\/schema\/person\/cf2a1ad12a27c12c21801075bf37407c"},"potentialAction":[{"@type":"SearchAction","target":{"@type":"EntryPoint","urlTemplate":"https:\/\/joyana.fr\/?s={search_term_string}"},"query-input":{"@type":"PropertyValueSpecification","valueRequired":true,"valueName":"search_term_string"}}],"inLanguage":"ja"},{"@type":["Person","Organization"],"@id":"https:\/\/joyana.fr\/#\/schema\/person\/cf2a1ad12a27c12c21801075bf37407c","name":"Jo Yana","image":{"@type":"ImageObject","inLanguage":"ja","@id":"https:\/\/joyana.fr\/#\/schema\/person\/image\/","url":"https:\/\/i0.wp.com\/joyana.fr\/wp-content\/uploads\/2016\/08\/cropped-joyana-logo-black-360x180.png?fit=343%2C164&ssl=1","contentUrl":"https:\/\/i0.wp.com\/joyana.fr\/wp-content\/uploads\/2016\/08\/cropped-joyana-logo-black-360x180.png?fit=343%2C164&ssl=1","width":343,"height":164,"caption":"Jo Yana"},"logo":{"@id":"https:\/\/joyana.fr\/#\/schema\/person\/image\/"},"description":"Jo Yana est le cr\u00e9ateur et r\u00e9dacteur en chef des sites DECO-DESIGN. Passionn\u00e9 de Design, Mode, Photo, Luxe, Lifestyle, Musique, mais avant tout Blogueur ! Le plaisir de partager l'anime et a comme devise \"POUR L'AMOUR DU BEAU\". Retrouvez le aussi sur son blog personnel - https:\/\/joyana.fr...","sameAs":["https:\/\/joyana.fr\/"],"url":"https:\/\/joyana.fr\/ja\/author\/joyana\/"}]}},"author_meta":{"display_name":"Jo Yana","author_link":"https:\/\/joyana.fr\/ja\/author\/joyana\/"},"featured_img":"https:\/\/i0.wp.com\/joyana.fr\/wp-content\/uploads\/old\/tl-TWIN_LOFT.jpg?fit=300%2C210&ssl=1","featured_image_src":"https:\/\/i0.wp.com\/joyana.fr\/wp-content\/uploads\/old\/tl-TWIN_LOFT.jpg?resize=500%2C350&ssl=1","featured_image_src_square":"https:\/\/i0.wp.com\/joyana.fr\/wp-content\/uploads\/old\/tl-TWIN_LOFT.jpg?resize=500%2C350&ssl=1","jetpack_featured_media_url":"https:\/\/i0.wp.com\/joyana.fr\/wp-content\/uploads\/old\/tl-TWIN_LOFT.jpg?fit=500%2C350&ssl=1","uagb_featured_image_src":{"full":["https:\/\/i0.wp.com\/joyana.fr\/wp-content\/uploads\/old\/tl-TWIN_LOFT.jpg?fit=500%2C350&ssl=1",500,350,false],"thumbnail":["https:\/\/i0.wp.com\/joyana.fr\/wp-content\/uploads\/old\/tl-TWIN_LOFT.jpg?resize=150%2C150&ssl=1",150,150,true],"medium":["https:\/\/i0.wp.com\/joyana.fr\/wp-content\/uploads\/old\/tl-TWIN_LOFT.jpg?fit=300%2C210&ssl=1",300,210,true],"medium_large":["https:\/\/i0.wp.com\/joyana.fr\/wp-content\/uploads\/old\/tl-TWIN_LOFT.jpg?fit=500%2C350&ssl=1",500,350,true],"large":["https:\/\/i0.wp.com\/joyana.fr\/wp-content\/uploads\/old\/tl-TWIN_LOFT.jpg?fit=500%2C350&ssl=1",500,350,true],"1536x1536":["https:\/\/i0.wp.com\/joyana.fr\/wp-content\/uploads\/old\/tl-TWIN_LOFT.jpg?fit=500%2C350&ssl=1",500,350,true],"2048x2048":["https:\/\/i0.wp.com\/joyana.fr\/wp-content\/uploads\/old\/tl-TWIN_LOFT.jpg?fit=500%2C350&ssl=1",500,350,true],"featured-thumb":["https:\/\/i0.wp.com\/joyana.fr\/wp-content\/uploads\/old\/tl-TWIN_LOFT.jpg?resize=500%2C350&ssl=1",500,350,true],"ab-block-post-grid-landscape":["https:\/\/i0.wp.com\/joyana.fr\/wp-content\/uploads\/old\/tl-TWIN_LOFT.jpg?resize=500%2C350&ssl=1",500,350,true],"ab-block-post-grid-square":["https:\/\/i0.wp.com\/joyana.fr\/wp-content\/uploads\/old\/tl-TWIN_LOFT.jpg?resize=500%2C350&ssl=1",500,350,true],"author-pro-image":["https:\/\/i0.wp.com\/joyana.fr\/wp-content\/uploads\/old\/tl-TWIN_LOFT.jpg?resize=360%2C350&ssl=1",360,350,true],"slider":["https:\/\/i0.wp.com\/joyana.fr\/wp-content\/uploads\/old\/tl-TWIN_LOFT.jpg?resize=500%2C350&ssl=1",500,350,true],"woocommerce_thumbnail":["https:\/\/i0.wp.com\/joyana.fr\/wp-content\/uploads\/old\/tl-TWIN_LOFT.jpg?resize=450%2C350&ssl=1",450,350,true],"woocommerce_single":["https:\/\/i0.wp.com\/joyana.fr\/wp-content\/uploads\/old\/tl-TWIN_LOFT.jpg?fit=500%2C350&ssl=1",500,350,true],"woocommerce_gallery_thumbnail":["https:\/\/i0.wp.com\/joyana.fr\/wp-content\/uploads\/old\/tl-TWIN_LOFT.jpg?resize=180%2C180&ssl=1",180,180,true],"sow-carousel-default":["https:\/\/i0.wp.com\/joyana.fr\/wp-content\/uploads\/old\/tl-TWIN_LOFT.jpg?resize=272%2C182&ssl=1",272,182,true]},"uagb_author_info":{"display_name":"Jo Yana","author_link":"https:\/\/joyana.fr\/ja\/author\/joyana\/"},"uagb_comment_info":10,"uagb_excerpt":"Aujourd&#8217;hui nous d\u00e9couvrons le projet Twin Lofts &hellip;","coauthors":[],"tax_additional":{"categories":{"linked":["<a href=\"https:\/\/joyana.fr\/ja\/category\/portfolio\/architecture\/\" class=\"advgb-post-tax-term\">ARCHITECTURE<\/a>","<a href=\"https:\/\/joyana.fr\/ja\/category\/deco-design\/\" class=\"advgb-post-tax-term\">DECO-DESIGN<\/a>","<a href=\"https:\/\/joyana.fr\/ja\/category\/deco-design\/architecture-deco-design\/pays\/italie\/\" class=\"advgb-post-tax-term\">Italie<\/a>","<a href=\"https:\/\/joyana.fr\/ja\/category\/deco-design\/architecture-deco-design\/lieux-design\/\" class=\"advgb-post-tax-term\">Lieux<\/a>","<a href=\"https:\/\/joyana.fr\/ja\/category\/deco-design\/architecture-deco-design\/lieux-design\/visites\/\" class=\"advgb-post-tax-term\">Visites<\/a>"],"unlinked":["<span class=\"advgb-post-tax-term\">ARCHITECTURE<\/span>","<span class=\"advgb-post-tax-term\">DECO-DESIGN<\/span>","<span class=\"advgb-post-tax-term\">Italie<\/span>","<span class=\"advgb-post-tax-term\">Lieux<\/span>","<span class=\"advgb-post-tax-term\">Visites<\/span>"]},"tags":{"linked":["<a href=\"https:\/\/joyana.fr\/ja\/category\/deco-design\/architecture-deco-design\/lieux-design\/visites\/\" class=\"advgb-post-tax-term\">Architecture<\/a>"],"unlinked":["<span class=\"advgb-post-tax-term\">Architecture<\/span>"]}},"comment_count":10,"relative_dates":{"created":"Posted 16\u5e74 ago","modified":"Updated 16\u5e74 ago"},"absolute_dates":{"created":"Posted on 29 9\u6708 2010","modified":"Updated on 29 9\u6708 2010"},"absolute_dates_time":{"created":"Posted on 29 9\u6708 2010 12:38","modified":"Updated on 29 9\u6708 2010 12:38"},"featured_img_caption":"","series_order":"","jetpack_sharing_enabled":true,"jetpack_shortlink":"https:\/\/wp.me\/p9bteI-rah","jetpack-related-posts":[],"_links":{"self":[{"href":"https:\/\/joyana.fr\/ja\/wp-json\/wp\/v2\/posts\/104425","targetHints":{"allow":["GET"]}}],"collection":[{"href":"https:\/\/joyana.fr\/ja\/wp-json\/wp\/v2\/posts"}],"about":[{"href":"https:\/\/joyana.fr\/ja\/wp-json\/wp\/v2\/types\/post"}],"author":[{"embeddable":true,"href":"https:\/\/joyana.fr\/ja\/wp-json\/wp\/v2\/users\/3"}],"replies":[{"embeddable":true,"href":"https:\/\/joyana.fr\/ja\/wp-json\/wp\/v2\/comments?post=104425"}],"version-history":[{"count":0,"href":"https:\/\/joyana.fr\/ja\/wp-json\/wp\/v2\/posts\/104425\/revisions"}],"wp:featuredmedia":[{"embeddable":true,"href":"https:\/\/joyana.fr\/ja\/wp-json\/wp\/v2\/media\/104426"}],"wp:attachment":[{"href":"https:\/\/joyana.fr\/ja\/wp-json\/wp\/v2\/media?parent=104425"}],"wp:term":[{"taxonomy":"category","embeddable":true,"href":"https:\/\/joyana.fr\/ja\/wp-json\/wp\/v2\/categories?post=104425"},{"taxonomy":"post_tag","embeddable":true,"href":"https:\/\/joyana.fr\/ja\/wp-json\/wp\/v2\/tags?post=104425"}],"curies":[{"name":"wp","href":"https:\/\/api.w.org\/{rel}","templated":true}]}}