{"id":105986,"date":"2011-02-24T08:32:42","date_gmt":"2011-02-24T07:32:42","guid":{"rendered":"https:\/\/joyana.fr\/?p=5986"},"modified":"2011-02-24T08:32:42","modified_gmt":"2011-02-24T07:32:42","slug":"tabouret-design-ap-lapalma-shin-azumi","status":"publish","type":"post","link":"https:\/\/joyana.fr\/ja\/tabouret-design-ap-lapalma-shin-azumi\/105986\/","title":{"rendered":"Tabouret design AP par Shin AZUMI"},"content":{"rendered":"<p>Coup de c\u0153ur pour le <strong>tabouret AP<\/strong>, dont on doit le <strong>design<\/strong> au japonais <strong>Shin Azumi<\/strong> &#8211; qui signe ici une <strong>assise<\/strong> inspir\u00e9e de l&#8217;origami, pour <strong>La Palma<\/strong>&#8230;<\/p>\n<p><a href=\"http:\/\/ad.zanox.com\/ppc\/?11937795C769473732T\"><img data-recalc-dims=\"1\" fetchpriority=\"high\" decoding=\"async\" data-attachment-id=\"5990\" data-permalink=\"https:\/\/joyana.fr\/ja\/ikks-fallwinter-2013-lookbook-homme\/5980\/13h_ikksmen_look_08_ld\/\" data-orig-file=\"https:\/\/i0.wp.com\/joyana.fr\/wp-content\/uploads\/2013\/07\/13H_IkksMen_LOOK_08_LD.jpg?fit=650%2C974&amp;ssl=1\" data-orig-size=\"650,974\" data-comments-opened=\"1\" data-image-meta=\"{&quot;aperture&quot;:&quot;0&quot;,&quot;credit&quot;:&quot;&quot;,&quot;camera&quot;:&quot;&quot;,&quot;caption&quot;:&quot;&quot;,&quot;created_timestamp&quot;:&quot;0&quot;,&quot;copyright&quot;:&quot;&quot;,&quot;focal_length&quot;:&quot;0&quot;,&quot;iso&quot;:&quot;0&quot;,&quot;shutter_speed&quot;:&quot;0&quot;,&quot;title&quot;:&quot;&quot;,&quot;orientation&quot;:&quot;1&quot;}\" data-image-title=\"IKKS Fall\/Winter 2013 Lookbook\" data-image-description=\"\" data-image-caption=\"\" data-medium-file=\"https:\/\/i0.wp.com\/joyana.fr\/wp-content\/uploads\/2013\/07\/13H_IkksMen_LOOK_08_LD.jpg?fit=260%2C389&amp;ssl=1\" data-large-file=\"https:\/\/i0.wp.com\/joyana.fr\/wp-content\/uploads\/2013\/07\/13H_IkksMen_LOOK_08_LD.jpg?fit=650%2C974&amp;ssl=1\" class=\"alignnone size-full wp-image-5990\" title=\"Tabouret design AP par Shin AZUMI\" src=\"https:\/\/i0.wp.com\/joyana.fr\/wp-content\/uploads\/Tabouret-monocoque-La-Palma-refs51vs4.jpg?resize=576%2C576&#038;ssl=1\" alt=\"\" width=\"576\" height=\"576\" \/><\/a><\/p>\n<p><em>Esprit origami pour cet extraordinaire <strong>tabouret<\/strong> cr\u00e9\u00e9 par le designer japonais <strong>Shin Azumi<\/strong>. <strong>AP<\/strong> est issu d&#8217;un remarquable travail sur les mat\u00e9riaux&#8230; R\u00e9alis\u00e9 en contreplaqu\u00e9, ce tabouret est \u00e0 la fois robuste et l\u00e9ger. La beaut\u00e9 sculpturale du mat\u00e9riau met en exergue la fonctionnalit\u00e9 de la structure r\u00e9duite au minimum. Unique, le <strong>tabouret AP<\/strong> ne pr\u00e9sente aucune division apparente. L&#8217;assise et le pi\u00e8tement se rejoignent et se confondent en une r\u00e9alisation unique et fluide. Ergonomique et l\u00e9ger, <strong>AP <\/strong>est \u00e0 la confortable et tr\u00e8s stable, car il pr\u00e9sente une large surface de contact entre l&#8217;assise et le sol qui permet de r\u00e9partir la pression uniform\u00e9ment.<br \/>\n<\/em><\/p>\n<p><a title=\"TABOURET DESIGN\" href=\"http:\/\/ad.zanox.com\/ppc\/?11937795C769473732T\"><img data-recalc-dims=\"1\" decoding=\"async\" data-attachment-id=\"5989\" data-permalink=\"https:\/\/joyana.fr\/ja\/ikks-fallwinter-2013-lookbook-homme\/5980\/13h_ikksmen_look_07_ld\/\" data-orig-file=\"https:\/\/i0.wp.com\/joyana.fr\/wp-content\/uploads\/2013\/07\/13H_IkksMen_LOOK_07_LD.jpg?fit=650%2C974&amp;ssl=1\" data-orig-size=\"650,974\" data-comments-opened=\"1\" data-image-meta=\"{&quot;aperture&quot;:&quot;0&quot;,&quot;credit&quot;:&quot;&quot;,&quot;camera&quot;:&quot;&quot;,&quot;caption&quot;:&quot;&quot;,&quot;created_timestamp&quot;:&quot;0&quot;,&quot;copyright&quot;:&quot;&quot;,&quot;focal_length&quot;:&quot;0&quot;,&quot;iso&quot;:&quot;0&quot;,&quot;shutter_speed&quot;:&quot;0&quot;,&quot;title&quot;:&quot;&quot;,&quot;orientation&quot;:&quot;1&quot;}\" data-image-title=\"IKKS Fall\/Winter 2013 Lookbook\" data-image-description=\"\" data-image-caption=\"\" data-medium-file=\"https:\/\/i0.wp.com\/joyana.fr\/wp-content\/uploads\/2013\/07\/13H_IkksMen_LOOK_07_LD.jpg?fit=260%2C389&amp;ssl=1\" data-large-file=\"https:\/\/i0.wp.com\/joyana.fr\/wp-content\/uploads\/2013\/07\/13H_IkksMen_LOOK_07_LD.jpg?fit=650%2C974&amp;ssl=1\" class=\"alignnone size-full wp-image-5989\" title=\"Tabouret design AP par Shin AZUMI\" src=\"https:\/\/i0.wp.com\/joyana.fr\/wp-content\/uploads\/Tabouret-monocoque-La-Palma-refs51vs.jpg?resize=576%2C576&#038;ssl=1\" alt=\"\" width=\"576\" height=\"576\" \/><\/a><\/p>\n<p><em>La marque italienne <strong>La Palma<\/strong> a toujours su mettre son exceptionnel savoir-faire et sa ma\u00eetrise du bois au service de la cr\u00e9ativit\u00e9 de designers talentueux. Esth\u00e9tique \u00e9pur\u00e9e et qualit\u00e9 irr\u00e9prochable constituent l\u2019essence du processus cr\u00e9atif de la marque.<\/em><\/p>\n<p><em>Le bois clair, naturel et tr\u00e8s chaleureux, donne le ton des nouvelles collections de la marque. Courb\u00e9, pli\u00e9\u2026 il adopte des formes fluides et essentielles \u00e0 l\u2019image du <strong>tabouret AP <\/strong>du talentueux <strong>Shin Azumi<\/strong> !!! L\u2019acier fait \u00e9galement son grand retour dans le catalogue de la marque avec la superbe collection Stil&#8230;<\/em><\/p>\n<p><a title=\"TABOURET DESIGN\" href=\"http:\/\/ad.zanox.com\/ppc\/?11937795C769473732T\"><img data-recalc-dims=\"1\" decoding=\"async\" data-attachment-id=\"5991\" data-permalink=\"https:\/\/joyana.fr\/ja\/ikks-fallwinter-2013-lookbook-homme\/5980\/13h_ikksmen_look_09_ld\/\" data-orig-file=\"https:\/\/i0.wp.com\/joyana.fr\/wp-content\/uploads\/2013\/07\/13H_IkksMen_LOOK_09_LD.jpg?fit=650%2C974&amp;ssl=1\" data-orig-size=\"650,974\" data-comments-opened=\"1\" data-image-meta=\"{&quot;aperture&quot;:&quot;0&quot;,&quot;credit&quot;:&quot;&quot;,&quot;camera&quot;:&quot;&quot;,&quot;caption&quot;:&quot;&quot;,&quot;created_timestamp&quot;:&quot;0&quot;,&quot;copyright&quot;:&quot;&quot;,&quot;focal_length&quot;:&quot;0&quot;,&quot;iso&quot;:&quot;0&quot;,&quot;shutter_speed&quot;:&quot;0&quot;,&quot;title&quot;:&quot;&quot;,&quot;orientation&quot;:&quot;1&quot;}\" data-image-title=\"IKKS Fall\/Winter 2013 Lookbook\" data-image-description=\"\" data-image-caption=\"\" data-medium-file=\"https:\/\/i0.wp.com\/joyana.fr\/wp-content\/uploads\/2013\/07\/13H_IkksMen_LOOK_09_LD.jpg?fit=260%2C389&amp;ssl=1\" data-large-file=\"https:\/\/i0.wp.com\/joyana.fr\/wp-content\/uploads\/2013\/07\/13H_IkksMen_LOOK_09_LD.jpg?fit=650%2C974&amp;ssl=1\" class=\"alignnone size-full wp-image-5991\" title=\"Tabouret design AP par Shin AZUMI\" src=\"https:\/\/i0.wp.com\/joyana.fr\/wp-content\/uploads\/TABOURET_LAPALMA_SHIN_AZUMI.jpg?resize=576%2C400&#038;ssl=1\" alt=\"\" width=\"576\" height=\"400\" \/><\/a><\/p>\n<p><a href=\"http:\/\/ad.zanox.com\/ppc\/?11937795C769473732T\"><img data-recalc-dims=\"1\" loading=\"lazy\" decoding=\"async\" data-attachment-id=\"5988\" data-permalink=\"https:\/\/joyana.fr\/ja\/ikks-fallwinter-2013-lookbook-homme\/5980\/13h_ikksmen_look_06_ld\/\" data-orig-file=\"https:\/\/i0.wp.com\/joyana.fr\/wp-content\/uploads\/2013\/07\/13H_IkksMen_LOOK_06_LD.jpg?fit=650%2C974&amp;ssl=1\" data-orig-size=\"650,974\" data-comments-opened=\"1\" data-image-meta=\"{&quot;aperture&quot;:&quot;0&quot;,&quot;credit&quot;:&quot;&quot;,&quot;camera&quot;:&quot;&quot;,&quot;caption&quot;:&quot;&quot;,&quot;created_timestamp&quot;:&quot;0&quot;,&quot;copyright&quot;:&quot;&quot;,&quot;focal_length&quot;:&quot;0&quot;,&quot;iso&quot;:&quot;0&quot;,&quot;shutter_speed&quot;:&quot;0&quot;,&quot;title&quot;:&quot;&quot;,&quot;orientation&quot;:&quot;1&quot;}\" data-image-title=\"IKKS Fall\/Winter 2013 Lookbook\" data-image-description=\"\" data-image-caption=\"\" data-medium-file=\"https:\/\/i0.wp.com\/joyana.fr\/wp-content\/uploads\/2013\/07\/13H_IkksMen_LOOK_06_LD.jpg?fit=260%2C389&amp;ssl=1\" data-large-file=\"https:\/\/i0.wp.com\/joyana.fr\/wp-content\/uploads\/2013\/07\/13H_IkksMen_LOOK_06_LD.jpg?fit=650%2C974&amp;ssl=1\" class=\"alignnone size-full wp-image-5988\" title=\"Tabouret design AP par Shin AZUMI\" src=\"https:\/\/i0.wp.com\/joyana.fr\/wp-content\/uploads\/Tabouret-monocoque-La-Palma-refs51n3.jpg?resize=576%2C576&#038;ssl=1\" alt=\"\" width=\"576\" height=\"576\" \/><\/a><\/p>\n<p><a href=\"http:\/\/ad.zanox.com\/ppc\/?11937795C769473732T\"><img data-recalc-dims=\"1\" loading=\"lazy\" decoding=\"async\" data-attachment-id=\"5987\" data-permalink=\"https:\/\/joyana.fr\/ja\/ikks-fallwinter-2013-lookbook-homme\/5980\/13h_ikksmen_look_05_ld\/\" data-orig-file=\"https:\/\/i0.wp.com\/joyana.fr\/wp-content\/uploads\/2013\/07\/13H_IkksMen_LOOK_05_LD.jpg?fit=650%2C974&amp;ssl=1\" data-orig-size=\"650,974\" data-comments-opened=\"1\" data-image-meta=\"{&quot;aperture&quot;:&quot;0&quot;,&quot;credit&quot;:&quot;&quot;,&quot;camera&quot;:&quot;&quot;,&quot;caption&quot;:&quot;&quot;,&quot;created_timestamp&quot;:&quot;0&quot;,&quot;copyright&quot;:&quot;&quot;,&quot;focal_length&quot;:&quot;0&quot;,&quot;iso&quot;:&quot;0&quot;,&quot;shutter_speed&quot;:&quot;0&quot;,&quot;title&quot;:&quot;&quot;,&quot;orientation&quot;:&quot;1&quot;}\" data-image-title=\"IKKS Fall\/Winter 2013 Lookbook\" data-image-description=\"\" data-image-caption=\"\" data-medium-file=\"https:\/\/i0.wp.com\/joyana.fr\/wp-content\/uploads\/2013\/07\/13H_IkksMen_LOOK_05_LD.jpg?fit=260%2C389&amp;ssl=1\" data-large-file=\"https:\/\/i0.wp.com\/joyana.fr\/wp-content\/uploads\/2013\/07\/13H_IkksMen_LOOK_05_LD.jpg?fit=650%2C974&amp;ssl=1\" class=\"alignnone size-full wp-image-5987\" title=\"Tabouret design AP par Shin AZUMI\" src=\"https:\/\/i0.wp.com\/joyana.fr\/wp-content\/uploads\/Tabouret-monocoque-La-Palma-refs51n.jpg?resize=576%2C603&#038;ssl=1\" alt=\"\" width=\"576\" height=\"603\" \/><\/a><\/p>\n<p>En savoir + sur <a title=\"LA PALMA\" href=\"http:\/\/www.lapalma.it\/\"><strong>LA PALMA<\/strong><\/a> &#038; <a title=\"SHIN AZUMI\" href=\"http:\/\/www.shinazumi.com\/index.htm\"><strong>Shin AZUMI<\/strong><\/a><\/p>\n<p>Disponible chez :<\/p>\n<p style=\"text-align: center;\"><a href=\"http:\/\/ad.zanox.com\/ppc\/?10210010C1205779596T\"><img loading=\"lazy\" decoding=\"async\" src=\"http:\/\/ad.zanox.com\/ppv\/?10210010C1205779596\" border=\"0\" alt=\"Banni\u00e8re 468x60 axe2\" hspace=\"1\" width=\"468\" height=\"60\" align=\"bottom\" \/><\/a><\/p>\n","protected":false},"excerpt":{"rendered":"<p>Coup de c\u0153ur pour le tabouret AP, dont on doit le design au japonais Shin Azumi &#8211; qui signe ici une assi [&hellip;]<\/p>\n","protected":false},"author":3,"featured_media":105990,"comment_status":"open","ping_status":"open","sticky":false,"template":"","format":"standard","meta":{"_coblocks_attr":"","_coblocks_dimensions":"","_coblocks_responsive_height":"","_coblocks_accordion_ie_support":"","_uag_custom_page_level_css":"","advgb_blocks_editor_width":"","advgb_blocks_columns_visual_guide":"","_genesis_hide_title":false,"_genesis_hide_breadcrumbs":false,"_genesis_hide_singular_image":false,"_genesis_hide_footer_widgets":false,"_genesis_custom_body_class":"","_genesis_custom_post_class":"","_genesis_layout":"","_themeisle_gutenberg_block_has_review":false,"_jetpack_newsletter_access":"","_jetpack_dont_email_post_to_subs":false,"_jetpack_newsletter_tier_id":0,"_jetpack_memberships_contains_paywalled_content":false,"_jetpack_memberships_contains_paid_content":false,"footnotes":""},"categories":[948,905,998],"tags":[78,20],"class_list":{"0":"post-105986","1":"post","2":"type-post","3":"status-publish","4":"format-standard","5":"has-post-thumbnail","7":"category-assise","8":"category-deco-design","9":"category-tabouret","10":"tag-design","11":"tag-japon","12":"entry"},"featured_image_urls":{"full":["https:\/\/i0.wp.com\/joyana.fr\/wp-content\/uploads\/old\/Tabouret-monocoque-La-Palma-refs51vs4.jpg?fit=576%2C576&ssl=1",576,576,false],"thumbnail":["https:\/\/i0.wp.com\/joyana.fr\/wp-content\/uploads\/old\/Tabouret-monocoque-La-Palma-refs51vs4.jpg?resize=150%2C150&ssl=1",150,150,true],"medium":["https:\/\/i0.wp.com\/joyana.fr\/wp-content\/uploads\/old\/Tabouret-monocoque-La-Palma-refs51vs4.jpg?fit=389%2C389&ssl=1",389,389,true],"medium_large":["https:\/\/i0.wp.com\/joyana.fr\/wp-content\/uploads\/old\/Tabouret-monocoque-La-Palma-refs51vs4.jpg?fit=576%2C576&ssl=1",576,576,true],"large":["https:\/\/i0.wp.com\/joyana.fr\/wp-content\/uploads\/old\/Tabouret-monocoque-La-Palma-refs51vs4.jpg?fit=576%2C576&ssl=1",576,576,true],"1536x1536":["https:\/\/i0.wp.com\/joyana.fr\/wp-content\/uploads\/old\/Tabouret-monocoque-La-Palma-refs51vs4.jpg?fit=576%2C576&ssl=1",576,576,true],"2048x2048":["https:\/\/i0.wp.com\/joyana.fr\/wp-content\/uploads\/old\/Tabouret-monocoque-La-Palma-refs51vs4.jpg?fit=576%2C576&ssl=1",576,576,true],"featured-thumb":["https:\/\/i0.wp.com\/joyana.fr\/wp-content\/uploads\/old\/Tabouret-monocoque-La-Palma-refs51vs4.jpg?resize=576%2C576&ssl=1",576,576,true],"ab-block-post-grid-landscape":["https:\/\/i0.wp.com\/joyana.fr\/wp-content\/uploads\/old\/Tabouret-monocoque-La-Palma-refs51vs4.jpg?resize=576%2C400&ssl=1",576,400,true],"ab-block-post-grid-square":["https:\/\/i0.wp.com\/joyana.fr\/wp-content\/uploads\/old\/Tabouret-monocoque-La-Palma-refs51vs4.jpg?resize=576%2C576&ssl=1",576,576,true],"author-pro-image":["https:\/\/i0.wp.com\/joyana.fr\/wp-content\/uploads\/old\/Tabouret-monocoque-La-Palma-refs51vs4.jpg?resize=360%2C570&ssl=1",360,570,true],"slider":["https:\/\/i0.wp.com\/joyana.fr\/wp-content\/uploads\/old\/Tabouret-monocoque-La-Palma-refs51vs4.jpg?resize=576%2C400&ssl=1",576,400,true],"woocommerce_thumbnail":["https:\/\/i0.wp.com\/joyana.fr\/wp-content\/uploads\/old\/Tabouret-monocoque-La-Palma-refs51vs4.jpg?resize=450%2C450&ssl=1",450,450,true],"woocommerce_single":["https:\/\/i0.wp.com\/joyana.fr\/wp-content\/uploads\/old\/Tabouret-monocoque-La-Palma-refs51vs4.jpg?fit=576%2C576&ssl=1",576,576,true],"woocommerce_gallery_thumbnail":["https:\/\/i0.wp.com\/joyana.fr\/wp-content\/uploads\/old\/Tabouret-monocoque-La-Palma-refs51vs4.jpg?resize=180%2C180&ssl=1",180,180,true],"sow-carousel-default":["https:\/\/i0.wp.com\/joyana.fr\/wp-content\/uploads\/old\/Tabouret-monocoque-La-Palma-refs51vs4.jpg?resize=272%2C182&ssl=1",272,182,true]},"post_excerpt_stackable":"<p>Coup de c\u0153ur pour le tabouret AP, dont on doit le design au japonais Shin Azumi &#8211; qui signe ic&hellip;<\/p>\n","category_list":"<a href=\"https:\/\/joyana.fr\/ja\/category\/deco-design\/mobilier\/assise\/\" rel=\"category tag\">Assise<\/a>, <a href=\"https:\/\/joyana.fr\/ja\/category\/deco-design\/\" rel=\"category tag\">DECO-DESIGN<\/a>, <a href=\"https:\/\/joyana.fr\/ja\/category\/deco-design\/mobilier\/assise\/tabouret\/\" rel=\"category tag\">Tabouret<\/a>","author_info":{"display_name":"Jo Yana","author_link":"https:\/\/joyana.fr\/ja\/author\/joyana\/"},"comments_num":"27 comments","featured_image_urls_v2":{"full":["https:\/\/i0.wp.com\/joyana.fr\/wp-content\/uploads\/old\/Tabouret-monocoque-La-Palma-refs51vs4.jpg?fit=576%2C576&ssl=1",576,576,false],"thumbnail":["https:\/\/i0.wp.com\/joyana.fr\/wp-content\/uploads\/old\/Tabouret-monocoque-La-Palma-refs51vs4.jpg?resize=150%2C150&ssl=1",150,150,true],"medium":["https:\/\/i0.wp.com\/joyana.fr\/wp-content\/uploads\/old\/Tabouret-monocoque-La-Palma-refs51vs4.jpg?fit=389%2C389&ssl=1",389,389,true],"medium_large":["https:\/\/i0.wp.com\/joyana.fr\/wp-content\/uploads\/old\/Tabouret-monocoque-La-Palma-refs51vs4.jpg?fit=576%2C576&ssl=1",576,576,true],"large":["https:\/\/i0.wp.com\/joyana.fr\/wp-content\/uploads\/old\/Tabouret-monocoque-La-Palma-refs51vs4.jpg?fit=576%2C576&ssl=1",576,576,true],"1536x1536":["https:\/\/i0.wp.com\/joyana.fr\/wp-content\/uploads\/old\/Tabouret-monocoque-La-Palma-refs51vs4.jpg?fit=576%2C576&ssl=1",576,576,true],"2048x2048":["https:\/\/i0.wp.com\/joyana.fr\/wp-content\/uploads\/old\/Tabouret-monocoque-La-Palma-refs51vs4.jpg?fit=576%2C576&ssl=1",576,576,true],"featured-thumb":["https:\/\/i0.wp.com\/joyana.fr\/wp-content\/uploads\/old\/Tabouret-monocoque-La-Palma-refs51vs4.jpg?resize=576%2C576&ssl=1",576,576,true],"ab-block-post-grid-landscape":["https:\/\/i0.wp.com\/joyana.fr\/wp-content\/uploads\/old\/Tabouret-monocoque-La-Palma-refs51vs4.jpg?resize=576%2C400&ssl=1",576,400,true],"ab-block-post-grid-square":["https:\/\/i0.wp.com\/joyana.fr\/wp-content\/uploads\/old\/Tabouret-monocoque-La-Palma-refs51vs4.jpg?resize=576%2C576&ssl=1",576,576,true],"author-pro-image":["https:\/\/i0.wp.com\/joyana.fr\/wp-content\/uploads\/old\/Tabouret-monocoque-La-Palma-refs51vs4.jpg?resize=360%2C570&ssl=1",360,570,true],"slider":["https:\/\/i0.wp.com\/joyana.fr\/wp-content\/uploads\/old\/Tabouret-monocoque-La-Palma-refs51vs4.jpg?resize=576%2C400&ssl=1",576,400,true],"woocommerce_thumbnail":["https:\/\/i0.wp.com\/joyana.fr\/wp-content\/uploads\/old\/Tabouret-monocoque-La-Palma-refs51vs4.jpg?resize=450%2C450&ssl=1",450,450,true],"woocommerce_single":["https:\/\/i0.wp.com\/joyana.fr\/wp-content\/uploads\/old\/Tabouret-monocoque-La-Palma-refs51vs4.jpg?fit=576%2C576&ssl=1",576,576,true],"woocommerce_gallery_thumbnail":["https:\/\/i0.wp.com\/joyana.fr\/wp-content\/uploads\/old\/Tabouret-monocoque-La-Palma-refs51vs4.jpg?resize=180%2C180&ssl=1",180,180,true],"sow-carousel-default":["https:\/\/i0.wp.com\/joyana.fr\/wp-content\/uploads\/old\/Tabouret-monocoque-La-Palma-refs51vs4.jpg?resize=272%2C182&ssl=1",272,182,true]},"post_excerpt_stackable_v2":"<p>Coup de c\u0153ur pour le tabouret AP, dont on doit le design au japonais Shin Azumi &#8211; qui signe ic&hellip;<\/p>\n","category_list_v2":"<a href=\"https:\/\/joyana.fr\/ja\/category\/deco-design\/mobilier\/assise\/\" rel=\"category tag\">Assise<\/a>, <a href=\"https:\/\/joyana.fr\/ja\/category\/deco-design\/\" rel=\"category tag\">DECO-DESIGN<\/a>, <a href=\"https:\/\/joyana.fr\/ja\/category\/deco-design\/mobilier\/assise\/tabouret\/\" rel=\"category tag\">Tabouret<\/a>","author_info_v2":{"name":"Jo Yana","url":"https:\/\/joyana.fr\/ja\/author\/joyana\/"},"comments_num_v2":"27 comments","yoast_head":"<!-- This site is optimized with the Yoast SEO plugin v26.8 - https:\/\/yoast.com\/product\/yoast-seo-wordpress\/ -->\n<title>Tabouret design AP par Shin AZUMI - JO YANA<\/title>\n<meta name=\"robots\" content=\"index, follow, max-snippet:-1, max-image-preview:large, max-video-preview:-1\" \/>\n<link rel=\"canonical\" href=\"https:\/\/joyana.fr\/ja\/tabouret-design-ap-lapalma-shin-azumi\/105986\/\" \/>\n<meta property=\"og:locale\" content=\"ja_JP\" \/>\n<meta property=\"og:locale:alternate\" content=\"fr_FR\" \/>\n<meta property=\"og:locale:alternate\" content=\"en_US\" \/>\n<meta property=\"og:type\" content=\"article\" \/>\n<meta property=\"og:title\" content=\"Tabouret design AP par Shin AZUMI - JO YANA\" \/>\n<meta property=\"og:description\" content=\"Coup de c\u0153ur pour le tabouret AP, dont on doit le design au japonais Shin Azumi &#8211; qui signe ici une assi [&hellip;]\" \/>\n<meta property=\"og:url\" content=\"https:\/\/joyana.fr\/ja\/tabouret-design-ap-lapalma-shin-azumi\/105986\/\" \/>\n<meta property=\"og:site_name\" content=\"JO YANA\" \/>\n<meta property=\"article:published_time\" content=\"2011-02-24T07:32:42+00:00\" \/>\n<meta property=\"og:image\" content=\"https:\/\/i0.wp.com\/joyana.fr\/wp-content\/uploads\/old\/Tabouret-monocoque-La-Palma-refs51vs4.jpg?fit=576%2C576&ssl=1\" \/>\n\t<meta property=\"og:image:width\" content=\"576\" \/>\n\t<meta property=\"og:image:height\" content=\"576\" \/>\n\t<meta property=\"og:image:type\" content=\"image\/jpeg\" \/>\n<meta name=\"author\" content=\"Jo Yana\" \/>\n<meta name=\"twitter:card\" content=\"summary_large_image\" \/>\n<meta name=\"twitter:creator\" content=\"@Jo_Yana\" \/>\n<meta name=\"twitter:site\" content=\"@Jo_Yana\" \/>\n<meta name=\"twitter:label1\" content=\"\u57f7\u7b46\u8005\" \/>\n\t<meta name=\"twitter:data1\" content=\"Jo Yana\" \/>\n\t<meta name=\"twitter:label2\" content=\"\u63a8\u5b9a\u8aad\u307f\u53d6\u308a\u6642\u9593\" \/>\n\t<meta name=\"twitter:data2\" content=\"1\u5206\" \/>\n<script type=\"application\/ld+json\" class=\"yoast-schema-graph\">{\"@context\":\"https:\/\/schema.org\",\"@graph\":[{\"@type\":\"Article\",\"@id\":\"https:\/\/joyana.fr\/ja\/tabouret-design-ap-lapalma-shin-azumi\/105986\/#article\",\"isPartOf\":{\"@id\":\"https:\/\/joyana.fr\/ja\/tabouret-design-ap-lapalma-shin-azumi\/105986\/\"},\"author\":{\"name\":\"Jo Yana\",\"@id\":\"https:\/\/www.joyana.fr\/#\/schema\/person\/cf2a1ad12a27c12c21801075bf37407c\"},\"headline\":\"Tabouret design AP par Shin AZUMI\",\"datePublished\":\"2011-02-24T07:32:42+00:00\",\"mainEntityOfPage\":{\"@id\":\"https:\/\/joyana.fr\/ja\/tabouret-design-ap-lapalma-shin-azumi\/105986\/\"},\"wordCount\":263,\"commentCount\":0,\"publisher\":{\"@id\":\"https:\/\/www.joyana.fr\/#\/schema\/person\/cf2a1ad12a27c12c21801075bf37407c\"},\"image\":{\"@id\":\"https:\/\/joyana.fr\/ja\/tabouret-design-ap-lapalma-shin-azumi\/105986\/#primaryimage\"},\"thumbnailUrl\":\"https:\/\/i0.wp.com\/joyana.fr\/wp-content\/uploads\/old\/Tabouret-monocoque-La-Palma-refs51vs4.jpg?fit=576%2C576&ssl=1\",\"keywords\":[\"DESIGN\",\"Japon\"],\"articleSection\":[\"Assise\",\"DECO-DESIGN\",\"Tabouret\"],\"inLanguage\":\"ja\",\"potentialAction\":[{\"@type\":\"CommentAction\",\"name\":\"Comment\",\"target\":[\"https:\/\/joyana.fr\/ja\/tabouret-design-ap-lapalma-shin-azumi\/105986\/#respond\"]}]},{\"@type\":\"WebPage\",\"@id\":\"https:\/\/joyana.fr\/ja\/tabouret-design-ap-lapalma-shin-azumi\/105986\/\",\"url\":\"https:\/\/joyana.fr\/ja\/tabouret-design-ap-lapalma-shin-azumi\/105986\/\",\"name\":\"Tabouret design AP par Shin AZUMI - JO YANA\",\"isPartOf\":{\"@id\":\"https:\/\/www.joyana.fr\/#website\"},\"primaryImageOfPage\":{\"@id\":\"https:\/\/joyana.fr\/ja\/tabouret-design-ap-lapalma-shin-azumi\/105986\/#primaryimage\"},\"image\":{\"@id\":\"https:\/\/joyana.fr\/ja\/tabouret-design-ap-lapalma-shin-azumi\/105986\/#primaryimage\"},\"thumbnailUrl\":\"https:\/\/i0.wp.com\/joyana.fr\/wp-content\/uploads\/old\/Tabouret-monocoque-La-Palma-refs51vs4.jpg?fit=576%2C576&ssl=1\",\"datePublished\":\"2011-02-24T07:32:42+00:00\",\"breadcrumb\":{\"@id\":\"https:\/\/joyana.fr\/ja\/tabouret-design-ap-lapalma-shin-azumi\/105986\/#breadcrumb\"},\"inLanguage\":\"ja\",\"potentialAction\":[{\"@type\":\"ReadAction\",\"target\":[\"https:\/\/joyana.fr\/ja\/tabouret-design-ap-lapalma-shin-azumi\/105986\/\"]}]},{\"@type\":\"ImageObject\",\"inLanguage\":\"ja\",\"@id\":\"https:\/\/joyana.fr\/ja\/tabouret-design-ap-lapalma-shin-azumi\/105986\/#primaryimage\",\"url\":\"https:\/\/i0.wp.com\/joyana.fr\/wp-content\/uploads\/old\/Tabouret-monocoque-La-Palma-refs51vs4.jpg?fit=576%2C576&ssl=1\",\"contentUrl\":\"https:\/\/i0.wp.com\/joyana.fr\/wp-content\/uploads\/old\/Tabouret-monocoque-La-Palma-refs51vs4.jpg?fit=576%2C576&ssl=1\",\"width\":576,\"height\":576},{\"@type\":\"BreadcrumbList\",\"@id\":\"https:\/\/joyana.fr\/ja\/tabouret-design-ap-lapalma-shin-azumi\/105986\/#breadcrumb\",\"itemListElement\":[{\"@type\":\"ListItem\",\"position\":1,\"name\":\"Accueil\",\"item\":\"https:\/\/www.joyana.fr\/\"},{\"@type\":\"ListItem\",\"position\":2,\"name\":\"Tabouret design AP par Shin AZUMI\"}]},{\"@type\":\"WebSite\",\"@id\":\"https:\/\/www.joyana.fr\/#website\",\"url\":\"https:\/\/www.joyana.fr\/\",\"name\":\"JO YANA\",\"description\":\"Blog Mode Homme, Lifestyle, D\u00e9co-Design\",\"publisher\":{\"@id\":\"https:\/\/www.joyana.fr\/#\/schema\/person\/cf2a1ad12a27c12c21801075bf37407c\"},\"potentialAction\":[{\"@type\":\"SearchAction\",\"target\":{\"@type\":\"EntryPoint\",\"urlTemplate\":\"https:\/\/www.joyana.fr\/?s={search_term_string}\"},\"query-input\":{\"@type\":\"PropertyValueSpecification\",\"valueRequired\":true,\"valueName\":\"search_term_string\"}}],\"inLanguage\":\"ja\"},{\"@type\":[\"Person\",\"Organization\"],\"@id\":\"https:\/\/www.joyana.fr\/#\/schema\/person\/cf2a1ad12a27c12c21801075bf37407c\",\"name\":\"Jo Yana\",\"image\":{\"@type\":\"ImageObject\",\"inLanguage\":\"ja\",\"@id\":\"https:\/\/www.joyana.fr\/#\/schema\/person\/image\/\",\"url\":\"https:\/\/i0.wp.com\/joyana.fr\/wp-content\/uploads\/2016\/08\/cropped-joyana-logo-black-360x180.png?fit=343%2C164&ssl=1\",\"contentUrl\":\"https:\/\/i0.wp.com\/joyana.fr\/wp-content\/uploads\/2016\/08\/cropped-joyana-logo-black-360x180.png?fit=343%2C164&ssl=1\",\"width\":343,\"height\":164,\"caption\":\"Jo Yana\"},\"logo\":{\"@id\":\"https:\/\/www.joyana.fr\/#\/schema\/person\/image\/\"},\"description\":\"Jo Yana est le cr\u00e9ateur et r\u00e9dacteur en chef des sites DECO-DESIGN. Passionn\u00e9 de Design, Mode, Photo, Luxe, Lifestyle, Musique, mais avant tout Blogueur ! Le plaisir de partager l'anime et a comme devise \\\"POUR L'AMOUR DU BEAU\\\". Retrouvez le aussi sur son blog personnel - https:\/\/joyana.fr...\",\"sameAs\":[\"https:\/\/joyana.fr\/\"],\"url\":\"https:\/\/joyana.fr\/ja\/author\/joyana\/\"}]}<\/script>\n<!-- \/ Yoast SEO plugin. -->","yoast_head_json":{"title":"Tabouret design AP par Shin AZUMI - JO YANA","robots":{"index":"index","follow":"follow","max-snippet":"max-snippet:-1","max-image-preview":"max-image-preview:large","max-video-preview":"max-video-preview:-1"},"canonical":"https:\/\/joyana.fr\/ja\/tabouret-design-ap-lapalma-shin-azumi\/105986\/","og_locale":"ja_JP","og_type":"article","og_title":"Tabouret design AP par Shin AZUMI - JO YANA","og_description":"Coup de c\u0153ur pour le tabouret AP, dont on doit le design au japonais Shin Azumi &#8211; qui signe ici une assi [&hellip;]","og_url":"https:\/\/joyana.fr\/ja\/tabouret-design-ap-lapalma-shin-azumi\/105986\/","og_site_name":"JO YANA","article_published_time":"2011-02-24T07:32:42+00:00","og_image":[{"width":576,"height":576,"url":"https:\/\/i0.wp.com\/joyana.fr\/wp-content\/uploads\/old\/Tabouret-monocoque-La-Palma-refs51vs4.jpg?fit=576%2C576&ssl=1","type":"image\/jpeg"}],"author":"Jo Yana","twitter_card":"summary_large_image","twitter_creator":"@Jo_Yana","twitter_site":"@Jo_Yana","twitter_misc":{"\u57f7\u7b46\u8005":"Jo Yana","\u63a8\u5b9a\u8aad\u307f\u53d6\u308a\u6642\u9593":"1\u5206"},"schema":{"@context":"https:\/\/schema.org","@graph":[{"@type":"Article","@id":"https:\/\/joyana.fr\/ja\/tabouret-design-ap-lapalma-shin-azumi\/105986\/#article","isPartOf":{"@id":"https:\/\/joyana.fr\/ja\/tabouret-design-ap-lapalma-shin-azumi\/105986\/"},"author":{"name":"Jo Yana","@id":"https:\/\/www.joyana.fr\/#\/schema\/person\/cf2a1ad12a27c12c21801075bf37407c"},"headline":"Tabouret design AP par Shin AZUMI","datePublished":"2011-02-24T07:32:42+00:00","mainEntityOfPage":{"@id":"https:\/\/joyana.fr\/ja\/tabouret-design-ap-lapalma-shin-azumi\/105986\/"},"wordCount":263,"commentCount":0,"publisher":{"@id":"https:\/\/www.joyana.fr\/#\/schema\/person\/cf2a1ad12a27c12c21801075bf37407c"},"image":{"@id":"https:\/\/joyana.fr\/ja\/tabouret-design-ap-lapalma-shin-azumi\/105986\/#primaryimage"},"thumbnailUrl":"https:\/\/i0.wp.com\/joyana.fr\/wp-content\/uploads\/old\/Tabouret-monocoque-La-Palma-refs51vs4.jpg?fit=576%2C576&ssl=1","keywords":["DESIGN","Japon"],"articleSection":["Assise","DECO-DESIGN","Tabouret"],"inLanguage":"ja","potentialAction":[{"@type":"CommentAction","name":"Comment","target":["https:\/\/joyana.fr\/ja\/tabouret-design-ap-lapalma-shin-azumi\/105986\/#respond"]}]},{"@type":"WebPage","@id":"https:\/\/joyana.fr\/ja\/tabouret-design-ap-lapalma-shin-azumi\/105986\/","url":"https:\/\/joyana.fr\/ja\/tabouret-design-ap-lapalma-shin-azumi\/105986\/","name":"Tabouret design AP par Shin AZUMI - JO YANA","isPartOf":{"@id":"https:\/\/www.joyana.fr\/#website"},"primaryImageOfPage":{"@id":"https:\/\/joyana.fr\/ja\/tabouret-design-ap-lapalma-shin-azumi\/105986\/#primaryimage"},"image":{"@id":"https:\/\/joyana.fr\/ja\/tabouret-design-ap-lapalma-shin-azumi\/105986\/#primaryimage"},"thumbnailUrl":"https:\/\/i0.wp.com\/joyana.fr\/wp-content\/uploads\/old\/Tabouret-monocoque-La-Palma-refs51vs4.jpg?fit=576%2C576&ssl=1","datePublished":"2011-02-24T07:32:42+00:00","breadcrumb":{"@id":"https:\/\/joyana.fr\/ja\/tabouret-design-ap-lapalma-shin-azumi\/105986\/#breadcrumb"},"inLanguage":"ja","potentialAction":[{"@type":"ReadAction","target":["https:\/\/joyana.fr\/ja\/tabouret-design-ap-lapalma-shin-azumi\/105986\/"]}]},{"@type":"ImageObject","inLanguage":"ja","@id":"https:\/\/joyana.fr\/ja\/tabouret-design-ap-lapalma-shin-azumi\/105986\/#primaryimage","url":"https:\/\/i0.wp.com\/joyana.fr\/wp-content\/uploads\/old\/Tabouret-monocoque-La-Palma-refs51vs4.jpg?fit=576%2C576&ssl=1","contentUrl":"https:\/\/i0.wp.com\/joyana.fr\/wp-content\/uploads\/old\/Tabouret-monocoque-La-Palma-refs51vs4.jpg?fit=576%2C576&ssl=1","width":576,"height":576},{"@type":"BreadcrumbList","@id":"https:\/\/joyana.fr\/ja\/tabouret-design-ap-lapalma-shin-azumi\/105986\/#breadcrumb","itemListElement":[{"@type":"ListItem","position":1,"name":"Accueil","item":"https:\/\/www.joyana.fr\/"},{"@type":"ListItem","position":2,"name":"Tabouret design AP par Shin AZUMI"}]},{"@type":"WebSite","@id":"https:\/\/www.joyana.fr\/#website","url":"https:\/\/www.joyana.fr\/","name":"JO YANA","description":"Blog Mode Homme, Lifestyle, D\u00e9co-Design","publisher":{"@id":"https:\/\/www.joyana.fr\/#\/schema\/person\/cf2a1ad12a27c12c21801075bf37407c"},"potentialAction":[{"@type":"SearchAction","target":{"@type":"EntryPoint","urlTemplate":"https:\/\/www.joyana.fr\/?s={search_term_string}"},"query-input":{"@type":"PropertyValueSpecification","valueRequired":true,"valueName":"search_term_string"}}],"inLanguage":"ja"},{"@type":["Person","Organization"],"@id":"https:\/\/www.joyana.fr\/#\/schema\/person\/cf2a1ad12a27c12c21801075bf37407c","name":"Jo Yana","image":{"@type":"ImageObject","inLanguage":"ja","@id":"https:\/\/www.joyana.fr\/#\/schema\/person\/image\/","url":"https:\/\/i0.wp.com\/joyana.fr\/wp-content\/uploads\/2016\/08\/cropped-joyana-logo-black-360x180.png?fit=343%2C164&ssl=1","contentUrl":"https:\/\/i0.wp.com\/joyana.fr\/wp-content\/uploads\/2016\/08\/cropped-joyana-logo-black-360x180.png?fit=343%2C164&ssl=1","width":343,"height":164,"caption":"Jo Yana"},"logo":{"@id":"https:\/\/www.joyana.fr\/#\/schema\/person\/image\/"},"description":"Jo Yana est le cr\u00e9ateur et r\u00e9dacteur en chef des sites DECO-DESIGN. Passionn\u00e9 de Design, Mode, Photo, Luxe, Lifestyle, Musique, mais avant tout Blogueur ! Le plaisir de partager l'anime et a comme devise \"POUR L'AMOUR DU BEAU\". Retrouvez le aussi sur son blog personnel - https:\/\/joyana.fr...","sameAs":["https:\/\/joyana.fr\/"],"url":"https:\/\/joyana.fr\/ja\/author\/joyana\/"}]}},"author_meta":{"display_name":"Jo Yana","author_link":"https:\/\/joyana.fr\/ja\/author\/joyana\/"},"featured_img":"https:\/\/i0.wp.com\/joyana.fr\/wp-content\/uploads\/old\/Tabouret-monocoque-La-Palma-refs51vs4.jpg?fit=389%2C389&ssl=1","featured_image_src":"https:\/\/i0.wp.com\/joyana.fr\/wp-content\/uploads\/old\/Tabouret-monocoque-La-Palma-refs51vs4.jpg?resize=576%2C400&ssl=1","featured_image_src_square":"https:\/\/i0.wp.com\/joyana.fr\/wp-content\/uploads\/old\/Tabouret-monocoque-La-Palma-refs51vs4.jpg?resize=576%2C576&ssl=1","jetpack_featured_media_url":"https:\/\/i0.wp.com\/joyana.fr\/wp-content\/uploads\/old\/Tabouret-monocoque-La-Palma-refs51vs4.jpg?fit=576%2C576&ssl=1","uagb_featured_image_src":{"full":["https:\/\/i0.wp.com\/joyana.fr\/wp-content\/uploads\/old\/Tabouret-monocoque-La-Palma-refs51vs4.jpg?fit=576%2C576&ssl=1",576,576,false],"thumbnail":["https:\/\/i0.wp.com\/joyana.fr\/wp-content\/uploads\/old\/Tabouret-monocoque-La-Palma-refs51vs4.jpg?resize=150%2C150&ssl=1",150,150,true],"medium":["https:\/\/i0.wp.com\/joyana.fr\/wp-content\/uploads\/old\/Tabouret-monocoque-La-Palma-refs51vs4.jpg?fit=389%2C389&ssl=1",389,389,true],"medium_large":["https:\/\/i0.wp.com\/joyana.fr\/wp-content\/uploads\/old\/Tabouret-monocoque-La-Palma-refs51vs4.jpg?fit=576%2C576&ssl=1",576,576,true],"large":["https:\/\/i0.wp.com\/joyana.fr\/wp-content\/uploads\/old\/Tabouret-monocoque-La-Palma-refs51vs4.jpg?fit=576%2C576&ssl=1",576,576,true],"1536x1536":["https:\/\/i0.wp.com\/joyana.fr\/wp-content\/uploads\/old\/Tabouret-monocoque-La-Palma-refs51vs4.jpg?fit=576%2C576&ssl=1",576,576,true],"2048x2048":["https:\/\/i0.wp.com\/joyana.fr\/wp-content\/uploads\/old\/Tabouret-monocoque-La-Palma-refs51vs4.jpg?fit=576%2C576&ssl=1",576,576,true],"featured-thumb":["https:\/\/i0.wp.com\/joyana.fr\/wp-content\/uploads\/old\/Tabouret-monocoque-La-Palma-refs51vs4.jpg?resize=576%2C576&ssl=1",576,576,true],"ab-block-post-grid-landscape":["https:\/\/i0.wp.com\/joyana.fr\/wp-content\/uploads\/old\/Tabouret-monocoque-La-Palma-refs51vs4.jpg?resize=576%2C400&ssl=1",576,400,true],"ab-block-post-grid-square":["https:\/\/i0.wp.com\/joyana.fr\/wp-content\/uploads\/old\/Tabouret-monocoque-La-Palma-refs51vs4.jpg?resize=576%2C576&ssl=1",576,576,true],"author-pro-image":["https:\/\/i0.wp.com\/joyana.fr\/wp-content\/uploads\/old\/Tabouret-monocoque-La-Palma-refs51vs4.jpg?resize=360%2C570&ssl=1",360,570,true],"slider":["https:\/\/i0.wp.com\/joyana.fr\/wp-content\/uploads\/old\/Tabouret-monocoque-La-Palma-refs51vs4.jpg?resize=576%2C400&ssl=1",576,400,true],"woocommerce_thumbnail":["https:\/\/i0.wp.com\/joyana.fr\/wp-content\/uploads\/old\/Tabouret-monocoque-La-Palma-refs51vs4.jpg?resize=450%2C450&ssl=1",450,450,true],"woocommerce_single":["https:\/\/i0.wp.com\/joyana.fr\/wp-content\/uploads\/old\/Tabouret-monocoque-La-Palma-refs51vs4.jpg?fit=576%2C576&ssl=1",576,576,true],"woocommerce_gallery_thumbnail":["https:\/\/i0.wp.com\/joyana.fr\/wp-content\/uploads\/old\/Tabouret-monocoque-La-Palma-refs51vs4.jpg?resize=180%2C180&ssl=1",180,180,true],"sow-carousel-default":["https:\/\/i0.wp.com\/joyana.fr\/wp-content\/uploads\/old\/Tabouret-monocoque-La-Palma-refs51vs4.jpg?resize=272%2C182&ssl=1",272,182,true]},"uagb_author_info":{"display_name":"Jo Yana","author_link":"https:\/\/joyana.fr\/ja\/author\/joyana\/"},"uagb_comment_info":27,"uagb_excerpt":"Coup de c\u0153ur pour le tabouret AP, dont on doit le desig&hellip;","coauthors":[],"tax_additional":{"categories":{"linked":["<a href=\"https:\/\/joyana.fr\/ja\/category\/deco-design\/mobilier\/assise\/\" class=\"advgb-post-tax-term\">Assise<\/a>","<a href=\"https:\/\/joyana.fr\/ja\/category\/deco-design\/\" class=\"advgb-post-tax-term\">DECO-DESIGN<\/a>","<a href=\"https:\/\/joyana.fr\/ja\/category\/deco-design\/mobilier\/assise\/tabouret\/\" class=\"advgb-post-tax-term\">Tabouret<\/a>"],"unlinked":["<span class=\"advgb-post-tax-term\">Assise<\/span>","<span class=\"advgb-post-tax-term\">DECO-DESIGN<\/span>","<span class=\"advgb-post-tax-term\">Tabouret<\/span>"]},"tags":{"linked":["<a href=\"https:\/\/joyana.fr\/ja\/category\/deco-design\/mobilier\/assise\/tabouret\/\" class=\"advgb-post-tax-term\">DESIGN<\/a>","<a href=\"https:\/\/joyana.fr\/ja\/category\/deco-design\/mobilier\/assise\/tabouret\/\" class=\"advgb-post-tax-term\">Japon<\/a>"],"unlinked":["<span class=\"advgb-post-tax-term\">DESIGN<\/span>","<span class=\"advgb-post-tax-term\">Japon<\/span>"]}},"comment_count":27,"relative_dates":{"created":"Posted 15\u5e74 ago","modified":"Updated 15\u5e74 ago"},"absolute_dates":{"created":"Posted on 24 2\u6708 2011","modified":"Updated on 24 2\u6708 2011"},"absolute_dates_time":{"created":"Posted on 24 2\u6708 2011 8:32","modified":"Updated on 24 2\u6708 2011 8:32"},"featured_img_caption":"","series_order":"","jetpack_sharing_enabled":true,"jetpack_shortlink":"https:\/\/wp.me\/p9bteI-rzs","jetpack-related-posts":[],"_links":{"self":[{"href":"https:\/\/joyana.fr\/ja\/wp-json\/wp\/v2\/posts\/105986","targetHints":{"allow":["GET"]}}],"collection":[{"href":"https:\/\/joyana.fr\/ja\/wp-json\/wp\/v2\/posts"}],"about":[{"href":"https:\/\/joyana.fr\/ja\/wp-json\/wp\/v2\/types\/post"}],"author":[{"embeddable":true,"href":"https:\/\/joyana.fr\/ja\/wp-json\/wp\/v2\/users\/3"}],"replies":[{"embeddable":true,"href":"https:\/\/joyana.fr\/ja\/wp-json\/wp\/v2\/comments?post=105986"}],"version-history":[{"count":0,"href":"https:\/\/joyana.fr\/ja\/wp-json\/wp\/v2\/posts\/105986\/revisions"}],"wp:featuredmedia":[{"embeddable":true,"href":"https:\/\/joyana.fr\/ja\/wp-json\/wp\/v2\/media\/105990"}],"wp:attachment":[{"href":"https:\/\/joyana.fr\/ja\/wp-json\/wp\/v2\/media?parent=105986"}],"wp:term":[{"taxonomy":"category","embeddable":true,"href":"https:\/\/joyana.fr\/ja\/wp-json\/wp\/v2\/categories?post=105986"},{"taxonomy":"post_tag","embeddable":true,"href":"https:\/\/joyana.fr\/ja\/wp-json\/wp\/v2\/tags?post=105986"}],"curies":[{"name":"wp","href":"https:\/\/api.w.org\/{rel}","templated":true}]}}