{"id":106302,"date":"2011-03-31T07:26:24","date_gmt":"2011-03-31T06:26:24","guid":{"rendered":"https:\/\/joyana.fr\/?p=6302"},"modified":"2011-03-31T07:26:24","modified_gmt":"2011-03-31T06:26:24","slug":"piano-lirico-pleyel-michele-de-lucchi","status":"publish","type":"post","link":"https:\/\/joyana.fr\/ja\/piano-lirico-pleyel-michele-de-lucchi\/106302\/","title":{"rendered":"LIRICO par PLEYEL x Michele de LUCCHI"},"content":{"rendered":"<p><a title=\"PLEYEL\" href=\"https:\/\/joyana.fr\/category\/marques\/pleyel\/\"><strong>Pleyel<\/strong><\/a> pr\u00e9sentera &#8211; durant le prochain <a title=\"SALON DEL MOBILE\" href=\"https:\/\/joyana.fr\/category\/actualite\/salon\/milan-design-week\/\"><strong>Milan Design Week<\/strong><\/a> &#8211; le fruit de sa collaboration avec le c\u00e9l\u00e8bre designer <strong>Michele de Lucchi<\/strong>, le <strong>piano LIRICO<\/strong>&#8230;<\/p>\n<p><img data-recalc-dims=\"1\" fetchpriority=\"high\" decoding=\"async\" data-attachment-id=\"6303\" data-permalink=\"https:\/\/joyana.fr\/ja\/vans-x-kvadrat-x-norse-projects\/6301\/20130703_norseprojects_vans-1\/\" data-orig-file=\"https:\/\/i0.wp.com\/joyana.fr\/wp-content\/uploads\/2013\/09\/20130703_NORSEPROJECTS_VANS-1.jpg?fit=650%2C975&amp;ssl=1\" data-orig-size=\"650,975\" data-comments-opened=\"1\" data-image-meta=\"{&quot;aperture&quot;:&quot;0&quot;,&quot;credit&quot;:&quot;&quot;,&quot;camera&quot;:&quot;&quot;,&quot;caption&quot;:&quot;&quot;,&quot;created_timestamp&quot;:&quot;0&quot;,&quot;copyright&quot;:&quot;&quot;,&quot;focal_length&quot;:&quot;0&quot;,&quot;iso&quot;:&quot;0&quot;,&quot;shutter_speed&quot;:&quot;0&quot;,&quot;title&quot;:&quot;&quot;,&quot;orientation&quot;:&quot;0&quot;}\" data-image-title=\"VANS x KVADRAT x NORSE PROJECTS\" data-image-description=\"&lt;p&gt;VANS x KVADRAT x NORSE PROJECTS&lt;\/p&gt;\n\" data-image-caption=\"\" data-medium-file=\"https:\/\/i0.wp.com\/joyana.fr\/wp-content\/uploads\/2013\/09\/20130703_NORSEPROJECTS_VANS-1.jpg?fit=259%2C389&amp;ssl=1\" data-large-file=\"https:\/\/i0.wp.com\/joyana.fr\/wp-content\/uploads\/2013\/09\/20130703_NORSEPROJECTS_VANS-1.jpg?fit=650%2C975&amp;ssl=1\" class=\"alignnone size-full wp-image-6303\" title=\"LIRICO par Michele de LUCCHI pour PLEYEL\" src=\"https:\/\/i0.wp.com\/joyana.fr\/wp-content\/uploads\/PLEYEL_MICHELE_DE_LUCCHI_.jpg?resize=576%2C571&#038;ssl=1\" alt=\"\" width=\"576\" height=\"571\" \/><\/p>\n<p><strong>Michele De Lucchi<\/strong> a toujours \u00e9t\u00e9 fascin\u00e9 par le dialogue entre designers et ma\u00eetres-artisans d\u00e9tenteurs d\u2019un savoir-faire rare. Pour le <strong>piano LIRICO<\/strong>, les techniques exceptionnelles de travail du bois cintr\u00e9 et sculpt\u00e9 et l\u2019art de la laque l\u2019ont inspir\u00e9 tout autant que l\u2019histoire et la culture de la Manufacture <strong>Pleyel<\/strong>.<\/p>\n<p>Les pieds, la lyre et le porte-partition du piano, en bois massif et au design a\u00e9rien, contrastent harmonieusement avec le corps en laque noire de la partie instrumentale.<\/p>\n<p><em>\u00ab Le rapport entre la musique et les instruments qui la produisent est fascinant et magique. Je dois bien admettre que je n\u2019aurais jamais imagin\u00e9 pouvoir dessiner un jour un piano \u00bb<\/em> con\ufb01e <strong>Michele de Lucchi<\/strong>.<\/p>\n<p><img data-recalc-dims=\"1\" decoding=\"async\" data-attachment-id=\"6304\" data-permalink=\"https:\/\/joyana.fr\/ja\/vans-x-kvadrat-x-norse-projects\/6301\/ikke-arkiveret-billedfremviser-dokument\/\" data-orig-file=\"https:\/\/i0.wp.com\/joyana.fr\/wp-content\/uploads\/2013\/09\/Ikke-arkiveret-Billedfremviser-dokument.jpg?fit=650%2C975&amp;ssl=1\" data-orig-size=\"650,975\" data-comments-opened=\"1\" data-image-meta=\"{&quot;aperture&quot;:&quot;0&quot;,&quot;credit&quot;:&quot;&quot;,&quot;camera&quot;:&quot;&quot;,&quot;caption&quot;:&quot;&quot;,&quot;created_timestamp&quot;:&quot;0&quot;,&quot;copyright&quot;:&quot;&quot;,&quot;focal_length&quot;:&quot;0&quot;,&quot;iso&quot;:&quot;0&quot;,&quot;shutter_speed&quot;:&quot;0&quot;,&quot;title&quot;:&quot;&quot;,&quot;orientation&quot;:&quot;0&quot;}\" data-image-title=\"VANS x KVADRAT x NORSE PROJECTS\" data-image-description=\"&lt;p&gt;VANS x KVADRAT x NORSE PROJECTS&lt;\/p&gt;\n\" data-image-caption=\"\" data-medium-file=\"https:\/\/i0.wp.com\/joyana.fr\/wp-content\/uploads\/2013\/09\/Ikke-arkiveret-Billedfremviser-dokument.jpg?fit=259%2C389&amp;ssl=1\" data-large-file=\"https:\/\/i0.wp.com\/joyana.fr\/wp-content\/uploads\/2013\/09\/Ikke-arkiveret-Billedfremviser-dokument.jpg?fit=650%2C975&amp;ssl=1\" class=\"alignnone size-full wp-image-6304\" title=\"LIRICO par Michele de LUCCHI pour PLEYEL\" src=\"https:\/\/i0.wp.com\/joyana.fr\/wp-content\/uploads\/PLEYEL_MICHELE_DE_LUCCHI_LIRICO.jpg?resize=576%2C864&#038;ssl=1\" alt=\"\" width=\"576\" height=\"864\" \/><\/p>\n<p>Ce piano est r\u00e9alis\u00e9 \u00e0 partir de l\u2019ensemble d\u2019harmonie du piano \u00e0 queue Pleyel de 2,04 m\u00e8tres. Il est l\u2019h\u00e9ritier moderne du mythique mod\u00e8le n\u00b03, fabriqu\u00e9 de 1906 \u00e0 1937. Les musiciens d\u2019aujourd\u2019hui y retrouvent la sonorit\u00e9 romantique caract\u00e9ris\u00e9e par un timbre argentin et le toucher d\u00e9licat propres \u00e0 Pleyel.<\/p>\n<p><em>\u00ab Notre rencontre avec Michele a \u00e9t\u00e9 une vraie stimulation, et un coup de foudre intellectuel. Pleyel a toujours \u00e9t\u00e9 un pr\u00e9curseur dans l\u2019histoire des arts d\u00e9coratifs. La cr\u00e9ation de cette collection de meubles est apparue comme une \u00e9vidence. C\u2019est un dialogue France-Italie entre savoir-faire et cr\u00e9ation \u00bb<\/em> nous explique Arnaud Marion, directeur artistique des <strong>Pianos Pleyel<\/strong> &#8211; que nous appr\u00e9cions particuli\u00e8rement chez <a title=\"BLOG DECO \" href=\"https:\/\/joyana.fr\">Deco-Design<\/a>.<\/p>\n<p><img data-recalc-dims=\"1\" decoding=\"async\" class=\"alignnone size-full wp-image-6305\" title=\"LIRICO par Michele de LUCCHI pour PLEYEL\" src=\"https:\/\/i0.wp.com\/joyana.fr\/wp-content\/uploads\/PLEYEL_MICHELE_DE_LUCCHI_LIRICO_39.jpg?resize=576%2C384&#038;ssl=1\" alt=\"\" width=\"576\" height=\"384\" \/><\/p>\n<p><img data-recalc-dims=\"1\" loading=\"lazy\" decoding=\"async\" class=\"alignnone size-full wp-image-6306\" title=\"LIRICO par Michele de LUCCHI pour PLEYEL\" src=\"https:\/\/i0.wp.com\/joyana.fr\/wp-content\/uploads\/PLEYEL_MICHELE_DE_LUCCHI_LIRICO_54.jpg?resize=576%2C384&#038;ssl=1\" alt=\"\" width=\"576\" height=\"384\" \/><\/p>\n<p><img data-recalc-dims=\"1\" loading=\"lazy\" decoding=\"async\" class=\"alignnone size-full wp-image-6307\" title=\"LIRICO par Michele de LUCCHI pour PLEYEL\" src=\"https:\/\/i0.wp.com\/joyana.fr\/wp-content\/uploads\/PLEYEL_MICHELE_DE_LUCCHI_LIRICO_66.jpg?resize=576%2C384&#038;ssl=1\" alt=\"\" width=\"576\" height=\"384\" \/><\/p>\n<p>Rendez-vous du 12 au 17 avril prochain, <strong>Michele de Lucchi<\/strong> et les <strong>Pianos Pleyel<\/strong> pr\u00e9senteront <strong>LIRICO<\/strong> \u00e0 Milan au studio d\u2019architecture aMDL&#8230;<\/p>\n<p>En savoir + sur <a title=\"PLEYEL\" href=\"http:\/\/www.pleyel.fr\/\"><strong>PLEYEL<\/strong><\/a> &#038; <a title=\"MICHELE DE LUCCHI\" href=\"http:\/\/www.micheledelucchi.com\/\"><strong>Michele de LUCCHI<\/strong><\/a><\/p>\n<p><span style=\"color: #000000;\">.<\/span><\/p>\n<p style=\"text-align: center;\"><a href=\"http:\/\/ad.zanox.com\/ppc\/?8085664C690014717T\"><img decoding=\"async\" class=\"aligncenter\" src=\"http:\/\/ad.zanox.com\/ppv\/?8085664C690014717\" border=\"0\" alt=\"_MID-468x60-fdp2008.gif\" hspace=\"1\" align=\"bottom\" \/><\/a><\/p>\n","protected":false},"excerpt":{"rendered":"<p>Pleyel pr\u00e9sentera &#8211; durant le prochain Milan Design Week &#8211; le fruit de sa collaboration avec le c\u00e9 [&hellip;]<\/p>\n","protected":false},"author":3,"featured_media":106303,"comment_status":"open","ping_status":"open","sticky":false,"template":"","format":"standard","meta":{"_coblocks_attr":"","_coblocks_dimensions":"","_coblocks_responsive_height":"","_coblocks_accordion_ie_support":"","_uag_custom_page_level_css":"","advgb_blocks_editor_width":"","advgb_blocks_columns_visual_guide":"","_genesis_hide_title":false,"_genesis_hide_breadcrumbs":false,"_genesis_hide_singular_image":false,"_genesis_hide_footer_widgets":false,"_genesis_custom_body_class":"","_genesis_custom_post_class":"","_genesis_layout":"","_themeisle_gutenberg_block_has_review":false,"_jetpack_newsletter_access":"","_jetpack_dont_email_post_to_subs":false,"_jetpack_newsletter_tier_id":0,"_jetpack_memberships_contains_paywalled_content":false,"_jetpack_memberships_contains_paid_content":false,"footnotes":""},"categories":[905,931,993,1006],"tags":[78],"class_list":{"0":"post-106302","1":"post","2":"type-post","3":"status-publish","4":"format-standard","5":"has-post-thumbnail","7":"category-deco-design","8":"category-luxe","9":"category-milan-design-week","10":"category-pleyel","11":"tag-design","12":"entry"},"featured_image_urls":{"full":["https:\/\/i0.wp.com\/joyana.fr\/wp-content\/uploads\/old\/PLEYEL_MICHELE_DE_LUCCHI_.jpg?fit=576%2C571&ssl=1",576,571,false],"thumbnail":["https:\/\/i0.wp.com\/joyana.fr\/wp-content\/uploads\/old\/PLEYEL_MICHELE_DE_LUCCHI_.jpg?resize=150%2C150&ssl=1",150,150,true],"medium":["https:\/\/i0.wp.com\/joyana.fr\/wp-content\/uploads\/old\/PLEYEL_MICHELE_DE_LUCCHI_.jpg?fit=389%2C386&ssl=1",389,386,true],"medium_large":["https:\/\/i0.wp.com\/joyana.fr\/wp-content\/uploads\/old\/PLEYEL_MICHELE_DE_LUCCHI_.jpg?fit=576%2C571&ssl=1",576,571,true],"large":["https:\/\/i0.wp.com\/joyana.fr\/wp-content\/uploads\/old\/PLEYEL_MICHELE_DE_LUCCHI_.jpg?fit=576%2C571&ssl=1",576,571,true],"1536x1536":["https:\/\/i0.wp.com\/joyana.fr\/wp-content\/uploads\/old\/PLEYEL_MICHELE_DE_LUCCHI_.jpg?fit=576%2C571&ssl=1",576,571,true],"2048x2048":["https:\/\/i0.wp.com\/joyana.fr\/wp-content\/uploads\/old\/PLEYEL_MICHELE_DE_LUCCHI_.jpg?fit=576%2C571&ssl=1",576,571,true],"featured-thumb":["https:\/\/i0.wp.com\/joyana.fr\/wp-content\/uploads\/old\/PLEYEL_MICHELE_DE_LUCCHI_.jpg?resize=576%2C571&ssl=1",576,571,true],"ab-block-post-grid-landscape":["https:\/\/i0.wp.com\/joyana.fr\/wp-content\/uploads\/old\/PLEYEL_MICHELE_DE_LUCCHI_.jpg?resize=576%2C400&ssl=1",576,400,true],"ab-block-post-grid-square":["https:\/\/i0.wp.com\/joyana.fr\/wp-content\/uploads\/old\/PLEYEL_MICHELE_DE_LUCCHI_.jpg?resize=576%2C571&ssl=1",576,571,true],"author-pro-image":["https:\/\/i0.wp.com\/joyana.fr\/wp-content\/uploads\/old\/PLEYEL_MICHELE_DE_LUCCHI_.jpg?resize=360%2C570&ssl=1",360,570,true],"slider":["https:\/\/i0.wp.com\/joyana.fr\/wp-content\/uploads\/old\/PLEYEL_MICHELE_DE_LUCCHI_.jpg?resize=576%2C400&ssl=1",576,400,true],"woocommerce_thumbnail":["https:\/\/i0.wp.com\/joyana.fr\/wp-content\/uploads\/old\/PLEYEL_MICHELE_DE_LUCCHI_.jpg?resize=450%2C450&ssl=1",450,450,true],"woocommerce_single":["https:\/\/i0.wp.com\/joyana.fr\/wp-content\/uploads\/old\/PLEYEL_MICHELE_DE_LUCCHI_.jpg?fit=576%2C571&ssl=1",576,571,true],"woocommerce_gallery_thumbnail":["https:\/\/i0.wp.com\/joyana.fr\/wp-content\/uploads\/old\/PLEYEL_MICHELE_DE_LUCCHI_.jpg?resize=180%2C180&ssl=1",180,180,true],"sow-carousel-default":["https:\/\/i0.wp.com\/joyana.fr\/wp-content\/uploads\/old\/PLEYEL_MICHELE_DE_LUCCHI_.jpg?resize=272%2C182&ssl=1",272,182,true]},"post_excerpt_stackable":"<p>Pleyel pr\u00e9sentera &#8211; durant le prochain Milan Design Week &#8211; le fruit de sa collaboration &hellip;<\/p>\n","category_list":"<a href=\"https:\/\/joyana.fr\/ja\/category\/deco-design\/\" rel=\"category tag\">DECO-DESIGN<\/a>, <a href=\"https:\/\/joyana.fr\/ja\/category\/deco-design\/decoration\/luxe\/\" rel=\"category tag\">Luxe<\/a>, <a href=\"https:\/\/joyana.fr\/ja\/category\/deco-design\/actualite\/salon\/milan-design-week\/\" rel=\"category tag\">Milan Design Week<\/a>, <a href=\"https:\/\/joyana.fr\/ja\/category\/marques\/pleyel\/\" rel=\"category tag\">Pleyel<\/a>","author_info":{"display_name":"Jo Yana","author_link":"https:\/\/joyana.fr\/ja\/author\/joyana\/"},"comments_num":"6 comments","featured_image_urls_v2":{"full":["https:\/\/i0.wp.com\/joyana.fr\/wp-content\/uploads\/old\/PLEYEL_MICHELE_DE_LUCCHI_.jpg?fit=576%2C571&ssl=1",576,571,false],"thumbnail":["https:\/\/i0.wp.com\/joyana.fr\/wp-content\/uploads\/old\/PLEYEL_MICHELE_DE_LUCCHI_.jpg?resize=150%2C150&ssl=1",150,150,true],"medium":["https:\/\/i0.wp.com\/joyana.fr\/wp-content\/uploads\/old\/PLEYEL_MICHELE_DE_LUCCHI_.jpg?fit=389%2C386&ssl=1",389,386,true],"medium_large":["https:\/\/i0.wp.com\/joyana.fr\/wp-content\/uploads\/old\/PLEYEL_MICHELE_DE_LUCCHI_.jpg?fit=576%2C571&ssl=1",576,571,true],"large":["https:\/\/i0.wp.com\/joyana.fr\/wp-content\/uploads\/old\/PLEYEL_MICHELE_DE_LUCCHI_.jpg?fit=576%2C571&ssl=1",576,571,true],"1536x1536":["https:\/\/i0.wp.com\/joyana.fr\/wp-content\/uploads\/old\/PLEYEL_MICHELE_DE_LUCCHI_.jpg?fit=576%2C571&ssl=1",576,571,true],"2048x2048":["https:\/\/i0.wp.com\/joyana.fr\/wp-content\/uploads\/old\/PLEYEL_MICHELE_DE_LUCCHI_.jpg?fit=576%2C571&ssl=1",576,571,true],"featured-thumb":["https:\/\/i0.wp.com\/joyana.fr\/wp-content\/uploads\/old\/PLEYEL_MICHELE_DE_LUCCHI_.jpg?resize=576%2C571&ssl=1",576,571,true],"ab-block-post-grid-landscape":["https:\/\/i0.wp.com\/joyana.fr\/wp-content\/uploads\/old\/PLEYEL_MICHELE_DE_LUCCHI_.jpg?resize=576%2C400&ssl=1",576,400,true],"ab-block-post-grid-square":["https:\/\/i0.wp.com\/joyana.fr\/wp-content\/uploads\/old\/PLEYEL_MICHELE_DE_LUCCHI_.jpg?resize=576%2C571&ssl=1",576,571,true],"author-pro-image":["https:\/\/i0.wp.com\/joyana.fr\/wp-content\/uploads\/old\/PLEYEL_MICHELE_DE_LUCCHI_.jpg?resize=360%2C570&ssl=1",360,570,true],"slider":["https:\/\/i0.wp.com\/joyana.fr\/wp-content\/uploads\/old\/PLEYEL_MICHELE_DE_LUCCHI_.jpg?resize=576%2C400&ssl=1",576,400,true],"woocommerce_thumbnail":["https:\/\/i0.wp.com\/joyana.fr\/wp-content\/uploads\/old\/PLEYEL_MICHELE_DE_LUCCHI_.jpg?resize=450%2C450&ssl=1",450,450,true],"woocommerce_single":["https:\/\/i0.wp.com\/joyana.fr\/wp-content\/uploads\/old\/PLEYEL_MICHELE_DE_LUCCHI_.jpg?fit=576%2C571&ssl=1",576,571,true],"woocommerce_gallery_thumbnail":["https:\/\/i0.wp.com\/joyana.fr\/wp-content\/uploads\/old\/PLEYEL_MICHELE_DE_LUCCHI_.jpg?resize=180%2C180&ssl=1",180,180,true],"sow-carousel-default":["https:\/\/i0.wp.com\/joyana.fr\/wp-content\/uploads\/old\/PLEYEL_MICHELE_DE_LUCCHI_.jpg?resize=272%2C182&ssl=1",272,182,true]},"post_excerpt_stackable_v2":"<p>Pleyel pr\u00e9sentera &#8211; durant le prochain Milan Design Week &#8211; le fruit de sa collaboration &hellip;<\/p>\n","category_list_v2":"<a href=\"https:\/\/joyana.fr\/ja\/category\/deco-design\/\" rel=\"category tag\">DECO-DESIGN<\/a>, <a href=\"https:\/\/joyana.fr\/ja\/category\/deco-design\/decoration\/luxe\/\" rel=\"category tag\">Luxe<\/a>, <a href=\"https:\/\/joyana.fr\/ja\/category\/deco-design\/actualite\/salon\/milan-design-week\/\" rel=\"category tag\">Milan Design Week<\/a>, <a href=\"https:\/\/joyana.fr\/ja\/category\/marques\/pleyel\/\" rel=\"category tag\">Pleyel<\/a>","author_info_v2":{"name":"Jo Yana","url":"https:\/\/joyana.fr\/ja\/author\/joyana\/"},"comments_num_v2":"6 comments","yoast_head":"<!-- This site is optimized with the Yoast SEO plugin v26.8 - https:\/\/yoast.com\/product\/yoast-seo-wordpress\/ -->\n<title>LIRICO par PLEYEL x Michele de LUCCHI - JO YANA<\/title>\n<meta name=\"robots\" content=\"index, follow, max-snippet:-1, max-image-preview:large, max-video-preview:-1\" \/>\n<link rel=\"canonical\" href=\"https:\/\/joyana.fr\/ja\/piano-lirico-pleyel-michele-de-lucchi\/106302\/\" \/>\n<meta property=\"og:locale\" content=\"ja_JP\" \/>\n<meta property=\"og:locale:alternate\" content=\"fr_FR\" \/>\n<meta property=\"og:locale:alternate\" content=\"en_US\" \/>\n<meta property=\"og:type\" content=\"article\" \/>\n<meta property=\"og:title\" content=\"LIRICO par PLEYEL x Michele de LUCCHI - JO YANA\" \/>\n<meta property=\"og:description\" content=\"Pleyel pr\u00e9sentera &#8211; durant le prochain Milan Design Week &#8211; le fruit de sa collaboration avec le c\u00e9 [&hellip;]\" \/>\n<meta property=\"og:url\" content=\"https:\/\/joyana.fr\/ja\/piano-lirico-pleyel-michele-de-lucchi\/106302\/\" \/>\n<meta property=\"og:site_name\" content=\"JO YANA\" \/>\n<meta property=\"article:published_time\" content=\"2011-03-31T06:26:24+00:00\" \/>\n<meta property=\"og:image\" content=\"https:\/\/joyana.fr\/wp-content\/uploads\/old\/PLEYEL_MICHELE_DE_LUCCHI_.jpg\" \/>\n\t<meta property=\"og:image:width\" content=\"576\" \/>\n\t<meta property=\"og:image:height\" content=\"571\" \/>\n\t<meta property=\"og:image:type\" content=\"image\/jpeg\" \/>\n<meta name=\"author\" content=\"Jo Yana\" \/>\n<meta name=\"twitter:card\" content=\"summary_large_image\" \/>\n<meta name=\"twitter:creator\" content=\"@Jo_Yana\" \/>\n<meta name=\"twitter:site\" content=\"@Jo_Yana\" \/>\n<meta name=\"twitter:label1\" content=\"\u57f7\u7b46\u8005\" \/>\n\t<meta name=\"twitter:data1\" content=\"Jo Yana\" \/>\n\t<meta name=\"twitter:label2\" content=\"\u63a8\u5b9a\u8aad\u307f\u53d6\u308a\u6642\u9593\" \/>\n\t<meta name=\"twitter:data2\" content=\"2\u5206\" \/>\n<script type=\"application\/ld+json\" class=\"yoast-schema-graph\">{\"@context\":\"https:\/\/schema.org\",\"@graph\":[{\"@type\":\"Article\",\"@id\":\"https:\/\/joyana.fr\/ja\/piano-lirico-pleyel-michele-de-lucchi\/106302\/#article\",\"isPartOf\":{\"@id\":\"https:\/\/joyana.fr\/ja\/piano-lirico-pleyel-michele-de-lucchi\/106302\/\"},\"author\":{\"name\":\"Jo Yana\",\"@id\":\"https:\/\/joyana.fr\/#\/schema\/person\/cf2a1ad12a27c12c21801075bf37407c\"},\"headline\":\"LIRICO par PLEYEL x Michele de LUCCHI\",\"datePublished\":\"2011-03-31T06:26:24+00:00\",\"mainEntityOfPage\":{\"@id\":\"https:\/\/joyana.fr\/ja\/piano-lirico-pleyel-michele-de-lucchi\/106302\/\"},\"wordCount\":309,\"commentCount\":0,\"publisher\":{\"@id\":\"https:\/\/joyana.fr\/#\/schema\/person\/cf2a1ad12a27c12c21801075bf37407c\"},\"image\":{\"@id\":\"https:\/\/joyana.fr\/ja\/piano-lirico-pleyel-michele-de-lucchi\/106302\/#primaryimage\"},\"thumbnailUrl\":\"https:\/\/i0.wp.com\/joyana.fr\/wp-content\/uploads\/old\/PLEYEL_MICHELE_DE_LUCCHI_.jpg?fit=576%2C571&ssl=1\",\"keywords\":[\"DESIGN\"],\"articleSection\":[\"DECO-DESIGN\",\"Luxe\",\"Milan Design Week\",\"Pleyel\"],\"inLanguage\":\"ja\",\"potentialAction\":[{\"@type\":\"CommentAction\",\"name\":\"Comment\",\"target\":[\"https:\/\/joyana.fr\/ja\/piano-lirico-pleyel-michele-de-lucchi\/106302\/#respond\"]}]},{\"@type\":\"WebPage\",\"@id\":\"https:\/\/joyana.fr\/ja\/piano-lirico-pleyel-michele-de-lucchi\/106302\/\",\"url\":\"https:\/\/joyana.fr\/ja\/piano-lirico-pleyel-michele-de-lucchi\/106302\/\",\"name\":\"LIRICO par PLEYEL x Michele de LUCCHI - JO YANA\",\"isPartOf\":{\"@id\":\"https:\/\/joyana.fr\/#website\"},\"primaryImageOfPage\":{\"@id\":\"https:\/\/joyana.fr\/ja\/piano-lirico-pleyel-michele-de-lucchi\/106302\/#primaryimage\"},\"image\":{\"@id\":\"https:\/\/joyana.fr\/ja\/piano-lirico-pleyel-michele-de-lucchi\/106302\/#primaryimage\"},\"thumbnailUrl\":\"https:\/\/i0.wp.com\/joyana.fr\/wp-content\/uploads\/old\/PLEYEL_MICHELE_DE_LUCCHI_.jpg?fit=576%2C571&ssl=1\",\"datePublished\":\"2011-03-31T06:26:24+00:00\",\"breadcrumb\":{\"@id\":\"https:\/\/joyana.fr\/ja\/piano-lirico-pleyel-michele-de-lucchi\/106302\/#breadcrumb\"},\"inLanguage\":\"ja\",\"potentialAction\":[{\"@type\":\"ReadAction\",\"target\":[\"https:\/\/joyana.fr\/ja\/piano-lirico-pleyel-michele-de-lucchi\/106302\/\"]}]},{\"@type\":\"ImageObject\",\"inLanguage\":\"ja\",\"@id\":\"https:\/\/joyana.fr\/ja\/piano-lirico-pleyel-michele-de-lucchi\/106302\/#primaryimage\",\"url\":\"https:\/\/i0.wp.com\/joyana.fr\/wp-content\/uploads\/old\/PLEYEL_MICHELE_DE_LUCCHI_.jpg?fit=576%2C571&ssl=1\",\"contentUrl\":\"https:\/\/i0.wp.com\/joyana.fr\/wp-content\/uploads\/old\/PLEYEL_MICHELE_DE_LUCCHI_.jpg?fit=576%2C571&ssl=1\",\"width\":576,\"height\":571},{\"@type\":\"BreadcrumbList\",\"@id\":\"https:\/\/joyana.fr\/ja\/piano-lirico-pleyel-michele-de-lucchi\/106302\/#breadcrumb\",\"itemListElement\":[{\"@type\":\"ListItem\",\"position\":1,\"name\":\"Accueil\",\"item\":\"https:\/\/joyana.fr\/\"},{\"@type\":\"ListItem\",\"position\":2,\"name\":\"LIRICO par PLEYEL x Michele de LUCCHI\"}]},{\"@type\":\"WebSite\",\"@id\":\"https:\/\/joyana.fr\/#website\",\"url\":\"https:\/\/joyana.fr\/\",\"name\":\"JO YANA\",\"description\":\"Blog Mode Homme, Lifestyle, D\u00e9co-Design\",\"publisher\":{\"@id\":\"https:\/\/joyana.fr\/#\/schema\/person\/cf2a1ad12a27c12c21801075bf37407c\"},\"potentialAction\":[{\"@type\":\"SearchAction\",\"target\":{\"@type\":\"EntryPoint\",\"urlTemplate\":\"https:\/\/joyana.fr\/?s={search_term_string}\"},\"query-input\":{\"@type\":\"PropertyValueSpecification\",\"valueRequired\":true,\"valueName\":\"search_term_string\"}}],\"inLanguage\":\"ja\"},{\"@type\":[\"Person\",\"Organization\"],\"@id\":\"https:\/\/joyana.fr\/#\/schema\/person\/cf2a1ad12a27c12c21801075bf37407c\",\"name\":\"Jo Yana\",\"image\":{\"@type\":\"ImageObject\",\"inLanguage\":\"ja\",\"@id\":\"https:\/\/joyana.fr\/#\/schema\/person\/image\/\",\"url\":\"https:\/\/i0.wp.com\/joyana.fr\/wp-content\/uploads\/2016\/08\/cropped-joyana-logo-black-360x180.png?fit=343%2C164&ssl=1\",\"contentUrl\":\"https:\/\/i0.wp.com\/joyana.fr\/wp-content\/uploads\/2016\/08\/cropped-joyana-logo-black-360x180.png?fit=343%2C164&ssl=1\",\"width\":343,\"height\":164,\"caption\":\"Jo Yana\"},\"logo\":{\"@id\":\"https:\/\/joyana.fr\/#\/schema\/person\/image\/\"},\"description\":\"Jo Yana est le cr\u00e9ateur et r\u00e9dacteur en chef des sites DECO-DESIGN. Passionn\u00e9 de Design, Mode, Photo, Luxe, Lifestyle, Musique, mais avant tout Blogueur ! Le plaisir de partager l'anime et a comme devise \\\"POUR L'AMOUR DU BEAU\\\". Retrouvez le aussi sur son blog personnel - https:\/\/joyana.fr...\",\"sameAs\":[\"https:\/\/joyana.fr\/\"],\"url\":\"https:\/\/joyana.fr\/ja\/author\/joyana\/\"}]}<\/script>\n<!-- \/ Yoast SEO plugin. -->","yoast_head_json":{"title":"LIRICO par PLEYEL x Michele de LUCCHI - JO YANA","robots":{"index":"index","follow":"follow","max-snippet":"max-snippet:-1","max-image-preview":"max-image-preview:large","max-video-preview":"max-video-preview:-1"},"canonical":"https:\/\/joyana.fr\/ja\/piano-lirico-pleyel-michele-de-lucchi\/106302\/","og_locale":"ja_JP","og_type":"article","og_title":"LIRICO par PLEYEL x Michele de LUCCHI - JO YANA","og_description":"Pleyel pr\u00e9sentera &#8211; durant le prochain Milan Design Week &#8211; le fruit de sa collaboration avec le c\u00e9 [&hellip;]","og_url":"https:\/\/joyana.fr\/ja\/piano-lirico-pleyel-michele-de-lucchi\/106302\/","og_site_name":"JO YANA","article_published_time":"2011-03-31T06:26:24+00:00","og_image":[{"width":576,"height":571,"url":"https:\/\/joyana.fr\/wp-content\/uploads\/old\/PLEYEL_MICHELE_DE_LUCCHI_.jpg","type":"image\/jpeg"}],"author":"Jo Yana","twitter_card":"summary_large_image","twitter_creator":"@Jo_Yana","twitter_site":"@Jo_Yana","twitter_misc":{"\u57f7\u7b46\u8005":"Jo Yana","\u63a8\u5b9a\u8aad\u307f\u53d6\u308a\u6642\u9593":"2\u5206"},"schema":{"@context":"https:\/\/schema.org","@graph":[{"@type":"Article","@id":"https:\/\/joyana.fr\/ja\/piano-lirico-pleyel-michele-de-lucchi\/106302\/#article","isPartOf":{"@id":"https:\/\/joyana.fr\/ja\/piano-lirico-pleyel-michele-de-lucchi\/106302\/"},"author":{"name":"Jo Yana","@id":"https:\/\/joyana.fr\/#\/schema\/person\/cf2a1ad12a27c12c21801075bf37407c"},"headline":"LIRICO par PLEYEL x Michele de LUCCHI","datePublished":"2011-03-31T06:26:24+00:00","mainEntityOfPage":{"@id":"https:\/\/joyana.fr\/ja\/piano-lirico-pleyel-michele-de-lucchi\/106302\/"},"wordCount":309,"commentCount":0,"publisher":{"@id":"https:\/\/joyana.fr\/#\/schema\/person\/cf2a1ad12a27c12c21801075bf37407c"},"image":{"@id":"https:\/\/joyana.fr\/ja\/piano-lirico-pleyel-michele-de-lucchi\/106302\/#primaryimage"},"thumbnailUrl":"https:\/\/i0.wp.com\/joyana.fr\/wp-content\/uploads\/old\/PLEYEL_MICHELE_DE_LUCCHI_.jpg?fit=576%2C571&ssl=1","keywords":["DESIGN"],"articleSection":["DECO-DESIGN","Luxe","Milan Design Week","Pleyel"],"inLanguage":"ja","potentialAction":[{"@type":"CommentAction","name":"Comment","target":["https:\/\/joyana.fr\/ja\/piano-lirico-pleyel-michele-de-lucchi\/106302\/#respond"]}]},{"@type":"WebPage","@id":"https:\/\/joyana.fr\/ja\/piano-lirico-pleyel-michele-de-lucchi\/106302\/","url":"https:\/\/joyana.fr\/ja\/piano-lirico-pleyel-michele-de-lucchi\/106302\/","name":"LIRICO par PLEYEL x Michele de LUCCHI - JO YANA","isPartOf":{"@id":"https:\/\/joyana.fr\/#website"},"primaryImageOfPage":{"@id":"https:\/\/joyana.fr\/ja\/piano-lirico-pleyel-michele-de-lucchi\/106302\/#primaryimage"},"image":{"@id":"https:\/\/joyana.fr\/ja\/piano-lirico-pleyel-michele-de-lucchi\/106302\/#primaryimage"},"thumbnailUrl":"https:\/\/i0.wp.com\/joyana.fr\/wp-content\/uploads\/old\/PLEYEL_MICHELE_DE_LUCCHI_.jpg?fit=576%2C571&ssl=1","datePublished":"2011-03-31T06:26:24+00:00","breadcrumb":{"@id":"https:\/\/joyana.fr\/ja\/piano-lirico-pleyel-michele-de-lucchi\/106302\/#breadcrumb"},"inLanguage":"ja","potentialAction":[{"@type":"ReadAction","target":["https:\/\/joyana.fr\/ja\/piano-lirico-pleyel-michele-de-lucchi\/106302\/"]}]},{"@type":"ImageObject","inLanguage":"ja","@id":"https:\/\/joyana.fr\/ja\/piano-lirico-pleyel-michele-de-lucchi\/106302\/#primaryimage","url":"https:\/\/i0.wp.com\/joyana.fr\/wp-content\/uploads\/old\/PLEYEL_MICHELE_DE_LUCCHI_.jpg?fit=576%2C571&ssl=1","contentUrl":"https:\/\/i0.wp.com\/joyana.fr\/wp-content\/uploads\/old\/PLEYEL_MICHELE_DE_LUCCHI_.jpg?fit=576%2C571&ssl=1","width":576,"height":571},{"@type":"BreadcrumbList","@id":"https:\/\/joyana.fr\/ja\/piano-lirico-pleyel-michele-de-lucchi\/106302\/#breadcrumb","itemListElement":[{"@type":"ListItem","position":1,"name":"Accueil","item":"https:\/\/joyana.fr\/"},{"@type":"ListItem","position":2,"name":"LIRICO par PLEYEL x Michele de LUCCHI"}]},{"@type":"WebSite","@id":"https:\/\/joyana.fr\/#website","url":"https:\/\/joyana.fr\/","name":"JO YANA","description":"Blog Mode Homme, Lifestyle, D\u00e9co-Design","publisher":{"@id":"https:\/\/joyana.fr\/#\/schema\/person\/cf2a1ad12a27c12c21801075bf37407c"},"potentialAction":[{"@type":"SearchAction","target":{"@type":"EntryPoint","urlTemplate":"https:\/\/joyana.fr\/?s={search_term_string}"},"query-input":{"@type":"PropertyValueSpecification","valueRequired":true,"valueName":"search_term_string"}}],"inLanguage":"ja"},{"@type":["Person","Organization"],"@id":"https:\/\/joyana.fr\/#\/schema\/person\/cf2a1ad12a27c12c21801075bf37407c","name":"Jo Yana","image":{"@type":"ImageObject","inLanguage":"ja","@id":"https:\/\/joyana.fr\/#\/schema\/person\/image\/","url":"https:\/\/i0.wp.com\/joyana.fr\/wp-content\/uploads\/2016\/08\/cropped-joyana-logo-black-360x180.png?fit=343%2C164&ssl=1","contentUrl":"https:\/\/i0.wp.com\/joyana.fr\/wp-content\/uploads\/2016\/08\/cropped-joyana-logo-black-360x180.png?fit=343%2C164&ssl=1","width":343,"height":164,"caption":"Jo Yana"},"logo":{"@id":"https:\/\/joyana.fr\/#\/schema\/person\/image\/"},"description":"Jo Yana est le cr\u00e9ateur et r\u00e9dacteur en chef des sites DECO-DESIGN. Passionn\u00e9 de Design, Mode, Photo, Luxe, Lifestyle, Musique, mais avant tout Blogueur ! Le plaisir de partager l'anime et a comme devise \"POUR L'AMOUR DU BEAU\". Retrouvez le aussi sur son blog personnel - https:\/\/joyana.fr...","sameAs":["https:\/\/joyana.fr\/"],"url":"https:\/\/joyana.fr\/ja\/author\/joyana\/"}]}},"author_meta":{"display_name":"Jo Yana","author_link":"https:\/\/joyana.fr\/ja\/author\/joyana\/"},"featured_img":"https:\/\/i0.wp.com\/joyana.fr\/wp-content\/uploads\/old\/PLEYEL_MICHELE_DE_LUCCHI_.jpg?fit=389%2C386&ssl=1","featured_image_src":"https:\/\/i0.wp.com\/joyana.fr\/wp-content\/uploads\/old\/PLEYEL_MICHELE_DE_LUCCHI_.jpg?resize=576%2C400&ssl=1","featured_image_src_square":"https:\/\/i0.wp.com\/joyana.fr\/wp-content\/uploads\/old\/PLEYEL_MICHELE_DE_LUCCHI_.jpg?resize=576%2C571&ssl=1","jetpack_featured_media_url":"https:\/\/i0.wp.com\/joyana.fr\/wp-content\/uploads\/old\/PLEYEL_MICHELE_DE_LUCCHI_.jpg?fit=576%2C571&ssl=1","uagb_featured_image_src":{"full":["https:\/\/i0.wp.com\/joyana.fr\/wp-content\/uploads\/old\/PLEYEL_MICHELE_DE_LUCCHI_.jpg?fit=576%2C571&ssl=1",576,571,false],"thumbnail":["https:\/\/i0.wp.com\/joyana.fr\/wp-content\/uploads\/old\/PLEYEL_MICHELE_DE_LUCCHI_.jpg?resize=150%2C150&ssl=1",150,150,true],"medium":["https:\/\/i0.wp.com\/joyana.fr\/wp-content\/uploads\/old\/PLEYEL_MICHELE_DE_LUCCHI_.jpg?fit=389%2C386&ssl=1",389,386,true],"medium_large":["https:\/\/i0.wp.com\/joyana.fr\/wp-content\/uploads\/old\/PLEYEL_MICHELE_DE_LUCCHI_.jpg?fit=576%2C571&ssl=1",576,571,true],"large":["https:\/\/i0.wp.com\/joyana.fr\/wp-content\/uploads\/old\/PLEYEL_MICHELE_DE_LUCCHI_.jpg?fit=576%2C571&ssl=1",576,571,true],"1536x1536":["https:\/\/i0.wp.com\/joyana.fr\/wp-content\/uploads\/old\/PLEYEL_MICHELE_DE_LUCCHI_.jpg?fit=576%2C571&ssl=1",576,571,true],"2048x2048":["https:\/\/i0.wp.com\/joyana.fr\/wp-content\/uploads\/old\/PLEYEL_MICHELE_DE_LUCCHI_.jpg?fit=576%2C571&ssl=1",576,571,true],"featured-thumb":["https:\/\/i0.wp.com\/joyana.fr\/wp-content\/uploads\/old\/PLEYEL_MICHELE_DE_LUCCHI_.jpg?resize=576%2C571&ssl=1",576,571,true],"ab-block-post-grid-landscape":["https:\/\/i0.wp.com\/joyana.fr\/wp-content\/uploads\/old\/PLEYEL_MICHELE_DE_LUCCHI_.jpg?resize=576%2C400&ssl=1",576,400,true],"ab-block-post-grid-square":["https:\/\/i0.wp.com\/joyana.fr\/wp-content\/uploads\/old\/PLEYEL_MICHELE_DE_LUCCHI_.jpg?resize=576%2C571&ssl=1",576,571,true],"author-pro-image":["https:\/\/i0.wp.com\/joyana.fr\/wp-content\/uploads\/old\/PLEYEL_MICHELE_DE_LUCCHI_.jpg?resize=360%2C570&ssl=1",360,570,true],"slider":["https:\/\/i0.wp.com\/joyana.fr\/wp-content\/uploads\/old\/PLEYEL_MICHELE_DE_LUCCHI_.jpg?resize=576%2C400&ssl=1",576,400,true],"woocommerce_thumbnail":["https:\/\/i0.wp.com\/joyana.fr\/wp-content\/uploads\/old\/PLEYEL_MICHELE_DE_LUCCHI_.jpg?resize=450%2C450&ssl=1",450,450,true],"woocommerce_single":["https:\/\/i0.wp.com\/joyana.fr\/wp-content\/uploads\/old\/PLEYEL_MICHELE_DE_LUCCHI_.jpg?fit=576%2C571&ssl=1",576,571,true],"woocommerce_gallery_thumbnail":["https:\/\/i0.wp.com\/joyana.fr\/wp-content\/uploads\/old\/PLEYEL_MICHELE_DE_LUCCHI_.jpg?resize=180%2C180&ssl=1",180,180,true],"sow-carousel-default":["https:\/\/i0.wp.com\/joyana.fr\/wp-content\/uploads\/old\/PLEYEL_MICHELE_DE_LUCCHI_.jpg?resize=272%2C182&ssl=1",272,182,true]},"uagb_author_info":{"display_name":"Jo Yana","author_link":"https:\/\/joyana.fr\/ja\/author\/joyana\/"},"uagb_comment_info":8,"uagb_excerpt":"Pleyel pr\u00e9sentera &#8211; durant le prochain Milan Desi&hellip;","coauthors":[],"tax_additional":{"categories":{"linked":["<a href=\"https:\/\/joyana.fr\/ja\/category\/deco-design\/\" class=\"advgb-post-tax-term\">DECO-DESIGN<\/a>","<a href=\"https:\/\/joyana.fr\/ja\/category\/deco-design\/decoration\/luxe\/\" class=\"advgb-post-tax-term\">Luxe<\/a>","<a href=\"https:\/\/joyana.fr\/ja\/category\/deco-design\/actualite\/salon\/milan-design-week\/\" class=\"advgb-post-tax-term\">Milan Design Week<\/a>","<a href=\"https:\/\/joyana.fr\/ja\/category\/marques\/pleyel\/\" class=\"advgb-post-tax-term\">Pleyel<\/a>"],"unlinked":["<span class=\"advgb-post-tax-term\">DECO-DESIGN<\/span>","<span class=\"advgb-post-tax-term\">Luxe<\/span>","<span class=\"advgb-post-tax-term\">Milan Design Week<\/span>","<span class=\"advgb-post-tax-term\">Pleyel<\/span>"]},"tags":{"linked":["<a href=\"https:\/\/joyana.fr\/ja\/category\/marques\/pleyel\/\" class=\"advgb-post-tax-term\">DESIGN<\/a>"],"unlinked":["<span class=\"advgb-post-tax-term\">DESIGN<\/span>"]}},"comment_count":6,"relative_dates":{"created":"Posted 15\u5e74 ago","modified":"Updated 15\u5e74 ago"},"absolute_dates":{"created":"Posted on 31 3\u6708 2011","modified":"Updated on 31 3\u6708 2011"},"absolute_dates_time":{"created":"Posted on 31 3\u6708 2011 7:26","modified":"Updated on 31 3\u6708 2011 7:26"},"featured_img_caption":"","series_order":"","jetpack_sharing_enabled":true,"jetpack_shortlink":"https:\/\/wp.me\/p9bteI-rEy","jetpack-related-posts":[],"_links":{"self":[{"href":"https:\/\/joyana.fr\/ja\/wp-json\/wp\/v2\/posts\/106302","targetHints":{"allow":["GET"]}}],"collection":[{"href":"https:\/\/joyana.fr\/ja\/wp-json\/wp\/v2\/posts"}],"about":[{"href":"https:\/\/joyana.fr\/ja\/wp-json\/wp\/v2\/types\/post"}],"author":[{"embeddable":true,"href":"https:\/\/joyana.fr\/ja\/wp-json\/wp\/v2\/users\/3"}],"replies":[{"embeddable":true,"href":"https:\/\/joyana.fr\/ja\/wp-json\/wp\/v2\/comments?post=106302"}],"version-history":[{"count":0,"href":"https:\/\/joyana.fr\/ja\/wp-json\/wp\/v2\/posts\/106302\/revisions"}],"wp:featuredmedia":[{"embeddable":true,"href":"https:\/\/joyana.fr\/ja\/wp-json\/wp\/v2\/media\/106303"}],"wp:attachment":[{"href":"https:\/\/joyana.fr\/ja\/wp-json\/wp\/v2\/media?parent=106302"}],"wp:term":[{"taxonomy":"category","embeddable":true,"href":"https:\/\/joyana.fr\/ja\/wp-json\/wp\/v2\/categories?post=106302"},{"taxonomy":"post_tag","embeddable":true,"href":"https:\/\/joyana.fr\/ja\/wp-json\/wp\/v2\/tags?post=106302"}],"curies":[{"name":"wp","href":"https:\/\/api.w.org\/{rel}","templated":true}]}}