{"id":106344,"date":"2011-04-05T07:36:11","date_gmt":"2011-04-05T06:36:11","guid":{"rendered":"https:\/\/joyana.fr\/?p=6344"},"modified":"2011-04-05T07:36:11","modified_gmt":"2011-04-05T06:36:11","slug":"chaise-design-tip-ton-chair-vitra-barber-osgerby","status":"publish","type":"post","link":"https:\/\/joyana.fr\/ja\/chaise-design-tip-ton-chair-vitra-barber-osgerby\/106344\/","title":{"rendered":"TIP TON CHAIR par Vitra x BARBER OSGERBY"},"content":{"rendered":"<p><strong>Edward Barber<\/strong> et <strong>Jay Osgerby<\/strong> ont mis au point la <strong>TIP TON CHAIR<\/strong> en collaboration avec <strong>Vitra<\/strong>. Cette <strong>chaise<\/strong> au <strong>design<\/strong> innovant, tout en plastique permet une dynamique gr\u00e2ce \u00e0 une assise et simple inclinaison vers l&#8217;avant.<\/p>\n<p><img data-recalc-dims=\"1\" fetchpriority=\"high\" decoding=\"async\" data-attachment-id=\"6345\" data-permalink=\"https:\/\/joyana.fr\/ja\/norse-projects-x-kvadrat-x-vans-chez-colette\/6340\/norse-projects-kvadrat-vans-colette_blog1\/\" data-orig-file=\"https:\/\/i0.wp.com\/joyana.fr\/wp-content\/uploads\/2013\/09\/NORSE-PROJECTS-KVADRAT-VANS-COLETTE_BLOG1.jpg?fit=650%2C650&amp;ssl=1\" data-orig-size=\"650,650\" data-comments-opened=\"1\" data-image-meta=\"{&quot;aperture&quot;:&quot;0&quot;,&quot;credit&quot;:&quot;&quot;,&quot;camera&quot;:&quot;&quot;,&quot;caption&quot;:&quot;&quot;,&quot;created_timestamp&quot;:&quot;0&quot;,&quot;copyright&quot;:&quot;&quot;,&quot;focal_length&quot;:&quot;0&quot;,&quot;iso&quot;:&quot;0&quot;,&quot;shutter_speed&quot;:&quot;0&quot;,&quot;title&quot;:&quot;&quot;,&quot;orientation&quot;:&quot;1&quot;}\" data-image-title=\"NORSE PROJECTS KVADRAT VANS COLETTE_BLOG1\" data-image-description=\"&lt;p&gt;NORSE PROJECTS x KVADRAT x VANS chez Colette&lt;\/p&gt;\n\" data-image-caption=\"\" data-medium-file=\"https:\/\/i0.wp.com\/joyana.fr\/wp-content\/uploads\/2013\/09\/NORSE-PROJECTS-KVADRAT-VANS-COLETTE_BLOG1.jpg?fit=389%2C389&amp;ssl=1\" data-large-file=\"https:\/\/i0.wp.com\/joyana.fr\/wp-content\/uploads\/2013\/09\/NORSE-PROJECTS-KVADRAT-VANS-COLETTE_BLOG1.jpg?fit=650%2C650&amp;ssl=1\" class=\"alignnone size-full wp-image-6345\" title=\"TIP TON CHAIR par VITRA x BARBER OSGERBY\" src=\"https:\/\/i0.wp.com\/joyana.fr\/wp-content\/uploads\/bovitra01.jpg?resize=576%2C432&#038;ssl=1\" alt=\"\" width=\"576\" height=\"432\" \/><\/p>\n<p>Le <strong>TIP TON CHAIR<\/strong> peut \u00eatre consid\u00e9r\u00e9e comme un mini rocking-chair puisque ses pieds s&#8217;inclinent \u00e0 9 degr\u00e9s, en position arri\u00e8re d\u00eetes de repos, et en mode avant d\u00eetes de travail&#8230;<\/p>\n<p>Fabriqu\u00e9e int\u00e9gralement en polypropyl\u00e8ne recyclable, le si\u00e8ge ne p\u00e8se que 4,5 kg, et affiche les aspects de durabilit\u00e9, long\u00e9vit\u00e9 et tr\u00e8s peu d&#8217;entretien&#8230; La <strong>chaise TIP TON CHAIR<\/strong> est empilable et fait tr\u00e8s peu de bruit lors de d\u00e9placement&#8230;<\/p>\n<p><img data-recalc-dims=\"1\" decoding=\"async\" class=\"alignnone size-full wp-image-6346\" title=\"TIP TON CHAIR par VITRA x BARBER OSGERBY\" src=\"https:\/\/i0.wp.com\/joyana.fr\/wp-content\/uploads\/bovitra02.jpg?resize=576%2C568&#038;ssl=1\" alt=\"\" width=\"576\" height=\"568\" \/><\/p>\n<p><img data-recalc-dims=\"1\" decoding=\"async\" data-attachment-id=\"6351\" data-permalink=\"https:\/\/joyana.fr\/ja\/new-balance-577-rain-mac-pac\/6349\/new-balance-577-rain-mac-pack-2\/\" data-orig-file=\"https:\/\/i0.wp.com\/joyana.fr\/wp-content\/uploads\/2013\/09\/new-balance-577-rain-mac-pack-2.jpg?fit=960%2C640&amp;ssl=1\" data-orig-size=\"960,640\" data-comments-opened=\"1\" data-image-meta=\"{&quot;aperture&quot;:&quot;0&quot;,&quot;credit&quot;:&quot;&quot;,&quot;camera&quot;:&quot;&quot;,&quot;caption&quot;:&quot;&quot;,&quot;created_timestamp&quot;:&quot;0&quot;,&quot;copyright&quot;:&quot;&quot;,&quot;focal_length&quot;:&quot;0&quot;,&quot;iso&quot;:&quot;0&quot;,&quot;shutter_speed&quot;:&quot;0&quot;,&quot;title&quot;:&quot;&quot;,&quot;orientation&quot;:&quot;0&quot;}\" data-image-title=\"new-balance-577-rain-mac-pack-2\" data-image-description=\"&lt;p&gt;NEW BALANCE 577 &#8211; Rain Mac Pac &lt;\/p&gt;\n\" data-image-caption=\"\" data-medium-file=\"https:\/\/i0.wp.com\/joyana.fr\/wp-content\/uploads\/2013\/09\/new-balance-577-rain-mac-pack-2.jpg?fit=389%2C259&amp;ssl=1\" data-large-file=\"https:\/\/i0.wp.com\/joyana.fr\/wp-content\/uploads\/2013\/09\/new-balance-577-rain-mac-pack-2.jpg?fit=960%2C640&amp;ssl=1\" class=\"alignnone size-full wp-image-6351\" title=\"TIP TON CHAIR par VITRA x BARBER OSGERBY\" src=\"https:\/\/i0.wp.com\/joyana.fr\/wp-content\/uploads\/bovitra07.jpg?resize=576%2C432&#038;ssl=1\" alt=\"\" width=\"576\" height=\"432\" \/><\/p>\n<p><img data-recalc-dims=\"1\" loading=\"lazy\" decoding=\"async\" data-attachment-id=\"6352\" data-permalink=\"https:\/\/joyana.fr\/ja\/new-balance-577-rain-mac-pac\/6349\/new-balance-577-rain-mac-pack-3\/\" data-orig-file=\"https:\/\/i0.wp.com\/joyana.fr\/wp-content\/uploads\/2013\/09\/new-balance-577-rain-mac-pack-3.jpg?fit=960%2C640&amp;ssl=1\" data-orig-size=\"960,640\" data-comments-opened=\"1\" data-image-meta=\"{&quot;aperture&quot;:&quot;0&quot;,&quot;credit&quot;:&quot;&quot;,&quot;camera&quot;:&quot;&quot;,&quot;caption&quot;:&quot;&quot;,&quot;created_timestamp&quot;:&quot;0&quot;,&quot;copyright&quot;:&quot;&quot;,&quot;focal_length&quot;:&quot;0&quot;,&quot;iso&quot;:&quot;0&quot;,&quot;shutter_speed&quot;:&quot;0&quot;,&quot;title&quot;:&quot;&quot;,&quot;orientation&quot;:&quot;0&quot;}\" data-image-title=\"new-balance-577-rain-mac-pack-3\" data-image-description=\"&lt;p&gt;NEW BALANCE 577 &#8211; Rain Mac Pac &lt;\/p&gt;\n\" data-image-caption=\"\" data-medium-file=\"https:\/\/i0.wp.com\/joyana.fr\/wp-content\/uploads\/2013\/09\/new-balance-577-rain-mac-pack-3.jpg?fit=389%2C259&amp;ssl=1\" data-large-file=\"https:\/\/i0.wp.com\/joyana.fr\/wp-content\/uploads\/2013\/09\/new-balance-577-rain-mac-pack-3.jpg?fit=960%2C640&amp;ssl=1\" class=\"alignnone size-full wp-image-6352\" title=\"TIP TON CHAIR par VITRA x BARBER OSGERBY\" src=\"https:\/\/i0.wp.com\/joyana.fr\/wp-content\/uploads\/bovitra08.jpg?resize=576%2C384&#038;ssl=1\" alt=\"\" width=\"576\" height=\"384\" \/><\/p>\n<p>le duo de <strong>designers<\/strong> <strong>BARBER OSGERBY<\/strong> a \u00e9galement con\u00e7u la <strong>MAP TABLE<\/strong> pour <strong>Vitra<\/strong>. Une surface de travail de forme trap\u00e9zo\u00efdale qui peut \u00eatre positionn\u00e9 aussi bien en table ronde pour les r\u00e9unions ou peut \u00eatre utilis\u00e9e comme bureau individuel&#8230;<\/p>\n<p><img data-recalc-dims=\"1\" loading=\"lazy\" decoding=\"async\" data-attachment-id=\"6353\" data-permalink=\"https:\/\/joyana.fr\/ja\/new-balance-577-rain-mac-pac\/6349\/new-balance-577-rain-mac-pack-4\/\" data-orig-file=\"https:\/\/i0.wp.com\/joyana.fr\/wp-content\/uploads\/2013\/09\/new-balance-577-rain-mac-pack-4.jpg?fit=640%2C960&amp;ssl=1\" data-orig-size=\"640,960\" data-comments-opened=\"1\" data-image-meta=\"{&quot;aperture&quot;:&quot;0&quot;,&quot;credit&quot;:&quot;&quot;,&quot;camera&quot;:&quot;&quot;,&quot;caption&quot;:&quot;&quot;,&quot;created_timestamp&quot;:&quot;0&quot;,&quot;copyright&quot;:&quot;&quot;,&quot;focal_length&quot;:&quot;0&quot;,&quot;iso&quot;:&quot;0&quot;,&quot;shutter_speed&quot;:&quot;0&quot;,&quot;title&quot;:&quot;&quot;,&quot;orientation&quot;:&quot;0&quot;}\" data-image-title=\"new-balance-577-rain-mac-pack-4\" data-image-description=\"&lt;p&gt;NEW BALANCE 577 &#8211; Rain Mac Pac &lt;\/p&gt;\n\" data-image-caption=\"\" data-medium-file=\"https:\/\/i0.wp.com\/joyana.fr\/wp-content\/uploads\/2013\/09\/new-balance-577-rain-mac-pack-4.jpg?fit=259%2C389&amp;ssl=1\" data-large-file=\"https:\/\/i0.wp.com\/joyana.fr\/wp-content\/uploads\/2013\/09\/new-balance-577-rain-mac-pack-4.jpg?fit=640%2C960&amp;ssl=1\" class=\"alignnone size-full wp-image-6353\" title=\"TIP TON CHAIR par VITRA x BARBER OSGERBY\" src=\"https:\/\/i0.wp.com\/joyana.fr\/wp-content\/uploads\/bovitra09.jpg?resize=576%2C469&#038;ssl=1\" alt=\"\" width=\"576\" height=\"469\" \/><\/p>\n<p><img data-recalc-dims=\"1\" loading=\"lazy\" decoding=\"async\" data-attachment-id=\"6354\" data-permalink=\"https:\/\/joyana.fr\/ja\/new-balance-577-rain-mac-pac\/6349\/new-balance-577-rain-mac-pack-5\/\" data-orig-file=\"https:\/\/i0.wp.com\/joyana.fr\/wp-content\/uploads\/2013\/09\/new-balance-577-rain-mac-pack-5.jpg?fit=960%2C640&amp;ssl=1\" data-orig-size=\"960,640\" data-comments-opened=\"1\" data-image-meta=\"{&quot;aperture&quot;:&quot;0&quot;,&quot;credit&quot;:&quot;&quot;,&quot;camera&quot;:&quot;&quot;,&quot;caption&quot;:&quot;&quot;,&quot;created_timestamp&quot;:&quot;0&quot;,&quot;copyright&quot;:&quot;&quot;,&quot;focal_length&quot;:&quot;0&quot;,&quot;iso&quot;:&quot;0&quot;,&quot;shutter_speed&quot;:&quot;0&quot;,&quot;title&quot;:&quot;&quot;,&quot;orientation&quot;:&quot;0&quot;}\" data-image-title=\"new-balance-577-rain-mac-pack-5\" data-image-description=\"&lt;p&gt;NEW BALANCE 577 &#8211; Rain Mac Pac &lt;\/p&gt;\n\" data-image-caption=\"\" data-medium-file=\"https:\/\/i0.wp.com\/joyana.fr\/wp-content\/uploads\/2013\/09\/new-balance-577-rain-mac-pack-5.jpg?fit=389%2C259&amp;ssl=1\" data-large-file=\"https:\/\/i0.wp.com\/joyana.fr\/wp-content\/uploads\/2013\/09\/new-balance-577-rain-mac-pack-5.jpg?fit=960%2C640&amp;ssl=1\" class=\"alignnone size-full wp-image-6354\" title=\"TIP TON CHAIR par VITRA x BARBER OSGERBY\" src=\"https:\/\/i0.wp.com\/joyana.fr\/wp-content\/uploads\/bovitra10.jpg?resize=576%2C486&#038;ssl=1\" alt=\"\" width=\"576\" height=\"486\" \/><\/p>\n<p>La <strong>TIP TON CHAIR<\/strong> sera lanc\u00e9e au <a href=\"https:\/\/joyana.fr\/category\/actualite\/salon\/milan-design-week\/\">MILAN DESIGN WEEK 2011<\/a>, Hall 20 C05 \/ D04 12-17&#8230;<\/p>\n<p><iframe src=\"http:\/\/player.vimeo.com\/video\/21911617?byline=0&#038;portrait=0&#038;autoplay=1&#038;loop=1\" width=\"576\" height=\"324\" frameborder=\"0\"><\/iframe><\/p>\n<p><a href=\"http:\/\/www.designboom.com\/\">via<\/a><\/p>\n<p>En savoir + sur le studio <a title=\"BARBER OSGERBY\" href=\"http:\/\/www.barberosgerby.com\/\"><strong>BarberOsgerby<\/strong><\/a> &#038; <a title=\"VITRA\" href=\"http:\/\/www.vitra.com\/\"><strong>VITRA<\/strong><\/a><\/p>\n","protected":false},"excerpt":{"rendered":"<p>Edward Barber et Jay Osgerby ont mis au point la TIP TON CHAIR en collaboration avec Vitra. Cette chaise au de [&hellip;]<\/p>\n","protected":false},"author":3,"featured_media":106345,"comment_status":"open","ping_status":"open","sticky":false,"template":"","format":"standard","meta":{"_coblocks_attr":"","_coblocks_dimensions":"","_coblocks_responsive_height":"","_coblocks_accordion_ie_support":"","_uag_custom_page_level_css":"","advgb_blocks_editor_width":"","advgb_blocks_columns_visual_guide":"","_genesis_hide_title":false,"_genesis_hide_breadcrumbs":false,"_genesis_hide_singular_image":false,"_genesis_hide_footer_widgets":false,"_genesis_custom_body_class":"","_genesis_custom_post_class":"","_genesis_layout":"","_themeisle_gutenberg_block_has_review":false,"_jetpack_newsletter_access":"","_jetpack_dont_email_post_to_subs":false,"_jetpack_newsletter_tier_id":0,"_jetpack_memberships_contains_paywalled_content":false,"_jetpack_memberships_contains_paid_content":false,"footnotes":""},"categories":[948,945,905,1054,947],"tags":[78],"class_list":{"0":"post-106344","1":"post","2":"type-post","3":"status-publish","4":"format-standard","5":"has-post-thumbnail","7":"category-assise","8":"category-chaise","9":"category-deco-design","10":"category-rocking-chair","11":"category-vitra","12":"tag-design","13":"entry"},"featured_image_urls":{"full":["https:\/\/i0.wp.com\/joyana.fr\/wp-content\/uploads\/old\/bovitra01.jpg?fit=576%2C432&ssl=1",576,432,false],"thumbnail":["https:\/\/i0.wp.com\/joyana.fr\/wp-content\/uploads\/old\/bovitra01.jpg?resize=150%2C150&ssl=1",150,150,true],"medium":["https:\/\/i0.wp.com\/joyana.fr\/wp-content\/uploads\/old\/bovitra01.jpg?fit=389%2C292&ssl=1",389,292,true],"medium_large":["https:\/\/i0.wp.com\/joyana.fr\/wp-content\/uploads\/old\/bovitra01.jpg?fit=576%2C432&ssl=1",576,432,true],"large":["https:\/\/i0.wp.com\/joyana.fr\/wp-content\/uploads\/old\/bovitra01.jpg?fit=576%2C432&ssl=1",576,432,true],"1536x1536":["https:\/\/i0.wp.com\/joyana.fr\/wp-content\/uploads\/old\/bovitra01.jpg?fit=576%2C432&ssl=1",576,432,true],"2048x2048":["https:\/\/i0.wp.com\/joyana.fr\/wp-content\/uploads\/old\/bovitra01.jpg?fit=576%2C432&ssl=1",576,432,true],"featured-thumb":["https:\/\/i0.wp.com\/joyana.fr\/wp-content\/uploads\/old\/bovitra01.jpg?resize=576%2C432&ssl=1",576,432,true],"ab-block-post-grid-landscape":["https:\/\/i0.wp.com\/joyana.fr\/wp-content\/uploads\/old\/bovitra01.jpg?resize=576%2C400&ssl=1",576,400,true],"ab-block-post-grid-square":["https:\/\/i0.wp.com\/joyana.fr\/wp-content\/uploads\/old\/bovitra01.jpg?resize=576%2C432&ssl=1",576,432,true],"author-pro-image":["https:\/\/i0.wp.com\/joyana.fr\/wp-content\/uploads\/old\/bovitra01.jpg?resize=360%2C432&ssl=1",360,432,true],"slider":["https:\/\/i0.wp.com\/joyana.fr\/wp-content\/uploads\/old\/bovitra01.jpg?resize=576%2C400&ssl=1",576,400,true],"woocommerce_thumbnail":["https:\/\/i0.wp.com\/joyana.fr\/wp-content\/uploads\/old\/bovitra01.jpg?resize=450%2C432&ssl=1",450,432,true],"woocommerce_single":["https:\/\/i0.wp.com\/joyana.fr\/wp-content\/uploads\/old\/bovitra01.jpg?fit=576%2C432&ssl=1",576,432,true],"woocommerce_gallery_thumbnail":["https:\/\/i0.wp.com\/joyana.fr\/wp-content\/uploads\/old\/bovitra01.jpg?resize=180%2C180&ssl=1",180,180,true],"sow-carousel-default":["https:\/\/i0.wp.com\/joyana.fr\/wp-content\/uploads\/old\/bovitra01.jpg?resize=272%2C182&ssl=1",272,182,true]},"post_excerpt_stackable":"<p>Edward Barber et Jay Osgerby ont mis au point la TIP TON CHAIR en collaboration avec Vitra. Cette ch&hellip;<\/p>\n","category_list":"<a href=\"https:\/\/joyana.fr\/ja\/category\/deco-design\/mobilier\/assise\/\" rel=\"category tag\">Assise<\/a>, <a href=\"https:\/\/joyana.fr\/ja\/category\/deco-design\/mobilier\/assise\/chaise\/\" rel=\"category tag\">Chaise<\/a>, <a href=\"https:\/\/joyana.fr\/ja\/category\/deco-design\/\" rel=\"category tag\">DECO-DESIGN<\/a>, <a href=\"https:\/\/joyana.fr\/ja\/category\/deco-design\/mobilier\/assise\/rocking-chair\/\" rel=\"category tag\">Rocking Chair<\/a>, <a href=\"https:\/\/joyana.fr\/ja\/category\/marques\/vitra\/\" rel=\"category tag\">Vitra<\/a>","author_info":{"display_name":"Jo Yana","author_link":"https:\/\/joyana.fr\/ja\/author\/joyana\/"},"comments_num":"17 comments","featured_image_urls_v2":{"full":["https:\/\/i0.wp.com\/joyana.fr\/wp-content\/uploads\/old\/bovitra01.jpg?fit=576%2C432&ssl=1",576,432,false],"thumbnail":["https:\/\/i0.wp.com\/joyana.fr\/wp-content\/uploads\/old\/bovitra01.jpg?resize=150%2C150&ssl=1",150,150,true],"medium":["https:\/\/i0.wp.com\/joyana.fr\/wp-content\/uploads\/old\/bovitra01.jpg?fit=389%2C292&ssl=1",389,292,true],"medium_large":["https:\/\/i0.wp.com\/joyana.fr\/wp-content\/uploads\/old\/bovitra01.jpg?fit=576%2C432&ssl=1",576,432,true],"large":["https:\/\/i0.wp.com\/joyana.fr\/wp-content\/uploads\/old\/bovitra01.jpg?fit=576%2C432&ssl=1",576,432,true],"1536x1536":["https:\/\/i0.wp.com\/joyana.fr\/wp-content\/uploads\/old\/bovitra01.jpg?fit=576%2C432&ssl=1",576,432,true],"2048x2048":["https:\/\/i0.wp.com\/joyana.fr\/wp-content\/uploads\/old\/bovitra01.jpg?fit=576%2C432&ssl=1",576,432,true],"featured-thumb":["https:\/\/i0.wp.com\/joyana.fr\/wp-content\/uploads\/old\/bovitra01.jpg?resize=576%2C432&ssl=1",576,432,true],"ab-block-post-grid-landscape":["https:\/\/i0.wp.com\/joyana.fr\/wp-content\/uploads\/old\/bovitra01.jpg?resize=576%2C400&ssl=1",576,400,true],"ab-block-post-grid-square":["https:\/\/i0.wp.com\/joyana.fr\/wp-content\/uploads\/old\/bovitra01.jpg?resize=576%2C432&ssl=1",576,432,true],"author-pro-image":["https:\/\/i0.wp.com\/joyana.fr\/wp-content\/uploads\/old\/bovitra01.jpg?resize=360%2C432&ssl=1",360,432,true],"slider":["https:\/\/i0.wp.com\/joyana.fr\/wp-content\/uploads\/old\/bovitra01.jpg?resize=576%2C400&ssl=1",576,400,true],"woocommerce_thumbnail":["https:\/\/i0.wp.com\/joyana.fr\/wp-content\/uploads\/old\/bovitra01.jpg?resize=450%2C432&ssl=1",450,432,true],"woocommerce_single":["https:\/\/i0.wp.com\/joyana.fr\/wp-content\/uploads\/old\/bovitra01.jpg?fit=576%2C432&ssl=1",576,432,true],"woocommerce_gallery_thumbnail":["https:\/\/i0.wp.com\/joyana.fr\/wp-content\/uploads\/old\/bovitra01.jpg?resize=180%2C180&ssl=1",180,180,true],"sow-carousel-default":["https:\/\/i0.wp.com\/joyana.fr\/wp-content\/uploads\/old\/bovitra01.jpg?resize=272%2C182&ssl=1",272,182,true]},"post_excerpt_stackable_v2":"<p>Edward Barber et Jay Osgerby ont mis au point la TIP TON CHAIR en collaboration avec Vitra. Cette ch&hellip;<\/p>\n","category_list_v2":"<a href=\"https:\/\/joyana.fr\/ja\/category\/deco-design\/mobilier\/assise\/\" rel=\"category tag\">Assise<\/a>, <a href=\"https:\/\/joyana.fr\/ja\/category\/deco-design\/mobilier\/assise\/chaise\/\" rel=\"category tag\">Chaise<\/a>, <a href=\"https:\/\/joyana.fr\/ja\/category\/deco-design\/\" rel=\"category tag\">DECO-DESIGN<\/a>, <a href=\"https:\/\/joyana.fr\/ja\/category\/deco-design\/mobilier\/assise\/rocking-chair\/\" rel=\"category tag\">Rocking Chair<\/a>, <a href=\"https:\/\/joyana.fr\/ja\/category\/marques\/vitra\/\" rel=\"category tag\">Vitra<\/a>","author_info_v2":{"name":"Jo Yana","url":"https:\/\/joyana.fr\/ja\/author\/joyana\/"},"comments_num_v2":"17 comments","yoast_head":"<!-- This site is optimized with the Yoast SEO plugin v26.8 - https:\/\/yoast.com\/product\/yoast-seo-wordpress\/ -->\n<title>TIP TON CHAIR par Vitra x BARBER OSGERBY - JO YANA<\/title>\n<meta name=\"robots\" content=\"index, follow, max-snippet:-1, max-image-preview:large, max-video-preview:-1\" \/>\n<link rel=\"canonical\" href=\"https:\/\/joyana.fr\/ja\/chaise-design-tip-ton-chair-vitra-barber-osgerby\/106344\/\" \/>\n<meta property=\"og:locale\" content=\"ja_JP\" \/>\n<meta property=\"og:locale:alternate\" content=\"fr_FR\" \/>\n<meta property=\"og:locale:alternate\" content=\"en_US\" \/>\n<meta property=\"og:type\" content=\"article\" \/>\n<meta property=\"og:title\" content=\"TIP TON CHAIR par Vitra x BARBER OSGERBY - JO YANA\" \/>\n<meta property=\"og:description\" content=\"Edward Barber et Jay Osgerby ont mis au point la TIP TON CHAIR en collaboration avec Vitra. Cette chaise au de [&hellip;]\" \/>\n<meta property=\"og:url\" content=\"https:\/\/joyana.fr\/ja\/chaise-design-tip-ton-chair-vitra-barber-osgerby\/106344\/\" \/>\n<meta property=\"og:site_name\" content=\"JO YANA\" \/>\n<meta property=\"article:published_time\" content=\"2011-04-05T06:36:11+00:00\" \/>\n<meta property=\"og:image\" content=\"https:\/\/i0.wp.com\/joyana.fr\/wp-content\/uploads\/old\/bovitra01.jpg?fit=576%2C432&ssl=1\" \/>\n\t<meta property=\"og:image:width\" content=\"576\" \/>\n\t<meta property=\"og:image:height\" content=\"432\" \/>\n\t<meta property=\"og:image:type\" content=\"image\/jpeg\" \/>\n<meta name=\"author\" content=\"Jo Yana\" \/>\n<meta name=\"twitter:card\" content=\"summary_large_image\" \/>\n<meta name=\"twitter:creator\" content=\"@Jo_Yana\" \/>\n<meta name=\"twitter:site\" content=\"@Jo_Yana\" \/>\n<meta name=\"twitter:label1\" content=\"\u57f7\u7b46\u8005\" \/>\n\t<meta name=\"twitter:data1\" content=\"Jo Yana\" \/>\n\t<meta name=\"twitter:label2\" content=\"\u63a8\u5b9a\u8aad\u307f\u53d6\u308a\u6642\u9593\" \/>\n\t<meta name=\"twitter:data2\" content=\"1\u5206\" \/>\n<script type=\"application\/ld+json\" class=\"yoast-schema-graph\">{\"@context\":\"https:\/\/schema.org\",\"@graph\":[{\"@type\":\"Article\",\"@id\":\"https:\/\/joyana.fr\/ja\/chaise-design-tip-ton-chair-vitra-barber-osgerby\/106344\/#article\",\"isPartOf\":{\"@id\":\"https:\/\/joyana.fr\/ja\/chaise-design-tip-ton-chair-vitra-barber-osgerby\/106344\/\"},\"author\":{\"name\":\"Jo Yana\",\"@id\":\"https:\/\/www.joyana.fr\/#\/schema\/person\/cf2a1ad12a27c12c21801075bf37407c\"},\"headline\":\"TIP TON CHAIR par Vitra x BARBER OSGERBY\",\"datePublished\":\"2011-04-05T06:36:11+00:00\",\"mainEntityOfPage\":{\"@id\":\"https:\/\/joyana.fr\/ja\/chaise-design-tip-ton-chair-vitra-barber-osgerby\/106344\/\"},\"wordCount\":198,\"commentCount\":0,\"publisher\":{\"@id\":\"https:\/\/www.joyana.fr\/#\/schema\/person\/cf2a1ad12a27c12c21801075bf37407c\"},\"image\":{\"@id\":\"https:\/\/joyana.fr\/ja\/chaise-design-tip-ton-chair-vitra-barber-osgerby\/106344\/#primaryimage\"},\"thumbnailUrl\":\"https:\/\/i0.wp.com\/joyana.fr\/wp-content\/uploads\/old\/bovitra01.jpg?fit=576%2C432&ssl=1\",\"keywords\":[\"DESIGN\"],\"articleSection\":[\"Assise\",\"Chaise\",\"DECO-DESIGN\",\"Rocking Chair\",\"Vitra\"],\"inLanguage\":\"ja\",\"potentialAction\":[{\"@type\":\"CommentAction\",\"name\":\"Comment\",\"target\":[\"https:\/\/joyana.fr\/ja\/chaise-design-tip-ton-chair-vitra-barber-osgerby\/106344\/#respond\"]}]},{\"@type\":\"WebPage\",\"@id\":\"https:\/\/joyana.fr\/ja\/chaise-design-tip-ton-chair-vitra-barber-osgerby\/106344\/\",\"url\":\"https:\/\/joyana.fr\/ja\/chaise-design-tip-ton-chair-vitra-barber-osgerby\/106344\/\",\"name\":\"TIP TON CHAIR par Vitra x BARBER OSGERBY - JO YANA\",\"isPartOf\":{\"@id\":\"https:\/\/www.joyana.fr\/#website\"},\"primaryImageOfPage\":{\"@id\":\"https:\/\/joyana.fr\/ja\/chaise-design-tip-ton-chair-vitra-barber-osgerby\/106344\/#primaryimage\"},\"image\":{\"@id\":\"https:\/\/joyana.fr\/ja\/chaise-design-tip-ton-chair-vitra-barber-osgerby\/106344\/#primaryimage\"},\"thumbnailUrl\":\"https:\/\/i0.wp.com\/joyana.fr\/wp-content\/uploads\/old\/bovitra01.jpg?fit=576%2C432&ssl=1\",\"datePublished\":\"2011-04-05T06:36:11+00:00\",\"breadcrumb\":{\"@id\":\"https:\/\/joyana.fr\/ja\/chaise-design-tip-ton-chair-vitra-barber-osgerby\/106344\/#breadcrumb\"},\"inLanguage\":\"ja\",\"potentialAction\":[{\"@type\":\"ReadAction\",\"target\":[\"https:\/\/joyana.fr\/ja\/chaise-design-tip-ton-chair-vitra-barber-osgerby\/106344\/\"]}]},{\"@type\":\"ImageObject\",\"inLanguage\":\"ja\",\"@id\":\"https:\/\/joyana.fr\/ja\/chaise-design-tip-ton-chair-vitra-barber-osgerby\/106344\/#primaryimage\",\"url\":\"https:\/\/i0.wp.com\/joyana.fr\/wp-content\/uploads\/old\/bovitra01.jpg?fit=576%2C432&ssl=1\",\"contentUrl\":\"https:\/\/i0.wp.com\/joyana.fr\/wp-content\/uploads\/old\/bovitra01.jpg?fit=576%2C432&ssl=1\",\"width\":576,\"height\":432},{\"@type\":\"BreadcrumbList\",\"@id\":\"https:\/\/joyana.fr\/ja\/chaise-design-tip-ton-chair-vitra-barber-osgerby\/106344\/#breadcrumb\",\"itemListElement\":[{\"@type\":\"ListItem\",\"position\":1,\"name\":\"Accueil\",\"item\":\"https:\/\/www.joyana.fr\/\"},{\"@type\":\"ListItem\",\"position\":2,\"name\":\"TIP TON CHAIR par Vitra x BARBER OSGERBY\"}]},{\"@type\":\"WebSite\",\"@id\":\"https:\/\/www.joyana.fr\/#website\",\"url\":\"https:\/\/www.joyana.fr\/\",\"name\":\"JO YANA\",\"description\":\"Blog Mode Homme, Lifestyle, D\u00e9co-Design\",\"publisher\":{\"@id\":\"https:\/\/www.joyana.fr\/#\/schema\/person\/cf2a1ad12a27c12c21801075bf37407c\"},\"potentialAction\":[{\"@type\":\"SearchAction\",\"target\":{\"@type\":\"EntryPoint\",\"urlTemplate\":\"https:\/\/www.joyana.fr\/?s={search_term_string}\"},\"query-input\":{\"@type\":\"PropertyValueSpecification\",\"valueRequired\":true,\"valueName\":\"search_term_string\"}}],\"inLanguage\":\"ja\"},{\"@type\":[\"Person\",\"Organization\"],\"@id\":\"https:\/\/www.joyana.fr\/#\/schema\/person\/cf2a1ad12a27c12c21801075bf37407c\",\"name\":\"Jo Yana\",\"image\":{\"@type\":\"ImageObject\",\"inLanguage\":\"ja\",\"@id\":\"https:\/\/www.joyana.fr\/#\/schema\/person\/image\/\",\"url\":\"https:\/\/i0.wp.com\/joyana.fr\/wp-content\/uploads\/2016\/08\/cropped-joyana-logo-black-360x180.png?fit=343%2C164&ssl=1\",\"contentUrl\":\"https:\/\/i0.wp.com\/joyana.fr\/wp-content\/uploads\/2016\/08\/cropped-joyana-logo-black-360x180.png?fit=343%2C164&ssl=1\",\"width\":343,\"height\":164,\"caption\":\"Jo Yana\"},\"logo\":{\"@id\":\"https:\/\/www.joyana.fr\/#\/schema\/person\/image\/\"},\"description\":\"Jo Yana est le cr\u00e9ateur et r\u00e9dacteur en chef des sites DECO-DESIGN. Passionn\u00e9 de Design, Mode, Photo, Luxe, Lifestyle, Musique, mais avant tout Blogueur ! Le plaisir de partager l'anime et a comme devise \\\"POUR L'AMOUR DU BEAU\\\". Retrouvez le aussi sur son blog personnel - https:\/\/joyana.fr...\",\"sameAs\":[\"https:\/\/joyana.fr\/\"],\"url\":\"https:\/\/joyana.fr\/ja\/author\/joyana\/\"}]}<\/script>\n<!-- \/ Yoast SEO plugin. -->","yoast_head_json":{"title":"TIP TON CHAIR par Vitra x BARBER OSGERBY - JO YANA","robots":{"index":"index","follow":"follow","max-snippet":"max-snippet:-1","max-image-preview":"max-image-preview:large","max-video-preview":"max-video-preview:-1"},"canonical":"https:\/\/joyana.fr\/ja\/chaise-design-tip-ton-chair-vitra-barber-osgerby\/106344\/","og_locale":"ja_JP","og_type":"article","og_title":"TIP TON CHAIR par Vitra x BARBER OSGERBY - JO YANA","og_description":"Edward Barber et Jay Osgerby ont mis au point la TIP TON CHAIR en collaboration avec Vitra. Cette chaise au de [&hellip;]","og_url":"https:\/\/joyana.fr\/ja\/chaise-design-tip-ton-chair-vitra-barber-osgerby\/106344\/","og_site_name":"JO YANA","article_published_time":"2011-04-05T06:36:11+00:00","og_image":[{"width":576,"height":432,"url":"https:\/\/i0.wp.com\/joyana.fr\/wp-content\/uploads\/old\/bovitra01.jpg?fit=576%2C432&ssl=1","type":"image\/jpeg"}],"author":"Jo Yana","twitter_card":"summary_large_image","twitter_creator":"@Jo_Yana","twitter_site":"@Jo_Yana","twitter_misc":{"\u57f7\u7b46\u8005":"Jo Yana","\u63a8\u5b9a\u8aad\u307f\u53d6\u308a\u6642\u9593":"1\u5206"},"schema":{"@context":"https:\/\/schema.org","@graph":[{"@type":"Article","@id":"https:\/\/joyana.fr\/ja\/chaise-design-tip-ton-chair-vitra-barber-osgerby\/106344\/#article","isPartOf":{"@id":"https:\/\/joyana.fr\/ja\/chaise-design-tip-ton-chair-vitra-barber-osgerby\/106344\/"},"author":{"name":"Jo Yana","@id":"https:\/\/www.joyana.fr\/#\/schema\/person\/cf2a1ad12a27c12c21801075bf37407c"},"headline":"TIP TON CHAIR par Vitra x BARBER OSGERBY","datePublished":"2011-04-05T06:36:11+00:00","mainEntityOfPage":{"@id":"https:\/\/joyana.fr\/ja\/chaise-design-tip-ton-chair-vitra-barber-osgerby\/106344\/"},"wordCount":198,"commentCount":0,"publisher":{"@id":"https:\/\/www.joyana.fr\/#\/schema\/person\/cf2a1ad12a27c12c21801075bf37407c"},"image":{"@id":"https:\/\/joyana.fr\/ja\/chaise-design-tip-ton-chair-vitra-barber-osgerby\/106344\/#primaryimage"},"thumbnailUrl":"https:\/\/i0.wp.com\/joyana.fr\/wp-content\/uploads\/old\/bovitra01.jpg?fit=576%2C432&ssl=1","keywords":["DESIGN"],"articleSection":["Assise","Chaise","DECO-DESIGN","Rocking Chair","Vitra"],"inLanguage":"ja","potentialAction":[{"@type":"CommentAction","name":"Comment","target":["https:\/\/joyana.fr\/ja\/chaise-design-tip-ton-chair-vitra-barber-osgerby\/106344\/#respond"]}]},{"@type":"WebPage","@id":"https:\/\/joyana.fr\/ja\/chaise-design-tip-ton-chair-vitra-barber-osgerby\/106344\/","url":"https:\/\/joyana.fr\/ja\/chaise-design-tip-ton-chair-vitra-barber-osgerby\/106344\/","name":"TIP TON CHAIR par Vitra x BARBER OSGERBY - JO YANA","isPartOf":{"@id":"https:\/\/www.joyana.fr\/#website"},"primaryImageOfPage":{"@id":"https:\/\/joyana.fr\/ja\/chaise-design-tip-ton-chair-vitra-barber-osgerby\/106344\/#primaryimage"},"image":{"@id":"https:\/\/joyana.fr\/ja\/chaise-design-tip-ton-chair-vitra-barber-osgerby\/106344\/#primaryimage"},"thumbnailUrl":"https:\/\/i0.wp.com\/joyana.fr\/wp-content\/uploads\/old\/bovitra01.jpg?fit=576%2C432&ssl=1","datePublished":"2011-04-05T06:36:11+00:00","breadcrumb":{"@id":"https:\/\/joyana.fr\/ja\/chaise-design-tip-ton-chair-vitra-barber-osgerby\/106344\/#breadcrumb"},"inLanguage":"ja","potentialAction":[{"@type":"ReadAction","target":["https:\/\/joyana.fr\/ja\/chaise-design-tip-ton-chair-vitra-barber-osgerby\/106344\/"]}]},{"@type":"ImageObject","inLanguage":"ja","@id":"https:\/\/joyana.fr\/ja\/chaise-design-tip-ton-chair-vitra-barber-osgerby\/106344\/#primaryimage","url":"https:\/\/i0.wp.com\/joyana.fr\/wp-content\/uploads\/old\/bovitra01.jpg?fit=576%2C432&ssl=1","contentUrl":"https:\/\/i0.wp.com\/joyana.fr\/wp-content\/uploads\/old\/bovitra01.jpg?fit=576%2C432&ssl=1","width":576,"height":432},{"@type":"BreadcrumbList","@id":"https:\/\/joyana.fr\/ja\/chaise-design-tip-ton-chair-vitra-barber-osgerby\/106344\/#breadcrumb","itemListElement":[{"@type":"ListItem","position":1,"name":"Accueil","item":"https:\/\/www.joyana.fr\/"},{"@type":"ListItem","position":2,"name":"TIP TON CHAIR par Vitra x BARBER OSGERBY"}]},{"@type":"WebSite","@id":"https:\/\/www.joyana.fr\/#website","url":"https:\/\/www.joyana.fr\/","name":"JO YANA","description":"Blog Mode Homme, Lifestyle, D\u00e9co-Design","publisher":{"@id":"https:\/\/www.joyana.fr\/#\/schema\/person\/cf2a1ad12a27c12c21801075bf37407c"},"potentialAction":[{"@type":"SearchAction","target":{"@type":"EntryPoint","urlTemplate":"https:\/\/www.joyana.fr\/?s={search_term_string}"},"query-input":{"@type":"PropertyValueSpecification","valueRequired":true,"valueName":"search_term_string"}}],"inLanguage":"ja"},{"@type":["Person","Organization"],"@id":"https:\/\/www.joyana.fr\/#\/schema\/person\/cf2a1ad12a27c12c21801075bf37407c","name":"Jo Yana","image":{"@type":"ImageObject","inLanguage":"ja","@id":"https:\/\/www.joyana.fr\/#\/schema\/person\/image\/","url":"https:\/\/i0.wp.com\/joyana.fr\/wp-content\/uploads\/2016\/08\/cropped-joyana-logo-black-360x180.png?fit=343%2C164&ssl=1","contentUrl":"https:\/\/i0.wp.com\/joyana.fr\/wp-content\/uploads\/2016\/08\/cropped-joyana-logo-black-360x180.png?fit=343%2C164&ssl=1","width":343,"height":164,"caption":"Jo Yana"},"logo":{"@id":"https:\/\/www.joyana.fr\/#\/schema\/person\/image\/"},"description":"Jo Yana est le cr\u00e9ateur et r\u00e9dacteur en chef des sites DECO-DESIGN. Passionn\u00e9 de Design, Mode, Photo, Luxe, Lifestyle, Musique, mais avant tout Blogueur ! Le plaisir de partager l'anime et a comme devise \"POUR L'AMOUR DU BEAU\". Retrouvez le aussi sur son blog personnel - https:\/\/joyana.fr...","sameAs":["https:\/\/joyana.fr\/"],"url":"https:\/\/joyana.fr\/ja\/author\/joyana\/"}]}},"author_meta":{"display_name":"Jo Yana","author_link":"https:\/\/joyana.fr\/ja\/author\/joyana\/"},"featured_img":"https:\/\/i0.wp.com\/joyana.fr\/wp-content\/uploads\/old\/bovitra01.jpg?fit=389%2C292&ssl=1","featured_image_src":"https:\/\/i0.wp.com\/joyana.fr\/wp-content\/uploads\/old\/bovitra01.jpg?resize=576%2C400&ssl=1","featured_image_src_square":"https:\/\/i0.wp.com\/joyana.fr\/wp-content\/uploads\/old\/bovitra01.jpg?resize=576%2C432&ssl=1","jetpack_featured_media_url":"https:\/\/i0.wp.com\/joyana.fr\/wp-content\/uploads\/old\/bovitra01.jpg?fit=576%2C432&ssl=1","uagb_featured_image_src":{"full":["https:\/\/i0.wp.com\/joyana.fr\/wp-content\/uploads\/old\/bovitra01.jpg?fit=576%2C432&ssl=1",576,432,false],"thumbnail":["https:\/\/i0.wp.com\/joyana.fr\/wp-content\/uploads\/old\/bovitra01.jpg?resize=150%2C150&ssl=1",150,150,true],"medium":["https:\/\/i0.wp.com\/joyana.fr\/wp-content\/uploads\/old\/bovitra01.jpg?fit=389%2C292&ssl=1",389,292,true],"medium_large":["https:\/\/i0.wp.com\/joyana.fr\/wp-content\/uploads\/old\/bovitra01.jpg?fit=576%2C432&ssl=1",576,432,true],"large":["https:\/\/i0.wp.com\/joyana.fr\/wp-content\/uploads\/old\/bovitra01.jpg?fit=576%2C432&ssl=1",576,432,true],"1536x1536":["https:\/\/i0.wp.com\/joyana.fr\/wp-content\/uploads\/old\/bovitra01.jpg?fit=576%2C432&ssl=1",576,432,true],"2048x2048":["https:\/\/i0.wp.com\/joyana.fr\/wp-content\/uploads\/old\/bovitra01.jpg?fit=576%2C432&ssl=1",576,432,true],"featured-thumb":["https:\/\/i0.wp.com\/joyana.fr\/wp-content\/uploads\/old\/bovitra01.jpg?resize=576%2C432&ssl=1",576,432,true],"ab-block-post-grid-landscape":["https:\/\/i0.wp.com\/joyana.fr\/wp-content\/uploads\/old\/bovitra01.jpg?resize=576%2C400&ssl=1",576,400,true],"ab-block-post-grid-square":["https:\/\/i0.wp.com\/joyana.fr\/wp-content\/uploads\/old\/bovitra01.jpg?resize=576%2C432&ssl=1",576,432,true],"author-pro-image":["https:\/\/i0.wp.com\/joyana.fr\/wp-content\/uploads\/old\/bovitra01.jpg?resize=360%2C432&ssl=1",360,432,true],"slider":["https:\/\/i0.wp.com\/joyana.fr\/wp-content\/uploads\/old\/bovitra01.jpg?resize=576%2C400&ssl=1",576,400,true],"woocommerce_thumbnail":["https:\/\/i0.wp.com\/joyana.fr\/wp-content\/uploads\/old\/bovitra01.jpg?resize=450%2C432&ssl=1",450,432,true],"woocommerce_single":["https:\/\/i0.wp.com\/joyana.fr\/wp-content\/uploads\/old\/bovitra01.jpg?fit=576%2C432&ssl=1",576,432,true],"woocommerce_gallery_thumbnail":["https:\/\/i0.wp.com\/joyana.fr\/wp-content\/uploads\/old\/bovitra01.jpg?resize=180%2C180&ssl=1",180,180,true],"sow-carousel-default":["https:\/\/i0.wp.com\/joyana.fr\/wp-content\/uploads\/old\/bovitra01.jpg?resize=272%2C182&ssl=1",272,182,true]},"uagb_author_info":{"display_name":"Jo Yana","author_link":"https:\/\/joyana.fr\/ja\/author\/joyana\/"},"uagb_comment_info":17,"uagb_excerpt":"Edward Barber et Jay Osgerby ont mis au point la TIP TO&hellip;","coauthors":[],"tax_additional":{"categories":{"linked":["<a href=\"https:\/\/joyana.fr\/ja\/category\/deco-design\/mobilier\/assise\/\" class=\"advgb-post-tax-term\">Assise<\/a>","<a href=\"https:\/\/joyana.fr\/ja\/category\/deco-design\/mobilier\/assise\/chaise\/\" class=\"advgb-post-tax-term\">Chaise<\/a>","<a href=\"https:\/\/joyana.fr\/ja\/category\/deco-design\/\" class=\"advgb-post-tax-term\">DECO-DESIGN<\/a>","<a href=\"https:\/\/joyana.fr\/ja\/category\/deco-design\/mobilier\/assise\/rocking-chair\/\" class=\"advgb-post-tax-term\">Rocking Chair<\/a>","<a href=\"https:\/\/joyana.fr\/ja\/category\/marques\/vitra\/\" class=\"advgb-post-tax-term\">Vitra<\/a>"],"unlinked":["<span class=\"advgb-post-tax-term\">Assise<\/span>","<span class=\"advgb-post-tax-term\">Chaise<\/span>","<span class=\"advgb-post-tax-term\">DECO-DESIGN<\/span>","<span class=\"advgb-post-tax-term\">Rocking Chair<\/span>","<span class=\"advgb-post-tax-term\">Vitra<\/span>"]},"tags":{"linked":["<a href=\"https:\/\/joyana.fr\/ja\/category\/marques\/vitra\/\" class=\"advgb-post-tax-term\">DESIGN<\/a>"],"unlinked":["<span class=\"advgb-post-tax-term\">DESIGN<\/span>"]}},"comment_count":17,"relative_dates":{"created":"Posted 15\u5e74 ago","modified":"Updated 15\u5e74 ago"},"absolute_dates":{"created":"Posted on 5 4\u6708 2011","modified":"Updated on 5 4\u6708 2011"},"absolute_dates_time":{"created":"Posted on 5 4\u6708 2011 7:36","modified":"Updated on 5 4\u6708 2011 7:36"},"featured_img_caption":"","series_order":"","jetpack_sharing_enabled":true,"jetpack_shortlink":"https:\/\/wp.me\/p9bteI-rFe","jetpack-related-posts":[],"_links":{"self":[{"href":"https:\/\/joyana.fr\/ja\/wp-json\/wp\/v2\/posts\/106344","targetHints":{"allow":["GET"]}}],"collection":[{"href":"https:\/\/joyana.fr\/ja\/wp-json\/wp\/v2\/posts"}],"about":[{"href":"https:\/\/joyana.fr\/ja\/wp-json\/wp\/v2\/types\/post"}],"author":[{"embeddable":true,"href":"https:\/\/joyana.fr\/ja\/wp-json\/wp\/v2\/users\/3"}],"replies":[{"embeddable":true,"href":"https:\/\/joyana.fr\/ja\/wp-json\/wp\/v2\/comments?post=106344"}],"version-history":[{"count":0,"href":"https:\/\/joyana.fr\/ja\/wp-json\/wp\/v2\/posts\/106344\/revisions"}],"wp:featuredmedia":[{"embeddable":true,"href":"https:\/\/joyana.fr\/ja\/wp-json\/wp\/v2\/media\/106345"}],"wp:attachment":[{"href":"https:\/\/joyana.fr\/ja\/wp-json\/wp\/v2\/media?parent=106344"}],"wp:term":[{"taxonomy":"category","embeddable":true,"href":"https:\/\/joyana.fr\/ja\/wp-json\/wp\/v2\/categories?post=106344"},{"taxonomy":"post_tag","embeddable":true,"href":"https:\/\/joyana.fr\/ja\/wp-json\/wp\/v2\/tags?post=106344"}],"curies":[{"name":"wp","href":"https:\/\/api.w.org\/{rel}","templated":true}]}}