{"id":106806,"date":"2011-05-25T07:42:20","date_gmt":"2011-05-25T06:42:20","guid":{"rendered":"https:\/\/joyana.fr\/?p=6806"},"modified":"2011-05-25T07:42:20","modified_gmt":"2011-05-25T06:42:20","slug":"deco-design-au-festival-de-cannes-2011","status":"publish","type":"post","link":"https:\/\/joyana.fr\/ja\/deco-design-au-festival-de-cannes-2011\/106806\/","title":{"rendered":"Deco-Design au Festival de Cannes 2011"},"content":{"rendered":"<p><strong>Deco-Design<\/strong> \u00e9tait au <strong>Festival de Cannes 2011<\/strong>, o\u00f9 nous avons pu d\u00e9couvrir de sublimes endroits &#8211; Bateau <a title=\"ARTE\" href=\"http:\/\/www.arte.tv\/fr\/70.html\">ARTE<\/a>, Showroom <a title=\"AUDI\" href=\"http:\/\/www.arte.tv\/fr\/70.html\">AUDI<\/a>, terrasse du <a title=\"GRAND HOTEL CANNES\" href=\"http:\/\/www.grand-hotel-cannes.com\/fr\/index.php\">Grand Hotel<\/a>&#8230; &#8211; \u00e0 la d\u00e9coration sublim\u00e9e pour l&#8217;occasion&#8230;<\/p>\n<p><img data-recalc-dims=\"1\" fetchpriority=\"high\" decoding=\"async\" class=\"alignnone size-full wp-image-6820\" title=\"Deco-Design au Festival de Cannes 2011\" src=\"https:\/\/i0.wp.com\/joyana.fr\/wp-content\/uploads\/CANNES%C2%B0002-2.jpg?resize=576%2C434&#038;ssl=1\" alt=\"\" width=\"576\" height=\"434\" \/><\/p>\n<h2 style=\"text-align: center;\">Le GRAND HOTEL + Showroom AUDI<\/h2>\n<p>C\u00f4te \u00e0 c\u00f4te, le Grand Hotel et le showroom Audi ont fait sensation durant le <strong>Festival de Cannes 2011<\/strong>. La terrasse du <strong>Grand Hotel <\/strong>arborait de sublimes <a title=\"BLOFIELD\" href=\"https:\/\/joyana.fr\/chesterfield-gonflable-blofield\/1576\/\">canap\u00e9s gonflables BLOFILD<\/a>, tandis que le showroom Audi pr\u00e9sentait ses diff\u00e9rentes voitures, entre jeux de lumi\u00e8res et mobilier Cassina&#8230;<\/p>\n<p><img data-recalc-dims=\"1\" decoding=\"async\" data-attachment-id=\"6812\" data-permalink=\"https:\/\/joyana.fr\/ja\/a-lobey-de-lautomne\/6810\/blog_a-lobey-de-lautomne_3bis\/\" data-orig-file=\"https:\/\/i0.wp.com\/joyana.fr\/wp-content\/uploads\/2013\/11\/BLOG_A-LOBEY-DE-LAUTOMNE_3BIS.jpg?fit=650%2C650&amp;ssl=1\" data-orig-size=\"650,650\" data-comments-opened=\"1\" data-image-meta=\"{&quot;aperture&quot;:&quot;0&quot;,&quot;credit&quot;:&quot;&quot;,&quot;camera&quot;:&quot;&quot;,&quot;caption&quot;:&quot;&quot;,&quot;created_timestamp&quot;:&quot;0&quot;,&quot;copyright&quot;:&quot;&quot;,&quot;focal_length&quot;:&quot;0&quot;,&quot;iso&quot;:&quot;0&quot;,&quot;shutter_speed&quot;:&quot;0&quot;,&quot;title&quot;:&quot;&quot;,&quot;orientation&quot;:&quot;1&quot;}\" data-image-title=\"BLOG_A L&#8217;OBEY DE L&#8217;AUTOMNE_3BIS\" data-image-description=\"\" data-image-caption=\"\" data-medium-file=\"https:\/\/i0.wp.com\/joyana.fr\/wp-content\/uploads\/2013\/11\/BLOG_A-LOBEY-DE-LAUTOMNE_3BIS.jpg?fit=389%2C389&amp;ssl=1\" data-large-file=\"https:\/\/i0.wp.com\/joyana.fr\/wp-content\/uploads\/2013\/11\/BLOG_A-LOBEY-DE-LAUTOMNE_3BIS.jpg?fit=650%2C650&amp;ssl=1\" class=\"alignnone size-full wp-image-6812\" title=\"Deco-Design au Festival de Cannes 2011\" src=\"https:\/\/i0.wp.com\/joyana.fr\/wp-content\/uploads\/CANNES_013_AUDI.jpg?resize=576%2C384&#038;ssl=1\" alt=\"\" width=\"576\" height=\"384\" \/><\/p>\n<p><img data-recalc-dims=\"1\" decoding=\"async\" class=\"alignnone size-full wp-image-6819\" title=\"http:\/\/www.grand-hotel-cannes.com\/fr\/index.php\" src=\"https:\/\/i0.wp.com\/joyana.fr\/wp-content\/uploads\/CANNES_AUDI_0011.jpg?resize=576%2C384&#038;ssl=1\" alt=\"\" width=\"576\" height=\"384\" \/><\/p>\n<p><img data-recalc-dims=\"1\" loading=\"lazy\" decoding=\"async\" data-attachment-id=\"6813\" data-permalink=\"https:\/\/joyana.fr\/ja\/a-lobey-de-lautomne\/6810\/blog_a-lobey-de-lautomne_4bis\/\" data-orig-file=\"https:\/\/i0.wp.com\/joyana.fr\/wp-content\/uploads\/2013\/11\/BLOG_A-LOBEY-DE-LAUTOMNE_4BIS.jpg?fit=650%2C650&amp;ssl=1\" data-orig-size=\"650,650\" data-comments-opened=\"1\" data-image-meta=\"{&quot;aperture&quot;:&quot;0&quot;,&quot;credit&quot;:&quot;&quot;,&quot;camera&quot;:&quot;&quot;,&quot;caption&quot;:&quot;&quot;,&quot;created_timestamp&quot;:&quot;0&quot;,&quot;copyright&quot;:&quot;&quot;,&quot;focal_length&quot;:&quot;0&quot;,&quot;iso&quot;:&quot;0&quot;,&quot;shutter_speed&quot;:&quot;0&quot;,&quot;title&quot;:&quot;&quot;,&quot;orientation&quot;:&quot;1&quot;}\" data-image-title=\"BLOG_A L&#8217;OBEY DE L&#8217;AUTOMNE_4BIS\" data-image-description=\"\" data-image-caption=\"\" data-medium-file=\"https:\/\/i0.wp.com\/joyana.fr\/wp-content\/uploads\/2013\/11\/BLOG_A-LOBEY-DE-LAUTOMNE_4BIS.jpg?fit=389%2C389&amp;ssl=1\" data-large-file=\"https:\/\/i0.wp.com\/joyana.fr\/wp-content\/uploads\/2013\/11\/BLOG_A-LOBEY-DE-LAUTOMNE_4BIS.jpg?fit=650%2C650&amp;ssl=1\" class=\"alignnone size-full wp-image-6813\" title=\"DECO-DESIGN FESTIVAL CANNES 2011\" src=\"https:\/\/i0.wp.com\/joyana.fr\/wp-content\/uploads\/CANNES_015_AUDI.jpg?resize=576%2C384&#038;ssl=1\" alt=\"\" width=\"576\" height=\"384\" \/><\/p>\n<p><img data-recalc-dims=\"1\" loading=\"lazy\" decoding=\"async\" data-attachment-id=\"6814\" data-permalink=\"https:\/\/joyana.fr\/ja\/a-lobey-de-lautomne\/6810\/blog_a-lobey-de-lautomne_5bis\/\" data-orig-file=\"https:\/\/i0.wp.com\/joyana.fr\/wp-content\/uploads\/2013\/11\/BLOG_A-LOBEY-DE-LAUTOMNE_5bis.jpg?fit=650%2C650&amp;ssl=1\" data-orig-size=\"650,650\" data-comments-opened=\"1\" data-image-meta=\"{&quot;aperture&quot;:&quot;0&quot;,&quot;credit&quot;:&quot;&quot;,&quot;camera&quot;:&quot;&quot;,&quot;caption&quot;:&quot;&quot;,&quot;created_timestamp&quot;:&quot;0&quot;,&quot;copyright&quot;:&quot;&quot;,&quot;focal_length&quot;:&quot;0&quot;,&quot;iso&quot;:&quot;0&quot;,&quot;shutter_speed&quot;:&quot;0&quot;,&quot;title&quot;:&quot;&quot;,&quot;orientation&quot;:&quot;1&quot;}\" data-image-title=\"BLOG_A L&#8217;OBEY DE L&#8217;AUTOMNE_5bis\" data-image-description=\"\" data-image-caption=\"\" data-medium-file=\"https:\/\/i0.wp.com\/joyana.fr\/wp-content\/uploads\/2013\/11\/BLOG_A-LOBEY-DE-LAUTOMNE_5bis.jpg?fit=389%2C389&amp;ssl=1\" data-large-file=\"https:\/\/i0.wp.com\/joyana.fr\/wp-content\/uploads\/2013\/11\/BLOG_A-LOBEY-DE-LAUTOMNE_5bis.jpg?fit=650%2C650&amp;ssl=1\" class=\"alignnone size-full wp-image-6814\" title=\"Deco-Design au Festival de Cannes 2011\" src=\"https:\/\/i0.wp.com\/joyana.fr\/wp-content\/uploads\/CANNES_019.jpg?resize=576%2C384&#038;ssl=1\" alt=\"\" width=\"576\" height=\"384\" \/><\/p>\n<p><img data-recalc-dims=\"1\" loading=\"lazy\" decoding=\"async\" class=\"alignnone size-full wp-image-6810\" title=\"Deco-Design au Festival de Cannes 2011\" src=\"https:\/\/i0.wp.com\/joyana.fr\/wp-content\/uploads\/CANNES_003_AUDI.jpg?resize=576%2C384&#038;ssl=1\" alt=\"\" width=\"576\" height=\"384\" \/><\/p>\n<p><img data-recalc-dims=\"1\" loading=\"lazy\" decoding=\"async\" class=\"alignnone size-full wp-image-6808\" title=\"Deco-Design au Festival de Cannes 2011\" src=\"https:\/\/i0.wp.com\/joyana.fr\/wp-content\/uploads\/CANNES_002_AUDI.jpg?resize=576%2C384&#038;ssl=1\" alt=\"\" width=\"576\" height=\"384\" \/><\/p>\n<p><span style=\"color: #000000;\">.<\/span><\/p>\n<h2 style=\"text-align: center;\">Bateau ARTE<\/h2>\n<p>Le bateau ARTE fut la belle surprise de ce <strong>festival de Cannes 2011<\/strong>, avec une d\u00e9coration \u00e0 th\u00e8me &#8211; autour de l&#8217;angle et du cubisme &#8211; enti\u00e8rement imagin\u00e9e par <strong><a href=\"http:\/\/ad.zanox.com\/ppc\/?12733943C479149178T\">MADE IN DESIGN<\/a><\/strong> qui pr\u00e9sentait<strong> <\/strong>du mobilier sign\u00e9 par Konstantin Grcic, des luminaires Vondom et Serralunga&#8230;<\/p>\n<p><img data-recalc-dims=\"1\" loading=\"lazy\" decoding=\"async\" data-attachment-id=\"6816\" data-permalink=\"https:\/\/joyana.fr\/ja\/a-lobey-de-lautomne\/6810\/blog_a-lobey-de-lautomne_bis\/\" data-orig-file=\"https:\/\/i0.wp.com\/joyana.fr\/wp-content\/uploads\/2013\/11\/BLOG_A-LOBEY-DE-LAUTOMNE_BIS.jpg?fit=650%2C650&amp;ssl=1\" data-orig-size=\"650,650\" data-comments-opened=\"1\" data-image-meta=\"{&quot;aperture&quot;:&quot;0&quot;,&quot;credit&quot;:&quot;&quot;,&quot;camera&quot;:&quot;&quot;,&quot;caption&quot;:&quot;&quot;,&quot;created_timestamp&quot;:&quot;0&quot;,&quot;copyright&quot;:&quot;&quot;,&quot;focal_length&quot;:&quot;0&quot;,&quot;iso&quot;:&quot;0&quot;,&quot;shutter_speed&quot;:&quot;0&quot;,&quot;title&quot;:&quot;&quot;,&quot;orientation&quot;:&quot;1&quot;}\" data-image-title=\"BLOG_A L&#8217;OBEY DE L&#8217;AUTOMNE_BIS\" data-image-description=\"\" data-image-caption=\"\" data-medium-file=\"https:\/\/i0.wp.com\/joyana.fr\/wp-content\/uploads\/2013\/11\/BLOG_A-LOBEY-DE-LAUTOMNE_BIS.jpg?fit=389%2C389&amp;ssl=1\" data-large-file=\"https:\/\/i0.wp.com\/joyana.fr\/wp-content\/uploads\/2013\/11\/BLOG_A-LOBEY-DE-LAUTOMNE_BIS.jpg?fit=650%2C650&amp;ssl=1\" class=\"alignnone size-full wp-image-6816\" title=\"Deco-Design au Festival de Cannes 2011\" src=\"https:\/\/i0.wp.com\/joyana.fr\/wp-content\/uploads\/CANNES_171.jpg?resize=576%2C374&#038;ssl=1\" alt=\"\" width=\"576\" height=\"374\" \/><\/p>\n<p><img data-recalc-dims=\"1\" loading=\"lazy\" decoding=\"async\" data-attachment-id=\"6817\" data-permalink=\"https:\/\/joyana.fr\/ja\/a-lobey-de-lautomne\/6810\/blog_a-lobey-de-lautomne_c\/\" data-orig-file=\"https:\/\/i0.wp.com\/joyana.fr\/wp-content\/uploads\/2013\/11\/BLOG_A-LOBEY-DE-LAUTOMNE_C.jpg?fit=975%2C375&amp;ssl=1\" data-orig-size=\"975,375\" data-comments-opened=\"1\" data-image-meta=\"{&quot;aperture&quot;:&quot;0&quot;,&quot;credit&quot;:&quot;&quot;,&quot;camera&quot;:&quot;&quot;,&quot;caption&quot;:&quot;&quot;,&quot;created_timestamp&quot;:&quot;0&quot;,&quot;copyright&quot;:&quot;&quot;,&quot;focal_length&quot;:&quot;0&quot;,&quot;iso&quot;:&quot;0&quot;,&quot;shutter_speed&quot;:&quot;0&quot;,&quot;title&quot;:&quot;&quot;,&quot;orientation&quot;:&quot;1&quot;}\" data-image-title=\"BLOG_A L&#8217;OBEY DE L&#8217;AUTOMNE_C\" data-image-description=\"\" data-image-caption=\"\" data-medium-file=\"https:\/\/i0.wp.com\/joyana.fr\/wp-content\/uploads\/2013\/11\/BLOG_A-LOBEY-DE-LAUTOMNE_C.jpg?fit=389%2C150&amp;ssl=1\" data-large-file=\"https:\/\/i0.wp.com\/joyana.fr\/wp-content\/uploads\/2013\/11\/BLOG_A-LOBEY-DE-LAUTOMNE_C.jpg?fit=975%2C375&amp;ssl=1\" class=\"alignnone size-full wp-image-6817\" title=\"Deco-Design au Festival de Cannes 2011\" src=\"https:\/\/i0.wp.com\/joyana.fr\/wp-content\/uploads\/CANNES_188.jpg?resize=576%2C715&#038;ssl=1\" alt=\"\" width=\"576\" height=\"715\" \/><\/p>\n<p><img data-recalc-dims=\"1\" loading=\"lazy\" decoding=\"async\" data-attachment-id=\"6807\" data-permalink=\"https:\/\/joyana.fr\/ja\/nike-rosherun-hyp-qs-crimson\/6803\/rosherunhyp-qs-crimson4_1024x1024\/\" data-orig-file=\"https:\/\/i0.wp.com\/joyana.fr\/wp-content\/uploads\/2013\/10\/RosherunHYP.QS_.Crimson4_1024x1024.jpg?fit=1000%2C1000&amp;ssl=1\" data-orig-size=\"1000,1000\" data-comments-opened=\"1\" data-image-meta=\"{&quot;aperture&quot;:&quot;0&quot;,&quot;credit&quot;:&quot;&quot;,&quot;camera&quot;:&quot;&quot;,&quot;caption&quot;:&quot;&quot;,&quot;created_timestamp&quot;:&quot;0&quot;,&quot;copyright&quot;:&quot;&quot;,&quot;focal_length&quot;:&quot;0&quot;,&quot;iso&quot;:&quot;0&quot;,&quot;shutter_speed&quot;:&quot;0&quot;,&quot;title&quot;:&quot;&quot;,&quot;orientation&quot;:&quot;0&quot;}\" data-image-title=\"Rosherun HYP QS Crimson\" data-image-description=\"&lt;p&gt;Rosherun HYP QS Crimson&lt;\/p&gt;\n\" data-image-caption=\"\" data-medium-file=\"https:\/\/i0.wp.com\/joyana.fr\/wp-content\/uploads\/2013\/10\/RosherunHYP.QS_.Crimson4_1024x1024.jpg?fit=389%2C389&amp;ssl=1\" data-large-file=\"https:\/\/i0.wp.com\/joyana.fr\/wp-content\/uploads\/2013\/10\/RosherunHYP.QS_.Crimson4_1024x1024.jpg?fit=1000%2C1000&amp;ssl=1\" class=\"alignnone size-full wp-image-6807\" title=\"Deco-Design au Festival de Cannes 2011\" src=\"https:\/\/i0.wp.com\/joyana.fr\/wp-content\/uploads\/CANNES-191.jpg?resize=576%2C443&#038;ssl=1\" alt=\"\" width=\"576\" height=\"443\" \/><\/p>\n<p><img data-recalc-dims=\"1\" loading=\"lazy\" decoding=\"async\" data-attachment-id=\"6818\" data-permalink=\"https:\/\/joyana.fr\/ja\/a-lobey-de-lautomne\/6810\/blog_a-lobey-de-lautomne_new-balance_bis\/\" data-orig-file=\"https:\/\/i0.wp.com\/joyana.fr\/wp-content\/uploads\/2013\/11\/BLOG_A-LOBEY-DE-LAUTOMNE_NEW-BALANCE_BIS.jpg?fit=650%2C650&amp;ssl=1\" data-orig-size=\"650,650\" data-comments-opened=\"1\" data-image-meta=\"{&quot;aperture&quot;:&quot;0&quot;,&quot;credit&quot;:&quot;&quot;,&quot;camera&quot;:&quot;&quot;,&quot;caption&quot;:&quot;&quot;,&quot;created_timestamp&quot;:&quot;0&quot;,&quot;copyright&quot;:&quot;&quot;,&quot;focal_length&quot;:&quot;0&quot;,&quot;iso&quot;:&quot;0&quot;,&quot;shutter_speed&quot;:&quot;0&quot;,&quot;title&quot;:&quot;&quot;,&quot;orientation&quot;:&quot;1&quot;}\" data-image-title=\"BLOG_A L&#8217;OBEY DE L&#8217;AUTOMNE_NEW BALANCE_BIS\" data-image-description=\"\" data-image-caption=\"\" data-medium-file=\"https:\/\/i0.wp.com\/joyana.fr\/wp-content\/uploads\/2013\/11\/BLOG_A-LOBEY-DE-LAUTOMNE_NEW-BALANCE_BIS.jpg?fit=389%2C389&amp;ssl=1\" data-large-file=\"https:\/\/i0.wp.com\/joyana.fr\/wp-content\/uploads\/2013\/11\/BLOG_A-LOBEY-DE-LAUTOMNE_NEW-BALANCE_BIS.jpg?fit=650%2C650&amp;ssl=1\" class=\"alignnone size-full wp-image-6818\" title=\"Deco-Design au Festival de Cannes 2011\" src=\"https:\/\/i0.wp.com\/joyana.fr\/wp-content\/uploads\/CANNES_197.jpg?resize=576%2C384&#038;ssl=1\" alt=\"\" width=\"576\" height=\"384\" \/><\/p>\n<p>.<\/p>\n<h2 style=\"text-align: center;\">Plage MAJESTIC<\/h2>\n<p>Nous avons pu aussi nous d\u00e9salt\u00e9rer sur la plage de l&#8217;h\u00f4tel Majestic, enti\u00e8rement am\u00e9nag\u00e9e par <strong><a href=\"http:\/\/ad.zanox.com\/ppc\/?12733943C479149178T\">MADE IN DESIGN<\/a><\/strong>&#8230;<\/p>\n<p><img data-recalc-dims=\"1\" loading=\"lazy\" decoding=\"async\" data-attachment-id=\"6815\" data-permalink=\"https:\/\/joyana.fr\/ja\/a-lobey-de-lautomne\/6810\/blog_a-lobey-de-lautomne_6bis\/\" data-orig-file=\"https:\/\/i0.wp.com\/joyana.fr\/wp-content\/uploads\/2013\/11\/BLOG_A-LOBEY-DE-LAUTOMNE_6BIS.jpg?fit=650%2C650&amp;ssl=1\" data-orig-size=\"650,650\" data-comments-opened=\"1\" data-image-meta=\"{&quot;aperture&quot;:&quot;0&quot;,&quot;credit&quot;:&quot;&quot;,&quot;camera&quot;:&quot;&quot;,&quot;caption&quot;:&quot;&quot;,&quot;created_timestamp&quot;:&quot;0&quot;,&quot;copyright&quot;:&quot;&quot;,&quot;focal_length&quot;:&quot;0&quot;,&quot;iso&quot;:&quot;0&quot;,&quot;shutter_speed&quot;:&quot;0&quot;,&quot;title&quot;:&quot;&quot;,&quot;orientation&quot;:&quot;1&quot;}\" data-image-title=\"BLOG_A L&#8217;OBEY DE L&#8217;AUTOMNE_6BIS\" data-image-description=\"\" data-image-caption=\"\" data-medium-file=\"https:\/\/i0.wp.com\/joyana.fr\/wp-content\/uploads\/2013\/11\/BLOG_A-LOBEY-DE-LAUTOMNE_6BIS.jpg?fit=389%2C389&amp;ssl=1\" data-large-file=\"https:\/\/i0.wp.com\/joyana.fr\/wp-content\/uploads\/2013\/11\/BLOG_A-LOBEY-DE-LAUTOMNE_6BIS.jpg?fit=650%2C650&amp;ssl=1\" class=\"alignnone size-full wp-image-6815\" title=\"Deco-Design au Festival de Cannes 2011\" src=\"https:\/\/i0.wp.com\/joyana.fr\/wp-content\/uploads\/CANNES_153.jpg?resize=576%2C384&#038;ssl=1\" alt=\"\" width=\"576\" height=\"384\" \/><\/p>\n<p><span style=\"color: #000000;\">.<\/span><\/p>\n<h2 style=\"text-align: center;\">VONDOM \u00e0 Cannes<\/h2>\n<p><a title=\"VONDOM\" href=\"https:\/\/joyana.fr\/category\/marques\/vondom\/\">VONDOM<\/a> &#8211; un \u00e9diteur qui nous est ch\u00e8r chez Deco-Design &#8211; \u00e9tait pr\u00e9sent \u00e0 plusieurs spots \u00e0 Cannes, notamment sur les plateau TV, o\u00f9 le design du <a title=\"Mobilier vondom\" href=\"http:\/\/www.lepelican.fr\/marques\/vondom.html\">mobilier VONDOM<\/a> n&#8217;a laiss\u00e9 personne indiff\u00e9rent&#8230;<\/p>\n<p><img data-recalc-dims=\"1\" loading=\"lazy\" decoding=\"async\" data-attachment-id=\"6811\" data-permalink=\"https:\/\/joyana.fr\/ja\/a-lobey-de-lautomne\/6810\/blog_a-lobey-de-lautomne_2bis\/\" data-orig-file=\"https:\/\/i0.wp.com\/joyana.fr\/wp-content\/uploads\/2013\/11\/BLOG_A-LOBEY-DE-LAUTOMNE_2BIS.jpg?fit=650%2C650&amp;ssl=1\" data-orig-size=\"650,650\" data-comments-opened=\"1\" data-image-meta=\"{&quot;aperture&quot;:&quot;0&quot;,&quot;credit&quot;:&quot;&quot;,&quot;camera&quot;:&quot;&quot;,&quot;caption&quot;:&quot;&quot;,&quot;created_timestamp&quot;:&quot;0&quot;,&quot;copyright&quot;:&quot;&quot;,&quot;focal_length&quot;:&quot;0&quot;,&quot;iso&quot;:&quot;0&quot;,&quot;shutter_speed&quot;:&quot;0&quot;,&quot;title&quot;:&quot;&quot;,&quot;orientation&quot;:&quot;1&quot;}\" data-image-title=\"BLOG_A L&#8217;OBEY DE L&#8217;AUTOMNE_2BIS\" data-image-description=\"\" data-image-caption=\"\" data-medium-file=\"https:\/\/i0.wp.com\/joyana.fr\/wp-content\/uploads\/2013\/11\/BLOG_A-LOBEY-DE-LAUTOMNE_2BIS.jpg?fit=389%2C389&amp;ssl=1\" data-large-file=\"https:\/\/i0.wp.com\/joyana.fr\/wp-content\/uploads\/2013\/11\/BLOG_A-LOBEY-DE-LAUTOMNE_2BIS.jpg?fit=650%2C650&amp;ssl=1\" class=\"alignnone size-full wp-image-6811\" title=\"Deco-Design au Festival de Cannes 2011\" src=\"https:\/\/i0.wp.com\/joyana.fr\/wp-content\/uploads\/cannes_12_VONDOM.jpg?resize=576%2C351&#038;ssl=1\" alt=\"\" width=\"576\" height=\"351\" \/><\/p>\n<p><img data-recalc-dims=\"1\" loading=\"lazy\" decoding=\"async\" class=\"alignnone size-full wp-image-6809\" title=\"Deco-Design au Festival de Cannes 2011\" src=\"https:\/\/i0.wp.com\/joyana.fr\/wp-content\/uploads\/Cannes_2_VONDOM.jpg?resize=576%2C351&#038;ssl=1\" alt=\"\" width=\"576\" height=\"351\" \/><\/p>\n<p><a title=\"blog deco-design\" href=\"https:\/\/joyana.fr\/\"><strong>Deco-Design<\/strong><\/a> remercie une nouvelle fois tous ses partenaires, qui lui nous ont permis de d\u00e9couvrir ce <strong>Festival de Cannes 2011<\/strong>, et tous ses lieux magiques&#8230;<\/p>\n<p>En savoir + sur <a title=\"FESTIVAL DE CANNES 2011\" href=\"http:\/\/www.festival-cannes.com\/fr.html\"><strong>LE FESTIVAL DE CANNES<\/strong><\/a><\/p>\n","protected":false},"excerpt":{"rendered":"<p>Deco-Design \u00e9tait au Festival de Cannes 2011, o\u00f9 nous avons pu d\u00e9couvrir de sublimes endroits &#8211; Bateau A [&hellip;]<\/p>\n","protected":false},"author":3,"featured_media":106812,"comment_status":"open","ping_status":"open","sticky":false,"template":"","format":"standard","meta":{"_coblocks_attr":"","_coblocks_dimensions":"","_coblocks_responsive_height":"","_coblocks_accordion_ie_support":"","_uag_custom_page_level_css":"","advgb_blocks_editor_width":"","advgb_blocks_columns_visual_guide":"","_genesis_hide_title":false,"_genesis_hide_breadcrumbs":false,"_genesis_hide_singular_image":false,"_genesis_hide_footer_widgets":false,"_genesis_custom_body_class":"","_genesis_custom_post_class":"","_genesis_layout":"","_themeisle_gutenberg_block_has_review":false,"_jetpack_newsletter_access":"","_jetpack_dont_email_post_to_subs":false,"_jetpack_newsletter_tier_id":0,"_jetpack_memberships_contains_paywalled_content":false,"_jetpack_memberships_contains_paid_content":false,"footnotes":""},"categories":[938,905,921,964],"tags":[],"class_list":{"0":"post-106806","1":"post","2":"type-post","3":"status-publish","4":"format-standard","5":"has-post-thumbnail","7":"category-actualite-deco-design","8":"category-deco-design","9":"category-lieux-design","10":"category-vondom","11":"entry"},"featured_image_urls":{"full":["https:\/\/i0.wp.com\/joyana.fr\/wp-content\/uploads\/old\/CANNES_013_AUDI.jpg?fit=576%2C384&ssl=1",576,384,false],"thumbnail":["https:\/\/i0.wp.com\/joyana.fr\/wp-content\/uploads\/old\/CANNES_013_AUDI.jpg?resize=150%2C150&ssl=1",150,150,true],"medium":["https:\/\/i0.wp.com\/joyana.fr\/wp-content\/uploads\/old\/CANNES_013_AUDI.jpg?fit=389%2C259&ssl=1",389,259,true],"medium_large":["https:\/\/i0.wp.com\/joyana.fr\/wp-content\/uploads\/old\/CANNES_013_AUDI.jpg?fit=576%2C384&ssl=1",576,384,true],"large":["https:\/\/i0.wp.com\/joyana.fr\/wp-content\/uploads\/old\/CANNES_013_AUDI.jpg?fit=576%2C384&ssl=1",576,384,true],"1536x1536":["https:\/\/i0.wp.com\/joyana.fr\/wp-content\/uploads\/old\/CANNES_013_AUDI.jpg?fit=576%2C384&ssl=1",576,384,true],"2048x2048":["https:\/\/i0.wp.com\/joyana.fr\/wp-content\/uploads\/old\/CANNES_013_AUDI.jpg?fit=576%2C384&ssl=1",576,384,true],"featured-thumb":["https:\/\/i0.wp.com\/joyana.fr\/wp-content\/uploads\/old\/CANNES_013_AUDI.jpg?resize=576%2C384&ssl=1",576,384,true],"ab-block-post-grid-landscape":["https:\/\/i0.wp.com\/joyana.fr\/wp-content\/uploads\/old\/CANNES_013_AUDI.jpg?resize=576%2C384&ssl=1",576,384,true],"ab-block-post-grid-square":["https:\/\/i0.wp.com\/joyana.fr\/wp-content\/uploads\/old\/CANNES_013_AUDI.jpg?resize=576%2C384&ssl=1",576,384,true],"author-pro-image":["https:\/\/i0.wp.com\/joyana.fr\/wp-content\/uploads\/old\/CANNES_013_AUDI.jpg?resize=360%2C384&ssl=1",360,384,true],"slider":["https:\/\/i0.wp.com\/joyana.fr\/wp-content\/uploads\/old\/CANNES_013_AUDI.jpg?resize=576%2C384&ssl=1",576,384,true],"woocommerce_thumbnail":["https:\/\/i0.wp.com\/joyana.fr\/wp-content\/uploads\/old\/CANNES_013_AUDI.jpg?resize=450%2C384&ssl=1",450,384,true],"woocommerce_single":["https:\/\/i0.wp.com\/joyana.fr\/wp-content\/uploads\/old\/CANNES_013_AUDI.jpg?fit=576%2C384&ssl=1",576,384,true],"woocommerce_gallery_thumbnail":["https:\/\/i0.wp.com\/joyana.fr\/wp-content\/uploads\/old\/CANNES_013_AUDI.jpg?resize=180%2C180&ssl=1",180,180,true],"sow-carousel-default":["https:\/\/i0.wp.com\/joyana.fr\/wp-content\/uploads\/old\/CANNES_013_AUDI.jpg?resize=272%2C182&ssl=1",272,182,true]},"post_excerpt_stackable":"<p>Deco-Design \u00e9tait au Festival de Cannes 2011, o\u00f9 nous avons pu d\u00e9couvrir de sublimes endroits &#038;#8211&hellip;<\/p>\n","category_list":"<a href=\"https:\/\/joyana.fr\/ja\/category\/deco-design\/actualite\/actualite-deco-design\/\" rel=\"category tag\">Actualit\u00e9 D\u00e9co-Design<\/a>, <a href=\"https:\/\/joyana.fr\/ja\/category\/deco-design\/\" rel=\"category tag\">DECO-DESIGN<\/a>, <a href=\"https:\/\/joyana.fr\/ja\/category\/deco-design\/architecture-deco-design\/lieux-design\/\" rel=\"category tag\">Lieux<\/a>, <a href=\"https:\/\/joyana.fr\/ja\/category\/marques\/vondom\/\" rel=\"category tag\">VONDOM<\/a>","author_info":{"display_name":"Jo Yana","author_link":"https:\/\/joyana.fr\/ja\/author\/joyana\/"},"comments_num":"5 comments","featured_image_urls_v2":{"full":["https:\/\/i0.wp.com\/joyana.fr\/wp-content\/uploads\/old\/CANNES_013_AUDI.jpg?fit=576%2C384&ssl=1",576,384,false],"thumbnail":["https:\/\/i0.wp.com\/joyana.fr\/wp-content\/uploads\/old\/CANNES_013_AUDI.jpg?resize=150%2C150&ssl=1",150,150,true],"medium":["https:\/\/i0.wp.com\/joyana.fr\/wp-content\/uploads\/old\/CANNES_013_AUDI.jpg?fit=389%2C259&ssl=1",389,259,true],"medium_large":["https:\/\/i0.wp.com\/joyana.fr\/wp-content\/uploads\/old\/CANNES_013_AUDI.jpg?fit=576%2C384&ssl=1",576,384,true],"large":["https:\/\/i0.wp.com\/joyana.fr\/wp-content\/uploads\/old\/CANNES_013_AUDI.jpg?fit=576%2C384&ssl=1",576,384,true],"1536x1536":["https:\/\/i0.wp.com\/joyana.fr\/wp-content\/uploads\/old\/CANNES_013_AUDI.jpg?fit=576%2C384&ssl=1",576,384,true],"2048x2048":["https:\/\/i0.wp.com\/joyana.fr\/wp-content\/uploads\/old\/CANNES_013_AUDI.jpg?fit=576%2C384&ssl=1",576,384,true],"featured-thumb":["https:\/\/i0.wp.com\/joyana.fr\/wp-content\/uploads\/old\/CANNES_013_AUDI.jpg?resize=576%2C384&ssl=1",576,384,true],"ab-block-post-grid-landscape":["https:\/\/i0.wp.com\/joyana.fr\/wp-content\/uploads\/old\/CANNES_013_AUDI.jpg?resize=576%2C384&ssl=1",576,384,true],"ab-block-post-grid-square":["https:\/\/i0.wp.com\/joyana.fr\/wp-content\/uploads\/old\/CANNES_013_AUDI.jpg?resize=576%2C384&ssl=1",576,384,true],"author-pro-image":["https:\/\/i0.wp.com\/joyana.fr\/wp-content\/uploads\/old\/CANNES_013_AUDI.jpg?resize=360%2C384&ssl=1",360,384,true],"slider":["https:\/\/i0.wp.com\/joyana.fr\/wp-content\/uploads\/old\/CANNES_013_AUDI.jpg?resize=576%2C384&ssl=1",576,384,true],"woocommerce_thumbnail":["https:\/\/i0.wp.com\/joyana.fr\/wp-content\/uploads\/old\/CANNES_013_AUDI.jpg?resize=450%2C384&ssl=1",450,384,true],"woocommerce_single":["https:\/\/i0.wp.com\/joyana.fr\/wp-content\/uploads\/old\/CANNES_013_AUDI.jpg?fit=576%2C384&ssl=1",576,384,true],"woocommerce_gallery_thumbnail":["https:\/\/i0.wp.com\/joyana.fr\/wp-content\/uploads\/old\/CANNES_013_AUDI.jpg?resize=180%2C180&ssl=1",180,180,true],"sow-carousel-default":["https:\/\/i0.wp.com\/joyana.fr\/wp-content\/uploads\/old\/CANNES_013_AUDI.jpg?resize=272%2C182&ssl=1",272,182,true]},"post_excerpt_stackable_v2":"<p>Deco-Design \u00e9tait au Festival de Cannes 2011, o\u00f9 nous avons pu d\u00e9couvrir de sublimes endroits &#038;#8211&hellip;<\/p>\n","category_list_v2":"<a href=\"https:\/\/joyana.fr\/ja\/category\/deco-design\/actualite\/actualite-deco-design\/\" rel=\"category tag\">Actualit\u00e9 D\u00e9co-Design<\/a>, <a href=\"https:\/\/joyana.fr\/ja\/category\/deco-design\/\" rel=\"category tag\">DECO-DESIGN<\/a>, <a href=\"https:\/\/joyana.fr\/ja\/category\/deco-design\/architecture-deco-design\/lieux-design\/\" rel=\"category tag\">Lieux<\/a>, <a href=\"https:\/\/joyana.fr\/ja\/category\/marques\/vondom\/\" rel=\"category tag\">VONDOM<\/a>","author_info_v2":{"name":"Jo Yana","url":"https:\/\/joyana.fr\/ja\/author\/joyana\/"},"comments_num_v2":"5 comments","yoast_head":"<!-- This site is optimized with the Yoast SEO plugin v26.8 - https:\/\/yoast.com\/product\/yoast-seo-wordpress\/ -->\n<title>Deco-Design au Festival de Cannes 2011 - JO YANA<\/title>\n<meta name=\"robots\" content=\"index, follow, max-snippet:-1, max-image-preview:large, max-video-preview:-1\" \/>\n<link rel=\"canonical\" href=\"https:\/\/joyana.fr\/ja\/deco-design-au-festival-de-cannes-2011\/106806\/\" \/>\n<meta property=\"og:locale\" content=\"ja_JP\" \/>\n<meta property=\"og:locale:alternate\" content=\"fr_FR\" \/>\n<meta property=\"og:locale:alternate\" content=\"en_US\" \/>\n<meta property=\"og:type\" content=\"article\" \/>\n<meta property=\"og:title\" content=\"Deco-Design au Festival de Cannes 2011 - JO YANA\" \/>\n<meta property=\"og:description\" content=\"Deco-Design \u00e9tait au Festival de Cannes 2011, o\u00f9 nous avons pu d\u00e9couvrir de sublimes endroits &#8211; Bateau A [&hellip;]\" \/>\n<meta property=\"og:url\" content=\"https:\/\/joyana.fr\/ja\/deco-design-au-festival-de-cannes-2011\/106806\/\" \/>\n<meta property=\"og:site_name\" content=\"JO YANA\" \/>\n<meta property=\"article:published_time\" content=\"2011-05-25T06:42:20+00:00\" \/>\n<meta property=\"og:image\" content=\"https:\/\/joyana.fr\/wp-content\/uploads\/old\/CANNES_013_AUDI.jpg\" \/>\n\t<meta property=\"og:image:width\" content=\"576\" \/>\n\t<meta property=\"og:image:height\" content=\"384\" \/>\n\t<meta property=\"og:image:type\" content=\"image\/jpeg\" \/>\n<meta name=\"author\" content=\"Jo Yana\" \/>\n<meta name=\"twitter:card\" content=\"summary_large_image\" \/>\n<meta name=\"twitter:creator\" content=\"@Jo_Yana\" \/>\n<meta name=\"twitter:site\" content=\"@Jo_Yana\" \/>\n<meta name=\"twitter:label1\" content=\"\u57f7\u7b46\u8005\" \/>\n\t<meta name=\"twitter:data1\" content=\"Jo Yana\" \/>\n\t<meta name=\"twitter:label2\" content=\"\u63a8\u5b9a\u8aad\u307f\u53d6\u308a\u6642\u9593\" \/>\n\t<meta name=\"twitter:data2\" content=\"1\u5206\" \/>\n<script type=\"application\/ld+json\" class=\"yoast-schema-graph\">{\"@context\":\"https:\/\/schema.org\",\"@graph\":[{\"@type\":\"Article\",\"@id\":\"https:\/\/joyana.fr\/en\/deco-design-au-festival-de-cannes-2011\/106806\/#article\",\"isPartOf\":{\"@id\":\"https:\/\/joyana.fr\/en\/deco-design-au-festival-de-cannes-2011\/106806\/\"},\"author\":{\"name\":\"Jo Yana\",\"@id\":\"https:\/\/www.joyana.fr\/ja\/#\/schema\/person\/cf2a1ad12a27c12c21801075bf37407c\"},\"headline\":\"Deco-Design au Festival de Cannes 2011\",\"datePublished\":\"2011-05-25T06:42:20+00:00\",\"mainEntityOfPage\":{\"@id\":\"https:\/\/joyana.fr\/en\/deco-design-au-festival-de-cannes-2011\/106806\/\"},\"wordCount\":240,\"commentCount\":0,\"publisher\":{\"@id\":\"https:\/\/www.joyana.fr\/ja\/#\/schema\/person\/cf2a1ad12a27c12c21801075bf37407c\"},\"image\":{\"@id\":\"https:\/\/joyana.fr\/en\/deco-design-au-festival-de-cannes-2011\/106806\/#primaryimage\"},\"thumbnailUrl\":\"https:\/\/i0.wp.com\/joyana.fr\/wp-content\/uploads\/old\/CANNES_013_AUDI.jpg?fit=576%2C384&ssl=1\",\"articleSection\":[\"Actualit\u00e9 D\u00e9co-Design\",\"DECO-DESIGN\",\"Lieux\",\"VONDOM\"],\"inLanguage\":\"ja\",\"potentialAction\":[{\"@type\":\"CommentAction\",\"name\":\"Comment\",\"target\":[\"https:\/\/joyana.fr\/en\/deco-design-au-festival-de-cannes-2011\/106806\/#respond\"]}]},{\"@type\":\"WebPage\",\"@id\":\"https:\/\/joyana.fr\/en\/deco-design-au-festival-de-cannes-2011\/106806\/\",\"url\":\"https:\/\/joyana.fr\/en\/deco-design-au-festival-de-cannes-2011\/106806\/\",\"name\":\"Deco-Design au Festival de Cannes 2011 - JO YANA\",\"isPartOf\":{\"@id\":\"https:\/\/www.joyana.fr\/ja\/#website\"},\"primaryImageOfPage\":{\"@id\":\"https:\/\/joyana.fr\/en\/deco-design-au-festival-de-cannes-2011\/106806\/#primaryimage\"},\"image\":{\"@id\":\"https:\/\/joyana.fr\/en\/deco-design-au-festival-de-cannes-2011\/106806\/#primaryimage\"},\"thumbnailUrl\":\"https:\/\/i0.wp.com\/joyana.fr\/wp-content\/uploads\/old\/CANNES_013_AUDI.jpg?fit=576%2C384&ssl=1\",\"datePublished\":\"2011-05-25T06:42:20+00:00\",\"breadcrumb\":{\"@id\":\"https:\/\/joyana.fr\/en\/deco-design-au-festival-de-cannes-2011\/106806\/#breadcrumb\"},\"inLanguage\":\"ja\",\"potentialAction\":[{\"@type\":\"ReadAction\",\"target\":[\"https:\/\/joyana.fr\/en\/deco-design-au-festival-de-cannes-2011\/106806\/\"]}]},{\"@type\":\"ImageObject\",\"inLanguage\":\"ja\",\"@id\":\"https:\/\/joyana.fr\/en\/deco-design-au-festival-de-cannes-2011\/106806\/#primaryimage\",\"url\":\"https:\/\/i0.wp.com\/joyana.fr\/wp-content\/uploads\/old\/CANNES_013_AUDI.jpg?fit=576%2C384&ssl=1\",\"contentUrl\":\"https:\/\/i0.wp.com\/joyana.fr\/wp-content\/uploads\/old\/CANNES_013_AUDI.jpg?fit=576%2C384&ssl=1\",\"width\":576,\"height\":384},{\"@type\":\"BreadcrumbList\",\"@id\":\"https:\/\/joyana.fr\/en\/deco-design-au-festival-de-cannes-2011\/106806\/#breadcrumb\",\"itemListElement\":[{\"@type\":\"ListItem\",\"position\":1,\"name\":\"Accueil\",\"item\":\"https:\/\/www.joyana.fr\/ja\/\"},{\"@type\":\"ListItem\",\"position\":2,\"name\":\"Deco-Design au Festival de Cannes 2011\"}]},{\"@type\":\"WebSite\",\"@id\":\"https:\/\/www.joyana.fr\/ja\/#website\",\"url\":\"https:\/\/www.joyana.fr\/ja\/\",\"name\":\"JO YANA\",\"description\":\"Blog Mode Homme, Lifestyle, D\u00e9co-Design\",\"publisher\":{\"@id\":\"https:\/\/www.joyana.fr\/ja\/#\/schema\/person\/cf2a1ad12a27c12c21801075bf37407c\"},\"potentialAction\":[{\"@type\":\"SearchAction\",\"target\":{\"@type\":\"EntryPoint\",\"urlTemplate\":\"https:\/\/www.joyana.fr\/ja\/?s={search_term_string}\"},\"query-input\":{\"@type\":\"PropertyValueSpecification\",\"valueRequired\":true,\"valueName\":\"search_term_string\"}}],\"inLanguage\":\"ja\"},{\"@type\":[\"Person\",\"Organization\"],\"@id\":\"https:\/\/www.joyana.fr\/ja\/#\/schema\/person\/cf2a1ad12a27c12c21801075bf37407c\",\"name\":\"Jo Yana\",\"image\":{\"@type\":\"ImageObject\",\"inLanguage\":\"ja\",\"@id\":\"https:\/\/www.joyana.fr\/ja\/#\/schema\/person\/image\/\",\"url\":\"https:\/\/i0.wp.com\/joyana.fr\/wp-content\/uploads\/2016\/08\/cropped-joyana-logo-black-360x180.png?fit=343%2C164&ssl=1\",\"contentUrl\":\"https:\/\/i0.wp.com\/joyana.fr\/wp-content\/uploads\/2016\/08\/cropped-joyana-logo-black-360x180.png?fit=343%2C164&ssl=1\",\"width\":343,\"height\":164,\"caption\":\"Jo Yana\"},\"logo\":{\"@id\":\"https:\/\/www.joyana.fr\/ja\/#\/schema\/person\/image\/\"},\"description\":\"Jo Yana est le cr\u00e9ateur et r\u00e9dacteur en chef des sites DECO-DESIGN. Passionn\u00e9 de Design, Mode, Photo, Luxe, Lifestyle, Musique, mais avant tout Blogueur ! Le plaisir de partager l'anime et a comme devise \\\"POUR L'AMOUR DU BEAU\\\". Retrouvez le aussi sur son blog personnel - https:\/\/joyana.fr...\",\"sameAs\":[\"https:\/\/joyana.fr\/\"],\"url\":\"https:\/\/joyana.fr\/ja\/author\/joyana\/\"}]}<\/script>\n<!-- \/ Yoast SEO plugin. -->","yoast_head_json":{"title":"Deco-Design au Festival de Cannes 2011 - JO YANA","robots":{"index":"index","follow":"follow","max-snippet":"max-snippet:-1","max-image-preview":"max-image-preview:large","max-video-preview":"max-video-preview:-1"},"canonical":"https:\/\/joyana.fr\/ja\/deco-design-au-festival-de-cannes-2011\/106806\/","og_locale":"ja_JP","og_type":"article","og_title":"Deco-Design au Festival de Cannes 2011 - JO YANA","og_description":"Deco-Design \u00e9tait au Festival de Cannes 2011, o\u00f9 nous avons pu d\u00e9couvrir de sublimes endroits &#8211; Bateau A [&hellip;]","og_url":"https:\/\/joyana.fr\/ja\/deco-design-au-festival-de-cannes-2011\/106806\/","og_site_name":"JO YANA","article_published_time":"2011-05-25T06:42:20+00:00","og_image":[{"width":576,"height":384,"url":"https:\/\/joyana.fr\/wp-content\/uploads\/old\/CANNES_013_AUDI.jpg","type":"image\/jpeg"}],"author":"Jo Yana","twitter_card":"summary_large_image","twitter_creator":"@Jo_Yana","twitter_site":"@Jo_Yana","twitter_misc":{"\u57f7\u7b46\u8005":"Jo Yana","\u63a8\u5b9a\u8aad\u307f\u53d6\u308a\u6642\u9593":"1\u5206"},"schema":{"@context":"https:\/\/schema.org","@graph":[{"@type":"Article","@id":"https:\/\/joyana.fr\/en\/deco-design-au-festival-de-cannes-2011\/106806\/#article","isPartOf":{"@id":"https:\/\/joyana.fr\/en\/deco-design-au-festival-de-cannes-2011\/106806\/"},"author":{"name":"Jo Yana","@id":"https:\/\/www.joyana.fr\/ja\/#\/schema\/person\/cf2a1ad12a27c12c21801075bf37407c"},"headline":"Deco-Design au Festival de Cannes 2011","datePublished":"2011-05-25T06:42:20+00:00","mainEntityOfPage":{"@id":"https:\/\/joyana.fr\/en\/deco-design-au-festival-de-cannes-2011\/106806\/"},"wordCount":240,"commentCount":0,"publisher":{"@id":"https:\/\/www.joyana.fr\/ja\/#\/schema\/person\/cf2a1ad12a27c12c21801075bf37407c"},"image":{"@id":"https:\/\/joyana.fr\/en\/deco-design-au-festival-de-cannes-2011\/106806\/#primaryimage"},"thumbnailUrl":"https:\/\/i0.wp.com\/joyana.fr\/wp-content\/uploads\/old\/CANNES_013_AUDI.jpg?fit=576%2C384&ssl=1","articleSection":["Actualit\u00e9 D\u00e9co-Design","DECO-DESIGN","Lieux","VONDOM"],"inLanguage":"ja","potentialAction":[{"@type":"CommentAction","name":"Comment","target":["https:\/\/joyana.fr\/en\/deco-design-au-festival-de-cannes-2011\/106806\/#respond"]}]},{"@type":"WebPage","@id":"https:\/\/joyana.fr\/en\/deco-design-au-festival-de-cannes-2011\/106806\/","url":"https:\/\/joyana.fr\/en\/deco-design-au-festival-de-cannes-2011\/106806\/","name":"Deco-Design au Festival de Cannes 2011 - JO YANA","isPartOf":{"@id":"https:\/\/www.joyana.fr\/ja\/#website"},"primaryImageOfPage":{"@id":"https:\/\/joyana.fr\/en\/deco-design-au-festival-de-cannes-2011\/106806\/#primaryimage"},"image":{"@id":"https:\/\/joyana.fr\/en\/deco-design-au-festival-de-cannes-2011\/106806\/#primaryimage"},"thumbnailUrl":"https:\/\/i0.wp.com\/joyana.fr\/wp-content\/uploads\/old\/CANNES_013_AUDI.jpg?fit=576%2C384&ssl=1","datePublished":"2011-05-25T06:42:20+00:00","breadcrumb":{"@id":"https:\/\/joyana.fr\/en\/deco-design-au-festival-de-cannes-2011\/106806\/#breadcrumb"},"inLanguage":"ja","potentialAction":[{"@type":"ReadAction","target":["https:\/\/joyana.fr\/en\/deco-design-au-festival-de-cannes-2011\/106806\/"]}]},{"@type":"ImageObject","inLanguage":"ja","@id":"https:\/\/joyana.fr\/en\/deco-design-au-festival-de-cannes-2011\/106806\/#primaryimage","url":"https:\/\/i0.wp.com\/joyana.fr\/wp-content\/uploads\/old\/CANNES_013_AUDI.jpg?fit=576%2C384&ssl=1","contentUrl":"https:\/\/i0.wp.com\/joyana.fr\/wp-content\/uploads\/old\/CANNES_013_AUDI.jpg?fit=576%2C384&ssl=1","width":576,"height":384},{"@type":"BreadcrumbList","@id":"https:\/\/joyana.fr\/en\/deco-design-au-festival-de-cannes-2011\/106806\/#breadcrumb","itemListElement":[{"@type":"ListItem","position":1,"name":"Accueil","item":"https:\/\/www.joyana.fr\/ja\/"},{"@type":"ListItem","position":2,"name":"Deco-Design au Festival de Cannes 2011"}]},{"@type":"WebSite","@id":"https:\/\/www.joyana.fr\/ja\/#website","url":"https:\/\/www.joyana.fr\/ja\/","name":"JO YANA","description":"Blog Mode Homme, Lifestyle, D\u00e9co-Design","publisher":{"@id":"https:\/\/www.joyana.fr\/ja\/#\/schema\/person\/cf2a1ad12a27c12c21801075bf37407c"},"potentialAction":[{"@type":"SearchAction","target":{"@type":"EntryPoint","urlTemplate":"https:\/\/www.joyana.fr\/ja\/?s={search_term_string}"},"query-input":{"@type":"PropertyValueSpecification","valueRequired":true,"valueName":"search_term_string"}}],"inLanguage":"ja"},{"@type":["Person","Organization"],"@id":"https:\/\/www.joyana.fr\/ja\/#\/schema\/person\/cf2a1ad12a27c12c21801075bf37407c","name":"Jo Yana","image":{"@type":"ImageObject","inLanguage":"ja","@id":"https:\/\/www.joyana.fr\/ja\/#\/schema\/person\/image\/","url":"https:\/\/i0.wp.com\/joyana.fr\/wp-content\/uploads\/2016\/08\/cropped-joyana-logo-black-360x180.png?fit=343%2C164&ssl=1","contentUrl":"https:\/\/i0.wp.com\/joyana.fr\/wp-content\/uploads\/2016\/08\/cropped-joyana-logo-black-360x180.png?fit=343%2C164&ssl=1","width":343,"height":164,"caption":"Jo Yana"},"logo":{"@id":"https:\/\/www.joyana.fr\/ja\/#\/schema\/person\/image\/"},"description":"Jo Yana est le cr\u00e9ateur et r\u00e9dacteur en chef des sites DECO-DESIGN. Passionn\u00e9 de Design, Mode, Photo, Luxe, Lifestyle, Musique, mais avant tout Blogueur ! Le plaisir de partager l'anime et a comme devise \"POUR L'AMOUR DU BEAU\". Retrouvez le aussi sur son blog personnel - https:\/\/joyana.fr...","sameAs":["https:\/\/joyana.fr\/"],"url":"https:\/\/joyana.fr\/ja\/author\/joyana\/"}]}},"author_meta":{"display_name":"Jo Yana","author_link":"https:\/\/joyana.fr\/ja\/author\/joyana\/"},"featured_img":"https:\/\/i0.wp.com\/joyana.fr\/wp-content\/uploads\/old\/CANNES_013_AUDI.jpg?fit=389%2C259&ssl=1","featured_image_src":"https:\/\/i0.wp.com\/joyana.fr\/wp-content\/uploads\/old\/CANNES_013_AUDI.jpg?resize=576%2C384&ssl=1","featured_image_src_square":"https:\/\/i0.wp.com\/joyana.fr\/wp-content\/uploads\/old\/CANNES_013_AUDI.jpg?resize=576%2C384&ssl=1","jetpack_featured_media_url":"https:\/\/i0.wp.com\/joyana.fr\/wp-content\/uploads\/old\/CANNES_013_AUDI.jpg?fit=576%2C384&ssl=1","uagb_featured_image_src":{"full":["https:\/\/i0.wp.com\/joyana.fr\/wp-content\/uploads\/old\/CANNES_013_AUDI.jpg?fit=576%2C384&ssl=1",576,384,false],"thumbnail":["https:\/\/i0.wp.com\/joyana.fr\/wp-content\/uploads\/old\/CANNES_013_AUDI.jpg?resize=150%2C150&ssl=1",150,150,true],"medium":["https:\/\/i0.wp.com\/joyana.fr\/wp-content\/uploads\/old\/CANNES_013_AUDI.jpg?fit=389%2C259&ssl=1",389,259,true],"medium_large":["https:\/\/i0.wp.com\/joyana.fr\/wp-content\/uploads\/old\/CANNES_013_AUDI.jpg?fit=576%2C384&ssl=1",576,384,true],"large":["https:\/\/i0.wp.com\/joyana.fr\/wp-content\/uploads\/old\/CANNES_013_AUDI.jpg?fit=576%2C384&ssl=1",576,384,true],"1536x1536":["https:\/\/i0.wp.com\/joyana.fr\/wp-content\/uploads\/old\/CANNES_013_AUDI.jpg?fit=576%2C384&ssl=1",576,384,true],"2048x2048":["https:\/\/i0.wp.com\/joyana.fr\/wp-content\/uploads\/old\/CANNES_013_AUDI.jpg?fit=576%2C384&ssl=1",576,384,true],"featured-thumb":["https:\/\/i0.wp.com\/joyana.fr\/wp-content\/uploads\/old\/CANNES_013_AUDI.jpg?resize=576%2C384&ssl=1",576,384,true],"ab-block-post-grid-landscape":["https:\/\/i0.wp.com\/joyana.fr\/wp-content\/uploads\/old\/CANNES_013_AUDI.jpg?resize=576%2C384&ssl=1",576,384,true],"ab-block-post-grid-square":["https:\/\/i0.wp.com\/joyana.fr\/wp-content\/uploads\/old\/CANNES_013_AUDI.jpg?resize=576%2C384&ssl=1",576,384,true],"author-pro-image":["https:\/\/i0.wp.com\/joyana.fr\/wp-content\/uploads\/old\/CANNES_013_AUDI.jpg?resize=360%2C384&ssl=1",360,384,true],"slider":["https:\/\/i0.wp.com\/joyana.fr\/wp-content\/uploads\/old\/CANNES_013_AUDI.jpg?resize=576%2C384&ssl=1",576,384,true],"woocommerce_thumbnail":["https:\/\/i0.wp.com\/joyana.fr\/wp-content\/uploads\/old\/CANNES_013_AUDI.jpg?resize=450%2C384&ssl=1",450,384,true],"woocommerce_single":["https:\/\/i0.wp.com\/joyana.fr\/wp-content\/uploads\/old\/CANNES_013_AUDI.jpg?fit=576%2C384&ssl=1",576,384,true],"woocommerce_gallery_thumbnail":["https:\/\/i0.wp.com\/joyana.fr\/wp-content\/uploads\/old\/CANNES_013_AUDI.jpg?resize=180%2C180&ssl=1",180,180,true],"sow-carousel-default":["https:\/\/i0.wp.com\/joyana.fr\/wp-content\/uploads\/old\/CANNES_013_AUDI.jpg?resize=272%2C182&ssl=1",272,182,true]},"uagb_author_info":{"display_name":"Jo Yana","author_link":"https:\/\/joyana.fr\/ja\/author\/joyana\/"},"uagb_comment_info":5,"uagb_excerpt":"Deco-Design \u00e9tait au Festival de Cannes 2011, o\u00f9 nous a&hellip;","coauthors":[],"tax_additional":{"categories":{"linked":["<a href=\"https:\/\/joyana.fr\/ja\/category\/deco-design\/actualite\/actualite-deco-design\/\" class=\"advgb-post-tax-term\">Actualit\u00e9 D\u00e9co-Design<\/a>","<a href=\"https:\/\/joyana.fr\/ja\/category\/deco-design\/\" class=\"advgb-post-tax-term\">DECO-DESIGN<\/a>","<a href=\"https:\/\/joyana.fr\/ja\/category\/deco-design\/architecture-deco-design\/lieux-design\/\" class=\"advgb-post-tax-term\">Lieux<\/a>","<a href=\"https:\/\/joyana.fr\/ja\/category\/marques\/vondom\/\" class=\"advgb-post-tax-term\">VONDOM<\/a>"],"unlinked":["<span class=\"advgb-post-tax-term\">Actualit\u00e9 D\u00e9co-Design<\/span>","<span class=\"advgb-post-tax-term\">DECO-DESIGN<\/span>","<span class=\"advgb-post-tax-term\">Lieux<\/span>","<span class=\"advgb-post-tax-term\">VONDOM<\/span>"]}},"comment_count":5,"relative_dates":{"created":"Posted 15\u5e74 ago","modified":"Updated 15\u5e74 ago"},"absolute_dates":{"created":"Posted on 25 5\u6708 2011","modified":"Updated on 25 5\u6708 2011"},"absolute_dates_time":{"created":"Posted on 25 5\u6708 2011 7:42","modified":"Updated on 25 5\u6708 2011 7:42"},"featured_img_caption":"","series_order":"","jetpack_sharing_enabled":true,"jetpack_shortlink":"https:\/\/wp.me\/p9bteI-rMG","jetpack-related-posts":[],"_links":{"self":[{"href":"https:\/\/joyana.fr\/ja\/wp-json\/wp\/v2\/posts\/106806","targetHints":{"allow":["GET"]}}],"collection":[{"href":"https:\/\/joyana.fr\/ja\/wp-json\/wp\/v2\/posts"}],"about":[{"href":"https:\/\/joyana.fr\/ja\/wp-json\/wp\/v2\/types\/post"}],"author":[{"embeddable":true,"href":"https:\/\/joyana.fr\/ja\/wp-json\/wp\/v2\/users\/3"}],"replies":[{"embeddable":true,"href":"https:\/\/joyana.fr\/ja\/wp-json\/wp\/v2\/comments?post=106806"}],"version-history":[{"count":0,"href":"https:\/\/joyana.fr\/ja\/wp-json\/wp\/v2\/posts\/106806\/revisions"}],"wp:featuredmedia":[{"embeddable":true,"href":"https:\/\/joyana.fr\/ja\/wp-json\/wp\/v2\/media\/106812"}],"wp:attachment":[{"href":"https:\/\/joyana.fr\/ja\/wp-json\/wp\/v2\/media?parent=106806"}],"wp:term":[{"taxonomy":"category","embeddable":true,"href":"https:\/\/joyana.fr\/ja\/wp-json\/wp\/v2\/categories?post=106806"},{"taxonomy":"post_tag","embeddable":true,"href":"https:\/\/joyana.fr\/ja\/wp-json\/wp\/v2\/tags?post=106806"}],"curies":[{"name":"wp","href":"https:\/\/api.w.org\/{rel}","templated":true}]}}