{"id":106948,"date":"2011-06-27T05:07:06","date_gmt":"2011-06-27T04:07:06","guid":{"rendered":"https:\/\/joyana.fr\/?p=6948"},"modified":"2011-06-27T05:07:06","modified_gmt":"2011-06-27T04:07:06","slug":"interiors-now-vol-2-taschen-a-gagner","status":"publish","type":"post","link":"https:\/\/joyana.fr\/ja\/interiors-now-vol-2-taschen-a-gagner\/106948\/","title":{"rendered":"INTERIORS NOW! vol.2 by TASCHEN (le gagnant est&#8230;)"},"content":{"rendered":"<p><a title=\"BLOG DECODESIGN\" href=\"https:\/\/joyana.fr\/\">Deco-Design<\/a> a le plaisir de vous offrir un exemplaire du livre <strong>INTERIORS NOW! vol.2<\/strong> de <strong>Taschen<\/strong>. Pour le gagner, rendez-vous dans la suite&#8230;<\/p>\n<p><img data-recalc-dims=\"1\" fetchpriority=\"high\" decoding=\"async\" data-attachment-id=\"6949\" data-permalink=\"https:\/\/joyana.fr\/ja\/boutons-de-manchette-en-bois-d-ebene-h2m\/6942\/boutons-de-manchette-ebene-bois\/\" data-orig-file=\"https:\/\/i0.wp.com\/joyana.fr\/wp-content\/uploads\/2013\/11\/boutons-de-manchette-ebene-bois.jpg?fit=1280%2C1000&amp;ssl=1\" data-orig-size=\"1280,1000\" data-comments-opened=\"1\" data-image-meta=\"{&quot;aperture&quot;:&quot;0&quot;,&quot;credit&quot;:&quot;&quot;,&quot;camera&quot;:&quot;&quot;,&quot;caption&quot;:&quot;&quot;,&quot;created_timestamp&quot;:&quot;0&quot;,&quot;copyright&quot;:&quot;&quot;,&quot;focal_length&quot;:&quot;0&quot;,&quot;iso&quot;:&quot;0&quot;,&quot;shutter_speed&quot;:&quot;0&quot;,&quot;title&quot;:&quot;&quot;,&quot;orientation&quot;:&quot;0&quot;}\" data-image-title=\"boutons-de-manchette-ebene-bois\" data-image-description=\"\" data-image-caption=\"\" data-medium-file=\"https:\/\/i0.wp.com\/joyana.fr\/wp-content\/uploads\/2013\/11\/boutons-de-manchette-ebene-bois.jpg?fit=389%2C304&amp;ssl=1\" data-large-file=\"https:\/\/i0.wp.com\/joyana.fr\/wp-content\/uploads\/2013\/11\/boutons-de-manchette-ebene-bois.jpg?fit=1024%2C800&amp;ssl=1\" class=\"alignnone size-full wp-image-6949\" title=\"INTERIORS NOW! vol.2 (Taschen) \u00e0 Gagner !!! \" src=\"https:\/\/i0.wp.com\/joyana.fr\/wp-content\/uploads\/TASCHEN_LIVRE_INTERIORS_NOW__2.jpg?resize=576%2C719&#038;ssl=1\" alt=\"\" width=\"576\" height=\"719\" \/><\/p>\n<p>Comme nous l&#8217;avions vu avec le <a title=\"INTERIORS NOW! vol.1\" href=\"https:\/\/joyana.fr\/interiors-now-vol1\/3323\/\">Vol.1<\/a>, la collection<strong> INTERIORS NOW!<\/strong> pr\u00e9sente les appartements et maisons les plus originaux, s\u00e9duisants et int\u00e9ressants de notre \u00e9poque. Voici, dans toute la richesse et la diversit\u00e9 de leurs styles, des r\u00e9sidences, des foyers, des refuges et des studios qui vous charmeront et vous \u00e9tonneront, quels que soient vos go\u00fbts&#8230;<\/p>\n<p>Ce <strong>INTERIORS NOW! vol.2<\/strong> r\u00e9unit un int\u00e9rieur berlinois imagin\u00e9 par l\u2019agence d\u2019architecture Craft, un somptueux jardin de toit new-yorkais, une maison d\u00e9mente et toute en courbes \u00e0 Helsinki, un \u00e9l\u00e9gant et tr\u00e8s \u00e9clectique h\u00f4tel particulier \u00e0 Londres, un petit palais turc d\u2019Istanbul, une maison moderne \u00e0 Kuala Lumpur, et le refuge de Matteo Thun \u00e0 Capri&#8230; La r\u00e9daction de <a title=\"BLOG DECO-DESIGN\" href=\"https:\/\/joyana.fr\/\">Deco-Design<\/a> a ador\u00e9 la sublime maison d&#8217;une famille europ\u00e9enne dans le East Hampton \u00e0 New York, l&#8217;\u00e9tonnante maison de Laurence Rigaill et Cyril Jean \u00e0 Avignon, ou encore cette sublime villa d&#8217;un collectionneur d&#8217;art en Normandie (visible ci-dessous)&#8230;<\/p>\n<p><img data-recalc-dims=\"1\" decoding=\"async\" class=\"alignnone size-full wp-image-6950\" title=\"INTERIORS NOW! vol.2 (Taschen) \u00e0 Gagner !!! \" src=\"https:\/\/i0.wp.com\/joyana.fr\/wp-content\/uploads\/TASCHEN_LIVRE_INTERIORS_NOW__2_1.jpg?resize=576%2C432&#038;ssl=1\" alt=\"\" width=\"576\" height=\"432\" \/><\/p>\n<pre style=\"text-align: center;\">House in Barcelona, Catalonia, Spain\n<span style=\"color: #000000;\">.<\/span><\/pre>\n<p><img data-recalc-dims=\"1\" decoding=\"async\" class=\"alignnone size-full wp-image-6951\" title=\"INTERIORS NOW! vol.2 (Taschen) \u00e0 Gagner !!! \" src=\"https:\/\/i0.wp.com\/joyana.fr\/wp-content\/uploads\/TASCHEN_LIVRE_INTERIORS_NOW__2_2.jpg?resize=576%2C420&#038;ssl=1\" alt=\"\" width=\"576\" height=\"420\" \/><\/p>\n<pre style=\"text-align: center;\">Serdar G\u00fclg\u00fcn's housein Istanbul, Turkey\n<span style=\"color: #000000;\">.<\/span><\/pre>\n<p><img data-recalc-dims=\"1\" loading=\"lazy\" decoding=\"async\" class=\"alignnone size-full wp-image-6952\" title=\"INTERIORS NOW! vol.2 (Taschen) \u00e0 Gagner !!! \" src=\"https:\/\/i0.wp.com\/joyana.fr\/wp-content\/uploads\/TASCHEN_LIVRE_INTERIORS_NOW__2_4.jpg?resize=576%2C722&#038;ssl=1\" alt=\"\" width=\"576\" height=\"722\" \/><\/p>\n<p><img data-recalc-dims=\"1\" loading=\"lazy\" decoding=\"async\" data-attachment-id=\"6955\" data-permalink=\"https:\/\/joyana.fr\/ja\/le-peron\/6953\/blog_peron_c\/\" data-orig-file=\"https:\/\/i0.wp.com\/joyana.fr\/wp-content\/uploads\/2013\/11\/BLOG_PERON_C.jpg?fit=975%2C375&amp;ssl=1\" data-orig-size=\"975,375\" data-comments-opened=\"1\" data-image-meta=\"{&quot;aperture&quot;:&quot;0&quot;,&quot;credit&quot;:&quot;&quot;,&quot;camera&quot;:&quot;&quot;,&quot;caption&quot;:&quot;&quot;,&quot;created_timestamp&quot;:&quot;0&quot;,&quot;copyright&quot;:&quot;&quot;,&quot;focal_length&quot;:&quot;0&quot;,&quot;iso&quot;:&quot;0&quot;,&quot;shutter_speed&quot;:&quot;0&quot;,&quot;title&quot;:&quot;&quot;,&quot;orientation&quot;:&quot;1&quot;}\" data-image-title=\"BLOG_PERON_C\" data-image-description=\"\" data-image-caption=\"\" data-medium-file=\"https:\/\/i0.wp.com\/joyana.fr\/wp-content\/uploads\/2013\/11\/BLOG_PERON_C.jpg?fit=389%2C150&amp;ssl=1\" data-large-file=\"https:\/\/i0.wp.com\/joyana.fr\/wp-content\/uploads\/2013\/11\/BLOG_PERON_C.jpg?fit=975%2C375&amp;ssl=1\" class=\"alignnone size-full wp-image-6955\" title=\"INTERIORS NOW! vol.2 (Taschen) \u00e0 Gagner !!! \" src=\"https:\/\/i0.wp.com\/joyana.fr\/wp-content\/uploads\/TASCHEN_LIVRE_INTERIORS_NOW__2_64.jpg?resize=576%2C459&#038;ssl=1\" alt=\"\" width=\"576\" height=\"459\" \/><\/p>\n<pre style=\"text-align: center;\">Art collector's house in Orne, Lower Normandy, France\n<span style=\"color: #000000;\">.<\/span><\/pre>\n<p><img data-recalc-dims=\"1\" loading=\"lazy\" decoding=\"async\" class=\"alignnone size-full wp-image-6953\" title=\"INTERIORS NOW! vol.2 (Taschen) \u00e0 Gagner !!! \" src=\"https:\/\/i0.wp.com\/joyana.fr\/wp-content\/uploads\/TASCHEN_LIVRE_INTERIORS_NOW__2_5.jpg?resize=576%2C384&#038;ssl=1\" alt=\"\" width=\"576\" height=\"384\" \/><\/p>\n<pre style=\"text-align: center;\">Susanne & Matteo Thun's house on Capri, Campania, Italy\n<span style=\"color: #000000;\">.<\/span><\/pre>\n<p><img data-recalc-dims=\"1\" loading=\"lazy\" decoding=\"async\" data-attachment-id=\"6954\" data-permalink=\"https:\/\/joyana.fr\/ja\/le-peron\/6953\/blog_peron_3\/\" data-orig-file=\"https:\/\/i0.wp.com\/joyana.fr\/wp-content\/uploads\/2013\/11\/BLOG_PERON_3.jpg?fit=650%2C650&amp;ssl=1\" data-orig-size=\"650,650\" data-comments-opened=\"1\" data-image-meta=\"{&quot;aperture&quot;:&quot;0&quot;,&quot;credit&quot;:&quot;&quot;,&quot;camera&quot;:&quot;&quot;,&quot;caption&quot;:&quot;&quot;,&quot;created_timestamp&quot;:&quot;0&quot;,&quot;copyright&quot;:&quot;&quot;,&quot;focal_length&quot;:&quot;0&quot;,&quot;iso&quot;:&quot;0&quot;,&quot;shutter_speed&quot;:&quot;0&quot;,&quot;title&quot;:&quot;&quot;,&quot;orientation&quot;:&quot;1&quot;}\" data-image-title=\"BLOG_PERON_3\" data-image-description=\"\" data-image-caption=\"\" data-medium-file=\"https:\/\/i0.wp.com\/joyana.fr\/wp-content\/uploads\/2013\/11\/BLOG_PERON_3.jpg?fit=389%2C389&amp;ssl=1\" data-large-file=\"https:\/\/i0.wp.com\/joyana.fr\/wp-content\/uploads\/2013\/11\/BLOG_PERON_3.jpg?fit=650%2C650&amp;ssl=1\" class=\"alignnone size-full wp-image-6954\" title=\"INTERIORS NOW! vol.2 (Taschen) \u00e0 Gagner !!! \" src=\"https:\/\/i0.wp.com\/joyana.fr\/wp-content\/uploads\/TASCHEN_LIVRE_INTERIORS_NOW__2_6.jpg?resize=576%2C876&#038;ssl=1\" alt=\"\" width=\"576\" height=\"876\" \/><\/p>\n<pre style=\"text-align: center;\">Emma Rochlitzer & Roberto Caciolli's Riad in Marrakech, Morocco\n<span style=\"color: #000000;\">.<\/span><\/pre>\n<p>Pour gagner un exemplaire d&#8217;<strong>INTERIORS NOW! vol.2<\/strong> il faut &#8220;aimer&#8221; le post concernant cet article sur notre <a title=\"DECO DESIGN FACEBOOK\" href=\"http:\/\/www.facebook.com\/pages\/Deco-Design\/117872228260014\">Page Fan Facebook<\/a>, et laissez un commentaire ici pour confirmer votre participation avant le 19 Juin 2011 minuit&#8230;<strong><br \/>\n<\/strong><\/p>\n<p>En savoir <strong>+<\/strong> sur <a title=\"TASCHEN\" href=\"http:\/\/www.taschen.com\/\"><strong>TASCHEN<\/strong><\/a><\/p>\n","protected":false},"excerpt":{"rendered":"<p>Deco-Design a le plaisir de vous offrir un exemplaire du livre INTERIORS NOW! vol.2 de Taschen. Pour le gagner [&hellip;]<\/p>\n","protected":false},"author":3,"featured_media":106956,"comment_status":"open","ping_status":"open","sticky":false,"template":"","format":"standard","meta":{"_coblocks_attr":"","_coblocks_dimensions":"","_coblocks_responsive_height":"","_coblocks_accordion_ie_support":"","_uag_custom_page_level_css":"","advgb_blocks_editor_width":"","advgb_blocks_columns_visual_guide":"","_genesis_hide_title":false,"_genesis_hide_breadcrumbs":false,"_genesis_hide_singular_image":false,"_genesis_hide_footer_widgets":false,"_genesis_custom_body_class":"","_genesis_custom_post_class":"","_genesis_layout":"","_themeisle_gutenberg_block_has_review":false,"_jetpack_newsletter_access":"","_jetpack_dont_email_post_to_subs":false,"_jetpack_newsletter_tier_id":0,"_jetpack_memberships_contains_paywalled_content":false,"_jetpack_memberships_contains_paid_content":false,"footnotes":""},"categories":[938,905,929,937],"tags":[224],"class_list":{"0":"post-106948","1":"post","2":"type-post","3":"status-publish","4":"format-standard","5":"has-post-thumbnail","7":"category-actualite-deco-design","8":"category-deco-design","9":"category-livre-presse","10":"category-taschen","11":"tag-livre","12":"entry"},"featured_image_urls":{"full":["https:\/\/i0.wp.com\/joyana.fr\/wp-content\/uploads\/old\/TASCHEN_LIVRE_INTERIORS_NOW__2_CAROUSSEL.jpg?fit=1170%2C320&ssl=1",1170,320,false],"thumbnail":["https:\/\/i0.wp.com\/joyana.fr\/wp-content\/uploads\/old\/TASCHEN_LIVRE_INTERIORS_NOW__2_CAROUSSEL.jpg?resize=150%2C150&ssl=1",150,150,true],"medium":["https:\/\/i0.wp.com\/joyana.fr\/wp-content\/uploads\/old\/TASCHEN_LIVRE_INTERIORS_NOW__2_CAROUSSEL.jpg?fit=389%2C106&ssl=1",389,106,true],"medium_large":["https:\/\/i0.wp.com\/joyana.fr\/wp-content\/uploads\/old\/TASCHEN_LIVRE_INTERIORS_NOW__2_CAROUSSEL.jpg?fit=768%2C210&ssl=1",768,210,true],"large":["https:\/\/i0.wp.com\/joyana.fr\/wp-content\/uploads\/old\/TASCHEN_LIVRE_INTERIORS_NOW__2_CAROUSSEL.jpg?fit=1024%2C280&ssl=1",1024,280,true],"1536x1536":["https:\/\/i0.wp.com\/joyana.fr\/wp-content\/uploads\/old\/TASCHEN_LIVRE_INTERIORS_NOW__2_CAROUSSEL.jpg?fit=1170%2C320&ssl=1",1170,320,true],"2048x2048":["https:\/\/i0.wp.com\/joyana.fr\/wp-content\/uploads\/old\/TASCHEN_LIVRE_INTERIORS_NOW__2_CAROUSSEL.jpg?fit=1170%2C320&ssl=1",1170,320,true],"featured-thumb":["https:\/\/i0.wp.com\/joyana.fr\/wp-content\/uploads\/old\/TASCHEN_LIVRE_INTERIORS_NOW__2_CAROUSSEL.jpg?resize=1170%2C320&ssl=1",1170,320,true],"ab-block-post-grid-landscape":["https:\/\/i0.wp.com\/joyana.fr\/wp-content\/uploads\/old\/TASCHEN_LIVRE_INTERIORS_NOW__2_CAROUSSEL.jpg?resize=600%2C320&ssl=1",600,320,true],"ab-block-post-grid-square":["https:\/\/i0.wp.com\/joyana.fr\/wp-content\/uploads\/old\/TASCHEN_LIVRE_INTERIORS_NOW__2_CAROUSSEL.jpg?resize=600%2C320&ssl=1",600,320,true],"author-pro-image":["https:\/\/i0.wp.com\/joyana.fr\/wp-content\/uploads\/old\/TASCHEN_LIVRE_INTERIORS_NOW__2_CAROUSSEL.jpg?resize=360%2C320&ssl=1",360,320,true],"slider":["https:\/\/i0.wp.com\/joyana.fr\/wp-content\/uploads\/old\/TASCHEN_LIVRE_INTERIORS_NOW__2_CAROUSSEL.jpg?resize=920%2C320&ssl=1",920,320,true],"woocommerce_thumbnail":["https:\/\/i0.wp.com\/joyana.fr\/wp-content\/uploads\/old\/TASCHEN_LIVRE_INTERIORS_NOW__2_CAROUSSEL.jpg?resize=450%2C320&ssl=1",450,320,true],"woocommerce_single":["https:\/\/i0.wp.com\/joyana.fr\/wp-content\/uploads\/old\/TASCHEN_LIVRE_INTERIORS_NOW__2_CAROUSSEL.jpg?fit=920%2C252&ssl=1",920,252,true],"woocommerce_gallery_thumbnail":["https:\/\/i0.wp.com\/joyana.fr\/wp-content\/uploads\/old\/TASCHEN_LIVRE_INTERIORS_NOW__2_CAROUSSEL.jpg?resize=180%2C180&ssl=1",180,180,true],"sow-carousel-default":["https:\/\/i0.wp.com\/joyana.fr\/wp-content\/uploads\/old\/TASCHEN_LIVRE_INTERIORS_NOW__2_CAROUSSEL.jpg?resize=272%2C182&ssl=1",272,182,true]},"post_excerpt_stackable":"<p>Deco-Design a le plaisir de vous offrir un exemplaire du livre INTERIORS NOW! vol.2 de Taschen. Pour&hellip;<\/p>\n","category_list":"<a href=\"https:\/\/joyana.fr\/ja\/category\/deco-design\/actualite\/actualite-deco-design\/\" rel=\"category tag\">Actualit\u00e9 D\u00e9co-Design<\/a>, <a href=\"https:\/\/joyana.fr\/ja\/category\/deco-design\/\" rel=\"category tag\">DECO-DESIGN<\/a>, <a href=\"https:\/\/joyana.fr\/ja\/category\/deco-design\/actualite\/livre-presse\/\" rel=\"category tag\">Livre &amp; Presse<\/a>, <a href=\"https:\/\/joyana.fr\/ja\/category\/marques\/taschen\/\" rel=\"category tag\">Taschen<\/a>","author_info":{"display_name":"Jo Yana","author_link":"https:\/\/joyana.fr\/ja\/author\/joyana\/"},"comments_num":"226 comments","featured_image_urls_v2":{"full":["https:\/\/i0.wp.com\/joyana.fr\/wp-content\/uploads\/old\/TASCHEN_LIVRE_INTERIORS_NOW__2_CAROUSSEL.jpg?fit=1170%2C320&ssl=1",1170,320,false],"thumbnail":["https:\/\/i0.wp.com\/joyana.fr\/wp-content\/uploads\/old\/TASCHEN_LIVRE_INTERIORS_NOW__2_CAROUSSEL.jpg?resize=150%2C150&ssl=1",150,150,true],"medium":["https:\/\/i0.wp.com\/joyana.fr\/wp-content\/uploads\/old\/TASCHEN_LIVRE_INTERIORS_NOW__2_CAROUSSEL.jpg?fit=389%2C106&ssl=1",389,106,true],"medium_large":["https:\/\/i0.wp.com\/joyana.fr\/wp-content\/uploads\/old\/TASCHEN_LIVRE_INTERIORS_NOW__2_CAROUSSEL.jpg?fit=768%2C210&ssl=1",768,210,true],"large":["https:\/\/i0.wp.com\/joyana.fr\/wp-content\/uploads\/old\/TASCHEN_LIVRE_INTERIORS_NOW__2_CAROUSSEL.jpg?fit=1024%2C280&ssl=1",1024,280,true],"1536x1536":["https:\/\/i0.wp.com\/joyana.fr\/wp-content\/uploads\/old\/TASCHEN_LIVRE_INTERIORS_NOW__2_CAROUSSEL.jpg?fit=1170%2C320&ssl=1",1170,320,true],"2048x2048":["https:\/\/i0.wp.com\/joyana.fr\/wp-content\/uploads\/old\/TASCHEN_LIVRE_INTERIORS_NOW__2_CAROUSSEL.jpg?fit=1170%2C320&ssl=1",1170,320,true],"featured-thumb":["https:\/\/i0.wp.com\/joyana.fr\/wp-content\/uploads\/old\/TASCHEN_LIVRE_INTERIORS_NOW__2_CAROUSSEL.jpg?resize=1170%2C320&ssl=1",1170,320,true],"ab-block-post-grid-landscape":["https:\/\/i0.wp.com\/joyana.fr\/wp-content\/uploads\/old\/TASCHEN_LIVRE_INTERIORS_NOW__2_CAROUSSEL.jpg?resize=600%2C320&ssl=1",600,320,true],"ab-block-post-grid-square":["https:\/\/i0.wp.com\/joyana.fr\/wp-content\/uploads\/old\/TASCHEN_LIVRE_INTERIORS_NOW__2_CAROUSSEL.jpg?resize=600%2C320&ssl=1",600,320,true],"author-pro-image":["https:\/\/i0.wp.com\/joyana.fr\/wp-content\/uploads\/old\/TASCHEN_LIVRE_INTERIORS_NOW__2_CAROUSSEL.jpg?resize=360%2C320&ssl=1",360,320,true],"slider":["https:\/\/i0.wp.com\/joyana.fr\/wp-content\/uploads\/old\/TASCHEN_LIVRE_INTERIORS_NOW__2_CAROUSSEL.jpg?resize=920%2C320&ssl=1",920,320,true],"woocommerce_thumbnail":["https:\/\/i0.wp.com\/joyana.fr\/wp-content\/uploads\/old\/TASCHEN_LIVRE_INTERIORS_NOW__2_CAROUSSEL.jpg?resize=450%2C320&ssl=1",450,320,true],"woocommerce_single":["https:\/\/i0.wp.com\/joyana.fr\/wp-content\/uploads\/old\/TASCHEN_LIVRE_INTERIORS_NOW__2_CAROUSSEL.jpg?fit=920%2C252&ssl=1",920,252,true],"woocommerce_gallery_thumbnail":["https:\/\/i0.wp.com\/joyana.fr\/wp-content\/uploads\/old\/TASCHEN_LIVRE_INTERIORS_NOW__2_CAROUSSEL.jpg?resize=180%2C180&ssl=1",180,180,true],"sow-carousel-default":["https:\/\/i0.wp.com\/joyana.fr\/wp-content\/uploads\/old\/TASCHEN_LIVRE_INTERIORS_NOW__2_CAROUSSEL.jpg?resize=272%2C182&ssl=1",272,182,true]},"post_excerpt_stackable_v2":"<p>Deco-Design a le plaisir de vous offrir un exemplaire du livre INTERIORS NOW! vol.2 de Taschen. Pour&hellip;<\/p>\n","category_list_v2":"<a href=\"https:\/\/joyana.fr\/ja\/category\/deco-design\/actualite\/actualite-deco-design\/\" rel=\"category tag\">Actualit\u00e9 D\u00e9co-Design<\/a>, <a href=\"https:\/\/joyana.fr\/ja\/category\/deco-design\/\" rel=\"category tag\">DECO-DESIGN<\/a>, <a href=\"https:\/\/joyana.fr\/ja\/category\/deco-design\/actualite\/livre-presse\/\" rel=\"category tag\">Livre &amp; Presse<\/a>, <a href=\"https:\/\/joyana.fr\/ja\/category\/marques\/taschen\/\" rel=\"category tag\">Taschen<\/a>","author_info_v2":{"name":"Jo Yana","url":"https:\/\/joyana.fr\/ja\/author\/joyana\/"},"comments_num_v2":"226 comments","yoast_head":"<!-- This site is optimized with the Yoast SEO plugin v26.8 - https:\/\/yoast.com\/product\/yoast-seo-wordpress\/ -->\n<title>INTERIORS NOW! vol.2 by TASCHEN (le gagnant est...) - JO YANA<\/title>\n<meta name=\"robots\" content=\"index, follow, max-snippet:-1, max-image-preview:large, max-video-preview:-1\" \/>\n<link rel=\"canonical\" href=\"https:\/\/joyana.fr\/ja\/interiors-now-vol-2-taschen-a-gagner\/106948\/\" \/>\n<meta property=\"og:locale\" content=\"ja_JP\" \/>\n<meta property=\"og:locale:alternate\" content=\"fr_FR\" \/>\n<meta property=\"og:locale:alternate\" content=\"en_US\" \/>\n<meta property=\"og:type\" content=\"article\" \/>\n<meta property=\"og:title\" content=\"INTERIORS NOW! vol.2 by TASCHEN (le gagnant est...) - JO YANA\" \/>\n<meta property=\"og:description\" content=\"Deco-Design a le plaisir de vous offrir un exemplaire du livre INTERIORS NOW! vol.2 de Taschen. Pour le gagner [&hellip;]\" \/>\n<meta property=\"og:url\" content=\"https:\/\/joyana.fr\/ja\/interiors-now-vol-2-taschen-a-gagner\/106948\/\" \/>\n<meta property=\"og:site_name\" content=\"JO YANA\" \/>\n<meta property=\"article:published_time\" content=\"2011-06-27T04:07:06+00:00\" \/>\n<meta property=\"og:image\" content=\"https:\/\/joyana.fr\/wp-content\/uploads\/old\/TASCHEN_LIVRE_INTERIORS_NOW__2_CAROUSSEL.jpg\" \/>\n\t<meta property=\"og:image:width\" content=\"1170\" \/>\n\t<meta property=\"og:image:height\" content=\"320\" \/>\n\t<meta property=\"og:image:type\" content=\"image\/jpeg\" \/>\n<meta name=\"author\" content=\"Jo Yana\" \/>\n<meta name=\"twitter:card\" content=\"summary_large_image\" \/>\n<meta name=\"twitter:creator\" content=\"@Jo_Yana\" \/>\n<meta name=\"twitter:site\" content=\"@Jo_Yana\" \/>\n<meta name=\"twitter:label1\" content=\"\u57f7\u7b46\u8005\" \/>\n\t<meta name=\"twitter:data1\" content=\"Jo Yana\" \/>\n\t<meta name=\"twitter:label2\" content=\"\u63a8\u5b9a\u8aad\u307f\u53d6\u308a\u6642\u9593\" \/>\n\t<meta name=\"twitter:data2\" content=\"1\u5206\" \/>\n<script type=\"application\/ld+json\" class=\"yoast-schema-graph\">{\"@context\":\"https:\/\/schema.org\",\"@graph\":[{\"@type\":\"Article\",\"@id\":\"https:\/\/joyana.fr\/en\/interiors-now-vol-2-taschen-a-gagner\/106948\/#article\",\"isPartOf\":{\"@id\":\"https:\/\/joyana.fr\/en\/interiors-now-vol-2-taschen-a-gagner\/106948\/\"},\"author\":{\"name\":\"Jo Yana\",\"@id\":\"https:\/\/www.joyana.fr\/ja\/#\/schema\/person\/cf2a1ad12a27c12c21801075bf37407c\"},\"headline\":\"INTERIORS NOW! vol.2 by TASCHEN (le gagnant est&#8230;)\",\"datePublished\":\"2011-06-27T04:07:06+00:00\",\"mainEntityOfPage\":{\"@id\":\"https:\/\/joyana.fr\/en\/interiors-now-vol-2-taschen-a-gagner\/106948\/\"},\"wordCount\":237,\"commentCount\":85,\"publisher\":{\"@id\":\"https:\/\/www.joyana.fr\/ja\/#\/schema\/person\/cf2a1ad12a27c12c21801075bf37407c\"},\"image\":{\"@id\":\"https:\/\/joyana.fr\/en\/interiors-now-vol-2-taschen-a-gagner\/106948\/#primaryimage\"},\"thumbnailUrl\":\"https:\/\/i0.wp.com\/joyana.fr\/wp-content\/uploads\/old\/TASCHEN_LIVRE_INTERIORS_NOW__2_CAROUSSEL.jpg?fit=1170%2C320&ssl=1\",\"keywords\":[\"Livre\"],\"articleSection\":[\"Actualit\u00e9 D\u00e9co-Design\",\"DECO-DESIGN\",\"Livre &amp; Presse\",\"Taschen\"],\"inLanguage\":\"ja\",\"potentialAction\":[{\"@type\":\"CommentAction\",\"name\":\"Comment\",\"target\":[\"https:\/\/joyana.fr\/en\/interiors-now-vol-2-taschen-a-gagner\/106948\/#respond\"]}]},{\"@type\":\"WebPage\",\"@id\":\"https:\/\/joyana.fr\/en\/interiors-now-vol-2-taschen-a-gagner\/106948\/\",\"url\":\"https:\/\/joyana.fr\/en\/interiors-now-vol-2-taschen-a-gagner\/106948\/\",\"name\":\"INTERIORS NOW! vol.2 by TASCHEN (le gagnant est...) - JO YANA\",\"isPartOf\":{\"@id\":\"https:\/\/www.joyana.fr\/ja\/#website\"},\"primaryImageOfPage\":{\"@id\":\"https:\/\/joyana.fr\/en\/interiors-now-vol-2-taschen-a-gagner\/106948\/#primaryimage\"},\"image\":{\"@id\":\"https:\/\/joyana.fr\/en\/interiors-now-vol-2-taschen-a-gagner\/106948\/#primaryimage\"},\"thumbnailUrl\":\"https:\/\/i0.wp.com\/joyana.fr\/wp-content\/uploads\/old\/TASCHEN_LIVRE_INTERIORS_NOW__2_CAROUSSEL.jpg?fit=1170%2C320&ssl=1\",\"datePublished\":\"2011-06-27T04:07:06+00:00\",\"breadcrumb\":{\"@id\":\"https:\/\/joyana.fr\/en\/interiors-now-vol-2-taschen-a-gagner\/106948\/#breadcrumb\"},\"inLanguage\":\"ja\",\"potentialAction\":[{\"@type\":\"ReadAction\",\"target\":[\"https:\/\/joyana.fr\/en\/interiors-now-vol-2-taschen-a-gagner\/106948\/\"]}]},{\"@type\":\"ImageObject\",\"inLanguage\":\"ja\",\"@id\":\"https:\/\/joyana.fr\/en\/interiors-now-vol-2-taschen-a-gagner\/106948\/#primaryimage\",\"url\":\"https:\/\/i0.wp.com\/joyana.fr\/wp-content\/uploads\/old\/TASCHEN_LIVRE_INTERIORS_NOW__2_CAROUSSEL.jpg?fit=1170%2C320&ssl=1\",\"contentUrl\":\"https:\/\/i0.wp.com\/joyana.fr\/wp-content\/uploads\/old\/TASCHEN_LIVRE_INTERIORS_NOW__2_CAROUSSEL.jpg?fit=1170%2C320&ssl=1\",\"width\":1170,\"height\":320},{\"@type\":\"BreadcrumbList\",\"@id\":\"https:\/\/joyana.fr\/en\/interiors-now-vol-2-taschen-a-gagner\/106948\/#breadcrumb\",\"itemListElement\":[{\"@type\":\"ListItem\",\"position\":1,\"name\":\"Accueil\",\"item\":\"https:\/\/www.joyana.fr\/ja\/\"},{\"@type\":\"ListItem\",\"position\":2,\"name\":\"INTERIORS NOW! vol.2 by TASCHEN (le gagnant est&#8230;)\"}]},{\"@type\":\"WebSite\",\"@id\":\"https:\/\/www.joyana.fr\/ja\/#website\",\"url\":\"https:\/\/www.joyana.fr\/ja\/\",\"name\":\"JO YANA\",\"description\":\"Blog Mode Homme, Lifestyle, D\u00e9co-Design\",\"publisher\":{\"@id\":\"https:\/\/www.joyana.fr\/ja\/#\/schema\/person\/cf2a1ad12a27c12c21801075bf37407c\"},\"potentialAction\":[{\"@type\":\"SearchAction\",\"target\":{\"@type\":\"EntryPoint\",\"urlTemplate\":\"https:\/\/www.joyana.fr\/ja\/?s={search_term_string}\"},\"query-input\":{\"@type\":\"PropertyValueSpecification\",\"valueRequired\":true,\"valueName\":\"search_term_string\"}}],\"inLanguage\":\"ja\"},{\"@type\":[\"Person\",\"Organization\"],\"@id\":\"https:\/\/www.joyana.fr\/ja\/#\/schema\/person\/cf2a1ad12a27c12c21801075bf37407c\",\"name\":\"Jo Yana\",\"image\":{\"@type\":\"ImageObject\",\"inLanguage\":\"ja\",\"@id\":\"https:\/\/www.joyana.fr\/ja\/#\/schema\/person\/image\/\",\"url\":\"https:\/\/i0.wp.com\/joyana.fr\/wp-content\/uploads\/2016\/08\/cropped-joyana-logo-black-360x180.png?fit=343%2C164&ssl=1\",\"contentUrl\":\"https:\/\/i0.wp.com\/joyana.fr\/wp-content\/uploads\/2016\/08\/cropped-joyana-logo-black-360x180.png?fit=343%2C164&ssl=1\",\"width\":343,\"height\":164,\"caption\":\"Jo Yana\"},\"logo\":{\"@id\":\"https:\/\/www.joyana.fr\/ja\/#\/schema\/person\/image\/\"},\"description\":\"Jo Yana est le cr\u00e9ateur et r\u00e9dacteur en chef des sites DECO-DESIGN. Passionn\u00e9 de Design, Mode, Photo, Luxe, Lifestyle, Musique, mais avant tout Blogueur ! Le plaisir de partager l'anime et a comme devise \\\"POUR L'AMOUR DU BEAU\\\". Retrouvez le aussi sur son blog personnel - https:\/\/joyana.fr...\",\"sameAs\":[\"https:\/\/joyana.fr\/\"],\"url\":\"https:\/\/joyana.fr\/ja\/author\/joyana\/\"}]}<\/script>\n<!-- \/ Yoast SEO plugin. -->","yoast_head_json":{"title":"INTERIORS NOW! vol.2 by TASCHEN (le gagnant est...) - JO YANA","robots":{"index":"index","follow":"follow","max-snippet":"max-snippet:-1","max-image-preview":"max-image-preview:large","max-video-preview":"max-video-preview:-1"},"canonical":"https:\/\/joyana.fr\/ja\/interiors-now-vol-2-taschen-a-gagner\/106948\/","og_locale":"ja_JP","og_type":"article","og_title":"INTERIORS NOW! vol.2 by TASCHEN (le gagnant est...) - JO YANA","og_description":"Deco-Design a le plaisir de vous offrir un exemplaire du livre INTERIORS NOW! vol.2 de Taschen. Pour le gagner [&hellip;]","og_url":"https:\/\/joyana.fr\/ja\/interiors-now-vol-2-taschen-a-gagner\/106948\/","og_site_name":"JO YANA","article_published_time":"2011-06-27T04:07:06+00:00","og_image":[{"width":1170,"height":320,"url":"https:\/\/joyana.fr\/wp-content\/uploads\/old\/TASCHEN_LIVRE_INTERIORS_NOW__2_CAROUSSEL.jpg","type":"image\/jpeg"}],"author":"Jo Yana","twitter_card":"summary_large_image","twitter_creator":"@Jo_Yana","twitter_site":"@Jo_Yana","twitter_misc":{"\u57f7\u7b46\u8005":"Jo Yana","\u63a8\u5b9a\u8aad\u307f\u53d6\u308a\u6642\u9593":"1\u5206"},"schema":{"@context":"https:\/\/schema.org","@graph":[{"@type":"Article","@id":"https:\/\/joyana.fr\/en\/interiors-now-vol-2-taschen-a-gagner\/106948\/#article","isPartOf":{"@id":"https:\/\/joyana.fr\/en\/interiors-now-vol-2-taschen-a-gagner\/106948\/"},"author":{"name":"Jo Yana","@id":"https:\/\/www.joyana.fr\/ja\/#\/schema\/person\/cf2a1ad12a27c12c21801075bf37407c"},"headline":"INTERIORS NOW! vol.2 by TASCHEN (le gagnant est&#8230;)","datePublished":"2011-06-27T04:07:06+00:00","mainEntityOfPage":{"@id":"https:\/\/joyana.fr\/en\/interiors-now-vol-2-taschen-a-gagner\/106948\/"},"wordCount":237,"commentCount":85,"publisher":{"@id":"https:\/\/www.joyana.fr\/ja\/#\/schema\/person\/cf2a1ad12a27c12c21801075bf37407c"},"image":{"@id":"https:\/\/joyana.fr\/en\/interiors-now-vol-2-taschen-a-gagner\/106948\/#primaryimage"},"thumbnailUrl":"https:\/\/i0.wp.com\/joyana.fr\/wp-content\/uploads\/old\/TASCHEN_LIVRE_INTERIORS_NOW__2_CAROUSSEL.jpg?fit=1170%2C320&ssl=1","keywords":["Livre"],"articleSection":["Actualit\u00e9 D\u00e9co-Design","DECO-DESIGN","Livre &amp; Presse","Taschen"],"inLanguage":"ja","potentialAction":[{"@type":"CommentAction","name":"Comment","target":["https:\/\/joyana.fr\/en\/interiors-now-vol-2-taschen-a-gagner\/106948\/#respond"]}]},{"@type":"WebPage","@id":"https:\/\/joyana.fr\/en\/interiors-now-vol-2-taschen-a-gagner\/106948\/","url":"https:\/\/joyana.fr\/en\/interiors-now-vol-2-taschen-a-gagner\/106948\/","name":"INTERIORS NOW! vol.2 by TASCHEN (le gagnant est...) - JO YANA","isPartOf":{"@id":"https:\/\/www.joyana.fr\/ja\/#website"},"primaryImageOfPage":{"@id":"https:\/\/joyana.fr\/en\/interiors-now-vol-2-taschen-a-gagner\/106948\/#primaryimage"},"image":{"@id":"https:\/\/joyana.fr\/en\/interiors-now-vol-2-taschen-a-gagner\/106948\/#primaryimage"},"thumbnailUrl":"https:\/\/i0.wp.com\/joyana.fr\/wp-content\/uploads\/old\/TASCHEN_LIVRE_INTERIORS_NOW__2_CAROUSSEL.jpg?fit=1170%2C320&ssl=1","datePublished":"2011-06-27T04:07:06+00:00","breadcrumb":{"@id":"https:\/\/joyana.fr\/en\/interiors-now-vol-2-taschen-a-gagner\/106948\/#breadcrumb"},"inLanguage":"ja","potentialAction":[{"@type":"ReadAction","target":["https:\/\/joyana.fr\/en\/interiors-now-vol-2-taschen-a-gagner\/106948\/"]}]},{"@type":"ImageObject","inLanguage":"ja","@id":"https:\/\/joyana.fr\/en\/interiors-now-vol-2-taschen-a-gagner\/106948\/#primaryimage","url":"https:\/\/i0.wp.com\/joyana.fr\/wp-content\/uploads\/old\/TASCHEN_LIVRE_INTERIORS_NOW__2_CAROUSSEL.jpg?fit=1170%2C320&ssl=1","contentUrl":"https:\/\/i0.wp.com\/joyana.fr\/wp-content\/uploads\/old\/TASCHEN_LIVRE_INTERIORS_NOW__2_CAROUSSEL.jpg?fit=1170%2C320&ssl=1","width":1170,"height":320},{"@type":"BreadcrumbList","@id":"https:\/\/joyana.fr\/en\/interiors-now-vol-2-taschen-a-gagner\/106948\/#breadcrumb","itemListElement":[{"@type":"ListItem","position":1,"name":"Accueil","item":"https:\/\/www.joyana.fr\/ja\/"},{"@type":"ListItem","position":2,"name":"INTERIORS NOW! vol.2 by TASCHEN (le gagnant est&#8230;)"}]},{"@type":"WebSite","@id":"https:\/\/www.joyana.fr\/ja\/#website","url":"https:\/\/www.joyana.fr\/ja\/","name":"JO YANA","description":"Blog Mode Homme, Lifestyle, D\u00e9co-Design","publisher":{"@id":"https:\/\/www.joyana.fr\/ja\/#\/schema\/person\/cf2a1ad12a27c12c21801075bf37407c"},"potentialAction":[{"@type":"SearchAction","target":{"@type":"EntryPoint","urlTemplate":"https:\/\/www.joyana.fr\/ja\/?s={search_term_string}"},"query-input":{"@type":"PropertyValueSpecification","valueRequired":true,"valueName":"search_term_string"}}],"inLanguage":"ja"},{"@type":["Person","Organization"],"@id":"https:\/\/www.joyana.fr\/ja\/#\/schema\/person\/cf2a1ad12a27c12c21801075bf37407c","name":"Jo Yana","image":{"@type":"ImageObject","inLanguage":"ja","@id":"https:\/\/www.joyana.fr\/ja\/#\/schema\/person\/image\/","url":"https:\/\/i0.wp.com\/joyana.fr\/wp-content\/uploads\/2016\/08\/cropped-joyana-logo-black-360x180.png?fit=343%2C164&ssl=1","contentUrl":"https:\/\/i0.wp.com\/joyana.fr\/wp-content\/uploads\/2016\/08\/cropped-joyana-logo-black-360x180.png?fit=343%2C164&ssl=1","width":343,"height":164,"caption":"Jo Yana"},"logo":{"@id":"https:\/\/www.joyana.fr\/ja\/#\/schema\/person\/image\/"},"description":"Jo Yana est le cr\u00e9ateur et r\u00e9dacteur en chef des sites DECO-DESIGN. Passionn\u00e9 de Design, Mode, Photo, Luxe, Lifestyle, Musique, mais avant tout Blogueur ! Le plaisir de partager l'anime et a comme devise \"POUR L'AMOUR DU BEAU\". Retrouvez le aussi sur son blog personnel - https:\/\/joyana.fr...","sameAs":["https:\/\/joyana.fr\/"],"url":"https:\/\/joyana.fr\/ja\/author\/joyana\/"}]}},"author_meta":{"display_name":"Jo Yana","author_link":"https:\/\/joyana.fr\/ja\/author\/joyana\/"},"featured_img":"https:\/\/i0.wp.com\/joyana.fr\/wp-content\/uploads\/old\/TASCHEN_LIVRE_INTERIORS_NOW__2_CAROUSSEL.jpg?fit=389%2C106&ssl=1","featured_image_src":"https:\/\/i0.wp.com\/joyana.fr\/wp-content\/uploads\/old\/TASCHEN_LIVRE_INTERIORS_NOW__2_CAROUSSEL.jpg?resize=600%2C320&ssl=1","featured_image_src_square":"https:\/\/i0.wp.com\/joyana.fr\/wp-content\/uploads\/old\/TASCHEN_LIVRE_INTERIORS_NOW__2_CAROUSSEL.jpg?resize=600%2C320&ssl=1","jetpack_featured_media_url":"https:\/\/i0.wp.com\/joyana.fr\/wp-content\/uploads\/old\/TASCHEN_LIVRE_INTERIORS_NOW__2_CAROUSSEL.jpg?fit=1170%2C320&ssl=1","uagb_featured_image_src":{"full":["https:\/\/i0.wp.com\/joyana.fr\/wp-content\/uploads\/old\/TASCHEN_LIVRE_INTERIORS_NOW__2_CAROUSSEL.jpg?fit=1170%2C320&ssl=1",1170,320,false],"thumbnail":["https:\/\/i0.wp.com\/joyana.fr\/wp-content\/uploads\/old\/TASCHEN_LIVRE_INTERIORS_NOW__2_CAROUSSEL.jpg?resize=150%2C150&ssl=1",150,150,true],"medium":["https:\/\/i0.wp.com\/joyana.fr\/wp-content\/uploads\/old\/TASCHEN_LIVRE_INTERIORS_NOW__2_CAROUSSEL.jpg?fit=389%2C106&ssl=1",389,106,true],"medium_large":["https:\/\/i0.wp.com\/joyana.fr\/wp-content\/uploads\/old\/TASCHEN_LIVRE_INTERIORS_NOW__2_CAROUSSEL.jpg?fit=768%2C210&ssl=1",768,210,true],"large":["https:\/\/i0.wp.com\/joyana.fr\/wp-content\/uploads\/old\/TASCHEN_LIVRE_INTERIORS_NOW__2_CAROUSSEL.jpg?fit=1024%2C280&ssl=1",1024,280,true],"1536x1536":["https:\/\/i0.wp.com\/joyana.fr\/wp-content\/uploads\/old\/TASCHEN_LIVRE_INTERIORS_NOW__2_CAROUSSEL.jpg?fit=1170%2C320&ssl=1",1170,320,true],"2048x2048":["https:\/\/i0.wp.com\/joyana.fr\/wp-content\/uploads\/old\/TASCHEN_LIVRE_INTERIORS_NOW__2_CAROUSSEL.jpg?fit=1170%2C320&ssl=1",1170,320,true],"featured-thumb":["https:\/\/i0.wp.com\/joyana.fr\/wp-content\/uploads\/old\/TASCHEN_LIVRE_INTERIORS_NOW__2_CAROUSSEL.jpg?resize=1170%2C320&ssl=1",1170,320,true],"ab-block-post-grid-landscape":["https:\/\/i0.wp.com\/joyana.fr\/wp-content\/uploads\/old\/TASCHEN_LIVRE_INTERIORS_NOW__2_CAROUSSEL.jpg?resize=600%2C320&ssl=1",600,320,true],"ab-block-post-grid-square":["https:\/\/i0.wp.com\/joyana.fr\/wp-content\/uploads\/old\/TASCHEN_LIVRE_INTERIORS_NOW__2_CAROUSSEL.jpg?resize=600%2C320&ssl=1",600,320,true],"author-pro-image":["https:\/\/i0.wp.com\/joyana.fr\/wp-content\/uploads\/old\/TASCHEN_LIVRE_INTERIORS_NOW__2_CAROUSSEL.jpg?resize=360%2C320&ssl=1",360,320,true],"slider":["https:\/\/i0.wp.com\/joyana.fr\/wp-content\/uploads\/old\/TASCHEN_LIVRE_INTERIORS_NOW__2_CAROUSSEL.jpg?resize=920%2C320&ssl=1",920,320,true],"woocommerce_thumbnail":["https:\/\/i0.wp.com\/joyana.fr\/wp-content\/uploads\/old\/TASCHEN_LIVRE_INTERIORS_NOW__2_CAROUSSEL.jpg?resize=450%2C320&ssl=1",450,320,true],"woocommerce_single":["https:\/\/i0.wp.com\/joyana.fr\/wp-content\/uploads\/old\/TASCHEN_LIVRE_INTERIORS_NOW__2_CAROUSSEL.jpg?fit=920%2C252&ssl=1",920,252,true],"woocommerce_gallery_thumbnail":["https:\/\/i0.wp.com\/joyana.fr\/wp-content\/uploads\/old\/TASCHEN_LIVRE_INTERIORS_NOW__2_CAROUSSEL.jpg?resize=180%2C180&ssl=1",180,180,true],"sow-carousel-default":["https:\/\/i0.wp.com\/joyana.fr\/wp-content\/uploads\/old\/TASCHEN_LIVRE_INTERIORS_NOW__2_CAROUSSEL.jpg?resize=272%2C182&ssl=1",272,182,true]},"uagb_author_info":{"display_name":"Jo Yana","author_link":"https:\/\/joyana.fr\/ja\/author\/joyana\/"},"uagb_comment_info":236,"uagb_excerpt":"Deco-Design a le plaisir de vous offrir un exemplaire d&hellip;","coauthors":[],"tax_additional":{"categories":{"linked":["<a href=\"https:\/\/joyana.fr\/ja\/category\/deco-design\/actualite\/actualite-deco-design\/\" class=\"advgb-post-tax-term\">Actualit\u00e9 D\u00e9co-Design<\/a>","<a href=\"https:\/\/joyana.fr\/ja\/category\/deco-design\/\" class=\"advgb-post-tax-term\">DECO-DESIGN<\/a>","<a href=\"https:\/\/joyana.fr\/ja\/category\/deco-design\/actualite\/livre-presse\/\" class=\"advgb-post-tax-term\">Livre &amp; Presse<\/a>","<a href=\"https:\/\/joyana.fr\/ja\/category\/marques\/taschen\/\" class=\"advgb-post-tax-term\">Taschen<\/a>"],"unlinked":["<span class=\"advgb-post-tax-term\">Actualit\u00e9 D\u00e9co-Design<\/span>","<span class=\"advgb-post-tax-term\">DECO-DESIGN<\/span>","<span class=\"advgb-post-tax-term\">Livre &amp; Presse<\/span>","<span class=\"advgb-post-tax-term\">Taschen<\/span>"]},"tags":{"linked":["<a href=\"https:\/\/joyana.fr\/ja\/category\/marques\/taschen\/\" class=\"advgb-post-tax-term\">Livre<\/a>"],"unlinked":["<span class=\"advgb-post-tax-term\">Livre<\/span>"]}},"comment_count":226,"relative_dates":{"created":"Posted 15\u5e74 ago","modified":"Updated 15\u5e74 ago"},"absolute_dates":{"created":"Posted on 27 6\u6708 2011","modified":"Updated on 27 6\u6708 2011"},"absolute_dates_time":{"created":"Posted on 27 6\u6708 2011 5:07","modified":"Updated on 27 6\u6708 2011 5:07"},"featured_img_caption":"","series_order":"","jetpack_sharing_enabled":true,"jetpack_shortlink":"https:\/\/wp.me\/p9bteI-rOY","jetpack-related-posts":[],"_links":{"self":[{"href":"https:\/\/joyana.fr\/ja\/wp-json\/wp\/v2\/posts\/106948","targetHints":{"allow":["GET"]}}],"collection":[{"href":"https:\/\/joyana.fr\/ja\/wp-json\/wp\/v2\/posts"}],"about":[{"href":"https:\/\/joyana.fr\/ja\/wp-json\/wp\/v2\/types\/post"}],"author":[{"embeddable":true,"href":"https:\/\/joyana.fr\/ja\/wp-json\/wp\/v2\/users\/3"}],"replies":[{"embeddable":true,"href":"https:\/\/joyana.fr\/ja\/wp-json\/wp\/v2\/comments?post=106948"}],"version-history":[{"count":0,"href":"https:\/\/joyana.fr\/ja\/wp-json\/wp\/v2\/posts\/106948\/revisions"}],"wp:featuredmedia":[{"embeddable":true,"href":"https:\/\/joyana.fr\/ja\/wp-json\/wp\/v2\/media\/106956"}],"wp:attachment":[{"href":"https:\/\/joyana.fr\/ja\/wp-json\/wp\/v2\/media?parent=106948"}],"wp:term":[{"taxonomy":"category","embeddable":true,"href":"https:\/\/joyana.fr\/ja\/wp-json\/wp\/v2\/categories?post=106948"},{"taxonomy":"post_tag","embeddable":true,"href":"https:\/\/joyana.fr\/ja\/wp-json\/wp\/v2\/tags?post=106948"}],"curies":[{"name":"wp","href":"https:\/\/api.w.org\/{rel}","templated":true}]}}