{"id":106994,"date":"2011-06-17T06:27:46","date_gmt":"2011-06-17T05:27:46","guid":{"rendered":"https:\/\/joyana.fr\/?p=6994"},"modified":"2011-06-17T06:27:46","modified_gmt":"2011-06-17T05:27:46","slug":"paris-designers-days-2011-conversations","status":"publish","type":"post","link":"https:\/\/joyana.fr\/ja\/paris-designers-days-2011-conversations\/106994\/","title":{"rendered":"DESIGNER&#8217;S DAYS 2011 &#8211; CONVERSATIONS"},"content":{"rendered":"<p><a title=\"BLOG DECO-DESIGN\" href=\"https:\/\/joyana.fr\/\">Deco-Design<\/a> fait ses valises pour un week-end parisien !!! Au programme d\u00e9couverte des <strong>Designer&#8217;s Days 2011<\/strong>, et comme chaque ann\u00e9e, le parcours r\u00e9serve \u00e0 son public de nombreuses surprises&#8230; L\u2019\u00e9dition <strong>2011<\/strong> de <strong>Designer\u2019s Days<\/strong>, propose &#8220;<strong>CONVERSATIONS<\/strong>&#8221; comme fil rouge de son parcours, et invitera \u00e0 visiter la mise en forme de dialogues interdisciplinaires, multiculturels, ou transg\u00e9n\u00e9rationnels&#8230;<\/p>\n<p><img data-recalc-dims=\"1\" fetchpriority=\"high\" decoding=\"async\" class=\"alignnone size-full wp-image-6995\" title=\"DESIGNER'S DAYS 2011 : CONVERSATIONS\" src=\"https:\/\/i0.wp.com\/joyana.fr\/wp-content\/uploads\/DESIGNERS-DAYS-2011-CONVERSATIONS.jpg?resize=576%2C359&#038;ssl=1\" alt=\"\" width=\"576\" height=\"359\" \/><\/p>\n<p>De notre cot\u00e9 notre programme des <strong>Designer&#8217;s Days 2011<\/strong> nous fera visiter les showrooms Baccarat, Cappellini, Cassina, Kartell, Molteni&#038;C, Artuce, Made in Design, Pleyel, Deco Design Lea Ceramiche ; apr\u00e8s nous vaquerons d&#8217;expo en expo \u00e0 Merci, VIA, l&#8217;institut su\u00e9dois et polonais&#8230; Et bien d&#8217;autres surprises \u00e0 venir&#8230;<\/p>\n<p>N&#8217;h\u00e9sitez pas \u00e0 nous suivre en live tout le week-end, \u00e0 travers notre <strong><a title=\"DECO DESIGN FACEBOOK\" href=\"http:\/\/www.facebook.com\/pages\/Deco-Design\/117872228260014\"><span style=\"color: #3366ff;\">PAGE FAN<\/span><\/a><\/strong> ou notre <strong><a title=\"DECO DESIGN TWITTER\" href=\"http:\/\/twitter.com\/#!\/JOYANA_FR\"><span style=\"color: #00ffff;\">TWITTER<\/span><\/a><\/strong> Deco-Design&#8230;<\/p>\n<p><img data-recalc-dims=\"1\" decoding=\"async\" class=\"alignnone size-full wp-image-7000\" title=\"DESIGNER'S DAYS 2011 : CONVERSATIONS PARCOURS\" src=\"https:\/\/i0.wp.com\/joyana.fr\/wp-content\/uploads\/DESIGNERS-DAYS-2011_PARCOURS_2.jpg?resize=576%2C610&#038;ssl=1\" alt=\"\" width=\"576\" height=\"610\" \/><\/p>\n<p><img data-recalc-dims=\"1\" decoding=\"async\" class=\"alignnone size-full wp-image-6996\" title=\"DESIGNER'S DAYS 2011 : CONVERSATIONS\" src=\"https:\/\/i0.wp.com\/joyana.fr\/wp-content\/uploads\/DESIGNERS-DAYS-2011_lines_102.jpg?resize=576%2C768&#038;ssl=1\" alt=\"\" width=\"576\" height=\"768\" \/><\/p>\n<pre style=\"text-align: center;\">\u201cConversation en pointill\u00e9s\u201d by Patrick Norguet\nDeco Design \/ Lea Ceramiche\n<span style=\"color: #000000;\">.<\/span><\/pre>\n<p><img data-recalc-dims=\"1\" loading=\"lazy\" decoding=\"async\" class=\"alignnone size-full wp-image-6998\" title=\"DESIGNER'S DAYS 2011 : CONVERSATIONS\" src=\"https:\/\/i0.wp.com\/joyana.fr\/wp-content\/uploads\/DESIGNERS-DAYS-2011_PATRICK-NORGUET.jpg?resize=576%2C576&#038;ssl=1\" alt=\"\" width=\"576\" height=\"576\" \/><\/p>\n<pre style=\"text-align: center;\">Artuce par Morgane Legall - Espace Neolux\n<span style=\"color: #000000;\">.<\/span><\/pre>\n<h1 style=\"text-align: center;\">NOS REPORTAGES :<\/h1>\n<p><a title=\"ARTUCE \" href=\"https:\/\/joyana.fr\/designers-days-2011-artuce\/7029\/\"><img data-recalc-dims=\"1\" loading=\"lazy\" decoding=\"async\" data-attachment-id=\"7097\" data-permalink=\"https:\/\/joyana.fr\/ja\/new-balance-998-blackred-kith-nyc-exclusive\/7095\/nb-998-kith-nyc-dsc_4133_1024x1024\/\" data-orig-file=\"https:\/\/i0.wp.com\/joyana.fr\/wp-content\/uploads\/2013\/11\/NB-998-KITH-NYC-DSC_4133_1024x1024.jpg?fit=1024%2C680&amp;ssl=1\" data-orig-size=\"1024,680\" data-comments-opened=\"1\" data-image-meta=\"{&quot;aperture&quot;:&quot;3&quot;,&quot;credit&quot;:&quot;&quot;,&quot;camera&quot;:&quot;NIKON D300S&quot;,&quot;caption&quot;:&quot;&quot;,&quot;created_timestamp&quot;:&quot;1384575340&quot;,&quot;copyright&quot;:&quot;&quot;,&quot;focal_length&quot;:&quot;105&quot;,&quot;iso&quot;:&quot;1000&quot;,&quot;shutter_speed&quot;:&quot;0.00625&quot;,&quot;title&quot;:&quot;&quot;,&quot;orientation&quot;:&quot;1&quot;}\" data-image-title=\"NB 998 KITH NYC DSC_4133_1024x1024\" data-image-description=\"\" data-image-caption=\"\" data-medium-file=\"https:\/\/i0.wp.com\/joyana.fr\/wp-content\/uploads\/2013\/11\/NB-998-KITH-NYC-DSC_4133_1024x1024.jpg?fit=389%2C258&amp;ssl=1\" data-large-file=\"https:\/\/i0.wp.com\/joyana.fr\/wp-content\/uploads\/2013\/11\/NB-998-KITH-NYC-DSC_4133_1024x1024.jpg?fit=1024%2C680&amp;ssl=1\" class=\"alignnone size-full wp-image-7097\" title=\"DESIGNER'S DAYS 2011_ARTUCE\" src=\"https:\/\/i0.wp.com\/joyana.fr\/wp-content\/uploads\/DESIGNERS-DAYS-2011_ARTUCE.jpg?resize=576%2C200&#038;ssl=1\" alt=\"\" width=\"576\" height=\"200\" \/><\/a><\/p>\n<p><a title=\"BACCARAT\" href=\"https:\/\/joyana.fr\/designers-days-2011-baccarat-jaime-hayon-zoo\/7040\/\"><img data-recalc-dims=\"1\" loading=\"lazy\" decoding=\"async\" data-attachment-id=\"7098\" data-permalink=\"https:\/\/joyana.fr\/ja\/new-balance-998-blackred-kith-nyc-exclusive\/7095\/nb-998-kith-nyc-dsc_4138_1024x1024\/\" data-orig-file=\"https:\/\/i0.wp.com\/joyana.fr\/wp-content\/uploads\/2013\/11\/NB-998-KITH-NYC-DSC_4138_1024x1024.jpg?fit=1024%2C680&amp;ssl=1\" data-orig-size=\"1024,680\" data-comments-opened=\"1\" data-image-meta=\"{&quot;aperture&quot;:&quot;2.8&quot;,&quot;credit&quot;:&quot;&quot;,&quot;camera&quot;:&quot;NIKON D300S&quot;,&quot;caption&quot;:&quot;&quot;,&quot;created_timestamp&quot;:&quot;1384575617&quot;,&quot;copyright&quot;:&quot;&quot;,&quot;focal_length&quot;:&quot;105&quot;,&quot;iso&quot;:&quot;1000&quot;,&quot;shutter_speed&quot;:&quot;0.00625&quot;,&quot;title&quot;:&quot;&quot;,&quot;orientation&quot;:&quot;1&quot;}\" data-image-title=\"NB 998 KITH NYC DSC_4138_1024x1024\" data-image-description=\"\" data-image-caption=\"\" data-medium-file=\"https:\/\/i0.wp.com\/joyana.fr\/wp-content\/uploads\/2013\/11\/NB-998-KITH-NYC-DSC_4138_1024x1024.jpg?fit=389%2C258&amp;ssl=1\" data-large-file=\"https:\/\/i0.wp.com\/joyana.fr\/wp-content\/uploads\/2013\/11\/NB-998-KITH-NYC-DSC_4138_1024x1024.jpg?fit=1024%2C680&amp;ssl=1\" class=\"alignnone size-full wp-image-7098\" title=\"DESIGNER'S DAYS 2011_BACCARAT\" src=\"https:\/\/i0.wp.com\/joyana.fr\/wp-content\/uploads\/DESIGNERS-DAYS-2011_BACCARAT.jpg?resize=576%2C200&#038;ssl=1\" alt=\"\" width=\"576\" height=\"200\" \/><\/a><\/p>\n<p><a title=\"CAPPELLINI\" href=\"https:\/\/joyana.fr\/designers-days-2011-cappellini-walt-disney\/7019\/\"><img data-recalc-dims=\"1\" loading=\"lazy\" decoding=\"async\" data-attachment-id=\"7099\" data-permalink=\"https:\/\/joyana.fr\/ja\/new-balance-998-blackred-kith-nyc-exclusive\/7095\/nb-998-kith-nyc-dsc_4141_1024x1024\/\" data-orig-file=\"https:\/\/i0.wp.com\/joyana.fr\/wp-content\/uploads\/2013\/11\/NB-998-KITH-NYC-DSC_4141_1024x1024.jpg?fit=1024%2C680&amp;ssl=1\" data-orig-size=\"1024,680\" data-comments-opened=\"1\" data-image-meta=\"{&quot;aperture&quot;:&quot;2.8&quot;,&quot;credit&quot;:&quot;&quot;,&quot;camera&quot;:&quot;NIKON D300S&quot;,&quot;caption&quot;:&quot;&quot;,&quot;created_timestamp&quot;:&quot;1384575697&quot;,&quot;copyright&quot;:&quot;&quot;,&quot;focal_length&quot;:&quot;105&quot;,&quot;iso&quot;:&quot;1000&quot;,&quot;shutter_speed&quot;:&quot;0.00625&quot;,&quot;title&quot;:&quot;&quot;,&quot;orientation&quot;:&quot;1&quot;}\" data-image-title=\"NB 998 KITH NYC DSC_4141_1024x1024\" data-image-description=\"\" data-image-caption=\"\" data-medium-file=\"https:\/\/i0.wp.com\/joyana.fr\/wp-content\/uploads\/2013\/11\/NB-998-KITH-NYC-DSC_4141_1024x1024.jpg?fit=389%2C258&amp;ssl=1\" data-large-file=\"https:\/\/i0.wp.com\/joyana.fr\/wp-content\/uploads\/2013\/11\/NB-998-KITH-NYC-DSC_4141_1024x1024.jpg?fit=1024%2C680&amp;ssl=1\" class=\"alignnone size-full wp-image-7099\" title=\"DESIGNER'S DAYS 2011_CAPPELLINI*\" src=\"https:\/\/i0.wp.com\/joyana.fr\/wp-content\/uploads\/DESIGNERS-DAYS-2011_CAPPELLINI.jpg?resize=576%2C200&#038;ssl=1\" alt=\"\" width=\"576\" height=\"200\" \/><\/a><\/p>\n<p><a title=\"CASSINA DESIGNER DAYS \" href=\"https:\/\/joyana.fr\/designers-days-2011-cassina-pool\/7112\/\"><img data-recalc-dims=\"1\" loading=\"lazy\" decoding=\"async\" data-attachment-id=\"7154\" data-permalink=\"https:\/\/joyana.fr\/ja\/diesel-x-nicola-formichetti-dieseltribute\/7148\/blog_diesel_formicheti_reboot_9\/\" data-orig-file=\"https:\/\/i0.wp.com\/joyana.fr\/wp-content\/uploads\/2013\/11\/BLOG_DIESEL_FORMICHETI_REBOOT_9.jpg?fit=650%2C650&amp;ssl=1\" data-orig-size=\"650,650\" data-comments-opened=\"1\" data-image-meta=\"{&quot;aperture&quot;:&quot;0&quot;,&quot;credit&quot;:&quot;&quot;,&quot;camera&quot;:&quot;&quot;,&quot;caption&quot;:&quot;&quot;,&quot;created_timestamp&quot;:&quot;0&quot;,&quot;copyright&quot;:&quot;&quot;,&quot;focal_length&quot;:&quot;0&quot;,&quot;iso&quot;:&quot;0&quot;,&quot;shutter_speed&quot;:&quot;0&quot;,&quot;title&quot;:&quot;&quot;,&quot;orientation&quot;:&quot;1&quot;}\" data-image-title=\"BLOG_DIESEL_FORMICHETI_REBOOT_9\" data-image-description=\"\" data-image-caption=\"\" data-medium-file=\"https:\/\/i0.wp.com\/joyana.fr\/wp-content\/uploads\/2013\/11\/BLOG_DIESEL_FORMICHETI_REBOOT_9.jpg?fit=389%2C389&amp;ssl=1\" data-large-file=\"https:\/\/i0.wp.com\/joyana.fr\/wp-content\/uploads\/2013\/11\/BLOG_DIESEL_FORMICHETI_REBOOT_9.jpg?fit=650%2C650&amp;ssl=1\" class=\"alignnone size-full wp-image-7154\" title=\"DESIGNER DAYS CASSINA\" src=\"https:\/\/i0.wp.com\/joyana.fr\/wp-content\/uploads\/DESIGNER-DAYS-CASSINA.jpg?resize=576%2C200&#038;ssl=1\" alt=\"\" width=\"576\" height=\"200\" \/><\/a><\/p>\n<p><a title=\"GALLERY S BENSIMON\" href=\"https:\/\/joyana.fr\/designers-days-2011-table-basis-daphna-laurens\/7058\/\"><img data-recalc-dims=\"1\" loading=\"lazy\" decoding=\"async\" data-attachment-id=\"7100\" data-permalink=\"https:\/\/joyana.fr\/ja\/new-balance-998-blackred-kith-nyc-exclusive\/7095\/nb-998-kith-nyc-dsc_4148_1024x1024\/\" data-orig-file=\"https:\/\/i0.wp.com\/joyana.fr\/wp-content\/uploads\/2013\/11\/NB-998-KITH-NYC-DSC_4148_1024x1024.jpg?fit=1024%2C680&amp;ssl=1\" data-orig-size=\"1024,680\" data-comments-opened=\"1\" data-image-meta=\"{&quot;aperture&quot;:&quot;3.3&quot;,&quot;credit&quot;:&quot;&quot;,&quot;camera&quot;:&quot;NIKON D300S&quot;,&quot;caption&quot;:&quot;&quot;,&quot;created_timestamp&quot;:&quot;1384575911&quot;,&quot;copyright&quot;:&quot;&quot;,&quot;focal_length&quot;:&quot;105&quot;,&quot;iso&quot;:&quot;1000&quot;,&quot;shutter_speed&quot;:&quot;0.00625&quot;,&quot;title&quot;:&quot;&quot;,&quot;orientation&quot;:&quot;1&quot;}\" data-image-title=\"NB 998 KITH NYC DSC_4148_1024x1024\" data-image-description=\"\" data-image-caption=\"\" data-medium-file=\"https:\/\/i0.wp.com\/joyana.fr\/wp-content\/uploads\/2013\/11\/NB-998-KITH-NYC-DSC_4148_1024x1024.jpg?fit=389%2C258&amp;ssl=1\" data-large-file=\"https:\/\/i0.wp.com\/joyana.fr\/wp-content\/uploads\/2013\/11\/NB-998-KITH-NYC-DSC_4148_1024x1024.jpg?fit=1024%2C680&amp;ssl=1\" class=\"alignnone size-full wp-image-7100\" title=\"DESIGNER'S DAYS 2011_GALLERY_BENSIMON\" src=\"https:\/\/i0.wp.com\/joyana.fr\/wp-content\/uploads\/DESIGNERS-DAYS-2011_GALLERY_BENSIMON.jpg?resize=576%2C200&#038;ssl=1\" alt=\"\" width=\"576\" height=\"200\" \/><\/a><\/p>\n<p><a title=\"L'INSTITUT SUEDOIS\" href=\"https:\/\/joyana.fr\/designers-days-2011-institut-suedois-noll-till-ett-katti-hoflin\/7085\/\"><img data-recalc-dims=\"1\" loading=\"lazy\" decoding=\"async\" data-attachment-id=\"7101\" data-permalink=\"https:\/\/joyana.fr\/ja\/new-balance-998-blackred-kith-nyc-exclusive\/7095\/nb-998-kith-nyc-dsc_4159_1024x1024\/\" data-orig-file=\"https:\/\/i0.wp.com\/joyana.fr\/wp-content\/uploads\/2013\/11\/NB-998-KITH-NYC-DSC_4159_1024x1024.jpg?fit=1024%2C680&amp;ssl=1\" data-orig-size=\"1024,680\" data-comments-opened=\"1\" data-image-meta=\"{&quot;aperture&quot;:&quot;3&quot;,&quot;credit&quot;:&quot;&quot;,&quot;camera&quot;:&quot;NIKON D300S&quot;,&quot;caption&quot;:&quot;&quot;,&quot;created_timestamp&quot;:&quot;1384576221&quot;,&quot;copyright&quot;:&quot;&quot;,&quot;focal_length&quot;:&quot;105&quot;,&quot;iso&quot;:&quot;1250&quot;,&quot;shutter_speed&quot;:&quot;0.008&quot;,&quot;title&quot;:&quot;&quot;,&quot;orientation&quot;:&quot;1&quot;}\" data-image-title=\"NB 998 KITH NYC DSC_4159_1024x1024\" data-image-description=\"\" data-image-caption=\"\" data-medium-file=\"https:\/\/i0.wp.com\/joyana.fr\/wp-content\/uploads\/2013\/11\/NB-998-KITH-NYC-DSC_4159_1024x1024.jpg?fit=389%2C258&amp;ssl=1\" data-large-file=\"https:\/\/i0.wp.com\/joyana.fr\/wp-content\/uploads\/2013\/11\/NB-998-KITH-NYC-DSC_4159_1024x1024.jpg?fit=1024%2C680&amp;ssl=1\" class=\"alignnone size-full wp-image-7101\" title=\"DESIGNER'S DAYS 2011_INSTITUT_SUEDOIS\" src=\"https:\/\/i0.wp.com\/joyana.fr\/wp-content\/uploads\/DESIGNERS-DAYS-2011_INSTITUT_SUEDOIS.jpg?resize=576%2C200&#038;ssl=1\" alt=\"\" width=\"576\" height=\"200\" \/><\/a><\/p>\n<p><a title=\"LEA CERAMICHE\" href=\"https:\/\/joyana.fr\/designers-days-2011-lea-ceramiche-patrick-norguet-waves-lines\/7049\/\"><img data-recalc-dims=\"1\" loading=\"lazy\" decoding=\"async\" data-attachment-id=\"7102\" data-permalink=\"https:\/\/joyana.fr\/ja\/new-balance-998-blackred-kith-nyc-exclusive\/7095\/nb-998-kith-nyc-dsc_4169_1024x1024\/\" data-orig-file=\"https:\/\/i0.wp.com\/joyana.fr\/wp-content\/uploads\/2013\/11\/NB-998-KITH-NYC-DSC_4169_1024x1024.jpg?fit=1024%2C680&amp;ssl=1\" data-orig-size=\"1024,680\" data-comments-opened=\"1\" data-image-meta=\"{&quot;aperture&quot;:&quot;3&quot;,&quot;credit&quot;:&quot;&quot;,&quot;camera&quot;:&quot;NIKON D300S&quot;,&quot;caption&quot;:&quot;&quot;,&quot;created_timestamp&quot;:&quot;1384576579&quot;,&quot;copyright&quot;:&quot;&quot;,&quot;focal_length&quot;:&quot;105&quot;,&quot;iso&quot;:&quot;1600&quot;,&quot;shutter_speed&quot;:&quot;0.008&quot;,&quot;title&quot;:&quot;&quot;,&quot;orientation&quot;:&quot;1&quot;}\" data-image-title=\"NB 998 KITH NYC DSC_4169_1024x1024\" data-image-description=\"\" data-image-caption=\"\" data-medium-file=\"https:\/\/i0.wp.com\/joyana.fr\/wp-content\/uploads\/2013\/11\/NB-998-KITH-NYC-DSC_4169_1024x1024.jpg?fit=389%2C258&amp;ssl=1\" data-large-file=\"https:\/\/i0.wp.com\/joyana.fr\/wp-content\/uploads\/2013\/11\/NB-998-KITH-NYC-DSC_4169_1024x1024.jpg?fit=1024%2C680&amp;ssl=1\" class=\"alignnone size-full wp-image-7102\" title=\"DESIGNER'S DAYS 2011_LEA_CERAMICHE\" src=\"https:\/\/i0.wp.com\/joyana.fr\/wp-content\/uploads\/DESIGNERS-DAYS-2011_LEA_CERAMICHE.jpg?resize=576%2C200&#038;ssl=1\" alt=\"\" width=\"576\" height=\"200\" \/><\/a><\/p>\n<p><a title=\"MADE IN DESIGN\" href=\"https:\/\/joyana.fr\/designers-days-2011-made-in-design\/7007\/\"><img data-recalc-dims=\"1\" loading=\"lazy\" decoding=\"async\" class=\"alignnone size-full wp-image-7104\" title=\"DESIGNER'S DAYS 2011_MADE_IN_DESIGN\" src=\"https:\/\/i0.wp.com\/joyana.fr\/wp-content\/uploads\/DESIGNERS-DAYS-2011_MADE_IN_DESIGN.jpg?resize=576%2C200&#038;ssl=1\" alt=\"\" width=\"576\" height=\"200\" \/><\/a><\/p>\n<p><a title=\"MERCI\" href=\"https:\/\/joyana.fr\/designers-days-2011-merci-210x297mm\/7070\/\"><img data-recalc-dims=\"1\" loading=\"lazy\" decoding=\"async\" data-attachment-id=\"7105\" data-permalink=\"https:\/\/joyana.fr\/ja\/un-air-lounge-4\/7104\/un-air-lounge_4_flatdesign\/\" data-orig-file=\"https:\/\/i0.wp.com\/joyana.fr\/wp-content\/uploads\/2013\/11\/UN-AIR-LOUNGE_4_FLATDESIGN.jpg?fit=1000%2C1000&amp;ssl=1\" data-orig-size=\"1000,1000\" data-comments-opened=\"1\" data-image-meta=\"{&quot;aperture&quot;:&quot;0&quot;,&quot;credit&quot;:&quot;&quot;,&quot;camera&quot;:&quot;&quot;,&quot;caption&quot;:&quot;&quot;,&quot;created_timestamp&quot;:&quot;0&quot;,&quot;copyright&quot;:&quot;&quot;,&quot;focal_length&quot;:&quot;0&quot;,&quot;iso&quot;:&quot;0&quot;,&quot;shutter_speed&quot;:&quot;0&quot;,&quot;title&quot;:&quot;&quot;,&quot;orientation&quot;:&quot;1&quot;}\" data-image-title=\"UN AIR LOUNGE #4\" data-image-description=\"&lt;p&gt;UN AIR LOUNGE #4&lt;\/p&gt;\n\" data-image-caption=\"\" data-medium-file=\"https:\/\/i0.wp.com\/joyana.fr\/wp-content\/uploads\/2013\/11\/UN-AIR-LOUNGE_4_FLATDESIGN.jpg?fit=389%2C389&amp;ssl=1\" data-large-file=\"https:\/\/i0.wp.com\/joyana.fr\/wp-content\/uploads\/2013\/11\/UN-AIR-LOUNGE_4_FLATDESIGN.jpg?fit=1000%2C1000&amp;ssl=1\" class=\"alignnone size-full wp-image-7105\" title=\"DESIGNER'S DAYS 2011_MERCI\" src=\"https:\/\/i0.wp.com\/joyana.fr\/wp-content\/uploads\/DESIGNERS-DAYS-2011_MERCI.jpg?resize=576%2C200&#038;ssl=1\" alt=\"\" width=\"576\" height=\"200\" \/><\/a><\/p>\n<p><a title=\"SAAZS\" href=\"https:\/\/joyana.fr\/installation-vs-by-trafik-x-saazs\/7080\/\"><img data-recalc-dims=\"1\" loading=\"lazy\" decoding=\"async\" class=\"alignnone size-full wp-image-7107\" title=\"DESIGNER'S DAYS 2011_SAAZS\" src=\"https:\/\/i0.wp.com\/joyana.fr\/wp-content\/uploads\/DESIGNERS-DAYS-2011_SAAZS.jpg?resize=576%2C200&#038;ssl=1\" alt=\"\" width=\"576\" height=\"200\" \/><\/a><\/p>\n<p><span style=\"color: #000000;\">.<\/span><\/p>\n<p>En savoir + sur les <a title=\"DESIGNER'S DAYS 2011 \" href=\"http:\/\/www.designersdays.com\/\"><strong>DESIGNER&#8217;S DAYS 2011<\/strong><\/a><\/p>\n","protected":false},"excerpt":{"rendered":"<p>Deco-Design fait ses valises pour un week-end parisien !!! Au programme d\u00e9couverte des Designer&#8217;s Days 2 [&hellip;]<\/p>\n","protected":false},"author":3,"featured_media":107106,"comment_status":"open","ping_status":"open","sticky":false,"template":"","format":"standard","meta":{"_coblocks_attr":"","_coblocks_dimensions":"","_coblocks_responsive_height":"","_coblocks_accordion_ie_support":"","_uag_custom_page_level_css":"","advgb_blocks_editor_width":"","advgb_blocks_columns_visual_guide":"","_genesis_hide_title":false,"_genesis_hide_breadcrumbs":false,"_genesis_hide_singular_image":false,"_genesis_hide_footer_widgets":false,"_genesis_custom_body_class":"","_genesis_custom_post_class":"","_genesis_layout":"","_themeisle_gutenberg_block_has_review":false,"_jetpack_newsletter_access":"","_jetpack_dont_email_post_to_subs":false,"_jetpack_newsletter_tier_id":0,"_jetpack_memberships_contains_paywalled_content":false,"_jetpack_memberships_contains_paid_content":false,"footnotes":""},"categories":[1036,938,1005,905],"tags":[954,963,914],"class_list":{"0":"post-106994","1":"post","2":"type-post","3":"status-publish","4":"format-standard","5":"has-post-thumbnail","7":"category-a-la-une","8":"category-actualite-deco-design","9":"category-designers-days","10":"category-deco-design","11":"tag-blog-deco-design","12":"tag-salons-design","13":"tag-showroom","14":"entry"},"featured_image_urls":{"full":["https:\/\/i0.wp.com\/joyana.fr\/wp-content\/uploads\/old\/DESIGNERS-DAYS-2011_PARIS_CAROUSSEL1.jpg?fit=1170%2C320&ssl=1",1170,320,false],"thumbnail":["https:\/\/i0.wp.com\/joyana.fr\/wp-content\/uploads\/old\/DESIGNERS-DAYS-2011_PARIS_CAROUSSEL1.jpg?resize=150%2C150&ssl=1",150,150,true],"medium":["https:\/\/i0.wp.com\/joyana.fr\/wp-content\/uploads\/old\/DESIGNERS-DAYS-2011_PARIS_CAROUSSEL1.jpg?fit=389%2C106&ssl=1",389,106,true],"medium_large":["https:\/\/i0.wp.com\/joyana.fr\/wp-content\/uploads\/old\/DESIGNERS-DAYS-2011_PARIS_CAROUSSEL1.jpg?fit=768%2C210&ssl=1",768,210,true],"large":["https:\/\/i0.wp.com\/joyana.fr\/wp-content\/uploads\/old\/DESIGNERS-DAYS-2011_PARIS_CAROUSSEL1.jpg?fit=1024%2C280&ssl=1",1024,280,true],"1536x1536":["https:\/\/i0.wp.com\/joyana.fr\/wp-content\/uploads\/old\/DESIGNERS-DAYS-2011_PARIS_CAROUSSEL1.jpg?fit=1170%2C320&ssl=1",1170,320,true],"2048x2048":["https:\/\/i0.wp.com\/joyana.fr\/wp-content\/uploads\/old\/DESIGNERS-DAYS-2011_PARIS_CAROUSSEL1.jpg?fit=1170%2C320&ssl=1",1170,320,true],"featured-thumb":["https:\/\/i0.wp.com\/joyana.fr\/wp-content\/uploads\/old\/DESIGNERS-DAYS-2011_PARIS_CAROUSSEL1.jpg?resize=1170%2C320&ssl=1",1170,320,true],"ab-block-post-grid-landscape":["https:\/\/i0.wp.com\/joyana.fr\/wp-content\/uploads\/old\/DESIGNERS-DAYS-2011_PARIS_CAROUSSEL1.jpg?resize=600%2C320&ssl=1",600,320,true],"ab-block-post-grid-square":["https:\/\/i0.wp.com\/joyana.fr\/wp-content\/uploads\/old\/DESIGNERS-DAYS-2011_PARIS_CAROUSSEL1.jpg?resize=600%2C320&ssl=1",600,320,true],"author-pro-image":["https:\/\/i0.wp.com\/joyana.fr\/wp-content\/uploads\/old\/DESIGNERS-DAYS-2011_PARIS_CAROUSSEL1.jpg?resize=360%2C320&ssl=1",360,320,true],"slider":["https:\/\/i0.wp.com\/joyana.fr\/wp-content\/uploads\/old\/DESIGNERS-DAYS-2011_PARIS_CAROUSSEL1.jpg?resize=920%2C320&ssl=1",920,320,true],"woocommerce_thumbnail":["https:\/\/i0.wp.com\/joyana.fr\/wp-content\/uploads\/old\/DESIGNERS-DAYS-2011_PARIS_CAROUSSEL1.jpg?resize=450%2C320&ssl=1",450,320,true],"woocommerce_single":["https:\/\/i0.wp.com\/joyana.fr\/wp-content\/uploads\/old\/DESIGNERS-DAYS-2011_PARIS_CAROUSSEL1.jpg?fit=920%2C252&ssl=1",920,252,true],"woocommerce_gallery_thumbnail":["https:\/\/i0.wp.com\/joyana.fr\/wp-content\/uploads\/old\/DESIGNERS-DAYS-2011_PARIS_CAROUSSEL1.jpg?resize=180%2C180&ssl=1",180,180,true],"sow-carousel-default":["https:\/\/i0.wp.com\/joyana.fr\/wp-content\/uploads\/old\/DESIGNERS-DAYS-2011_PARIS_CAROUSSEL1.jpg?resize=272%2C182&ssl=1",272,182,true]},"post_excerpt_stackable":"<p>Deco-Design fait ses valises pour un week-end parisien !!! Au programme d\u00e9couverte des Designer&#038;#821&hellip;<\/p>\n","category_list":"<a href=\"https:\/\/joyana.fr\/ja\/category\/a-la-une\/\" rel=\"category tag\">A la une !!!<\/a>, <a href=\"https:\/\/joyana.fr\/ja\/category\/deco-design\/actualite\/actualite-deco-design\/\" rel=\"category tag\">Actualit\u00e9 D\u00e9co-Design<\/a>, <a href=\"https:\/\/joyana.fr\/ja\/category\/deco-design\/actualite\/salon\/designers-days\/\" rel=\"category tag\">D'DAYS<\/a>, <a href=\"https:\/\/joyana.fr\/ja\/category\/deco-design\/\" rel=\"category tag\">DECO-DESIGN<\/a>","author_info":{"display_name":"Jo Yana","author_link":"https:\/\/joyana.fr\/ja\/author\/joyana\/"},"comments_num":"7 comments","featured_image_urls_v2":{"full":["https:\/\/i0.wp.com\/joyana.fr\/wp-content\/uploads\/old\/DESIGNERS-DAYS-2011_PARIS_CAROUSSEL1.jpg?fit=1170%2C320&ssl=1",1170,320,false],"thumbnail":["https:\/\/i0.wp.com\/joyana.fr\/wp-content\/uploads\/old\/DESIGNERS-DAYS-2011_PARIS_CAROUSSEL1.jpg?resize=150%2C150&ssl=1",150,150,true],"medium":["https:\/\/i0.wp.com\/joyana.fr\/wp-content\/uploads\/old\/DESIGNERS-DAYS-2011_PARIS_CAROUSSEL1.jpg?fit=389%2C106&ssl=1",389,106,true],"medium_large":["https:\/\/i0.wp.com\/joyana.fr\/wp-content\/uploads\/old\/DESIGNERS-DAYS-2011_PARIS_CAROUSSEL1.jpg?fit=768%2C210&ssl=1",768,210,true],"large":["https:\/\/i0.wp.com\/joyana.fr\/wp-content\/uploads\/old\/DESIGNERS-DAYS-2011_PARIS_CAROUSSEL1.jpg?fit=1024%2C280&ssl=1",1024,280,true],"1536x1536":["https:\/\/i0.wp.com\/joyana.fr\/wp-content\/uploads\/old\/DESIGNERS-DAYS-2011_PARIS_CAROUSSEL1.jpg?fit=1170%2C320&ssl=1",1170,320,true],"2048x2048":["https:\/\/i0.wp.com\/joyana.fr\/wp-content\/uploads\/old\/DESIGNERS-DAYS-2011_PARIS_CAROUSSEL1.jpg?fit=1170%2C320&ssl=1",1170,320,true],"featured-thumb":["https:\/\/i0.wp.com\/joyana.fr\/wp-content\/uploads\/old\/DESIGNERS-DAYS-2011_PARIS_CAROUSSEL1.jpg?resize=1170%2C320&ssl=1",1170,320,true],"ab-block-post-grid-landscape":["https:\/\/i0.wp.com\/joyana.fr\/wp-content\/uploads\/old\/DESIGNERS-DAYS-2011_PARIS_CAROUSSEL1.jpg?resize=600%2C320&ssl=1",600,320,true],"ab-block-post-grid-square":["https:\/\/i0.wp.com\/joyana.fr\/wp-content\/uploads\/old\/DESIGNERS-DAYS-2011_PARIS_CAROUSSEL1.jpg?resize=600%2C320&ssl=1",600,320,true],"author-pro-image":["https:\/\/i0.wp.com\/joyana.fr\/wp-content\/uploads\/old\/DESIGNERS-DAYS-2011_PARIS_CAROUSSEL1.jpg?resize=360%2C320&ssl=1",360,320,true],"slider":["https:\/\/i0.wp.com\/joyana.fr\/wp-content\/uploads\/old\/DESIGNERS-DAYS-2011_PARIS_CAROUSSEL1.jpg?resize=920%2C320&ssl=1",920,320,true],"woocommerce_thumbnail":["https:\/\/i0.wp.com\/joyana.fr\/wp-content\/uploads\/old\/DESIGNERS-DAYS-2011_PARIS_CAROUSSEL1.jpg?resize=450%2C320&ssl=1",450,320,true],"woocommerce_single":["https:\/\/i0.wp.com\/joyana.fr\/wp-content\/uploads\/old\/DESIGNERS-DAYS-2011_PARIS_CAROUSSEL1.jpg?fit=920%2C252&ssl=1",920,252,true],"woocommerce_gallery_thumbnail":["https:\/\/i0.wp.com\/joyana.fr\/wp-content\/uploads\/old\/DESIGNERS-DAYS-2011_PARIS_CAROUSSEL1.jpg?resize=180%2C180&ssl=1",180,180,true],"sow-carousel-default":["https:\/\/i0.wp.com\/joyana.fr\/wp-content\/uploads\/old\/DESIGNERS-DAYS-2011_PARIS_CAROUSSEL1.jpg?resize=272%2C182&ssl=1",272,182,true]},"post_excerpt_stackable_v2":"<p>Deco-Design fait ses valises pour un week-end parisien !!! Au programme d\u00e9couverte des Designer&#038;#821&hellip;<\/p>\n","category_list_v2":"<a href=\"https:\/\/joyana.fr\/ja\/category\/a-la-une\/\" rel=\"category tag\">A la une !!!<\/a>, <a href=\"https:\/\/joyana.fr\/ja\/category\/deco-design\/actualite\/actualite-deco-design\/\" rel=\"category tag\">Actualit\u00e9 D\u00e9co-Design<\/a>, <a href=\"https:\/\/joyana.fr\/ja\/category\/deco-design\/actualite\/salon\/designers-days\/\" rel=\"category tag\">D'DAYS<\/a>, <a href=\"https:\/\/joyana.fr\/ja\/category\/deco-design\/\" rel=\"category tag\">DECO-DESIGN<\/a>","author_info_v2":{"name":"Jo Yana","url":"https:\/\/joyana.fr\/ja\/author\/joyana\/"},"comments_num_v2":"7 comments","yoast_head":"<!-- This site is optimized with the Yoast SEO plugin v26.8 - https:\/\/yoast.com\/product\/yoast-seo-wordpress\/ -->\n<title>DESIGNER&#039;S DAYS 2011 - CONVERSATIONS - JO YANA<\/title>\n<meta name=\"robots\" content=\"index, follow, max-snippet:-1, max-image-preview:large, max-video-preview:-1\" \/>\n<link rel=\"canonical\" href=\"https:\/\/www.joyana.fr\/en\/paris-designers-days-2011-conversations\/106994\/\" \/>\n<meta property=\"og:locale\" content=\"ja_JP\" \/>\n<meta property=\"og:locale:alternate\" content=\"fr_FR\" \/>\n<meta property=\"og:locale:alternate\" content=\"en_US\" \/>\n<meta property=\"og:type\" content=\"article\" \/>\n<meta property=\"og:title\" content=\"DESIGNER&#039;S DAYS 2011 - CONVERSATIONS - JO YANA\" \/>\n<meta property=\"og:description\" content=\"Deco-Design fait ses valises pour un week-end parisien !!! Au programme d\u00e9couverte des Designer&#8217;s Days 2 [&hellip;]\" \/>\n<meta property=\"og:url\" content=\"https:\/\/joyana.fr\/ja\/paris-designers-days-2011-conversations\/106994\/\" \/>\n<meta property=\"og:site_name\" content=\"JO YANA\" \/>\n<meta property=\"article:published_time\" content=\"2011-06-17T05:27:46+00:00\" \/>\n<meta property=\"og:image\" content=\"https:\/\/www.joyana.fr\/wp-content\/uploads\/old\/DESIGNERS-DAYS-2011_PARIS_CAROUSSEL1.jpg\" \/>\n\t<meta property=\"og:image:width\" content=\"1170\" \/>\n\t<meta property=\"og:image:height\" content=\"320\" \/>\n\t<meta property=\"og:image:type\" content=\"image\/jpeg\" \/>\n<meta name=\"author\" content=\"Jo Yana\" \/>\n<meta name=\"twitter:card\" content=\"summary_large_image\" \/>\n<meta name=\"twitter:creator\" content=\"@Jo_Yana\" \/>\n<meta name=\"twitter:site\" content=\"@Jo_Yana\" \/>\n<meta name=\"twitter:label1\" content=\"\u57f7\u7b46\u8005\" \/>\n\t<meta name=\"twitter:data1\" content=\"Jo Yana\" \/>\n\t<meta name=\"twitter:label2\" content=\"\u63a8\u5b9a\u8aad\u307f\u53d6\u308a\u6642\u9593\" \/>\n\t<meta name=\"twitter:data2\" content=\"1\u5206\" \/>\n<script type=\"application\/ld+json\" class=\"yoast-schema-graph\">{\"@context\":\"https:\/\/schema.org\",\"@graph\":[{\"@type\":\"Article\",\"@id\":\"https:\/\/www.joyana.fr\/en\/paris-designers-days-2011-conversations\/106994\/#article\",\"isPartOf\":{\"@id\":\"https:\/\/www.joyana.fr\/en\/paris-designers-days-2011-conversations\/106994\/\"},\"author\":{\"name\":\"Jo Yana\",\"@id\":\"https:\/\/www.joyana.fr\/ja\/#\/schema\/person\/cf2a1ad12a27c12c21801075bf37407c\"},\"headline\":\"DESIGNER&#8217;S DAYS 2011 &#8211; CONVERSATIONS\",\"datePublished\":\"2011-06-17T05:27:46+00:00\",\"mainEntityOfPage\":{\"@id\":\"https:\/\/www.joyana.fr\/en\/paris-designers-days-2011-conversations\/106994\/\"},\"wordCount\":143,\"commentCount\":5,\"publisher\":{\"@id\":\"https:\/\/www.joyana.fr\/ja\/#\/schema\/person\/cf2a1ad12a27c12c21801075bf37407c\"},\"image\":{\"@id\":\"https:\/\/www.joyana.fr\/en\/paris-designers-days-2011-conversations\/106994\/#primaryimage\"},\"thumbnailUrl\":\"https:\/\/i0.wp.com\/joyana.fr\/wp-content\/uploads\/old\/DESIGNERS-DAYS-2011_PARIS_CAROUSSEL1.jpg?fit=1170%2C320&ssl=1\",\"keywords\":[\"Blog D\u00e9co-Design\",\"Salons design\",\"Showroom\"],\"articleSection\":[\"A la une !!!\",\"Actualit\u00e9 D\u00e9co-Design\",\"D'DAYS\",\"DECO-DESIGN\"],\"inLanguage\":\"ja\",\"potentialAction\":[{\"@type\":\"CommentAction\",\"name\":\"Comment\",\"target\":[\"https:\/\/www.joyana.fr\/en\/paris-designers-days-2011-conversations\/106994\/#respond\"]}]},{\"@type\":\"WebPage\",\"@id\":\"https:\/\/www.joyana.fr\/en\/paris-designers-days-2011-conversations\/106994\/\",\"url\":\"https:\/\/www.joyana.fr\/en\/paris-designers-days-2011-conversations\/106994\/\",\"name\":\"DESIGNER'S DAYS 2011 - CONVERSATIONS - JO YANA\",\"isPartOf\":{\"@id\":\"https:\/\/www.joyana.fr\/ja\/#website\"},\"primaryImageOfPage\":{\"@id\":\"https:\/\/www.joyana.fr\/en\/paris-designers-days-2011-conversations\/106994\/#primaryimage\"},\"image\":{\"@id\":\"https:\/\/www.joyana.fr\/en\/paris-designers-days-2011-conversations\/106994\/#primaryimage\"},\"thumbnailUrl\":\"https:\/\/i0.wp.com\/joyana.fr\/wp-content\/uploads\/old\/DESIGNERS-DAYS-2011_PARIS_CAROUSSEL1.jpg?fit=1170%2C320&ssl=1\",\"datePublished\":\"2011-06-17T05:27:46+00:00\",\"breadcrumb\":{\"@id\":\"https:\/\/www.joyana.fr\/en\/paris-designers-days-2011-conversations\/106994\/#breadcrumb\"},\"inLanguage\":\"ja\",\"potentialAction\":[{\"@type\":\"ReadAction\",\"target\":[\"https:\/\/www.joyana.fr\/en\/paris-designers-days-2011-conversations\/106994\/\"]}]},{\"@type\":\"ImageObject\",\"inLanguage\":\"ja\",\"@id\":\"https:\/\/www.joyana.fr\/en\/paris-designers-days-2011-conversations\/106994\/#primaryimage\",\"url\":\"https:\/\/i0.wp.com\/joyana.fr\/wp-content\/uploads\/old\/DESIGNERS-DAYS-2011_PARIS_CAROUSSEL1.jpg?fit=1170%2C320&ssl=1\",\"contentUrl\":\"https:\/\/i0.wp.com\/joyana.fr\/wp-content\/uploads\/old\/DESIGNERS-DAYS-2011_PARIS_CAROUSSEL1.jpg?fit=1170%2C320&ssl=1\",\"width\":1170,\"height\":320},{\"@type\":\"BreadcrumbList\",\"@id\":\"https:\/\/www.joyana.fr\/en\/paris-designers-days-2011-conversations\/106994\/#breadcrumb\",\"itemListElement\":[{\"@type\":\"ListItem\",\"position\":1,\"name\":\"Accueil\",\"item\":\"https:\/\/www.joyana.fr\/ja\/\"},{\"@type\":\"ListItem\",\"position\":2,\"name\":\"DESIGNER&#8217;S DAYS 2011 &#8211; CONVERSATIONS\"}]},{\"@type\":\"WebSite\",\"@id\":\"https:\/\/www.joyana.fr\/ja\/#website\",\"url\":\"https:\/\/www.joyana.fr\/ja\/\",\"name\":\"JO YANA\",\"description\":\"Blog Mode Homme, Lifestyle, D\u00e9co-Design\",\"publisher\":{\"@id\":\"https:\/\/www.joyana.fr\/ja\/#\/schema\/person\/cf2a1ad12a27c12c21801075bf37407c\"},\"potentialAction\":[{\"@type\":\"SearchAction\",\"target\":{\"@type\":\"EntryPoint\",\"urlTemplate\":\"https:\/\/www.joyana.fr\/ja\/?s={search_term_string}\"},\"query-input\":{\"@type\":\"PropertyValueSpecification\",\"valueRequired\":true,\"valueName\":\"search_term_string\"}}],\"inLanguage\":\"ja\"},{\"@type\":[\"Person\",\"Organization\"],\"@id\":\"https:\/\/www.joyana.fr\/ja\/#\/schema\/person\/cf2a1ad12a27c12c21801075bf37407c\",\"name\":\"Jo Yana\",\"image\":{\"@type\":\"ImageObject\",\"inLanguage\":\"ja\",\"@id\":\"https:\/\/www.joyana.fr\/ja\/#\/schema\/person\/image\/\",\"url\":\"https:\/\/i0.wp.com\/joyana.fr\/wp-content\/uploads\/2016\/08\/cropped-joyana-logo-black-360x180.png?fit=343%2C164&ssl=1\",\"contentUrl\":\"https:\/\/i0.wp.com\/joyana.fr\/wp-content\/uploads\/2016\/08\/cropped-joyana-logo-black-360x180.png?fit=343%2C164&ssl=1\",\"width\":343,\"height\":164,\"caption\":\"Jo Yana\"},\"logo\":{\"@id\":\"https:\/\/www.joyana.fr\/ja\/#\/schema\/person\/image\/\"},\"description\":\"Jo Yana est le cr\u00e9ateur et r\u00e9dacteur en chef des sites DECO-DESIGN. Passionn\u00e9 de Design, Mode, Photo, Luxe, Lifestyle, Musique, mais avant tout Blogueur ! Le plaisir de partager l'anime et a comme devise \\\"POUR L'AMOUR DU BEAU\\\". Retrouvez le aussi sur son blog personnel - https:\/\/joyana.fr...\",\"sameAs\":[\"https:\/\/joyana.fr\/\"],\"url\":\"https:\/\/joyana.fr\/ja\/author\/joyana\/\"}]}<\/script>\n<!-- \/ Yoast SEO plugin. -->","yoast_head_json":{"title":"DESIGNER'S DAYS 2011 - CONVERSATIONS - JO YANA","robots":{"index":"index","follow":"follow","max-snippet":"max-snippet:-1","max-image-preview":"max-image-preview:large","max-video-preview":"max-video-preview:-1"},"canonical":"https:\/\/www.joyana.fr\/en\/paris-designers-days-2011-conversations\/106994\/","og_locale":"ja_JP","og_type":"article","og_title":"DESIGNER'S DAYS 2011 - CONVERSATIONS - JO YANA","og_description":"Deco-Design fait ses valises pour un week-end parisien !!! Au programme d\u00e9couverte des Designer&#8217;s Days 2 [&hellip;]","og_url":"https:\/\/joyana.fr\/ja\/paris-designers-days-2011-conversations\/106994\/","og_site_name":"JO YANA","article_published_time":"2011-06-17T05:27:46+00:00","og_image":[{"width":1170,"height":320,"url":"https:\/\/www.joyana.fr\/wp-content\/uploads\/old\/DESIGNERS-DAYS-2011_PARIS_CAROUSSEL1.jpg","type":"image\/jpeg"}],"author":"Jo Yana","twitter_card":"summary_large_image","twitter_creator":"@Jo_Yana","twitter_site":"@Jo_Yana","twitter_misc":{"\u57f7\u7b46\u8005":"Jo Yana","\u63a8\u5b9a\u8aad\u307f\u53d6\u308a\u6642\u9593":"1\u5206"},"schema":{"@context":"https:\/\/schema.org","@graph":[{"@type":"Article","@id":"https:\/\/www.joyana.fr\/en\/paris-designers-days-2011-conversations\/106994\/#article","isPartOf":{"@id":"https:\/\/www.joyana.fr\/en\/paris-designers-days-2011-conversations\/106994\/"},"author":{"name":"Jo Yana","@id":"https:\/\/www.joyana.fr\/ja\/#\/schema\/person\/cf2a1ad12a27c12c21801075bf37407c"},"headline":"DESIGNER&#8217;S DAYS 2011 &#8211; CONVERSATIONS","datePublished":"2011-06-17T05:27:46+00:00","mainEntityOfPage":{"@id":"https:\/\/www.joyana.fr\/en\/paris-designers-days-2011-conversations\/106994\/"},"wordCount":143,"commentCount":5,"publisher":{"@id":"https:\/\/www.joyana.fr\/ja\/#\/schema\/person\/cf2a1ad12a27c12c21801075bf37407c"},"image":{"@id":"https:\/\/www.joyana.fr\/en\/paris-designers-days-2011-conversations\/106994\/#primaryimage"},"thumbnailUrl":"https:\/\/i0.wp.com\/joyana.fr\/wp-content\/uploads\/old\/DESIGNERS-DAYS-2011_PARIS_CAROUSSEL1.jpg?fit=1170%2C320&ssl=1","keywords":["Blog D\u00e9co-Design","Salons design","Showroom"],"articleSection":["A la une !!!","Actualit\u00e9 D\u00e9co-Design","D'DAYS","DECO-DESIGN"],"inLanguage":"ja","potentialAction":[{"@type":"CommentAction","name":"Comment","target":["https:\/\/www.joyana.fr\/en\/paris-designers-days-2011-conversations\/106994\/#respond"]}]},{"@type":"WebPage","@id":"https:\/\/www.joyana.fr\/en\/paris-designers-days-2011-conversations\/106994\/","url":"https:\/\/www.joyana.fr\/en\/paris-designers-days-2011-conversations\/106994\/","name":"DESIGNER'S DAYS 2011 - CONVERSATIONS - JO YANA","isPartOf":{"@id":"https:\/\/www.joyana.fr\/ja\/#website"},"primaryImageOfPage":{"@id":"https:\/\/www.joyana.fr\/en\/paris-designers-days-2011-conversations\/106994\/#primaryimage"},"image":{"@id":"https:\/\/www.joyana.fr\/en\/paris-designers-days-2011-conversations\/106994\/#primaryimage"},"thumbnailUrl":"https:\/\/i0.wp.com\/joyana.fr\/wp-content\/uploads\/old\/DESIGNERS-DAYS-2011_PARIS_CAROUSSEL1.jpg?fit=1170%2C320&ssl=1","datePublished":"2011-06-17T05:27:46+00:00","breadcrumb":{"@id":"https:\/\/www.joyana.fr\/en\/paris-designers-days-2011-conversations\/106994\/#breadcrumb"},"inLanguage":"ja","potentialAction":[{"@type":"ReadAction","target":["https:\/\/www.joyana.fr\/en\/paris-designers-days-2011-conversations\/106994\/"]}]},{"@type":"ImageObject","inLanguage":"ja","@id":"https:\/\/www.joyana.fr\/en\/paris-designers-days-2011-conversations\/106994\/#primaryimage","url":"https:\/\/i0.wp.com\/joyana.fr\/wp-content\/uploads\/old\/DESIGNERS-DAYS-2011_PARIS_CAROUSSEL1.jpg?fit=1170%2C320&ssl=1","contentUrl":"https:\/\/i0.wp.com\/joyana.fr\/wp-content\/uploads\/old\/DESIGNERS-DAYS-2011_PARIS_CAROUSSEL1.jpg?fit=1170%2C320&ssl=1","width":1170,"height":320},{"@type":"BreadcrumbList","@id":"https:\/\/www.joyana.fr\/en\/paris-designers-days-2011-conversations\/106994\/#breadcrumb","itemListElement":[{"@type":"ListItem","position":1,"name":"Accueil","item":"https:\/\/www.joyana.fr\/ja\/"},{"@type":"ListItem","position":2,"name":"DESIGNER&#8217;S DAYS 2011 &#8211; CONVERSATIONS"}]},{"@type":"WebSite","@id":"https:\/\/www.joyana.fr\/ja\/#website","url":"https:\/\/www.joyana.fr\/ja\/","name":"JO YANA","description":"Blog Mode Homme, Lifestyle, D\u00e9co-Design","publisher":{"@id":"https:\/\/www.joyana.fr\/ja\/#\/schema\/person\/cf2a1ad12a27c12c21801075bf37407c"},"potentialAction":[{"@type":"SearchAction","target":{"@type":"EntryPoint","urlTemplate":"https:\/\/www.joyana.fr\/ja\/?s={search_term_string}"},"query-input":{"@type":"PropertyValueSpecification","valueRequired":true,"valueName":"search_term_string"}}],"inLanguage":"ja"},{"@type":["Person","Organization"],"@id":"https:\/\/www.joyana.fr\/ja\/#\/schema\/person\/cf2a1ad12a27c12c21801075bf37407c","name":"Jo Yana","image":{"@type":"ImageObject","inLanguage":"ja","@id":"https:\/\/www.joyana.fr\/ja\/#\/schema\/person\/image\/","url":"https:\/\/i0.wp.com\/joyana.fr\/wp-content\/uploads\/2016\/08\/cropped-joyana-logo-black-360x180.png?fit=343%2C164&ssl=1","contentUrl":"https:\/\/i0.wp.com\/joyana.fr\/wp-content\/uploads\/2016\/08\/cropped-joyana-logo-black-360x180.png?fit=343%2C164&ssl=1","width":343,"height":164,"caption":"Jo Yana"},"logo":{"@id":"https:\/\/www.joyana.fr\/ja\/#\/schema\/person\/image\/"},"description":"Jo Yana est le cr\u00e9ateur et r\u00e9dacteur en chef des sites DECO-DESIGN. Passionn\u00e9 de Design, Mode, Photo, Luxe, Lifestyle, Musique, mais avant tout Blogueur ! Le plaisir de partager l'anime et a comme devise \"POUR L'AMOUR DU BEAU\". Retrouvez le aussi sur son blog personnel - https:\/\/joyana.fr...","sameAs":["https:\/\/joyana.fr\/"],"url":"https:\/\/joyana.fr\/ja\/author\/joyana\/"}]}},"author_meta":{"display_name":"Jo Yana","author_link":"https:\/\/joyana.fr\/ja\/author\/joyana\/"},"featured_img":"https:\/\/i0.wp.com\/joyana.fr\/wp-content\/uploads\/old\/DESIGNERS-DAYS-2011_PARIS_CAROUSSEL1.jpg?fit=389%2C106&ssl=1","featured_image_src":"https:\/\/i0.wp.com\/joyana.fr\/wp-content\/uploads\/old\/DESIGNERS-DAYS-2011_PARIS_CAROUSSEL1.jpg?resize=600%2C320&ssl=1","featured_image_src_square":"https:\/\/i0.wp.com\/joyana.fr\/wp-content\/uploads\/old\/DESIGNERS-DAYS-2011_PARIS_CAROUSSEL1.jpg?resize=600%2C320&ssl=1","jetpack_featured_media_url":"https:\/\/i0.wp.com\/joyana.fr\/wp-content\/uploads\/old\/DESIGNERS-DAYS-2011_PARIS_CAROUSSEL1.jpg?fit=1170%2C320&ssl=1","uagb_featured_image_src":{"full":["https:\/\/i0.wp.com\/joyana.fr\/wp-content\/uploads\/old\/DESIGNERS-DAYS-2011_PARIS_CAROUSSEL1.jpg?fit=1170%2C320&ssl=1",1170,320,false],"thumbnail":["https:\/\/i0.wp.com\/joyana.fr\/wp-content\/uploads\/old\/DESIGNERS-DAYS-2011_PARIS_CAROUSSEL1.jpg?resize=150%2C150&ssl=1",150,150,true],"medium":["https:\/\/i0.wp.com\/joyana.fr\/wp-content\/uploads\/old\/DESIGNERS-DAYS-2011_PARIS_CAROUSSEL1.jpg?fit=389%2C106&ssl=1",389,106,true],"medium_large":["https:\/\/i0.wp.com\/joyana.fr\/wp-content\/uploads\/old\/DESIGNERS-DAYS-2011_PARIS_CAROUSSEL1.jpg?fit=768%2C210&ssl=1",768,210,true],"large":["https:\/\/i0.wp.com\/joyana.fr\/wp-content\/uploads\/old\/DESIGNERS-DAYS-2011_PARIS_CAROUSSEL1.jpg?fit=1024%2C280&ssl=1",1024,280,true],"1536x1536":["https:\/\/i0.wp.com\/joyana.fr\/wp-content\/uploads\/old\/DESIGNERS-DAYS-2011_PARIS_CAROUSSEL1.jpg?fit=1170%2C320&ssl=1",1170,320,true],"2048x2048":["https:\/\/i0.wp.com\/joyana.fr\/wp-content\/uploads\/old\/DESIGNERS-DAYS-2011_PARIS_CAROUSSEL1.jpg?fit=1170%2C320&ssl=1",1170,320,true],"featured-thumb":["https:\/\/i0.wp.com\/joyana.fr\/wp-content\/uploads\/old\/DESIGNERS-DAYS-2011_PARIS_CAROUSSEL1.jpg?resize=1170%2C320&ssl=1",1170,320,true],"ab-block-post-grid-landscape":["https:\/\/i0.wp.com\/joyana.fr\/wp-content\/uploads\/old\/DESIGNERS-DAYS-2011_PARIS_CAROUSSEL1.jpg?resize=600%2C320&ssl=1",600,320,true],"ab-block-post-grid-square":["https:\/\/i0.wp.com\/joyana.fr\/wp-content\/uploads\/old\/DESIGNERS-DAYS-2011_PARIS_CAROUSSEL1.jpg?resize=600%2C320&ssl=1",600,320,true],"author-pro-image":["https:\/\/i0.wp.com\/joyana.fr\/wp-content\/uploads\/old\/DESIGNERS-DAYS-2011_PARIS_CAROUSSEL1.jpg?resize=360%2C320&ssl=1",360,320,true],"slider":["https:\/\/i0.wp.com\/joyana.fr\/wp-content\/uploads\/old\/DESIGNERS-DAYS-2011_PARIS_CAROUSSEL1.jpg?resize=920%2C320&ssl=1",920,320,true],"woocommerce_thumbnail":["https:\/\/i0.wp.com\/joyana.fr\/wp-content\/uploads\/old\/DESIGNERS-DAYS-2011_PARIS_CAROUSSEL1.jpg?resize=450%2C320&ssl=1",450,320,true],"woocommerce_single":["https:\/\/i0.wp.com\/joyana.fr\/wp-content\/uploads\/old\/DESIGNERS-DAYS-2011_PARIS_CAROUSSEL1.jpg?fit=920%2C252&ssl=1",920,252,true],"woocommerce_gallery_thumbnail":["https:\/\/i0.wp.com\/joyana.fr\/wp-content\/uploads\/old\/DESIGNERS-DAYS-2011_PARIS_CAROUSSEL1.jpg?resize=180%2C180&ssl=1",180,180,true],"sow-carousel-default":["https:\/\/i0.wp.com\/joyana.fr\/wp-content\/uploads\/old\/DESIGNERS-DAYS-2011_PARIS_CAROUSSEL1.jpg?resize=272%2C182&ssl=1",272,182,true]},"uagb_author_info":{"display_name":"Jo Yana","author_link":"https:\/\/joyana.fr\/ja\/author\/joyana\/"},"uagb_comment_info":7,"uagb_excerpt":"Deco-Design fait ses valises pour un week-end parisien &hellip;","coauthors":[],"tax_additional":{"categories":{"linked":["<a href=\"https:\/\/joyana.fr\/ja\/category\/a-la-une\/\" class=\"advgb-post-tax-term\">A la une !!!<\/a>","<a href=\"https:\/\/joyana.fr\/ja\/category\/deco-design\/actualite\/actualite-deco-design\/\" class=\"advgb-post-tax-term\">Actualit\u00e9 D\u00e9co-Design<\/a>","<a href=\"https:\/\/joyana.fr\/ja\/category\/deco-design\/actualite\/salon\/designers-days\/\" class=\"advgb-post-tax-term\">D&#039;DAYS<\/a>","<a href=\"https:\/\/joyana.fr\/ja\/category\/deco-design\/\" class=\"advgb-post-tax-term\">DECO-DESIGN<\/a>"],"unlinked":["<span class=\"advgb-post-tax-term\">A la une !!!<\/span>","<span class=\"advgb-post-tax-term\">Actualit\u00e9 D\u00e9co-Design<\/span>","<span class=\"advgb-post-tax-term\">D&#039;DAYS<\/span>","<span class=\"advgb-post-tax-term\">DECO-DESIGN<\/span>"]},"tags":{"linked":["<a href=\"https:\/\/joyana.fr\/ja\/category\/deco-design\/\" class=\"advgb-post-tax-term\">Blog D\u00e9co-Design<\/a>","<a href=\"https:\/\/joyana.fr\/ja\/category\/deco-design\/\" class=\"advgb-post-tax-term\">Salons design<\/a>","<a href=\"https:\/\/joyana.fr\/ja\/category\/deco-design\/\" class=\"advgb-post-tax-term\">Showroom<\/a>"],"unlinked":["<span class=\"advgb-post-tax-term\">Blog D\u00e9co-Design<\/span>","<span class=\"advgb-post-tax-term\">Salons design<\/span>","<span class=\"advgb-post-tax-term\">Showroom<\/span>"]}},"comment_count":7,"relative_dates":{"created":"Posted 15\u5e74 ago","modified":"Updated 15\u5e74 ago"},"absolute_dates":{"created":"Posted on 17 6\u6708 2011","modified":"Updated on 17 6\u6708 2011"},"absolute_dates_time":{"created":"Posted on 17 6\u6708 2011 6:27","modified":"Updated on 17 6\u6708 2011 6:27"},"featured_img_caption":"","series_order":"","jetpack_sharing_enabled":true,"jetpack_shortlink":"https:\/\/wp.me\/p9bteI-rPI","jetpack-related-posts":[],"_links":{"self":[{"href":"https:\/\/joyana.fr\/ja\/wp-json\/wp\/v2\/posts\/106994","targetHints":{"allow":["GET"]}}],"collection":[{"href":"https:\/\/joyana.fr\/ja\/wp-json\/wp\/v2\/posts"}],"about":[{"href":"https:\/\/joyana.fr\/ja\/wp-json\/wp\/v2\/types\/post"}],"author":[{"embeddable":true,"href":"https:\/\/joyana.fr\/ja\/wp-json\/wp\/v2\/users\/3"}],"replies":[{"embeddable":true,"href":"https:\/\/joyana.fr\/ja\/wp-json\/wp\/v2\/comments?post=106994"}],"version-history":[{"count":0,"href":"https:\/\/joyana.fr\/ja\/wp-json\/wp\/v2\/posts\/106994\/revisions"}],"wp:featuredmedia":[{"embeddable":true,"href":"https:\/\/joyana.fr\/ja\/wp-json\/wp\/v2\/media\/107106"}],"wp:attachment":[{"href":"https:\/\/joyana.fr\/ja\/wp-json\/wp\/v2\/media?parent=106994"}],"wp:term":[{"taxonomy":"category","embeddable":true,"href":"https:\/\/joyana.fr\/ja\/wp-json\/wp\/v2\/categories?post=106994"},{"taxonomy":"post_tag","embeddable":true,"href":"https:\/\/joyana.fr\/ja\/wp-json\/wp\/v2\/tags?post=106994"}],"curies":[{"name":"wp","href":"https:\/\/api.w.org\/{rel}","templated":true}]}}